{"id":71099,"date":"2023-11-20T18:44:01","date_gmt":"2023-11-20T16:44:01","guid":{"rendered":"https:\/\/www.mes-allocs.fr\/guides\/?p=71099"},"modified":"2025-02-28T16:44:08","modified_gmt":"2025-02-28T14:44:08","slug":"invalidite-categorie-1","status":"publish","type":"post","link":"https:\/\/www.mes-allocs.fr\/guides\/pension-invalidite\/categorie-pension-invalidite\/invalidite-categorie-1\/","title":{"rendered":"Pension d&rsquo;invalidit\u00e9 de cat\u00e9gorie 1 : conditions, montants, d\u00e9marches"},"content":{"rendered":"<p><img loading=\"lazy\" decoding=\"async\" class=\"alignnone wp-image-71102 size-full\" title=\"pension invalidite categorie\" src=\"https:\/\/www.mes-allocs.fr\/guides\/wp-content\/uploads\/2023\/11\/pension-invalidite-categorie-1-e1700498845937.jpg\" alt=\"pension invalidite categorie\" width=\"1280\" height=\"310\" srcset=\"https:\/\/www.mes-allocs.fr\/guides\/wp-content\/uploads\/2023\/11\/pension-invalidite-categorie-1-e1700498845937.jpg 1280w, https:\/\/www.mes-allocs.fr\/guides\/wp-content\/uploads\/2023\/11\/pension-invalidite-categorie-1-e1700498845937-300x73.jpg 300w, https:\/\/www.mes-allocs.fr\/guides\/wp-content\/uploads\/2023\/11\/pension-invalidite-categorie-1-e1700498845937-1024x248.jpg 1024w, https:\/\/www.mes-allocs.fr\/guides\/wp-content\/uploads\/2023\/11\/pension-invalidite-categorie-1-e1700498845937-768x186.jpg 768w, https:\/\/www.mes-allocs.fr\/guides\/wp-content\/uploads\/2023\/11\/pension-invalidite-categorie-1-e1700498845937-600x145.jpg 600w\" sizes=\"auto, (max-width: 1280px) 100vw, 1280px\" \/><\/p>\n<p><strong>La <a href=\"https:\/\/www.mes-allocs.fr\/guides\/pension-invalidite\/\">pension d&rsquo;invalidit\u00e9<\/a> de cat\u00e9gorie 1 repr\u00e9sente une aide financi\u00e8re accord\u00e9e par la S\u00e9curit\u00e9 sociale aux assur\u00e9s pr\u00e9sentant une invalidit\u00e9 r\u00e9duisant partiellement leur capacit\u00e9 de travail. Elle vise \u00e0 compenser cette perte de revenus. Explorons les conditions, les montants ainsi que les d\u00e9marches n\u00e9cessaires pour acc\u00e9der \u00e0 cette pension.<\/strong><\/p>\n<div class='cta-block'><div class='text'>Simulez toutes vos aides en 2 min.<\/div><a href='https:\/\/www.mes-allocs.fr\/ab-app?origin=guides\/wp-json\/wp\/v2\/posts\/71099' class='app-button fit'>Simulation gratuite<\/a><\/div>\n<h1>Qu&rsquo;est-ce que la pension d&rsquo;invalidit\u00e9 de cat\u00e9gorie 1 ?<\/h1>\n<h2>D\u00e9finition pr\u00e9cise de l&rsquo;invalidit\u00e9 de cat\u00e9gorie 1<\/h2>\n<p>En France, il existe plusieurs <a href=\"https:\/\/www.mes-allocs.fr\/guides\/pension-invalidite\/categorie-pension-dinvalidite\/\">cat\u00e9gories de pension d\u2019invalidit\u00e9<\/a>, chacune correspondant \u00e0 un niveau d\u2019invalidit\u00e9 diff\u00e9rent. L\u2019invalidit\u00e9 de cat\u00e9gorie 1 est, elle, d\u00e9finie comme suit :<\/p>\n<ol>\n<li><strong>Perte de capacit\u00e9 de travail :<\/strong> une personne est consid\u00e9r\u00e9e invalide de cat\u00e9gorie 1 lorsqu\u2019elle a perdu au moins deux tiers de sa capacit\u00e9 de travail. Cette perte est souvent \u00e9valu\u00e9e en tenant compte de la capacit\u00e9 \u00e0 exercer l\u2019activit\u00e9 professionnelle pour laquelle elle est form\u00e9e ou, si ce n&rsquo;est pas possible, de toute autre activit\u00e9 professionnelle adapt\u00e9e \u00e0 ses capacit\u00e9s restantes.<\/li>\n<li><strong>\u00c9tat de sant\u00e9 :<\/strong> le diagnostic m\u00e9dical doit confirmer que l&rsquo;incapacit\u00e9 de travail est permanente. Le taux d&rsquo;incapacit\u00e9 est \u00e9valu\u00e9 par un m\u00e9decin, qui prend en compte la gravit\u00e9 de la maladie ou de l&rsquo;accident ayant conduit \u00e0 l&rsquo;invalidit\u00e9.<\/li>\n<li><strong>Capacit\u00e9 \u00e0 accomplir les actes quotidiens :<\/strong> contrairement \u00e0 l&rsquo;invalidit\u00e9 de cat\u00e9gorie 2, une personne reconnue invalide de cat\u00e9gorie 1 peut encore \u00eatre capable d\u2019accomplir seule les actes essentiels de la vie quotidienne (se laver, se nourrir, s&rsquo;habiller, etc.). L&rsquo;invalidit\u00e9 de cat\u00e9gorie 1 ne suppose pas n\u00e9cessairement le besoin d&rsquo;une aide ext\u00e9rieure pour les t\u00e2ches quotidiennes.<\/li>\n<\/ol>\n<h2>Sp\u00e9cificit\u00e9s de l&rsquo;invalidit\u00e9 de cat\u00e9gorie 1<\/h2>\n<p>Les sp\u00e9cificit\u00e9s de l&rsquo;invalidit\u00e9 de cat\u00e9gorie 1 incluent :<\/p>\n<ol>\n<li><strong>Allocation et indemnit\u00e9s :<\/strong> les personnes reconnues invalide de cat\u00e9gorie 1 peuvent b\u00e9n\u00e9ficier d&rsquo;indemnit\u00e9s et d&rsquo;allocations sp\u00e9cifiques, telles que l&rsquo;Allocation aux Adultes Handicap\u00e9s (AAH) ou une pension d\u2019invalidit\u00e9. Ces prestations visent \u00e0 compenser la perte de revenu li\u00e9e \u00e0 la r\u00e9duction de la capacit\u00e9 de travail.<\/li>\n<li><strong>\u00c9valuation r\u00e9guli\u00e8re :<\/strong> l&rsquo;\u00e9valuation m\u00e9dicale est un aspect cl\u00e9 de la reconnaissance de l&rsquo;invalidit\u00e9 de cat\u00e9gorie 1. La personne doit r\u00e9guli\u00e8rement faire l&rsquo;objet d&rsquo;examens m\u00e9dicaux pour confirmer le maintien de son \u00e9tat d&rsquo;invalidit\u00e9. Les droits et prestations peuvent \u00eatre r\u00e9vis\u00e9s en fonction de l&rsquo;\u00e9volution de son \u00e9tat de sant\u00e9.<\/li>\n<li><strong>Adaptation professionnelle :<\/strong> bien que la personne soit reconnue invalide, elle peut encore \u00eatre apte \u00e0 exercer une activit\u00e9 professionnelle adapt\u00e9e \u00e0 ses capacit\u00e9s restantes. Cela signifie qu\u2019elle peut \u00eatre en mesure de travailler dans un autre domaine ou un autre poste qui prend en compte ses limitations physiques ou mentales.<\/li>\n<\/ol>\n<h2>Diff\u00e9rences avec les autres cat\u00e9gories d&rsquo;invalidit\u00e9<\/h2>\n<p>L\u2019invalidit\u00e9 de cat\u00e9gorie 1 se distingue des autres cat\u00e9gories d&rsquo;invalidit\u00e9 principalement par le degr\u00e9 d&rsquo;incapacit\u00e9 et les besoins en assistance :<\/p>\n<ol>\n<li><strong>Cat\u00e9gorie 2 :<\/strong> l&rsquo;<a href=\"https:\/\/www.mes-allocs.fr\/guides\/pension-invalidite\/categorie-pension-invalidite\/invalidite-categorie-2\/\">invalidit\u00e9 de cat\u00e9gorie 2<\/a> concerne des personnes qui, bien qu\u2019ayant perdu au moins deux tiers de leur capacit\u00e9 de travail, n\u00e9cessitent \u00e9galement l&rsquo;aide d&rsquo;une tierce personne pour accomplir les actes essentiels de la vie quotidienne. Ce degr\u00e9 d&rsquo;incapacit\u00e9 est plus \u00e9lev\u00e9 que celui de la cat\u00e9gorie 1, impliquant souvent une assistance r\u00e9guli\u00e8re pour les t\u00e2ches quotidiennes.<\/li>\n<li><strong>Cat\u00e9gorie 3 :<\/strong> l&rsquo;<a href=\"https:\/\/www.mes-allocs.fr\/guides\/pension-invalidite\/categorie-pension-invalidite\/invalidite-categorie-3\/\">invalidit\u00e9 de cat\u00e9gorie 3<\/a> est r\u00e9serv\u00e9e aux personnes qui sont totalement invalides, n\u00e9cessitant une aide permanente pour toutes les activit\u00e9s de la vie quotidienne. Ces personnes sont souvent dans une situation de d\u00e9pendance compl\u00e8te et peuvent n\u00e9cessiter une surveillance constante.<\/li>\n<\/ol>\n<h1>Quelles sont les conditions pour l&rsquo;attribution de la pension d&rsquo;invalidit\u00e9 de cat\u00e9gorie 1 ?<\/h1>\n<h2>Quels sont les crit\u00e8res m\u00e9dicaux et incapacit\u00e9s fonctionnelles ?<\/h2>\n<p>La pension d&rsquo;invalidit\u00e9 de cat\u00e9gorie 1 est octroy\u00e9e aux assur\u00e9s pr\u00e9sentant une incapacit\u00e9 de travail d&rsquo;au moins 2\/3, r\u00e9sultant d&rsquo;une maladie ou d&rsquo;un accident non professionnel. Cette cat\u00e9gorie concerne les individus dont l&rsquo;invalidit\u00e9 r\u00e9duit partiellement leur capacit\u00e9 \u00e0 exercer une activit\u00e9 professionnelle.<\/p>\n<h2>Quelles sont les conditions administratives et la dur\u00e9e minimale de cotisation ?<\/h2>\n<p>Pour \u00eatre \u00e9ligible \u00e0 la pension d\u2019invalidit\u00e9 de cat\u00e9gorie 1, l&rsquo;assur\u00e9 doit remplir les crit\u00e8res d&rsquo;invalidit\u00e9 sp\u00e9cifi\u00e9s pr\u00e9c\u00e9demment. De plus, il doit \u00eatre affili\u00e9 \u00e0 la S\u00e9curit\u00e9 sociale depuis au moins 12 mois \u00e0 compter du premier jour de l\u2019arr\u00eat de travail pour une maladie invalidante ou de la constatation de son invalidit\u00e9.<\/p>\n<p>En outre, l&rsquo;assur\u00e9 doit r\u00e9pondre \u00e0 au moins l&rsquo;une des deux conditions suivantes :<\/p>\n<ul>\n<li>Avoir cotis\u00e9 sur la base d&rsquo;une r\u00e9mun\u00e9ration au moins \u00e9quivalente \u00e0 2030 fois le SMIC horaire au cours des 12 mois civils pr\u00e9c\u00e9dant l&rsquo;arr\u00eat de travail.<\/li>\n<li>Justifier d\u2019au moins 600 heures de travail effectu\u00e9es durant les 12 mois pr\u00e9c\u00e9dant l&rsquo;interruption de travail ou la constatation de l&rsquo;\u00e9tat d&rsquo;invalidit\u00e9.<\/li>\n<\/ul>\n<p>&nbsp;<\/p>\n<h1>Quels sont les montants de la pension d&rsquo;invalidit\u00e9 de cat\u00e9gorie 1 ?<\/h1>\n<h2>L&rsquo;\u00e9chelle des montants en fonction du degr\u00e9 d&rsquo;invalidit\u00e9<\/h2>\n<p>La pension d\u2019invalidit\u00e9 est calcul\u00e9e selon le revenu annuel brut moyen des 10 meilleures ann\u00e9es d&rsquo;activit\u00e9 professionnelle. Au 1<sup>er<\/sup> janvier 2024, le plafond annuel de la S\u00e9curit\u00e9 sociale (PASS) passe \u00e0 47 100 \u20ac et le plafond mensuel \u00e0 3 925 \u20ac.<\/p>\n<p>Pour la cat\u00e9gorie 1 d&rsquo;invalidit\u00e9, le taux appliqu\u00e9 est de 30 % du revenu annuel moyen. Malgr\u00e9 cela, il existe un montant plancher de 328,07 \u20ac et un plafond maximal de 1 159,20 \u20ac pour la pension d\u2019invalidit\u00e9.<\/p>\n<p>Voici \u00a0un tableau r\u00e9capitulatif des montants :<\/p>\n\n<div class=\"wpdt-c row wpDataTableContainerSimpleTable wpDataTables wpDataTablesWrapper\n\"\n    >\n    <table id=\"wpdtSimpleTable-481\"\n           class=\"wpdtSimpleTable wpDataTable\"\n           data-column=\"3\"\n           data-rows=\"4\"\n           data-wpID=\"481\"\n           data-responsive=\"0\"\n           data-has-header=\"1\">\n\n                    <thead>        <tr class=\"wpdt-cell-row \" >\n                            <th class=\"wpdt-cell wpdt-bc-F3F9FE wpdt-bold\"\n                                    data-cell-id=\"A1\"\n                data-col-index=\"0\"\n                data-row-index=\"0\"\n                style=\" width:33.062880324544%;                padding:10px;\"\n                >\n                                Cat\u00e9gorie d'invalidit\u00e9                <\/th>\n                                            <th class=\"wpdt-cell wpdt-bc-F3F9FE wpdt-bold\"\n                                    data-cell-id=\"B1\"\n                data-col-index=\"1\"\n                data-row-index=\"0\"\n                style=\" width:36.511156186613%;                padding:10px;\"\n                >\n                                % du salaire annuel moyen                <\/th>\n                                            <th class=\"wpdt-cell wpdt-bc-F3F9FE wpdt-bold\"\n                                    data-cell-id=\"C1\"\n                data-col-index=\"2\"\n                data-row-index=\"0\"\n                style=\" width:30.425963488844%;                padding:10px;\"\n                >\n                                Montant mensuel minimum et maximum                <\/th>\n                                        <\/tr>\n                    <tbody>        <tr class=\"wpdt-cell-row \" >\n                            <td class=\"wpdt-cell \"\n                                    data-cell-id=\"A2\"\n                data-col-index=\"0\"\n                data-row-index=\"1\"\n                style=\"                padding:10px;\"\n                >\n                                1                <\/td>\n                                            <td class=\"wpdt-cell \"\n                                    data-cell-id=\"B2\"\n                data-col-index=\"1\"\n                data-row-index=\"1\"\n                style=\"                padding:10px;\"\n                >\n                                30 %                <\/td>\n                                            <td class=\"wpdt-cell \"\n                                    data-cell-id=\"C2\"\n                data-col-index=\"2\"\n                data-row-index=\"1\"\n                style=\"                padding:10px;\"\n                >\n                                De 335,29 \u20ac \u00e0 1 177,50 \u20ac                <\/td>\n                                        <\/tr>\n                            <tr class=\"wpdt-cell-row \" >\n                            <td class=\"wpdt-cell \"\n                                    data-cell-id=\"A3\"\n                data-col-index=\"0\"\n                data-row-index=\"2\"\n                style=\"                padding:10px;\"\n                >\n                                2                <\/td>\n                                            <td class=\"wpdt-cell \"\n                                    data-cell-id=\"B3\"\n                data-col-index=\"1\"\n                data-row-index=\"2\"\n                style=\"                padding:10px;\"\n                >\n                                50 %                <\/td>\n                                            <td class=\"wpdt-cell \"\n                                    data-cell-id=\"C3\"\n                data-col-index=\"2\"\n                data-row-index=\"2\"\n                style=\"                padding:10px;\"\n                >\n                                De 335,29 \u20ac \u00e0 1 962,50 \u20ac                <\/td>\n                                        <\/tr>\n                            <tr class=\"wpdt-cell-row \" >\n                            <td class=\"wpdt-cell \"\n                                    data-cell-id=\"A4\"\n                data-col-index=\"0\"\n                data-row-index=\"3\"\n                style=\"                padding:10px;\"\n                >\n                                3                <\/td>\n                                            <td class=\"wpdt-cell \"\n                                    data-cell-id=\"B4\"\n                data-col-index=\"1\"\n                data-row-index=\"3\"\n                style=\"                padding:10px;\"\n                >\n                                50 % + la majoration pour tierce personne                <\/td>\n                                            <td class=\"wpdt-cell \"\n                                    data-cell-id=\"C4\"\n                data-col-index=\"2\"\n                data-row-index=\"3\"\n                style=\"                padding:10px;\"\n                >\n                                De 1 623,42 \u20ac \u00e0 3 250,63 \u20ac                <\/td>\n                                        <\/tr>\n                    <\/table>\n<\/div><style id='wpdt-custom-style-481'>\ntable#wpdtSimpleTable-481{ table-layout: fixed !important; }\ntable#wpdtSimpleTable-481 td, table.wpdtSimpleTable481 th { white-space: normal !important; }\n.wpdt-bc-F3F9FE { background-color: #F3F9FE !important;}\n<\/style>\n\n<h2>Les compl\u00e9ments possibles \u00e0 cette pension<\/h2>\n<p>En plus de la pension d&rsquo;invalidit\u00e9, des aides compl\u00e9mentaires peuvent \u00eatre accord\u00e9es, telles que des avantages fiscaux, une allocation suppl\u00e9mentaire d\u2019invalidit\u00e9 ou d\u2019autres aides sp\u00e9cifiques, selon la situation et les besoins de la personne en situation d\u2019invalidit\u00e9.<\/p>\n<p>En cas de besoin, un expert de l\u2019\u00e9quipe Mes Allocs peut <a href=\"https:\/\/www.mes-allocs.fr\/souscription\" target=\"_blank\" rel=\"noopener\">vous accompagner<\/a> dans ces d\u00e9marches pour vous faire gagner du temps et de l\u2019argent.<\/p>\n<p><iframe loading=\"lazy\" title=\"La pension d&#039;invalidit\u00e9\" width=\"500\" height=\"281\" src=\"https:\/\/www.youtube.com\/embed\/_UJaa1UDtZs?feature=oembed\" frameborder=\"0\" allow=\"accelerometer; autoplay; clipboard-write; encrypted-media; gyroscope; picture-in-picture; web-share\" referrerpolicy=\"strict-origin-when-cross-origin\" allowfullscreen><\/iframe><\/p>\n<h1>Quelles sont d\u00e9marches et proc\u00e9dures pour obtenir la pension d&rsquo;invalidit\u00e9 de cat\u00e9gorie 1 ?<\/h1>\n<h2>La constitution du dossier m\u00e9dical et administratif<\/h2>\n<p>La constitution du dossier implique la collecte des pi\u00e8ces m\u00e9dicales pertinentes : certificats m\u00e9dicaux, rapports d&rsquo;hospitalisation, examens compl\u00e9mentaires. Il est \u00e9galement n\u00e9cessaire de rassembler les documents administratifs tels que les relev\u00e9s de carri\u00e8re, les justificatifs de revenus, et de compl\u00e9ter le formulaire de demande de pension d&rsquo;invalidit\u00e9.<\/p>\n<h2>L&rsquo;\u00e9valuation m\u00e9dicale et d\u00e9cision de la S\u00e9curit\u00e9 sociale<\/h2>\n<p>Suite \u00e0 la r\u00e9ception du dossier, la S\u00e9curit\u00e9 sociale proc\u00e8de \u00e0 une \u00e9valuation m\u00e9dicale approfondie. Les m\u00e9decins-conseils examinent les pi\u00e8ces m\u00e9dicales pour \u00e9valuer le degr\u00e9 d&rsquo;invalidit\u00e9 et d\u00e9terminer l&rsquo;\u00e9ligibilit\u00e9 \u00e0 la pension de cat\u00e9gorie 1. La d\u00e9cision est communiqu\u00e9e \u00e0 l&rsquo;assur\u00e9 par courrier recommand\u00e9.<\/p>\n<h2>Les modalit\u00e9s de versement et renouvellement \u00e9ventuel<\/h2>\n<p>En cas d&rsquo;acceptation, la pension est vers\u00e9e mensuellement \u00e0 l&rsquo;assur\u00e9. La p\u00e9riodicit\u00e9 et les modalit\u00e9s de versement sont sp\u00e9cifi\u00e9es dans la notification de la d\u00e9cision. Par ailleurs, la pension d&rsquo;invalidit\u00e9 peut \u00eatre r\u00e9\u00e9valu\u00e9e p\u00e9riodiquement en fonction de l&rsquo;\u00e9volution de l&rsquo;\u00e9tat de sant\u00e9.<\/p>\n<div class='cta-block'><div class='text'>Simulez toutes vos aides en 2 min.<\/div><a href='https:\/\/www.mes-allocs.fr\/ab-app?origin=guides\/wp-json\/wp\/v2\/posts\/71099' class='app-button fit'>Simulation gratuite<\/a><\/div>\n<div class=\"relative flex w-[calc(100%-50px)] flex-col gizmo:w-full lg:w-[calc(100%-115px)]\">\n<div class=\"flex-col gap-1 md:gap-3\">\n<div class=\"flex flex-grow flex-col max-w-full gap-3 gizmo:gap-0\">\n<div class=\"min-h-[20px] text-message flex flex-col items-start gap-3 whitespace-pre-wrap break-words [.text-message+&amp;]:mt-5 overflow-x-auto\" data-message-author-role=\"user\" data-message-id=\"aaa2c52b-a511-452a-8b25-fbc9c82aef4a\">\n<h1>Quelle est la dur\u00e9e d\u2019attribution de l\u2019invalidit\u00e9 de cat\u00e9gorie 1 et de la pension ?<\/h1>\n<h2>L&rsquo;atteinte de l&rsquo;\u00e2ge l\u00e9gal de la retraite<\/h2>\n<p>Lorsque vous atteignez l\u2019\u00e2ge l\u00e9gal de la retraite, votre pension de retraite remplace g\u00e9n\u00e9ralement la pension d\u2019invalidit\u00e9. Cependant, si vous continuez \u00e0 travailler apr\u00e8s cet \u00e2ge, votre pension d\u2019invalidit\u00e9 peut persister jusqu\u2019\u00e0 votre demande de retraite. Une fois que vous aurez atteint l\u2019\u00e2ge de la retraite \u00e0 taux plein, la pension de retraite prendra automatiquement le relais.<\/p>\n<h2>La reprise d\u2019activit\u00e9<\/h2>\n<p>En reprenant une activit\u00e9 professionnelle, votre pension d\u2019invalidit\u00e9 peut \u00eatre maintenue \u00e0 condition que vos revenus ne d\u00e9passent pas la limite du PASS (Plafond Annuel de la S\u00e9curit\u00e9 Sociale) pendant 6 mois cons\u00e9cutifs. Au-del\u00e0, elle peut \u00eatre temporairement suspendue.<\/p>\n<h2>L&rsquo;\u00e9volution de l&rsquo;\u00e9tat de sant\u00e9<\/h2>\n<p>Si le m\u00e9decin-conseil estime que votre \u00e9tat de sant\u00e9 a \u00e9volu\u00e9, vous pouvez \u00eatre reclass\u00e9 dans une autre cat\u00e9gorie d&rsquo;invalidit\u00e9 (2 ou 3) ou d\u00e9class\u00e9 si votre situation s&rsquo;am\u00e9liore. Dans ces cas, le montant de votre pension d\u2019invalidit\u00e9 sera r\u00e9vis\u00e9 en cons\u00e9quence.<\/p>\n<h1>Peut-on cumuler la pension d\u2019invalidit\u00e9 1 avec d\u2019autres revenus ?<\/h1>\n<p>Il est envisageable de cumuler la pension d\u2019invalidit\u00e9 de cat\u00e9gorie 1 avec d&rsquo;autres revenus et aides, permettant ainsi d&rsquo;att\u00e9nuer la perte de salaire li\u00e9e \u00e0 l&rsquo;invalidit\u00e9.<\/p>\n<h2>Une activit\u00e9 professionnelle salari\u00e9e ou entrepreneuriale et la pension de retraite<\/h2>\n<p>Il est possible de travailler tout en percevant la pension d\u2019invalidit\u00e9, \u00e0 condition que les revenus tir\u00e9s de cette activit\u00e9 restent dans les limites du PASS (Plafond Annuel de la S\u00e9curit\u00e9 Sociale).<\/p>\n<p>Le cumul entre la pension d\u2019invalidit\u00e9 et celle de retraite n&rsquo;est possible que si vous \u00eates demandeur d\u2019emploi au moment de votre retraite et si vous justifiez de 6 mois d&rsquo;activit\u00e9 professionnelle pr\u00e9c\u00e9dant ce d\u00e9part \u00e0 la retraite.<\/p>\n<h2>Les aides compl\u00e9mentaires<\/h2>\n<p>Plusieurs aides financi\u00e8res peuvent \u00eatre cumul\u00e9es avec la pension d\u2019invalidit\u00e9 :<\/p>\n<ul>\n<li>L&rsquo;allocation ch\u00f4mage (ARE).<\/li>\n<li>L&rsquo;allocation suppl\u00e9mentaire d\u2019invalidit\u00e9 (ASI) pour les revenus modestes.<\/li>\n<li>L&rsquo;Allocation aux Adultes Handicap\u00e9s (AAH) sous r\u00e9serve que le montant de la pension d\u2019invalidit\u00e9 n&rsquo;exc\u00e8de pas celui de l\u2019AAH.<\/li>\n<\/ul>\n<p>Il est \u00e9galement possible de cumuler diff\u00e9rentes pensions d\u2019invalidit\u00e9, pour autant qu\u2019elles proviennent de sources distinctes et ne d\u00e9coulent pas du m\u00eame motif d&rsquo;invalidit\u00e9.<\/p>\n<p><em>Par exemple : une pension d\u2019invalidit\u00e9 agricole peut \u00eatre cumul\u00e9e avec celle vers\u00e9e par la CPAM, sous r\u00e9serve de conditions sp\u00e9cifiques, tout comme une rente per\u00e7ue via un contrat de pr\u00e9voyance. De m\u00eame, une pension d\u2019invalidit\u00e9 militaire peut \u00eatre cumul\u00e9e avec d&rsquo;autres pensions sous certaines conditions.<\/em><\/p>\n<div class='cta-block'><div class='text'>Simulez toutes vos aides en 2 min.<\/div><a href='https:\/\/www.mes-allocs.fr\/ab-app?origin=guides\/wp-json\/wp\/v2\/posts\/71099' class='app-button fit'>Simulation gratuite<\/a><\/div>\n<\/div>\n<\/div>\n<\/div>\n<\/div>\n","protected":false},"excerpt":{"rendered":"<p>La pension d&rsquo;invalidit\u00e9 de cat\u00e9gorie 1 repr\u00e9sente une aide financi\u00e8re accord\u00e9e par la S\u00e9curit\u00e9 sociale aux assur\u00e9s pr\u00e9sentant une invalidit\u00e9 r\u00e9duisant partiellement leur capacit\u00e9 de travail. Elle vise \u00e0 compenser cette perte de revenus. Explorons les conditions, les montants ainsi que les d\u00e9marches n\u00e9cessaires pour acc\u00e9der \u00e0 cette pension. Qu&rsquo;est-ce que la pension d&rsquo;invalidit\u00e9 de [&hellip;]<\/p>\n","protected":false},"author":26,"featured_media":71104,"comment_status":"closed","ping_status":"open","sticky":false,"template":"","format":"standard","meta":{"amp_status":"","footnotes":""},"categories":[35897,35633],"tags":[],"class_list":["post-71099","post","type-post","status-publish","format-standard","has-post-thumbnail","hentry","category-categorie-pension-invalidite","category-pension-invalidite"],"yoast_head":"<!-- This site is optimized with the Yoast SEO plugin v14.9 - https:\/\/yoast.com\/wordpress\/plugins\/seo\/ -->\n<title>Pension d&#039;invalidit\u00e9 de cat\u00e9gorie 1 : conditions, montants, d\u00e9marches<\/title>\n<meta name=\"description\" content=\"La pension d&#039;invalidit\u00e9 de cat\u00e9gorie 1 repr\u00e9sente une aide financi\u00e8re accord\u00e9e par la S\u00e9curit\u00e9 sociale aux assur\u00e9s pr\u00e9sentant une invalidit\u00e9.\" \/>\n<meta name=\"robots\" content=\"index, follow, max-snippet:-1, max-image-preview:large, max-video-preview:-1\" \/>\n<link rel=\"canonical\" href=\"https:\/\/www.mes-allocs.fr\/guides\/pension-invalidite\/categorie-pension-invalidite\/invalidite-categorie-1\/\" \/>\n<meta property=\"og:locale\" content=\"fr_FR\" \/>\n<meta property=\"og:type\" content=\"article\" \/>\n<meta property=\"og:title\" content=\"Pension d&#039;invalidit\u00e9 de cat\u00e9gorie 1 : conditions, montants, d\u00e9marches\" \/>\n<meta property=\"og:description\" content=\"La pension d&#039;invalidit\u00e9 de cat\u00e9gorie 1 repr\u00e9sente une aide financi\u00e8re accord\u00e9e par la S\u00e9curit\u00e9 sociale aux assur\u00e9s pr\u00e9sentant une invalidit\u00e9.\" \/>\n<meta property=\"og:url\" content=\"https:\/\/www.mes-allocs.fr\/guides\/pension-invalidite\/categorie-pension-invalidite\/invalidite-categorie-1\/\" \/>\n<meta property=\"og:site_name\" content=\"Mes-Allocs.fr\" \/>\n<meta property=\"article:published_time\" content=\"2023-11-20T16:44:01+00:00\" \/>\n<meta property=\"article:modified_time\" content=\"2025-02-28T14:44:08+00:00\" \/>\n<meta property=\"og:image\" content=\"https:\/\/www.mes-allocs.fr\/guides\/wp-content\/uploads\/2023\/11\/Pension-invalidite-categorie-1-.jpg?wsr\" \/>\n\t<meta property=\"og:image:width\" content=\"590\" \/>\n\t<meta property=\"og:image:height\" content=\"534\" \/>\n<meta name=\"twitter:card\" content=\"summary_large_image\" \/>\n<script type=\"application\/ld+json\" class=\"yoast-schema-graph\">{\"@context\":\"https:\/\/schema.org\",\"@graph\":[{\"@type\":\"WebSite\",\"@id\":\"https:\/\/www.mes-allocs.fr\/guides\/#website\",\"url\":\"https:\/\/www.mes-allocs.fr\/guides\/\",\"name\":\"Mes-Allocs.fr\",\"description\":\"\",\"potentialAction\":[{\"@type\":\"SearchAction\",\"target\":\"https:\/\/www.mes-allocs.fr\/guides\/?s={search_term_string}\",\"query-input\":\"required name=search_term_string\"}],\"inLanguage\":\"fr-FR\"},{\"@type\":\"ImageObject\",\"@id\":\"https:\/\/www.mes-allocs.fr\/guides\/pension-invalidite\/categorie-pension-invalidite\/invalidite-categorie-1\/#primaryimage\",\"inLanguage\":\"fr-FR\",\"url\":\"https:\/\/www.mes-allocs.fr\/guides\/wp-content\/uploads\/2023\/11\/Pension-invalidite-categorie-1-.jpg?wsr\",\"width\":590,\"height\":534,\"caption\":\"montant pension invalidit\\u00e9\"},{\"@type\":\"WebPage\",\"@id\":\"https:\/\/www.mes-allocs.fr\/guides\/pension-invalidite\/categorie-pension-invalidite\/invalidite-categorie-1\/#webpage\",\"url\":\"https:\/\/www.mes-allocs.fr\/guides\/pension-invalidite\/categorie-pension-invalidite\/invalidite-categorie-1\/\",\"name\":\"Pension d'invalidit\\u00e9 de cat\\u00e9gorie 1 : conditions, montants, d\\u00e9marches\",\"isPartOf\":{\"@id\":\"https:\/\/www.mes-allocs.fr\/guides\/#website\"},\"primaryImageOfPage\":{\"@id\":\"https:\/\/www.mes-allocs.fr\/guides\/pension-invalidite\/categorie-pension-invalidite\/invalidite-categorie-1\/#primaryimage\"},\"datePublished\":\"2023-11-20T16:44:01+00:00\",\"dateModified\":\"2025-02-28T14:44:08+00:00\",\"author\":{\"@id\":\"https:\/\/www.mes-allocs.fr\/guides\/#\/schema\/person\/9c38f3be41a0ddcd1e3fde5a3df713bf\"},\"description\":\"La pension d'invalidit\\u00e9 de cat\\u00e9gorie 1 repr\\u00e9sente une aide financi\\u00e8re accord\\u00e9e par la S\\u00e9curit\\u00e9 sociale aux assur\\u00e9s pr\\u00e9sentant une invalidit\\u00e9.\",\"inLanguage\":\"fr-FR\"},{\"@type\":\"Person\",\"@id\":\"https:\/\/www.mes-allocs.fr\/guides\/#\/schema\/person\/9c38f3be41a0ddcd1e3fde5a3df713bf\",\"name\":\"Sessime Ananou\",\"image\":{\"@type\":\"ImageObject\",\"@id\":\"https:\/\/www.mes-allocs.fr\/guides\/#personlogo\",\"inLanguage\":\"fr-FR\",\"url\":\"https:\/\/www.mes-allocs.fr\/guides\/wp-content\/uploads\/2023\/08\/IMG_8173-150x150.jpg\",\"caption\":\"Sessime Ananou\"},\"description\":\"Sessime est r\\u00e9dactrice chez Mes Allocs, sp\\u00e9cialis\\u00e9e sur le pouvoir d'achat. Elle rejoint l'\\u00e9quipe Mes Allocs en ao\\u00fbt 2023 afin de simplifier l'acc\\u00e8s \\u00e0 l'information sur les aides en g\\u00e9n\\u00e9ral.\"}]}<\/script>\n<!-- \/ Yoast SEO plugin. -->","amp_validity":null,"acf":{"faq":{"1":{"question":"Qui demande l'invalidit\u00e9 cat\u00e9gorie 1 ?","answer":"La pension d'invalidit\u00e9 de cat\u00e9gorie 1 vous est attribu\u00e9e s'il est reconnu que votre capacit\u00e9 de travail ou de gain est r\u00e9duite d'au moins 2\/3, soit 66 %. "},"2":{"question":"Qui doit faire la demande de pension d'invalidit\u00e9 ?","answer":"Elle peut \u00eatre demand\u00e9e par : le m\u00e9decin conseil. "},"3":{"question":"Comment monter un dossier de demande d'invalidit\u00e9 ?","answer":"Vous pouvez faire une demande d'invalidit\u00e9 en ligne depuis votre compte Ameli. "},"4":{"question":"Quels sont les avantages d'\u00eatre en invalidit\u00e9 cat\u00e9gorie 1 ?","answer":"Il est possible d'obtenir une pension d'invalidit\u00e9 pour compenser la perte de salaire d\u00fb \u00e0 cette incapacit\u00e9 au travail."},"5":{"question":"Quel est le temps de travail autorise pour une invalidit\u00e9 1\u00e8re cat\u00e9gorie ?","answer":"Vous devez justifier d'au moins 600 heures de travail au cours des 12 mois pr\u00e9c\u00e9dant l'interruption de travail ou la constatation de l'\u00e9tat d'invalidit\u00e9."},"6":{"question":"Quelle est la premi\u00e8re cause d'invalidit\u00e9 ?","answer":"La d\u00e9pression est la premi\u00e8re cause de morbidit\u00e9 et d'incapacit\u00e9 dans le monde. "},"7":{"question":"","answer":""},"8":{"question":"","answer":""},"9":{"question":"","answer":""},"10":{"question":"","answer":""},"11":{"question":"","answer":""},"12":{"question":"","answer":""},"13":{"question":"","answer":""},"14":{"question":"","answer":""},"15":{"question":"","answer":""},"16":{"question":"","answer":""}}},"_links":{"self":[{"href":"https:\/\/www.mes-allocs.fr\/guides\/wp-json\/wp\/v2\/posts\/71099","targetHints":{"allow":["GET"]}}],"collection":[{"href":"https:\/\/www.mes-allocs.fr\/guides\/wp-json\/wp\/v2\/posts"}],"about":[{"href":"https:\/\/www.mes-allocs.fr\/guides\/wp-json\/wp\/v2\/types\/post"}],"author":[{"embeddable":true,"href":"https:\/\/www.mes-allocs.fr\/guides\/wp-json\/wp\/v2\/users\/26"}],"replies":[{"embeddable":true,"href":"https:\/\/www.mes-allocs.fr\/guides\/wp-json\/wp\/v2\/comments?post=71099"}],"version-history":[{"count":17,"href":"https:\/\/www.mes-allocs.fr\/guides\/wp-json\/wp\/v2\/posts\/71099\/revisions"}],"predecessor-version":[{"id":94171,"href":"https:\/\/www.mes-allocs.fr\/guides\/wp-json\/wp\/v2\/posts\/71099\/revisions\/94171"}],"wp:featuredmedia":[{"embeddable":true,"href":"https:\/\/www.mes-allocs.fr\/guides\/wp-json\/wp\/v2\/media\/71104"}],"wp:attachment":[{"href":"https:\/\/www.mes-allocs.fr\/guides\/wp-json\/wp\/v2\/media?parent=71099"}],"wp:term":[{"taxonomy":"category","embeddable":true,"href":"https:\/\/www.mes-allocs.fr\/guides\/wp-json\/wp\/v2\/categories?post=71099"},{"taxonomy":"post_tag","embeddable":true,"href":"https:\/\/www.mes-allocs.fr\/guides\/wp-json\/wp\/v2\/tags?post=71099"}],"curies":[{"name":"wp","href":"https:\/\/api.w.org\/{rel}","templated":true}]}}