{"id":71082,"date":"2023-11-20T16:35:04","date_gmt":"2023-11-20T14:35:04","guid":{"rendered":"https:\/\/www.mes-allocs.fr\/guides\/?p=71082"},"modified":"2025-04-09T16:52:53","modified_gmt":"2025-04-09T14:52:53","slug":"liste-maladies-reconnues-pour-invalidite","status":"publish","type":"post","link":"https:\/\/www.mes-allocs.fr\/guides\/aide-par-situation\/aide-handicap\/liste-maladies-reconnues-pour-invalidite\/","title":{"rendered":"Quelles sont les maladies reconnues pour invalidit\u00e9 ?"},"content":{"rendered":"<p><img loading=\"lazy\" decoding=\"async\" class=\"alignnone wp-image-71086 size-full\" title=\"liste maladie reconnue pour invalidite\" src=\"https:\/\/www.mes-allocs.fr\/guides\/wp-content\/uploads\/2023\/11\/liste-maladie-reconnue-pour-invalidite-e1700489473990.jpg\" alt=\"liste maladie reconnue pour invalidite\" width=\"1280\" height=\"342\" srcset=\"https:\/\/www.mes-allocs.fr\/guides\/wp-content\/uploads\/2023\/11\/liste-maladie-reconnue-pour-invalidite-e1700489473990.jpg 1280w, https:\/\/www.mes-allocs.fr\/guides\/wp-content\/uploads\/2023\/11\/liste-maladie-reconnue-pour-invalidite-e1700489473990-300x80.jpg 300w, https:\/\/www.mes-allocs.fr\/guides\/wp-content\/uploads\/2023\/11\/liste-maladie-reconnue-pour-invalidite-e1700489473990-1024x274.jpg 1024w, https:\/\/www.mes-allocs.fr\/guides\/wp-content\/uploads\/2023\/11\/liste-maladie-reconnue-pour-invalidite-e1700489473990-768x205.jpg 768w, https:\/\/www.mes-allocs.fr\/guides\/wp-content\/uploads\/2023\/11\/liste-maladie-reconnue-pour-invalidite-e1700489473990-600x160.jpg 600w\" sizes=\"auto, (max-width: 1280px) 100vw, 1280px\" \/><\/p>\n<p>L&rsquo;attribution d&rsquo;une l&rsquo;aide en lien avec une invalidit\u00e9 requiert souvent la reconnaissance d&rsquo;une maladie ou d&rsquo;un \u00e9tat de sant\u00e9 sp\u00e9cifique par les organismes comp\u00e9tents, notamment la CPAM. Cette reconnaissance est g\u00e9n\u00e9ralement bas\u00e9e sur des crit\u00e8res m\u00e9dicaux et administratifs. Dans cet article, nous explorerons la <strong>liste des maladies reconnues pour invalidit\u00e9<\/strong> et les <a href=\"https:\/\/www.mes-allocs.fr\/guides\/aides-par-situation\/\">aides adapt\u00e9es \u00e0 chaque situation<\/a>.<\/p>\n<div class='cta-block'><div class='text'>Simulez toutes vos aides en 2 min.<\/div><a href='https:\/\/www.mes-allocs.fr\/ab-app?origin=guides\/wp-json\/wp\/v2\/posts\/71082' class='app-button fit'>Simulation gratuite<\/a><\/div>\n<h1>Rappel : qu&rsquo;est-ce que l&rsquo;invalidit\u00e9 ?<\/h1>\n<p>Contrairement au handicap, l&rsquo;<strong>invalidit\u00e9<\/strong> concerne uniquement le <strong>domaine professionnel<\/strong>. Ainsi, si vous \u00eates porteur d&rsquo;un handicap et que vous souhaitez obtenir la reconnaissance d&rsquo;une invalidit\u00e9, vous devrez d\u00e9montrer que vous subissez <strong>une r\u00e9duction ou une perte de votre capacit\u00e9 de travail<\/strong>. L&rsquo;une ou l&rsquo;autre entrainant in\u00e9vitablement une perte de revenus, des aides sont justement mises en place pour les personnes invalides.<\/p>\n<p>Notez que cette perte d&rsquo;activit\u00e9 fait souvent\u00a0suite \u00e0 un arr\u00eat de travail de longue dur\u00e9e. Mais toutes les maladies ne permettent pas la reconnaissance d&rsquo;une invalidit\u00e9. D\u00e9couvrons ensemble lesquelles sont concern\u00e9es.<\/p>\n<h1>Les diff\u00e9rentes maladies reconnues pour invalidit\u00e9<\/h1>\n<h2>Quels sont les cat\u00e9gories d&rsquo;invalidit\u00e9 reconnues ?<\/h2>\n<p>Il existe trois cat\u00e9gories d&rsquo;invalidit\u00e9 reconnues par la S\u00e9curit\u00e9 sociale en 2025 :<\/p>\n<ul>\n<li><strong>Cat\u00e9gorie 1<\/strong> : elle concerne les invalides capables d&rsquo;exercer une activit\u00e9 professionnelle r\u00e9duite. Ces personnes ont une incapacit\u00e9 de travail comprise entre 50% et 66%.<\/li>\n<li><strong>Cat\u00e9gorie 2<\/strong> : elle concerne les invalides capables d&rsquo;exercer une activit\u00e9 professionnelle r\u00e9duite. Ces personnes ont une incapacit\u00e9 de travail d&rsquo;au moins 66%.<\/li>\n<li><strong>Cat\u00e9gorie 3<\/strong> : elle concerne les invalides absolument incapables d&rsquo;exercer une activit\u00e9 professionnelle et qui n\u00e9cessitent l&rsquo;aide d&rsquo;une tierce personne pour accomplir les actes essentiels de la vie quotidienne.<\/li>\n<\/ul>\n<p>Ces cat\u00e9gories sont d\u00e9termin\u00e9es par un <strong>m\u00e9decin-conseil<\/strong> de la caisse primaire d&rsquo;assurance maladie (CPAM) ou de la mutuelle sociale agricole (MSA).<\/p>\n<h2>Les maladies chroniques et la reconnaissance de l&rsquo;invalidit\u00e9<\/h2>\n<p>Les maladies chroniques, par leur nature persistante et leur impact sur les capacit\u00e9s fonctionnelles, peuvent \u00eatre des causes fr\u00e9quentes d&rsquo;invalidit\u00e9. Parmi celles-ci, on retrouve des pathologies telles que :<\/p>\n<ul>\n<li><strong>Maladies cardiovasculaires :<\/strong> insuffisance cardiaque, maladies coronariennes, etc.<\/li>\n<li><strong>Affections neurologiques :<\/strong> scl\u00e9rose en plaques, maladie de Parkinson, etc.<\/li>\n<li><strong>Pathologies respiratoires :<\/strong> insuffisance respiratoire, asthme s\u00e9v\u00e8re, etc.<\/li>\n<\/ul>\n<p>Ces maladies chroniques, lorsqu&rsquo;elles entra\u00eenent des incapacit\u00e9s significatives affectant la vie quotidienne et le travail, peuvent justifier une reconnaissance d&rsquo;invalidit\u00e9.<\/p>\n<h2>Les handicaps physiques et la reconnaissance d&rsquo;invalidit\u00e9<\/h2>\n<p>Les handicaps physiques, qu&rsquo;ils soient cong\u00e9nitaux, acquis suite \u00e0 un accident ou r\u00e9sultant de maladies invalidantes, peuvent conduire \u00e0 des situations d&rsquo;invalidit\u00e9. Ces handicaps incluent :<\/p>\n<ul>\n<li><strong>Parapl\u00e9gie et t\u00e9trapl\u00e9gie :<\/strong> l\u00e9sions m\u00e9dullaires entra\u00eenant des limitations s\u00e9v\u00e8res de la mobilit\u00e9.<\/li>\n<li><strong>Amputations :<\/strong> perte d&rsquo;un membre ou d&rsquo;une partie du membre.<\/li>\n<li><strong>Malformations cong\u00e9nitales :<\/strong> handicaps physiques pr\u00e9sents d\u00e8s la naissance, affectant la motricit\u00e9 ou les organes.<\/li>\n<\/ul>\n<p>Ces handicaps physiques peuvent engendrer des incapacit\u00e9s fonctionnelles majeures, conduisant \u00e0 une reconnaissance d&rsquo;invalidit\u00e9 pour faciliter l&rsquo;adaptation quotidienne et professionnelle.<\/p>\n<h2>Les troubles mentaux et psychiques conduisant \u00e0 l&rsquo;invalidit\u00e9<\/h2>\n<p>Les troubles mentaux et psychiques peuvent \u00e9galement \u00eatre des causes d&rsquo;invalidit\u00e9, bien que leur reconnaissance soit parfois plus complexe. Parmi ces troubles, on retrouve :<\/p>\n<ul>\n<li><strong>Troubles d\u00e9pressifs majeurs :<\/strong> d\u00e9pression s\u00e9v\u00e8re et incapacitante.<\/li>\n<li><strong>Troubles bipolaires :<\/strong> alternance de phases maniaques et d\u00e9pressives.<\/li>\n<li><strong>Troubles anxieux s\u00e9v\u00e8res :<\/strong> troubles paniques, phobies invalidantes, etc.<\/li>\n<\/ul>\n<p>Ces troubles peuvent s\u00e9rieusement alt\u00e9rer les capacit\u00e9s fonctionnelles et la vie quotidienne, justifiant une reconnaissance d&rsquo;invalidit\u00e9 pour b\u00e9n\u00e9ficier de soutiens et d&rsquo;adaptations sp\u00e9cifiques.<\/p>\n<h2>R\u00e9sum\u00e9 : la liste des maladies reconnues pour invalidit\u00e9 par la CPAM<\/h2>\n<h3><strong>Liste des maladies (ALD) reconnues pour invalidit\u00e9 :\u00a0<\/strong><\/h3>\n<ul>\n<li><strong>\ud83e\udde0 Maladies neurologiques et psychiatriques :<\/strong>\n<ul>\n<li>Accident vasculaire c\u00e9r\u00e9bral invalidant<\/li>\n<li>Maladie d&rsquo;Alzheimer et autres d\u00e9mences<\/li>\n<li>Maladie de Parkinson<\/li>\n<li>Scl\u00e9rose en plaques<\/li>\n<li>Formes graves des affections neurologiques et musculaires (dont myopathie), \u00e9pilepsie grave<\/li>\n<li>Parapl\u00e9gie<\/li>\n<li>Affections psychiatriques de longue dur\u00e9e (exemples : d\u00e9pression r\u00e9currente, troubles bipolaires)<\/li>\n<\/ul>\n<\/li>\n<li><strong>\u2764\ufe0f Maladies cardiovasculaires :<\/strong>\n<ul>\n<li>Maladie coronaire : infarctus du myocarde<\/li>\n<li>Art\u00e9riopathies chroniques avec manifestations isch\u00e9miques<\/li>\n<li>Insuffisance cardiaque grave, troubles du rythme graves, cardiopathies valvulaires graves, cardiopathies cong\u00e9nitales graves<\/li>\n<\/ul>\n<\/li>\n<li><strong>\ud83e\udec1 Affections respiratoires :\u00a0<\/strong>\n<ul>\n<li>Insuffisance respiratoire chronique grave (exemple : asthme grave)<\/li>\n<li>Tuberculose active, l\u00e8pre<\/li>\n<\/ul>\n<\/li>\n<li><strong>\ud83c\udf7d\ufe0f Maladies m\u00e9taboliques et endocriniennes :\u00a0<\/strong>\n<ul>\n<li>Diab\u00e8te de type 1 et diab\u00e8te de type 2 de l&rsquo;adulte ou de l&rsquo;enfant<\/li>\n<li>Maladies m\u00e9taboliques h\u00e9r\u00e9ditaires n\u00e9cessitant un traitement prolong\u00e9 sp\u00e9cialis\u00e9<\/li>\n<\/ul>\n<\/li>\n<li><strong>\ud83e\uddec D\u00e9ficits immunitaires, infections chroniques et maladies auto-immunes :\u00a0<\/strong>\n<ul>\n<li>D\u00e9ficit immunitaire primitif grave n\u00e9cessitant un traitement prolong\u00e9<\/li>\n<li>Infection par le virus de l&rsquo;immuno-d\u00e9ficience humaine (VIH)<\/li>\n<li>Vascularites, lupus \u00e9ryth\u00e9mateux syst\u00e9mique, scl\u00e9rodermie syst\u00e9mique<\/li>\n<li>Polyarthrite rhumato\u00efde \u00e9volutive<\/li>\n<li>Spondylarthrite grave<\/li>\n<\/ul>\n<\/li>\n<li><strong>\ud83e\ude78 Maladies du sang et de la moelle osseuse :<\/strong>\n<ul>\n<li>H\u00e9moglobinopathies, h\u00e9molyses chroniques constitutionnelles et acquises s\u00e9v\u00e8res<\/li>\n<li>H\u00e9mophilies et affections constitutionnelles de l&rsquo;h\u00e9mostase graves<\/li>\n<li>Insuffisances m\u00e9dullaires et autres cytop\u00e9nies chroniques<\/li>\n<\/ul>\n<\/li>\n<li><strong>\ud83e\udde0 Maladies digestives et h\u00e9patiques :<\/strong>\n<ul>\n<li>Maladies chroniques actives du foie (h\u00e9patite B ou C) et cirrhoses<\/li>\n<li>Rectocolite h\u00e9morragique et maladie de Crohn \u00e9volutives<\/li>\n<li>Bilharziose compliqu\u00e9e<\/li>\n<\/ul>\n<\/li>\n<li><strong>\ud83d\udc76 Affections g\u00e9n\u00e9tiques ou cong\u00e9nitales :<\/strong>\n<ul>\n<li>Mucoviscidose<\/li>\n<li>Scoliose idiopathique structurale \u00e9volutive<\/li>\n<\/ul>\n<\/li>\n<li><strong>\ud83e\uddea Maladies r\u00e9nales :<\/strong>\n<ul>\n<li>N\u00e9phropathie chronique grave<\/li>\n<li>Syndrome n\u00e9phrotique primitif (insuffisance r\u00e9nale)<\/li>\n<\/ul>\n<\/li>\n<li><strong>\ud83d\udc89 Cancers et pathologies apparent\u00e9es :<\/strong>\n<ul>\n<li>Tumeur maligne (cancer)<\/li>\n<li>Affection maligne du tissu lymphatique ou h\u00e9matopo\u00ef\u00e9tique (exemple : lymphome)<\/li>\n<\/ul>\n<\/li>\n<\/ul>\n<h3><strong>La liste des maladies invalidantes permettant de b\u00e9n\u00e9ficier de l&rsquo;AAH :\u00a0<\/strong><\/h3>\n<ul>\n<li>Les \u00e9tats d\u00e9pressifs av\u00e9r\u00e9s<\/li>\n<li>L\u2019agoraphobie<\/li>\n<li>La coxarthrose ou l\u2019arthrose des doigts<\/li>\n<li>Le diab\u00e8te<\/li>\n<li>La migraine<\/li>\n<li>L\u2019autisme<\/li>\n<li>Le cancer<\/li>\n<li>La dyslexie, dysphasie ou dyspraxie<\/li>\n<li>La maladie de Crohn<\/li>\n<li>Le trouble du d\u00e9ficit et de l\u2019attention (TDA)<\/li>\n<li>Le trouble de l\u2019audition ou la surdit\u00e9<\/li>\n<li>La polyarthrite rhumato\u00efde<\/li>\n<li>La scl\u00e9rose en plaques<\/li>\n<li>La spondylarthrite ankylosante<\/li>\n<li>La trisomie 21<\/li>\n<\/ul>\n<div class=\"relative flex w-[calc(100%-50px)] flex-col gizmo:w-full lg:w-[calc(100%-115px)] agent-turn\">\n<div class=\"flex-col gap-1 md:gap-3\">\n<div class=\"flex flex-grow flex-col max-w-full gap-3 gizmo:gap-0\">\n<div class=\"min-h-[20px] text-message flex flex-col items-start gap-3 whitespace-pre-wrap break-words [.text-message+&amp;]:mt-5 overflow-x-auto\" data-message-author-role=\"assistant\" data-message-id=\"9f9b9209-24c4-4c91-b5f2-b202d40c6b76\">\n<div class=\"markdown prose w-full break-words dark:prose-invert dark\">\n<h1>Comment une maladie peut-elle \u00eatre reconnue invalidante ?<\/h1>\n<h2>L&rsquo;\u00e9valuation m\u00e9dicale : une \u00e9tape incontournable pour d\u00e9finir l&rsquo;invalidit\u00e9<\/h2>\n<p>L&rsquo;attribution de l&rsquo;invalidit\u00e9 repose souvent sur une \u00e9valuation m\u00e9dicale approfondie. Cette \u00e9valuation vise \u00e0 d\u00e9terminer les incapacit\u00e9s fonctionnelles et les limitations que vous \u00e9prouvez dans votre vie quotidienne \u00e0 cause de votre maladie ou de votre \u00e9tat de sant\u00e9.<\/p>\n<p>L&rsquo;<strong>examen m\u00e9dical complet<\/strong> permet donc la r\u00e9alisation d&rsquo;examens m\u00e9dicaux approfondis par des professionnels de sant\u00e9 pour \u00e9valuer les cons\u00e9quences de votre maladie ou de votre handicap sur vos capacit\u00e9s physiques et mentales. Il permet de d\u00e9finir vos <strong>incapacit\u00e9s fonctionnelles,<\/strong> c&rsquo;est-\u00e0-dire les limitations fonctionnelles, comme la mobilit\u00e9 r\u00e9duite, les troubles de l&rsquo;\u00e9locution, ou encore la perte de m\u00e9moire, impactant vos activit\u00e9s quotidiennes.<\/p>\n<p>En outre, <strong>la<\/strong> <strong>dur\u00e9e et la stabilit\u00e9 de la pathologie sont \u00e9galement pris en compte<\/strong>, ainsi que l&rsquo;\u00e9volution pr\u00e9visible de votre \u00e9tat de sant\u00e9.<\/p>\n<h2>Les d\u00e9marches administratives : l&rsquo;\u00e9tape ultime pour obtenir la reconnaissance de l&rsquo;invalidit\u00e9<\/h2>\n<p>Outre l&rsquo;\u00e9valuation m\u00e9dicale, il faut effectuer certaines <strong>d\u00e9marches administratives<\/strong> pour obtenir la reconnaissance d&rsquo;une invalidit\u00e9. Pour cela, il convient de respecter les proc\u00e9dures et formalit\u00e9s administratives sp\u00e9cifiques exig\u00e9es par les organismes d&rsquo;attribution de l&rsquo;invalidit\u00e9 (dossier m\u00e9dical, formulaires sp\u00e9cifiques, d\u00e9clarations, etc.). Vous serez amen\u00e9 \u00e9galement \u00e0 <strong>fournir des preuves m\u00e9dicales solides<\/strong> documentant les limitations fonctionnelles et l&rsquo;incapacit\u00e9 \u00e0 exercer une activit\u00e9 professionnelle. Il vous faudra aussi d\u00e9montrer votre impossibilit\u00e9 \u00e0 continuer ou reprendre une activit\u00e9 professionnelle en raison de votre handicap ou de votre \u00e9tat de sant\u00e9.<\/p>\n<p>La reconnaissance de l&rsquo;invalidit\u00e9 requiert donc \u00e0 la fois une \u00e9valuation m\u00e9dicale pr\u00e9cise et la conformit\u00e9 aux d\u00e9marches administratives \u00e9tablies par les organismes comp\u00e9tents. Cela permettra d&rsquo;\u00e9tablir votre \u00e9ligibilit\u00e9 \u00e0 des <a href=\"https:\/\/www.mes-allocs.fr\/guides\/aide-par-situation\/aide-handicap\/\">aides pour handicap\u00e9<\/a>, et notamment l&rsquo;admissibilit\u00e9 \u00e0 des droits et prestations li\u00e9s \u00e0 votre invalidit\u00e9.<\/p>\n<div class='cta-block'><div class='text'>Simulez toutes vos aides en 2 min.<\/div><a href='https:\/\/www.mes-allocs.fr\/ab-app?origin=guides\/wp-json\/wp\/v2\/posts\/71082' class='app-button fit'>Simulation gratuite<\/a><\/div>\n<h1>Quel est le processus de reconnaissance de votre maladie comme invalidante ?<\/h1>\n<h2>Quelles sont les \u00e9tapes \u00e0 suivre pour faire reconna\u00eetre votre maladie comme cause d&rsquo;invalidit\u00e9 ?<\/h2>\n<p>Voici les \u00e9tapes que vous devez suivre pour que votre maladie ou handicap soit reconnu comme une invalidit\u00e9 :<\/p>\n<ol>\n<li><span style=\"font-size: 16px;\">Consultez des professionnels de sant\u00e9 qualifi\u00e9s pour \u00e9tablir un diagnostic pr\u00e9cis de votre maladie ou handicap.<\/span><\/li>\n<li>Faites \u00e9valuer les limitations fonctionnelles et leurs impacts sur votre vie quotidienne par des sp\u00e9cialistes m\u00e9dicaux : c&rsquo;est l&rsquo;examen m\u00e9dical complet<\/li>\n<li>Obtenez un certificat m\u00e9dical d\u00e9taill\u00e9 et pr\u00e9cisant les cons\u00e9quences du handicap sur vos capacit\u00e9s de travail et votre vie quotidienne.<\/li>\n<li>Soumettez une demande d&rsquo;attribution d&rsquo;invalidit\u00e9 \u00e0 la Maison D\u00e9partementale des Personnes Handicap\u00e9es (MDPH), en incluant tous les documents m\u00e9dicaux et administratifs n\u00e9cessaires. La MDPH peut demander des examens ou des entretiens compl\u00e9mentaires pour \u00e9valuer votre situation m\u00e9dicale et vos capacit\u00e9s.<\/li>\n<\/ol>\n<\/div>\n<div class=\"markdown prose w-full break-words dark:prose-invert dark\">\n<h2>Comment constituer votre dossier m\u00e9dical et administratif pour obtenir la reconnaissance d&rsquo;une invalidit\u00e9 ?<\/h2>\n<p>Dans un premier temps, vous devez <strong>rassembler tous les documents m\u00e9dicaux <\/strong>demand\u00e9s. Rapports m\u00e9dicaux, certificats, comptes-rendus d&rsquo;hospitalisation et tout document pouvant attester de votre maladie ou handicap.<\/p>\n<p>Ensuite, faites de m\u00eame avec les <strong>documents<\/strong> <strong>administratifs<\/strong>. En effet des formulaires de demande sp\u00e9cifiques sont \u00e0 remplir et \u00e0 adresser \u00e0 la MDPH, tout comme des justificatifs d&rsquo;identit\u00e9 et de domicile, de relev\u00e9s de revenus, etc.<\/p>\n<p>Enfin, <strong>r\u00e9digez une lettre explicative<\/strong> d\u00e9taill\u00e9e l&rsquo;impact de votre maladie ou votre handicap sur votre vie quotidienne, professionnelle et sociale.<\/p>\n<p><iframe loading=\"lazy\" src=\"\/\/www.youtube.com\/embed\/MdiYHpnlAvg\" width=\"560\" height=\"314\" allowfullscreen=\"allowfullscreen\" data-mce-fragment=\"1\"><\/iframe><\/p>\n<h1>Maladie reconnue comme invalidit\u00e9 : quels sont vos droits ?<\/h1>\n<div>\n<div>\n<div data-message-author-role=\"assistant\" data-message-id=\"9f9b9209-24c4-4c91-b5f2-b202d40c6b76\">\n<div>\n<h2>Les prestations et aides financi\u00e8res attribu\u00e9es aux personnes en situation d&rsquo;invalidit\u00e9<\/h2>\n<p>Les personnes en situation d&rsquo;invalidit\u00e9 peuvent b\u00e9n\u00e9ficier de diverses prestations et aides financi\u00e8res visant \u00e0 soutenir leur quotidien. L<strong>&lsquo;Allocation aux Adultes Handicap\u00e9s (AAH)<\/strong> par exemple constitue l&rsquo;une des principales allocations octroy\u00e9es, destin\u00e9e \u00e0 compl\u00e9ter les revenus des personnes handicap\u00e9es dont les ressources sont limit\u00e9es. En parall\u00e8le, la<strong> Prestation de Compensation du Handicap (PCH)<\/strong> couvre une vari\u00e9t\u00e9 de besoins sp\u00e9cifiques li\u00e9s au handicap, comme les aides techniques, l&rsquo;am\u00e9nagement du logement ou encore l&rsquo;assistance humaine. Ces aides financi\u00e8res sont accompagn\u00e9es de la d\u00e9livrance d&rsquo;une carte d&rsquo;invalidit\u00e9, ouvrant droit \u00e0 des r\u00e9ductions tarifaires dans les transports ou \u00e0 l&rsquo;acc\u00e8s \u00e0 des places de parking r\u00e9serv\u00e9es, et parfois de la possibilit\u00e9 de b\u00e9n\u00e9ficier d&rsquo;une retraite anticip\u00e9e adapt\u00e9e \u00e0 la situation de handicap.<\/p>\n<\/div>\n<\/div>\n<\/div>\n<\/div>\n<h2>L&rsquo;acc\u00e8s aux am\u00e9nagements et soutiens sp\u00e9cifiques pour les personnes invalides<\/h2>\n<p>Les personnes en situation d&rsquo;invalidit\u00e9 ont droit \u00e0 des am\u00e9nagements sp\u00e9cifiques visant \u00e0 faciliter leur quotidien. Cela englobe des<strong> aides techniques et humaines pour vous assister dans les t\u00e2ches journali\u00e8res<\/strong>, des am\u00e9nagements au domicile tels que l&rsquo;installation de rampes d&rsquo;acc\u00e8s ou de barres de maintien pour une meilleure mobilit\u00e9, et un accompagnement m\u00e9dico-social adapt\u00e9.<\/p>\n<p>Ces am\u00e9nagements visent \u00e0 favoriser votre autonomie et accessibilit\u00e9, vous offrant \u00e9galement un soutien professionnel et social pour faciliter votre insertion dans le monde du travail et l&rsquo;acc\u00e8s \u00e0 des structures adapt\u00e9es pour un accompagnement adapt\u00e9 \u00e0 vos besoins sp\u00e9cifiques.<\/p>\n<div class='cta-block'><div class='text'>Simulez toutes vos aides en 2 min.<\/div><a href='https:\/\/www.mes-allocs.fr\/ab-app?origin=guides\/wp-json\/wp\/v2\/posts\/71082' class='app-button fit'>Simulation gratuite<\/a><\/div>\n<\/div>\n<\/div>\n<\/div>\n<\/div>\n<\/div>\n","protected":false},"excerpt":{"rendered":"<p>L&rsquo;attribution d&rsquo;une l&rsquo;aide en lien avec une invalidit\u00e9 requiert souvent la reconnaissance d&rsquo;une maladie ou d&rsquo;un \u00e9tat de sant\u00e9 sp\u00e9cifique par les organismes comp\u00e9tents, notamment la CPAM. Cette reconnaissance est g\u00e9n\u00e9ralement bas\u00e9e sur des crit\u00e8res m\u00e9dicaux et administratifs. Dans cet article, nous explorerons la liste des maladies reconnues pour invalidit\u00e9 et les aides adapt\u00e9es \u00e0 [&hellip;]<\/p>\n","protected":false},"author":26,"featured_media":71085,"comment_status":"closed","ping_status":"open","sticky":false,"template":"","format":"standard","meta":{"amp_status":"","footnotes":""},"categories":[35708,14320],"tags":[],"class_list":["post-71082","post","type-post","status-publish","format-standard","has-post-thumbnail","hentry","category-aide-handicap","category-aide-par-situation"],"yoast_head":"<!-- This site is optimized with the Yoast SEO plugin v14.9 - https:\/\/yoast.com\/wordpress\/plugins\/seo\/ -->\n<title>Liste des maladies reconnues pour invalidit\u00e9 | Mes-Allocs.fr<\/title>\n<meta name=\"description\" content=\"L&#039;attribution d&#039;une invalidit\u00e9 requiert la reconnaissance d&#039;une maladie ou d&#039;un \u00e9tat de sant\u00e9 sp\u00e9cifique par les organismes comp\u00e9tents.\" \/>\n<meta name=\"robots\" content=\"index, follow, max-snippet:-1, max-image-preview:large, max-video-preview:-1\" \/>\n<link rel=\"canonical\" href=\"https:\/\/www.mes-allocs.fr\/guides\/aide-par-situation\/aide-handicap\/liste-maladies-reconnues-pour-invalidite\/\" \/>\n<meta property=\"og:locale\" content=\"fr_FR\" \/>\n<meta property=\"og:type\" content=\"article\" \/>\n<meta property=\"og:title\" content=\"Liste des maladies reconnues pour invalidit\u00e9 | Mes-Allocs.fr\" \/>\n<meta property=\"og:description\" content=\"L&#039;attribution d&#039;une invalidit\u00e9 requiert la reconnaissance d&#039;une maladie ou d&#039;un \u00e9tat de sant\u00e9 sp\u00e9cifique par les organismes comp\u00e9tents.\" \/>\n<meta property=\"og:url\" content=\"https:\/\/www.mes-allocs.fr\/guides\/aide-par-situation\/aide-handicap\/liste-maladies-reconnues-pour-invalidite\/\" \/>\n<meta property=\"og:site_name\" content=\"Mes-Allocs.fr\" \/>\n<meta property=\"article:published_time\" content=\"2023-11-20T14:35:04+00:00\" \/>\n<meta property=\"article:modified_time\" content=\"2025-04-09T14:52:53+00:00\" \/>\n<meta property=\"og:image\" content=\"https:\/\/www.mes-allocs.fr\/guides\/wp-content\/uploads\/2023\/11\/wheelchair-1595794_1280-2.jpg?wsr\" \/>\n\t<meta property=\"og:image:width\" content=\"720\" \/>\n\t<meta property=\"og:image:height\" content=\"582\" \/>\n<meta name=\"twitter:card\" content=\"summary_large_image\" \/>\n<script type=\"application\/ld+json\" class=\"yoast-schema-graph\">{\"@context\":\"https:\/\/schema.org\",\"@graph\":[{\"@type\":\"WebSite\",\"@id\":\"https:\/\/www.mes-allocs.fr\/guides\/#website\",\"url\":\"https:\/\/www.mes-allocs.fr\/guides\/\",\"name\":\"Mes-Allocs.fr\",\"description\":\"\",\"potentialAction\":[{\"@type\":\"SearchAction\",\"target\":\"https:\/\/www.mes-allocs.fr\/guides\/?s={search_term_string}\",\"query-input\":\"required name=search_term_string\"}],\"inLanguage\":\"fr-FR\"},{\"@type\":\"ImageObject\",\"@id\":\"https:\/\/www.mes-allocs.fr\/guides\/aide-par-situation\/aide-handicap\/liste-maladies-reconnues-pour-invalidite\/#primaryimage\",\"inLanguage\":\"fr-FR\",\"url\":\"https:\/\/www.mes-allocs.fr\/guides\/wp-content\/uploads\/2023\/11\/wheelchair-1595794_1280-2.jpg?wsr\",\"width\":720,\"height\":582,\"caption\":\"wheelchair\"},{\"@type\":\"WebPage\",\"@id\":\"https:\/\/www.mes-allocs.fr\/guides\/aide-par-situation\/aide-handicap\/liste-maladies-reconnues-pour-invalidite\/#webpage\",\"url\":\"https:\/\/www.mes-allocs.fr\/guides\/aide-par-situation\/aide-handicap\/liste-maladies-reconnues-pour-invalidite\/\",\"name\":\"Liste des maladies reconnues pour invalidit\\u00e9 | Mes-Allocs.fr\",\"isPartOf\":{\"@id\":\"https:\/\/www.mes-allocs.fr\/guides\/#website\"},\"primaryImageOfPage\":{\"@id\":\"https:\/\/www.mes-allocs.fr\/guides\/aide-par-situation\/aide-handicap\/liste-maladies-reconnues-pour-invalidite\/#primaryimage\"},\"datePublished\":\"2023-11-20T14:35:04+00:00\",\"dateModified\":\"2025-04-09T14:52:53+00:00\",\"author\":{\"@id\":\"https:\/\/www.mes-allocs.fr\/guides\/#\/schema\/person\/9c38f3be41a0ddcd1e3fde5a3df713bf\"},\"description\":\"L'attribution d'une invalidit\\u00e9 requiert la reconnaissance d'une maladie ou d'un \\u00e9tat de sant\\u00e9 sp\\u00e9cifique par les organismes comp\\u00e9tents.\",\"inLanguage\":\"fr-FR\"},{\"@type\":\"Person\",\"@id\":\"https:\/\/www.mes-allocs.fr\/guides\/#\/schema\/person\/9c38f3be41a0ddcd1e3fde5a3df713bf\",\"name\":\"Sessime Ananou\",\"image\":{\"@type\":\"ImageObject\",\"@id\":\"https:\/\/www.mes-allocs.fr\/guides\/#personlogo\",\"inLanguage\":\"fr-FR\",\"url\":\"https:\/\/www.mes-allocs.fr\/guides\/wp-content\/uploads\/2023\/08\/IMG_8173-150x150.jpg\",\"caption\":\"Sessime Ananou\"},\"description\":\"Sessime est r\\u00e9dactrice chez Mes Allocs, sp\\u00e9cialis\\u00e9e sur le pouvoir d'achat. Elle rejoint l'\\u00e9quipe Mes Allocs en ao\\u00fbt 2023 afin de simplifier l'acc\\u00e8s \\u00e0 l'information sur les aides en g\\u00e9n\\u00e9ral.\"}]}<\/script>\n<!-- \/ Yoast SEO plugin. -->","amp_validity":null,"acf":{"faq":{"1":{"question":"Quelles maladies donnent droit \u00e0 une invalidit\u00e9 ?","answer":"Maladies cardiovasculaires, diab\u00e8te, insuffisance r\u00e9nale chronique, h\u00e9patites, cancers, maladies respiratoires, scl\u00e9rose en plaques, maladies de l'appareil digestif, VIH."},"2":{"question":"Quelles sont les maladies reconnues en invalidit\u00e9 cat\u00e9gorie 2 ?","answer":"Une maladie cardiovasculaire \r\nUn cancer \r\nLe diab\u00e8te \r\nLa maladie de Crohn \r\nL'hypertension art\u00e9rielle \r\nLa scl\u00e9rose en plaques \r\n"},"3":{"question":"Comment savoir si j'ai droit \u00e0 la MDPH ?","answer":"Vous devez avoir 20 ans ou 16 ans au minimum si vous n'\u00eates plus \u00e0 la charge de vos parents pour le b\u00e9n\u00e9fice des prestations familiales. Vous devez r\u00e9sider en France."},"4":{"question":"Quelles sont les conditions pour \u00eatre reconnu invalide ?","answer":"Si votre capacit\u00e9 de travail et de gain est r\u00e9duite d'au moins 2\/3 (66%) \u00e0 la suite d'un accident ou d'une maladie d'origine non professionnelle. "},"5":{"question":"Est-ce que l'arthrose est reconnu en invalidit\u00e9 ?","answer":"Une invalidit\u00e9 est consid\u00e9r\u00e9e comme une cons\u00e9quence de l'arthrose seulement si la pr\u00e9sence des signes et sympt\u00f4mes de l'arthrose est d\u00e9montr\u00e9e. "},"6":{"question":"Comment faire une demande d'aide financi\u00e8re \u00e0 la MDPH ?","answer":" Il faut remplir un formulaire, accessible aupr\u00e8s des maisons d\u00e9partementales des personnes handicap\u00e9es MDPH."},"7":{"question":"","answer":""},"8":{"question":"","answer":""},"9":{"question":"","answer":""},"10":{"question":"","answer":""},"11":{"question":"","answer":""},"12":{"question":"","answer":""},"13":{"question":"","answer":""},"14":{"question":"","answer":""},"15":{"question":"","answer":""},"16":{"question":"","answer":""}}},"_links":{"self":[{"href":"https:\/\/www.mes-allocs.fr\/guides\/wp-json\/wp\/v2\/posts\/71082","targetHints":{"allow":["GET"]}}],"collection":[{"href":"https:\/\/www.mes-allocs.fr\/guides\/wp-json\/wp\/v2\/posts"}],"about":[{"href":"https:\/\/www.mes-allocs.fr\/guides\/wp-json\/wp\/v2\/types\/post"}],"author":[{"embeddable":true,"href":"https:\/\/www.mes-allocs.fr\/guides\/wp-json\/wp\/v2\/users\/26"}],"replies":[{"embeddable":true,"href":"https:\/\/www.mes-allocs.fr\/guides\/wp-json\/wp\/v2\/comments?post=71082"}],"version-history":[{"count":20,"href":"https:\/\/www.mes-allocs.fr\/guides\/wp-json\/wp\/v2\/posts\/71082\/revisions"}],"predecessor-version":[{"id":98016,"href":"https:\/\/www.mes-allocs.fr\/guides\/wp-json\/wp\/v2\/posts\/71082\/revisions\/98016"}],"wp:featuredmedia":[{"embeddable":true,"href":"https:\/\/www.mes-allocs.fr\/guides\/wp-json\/wp\/v2\/media\/71085"}],"wp:attachment":[{"href":"https:\/\/www.mes-allocs.fr\/guides\/wp-json\/wp\/v2\/media?parent=71082"}],"wp:term":[{"taxonomy":"category","embeddable":true,"href":"https:\/\/www.mes-allocs.fr\/guides\/wp-json\/wp\/v2\/categories?post=71082"},{"taxonomy":"post_tag","embeddable":true,"href":"https:\/\/www.mes-allocs.fr\/guides\/wp-json\/wp\/v2\/tags?post=71082"}],"curies":[{"name":"wp","href":"https:\/\/api.w.org\/{rel}","templated":true}]}}