{"id":71069,"date":"2023-11-17T19:23:29","date_gmt":"2023-11-17T17:23:29","guid":{"rendered":"https:\/\/www.mes-allocs.fr\/guides\/?p=71069"},"modified":"2026-04-02T08:58:41","modified_gmt":"2026-04-02T07:58:41","slug":"maladies-reconnues-mdph","status":"publish","type":"post","link":"https:\/\/www.mes-allocs.fr\/guides\/aide-par-situation\/aide-handicap\/maladies-reconnues-mdph\/","title":{"rendered":"Liste des 30 maladies reconnues par la MDPH en 2026"},"content":{"rendered":"<p><img loading=\"lazy\" decoding=\"async\" class=\"alignnone wp-image-71073 size-full\" title=\"maladie reconnue par la mdph\" src=\"https:\/\/www.mes-allocs.fr\/guides\/wp-content\/uploads\/2023\/11\/maladie-reconnue-par-la-mdph-1-e1700239978648.jpg\" alt=\"maladie reconnue par la mdph\" width=\"1280\" height=\"307\" srcset=\"https:\/\/www.mes-allocs.fr\/guides\/wp-content\/uploads\/2023\/11\/maladie-reconnue-par-la-mdph-1-e1700239978648.jpg 1280w, https:\/\/www.mes-allocs.fr\/guides\/wp-content\/uploads\/2023\/11\/maladie-reconnue-par-la-mdph-1-e1700239978648-300x72.jpg 300w, https:\/\/www.mes-allocs.fr\/guides\/wp-content\/uploads\/2023\/11\/maladie-reconnue-par-la-mdph-1-e1700239978648-1024x246.jpg 1024w, https:\/\/www.mes-allocs.fr\/guides\/wp-content\/uploads\/2023\/11\/maladie-reconnue-par-la-mdph-1-e1700239978648-768x184.jpg 768w, https:\/\/www.mes-allocs.fr\/guides\/wp-content\/uploads\/2023\/11\/maladie-reconnue-par-la-mdph-1-e1700239978648-600x144.jpg 600w\" sizes=\"auto, (max-width: 1280px) 100vw, 1280px\" \/><\/p>\n<p>[Mis \u00e0 jour le 02\/04\/2026] L\u2019attribution d\u2019<a href=\"https:\/\/www.mes-allocs.fr\/guides\/aide-par-situation\/aide-handicap\/\">aides li\u00e9es au handicap<\/a> n\u00e9cessite souvent la reconnaissance d\u2019une situation m\u00e9dicale par la Maison D\u00e9partementale des Personnes Handicap\u00e9es (MDPH). Cette reconnaissance repose sur une \u00e9valuation des limitations rencontr\u00e9es dans votre vie quotidienne, qu\u2019elles soient physiques, psychiques ou cognitives. Mes Allocs vous donne la <strong>liste de 30 maladies reconnues par la MDPH<\/strong> en 2026.<\/p>\n<div class='cta-block'><div class='text'>Simulez toutes vos aides en 2 min.<\/div><a href='https:\/\/www.mes-allocs.fr\/ab-app?origin=guides\/wp-json\/wp\/v2\/posts\/71069' class='app-button fit'>Simulation gratuite<\/a><\/div>\n<h1>Maladies reconnues par la MDPH : liste compl\u00e8te<\/h1>\n<p>La Maison D\u00e9partementale des Personnes handicap\u00e9es (MDPH) reconna\u00eet <strong>plusieurs maladies. <\/strong>Si vous \u00eates atteint par l&rsquo;une d&rsquo;entre elles et qu&rsquo;elle est invalidante, vous pouvez b\u00e9n\u00e9ficier de l&rsquo;AAH sous certaines conditions, et \u00eatre reconnu pour votre statut d&rsquo;handicap\u00e9.<\/p>\n<p>Voici la liste des 30 maladies reconnues par la MDPH en 2026 :<\/p>\n<ol>\n<li>Scl\u00e9rose en Plaques.<\/li>\n<li>Maladie de Parkinson.<\/li>\n<li>Autisme.<\/li>\n<li>Syndrome de Down.<\/li>\n<li>Maladie d\u2019Alzheimer.<\/li>\n<li>Dystrophie Musculaire.<\/li>\n<li>Polyarthrite Rhumato\u00efde.<\/li>\n<li>Fibromyalgie.<\/li>\n<li>\u00c9pilepsie.<\/li>\n<li>Trouble Bipolaire.<\/li>\n<li>Schizophr\u00e9nie.<\/li>\n<li>Troubles Obsessionnels Compulsifs (TOC).<\/li>\n<li>D\u00e9pression Majeure.<\/li>\n<li>Trouble de Stress Post-Traumatique (TSPT).<\/li>\n<li>Maladie de Crohn.<\/li>\n<li>Diab\u00e8te de Type 1 et 2.<\/li>\n<li>Cancer.<\/li>\n<li>Asthme S\u00e9v\u00e8re.<\/li>\n<li>Maladies Cardiaques Cong\u00e9nitales.<\/li>\n<li>Insuffisance R\u00e9nale Chronique.<\/li>\n<li>Surdit\u00e9.<\/li>\n<li>C\u00e9cit\u00e9.<\/li>\n<li>Scl\u00e9rose Lat\u00e9rale Amyotrophique (SLA).<\/li>\n<li>H\u00e9patite C Chronique.<\/li>\n<li>Trouble du Spectre de l\u2019Alcoolisation F\u0153tale.<\/li>\n<li>Trisomie 21.<\/li>\n<li>Syndrome d\u2019Ehlers-Danlos.<\/li>\n<li>Lupus \u00c9ryth\u00e9mateux Syst\u00e9mique.<\/li>\n<li>Syndrome de Gilles de la Tourette.<\/li>\n<li>Maladie C\u0153liaque.<\/li>\n<\/ol>\n<div class='shortcode important'><div class='title'>Important<\/div><div class='content'> La liste des maladies reconnues par la MDPH peut \u00e9voluer.<\/div><\/div>\n<h1>Quelles sont les maladies reconnues par la MDPH ?<\/h1>\n<h2>Quels sont les crit\u00e8res d&rsquo;\u00e9ligibilit\u00e9 et de reconnaissance ?<\/h2>\n<p>Les crit\u00e8res d&rsquo;\u00e9ligibilit\u00e9 et de reconnaissance par la MDPH varient en fonction de la nature et de la gravit\u00e9 du handicap ou de la maladie, ainsi que de son impact sur la vie quotidienne de la personne concern\u00e9e. Voici quelques crit\u00e8res g\u00e9n\u00e9raux souvent pris en compte :<\/p>\n<ul>\n<li><strong>La dur\u00e9e :<\/strong> la maladie ou le handicap doit \u00eatre \u00e9valu\u00e9 comme durable, c&rsquo;est-\u00e0-dire qu&rsquo;il persiste depuis au moins six mois ou est susceptible d&rsquo;\u00e9voluer sur une longue p\u00e9riode.<\/li>\n<li><strong>L&rsquo;impact fonctionnel :<\/strong> le handicap doit entra\u00eener une limitation significative d&rsquo;au moins une fonction essentielle de la vie quotidienne telle que la mobilit\u00e9, la communication, l&rsquo;autonomie, ou la capacit\u00e9 \u00e0 r\u00e9aliser des gestes courants.<\/li>\n<li><strong>La restriction d&rsquo;activit\u00e9 :<\/strong> la personne concern\u00e9e doit rencontrer des difficult\u00e9s substantielles et durables dans sa participation aux activit\u00e9s professionnelles, scolaires, sociales ou de la vie quotidienne.<\/li>\n<li><strong>Les cons\u00e9quences sur l&rsquo;environnement :<\/strong> l&rsquo;\u00e9valuation prend \u00e9galement en compte les r\u00e9percussions du handicap ou de la maladie sur l&rsquo;environnement familial, social, professionnel de la personne.<\/li>\n<li><strong>L&rsquo;\u00e9volution et la stabilit\u00e9 :<\/strong> la reconnaissance du handicap peut varier selon que la situation soit stable ou \u00e9volutive.<\/li>\n<\/ul>\n<p>Ces crit\u00e8res ne sont pas exhaustifs et peuvent varier d&rsquo;une situation \u00e0 l&rsquo;autre. La d\u00e9cision de reconnaissance de la MDPH se base sur une \u00e9valuation globale des difficult\u00e9s rencontr\u00e9es par la personne dans son quotidien en prenant en compte les informations m\u00e9dicales, les t\u00e9moignages de proches, et l&rsquo;impact r\u00e9el sur la vie de la personne.<\/p>\n<h2>Les handicaps et maladies pris en compte par la MDPH<\/h2>\n<p>La MDPH (Maison D\u00e9partementale des Personnes Handicap\u00e9es) reconna\u00eet un large \u00e9ventail de handicaps et de maladies, englobant des troubles physiques, sensoriels, psychiques ou cognitifs. Voici quelques exemples de handicaps et de maladies souvent pris en compte :<\/p>\n<ol>\n<li><strong>Handicaps moteurs :<\/strong> paralysies, amputations, maladies neuromusculaires telles que la myopathie, la scl\u00e9rose en plaques.<\/li>\n<li><strong>Handicaps sensoriels :<\/strong> malvoyance, c\u00e9cit\u00e9, surdit\u00e9, troubles de l&rsquo;audition.<\/li>\n<li><strong>Handicaps psychiques :<\/strong> troubles anxieux s\u00e9v\u00e8res, troubles bipolaires, d\u00e9pression chronique.<\/li>\n<li><strong>Maladies chroniques invalidantes :<\/strong> fibromyalgie, maladies auto-immunes, cancer en situation de handicap.<\/li>\n<li><strong>Handicaps cognitifs :<\/strong> troubles du spectre autistique, d\u00e9ficiences intellectuelles, troubles de l&rsquo;apprentissage.<\/li>\n<\/ol>\n<p>La reconnaissance par la MDPH d\u00e9pend de la nature et de la gravit\u00e9 du handicap ou de la maladie, ainsi que de son impact sur la vie quotidienne de la personne. Cette reconnaissance vise \u00e0 fournir un soutien adapt\u00e9 et des aides sp\u00e9cifiques pour permettre \u00e0 la personne de mieux vivre avec sa situation de handicap au quotidien.<\/p>\n<div class='cta-block'><div class='text'>Simulez toutes vos aides en 2 min.<\/div><a href='https:\/\/www.mes-allocs.fr\/ab-app?origin=guides\/wp-json\/wp\/v2\/posts\/71069' class='app-button fit'>Simulation gratuite<\/a><\/div>\n<h1>Les affections m\u00e9dicales et reconnaissance du handicap<\/h1>\n<h2>Les handicaps physiques et mobilit\u00e9 r\u00e9duite<\/h2>\n<p>Les handicaps physiques, tels que les paralysies, les amputations, ou les maladies musculaires, entra\u00eenent souvent une alt\u00e9ration de la mobilit\u00e9. Ces limitations peuvent \u00eatre reconnues par la MDPH lorsqu&rsquo;elles entravent significativement la capacit\u00e9 de d\u00e9placement de la personne dans sa vie quotidienne et professionnelle.<\/p>\n<h2>Les troubles neurologiques et maladies chroniques<\/h2>\n<p>Les troubles neurologiques, comme la scl\u00e9rose en plaques, les maladies chroniques invalidantes telles que la fibromyalgie ou les maladies auto-immunes, peuvent provoquer des fatigues chroniques, des douleurs invalidantes et une d\u00e9t\u00e9rioration progressive de l&rsquo;\u00e9tat de sant\u00e9, impactant consid\u00e9rablement la vie quotidienne et le travail de la personne.<\/p>\n<h2>Les handicaps psychiques et cognitifs<\/h2>\n<p>Les handicaps psychiques, comme les troubles anxieux s\u00e9v\u00e8res, les troubles bipolaires, et les handicaps cognitifs tels que les troubles du spectre autistique ou les d\u00e9ficiences intellectuelles, peuvent entra\u00eener des difficult\u00e9s majeures dans la gestion des \u00e9motions, des relations sociales, de la concentration ou de l&rsquo;apprentissage, affectant ainsi la vie professionnelle et sociale de la personne.<\/p>\n<p>Voici un tableau d\u00e9crivant les diff\u00e9rentes affections m\u00e9dicales et leur impact sur la reconnaissance du handicap par la MDPH :<\/p>\n\n<div class=\"wpdt-c row wpDataTableContainerSimpleTable wpDataTables wpDataTablesWrapper\n\"\n    >\n    <table id=\"wpdtSimpleTable-478\"\n           class=\"wpdtSimpleTable wpDataTable\"\n           data-column=\"2\"\n           data-rows=\"4\"\n           data-wpID=\"478\"\n           data-responsive=\"0\"\n           data-has-header=\"1\">\n\n                    <thead>        <tr class=\"wpdt-cell-row \" >\n                            <th class=\"wpdt-cell wpdt-bc-F3F9FE wpdt-bold\"\n                                    data-cell-id=\"A1\"\n                data-col-index=\"0\"\n                data-row-index=\"0\"\n                style=\" width:51.428571428571%;                padding:10px;\"\n                >\n                                Affections M\u00e9dicales                <\/th>\n                                            <th class=\"wpdt-cell wpdt-bc-F3F9FE wpdt-bold\"\n                                    data-cell-id=\"B1\"\n                data-col-index=\"1\"\n                data-row-index=\"0\"\n                style=\" width:48.571428571429%;                padding:10px;\"\n                >\n                                Reconnaissance du Handicap par la MDPH                <\/th>\n                                        <\/tr>\n                    <tbody>        <tr class=\"wpdt-cell-row \" >\n                            <td class=\"wpdt-cell \"\n                                    data-cell-id=\"A2\"\n                data-col-index=\"0\"\n                data-row-index=\"1\"\n                style=\"                padding:10px;\"\n                >\n                                Handicaps Physiques                <\/td>\n                                            <td class=\"wpdt-cell \"\n                                    data-cell-id=\"B2\"\n                data-col-index=\"1\"\n                data-row-index=\"1\"\n                style=\"                padding:10px;\"\n                >\n                                Alt\u00e9ration de la mobilit\u00e9, difficult\u00e9s de d\u00e9placement dans la vie quotidienne et professionnelle                <\/td>\n                                        <\/tr>\n                            <tr class=\"wpdt-cell-row \" >\n                            <td class=\"wpdt-cell \"\n                                    data-cell-id=\"A3\"\n                data-col-index=\"0\"\n                data-row-index=\"2\"\n                style=\"                padding:10px;\"\n                >\n                                Troubles Neurologiques et Maladies Chroniques                <\/td>\n                                            <td class=\"wpdt-cell \"\n                                    data-cell-id=\"B3\"\n                data-col-index=\"1\"\n                data-row-index=\"2\"\n                style=\"                padding:10px;\"\n                >\n                                Fatigue chronique, douleurs invalidantes, alt\u00e9ration de la qualit\u00e9 de vie quotidienne, d\u00e9t\u00e9rioration de l'\u00e9tat de sant\u00e9 progressif                <\/td>\n                                        <\/tr>\n                            <tr class=\"wpdt-cell-row \" >\n                            <td class=\"wpdt-cell \"\n                                    data-cell-id=\"A4\"\n                data-col-index=\"0\"\n                data-row-index=\"3\"\n                style=\"                padding:10px;\"\n                >\n                                Handicaps Psychiques et Cognitifs                <\/td>\n                                            <td class=\"wpdt-cell \"\n                                    data-cell-id=\"B4\"\n                data-col-index=\"1\"\n                data-row-index=\"3\"\n                style=\"                padding:10px;\"\n                >\n                                Difficult\u00e9s dans la gestion des \u00e9motions, des relations ociales, de la concentration, impact sur la vie sociale et professionnelle                <\/td>\n                                        <\/tr>\n                    <\/table>\n<\/div><style id='wpdt-custom-style-478'>\ntable#wpdtSimpleTable-478{ table-layout: fixed !important; }\n.wpdt-bc-F3F9FE { background-color: #F3F9FE !important;}\n<\/style>\n\n<p><iframe loading=\"lazy\" src=\"\/\/www.youtube.com\/embed\/MdiYHpnlAvg\" width=\"560\" height=\"314\" allowfullscreen=\"allowfullscreen\"><\/iframe><\/p>\n<h1>Quel est le processus de reconnaissance par la MDPH ?<\/h1>\n<h2>L&rsquo;\u00e9valuation des besoins et des limitations<\/h2>\n<p>L&rsquo;\u00e9valuation des besoins et des limitations constitue une \u00e9tape cruciale dans le processus de reconnaissance du handicap par la MDPH. Cette \u00e9valuation repose sur une analyse approfondie des difficult\u00e9s rencontr\u00e9es par la personne au quotidien en raison de son handicap ou de sa maladie. Elle se d\u00e9roule g\u00e9n\u00e9ralement de la mani\u00e8re suivante :<\/p>\n<ol>\n<li><strong>Entretien et observation :<\/strong> un professionnel, souvent un travailleur social ou un r\u00e9f\u00e9rent de la MDPH, r\u00e9alise un entretien approfondi avec la personne en situation de handicap ou avec son repr\u00e9sentant l\u00e9gal. Cela permet de recueillir des informations sur les limitations fonctionnelles, les difficult\u00e9s rencontr\u00e9es dans les activit\u00e9s quotidiennes, professionnelles, sociales, etc.<\/li>\n<li><strong>\u00c9valuation pluridisciplinaire :<\/strong> des professionnels de diff\u00e9rents domaines (m\u00e9decins, psychologues, ergoth\u00e9rapeutes, etc.) peuvent intervenir pour \u00e9valuer l&rsquo;impact du handicap ou de la maladie sur les capacit\u00e9s physiques, cognitives, psychologiques et sociales de la personne.<\/li>\n<li><strong>Examen des documents m\u00e9dicaux :<\/strong> des rapports m\u00e9dicaux, certificats m\u00e9dicaux et autres documents fournis par les professionnels de sant\u00e9 sont examin\u00e9s pour comprendre la nature et l&rsquo;\u00e9tendue du handicap, ainsi que ses cons\u00e9quences sur la vie quotidienne.<\/li>\n<li><strong>Analyse de l&rsquo;autonomie et des limitations :<\/strong> l&rsquo;\u00e9valuation porte sur la capacit\u00e9 de la personne \u00e0 r\u00e9aliser des gestes de la vie quotidienne, sa mobilit\u00e9, ses interactions sociales, son acc\u00e8s \u00e0 l&rsquo;\u00e9ducation ou \u00e0 l&#8217;emploi, ainsi que sur les am\u00e9nagements n\u00e9cessaires pour compenser les limitations.<\/li>\n<\/ol>\n<p>Cette \u00e9tape permet de d\u00e9terminer les besoins sp\u00e9cifiques de la personne en situation de handicap et sert de base \u00e0 la recommandation des aides, prestations et am\u00e9nagements adapt\u00e9s qui seront envisag\u00e9s par la suite par la MDPH.<\/p>\n<div class=\"flex-shrink-0 flex flex-col relative items-end\">\n<div class=\"pt-0.5\">\n<div class=\"gizmo-shadow-stroke flex h-6 w-6 items-center justify-center overflow-hidden rounded-full\">\n<h2 class=\"relative flex\">Quelles sont les d\u00e9marches administratives et constitution du dossier ?<\/h2>\n<p>Les d\u00e9marches administratives pour la reconnaissance du handicap aupr\u00e8s de la MDPH impliquent la constitution d&rsquo;un dossier complet et pr\u00e9cis. Voici les \u00e9tapes g\u00e9n\u00e9rales de ce processus :<\/p>\n<ul>\n<li><strong>R\u00e9colte des documents :<\/strong> rassemblez tous les documents m\u00e9dicaux pertinents, tels que les certificats m\u00e9dicaux, les comptes rendus d&rsquo;hospitalisation, les rapports de sp\u00e9cialistes, etc., qui d\u00e9crivent pr\u00e9cis\u00e9ment la nature du handicap ou de la maladie, ainsi que ses r\u00e9percussions sur la vie quotidienne.<\/li>\n<li><strong>Remplissage du formulaire de demande :<\/strong> obtenez et remplissez le formulaire sp\u00e9cifique de demande de la MDPH. Ce formulaire, disponible en ligne ou aupr\u00e8s de la MDPH de votre d\u00e9partement, recueille des informations sur l&rsquo;\u00e9tat de sant\u00e9, les difficult\u00e9s rencontr\u00e9es et les besoins sp\u00e9cifiques de la personne en situation de handicap.<\/li>\n<li><strong>Joindre les pi\u00e8ces justificatives :<\/strong> assurez-vous d&rsquo;inclure toutes les pi\u00e8ces justificatives n\u00e9cessaires \u00e0 l&rsquo;appui de votre demande. Ces documents m\u00e9dicaux et administratifs renforcent la l\u00e9gitimit\u00e9 de la demande et permettent \u00e0 la MDPH d&rsquo;\u00e9valuer plus pr\u00e9cis\u00e9ment les besoins.<\/li>\n<li><strong>R\u00e9daction d&rsquo;un projet de vie :<\/strong> il peut \u00eatre utile d&rsquo;accompagner la demande d&rsquo;un projet de vie d\u00e9taillant les attentes, les projets d&rsquo;avenir, les besoins sp\u00e9cifiques en mati\u00e8re d&rsquo;am\u00e9nagements ou d&rsquo;aides, afin d&rsquo;\u00e9clairer la MDPH sur les mesures les plus adapt\u00e9es \u00e0 votre situation.<\/li>\n<li><strong>Transmission du dossier :<\/strong> une fois complet, envoyez le dossier par voie postale ou d\u00e9posez-le directement \u00e0 la MDPH de votre d\u00e9partement. Veillez \u00e0 conserver une copie de tous les documents transmis pour vos archives.<\/li>\n<\/ul>\n<div class='cta-block'><div class='text'>Simulez toutes vos aides en 2 min.<\/div><a href='https:\/\/www.mes-allocs.fr\/ab-app?origin=guides\/wp-json\/wp\/v2\/posts\/71069' class='app-button fit'>Simulation gratuite<\/a><\/div>\n<\/div>\n<\/div>\n<\/div>\n","protected":false},"excerpt":{"rendered":"<p>[Mis \u00e0 jour le 02\/04\/2026] L\u2019attribution d\u2019aides li\u00e9es au handicap n\u00e9cessite souvent la reconnaissance d\u2019une situation m\u00e9dicale par la Maison D\u00e9partementale des Personnes Handicap\u00e9es (MDPH). Cette reconnaissance repose sur une \u00e9valuation des limitations rencontr\u00e9es dans votre vie quotidienne, qu\u2019elles soient physiques, psychiques ou cognitives. Mes Allocs vous donne la liste de 30 maladies reconnues par [&hellip;]<\/p>\n","protected":false},"author":26,"featured_media":71072,"comment_status":"closed","ping_status":"open","sticky":false,"template":"","format":"standard","meta":{"amp_status":"","footnotes":""},"categories":[35708,14320],"tags":[],"class_list":["post-71069","post","type-post","status-publish","format-standard","has-post-thumbnail","hentry","category-aide-handicap","category-aide-par-situation"],"yoast_head":"<!-- This site is optimized with the Yoast SEO plugin v14.9 - https:\/\/yoast.com\/wordpress\/plugins\/seo\/ -->\n<title>Liste des 30 maladies reconnues par la MDPH en 2026 | Mes-Allocs.fr<\/title>\n<meta name=\"description\" content=\"D\u00e9couvrez la liste de 30 maladies souvent reconnues par la MDPH et les aides possibles pour les personnes en situation de handicap.\" \/>\n<meta name=\"robots\" content=\"index, follow, max-snippet:-1, max-image-preview:large, max-video-preview:-1\" \/>\n<link rel=\"canonical\" href=\"https:\/\/www.mes-allocs.fr\/guides\/aide-par-situation\/aide-handicap\/maladies-reconnues-mdph\/\" \/>\n<meta property=\"og:locale\" content=\"fr_FR\" \/>\n<meta property=\"og:type\" content=\"article\" \/>\n<meta property=\"og:title\" content=\"Liste des 30 maladies reconnues par la MDPH en 2026 | Mes-Allocs.fr\" \/>\n<meta property=\"og:description\" content=\"D\u00e9couvrez la liste de 30 maladies souvent reconnues par la MDPH et les aides possibles pour les personnes en situation de handicap.\" \/>\n<meta property=\"og:url\" content=\"https:\/\/www.mes-allocs.fr\/guides\/aide-par-situation\/aide-handicap\/maladies-reconnues-mdph\/\" \/>\n<meta property=\"og:site_name\" content=\"Mes-Allocs.fr\" \/>\n<meta property=\"article:published_time\" content=\"2023-11-17T17:23:29+00:00\" \/>\n<meta property=\"article:modified_time\" content=\"2026-04-02T07:58:41+00:00\" \/>\n<meta property=\"og:image\" content=\"https:\/\/www.mes-allocs.fr\/guides\/wp-content\/uploads\/2023\/11\/maladie-reconnue-par-la-mdph.png?wsr\" \/>\n\t<meta property=\"og:image:width\" content=\"1280\" \/>\n\t<meta property=\"og:image:height\" content=\"1280\" \/>\n<meta name=\"twitter:card\" content=\"summary_large_image\" \/>\n<script type=\"application\/ld+json\" class=\"yoast-schema-graph\">{\"@context\":\"https:\/\/schema.org\",\"@graph\":[{\"@type\":\"WebSite\",\"@id\":\"https:\/\/www.mes-allocs.fr\/guides\/#website\",\"url\":\"https:\/\/www.mes-allocs.fr\/guides\/\",\"name\":\"Mes-Allocs.fr\",\"description\":\"\",\"potentialAction\":[{\"@type\":\"SearchAction\",\"target\":\"https:\/\/www.mes-allocs.fr\/guides\/?s={search_term_string}\",\"query-input\":\"required name=search_term_string\"}],\"inLanguage\":\"fr-FR\"},{\"@type\":\"ImageObject\",\"@id\":\"https:\/\/www.mes-allocs.fr\/guides\/aide-par-situation\/aide-handicap\/maladies-reconnues-mdph\/#primaryimage\",\"inLanguage\":\"fr-FR\",\"url\":\"https:\/\/www.mes-allocs.fr\/guides\/wp-content\/uploads\/2023\/11\/maladie-reconnue-par-la-mdph.png?wsr\",\"width\":1280,\"height\":1280,\"caption\":\"pension invalidit\\u00e9 mdph\"},{\"@type\":\"WebPage\",\"@id\":\"https:\/\/www.mes-allocs.fr\/guides\/aide-par-situation\/aide-handicap\/maladies-reconnues-mdph\/#webpage\",\"url\":\"https:\/\/www.mes-allocs.fr\/guides\/aide-par-situation\/aide-handicap\/maladies-reconnues-mdph\/\",\"name\":\"Liste des 30 maladies reconnues par la MDPH en 2026 | Mes-Allocs.fr\",\"isPartOf\":{\"@id\":\"https:\/\/www.mes-allocs.fr\/guides\/#website\"},\"primaryImageOfPage\":{\"@id\":\"https:\/\/www.mes-allocs.fr\/guides\/aide-par-situation\/aide-handicap\/maladies-reconnues-mdph\/#primaryimage\"},\"datePublished\":\"2023-11-17T17:23:29+00:00\",\"dateModified\":\"2026-04-02T07:58:41+00:00\",\"author\":{\"@id\":\"https:\/\/www.mes-allocs.fr\/guides\/#\/schema\/person\/9c38f3be41a0ddcd1e3fde5a3df713bf\"},\"description\":\"D\\u00e9couvrez la liste de 30 maladies souvent reconnues par la MDPH et les aides possibles pour les personnes en situation de handicap.\",\"inLanguage\":\"fr-FR\"},{\"@type\":\"Person\",\"@id\":\"https:\/\/www.mes-allocs.fr\/guides\/#\/schema\/person\/9c38f3be41a0ddcd1e3fde5a3df713bf\",\"name\":\"Sessime Ananou\",\"image\":{\"@type\":\"ImageObject\",\"@id\":\"https:\/\/www.mes-allocs.fr\/guides\/#personlogo\",\"inLanguage\":\"fr-FR\",\"url\":\"https:\/\/www.mes-allocs.fr\/guides\/wp-content\/uploads\/2023\/08\/IMG_8173-150x150.jpg\",\"caption\":\"Sessime Ananou\"},\"description\":\"Sessime est r\\u00e9dactrice chez Mes Allocs, sp\\u00e9cialis\\u00e9e sur le pouvoir d'achat. Elle rejoint l'\\u00e9quipe Mes Allocs en ao\\u00fbt 2023 afin de simplifier l'acc\\u00e8s \\u00e0 l'information sur les aides en g\\u00e9n\\u00e9ral.\"}]}<\/script>\n<!-- \/ Yoast SEO plugin. -->","amp_validity":null,"acf":{"faq":{"1":{"question":"Quelles sont les maladies qui sont reconnues par la MDPH ?","answer":"Les maladies chroniques invalidantes."},"2":{"question":"Quelles maladies donnent droit \u00e0 une invalidit\u00e9 ?","answer":"Maladies cardiovasculaires, diab\u00e8te, insuffisance r\u00e9nale chronique, h\u00e9patites, cancers, maladies respiratoires, scl\u00e9rose en plaques, maladies de l'appareil digestif, VIH."},"3":{"question":"Comment savoir si j'ai droit \u00e0 la MDPH ?","answer":"Vous devez avoir 20 ans ou 16 ans au minimum si vous n'\u00eates plus \u00e0 la charge de vos parents pour le b\u00e9n\u00e9fice des prestations familiales. Vous devez r\u00e9sider en France."},"4":{"question":"Quelles sont les conditions pour faire un dossier MDPH ?","answer":"Il faut remplir un dossier de demande demander \u00e0 votre m\u00e9decin de remplir un certificat m\u00e9dical et donner des documents en plus. "},"5":{"question":"Qui peut pr\u00e9tendre \u00e0 MDPH ?","answer":"Pour en b\u00e9n\u00e9ficier, le handicap doit avoir \u00e9t\u00e9 diagnostiqu\u00e9 par un professionnel de sant\u00e9 (g\u00e9n\u00e9raliste, psychiatre...)."},"6":{"question":"Quel d\u00e9lai pour avoir une r\u00e9ponse de la MDPH ?","answer":"Le d\u00e9lai moyen est de 3,9 mois pour 85% des MDPH soit un d\u00e9lai en dessous du d\u00e9lai de r\u00e9f\u00e9rence de 4 mois."},"7":{"question":"","answer":""},"8":{"question":"","answer":""},"9":{"question":"","answer":""},"10":{"question":"","answer":""},"11":{"question":"","answer":""},"12":{"question":"","answer":""},"13":{"question":"","answer":""},"14":{"question":"","answer":""},"15":{"question":"","answer":""},"16":{"question":"","answer":""}}},"_links":{"self":[{"href":"https:\/\/www.mes-allocs.fr\/guides\/wp-json\/wp\/v2\/posts\/71069","targetHints":{"allow":["GET"]}}],"collection":[{"href":"https:\/\/www.mes-allocs.fr\/guides\/wp-json\/wp\/v2\/posts"}],"about":[{"href":"https:\/\/www.mes-allocs.fr\/guides\/wp-json\/wp\/v2\/types\/post"}],"author":[{"embeddable":true,"href":"https:\/\/www.mes-allocs.fr\/guides\/wp-json\/wp\/v2\/users\/26"}],"replies":[{"embeddable":true,"href":"https:\/\/www.mes-allocs.fr\/guides\/wp-json\/wp\/v2\/comments?post=71069"}],"version-history":[{"count":12,"href":"https:\/\/www.mes-allocs.fr\/guides\/wp-json\/wp\/v2\/posts\/71069\/revisions"}],"predecessor-version":[{"id":111305,"href":"https:\/\/www.mes-allocs.fr\/guides\/wp-json\/wp\/v2\/posts\/71069\/revisions\/111305"}],"wp:featuredmedia":[{"embeddable":true,"href":"https:\/\/www.mes-allocs.fr\/guides\/wp-json\/wp\/v2\/media\/71072"}],"wp:attachment":[{"href":"https:\/\/www.mes-allocs.fr\/guides\/wp-json\/wp\/v2\/media?parent=71069"}],"wp:term":[{"taxonomy":"category","embeddable":true,"href":"https:\/\/www.mes-allocs.fr\/guides\/wp-json\/wp\/v2\/categories?post=71069"},{"taxonomy":"post_tag","embeddable":true,"href":"https:\/\/www.mes-allocs.fr\/guides\/wp-json\/wp\/v2\/tags?post=71069"}],"curies":[{"name":"wp","href":"https:\/\/api.w.org\/{rel}","templated":true}]}}