{"id":71057,"date":"2023-11-17T17:56:06","date_gmt":"2023-11-17T15:56:06","guid":{"rendered":"https:\/\/www.mes-allocs.fr\/guides\/?p=71057"},"modified":"2026-04-10T16:09:20","modified_gmt":"2026-04-10T15:09:20","slug":"aide-secours-populaire","status":"publish","type":"post","link":"https:\/\/www.mes-allocs.fr\/guides\/aides-sociales\/aide-secours-populaire\/","title":{"rendered":"Quelles sont les aides du secours populaire ?"},"content":{"rendered":"<p><img loading=\"lazy\" decoding=\"async\" class=\"alignnone wp-image-71060 size-full\" title=\"secours populaire\" src=\"https:\/\/www.mes-allocs.fr\/guides\/wp-content\/uploads\/2023\/11\/secours-populaire-e1700235567954.jpg\" alt=\"secours populaire\" width=\"1280\" height=\"272\" srcset=\"https:\/\/www.mes-allocs.fr\/guides\/wp-content\/uploads\/2023\/11\/secours-populaire-e1700235567954.jpg 1280w, https:\/\/www.mes-allocs.fr\/guides\/wp-content\/uploads\/2023\/11\/secours-populaire-e1700235567954-300x64.jpg 300w, https:\/\/www.mes-allocs.fr\/guides\/wp-content\/uploads\/2023\/11\/secours-populaire-e1700235567954-1024x218.jpg 1024w, https:\/\/www.mes-allocs.fr\/guides\/wp-content\/uploads\/2023\/11\/secours-populaire-e1700235567954-768x163.jpg 768w, https:\/\/www.mes-allocs.fr\/guides\/wp-content\/uploads\/2023\/11\/secours-populaire-e1700235567954-600x128.jpg 600w\" sizes=\"auto, (max-width: 1280px) 100vw, 1280px\" \/><\/p>\n<p>[Mis \u00e0 jour le 10\/04\/2026]\u00a0<strong> Le Secours Populaire Fran\u00e7ais est une association reconnue pour son engagement en faveur de la lutte contre la pr\u00e9carit\u00e9 et l&rsquo;exclusion. \u00c0 travers ses multiples initiatives, cette organisation offre diff\u00e9rents types d&rsquo;aides visant \u00e0 soutenir les personnes en difficult\u00e9, que ce soit sur le plan alimentaire, vestimentaire, \u00e9ducatif, ou encore pour l&rsquo;acc\u00e8s aux soins de sant\u00e9. Parmi ces <a href=\"https:\/\/www.mes-allocs.fr\/guides\/aides-sociales\/\">aides<\/a>, le Secours Populaire propose une palette vari\u00e9e de soutiens concrets pour r\u00e9pondre aux besoins urgents des personnes en situation de pr\u00e9carit\u00e9.<\/strong><\/p>\n<div class='cta-block'><div class='text'>Simulez toutes vos aides en 2 min.<\/div><a href='https:\/\/www.mes-allocs.fr\/ab-app?origin=guides\/wp-json\/wp\/v2\/posts\/71057' class='app-button fit'>Simulation gratuite<\/a><\/div>\n<h1>Quelles sont les aides alimentaires et distributions de denr\u00e9es ?<\/h1>\n<p>Le Secours Populaire Fran\u00e7ais d\u00e9ploie diverses initiatives pour r\u00e9pondre aux besoins alimentaires urgents des personnes en difficult\u00e9.<\/p>\n<h2>Les paniers alimentaires et colis d&rsquo;urgence<\/h2>\n<p>Les paniers alimentaires et les colis d&rsquo;urgence constituent une r\u00e9ponse imm\u00e9diate aux besoins alimentaires des familles en situation de pr\u00e9carit\u00e9. Ils comprennent des produits de premi\u00e8re n\u00e9cessit\u00e9, des denr\u00e9es non p\u00e9rissables et des produits frais, offrant ainsi une aide concr\u00e8te pour subvenir aux besoins alimentaires de base.<\/p>\n<h2>Les restaurants solidaires et \u00e9piceries sociales<\/h2>\n<p>Les restaurants solidaires et les \u00e9piceries sociales offrent des repas chauds ou des produits alimentaires \u00e0 tarifs r\u00e9duits voire gratuitement. Ces lieux permettent aux personnes dans le besoin de se restaurer dignement ou d&rsquo;acheter des produits alimentaires \u00e0 des prix abordables, favorisant ainsi l&rsquo;acc\u00e8s \u00e0 une alimentation saine et \u00e9quilibr\u00e9e.<\/p>\n<h2>La campagnes de collecte alimentaire<\/h2>\n<p>Les campagnes de collecte alimentaire, organis\u00e9es r\u00e9guli\u00e8rement par le Secours Populaire, mobilisent la g\u00e9n\u00e9rosit\u00e9 du public. Ces \u00e9v\u00e9nements permettent de rassembler des denr\u00e9es non p\u00e9rissables, des produits alimentaires et des fonds pour soutenir la constitution de stocks et r\u00e9pondre aux besoins alimentaires des personnes en difficult\u00e9.<\/p>\n<div class='cta-block'><div class='text'>Simulez toutes vos Aides en 2 min.<\/div><a href='https:\/\/www.mes-allocs.fr\/ab-app?origin=guides\/wp-json\/wp\/v2\/posts\/71057' class='app-button fit'>Simulation gratuite<\/a><\/div>\n<p><iframe loading=\"lazy\" src=\"\/\/www.youtube.com\/embed\/jtK96lpSlN0\" width=\"560\" height=\"314\" allowfullscreen=\"allowfullscreen\"><\/iframe><\/p>\n<h1>Quelles sont les aides vestimentaires et d&rsquo;\u00e9quipement ?<\/h1>\n<h2>Les vestiaires solidaires et dons de v\u00eatements<\/h2>\n<p><strong>Les vestiaires solidaires constituent des lieux o\u00f9 sont propos\u00e9s gratuitement des v\u00eatements, chaussures et accessoires<\/strong>. Les dons de v\u00eatements permettent de constituer des stocks renouvel\u00e9s r\u00e9guli\u00e8rement, offrant ainsi la possibilit\u00e9 aux personnes dans le besoin d&rsquo;acc\u00e9der \u00e0 des v\u00eatements de qualit\u00e9 et adapt\u00e9s \u00e0 leurs besoins.<\/p>\n<h2>La distribution d&rsquo;\u00e9quipements de premi\u00e8re n\u00e9cessit\u00e9<\/h2>\n<p>En plus des v\u00eatements, le Secours Populaire offre \u00e9galement des \u00e9quipements de premi\u00e8re n\u00e9cessit\u00e9 tels que des couvertures, des produits d&rsquo;hygi\u00e8ne (savon, dentifrice, etc.) et d&rsquo;autres articles essentiels. Ces distributions visent \u00e0 r\u00e9pondre aux besoins de base en mati\u00e8re d&rsquo;hygi\u00e8ne et de confort des personnes les plus d\u00e9munies.<\/p>\n<h2>Les campagnes de collecte de v\u00eatements et d&rsquo;accessoires<\/h2>\n<p>Les campagnes de collecte de v\u00eatements et d&rsquo;accessoires sont des \u00e9v\u00e9nements r\u00e9guliers organis\u00e9s par le Secours Populaire pour collecter des dons de v\u00eatements, chaussures, et accessoires divers. Ces campagnes visent \u00e0 renforcer les stocks disponibles pour r\u00e9pondre aux besoins vestimentaires vari\u00e9s des personnes en situation de pr\u00e9carit\u00e9.<\/p>\n<p>Voici un tableau qui illustre quelques-unes des initiatives propos\u00e9es par le Secours Populaire pour r\u00e9pondre aux besoins vestimentaires et d&rsquo;\u00e9quipement des personnes en difficult\u00e9 :<\/p>\n\n<div class=\"wpdt-c row wpDataTableContainerSimpleTable wpDataTables wpDataTablesWrapper\n\"\n    >\n    <table id=\"wpdtSimpleTable-475table_view=regular\"\n           class=\"wpdtSimpleTable wpDataTable\"\n           data-column=\"3\"\n           data-rows=\"4\"\n           data-wpID=\"475table_view=regular\"\n           data-responsive=\"0\"\n           data-has-header=\"1\">\n\n                    <thead>        <tr class=\"wpdt-cell-row \" >\n                            <th class=\"wpdt-cell wpdt-bc-F3F9FE wpdt-bold\"\n                                    data-cell-id=\"A1\"\n                data-col-index=\"0\"\n                data-row-index=\"0\"\n                style=\" width:32.163080407701%;                padding:10px;\"\n                >\n                                Nom de l'Association                <\/th>\n                                            <th class=\"wpdt-cell wpdt-bc-F3F9FE wpdt-bold\"\n                                    data-cell-id=\"B1\"\n                data-col-index=\"1\"\n                data-row-index=\"0\"\n                style=\" width:35.673839184598%;                padding:10px;\"\n                >\n                                Type d'Aide                <\/th>\n                                            <th class=\"wpdt-cell wpdt-bold wpdt-bc-F3F9FE\"\n                                    data-cell-id=\"C1\"\n                data-col-index=\"2\"\n                data-row-index=\"0\"\n                style=\" width:32.163080407701%;                padding:10px;\"\n                >\n                                Contact                <\/th>\n                                        <\/tr>\n                    <tbody>        <tr class=\"wpdt-cell-row \" >\n                            <td class=\"wpdt-cell \"\n                                    data-cell-id=\"A2\"\n                data-col-index=\"0\"\n                data-row-index=\"1\"\n                style=\"                padding:10px;\"\n                >\n                                Secours Populaire                <\/td>\n                                            <td class=\"wpdt-cell \"\n                                    data-cell-id=\"B2\"\n                data-col-index=\"1\"\n                data-row-index=\"1\"\n                style=\"                padding:10px;\"\n                >\n                                Vestiaires solidaires et dons de v\u00eatements                <\/td>\n                                            <td class=\"wpdt-cell \"\n                                    data-cell-id=\"C2\"\n                data-col-index=\"2\"\n                data-row-index=\"1\"\n                style=\"                padding:10px;\"\n                >\n                                www.secourspopulaire.fr                <\/td>\n                                        <\/tr>\n                            <tr class=\"wpdt-cell-row \" >\n                            <td class=\"wpdt-cell \"\n                                    data-cell-id=\"A3\"\n                data-col-index=\"0\"\n                data-row-index=\"2\"\n                style=\"                padding:10px;\"\n                >\n                                Secours Populaire                <\/td>\n                                            <td class=\"wpdt-cell \"\n                                    data-cell-id=\"B3\"\n                data-col-index=\"1\"\n                data-row-index=\"2\"\n                style=\"                padding:10px;\"\n                >\n                                Distribution d'\u00e9quipements de premi\u00e8re n\u00e9cessit\u00e9                <\/td>\n                                            <td class=\"wpdt-cell \"\n                                    data-cell-id=\"C3\"\n                data-col-index=\"2\"\n                data-row-index=\"2\"\n                style=\"                padding:10px;\"\n                >\n                                www.secourspopulaire.fr                <\/td>\n                                        <\/tr>\n                            <tr class=\"wpdt-cell-row \" >\n                            <td class=\"wpdt-cell \"\n                                    data-cell-id=\"A4\"\n                data-col-index=\"0\"\n                data-row-index=\"3\"\n                style=\"                padding:10px;\"\n                >\n                                Secours Populaire                <\/td>\n                                            <td class=\"wpdt-cell \"\n                                    data-cell-id=\"B4\"\n                data-col-index=\"1\"\n                data-row-index=\"3\"\n                style=\"                padding:10px;\"\n                >\n                                Campagnes de collecte de v\u00eatements et accessoires                <\/td>\n                                            <td class=\"wpdt-cell \"\n                                    data-cell-id=\"C4\"\n                data-col-index=\"2\"\n                data-row-index=\"3\"\n                style=\"                padding:10px;\"\n                >\n                                www.secourspopulaire.fr                <\/td>\n                                        <\/tr>\n                    <\/table>\n<\/div><style id='wpdt-custom-style-475table_view=regular'>\ntable#wpdtSimpleTable-475table_view=regular{ table-layout: fixed !important; }\n.wpdt-bc-F3F9FE { background-color: #F3F9FE !important;}\n<\/style>\n\n<h1>Un soutien \u00e9ducatif et d&rsquo;insertion sociale<\/h1>\n<p>Le Secours Populaire Fran\u00e7ais s&rsquo;engage dans des actions visant \u00e0 soutenir l&rsquo;\u00e9ducation et l&rsquo;insertion sociale des individus en difficult\u00e9.<\/p>\n<h2>L&rsquo;accompagnement scolaire et \u00a0les aides aux devoirs<\/h2>\n<p>L&rsquo;accompagnement scolaire et les aides aux devoirs constituent une initiative essentielle du Secours Populaire Fran\u00e7ais visant \u00e0 soutenir la r\u00e9ussite \u00e9ducative des enfants et adolescents issus de milieux d\u00e9favoris\u00e9s.<\/p>\n<p>Ces programmes offrent un<strong> encadrement p\u00e9dagogique personnalis<\/strong>\u00e9, r\u00e9alis\u00e9 par des b\u00e9n\u00e9voles form\u00e9s, pour aider les \u00e9l\u00e8ves \u00e0 mieux assimiler leurs cours, \u00e0 surmonter leurs difficult\u00e9s et \u00e0 renforcer leurs comp\u00e9tences acad\u00e9miques. Ils permettent \u00e9galement de combler les \u00e9ventuelles lacunes, de consolider les acquis et d&rsquo;encourager la motivation scolaire.<\/p>\n<p>Au-del\u00e0 de l&rsquo;aide aux devoirs, cet accompagnement scolaire vise \u00e0 favoriser la confiance en soi des \u00e9l\u00e8ves, \u00e0 d\u00e9velopper leur autonomie dans le travail personnel et \u00e0 leur offrir un suivi r\u00e9gulier pour garantir leur progression acad\u00e9mique. Ces actions contribuent ainsi \u00e0 r\u00e9duire les in\u00e9galit\u00e9s \u00e9ducatives en offrant un soutien adapt\u00e9 \u00e0 chaque enfant pour qu&rsquo;il puisse s&rsquo;\u00e9panouir pleinement dans son parcours scolaire.<\/p>\n<h2>Les initiatives pour l&rsquo;acc\u00e8s \u00e0 la culture et aux loisirs<\/h2>\n<p>Les initiatives du Secours Populaire pour l&rsquo;acc\u00e8s \u00e0 la culture et aux loisirs visent \u00e0 offrir des opportunit\u00e9s d&rsquo;\u00e9panouissement personnel et social aux personnes en situation de pr\u00e9carit\u00e9.<\/p>\n<p>Ces actions comprennent des<strong> sorties culturelles<\/strong>, des <strong>visites de mus\u00e9es<\/strong>, des <strong>spectacles<\/strong>, des <strong>ateliers artistiques<\/strong>, ainsi que des activit\u00e9s sportives et de loisirs. Elles permettent aux b\u00e9n\u00e9ficiaires de s&rsquo;ouvrir \u00e0 de nouvelles exp\u00e9riences, de d\u00e9velopper leur cr\u00e9ativit\u00e9, et de participer \u00e0 des activit\u00e9s enrichissantes, souvent inaccessibles pour des raisons financi\u00e8res.<\/p>\n<p>En favorisant l&rsquo;acc\u00e8s \u00e0 la culture et aux loisirs, le Secours Populaire cherche \u00e0 briser l&rsquo;isolement, \u00e0 renforcer le lien social, et \u00e0 promouvoir le bien-\u00eatre psychologique des personnes d\u00e9favoris\u00e9es. Ces initiatives contribuent ainsi \u00e0 \u00e9largir les horizons des b\u00e9n\u00e9ficiaires en leur offrant des moments de plaisir, d&rsquo;apprentissage et de partage, contribuant ainsi \u00e0 leur \u00e9panouissement personnel et \u00e0 leur int\u00e9gration dans la soci\u00e9t\u00e9.<\/p>\n<h2>Les programmes d&rsquo;insertion professionnelle et de r\u00e9insertion sociale<\/h2>\n<p>Des programmes sp\u00e9cifiques sont mis en place pour favoriser l&rsquo;insertion professionnelle et la r\u00e9insertion sociale des adultes en situation de pr\u00e9carit\u00e9. Ces programmes offrent un accompagnement personnalis\u00e9, des formations professionnelles et des opportunit\u00e9s d&#8217;emploi visant \u00e0 faciliter l&rsquo;insertion durable sur le march\u00e9 du travail.<\/p>\n<ul>\n<li><strong>Accompagnement personnalis\u00e9 :<\/strong> les programmes d&rsquo;insertion professionnelle offrent un suivi individualis\u00e9 pour chaque participant, comprenant des conseils, des formations adapt\u00e9es et un accompagnement tout au long du processus d&rsquo;insertion.<\/li>\n<li><strong>Formations professionnelles :<\/strong> ces programmes proposent des formations cibl\u00e9es pour renforcer les comp\u00e9tences des b\u00e9n\u00e9ficiaires, favoriser leur adaptation au march\u00e9 du travail et faciliter leur acc\u00e8s \u00e0 l&#8217;emploi.<\/li>\n<li><strong>Opportunit\u00e9s d&#8217;emploi :<\/strong> en partenariat avec des entreprises, le Secours Populaire travaille \u00e0 cr\u00e9er des opportunit\u00e9s d&#8217;emploi, facilitant ainsi l&rsquo;int\u00e9gration professionnelle des personnes en difficult\u00e9.<\/li>\n<li><strong>Soutien \u00e0 la r\u00e9insertion sociale :<\/strong> au-del\u00e0 de l&#8217;emploi, ces programmes visent \u00e9galement \u00e0 accompagner la r\u00e9insertion sociale des participants, en les aidant \u00e0 retrouver une stabilit\u00e9 personnelle et familiale, et \u00e0 s&rsquo;int\u00e9grer pleinement dans la soci\u00e9t\u00e9.<\/li>\n<li><strong>R\u00e9seautage et orientation professionnelle :<\/strong> ces programmes incluent souvent des s\u00e9ances de r\u00e9seautage, des sessions d&rsquo;orientation professionnelle et des conseils pour faciliter l&rsquo;int\u00e9gration des participants dans le monde du travail.<\/li>\n<\/ul>\n<p>Ces programmes d&rsquo;insertion professionnelle et de r\u00e9insertion sociale du Secours Populaire ont pour objectif d&rsquo;offrir aux personnes en difficult\u00e9 les outils n\u00e9cessaires pour acc\u00e9der \u00e0 un emploi stable, mais aussi pour retrouver leur place au sein de la soci\u00e9t\u00e9 en favorisant leur autonomie et leur bien-\u00eatre.<\/p>\n<h1>Exon\u00e9ration des dons aux associations prolong\u00e9 en 2026<\/h1>\n<p>L&rsquo;avantage fiscal pour les dons aux associations est<strong> maintenu jusqu&rsquo;en 2027<\/strong>. Vous pouvez ainsi continuer \u00e0 d\u00e9duire 7<strong>5% <\/strong>de vos dons aux associations caritatives et humanitaires de votre imp\u00f4t, <strong>dans la limite de 1000\u20ac<\/strong>. Au-del\u00e0 de cette somme, la r\u00e9duction est de 66% et ne peut d\u00e9passer 20% de vos revenus imposables.<\/p>\n<div class='cta-block'><div class='text'>Simulez toutes vos Aides en 2 min.<\/div><a href='https:\/\/www.mes-allocs.fr\/ab-app?origin=guides\/wp-json\/wp\/v2\/posts\/71057' class='app-button fit'>Simulation gratuite<\/a><\/div>\n","protected":false},"excerpt":{"rendered":"<p>[Mis \u00e0 jour le 10\/04\/2026]\u00a0 Le Secours Populaire Fran\u00e7ais est une association reconnue pour son engagement en faveur de la lutte contre la pr\u00e9carit\u00e9 et l&rsquo;exclusion. \u00c0 travers ses multiples initiatives, cette organisation offre diff\u00e9rents types d&rsquo;aides visant \u00e0 soutenir les personnes en difficult\u00e9, que ce soit sur le plan alimentaire, vestimentaire, \u00e9ducatif, ou encore [&hellip;]<\/p>\n","protected":false},"author":26,"featured_media":71058,"comment_status":"closed","ping_status":"open","sticky":false,"template":"","format":"standard","meta":{"amp_status":"","footnotes":""},"categories":[1411],"tags":[],"class_list":["post-71057","post","type-post","status-publish","format-standard","has-post-thumbnail","hentry","category-aides-sociales"],"yoast_head":"<!-- This site is optimized with the Yoast SEO plugin v14.9 - https:\/\/yoast.com\/wordpress\/plugins\/seo\/ -->\n<title>Quelles sont les aides du secours populaire ? | Mes-Allocs.fr<\/title>\n<meta name=\"description\" content=\"Le Secours Populaire Fran\u00e7ais est une association reconnue pour son engagement en faveur de la lutte contre la pr\u00e9carit\u00e9 et l&#039;exclusion.\" \/>\n<meta name=\"robots\" content=\"index, follow, max-snippet:-1, max-image-preview:large, max-video-preview:-1\" \/>\n<link rel=\"canonical\" href=\"https:\/\/www.mes-allocs.fr\/guides\/aides-sociales\/aide-secours-populaire\/\" \/>\n<meta property=\"og:locale\" content=\"fr_FR\" \/>\n<meta property=\"og:type\" content=\"article\" \/>\n<meta property=\"og:title\" content=\"Quelles sont les aides du secours populaire ? | Mes-Allocs.fr\" \/>\n<meta property=\"og:description\" content=\"Le Secours Populaire Fran\u00e7ais est une association reconnue pour son engagement en faveur de la lutte contre la pr\u00e9carit\u00e9 et l&#039;exclusion.\" \/>\n<meta property=\"og:url\" content=\"https:\/\/www.mes-allocs.fr\/guides\/aides-sociales\/aide-secours-populaire\/\" \/>\n<meta property=\"og:site_name\" content=\"Mes-Allocs.fr\" \/>\n<meta property=\"article:published_time\" content=\"2023-11-17T15:56:06+00:00\" \/>\n<meta property=\"article:modified_time\" content=\"2026-04-10T15:09:20+00:00\" \/>\n<meta property=\"og:image\" content=\"https:\/\/www.mes-allocs.fr\/guides\/wp-content\/uploads\/2023\/11\/secours-populaire-1.jpg?wsr\" \/>\n\t<meta property=\"og:image:width\" content=\"611\" \/>\n\t<meta property=\"og:image:height\" content=\"542\" \/>\n<meta name=\"twitter:card\" content=\"summary_large_image\" \/>\n<script type=\"application\/ld+json\" class=\"yoast-schema-graph\">{\"@context\":\"https:\/\/schema.org\",\"@graph\":[{\"@type\":\"WebSite\",\"@id\":\"https:\/\/www.mes-allocs.fr\/guides\/#website\",\"url\":\"https:\/\/www.mes-allocs.fr\/guides\/\",\"name\":\"Mes-Allocs.fr\",\"description\":\"\",\"potentialAction\":[{\"@type\":\"SearchAction\",\"target\":\"https:\/\/www.mes-allocs.fr\/guides\/?s={search_term_string}\",\"query-input\":\"required name=search_term_string\"}],\"inLanguage\":\"fr-FR\"},{\"@type\":\"ImageObject\",\"@id\":\"https:\/\/www.mes-allocs.fr\/guides\/aides-sociales\/aide-secours-populaire\/#primaryimage\",\"inLanguage\":\"fr-FR\",\"url\":\"https:\/\/www.mes-allocs.fr\/guides\/wp-content\/uploads\/2023\/11\/secours-populaire-1.jpg?wsr\",\"width\":611,\"height\":542,\"caption\":\"secours populaire\"},{\"@type\":\"WebPage\",\"@id\":\"https:\/\/www.mes-allocs.fr\/guides\/aides-sociales\/aide-secours-populaire\/#webpage\",\"url\":\"https:\/\/www.mes-allocs.fr\/guides\/aides-sociales\/aide-secours-populaire\/\",\"name\":\"Quelles sont les aides du secours populaire ? | Mes-Allocs.fr\",\"isPartOf\":{\"@id\":\"https:\/\/www.mes-allocs.fr\/guides\/#website\"},\"primaryImageOfPage\":{\"@id\":\"https:\/\/www.mes-allocs.fr\/guides\/aides-sociales\/aide-secours-populaire\/#primaryimage\"},\"datePublished\":\"2023-11-17T15:56:06+00:00\",\"dateModified\":\"2026-04-10T15:09:20+00:00\",\"author\":{\"@id\":\"https:\/\/www.mes-allocs.fr\/guides\/#\/schema\/person\/9c38f3be41a0ddcd1e3fde5a3df713bf\"},\"description\":\"Le Secours Populaire Fran\\u00e7ais est une association reconnue pour son engagement en faveur de la lutte contre la pr\\u00e9carit\\u00e9 et l'exclusion.\",\"inLanguage\":\"fr-FR\"},{\"@type\":\"Person\",\"@id\":\"https:\/\/www.mes-allocs.fr\/guides\/#\/schema\/person\/9c38f3be41a0ddcd1e3fde5a3df713bf\",\"name\":\"Sessime Ananou\",\"image\":{\"@type\":\"ImageObject\",\"@id\":\"https:\/\/www.mes-allocs.fr\/guides\/#personlogo\",\"inLanguage\":\"fr-FR\",\"url\":\"https:\/\/www.mes-allocs.fr\/guides\/wp-content\/uploads\/2023\/08\/IMG_8173-150x150.jpg\",\"caption\":\"Sessime Ananou\"},\"description\":\"Sessime est r\\u00e9dactrice chez Mes Allocs, sp\\u00e9cialis\\u00e9e sur le pouvoir d'achat. Elle rejoint l'\\u00e9quipe Mes Allocs en ao\\u00fbt 2023 afin de simplifier l'acc\\u00e8s \\u00e0 l'information sur les aides en g\\u00e9n\\u00e9ral.\"}]}<\/script>\n<!-- \/ Yoast SEO plugin. -->","amp_validity":null,"acf":{"faq":{"1":{"question":"Quel est le plafond pour avoir droit au Secours populaire ?","answer":"Votre versement dans la limite du plafond de 1 000 euros."},"2":{"question":"Quel revenu pour avoir droit \u00e0 la banque alimentaire ?","answer":"Les revenus doivent \u00eatre inf\u00e9rieurs \u00e0 667 euros par mois pour avoir droit au Restos du Coeur."},"3":{"question":"Qui peut s'inscrire au Secours populaire ?","answer":"Un gar\u00e7on ou une fille \u00e2g\u00e9(e) de 8 \u00e0 12 ans."},"4":{"question":"Qui sont les b\u00e9n\u00e9ficiaires du Secours populaire ?","answer":"Adultes, enfants, commer\u00e7ants, entreprises, personnalit\u00e9s."},"5":{"question":"Comment savoir si on a le droit au Secours populaire ?","answer":"Vous devez justifier votre situation financi\u00e8re en y apportant des pi\u00e8ces et des documents administratives."},"6":{"question":"Comment demander de l'aide au Secours populaire ?","answer":"Contacter le Secours populaire de Paris par mail \u00e0 contact@spf75.org ou par t\u00e9l\u00e9phone au 01.53.41.39.39."},"7":{"question":"","answer":""},"8":{"question":"","answer":""},"9":{"question":"","answer":""},"10":{"question":"","answer":""},"11":{"question":"","answer":""},"12":{"question":"","answer":""},"13":{"question":"","answer":""},"14":{"question":"","answer":""},"15":{"question":"","answer":""},"16":{"question":"","answer":""}}},"_links":{"self":[{"href":"https:\/\/www.mes-allocs.fr\/guides\/wp-json\/wp\/v2\/posts\/71057","targetHints":{"allow":["GET"]}}],"collection":[{"href":"https:\/\/www.mes-allocs.fr\/guides\/wp-json\/wp\/v2\/posts"}],"about":[{"href":"https:\/\/www.mes-allocs.fr\/guides\/wp-json\/wp\/v2\/types\/post"}],"author":[{"embeddable":true,"href":"https:\/\/www.mes-allocs.fr\/guides\/wp-json\/wp\/v2\/users\/26"}],"replies":[{"embeddable":true,"href":"https:\/\/www.mes-allocs.fr\/guides\/wp-json\/wp\/v2\/comments?post=71057"}],"version-history":[{"count":9,"href":"https:\/\/www.mes-allocs.fr\/guides\/wp-json\/wp\/v2\/posts\/71057\/revisions"}],"predecessor-version":[{"id":112042,"href":"https:\/\/www.mes-allocs.fr\/guides\/wp-json\/wp\/v2\/posts\/71057\/revisions\/112042"}],"wp:featuredmedia":[{"embeddable":true,"href":"https:\/\/www.mes-allocs.fr\/guides\/wp-json\/wp\/v2\/media\/71058"}],"wp:attachment":[{"href":"https:\/\/www.mes-allocs.fr\/guides\/wp-json\/wp\/v2\/media?parent=71057"}],"wp:term":[{"taxonomy":"category","embeddable":true,"href":"https:\/\/www.mes-allocs.fr\/guides\/wp-json\/wp\/v2\/categories?post=71057"},{"taxonomy":"post_tag","embeddable":true,"href":"https:\/\/www.mes-allocs.fr\/guides\/wp-json\/wp\/v2\/tags?post=71057"}],"curies":[{"name":"wp","href":"https:\/\/api.w.org\/{rel}","templated":true}]}}