{"id":704,"date":"2019-07-18T16:11:31","date_gmt":"2019-07-18T16:11:31","guid":{"rendered":"https:\/\/www.mes-allocs.fr\/guides\/?p=704"},"modified":"2026-01-20T18:02:56","modified_gmt":"2026-01-20T17:02:56","slug":"aah-et-retraite","status":"publish","type":"post","link":"https:\/\/www.mes-allocs.fr\/guides\/aah\/cumul-aah\/aah-et-retraite\/","title":{"rendered":"AAH et retraite : comment les cumuler en 2026 ?"},"content":{"rendered":"<p style=\"text-align: justify;\"><img loading=\"lazy\" decoding=\"async\" class=\"alignnone wp-image-705 size-full\" src=\"https:\/\/www.mes-allocs.fr\/guides\/wp-content\/uploads\/2019\/07\/AdobeStock_251349909-e1685625453362.jpg\" alt=\"cumul AAH et retraite\" width=\"2172\" height=\"515\" srcset=\"https:\/\/www.mes-allocs.fr\/guides\/wp-content\/uploads\/2019\/07\/AdobeStock_251349909-e1685625453362.jpg 2172w, https:\/\/www.mes-allocs.fr\/guides\/wp-content\/uploads\/2019\/07\/AdobeStock_251349909-e1685625453362-300x71.jpg 300w, https:\/\/www.mes-allocs.fr\/guides\/wp-content\/uploads\/2019\/07\/AdobeStock_251349909-e1685625453362-768x182.jpg 768w, https:\/\/www.mes-allocs.fr\/guides\/wp-content\/uploads\/2019\/07\/AdobeStock_251349909-e1685625453362-1024x243.jpg 1024w, https:\/\/www.mes-allocs.fr\/guides\/wp-content\/uploads\/2019\/07\/AdobeStock_251349909-e1685625453362-600x142.jpg 600w, https:\/\/www.mes-allocs.fr\/guides\/wp-content\/uploads\/2019\/07\/AdobeStock_251349909-e1685625453362-1536x364.jpg 1536w, https:\/\/www.mes-allocs.fr\/guides\/wp-content\/uploads\/2019\/07\/AdobeStock_251349909-e1685625453362-2048x486.jpg 2048w\" sizes=\"auto, (max-width: 2172px) 100vw, 2172px\" \/>[Mis \u00e0 jour le 20\/01\/2026] <span style=\"font-size: 12pt;\">L\u2019Allocation aux Adultes Handicap\u00e9s (AAH) est une prestation qui vous est vers\u00e9e par la Caisse d\u2019Allocations Familiales (CAF) ou la Mutualit\u00e9 Sociale Agricole (MSA). Son objectif est de vous assurer un minimum de revenu si vous \u00eates en situation de handicap ou atteint d\u2019une maladie chronique. De <a href=\"https:\/\/www.mes-allocs.fr\/guides\/aah\/cumul-aah\/\">nombreuses aides sont cumulables avec l&rsquo;AAH<\/a>. Mais est-ce qu&rsquo;un cumul <strong>AAH et retraite<\/strong> est possible en 2026 ? On vous explique.\u00a0<\/span><\/p>\n<div class='cta-block'><div class='text'>Simulez toutes vos Aides en 2 min.<\/div><a href='https:\/\/www.mes-allocs.fr\/ab-app?origin=guides\/wp-json\/wp\/v2\/posts\/704' class='app-button fit'>Simulation gratuite<\/a><\/div>\n<p style=\"text-align: justify;\"><iframe loading=\"lazy\" src=\"\/\/www.youtube.com\/embed\/C-SZbuI3vYs\" width=\"966\" height=\"543\" frameborder=\"0\" allowfullscreen=\"allowfullscreen\"><\/iframe><\/p>\n<h1>Rappel : qu&rsquo;est-ce que l&rsquo;AAH ?<\/h1>\n<p>L\u2019Allocation aux Adultes Handicap\u00e9s (AAH) est une aide financi\u00e8re attribu\u00e9e aux personnes en situation de handicap. Elle permet de garantir un revenu minimum aux personnes dont la capacit\u00e9 de travail est restreinte par leur \u00e9tat de sant\u00e9, afin de couvrir les besoins quotidiens des b\u00e9n\u00e9ficiaires.<\/p>\n<p>Pour b\u00e9n\u00e9ficier de l&rsquo;AAH, plusieurs conditions sont \u00e0 remplir. En cas d&rsquo;\u00e9ligibilit\u00e9, le <strong>montant maximum attribu\u00e9 est de 1033,32\u20ac par mois<\/strong>. Mais attention, ce montant varie selon les ressources du demandeur.<\/p>\n<p>En principe, le versement de l&rsquo;AAH s&rsquo;interrompt une fois \u00e0 la retraite. En effet, cette aide a \u00e9t\u00e9 pens\u00e9e pour soutenir financi\u00e8rement celles et ceux rencontrant des difficult\u00e9s \u00e0 avoir une activit\u00e9 professionnelle en raison de leur handicap. Elle n&rsquo;a donc plus lieu d&rsquo;\u00eatre vers\u00e9e une fois l&rsquo;\u00e2ge de d\u00e9part \u00e0 la retraite atteint. Mais des cas sp\u00e9cifiques ouvrent droit au cumul.<\/p>\n<h1 style=\"text-align: justify;\"><span style=\"color: #993300;\"><span style=\"color: #333333;\"><b>Pouvez-vous cumuler AAH et retraite ?<\/b><\/span><span style=\"font-weight: 400;\">\u00a0<\/span><\/span><\/h1>\n<p>Depuis le<strong> 1er janvier 2017<\/strong>, il est possible de cumuler l\u2019AAH avec la pension de retraite. Mais cela d\u00e9pend notamment du taux d&rsquo;incapacit\u00e9 et du montant de la pension de retraite.<\/p>\n<h2 style=\"text-align: justify;\"><span style=\"color: #333333;\"><b>Si votre taux d&rsquo;incapacit\u00e9 est sup\u00e9rieur ou \u00e9gal \u00e0 80%<\/b><\/span><\/h2>\n<p style=\"text-align: justify;\"><span style=\"color: #333333;\"><span style=\"font-weight: 400;\">Depuis 2017, vous pouvez cumuler AAH et retraite, si votre taux d\u2019incapacit\u00e9 est sup\u00e9rieur \u00e0 80%, au lieu de basculer sur le r\u00e9gime de l\u2019Allocation de Solidarit\u00e9 aux personnes \u00c2g\u00e9es (ASPA). Cette mesure permet une simplification des d\u00e9marches car vous n\u2019avez plus \u00e0 effectuer un transfert de dossier, qui pouvait entra\u00eener un temps de latence entre les deux allocations qui pouvait vous mettre en situation \u00ab d\u2019ins\u00e9curit\u00e9 \u00bb, comme l\u2019avait reconnu le gouvernement \u00e0 l\u2019\u00e9poque de la r\u00e9forme.<\/span><span style=\"font-weight: 400;\">\u00a0<\/span><\/span><\/p>\n<h2 style=\"text-align: justify;\"><span style=\"color: #333333;\"><b>Si votre taux d&rsquo;incapacit\u00e9 est compris entre 50% et 79%<\/b><span style=\"font-weight: 400;\">\u00a0<\/span><\/span><\/h2>\n<p style=\"text-align: justify;\"><span style=\"color: #333333;\"><span style=\"font-weight: 400;\">Si votre taux d\u2019incapacit\u00e9 est compris entre 50% et 79%, vous ne pouvez pas cumuler l&rsquo;AAH et la pension de retraite. Vous devez basculer sur le r\u00e9gime de l\u2019ASPA \u00e0 votre d\u00e9part \u00e0 la retraite.<\/span><span style=\"font-weight: 400;\">\u00a0<\/span><\/span><\/p>\n<p>Mais si votre pension de retraite est trop faible et inf\u00e9rieure au plafond de l\u2019ASPA (1 034,28 \u20ac), alors le versement de l&rsquo;<strong>ASPA diff\u00e9rentielle<\/strong> est rendu possible. Le montant de l&rsquo;ASPA qui vous sera vers\u00e9e viendra alors compl\u00e9ter votre pension, pour atteindre le montant maximum de l&rsquo;ASPA.<\/p>\n<p><iframe loading=\"lazy\" src=\"\/\/www.youtube.com\/embed\/iVvQaKt9fcI?t=234s\" width=\"560\" height=\"314\" allowfullscreen=\"allowfullscreen\"><\/iframe><\/p>\n<h1 role=\"heading\" data-attrid=\"wa:\/description\" aria-level=\"3\" data-hveid=\"CAYQAA\">Quelles sont les conditions pour cumuler AAH et pension de retraite ?<\/h1>\n<p>Le cumul de l&rsquo;AAH et de la pension de retraite est possible, mais sous certaines conditions :<\/p>\n<ul>\n<li>Vous devez justifier d\u2019un taux d\u2019incapacit\u00e9 \u00e9gal ou sup\u00e9rieur \u00e0 80% (comme vu plus haut)<\/li>\n<li>Vous devez avoir cotis\u00e9 \u00e0 l\u2019assurance vieillesse<\/li>\n<li>Le montant de votre pension de retraite ne doit pas exc\u00e9der <b>1 033,32 <\/b>euros par mois<\/li>\n<li>Vous devez avoir atteint l\u2019\u00e2ge l\u00e9gal de d\u00e9part \u00e0 la retraite apr\u00e8s le 1er janvier 2017<\/li>\n<\/ul>\n<h1>Cumul de l&rsquo;AAH et de la retraite : quel montant allez-vous percevoir ?<\/h1>\n<p>Le montant que vous allez percevoir dans le cadre du cumul de votre retraite et de l&rsquo;AAH d\u00e9pend du montant de votre pension de retraite. En effet, comme nous l&rsquo;avons vu, les b\u00e9n\u00e9ficiaires de l&rsquo;AAH qui per\u00e7oivent une pension de retraite sup\u00e9rieure \u00e0 <b>1 033,32<\/b> euros par mois ne peuvent pas cumuler les deux aides. Mais dans le cas d&rsquo;une pension de retraite inf\u00e9rieure, l&rsquo;<strong>AAH diff\u00e9rentielle<\/strong> vient compl\u00e9ter la pension jusqu&rsquo;\u00e0 atteindre le montant maximum d&rsquo;AAH, soit <b>1 033,32<\/b><strong>\u00a0euros<\/strong>.<\/p>\n<p><div class='shortcode tips'><div class='title'>Exemple<\/div><div class='content'><span style=\"color: #333333;\"><i><span style=\"font-weight: 400;\">Si votre taux d\u2019incapacit\u00e9 est sup\u00e9rieur ou \u00e9gal \u00e0 80%, et que vous percevez une pension de retraite de 700 \u20ac par mois (qui est votre seule source de revenus), vous pouvez pr\u00e9tendre \u00e0 316,05\u20ac d&rsquo;AAH. Le calcul est donc le suivant : <b>1 033,32 <\/b>\u20ac &#8211; 700\u20ac = 333,32 \u20ac<\/span><\/i><\/span><\/div><\/div> <!-- --> <!-- notionvc: 6ff863f2-afc6-46b3-bc6b-4976f6f37762 --><\/p>\n<h1>Les d\u00e9marches pour cumuler pension de retraite et AAH<\/h1>\n<p>Pour pouvoir profiter de l&rsquo;AAH une fois \u00e0 la retraite, vous devez imp\u00e9rativement \u00eatre d\u00e9j\u00e0 b\u00e9n\u00e9ficiaire de l&rsquo;AAH.. Vous ne pouvez donc pas faire une demande d&rsquo;AAH une fois que vous b\u00e9n\u00e9ficiez d&rsquo;une pension de retraite, votre demande d&rsquo;AAH devant \u00eatre ant\u00e9rieure.<\/p>\n<p>Vous pensez que le montant de votre pension de retraite sera assez faible pour pouvoir b\u00e9n\u00e9ficier de l&rsquo;AAH ? Nous vous conseillons dans un premier temps de faire une <a href=\"https:\/\/www.mes-allocs.fr\/ab-app\">simulation en ligne<\/a>. Une fois la simulation effectu\u00e9e, vous devez <strong>d\u00e9poser une demande de retraite<\/strong> aupr\u00e8s de votre caisse de retraite. Cette d\u00e9marche est n\u00e9cessaire pour \u00e9viter une interruption du versement de l\u2019AAH.<\/p>\n<p><span style=\"color: #333333;\"><div class='cta-block'><div class='text'>Simulez toutes vos Aides en 2 min.<\/div><a href='https:\/\/www.mes-allocs.fr\/ab-app?origin=guides\/wp-json\/wp\/v2\/posts\/704' class='app-button fit'>Simulation gratuite<\/a><\/div><\/span><\/p>\n<h1 style=\"text-align: justify;\"><span style=\"color: #333333;\"><b>Avec quelles autres aides que la retraite pouvez-vous cumuler l\u2019AAH en 2026 ?<\/b><\/span><\/h1>\n<h2 style=\"text-align: justify;\"><span style=\"color: #333333;\"><b>Le cumul AAH et pension<\/b><\/span><\/h2>\n<p style=\"text-align: justify;\"><span style=\"color: #333333;\">Percevoir l\u2019AAH et toucher une pension (alimentaire par exemple) ne sont pas incompatibles. Si vous percevez une pension, elle sera d\u00e9duite du montant maximum de l\u2019AAH. En d\u2019autres termes, l\u2019AAH que vous recevrez compl\u00e8te votre pension pour atteindre le maximum de <b>1 033,32 <\/b><strong>\u20ac<\/strong> mensuel en 2025. Ce montant est reconduit pour l&rsquo;ann\u00e9e 2026 et sera revaloris\u00e9 en <strong>avril 2026<\/strong>.\u00a0<\/span><\/p>\n<h2 style=\"text-align: justify;\"><span style=\"color: #333333;\"><b>Le cumul AAH et reprise d\u2019activit\u00e9<\/b><\/span><\/h2>\n<p style=\"text-align: justify;\"><span style=\"color: #333333;\"><span style=\"font-weight: 400;\">Un <a href=\"https:\/\/www.mes-allocs.fr\/guides\/aah\/cumul-aah\/aah-et-travail\/\">cumul AAH et activit\u00e9 professionnelle<\/a> est possible. En effet, si vous reprenez le travail et que vous percevez ainsi une r\u00e9mun\u00e9ration, vous pouvez cumuler le montant maximal de l\u2019AAH avec vos revenus pendant une p\u00e9riode de 6 mois \u00e0 partir du d\u00e9but de votre activit\u00e9. Vous devez informer la CAF de votre reprise d\u2019activit\u00e9 dans les plus brefs d\u00e9lais.\u00a0<\/span><\/span><\/p>\n<h3 style=\"text-align: justify;\"><span style=\"color: #333333;\"><b>Si vous travaillez en milieu ordinaire<\/b><\/span><\/h3>\n<p style=\"text-align: justify;\"><span style=\"color: #333333;\"><span style=\"font-weight: 400;\">En milieu ordinaire, vos revenus ne sont <\/span><b>pas pris en compte<\/b><span style=\"font-weight: 400;\"> pendant les <\/span><b>6 premiers mois suivant votre reprise d\u2019activit\u00e9<\/b><span style=\"font-weight: 400;\"> pour le calcul de votre AAH. Vous percevez donc l\u2019int\u00e9gralit\u00e9 de votre AAH durant cette p\u00e9riode.<\/span><\/span><\/p>\n<p style=\"text-align: justify;\"><span style=\"font-weight: 400; color: #333333;\">Apr\u00e8s cette p\u00e9riode, votre AAH est r\u00e9duite en fonction de votre salaire. Cependant, elle n\u2019est pas r\u00e9duite de l\u2019int\u00e9gralit\u00e9 de votre salaire, mais selon un taux d\u2019abattement \u00e9tabli par la Caisse d\u2019Allocations Familiales (CAF) suivant :<\/span><\/p>\n<ul style=\"text-align: justify;\">\n<li style=\"text-align: justify;\"><span style=\"font-weight: 400; color: #333333;\">80% d\u2019abattement pour un salaire inf\u00e9rieur \u00e0 540,55 \u20ac (brut). 20% de vos revenus sont donc pris en compte.<\/span><\/li>\n<li style=\"text-align: justify;\"><span style=\"font-weight: 400; color: #333333;\">40% d\u2019abattement pour un salaire sup\u00e9rieur \u00e0 540,55 \u20ac (brut). 60% de vos revenus sont donc pris en compte.<\/span><\/li>\n<\/ul>\n<h3 style=\"text-align: justify;\"><span style=\"color: #333333;\"><b>Si vous travaillez en \u00c9SAT<\/b><\/span><\/h3>\n<p style=\"text-align: justify;\"><span style=\"color: #333333;\"><span style=\"font-weight: 400;\">Si vous travaillez dans un \u00c9tablissement de Service et d\u2019Aide pour le Travail (\u00c9SAT), vous percevez donc une r\u00e9mun\u00e9ration garantie qui varie de <\/span><b>55% \u00e0 110% du SMIC horaire<\/b><span style=\"font-weight: 400;\">. Vous pouvez alors cumuler votre revenu garanti et l\u2019int\u00e9gralit\u00e9 de l\u2019AAH, si le cumul de votre salaire brut et de l\u2019AAH ne d\u00e9passe pas mensuellement :<\/span><\/span><\/p>\n<ul style=\"text-align: justify;\">\n<li style=\"font-weight: 400;\"><span style=\"font-weight: 400; color: #333333;\">3,5% si vous percevez\u00a0entre <span class=\"sp-prix\">0,59 \u20ac<\/span> et <span class=\"sp-prix\">1,19 \u20ac<\/span> du Smic horaire brut<\/span><\/li>\n<li style=\"font-weight: 400;\"><span style=\"font-weight: 400; color: #333333;\">4% si vous percevez\u00a0de <span class=\"sp-prix\">1,15\u00a0\u20ac<\/span> \u00e0 moins de <span class=\"sp-prix\">1,78 \u20ac<\/span> du Smic horaire brut<\/span><\/li>\n<li style=\"font-weight: 400;\"><span style=\"color: #333333;\"><span style=\"font-weight: 400;\">\u00a0<\/span><span style=\"font-weight: 400;\">4,5% si vous percevez de <span class=\"sp-prix\">1,78 \u20ac<\/span> \u00e0 moins de <span class=\"sp-prix\">2,38 \u20ac<\/span> du Smic horaire brut<\/span><\/span><\/li>\n<li style=\"font-weight: 400;\"><span style=\"font-weight: 400; color: #333333;\">5% si vous percevez de <span class=\"sp-prix\">2,38 \u20ac<\/span> \u00e0 moins de <span class=\"sp-prix\">5,94 \u20ac<\/span> du Smic horaire brut<\/span><\/li>\n<\/ul>\n<h2>Le cumul AAH, retraite et activit\u00e9 professionnelle<\/h2>\n<p>Dans le cas o\u00f9 vous \u00eates b\u00e9n\u00e9ficiaire de l&rsquo;AAH au titre d\u2019une incapacit\u00e9 d\u2019au moins 80 % et que vous atteignez l&rsquo;\u00e2ge l\u00e9gal de d\u00e9part \u00e0 la retraite, vous pouvez, si vous le souhaitez, continuer d&rsquo;exercer une activit\u00e9 professionnelle. Votre AAH continuera alors de vous \u00eatre vers\u00e9e (selon les plafonds en vigueur), jusqu&rsquo;\u00e0 vos 67 ans.<\/p>\n<h1>B\u00e9n\u00e9ficiaire de l&rsquo;AAH ayant atteint l&rsquo;\u00e2ge l\u00e9gal de d\u00e9part \u00e0 la retraite : quelles sont les d\u00e9marches ?<\/h1>\n<p>Si vous b\u00e9n\u00e9ficiez jusqu&rsquo;\u00e0 pr\u00e9sent de l&rsquo;AAH et que vous avez atteint l&rsquo;\u00e2ge l\u00e9gal de d\u00e9part \u00e0 la retraite (64 ans), le <strong>basculement AAH \/ retraite<\/strong> est automatiquement effectu\u00e9 par les Caisses d&rsquo;allocations familiales (CAF). Vous n&rsquo;avez donc aucune d\u00e9marche \u00e0 r\u00e9aliser pour percevoir votre pension de retraite.<\/p>\n<h1 style=\"text-align: justify;\"><span style=\"color: #333333;\"><b>Vous n&rsquo;\u00eates pas encore b\u00e9n\u00e9ficiaire de l&rsquo;AAH ?<\/b><\/span><\/h1>\n<h2 style=\"text-align: justify;\"><span style=\"color: #333333;\">Comment \u00eatre b\u00e9n\u00e9ficiaire de l&rsquo;AAH ?<\/span><\/h2>\n<h3 style=\"text-align: justify;\"><span style=\"color: #333333;\"><b>Vous devez \u00eatre handicap\u00e9<\/b><span style=\"font-weight: 400;\">\u00a0 \u00a0<\/span><\/span><\/h3>\n<p style=\"text-align: justify;\"><span style=\"color: #333333;\"><span style=\"font-weight: 400;\">Pour \u00eatre \u00e9ligible \u00e0 l\u2019AAH, le premier crit\u00e8re est que vous devez \u00eatre atteint d\u2019un certain taux d\u2019incapacit\u00e9, qui correspond \u00e0 l\u2019avanc\u00e9e de votre handicap. Et ainsi \u00eatre <\/span><b>reconnu comme handicap\u00e9<\/b><span style=\"font-weight: 400;\"> par la Commission des Droits et de l\u2019Autonomie des Personnes Handicap\u00e9es.<\/span><\/span><\/p>\n<p style=\"text-align: justify;\"><span style=\"color: #333333;\"><span style=\"font-weight: 400;\">Vous devez \u00eatre atteint d\u2019un taux d\u2019incapacit\u00e9 d\u2019<\/span><b>au minimum 80%.<\/b><\/span><\/p>\n<p style=\"text-align: justify;\"><span style=\"color: #333333;\"><span style=\"font-weight: 400;\">Si votre taux de handicap est compris entre 50% et 79%, vous pouvez faire une demande d\u2019AAH, \u00e0 condition que votre handicap repr\u00e9sente une <\/span><b>restriction durable d\u2019acc\u00e8s \u00e0 l\u2019emploi<\/b><span style=\"font-weight: 400;\"> qui ne peut se compenser par des am\u00e9nagements sp\u00e9cifiques comme un poste de travail adapt\u00e9. On consid\u00e8re une restriction comme durable d\u00e8s lors qu\u2019on peut l\u2019estimer \u00e0 au moins <\/span><b>un an<\/b><span style=\"font-weight: 400;\"> le jour du d\u00e9p\u00f4t de la demande, que votre situation soit susceptible d\u2019\u00e9voluer ou non.<\/span><\/span><\/p>\n<h3 style=\"text-align: justify;\"><span style=\"color: #333333;\"><b>Vous devez remplir des conditions d\u2019\u00e2ge<\/b><\/span><\/h3>\n<p style=\"text-align: justify;\"><span style=\"color: #333333;\"><span style=\"font-weight: 400;\">Pour b\u00e9n\u00e9ficier de l\u2019AAH, vous devez \u00e9galement \u00eatre \u00e2g\u00e9 d\u2019<\/span><b>au moins 20 ans<\/b><span style=\"font-weight: 400;\">, ou 16 ans si vous n\u2019\u00eates plus consid\u00e9r\u00e9 comme \u00e0 charge de vos parents pour l\u2019attribution des allocations de la CAF. Si votre enfant est jeune et handicap\u00e9, il peut obtenir l\u2019<\/span><span style=\"font-weight: 400;\">Allocation d\u2019\u00c9ducation de l\u2019Enfant Handicap\u00e9 (AEEH)<\/span><span style=\"font-weight: 400;\">.<\/span><\/span><\/p>\n<p style=\"text-align: justify;\"><span style=\"font-weight: 400; color: #333333;\">Depuis janvier 2017 et la r\u00e9forme vous permettant de cumuler AAH et retraite. Il n\u2019existe plus de limite d\u2019\u00e2ge sup\u00e9rieur pour l\u2019obtention de l\u2019AAH si votre taux d\u2019incapacit\u00e9 est d\u2019au moins 80%.<\/span><\/p>\n<p><div class='shortcode disclaimer'><div class='title'>Attention<\/div><div class='content'><span style=\"color: #333333;\"><span style=\"font-weight: 400;\">Si votre taux d\u2019incapacit\u00e9 se situe entre 50% et 79%, le versement de l\u2019AAH s\u2019arr\u00eate \u00e0 l\u2019\u00e2ge de d\u00e9part \u00e0 la retraite.<\/span><\/span><\/div><\/div> <!-- --> <!-- notionvc: 7bff8860-6ada-4d18-8bd9-81587e50dff7 --><\/p>\n<h3 style=\"text-align: justify;\"><span style=\"color: #333333;\"><b>Vous devez remplir des conditions de r\u00e9sidence<\/b><\/span><\/h3>\n<p style=\"text-align: justify;\"><span style=\"font-weight: 400; color: #333333;\">Pour b\u00e9n\u00e9ficier de l\u2019AAH, vous devez r\u00e9sider en France de mani\u00e8re permanente. Si vous \u00eates \u00e9tranger et que vous n\u2019\u00eates pas un ressortissant de l\u2019Union Europ\u00e9enne, de l\u2019Espace \u00c9conomique Europ\u00e9en ou Suisse, vous devez s\u00e9journer de mani\u00e8re r\u00e9guli\u00e8re sur le territoire fran\u00e7ais.\u00a0<\/span><\/p>\n<h3 style=\"text-align: justify;\"><span style=\"color: #333333;\"><b>Vous devez respecter des conditions de revenus<\/b><\/span><\/h3>\n<p style=\"text-align: justify;\"><span style=\"color: #333333;\"><span style=\"font-weight: 400;\">Pour b\u00e9n\u00e9ficier de l&rsquo;AAH ou continuer \u00e0 la percevoir, vos ressources de votre activit\u00e9 professionnelle ne doivent pas d\u00e9passer un plafond. Ce dernier \u00e9volue selon la composition de votre foyer. Vos ressources de l\u2019ann\u00e9e pr\u00e9c\u00e9dant la demande ne doivent d\u00e9passer :<\/span><span style=\"font-weight: 400;\">\u00a0<\/span><\/span><\/p>\n<p><span style=\"color: #333333;\">\n<div class=\"wpdt-c row wpDataTableContainerSimpleTable wpDataTables wpDataTablesWrapper\n wdtscroll\"\n    >\n    <table id=\"wpdtSimpleTable-45\"\n           class=\"wpdtSimpleTable wpDataTable\"\n           data-column=\"3\"\n           data-rows=\"6\"\n           data-wpID=\"45\"\n           data-responsive=\"0\"\n           data-has-header=\"1\">\n\n                    <thead>        <tr class=\"wpdt-cell-row \" >\n                            <th class=\"wpdt-cell wpdt-bold wpdt-bc-F3F9FE\"\n                                    data-cell-id=\"A1\"\n                data-col-index=\"0\"\n                data-row-index=\"0\"\n                style=\" width:181px;                padding:10px;\"\n                >\n                                Nombre de personnes \u00e0 charge                <\/th>\n                                            <th class=\"wpdt-cell wpdt-bold wpdt-bc-F3F9FE\"\n                                    data-cell-id=\"B1\"\n                data-col-index=\"1\"\n                data-row-index=\"0\"\n                style=\" width:215px;                padding:10px;\"\n                >\n                                Plafond annuels pour une personne seule                <\/th>\n                                            <th class=\"wpdt-cell wpdt-bold wpdt-bc-F3F9FE\"\n                                    data-cell-id=\"C1\"\n                data-col-index=\"2\"\n                data-row-index=\"0\"\n                style=\" width:215px;                padding:10px;\"\n                >\n                                Plafond annuels pour un couple                <\/th>\n                                        <\/tr>\n                    <tbody>        <tr class=\"wpdt-cell-row \" >\n                            <td class=\"wpdt-cell \"\n                                    data-cell-id=\"A2\"\n                data-col-index=\"0\"\n                data-row-index=\"1\"\n                style=\"                padding:10px;\"\n                >\n                                0                <\/td>\n                                            <td class=\"wpdt-cell \"\n                                    data-cell-id=\"B2\"\n                data-col-index=\"1\"\n                data-row-index=\"1\"\n                style=\"                padding:10px;\"\n                >\n                                12\u00a0499\u00a0\u20ac                <\/td>\n                                            <td class=\"wpdt-cell \"\n                                    data-cell-id=\"C2\"\n                data-col-index=\"2\"\n                data-row-index=\"1\"\n                style=\"                padding:10px;\"\n                >\n                                22\u00a0623\u00a0\u20ac                <\/td>\n                                        <\/tr>\n                            <tr class=\"wpdt-cell-row \" >\n                            <td class=\"wpdt-cell \"\n                                    data-cell-id=\"A3\"\n                data-col-index=\"0\"\n                data-row-index=\"2\"\n                style=\"                padding:10px;\"\n                >\n                                1                <\/td>\n                                            <td class=\"wpdt-cell \"\n                                    data-cell-id=\"B3\"\n                data-col-index=\"1\"\n                data-row-index=\"2\"\n                style=\"                padding:10px;\"\n                >\n                                18\u00a0749\u00a0\u20ac                <\/td>\n                                            <td class=\"wpdt-cell \"\n                                    data-cell-id=\"C3\"\n                data-col-index=\"2\"\n                data-row-index=\"2\"\n                style=\"                padding:10px;\"\n                >\n                                28\u00a0873\u00a0\u20ac                <\/td>\n                                        <\/tr>\n                            <tr class=\"wpdt-cell-row \" >\n                            <td class=\"wpdt-cell \"\n                                    data-cell-id=\"A4\"\n                data-col-index=\"0\"\n                data-row-index=\"3\"\n                style=\"                padding:10px;\"\n                >\n                                2                <\/td>\n                                            <td class=\"wpdt-cell \"\n                                    data-cell-id=\"B4\"\n                data-col-index=\"1\"\n                data-row-index=\"3\"\n                style=\"                padding:10px;\"\n                >\n                                24\u00a0998\u00a0\u20ac                <\/td>\n                                            <td class=\"wpdt-cell \"\n                                    data-cell-id=\"C4\"\n                data-col-index=\"2\"\n                data-row-index=\"3\"\n                style=\"                padding:10px;\"\n                >\n                                35\u00a0122\u00a0\u20ac                <\/td>\n                                        <\/tr>\n                            <tr class=\"wpdt-cell-row \" >\n                            <td class=\"wpdt-cell \"\n                                    data-cell-id=\"A5\"\n                data-col-index=\"0\"\n                data-row-index=\"4\"\n                style=\"                padding:10px;\"\n                >\n                                3                <\/td>\n                                            <td class=\"wpdt-cell \"\n                                    data-cell-id=\"B5\"\n                data-col-index=\"1\"\n                data-row-index=\"4\"\n                style=\"                padding:10px;\"\n                >\n                                31\u00a0248\u00a0\u20ac                <\/td>\n                                            <td class=\"wpdt-cell \"\n                                    data-cell-id=\"C5\"\n                data-col-index=\"2\"\n                data-row-index=\"4\"\n                style=\"                padding:10px;\"\n                >\n                                41\u00a0372\u00a0\u20ac                <\/td>\n                                        <\/tr>\n                            <tr class=\"wpdt-cell-row \" >\n                            <td class=\"wpdt-cell \"\n                                    data-cell-id=\"A6\"\n                data-col-index=\"0\"\n                data-row-index=\"5\"\n                style=\"                padding:10px;\"\n                >\n                                4                <\/td>\n                                            <td class=\"wpdt-cell \"\n                                    data-cell-id=\"B6\"\n                data-col-index=\"1\"\n                data-row-index=\"5\"\n                style=\"                padding:10px;\"\n                >\n                                37\u00a0497\u00a0\u20ac                <\/td>\n                                            <td class=\"wpdt-cell \"\n                                    data-cell-id=\"C6\"\n                data-col-index=\"2\"\n                data-row-index=\"5\"\n                style=\"                padding:10px;\"\n                >\n                                47\u00a0621\u00a0\u20ac                <\/td>\n                                        <\/tr>\n                    <\/table>\n<\/div><style id='wpdt-custom-style-45'>\n.wpdt-bc-F3F9FE { background-color: #F3F9FE !important;}\n<\/style>\n<\/span><\/p>\n<p style=\"text-align: justify;\"><span style=\"font-weight: 400; color: #333333;\">NB : <\/span>Les ressources prises en compte sont celles figurant \u00e0 la ligne Revenu net cat\u00e9goriel de votre avis d&rsquo;imposition de 2024 (pour une demande d&rsquo;AAH faite en 2026).<\/p>\n<h2 style=\"text-align: justify;\"><span style=\"color: #333333;\"><b>Montant de l\u2019AAH en 2026<\/b><\/span><\/h2>\n<p style=\"text-align: justify;\"><span style=\"color: #333333;\">Le montant maximal de l\u2019AAH en 2025 est de \u00e0<strong> <b>1 033,32 <\/b>euros<\/strong>. Ce montant est reconduit pour l&rsquo;ann\u00e9e 2026 et sera revaloris\u00e9 en <strong>avril 2026.<\/strong> Vous pouvez pr\u00e9tendre \u00e0 ce maximum si vous ne touchez aucune ressource. <\/span>Sinon, la somme qui vous est attribu\u00e9e varie selon plusieurs facteurs, notamment des ressources que vous percevez.<\/p>\n<p style=\"text-align: justify;\"><span style=\"color: #333333;\"><span style=\"font-weight: 400;\">De mani\u00e8re g\u00e9n\u00e9rale, on peut estimer son <\/span><span style=\"font-weight: 400;\">montant d\u2019AAH<\/span><span style=\"font-weight: 400;\"> en raisonnant ainsi :<\/span><\/span><\/p>\n<p style=\"text-align: justify;\"><span style=\"color: #333333;\"><b>Montant de l\u2019AAH = Montant maximum d\u2019AAH \u2013 moyenne mensuelle des ressources per\u00e7ues sur 3 mois<\/b><\/span><\/p>\n<h2 style=\"text-align: justify;\"><span style=\"color: #333333;\"><b>Combien de temps vous est vers\u00e9e l\u2019AAH ?<\/b><\/span><\/h2>\n<p style=\"text-align: justify;\"><span style=\"color: #333333;\"><span style=\"font-weight: 400;\">Si votre taux d\u2019incapacit\u00e9 se situe entre <\/span><b>50% et 79%<\/b><span style=\"font-weight: 400;\">, l\u2019AAH vous est attribu\u00e9e pour une p\u00e9riode <\/span><b>d\u20191 \u00e0 2 ans<\/b><span style=\"font-weight: 400;\">, <\/span><b>renouvelable<\/b><span style=\"font-weight: 400;\"> selon l\u2019\u00e9volution de votre handicap. Cette p\u00e9riode peut atteindre un <\/span><b>maximum de 5 ans. <\/b>Cela <span style=\"font-weight: 400;\">si votre situation n\u2019est pas susceptible de s\u2019am\u00e9liorer durant la p\u00e9riode d\u2019attribution.<\/span><\/span><\/p>\n<p style=\"text-align: justify;\"><span style=\"font-weight: 400; color: #333333;\">Si votre taux d\u2019incapacit\u00e9 est sup\u00e9rieur ou \u00e9gal \u00e0 80%, et que votre situation n\u2019est pas amen\u00e9e \u00e0 s\u2019am\u00e9liorer, la CAF peut vous attribuer l\u2019AAH ind\u00e9finiment. Vos droits sont \u00e9tudi\u00e9s par la Maison D\u00e9partementale des Personnes Handicap\u00e9es (MDPH), qui \u00e9value individuellement les situations.<\/span><\/p>\n<h2 style=\"text-align: justify;\"><span style=\"color: #333333;\"><b>Comment demander l\u2019AAH ?<\/b><\/span><\/h2>\n<p style=\"text-align: justify;\"><span style=\"color: #333333;\"><span style=\"font-weight: 400;\">Pour demander l\u2019AAH, vous devez monter un dossier \u00e0 envoyer \u00e0 votre Maison D\u00e9partementale des Personnes Handicap\u00e9es (MDPH). Pour ce faire, vous avez un formulaire \u00e0 remplir, et vous devez y joindre les pi\u00e8ces justificatives demand\u00e9es. Heureusement, <\/span><span style=\"font-weight: 400;\">Mes Allocs prend en charge toutes ces d\u00e9marches !<\/span><\/span><\/p>\n<div class='cta-block'><div class='text'>Simulez toutes vos Aides en 2 min.<\/div><a href='https:\/\/www.mes-allocs.fr\/ab-app?origin=guides\/wp-json\/wp\/v2\/posts\/704' class='app-button fit'>Simulation gratuite<\/a><\/div>\n","protected":false},"excerpt":{"rendered":"<p>[Mis \u00e0 jour le 20\/01\/2026] L\u2019Allocation aux Adultes Handicap\u00e9s (AAH) est une prestation qui vous est vers\u00e9e par la Caisse d\u2019Allocations Familiales (CAF) ou la Mutualit\u00e9 Sociale Agricole (MSA). Son objectif est de vous assurer un minimum de revenu si vous \u00eates en situation de handicap ou atteint d\u2019une maladie chronique. De nombreuses aides sont [&hellip;]<\/p>\n","protected":false},"author":10,"featured_media":705,"comment_status":"open","ping_status":"open","sticky":false,"template":"","format":"standard","meta":{"amp_status":"","footnotes":""},"categories":[23,2729],"tags":[],"class_list":["post-704","post","type-post","status-publish","format-standard","has-post-thumbnail","hentry","category-aah","category-cumul-aah"],"yoast_head":"<!-- This site is optimized with the Yoast SEO plugin v14.9 - https:\/\/yoast.com\/wordpress\/plugins\/seo\/ -->\n<title>AAH et Retraite : un cumul possible en 2026 ? | Mes-Allocs.fr<\/title>\n<meta name=\"description\" content=\"Vous souhaitez savoir si vous pouvez b\u00e9n\u00e9ficier de l&#039;AAH en m\u00eame temps que votre pension de retraite en 2026 ? On vous explique.\" \/>\n<meta name=\"robots\" content=\"index, follow, max-snippet:-1, max-image-preview:large, max-video-preview:-1\" \/>\n<link rel=\"canonical\" href=\"https:\/\/www.mes-allocs.fr\/guides\/aah\/cumul-aah\/aah-et-retraite\/\" \/>\n<meta property=\"og:locale\" content=\"fr_FR\" \/>\n<meta property=\"og:type\" content=\"article\" \/>\n<meta property=\"og:title\" content=\"AAH et Retraite : un cumul possible en 2026 ? | Mes-Allocs.fr\" \/>\n<meta property=\"og:description\" content=\"Vous souhaitez savoir si vous pouvez b\u00e9n\u00e9ficier de l&#039;AAH en m\u00eame temps que votre pension de retraite en 2026 ? On vous explique.\" \/>\n<meta property=\"og:url\" content=\"https:\/\/www.mes-allocs.fr\/guides\/aah\/cumul-aah\/aah-et-retraite\/\" \/>\n<meta property=\"og:site_name\" content=\"Mes-Allocs.fr\" \/>\n<meta property=\"article:published_time\" content=\"2019-07-18T16:11:31+00:00\" \/>\n<meta property=\"article:modified_time\" content=\"2026-01-20T17:02:56+00:00\" \/>\n<meta property=\"og:image\" content=\"https:\/\/www.mes-allocs.fr\/guides\/wp-content\/uploads\/2019\/07\/AdobeStock_251349909-e1685625453362.jpg?wsr\" \/>\n\t<meta property=\"og:image:width\" content=\"2172\" \/>\n\t<meta property=\"og:image:height\" content=\"515\" \/>\n<meta name=\"twitter:card\" content=\"summary_large_image\" \/>\n<script type=\"application\/ld+json\" class=\"yoast-schema-graph\">{\"@context\":\"https:\/\/schema.org\",\"@graph\":[{\"@type\":\"WebSite\",\"@id\":\"https:\/\/www.mes-allocs.fr\/guides\/#website\",\"url\":\"https:\/\/www.mes-allocs.fr\/guides\/\",\"name\":\"Mes-Allocs.fr\",\"description\":\"\",\"potentialAction\":[{\"@type\":\"SearchAction\",\"target\":\"https:\/\/www.mes-allocs.fr\/guides\/?s={search_term_string}\",\"query-input\":\"required name=search_term_string\"}],\"inLanguage\":\"fr-FR\"},{\"@type\":\"ImageObject\",\"@id\":\"https:\/\/www.mes-allocs.fr\/guides\/aah\/cumul-aah\/aah-et-retraite\/#primaryimage\",\"inLanguage\":\"fr-FR\",\"url\":\"https:\/\/www.mes-allocs.fr\/guides\/wp-content\/uploads\/2019\/07\/AdobeStock_251349909-e1685625453362.jpg?wsr\",\"width\":2172,\"height\":515,\"caption\":\"AdobeStock 251349909 e1594234052677\"},{\"@type\":\"WebPage\",\"@id\":\"https:\/\/www.mes-allocs.fr\/guides\/aah\/cumul-aah\/aah-et-retraite\/#webpage\",\"url\":\"https:\/\/www.mes-allocs.fr\/guides\/aah\/cumul-aah\/aah-et-retraite\/\",\"name\":\"AAH et Retraite : un cumul possible en 2026 ? | Mes-Allocs.fr\",\"isPartOf\":{\"@id\":\"https:\/\/www.mes-allocs.fr\/guides\/#website\"},\"primaryImageOfPage\":{\"@id\":\"https:\/\/www.mes-allocs.fr\/guides\/aah\/cumul-aah\/aah-et-retraite\/#primaryimage\"},\"datePublished\":\"2019-07-18T16:11:31+00:00\",\"dateModified\":\"2026-01-20T17:02:56+00:00\",\"author\":{\"@id\":\"https:\/\/www.mes-allocs.fr\/guides\/#\/schema\/person\/8d47b912c0ad15f379df96b4e4e33f58\"},\"description\":\"Vous souhaitez savoir si vous pouvez b\\u00e9n\\u00e9ficier de l'AAH en m\\u00eame temps que votre pension de retraite en 2026 ? On vous explique.\",\"inLanguage\":\"fr-FR\"},{\"@type\":\"Person\",\"@id\":\"https:\/\/www.mes-allocs.fr\/guides\/#\/schema\/person\/8d47b912c0ad15f379df96b4e4e33f58\",\"name\":\"Constance de Cagny\",\"image\":{\"@type\":\"ImageObject\",\"@id\":\"https:\/\/www.mes-allocs.fr\/guides\/#personlogo\",\"inLanguage\":\"fr-FR\",\"url\":\"https:\/\/www.mes-allocs.fr\/guides\/wp-content\/uploads\/2021\/06\/Constance.2e8ee0b.png\",\"caption\":\"Constance de Cagny\"},\"description\":\"Constance est r\\u00e9dactrice au sein de l'\\u00e9quipe Mes Allocs. Elle a l'habitude d'\\u00e9crire sur les sujets conso, bons plans et \\u00e9conomies. Dipl\\u00f4m\\u00e9e de l'ENACO, elle rejoint Mes Allocs apr\\u00e8s une premi\\u00e8re exp\\u00e9rience en cabinet notarial.\",\"sameAs\":[\"https:\/\/www.linkedin.com\/in\/constance-de-cagny-mayeur-bbb414135\"]}]}<\/script>\n<!-- \/ Yoast SEO plugin. -->","amp_validity":null,"acf":{"faq":{"1":{"question":"Est-ce que l'AAH est cumulable avec la retraite ?","answer":"Depuis 2017, vous pouvez cumuler AAH et retraite, si votre taux d\u2019incapacit\u00e9 est sup\u00e9rieur \u00e0 80%, au lieu de basculer sur le r\u00e9gime de l\u2019Allocation de Solidarit\u00e9 aux personnes \u00c2g\u00e9es (ASPA)."},"2":{"question":"Quelle retraite pour une personne en AAH ?","answer":"Les conditions varient selon vos ressources, \u00e9tablies par une moyenne tous les 3 mois : diff\u00e9rents plafonds sont \u00e9tablis en fonction de votre situation familiale (si vous vivez seul ou en couple). Faites <a href=\"https:\/\/www.mes-allocs.fr\/simulation-aides\">la simulation gratuite<\/a> directement sur le site de Mes Allocs pour conna\u00eetre tous vos droits d'\u00e9ligibilit\u00e9s."},"3":{"question":"Qu'est-ce qui est cumulable avec l'AAH ?","answer":"Vous pouvez tout d'abord percevoir, sous certaines conditions, le RSA en plus de l\u2019AAH.\r\nPensez \u00e0 obtenir la Reconnaissance de Qualit\u00e9 de Travailleur Handicap\u00e9 (RQTH) ! Elle vous permet de nombreux avantages dans le milieu professionnel. Vous pouvez \u00e9galement obtenir la Prestation de Compensation du Handicap."},"4":{"question":"Quels sont les revenus pris en compte pour l'AAH ?","answer":"Le plus simple pour savoir si vous \u00eates \u00e9ligible \u00e0 la Subvention AAH en fonction de vos revenus et de votre situation, est de faire <a href=\"https:\/\/www.mes-allocs.fr\/simulation-aides\">la simulation gratuite<\/a> de Mes Allocs."},"5":{"question":"Quel est le montant de l'AAH en 2026 ?","answer":"Le montant maximal de l\u2019AAH s\u2019est vu bonifi\u00e9 en avril 2025. Il se porte d\u00e9sormais \u00e0 1 033,32 euros.  Ce montant est reconduit pour 2026 et sera revaloris\u00e9 en avril 2026. "},"6":{"question":"Puis-je travailler si je touche l'AAH ?","answer":"Si vous reprenez le travail et que vous percevez ainsi une r\u00e9mun\u00e9ration, vous pouvez cumuler le montant maximal de l\u2019AAH avec vos revenus pendant une p\u00e9riode de 6 mois \u00e0 partir du d\u00e9but de votre activit\u00e9. Vous devez informer la CAF de votre reprise d\u2019activit\u00e9 dans les plus brefs d\u00e9lais. Mes Allocs s\u2019en occupe \u00e0 votre place !"},"7":{"question":"Quelles ressources d\u00e9clarer pour l'AAH ?","answer":"Pour b\u00e9n\u00e9ficier de l'AAH ou continuer \u00e0 la percevoir, vos ressources de votre activit\u00e9 professionnelle ne doivent pas d\u00e9passer un plafond. Ce dernier \u00e9volue selon la composition de votre foyer."},"8":{"question":"Quels sont les aides pour les personnes handicap\u00e9es ?","answer":"L'allocation aux adultes handicap\u00e9s (AAH) est une aide financi\u00e8re octroy\u00e9e par la CDAPH sous conditions (\u00e2ge, incapacit\u00e9, etc.) qui permet d'assurer un minimum de ressources aux personnes souffrant d'un handicap reconnu"},"9":{"question":"","answer":""},"10":{"question":"","answer":""},"11":{"question":"","answer":""},"12":{"question":"","answer":""},"13":{"question":"","answer":""},"14":{"question":"","answer":""},"15":{"question":"","answer":""},"16":{"question":"","answer":""}}},"_links":{"self":[{"href":"https:\/\/www.mes-allocs.fr\/guides\/wp-json\/wp\/v2\/posts\/704","targetHints":{"allow":["GET"]}}],"collection":[{"href":"https:\/\/www.mes-allocs.fr\/guides\/wp-json\/wp\/v2\/posts"}],"about":[{"href":"https:\/\/www.mes-allocs.fr\/guides\/wp-json\/wp\/v2\/types\/post"}],"author":[{"embeddable":true,"href":"https:\/\/www.mes-allocs.fr\/guides\/wp-json\/wp\/v2\/users\/10"}],"replies":[{"embeddable":true,"href":"https:\/\/www.mes-allocs.fr\/guides\/wp-json\/wp\/v2\/comments?post=704"}],"version-history":[{"count":45,"href":"https:\/\/www.mes-allocs.fr\/guides\/wp-json\/wp\/v2\/posts\/704\/revisions"}],"predecessor-version":[{"id":108053,"href":"https:\/\/www.mes-allocs.fr\/guides\/wp-json\/wp\/v2\/posts\/704\/revisions\/108053"}],"wp:featuredmedia":[{"embeddable":true,"href":"https:\/\/www.mes-allocs.fr\/guides\/wp-json\/wp\/v2\/media\/705"}],"wp:attachment":[{"href":"https:\/\/www.mes-allocs.fr\/guides\/wp-json\/wp\/v2\/media?parent=704"}],"wp:term":[{"taxonomy":"category","embeddable":true,"href":"https:\/\/www.mes-allocs.fr\/guides\/wp-json\/wp\/v2\/categories?post=704"},{"taxonomy":"post_tag","embeddable":true,"href":"https:\/\/www.mes-allocs.fr\/guides\/wp-json\/wp\/v2\/tags?post=704"}],"curies":[{"name":"wp","href":"https:\/\/api.w.org\/{rel}","templated":true}]}}