{"id":69070,"date":"2023-09-26T10:27:04","date_gmt":"2023-09-26T08:27:04","guid":{"rendered":"https:\/\/www.mes-allocs.fr\/guides\/?p=69070"},"modified":"2025-03-27T17:27:23","modified_gmt":"2025-03-27T15:27:23","slug":"lettre-motivation-afpr","status":"publish","type":"post","link":"https:\/\/www.mes-allocs.fr\/guides\/chomage\/formation-afpr\/lettre-motivation-afpr\/","title":{"rendered":"Comment r\u00e9diger une lettre de motivation AFPR ?"},"content":{"rendered":"<p><img loading=\"lazy\" decoding=\"async\" class=\"alignnone wp-image-69071\" title=\"image\" src=\"https:\/\/www.mes-allocs.fr\/guides\/wp-content\/uploads\/2023\/09\/image_2023-09-26_100022300-e1695715285380.png\" alt=\"Comment r\u00e9diger une lettre de motivation AFPR ? \" width=\"1280\" height=\"354\" srcset=\"https:\/\/www.mes-allocs.fr\/guides\/wp-content\/uploads\/2023\/09\/image_2023-09-26_100022300-e1695715285380.png 640w, https:\/\/www.mes-allocs.fr\/guides\/wp-content\/uploads\/2023\/09\/image_2023-09-26_100022300-e1695715285380-300x83.png 300w, https:\/\/www.mes-allocs.fr\/guides\/wp-content\/uploads\/2023\/09\/image_2023-09-26_100022300-e1695715285380-600x166.png 600w\" sizes=\"auto, (max-width: 1280px) 100vw, 1280px\" \/><\/p>\n<p><strong>L&rsquo;action de formation pr\u00e9alable au recrutement (AFPR) permet la mise en place d&rsquo;une formation pour les demandeurs d\u2019emploi pour r\u00e9pondre \u00e0 une offre d\u2019emploi. Cette <a href=\"https:\/\/www.mes-allocs.fr\/guides\/aide-formation\/\">aide \u00e0 la formation<\/a>\u00a0 comble les \u00e9carts de comp\u00e9tences que le demandeur d\u2019emploi d\u00e9tient et celles requises par le poste. Mes Allocs vous explique comment r\u00e9diger une lettre de motivation AFPR.\u00a0<\/strong><\/p>\n<div class='cta-block'><div class='text'>Simulez toutes vos aides en 2 min.<\/div><a href='https:\/\/www.mes-allocs.fr\/ab-app?origin=guides\/wp-json\/wp\/v2\/posts\/69070' class='app-button fit'>Simulation gratuite<\/a><\/div>\n<h1>L&rsquo;AFPR : pour qui ?<\/h1>\n<h2>Les g\u00e9n\u00e9ralit\u00e9s<\/h2>\n<p>L&rsquo;action de formation pr\u00e9alable au recrutement (AFPR) est un dispositif de formation accessible pour les personnes qui sont inscrites chez P\u00f4le Emploi. Elle permet aux demandeurs d&#8217;emploi de compl\u00e9ter leurs comp\u00e9tences ou d&rsquo;en acqu\u00e9rir de nouvelles afin de postuler \u00e0 une offre d&#8217;emploi pour un CDD de plus de 6 mois et de moins de 12 mois, un contrat de professionnalisation \u00e0 dur\u00e9e d\u00e9termin\u00e9e ou un contrat de travail temporaire d&rsquo;au moins 6 mois.<\/p>\n<p>En tant que b\u00e9n\u00e9ficiaire de P\u00f4le Emploi vous pouvez \u00e9galement faire une demande d&rsquo; aide \u00e0 la mobilit\u00e9 pour prendre en charge les frais de d\u00e9placement dans le cadre de votre formation ou recherche d&#8217;emploi.<\/p>\n<h2>L&rsquo;\u00e9ligibilit\u00e9 de l&#8217;emploi \u00e0 l&rsquo;AFPR<\/h2>\n<p>Tous les demandeurs d&#8217;emploi peuvent b\u00e9n\u00e9ficier de l&rsquo; Action de formation pr\u00e9alable au recrutement, qu&rsquo;ils soient r\u00e9mun\u00e9r\u00e9s ou non. Cela dans le but de r\u00e9pondre \u00e0 une offre d&#8217;emploi d&rsquo;un futur employeur et d&rsquo;en acqu\u00e9rir les comp\u00e9tences n\u00e9cessaires.<\/p>\n<p>Vous pouvez donc demander \u00e0 b\u00e9n\u00e9ficier de l&rsquo;AFPR pour :<\/p>\n<ul class=\"spip\">\n<li>un Contrat \u00e0 Dur\u00e9e D\u00e9termin\u00e9e (CDD) de 6 mois minimum \u00e0 12 mois maximum ;<\/li>\n<li>un contrat de professionnalisation \u00e0 dur\u00e9e d\u00e9termin\u00e9e ;<\/li>\n<li>ou en contrat de travail temporaire, si les missions se d\u00e9roulent pendant au moins 6 mois dans les 9 mois cons\u00e9cutifs \u00e0 votre formation.<\/li>\n<\/ul>\n<div class='cta-block'><div class='text'>Simulez toutes vos aides en 2 min.<\/div><a href='https:\/\/www.mes-allocs.fr\/ab-app?origin=guides\/wp-json\/wp\/v2\/posts\/69070' class='app-button fit'>Simulation gratuite<\/a><\/div>\n<h1>Comment r\u00e9diger une lettre de motivation AFPR ?<\/h1>\n<h2>Que doit contenir ma lettre de motivation ?<\/h2>\n<p>Afin d&rsquo;effectuer une r\u00e9orientation professionnelle ou d&rsquo;acqu\u00e9rir des comp\u00e9tences suppl\u00e9mentaires pour changer de poste, les demandeurs d&#8217;emploi peuvent effectuer une formation professionnelle aupr\u00e8s de divers organismes. Pour cela, il faut obtenir l&rsquo;accord de P\u00f4le emploi. Plusieurs informations importantes doivent \u00eatre pr\u00e9sentes et vont permettre \u00e0 P\u00f4le Emploi de conna\u00eetre les motivations du demandeur d&#8217;emploi et la formation choisie.<\/p>\n<p>Il faut pour cela qu&rsquo;apparaisse : le nom du m\u00e9tier (r\u00e9orientation professionnelle), la formation souhait\u00e9e et l&rsquo;organisme qui la propose, les comp\u00e9tences\u00a0 qui seront acquises et les motivations de l&#8217;employ\u00e9 pour suivre cette formation.<\/p>\n<h2>Exemple de lettre de motivation AFPR<\/h2>\n<hr \/>\n<p><i>\u00c9metteur\u00a0:<\/i><br \/>\nPr\u00e9nom, Nom<br \/>\nAdresse<br \/>\nCode postal, Ville<br \/>\nT\u00e9l\u00e9phone<br \/>\nE-mail\u00a0 \u00a0 \u00a0 \u00a0 \u00a0 \u00a0 \u00a0 \u00a0 \u00a0 \u00a0 \u00a0 \u00a0 \u00a0 \u00a0 \u00a0 \u00a0 \u00a0 \u00a0 \u00a0 \u00a0 \u00a0 \u00a0 \u00a0 \u00a0 \u00a0 \u00a0 \u00a0 \u00a0 \u00a0 \u00a0 \u00a0 \u00a0 \u00a0 \u00a0 \u00a0 \u00a0 \u00a0 \u00a0 \u00a0 \u00a0 \u00a0 \u00a0 \u00a0 \u00a0 \u00a0 \u00a0 \u00a0 \u00a0 \u00a0 \u00a0 \u00a0 \u00a0 \u00a0 \u00a0 \u00a0 \u00a0<i>Destinataire : (Agence P\u00f4le Emploi)<\/i><\/p>\n<p>\u00c0 l\u2019attention de (Nom, Titre)<br \/>\nAdresse<br \/>\nCode postal, Ville<\/p>\n<p><u>Objet<\/u> : Demande de formation AFPR<\/p>\n<p>&nbsp;<\/p>\n<p><i>Madame, Monsieur,<\/i><\/p>\n<p>&nbsp;<\/p>\n<p>Je suis actuellement enregistr\u00e9(e) en tant que demandeur d&#8217;emploi sous l&rsquo;identifiant (pr\u00e9cisez ) aupr\u00e8s de vos services. Je per\u00e7ois (je ne per\u00e7ois pas) l&rsquo;indemnisation ARE. Je d\u00e9sire aujourd\u2019hui me r\u00e9orienter professionnellement vers le m\u00e9tier de (nom du m\u00e9tier).<\/p>\n<p>Je vous sollicite ainsi par la pr\u00e9sente pour la prise en charge d\u2019une formation de \u00ab nom de la formation \u00bb dispens\u00e9e par \u00ab nom de l\u2019organisme \u00bb, dans le cadre du dispositif AFPR. Elle est une action de formation pr\u00e9alable \u00e0 mon recrutement aupr\u00e8s de (pr\u00e9ciser l&rsquo;entreprise) et me permettra de garantir un renforcement de mes capacit\u00e9s professionnelles, facilitant ainsi mon insertion.<\/p>\n<p>Je pense que cette formation me permettra de donner une orientation nouvelle \u00e0 ma carri\u00e8re professionnelle et me permettra de trouver un emploi dans l&rsquo;entreprise (nommer la). C&rsquo;est donc tout naturellement que j&rsquo;ai d\u00e9cid\u00e9 de me diriger dans cette voie car (<i>expliquer vos principales raisons aussi bien personnel que professionnel).\u00a0<\/i><\/p>\n<p>Je vous remercie par avance de la consid\u00e9ration que vous porterez \u00e0 ma demande, et suis \u00e0 votre enti\u00e8re disposition pour convenir d\u2019un entretien afin de vous expliquer plus en d\u00e9tail mon projet.<\/p>\n<p>Dans l\u2019attente d\u2019une r\u00e9ponse positive de votre part, je vous prie d\u2019agr\u00e9er, (<i>Madame, Monsieur<\/i>), l\u2019expression de mes respectueuses salutations.<\/p>\n<p>&nbsp;<\/p>\n<p><i>\u00a0 \u00a0 \u00a0 \u00a0 \u00a0 \u00a0 \u00a0 \u00a0 \u00a0 \u00a0 \u00a0 \u00a0 \u00a0 \u00a0 \u00a0 \u00a0 \u00a0 \u00a0 \u00a0 \u00a0 \u00a0 \u00a0 \u00a0 \u00a0 \u00a0 \u00a0 \u00a0 \u00a0 \u00a0 \u00a0 \u00a0 \u00a0 \u00a0 \u00a0 \u00a0 \u00a0 \u00a0 \u00a0 \u00a0 \u00a0 \u00a0 \u00a0 \u00a0 \u00a0 \u00a0 \u00a0 \u00a0 \u00a0 \u00a0 \u00a0 \u00a0 \u00a0 \u00a0 \u00a0 \u00a0 \u00a0 \u00a0 \u00a0 \u00a0 \u00a0 \u00a0 \u00a0 \u00a0 \u00a0 \u00a0 \u00a0 \u00a0 \u00a0 \u00a0 \u00a0 \u00a0 \u00a0Signature<\/i><\/p>\n<hr \/>\n<h1>L&rsquo;AFPR : comment en b\u00e9n\u00e9ficier ?<\/h1>\n<p>Pour b\u00e9n\u00e9ficier de l&rsquo;AFPR vous devez obligatoirement \u00eatre inscrit sur la liste de demandeur d&#8217;emploi chez P\u00f4le Emploi. Il n\u2019est pas n\u00e9cessaire dans ce cas d\u2019\u00eatre demandeur d\u2019emploi indemnis\u00e9 par l\u2019Aide au retour \u00e0 l\u2019emploi (ARE).<\/p>\n<p><iframe loading=\"lazy\" title=\"L&#039;AFPR\" width=\"500\" height=\"281\" src=\"https:\/\/www.youtube.com\/embed\/48z8PGc0qIk?feature=oembed\" frameborder=\"0\" allow=\"accelerometer; autoplay; clipboard-write; encrypted-media; gyroscope; picture-in-picture; web-share\" referrerpolicy=\"strict-origin-when-cross-origin\" allowfullscreen><\/iframe><\/p>\n<h2>Le processus de mise en place de l&rsquo;AFPR<\/h2>\n<p>Pour b\u00e9n\u00e9ficier de l&rsquo;AFPR, d\u00e8s votre recherche d&#8217;emploi, vous devez trouvez une entreprise susceptible de vous recruter sur un poste qui n\u00e9cessite des nouvelles comp\u00e9tences ou encore trouver une offre sur P\u00f4le Emploi mentionnant l&rsquo;AFPR. D\u00e8s cet instant, vous devez vous rapprocher de votre conseiller P\u00f4le Emploi pour un accompagnement.<\/p>\n<p>A partir de l\u00e0, vous serez convoqu\u00e9 \u00e0 un entretien entre vous, l\u2019entreprise et P\u00f4le emploi, qui permettra de d\u00e9finir les comp\u00e9tences \u00e0 d\u00e9velopper et de mettre en place un plan de formation personnalis\u00e9.<\/p>\n<p>Vous recevrez dans votre espace personnel P\u00f4le Emploi, la demande d&rsquo;AFPR de votre futur employeur. A cette \u00e9tape vous donner votre accord et le dossier est transmis \u00e0 P\u00f4le Emploi. Vous pourrez donc entrer en formation avec le nouveau statut qui l&rsquo;accompagne<\/p>\n<h2>Votre statut<\/h2>\n<p>Pendant toute la dur\u00e9e de la formation, vous \u00eates stagiaire de la formation professionnelle r\u00e9mun\u00e9r\u00e9e et \u00e0 ce titre :<\/p>\n<ul class=\"rteindent1\">\n<li>Vous percevez l&rsquo;aide au retour \u00e0 l&#8217;emploi formation (AREF) si vous \u00eates demandeur d&#8217;emploi indemnis\u00e9 ; si vous n&rsquo;\u00eates pas indemnis\u00e9 une r\u00e9mun\u00e9ration de formation P\u00f4le emploi (RFPE) vous sera vers\u00e9e ;<\/li>\n<li>Dans certains cas, une aide \u00e0 la mobilit\u00e9 prenant en charge vos frais de d\u00e9placement, de repas et\/ou d\u2019h\u00e9bergement peut vous \u00eatre attribu\u00e9e pendant cette aide \u00e0 la formation.<\/li>\n<\/ul>\n<p>Les b\u00e9n\u00e9ficiaires de l\u2019Aide au Retour \u00e0 l\u2019Emploi seront indemnis\u00e9 de l&rsquo;aide au retour \u00e0 l&#8217;emploi formation (AREF). Le montant de l&rsquo;AREF per\u00e7u en 2025 est \u00e9gal \u00e0 22,88 \u20ac brut\/jour3. Tandis qu&rsquo;un demandeur d&#8217;emploi non indemnis\u00e9 par P\u00f4le Emploi per\u00e7oit une r\u00e9mun\u00e9ration de formation P\u00f4le emploi appel\u00e9e RFPE (au maximum 756,63 \u20ac si le b\u00e9n\u00e9ficiaire suit une formation \u00e0 temps plein)<\/p>\n<h2>La dur\u00e9e de formation<\/h2>\n<p>La dur\u00e9e de la formation AFPR ne peut exc\u00e9der 400 heures, et cela que vous r\u00e9alisiez les heures de formation en temps complet ou en temps partiel. Notez que vous pouvez \u00e9galement la r\u00e9aliser directement aupr\u00e8s de l\u2019employeur dans le cadre d\u2019un tutorat (voie interne), soit par un organisme de formation (voie externe).<\/p>\n<p>Il est possible d\u2019effectuer un plus grand nombre d\u2019heures de formation dans le cadre de l\u2019AFPR si le b\u00e9n\u00e9ficiaire d\u00e9pend du Plan d\u2019Investissement dans les Comp\u00e9tences (ou PIC) ou encore d\u2019autres dispositifs sp\u00e9cifiques. Pour de plus amples d\u00e9tails \u00e0 ce propos, il est n\u00e9cessaire de se renseigner aupr\u00e8s de son conseiller r\u00e9f\u00e9rent P\u00f4le emploi.<\/p>\n<div class='cta-block'><div class='text'>Simulez toutes vos aides en 2 min.<\/div><a href='https:\/\/www.mes-allocs.fr\/ab-app?origin=guides\/wp-json\/wp\/v2\/posts\/69070' class='app-button fit'>Simulation gratuite<\/a><\/div>\n","protected":false},"excerpt":{"rendered":"<p>L&rsquo;action de formation pr\u00e9alable au recrutement (AFPR) permet la mise en place d&rsquo;une formation pour les demandeurs d\u2019emploi pour r\u00e9pondre \u00e0 une offre d\u2019emploi. Cette aide \u00e0 la formation\u00a0 comble les \u00e9carts de comp\u00e9tences que le demandeur d\u2019emploi d\u00e9tient et celles requises par le poste. Mes Allocs vous explique comment r\u00e9diger une lettre de motivation [&hellip;]<\/p>\n","protected":false},"author":25,"featured_media":69073,"comment_status":"closed","ping_status":"open","sticky":false,"template":"","format":"standard","meta":{"amp_status":"","footnotes":""},"categories":[46123,2989],"tags":[],"class_list":["post-69070","post","type-post","status-publish","format-standard","has-post-thumbnail","hentry","category-formation-afpr","category-chomage"],"yoast_head":"<!-- This site is optimized with the Yoast SEO plugin v14.9 - https:\/\/yoast.com\/wordpress\/plugins\/seo\/ -->\n<title>Comment r\u00e9diger une lettre de motivation AFPR ? | Mes-Allocs.fr<\/title>\n<meta name=\"description\" content=\"Comment r\u00e9diger une lettre de motivation AFPR ? Vos motivations, les comp\u00e9tences \u00e0 acqu\u00e9rir sont indispensable pour cela. On vous explique.\" \/>\n<meta name=\"robots\" content=\"index, follow, max-snippet:-1, max-image-preview:large, max-video-preview:-1\" \/>\n<link rel=\"canonical\" href=\"https:\/\/www.mes-allocs.fr\/guides\/chomage\/formation-afpr\/lettre-motivation-afpr\/\" \/>\n<meta property=\"og:locale\" content=\"fr_FR\" \/>\n<meta property=\"og:type\" content=\"article\" \/>\n<meta property=\"og:title\" content=\"Comment r\u00e9diger une lettre de motivation AFPR ? | Mes-Allocs.fr\" \/>\n<meta property=\"og:description\" content=\"Comment r\u00e9diger une lettre de motivation AFPR ? Vos motivations, les comp\u00e9tences \u00e0 acqu\u00e9rir sont indispensable pour cela. On vous explique.\" \/>\n<meta property=\"og:url\" content=\"https:\/\/www.mes-allocs.fr\/guides\/chomage\/formation-afpr\/lettre-motivation-afpr\/\" \/>\n<meta property=\"og:site_name\" content=\"Mes-Allocs.fr\" \/>\n<meta property=\"article:published_time\" content=\"2023-09-26T08:27:04+00:00\" \/>\n<meta property=\"article:modified_time\" content=\"2025-03-27T15:27:23+00:00\" \/>\n<meta property=\"og:image\" content=\"https:\/\/www.mes-allocs.fr\/guides\/wp-content\/uploads\/2023\/09\/image_2023-09-26_102602021.png?wsr\" \/>\n\t<meta property=\"og:image:width\" content=\"640\" \/>\n\t<meta property=\"og:image:height\" content=\"480\" \/>\n<meta name=\"twitter:card\" content=\"summary_large_image\" \/>\n<script type=\"application\/ld+json\" class=\"yoast-schema-graph\">{\"@context\":\"https:\/\/schema.org\",\"@graph\":[{\"@type\":\"WebSite\",\"@id\":\"https:\/\/www.mes-allocs.fr\/guides\/#website\",\"url\":\"https:\/\/www.mes-allocs.fr\/guides\/\",\"name\":\"Mes-Allocs.fr\",\"description\":\"\",\"potentialAction\":[{\"@type\":\"SearchAction\",\"target\":\"https:\/\/www.mes-allocs.fr\/guides\/?s={search_term_string}\",\"query-input\":\"required name=search_term_string\"}],\"inLanguage\":\"fr-FR\"},{\"@type\":\"ImageObject\",\"@id\":\"https:\/\/www.mes-allocs.fr\/guides\/chomage\/formation-afpr\/lettre-motivation-afpr\/#primaryimage\",\"inLanguage\":\"fr-FR\",\"url\":\"https:\/\/www.mes-allocs.fr\/guides\/wp-content\/uploads\/2023\/09\/image_2023-09-26_102602021.png?wsr\",\"width\":640,\"height\":480,\"caption\":\"image\"},{\"@type\":\"WebPage\",\"@id\":\"https:\/\/www.mes-allocs.fr\/guides\/chomage\/formation-afpr\/lettre-motivation-afpr\/#webpage\",\"url\":\"https:\/\/www.mes-allocs.fr\/guides\/chomage\/formation-afpr\/lettre-motivation-afpr\/\",\"name\":\"Comment r\\u00e9diger une lettre de motivation AFPR ? | Mes-Allocs.fr\",\"isPartOf\":{\"@id\":\"https:\/\/www.mes-allocs.fr\/guides\/#website\"},\"primaryImageOfPage\":{\"@id\":\"https:\/\/www.mes-allocs.fr\/guides\/chomage\/formation-afpr\/lettre-motivation-afpr\/#primaryimage\"},\"datePublished\":\"2023-09-26T08:27:04+00:00\",\"dateModified\":\"2025-03-27T15:27:23+00:00\",\"author\":{\"@id\":\"https:\/\/www.mes-allocs.fr\/guides\/#\/schema\/person\/52b318867057023c2f6a62512d870cf7\"},\"description\":\"Comment r\\u00e9diger une lettre de motivation AFPR ? Vos motivations, les comp\\u00e9tences \\u00e0 acqu\\u00e9rir sont indispensable pour cela. On vous explique.\",\"inLanguage\":\"fr-FR\"},{\"@type\":\"Person\",\"@id\":\"https:\/\/www.mes-allocs.fr\/guides\/#\/schema\/person\/52b318867057023c2f6a62512d870cf7\",\"name\":\"Eric Zotoglo\",\"image\":{\"@type\":\"ImageObject\",\"@id\":\"https:\/\/www.mes-allocs.fr\/guides\/#personlogo\",\"inLanguage\":\"fr-FR\",\"url\":\"https:\/\/www.mes-allocs.fr\/guides\/wp-content\/uploads\/2023\/06\/PXL_20230324_080412913.NIGHT2_1-150x150.jpg\",\"caption\":\"Eric Zotoglo\"},\"description\":\"Eric est juriste sp\\u00e9cialis\\u00e9e en droit du num\\u00e9rique et de la protection sociale. Il rejoint Mes Allocs apr\\u00e8s une premi\\u00e8re exp\\u00e9rience dans le secteur du journalisme.\",\"sameAs\":[\"https:\/\/www.linkedin.com\/in\/eric-zotoglo-1a8a9a55\/\"]}]}<\/script>\n<!-- \/ Yoast SEO plugin. -->","amp_validity":null,"acf":{"faq":{"1":{"question":"Comment fonctionne l'AFPR ?","answer":"L'AFPR permet \u00e0 un demandeur d'emploi ayant trouv\u00e9 un emploi de b\u00e9n\u00e9ficier d'une formation afin de mettre ses comp\u00e9tences au niveau attendu par l'entreprise qui l'embauche"},"2":{"question":"Comment acc\u00e9der \u00e0 mon espace personnel P\u00f4le emploi ?","answer":"Votre espace personnel est le tableau de bord unique de votre recherche d'emploi et de vos d\u00e9marches. D\u00e8s la page d'accueil de votre espace personnel, vous acc\u00e9dez \u00e0 un tableau de bord personnalis\u00e9 en fonction de votre situation."},"3":{"question":"Comment rompre un contrat AFPR ?","answer":"Vous pouvez rompre cette AFPR en expliquant \u00e0 P\u00f4le Emploi comment cet employeur vous traite."},"4":{"question":"Qui peut b\u00e9n\u00e9ficier de l'AFPR ?","answer":"Indemnis\u00e9 ou non, tout demandeur d'emploi peut b\u00e9n\u00e9ficier de l'action de formation pr\u00e9alable au recrutement suite \u00e0 une proposition d'emploi requ\u00e9rant une formation, interne ou externe. "},"5":{"question":"Comment toucher le ch\u00f4mage P\u00f4le Emploi ?","answer":"Pour avoir droit aux allocations ch\u00f4mage, il faut justifier d'au moins 130 jours travaill\u00e9s ou 910 heures travaill\u00e9es."},"6":{"question":"","answer":""},"7":{"question":"","answer":""},"8":{"question":"","answer":""},"9":{"question":"","answer":""},"10":{"question":"","answer":""},"11":{"question":"","answer":""},"12":{"question":"","answer":""},"13":{"question":"","answer":""},"14":{"question":"","answer":""},"15":{"question":"","answer":""},"16":{"question":"","answer":""}}},"_links":{"self":[{"href":"https:\/\/www.mes-allocs.fr\/guides\/wp-json\/wp\/v2\/posts\/69070","targetHints":{"allow":["GET"]}}],"collection":[{"href":"https:\/\/www.mes-allocs.fr\/guides\/wp-json\/wp\/v2\/posts"}],"about":[{"href":"https:\/\/www.mes-allocs.fr\/guides\/wp-json\/wp\/v2\/types\/post"}],"author":[{"embeddable":true,"href":"https:\/\/www.mes-allocs.fr\/guides\/wp-json\/wp\/v2\/users\/25"}],"replies":[{"embeddable":true,"href":"https:\/\/www.mes-allocs.fr\/guides\/wp-json\/wp\/v2\/comments?post=69070"}],"version-history":[{"count":3,"href":"https:\/\/www.mes-allocs.fr\/guides\/wp-json\/wp\/v2\/posts\/69070\/revisions"}],"predecessor-version":[{"id":97068,"href":"https:\/\/www.mes-allocs.fr\/guides\/wp-json\/wp\/v2\/posts\/69070\/revisions\/97068"}],"wp:featuredmedia":[{"embeddable":true,"href":"https:\/\/www.mes-allocs.fr\/guides\/wp-json\/wp\/v2\/media\/69073"}],"wp:attachment":[{"href":"https:\/\/www.mes-allocs.fr\/guides\/wp-json\/wp\/v2\/media?parent=69070"}],"wp:term":[{"taxonomy":"category","embeddable":true,"href":"https:\/\/www.mes-allocs.fr\/guides\/wp-json\/wp\/v2\/categories?post=69070"},{"taxonomy":"post_tag","embeddable":true,"href":"https:\/\/www.mes-allocs.fr\/guides\/wp-json\/wp\/v2\/tags?post=69070"}],"curies":[{"name":"wp","href":"https:\/\/api.w.org\/{rel}","templated":true}]}}