{"id":68992,"date":"2023-09-25T18:17:49","date_gmt":"2023-09-25T16:17:49","guid":{"rendered":"https:\/\/www.mes-allocs.fr\/guides\/?p=68992"},"modified":"2025-07-02T15:42:03","modified_gmt":"2025-07-02T13:42:03","slug":"rupture-afpr","status":"publish","type":"post","link":"https:\/\/www.mes-allocs.fr\/guides\/chomage\/formation-afpr\/rupture-afpr\/","title":{"rendered":"La rupture de l&rsquo;afpr"},"content":{"rendered":"<p><img loading=\"lazy\" decoding=\"async\" class=\"alignnone wp-image-68993\" title=\"image\" src=\"https:\/\/www.mes-allocs.fr\/guides\/wp-content\/uploads\/2023\/09\/image_2023-09-25_105849877-e1695632375467.png\" alt=\"La rupture de l'afpr\" width=\"1280\" height=\"316\" \/><\/p>\n<p><strong>L&rsquo;action de formation pr\u00e9alable au recrutement (AFPR) permet la mise en place d&rsquo;une formation pour les demandeurs d\u2019emploi pour r\u00e9pondre \u00e0 une offre d\u2019emploi. Cette <a href=\"https:\/\/www.mes-allocs.fr\/guides\/aide-formation\/\">aide \u00e0 la formation<\/a>\u00a0 comble les \u00e9carts de comp\u00e9tences que le demandeur d\u2019emploi d\u00e9tient et celles requises par le poste. Comment rompre mon AFPR ? Mes Allocs vous explique tout en d\u00e9tail ici.<\/strong><\/p>\n<div class='cta-block'><div class='text'>Simulez toutes vos aides en 2 min.<\/div><a href='https:\/\/www.mes-allocs.fr\/ab-app?origin=guides\/wp-json\/wp\/v2\/posts\/68992' class='app-button fit'>Simulation gratuite<\/a><\/div>\n<h1>L&rsquo;AFPR : pour qui ?<\/h1>\n<h2>Les g\u00e9n\u00e9ralit\u00e9s<\/h2>\n<p>L&rsquo;action de formation pr\u00e9alable au recrutement (AFPR) est un dispositif de formation accessible pour les personnes qui sont inscrites chez P\u00f4le Emploi. Elle permet aux demandeurs d&#8217;emploi de compl\u00e9ter leurs comp\u00e9tences ou d&rsquo;en acqu\u00e9rir de nouvelles afin de postuler \u00e0 une offre d&#8217;emploi pour un CDD de plus de 6 mois et de moins de 12 mois, un contrat de professionnalisation \u00e0 dur\u00e9e d\u00e9termin\u00e9e ou un contrat de travail temporaire d&rsquo;au moins 6 mois.<\/p>\n<p>En tant que b\u00e9n\u00e9ficiaire de P\u00f4le Emploi vous pouvez \u00e9galement faire une demande d&rsquo; aide \u00e0 la mobilit\u00e9 pour prendre en charge les frais de d\u00e9placement dans le cadre de votre formation ou recherche d&#8217;emploi.<\/p>\n<h2>L&rsquo;\u00e9ligibilit\u00e9 de l&#8217;emploi \u00e0 l&rsquo;AFPR<\/h2>\n<p>Tous les demandeurs d&#8217;emploi peuvent b\u00e9n\u00e9ficier de l&rsquo; Action de formation pr\u00e9alable au recrutement, qu&rsquo;ils soient r\u00e9mun\u00e9r\u00e9s ou non. Cela dans le but de r\u00e9pondre \u00e0 une offre d&#8217;emploi d&rsquo;un futur employeur et d&rsquo;en acqu\u00e9rir les comp\u00e9tences n\u00e9cessaires.<\/p>\n<p>Vous pouvez donc demander \u00e0 b\u00e9n\u00e9ficier de l&rsquo;AFPR pour :<\/p>\n<ul class=\"spip\">\n<li>un Contrat \u00e0 Dur\u00e9e D\u00e9termin\u00e9e (CDD) de 6 mois minimum \u00e0 12 mois maximum ;<\/li>\n<li>un contrat de professionnalisation \u00e0 dur\u00e9e d\u00e9termin\u00e9e ;<\/li>\n<li>ou en contrat de travail temporaire, si les missions se d\u00e9roulent pendant au moins 6 mois dans les 9 mois cons\u00e9cutifs \u00e0 votre formation.<\/li>\n<\/ul>\n<h1>La rupture de l&rsquo;AFPR<\/h1>\n<h2>La rupture par l&#8217;employeur<\/h2>\n<p>L&#8217;employeur qui veut rompre l&rsquo;AFPR doit motiver sa d\u00e9cision et passer par les voies l\u00e9gales qui lui sont permises (rupture conventionnelle, rupture pour faute lourde&#8230;)<\/p>\n<h2>La rupture par l&#8217;employ\u00e9<\/h2>\n<p>L&#8217;employ\u00e9 qui souhaite rompre son AFPR, doit envoy\u00e9 une lettrez motiv\u00e9 \u00e0 P\u00f4le Emploi expliquant le motif de la rupture. Il peut aussi demander une rupture conventionnelle \u00e0 l&#8217;employeur.<\/p>\n<p>Rappelons toutefois que la loi n&rsquo;est pas claire sur le sujet entrainant bien trop souvent des situations d\u00e9licates pour le salari\u00e9. Ainsi donc, de nombreux salari\u00e9s se retrouve sans emploi et sans indemnit\u00e9 de ch\u00f4mage ni d&rsquo;allocations suite \u00e0 la rupture qu&rsquo;elle soit de leur fait ou de celui de l&#8217;employeur.<\/p>\n<h2>Exemple de lettre de rupture<\/h2>\n<p>Nom Pr\u00e9nom<br \/>\nAdresse<br \/>\nT\u00e9l\u00e9phone<\/p>\n<p dir=\"rtl\">Nom Pr\u00e9nom destinataire<br \/>\nNom de l&rsquo;entreprise<br \/>\nAdresse<\/p>\n<p dir=\"rtl\"><i>A (Ville), le (date)<\/i><\/p>\n<p>Objet\u00a0: proposition de rupture conventionnelle<\/p>\n<p>Madame, Monsieur,<\/p>\n<p>Actuellement en formation AFPR aupr\u00e8s de (organisme) pour r\u00e9pondre \u00e0 l&rsquo;offre d&#8217;emploi de l&rsquo;entreprise au poste de (poste) en CDD \u00e0 compter du (date d&#8217;embauche), je vous informe que j&rsquo;\u00e9tudie la possibilit\u00e9 de quitter mes fonctions.<\/p>\n<p>A ce titre, je vous propose d&rsquo;entamer la proc\u00e9dure de rupture conventionnelle pr\u00e9vue aux articles L.1237-11\u00a0et suivants du\u00a0Code du travail. En cas d&rsquo;accord de votre part, je me tiens \u00e0 votre disposition pour convenir d&rsquo;une date d&rsquo;entretien afin que nous fixions ensemble les conditions de mon d\u00e9part de l&rsquo;entreprise.<\/p>\n<p>Dans l&rsquo;attente de votre r\u00e9ponse,\u00a0formule de politesse.<\/p>\n<hr \/>\n<p><strong>La proc\u00e9dure de rupture conventionnelle est relativement peu encadr\u00e9e par la loi. L&rsquo;initiative peut ainsi provenir aussi bien de l&#8217;employeur que du salari\u00e9.<\/strong><\/p>\n<h1>L&rsquo;AFPR : comment est-ce indemnis\u00e9e ?<\/h1>\n<h2>L&rsquo;aide vers\u00e9e au demandeur d&#8217;emploi<\/h2>\n<p>Les b\u00e9n\u00e9ficiaires de l\u2019Aide au Retour \u00e0 l\u2019Emploi seront indemnis\u00e9 de l&rsquo;aide au retour \u00e0 l&#8217;emploi formation (AREF). Le montant de l&rsquo;AREF per\u00e7u en 2025 est \u00e9gal \u00e0 22,99 \u20ac brut\/jour. Tandis qu&rsquo;un demandeur d&#8217;emploi non indemnis\u00e9 par P\u00f4le Emploi per\u00e7oit une r\u00e9mun\u00e9ration de formation P\u00f4le emploi appel\u00e9e RFFT (au maximum 756,63 \u20ac si le b\u00e9n\u00e9ficiaire suit une formation \u00e0 temps plein)<\/p>\n<h2>L&rsquo;aide vers\u00e9e au futur employeur<\/h2>\n<p>Quand l\u2019employeur embauche le demandeur d&#8217;emploi (en contrat \u00e0 dur\u00e9e d\u00e9termin\u00e9e ou CDD de plus de 6 mois et de moins de 12 mois, en contrat de professionnalisation \u00e0 dur\u00e9e d\u00e9termin\u00e9e, en contrat de travail temporaire d\u2019au moins 6 mois dans les 9 mois apr\u00e8s avoir effectu\u00e9 la formation, comme pr\u00e9vu), il per\u00e7oit une aide au financement de la formation:<\/p>\n<ul>\n<li>pour les formations effectu\u00e9es en entreprise (voie interne), l\u2019aide s\u2019\u00e9l\u00e8ve \u00e0 5 euros net au maximum par heure de formation dans la limite de 2000 euros<\/li>\n<li>pour les formations effectu\u00e9es dans un organisme (voie externe), l\u2019aide s\u2019\u00e9l\u00e8ve \u00e0 8 euros net au maximum par heure dans la limite de 3200 euros<\/li>\n<\/ul>\n<div class='cta-block'><div class='text'>Simulez toutes vos aides en 2 min.<\/div><a href='https:\/\/www.mes-allocs.fr\/ab-app?origin=guides\/wp-json\/wp\/v2\/posts\/68992' class='app-button fit'>Simulation gratuite<\/a><\/div>\n<h1>L&rsquo;AFPR : comment en b\u00e9n\u00e9ficier ?<\/h1>\n<p>Pour b\u00e9n\u00e9ficier de l&rsquo;AFPR vous devez obligatoirement \u00eatre inscrit sur la liste de demandeur d&#8217;emploi chez P\u00f4le Emploi. Il n\u2019est pas n\u00e9cessaire dans ce cas d\u2019\u00eatre demandeur d\u2019emploi indemnis\u00e9 par l\u2019Aide au retour \u00e0 l\u2019emploi (ARE).<\/p>\n<h2>Le processus de mise en place de l&rsquo;AFPR<\/h2>\n<p>Pour b\u00e9n\u00e9ficier de l&rsquo;AFPR, d\u00e8s votre recherche d&#8217;emploi, vous devez trouvez une entreprise susceptible de vous recruter sur un poste qui n\u00e9cessite des nouvelles comp\u00e9tences ou encore trouver une offre sur P\u00f4le Emploi mentionnant l&rsquo;AFPR. D\u00e8s cet instant, vous devez vous rapprocher de votre conseiller P\u00f4le Emploi pour un accompagnement.<\/p>\n<p>A partir de l\u00e0, vous serez convoqu\u00e9 \u00e0 un entretien entre vous, l\u2019entreprise et P\u00f4le emploi, qui permettra de d\u00e9finir les comp\u00e9tences \u00e0 d\u00e9velopper et de mettre en place un plan de formation personnalis\u00e9.<\/p>\n<p>Vous recevrez dans votre espace personnel P\u00f4le Emploi, la demande d&rsquo;AFPR de votre futur employeur. A cette \u00e9tape vous donner votre accord et le dossier est transmis \u00e0 P\u00f4le Emploi. Vous pourrez donc entrer en formation avec le nouveau statut qui l&rsquo;accompagne<\/p>\n<p><iframe loading=\"lazy\" title=\"L&#039;AFPR\" width=\"500\" height=\"281\" src=\"https:\/\/www.youtube.com\/embed\/48z8PGc0qIk?feature=oembed\" frameborder=\"0\" allow=\"accelerometer; autoplay; clipboard-write; encrypted-media; gyroscope; picture-in-picture; web-share\" referrerpolicy=\"strict-origin-when-cross-origin\" allowfullscreen><\/iframe><\/p>\n<h2>Votre statut<\/h2>\n<p>Pendant toute la dur\u00e9e de la formation, vous \u00eates stagiaire de la formation professionnelle r\u00e9mun\u00e9r\u00e9e et \u00e0 ce titre :<\/p>\n<ul class=\"rteindent1\">\n<li>Vous percevez l&rsquo;aide au retour \u00e0 l&#8217;emploi formation (AREF) si vous \u00eates demandeur d&#8217;emploi indemnis\u00e9 ; si vous n&rsquo;\u00eates pas indemnis\u00e9 une r\u00e9mun\u00e9ration de formation P\u00f4le emploi (RFPE) vous sera vers\u00e9e ;<\/li>\n<li>Dans certains cas, une aide \u00e0 la mobilit\u00e9 prenant en charge vos frais de d\u00e9placement, de repas et\/ou d\u2019h\u00e9bergement peut vous \u00eatre attribu\u00e9e pendant cette aide \u00e0 la formation.<\/li>\n<\/ul>\n<h2>La dur\u00e9e de formation<\/h2>\n<p>La dur\u00e9e de la formation AFPR ne peut exc\u00e9der 400 heures, et cela que vous r\u00e9alisiez les heures de formation en temps complet ou en temps partiel. Notez que vous pouvez \u00e9galement la r\u00e9aliser directement aupr\u00e8s de l\u2019employeur dans le cadre d\u2019un tutorat (voie interne), soit par un organisme de formation (voie externe).<\/p>\n<p>Il est possible d\u2019effectuer un plus grand nombre d\u2019heures de formation dans le cadre de l\u2019AFPR si le b\u00e9n\u00e9ficiaire d\u00e9pend du Plan d\u2019Investissement dans les Comp\u00e9tences (ou PIC) ou encore d\u2019autres dispositifs sp\u00e9cifiques. Pour de plus amples d\u00e9tails \u00e0 ce propos, il est n\u00e9cessaire de se renseigner aupr\u00e8s de son conseiller r\u00e9f\u00e9rent P\u00f4le emploi.<\/p>\n<div class='cta-block'><div class='text'>Simulez toutes vos aides en 2 min.<\/div><a href='https:\/\/www.mes-allocs.fr\/ab-app?origin=guides\/wp-json\/wp\/v2\/posts\/68992' class='app-button fit'>Simulation gratuite<\/a><\/div>\n","protected":false},"excerpt":{"rendered":"<p>L&rsquo;action de formation pr\u00e9alable au recrutement (AFPR) permet la mise en place d&rsquo;une formation pour les demandeurs d\u2019emploi pour r\u00e9pondre \u00e0 une offre d\u2019emploi. Cette aide \u00e0 la formation\u00a0 comble les \u00e9carts de comp\u00e9tences que le demandeur d\u2019emploi d\u00e9tient et celles requises par le poste. Comment rompre mon AFPR ? Mes Allocs vous explique tout [&hellip;]<\/p>\n","protected":false},"author":25,"featured_media":68994,"comment_status":"closed","ping_status":"open","sticky":false,"template":"","format":"standard","meta":{"amp_status":"","footnotes":""},"categories":[46123,2989],"tags":[],"class_list":["post-68992","post","type-post","status-publish","format-standard","has-post-thumbnail","hentry","category-formation-afpr","category-chomage"],"yoast_head":"<!-- This site is optimized with the Yoast SEO plugin v14.9 - https:\/\/yoast.com\/wordpress\/plugins\/seo\/ -->\n<title>La rupture de l&#039;afpr | Mes-Allocs.fr<\/title>\n<meta name=\"description\" content=\"L&#039;AFPR comble les \u00e9carts de comp\u00e9tences que le demandeur d\u2019emploi d\u00e9tient et celles requises par le poste. Comment donc rompre mon AFPR ?\" \/>\n<meta name=\"robots\" content=\"index, follow, max-snippet:-1, max-image-preview:large, max-video-preview:-1\" \/>\n<link rel=\"canonical\" href=\"https:\/\/www.mes-allocs.fr\/guides\/chomage\/formation-afpr\/rupture-afpr\/\" \/>\n<meta property=\"og:locale\" content=\"fr_FR\" \/>\n<meta property=\"og:type\" content=\"article\" \/>\n<meta property=\"og:title\" content=\"La rupture de l&#039;afpr | Mes-Allocs.fr\" \/>\n<meta property=\"og:description\" content=\"L&#039;AFPR comble les \u00e9carts de comp\u00e9tences que le demandeur d\u2019emploi d\u00e9tient et celles requises par le poste. Comment donc rompre mon AFPR ?\" \/>\n<meta property=\"og:url\" content=\"https:\/\/www.mes-allocs.fr\/guides\/chomage\/formation-afpr\/rupture-afpr\/\" \/>\n<meta property=\"og:site_name\" content=\"Mes-Allocs.fr\" \/>\n<meta property=\"article:published_time\" content=\"2023-09-25T16:17:49+00:00\" \/>\n<meta property=\"article:modified_time\" content=\"2025-07-02T13:42:03+00:00\" \/>\n<meta property=\"og:image\" content=\"https:\/\/www.mes-allocs.fr\/guides\/wp-content\/uploads\/2023\/09\/image_2023-09-25_113807703.png?wsr\" \/>\n\t<meta property=\"og:image:width\" content=\"400\" \/>\n\t<meta property=\"og:image:height\" content=\"267\" \/>\n<meta name=\"twitter:card\" content=\"summary_large_image\" \/>\n<script type=\"application\/ld+json\" class=\"yoast-schema-graph\">{\"@context\":\"https:\/\/schema.org\",\"@graph\":[{\"@type\":\"WebSite\",\"@id\":\"https:\/\/www.mes-allocs.fr\/guides\/#website\",\"url\":\"https:\/\/www.mes-allocs.fr\/guides\/\",\"name\":\"Mes-Allocs.fr\",\"description\":\"\",\"potentialAction\":[{\"@type\":\"SearchAction\",\"target\":\"https:\/\/www.mes-allocs.fr\/guides\/?s={search_term_string}\",\"query-input\":\"required name=search_term_string\"}],\"inLanguage\":\"fr-FR\"},{\"@type\":\"ImageObject\",\"@id\":\"https:\/\/www.mes-allocs.fr\/guides\/chomage\/formation-afpr\/rupture-afpr\/#primaryimage\",\"inLanguage\":\"fr-FR\",\"url\":\"https:\/\/www.mes-allocs.fr\/guides\/wp-content\/uploads\/2023\/09\/image_2023-09-25_113807703.png?wsr\",\"width\":400,\"height\":267,\"caption\":\"image\"},{\"@type\":\"WebPage\",\"@id\":\"https:\/\/www.mes-allocs.fr\/guides\/chomage\/formation-afpr\/rupture-afpr\/#webpage\",\"url\":\"https:\/\/www.mes-allocs.fr\/guides\/chomage\/formation-afpr\/rupture-afpr\/\",\"name\":\"La rupture de l'afpr | Mes-Allocs.fr\",\"isPartOf\":{\"@id\":\"https:\/\/www.mes-allocs.fr\/guides\/#website\"},\"primaryImageOfPage\":{\"@id\":\"https:\/\/www.mes-allocs.fr\/guides\/chomage\/formation-afpr\/rupture-afpr\/#primaryimage\"},\"datePublished\":\"2023-09-25T16:17:49+00:00\",\"dateModified\":\"2025-07-02T13:42:03+00:00\",\"author\":{\"@id\":\"https:\/\/www.mes-allocs.fr\/guides\/#\/schema\/person\/52b318867057023c2f6a62512d870cf7\"},\"description\":\"L'AFPR comble les \\u00e9carts de comp\\u00e9tences que le demandeur d\\u2019emploi d\\u00e9tient et celles requises par le poste. Comment donc rompre mon AFPR ?\",\"inLanguage\":\"fr-FR\"},{\"@type\":\"Person\",\"@id\":\"https:\/\/www.mes-allocs.fr\/guides\/#\/schema\/person\/52b318867057023c2f6a62512d870cf7\",\"name\":\"Eric Zotoglo\",\"image\":{\"@type\":\"ImageObject\",\"@id\":\"https:\/\/www.mes-allocs.fr\/guides\/#personlogo\",\"inLanguage\":\"fr-FR\",\"url\":\"https:\/\/www.mes-allocs.fr\/guides\/wp-content\/uploads\/2023\/06\/PXL_20230324_080412913.NIGHT2_1-150x150.jpg\",\"caption\":\"Eric Zotoglo\"},\"description\":\"Eric est juriste sp\\u00e9cialis\\u00e9e en droit du num\\u00e9rique et de la protection sociale. Il rejoint Mes Allocs apr\\u00e8s une premi\\u00e8re exp\\u00e9rience dans le secteur du journalisme.\",\"sameAs\":[\"https:\/\/www.linkedin.com\/in\/eric-zotoglo-1a8a9a55\/\"]}]}<\/script>\n<!-- \/ Yoast SEO plugin. -->","amp_validity":null,"acf":{"faq":{"1":{"question":"Comment rompre mon contrat AFPR ?","answer":"Vous pouvez rompre cette AFPR en expliquant \u00e0 P\u00f4le Emploi comment cet employeur vous traite."},"2":{"question":"Comment fonctionne l'AFPR ?","answer":"L'AFPR permet \u00e0 un demandeur d'emploi ayant trouv\u00e9 un emploi de b\u00e9n\u00e9ficier d'une formation afin de mettre ses comp\u00e9tences au niveau attendu par l'entreprise qui l'embauche"},"3":{"question":"Comment acc\u00e9der \u00e0 mon espace personnel P\u00f4le emploi ?","answer":"Votre espace personnel est le tableau de bord unique de votre recherche d'emploi et de vos d\u00e9marches. D\u00e8s la page d'accueil de votre espace personnel, vous acc\u00e9dez \u00e0 un tableau de bord personnalis\u00e9 en fonction de votre situation."},"4":{"question":"Qui peut b\u00e9n\u00e9ficier de l'AFPR ?","answer":"Indemnis\u00e9 ou non, tout demandeur d'emploi peut b\u00e9n\u00e9ficier de l'action de formation pr\u00e9alable au recrutement suite \u00e0 une proposition d'emploi requ\u00e9rant une formation, interne ou externe. "},"5":{"question":"Comment toucher le ch\u00f4mage P\u00f4le Emploi ?","answer":"Pour avoir droit aux allocations ch\u00f4mage, il faut justifier d'au moins 130 jours travaill\u00e9s ou 910 heures travaill\u00e9es."},"6":{"question":"","answer":""},"7":{"question":"","answer":""},"8":{"question":"","answer":""},"9":{"question":"","answer":""},"10":{"question":"","answer":""},"11":{"question":"","answer":""},"12":{"question":"","answer":""},"13":{"question":"","answer":""},"14":{"question":"","answer":""},"15":{"question":"","answer":""},"16":{"question":"","answer":""}}},"_links":{"self":[{"href":"https:\/\/www.mes-allocs.fr\/guides\/wp-json\/wp\/v2\/posts\/68992","targetHints":{"allow":["GET"]}}],"collection":[{"href":"https:\/\/www.mes-allocs.fr\/guides\/wp-json\/wp\/v2\/posts"}],"about":[{"href":"https:\/\/www.mes-allocs.fr\/guides\/wp-json\/wp\/v2\/types\/post"}],"author":[{"embeddable":true,"href":"https:\/\/www.mes-allocs.fr\/guides\/wp-json\/wp\/v2\/users\/25"}],"replies":[{"embeddable":true,"href":"https:\/\/www.mes-allocs.fr\/guides\/wp-json\/wp\/v2\/comments?post=68992"}],"version-history":[{"count":6,"href":"https:\/\/www.mes-allocs.fr\/guides\/wp-json\/wp\/v2\/posts\/68992\/revisions"}],"predecessor-version":[{"id":101483,"href":"https:\/\/www.mes-allocs.fr\/guides\/wp-json\/wp\/v2\/posts\/68992\/revisions\/101483"}],"wp:featuredmedia":[{"embeddable":true,"href":"https:\/\/www.mes-allocs.fr\/guides\/wp-json\/wp\/v2\/media\/68994"}],"wp:attachment":[{"href":"https:\/\/www.mes-allocs.fr\/guides\/wp-json\/wp\/v2\/media?parent=68992"}],"wp:term":[{"taxonomy":"category","embeddable":true,"href":"https:\/\/www.mes-allocs.fr\/guides\/wp-json\/wp\/v2\/categories?post=68992"},{"taxonomy":"post_tag","embeddable":true,"href":"https:\/\/www.mes-allocs.fr\/guides\/wp-json\/wp\/v2\/tags?post=68992"}],"curies":[{"name":"wp","href":"https:\/\/api.w.org\/{rel}","templated":true}]}}