{"id":68680,"date":"2023-09-20T10:22:38","date_gmt":"2023-09-20T08:22:38","guid":{"rendered":"https:\/\/www.mes-allocs.fr\/guides\/?p=68680"},"modified":"2026-04-02T10:37:44","modified_gmt":"2026-04-02T09:37:44","slug":"prime-activite-arret-maladie","status":"publish","type":"post","link":"https:\/\/www.mes-allocs.fr\/guides\/prime-d-activite\/prime-activite-arret-maladie\/","title":{"rendered":"Peut-on avoir la prime d&rsquo;activit\u00e9 en arr\u00eat maladie en 2026 ?"},"content":{"rendered":"<p><img loading=\"lazy\" decoding=\"async\" class=\"alignnone wp-image-68681\" title=\"image\" src=\"https:\/\/www.mes-allocs.fr\/guides\/wp-content\/uploads\/2023\/09\/image_2023-09-20_091933104-e1695194409885.png\" alt=\"Peut-on avoir la prime d'activit\u00e9 en arr\u00eat maladie ?\" width=\"1280\" height=\"275\" srcset=\"https:\/\/www.mes-allocs.fr\/guides\/wp-content\/uploads\/2023\/09\/image_2023-09-20_091933104-e1695194409885.png 400w, https:\/\/www.mes-allocs.fr\/guides\/wp-content\/uploads\/2023\/09\/image_2023-09-20_091933104-e1695194409885-300x65.png 300w\" sizes=\"auto, (max-width: 1280px) 100vw, 1280px\" \/><\/p>\n<p><span style=\"font-weight: 400;\">[Mis \u00e0 jour le 02\/04\/2026]<\/span> La <a href=\"https:\/\/www.mes-allocs.fr\/guides\/prime-d-activite\">prime d\u2019activit\u00e9<\/a> est une aide sociale en vigueur depuis janvier 2016, rempla\u00e7ant ainsi le RSA activit\u00e9 et la prime pour l\u2019emploi. Vers\u00e9e aux travailleurs ayant de faibles revenus, elle vise \u00e0 compl\u00e9ter les revenus d\u2019une personne active. Peut-on percevoir l<strong>a prime d&rsquo;activit\u00e9 en \u00e9tant en arr\u00eat maladie<\/strong> ? Mes Allocs vous explique tout ici.<\/p>\n<div class='cta-block'><div class='text'>Simulez votre prime d&rsquo;activit\u00e9 en 2 min. <\/div><a href='https:\/\/www.mes-allocs.fr\/ab-app?origin=guides\/wp-json\/wp\/v2\/posts\/68680' class='app-button fit'>Simulation gratuite<\/a><\/div>\n<h1>Arr\u00eat maladie et prime d&rsquo;activit\u00e9 : de quoi s&rsquo;agit-il ?<\/h1>\n<h2>L&rsquo;arr\u00eat maladie<\/h2>\n<p>L&rsquo;arr\u00eat maladie correspond \u00e0 une prescription m\u00e9dicale qui atteste de l&rsquo;incapacit\u00e9 d&rsquo;un salari\u00e9 \u00e0 exercer son activit\u00e9 professionnelle du fait de son \u00e9tat de sant\u00e9. Pendant l&rsquo;arr\u00eat maladie, le salari\u00e9 fait donc l\u2019objet d\u2019une interruption momentan\u00e9e de son travail.\u00a0Cet arr\u00eat maladie peut avoir pour cause une <strong>maladie<\/strong> (sous condition de certificat m\u00e9dical par un m\u00e9decin), ou une <strong>maladie professionnelle<\/strong> (due \u00e0 l\u2019exercice de l\u2019activit\u00e9 professionnelle ou survenue au cours de cette activit\u00e9).<\/p>\n<p>En raison de la perte de salaire subie au cours d\u2019un arr\u00eat de travail, il per\u00e7oit \u00e9galement des indemnit\u00e9s journali\u00e8res. Ces indemnit\u00e9s journali\u00e8res vous est vers\u00e9es afin de subvenir \u00e0 vos besoins pendant votre incapacit\u00e9 de travail. Si ce dernier se prolonge au del\u00e0 de 3 mois, il vous faudra donc faire votre d\u00e9claration trimestrielle en renseignant vos indemnit\u00e9s journali\u00e8res per\u00e7ues.<\/p>\n<p>L\u2019affection longue dur\u00e9e correspond\u00a0<strong>aux maladies chroniques et\/ou longues maladie. Si vous souffrez d\u2019une ALD, vous pouvez alors b\u00e9n\u00e9ficier<\/strong>\u00a0d\u2019une prise en charge\u00a0<strong>totale<\/strong>\u00a0par \u00a0<strong>l\u2019Assurance maladie (prise en charge des<\/strong>\u00a0<strong>soins<\/strong> concernant la maladie chronique). Quant aux autres soins, ils ne sont pas pris en charge \u00e0 100%. Les maladies chroniques pris en charge sont entre autres :<\/p>\n<ul>\n<li>maladies de\u00a0<strong>Parkinson<\/strong>, d\u2019<strong>Alzheimer,<\/strong><\/li>\n<li>diff\u00e9rents diab\u00e8tes,<\/li>\n<li>scoliose,<\/li>\n<li>tuberculose.<\/li>\n<\/ul>\n<p>En cas d\u2019arr\u00eat maladie, pour obtenir l\u2019ALD, il vous faut faire une d\u00e9claration de changement de situation d\u00e8s que possible. Par ailleurs, si vous b\u00e9n\u00e9ficiez d\u2019une affection de longue dur\u00e9e (ALD), vous pouvez pr\u00e9tendre \u00e0\u00a0<strong>une r\u00e9duction de vos ressources prises en compte dans le calcul de vos prestations.<\/strong>\u00a0Cette r\u00e9duction est appliqu\u00e9e\u00a0<strong>apr\u00e8s 6 mois d\u2019arr\u00eat de travail.<\/strong><\/p>\n<h2>La prime d&rsquo;activit\u00e9<\/h2>\n<p><span class=\"amp-wp-b9d98c2\" data-amp-original-style=\"font-size: medium;\">La prime d\u2019activit\u00e9 est un compl\u00e9ment de revenus. Elle vient d\u00e9sormais compl\u00e9ter les revenus issus de votre activit\u00e9 professionnelle, vous permettant ainsi de conserver un certain pouvoir d\u2019achat. Et ce m\u00eame si vous n\u2019\u00e9tiez pas concern\u00e9 par le RSA activit\u00e9 et par la prime pour l\u2019emploi.<\/span><\/p>\n<p align=\"justify\"><span class=\"amp-wp-b9d98c2\" data-amp-original-style=\"font-size: medium;\">Elle est vers\u00e9e aux personnes justifiant d\u2019une activit\u00e9 professionnelle (activit\u00e9 salari\u00e9e ou non) et remplissant les conditions suivantes\u00a0:<\/span><\/p>\n<ul>\n<li><span class=\"amp-wp-b9d98c2\" data-amp-original-style=\"font-size: medium;\">\u00catre \u00e2g\u00e9(e) d\u2019au moins 18 ans,<\/span><\/li>\n<li><span class=\"amp-wp-b9d98c2\" data-amp-original-style=\"font-size: medium;\">R\u00e9sider en France de fa\u00e7on stable, c\u2019est-\u00e0-dire ne pas s\u00e9journer plus de 3 mois par ann\u00e9e civile, hors de France,<\/span><\/li>\n<li><span class=\"amp-wp-b9d98c2\" data-amp-original-style=\"font-size: medium;\">\u00catre fran\u00e7ais ou citoyen de l\u2019Espace \u00e9conomique europ\u00e9en\u00a0<\/span><span class=\"amp-wp-b9d98c2\" data-amp-original-style=\"font-size: medium;\">ou \u00eatre suisse,<\/span><\/li>\n<li><span class=\"amp-wp-b9d98c2\" data-amp-original-style=\"font-size: medium;\">ou r\u00e9sider de fa\u00e7on r\u00e9guli\u00e8re en France depuis au moins 5 ans,<\/span><\/li>\n<li><span class=\"amp-wp-b9d98c2\" data-amp-original-style=\"font-size: medium;\">\u00catre salari\u00e9 ou ind\u00e9pendant,<\/span><\/li>\n<li><span class=\"amp-wp-b9d98c2\" data-amp-original-style=\"font-size: medium;\">Percevoir des revenus modestes.<\/span><\/li>\n<\/ul>\n<div class=\"_box-inline_1p6fl_gg_\" aria-pressed=\"true\" aria-describedby=\"88507\" data-ui-name=\"Tooltip.Trigger\">\n<div data-ui-name=\"Tag\"><span class=\"amp-wp-b9d98c2\" data-amp-original-style=\"font-size: medium;\">Cette aide qui fait partie des prestations familiales de la Caf, peut aussi vous \u00eatre attribu\u00e9e suite \u00e0 la reprise d\u2019 une activit\u00e9 professionnelle.<\/span><\/div>\n<div data-ui-name=\"Tag\">\n<p>En plus des crit\u00e8res li\u00e9s \u00e0 votre situation personnelle, \u00e0 votre r\u00e9sidence, l\u2019octroi de la prime est aussi soumis \u00e0 des conditions de revenus. En effet, les personnes dont les revenus sont inf\u00e9rieurs \u00e0 1,3 fois le SMIC (environ 1 800 euros net par mois \u00e0 temps plein) sont plus susceptibles de b\u00e9n\u00e9ficier de l\u2019aide. N\u00e9anmoins, ce plafond maximal de revenus peut varier en fonction de la composition de votre foyer.<\/p>\n<p align=\"justify\"><span class=\"amp-wp-b9d98c2\" data-amp-original-style=\"font-size: medium;\">La formule de calcul de la prime est la suivante :<\/span><\/p>\n<p align=\"justify\"><strong><span class=\"amp-wp-b9d98c2\" data-amp-original-style=\"font-size: medium;\">Prime d\u2019activit\u00e9 = (montant forfaitaire* + 59,85 % des revenus professionnels + bonifications individuelles) \u2013 les ressources prises en compte du foyer<\/span><\/strong><\/p>\n<p align=\"justify\"><span class=\"amp-wp-b9d98c2\" data-amp-original-style=\"font-size: medium;\">* <strong>Le montant forfaitaire<\/strong> est de<b> <strong>638,28\u20ac<\/strong>\u00a0<\/b>pour une personne vivant seule et sans enfant \u00e0 charge. Il est major\u00e9 en fonction de la composition du foyer. <\/span><span class=\"amp-wp-b9d98c2\" data-amp-original-style=\"font-size: medium;\">La prime d\u2019activit\u00e9 n\u2019est vers\u00e9e que si le r\u00e9sultat obtenu lors du calcul est sup\u00e9rieur \u00e0 15 \u20ac.<\/span><\/p>\n<div class='cta-block'><div class='text'>Simulez votre prime d&rsquo;activit\u00e9 en 2 min. <\/div><a href='https:\/\/www.mes-allocs.fr\/ab-app?origin=guides\/wp-json\/wp\/v2\/posts\/68680' class='app-button fit'>Simulation gratuite<\/a><\/div>\n<\/div>\n<\/div>\n<h1>Puis-je cumuler les indemnit\u00e9s d&rsquo;arr\u00eat maladie et prime d&rsquo;activit\u00e9 ?<\/h1>\n<h2>Les dispositions l\u00e9gales<\/h2>\n<p>C\u2019est l\u2019article L.842-4 du code de la s\u00e9curit\u00e9 sociale qui fixe les ressources prises en compte pour :<\/p>\n<ul>\n<li>l\u2019ouverture du droit<\/li>\n<li>et le calcul de la prime d\u2019activit\u00e9.<\/li>\n<\/ul>\n<p>Dans cet article, la liste des ressources comptabilis\u00e9es est mentionn\u00e9e. Et les indemnit\u00e9s journali\u00e8res (IJ maladie) n\u2019en font pas partie. Plus exactement, il y est question de :<\/p>\n<ol>\n<li>revenus professionnels.<\/li>\n<li>revenus de remplacement des revenus professionnels.<\/li>\n<\/ol>\n<p>Or les indemnit\u00e9s journali\u00e8res sont consid\u00e9r\u00e9es comme un revenu :<\/p>\n<ul>\n<li><strong>professionnel<\/strong> pendant les 3 premiers mois, selon l\u2019article <strong>R.844-1, 6\u00b0<\/strong>.<\/li>\n<li><strong>de remplacement<\/strong> \u00e0 partir du 3e mois, selon l\u2019article <strong>R.844-2, 4\u00b0<\/strong>.<\/li>\n<\/ul>\n<p>Ainsi donc, les indemnit\u00e9s journali\u00e8res per\u00e7ues dans le cadre d\u2019un arr\u00eat de travail de plus de moins de 3 mois sont consid\u00e9r\u00e9es comme des revenus professionnels. Et ceux de plus de 3 mois ne sont plus consid\u00e9r\u00e9es comme des revenus professionnels mais des<strong>\u00a0revenus de remplacement.<\/strong>\u00a0Elles sont bien prises en compte dans le calcul de la prime d\u2019activit\u00e9 toutefois elles ne sont pas consid\u00e9r\u00e9es comme des revenus \u00e0 proprement parler mais comme des ressources.<\/p>\n<h2>La possibilit\u00e9 de cumul dans la pratique<\/h2>\n<p>Il faut rappeler que la prime d\u2019activit\u00e9 est attribu\u00e9e pour une dur\u00e9e minimum de 3 mois. Ainsi, quand une personne qui per\u00e7oit la prime d\u2019activit\u00e9 se retrouve en arr\u00eat maladie, l\u2019aide continue \u00e0 \u00eatre vers\u00e9e durant tout le trimestre.<\/p>\n<p>En revanche, lorsque l\u2019arr\u00eat de travail se prolonge au-del\u00e0 de 3 mois, il est souvent impossible de cumuler IJ et prime d\u2019activit\u00e9. Pour bien comprendre, prenons le cas d\u2019une personne seule. La m\u00e9thode de calcul est :<\/p>\n<p><strong><span class=\"amp-wp-b9d98c2\" data-amp-original-style=\"font-size: medium;\">Prime d\u2019activit\u00e9 = (montant forfaitaire + 59,85 % des revenus professionnels + bonifications individuelles) \u2013 les ressources prises en compte du foyer<\/span><\/strong><\/p>\n<p>Or, la personne \u00e9tant en arr\u00eat maladie ses revenus professionnel sont consid\u00e9r\u00e9s comme nuls. Et les indemnit\u00e9s journali\u00e8res sont compt\u00e9es comme des ressources du foyer. Ces derni\u00e8res \u00e9tant sup\u00e9rieures au montant forfaitaire de la prime d\u2019activit\u00e9 qui est de <strong>638,28\u20ac<\/strong><strong>,\u00a0<\/strong>on obtient g\u00e9n\u00e9ralement un r\u00e9sultat n\u00e9gatif, et donc <strong>la r\u00e9duction ou la suspension des droits \u00e0 la prime d\u2019activit\u00e9.<\/strong><\/p>\n<p>Ainsi donc, il n\u2019est donc pas possible de b\u00e9n\u00e9ficier de la prime d\u2019activit\u00e9 lors d\u2019un arr\u00eat maladie, hormis lors des 3 premiers mois.<\/p>\n<p><iframe loading=\"lazy\" src=\"\/\/www.youtube.com\/embed\/uavbovK5ZXc\" width=\"560\" height=\"314\" allowfullscreen=\"allowfullscreen\"><\/iframe><\/p>\n<h1><span id=\"Prime_dactivite_gerant_non_salarie_comment_en_faire_la_demande\">Prime d\u2019activit\u00e9 arr\u00eat maladie : comment en faire la demande ?<\/span><\/h1>\n<h2>La demande initiale<\/h2>\n<p>Comme pour tout autre travailleur aux revenus modestes, une\u00a0<b>demande en ligne<\/b> est possible. Il vous suffira de vous rendre sur le site de la Caf ou de la MSA, suivant votre profil. Vous pouvez aussi passer par l\u2019application de la Caf ou de la MSA.<\/p>\n<p>Lors de votre inscription vous devrez donc\u00a0<b>renseigner vos revenus<\/b>\u00a0ainsi que ceux de<b>\u00a0l\u2019ensemble des membres de votre foyer<\/b>.\u00a0Il conviendra de r\u00e9p\u00e9ter cette op\u00e9ration tous les trois mois, lors de votre\u00a0<b>d\u00e9claration trimestrielle<\/b>\u00a0de revenus (DTR), pour le renouvellement de vos droits.<\/p>\n<p>En effet, le montant de votre prime d\u2019activit\u00e9 est calcul\u00e9 pour une p\u00e9riode de 3 mois. Ce calcul est fait en fonction de vos revenus du trimestre pr\u00e9c\u00e9dent.<\/p>\n<p>Lors de cette DTR(D\u00e9claration Trimestrielle de Revenus), vous devrez donc d\u00e9clarez votre dernier chiffre d\u2019affaires trimestriel. Votre expert comptable pourra vous fournir ce chiffre.<\/p>\n<p>Le calcul de la prime prend en compte de param\u00e8tres multiples. Votre situation familiale ou patrimoniale est notamment prise en compte. De ce fait, son montant n\u2019est pas fixe. Il peut varier d\u2019un b\u00e9n\u00e9ficiaire \u00e0 un autre et d\u2019un trimestre \u00e0 l\u2019autre pour un m\u00eame b\u00e9n\u00e9ficiaire.<\/p>\n<p data-start=\"0\" data-end=\"164\">Depuis le 1\u1d49\u02b3 mars 2025, la d\u00e9claration trimestrielle de l<strong>a prime d\u2019activit\u00e9 devient pr\u00e9-remplie<\/strong>, ce qui simplifie le processus. La CAF reprend automatiquement certaines informations \u00e0 partir des revenus d\u00e9clar\u00e9s auparavant, r\u00e9duisant ainsi les erreurs et acc\u00e9l\u00e9rant le traitement de votre demande. Toutefois, il reste important de v\u00e9rifier et de valider les informations pour \u00e9viter toute erreur qui pourrait affecter le montant de l\u2019aide.<\/p>\n<p data-start=\"0\" data-end=\"164\">Depuis mars 2025, la p\u00e9riode \u00e0 d\u00e9clarer correspond aux tr<strong>ois mois pr\u00e9c\u00e9dant la demande : par exemple, en mars, vous devez d\u00e9clarer vos revenus des mois de novembre, d\u00e9cembre et janvier (et non plus d\u00e9cembre, janvier, f\u00e9vrier)<\/strong>. Cette nouvelle organisation facilite la gestion de votre dossier et rend la d\u00e9claration plus pr\u00e9cise.<\/p>\n<p>Lorsque vous \u00eates en arr\u00eat maladie, les informations \u00e0 renseigner dans votre d\u00e9claration trimestrielle d\u00e9pendent des r\u00e8gles \u00e9nonc\u00e9es ci-dessus. Vous devez donc proc\u00e9der de la sorte pour d\u00e9clarer vos indemnit\u00e9s journali\u00e8res si vous b\u00e9n\u00e9ficiez de la prime d\u2019activit\u00e9 :<\/p>\n<p>*<strong>La dur\u00e9e de votre arr\u00eat maladie est inf\u00e9rieure \u00e0 3 mois<\/strong> : les indemnit\u00e9s journali\u00e8res que vous avez per\u00e7ues sont assimil\u00e9es \u00e0 des revenus d\u2019activit\u00e9 et doivent donc \u00eatre indiqu\u00e9es dans la case \u201cSalaire\u201d<br \/>\n*<strong>La dur\u00e9e de votre arr\u00eat maladie est sup\u00e9rieure \u00e0 3 mois<\/strong> : les indemnit\u00e9s journali\u00e8res per\u00e7ues sont assimil\u00e9es \u00e0 des revenus de remplacement et doivent donc \u00eatre indiqu\u00e9es dans la case \u201cAutres ressources\u201d<\/p>\n<p style=\"text-align: justify;\">D\u00e8s que votre dossier est valid\u00e9 par votre organisme comp\u00e9tent, vous recevrez le <b>premier versement le 5 du moins suivant<\/b>. Soit le 5 ao\u00fbt pour une demande effectu\u00e9e avant le 25 juillet. <b>Si vous b\u00e9n\u00e9ficiez d\u00e9j\u00e0 des APL, le versement de la prime d&rsquo;activit\u00e9 intervient le m\u00eame jour et en une seule fois.<\/b><\/p>\n<p style=\"text-align: justify;\">Pour continuer \u00e0 percevoir les versements de la prime d&rsquo;activit\u00e9, n&rsquo;oubliez pas de faire vos d\u00e9clarations trimestrielles.<\/p>\n<h2><span id=\"En_cas_de_changement_de_situation\">Le changement de situation<\/span><\/h2>\n<p align=\"justify\"><span class=\"amp-wp-b9d98c2\" data-amp-original-style=\"font-size: medium;\">Toutefois, vous devez savoir que tout changement de situation (changement du statut social, etc.) devra \u00eatre signal\u00e9 imm\u00e9diatement aux services comp\u00e9tents.<\/span><\/p>\n<p align=\"justify\">Par exemple, si vous vous mariez ou au contraire si vous vous s\u00e9parez. Vous devrez signaler ce changement de situation \u00e0 la Caf.<\/p>\n<p align=\"justify\"><span class=\"amp-wp-b9d98c2\" data-amp-original-style=\"font-size: medium;\">Cette mise \u00e0 jour ne viendra pas modifier les droits dont vous b\u00e9n\u00e9ficiez d\u00e9j\u00e0. Elle viendra apporter des modifications au versement de votre prime (si la situation l\u2019impose) lors du recalcul de vos droits.<\/span><\/p>\n<p><strong>\u00c0 noter :<\/strong>\u00a0le versement de la prime d\u2019activit\u00e9 n\u2019est pas r\u00e9troactif.<br \/>\nIl s\u2019agit d\u2019un revenu non imposable \u00e0 l\u2019imp\u00f4t sur le revenu. Elle est aussi exon\u00e9r\u00e9e de CSG et de CRDS.<\/p>\n<div class='cta-block'><div class='text'>Simulez votre prime d&rsquo;activit\u00e9 en 2 min. <\/div><a href='https:\/\/www.mes-allocs.fr\/ab-app?origin=guides\/wp-json\/wp\/v2\/posts\/68680' class='app-button fit'>Simulation gratuite<\/a><\/div>\n","protected":false},"excerpt":{"rendered":"<p>[Mis \u00e0 jour le 02\/04\/2026] La prime d\u2019activit\u00e9 est une aide sociale en vigueur depuis janvier 2016, rempla\u00e7ant ainsi le RSA activit\u00e9 et la prime pour l\u2019emploi. Vers\u00e9e aux travailleurs ayant de faibles revenus, elle vise \u00e0 compl\u00e9ter les revenus d\u2019une personne active. Peut-on percevoir la prime d&rsquo;activit\u00e9 en \u00e9tant en arr\u00eat maladie ? Mes [&hellip;]<\/p>\n","protected":false},"author":25,"featured_media":104859,"comment_status":"closed","ping_status":"open","sticky":false,"template":"","format":"standard","meta":{"amp_status":"","footnotes":""},"categories":[20],"tags":[],"class_list":["post-68680","post","type-post","status-publish","format-standard","has-post-thumbnail","hentry","category-prime-d-activite"],"yoast_head":"<!-- This site is optimized with the Yoast SEO plugin v14.9 - https:\/\/yoast.com\/wordpress\/plugins\/seo\/ -->\n<title>Peut-on avoir la prime d&#039;activit\u00e9 en arr\u00eat maladie en 2026 ? | Mes-Allocs.fr<\/title>\n<meta name=\"description\" content=\"Peut-on percevoir la prime d&#039;activit\u00e9 en \u00e9tant en arr\u00eat maladie en 2026 ? Que dit la loi ? On vous explique.\" \/>\n<meta name=\"robots\" content=\"index, follow, max-snippet:-1, max-image-preview:large, max-video-preview:-1\" \/>\n<link rel=\"canonical\" href=\"https:\/\/www.mes-allocs.fr\/guides\/prime-d-activite\/prime-activite-arret-maladie\/\" \/>\n<meta property=\"og:locale\" content=\"fr_FR\" \/>\n<meta property=\"og:type\" content=\"article\" \/>\n<meta property=\"og:title\" content=\"Peut-on avoir la prime d&#039;activit\u00e9 en arr\u00eat maladie en 2026 ? | Mes-Allocs.fr\" \/>\n<meta property=\"og:description\" content=\"Peut-on percevoir la prime d&#039;activit\u00e9 en \u00e9tant en arr\u00eat maladie en 2026 ? Que dit la loi ? On vous explique.\" \/>\n<meta property=\"og:url\" content=\"https:\/\/www.mes-allocs.fr\/guides\/prime-d-activite\/prime-activite-arret-maladie\/\" \/>\n<meta property=\"og:site_name\" content=\"Mes-Allocs.fr\" \/>\n<meta property=\"article:published_time\" content=\"2023-09-20T08:22:38+00:00\" \/>\n<meta property=\"article:modified_time\" content=\"2026-04-02T09:37:44+00:00\" \/>\n<meta property=\"og:image\" content=\"https:\/\/www.mes-allocs.fr\/guides\/wp-content\/uploads\/2023\/09\/prime-activite-arret-maladie.jpg?wsr\" \/>\n\t<meta property=\"og:image:width\" content=\"1920\" \/>\n\t<meta property=\"og:image:height\" content=\"1918\" \/>\n<meta name=\"twitter:card\" content=\"summary_large_image\" \/>\n<script type=\"application\/ld+json\" class=\"yoast-schema-graph\">{\"@context\":\"https:\/\/schema.org\",\"@graph\":[{\"@type\":\"WebSite\",\"@id\":\"https:\/\/www.mes-allocs.fr\/guides\/#website\",\"url\":\"https:\/\/www.mes-allocs.fr\/guides\/\",\"name\":\"Mes-Allocs.fr\",\"description\":\"\",\"potentialAction\":[{\"@type\":\"SearchAction\",\"target\":\"https:\/\/www.mes-allocs.fr\/guides\/?s={search_term_string}\",\"query-input\":\"required name=search_term_string\"}],\"inLanguage\":\"fr-FR\"},{\"@type\":\"ImageObject\",\"@id\":\"https:\/\/www.mes-allocs.fr\/guides\/prime-d-activite\/prime-activite-arret-maladie\/#primaryimage\",\"inLanguage\":\"fr-FR\",\"url\":\"https:\/\/www.mes-allocs.fr\/guides\/wp-content\/uploads\/2023\/09\/prime-activite-arret-maladie.jpg?wsr\",\"width\":1920,\"height\":1918,\"caption\":\"prime activite arret maladie\"},{\"@type\":\"WebPage\",\"@id\":\"https:\/\/www.mes-allocs.fr\/guides\/prime-d-activite\/prime-activite-arret-maladie\/#webpage\",\"url\":\"https:\/\/www.mes-allocs.fr\/guides\/prime-d-activite\/prime-activite-arret-maladie\/\",\"name\":\"Peut-on avoir la prime d'activit\\u00e9 en arr\\u00eat maladie en 2026 ? | Mes-Allocs.fr\",\"isPartOf\":{\"@id\":\"https:\/\/www.mes-allocs.fr\/guides\/#website\"},\"primaryImageOfPage\":{\"@id\":\"https:\/\/www.mes-allocs.fr\/guides\/prime-d-activite\/prime-activite-arret-maladie\/#primaryimage\"},\"datePublished\":\"2023-09-20T08:22:38+00:00\",\"dateModified\":\"2026-04-02T09:37:44+00:00\",\"author\":{\"@id\":\"https:\/\/www.mes-allocs.fr\/guides\/#\/schema\/person\/52b318867057023c2f6a62512d870cf7\"},\"description\":\"Peut-on percevoir la prime d'activit\\u00e9 en \\u00e9tant en arr\\u00eat maladie en 2026 ? Que dit la loi ? On vous explique.\",\"inLanguage\":\"fr-FR\"},{\"@type\":\"Person\",\"@id\":\"https:\/\/www.mes-allocs.fr\/guides\/#\/schema\/person\/52b318867057023c2f6a62512d870cf7\",\"name\":\"Eric Zotoglo\",\"image\":{\"@type\":\"ImageObject\",\"@id\":\"https:\/\/www.mes-allocs.fr\/guides\/#personlogo\",\"inLanguage\":\"fr-FR\",\"url\":\"https:\/\/www.mes-allocs.fr\/guides\/wp-content\/uploads\/2023\/06\/PXL_20230324_080412913.NIGHT2_1-150x150.jpg\",\"caption\":\"Eric Zotoglo\"},\"description\":\"Eric est juriste sp\\u00e9cialis\\u00e9e en droit du num\\u00e9rique et de la protection sociale. Il rejoint Mes Allocs apr\\u00e8s une premi\\u00e8re exp\\u00e9rience dans le secteur du journalisme.\",\"sameAs\":[\"https:\/\/www.linkedin.com\/in\/eric-zotoglo-1a8a9a55\/\"]}]}<\/script>\n<!-- \/ Yoast SEO plugin. -->","amp_validity":null,"acf":{"faq":{"1":{"question":"Quelles aides quand on est en ALD ?","answer":"En ALD, vous pouvez b\u00e9n\u00e9ficier des aides suivantes : pension d'invalidit\u00e9, allocation suppl\u00e9mentaire d'invalidit\u00e9 (ASI), majoration pour tierce personne, etc."},"2":{"question":"Quel montant d\u00e9clarer \u00e0 la CAF pour la prime d'activit\u00e9 ?","answer":"Il vous faut d\u00e9clarer le montant de vos revenus d'activit\u00e9. Il ne doit pas exc\u00e9der un certain plafond. "},"3":{"question":"Quels sont les revenus \u00e0 d\u00e9clarer pour la prime d'activit\u00e9 ?","answer":"Ce sont vos revenus professionnels ou de remplacement que vous devez d\u00e9clarer pour la prime d'activit\u00e9."},"4":{"question":"Quels sont les revenus pris en compte par la CAF ?","answer":"Vos revenus d'activit\u00e9 professionnelles ainsi que les ressources du foyer sont pris en compte dans le calcul d'aides de la CAF."},"5":{"question":"Quel aide pour invalidite 2eme cat\u00e9gorie ?","answer":"Pour un telle invalidit\u00e9, vous pouvez pr\u00e9tendre \u00e0 des aides comme l'allocation suppl\u00e9mentaire d'invalidit\u00e9 (ASI) ; une rente d'incapacit\u00e9 permanente ou les allocations ch\u00f4mage."},"6":{"question":"Comment savoir si je suis en ALD ?","answer":"Vous \u00eates en ALD, notamment si vous souffrez de maladies telles que la maladie de Parkinson, d\u2019Alzheimer, du diab\u00e8te, scoliose, etc.\r\n"},"7":{"question":"","answer":""},"8":{"question":"","answer":""},"9":{"question":"","answer":""},"10":{"question":"","answer":""},"11":{"question":"","answer":""},"12":{"question":"","answer":""},"13":{"question":"","answer":""},"14":{"question":"","answer":""},"15":{"question":"","answer":""},"16":{"question":"","answer":""}}},"_links":{"self":[{"href":"https:\/\/www.mes-allocs.fr\/guides\/wp-json\/wp\/v2\/posts\/68680","targetHints":{"allow":["GET"]}}],"collection":[{"href":"https:\/\/www.mes-allocs.fr\/guides\/wp-json\/wp\/v2\/posts"}],"about":[{"href":"https:\/\/www.mes-allocs.fr\/guides\/wp-json\/wp\/v2\/types\/post"}],"author":[{"embeddable":true,"href":"https:\/\/www.mes-allocs.fr\/guides\/wp-json\/wp\/v2\/users\/25"}],"replies":[{"embeddable":true,"href":"https:\/\/www.mes-allocs.fr\/guides\/wp-json\/wp\/v2\/comments?post=68680"}],"version-history":[{"count":15,"href":"https:\/\/www.mes-allocs.fr\/guides\/wp-json\/wp\/v2\/posts\/68680\/revisions"}],"predecessor-version":[{"id":111338,"href":"https:\/\/www.mes-allocs.fr\/guides\/wp-json\/wp\/v2\/posts\/68680\/revisions\/111338"}],"wp:featuredmedia":[{"embeddable":true,"href":"https:\/\/www.mes-allocs.fr\/guides\/wp-json\/wp\/v2\/media\/104859"}],"wp:attachment":[{"href":"https:\/\/www.mes-allocs.fr\/guides\/wp-json\/wp\/v2\/media?parent=68680"}],"wp:term":[{"taxonomy":"category","embeddable":true,"href":"https:\/\/www.mes-allocs.fr\/guides\/wp-json\/wp\/v2\/categories?post=68680"},{"taxonomy":"post_tag","embeddable":true,"href":"https:\/\/www.mes-allocs.fr\/guides\/wp-json\/wp\/v2\/tags?post=68680"}],"curies":[{"name":"wp","href":"https:\/\/api.w.org\/{rel}","templated":true}]}}