{"id":68567,"date":"2023-09-19T18:34:56","date_gmt":"2023-09-19T16:34:56","guid":{"rendered":"https:\/\/www.mes-allocs.fr\/guides\/?p=68567"},"modified":"2026-04-02T14:25:28","modified_gmt":"2026-04-02T13:25:28","slug":"prime-activite-retraite","status":"publish","type":"post","link":"https:\/\/www.mes-allocs.fr\/guides\/prime-d-activite\/prime-activite-conditions\/prime-activite-retraite\/","title":{"rendered":"Peut-on toucher la prime d&rsquo;activit\u00e9 en tant que retrait\u00e9 en 2026 ?"},"content":{"rendered":"<p><img loading=\"lazy\" decoding=\"async\" class=\"alignnone wp-image-68568\" title=\"image\" src=\"https:\/\/www.mes-allocs.fr\/guides\/wp-content\/uploads\/2023\/09\/image_2023-09-19_113420629-e1695116105856.png\" alt=\"Peut-on toucher la prime d'activit\u00e9 en tant que retrait\u00e9 ?\" width=\"1280\" height=\"365\" srcset=\"https:\/\/www.mes-allocs.fr\/guides\/wp-content\/uploads\/2023\/09\/image_2023-09-19_113420629-e1695116105856.png 400w, https:\/\/www.mes-allocs.fr\/guides\/wp-content\/uploads\/2023\/09\/image_2023-09-19_113420629-e1695116105856-300x86.png 300w\" sizes=\"auto, (max-width: 1280px) 100vw, 1280px\" \/><\/p>\n<p><span style=\"font-weight: 400;\">[Mis \u00e0 jour le 02\/04\/2026]<\/span> La <a href=\"https:\/\/www.mes-allocs.fr\/guides\/prime-d-activite\">prime d\u2019activit\u00e9<\/a> est une aide sociale en vigueur depuis janvier 2016, rempla\u00e7ant ainsi le RSA activit\u00e9 et la prime pour l\u2019emploi. Vers\u00e9e aux travailleurs ayant de faibles revenus, elle vise \u00e0 compl\u00e9ter les revenus d\u2019une personne active. Puis-je en b\u00e9n\u00e9ficier en \u00e9tant retrait\u00e9 en 2026 ? Mes Allocs vous explique tout ici.<\/p>\n<div class='cta-block'><div class='text'>Simulez votre prime d&rsquo;activit\u00e9 en 2 min. <\/div><a href='https:\/\/www.mes-allocs.fr\/ab-app?origin=guides\/wp-json\/wp\/v2\/posts\/68567' class='app-button fit'>Simulation gratuite<\/a><\/div>\n<h1><span id=\"La_prime_dactivite_quest-ce_que_cest\">La prime d\u2019activit\u00e9 : qu\u2019est-ce que c\u2019est ?<\/span><\/h1>\n<p align=\"justify\"><span class=\"amp-wp-b9d98c2\" data-amp-original-style=\"font-size: medium;\">La prime d\u2019activit\u00e9, mise en place depuis le 1<sup>er<\/sup> janvier 2016,\u00a0<\/span><span class=\"amp-wp-b9d98c2\" data-amp-original-style=\"font-size: medium;\"> remplace le RSA activit\u00e9. Elle remplace aussi le montant de<\/span><span class=\"amp-wp-b9d98c2\" data-amp-original-style=\"font-size: medium;\"> la prime pour l\u2019emploi (PPE) vers\u00e9 \u00e0 quelques foyers fran\u00e7ais. C&rsquo;est un compl\u00e9ment de revenus.<\/span><\/p>\n<p align=\"justify\"><span class=\"amp-wp-b9d98c2\" data-amp-original-style=\"font-size: medium;\">Elle vient d\u00e9sormais compl\u00e9ter les revenus issus de votre activit\u00e9 professionnelle, vous permettant ainsi de conserver un certain pouvoir d\u2019achat. Et ce m\u00eame si vous n\u2019\u00e9tiez pas concern\u00e9 par le RSA activit\u00e9 et par la prime pour l\u2019emploi.<\/span><\/p>\n<p align=\"justify\"><span class=\"amp-wp-b9d98c2\" data-amp-original-style=\"font-size: medium;\">La Caisse d\u2019Allocations Familiales (CAF) et la Mutualit\u00e9 sociale agricole (MSA), pour les travailleurs agricoles, se chargent de verser cette aide.<\/span><\/p>\n<h2><span id=\"Quelles_sont_les_conditions_dattribution_de_cette_aide\"><span class=\"amp-wp-7f68440\" data-amp-original-style=\"font-size: 18pt;\">Quelles sont les conditions d\u2019attribution de cette aide ?<\/span><\/span><\/h2>\n<p align=\"justify\"><span class=\"amp-wp-b9d98c2\" data-amp-original-style=\"font-size: medium;\">Elle est vers\u00e9e aux personnes justifiant d\u2019une activit\u00e9 professionnelle (activit\u00e9 salari\u00e9e ou non) et remplissant les conditions suivantes\u00a0:<\/span><\/p>\n<ul>\n<li><span class=\"amp-wp-b9d98c2\" data-amp-original-style=\"font-size: medium;\">\u00catre \u00e2g\u00e9(e) d\u2019au moins 18 ans,<\/span><\/li>\n<li><span class=\"amp-wp-b9d98c2\" data-amp-original-style=\"font-size: medium;\">R\u00e9sider en France de fa\u00e7on stable, c\u2019est-\u00e0-dire ne pas s\u00e9journer plus de 3 mois par ann\u00e9e civile, hors de France,<\/span><\/li>\n<li><span class=\"amp-wp-b9d98c2\" data-amp-original-style=\"font-size: medium;\">\u00catre fran\u00e7ais ou citoyen de l\u2019Espace \u00e9conomique europ\u00e9en\u00a0<\/span><span class=\"amp-wp-b9d98c2\" data-amp-original-style=\"font-size: medium;\">ou \u00eatre suisse,<\/span><\/li>\n<li><span class=\"amp-wp-b9d98c2\" data-amp-original-style=\"font-size: medium;\">ou r\u00e9sider de fa\u00e7on r\u00e9guli\u00e8re en France depuis au moins 5 ans,<\/span><\/li>\n<li><span class=\"amp-wp-b9d98c2\" data-amp-original-style=\"font-size: medium;\">\u00catre salari\u00e9 ou ind\u00e9pendant,<\/span><\/li>\n<li><span class=\"amp-wp-b9d98c2\" data-amp-original-style=\"font-size: medium;\">Percevoir des revenus modestes.<\/span><\/li>\n<\/ul>\n<div class=\"_box-inline_1p6fl_gg_\" aria-pressed=\"true\" aria-describedby=\"88507\" data-ui-name=\"Tooltip.Trigger\">\n<div data-ui-name=\"Tag\"><span class=\"amp-wp-b9d98c2\" data-amp-original-style=\"font-size: medium;\">Cette aide qui fait partie des prestations familiales de la Caf, peut aussi vous \u00eatre attribu\u00e9e suite \u00e0 la reprise d\u2019 une activit\u00e9 professionnelle.<\/span><\/div>\n<\/div>\n<p align=\"justify\">Cependant, l<span class=\"amp-wp-b9d98c2\" data-amp-original-style=\"font-size: medium;\">es personnes se trouvant dans l\u2019une des situations \u00e9nonc\u00e9es ci-dessous ne pourront pas b\u00e9n\u00e9ficier du versement de la prime d\u2019activit\u00e9 :<\/span><\/p>\n<ul>\n<li><span class=\"amp-wp-b9d98c2\" data-amp-original-style=\"font-size: medium;\">En cong\u00e9 parental, sabbatique, sans solde<\/span><\/li>\n<li><span class=\"amp-wp-b9d98c2\" data-amp-original-style=\"font-size: medium;\">Les travailleurs d\u00e9tach\u00e9s exer\u00e7ant de fa\u00e7on temporaire en France<\/span><\/li>\n<li><span class=\"amp-wp-b9d98c2\" data-amp-original-style=\"font-size: medium;\">Les \u00e9tudiants ou apprentis percevant mensuellement un revenu sup\u00e9rieur ou \u00e9gal \u00e0 78 % du Smic net (soit 1 117,26\u20ac).<\/span><\/li>\n<\/ul>\n<h2><span id=\"Quel_est_le_montant_de_la_prime_dactivite\">Quel est le montant de la prime d\u2019activit\u00e9 ?<\/span><\/h2>\n<p>En plus des crit\u00e8res li\u00e9s \u00e0 votre situation personnelle, \u00e0 votre r\u00e9sidence, l\u2019octroi de la prime est aussi soumis \u00e0 des conditions de revenus.<\/p>\n<p>En effet, les personnes dont les revenus sont inf\u00e9rieurs \u00e0 1,3 fois le SMIC (environ 1 800 euros net par mois \u00e0 temps plein) sont plus susceptibles de b\u00e9n\u00e9ficier de l\u2019aide. N\u00e9anmoins, ce plafond maximal de revenus peut varier en fonction de la composition de votre foyer.<\/p>\n<p><iframe loading=\"lazy\" title=\"La prime d&#039;activit\u00e9\" width=\"500\" height=\"281\" src=\"https:\/\/www.youtube.com\/embed\/uavbovK5ZXc?feature=oembed\" frameborder=\"0\" allow=\"accelerometer; autoplay; clipboard-write; encrypted-media; gyroscope; picture-in-picture; web-share\" referrerpolicy=\"strict-origin-when-cross-origin\" allowfullscreen><\/iframe><\/p>\n<p>G\u00e9n\u00e9ralement, les plafonds suivants sont pris pour exemple dans ces situations pr\u00e9cises :<\/p>\n<ul>\n<li>1 905 euros nets \/ mois pour une personne seule,<\/li>\n<li>3 105 euros nets \/ mois pour un couple avec un enfant \u00e0 charge.<\/li>\n<\/ul>\n<p align=\"justify\"><span class=\"amp-wp-b9d98c2\" data-amp-original-style=\"font-size: medium;\">Le calcul du montant de la prime d\u2019activit\u00e9 d\u00e9pend de la composition et des ressources du foyer du demandeur. En effet, l\u2019ensemble des revenus des membres de votre foyer (<a href=\"https:\/\/www.mes-allocs.fr\/guides\/aide-logement\" target=\"_blank\" rel=\"noopener noreferrer\">aides au logement<\/a>, allocation ch\u00f4mage, etc) compte pour le calcul de vos droits.<\/span><\/p>\n<p align=\"justify\"><span class=\"amp-wp-b9d98c2\" data-amp-original-style=\"font-size: medium;\">La formule de calcul de la prime est la suivante :<\/span><\/p>\n<p align=\"justify\"><strong><span class=\"amp-wp-b9d98c2\" data-amp-original-style=\"font-size: medium;\">Prime d\u2019activit\u00e9 = (montant forfaitaire* + 59,85 % des revenus professionnels + bonifications individuelles) \u2013 les ressources prises en compte du foyer<\/span><\/strong><\/p>\n<p align=\"justify\"><span class=\"amp-wp-b9d98c2\" data-amp-original-style=\"font-size: medium;\">* <strong>Le montant forfaitaire<\/strong> est de<b> <strong>638,28\u20ac<\/strong> <\/b>pour une personne vivant seule et sans enfant \u00e0 charge. Il est major\u00e9 en fonction de la composition du foyer.<\/span><\/p>\n<p align=\"justify\"><span class=\"amp-wp-b9d98c2\" data-amp-original-style=\"font-size: medium;\">La prime d\u2019activit\u00e9 n\u2019est vers\u00e9e que si le r\u00e9sultat obtenu lors du calcul est sup\u00e9rieur \u00e0 15 \u20ac.<\/span><\/p>\n<div class='cta-block'><div class='text'>Simulez votre prime d&rsquo;activit\u00e9 en 2 min. <\/div><a href='https:\/\/www.mes-allocs.fr\/ab-app?origin=guides\/wp-json\/wp\/v2\/posts\/68567' class='app-button fit'>Simulation gratuite<\/a><\/div>\n<div class=\"brs_col\">\n<h1><span id=\"Est-il_possible_de_cumuler_la_prime_dactivite_et_lallocation_retraite\">Est-il possible de cumuler la prime d\u2019activit\u00e9 et l\u2019allocation retraite ?<\/span><\/h1>\n<p class=\"amp-wp-7d27179\" data-amp-original-style=\"text-align: justify;\">Comme son nom l\u2019indique, la prime d\u2019activit\u00e9 est vers\u00e9e aux personnes qui ont une activit\u00e9 professionnelle qui g\u00e9n\u00e8re des revenus. Ainsi, si vous \u00eates \u00e0 la retraite, il n\u2019est pas possible de b\u00e9n\u00e9ficier de la prime d\u2019activit\u00e9.<\/p>\n<\/div>\n<p id=\"Prime_d\u2019activit\u00e9_pour_retrait\u00e9_vivant_en_couple_(mari\u00e9_ou_non)\" class=\"amp-wp-7d27179\" data-amp-original-style=\"text-align: justify;\"><strong>Une seule prime d\u2019activit\u00e9 peut \u00eatre attribu\u00e9e par foyer. Afin de d\u00e9terminer votre \u00e9ligibilit\u00e9, les crit\u00e8res suivants sont pris en compte :<\/strong><\/p>\n<ul class=\"amp-wp-7d27179\" data-amp-original-style=\"text-align: justify;\">\n<li>situation professionnelle<\/li>\n<li>et ressources du foyer.<\/li>\n<\/ul>\n<p id=\"Ce_qu\u2019il_faut_savoir_sur_la_prime_d\u2019activit\u00e9_pour_retrait\u00e9\" class=\"amp-wp-7d27179\" data-amp-original-style=\"text-align: justify;\">En bref, voici les conditions d\u2019attribution de l\u2019aide :<\/p>\n<ul>\n<li class=\"amp-wp-7d27179\" data-amp-original-style=\"text-align: justify;\"><strong>Vous ne pouvez pas toucher la prime si vous et\/ou votre conjoint percevez une pension de retraite<\/strong>. Et ce, peu importe le montant.<\/li>\n<li>Vous pouvez b\u00e9n\u00e9ficier de la prime si vous ou votre conjoint percevez des revenus professionnels. \u00c0 noter que le montant de la prime sera bas. En effet, le\u00a0<strong>cumul salaire + retraite vous fait souvent d\u00e9passer les plafonds d\u2019\u00e9ligibilit\u00e9.<\/strong><\/li>\n<\/ul>\n<h1><span id=\"Quelle_prime_dactivite_pour_un_gerant_non_salarie\">Quelle prime d\u2019activit\u00e9 pour un retrait\u00e9 ?<\/span><\/h1>\n<h2>La prime d&rsquo;activit\u00e9 pour un retrait\u00e9<\/h2>\n<div class=\"brs_col\">\n<p class=\"amp-wp-7d27179\" data-amp-original-style=\"text-align: justify;\">Comme son nom l\u2019indique, la prime d\u2019activit\u00e9 est vers\u00e9e aux personnes qui ont une activit\u00e9 professionnelle qui g\u00e9n\u00e8re des revenus. Ainsi, si vous \u00eates \u00e0 la retraite, il n\u2019est pas possible de b\u00e9n\u00e9ficier de la prime d\u2019activit\u00e9.<\/p>\n<\/div>\n<p id=\"Prime_d\u2019activit\u00e9_pour_retrait\u00e9_vivant_en_couple_(mari\u00e9_ou_non)\" class=\"amp-wp-7d27179\" data-amp-original-style=\"text-align: justify;\"><strong>Une seule prime d\u2019activit\u00e9 peut \u00eatre attribu\u00e9e par foyer. Afin de d\u00e9terminer votre \u00e9ligibilit\u00e9, les crit\u00e8res suivants sont pris en compte :<\/strong><\/p>\n<ul class=\"amp-wp-7d27179\" data-amp-original-style=\"text-align: justify;\">\n<li>situation professionnelle<\/li>\n<li>et ressources du foyer.<\/li>\n<\/ul>\n<p id=\"Ce_qu\u2019il_faut_savoir_sur_la_prime_d\u2019activit\u00e9_pour_retrait\u00e9\" class=\"amp-wp-7d27179\" data-amp-original-style=\"text-align: justify;\">En bref, voici les conditions d\u2019attribution de l\u2019aide :<\/p>\n<ul>\n<li class=\"amp-wp-7d27179\" data-amp-original-style=\"text-align: justify;\"><strong>Vous ne pouvez pas toucher la prime si vous et\/ou votre conjoint percevez une pension de retraite sans aucun autre revenu<\/strong>. Et ce, peu importe le montant.<\/li>\n<li>Vous pouvez b\u00e9n\u00e9ficier de la prime si vous \u00eates en couple et vous ou votre conjoint percevez des revenus professionnels. \u00c0 noter que le montant de la prime sera bas. En effet, le <strong>cumul salaire + retraite vous fait souvent d\u00e9passer les plafonds d\u2019\u00e9ligibilit\u00e9.<\/strong><\/li>\n<\/ul>\n<h2>La p<span id=\"Prime_dactivite_pour_les_retraites_qui_travaillent_en_complement\">rime d\u2019activit\u00e9 pour les retrait\u00e9s qui travaillent en compl\u00e9ment<\/span><\/h2>\n<p class=\"amp-wp-7d27179\" data-amp-original-style=\"text-align: justify;\">Il peut arriver que certains retrait\u00e9s travaillent en plus de toucher leur pension de retraite. Dans ce cas pr\u00e9sent, il est possible de b\u00e9n\u00e9ficier de la prime d\u2019activit\u00e9. En effet, des revenus professionnels \u00e9tant per\u00e7us, vous pouvez \u00eatre \u00e9ligible.<\/p>\n<p class=\"amp-wp-7d27179\" data-amp-original-style=\"text-align: justify;\">Le compl\u00e9ment de revenus permet de d\u00e9terminer le montant de la prime d\u2019activit\u00e9 auquel vous \u00eates \u00e9ligible. En revanche, le montant de votre pension de retraite est pris en compte dans vos ressources afin de savoir si vous respectez ou non les plafonds pour en b\u00e9n\u00e9ficier. Il est donc possible de <a href=\"https:\/\/www.mes-allocs.fr\/guides\/prime-d-activite\/cumul-prime-dactivite\/\">cumuler<\/a>\u00a0retraite et prime d\u2019activit\u00e9 \u00e0 la condition que des revenus professionnels soient per\u00e7us dans le foyer.<\/p>\n<p>En r\u00e9sum\u00e9, il est possible de percevoir la prime d\u2019activit\u00e9 pour les retrait\u00e9s qui b\u00e9n\u00e9ficient \u00e9galement de revenus professionnels en compl\u00e9ment. Cela est possible, mais dans ce cas, le montant de la prime activit\u00e9 est bas. Souvent le cumul salaire et retraite fait que vous d\u00e9passez les plafonds de ressources et n\u2019\u00eates ainsi pas \u00e9ligible.<\/p>\n<h1><span id=\"Prime_dactivite_gerant_non_salarie_comment_en_faire_la_demande\">Prime d\u2019activit\u00e9 retrait\u00e9 : comment en faire la demande ?<\/span><\/h1>\n<h2>La demande initiale<\/h2>\n<p>Comme pour tout autre travailleur aux revenus modestes, une\u00a0<b>demande en ligne<\/b> est possible. Il vous suffira de vous rendre sur le site de la Caf ou de la MSA, suivant votre profil. Vous pouvez aussi passer par l\u2019application de la Caf ou de la MSA.<\/p>\n<p>Lors de votre inscription vous devrez donc\u00a0<b>renseigner vos revenus<\/b>\u00a0ainsi que ceux de<b>\u00a0l\u2019ensemble des membres de votre foyer<\/b>.\u00a0Il conviendra de r\u00e9p\u00e9ter cette op\u00e9ration tous les trois mois, lors de votre\u00a0<b>d\u00e9claration trimestrielle<\/b>\u00a0de revenus (DTR), pour le renouvellement de vos droits.<\/p>\n<p>En effet, le montant de votre prime d\u2019activit\u00e9 est calcul\u00e9 pour une p\u00e9riode de 3 mois. Ce calcul est fait en fonction de vos revenus du trimestre pr\u00e9c\u00e9dent.<\/p>\n<p>Lors de cette DTR(D\u00e9claration Trimestrielle de Revenus), vous devrez donc d\u00e9clarez votre dernier chiffre d\u2019affaires trimestriel. Votre expert comptable pourra vous fournir ce chiffre.<\/p>\n<p data-start=\"0\" data-end=\"164\">Depuis le 1\u1d49\u02b3 mars 2025, la d\u00e9claration trimestrielle de l<strong>a prime d\u2019activit\u00e9 devient pr\u00e9-remplie<\/strong>, ce qui simplifie le processus. La CAF reprend automatiquement certaines informations \u00e0 partir des revenus d\u00e9clar\u00e9s auparavant, r\u00e9duisant ainsi les erreurs et acc\u00e9l\u00e9rant le traitement de votre demande. Toutefois, il reste important de v\u00e9rifier et de valider les informations pour \u00e9viter toute erreur qui pourrait affecter le montant de l\u2019aide.<\/p>\n<p data-start=\"0\" data-end=\"164\">Depuis mars 2025, la p\u00e9riode \u00e0 d\u00e9clarer correspond aux tr<strong>ois mois pr\u00e9c\u00e9dant la demande : par exemple, en mars, vous devez d\u00e9clarer vos revenus des mois de novembre, d\u00e9cembre et janvier (et non plus d\u00e9cembre, janvier, f\u00e9vrier)<\/strong>. Cette nouvelle organisation facilite la gestion de votre dossier et rend la d\u00e9claration plus pr\u00e9cise.<\/p>\n<p>Le calcul de la prime prend en compte de param\u00e8tres multiples. Votre situation familiale ou patrimoniale est notamment prise en compte. De ce fait, son montant n\u2019est pas fixe. Il peut varier d\u2019un b\u00e9n\u00e9ficiaire \u00e0 un autre et d\u2019un trimestre \u00e0 l\u2019autre pour un m\u00eame b\u00e9n\u00e9ficiaire.<\/p>\n<p style=\"text-align: justify;\">D\u00e8s que votre dossier est valid\u00e9 par votre organisme comp\u00e9tent, vous recevrez le <b>premier versement le 5 du moins suivant<\/b>. Soit le 5 ao\u00fbt pour une demande effectu\u00e9e avant le 25 juillet. <b>Si vous b\u00e9n\u00e9ficiez d\u00e9j\u00e0 des APL, le versement de la prime d&rsquo;activit\u00e9 intervient le m\u00eame jour et en une seule fois.<\/b><\/p>\n<p style=\"text-align: justify;\">Pour continuer \u00e0 percevoir les versements de la prime d&rsquo;activit\u00e9, n&rsquo;oubliez pas de faire vos d\u00e9clarations trimestrielles.<\/p>\n<h2><span id=\"En_cas_de_changement_de_situation\">Le changement de situation<\/span><\/h2>\n<p align=\"justify\"><span class=\"amp-wp-b9d98c2\" data-amp-original-style=\"font-size: medium;\">Toutefois, vous devez savoir que tout changement de situation (changement du statut social, etc.) devra \u00eatre signal\u00e9 imm\u00e9diatement aux services comp\u00e9tents.<\/span><\/p>\n<p align=\"justify\">Par exemple, si vous vous mariez ou au contraire si vous vous s\u00e9parez. Vous devrez signaler ce changement de situation \u00e0 la Caf.<\/p>\n<p align=\"justify\"><span class=\"amp-wp-b9d98c2\" data-amp-original-style=\"font-size: medium;\">Cette mise \u00e0 jour ne viendra pas modifier les droits dont vous b\u00e9n\u00e9ficiez d\u00e9j\u00e0. Elle viendra apporter des modifications au versement de votre prime (si la situation l\u2019impose) lors du recalcul de vos droits.<\/span><\/p>\n<p><strong>\u00c0 noter :<\/strong>\u00a0le versement de la prime d\u2019activit\u00e9 n\u2019est pas r\u00e9troactif.<br \/>\nIl s\u2019agit d\u2019un revenu non imposable \u00e0 l\u2019imp\u00f4t sur le revenu. Elle est aussi exon\u00e9r\u00e9e de CSG et de CRDS.<\/p>\n<div class='cta-block'><div class='text'>Simulez votre prime d&rsquo;activit\u00e9 en 2 min. <\/div><a href='https:\/\/www.mes-allocs.fr\/ab-app?origin=guides\/wp-json\/wp\/v2\/posts\/68567' class='app-button fit'>Simulation gratuite<\/a><\/div>\n","protected":false},"excerpt":{"rendered":"<p>[Mis \u00e0 jour le 02\/04\/2026] La prime d\u2019activit\u00e9 est une aide sociale en vigueur depuis janvier 2016, rempla\u00e7ant ainsi le RSA activit\u00e9 et la prime pour l\u2019emploi. Vers\u00e9e aux travailleurs ayant de faibles revenus, elle vise \u00e0 compl\u00e9ter les revenus d\u2019une personne active. Puis-je en b\u00e9n\u00e9ficier en \u00e9tant retrait\u00e9 en 2026 ? Mes Allocs vous [&hellip;]<\/p>\n","protected":false},"author":25,"featured_media":105021,"comment_status":"closed","ping_status":"open","sticky":false,"template":"","format":"standard","meta":{"amp_status":"","footnotes":""},"categories":[20,3130],"tags":[],"class_list":["post-68567","post","type-post","status-publish","format-standard","has-post-thumbnail","hentry","category-prime-d-activite","category-prime-activite-conditions"],"yoast_head":"<!-- This site is optimized with the Yoast SEO plugin v14.9 - https:\/\/yoast.com\/wordpress\/plugins\/seo\/ -->\n<title>Peut-on toucher la prime d&#039;activit\u00e9 en tant que retrait\u00e9 en 2026 ? | Mes-Allocs.fr<\/title>\n<meta name=\"description\" content=\"La prime d&#039;activit\u00e9 compl\u00e8te les revenus d&#039;activit\u00e9. Vous \u00eates retrait\u00e9 ? D\u00e9couvrez votre \u00e9gibilit\u00e9 en 2026 avec Mes Allocs.\" \/>\n<meta name=\"robots\" content=\"index, follow, max-snippet:-1, max-image-preview:large, max-video-preview:-1\" \/>\n<link rel=\"canonical\" href=\"https:\/\/www.mes-allocs.fr\/guides\/prime-d-activite\/prime-activite-conditions\/prime-activite-retraite\/\" \/>\n<meta property=\"og:locale\" content=\"fr_FR\" \/>\n<meta property=\"og:type\" content=\"article\" \/>\n<meta property=\"og:title\" content=\"Peut-on toucher la prime d&#039;activit\u00e9 en tant que retrait\u00e9 en 2026 ? | Mes-Allocs.fr\" \/>\n<meta property=\"og:description\" content=\"La prime d&#039;activit\u00e9 compl\u00e8te les revenus d&#039;activit\u00e9. Vous \u00eates retrait\u00e9 ? D\u00e9couvrez votre \u00e9gibilit\u00e9 en 2026 avec Mes Allocs.\" \/>\n<meta property=\"og:url\" content=\"https:\/\/www.mes-allocs.fr\/guides\/prime-d-activite\/prime-activite-conditions\/prime-activite-retraite\/\" \/>\n<meta property=\"og:site_name\" content=\"Mes-Allocs.fr\" \/>\n<meta property=\"article:published_time\" content=\"2023-09-19T16:34:56+00:00\" \/>\n<meta property=\"article:modified_time\" content=\"2026-04-02T13:25:28+00:00\" \/>\n<meta property=\"og:image\" content=\"https:\/\/www.mes-allocs.fr\/guides\/wp-content\/uploads\/2023\/09\/prime-activite-retraite-e1760967120790.jpg?wsr\" \/>\n\t<meta property=\"og:image:width\" content=\"1280\" \/>\n\t<meta property=\"og:image:height\" content=\"1040\" \/>\n<meta name=\"twitter:card\" content=\"summary_large_image\" \/>\n<script type=\"application\/ld+json\" class=\"yoast-schema-graph\">{\"@context\":\"https:\/\/schema.org\",\"@graph\":[{\"@type\":\"WebSite\",\"@id\":\"https:\/\/www.mes-allocs.fr\/guides\/#website\",\"url\":\"https:\/\/www.mes-allocs.fr\/guides\/\",\"name\":\"Mes-Allocs.fr\",\"description\":\"\",\"potentialAction\":[{\"@type\":\"SearchAction\",\"target\":\"https:\/\/www.mes-allocs.fr\/guides\/?s={search_term_string}\",\"query-input\":\"required name=search_term_string\"}],\"inLanguage\":\"fr-FR\"},{\"@type\":\"ImageObject\",\"@id\":\"https:\/\/www.mes-allocs.fr\/guides\/prime-d-activite\/prime-activite-conditions\/prime-activite-retraite\/#primaryimage\",\"inLanguage\":\"fr-FR\",\"url\":\"https:\/\/www.mes-allocs.fr\/guides\/wp-content\/uploads\/2023\/09\/prime-activite-retraite-e1760967120790.jpg?wsr\",\"width\":1280,\"height\":1040,\"caption\":\"prime activite retraite\"},{\"@type\":\"WebPage\",\"@id\":\"https:\/\/www.mes-allocs.fr\/guides\/prime-d-activite\/prime-activite-conditions\/prime-activite-retraite\/#webpage\",\"url\":\"https:\/\/www.mes-allocs.fr\/guides\/prime-d-activite\/prime-activite-conditions\/prime-activite-retraite\/\",\"name\":\"Peut-on toucher la prime d'activit\\u00e9 en tant que retrait\\u00e9 en 2026 ? | Mes-Allocs.fr\",\"isPartOf\":{\"@id\":\"https:\/\/www.mes-allocs.fr\/guides\/#website\"},\"primaryImageOfPage\":{\"@id\":\"https:\/\/www.mes-allocs.fr\/guides\/prime-d-activite\/prime-activite-conditions\/prime-activite-retraite\/#primaryimage\"},\"datePublished\":\"2023-09-19T16:34:56+00:00\",\"dateModified\":\"2026-04-02T13:25:28+00:00\",\"author\":{\"@id\":\"https:\/\/www.mes-allocs.fr\/guides\/#\/schema\/person\/52b318867057023c2f6a62512d870cf7\"},\"description\":\"La prime d'activit\\u00e9 compl\\u00e8te les revenus d'activit\\u00e9. Vous \\u00eates retrait\\u00e9 ? D\\u00e9couvrez votre \\u00e9gibilit\\u00e9 en 2026 avec Mes Allocs.\",\"inLanguage\":\"fr-FR\"},{\"@type\":\"Person\",\"@id\":\"https:\/\/www.mes-allocs.fr\/guides\/#\/schema\/person\/52b318867057023c2f6a62512d870cf7\",\"name\":\"Eric Zotoglo\",\"image\":{\"@type\":\"ImageObject\",\"@id\":\"https:\/\/www.mes-allocs.fr\/guides\/#personlogo\",\"inLanguage\":\"fr-FR\",\"url\":\"https:\/\/www.mes-allocs.fr\/guides\/wp-content\/uploads\/2023\/06\/PXL_20230324_080412913.NIGHT2_1-150x150.jpg\",\"caption\":\"Eric Zotoglo\"},\"description\":\"Eric est juriste sp\\u00e9cialis\\u00e9e en droit du num\\u00e9rique et de la protection sociale. Il rejoint Mes Allocs apr\\u00e8s une premi\\u00e8re exp\\u00e9rience dans le secteur du journalisme.\",\"sameAs\":[\"https:\/\/www.linkedin.com\/in\/eric-zotoglo-1a8a9a55\/\"]}]}<\/script>\n<!-- \/ Yoast SEO plugin. -->","amp_validity":null,"acf":{"faq":{"1":{"question":"Est-ce que les retraites peuvent toucher la prime d'activit\u00e9 ?","answer":"Vous ne pouvez pas toucher la prime si vous et\/ou votre conjoint percevez une pension de retraite. Et ce, peu importe le montant. En revanche, vous pouvez b\u00e9n\u00e9ficier de la prime si vous ou votre conjoint percevez des revenus professionnels. \u00c0 noter que le montant de la prime sera bas. En effet, le cumul salaire + retraite vous fait souvent d\u00e9passer les plafonds d'\u00e9ligibilit\u00e9."},"2":{"question":"Est-ce que la prime d'activit\u00e9 fait baisser les APL ?","answer":"Non, elle n'est pas prise en compte dans le calcul pour la prime. Elle est donc cumulable avec l'APL."},"3":{"question":"Quel revenu pris en compte pour la prime d'activit\u00e9 ?","answer":"Pour la prime d'activit\u00e9, les revenus pris en compte sont les ressources du foyer et 61% de vos revenus professionnels."},"4":{"question":"Qui a le droit \u00e0 la prime d'activit\u00e9 ?","answer":"Les personnes qui respectent les conditions de situation familiale (le nombre d'enfants par exemple) et le plafond de revenus d'activit\u00e9 sont \u00e9ligibles \u00e0 la prime."},"5":{"question":"Est-ce que les int\u00e9rimaires ont droit \u00e0 la prime d'activit\u00e9 ?","answer":"Oui, si vous avez travaill\u00e9 en int\u00e9rim avant de faire la demande de prime d'activit\u00e9. Vous pouvez toucher cette aide m\u00eame en p\u00e9riodes d'inactivit\u00e9s ou de ch\u00f4mage."},"6":{"question":"Comment savoir si on a le droit \u00e0 la prime de No\u00ebl ?","answer":"La prime de No\u00ebl vous est vers\u00e9e si vous avez per\u00e7u en novembre ou d\u00e9cembre 2025 l'une des aides suivantes : le revenu de solidarit\u00e9 active (RSA), la prime forfaitaire pour reprise d'activit\u00e9, l'allocation de solidarit\u00e9 sp\u00e9cifique (ASS), l'allocation \u00e9quivalent retraite (AER)."},"7":{"question":"","answer":""},"8":{"question":"","answer":""},"9":{"question":"","answer":""},"10":{"question":"","answer":""},"11":{"question":"","answer":""},"12":{"question":"","answer":""},"13":{"question":"","answer":""},"14":{"question":"","answer":""},"15":{"question":"","answer":""},"16":{"question":"","answer":""}}},"_links":{"self":[{"href":"https:\/\/www.mes-allocs.fr\/guides\/wp-json\/wp\/v2\/posts\/68567","targetHints":{"allow":["GET"]}}],"collection":[{"href":"https:\/\/www.mes-allocs.fr\/guides\/wp-json\/wp\/v2\/posts"}],"about":[{"href":"https:\/\/www.mes-allocs.fr\/guides\/wp-json\/wp\/v2\/types\/post"}],"author":[{"embeddable":true,"href":"https:\/\/www.mes-allocs.fr\/guides\/wp-json\/wp\/v2\/users\/25"}],"replies":[{"embeddable":true,"href":"https:\/\/www.mes-allocs.fr\/guides\/wp-json\/wp\/v2\/comments?post=68567"}],"version-history":[{"count":18,"href":"https:\/\/www.mes-allocs.fr\/guides\/wp-json\/wp\/v2\/posts\/68567\/revisions"}],"predecessor-version":[{"id":111381,"href":"https:\/\/www.mes-allocs.fr\/guides\/wp-json\/wp\/v2\/posts\/68567\/revisions\/111381"}],"wp:featuredmedia":[{"embeddable":true,"href":"https:\/\/www.mes-allocs.fr\/guides\/wp-json\/wp\/v2\/media\/105021"}],"wp:attachment":[{"href":"https:\/\/www.mes-allocs.fr\/guides\/wp-json\/wp\/v2\/media?parent=68567"}],"wp:term":[{"taxonomy":"category","embeddable":true,"href":"https:\/\/www.mes-allocs.fr\/guides\/wp-json\/wp\/v2\/categories?post=68567"},{"taxonomy":"post_tag","embeddable":true,"href":"https:\/\/www.mes-allocs.fr\/guides\/wp-json\/wp\/v2\/tags?post=68567"}],"curies":[{"name":"wp","href":"https:\/\/api.w.org\/{rel}","templated":true}]}}