{"id":68208,"date":"2023-09-07T22:16:07","date_gmt":"2023-09-07T20:16:07","guid":{"rendered":"https:\/\/www.mes-allocs.fr\/guides\/?p=68208"},"modified":"2025-07-17T10:17:13","modified_gmt":"2025-07-17T08:17:13","slug":"aide-au-transport-paca","status":"publish","type":"post","link":"https:\/\/www.mes-allocs.fr\/guides\/aide-au-transport\/aide-au-transport-conseil-regional\/aide-au-transport-paca\/","title":{"rendered":"Aides au transport en PACA : conditions, montants, d\u00e9marches"},"content":{"rendered":"<p><img loading=\"lazy\" decoding=\"async\" class=\"alignnone wp-image-68209 size-full\" title=\"aide au transport paca\" src=\"https:\/\/www.mes-allocs.fr\/guides\/wp-content\/uploads\/2023\/09\/aide-au-transport-region-paca-e1694112425287.jpg\" alt=\"aide au transport paca\" width=\"1280\" height=\"297\" srcset=\"https:\/\/www.mes-allocs.fr\/guides\/wp-content\/uploads\/2023\/09\/aide-au-transport-region-paca-e1694112425287.jpg 1280w, https:\/\/www.mes-allocs.fr\/guides\/wp-content\/uploads\/2023\/09\/aide-au-transport-region-paca-e1694112425287-300x70.jpg 300w, https:\/\/www.mes-allocs.fr\/guides\/wp-content\/uploads\/2023\/09\/aide-au-transport-region-paca-e1694112425287-1024x238.jpg 1024w, https:\/\/www.mes-allocs.fr\/guides\/wp-content\/uploads\/2023\/09\/aide-au-transport-region-paca-e1694112425287-768x178.jpg 768w, https:\/\/www.mes-allocs.fr\/guides\/wp-content\/uploads\/2023\/09\/aide-au-transport-region-paca-e1694112425287-600x139.jpg 600w\" sizes=\"auto, (max-width: 1280px) 100vw, 1280px\" \/><strong>La r\u00e9gion Provence-Alpes-C\u00f4te d&rsquo;Azur, connue pour son climat ensoleill\u00e9, ses paysages diversifi\u00e9s, et ses centres urbains dynamiques, offre \u00e9galement une gamme d&rsquo;<a href=\"https:\/\/www.mes-allocs.fr\/guides\/aide-au-transport\/\">aides au transport<\/a> visant \u00e0 faciliter la mobilit\u00e9 de ses r\u00e9sidents. Dans cette r\u00e9gion du sud-est de la France, les habitants ont acc\u00e8s \u00e0 diverses formes d&rsquo;assistance et d&rsquo;aides pour les transports en commun, l&rsquo;utilisation de v\u00e9hicules personnels, ou m\u00eame la promotion du covoiturage et des modes de transport durables. D\u00e9couvrez toutes les aides au transport disponibles en r\u00e9gion PACA !\u00a0<\/strong><\/p>\n<div class='cta-block'><div class='text'>Simulez toutes vos aides au transport en 2 min. <\/div><a href='https:\/\/www.mes-allocs.fr\/ab-app?origin=guides\/wp-json\/wp\/v2\/posts\/68208' class='app-button fit'>Simulation gratuite<\/a><\/div>\n<h1>Les aides pour les transports en r\u00e9gion PACA<\/h1>\n<p>Au del\u00e0 des aides nationales, des\u00a0<a href=\"https:\/\/www.mes-allocs.fr\/guides\/aide-au-transport\/aide-au-transport-conseil-regional\/\">aides au transport r\u00e9gionales<\/a> existent. D\u00e9couvrez celles disponibles en r\u00e9gion PACA !<\/p>\n<h2>L&rsquo;importance de la mobilit\u00e9 en Provence-Alpes-C\u00f4te d&rsquo;Azur<\/h2>\n<p>L&rsquo;importance de la mobilit\u00e9 en Provence-Alpes-C\u00f4te d&rsquo;Azur est cruciale en raison de la diversit\u00e9 g\u00e9ographique et \u00e9conomique de cette r\u00e9gion du sud-est de la France. La r\u00e9gion PACA, comme on l&rsquo;appelle souvent, englobe des zones urbaines anim\u00e9es comme Marseille, Nice et Toulon, ainsi que des zones rurales et montagneuses. Cette diversit\u00e9 cr\u00e9e une d\u00e9pendance significative \u00e0 la mobilit\u00e9 pour plusieurs raisons essentielles :<\/p>\n<ul>\n<li><strong>Acc\u00e8s \u00e0 l&#8217;emploi<\/strong> : la r\u00e9gion offre une multitude d&rsquo;opportunit\u00e9s d&#8217;emploi, en particulier dans les secteurs du tourisme, de la technologie, de la recherche et de l&rsquo;industrie. Pour les habitants de la r\u00e9gion, la mobilit\u00e9 est souvent n\u00e9cessaire pour acc\u00e9der \u00e0 ces emplois, qui peuvent \u00eatre r\u00e9partis sur un vaste territoire.<\/li>\n<li><strong>\u00c9ducation<\/strong> : de nombreuses universit\u00e9s, grandes \u00e9coles et centres de formation sont r\u00e9partis dans toute la r\u00e9gion PACA. Les \u00e9tudiants et les apprenants d\u00e9pendent de la mobilit\u00e9 pour acc\u00e9der \u00e0 ces institutions.<\/li>\n<li><strong>Tourisme<\/strong> : le tourisme est une industrie majeure en Provence-Alpes-C\u00f4te d&rsquo;Azur. La mobilit\u00e9 est essentielle pour les visiteurs qui souhaitent explorer la diversit\u00e9 des paysages, des villes c\u00f4ti\u00e8res aux Alpes, en passant par la Provence.<\/li>\n<li><strong>Qualit\u00e9 de vie<\/strong> : la r\u00e9gion attire \u00e9galement de nombreux retrait\u00e9s en qu\u00eate de qualit\u00e9 de vie. Ils ont besoin de moyens de transport accessibles pour leurs activit\u00e9s quotidiennes et de loisirs.<\/li>\n<li><strong>Environnement<\/strong> : promouvoir des modes de transport durables est \u00e9galement un enjeu majeur en PACA pour r\u00e9duire la congestion routi\u00e8re et les \u00e9missions de carbone li\u00e9es aux d\u00e9placements.<\/li>\n<\/ul>\n<p>La mobilit\u00e9 est un facteur cl\u00e9 pour garantir que les habitants de la r\u00e9gion aient acc\u00e8s \u00e0 l&#8217;emploi, \u00e0 l&rsquo;\u00e9ducation, au tourisme et \u00e0 une meilleure qualit\u00e9 de vie tout en minimisant l&rsquo;impact environnemental. Les aides au transport jouent un r\u00f4le crucial pour rendre cette mobilit\u00e9 accessible \u00e0 tous.<\/p>\n<p>En cas de besoin, un expert de l&rsquo;\u00e9quipe Mes Allocs peut <a href=\"https:\/\/www.mes-allocs.fr\/souscription\" target=\"_blank\" rel=\"noopener\">vous accompagner<\/a> dans ces d\u00e9marches pour vous faire gagner du temps et de l&rsquo;argent.<\/p>\n<p><iframe loading=\"lazy\" title=\"Les aides au transport\" width=\"500\" height=\"281\" src=\"https:\/\/www.youtube.com\/embed\/zRZFzrnwvEs?feature=oembed\" frameborder=\"0\" allow=\"accelerometer; autoplay; clipboard-write; encrypted-media; gyroscope; picture-in-picture; web-share\" referrerpolicy=\"strict-origin-when-cross-origin\" allowfullscreen><\/iframe><\/p>\n<h2><strong>Les aides pour les transports en commun en PACA<\/strong><\/h2>\n<h3>Les r\u00e9ductions tarifaires<\/h3>\n<p>Les r\u00e9ductions tarifaires pour les transports en commun en Provence-Alpes-C\u00f4te d&rsquo;Azur visent \u00e0 rendre les d\u00e9placements plus accessibles \u00e0 un large \u00e9ventail de r\u00e9sidents. Ces r\u00e9ductions peuvent varier en fonction de divers crit\u00e8res, notamment l&rsquo;\u00e2ge, le statut socio-\u00e9conomique et la situation personnelle. Voici quelques exemples de r\u00e9ductions tarifaires courantes :<\/p>\n<p>Les jeunes de moins de 26 ans peuvent g\u00e9n\u00e9ralement b\u00e9n\u00e9ficier de tarifs r\u00e9duits ou d&rsquo;abonnements sp\u00e9cifiques pour les transports en commun, ce qui favorise leur mobilit\u00e9 pour l&rsquo;\u00e9ducation et l&#8217;emploi.<\/p>\n<p>Les personnes \u00e2g\u00e9es de plus de 60 ans b\u00e9n\u00e9ficient souvent de tarifs r\u00e9duits, voire de la gratuit\u00e9, pour les transports en commun, ce qui facilite leurs d\u00e9placements quotidiens.<\/p>\n<p>Les demandeurs d&#8217;emploi peuvent avoir acc\u00e8s \u00e0 des tarifs r\u00e9duits, les aidant ainsi \u00e0 se rendre \u00e0 des entretiens d&#8217;embauche et \u00e0 des formations.<\/p>\n<p>Certains r\u00e9seaux de transports en commun proposent des tarifs solidaires pour les personnes en situation de pr\u00e9carit\u00e9 \u00e9conomique, garantissant ainsi leur acc\u00e8s aux services essentiels.<\/p>\n<h3>Les abonnements sp\u00e9cifiques<\/h3>\n<p>Les abonnements sp\u00e9cifiques sont con\u00e7us pour r\u00e9pondre aux besoins particuliers des voyageurs fr\u00e9quents ou des groupes sp\u00e9cifiques de la population. En Provence-Alpes-C\u00f4te d&rsquo;Azur, ces abonnements visent \u00e0 encourager l&rsquo;utilisation r\u00e9guli\u00e8re des transports en commun et \u00e0 r\u00e9compenser la fid\u00e9lit\u00e9 des usagers. Voici quelques exemples d&rsquo;abonnements sp\u00e9cifiques :<\/p>\n<ol>\n<li><strong>Abonnements mensuels\/annuels<\/strong> : ces abonnements offrent souvent des r\u00e9ductions significatives par rapport aux billets individuels, ce qui en fait un choix populaire pour les travailleurs et les \u00e9tudiants qui utilisent les transports en commun quotidiennement.<\/li>\n<li><strong>Abonnements \u00e9tudiants<\/strong> : les \u00e9tudiants peuvent b\u00e9n\u00e9ficier d&rsquo;abonnements sp\u00e9cifiques \u00e0 tarif r\u00e9duit, adapt\u00e9s \u00e0 leur emploi du temps acad\u00e9mique.<\/li>\n<li><strong>Cartes famille<\/strong> : certains r\u00e9seaux proposent des abonnements familiaux qui permettent \u00e0 toute la famille de voyager \u00e0 moindre co\u00fbt.<\/li>\n<li><strong>Abonnements touristiques<\/strong> : pour les visiteurs et les touristes, des abonnements touristiques sont disponibles, offrant des voyages illimit\u00e9s sur une p\u00e9riode donn\u00e9e.<\/li>\n<li><strong>Abonnements multimodaux<\/strong> : dans le cadre de la promotion de la mobilit\u00e9 durable, des abonnements int\u00e9gr\u00e9s aux diff\u00e9rents modes de transport (train, tram, bus, v\u00e9lo) sont propos\u00e9s pour encourager l&rsquo;utilisation de modes de transport plus respectueux de l&rsquo;environnement.<\/li>\n<\/ol>\n<div class='cta-block'><div class='text'>Simulez toutes vos aides en 2 min.<\/div><a href='https:\/\/www.mes-allocs.fr\/ab-app?origin=guides\/wp-json\/wp\/v2\/posts\/68208' class='app-button fit'>Simulation gratuite<\/a><\/div>\n<h1>Les <b>aides<\/b> r\u00e9gionales aux <b>transports<\/b> pour les jeunes et les \u00e9tudiants<\/h1>\n<h2>Les diverses aides r\u00e9gionales aux transports pour les jeunes de la C\u00f4te d&rsquo;Azur<\/h2>\n<p><strong>Les abonnements \u00e9tudiants<\/strong> : de nombreuses villes de la r\u00e9gion proposent des abonnements sp\u00e9cifiques pour les \u00e9tudiants, leur offrant un acc\u00e8s illimit\u00e9 aux transports en commun \u00e0 un tarif pr\u00e9f\u00e9rentiel. Ces abonnements sont adapt\u00e9s aux besoins des \u00e9tudiants qui se d\u00e9placent fr\u00e9quemment.<\/p>\n<p><strong>Le covoiturage \u00e9tudiant<\/strong> : certaines initiatives encouragent le covoiturage \u00e9tudiant en mettant en relation les \u00e9tudiants qui parcourent des trajets similaires. Cela permet non seulement de r\u00e9duire les co\u00fbts de transport, mais aussi de contribuer \u00e0 la r\u00e9duction de l&#8217;empreinte carbone.<\/p>\n<h2>Les diverses aides r\u00e9gionales aux transports pour les \u00e9tudiants de la C\u00f4te d&rsquo;Azur<\/h2>\n<p><strong>La carte Zou \u00e9tudes<\/strong> : la r\u00e9gion Provence-Alpes-C\u00f4te d&rsquo;Azur propose la \u00ab\u00a0Carte Zou \u00c9tudes\u00a0\u00bb destin\u00e9e aux \u00e9tudiants. Cette carte permet d&rsquo;obtenir des r\u00e9ductions significatives sur les trajets en train, tramway, bus, et car. Elle facilite ainsi les d\u00e9placements des \u00e9tudiants entre leur domicile et leur lieu d&rsquo;\u00e9tudes. Cette carte peut \u00eatre particuli\u00e8rement avantageuse pour les \u00e9tudiants qui parcourent de longues distances pour se rendre \u00e0 l&rsquo;universit\u00e9.<\/p>\n<p><strong>Les tarifs r\u00e9duits pour les jeunes<\/strong> : les jeunes de moins de 26 ans peuvent g\u00e9n\u00e9ralement b\u00e9n\u00e9ficier de tarifs r\u00e9duits sur les transports en commun de la r\u00e9gion. Cette r\u00e9duction s&rsquo;applique souvent aux bus, aux tramways, et aux trains r\u00e9gionaux. Elle permet aux jeunes de se d\u00e9placer plus facilement pour leurs activit\u00e9s quotidiennes.<\/p>\n<p><strong>Les aides sp\u00e9cifiques aux apprentis<\/strong> : les apprentis, qu&rsquo;ils soient en formation dans le cadre d&rsquo;un contrat d&rsquo;apprentissage, peuvent b\u00e9n\u00e9ficier d&rsquo;aides sp\u00e9cifiques pour leurs d\u00e9placements. Celles-ci peuvent prendre la forme de subventions ou de tarifs r\u00e9duits, en fonction de la r\u00e9gion et des partenariats \u00e9tablis.<\/p>\n<p>Voici un tableau r\u00e9capitulatif des aides r\u00e9gionales aux transports pour les jeunes et les \u00e9tudiants :<\/p>\n\n<div class=\"wpdt-c row wpDataTableContainerSimpleTable wpDataTables wpDataTablesWrapper\n\"\n    >\n    <table id=\"wpdtSimpleTable-369\"\n           class=\"wpdtSimpleTable wpDataTable\"\n           data-column=\"2\"\n           data-rows=\"5\"\n           data-wpID=\"369\"\n           data-responsive=\"0\"\n           data-has-header=\"1\">\n\n                    <thead>        <tr class=\"wpdt-cell-row \" >\n                            <th class=\"wpdt-cell wpdt-bc-F3F9FE wpdt-bold\"\n                                    data-cell-id=\"A1\"\n                data-col-index=\"0\"\n                data-row-index=\"0\"\n                style=\" width:46.127366609294%;                padding:10px;\"\n                >\n                                Provence-Alpes-C\u00f4te-d'Azur                <\/th>\n                                            <th class=\"wpdt-cell wpdt-bc-F3F9FE wpdt-bold\"\n                                    data-cell-id=\"B1\"\n                data-col-index=\"1\"\n                data-row-index=\"0\"\n                style=\" width:53.872633390706%;                padding:10px;\"\n                >\n                                Cartes de r\u00e9duction                <\/th>\n                                        <\/tr>\n                    <tbody>        <tr class=\"wpdt-cell-row \" >\n                            <td class=\"wpdt-cell wpdt-bold\"\n                                    data-cell-id=\"A2\"\n                data-col-index=\"0\"\n                data-row-index=\"1\"\n                style=\"                padding:10px;\"\n                >\n                                Provence-Alpes-C\u00f4te-d'Azur                <\/td>\n                                            <td class=\"wpdt-cell \"\n                                    data-cell-id=\"B2\"\n                data-col-index=\"1\"\n                data-row-index=\"1\"\n                style=\"                padding:10px;\"\n                >\n                                ZOU ! \u00c9tudes (co\u00fbt : 110 euros \/an)                <\/td>\n                                        <\/tr>\n                            <tr class=\"wpdt-cell-row \" >\n                            <td class=\"wpdt-cell wpdt-bold\"\n                                    data-cell-id=\"A3\"\n                data-col-index=\"0\"\n                data-row-index=\"2\"\n                style=\"                padding:10px;\"\n                >\n                                Provence-Alpes-C\u00f4te-d'Azur                <\/td>\n                                            <td class=\"wpdt-cell \"\n                                    data-cell-id=\"B3\"\n                data-col-index=\"1\"\n                data-row-index=\"2\"\n                style=\"                padding:10px;\"\n                >\n                                ZOU ! 50-75% (co\u00fbt : 15 euros\/an)                <\/td>\n                                        <\/tr>\n                            <tr class=\"wpdt-cell-row \" >\n                            <td class=\"wpdt-cell wpdt-bold\"\n                                    data-cell-id=\"A4\"\n                data-col-index=\"0\"\n                data-row-index=\"3\"\n                style=\"                padding:10px;\"\n                >\n                                Provence-Alpes-C\u00f4te-d'Azur                <\/td>\n                                            <td class=\"wpdt-cell \"\n                                    data-cell-id=\"B4\"\n                data-col-index=\"1\"\n                data-row-index=\"3\"\n                style=\"                padding:10px;\"\n                >\n                                Carte Avantages (co\u00fbt : 49 euros\/an)                <\/td>\n                                        <\/tr>\n                            <tr class=\"wpdt-cell-row \" >\n                            <td class=\"wpdt-cell wpdt-bold\"\n                                    data-cell-id=\"A5\"\n                data-col-index=\"0\"\n                data-row-index=\"4\"\n                style=\"                padding:10px;\"\n                >\n                                Provence-Alpes-C\u00f4te-d'Azur                <\/td>\n                                            <td class=\"wpdt-cell \"\n                                    data-cell-id=\"B5\"\n                data-col-index=\"1\"\n                data-row-index=\"4\"\n                style=\"                padding:10px;\"\n                >\n                                Abonnement TGVmax (co\u00fbt : 79 euros\/mois)                <\/td>\n                                        <\/tr>\n                    <\/table>\n<\/div><style id='wpdt-custom-style-369'>\ntable#wpdtSimpleTable-369{ table-layout: fixed !important; }\n.wpdt-bc-F3F9FE { background-color: #F3F9FE !important;}\n<\/style>\n\n<div class='cta-block'><div class='text'>Simulez toutes vos aides en 2 min.<\/div><a href='https:\/\/www.mes-allocs.fr\/ab-app?origin=guides\/wp-json\/wp\/v2\/posts\/68208' class='app-button fit'>Simulation gratuite<\/a><\/div>\n","protected":false},"excerpt":{"rendered":"<p>La r\u00e9gion Provence-Alpes-C\u00f4te d&rsquo;Azur, connue pour son climat ensoleill\u00e9, ses paysages diversifi\u00e9s, et ses centres urbains dynamiques, offre \u00e9galement une gamme d&rsquo;aides au transport visant \u00e0 faciliter la mobilit\u00e9 de ses r\u00e9sidents. Dans cette r\u00e9gion du sud-est de la France, les habitants ont acc\u00e8s \u00e0 diverses formes d&rsquo;assistance et d&rsquo;aides pour les transports en commun, [&hellip;]<\/p>\n","protected":false},"author":26,"featured_media":68210,"comment_status":"closed","ping_status":"open","sticky":false,"template":"","format":"standard","meta":{"amp_status":"","footnotes":""},"categories":[5332,5421],"tags":[],"class_list":["post-68208","post","type-post","status-publish","format-standard","has-post-thumbnail","hentry","category-aide-au-transport","category-aide-au-transport-conseil-regional"],"yoast_head":"<!-- This site is optimized with the Yoast SEO plugin v14.9 - https:\/\/yoast.com\/wordpress\/plugins\/seo\/ -->\n<title>Aides au transport en PACA : conditions, montants, d\u00e9marches<\/title>\n<meta name=\"description\" content=\"En r\u00e9gion PACA, les habitants ont acc\u00e8s \u00e0 diverses formes d&#039;aides pour le transport. D\u00e9couvrez toutes les aides et comment en b\u00e9n\u00e9ficier !\" \/>\n<meta name=\"robots\" content=\"index, follow, max-snippet:-1, max-image-preview:large, max-video-preview:-1\" \/>\n<link rel=\"canonical\" href=\"https:\/\/www.mes-allocs.fr\/guides\/aide-au-transport\/aide-au-transport-conseil-regional\/aide-au-transport-paca\/\" \/>\n<meta property=\"og:locale\" content=\"fr_FR\" \/>\n<meta property=\"og:type\" content=\"article\" \/>\n<meta property=\"og:title\" content=\"Aides au transport en PACA : conditions, montants, d\u00e9marches\" \/>\n<meta property=\"og:description\" content=\"En r\u00e9gion PACA, les habitants ont acc\u00e8s \u00e0 diverses formes d&#039;aides pour le transport. D\u00e9couvrez toutes les aides et comment en b\u00e9n\u00e9ficier !\" \/>\n<meta property=\"og:url\" content=\"https:\/\/www.mes-allocs.fr\/guides\/aide-au-transport\/aide-au-transport-conseil-regional\/aide-au-transport-paca\/\" \/>\n<meta property=\"og:site_name\" content=\"Mes-Allocs.fr\" \/>\n<meta property=\"article:published_time\" content=\"2023-09-07T20:16:07+00:00\" \/>\n<meta property=\"article:modified_time\" content=\"2025-07-17T08:17:13+00:00\" \/>\n<meta property=\"og:image\" content=\"https:\/\/www.mes-allocs.fr\/guides\/wp-content\/uploads\/2023\/09\/Aide-au-transport-region-PACAjpg.jpg?wsr\" \/>\n\t<meta property=\"og:image:width\" content=\"704\" \/>\n\t<meta property=\"og:image:height\" content=\"627\" \/>\n<meta name=\"twitter:card\" content=\"summary_large_image\" \/>\n<script type=\"application\/ld+json\" class=\"yoast-schema-graph\">{\"@context\":\"https:\/\/schema.org\",\"@graph\":[{\"@type\":\"WebSite\",\"@id\":\"https:\/\/www.mes-allocs.fr\/guides\/#website\",\"url\":\"https:\/\/www.mes-allocs.fr\/guides\/\",\"name\":\"Mes-Allocs.fr\",\"description\":\"\",\"potentialAction\":[{\"@type\":\"SearchAction\",\"target\":\"https:\/\/www.mes-allocs.fr\/guides\/?s={search_term_string}\",\"query-input\":\"required name=search_term_string\"}],\"inLanguage\":\"fr-FR\"},{\"@type\":\"ImageObject\",\"@id\":\"https:\/\/www.mes-allocs.fr\/guides\/aide-au-transport\/aide-au-transport-conseil-regional\/aide-au-transport-paca\/#primaryimage\",\"inLanguage\":\"fr-FR\",\"url\":\"https:\/\/www.mes-allocs.fr\/guides\/wp-content\/uploads\/2023\/09\/Aide-au-transport-region-PACAjpg.jpg?wsr\",\"width\":704,\"height\":627,\"caption\":\"aide au transport paca\"},{\"@type\":\"WebPage\",\"@id\":\"https:\/\/www.mes-allocs.fr\/guides\/aide-au-transport\/aide-au-transport-conseil-regional\/aide-au-transport-paca\/#webpage\",\"url\":\"https:\/\/www.mes-allocs.fr\/guides\/aide-au-transport\/aide-au-transport-conseil-regional\/aide-au-transport-paca\/\",\"name\":\"Aides au transport en PACA : conditions, montants, d\\u00e9marches\",\"isPartOf\":{\"@id\":\"https:\/\/www.mes-allocs.fr\/guides\/#website\"},\"primaryImageOfPage\":{\"@id\":\"https:\/\/www.mes-allocs.fr\/guides\/aide-au-transport\/aide-au-transport-conseil-regional\/aide-au-transport-paca\/#primaryimage\"},\"datePublished\":\"2023-09-07T20:16:07+00:00\",\"dateModified\":\"2025-07-17T08:17:13+00:00\",\"author\":{\"@id\":\"https:\/\/www.mes-allocs.fr\/guides\/#\/schema\/person\/9c38f3be41a0ddcd1e3fde5a3df713bf\"},\"description\":\"En r\\u00e9gion PACA, les habitants ont acc\\u00e8s \\u00e0 diverses formes d'aides pour le transport. D\\u00e9couvrez toutes les aides et comment en b\\u00e9n\\u00e9ficier !\",\"inLanguage\":\"fr-FR\"},{\"@type\":\"Person\",\"@id\":\"https:\/\/www.mes-allocs.fr\/guides\/#\/schema\/person\/9c38f3be41a0ddcd1e3fde5a3df713bf\",\"name\":\"Sessime Ananou\",\"image\":{\"@type\":\"ImageObject\",\"@id\":\"https:\/\/www.mes-allocs.fr\/guides\/#personlogo\",\"inLanguage\":\"fr-FR\",\"url\":\"https:\/\/www.mes-allocs.fr\/guides\/wp-content\/uploads\/2023\/08\/IMG_8173-150x150.jpg\",\"caption\":\"Sessime Ananou\"},\"description\":\"Sessime est r\\u00e9dactrice chez Mes Allocs, sp\\u00e9cialis\\u00e9e sur le pouvoir d'achat. Elle rejoint l'\\u00e9quipe Mes Allocs en ao\\u00fbt 2023 afin de simplifier l'acc\\u00e8s \\u00e0 l'information sur les aides en g\\u00e9n\\u00e9ral.\"}]}<\/script>\n<!-- \/ Yoast SEO plugin. -->","amp_validity":null,"acf":{"faq":{"1":{"question":"Comment avoir le train gratuit en PACA ?","answer":"Les jeunes qui souhaitent b\u00e9n\u00e9ficier de l'offre pour les TER doivent syst\u00e9matiquement t\u00e9l\u00e9charger leur ticket gratuit avant chaque trajet sur l'application Assistant SNCF ou le site TER Sud, d\u00e9taillent nos confr\u00e8res."},"2":{"question":"Qui peut b\u00e9n\u00e9ficier de la carte Zou ?","answer":"Carte ZOU ! Solidaire + : accessible aux usagers dont le Quotient Familial CAF( ou \u00e9quivalence) est inf\u00e9rieur ou \u00e9gal \u00e0 500\u20ac\/mois ou b\u00e9n\u00e9ficiaire de l'Allocation Adulte Handicap\u00e9."},"3":{"question":"Qui peut b\u00e9n\u00e9ficier de l'aide au transport ?","answer":"Les personnes qui peuvent b\u00e9n\u00e9ficier de l'aide au transport sont les salari\u00e9s, les \u00e9tudiants, les jeunes enfants, les ch\u00f4meurs et les personnes en situation de handicap."},"4":{"question":"Comment faire la carte ZOU gratuite ?","answer":"Cette carte vous sera remise gratuitement dans les points de vente du r\u00e9seau LER sur pr\u00e9sentation d'une pi\u00e8ce d'identit\u00e9, d'une photo d'identit\u00e9 et de votre Carte ZOU !"},"5":{"question":"C'est quoi l'abonnement Zou solidaire ?","answer":"C'est une carte qui permet de se d\u00e9placer, avec certains trains ou en car, sur tout le d\u00e9partement 04 et la r\u00e9gion Provence Alpes C\u00f4te d'Azur (r\u00e9gion Paca)."},"6":{"question":"Comment obtenir la carte solidaire SNCF ?","answer":"En vous munissant des pi\u00e8ces n\u00e9cessaires :\r\npi\u00e8ce d'identit\u00e9 du b\u00e9n\u00e9ficiaire.\r\nattestation de droits \u00e0 l'assurance maladie ou MSA.\r\nattestation de droits \u00e0 la compl\u00e9mentaire sant\u00e9 solidaire en cours de validit\u00e9\r\nbulletin de situation de - de 3 mois pour les b\u00e9n\u00e9ficiaires de contrat PACEA ou CEJ."},"7":{"question":"","answer":""},"8":{"question":"","answer":""},"9":{"question":"","answer":""},"10":{"question":"","answer":""},"11":{"question":"","answer":""},"12":{"question":"","answer":""},"13":{"question":"","answer":""},"14":{"question":"","answer":""},"15":{"question":"","answer":""},"16":{"question":"","answer":""}}},"_links":{"self":[{"href":"https:\/\/www.mes-allocs.fr\/guides\/wp-json\/wp\/v2\/posts\/68208","targetHints":{"allow":["GET"]}}],"collection":[{"href":"https:\/\/www.mes-allocs.fr\/guides\/wp-json\/wp\/v2\/posts"}],"about":[{"href":"https:\/\/www.mes-allocs.fr\/guides\/wp-json\/wp\/v2\/types\/post"}],"author":[{"embeddable":true,"href":"https:\/\/www.mes-allocs.fr\/guides\/wp-json\/wp\/v2\/users\/26"}],"replies":[{"embeddable":true,"href":"https:\/\/www.mes-allocs.fr\/guides\/wp-json\/wp\/v2\/comments?post=68208"}],"version-history":[{"count":10,"href":"https:\/\/www.mes-allocs.fr\/guides\/wp-json\/wp\/v2\/posts\/68208\/revisions"}],"predecessor-version":[{"id":102430,"href":"https:\/\/www.mes-allocs.fr\/guides\/wp-json\/wp\/v2\/posts\/68208\/revisions\/102430"}],"wp:featuredmedia":[{"embeddable":true,"href":"https:\/\/www.mes-allocs.fr\/guides\/wp-json\/wp\/v2\/media\/68210"}],"wp:attachment":[{"href":"https:\/\/www.mes-allocs.fr\/guides\/wp-json\/wp\/v2\/media?parent=68208"}],"wp:term":[{"taxonomy":"category","embeddable":true,"href":"https:\/\/www.mes-allocs.fr\/guides\/wp-json\/wp\/v2\/categories?post=68208"},{"taxonomy":"post_tag","embeddable":true,"href":"https:\/\/www.mes-allocs.fr\/guides\/wp-json\/wp\/v2\/tags?post=68208"}],"curies":[{"name":"wp","href":"https:\/\/api.w.org\/{rel}","templated":true}]}}