{"id":68195,"date":"2023-09-07T18:56:16","date_gmt":"2023-09-07T16:56:16","guid":{"rendered":"https:\/\/www.mes-allocs.fr\/guides\/?p=68195"},"modified":"2025-07-17T10:16:22","modified_gmt":"2025-07-17T08:16:22","slug":"aide-au-transport-region-centre","status":"publish","type":"post","link":"https:\/\/www.mes-allocs.fr\/guides\/aide-au-transport\/aide-au-transport-conseil-regional\/aide-au-transport-region-centre\/","title":{"rendered":"Aides au transport dans la r\u00e9gion Centre : conditions, montants, d\u00e9marches"},"content":{"rendered":"<p><img loading=\"lazy\" decoding=\"async\" class=\"alignnone wp-image-68197 \" title=\"aide au transport region centre\" src=\"https:\/\/www.mes-allocs.fr\/guides\/wp-content\/uploads\/2023\/09\/aide-au-transport-region-centre-e1694103781871.jpg\" alt=\"aide au transport region centre\" width=\"803\" height=\"186\" srcset=\"https:\/\/www.mes-allocs.fr\/guides\/wp-content\/uploads\/2023\/09\/aide-au-transport-region-centre-e1694103781871.jpg 1280w, https:\/\/www.mes-allocs.fr\/guides\/wp-content\/uploads\/2023\/09\/aide-au-transport-region-centre-e1694103781871-300x70.jpg 300w, https:\/\/www.mes-allocs.fr\/guides\/wp-content\/uploads\/2023\/09\/aide-au-transport-region-centre-e1694103781871-1024x238.jpg 1024w, https:\/\/www.mes-allocs.fr\/guides\/wp-content\/uploads\/2023\/09\/aide-au-transport-region-centre-e1694103781871-768x178.jpg 768w, https:\/\/www.mes-allocs.fr\/guides\/wp-content\/uploads\/2023\/09\/aide-au-transport-region-centre-e1694103781871-600x139.jpg 600w\" sizes=\"auto, (max-width: 803px) 100vw, 803px\" \/><\/p>\n<p><strong>La r\u00e9gion Centre, situ\u00e9e au c\u0153ur de la France, offre un m\u00e9lange unique de paysages ruraux et urbains, attirant une population diversifi\u00e9e. La mobilit\u00e9 au sein de cette r\u00e9gion est essentielle pour l&rsquo;acc\u00e8s \u00e0 l&#8217;emploi, \u00e0 l&rsquo;\u00e9ducation et aux services publics. Afin de faciliter la vie de ses r\u00e9sidents et de promouvoir la mobilit\u00e9 durable, la r\u00e9gion Centre propose diff\u00e9rentes <a href=\"https:\/\/www.mes-allocs.fr\/guides\/aide-au-transport\/\">aides au transport<\/a>. Dans cet article, Mes Allocs vous en dit plus.\u00a0<\/strong><\/p>\n<div class='cta-block'><div class='text'>Simulez toutes vos aides au transport en 2 min. <\/div><a href='https:\/\/www.mes-allocs.fr\/ab-app?origin=guides\/wp-json\/wp\/v2\/posts\/68195' class='app-button fit'>Simulation gratuite<\/a><\/div>\n<h1>Les aides au transport dans la r\u00e9gion Centre<\/h1>\n<p>Au del\u00e0 des aides nationales, des\u00a0<a href=\"https:\/\/www.mes-allocs.fr\/guides\/aide-au-transport\/aide-au-transport-conseil-regional\/\">aides au transport r\u00e9gionales<\/a> existent. D\u00e9couvrez toutes les aides dans la r\u00e9gion Centre !<\/p>\n<h2><strong>Les r\u00e9ductions tarifaires en r\u00e9gion Centre<\/strong><\/h2>\n<p>Les r\u00e9ductions tarifaires constituent l&rsquo;un des moyens les plus courants d&rsquo;aider les r\u00e9sidents \u00e0 r\u00e9duire leurs d\u00e9penses li\u00e9es aux transports en commun. Ces r\u00e9ductions s&rsquo;appliquent g\u00e9n\u00e9ralement aux billets de bus, de tramway, de train et de m\u00e9tro, et elles visent \u00e0 rendre ces modes de transport plus accessibles \u00e0 tous. Les principaux points \u00e0 consid\u00e9rer dans cette sous-section incluent :<\/p>\n<ul>\n<li><strong>Cat\u00e9gories de b\u00e9n\u00e9ficiaires<\/strong> : qui peut b\u00e9n\u00e9ficier de ces r\u00e9ductions ? Il peut s&rsquo;agir d&rsquo;\u00e9tudiants, de personnes \u00e2g\u00e9es, de familles nombreuses, de demandeurs d&#8217;emploi, etc.<\/li>\n<li><strong>Avantages<\/strong> : quels sont les avantages concrets de ces r\u00e9ductions tarifaires ? Par exemple, une r\u00e9duction de 50 % sur les tarifs normaux.<\/li>\n<li><strong>Conditions d&rsquo;\u00e9ligibilit\u00e9<\/strong> : quelles sont les conditions que les b\u00e9n\u00e9ficiaires potentiels doivent remplir pour acc\u00e9der \u00e0 ces r\u00e9ductions ? Cela peut inclure l&rsquo;\u00e2ge, le statut d&#8217;emploi, le revenu, etc.<\/li>\n<\/ul>\n<p><iframe loading=\"lazy\" title=\"Les aides au transport\" width=\"500\" height=\"281\" src=\"https:\/\/www.youtube.com\/embed\/zRZFzrnwvEs?feature=oembed\" frameborder=\"0\" allow=\"accelerometer; autoplay; clipboard-write; encrypted-media; gyroscope; picture-in-picture; web-share\" referrerpolicy=\"strict-origin-when-cross-origin\" allowfullscreen><\/iframe><\/p>\n<h2><strong>Les abonnements sp\u00e9cifiques<\/strong><\/h2>\n<p>En plus des r\u00e9ductions ponctuelles, la r\u00e9gion Centre propose \u00e9galement des abonnements sp\u00e9cifiques pour les usagers fr\u00e9quents des transports en commun. Ces abonnements permettent souvent aux voyageurs de b\u00e9n\u00e9ficier de r\u00e9ductions significatives sur les billets r\u00e9guliers, \u00e0 condition qu&rsquo;ils souscrivent \u00e0 un abonnement mensuel, trimestriel ou annuel. Voici les points importants \u00e0 couvrir dans cette sous-section :<\/p>\n<ul>\n<li><strong>Types d&rsquo;abonnements<\/strong> : quels types d&rsquo;abonnements sp\u00e9cifiques sont disponibles dans la r\u00e9gion Centre ? Par exemple, les abonnements mensuels pour les \u00e9tudiants.<\/li>\n<li><strong>Avantages<\/strong> : en quoi consistent les avantages de ces abonnements sp\u00e9cifiques ? Cela peut inclure des r\u00e9ductions tarifaires substantielles, la flexibilit\u00e9 d&rsquo;utilisation, etc.<\/li>\n<li><strong>Modalit\u00e9s d&rsquo;obtention<\/strong> : comment les usagers peuvent-ils souscrire \u00e0 ces abonnements ? Quelles sont les d\u00e9marches administratives \u00e0 suivre ?<\/li>\n<\/ul>\n<div class='cta-block'><div class='text'>Simulez vos aides en 2 min.<\/div><a href='https:\/\/www.mes-allocs.fr\/ab-app?origin=guides\/wp-json\/wp\/v2\/posts\/68195' class='app-button fit'>Simulation gratuite<\/a><\/div>\n<h1><strong>Comment b\u00e9n\u00e9ficier des aides au transport dans la r\u00e9gion Centre ?<\/strong><\/h1>\n<h2><strong>Les proc\u00e9dures pour les aides aux transports en commun<\/strong><\/h2>\n<p>L&rsquo;acc\u00e8s aux r\u00e9ductions tarifaires et aux abonnements sp\u00e9cifiques aux transports en commun est souvent soumis \u00e0 des proc\u00e9dures standardis\u00e9es. Dans cette sous-section, nous allons explorer les \u00e9tapes typiques que les r\u00e9sidents de la r\u00e9gion Centre doivent suivre pour b\u00e9n\u00e9ficier de ces aides :<\/p>\n<ul>\n<li>La premi\u00e8re \u00e9tape consiste g\u00e9n\u00e9ralement \u00e0 s&rsquo;<strong>inscrire aupr\u00e8s d&rsquo;une autorit\u00e9<\/strong> ou d&rsquo;un organisme comp\u00e9tent. Cela peut impliquer de remplir un formulaire en ligne ou de se rendre physiquement \u00e0 un guichet de transport.<\/li>\n<li>Les candidats sont g\u00e9n\u00e9ralement tenus de fournir des <strong>preuves de leur \u00e9ligibilit\u00e9<\/strong>. Cela peut inclure des documents tels que des certificats de scolarit\u00e9 pour les \u00e9tudiants, des justificatifs de revenu, etc.<\/li>\n<li>Les r\u00e9sidents doivent choisir le type d&rsquo;aide qui leur convient le mieux. Cela peut inclure le choix entre diff\u00e9rents types d&rsquo;abonnements ou la s\u00e9lection d&rsquo;une r\u00e9duction tarifaire sp\u00e9cifique.<\/li>\n<li>Une fois que toutes les \u00e9tapes pr\u00e9c\u00e9dentes sont compl\u00e9t\u00e9es, les candidats doivent g\u00e9n\u00e9ralement attendre une validation de leur demande. Cette \u00e9tape peut prendre un certain temps.<\/li>\n<\/ul>\n<h2><strong>Le processus de demande de subventions<\/strong><\/h2>\n<p>Si les r\u00e9sidents de la r\u00e9gion Centre souhaitent b\u00e9n\u00e9ficier de subventions pour l&rsquo;achat de v\u00e9los, la r\u00e9novation de v\u00e9hicules ou d&rsquo;autres initiatives similaires, le processus de demande peut varier. Voici ce que cette sous-section peut couvrir :<\/p>\n<ul>\n<li><strong>Identification des subventions<\/strong> : les r\u00e9sidents doivent d&rsquo;abord identifier quelles subventions sont pertinentes pour leurs besoins. Cela peut n\u00e9cessiter une recherche en ligne ou une consultation avec des autorit\u00e9s locales.<\/li>\n<li><strong>Pr\u00e9paration de la demande<\/strong> : les candidats doivent rassembler la documentation requise pour leur demande, ce qui peut inclure des devis, des justificatifs d&rsquo;achat, etc.<\/li>\n<li><strong>Soumission de la demande<\/strong> : les demandes de subventions sont g\u00e9n\u00e9ralement soumises \u00e0 des organismes sp\u00e9cifiques, et cette sous-section peut expliquer o\u00f9 et comment soumettre une demande.<\/li>\n<li><strong>Examen et approbation<\/strong> : les demandes de subventions sont ensuite examin\u00e9es, et les candidats sont inform\u00e9s de l&rsquo;approbation ou du rejet de leur demande.<\/li>\n<\/ul>\n<h2><strong>L&rsquo;acc\u00e8s aux autres dispositifs d&rsquo;aide<\/strong><\/h2>\n<p>La r\u00e9gion Centre peut proposer d&rsquo;autres dispositifs d&rsquo;aide, tels que des services de covoiturage, des aides aux personnes handicap\u00e9es, etc. Cette sous-section peut expliquer comment acc\u00e9der \u00e0 ces dispositifs, y compris les contacts \u00e0 suivre et les \u00e9tapes \u00e0 suivre pour demander ces services.<\/p>\n<p>Voici un tableau pr\u00e9sentant les diff\u00e9rentes aides au transport dans la r\u00e9gion Centre :<\/p>\n\n<div class=\"wpdt-c row wpDataTableContainerSimpleTable wpDataTables wpDataTablesWrapper\n\"\n    >\n    <table id=\"wpdtSimpleTable-368table_view=regular\"\n           class=\"wpdtSimpleTable wpDataTable\"\n           data-column=\"4\"\n           data-rows=\"4\"\n           data-wpID=\"368table_view=regular\"\n           data-responsive=\"0\"\n           data-has-header=\"1\">\n\n                    <thead>        <tr class=\"wpdt-cell-row \" >\n                            <th class=\"wpdt-cell wpdt-bc-7191AB wpdt-bold\"\n                                    data-cell-id=\"A1\"\n                data-col-index=\"0\"\n                data-row-index=\"0\"\n                style=\" width:24.302788844622%;                padding:10px;\"\n                >\n                                Type d'Aide au Transport                <\/th>\n                                            <th class=\"wpdt-cell wpdt-bc-7191AB wpdt-bold\"\n                                    data-cell-id=\"B1\"\n                data-col-index=\"1\"\n                data-row-index=\"0\"\n                style=\" width:24.800796812749%;                padding:10px;\"\n                >\n                                Description                <\/th>\n                                            <th class=\"wpdt-cell wpdt-bc-7191AB wpdt-bold\"\n                                    data-cell-id=\"C1\"\n                data-col-index=\"2\"\n                data-row-index=\"0\"\n                style=\" width:26.593625498008%;                padding:10px;\"\n                >\n                                Conditions d'\u00c9ligibilit\u00e9                <\/th>\n                                            <th class=\"wpdt-cell wpdt-bc-7191AB\"\n                                    data-cell-id=\"D1\"\n                data-col-index=\"3\"\n                data-row-index=\"0\"\n                style=\" width:24.302788844622%;                padding:10px;\"\n                >\n                                Proc\u00e9dure de Demande                <\/th>\n                                        <\/tr>\n                    <tbody>        <tr class=\"wpdt-cell-row \" >\n                            <td class=\"wpdt-cell wpdt-bold\"\n                                    data-cell-id=\"A2\"\n                data-col-index=\"0\"\n                data-row-index=\"1\"\n                style=\"                padding:10px;\"\n                >\n                                Aides aux Transports en Commun                <\/td>\n                                            <td class=\"wpdt-cell \"\n                                    data-cell-id=\"B2\"\n                data-col-index=\"1\"\n                data-row-index=\"1\"\n                style=\"                padding:10px;\"\n                >\n                                R\u00e9ductions tarifaires et abonnements sp\u00e9cifiques pour les transports en commun.                <\/td>\n                                            <td class=\"wpdt-cell \"\n                                    data-cell-id=\"C2\"\n                data-col-index=\"2\"\n                data-row-index=\"1\"\n                style=\"                padding:10px;\"\n                >\n                                - R\u00e9sidence dans la r\u00e9gion Centre.                <\/td>\n                                            <td class=\"wpdt-cell \"\n                                    data-cell-id=\"D2\"\n                data-col-index=\"3\"\n                data-row-index=\"1\"\n                style=\"                padding:10px;\"\n                >\n                                1. Inscription aupr\u00e8s de l'autorit\u00e9 de transport local. 2. Fournir des preuves d'\u00e2ge, de r\u00e9sidence ou de statut d'\u00e9tudiant. 3. S\u00e9lectionner l'aide souhait\u00e9e. 4. Attente de la validation.                <\/td>\n                                        <\/tr>\n                            <tr class=\"wpdt-cell-row \" >\n                            <td class=\"wpdt-cell \"\n                                    data-cell-id=\"A3\"\n                data-col-index=\"0\"\n                data-row-index=\"2\"\n                style=\"                padding:10px;\"\n                >\n                                Subventions Financi\u00e8res                <\/td>\n                                            <td class=\"wpdt-cell \"\n                                    data-cell-id=\"B3\"\n                data-col-index=\"1\"\n                data-row-index=\"2\"\n                style=\"                padding:10px;\"\n                >\n                                Subventions pour l'achat de v\u00e9los, la r\u00e9novation de v\u00e9hicules, etc.                <\/td>\n                                            <td class=\"wpdt-cell \"\n                                    data-cell-id=\"C3\"\n                data-col-index=\"2\"\n                data-row-index=\"2\"\n                style=\"                padding:10px;\"\n                >\n                                - Diverses subventions pour diff\u00e9rentes situations.                <\/td>\n                                            <td class=\"wpdt-cell \"\n                                    data-cell-id=\"D3\"\n                data-col-index=\"3\"\n                data-row-index=\"2\"\n                style=\"                padding:10px;\"\n                >\n                                1. Identifier les subventions pertinentes. 2. Pr\u00e9paration de la documentation requise. 3. Soumission de la demande. 4. Examen et approbation.                <\/td>\n                                        <\/tr>\n                            <tr class=\"wpdt-cell-row \" >\n                            <td class=\"wpdt-cell wpdt-bold\"\n                                    data-cell-id=\"A4\"\n                data-col-index=\"0\"\n                data-row-index=\"3\"\n                style=\"                padding:10px;\"\n                >\n                                Autres Dispositifs d'Aide                <\/td>\n                                            <td class=\"wpdt-cell \"\n                                    data-cell-id=\"B4\"\n                data-col-index=\"1\"\n                data-row-index=\"3\"\n                style=\"                padding:10px;\"\n                >\n                                Autres aides telles que les services de covoiturage, les aides aux personnes handicap\u00e9es, etc.                <\/td>\n                                            <td class=\"wpdt-cell \"\n                                    data-cell-id=\"C4\"\n                data-col-index=\"2\"\n                data-row-index=\"3\"\n                style=\"                padding:10px;\"\n                >\n                                - Varie en fonction du dispositif d'aide sp\u00e9cifique.                <\/td>\n                                            <td class=\"wpdt-cell \"\n                                    data-cell-id=\"D4\"\n                data-col-index=\"3\"\n                data-row-index=\"3\"\n                style=\"                padding:10px;\"\n                >\n                                1. Identifier le dispositif d'aide pertinent. 2. Contacter l'organisme appropri\u00e9. 3. Suivre les \u00e9tapes de demande sp\u00e9cifiques.                <\/td>\n                                        <\/tr>\n                    <\/table>\n<\/div><style id='wpdt-custom-style-368table_view=regular'>\ntable#wpdtSimpleTable-368table_view=regular{ table-layout: fixed !important; }\n.wpdt-bc-7191AB { background-color: #7191AB !important;}\n<\/style>\n\n<h1><strong>Les \u00e9volutions et diff\u00e9rentes perspectives<\/strong><\/h1>\n<h2><strong>Les \u00e9volutions r\u00e9centes du programme<\/strong><\/h2>\n<p>La r\u00e9gion Centre a r\u00e9cemment connu des \u00e9volutions significatives dans ses programmes d&rsquo;aide au transport. Parmi les d\u00e9veloppements les plus marquants, on peut noter une augmentation des investissements dans les transports en commun, notamment la modernisation des infrastructures et l&rsquo;extension des r\u00e9seaux de tramway et de bus. Ces am\u00e9liorations visent \u00e0 rendre les d\u00e9placements plus efficaces et plus respectueux de l&rsquo;environnement.<\/p>\n<p>Un autre changement notable est la transition vers des solutions de mobilit\u00e9 durable. La r\u00e9gion a investi dans des flottes de v<strong>\u00e9hicules \u00e9lectriques et hybrides<\/strong> pour les transports en commun, encourageant ainsi l&rsquo;adoption de modes de d\u00e9placement respectueux de l&rsquo;environnement. De plus, des mesures incitatives ont \u00e9t\u00e9 mises en place pour promouvoir le covoiturage et l&rsquo;utilisation du v\u00e9lo, contribuant ainsi \u00e0 r\u00e9duire la congestion routi\u00e8re et les \u00e9missions de carbone.<\/p>\n<h2><strong>Les projets futurs et adaptation aux besoins changeants<\/strong><\/h2>\n<p>La r\u00e9gion Centre s&rsquo;engage \u00e0 continuer d&rsquo;am\u00e9liorer la mobilit\u00e9 de ses r\u00e9sidents dans le futur. Parmi les projets \u00e0 venir, on peut citer l&rsquo;expansion des infrastructures de transport en commun pour desservir des zones encore plus \u00e9loign\u00e9es, ce qui facilitera l&rsquo;acc\u00e8s \u00e0 l&#8217;emploi, \u00e0 l&rsquo;\u00e9ducation et aux services de sant\u00e9 pour un plus grand nombre de personnes.<\/p>\n<p>De plus, la r\u00e9gion pr\u00e9voit de mettre en place des syst\u00e8mes de transport intelligents qui optimiseront les d\u00e9placements gr\u00e2ce \u00e0 la collecte et \u00e0 l&rsquo;analyse de donn\u00e9es en temps r\u00e9el. Cela permettra d&rsquo;ajuster les horaires et les itin\u00e9raires en fonction de la demande, rendant ainsi les transports en commun encore plus efficaces et attrayants.<\/p>\n<p>En cas de besoin, un expert de l&rsquo;\u00e9quipe Mes Allocs peut <a href=\"https:\/\/www.mes-allocs.fr\/souscription\" target=\"_blank\" rel=\"noopener\">vous accompagner<\/a> dans ces d\u00e9marches pour vous faire gagner du temps et de l&rsquo;argent.<\/p>\n<div class='cta-block'><div class='text'>Simulez vos aides en 2 min.<\/div><a href='https:\/\/www.mes-allocs.fr\/ab-app?origin=guides\/wp-json\/wp\/v2\/posts\/68195' class='app-button fit'>Simulation gratuite<\/a><\/div>\n","protected":false},"excerpt":{"rendered":"<p>La r\u00e9gion Centre, situ\u00e9e au c\u0153ur de la France, offre un m\u00e9lange unique de paysages ruraux et urbains, attirant une population diversifi\u00e9e. La mobilit\u00e9 au sein de cette r\u00e9gion est essentielle pour l&rsquo;acc\u00e8s \u00e0 l&#8217;emploi, \u00e0 l&rsquo;\u00e9ducation et aux services publics. Afin de faciliter la vie de ses r\u00e9sidents et de promouvoir la mobilit\u00e9 durable, [&hellip;]<\/p>\n","protected":false},"author":26,"featured_media":68196,"comment_status":"closed","ping_status":"open","sticky":false,"template":"","format":"standard","meta":{"amp_status":"","footnotes":""},"categories":[5332,5421],"tags":[],"class_list":["post-68195","post","type-post","status-publish","format-standard","has-post-thumbnail","hentry","category-aide-au-transport","category-aide-au-transport-conseil-regional"],"yoast_head":"<!-- This site is optimized with the Yoast SEO plugin v14.9 - https:\/\/yoast.com\/wordpress\/plugins\/seo\/ -->\n<title>Aides au transport en r\u00e9gion Centre : conditions, montants, d\u00e9marches<\/title>\n<meta name=\"description\" content=\"La mobilit\u00e9 au sein de la r\u00e9gion Centre est essentielle. C&#039;est pourquoi de nombreuses aides au transport sont disponibles. D\u00e9couvrez-les !\" \/>\n<meta name=\"robots\" content=\"index, follow, max-snippet:-1, max-image-preview:large, max-video-preview:-1\" \/>\n<link rel=\"canonical\" href=\"https:\/\/www.mes-allocs.fr\/guides\/aide-au-transport\/aide-au-transport-conseil-regional\/aide-au-transport-region-centre\/\" \/>\n<meta property=\"og:locale\" content=\"fr_FR\" \/>\n<meta property=\"og:type\" content=\"article\" \/>\n<meta property=\"og:title\" content=\"Aides au transport en r\u00e9gion Centre : conditions, montants, d\u00e9marches\" \/>\n<meta property=\"og:description\" content=\"La mobilit\u00e9 au sein de la r\u00e9gion Centre est essentielle. C&#039;est pourquoi de nombreuses aides au transport sont disponibles. D\u00e9couvrez-les !\" \/>\n<meta property=\"og:url\" content=\"https:\/\/www.mes-allocs.fr\/guides\/aide-au-transport\/aide-au-transport-conseil-regional\/aide-au-transport-region-centre\/\" \/>\n<meta property=\"og:site_name\" content=\"Mes-Allocs.fr\" \/>\n<meta property=\"article:published_time\" content=\"2023-09-07T16:56:16+00:00\" \/>\n<meta property=\"article:modified_time\" content=\"2025-07-17T08:16:22+00:00\" \/>\n<meta property=\"og:image\" content=\"https:\/\/www.mes-allocs.fr\/guides\/wp-content\/uploads\/2023\/09\/Aide-au-transport-region-centre-V.jpg?wsr\" \/>\n\t<meta property=\"og:image:width\" content=\"698\" \/>\n\t<meta property=\"og:image:height\" content=\"562\" \/>\n<meta name=\"twitter:card\" content=\"summary_large_image\" \/>\n<script type=\"application\/ld+json\" class=\"yoast-schema-graph\">{\"@context\":\"https:\/\/schema.org\",\"@graph\":[{\"@type\":\"WebSite\",\"@id\":\"https:\/\/www.mes-allocs.fr\/guides\/#website\",\"url\":\"https:\/\/www.mes-allocs.fr\/guides\/\",\"name\":\"Mes-Allocs.fr\",\"description\":\"\",\"potentialAction\":[{\"@type\":\"SearchAction\",\"target\":\"https:\/\/www.mes-allocs.fr\/guides\/?s={search_term_string}\",\"query-input\":\"required name=search_term_string\"}],\"inLanguage\":\"fr-FR\"},{\"@type\":\"ImageObject\",\"@id\":\"https:\/\/www.mes-allocs.fr\/guides\/aide-au-transport\/aide-au-transport-conseil-regional\/aide-au-transport-region-centre\/#primaryimage\",\"inLanguage\":\"fr-FR\",\"url\":\"https:\/\/www.mes-allocs.fr\/guides\/wp-content\/uploads\/2023\/09\/Aide-au-transport-region-centre-V.jpg?wsr\",\"width\":698,\"height\":562,\"caption\":\"aide au transport region centre\"},{\"@type\":\"WebPage\",\"@id\":\"https:\/\/www.mes-allocs.fr\/guides\/aide-au-transport\/aide-au-transport-conseil-regional\/aide-au-transport-region-centre\/#webpage\",\"url\":\"https:\/\/www.mes-allocs.fr\/guides\/aide-au-transport\/aide-au-transport-conseil-regional\/aide-au-transport-region-centre\/\",\"name\":\"Aides au transport en r\\u00e9gion Centre : conditions, montants, d\\u00e9marches\",\"isPartOf\":{\"@id\":\"https:\/\/www.mes-allocs.fr\/guides\/#website\"},\"primaryImageOfPage\":{\"@id\":\"https:\/\/www.mes-allocs.fr\/guides\/aide-au-transport\/aide-au-transport-conseil-regional\/aide-au-transport-region-centre\/#primaryimage\"},\"datePublished\":\"2023-09-07T16:56:16+00:00\",\"dateModified\":\"2025-07-17T08:16:22+00:00\",\"author\":{\"@id\":\"https:\/\/www.mes-allocs.fr\/guides\/#\/schema\/person\/9c38f3be41a0ddcd1e3fde5a3df713bf\"},\"description\":\"La mobilit\\u00e9 au sein de la r\\u00e9gion Centre est essentielle. C'est pourquoi de nombreuses aides au transport sont disponibles. D\\u00e9couvrez-les !\",\"inLanguage\":\"fr-FR\"},{\"@type\":\"Person\",\"@id\":\"https:\/\/www.mes-allocs.fr\/guides\/#\/schema\/person\/9c38f3be41a0ddcd1e3fde5a3df713bf\",\"name\":\"Sessime Ananou\",\"image\":{\"@type\":\"ImageObject\",\"@id\":\"https:\/\/www.mes-allocs.fr\/guides\/#personlogo\",\"inLanguage\":\"fr-FR\",\"url\":\"https:\/\/www.mes-allocs.fr\/guides\/wp-content\/uploads\/2023\/08\/IMG_8173-150x150.jpg\",\"caption\":\"Sessime Ananou\"},\"description\":\"Sessime est r\\u00e9dactrice chez Mes Allocs, sp\\u00e9cialis\\u00e9e sur le pouvoir d'achat. Elle rejoint l'\\u00e9quipe Mes Allocs en ao\\u00fbt 2023 afin de simplifier l'acc\\u00e8s \\u00e0 l'information sur les aides en g\\u00e9n\\u00e9ral.\"}]}<\/script>\n<!-- \/ Yoast SEO plugin. -->","amp_validity":null,"acf":{"faq":{"1":{"question":"Comment faire la demande d'aide au transport ?","answer":"Le commander gratuitement sur www.iledefrance-mobilites.fr. Faire une demande par courrier sur notre site internet et le retourner \u00e0 l'Agence Solidarit\u00e9 Transport (option non disponible pour les titulaires CMI\/ONAC)."},"2":{"question":"Comment toucher les 200 euros de la Caf ?","answer":"e b\u00e9n\u00e9ficiaire doit \u00eatre soit un \u00e9tudiant boursier, soit une personne de moins de 25 ans touchant le Revenu de Solidarit\u00e9 Active (RSA) ou la Garantie jeunes."},"3":{"question":"","answer":""},"4":{"question":"Quels sont les d\u00e9partements de la r\u00e9gion Centre ?","answer":"Liste des d\u00e9partements\r\n6 d\u00e9partements en Centre-Val de Loire.\r\nCher (18)\r\nEure-et-Loir (28)\r\nIndre (36)\r\nIndre-et-Loire (37)\r\nLoir-et-Cher (41)\r\nLoiret (45)"},"5":{"question":"Comment s'appelle la r\u00e9gion Centre ?","answer":"Historiquement, la r\u00e9gion Centre-Val de Loire regroupe trois provinces : l'Orl\u00e9anais (Loiret, Eure-et-Loir, Loir-et-Cher), le Berry (Cher et Indre) et la Touraine (Indre-et-Loire)."},"6":{"question":"","answer":""},"7":{"question":"","answer":""},"8":{"question":"","answer":""},"9":{"question":"","answer":""},"10":{"question":"","answer":""},"11":{"question":"","answer":""},"12":{"question":"","answer":""},"13":{"question":"","answer":""},"14":{"question":"","answer":""},"15":{"question":"","answer":""},"16":{"question":"","answer":""}}},"_links":{"self":[{"href":"https:\/\/www.mes-allocs.fr\/guides\/wp-json\/wp\/v2\/posts\/68195","targetHints":{"allow":["GET"]}}],"collection":[{"href":"https:\/\/www.mes-allocs.fr\/guides\/wp-json\/wp\/v2\/posts"}],"about":[{"href":"https:\/\/www.mes-allocs.fr\/guides\/wp-json\/wp\/v2\/types\/post"}],"author":[{"embeddable":true,"href":"https:\/\/www.mes-allocs.fr\/guides\/wp-json\/wp\/v2\/users\/26"}],"replies":[{"embeddable":true,"href":"https:\/\/www.mes-allocs.fr\/guides\/wp-json\/wp\/v2\/comments?post=68195"}],"version-history":[{"count":9,"href":"https:\/\/www.mes-allocs.fr\/guides\/wp-json\/wp\/v2\/posts\/68195\/revisions"}],"predecessor-version":[{"id":102427,"href":"https:\/\/www.mes-allocs.fr\/guides\/wp-json\/wp\/v2\/posts\/68195\/revisions\/102427"}],"wp:featuredmedia":[{"embeddable":true,"href":"https:\/\/www.mes-allocs.fr\/guides\/wp-json\/wp\/v2\/media\/68196"}],"wp:attachment":[{"href":"https:\/\/www.mes-allocs.fr\/guides\/wp-json\/wp\/v2\/media?parent=68195"}],"wp:term":[{"taxonomy":"category","embeddable":true,"href":"https:\/\/www.mes-allocs.fr\/guides\/wp-json\/wp\/v2\/categories?post=68195"},{"taxonomy":"post_tag","embeddable":true,"href":"https:\/\/www.mes-allocs.fr\/guides\/wp-json\/wp\/v2\/tags?post=68195"}],"curies":[{"name":"wp","href":"https:\/\/api.w.org\/{rel}","templated":true}]}}