{"id":68053,"date":"2023-09-06T18:33:31","date_gmt":"2023-09-06T16:33:31","guid":{"rendered":"https:\/\/www.mes-allocs.fr\/guides\/?p=68053"},"modified":"2025-03-18T12:18:57","modified_gmt":"2025-03-18T10:18:57","slug":"comment-payer-moins-dimpots","status":"publish","type":"post","link":"https:\/\/www.mes-allocs.fr\/guides\/impot-sur-le-revenu\/comment-payer-moins-dimpots\/","title":{"rendered":"Comment payer moins d&rsquo;imp\u00f4ts ?"},"content":{"rendered":"<p><img loading=\"lazy\" decoding=\"async\" class=\"alignnone wp-image-68054 size-full\" title=\"image\" src=\"https:\/\/www.mes-allocs.fr\/guides\/wp-content\/uploads\/2023\/09\/image_2023-09-06_132812683-e1693999755563.png\" alt=\"Comment payer moins d'imp\u00f4ts ?\" width=\"1280\" height=\"393\" srcset=\"https:\/\/www.mes-allocs.fr\/guides\/wp-content\/uploads\/2023\/09\/image_2023-09-06_132812683-e1693999755563.png 1280w, https:\/\/www.mes-allocs.fr\/guides\/wp-content\/uploads\/2023\/09\/image_2023-09-06_132812683-e1693999755563-300x92.png 300w, https:\/\/www.mes-allocs.fr\/guides\/wp-content\/uploads\/2023\/09\/image_2023-09-06_132812683-e1693999755563-1024x314.png 1024w, https:\/\/www.mes-allocs.fr\/guides\/wp-content\/uploads\/2023\/09\/image_2023-09-06_132812683-e1693999755563-768x236.png 768w, https:\/\/www.mes-allocs.fr\/guides\/wp-content\/uploads\/2023\/09\/image_2023-09-06_132812683-e1693999755563-600x184.png 600w\" sizes=\"auto, (max-width: 1280px) 100vw, 1280px\" \/><\/p>\n<p><strong>L&rsquo;imp\u00f4t sur le revenu ou IR<\/strong> <strong>est un imp\u00f4t direct qui porte sur les revenus per\u00e7us par les personnes physiques. Ainsi tout particulier ayant son domicile fiscal en France ou percevant des revenus fran\u00e7ais a pour obligation de payer l\u2019imp\u00f4t sur le revenu. Est-il cependant possible de payer moins d&rsquo;imp\u00f4ts ? Notre \u00e9quipe d&rsquo;experts vous apporte quelques conseils.\u00a0<\/strong><\/p>\n<div class='cta-block'><div class='text'>Simulez toutes vos aides en 2 min.<\/div><a href='https:\/\/www.mes-allocs.fr\/ab-app?origin=guides\/wp-json\/wp\/v2\/posts\/68053' class='app-button fit'>Simulation gratuite<\/a><\/div>\n<h1>Quelles solutions pour payer moins d&rsquo;imp\u00f4ts ?<\/h1>\n<p>Certaines situations permettent aux contribuables de payer moins d&rsquo;imp\u00f4ts. Ainsi, sous respect de certaines conditions, vous pouvez b\u00e9n\u00e9ficiez de r\u00e9ductions d&rsquo;imp\u00f4ts ou de cr\u00e9dits d&rsquo;imp\u00f4ts.<\/p>\n<h2>Les r\u00e9ductions d&rsquo;imp\u00f4ts<\/h2>\n<p>Les\u00a0r\u00e9ductions auxquelles vous pouvez pr\u00e9tendre seront retranch\u00e9s du montant de votre imp\u00f4t. Ainsi, concernant les r\u00e9ductions d&rsquo;imp\u00f4ts, nous en avons une multitude ouvert sous diff\u00e9rentes conditions.<\/p>\n<ul>\n<li><strong>La r\u00e9duction d&rsquo;imp\u00f4ts pour frais de scolarisation : <\/strong>il concerne les parents qui font des d\u00e9penses li\u00e9es \u00e0 la garde de jeunes enfants. Cette r\u00e9duction d\u2019imp\u00f4t sur le revenu peut vous \u00eatre accord\u00e9e si votre enfant est scolaris\u00e9 ou poursuit des \u00e9tudes sup\u00e9rieures. Pour en b\u00e9n\u00e9ficier, certaines conditions sont \u00e0 remplir : l&rsquo;enfant doit \u00eatre \u00e0 votre charge, il doit poursuivre des \u00e9tudes secondaires ou sup\u00e9rieures durant l\u2019ann\u00e9e scolaire en cours, l&rsquo;enfant ne doit pas avoir un contrat de travail, il ne doit pas percevoir de r\u00e9mun\u00e9ration.<br \/>\nLe montant de la r\u00e9duction d&rsquo;imp\u00f4t est de <strong>61 \u20ac pour le coll\u00e8ge<\/strong>, <strong>153 \u20acpour le lyc\u00e9e<\/strong>, <strong>183 \u20ac pour l&rsquo;enseignement sup\u00e9rieur<\/strong>.<\/li>\n<li><strong>La d\u00e9duction de la pension alimentaire :\u00a0<\/strong>il faut distinguer selon la personne \u00e0 qui la pension est vers\u00e9e.<br \/>\n<strong>Pour l&rsquo;enfant<\/strong>, il est possible de d\u00e9duire de vos revenus la pension alimentaire que vous versez pour subvenir aux besoins d&rsquo;un enfant dont vous n\u2019assurez pas la charge principale. Le montant varie en fonction de l\u2019\u00e2ge de l\u2019enfant, et si le montant de la pension a \u00e9t\u00e9 fix\u00e9 par un jugement ou non.<br \/>\n<strong>Pour l\u2019\u00e9poux(se) ou ex-\u00e9poux(se)<\/strong>, 4 crit\u00e8res sont \u00e0 respecter :\u00a0\u00eatre s\u00e9par\u00e9, divorc\u00e9 ou en instance de l&rsquo;\u00eatre, \u00eatre impos\u00e9 s\u00e9par\u00e9ment, verser la pension suite \u00e0 une d\u00e9cision de justice, la pension a un caract\u00e8re alimentaire (nourriture, logement&#8230;)<br \/>\n<strong>Pour le parent ou le grand-parent,\u00a0<\/strong>3 crit\u00e8res sont \u00e0 respecter : \u00eatre destin\u00e9e \u00e0 un ascendant dans le besoin, couvrir les besoins essentiels de votre ascendant, \u00eatre proportionn\u00e9e \u00e0 vos ressources<\/li>\n<li><strong>La r\u00e9duction d&rsquo;imp\u00f4t Pinel : <\/strong>elle est accord\u00e9e aux particuliers qui acqui\u00e8rent et mettent en location un logement neuf. Elle ne s\u2019applique qu&rsquo;aux op\u00e9rations de construction ou d&rsquo;acquisition r\u00e9alis\u00e9es\u00a0dans certaines zones entre le 1<sup>er<\/sup>\u00a0janvier 2013\u00a0et le\u00a031 d\u00e9cembre 2024 (<strong>zones A, zone A bis ou zone B1<\/strong>)<br \/>\nPour b\u00e9n\u00e9ficier de cette r\u00e9duction d&rsquo;imp\u00f4t, vous devez : acheter un logement neuf, r\u00e9nov\u00e9 ou en \u00e9tat futur d\u2019ach\u00e8vement, vous engager \u00e0 louer nu le logement pendant une dur\u00e9e de <strong>6 ans,\u00a0<\/strong>respecter les plafonds de loyers par m\u00e8tre carr\u00e9, louer votre logement \u00e0 des locataires dont les ressources annuelles sont <strong>inf\u00e9rieures \u00e0 un plafond<\/strong> fix\u00e9.<br \/>\nLa r\u00e9duction d&rsquo;imp\u00f4t Pinel se fait dans la limite pour chaque propri\u00e9taire investisseur de deux logements maximum par an\u00a0dans la double limite de\u00a0<strong>300 000\u00a0\u20ac<\/strong>\u00a0et d&rsquo;un plafond de\u00a0<strong>5 500 \u20ac par m<sup>2<\/sup><\/strong>\u00a0de surface habitable.<\/li>\n<li><strong>La r\u00e9duction d&rsquo;imp\u00f4ts pour don aux associations :<\/strong> prolong\u00e9e jusqu&rsquo;en 2026, votre don doit \u00eatre d\u00e9sint\u00e9ress\u00e9 et ne comporter aucune contrepartie. Ces dons doivent b\u00e9n\u00e9ficier \u00e0 des associations, des fondations, des \u0153uvres, des fonds de dotations ou des organismes publics ou priv\u00e9s. Sont pris en compte pour r\u00e9duction d&rsquo;imp\u00f4ts pour don, les dons en nature, les sommes d&rsquo;argent vers\u00e9es aux associations, les frais engag\u00e9s par les b\u00e9n\u00e9voles dans le cadre de leur activit\u00e9 associative&#8230;<br \/>\nEn g\u00e9n\u00e9ral, les dons ouvrent droit \u00e0 une r\u00e9duction d&rsquo;imp\u00f4t sur le revenu \u00e9gale \u00e0\u00a0<strong>66\u00a0% <\/strong>du montant vers\u00e9 dans la limite de 20 % du revenu imposable. Cependant certains dons ouvrent droit \u00e0 une r\u00e9duction d&rsquo;imp\u00f4t de 75 % dans la limite d&rsquo;un plafond puis de 66 % jusqu&rsquo;\u00e0 la limite de 20 % du revenu imposable comme fix\u00e9.<\/li>\n<\/ul>\n<p><iframe loading=\"lazy\" title=\"Cr\u00e9dit d&#039;imp\u00f4t, r\u00e9duction d&#039;imp\u00f4t, d\u00e9duction fisca\" width=\"500\" height=\"281\" src=\"https:\/\/www.youtube.com\/embed\/4xKJ479ijpY?feature=oembed\" frameborder=\"0\" allow=\"accelerometer; autoplay; clipboard-write; encrypted-media; gyroscope; picture-in-picture; web-share\" referrerpolicy=\"strict-origin-when-cross-origin\" allowfullscreen><\/iframe><\/p>\n<h2>Les cr\u00e9dits d&rsquo;imp\u00f4ts<\/h2>\n<ul>\n<li><strong>Le cr\u00e9dit pour frais de garde de jeunes enfants :<\/strong> si votre enfant\u00a0est compt\u00e9\u00a0\u00e0 votre charge,\u00a0a moins de 6 ans au 1<sup>er<\/sup> janvier de l\u2019ann\u00e9e d\u2019imposition, est gard\u00e9 en cr\u00e8che\u00a0ou\u00a0garderie ou par une assistante maternelle agr\u00e9\u00e9e, vous pouvez b\u00e9n\u00e9ficier d\u2019un cr\u00e9dit d\u2019imp\u00f4t sur le revenu.<br \/>\nLe montant du cr\u00e9dit d\u2019imp\u00f4t s&rsquo;\u00e9l\u00e8ve \u00e0 <strong>50 %<\/strong> du montant des d\u00e9penses support\u00e9es pour la garde dans la limite d\u2019un plafond de <strong>3 500\u00a0\u20ac<\/strong> par enfant gard\u00e9, et 1 750 \u20ac en cas de r\u00e9sidence altern\u00e9e ou de garde partag\u00e9e.<\/li>\n<li><strong>Le cr\u00e9dit pour l&#8217;emploi d&rsquo;un salari\u00e9 \u00e0 domicile :\u00a0<\/strong>les particuliers employant un salari\u00e9 \u00e0 domicile peuvent b\u00e9n\u00e9ficier de cr\u00e9dit d&rsquo;imp\u00f4t s&rsquo;ils ont recours \u00e0 l&#8217;emploi direct d&rsquo;un salari\u00e9 \u00e0 domicile. Pour se faire, le salari\u00e9 doit intervenir au sein de votre r\u00e9sidence.<br \/>\nSont concern\u00e9s par ce cr\u00e9dit d&rsquo;imp\u00f4t les activit\u00e9s de : garde d&rsquo;enfants, pr\u00e9paration de repas \u00e0 domicile, travaux de jardinage, soutien scolaire, assistance informatique et internet. Ce cr\u00e9dit d&rsquo;imp\u00f4t est \u00e9gal \u00e0 50% des d\u00e9penses, retenues dans une limite annuelle de 12 000 euros.<\/li>\n<li><strong>Le cr\u00e9dit d&rsquo;imp\u00f4t pour cotisation syndicale : <\/strong>il est ouvert aux salari\u00e9s involontairement priv\u00e9s d\u2019emploi et qui per\u00e7oivent une allocation ch\u00f4mage, retrait\u00e9s qui adh\u00e8rent ou sont toujours adh\u00e9rents d&rsquo;un syndicat de salari\u00e9s ou de fonctionnaires, fonctionnaires n\u2019ayant pas opt\u00e9 pour la d\u00e9duction des frais r\u00e9els de l\u2019imp\u00f4t sur le revenu.<br \/>\nPour pouvoir b\u00e9n\u00e9ficier du cr\u00e9dit d&rsquo;imp\u00f4t, la cotisation syndicale doit \u00eatre vers\u00e9e aux organisations syndicales repr\u00e9sentatives de salari\u00e9s ou de fonctionnaires ; ou aux associations professionnelles nationales de militaires repr\u00e9sentatives.<br \/>\nLe cr\u00e9dit d&rsquo;imp\u00f4t est \u00e9gal \u00e0 66 % du total des cotisations. Cependant ce montant ne peut exc\u00e9der 1 % de votre revenu brut imposable.<\/li>\n<\/ul>\n<div class='cta-block'><div class='text'>Simulez toutes vos aides en 2 min.<\/div><a href='https:\/\/www.mes-allocs.fr\/ab-app?origin=guides\/wp-json\/wp\/v2\/posts\/68053' class='app-button fit'>Simulation gratuite<\/a><\/div>\n<h1>Comment b\u00e9n\u00e9ficier de l&rsquo;exon\u00e9ration plus value immobili\u00e8re ?<\/h1>\n<p>Lorsque vous vendez un bien immobilier plus cher que vous ne l&rsquo;aviez achet\u00e9, vous r\u00e9alisez une plus-value. Elle est imposable sauf si vous respectez certaines conditions.<\/p>\n<h2>L&rsquo;exon\u00e9ration de la r\u00e9sidence principale<\/h2>\n<p>Vous \u00eates soumis \u00e0 l&rsquo;imp\u00f4t sur le revenu pour les plus-values immobili\u00e8res r\u00e9alis\u00e9es dans le cadre de la gestion de votre patrimoine immobilier priv\u00e9. Cependant, vous\u00a0\u00eates totalement exon\u00e9r\u00e9 si vous r\u00e9alisez une plus-value sur la vente de votre r\u00e9sidence principale et de ses d\u00e9pendances. Il s&rsquo;agit de votre habitation habituelle et effective, c&rsquo;est-\u00e0-dire celle que vous occupez la majeure partie de l&rsquo;ann\u00e9e. Dans tous les cas, vous \u00eates exon\u00e9r\u00e9 d&rsquo;imp\u00f4t sur la plus-value immobili\u00e8re pour tout bien d\u00e9tenu depuis plus de 22 ans.<\/p>\n<h2>L&rsquo;exon\u00e9ration de la r\u00e9sidence secondaire<\/h2>\n<p>Lors de la cession de votre r\u00e9sidence secondaire, si vous r\u00e9alisez une plus-value, la r\u00e9sidence est soumise \u00e0 l&rsquo; imp\u00f4t sur le revenu pour un taux \u00e9gal \u00e0 19 %, mais est \u00e9galement soumise aux contributions sociales pour un taux de 17,2 %.<\/p>\n<p>Autrement dit, le taux total d&rsquo;imposition d&rsquo;une plus-value r\u00e9alis\u00e9e d&rsquo;une vente de r\u00e9sidence secondaire est de l&rsquo;ordre de 36,2 %. Le taux est r\u00e9git par le Code G\u00e9n\u00e9ral des Imp\u00f4ts.<\/p>\n<p><strong>En revanche, vous pouvez b\u00e9n\u00e9ficier d&rsquo; exon\u00e9ration pour votre r\u00e9sidence secondaire si vous respectez les conditions suivantes :\u00a0<\/strong><\/p>\n<ul>\n<li>Vous n&rsquo;avez pas \u00e9t\u00e9 propri\u00e9taire de votre habitation principale au cours des quatre ann\u00e9es qui pr\u00e9c\u00e8dent la vente<\/li>\n<li>Vous avez utilis\u00e9 la somme de la vente afin de faire construire ou bien d&rsquo;acheter votre r\u00e9sidence principale dans les 2 ans suivant la vente.<\/li>\n<\/ul>\n<p>En revanche, si vous n&rsquo;avez pas utilis\u00e9 la totalit\u00e9 du montant du prix de vente, prix de cession, dans ce cas, l&rsquo;exon\u00e9ration ne concerne que la partie qui a \u00e9t\u00e9 r\u00e9investie dans un achat ou une construction.<\/p>\n<h2>Les autres cas d&rsquo;exon\u00e9rations<\/h2>\n<p>Il est possible de faire l&rsquo;objet d&rsquo;un cas d&rsquo; exon\u00e9ration, en revanche, vous devez respecter certaines conditions, \u00e0 savoir <strong>:\u00a0<\/strong><\/p>\n<ul>\n<li data-insertor-excluded=\"1\">Est pris en compte l&rsquo; ann\u00e9e de d\u00e9tention. Vous devez \u00eatre propri\u00e9taire depuis au moins 22 ans<\/li>\n<li data-insertor-excluded=\"1\">En tant que vendeur vous devez soit \u00eatre \u00e0 la retraite soit \u00eatre un adulte handicap\u00e9 et b\u00e9n\u00e9ficier d&rsquo;une carte d&rsquo;invalidit\u00e9. En revanche, votre revenu fiscal de r\u00e9f\u00e9rence ne doit pas d\u00e9passer 11 497 euros.<\/li>\n<li data-insertor-excluded=\"1\">Le bien mis en vente doit avoir un prix inf\u00e9rieur \u00e0 15.000 euros<\/li>\n<li data-insertor-excluded=\"1\">Vous vivez d\u00e9sormais dans un \u00e9tablissement social, m\u00e9dico-social ou bien dans une maison de retraite. Mais votre revenu fiscal de r\u00e9f\u00e9rence ne d\u00e9passe pas 29 315 euros.<\/li>\n<li data-insertor-excluded=\"1\">Le prix de vente est utilis\u00e9 pour acheter un terrain \u00e0 b\u00e2tir, ou acheter une r\u00e9sidence principale dans les 24 mois suivants la signature de vente.<\/li>\n<\/ul>\n<p><b>Nouveau <\/b><span style=\"font-weight: 400;\">: \u00c0 partir du 10 avril 2025, les contribuables pourront d\u00e9clarer leurs revenus. La date de cl\u00f4ture n\u2019est pas encore connue, il est donc recommand\u00e9 de se pr\u00e9parer en avance.<\/span><\/p>\n<div class='cta-block'><div class='text'>Simulez toutes vos aides en 2 min.<\/div><a href='https:\/\/www.mes-allocs.fr\/ab-app?origin=guides\/wp-json\/wp\/v2\/posts\/68053' class='app-button fit'>Simulation gratuite<\/a><\/div>\n","protected":false},"excerpt":{"rendered":"<p>L&rsquo;imp\u00f4t sur le revenu ou IR est un imp\u00f4t direct qui porte sur les revenus per\u00e7us par les personnes physiques. Ainsi tout particulier ayant son domicile fiscal en France ou percevant des revenus fran\u00e7ais a pour obligation de payer l\u2019imp\u00f4t sur le revenu. Est-il cependant possible de payer moins d&rsquo;imp\u00f4ts ? Notre \u00e9quipe d&rsquo;experts vous [&hellip;]<\/p>\n","protected":false},"author":25,"featured_media":68062,"comment_status":"closed","ping_status":"open","sticky":false,"template":"","format":"standard","meta":{"amp_status":"","footnotes":""},"categories":[2994],"tags":[],"class_list":["post-68053","post","type-post","status-publish","format-standard","has-post-thumbnail","hentry","category-impot-sur-le-revenu"],"yoast_head":"<!-- This site is optimized with the Yoast SEO plugin v14.9 - https:\/\/yoast.com\/wordpress\/plugins\/seo\/ -->\n<title>Comment payer moins d&#039;imp\u00f4ts ? | Mes-Allocs.fr<\/title>\n<meta name=\"description\" content=\"Tout particulier percevant des revenus fran\u00e7ais a pour obligation de payer l\u2019 IR. Est-il cependant possible de payer moins d&#039;imp\u00f4ts ?\" \/>\n<meta name=\"robots\" content=\"index, follow, max-snippet:-1, max-image-preview:large, max-video-preview:-1\" \/>\n<link rel=\"canonical\" href=\"https:\/\/www.mes-allocs.fr\/guides\/impot-sur-le-revenu\/comment-payer-moins-dimpots\/\" \/>\n<meta property=\"og:locale\" content=\"fr_FR\" \/>\n<meta property=\"og:type\" content=\"article\" \/>\n<meta property=\"og:title\" content=\"Comment payer moins d&#039;imp\u00f4ts ? | Mes-Allocs.fr\" \/>\n<meta property=\"og:description\" content=\"Tout particulier percevant des revenus fran\u00e7ais a pour obligation de payer l\u2019 IR. Est-il cependant possible de payer moins d&#039;imp\u00f4ts ?\" \/>\n<meta property=\"og:url\" content=\"https:\/\/www.mes-allocs.fr\/guides\/impot-sur-le-revenu\/comment-payer-moins-dimpots\/\" \/>\n<meta property=\"og:site_name\" content=\"Mes-Allocs.fr\" \/>\n<meta property=\"article:published_time\" content=\"2023-09-06T16:33:31+00:00\" \/>\n<meta property=\"article:modified_time\" content=\"2025-03-18T10:18:57+00:00\" \/>\n<meta property=\"og:image\" content=\"https:\/\/www.mes-allocs.fr\/guides\/wp-content\/uploads\/2023\/09\/image_2023-09-06_145859890.png?wsr\" \/>\n\t<meta property=\"og:image:width\" content=\"463\" \/>\n\t<meta property=\"og:image:height\" content=\"640\" \/>\n<meta name=\"twitter:card\" content=\"summary_large_image\" \/>\n<script type=\"application\/ld+json\" class=\"yoast-schema-graph\">{\"@context\":\"https:\/\/schema.org\",\"@graph\":[{\"@type\":\"WebSite\",\"@id\":\"https:\/\/www.mes-allocs.fr\/guides\/#website\",\"url\":\"https:\/\/www.mes-allocs.fr\/guides\/\",\"name\":\"Mes-Allocs.fr\",\"description\":\"\",\"potentialAction\":[{\"@type\":\"SearchAction\",\"target\":\"https:\/\/www.mes-allocs.fr\/guides\/?s={search_term_string}\",\"query-input\":\"required name=search_term_string\"}],\"inLanguage\":\"fr-FR\"},{\"@type\":\"ImageObject\",\"@id\":\"https:\/\/www.mes-allocs.fr\/guides\/impot-sur-le-revenu\/comment-payer-moins-dimpots\/#primaryimage\",\"inLanguage\":\"fr-FR\",\"url\":\"https:\/\/www.mes-allocs.fr\/guides\/wp-content\/uploads\/2023\/09\/image_2023-09-06_145859890.png?wsr\",\"width\":463,\"height\":640,\"caption\":\"image\"},{\"@type\":\"WebPage\",\"@id\":\"https:\/\/www.mes-allocs.fr\/guides\/impot-sur-le-revenu\/comment-payer-moins-dimpots\/#webpage\",\"url\":\"https:\/\/www.mes-allocs.fr\/guides\/impot-sur-le-revenu\/comment-payer-moins-dimpots\/\",\"name\":\"Comment payer moins d'imp\\u00f4ts ? | Mes-Allocs.fr\",\"isPartOf\":{\"@id\":\"https:\/\/www.mes-allocs.fr\/guides\/#website\"},\"primaryImageOfPage\":{\"@id\":\"https:\/\/www.mes-allocs.fr\/guides\/impot-sur-le-revenu\/comment-payer-moins-dimpots\/#primaryimage\"},\"datePublished\":\"2023-09-06T16:33:31+00:00\",\"dateModified\":\"2025-03-18T10:18:57+00:00\",\"author\":{\"@id\":\"https:\/\/www.mes-allocs.fr\/guides\/#\/schema\/person\/52b318867057023c2f6a62512d870cf7\"},\"description\":\"Tout particulier percevant des revenus fran\\u00e7ais a pour obligation de payer l\\u2019 IR. Est-il cependant possible de payer moins d'imp\\u00f4ts ?\",\"inLanguage\":\"fr-FR\"},{\"@type\":\"Person\",\"@id\":\"https:\/\/www.mes-allocs.fr\/guides\/#\/schema\/person\/52b318867057023c2f6a62512d870cf7\",\"name\":\"Eric Zotoglo\",\"image\":{\"@type\":\"ImageObject\",\"@id\":\"https:\/\/www.mes-allocs.fr\/guides\/#personlogo\",\"inLanguage\":\"fr-FR\",\"url\":\"https:\/\/www.mes-allocs.fr\/guides\/wp-content\/uploads\/2023\/06\/PXL_20230324_080412913.NIGHT2_1-150x150.jpg\",\"caption\":\"Eric Zotoglo\"},\"description\":\"Eric est juriste sp\\u00e9cialis\\u00e9e en droit du num\\u00e9rique et de la protection sociale. Il rejoint Mes Allocs apr\\u00e8s une premi\\u00e8re exp\\u00e9rience dans le secteur du journalisme.\",\"sameAs\":[\"https:\/\/www.linkedin.com\/in\/eric-zotoglo-1a8a9a55\/\"]}]}<\/script>\n<!-- \/ Yoast SEO plugin. -->","amp_validity":null,"acf":{"faq":{"1":{"question":"Comment se d\u00e9finit l'impot sur le revenu ? ","answer":"L'imp\u00f4t sur le revenu ou IR est un\u00a0imp\u00f4t\u00a0direct qui porte sur les\u00a0revenus per\u00e7us par les personnes physiques."},"2":{"question":"Quels sont les r\u00e9ductions d'imp\u00f4ts possibles? ","answer":"Il existe de nombreuses r\u00e9ductions d'imp\u00f4ts. Parmi elles, on a :\r\nLa r\u00e9duction Pinel\r\nLa r\u00e9duction d'imp\u00f4ts pour frais scolaires\r\nLa r\u00e9duction d'imp\u00f4ts pour don aux associations"},"3":{"question":"Quels sont les cr\u00e9dits d'imp\u00f4ts possibles? ","answer":"Il existe diff\u00e9rents cr\u00e9dits d'imp\u00f4ts. Parmi eux, on a :\r\nLe cr\u00e9dit pour cotisation syndicale\r\nLe cr\u00e9dit pour emploi de salari\u00e9 \u00e0 domicile\r\nLe cr\u00e9dit pour garde de jeune enfant"},"4":{"question":"Quels sont les tranches de l'impot sur le revenu ?","answer":"Le taux d'imposition varie selon les tranches de revenus : \r\nJusqu'\u00e0 11 497 \u20ac : (0 %)\r\nDe 11 498 \u20ac \u00e0 29 315\u20ac : (11 %)\r\nDe 29 316 \u20ac \u00e0 83 823 \u20ac : (30 %)\r\nDe 83 824 \u20ac \u00e0 180 294 \u20ac : (41 %)\r\nPlus de 180 294 \u20ac : (45 %)\r\n"},"5":{"question":"Comment se calcule l'imp\u00f4t sur le revenu ?","answer":"Vous devez successivement : \r\nCalculer votre revenu brut\r\nCalculer votre revenu net\r\nD\u00e9terminer votre part fiscale\r\nCalculer le quotient familial \r\nEt Prendre en compte le bar\u00e8me"},"6":{"question":"Quelle est la date de la d\u00e9claration d'imp\u00f4ts ?","answer":"En 2025, la d\u00e9claration des revenus 2024 d\u00e9butera en avril 2025.\r\n"},"7":{"question":"","answer":""},"8":{"question":"","answer":""},"9":{"question":"","answer":""},"10":{"question":"","answer":""},"11":{"question":"","answer":""},"12":{"question":"","answer":""},"13":{"question":"","answer":""},"14":{"question":"","answer":""},"15":{"question":"","answer":""},"16":{"question":"","answer":""}}},"_links":{"self":[{"href":"https:\/\/www.mes-allocs.fr\/guides\/wp-json\/wp\/v2\/posts\/68053","targetHints":{"allow":["GET"]}}],"collection":[{"href":"https:\/\/www.mes-allocs.fr\/guides\/wp-json\/wp\/v2\/posts"}],"about":[{"href":"https:\/\/www.mes-allocs.fr\/guides\/wp-json\/wp\/v2\/types\/post"}],"author":[{"embeddable":true,"href":"https:\/\/www.mes-allocs.fr\/guides\/wp-json\/wp\/v2\/users\/25"}],"replies":[{"embeddable":true,"href":"https:\/\/www.mes-allocs.fr\/guides\/wp-json\/wp\/v2\/comments?post=68053"}],"version-history":[{"count":7,"href":"https:\/\/www.mes-allocs.fr\/guides\/wp-json\/wp\/v2\/posts\/68053\/revisions"}],"predecessor-version":[{"id":95797,"href":"https:\/\/www.mes-allocs.fr\/guides\/wp-json\/wp\/v2\/posts\/68053\/revisions\/95797"}],"wp:featuredmedia":[{"embeddable":true,"href":"https:\/\/www.mes-allocs.fr\/guides\/wp-json\/wp\/v2\/media\/68062"}],"wp:attachment":[{"href":"https:\/\/www.mes-allocs.fr\/guides\/wp-json\/wp\/v2\/media?parent=68053"}],"wp:term":[{"taxonomy":"category","embeddable":true,"href":"https:\/\/www.mes-allocs.fr\/guides\/wp-json\/wp\/v2\/categories?post=68053"},{"taxonomy":"post_tag","embeddable":true,"href":"https:\/\/www.mes-allocs.fr\/guides\/wp-json\/wp\/v2\/tags?post=68053"}],"curies":[{"name":"wp","href":"https:\/\/api.w.org\/{rel}","templated":true}]}}