{"id":68031,"date":"2023-09-06T13:13:19","date_gmt":"2023-09-06T11:13:19","guid":{"rendered":"https:\/\/www.mes-allocs.fr\/guides\/?p=68031"},"modified":"2026-02-11T18:23:40","modified_gmt":"2026-02-11T17:23:40","slug":"retraite-independants","status":"publish","type":"post","link":"https:\/\/www.mes-allocs.fr\/guides\/retraite\/retraite-par-categorie-socio-professionnelle\/retraite-independants\/","title":{"rendered":"Retraite pour les ind\u00e9pendants 2026 : comment \u00e7a marche ?"},"content":{"rendered":"<p><img loading=\"lazy\" decoding=\"async\" class=\"alignnone wp-image-68034\" title=\"retraite independant\" src=\"https:\/\/www.mes-allocs.fr\/guides\/wp-content\/uploads\/2023\/09\/image_2023-09-06_115411460-e1693994135111.png\" alt=\"retraite independant\" width=\"1280\" height=\"306\" srcset=\"https:\/\/www.mes-allocs.fr\/guides\/wp-content\/uploads\/2023\/09\/image_2023-09-06_115411460-e1693994135111.png 640w, https:\/\/www.mes-allocs.fr\/guides\/wp-content\/uploads\/2023\/09\/image_2023-09-06_115411460-e1693994135111-300x72.png 300w, https:\/\/www.mes-allocs.fr\/guides\/wp-content\/uploads\/2023\/09\/image_2023-09-06_115411460-e1693994135111-600x143.png 600w\" sizes=\"auto, (max-width: 1280px) 100vw, 1280px\" \/><\/p>\n<p>[Mis \u00e0 jour le 11\/02\/2026] La retraite est une \u00e9tape incontournable de votre vie professionnelle : elle correspond \u00e0 la p\u00e9riode durant laquelle, apr\u00e8s avoir cess\u00e9 votre activit\u00e9, vous percevez une pension r\u00e9guli\u00e8re destin\u00e9e \u00e0 remplacer tout ou partie de vos revenus. En France, le syst\u00e8me de retraite repose sur un principe de r\u00e9partition, mais il n\u2019est pas uniforme : ses modalit\u00e9s varient en fonction du m\u00e9tier exerc\u00e9, du <a href=\"https:\/\/www.mes-allocs.fr\/guides\/retraite\/retraite-par-categorie-socio-professionnelle\/\">statut professionnel<\/a> et du r\u00e9gime d\u2019affiliation. Si les salari\u00e9s du priv\u00e9 b\u00e9n\u00e9ficient d\u2019un cadre bien d\u00e9fini, les travailleurs ind\u00e9pendants (artisans, commer\u00e7ants, professions lib\u00e9rales ou auto-entrepreneurs) sont soumis \u00e0 des r\u00e8gles sp\u00e9cifiques, parfois complexes \u00e0 appr\u00e9hender. \u00c2ge de d\u00e9part, dur\u00e9e de cotisation, montant de la pension, compl\u00e9mentaire \u00e9ventuelle\u2026 Quelle <strong>retraite pour les ind\u00e9pendants<\/strong> ? Notre \u00e9quipe vous \u00e9claire.<\/p>\n<div class='cta-block'><div class='text'>Simulez votre retraite en 2 min.<\/div><a href='https:\/\/www.mes-allocs.fr\/formulaire\/retraite?utm_source=seo&origin=guides\/wp-json\/wp\/v2\/posts\/68031' class='app-button fit'>Simulation gratuite<\/a><\/div>\n<h1>Comprendre le syst\u00e8me de retraite des ind\u00e9pendants<\/h1>\n<h2>Qu\u2019est-ce qu\u2019un travailleur ind\u00e9pendant ?<\/h2>\n<p><span style=\"font-weight: 400;\">Sont consid\u00e9r\u00e9s comme travailleurs ind\u00e9pendants, les personnes de 3 grandes cat\u00e9gories \u00e0 savoir :<\/span><\/p>\n<ul>\n<li style=\"font-weight: 400;\" aria-level=\"1\"><span style=\"font-weight: 400;\">Les artisans, les commer\u00e7ants et les industriels<\/span><\/li>\n<li style=\"font-weight: 400;\" aria-level=\"1\"><span style=\"font-weight: 400;\">Les professions lib\u00e9rales (la plupart des prestations lib\u00e9rales sont de nature m\u00e9dicale, intellectuelle, juridique ou technique)<\/span><\/li>\n<li style=\"font-weight: 400;\" aria-level=\"1\"><span style=\"font-weight: 400;\">Les exploitants agricoles<\/span><\/li>\n<\/ul>\n<h2>Quel r\u00e9gime de retraite pour les ind\u00e9pendants ?<\/h2>\n<p><span style=\"font-weight: 400;\">La <\/span><b>retraite des ind\u00e9pendants<\/b><span style=\"font-weight: 400;\"> varie selon votre <\/span><b>statut professionnel<\/b><span style=\"font-weight: 400;\">. En tant que <\/span><b>travailleur non salari\u00e9 (TNS)<\/b><span style=\"font-weight: 400;\"> \u2014 micro-entrepreneur, entrepreneur individuel, g\u00e9rant majoritaire de SARL ou dirigeant d\u2019EURL \u2014 vous \u00eates rattach\u00e9 \u00e0 un r\u00e9gime sp\u00e9cifique. Les <\/span><b>artisans<\/b><span style=\"font-weight: 400;\">, <\/span><b>commer\u00e7ants<\/b><span style=\"font-weight: 400;\"> et <\/span><b>industriels<\/b><span style=\"font-weight: 400;\"> cotisent \u00e0 la <\/span><b>S\u00e9curit\u00e9 sociale des ind\u00e9pendants (SSI)<\/b><span style=\"font-weight: 400;\">, dont le r\u00e9gime est align\u00e9 sur celui des salari\u00e9s. Les <\/span><b>professions lib\u00e9rales<\/b><span style=\"font-weight: 400;\"> cotisent aupr\u00e8s de la <\/span><b>CNAVPL<\/b><span style=\"font-weight: 400;\">, tandis que les <\/span><b>avocats ind\u00e9pendants<\/b><span style=\"font-weight: 400;\"> rel\u00e8vent de la <\/span><b>CNBF<\/b><span style=\"font-weight: 400;\">. Enfin, les <\/span><b>exploitants agricoles<\/b><span style=\"font-weight: 400;\"> sont affili\u00e9s \u00e0 la <\/span><b>Mutualit\u00e9 Sociale Agricole (MSA)<\/b><span style=\"font-weight: 400;\">. Chaque r\u00e9gime g\u00e8re la <\/span><b>retraite de base<\/b><span style=\"font-weight: 400;\"> et la <\/span><b>retraite compl\u00e9mentaire<\/b><span style=\"font-weight: 400;\"> de ses affili\u00e9s.<\/span><\/p>\n<p><iframe loading=\"lazy\" title=\"Comment bien pr\u00e9parer sa retraite ?\" width=\"500\" height=\"281\" src=\"https:\/\/www.youtube.com\/embed\/nZ79Bmawt_M?feature=oembed\" frameborder=\"0\" allow=\"accelerometer; autoplay; clipboard-write; encrypted-media; gyroscope; picture-in-picture; web-share\" referrerpolicy=\"strict-origin-when-cross-origin\" allowfullscreen><\/iframe><\/p>\n<div class=\"fragmentconditionne\" style=\"text-align: justify;\">\n<div class=\"liste\">\n<div class=\"fragmentconditionne\">\n<div class=\"liste\">\n<h2>Quel est l&rsquo;\u00e2ge de d\u00e9part \u00e0 la retraite des ind\u00e9pendants ?<\/h2>\n<p><span style=\"font-weight: 400;\">Depuis la r\u00e9forme de 2023, l\u2019\u00e2ge minimum l\u00e9gal de d\u00e9part \u00e0 la retraite pour les ind\u00e9pendants suit les m\u00eames r\u00e8gles que pour les salari\u00e9s. Il d\u00e9pend de l\u2019ann\u00e9e de naissance. Pour les personnes n\u00e9es entre septembre 1961 et d\u00e9cembre 1967, l\u2019\u00e2ge de d\u00e9part augmente progressivement de 62 ans et 3 mois \u00e0 63 ans et 9 mois. \u00c0 partir de la g\u00e9n\u00e9ration n\u00e9e en 1968, l\u2019\u00e2ge minimum est fix\u00e9 \u00e0 64 ans. Ces mesures concernent tous les assur\u00e9s, y compris les travailleurs ind\u00e9pendants. Depuis le d\u00e9cret du 23 juillet 2025, le dispositif de retraite progressive est accessible d\u00e8s l&rsquo;\u00e2ge de 60 ans.\u00a0<\/span><\/p>\n<h1>Le calcul de la retraite de base des ind\u00e9pendants<\/h1>\n<h2>La formule de calcul des TNS (SSI)<\/h2>\n<p><span style=\"font-weight: 400;\">Pour calculer la <\/span><b>retraite de base<\/b><span style=\"font-weight: 400;\"> des <\/span><b>travailleurs non salari\u00e9s (TNS)<\/b><span style=\"font-weight: 400;\">, la formule appliqu\u00e9e est :<\/span><span style=\"font-weight: 400;\"><br \/>\n<\/span> <b>Revenu Professionnel Moyen (RPM)<\/b><span style=\"font-weight: 400;\"> \u00d7 <\/span><b>Taux<\/b><span style=\"font-weight: 400;\"> (selon le nombre de trimestres valid\u00e9s).<\/span><\/p>\n<p><span style=\"font-weight: 400;\">Le <\/span><b>RPM<\/b><span style=\"font-weight: 400;\"> correspond \u00e0 la moyenne des revenus des <\/span><b>25 meilleures ann\u00e9es<\/b><span style=\"font-weight: 400;\">, revaloris\u00e9s chaque ann\u00e9e au 1er janvier selon l\u2019<\/span><b>inflation<\/b><span style=\"font-weight: 400;\">.<\/span><span style=\"font-weight: 400;\"><br \/>\n<\/span><\/p>\n<p><span style=\"font-weight: 400;\">Au <\/span><b>1er janvier 2026<\/b><span style=\"font-weight: 400;\">, les pensions ont \u00e9t\u00e9 <\/span><b>revaloris\u00e9es de 0,9% %<\/b><span style=\"font-weight: 400;\">.<\/span><\/p>\n<p><span style=\"font-weight: 400;\">Le <\/span><b>taux plein<\/b><span style=\"font-weight: 400;\"> est de <\/span><b>50 %<\/b><span style=\"font-weight: 400;\"> du RPM. Il s\u2019obtient :<\/span><\/p>\n<ul>\n<li style=\"font-weight: 400;\" aria-level=\"1\"><span style=\"font-weight: 400;\">\u00e0 <\/span><b>64 ans<\/b><span style=\"font-weight: 400;\"> si vous avez cotis\u00e9 <\/span><b>166 \u00e0 172 trimestres<\/b><span style=\"font-weight: 400;\"> (selon l\u2019ann\u00e9e de naissance)<\/span><\/li>\n<li style=\"font-weight: 400;\" aria-level=\"1\"><span style=\"font-weight: 400;\">ou automatiquement \u00e0 <\/span><b>67 ans<\/b><span style=\"font-weight: 400;\">, m\u00eame sans dur\u00e9e d\u2019assurance compl\u00e8te.<\/span><\/li>\n<\/ul>\n<h2>Sp\u00e9cificit\u00e9s pour les professions lib\u00e9rales<\/h2>\n<p><span style=\"font-weight: 400;\">Pour le calcul de la pension de retraite de base des <\/span><b>professions lib\u00e9rales<\/b><span style=\"font-weight: 400;\">, il faut appliquer la formule suivante :<\/span><\/p>\n<p><b>Retraite de base = <\/b><span style=\"font-weight: 400;\">Valeur de service du point (VSP) \u00d7 Nombre de points retraite (acquis tout au long de votre p\u00e9riode d\u2019activit\u00e9)<\/span><\/p>\n<p><span style=\"font-weight: 400;\">L\u2019attribution de la retraite de base n\u2019est pas automatique. Il faut en faire la demande 6 mois avant la date d\u2019effet de la retraite, aupr\u00e8s de la caisse de retraite de la derni\u00e8re activit\u00e9.<\/span><\/p>\n<h1>Le calcul de la retraite compl\u00e9mentaire des ind\u00e9pendants<\/h1>\n<h2>Fonctionnement du syst\u00e8me de retraite compl\u00e9mentaire par points<\/h2>\n<p><span style=\"font-weight: 400;\">La plupart des r\u00e9gimes de retraite compl\u00e9mentaire fonctionnent \u201cpar points\u201d. Cela signifie qu\u2019en contrepartie des <\/span><span style=\"font-weight: 400;\">cotisations pr\u00e9lev\u00e9es sur salaire<\/span><span style=\"font-weight: 400;\">, le salari\u00e9 va obtenir des points. Les points acquis auront ensuite une valeur d\u2019achat. Cela servira ensuite de coefficient de conversion pour le calcul de la rente.<\/span><\/p>\n<p><span style=\"font-weight: 400;\">Pour pouvoir calculer le montant de votre retraite compl\u00e9mentaire, il suffira alors de multiplier le nombre de points acquis par la valeur unitaire du point \u00e0 la <\/span><span style=\"font-weight: 400;\">fin de votre carri\u00e8re professionnelle<\/span><span style=\"font-weight: 400;\">. La retraite compl\u00e9mentaire est g\u00e9n\u00e9ralement vers\u00e9e par l\u2019 Agirc-Arrco.<\/span><\/p>\n<p><span style=\"font-weight: 400;\">C\u2019est cet organisme qui est charg\u00e9 de la gestion de la retraite compl\u00e9mentaire des salari\u00e9s du secteur priv\u00e9.<\/span><\/p>\n<h2>Comment obtenir des points en dehors de l\u2019activit\u00e9 professionnelle ?<\/h2>\n<p><span style=\"font-weight: 400;\">Tout au long de votre carri\u00e8re, les <\/span><b>cotisations salariales et patronales<\/b><span style=\"font-weight: 400;\"> de <\/span><b>retraite compl\u00e9mentaire<\/b><span style=\"font-weight: 400;\"> vous permettent d\u2019acqu\u00e9rir des <\/span><b>points<\/b><span style=\"font-weight: 400;\">. Ces derniers sont enregistr\u00e9s sur votre <\/span><b>compte individuel<\/b><span style=\"font-weight: 400;\">, et servent ensuite \u00e0 calculer votre <\/span><b>pension<\/b><span style=\"font-weight: 400;\"> de retraite.<\/span><\/p>\n<p><span style=\"font-weight: 400;\">Sous conditions, certaines p\u00e9riodes d\u2019<\/span><b>inactivit\u00e9<\/b><span style=\"font-weight: 400;\"> peuvent aussi donner lieu \u00e0 l\u2019attribution de <\/span><b>points gratuits<\/b><span style=\"font-weight: 400;\">, notamment :<\/span><\/p>\n<ul>\n<li style=\"font-weight: 400;\" aria-level=\"1\"><b>Arr\u00eat maladie<\/b><span style=\"font-weight: 400;\">, <\/span><b>maternit\u00e9<\/b><span style=\"font-weight: 400;\">, <\/span><b>adoption<\/b><span style=\"font-weight: 400;\">, <\/span><b>accident du travail<\/b><span style=\"font-weight: 400;\"> de plus de <\/span><b>60 jours<\/b><span style=\"font-weight: 400;\"> cons\u00e9cutifs<\/span><\/li>\n<li style=\"font-weight: 400;\" aria-level=\"1\"><b>Ch\u00f4mage indemnis\u00e9<\/b><span style=\"font-weight: 400;\"> (ARE, ASP, ASS)<\/span><\/li>\n<li style=\"font-weight: 400;\" aria-level=\"1\"><b>Ch\u00f4mage partiel<\/b><span style=\"font-weight: 400;\"> d\u00e9passant <\/span><b>60 heures<\/b><span style=\"font-weight: 400;\"> dans l\u2019ann\u00e9e<\/span><\/li>\n<\/ul>\n<p><span style=\"font-weight: 400;\">Ces p\u00e9riodes sont <\/span><b>assimil\u00e9es \u00e0 du temps cotis\u00e9<\/b><span style=\"font-weight: 400;\">.<\/span><\/p>\n<h2>Possibilit\u00e9 de rachat de points<\/h2>\n<p><b>Le rachat de points<\/b><span style=\"font-weight: 400;\"> : il est possible de racheter des points de retraite compl\u00e9mentaire pour les p\u00e9riodes suivantes :<\/span><\/p>\n<ul>\n<li style=\"font-weight: 400;\" aria-level=\"1\"><span style=\"font-weight: 400;\">les ann\u00e9es d\u2019\u00e9tudes sup\u00e9rieures<\/span><\/li>\n<\/ul>\n<ul>\n<li style=\"font-weight: 400;\" aria-level=\"1\"><span style=\"font-weight: 400;\">les ann\u00e9es incompl\u00e8tes pour lesquelles le nombre de trimestres retenus par l\u2019Assurance vieillesse du r\u00e9gime g\u00e9n\u00e9ral de la S\u00e9curit\u00e9 sociale est inf\u00e9rieur \u00e0 4<\/span><\/li>\n<li style=\"font-weight: 400;\" aria-level=\"1\"><span style=\"font-weight: 400;\">des p\u00e9riodes de ch\u00f4mage indemnis\u00e9 par la garantie sociale du chef d\u2019entreprise.<\/span><\/li>\n<\/ul>\n<h1>D\u00e9marches administratives pour obtenir la retraite des ind\u00e9pendants<\/h1>\n<ul>\n<li style=\"font-weight: 400;\" aria-level=\"1\"><span style=\"font-weight: 400;\">Deux ans avant la date pr\u00e9vue de d\u00e9part, demandez votre relev\u00e9 de carri\u00e8re pour v\u00e9rifier que tous vos trimestres sont bien pris en compte.<\/span><\/li>\n<li style=\"font-weight: 400;\" aria-level=\"1\"><span style=\"font-weight: 400;\">D\u00e9posez votre demande de retraite <\/span><b>\u00a06 mois avant<\/b><span style=\"font-weight: 400;\"> la date souhait\u00e9e de d\u00e9part, aupr\u00e8s de la caisse de votre derni\u00e8re activit\u00e9 professionnelle.<\/span><\/li>\n<li style=\"font-weight: 400;\" aria-level=\"1\"><span style=\"font-weight: 400;\">Si vous avez cotis\u00e9 \u00e0 plusieurs r\u00e9gimes (salari\u00e9, artisan, commer\u00e7ant\u2026), une seule demande suffit.<\/span><\/li>\n<li style=\"font-weight: 400;\" aria-level=\"1\"><b>S<\/b><span style=\"font-weight: 400;\">i votre derni\u00e8re activit\u00e9 est artisanale ou commerciale, renseignez-vous sur le r\u00e9gime compl\u00e9mentaire (Agirc-Arrco) pour conna\u00eetre le taux de versement.<\/span><\/li>\n<li style=\"font-weight: 400;\" aria-level=\"1\"><span style=\"font-weight: 400;\">Connectez-vous sur info retraite pour faire votre demande en une seule fois, pour tous vos r\u00e9gimes. Vous pouvez d\u00e9poser les documents n\u00e9cessaires et suivre l\u2019avancement de votre dossier en temps r\u00e9el.<\/span><\/li>\n<\/ul>\n<h1>Retraite des ind\u00e9pendants : bon \u00e0 savoir<\/h1>\n<h2>Revalorisation annuelle des pensions<\/h2>\n<p><span style=\"font-weight: 400;\">Les pensions de retraite des travailleurs ind\u00e9pendants sont revaloris\u00e9es chaque ann\u00e9e au 1er janvier. Cette revalorisation est bas\u00e9e sur l\u2019\u00e9volution de l\u2019indice des prix \u00e0 la consommation (hors tabac). Elle vise \u00e0 pr\u00e9server le pouvoir d\u2019achat des retrait\u00e9s en tenant compte de l\u2019inflation. Le montant revaloris\u00e9 est automatiquement appliqu\u00e9 par les caisses de retraite, sans d\u00e9marche particuli\u00e8re \u00e0 effectuer.<\/span><\/p>\n<h2>Anticiper sa retraite d\u2019ind\u00e9pendant<\/h2>\n<p><span style=\"font-weight: 400;\">Pour une retraite sereine, il est essentiel d\u2019anticiper. Pensez \u00e0 demander votre <\/span><b>relev\u00e9 de carri\u00e8re au moins deux ans<\/b><span style=\"font-weight: 400;\"> avant la date envisag\u00e9e de d\u00e9part, afin de v\u00e9rifier la bonne prise en compte de vos droits. En cas d\u2019anomalie (trimestres manquants, erreurs\u2026), vous aurez le temps de r\u00e9gulariser. Il est \u00e9galement recommand\u00e9 de simuler votre future pension sur<\/span> <span style=\"font-weight: 400;\">le site info retraite\u00a0 pour \u00e9valuer vos droits selon diff\u00e9rents sc\u00e9narios (\u00e2ge, dur\u00e9e d\u2019activit\u00e9, cumul d\u2019activit\u00e9s, etc.).<\/span><\/p>\n<h1>Retraite des ind\u00e9pendants : cumul emploi-retraite<\/h1>\n<p><span style=\"font-weight: 400;\">Les ind\u00e9pendants peuvent continuer \u00e0 exercer une activit\u00e9 professionnelle tout en percevant leur pension de retraite, selon deux modalit\u00e9s : <\/span><b>le cumul int\u00e9gral<\/b><span style=\"font-weight: 400;\"> ou <\/span><b>le cumul plafonn\u00e9<\/b><span style=\"font-weight: 400;\">.<\/span><\/p>\n<p><span style=\"font-weight: 400;\">Le <\/span><b>cumul emploi-retraite int\u00e9gral<\/b><span style=\"font-weight: 400;\"> est possible si l&rsquo;assur\u00e9 a liquid\u00e9 l&rsquo;ensemble de ses retraites (base et compl\u00e9mentaire) aupr\u00e8s de tous les r\u00e9gimes (fran\u00e7ais, \u00e9trangers et internationaux) <\/span><b>et<\/b><span style=\"font-weight: 400;\"> b\u00e9n\u00e9ficie d\u2019une retraite \u00e0 taux plein. Cela implique soit d\u2019avoir atteint l\u2019\u00e2ge l\u00e9gal de d\u00e9part et valid\u00e9 tous les trimestres requis, soit d\u2019avoir atteint l\u2019\u00e2ge du taux plein automatique (67 ans). Dans ce cas, il n\u2019existe <\/span><b>aucune limite de revenus<\/b><span style=\"font-weight: 400;\">.<\/span><\/p>\n<p><span style=\"font-weight: 400;\">\u00c0 d\u00e9faut, l\u2019assur\u00e9 est soumis au <\/span><b>cumul plafonn\u00e9<\/b><span style=\"font-weight: 400;\">. Les plafonds varient selon les r\u00e9gimes. Par exemple, un artisan ou commer\u00e7ant ne peut d\u00e9passer <\/span><b>24 030 \u20ac par an<\/b><span style=\"font-weight: 400;\"> en 2026, sauf s\u2019il exerce en ZRR ou ZUP (plafond relev\u00e9 \u00e0 <\/span><b>48 060 \u20ac<\/b><span style=\"font-weight: 400;\">). Pour les professions lib\u00e9rales, le plafond annuel est \u00e9galement fix\u00e9 \u00e0 <b>48 060 <\/b><\/span><b>\u00a0\u20ac<\/b><span style=\"font-weight: 400;\">. En cas de d\u00e9passement, les pensions sont r\u00e9duites du montant exc\u00e9dentaire.<\/span><\/p>\n<p><span style=\"font-weight: 400;\">\u00c0 noter : en cas de retraite anticip\u00e9e, le cumul reste plafonn\u00e9 jusqu\u2019\u00e0 l\u2019\u00e2ge l\u00e9gal. Au-del\u00e0, le cumul devient int\u00e9gral si les conditions sont r\u00e9unies.<\/span><\/p>\n<div class='cta-block'><div class='text'>Simulez votre retraite en 2 min.<\/div><a href='https:\/\/www.mes-allocs.fr\/formulaire\/retraite?utm_source=seo&origin=guides\/wp-json\/wp\/v2\/posts\/68031' class='app-button fit'>Simulation gratuite<\/a><\/div>\n<\/div>\n<\/div>\n<\/div>\n<\/div>\n","protected":false},"excerpt":{"rendered":"<p>[Mis \u00e0 jour le 11\/02\/2026] La retraite est une \u00e9tape incontournable de votre vie professionnelle : elle correspond \u00e0 la p\u00e9riode durant laquelle, apr\u00e8s avoir cess\u00e9 votre activit\u00e9, vous percevez une pension r\u00e9guli\u00e8re destin\u00e9e \u00e0 remplacer tout ou partie de vos revenus. En France, le syst\u00e8me de retraite repose sur un principe de r\u00e9partition, mais [&hellip;]<\/p>\n","protected":false},"author":25,"featured_media":68045,"comment_status":"closed","ping_status":"open","sticky":false,"template":"","format":"standard","meta":{"amp_status":"","footnotes":""},"categories":[19177,21839],"tags":[],"class_list":["post-68031","post","type-post","status-publish","format-standard","has-post-thumbnail","hentry","category-retraite","category-retraite-par-categorie-socio-professionnelle"],"yoast_head":"<!-- This site is optimized with the Yoast SEO plugin v14.9 - https:\/\/yoast.com\/wordpress\/plugins\/seo\/ -->\n<title>Retraite pour les ind\u00e9pendants 2026 : comment \u00e7a marche ? | Mes-Allocs.fr<\/title>\n<meta name=\"description\" content=\"Le syst\u00e8me de\u00a0retraite varie selon le m\u00e9tier exerc\u00e9 et la cat\u00e9gorie d&#039;appartenance. On vous explique quel est votre syst\u00e8me de retraite.\" \/>\n<meta name=\"robots\" content=\"index, follow, max-snippet:-1, max-image-preview:large, max-video-preview:-1\" \/>\n<link rel=\"canonical\" href=\"https:\/\/www.mes-allocs.fr\/guides\/retraite\/retraite-par-categorie-socio-professionnelle\/retraite-independants\/\" \/>\n<meta property=\"og:locale\" content=\"fr_FR\" \/>\n<meta property=\"og:type\" content=\"article\" \/>\n<meta property=\"og:title\" content=\"Retraite pour les ind\u00e9pendants 2026 : comment \u00e7a marche ? | Mes-Allocs.fr\" \/>\n<meta property=\"og:description\" content=\"Le syst\u00e8me de\u00a0retraite varie selon le m\u00e9tier exerc\u00e9 et la cat\u00e9gorie d&#039;appartenance. On vous explique quel est votre syst\u00e8me de retraite.\" \/>\n<meta property=\"og:url\" content=\"https:\/\/www.mes-allocs.fr\/guides\/retraite\/retraite-par-categorie-socio-professionnelle\/retraite-independants\/\" \/>\n<meta property=\"og:site_name\" content=\"Mes-Allocs.fr\" \/>\n<meta property=\"article:published_time\" content=\"2023-09-06T11:13:19+00:00\" \/>\n<meta property=\"article:modified_time\" content=\"2026-02-11T17:23:40+00:00\" \/>\n<meta property=\"og:image\" content=\"https:\/\/www.mes-allocs.fr\/guides\/wp-content\/uploads\/2023\/09\/image_2023-09-06_130314054.png?wsr\" \/>\n\t<meta property=\"og:image:width\" content=\"1280\" \/>\n\t<meta property=\"og:image:height\" content=\"959\" \/>\n<meta name=\"twitter:card\" content=\"summary_large_image\" \/>\n<script type=\"application\/ld+json\" class=\"yoast-schema-graph\">{\"@context\":\"https:\/\/schema.org\",\"@graph\":[{\"@type\":\"WebSite\",\"@id\":\"https:\/\/www.mes-allocs.fr\/guides\/#website\",\"url\":\"https:\/\/www.mes-allocs.fr\/guides\/\",\"name\":\"Mes-Allocs.fr\",\"description\":\"\",\"potentialAction\":[{\"@type\":\"SearchAction\",\"target\":\"https:\/\/www.mes-allocs.fr\/guides\/?s={search_term_string}\",\"query-input\":\"required name=search_term_string\"}],\"inLanguage\":\"fr-FR\"},{\"@type\":\"ImageObject\",\"@id\":\"https:\/\/www.mes-allocs.fr\/guides\/retraite\/retraite-par-categorie-socio-professionnelle\/retraite-independants\/#primaryimage\",\"inLanguage\":\"fr-FR\",\"url\":\"https:\/\/www.mes-allocs.fr\/guides\/wp-content\/uploads\/2023\/09\/image_2023-09-06_130314054.png?wsr\",\"width\":1280,\"height\":959,\"caption\":\"retraite independant\"},{\"@type\":\"WebPage\",\"@id\":\"https:\/\/www.mes-allocs.fr\/guides\/retraite\/retraite-par-categorie-socio-professionnelle\/retraite-independants\/#webpage\",\"url\":\"https:\/\/www.mes-allocs.fr\/guides\/retraite\/retraite-par-categorie-socio-professionnelle\/retraite-independants\/\",\"name\":\"Retraite pour les ind\\u00e9pendants 2026 : comment \\u00e7a marche ? | Mes-Allocs.fr\",\"isPartOf\":{\"@id\":\"https:\/\/www.mes-allocs.fr\/guides\/#website\"},\"primaryImageOfPage\":{\"@id\":\"https:\/\/www.mes-allocs.fr\/guides\/retraite\/retraite-par-categorie-socio-professionnelle\/retraite-independants\/#primaryimage\"},\"datePublished\":\"2023-09-06T11:13:19+00:00\",\"dateModified\":\"2026-02-11T17:23:40+00:00\",\"author\":{\"@id\":\"https:\/\/www.mes-allocs.fr\/guides\/#\/schema\/person\/52b318867057023c2f6a62512d870cf7\"},\"description\":\"Le syst\\u00e8me de\\u00a0retraite varie selon le m\\u00e9tier exerc\\u00e9 et la cat\\u00e9gorie d'appartenance. On vous explique quel est votre syst\\u00e8me de retraite.\",\"inLanguage\":\"fr-FR\"},{\"@type\":\"Person\",\"@id\":\"https:\/\/www.mes-allocs.fr\/guides\/#\/schema\/person\/52b318867057023c2f6a62512d870cf7\",\"name\":\"Eric Zotoglo\",\"image\":{\"@type\":\"ImageObject\",\"@id\":\"https:\/\/www.mes-allocs.fr\/guides\/#personlogo\",\"inLanguage\":\"fr-FR\",\"url\":\"https:\/\/www.mes-allocs.fr\/guides\/wp-content\/uploads\/2023\/06\/PXL_20230324_080412913.NIGHT2_1-150x150.jpg\",\"caption\":\"Eric Zotoglo\"},\"description\":\"Eric est juriste sp\\u00e9cialis\\u00e9e en droit du num\\u00e9rique et de la protection sociale. Il rejoint Mes Allocs apr\\u00e8s une premi\\u00e8re exp\\u00e9rience dans le secteur du journalisme.\",\"sameAs\":[\"https:\/\/www.linkedin.com\/in\/eric-zotoglo-1a8a9a55\/\"]}]}<\/script>\n<!-- \/ Yoast SEO plugin. -->","amp_validity":null,"acf":{"faq":{"1":{"question":"Qui g\u00e8re le syst\u00e8me de retraite en France ?","answer":"La retraite en France est aujourd'hui g\u00e9r\u00e9e par divers organismes. Cela est souvent fait selon des statuts professionnels.\r\n"},"2":{"question":"Comment se calcule la retraite de base ind\u00e9pendant ?","answer":"Pour pouvoir calculer la retraite de base, les caisses de retraite se basent sur le Revenu Professionnel Moyen(RPM) pour les travailleurs non salari\u00e9s et sur la Valeur de Service du Point(VSP) pour les professions lib\u00e9rales."},"3":{"question":"Comment fonctionne la retraite compl\u00e9mentaire ?","answer":"La plupart des r\u00e9gimes de retraite compl\u00e9mentaire fonctionnent \"par points\".\r\n"},"4":{"question":"Quel est l'\u00e2ge l\u00e9gal de d\u00e9part en retraite en France ?","answer":"L\u2019\u00e2ge l\u00e9gal de d\u00e9part \u00e0 la retraite est de 64 ans.\r\n"},"5":{"question":"Combien y a t'il de retrait\u00e9s en France ?","answer":"On compte plus de 17 millions de retrait\u00e9s en France. \r\n"},"6":{"question":"Peut-on prendre sa retraite avant 64 ans ?","answer":"Dans certaines situations bien sp\u00e9cifiques, il est possible de prendre sa retraite avant 64 ans, d\u00e8s 55 ans.\r\n"},"7":{"question":"","answer":""},"8":{"question":"","answer":""},"9":{"question":"","answer":""},"10":{"question":"","answer":""},"11":{"question":"","answer":""},"12":{"question":"","answer":""},"13":{"question":"","answer":""},"14":{"question":"","answer":""},"15":{"question":"","answer":""},"16":{"question":"","answer":""}}},"_links":{"self":[{"href":"https:\/\/www.mes-allocs.fr\/guides\/wp-json\/wp\/v2\/posts\/68031","targetHints":{"allow":["GET"]}}],"collection":[{"href":"https:\/\/www.mes-allocs.fr\/guides\/wp-json\/wp\/v2\/posts"}],"about":[{"href":"https:\/\/www.mes-allocs.fr\/guides\/wp-json\/wp\/v2\/types\/post"}],"author":[{"embeddable":true,"href":"https:\/\/www.mes-allocs.fr\/guides\/wp-json\/wp\/v2\/users\/25"}],"replies":[{"embeddable":true,"href":"https:\/\/www.mes-allocs.fr\/guides\/wp-json\/wp\/v2\/comments?post=68031"}],"version-history":[{"count":13,"href":"https:\/\/www.mes-allocs.fr\/guides\/wp-json\/wp\/v2\/posts\/68031\/revisions"}],"predecessor-version":[{"id":108986,"href":"https:\/\/www.mes-allocs.fr\/guides\/wp-json\/wp\/v2\/posts\/68031\/revisions\/108986"}],"wp:featuredmedia":[{"embeddable":true,"href":"https:\/\/www.mes-allocs.fr\/guides\/wp-json\/wp\/v2\/media\/68045"}],"wp:attachment":[{"href":"https:\/\/www.mes-allocs.fr\/guides\/wp-json\/wp\/v2\/media?parent=68031"}],"wp:term":[{"taxonomy":"category","embeddable":true,"href":"https:\/\/www.mes-allocs.fr\/guides\/wp-json\/wp\/v2\/categories?post=68031"},{"taxonomy":"post_tag","embeddable":true,"href":"https:\/\/www.mes-allocs.fr\/guides\/wp-json\/wp\/v2\/tags?post=68031"}],"curies":[{"name":"wp","href":"https:\/\/api.w.org\/{rel}","templated":true}]}}