{"id":6802,"date":"2020-05-20T14:52:36","date_gmt":"2020-05-20T14:52:36","guid":{"rendered":"https:\/\/www.mes-allocs.fr\/guides\/?p=6802"},"modified":"2025-07-03T09:56:43","modified_gmt":"2025-07-03T07:56:43","slug":"aide-financiere-pour-s-occuper-d-un-parent-malade","status":"publish","type":"post","link":"https:\/\/www.mes-allocs.fr\/guides\/aide-aux-familles\/aidant-familial\/aide-financiere-pour-s-occuper-d-un-parent-malade\/","title":{"rendered":"Les aides financi\u00e8res pour s&rsquo;occuper d&rsquo;un parent malade"},"content":{"rendered":"<p style=\"text-align: justify;\"><a href=\"https:\/\/www.mes-allocs.fr\/guides\/wp-content\/uploads\/2020\/05\/Les-aides-financie\u0300res-pour-soccuper-dun-parent-malade-e1589892301333.jpg\"><img loading=\"lazy\" decoding=\"async\" class=\"aligncenter wp-image-6968 size-full\" src=\"https:\/\/www.mes-allocs.fr\/guides\/wp-content\/uploads\/2020\/05\/Les-aides-financie\u0300res-pour-soccuper-dun-parent-malade-e1589892336858.jpg\" alt=\"Les aides financie\u0300res pour s'occuper d'un parent malade\" width=\"1280\" height=\"204\" srcset=\"https:\/\/www.mes-allocs.fr\/guides\/wp-content\/uploads\/2020\/05\/Les-aides-financie\u0300res-pour-soccuper-dun-parent-malade-e1589892336858.jpg 1280w, https:\/\/www.mes-allocs.fr\/guides\/wp-content\/uploads\/2020\/05\/Les-aides-financie\u0300res-pour-soccuper-dun-parent-malade-e1589892336858-300x48.jpg 300w, https:\/\/www.mes-allocs.fr\/guides\/wp-content\/uploads\/2020\/05\/Les-aides-financie\u0300res-pour-soccuper-dun-parent-malade-e1589892336858-1024x163.jpg 1024w, https:\/\/www.mes-allocs.fr\/guides\/wp-content\/uploads\/2020\/05\/Les-aides-financie\u0300res-pour-soccuper-dun-parent-malade-e1589892336858-768x122.jpg 768w, https:\/\/www.mes-allocs.fr\/guides\/wp-content\/uploads\/2020\/05\/Les-aides-financie\u0300res-pour-soccuper-dun-parent-malade-e1589892336858-600x96.jpg 600w\" sizes=\"auto, (max-width: 1280px) 100vw, 1280px\" \/><\/a><strong>Les aides financi\u00e8res pour s&rsquo;occuper d&rsquo;un parent malade pr\u00e9voit le salariat et\/ou le d\u00e9dommagement du proche en charge du proche malade pris en charge. Lisez cet article pour en savoir plus sur ces <a href=\"https:\/\/www.mes-allocs.fr\/guides\/aide-aux-familles\">aides aux familles<\/a>.<\/strong><\/p>\n<div class='cta-block'><div class='text'>Simulez toutes vos aides en 2 min.<\/div><a href='https:\/\/www.mes-allocs.fr\/ab-app?origin=guides\/wp-json\/wp\/v2\/posts\/6802' class='app-button fit'>Simulation gratuite<\/a><\/div>\n<div id=\"\u00catre-un-aidant-familial-salari\u00e9\" class=\"ancres\" data-identifier=\"paragraph-3\">\n<h1 class=\"ff-tt-rubrique c-dark fs-xxxl fs-m@lg mt-1 mb-1\">L&rsquo;aidant familial salari\u00e9<\/h1>\n<h2>Principe<\/h2>\n<p><a href=\"https:\/\/www.pour-les-personnes-agees.gouv.fr\/solutions-pour-les-aidants\/soutien-financier\/etre-remunere-pour-laide-apportee-a-son-proche\" target=\"_blank\" rel=\"noopener noreferrer\">L&rsquo;allocation personnalis\u00e9e d&rsquo;autonomie (APA)<\/a> donne la possibilit\u00e9 \u00e0 la personne \u00e2g\u00e9e b\u00e9n\u00e9ficiaire de vous employer. Et ce, m\u00eame si vous \u00eates en cong\u00e9 de soutien familial, sauf si vous \u00eates :<\/p>\n<ul>\n<li>Son conjoint,<\/li>\n<li>Concubin,<\/li>\n<li><strong>ou <\/strong>Partenaire de pacs.<\/li>\n<\/ul>\n<\/div>\n<p data-identifier=\"paragraph-5\">Le b\u00e9n\u00e9ficiaire est \u00e9ligible \u00e0 la r\u00e9duction d&rsquo;imp\u00f4t \u00e9gal \u00e0 50% des d\u00e9penses engag\u00e9s, retenues dans la limite de 12.000\u20ac (major\u00e9s de 1.500\u20ac par enfant ou personne de plus de 65 ans \u00e0 charge, dans la limite de deux personnes). Il est toutefois impossible de d\u00e9passer 15.000\u20ac.<\/p>\n<p data-identifier=\"paragraph-6\">Plus pr\u00e9cis\u00e9ment, ces plafonds s&rsquo;\u00e9l\u00e8vent \u00e0 :<\/p>\n<ul>\n<li>15.000\u20ac l&rsquo;ann\u00e9e de l&#8217;embauche, sans pouvoir d\u00e9passer 18.000\u20ac avec les majorations,<\/li>\n<li>20.000\u20ac, si la personne \u00e2g\u00e9e a besoin de l&rsquo;aide d&rsquo;une tierce personne.<\/li>\n<\/ul>\n<div id=\"Des-exon\u00e9rations-de-cotisations-sociales\" class=\"ancres\" data-identifier=\"paragraph-8\">\n<h2 class=\"ff-tt-rubrique c-dark fs-xxxl fs-m@lg mt-1 mb-1\">Les exon\u00e9rations de charges sociales<\/h2>\n<\/div>\n<div id=\"Des-exon\u00e9rations-de-cotisations-sociales\" class=\"ancres\" data-identifier=\"paragraph-8\">\n<p>La r\u00e9mun\u00e9ration de l&rsquo;aidant familial est exon\u00e9r\u00e9 des cotisations patronales de la S\u00e9curit\u00e9 sociale si :<\/p>\n<ul>\n<li>La personne aid\u00e9e touche l&rsquo;APA,<\/li>\n<li>Si elle est \u00e2g\u00e9e d&rsquo;au moins 70 ans,<\/li>\n<li><strong>Ou <\/strong>si elle est \u00e2g\u00e9e d&rsquo;au moins 60 ans, vit seule et doit faire appel \u00e0 une tierce personne pour les gestes de la vie courante.<\/li>\n<\/ul>\n<\/div>\n<div id=\"Quelle-diff\u00e9rence-entre-\u00eatre-d\u00e9dommag\u00e9-et-\u00eatre-salari\u00e9-par-l'aidant-?\" class=\"ancres\" data-identifier=\"paragraph-15\">\n<h2 class=\"ff-tt-rubrique c-dark fs-xxxl fs-m@lg mt-1 mb-1\">Quelle diff\u00e9rence entre \u00eatre d\u00e9dommag\u00e9 et \u00eatre salari\u00e9 par l&rsquo;aidant ?<\/h2>\n<p>La prestation de compensation vous permet de d\u00e9dommager un proche que vous ne pouvez pas salarier, qu&rsquo;il s&rsquo;agisse de votre :<\/p>\n<ul>\n<li>conjoint,<\/li>\n<li>concubin,<\/li>\n<li>partenaire de pacs,<\/li>\n<li>etc.<\/li>\n<\/ul>\n<p>Le d\u00e9dommagement attribu\u00e9 est limit\u00e9 \u00e0 4,69\u00a0\u20ac par heure (voire 7,04 \u20ac, si l&rsquo;aidant a d\u00fb cesser son activit\u00e9 professionnelle).<\/p>\n<\/div>\n<p>Par ailleurs, ces sommes doivent \u00eatre d\u00e9clar\u00e9es aux imp\u00f4ts au titre des \u00ab\u00a0b\u00e9n\u00e9fices non commerciaux\u00a0\u00bb. En outre, leur b\u00e9n\u00e9ficiaire doit s&rsquo;inscrire aupr\u00e8s de l&rsquo;Urssaf et r\u00e9gler des cotisations de S\u00e9curit\u00e9 sociale.<\/p>\n<div class='cta-block'><div class='text'>Simulez toutes vos aides en 2 min.<\/div><a href='https:\/\/www.mes-allocs.fr\/ab-app?origin=guides\/wp-json\/wp\/v2\/posts\/6802' class='app-button fit'>Simulation gratuite<\/a><\/div>\n<div id=\"Peut-on-cumuler-salaire-et-d\u00e9dommagement-?\" class=\"ancres\" data-identifier=\"paragraph-18\">\n<h2 class=\"ff-tt-rubrique c-dark fs-xxxl fs-m@lg mt-1 mb-1\">Peut-on cumuler salaire et d\u00e9dommagement ?<\/h2>\n<p>En tant qu&rsquo;aidant, il vous est possible d&rsquo;exercer une activit\u00e9 professionnelle \u00e0 temps partiel. Par cons\u00e9quent, vous pouvez cumuler salaire et d\u00e9dommagement.<\/p>\n<p>De plus, vous pouvez \u00eatre salari\u00e9 du proche que vous aidez <strong>et<\/strong> percevoir un d\u00e9dommagement de cette m\u00eame personne.<\/p>\n<p><strong>\u00c0 noter que le d\u00e9dommagement n&rsquo;est pas un salaire. Aucun pr\u00e9compte des cotisations \u00e0 la S\u00e9curit\u00e9 sociale n&rsquo;est effectu\u00e9. Si son statut correspond aux conditions fix\u00e9es, l&rsquo;aidant est \u00e9ligible \u00e0 l&rsquo;assurance- vieillesse des personnes au foyer.<\/strong><\/p>\n<\/div>\n<div id=\"Le-droit-au-ch\u00f4mage-pour-l'aidant\" class=\"ancres\" data-identifier=\"paragraph-25\">\n<h1 class=\"ff-tt-rubrique c-dark fs-xxxl fs-m@lg mt-1 mb-1\">Le droit au ch\u00f4mage pour l&rsquo;aidant<\/h1>\n<p>Si l&rsquo;aidant familial n&rsquo;\u00e9tait pas salari\u00e9 avant de s&rsquo;occuper d&rsquo;un proche, il est \u00e9ligible au droit au ch\u00f4mage. La relation entre lui et le proche doit alors relever d&rsquo;un contrat de travail. Il doit \u00e9galement remplir des conditions pr\u00e9cises :<\/p>\n<ul>\n<li>dur\u00e9e de cotisation,<\/li>\n<li>inscription comme demandeur d&#8217;emploi, etc.<\/li>\n<\/ul>\n<h1>L\u2019aide-m\u00e9nag\u00e8re \u00e0 domicile<\/h1>\n<div class=\"content-fiche\">\n<div class=\"tab-content\">\n<div id=\"situation1\" class=\"tab-pane active\">\n<div class=\"fiche-bloc bloc-principal\" data-toggle-scope=\"\">\n<div class=\"fiche-item\">\n<div class=\"fiche-item\">\n<div class=\"fiche-item\">\n<div class=\"fiche-item\">\n<div id=\"fiche-item-6situation1\" class=\"fiche-item-content collapse in\" aria-hidden=\"false\">\n<div class=\"fiche-item\">\n<div id=\"toc_container\" class=\"toc_white no_bullets contracted\">\n<h2 id=\"anchor1\">Quelles sont les conditions prises en compte b\u00e9n\u00e9ficier d&rsquo;une aide m\u00e9nag\u00e8re \u00e0 domicile ?<a href=\"https:\/\/www.mes-allocs.fr\/guides\/wp-content\/uploads\/2020\/05\/Quelles-sont-les-conditions-pour-be\u0301ne\u0301ficier-dune-aide-me\u0301nage\u0300re-a\u0300-domicile-1-1-scaled.jpg\"><img loading=\"lazy\" decoding=\"async\" class=\"alignright wp-image-6969\" src=\"https:\/\/www.mes-allocs.fr\/guides\/wp-content\/uploads\/2020\/05\/Quelles-sont-les-conditions-pour-be\u0301ne\u0301ficier-dune-aide-me\u0301nage\u0300re-a\u0300-domicile-1-1-300x200.jpg\" alt=\"Quelles sont les conditions pour be\u0301ne\u0301ficier d'une aide me\u0301nage\u0300re a\u0300 domicile ?\" width=\"386\" height=\"257\" \/><\/a><\/h2>\n<ul>\n<li><strong>\u00catre \u00e2g\u00e9 d&rsquo;au moins 65 ans<\/strong> (ou 60 ans pour les personnes reconnues inaptes au travail) ;<\/li>\n<li><strong>Avoir des difficult\u00e9s pour effectuer les principales t\u00e2ches m\u00e9nag\u00e8res ;<\/strong><\/li>\n<li><strong>Ne pas b\u00e9n\u00e9ficier de <\/strong>l&rsquo;APA (allocation personnalis\u00e9e d&rsquo;autonomie) <strong>et<\/strong> ne pas y \u00eatre \u00e9ligible ;<\/li>\n<li><strong>Disposer de ressources mensuelles inf\u00e9rieures \u00e0 1 012,02\u00a0\u20ac <\/strong>pour une personne seule<strong> et \u00e0 1 571,16 \u20ac <\/strong>pour un couple.<\/li>\n<\/ul>\n<h2 id=\"anchor2\">Quel est le montant de l\u2019aide ?<\/h2>\n<p>Il est estim\u00e9 en fonction des revenus du b\u00e9n\u00e9ficiaire, \u00e0 qui il peut \u00eatre demand\u00e9 de participer financi\u00e8rement au montant de cette aide.<\/p>\n<\/div>\n<div class=\"toc_white no_bullets contracted\">\n<p>C&rsquo;est le conseil d\u00e9partemental qui verse ce financement.<\/p>\n<p><iframe loading=\"lazy\" title=\"Tout Savoir sur les Allocations Familiales !\" width=\"500\" height=\"281\" src=\"https:\/\/www.youtube.com\/embed\/XEX_FdLLYMo?feature=oembed\" frameborder=\"0\" allow=\"accelerometer; autoplay; clipboard-write; encrypted-media; gyroscope; picture-in-picture; web-share\" referrerpolicy=\"strict-origin-when-cross-origin\" allowfullscreen><\/iframe><\/p>\n<h2 id=\"anchor3\">Quelles sont les d\u00e9marches \u00e0 effectuer ?<\/h2>\n<p>Il vous faut vous tourner vers le CCAS (centre communal d\u2019action sociale) ou votre mairie.<\/p>\n<h2 id=\"anchor4\">Comment l\u2019aide est-elle vers\u00e9e\u00a0?<\/h2>\n<p><a href=\"https:\/\/www.mes-allocs.fr\/guides\/aides-sociales\/plafond-aide-sociale-aide-menagere\/\" target=\"_blank\" rel=\"noopener noreferrer\">L&rsquo;aide est vers\u00e9e directement au service d&rsquo;aide \u00e0 domicile<\/a>, choisi par la personne. Ce service \u00e0 domicile doit \u00eatre habilit\u00e9 \u00e0 recevoir l&rsquo;aide social par le conseil d\u00e9partemental.<\/p>\n<p>De plus, une somme d&rsquo;argent peut \u00eatre vers\u00e9 directement \u00e0 la personne dans les cas suivants :<\/p>\n<ul>\n<li>absence de service d\u2019aide \u00e0 domicile dans sa commune,<\/li>\n<li>si la personne pr\u00e9f\u00e8re faire appel \u00e0 un salari\u00e9 qu&rsquo;elle emploie elle-m\u00eame.<\/li>\n<\/ul>\n<p>Dans ce dernier cas de figure, la personne doit fournir les justificatifs de d\u00e9pense des montants per\u00e7us.<\/p>\n<\/div>\n<\/div>\n<\/div>\n<\/div>\n<\/div>\n<\/div>\n<\/div>\n<\/div>\n<\/div>\n<\/div>\n<\/div>\n<h1 id=\"la-prestation-de-compensation-du-handicap-pch\">La prestation de compensation du handicap (PCH)<\/h1>\n<h2>De quoi s&rsquo;agit-il ?<\/h2>\n<p>La prestation de compensation du handicap (PCH) s&rsquo;adresse \u00e0\u00a0<a href=\"https:\/\/www.mes-allocs.fr\/guides\/aides-sociales\/aide-financiere-handicape\/\" target=\"_blank\" rel=\"noopener noreferrer\">l&rsquo;adulte handicap\u00e9<\/a> vivant \u00e0 domicile ou chez un aidant familial.<\/p>\n<p>Elle est vers\u00e9e par les conseils d\u00e9partementaux et attribu\u00e9e par le CDAPH, \u00e0 vie sur l&rsquo;\u00e9tat du b\u00e9n\u00e9ficiaire ne s&rsquo;am\u00e9liore pas. La PCH regroupe en r\u00e9alit\u00e9 6 types d&rsquo;aides :<\/p>\n<ul>\n<li>humaine;<\/li>\n<li>technique;<\/li>\n<li>aide \u00e0 l\u2019am\u00e9nagement du logement;<\/li>\n<li>aide au transport;<\/li>\n<li>aides sp\u00e9cifiques ou exceptionnelles;<\/li>\n<li>aide animali\u00e8re<\/li>\n<\/ul>\n<p>Pour chacune d&rsquo;entre elles, la prise en charge peut \u00eatre effectu\u00e9e \u00e0 taux plein ou \u00e0 taux partiel.<\/p>\n<h2>L&rsquo;aide humaine<\/h2>\n<p style=\"text-align: justify;\"><div itemscope itemtype=\"http:\/\/schema.org\/Table\"><p itemprop=\"about\"><strong>Taux de prise en charge de l'aide humaine : <\/strong><\/p><\/p>\n<table style=\"border-collapse: collapse; width: 100.28287544633673%; height: 121px;\">\n<tbody>\n<tr style=\"height: 48px;\">\n<td style=\"width: 10.912560786650776%; height: 48px; background-color: #d8e6f2; border: 1px solid black; text-align: center;\"><strong>Aides concern\u00e9es<\/strong><\/td>\n<td style=\"width: 23.456247427795446%; height: 48px; background-color: #d8e6f2; border: 1px solid black; text-align: center;\"><strong>Prise en charge \u00e0 taux plein<\/strong><\/td>\n<td style=\"width: 23.529051999258485%; background-color: #d8e6f2; border: 1px solid black; text-align: center;\"><strong>Prise en charge \u00e0 taux partiel<\/strong><\/td>\n<\/tr>\n<tr style=\"height: 24px;\">\n<td style=\"width: 10.912560786650776%; height: 26px; border: 1px solid black; text-align: center;\">Emploi direct d&rsquo;une tierce personne<\/td>\n<td style=\"width: 23.456247427795446%; height: 26px; border: 1px solid black; text-align: center;\">\n<ul>\n<li>100 % dans la limite de 18,96\u00a0\u20ac<span style=\"font-family: inherit; font-size: inherit;\">\u00a0par heure <strong>ou<\/strong><\/span><\/li>\n<li><span style=\"font-weight: 400;\">\u00a0<span class=\"sp-prix\">19,71\u00a0\u20ac<\/span> en cas de soins ou d&rsquo;aspirations indo-trach\u00e9ales<\/span><\/li>\n<\/ul>\n<\/td>\n<td style=\"width: 23.529051999258485%; border: 1px solid black; text-align: center;\">\n<ul>\n<li><span style=\"font-weight: 400;\">80 % dans la limite de 18,96\u00a0\u20ac<span class=\"prix\">\u00a0par<\/span>\u00a0heure <strong>ou<\/strong><\/span><\/li>\n<li><span style=\"font-weight: 400;\">\u00a0<span class=\"sp-prix\">19,71 \u20ac\u00a0<\/span>en cas de soins ou d&rsquo;aspirations indo-trach\u00e9ales<\/span><\/li>\n<\/ul>\n<\/td>\n<\/tr>\n<tr style=\"height: 24px;\">\n<td style=\"width: 10.912560786650776%; height: 23px; border: 1px solid black; text-align: center;\">Recours \u00e0 un service mandataire<\/td>\n<td style=\"width: 23.456247427795446%; height: 23px; border: 1px solid black; text-align: center;\">\n<ul>\n<li>100 % dans la limite de 20,86\u00a0\u20ac<span class=\"prix\">\u00a0<span style=\"font-family: inherit; font-size: inherit;\">par heure<\/span><\/span><\/li>\n<\/ul>\n<p><strong>ou<\/strong><\/p>\n<ul>\n<li>21,68\u00a0\u20ac en cas de soins ou <span style=\"font-weight: 400;\">d&rsquo;aspirations indo-trach\u00e9ales<\/span><\/li>\n<\/ul>\n<\/td>\n<td style=\"width: 23.529051999258485%; border: 1px solid black; text-align: center;\">\n<ul>\n<li><span style=\"font-weight: 400;\">80 % dans la limite de 20,86\u00a0\u20ac<span class=\"prix\">\u00a0<span style=\"font-family: inherit; font-size: inherit;\">par heure<\/span><\/span><\/span><\/li>\n<\/ul>\n<p><strong>ou<\/strong><\/p>\n<ul>\n<li><span style=\"font-weight: 400;\">21,68\u00a0\u20ac en cas de soins ou d&rsquo;aspirations indo-trach\u00e9ales<\/span><\/li>\n<\/ul>\n<\/td>\n<\/tr>\n<tr style=\"height: 24px;\">\n<td style=\"width: 10.912560786650776%; border: 1px solid black; text-align: center; height: 24px;\"><span style=\"font-weight: 400;\"> Accueillant familial<\/span><\/td>\n<td style=\"width: 23.456247427795446%; border: 1px solid black; text-align: center; height: 24px;\">\n<ul>\n<li><span style=\"font-weight: 400;\">D\u00e9dommagement \u00e0 hauteur de 4,69 \u20ac\u00a0<span style=\"font-family: inherit; font-size: inherit;\">par heure<\/span><\/span><\/li>\n<\/ul>\n<p><strong>ou<\/strong><\/p>\n<ul>\n<li><span style=\"font-weight: 400;\"><span class=\"prix\"><span style=\"font-family: inherit; font-size: inherit;\">7,04 \u20ac par heure,<\/span><\/span>\u00a0si l&rsquo;aidant r\u00e9duit ou abandonne son activit\u00e9 professionnelle\u00a0<\/span><\/li>\n<\/ul>\n<\/td>\n<td style=\"width: 23.529051999258485%; border: 1px solid black; text-align: center;\">\n<ul>\n<li><span style=\"font-weight: 400;\">80 % et d\u00e9dommagement \u00e0 hauteur de 4,69\u00a0\u20ac\u00a0<span style=\"font-family: inherit; font-size: inherit;\">par heure<\/span>\u00a0<\/span><\/li>\n<\/ul>\n<p>ou<\/p>\n<ul>\n<li><span style=\"font-weight: 400;\"><span class=\"prix\">7,04\u00a0\u20ac <span style=\"font-family: inherit; font-size: inherit;\">par heure<\/span><\/span>\u00a0si l&rsquo;aidant r\u00e9duit ou abandonne son activit\u00e9 professionnelle<\/span><\/li>\n<\/ul>\n<\/td>\n<\/tr>\n<\/tbody>\n<\/table>\n<p><span style=\"font-weight: 400;\"><\/div><\/span><\/p>\n<p>Cette aide humaine inclut le recours \u00e0 un proche aidant, selon deux modalit\u00e9s : le salariat et le d\u00e9dommagement.<\/p>\n<p>Ainsi, la PCH peut permettre d&#8217;employer en tant que salari\u00e9 toute personne aidant le malade. N\u00e9anmoins, pour employer son conjoint (\u00e9poux, partenaire de PACS ou concubin) ou un parent tr\u00e8s proche, il est imp\u00e9ratif que l&rsquo;\u00e9tat de la personne en situation de handicap exige :<\/p>\n<ul>\n<li>une aide totale pour la majorit\u00e9 des actes essentiels,<\/li>\n<li>une pr\u00e9sence constante (ou quasi-constante) due \u00e0 un besoin de soins ou d&rsquo;aide pour les gestes de la vie quotidienne.<\/li>\n<\/ul>\n<div id=\"toc_container\" class=\"toc_white no_bullets contracted\">\n<h2>Quelles sont les conditions pour employer ou d\u00e9dommager un aidant familial ?<\/h2>\n<p>Afin d&#8217;employer un aidant familial qui n&rsquo;est ni le conjoint, ni l&rsquo;un des enfants du malade, il faut que cet aidant :<\/p>\n<ul>\n<li>ne soit pas retrait\u00e9,<\/li>\n<li>ait renonc\u00e9 \u00e0 travailler totalement ou partiellement afin d&rsquo;assurer la prise en charge de son proche malade.<\/li>\n<\/ul>\n<h1>\u00catre aidant et salari\u00e9 : quels cong\u00e9s solliciter ?<a href=\"https:\/\/www.mes-allocs.fr\/guides\/wp-content\/uploads\/2020\/05\/E\u0302tre-aidant-et-salarie\u0301-quelles-conge\u0301s-solliciter--scaled.jpg\"><img loading=\"lazy\" decoding=\"async\" class=\"alignright wp-image-6970\" src=\"https:\/\/www.mes-allocs.fr\/guides\/wp-content\/uploads\/2020\/05\/E\u0302tre-aidant-et-salarie\u0301-quelles-conge\u0301s-solliciter--300x200.jpg\" alt=\"E\u0302tre aidant et salarie\u0301 : quelles conge\u0301s solliciter ?\" width=\"369\" height=\"246\" \/><\/a><\/h1>\n<p>Si vous \u00eates \u00e0 la fois aidant et salari\u00e9, il vous est possible d&rsquo;interrompre momentan\u00e9ment leur activit\u00e9 professionnelle, gr\u00e2ce \u00e0 deux types de cong\u00e9s. Attention, l\u2019attribution de ces cong\u00e9s est soumise \u00e0 des conditions.<\/p>\n<h2>Le cong\u00e9 de proche aidant<\/h2>\n<p>Depuis le 1er janvier 2017, vous pouvez demander un cong\u00e9 \u00e0 votre employeur (cong\u00e9 de proche aidant). Il ne peut vous \u00eatre refus\u00e9. Sa dur\u00e9e est de 3 mois maximum.<\/p>\n<p>Par ailleurs, il peut \u00eatre renouvel\u00e9 sur l\u2019ensemble de la carri\u00e8re professionnelle, sans pour autant exc\u00e9der un an. <strong>Seule condition : avoir au moins une ann\u00e9e d\u2019anciennet\u00e9 dans l\u2019entreprise.<\/strong><\/p>\n<h2>Le cong\u00e9 de soutien familial<\/h2>\n<p>Ce cong\u00e9 n&rsquo;est pas r\u00e9mun\u00e9r\u00e9. Il vous offre la possibilit\u00e9 de vous occuper d&rsquo;un proche handicap\u00e9 ou en perte d&rsquo;autonomie grave de sa famille. Il dure 3 mois et est renouvelable pour une dur\u00e9e maximale d&rsquo;un an, sur l&rsquo;ensemble de la carri\u00e8re professionnelle.<\/p>\n<p><strong>Dans ce cas, le contrat de travail est suspendu pendant le cong\u00e9.<\/strong><\/p>\n<h2>L<strong>e cong\u00e9 de solidarit\u00e9 familiale<\/strong><\/h2>\n<p><strong>Ce cong\u00e9 vous permet d&rsquo;accompagner un proche dont le pronostic vital est engag\u00e9.<\/strong> Il dure 3 mois maximum et peut \u00eatre renouvel\u00e9 une fois.<\/p>\n<p>Vous pouvez avoir recours \u00e0 ce cong\u00e9 en continu ou en p\u00e9riode d&rsquo;activit\u00e9 \u00e0 temps partiel. Le contrat de travail est alors suspendu.<\/p>\n<\/div>\n<h1>Comment fonctionne l&rsquo;obligation alimentaire ?<\/h1>\n<div class=\"inner inner-article cf cms-content c-green\">\n<section id=\"scroll-1\" class=\"article_follow cf\">L\u00e9galement, c&rsquo;est le Code civil qui fixe <a href=\"https:\/\/www.mes-allocs.fr\/guides\/aides-sociales\/aide-sociale-a-l-hebergement-et-obligation-alimentaire\/\" target=\"_blank\" rel=\"noopener noreferrer\">l&rsquo;obligation alimentaire<\/a>, lorsque l\u2019un des membres de la famille n\u2019est pas en mesure de combler ses propres besoins alimentaires. Cette aide est souvent associ\u00e9e \u00e0 l&rsquo;aide sociale \u00e0 l&rsquo;h\u00e9bergement (ASH) pour les personnes \u00e2g\u00e9es aux ressources insuffisantes pour \u00eatre log\u00e9e dans un \u00e9tablissement.<\/section>\n<section id=\"scroll-2\" class=\"article_follow cf\">\n<div class=\"\">\n<p>G\u00e9n\u00e9ralement, c&rsquo;est l&rsquo;aide sociale qui est en charge d&rsquo;estimer le montant de la participation des enfants (et potentiellement des petits enfants), d\u2019apr\u00e8s quatre crit\u00e8res :<\/p>\n<ul>\n<li>situation familiale (nombre de personnes au foyer),<\/li>\n<li>ressources,<\/li>\n<li>charges,<\/li>\n<li>le bar\u00e8me de l\u2019obligation alimentaire.<\/li>\n<\/ul>\n<p>La pension alimentaire d\u00e9pend en outre des besoins du b\u00e9n\u00e9ficiaire et des moyens des oblig\u00e9s alimentaires.<\/p>\n<div class='cta-block'><div class='text'>Simulez toutes vos aides en 2 min.<\/div><a href='https:\/\/www.mes-allocs.fr\/ab-app?origin=guides\/wp-json\/wp\/v2\/posts\/6802' class='app-button fit'>Simulation gratuite<\/a><\/div>\n<\/div>\n<\/section>\n<\/div>\n<\/div>\n","protected":false},"excerpt":{"rendered":"<p>Les aides financi\u00e8res pour s&rsquo;occuper d&rsquo;un parent malade pr\u00e9voit le salariat et\/ou le d\u00e9dommagement du proche en charge du proche malade pris en charge. Lisez cet article pour en savoir plus sur ces aides aux familles. L&rsquo;aidant familial salari\u00e9 Principe L&rsquo;allocation personnalis\u00e9e d&rsquo;autonomie (APA) donne la possibilit\u00e9 \u00e0 la personne \u00e2g\u00e9e b\u00e9n\u00e9ficiaire de vous employer. [&hellip;]<\/p>\n","protected":false},"author":7,"featured_media":6968,"comment_status":"open","ping_status":"open","sticky":false,"template":"","format":"standard","meta":{"amp_status":"","footnotes":""},"categories":[35802,16053],"tags":[],"class_list":["post-6802","post","type-post","status-publish","format-standard","has-post-thumbnail","hentry","category-aidant-familial","category-aide-aux-familles"],"yoast_head":"<!-- This site is optimized with the Yoast SEO plugin v14.9 - https:\/\/yoast.com\/wordpress\/plugins\/seo\/ -->\n<title>Les aides financi\u00e8res pour s&#039;occuper d&#039;un parent malade | Mes-Allocs.fr<\/title>\n<meta name=\"description\" content=\"Les aides financi\u00e8res pour s&#039;occuper d&#039;un parent malade pr\u00e9voit le salariat et\/ou le d\u00e9dommagement du proche en charge du proche malade.\" \/>\n<meta name=\"robots\" content=\"index, follow, max-snippet:-1, max-image-preview:large, max-video-preview:-1\" \/>\n<link rel=\"canonical\" href=\"https:\/\/www.mes-allocs.fr\/guides\/aide-aux-familles\/aidant-familial\/aide-financiere-pour-s-occuper-d-un-parent-malade\/\" \/>\n<meta property=\"og:locale\" content=\"fr_FR\" \/>\n<meta property=\"og:type\" content=\"article\" \/>\n<meta property=\"og:title\" content=\"Les aides financi\u00e8res pour s&#039;occuper d&#039;un parent malade | Mes-Allocs.fr\" \/>\n<meta property=\"og:description\" content=\"Les aides financi\u00e8res pour s&#039;occuper d&#039;un parent malade pr\u00e9voit le salariat et\/ou le d\u00e9dommagement du proche en charge du proche malade.\" \/>\n<meta property=\"og:url\" content=\"https:\/\/www.mes-allocs.fr\/guides\/aide-aux-familles\/aidant-familial\/aide-financiere-pour-s-occuper-d-un-parent-malade\/\" \/>\n<meta property=\"og:site_name\" content=\"Mes-Allocs.fr\" \/>\n<meta property=\"article:published_time\" content=\"2020-05-20T14:52:36+00:00\" \/>\n<meta property=\"article:modified_time\" content=\"2025-07-03T07:56:43+00:00\" \/>\n<meta property=\"og:image\" content=\"https:\/\/www.mes-allocs.fr\/guides\/wp-content\/uploads\/2020\/05\/Les-aides-financie\u0300res-pour-soccuper-dun-parent-malade-e1589892336858.jpg?wsr\" \/>\n\t<meta property=\"og:image:width\" content=\"1280\" \/>\n\t<meta property=\"og:image:height\" content=\"204\" \/>\n<meta name=\"twitter:card\" content=\"summary_large_image\" \/>\n<script type=\"application\/ld+json\" class=\"yoast-schema-graph\">{\"@context\":\"https:\/\/schema.org\",\"@graph\":[{\"@type\":\"WebSite\",\"@id\":\"https:\/\/www.mes-allocs.fr\/guides\/#website\",\"url\":\"https:\/\/www.mes-allocs.fr\/guides\/\",\"name\":\"Mes-Allocs.fr\",\"description\":\"\",\"potentialAction\":[{\"@type\":\"SearchAction\",\"target\":\"https:\/\/www.mes-allocs.fr\/guides\/?s={search_term_string}\",\"query-input\":\"required name=search_term_string\"}],\"inLanguage\":\"fr-FR\"},{\"@type\":\"ImageObject\",\"@id\":\"https:\/\/www.mes-allocs.fr\/guides\/aide-aux-familles\/aidant-familial\/aide-financiere-pour-s-occuper-d-un-parent-malade\/#primaryimage\",\"inLanguage\":\"fr-FR\",\"url\":\"https:\/\/www.mes-allocs.fr\/guides\/wp-content\/uploads\/2020\/05\/Les-aides-financie\\u0300res-pour-soccuper-dun-parent-malade-e1589892336858.jpg?wsr\",\"width\":1280,\"height\":204,\"caption\":\"Les aides financie\\u0300res pour soccuper dun parent malade e1589892336858\"},{\"@type\":\"WebPage\",\"@id\":\"https:\/\/www.mes-allocs.fr\/guides\/aide-aux-familles\/aidant-familial\/aide-financiere-pour-s-occuper-d-un-parent-malade\/#webpage\",\"url\":\"https:\/\/www.mes-allocs.fr\/guides\/aide-aux-familles\/aidant-familial\/aide-financiere-pour-s-occuper-d-un-parent-malade\/\",\"name\":\"Les aides financi\\u00e8res pour s'occuper d'un parent malade | Mes-Allocs.fr\",\"isPartOf\":{\"@id\":\"https:\/\/www.mes-allocs.fr\/guides\/#website\"},\"primaryImageOfPage\":{\"@id\":\"https:\/\/www.mes-allocs.fr\/guides\/aide-aux-familles\/aidant-familial\/aide-financiere-pour-s-occuper-d-un-parent-malade\/#primaryimage\"},\"datePublished\":\"2020-05-20T14:52:36+00:00\",\"dateModified\":\"2025-07-03T07:56:43+00:00\",\"author\":{\"@id\":\"https:\/\/www.mes-allocs.fr\/guides\/#\/schema\/person\/1c4837d5703727cb02ce84583b5a44aa\"},\"description\":\"Les aides financi\\u00e8res pour s'occuper d'un parent malade pr\\u00e9voit le salariat et\/ou le d\\u00e9dommagement du proche en charge du proche malade.\",\"inLanguage\":\"fr-FR\"},{\"@type\":\"Person\",\"@id\":\"https:\/\/www.mes-allocs.fr\/guides\/#\/schema\/person\/1c4837d5703727cb02ce84583b5a44aa\",\"name\":\"Fabiola\",\"image\":{\"@type\":\"ImageObject\",\"@id\":\"https:\/\/www.mes-allocs.fr\/guides\/#personlogo\",\"inLanguage\":\"fr-FR\",\"url\":\"https:\/\/www.mes-allocs.fr\/guides\/wp-content\/uploads\/2021\/06\/fabiola-150x150.png\",\"caption\":\"Fabiola\"},\"description\":\"Fabiola est r\\u00e9dactrice au sein de l'\\u00e9quipe Mes Allocs, sp\\u00e9cialis\\u00e9e en sciences politiques et affaires publiques. Dipl\\u00f4m\\u00e9e de l'HEIP, elle rejoint Mes Allocs apr\\u00e8s une premi\\u00e8re exp\\u00e9rience \\u00e0 l'Assembl\\u00e9e Nationale.\",\"sameAs\":[\"https:\/\/www.linkedin.com\/in\/cecilia-philippe-b-8a8085195\"]}]}<\/script>\n<!-- \/ Yoast SEO plugin. -->","amp_validity":null,"acf":{"faq":{"1":{"question":"\ud83e\udd14 Quelle aide pour s'occuper d'un parent \u00e2g\u00e9 ?","answer":"Pour s'occuper d'un parent \u00e2g\u00e9, vous pouvez faire appel \u00e0 la PCH, qui pr\u00e9voit une aide humaine pour employer un proche aidant. M\u00eame chose pour l'APA. Une aide m\u00e9nag\u00e8re \u00e0 domicile peut aussi venir en aide aux personnes \u00e2g\u00e9es, sous certaines conditions."},"2":{"question":"\ud83d\udcca Quels sont les droits d'un aidant familial ?","answer":"L'aidant familial a le droit au r\u00e9pit (via l'APA). Il peut aussi b\u00e9n\u00e9ficier d'autres types de cong\u00e9 de proche aidant, tels que le cong\u00e9 de solidarit\u00e9 familiale. Il s'agit d'un cong\u00e9 sans solde de 3 mois maximum (en dehors des droits aux cong\u00e9s pay\u00e9s). \r\n\r\nIl dispose aussi de droits concernant la retraite et la formation.\r\n"},"3":{"question":"\ud83e\udd1d Comment avoir un aidant familial ?","answer":"Tout d\u00e9pend de l'aide que vous sollicitez. Certaines d'entre elles ont leurs propres conditions pour b\u00e9n\u00e9ficier d'un aidant familial. L'APA, notamment, permet d'employer un proche. La PCH permet de salarier un proche via l'aide humaine."},"4":{"question":"\ud83c\udfc6 Quelles sont les conditions pour toucher l'allocation parent isol\u00e9 ?","answer":"Pour b\u00e9n\u00e9ficier de l'allocation parent isol\u00e9, vous devez :\r\n- vivre seul(e)\r\n- vos enfants doivent \u00eatre \u00e2g\u00e9s de moins de 10 ans.\r\n\r\nSi vous reprenez une formation, P\u00f4le Emploi peut vous accorder une aide suppl\u00e9mentaire.\r\n"},"5":{"question":"\ud83d\udd0e Qu'est-ce qu'un aidant proche ?","answer":"Selon le Code de l\u2019action sociale et des familles \u00ab Est consid\u00e9r\u00e9 comme proche aidant d'une personne \u00e2g\u00e9e son conjoint, le partenaire avec qui elle a conclu un pacte civil de solidarit\u00e9 ou son concubin, un parent ou un alli\u00e9, d\u00e9finis comme aidants familiaux, ou une personne r\u00e9sidant avec elle ou entretenant avec elle des liens \u00e9troits et stables, qui lui vient en aide, de mani\u00e8re r\u00e9guli\u00e8re et fr\u00e9quente, \u00e0 titre non professionnel, pour accomplir tout ou partie des actes ou des activit\u00e9s de la vie quotidienne \u00bb. "},"6":{"question":"\u2753 Quelle retraite pour les aidants familiaux ?","answer":"Les personnes, ayant interrompu leur activit\u00e9 professionnelle pour s\u2019occuper d\u2019une personne handicap\u00e9e au titre de proche aidant, peuvent b\u00e9n\u00e9ficier d\u2019une retraite \u00e0 taux plein \u00e0 65 ans au lieu de 67 ans.\r\n\r\nSi l'aidant familial prend en charge une personne en situation de handicap, il peut b\u00e9n\u00e9ficier d\u2019un droit \u00e0 l\u2019affiliation gratuite \u00e0 l\u2019assurance vieillesse du r\u00e9gime g\u00e9n\u00e9ral."},"7":{"question":"\ud83e\uddd0 Qui peut devenir aidant familial ?","answer":"Les fr\u00e8res, les s\u0153urs, les enfants, les neveux ou les ni\u00e8ces peuvent occuper le statut d\u2019aidant familial. De m\u00eame pour les parents d\u2019un enfant handicap\u00e9.\r\n\r\nLes \u00e9poux, concubins et partenaires de PACS sont exclus, car la loi pr\u00e9voit qu'ils sont tenus de s'occuper du proche concern\u00e9, au titre de leur statut."},"8":{"question":"","answer":""},"9":{"question":"","answer":""},"10":{"question":"","answer":""},"11":{"question":"","answer":""},"12":{"question":"","answer":""},"13":{"question":"","answer":""},"14":{"question":"","answer":""},"15":{"question":"","answer":""},"16":{"question":"","answer":""}}},"_links":{"self":[{"href":"https:\/\/www.mes-allocs.fr\/guides\/wp-json\/wp\/v2\/posts\/6802","targetHints":{"allow":["GET"]}}],"collection":[{"href":"https:\/\/www.mes-allocs.fr\/guides\/wp-json\/wp\/v2\/posts"}],"about":[{"href":"https:\/\/www.mes-allocs.fr\/guides\/wp-json\/wp\/v2\/types\/post"}],"author":[{"embeddable":true,"href":"https:\/\/www.mes-allocs.fr\/guides\/wp-json\/wp\/v2\/users\/7"}],"replies":[{"embeddable":true,"href":"https:\/\/www.mes-allocs.fr\/guides\/wp-json\/wp\/v2\/comments?post=6802"}],"version-history":[{"count":29,"href":"https:\/\/www.mes-allocs.fr\/guides\/wp-json\/wp\/v2\/posts\/6802\/revisions"}],"predecessor-version":[{"id":101525,"href":"https:\/\/www.mes-allocs.fr\/guides\/wp-json\/wp\/v2\/posts\/6802\/revisions\/101525"}],"wp:featuredmedia":[{"embeddable":true,"href":"https:\/\/www.mes-allocs.fr\/guides\/wp-json\/wp\/v2\/media\/6968"}],"wp:attachment":[{"href":"https:\/\/www.mes-allocs.fr\/guides\/wp-json\/wp\/v2\/media?parent=6802"}],"wp:term":[{"taxonomy":"category","embeddable":true,"href":"https:\/\/www.mes-allocs.fr\/guides\/wp-json\/wp\/v2\/categories?post=6802"},{"taxonomy":"post_tag","embeddable":true,"href":"https:\/\/www.mes-allocs.fr\/guides\/wp-json\/wp\/v2\/tags?post=6802"}],"curies":[{"name":"wp","href":"https:\/\/api.w.org\/{rel}","templated":true}]}}