{"id":68003,"date":"2023-09-06T11:31:55","date_gmt":"2023-09-06T09:31:55","guid":{"rendered":"https:\/\/www.mes-allocs.fr\/guides\/?p=68003"},"modified":"2026-01-16T18:36:39","modified_gmt":"2026-01-16T17:36:39","slug":"retraite-de-base","status":"publish","type":"post","link":"https:\/\/www.mes-allocs.fr\/guides\/retraite\/retraite-de-base\/","title":{"rendered":"Retraite de base : conditions, montant, d\u00e9marches en 2026"},"content":{"rendered":"<p><img loading=\"lazy\" decoding=\"async\" title=\"Retraite de base\" src=\"https:\/\/www.mes-allocs.fr\/guides\/wp-content\/uploads\/2023\/09\/image_2023-09-06_092711714-e1693985292501.png\" alt=\"Retraite de base\" width=\"1280\" height=\"335\" \/><\/p>\n<p>[Mis \u00e0 jour le 16\/01\/2026] Que vous soyez dans le priv\u00e9, fonctionnaire, artisan ou encore de profession lib\u00e9rale, vous devez obligatoirement cotiser pour vous assurer une pension de <a href=\"https:\/\/www.mes-allocs.fr\/guides\/retraite\/\">retraite<\/a> future. Cette cotisation obligatoire d\u00e9signe la <strong>retraite de base<\/strong>. Notre \u00e9quipe d\u2019experts vous explique en d\u00e9tail cette pension si vous comptez aller \u00e0 la retraite en 2026.<\/p>\n<div class='cta-block'><div class='text'>Simulez votre retraite en 2 min.<\/div><a href='https:\/\/www.mes-allocs.fr\/formulaire\/retraite?utm_source=seo&origin=guides\/wp-json\/wp\/v2\/posts\/68003' class='app-button fit'>Simulation gratuite<\/a><\/div>\n<h1>Comprendre la retraite de base en 2026<\/h1>\n<h2>Qu\u2019est-ce que la retraite de base ?<\/h2>\n<p>La <b>retraite de base<\/b> est la premi\u00e8re \u00e9tape du syst\u00e8me de retraite fran\u00e7ais. Elle correspond \u00e0 une pension vers\u00e9e par les r\u00e9gimes obligatoires en fonction des trimestres cotis\u00e9s et des salaires per\u00e7us durant la carri\u00e8re.<\/p>\n<h2>Quels sont les r\u00e9gimes de base existants ?<\/h2>\n<p>Il existe plusieurs <b>r\u00e9gimes de base<\/b> selon la profession :<\/p>\n<ul>\n<li aria-level=\"1\">Le r\u00e9gime g\u00e9n\u00e9ral pour les salari\u00e9s du secteur priv\u00e9,<\/li>\n<li aria-level=\"1\">Le r\u00e9gime des fonctionnaires (Service des Retraites de l\u2019\u00c9tat),<\/li>\n<li aria-level=\"1\">Les r\u00e9gimes agricoles,<\/li>\n<li aria-level=\"1\">Les r\u00e9gimes des ind\u00e9pendants.<\/li>\n<\/ul>\n<h2>Qui a droit \u00e0 la retraite de base ?<\/h2>\n<p>Toute personne ayant cotis\u00e9 \u00e0 un r\u00e9gime obligatoire de retraite a droit \u00e0 une <b>pension de retraite de base<\/b>. Cela concerne les salari\u00e9s du priv\u00e9, les fonctionnaires, les ind\u00e9pendants, ainsi que certains travailleurs agricoles. Le droit \u00e0 la retraite se d\u00e9clenche g\u00e9n\u00e9ralement \u00e0 partir de l\u2019<b>\u00e2ge l\u00e9gal<\/b> et sous r\u00e9serve d\u2019avoir valid\u00e9 un certain nombre de trimestres. Le montant d\u00e9pend aussi des salaires per\u00e7us et du nombre de trimestres cotis\u00e9s.<\/p>\n<h2>Quelle diff\u00e9rence entre retraite de base et retraite compl\u00e9mentaire\u202f?<\/h2>\n<p>La <b>retraite de base<\/b> correspond \u00e0 une pension calcul\u00e9e sur le salaire moyen et les trimestres cotis\u00e9s dans un r\u00e9gime obligatoire. Elle constitue le socle minimum de votre retraite.<\/p>\n<p>La <a href=\"https:\/\/www.mes-allocs.fr\/guides\/retraite\/retraite-complementaire\/\"><b>retraite compl\u00e9mentaire<\/b><\/a> est une pension additionnelle obligatoire qui compl\u00e8te la retraite de base. Elle est calcul\u00e9e en points acquis via les cotisations, avec des r\u00e8gles diff\u00e9rentes selon les r\u00e9gimes . Ensemble, ces deux retraites assurent un revenu total \u00e0 la retraite, souvent sup\u00e9rieur \u00e0 ce que donne la retraite de base seule.<\/p>\n<h1>Quelles caisses g\u00e8rent la retraite de base ?<\/h1>\n<p>La gestion de la retraite de base est assur\u00e9e par diff\u00e9rentes <b><a href=\"https:\/\/www.mes-allocs.fr\/guides\/retraite\/caisse-de-retraite\/\">caisses de retrait<\/a>e<\/b> selon le r\u00e9gime :<\/p>\n<ul>\n<li aria-level=\"1\">La <b>CNAV<\/b> (Caisse Nationale d\u2019Assurance Vieillesse) g\u00e8re la majorit\u00e9 des salari\u00e9s du priv\u00e9,<\/li>\n<li aria-level=\"1\">La <b>CNRACL<\/b> pour les fonctionnaires territoriaux et hospitaliers,<\/li>\n<li aria-level=\"1\">La <b>MSA<\/b> pour les exploitants et salari\u00e9s agricoles,<\/li>\n<li aria-level=\"1\">La <b>S\u00e9curit\u00e9 sociale des ind\u00e9pendants<\/b> (SSI) pour les artisans, commer\u00e7ants et professions lib\u00e9rales.<br \/>\nCes caisses s\u2019occupent du calcul, du versement et du suivi des pensions.<\/li>\n<\/ul>\n<p><iframe loading=\"lazy\" title=\"Comment bien pr\u00e9parer sa retraite ?\" width=\"500\" height=\"281\" src=\"https:\/\/www.youtube.com\/embed\/nZ79Bmawt_M?feature=oembed\" frameborder=\"0\" allow=\"accelerometer; autoplay; clipboard-write; encrypted-media; gyroscope; picture-in-picture; web-share\" referrerpolicy=\"strict-origin-when-cross-origin\" allowfullscreen><\/iframe><\/p>\n<h1>\u00c0 quel \u00e2ge partir \u00e0 la retraite ?<\/h1>\n<h2>L\u2019\u00e2ge l\u00e9gal de d\u00e9part<\/h2>\n<p>En France, l\u2019\u00e2ge l\u00e9gal de d\u00e9part \u00e0 la retraite est fix\u00e9 \u00e0<b> 64 ans si vous \u00eates n\u00e9.e \u00e0 partir de 1969. <\/b>L&rsquo;\u00e2ge auquel vous pouvez partir \u00e0 la retraite d\u00e9pend de votre ann\u00e9e de naissance.\u00a0 Toutefois, partir \u00e0 la retraite d\u00e8s 64 ans ne garantit pas toujours une pension compl\u00e8te, car le montant d\u00e9pend aussi de la dur\u00e9e de cotisation et du taux appliqu\u00e9. A noter que la r\u00e9forme des retraites a \u00e9t\u00e9 suspendu en 2026 et 2027.<\/p>\n<h2>L\u2019\u00e2ge du taux plein automatique<\/h2>\n<p>L\u2019\u00e2ge du taux plein automatique est fix\u00e9 \u00e0 <b>67 ans<\/b>, ind\u00e9pendamment de la dur\u00e9e de cotisation. \u00c0 partir de cet \u00e2ge, les assur\u00e9s peuvent partir \u00e0 la retraite avec une pension calcul\u00e9e sans minoration, m\u00eame s\u2019ils n\u2019ont pas valid\u00e9 tous leurs trimestres requis.<\/p>\n<h2>D\u00e9part anticip\u00e9 ou retard\u00e9 : quels effets sur la pension ?<\/h2>\n<p>Un d\u00e9part anticip\u00e9 peut entra\u00eener une <b>d\u00e9cote<\/b>, une r\u00e9duction temporaire ou d\u00e9finitive du montant vers\u00e9, surtout si le nombre de trimestres requis n\u2019est pas atteint.<\/p>\n<p>\u00c0 l\u2019inverse, un d\u00e9part retard\u00e9 apr\u00e8s l\u2019\u00e2ge l\u00e9gal ou l\u2019\u00e2ge du taux plein peut donner lieu \u00e0 une <b>surcote<\/b>, une majoration du montant de la pension.<\/p>\n<div class='cta-block'><div class='text'>Simulez votre retraite en 2 min.<\/div><a href='https:\/\/www.mes-allocs.fr\/formulaire\/retraite?utm_source=seo&origin=guides\/wp-json\/wp\/v2\/posts\/68003' class='app-button fit'>Simulation gratuite<\/a><\/div>\n<h1>Comment est calcul\u00e9e la retraite de base ?<\/h1>\n<h2>Les \u00e9l\u00e9ments qui entrent dans le calcul de la retraite de base<\/h2>\n<p>Le calcul de la <b>retraite de base<\/b> repose principalement sur le <b>Salaire Annuel Moyen (SAM)<\/b>, qui correspond \u00e0 la moyenne des salaires revaloris\u00e9s des <b>25 meilleures ann\u00e9es<\/b> de la carri\u00e8re. Ces salaires sont ajust\u00e9s chaque ann\u00e9e selon un indice d\u2019inflation pour refl\u00e9ter la valeur actuelle de l\u2019argent.<\/p>\n<p>Ne sont pas pris en compte les salaires trop faibles pour valider un trimestre ni ceux de l\u2019ann\u00e9e du d\u00e9part \u00e0 la retraite. Si la carri\u00e8re est inf\u00e9rieure \u00e0 25 ans, toutes les ann\u00e9es avec au moins un trimestre valid\u00e9 seront comptabilis\u00e9es. La caisse de retraite, g\u00e9n\u00e9ralement la <b>CNAV<\/b>, se base sur ces donn\u00e9es pour \u00e9tablir la pension.<\/p>\n<p>Le <b>taux de liquidation<\/b> maximal est fix\u00e9 \u00e0 <b>50 %<\/b> du SAM, appel\u00e9 taux plein. Ce taux est appliqu\u00e9 si l\u2019assur\u00e9 atteint l\u2019<b>\u00e2ge l\u00e9gal de d\u00e9part \u00e0 la retraite<\/b> (64 ans) et a valid\u00e9 le nombre requis de trimestres (entre 166 et 172 selon l\u2019ann\u00e9e de naissance).<\/p>\n<h2>La formule de calcul de la retraite de base<\/h2>\n<p>La pension de retraite de base se calcule avec la formule simple suivante :<br \/>\n<b>Montant de la retraite de base = Salaire Annuel Moyen \u00d7 Taux de liquidation<\/b>.<\/p>\n<h1>Quelle est la diff\u00e9rence entre le taux plein et le taux maximum ?<\/h1>\n<p><b>La retraite \u00e0 taux plein<\/b> correspond \u00e0 une pension accord\u00e9e <b>sans d\u00e9cote<\/b>, c\u2019est-\u00e0-dire sans r\u00e9duction du montant, d\u00e8s lors que vous remplissez l\u2019une de ces conditions :<\/p>\n<ul>\n<li aria-level=\"1\">Vous partez \u00e0 la retraite <b>avant 67 ans<\/b> avec le nombre requis de trimestres valid\u00e9s tous r\u00e9gimes confondus,<\/li>\n<li aria-level=\"1\">Ou vous partez \u00e0 <b>67 ans ou plus<\/b>, quel que soit votre nombre de trimestres.<\/li>\n<\/ul>\n<p>Cela garantit que vous percevez au moins <b>50 % de votre salaire annuel moyen<\/b> multipli\u00e9 par un ratio li\u00e9 \u00e0 votre dur\u00e9e d\u2019assurance.<\/p>\n<p>En revanche, <b>la retraite au taux maximum<\/b> correspond au montant <b>maximum possible de votre retraite de base<\/b>. Pour l\u2019obtenir, il faut non seulement avoir une retraite \u00e0 taux plein, mais aussi avoir valid\u00e9 le nombre exact de trimestres requis dans le r\u00e9gime de base.<\/p>\n<p><div class='shortcode tips'><div class='title'>Exemple<\/div><div class='content'> Si vous \u00eates n\u00e9 en 1963 et que le nombre de trimestres exig\u00e9 est de 170 :<\/p>\n<ul>\n<li aria-level=\"1\">Avec 170 trimestres, vous touchez le <b>taux maximum<\/b> (50 % \u00d7 170\/170).<\/li>\n<li aria-level=\"1\">\u00c0 67 ans, avec seulement 162 trimestres, vous b\u00e9n\u00e9ficiez certes d\u2019une retraite \u00e0 taux plein (pas de d\u00e9cote), mais votre pension sera r\u00e9duite proportionnellement (50 % \u00d7 162\/170), donc <b>inf\u00e9rieure au taux maximum<\/b>.<\/div><\/div><\/li>\n<\/ul>\n<h1>Quelles d\u00e9marches pour demander votre retraite ?<\/h1>\n<h2>Quand faire la demande ?<\/h2>\n<p>Il est recommand\u00e9 de faire la <a href=\"https:\/\/www.mes-allocs.fr\/guides\/retraite\/demande-de-retraite\/\">demande de retraite<\/a> <b>environ 5 mois avant<\/b> la date souhait\u00e9e de d\u00e9part. Cette anticipation permet \u00e0 la caisse de retraite d\u2019instruire votre dossier, de v\u00e9rifier vos droits et d\u2019\u00e9viter tout retard dans le versement de votre pension. En g\u00e9n\u00e9ral, plus vous d\u00e9posez votre demande t\u00f4t, plus le traitement sera fluide et vous aurez le temps de fournir des documents compl\u00e9mentaires si n\u00e9cessaire.<\/p>\n<h2>O\u00f9 et comment d\u00e9poser la demande ?<\/h2>\n<p>La demande de retraite de base doit se faire <b>en ligne sur le site de l\u2019Assurance Retraite<\/b> . En r\u00e9alisant votre demande en ligne, vous n\u2019aurez qu\u2019une seule d\u00e9marche \u00e0 effectuer pour l\u2019ensemble de vos r\u00e9gimes, de base et compl\u00e9mentaires. Apr\u00e8s votre demande, un conseiller de chaque r\u00e9gime concern\u00e9 examine votre dossier et vous contacte si des informations suppl\u00e9mentaires sont n\u00e9cessaires.<\/p>\n<p>Pour acc\u00e9der au service, connectez-vous \u00e0 votre espace personnel puis cliquez sur \u00ab Demander ma retraite \u00bb. Ce service simplifie grandement les d\u00e9marches administratives li\u00e9es \u00e0 la liquidation de votre pension.<\/p>\n<h2>Suivi et traitement du dossier de retraite<\/h2>\n<p>Apr\u00e8s le d\u00e9p\u00f4t, vous pouvez suivre l\u2019avancement de votre dossier directement sur votre <strong>espace personnel en ligne.<\/strong> La caisse de retraite v\u00e9rifie vos p\u00e9riodes d\u2019activit\u00e9, vos trimestres valid\u00e9s, et le calcul de votre pension. Si des pi\u00e8ces sont manquantes ou des pr\u00e9cisions n\u00e9cessaires, vous serez contact\u00e9. Une fois la demande valid\u00e9e, vous recevrez une <strong>notification<\/strong> et votre pension sera vers\u00e9e <strong>mensuellement<\/strong> \u00e0 partir de la date de d\u00e9part \u00e0 la retraite.<\/p>\n<div class='shortcode summary'><div class='title'>En r\u00e9sum\u00e9 :<\/div><div class='content'><ul><li>La retraite de base est une pension vers\u00e9e par les r\u00e9gimes obligatoires (CNAV, MSA, SSI, etc.) en fonction du nombre de trimestres cotis\u00e9s et des salaires per\u00e7us durant la carri\u00e8re.<\/li><li>L\u2019\u00e2ge l\u00e9gal de d\u00e9part est fix\u00e9 \u00e0 64 ans (r\u00e9forme de 2023), avec un taux plein automatique \u00e0 67 ans, m\u00eame sans tous les trimestres requis.<\/li><li>La pension est calcul\u00e9e \u00e0 partir du salaire annuel moyen (SAM) des 25 meilleures ann\u00e9es, multipli\u00e9 par un taux de liquidation (jusqu\u2019\u00e0 50 % au taux plein).<\/li><li>Il faut faire la demande 5 mois avant la date souhait\u00e9e, en ligne sur le site de l\u2019Assurance Retraite.<\/li><\/ul><\/div><\/div>\n<div>\n<div>\n<div>\n<div>\n<div class='cta-block'><div class='text'>Simulez votre retraite en 2 min.<\/div><a href='https:\/\/www.mes-allocs.fr\/formulaire\/retraite?utm_source=seo&origin=guides\/wp-json\/wp\/v2\/posts\/68003' class='app-button fit'>Simulation gratuite<\/a><\/div>\n<\/div>\n<\/div>\n<\/div>\n<\/div>\n","protected":false},"excerpt":{"rendered":"<p>[Mis \u00e0 jour le 16\/01\/2026] Que vous soyez dans le priv\u00e9, fonctionnaire, artisan ou encore de profession lib\u00e9rale, vous devez obligatoirement cotiser pour vous assurer une pension de retraite future. Cette cotisation obligatoire d\u00e9signe la retraite de base. Notre \u00e9quipe d\u2019experts vous explique en d\u00e9tail cette pension si vous comptez aller \u00e0 la retraite en [&hellip;]<\/p>\n","protected":false},"author":25,"featured_media":0,"comment_status":"closed","ping_status":"open","sticky":false,"template":"","format":"standard","meta":{"amp_status":"","footnotes":""},"categories":[19177],"tags":[],"class_list":["post-68003","post","type-post","status-publish","format-standard","hentry","category-retraite"],"yoast_head":"<!-- This site is optimized with the Yoast SEO plugin v14.9 - https:\/\/yoast.com\/wordpress\/plugins\/seo\/ -->\n<title>Retraite de base : conditions, montant, d\u00e9marches en 2026 | Mes-Allocs.fr<\/title>\n<meta name=\"description\" content=\"Comment fonctionne la retraite de base ? \u00c2ge de d\u00e9part, calcul, montant, demande. D\u00e9couvrez tout ce qu\u2019il faut savoir en 2026.\" \/>\n<meta name=\"robots\" content=\"index, follow, max-snippet:-1, max-image-preview:large, max-video-preview:-1\" \/>\n<link rel=\"canonical\" href=\"https:\/\/www.mes-allocs.fr\/guides\/retraite\/retraite-de-base\/\" \/>\n<meta property=\"og:locale\" content=\"fr_FR\" \/>\n<meta property=\"og:type\" content=\"article\" \/>\n<meta property=\"og:title\" content=\"Retraite de base : conditions, montant, d\u00e9marches en 2026 | Mes-Allocs.fr\" \/>\n<meta property=\"og:description\" content=\"Comment fonctionne la retraite de base ? \u00c2ge de d\u00e9part, calcul, montant, demande. D\u00e9couvrez tout ce qu\u2019il faut savoir en 2026.\" \/>\n<meta property=\"og:url\" content=\"https:\/\/www.mes-allocs.fr\/guides\/retraite\/retraite-de-base\/\" \/>\n<meta property=\"og:site_name\" content=\"Mes-Allocs.fr\" \/>\n<meta property=\"article:published_time\" content=\"2023-09-06T09:31:55+00:00\" \/>\n<meta property=\"article:modified_time\" content=\"2026-01-16T17:36:39+00:00\" \/>\n<meta property=\"og:image\" content=\"https:\/\/www.mes-allocs.fr\/guides\/wp-content\/uploads\/2023\/09\/image_2023-09-06_092711714-e1693985292501.png\" \/>\n<meta name=\"twitter:card\" content=\"summary_large_image\" \/>\n<script type=\"application\/ld+json\" class=\"yoast-schema-graph\">{\"@context\":\"https:\/\/schema.org\",\"@graph\":[{\"@type\":\"WebSite\",\"@id\":\"https:\/\/www.mes-allocs.fr\/guides\/#website\",\"url\":\"https:\/\/www.mes-allocs.fr\/guides\/\",\"name\":\"Mes-Allocs.fr\",\"description\":\"\",\"potentialAction\":[{\"@type\":\"SearchAction\",\"target\":\"https:\/\/www.mes-allocs.fr\/guides\/?s={search_term_string}\",\"query-input\":\"required name=search_term_string\"}],\"inLanguage\":\"fr-FR\"},{\"@type\":\"ImageObject\",\"@id\":\"https:\/\/www.mes-allocs.fr\/guides\/retraite\/retraite-de-base\/#primaryimage\",\"inLanguage\":\"fr-FR\",\"url\":\"https:\/\/www.mes-allocs.fr\/guides\/wp-content\/uploads\/2023\/09\/image_2023-09-06_092711714-e1693985292501.png?wsr\",\"width\":500,\"height\":131,\"caption\":\"image\"},{\"@type\":\"WebPage\",\"@id\":\"https:\/\/www.mes-allocs.fr\/guides\/retraite\/retraite-de-base\/#webpage\",\"url\":\"https:\/\/www.mes-allocs.fr\/guides\/retraite\/retraite-de-base\/\",\"name\":\"Retraite de base : conditions, montant, d\\u00e9marches en 2026 | Mes-Allocs.fr\",\"isPartOf\":{\"@id\":\"https:\/\/www.mes-allocs.fr\/guides\/#website\"},\"primaryImageOfPage\":{\"@id\":\"https:\/\/www.mes-allocs.fr\/guides\/retraite\/retraite-de-base\/#primaryimage\"},\"datePublished\":\"2023-09-06T09:31:55+00:00\",\"dateModified\":\"2026-01-16T17:36:39+00:00\",\"author\":{\"@id\":\"https:\/\/www.mes-allocs.fr\/guides\/#\/schema\/person\/52b318867057023c2f6a62512d870cf7\"},\"description\":\"Comment fonctionne la retraite de base ? \\u00c2ge de d\\u00e9part, calcul, montant, demande. D\\u00e9couvrez tout ce qu\\u2019il faut savoir en 2026.\",\"inLanguage\":\"fr-FR\"},{\"@type\":\"Person\",\"@id\":\"https:\/\/www.mes-allocs.fr\/guides\/#\/schema\/person\/52b318867057023c2f6a62512d870cf7\",\"name\":\"Eric Zotoglo\",\"image\":{\"@type\":\"ImageObject\",\"@id\":\"https:\/\/www.mes-allocs.fr\/guides\/#personlogo\",\"inLanguage\":\"fr-FR\",\"url\":\"https:\/\/www.mes-allocs.fr\/guides\/wp-content\/uploads\/2023\/06\/PXL_20230324_080412913.NIGHT2_1-150x150.jpg\",\"caption\":\"Eric Zotoglo\"},\"description\":\"Eric est juriste sp\\u00e9cialis\\u00e9e en droit du num\\u00e9rique et de la protection sociale. Il rejoint Mes Allocs apr\\u00e8s une premi\\u00e8re exp\\u00e9rience dans le secteur du journalisme.\",\"sameAs\":[\"https:\/\/www.linkedin.com\/in\/eric-zotoglo-1a8a9a55\/\"]}]}<\/script>\n<!-- \/ Yoast SEO plugin. -->","amp_validity":null,"acf":{"faq":{"1":{"question":"Qui g\u00e8re le syst\u00e8me de retraite en France ?","answer":"La retraite en France est aujourd'hui g\u00e9r\u00e9e par des organismes. Cela est souvent fait selon des statuts professionnels.\r\n"},"2":{"question":"Comment se calcule la retraite de base ?","answer":"Pour pouvoir calculer la retraite de base, les caisses de retraite se basent sur le Salaire annuel moyen (SAM)."},"3":{"question":"Comment fonctionne la retraite compl\u00e9mentaire ?","answer":"La plupart des r\u00e9gimes de retraite compl\u00e9mentaire fonctionnent \"par points\"."},"4":{"question":"Quel est l'\u00e2ge l\u00e9gal de d\u00e9part en retraite en France ?","answer":"L\u2019\u00e2ge l\u00e9gal de d\u00e9part \u00e0 la retraite est de 64 ans.\r\n"},"5":{"question":"Combien y a t'il de retrait\u00e9s en France ?","answer":"On compte plus de 17 millions de retrait\u00e9s en France. \r\n\r\n"},"6":{"question":"Peut-on prendre sa retraite avant 64 ans ?","answer":"Dans certaines situations bien sp\u00e9cifiques, il est possible de prendre sa retraite avant 64 ans, d\u00e8s 55 ans.\r\n\r\n"},"7":{"question":"","answer":""},"8":{"question":"","answer":""},"9":{"question":"","answer":""},"10":{"question":"","answer":""},"11":{"question":"","answer":""},"12":{"question":"","answer":""},"13":{"question":"","answer":""},"14":{"question":"","answer":""},"15":{"question":"","answer":""},"16":{"question":"","answer":""}}},"_links":{"self":[{"href":"https:\/\/www.mes-allocs.fr\/guides\/wp-json\/wp\/v2\/posts\/68003","targetHints":{"allow":["GET"]}}],"collection":[{"href":"https:\/\/www.mes-allocs.fr\/guides\/wp-json\/wp\/v2\/posts"}],"about":[{"href":"https:\/\/www.mes-allocs.fr\/guides\/wp-json\/wp\/v2\/types\/post"}],"author":[{"embeddable":true,"href":"https:\/\/www.mes-allocs.fr\/guides\/wp-json\/wp\/v2\/users\/25"}],"replies":[{"embeddable":true,"href":"https:\/\/www.mes-allocs.fr\/guides\/wp-json\/wp\/v2\/comments?post=68003"}],"version-history":[{"count":18,"href":"https:\/\/www.mes-allocs.fr\/guides\/wp-json\/wp\/v2\/posts\/68003\/revisions"}],"predecessor-version":[{"id":107963,"href":"https:\/\/www.mes-allocs.fr\/guides\/wp-json\/wp\/v2\/posts\/68003\/revisions\/107963"}],"wp:attachment":[{"href":"https:\/\/www.mes-allocs.fr\/guides\/wp-json\/wp\/v2\/media?parent=68003"}],"wp:term":[{"taxonomy":"category","embeddable":true,"href":"https:\/\/www.mes-allocs.fr\/guides\/wp-json\/wp\/v2\/categories?post=68003"},{"taxonomy":"post_tag","embeddable":true,"href":"https:\/\/www.mes-allocs.fr\/guides\/wp-json\/wp\/v2\/tags?post=68003"}],"curies":[{"name":"wp","href":"https:\/\/api.w.org\/{rel}","templated":true}]}}