{"id":6796,"date":"2020-05-22T13:49:08","date_gmt":"2020-05-22T13:49:08","guid":{"rendered":"https:\/\/www.mes-allocs.fr\/guides\/?p=6796"},"modified":"2026-04-10T14:36:42","modified_gmt":"2026-04-10T13:36:42","slug":"aide-financiere-pour-detenu","status":"publish","type":"post","link":"https:\/\/www.mes-allocs.fr\/guides\/aides-sociales\/aide-financiere-pour-detenu\/","title":{"rendered":"Les aides financi\u00e8res pour un d\u00e9tenu"},"content":{"rendered":"<p style=\"text-align: justify;\"><strong><a href=\"https:\/\/www.mes-allocs.fr\/guides\/wp-content\/uploads\/2020\/05\/Les-aides-financie\u0300res-pour-un-de\u0301tenu-1-e1589965949821.jpg\"><img loading=\"lazy\" decoding=\"async\" class=\"aligncenter wp-image-7036 size-full\" src=\"https:\/\/www.mes-allocs.fr\/guides\/wp-content\/uploads\/2020\/05\/Les-aides-financie\u0300res-pour-un-de\u0301tenu-1-e1589965988811.jpg\" alt=\"Les aides financie\u0300res pour un de\u0301tenu\" width=\"1280\" height=\"256\" srcset=\"https:\/\/www.mes-allocs.fr\/guides\/wp-content\/uploads\/2020\/05\/Les-aides-financie\u0300res-pour-un-de\u0301tenu-1-e1589965988811.jpg 1280w, https:\/\/www.mes-allocs.fr\/guides\/wp-content\/uploads\/2020\/05\/Les-aides-financie\u0300res-pour-un-de\u0301tenu-1-e1589965988811-300x60.jpg 300w, https:\/\/www.mes-allocs.fr\/guides\/wp-content\/uploads\/2020\/05\/Les-aides-financie\u0300res-pour-un-de\u0301tenu-1-e1589965988811-1024x205.jpg 1024w, https:\/\/www.mes-allocs.fr\/guides\/wp-content\/uploads\/2020\/05\/Les-aides-financie\u0300res-pour-un-de\u0301tenu-1-e1589965988811-768x154.jpg 768w, https:\/\/www.mes-allocs.fr\/guides\/wp-content\/uploads\/2020\/05\/Les-aides-financie\u0300res-pour-un-de\u0301tenu-1-e1589965988811-600x120.jpg 600w\" sizes=\"auto, (max-width: 1280px) 100vw, 1280px\" \/><\/a><\/strong>[Mis \u00e0 jour le 10\/04\/2026]<strong> Un accompagnement est mis en place en prison afin de soutenir la r\u00e9insertion sociale et professionnelle du d\u00e9tenu. L&rsquo;<a href=\"https:\/\/www.mes-allocs.fr\/guides\/aides-sociales\/\">aide financi\u00e8re<\/a> fait partie de ce dispositif. Mes Allocs vous explique.<br \/>\n<\/strong><\/p>\n<div class='cta-block'><div class='text'>Simulez toutes vos aides en 2 min. <\/div><a href='https:\/\/www.mes-allocs.fr\/ab-app?origin=guides\/wp-json\/wp\/v2\/posts\/6796' class='app-button fit'>Simulation gratuite<\/a><\/div>\n<h1 id=\"A_qui_s\u2019adresser_\u00e0_la_sortie_de_prison_pour_des_aides_financi\u00e8res_?\">Sortie de prison : vers quels organismes se tourner pour se r\u00e9ins\u00e9rer ?<\/h1>\n<p style=\"text-align: justify;\">\u00c0 la sortie de prison, le d\u00e9tenu se voit attribu\u00e9 un billet de sortie. Il mentionne l\u2019adresse du service p\u00e9nitentiaire d\u2019insertion et de probation (SPIP) ou de l\u2019antenne locale, correspondant au lieu o\u00f9 logera la personne lib\u00e9r\u00e9e.<\/p>\n<p style=\"text-align: justify;\">Le d\u00e9tenu doit alors informer l\u2019administration p\u00e9nitentiaire de son lieu de r\u00e9sidence. En outre, il est tenu d&rsquo;informer les administrations de sa lib\u00e9ration et de sa situation (les imp\u00f4ts, notamment). Il doit aussi s\u2019inscrire \u00e0 P\u00f4le emploi et faire les d\u00e9marches n\u00e9cessaire aupr\u00e8s Caisse d\u2019allocations familiales (CAF).<\/p>\n<h1>Les services p\u00e9nitentiaires d\u2019insertion et de probation (SPIP)<\/h1>\n<h2>De quoi s&rsquo;agit-il ?<\/h2>\n<p style=\"text-align: justify;\">S&rsquo;il est difficile, pour un d\u00e9tenu lib\u00e9r\u00e9, de se r\u00e9ins\u00e9rer socialement et professionnellement, il faut savoir que des aides existent pour l&rsquo;accompagner.<\/p>\n<p style=\"text-align: justify;\">D&rsquo;ailleurs, la r\u00e9insertion est m\u00eame pr\u00e9par\u00e9e pendant l\u2019incarc\u00e9ration. Il s&rsquo;agit d&rsquo;un objectif propre, fix\u00e9 par la loi : l\u2019article 2 de la loi p\u00e9nitentiaire du 24 novembre 2009.<\/p>\n<p style=\"text-align: justify;\">Ce sont les services p\u00e9nitentiaires d\u2019insertion et de probation (SPIP) qui sont en charge de la r\u00e9insertion. Plus exactement, les conseillers p\u00e9nitentiaires d\u2019insertion et de probation travaillent avec les d\u00e9tenus, aux conditions de leur sortie. Chaque d\u00e9partement dispose de son SPIP.<\/p>\n<p style=\"text-align: justify;\">Par ailleurs, chaque d\u00e9tenu peut faire appel au SPIP pendant les 6 mois <b>qui suivent sa sortie de prison.<\/b><\/p>\n<h2>Quel est le r\u00f4le du SPIP ?<\/h2>\n<p style=\"text-align: justify;\">Le SPIP est tenu de permettre \u00e0 toute personne lib\u00e9r\u00e9e d\u2019acc\u00e9der aux droits sociaux. Et ce, tout d&rsquo;abord via le logement. En effet, le dispositif doit s&rsquo;assurer que le d\u00e9tenu lib\u00e9r\u00e9 a un h\u00e9bergement \u00e0 disposition.<\/p>\n<p style=\"text-align: justify;\">Pour mener \u00e0 bien sa mission, le SPIP est en relation :<\/p>\n<ul>\n<li style=\"text-align: justify;\">Avec les services de l\u2019\u00c9tat;<\/li>\n<li style=\"text-align: justify;\">Les collectivit\u00e9s territoriales;<\/li>\n<li style=\"text-align: justify;\">Autres organismes publics et priv\u00e9s.<\/li>\n<\/ul>\n<h1>Quelles sont les aides sociales accessibles aux d\u00e9tenus lib\u00e9r\u00e9s ?<\/h1>\n<h2>Les aides financi\u00e8res<\/h2>\n<h3>L&rsquo;allocation temporaire d&rsquo;attente (ATA)<\/h3>\n<p style=\"text-align: justify;\">Depuis le 1er septembre 2017, l&rsquo;allocation temporaire d&rsquo;attente (ATA) n&rsquo;est plus vers\u00e9e. C&rsquo;est P\u00f4le Emploi qui octroyait cette aide sociale favorisant la r\u00e9insertion de ceux qui ne peuvent b\u00e9n\u00e9ficier de l&rsquo;allocation ch\u00f4mage (ARE) ou des minima sociaux (ASS, RSA, etc).<\/p>\n<p style=\"text-align: justify;\">Elle \u00e9tait ouverte aux d\u00e9tenus incarc\u00e9r\u00e9s pendant au moins 2 mois. En outre, ils devaient \u00eatre inscrits comme demandeurs d\u2019emploi. Les ressources de l\u2019ancien d\u00e9tenu devaient \u00eatre inf\u00e9rieures au montant du RSA.<\/p>\n<h3>RSA, Garantie jeunes et PACEA<\/h3>\n<p style=\"text-align: justify;\">En revanche, un d\u00e9tenu lib\u00e9r\u00e9 peut b\u00e9n\u00e9ficier des aides financi\u00e8res indiqu\u00e9es ci-dessous. Si auparavant elles \u00e9taient accord\u00e9es sous conditions, elles sont d\u00e9sormais accessible \u00e0 tous :<\/p>\n<ul class=\"list-1\" style=\"text-align: justify;\">\n<li>Revenu de solidarit\u00e9 active (RSA),<\/li>\n<li>Garantie jeunes,<\/li>\n<li>Parcours d&rsquo;accompagnement contractualis\u00e9 vers l&#8217;emploi et vers l&rsquo;autonomie (PACEA).<\/li>\n<\/ul>\n<p style=\"text-align: justify;\">Pour les d\u00e9marches, c&rsquo;est au SPIP de les mener (\u00e9laboration du dossier), avec l&rsquo;aide du d\u00e9tenu. Et ce, avant ou apr\u00e8s sa lib\u00e9ration.<\/p>\n<div class=\"custom\">\n<div class=\"inner-padding\">\n<h2><b>Les associations<br \/>\n<\/b><\/h2>\n<p style=\"text-align: justify;\">Par ailleurs, de nombreuses associations peuvent accompagner les d\u00e9tenus \u00e0 leur sortie. Elles sont partenaires du minist\u00e8re de la justice :<\/p>\n<ul>\n<li style=\"text-align: justify;\">L\u2019association AUXILIA,<\/li>\n<li style=\"text-align: justify;\">La Croix-rouge,<\/li>\n<li style=\"text-align: justify;\">La F\u00e9d\u00e9ration des acteurs de la solidarit\u00e9.<\/li>\n<\/ul>\n<p style=\"text-align: justify;\">Par ailleurs, suite au <a href=\"https:\/\/www.legifrance.gouv.fr\/eli\/decret\/2018\/12\/7\/JUSK1831104D\/jo\/texte\" target=\"_blank\" rel=\"noopener noreferrer\">d\u00e9cret\u00a0n\u00b0\u00a02018-1098 du\u00a07\u00a0d\u00e9cembre\u00a02018<\/a> un service d&rsquo;envergure nationale a \u00e9t\u00e9 cr\u00e9\u00e9. Il s&rsquo;agit de l&rsquo;Agence du travail d\u2019int\u00e9r\u00eat g\u00e9n\u00e9ral et de l\u2019insertion professionnelle des personnes plac\u00e9es sous main de justice. Elle a pour t\u00e2che de d\u00e9velopper :<\/p>\n<ul style=\"text-align: justify;\">\n<li>le travail d\u2019int\u00e9r\u00eat g\u00e9n\u00e9ral,<\/li>\n<li>la formation professionnelle,<\/li>\n<li>le travail et l\u2019insertion professionnelle pour les personnes plac\u00e9es incarc\u00e9r\u00e9es.<\/li>\n<\/ul>\n<p style=\"text-align: justify;\">Ceci, dans le but de favoriser la r\u00e9insertion des ancien d\u00e9tenus.<\/p>\n<div class='cta-block'><div class='text'>Simulez toutes vos aides en 2 min.<\/div><a href='https:\/\/www.mes-allocs.fr\/ab-app?origin=guides\/wp-json\/wp\/v2\/posts\/6796' class='app-button fit'>Simulation gratuite<\/a><\/div>\n<\/div>\n<\/div>\n<h1 id=\"L\u2019assurance_maladie_pour_les_personnes_\u00e9crou\u00e9es\">L\u2019assurance maladie pour les d\u00e9tenus<\/h1>\n<p>Vous \u00eates rattach\u00e9 <strong>au r\u00e9gime g\u00e9n\u00e9ral de l\u2019Assurance maladie si vous \u00eates :<\/strong><\/p>\n<ul>\n<li>incarc\u00e9r\u00e9 (condamn\u00e9 ou en d\u00e9tention provisoire)<\/li>\n<\/ul>\n<p><strong>ou<\/strong><\/p>\n<ul>\n<li>am\u00e9nagement de peine (semi-libert\u00e9, placement \u00e0 l\u2019ext\u00e9rieur ou sous surveillance \u00e9lectronique)<\/li>\n<\/ul>\n<p style=\"text-align: justify;\"><strong>De plus, nul besoin d&rsquo;effectuer de d\u00e9marches aupr\u00e8s de l\u2019Assurance maladie. Vous \u00eates imm\u00e9diatement affili\u00e9 aupr\u00e8s du Centre national de la protection sociale des personnes \u00e9crou\u00e9es (CNPE).<\/strong> C&rsquo;est le centre p\u00e9nitentiaire qui s\u2019en charge lors de votre incarc\u00e9ration. Vous recevez par la suite une attestation de affiliation.<\/p>\n<h1 id=\"Quelle_est_la_prise_en_charge_des_soins_si_vous\u00a0\u00eates\u00a0incarc\u00e9r\u00e9_?\">Quelle prise en charge des soins en cas d&rsquo;incarc\u00e9ration ?<\/h1>\n<h2>Quels sont les \u00e9tablissements de soin ?<\/h2>\n<p style=\"text-align: justify;\">Les soins sont organis\u00e9s par l\u2019\u00e9tablissement p\u00e9nitentiaire. Ils peuvent \u00eatre accord\u00e9s par les \u00e9tablissements suivants :<\/p>\n<ul class=\"list-1\" style=\"text-align: justify;\">\n<li>Unit\u00e9 de consultations et soins ambulatoires (UCSA)<\/li>\n<li>Unit\u00e9 hospitali\u00e8re sp\u00e9cialement am\u00e9nag\u00e9e (UHSA)<\/li>\n<li>Service m\u00e9dico-psychologique r\u00e9gional (SMPR)<\/li>\n<li>Unit\u00e9 hospitali\u00e8re s\u00e9curis\u00e9e interr\u00e9gionale (UHSI) qui est une chambre s\u00e9curis\u00e9e en h\u00f4pital<\/li>\n<\/ul>\n<p style=\"text-align: justify;\">En outre, la m\u00e9decine g\u00e9n\u00e9rale et les soins dentaires (voire d&rsquo;autres consultations sp\u00e9ciales) sont pris en charge par les m\u00e9decins publics hospitaliers. De plus, il est mpossible de choisir votre m\u00e9decin si vous \u00eates d\u00e9tenu.<\/p>\n<h2>Quels sont les cas pris en charge ?<\/h2>\n<ul class=\"list-1\">\n<li style=\"text-align: justify;\"><strong>Maladie ou grossesse<\/strong> : pas besoin d&rsquo;avancer les frais (base des tarifs de la s\u00e9curit\u00e9 sociale);<\/li>\n<li style=\"text-align: justify;\"><strong>Frais\u00a0li\u00e9s \u00e0 une hospitalisation<\/strong> (y compris les soins dispens\u00e9s et le forfait journalier) <strong>enti\u00e8rement pris en charge<\/strong>. De m\u00eame, les m\u00e9dicaments dont vous avez besoin vous sont fournis.<\/li>\n<li style=\"text-align: justify;\"><strong>Suivi de votre grossesse<\/strong>, si elle se d\u00e9roule pendant votre incarc\u00e9ration : vous serez suivie par un m\u00e9decin et votre accouchement se fera en structure hospitali\u00e8re;<\/li>\n<li style=\"text-align: justify;\"><strong>Absence de d\u00e9passement d&rsquo;honoraires des m\u00e9decins;<\/strong><\/li>\n<li style=\"text-align: justify;\"><strong>Si vous \u00e9tiez en ALD (affection de longue dur\u00e9e) avant votre mise sous \u00e9crou, alors le m\u00e9decin qui vous suit en prison doit se mettre en contact avec votre m\u00e9decin traitant<\/strong> (ou avec le m\u00e9decin-conseil de l\u2019Assurance Maladie comp\u00e9tent) afin de prendre connaissance de votre protocole de soin.<\/li>\n<\/ul>\n<h1 id=\"Quel_parcours_de_sant\u00e9_en_am\u00e9nagement_de_peine_non_salari\u00e9_?\">Quels sont les soins apport\u00e9s lors d&rsquo;un am\u00e9nagement de peine non salari\u00e9 ?<\/h1>\n<h2>Quelles sont les conditions fixant la prise en charge des soins m\u00e9dicaux par l&rsquo;\u00e9tablissement p\u00e9nitentiaire ?<\/h2>\n<p>Vos soins m\u00e9dicaux ne sont pas \u00e0 la charge des m\u00e9decins de l&rsquo;\u00e9tablissement p\u00e9nitentiaire, si :<\/p>\n<ul>\n<li>Vous \u00eates en semi-libert\u00e9 (placement \u00e0 l\u2019ext\u00e9rieur ou sous surveillance \u00e9lectronique)<\/li>\n<li>Vous ne percevez pas de revenu g\u00e9n\u00e9r\u00e9 par une activit\u00e9 professionnelle.<\/li>\n<\/ul>\n<p>En effet, vous d\u00e9pendez du r\u00e9gime g\u00e9n\u00e9ral et devez choisir votre m\u00e9decin traitant.<\/p>\n<h2>Quels sont les frais m\u00e9dicaux couverts ?<\/h2>\n<p>Si vous b\u00e9n\u00e9ficiez d&rsquo;un am\u00e9nagement de peine alors vous disposez des frais m\u00e9dicaux suivants :<\/p>\n<ul class=\"list-1\">\n<li><strong>Tiers payant int\u00e9gral<\/strong>, c\u2019est-\u00e0-dire que vous n\u2019avez pas besoin d\u2019avancer les frais pour les tarifs appliqu\u00e9s par la S\u00e9curit\u00e9 sociale;<\/li>\n<li><strong>Pension d\u2019invalidit\u00e9 ou rente d\u2019accident du travail (pour maladie professionnelle)*<\/strong> vous est toujours vers\u00e9e, lors de votre mise sous \u00e9crou.<\/li>\n<\/ul>\n<p>\u00c0 l&rsquo;inverse, les indemnit\u00e9s journali\u00e8res qui vous \u00e9taient attribu\u00e9es, avant votre mise sous \u00e9crou seront interrompues. Et ce, jusqu&rsquo;au jour de votre lib\u00e9ration, si vous \u00eates toujours \u00e9ligible \u00e0 ces indemnit\u00e9s.<\/p>\n<div class=\"custom\">\n<div class=\"inner-padding\">\n<p style=\"text-align: justify;\"><strong>*Si vous \u00eates concern\u00e9 par ce cas de figure, sachez que pendant la p\u00e9riode de votre mise sous \u00e9crou, tous vos soins et traitements sont enti\u00e8rement pris en charge<\/strong>. \u00c0 cela s&rsquo;ajoute la r\u00e9\u00e9ducation, si elle est n\u00e9cessaire. En revanche, en cas d\u2019arr\u00eat de travail, vous ne touchez pas les indemnit\u00e9s journali\u00e8res. Elles vous seront vers\u00e9es \u00e0 partir du jour de votre lib\u00e9ration, si vous n\u2019\u00eates pas gu\u00e9ri \u00e0 votre sortie de prison.<br \/>\n<ins class=\"adsbygoogle\" data-ad-layout=\"in-article\" data-ad-format=\"fluid\" data-ad-client=\"ca-pub-6069850878313850\" data-ad-slot=\"3841577987\" data-adsbygoogle-status=\"done\"><ins id=\"aswift_2_expand\"><ins id=\"aswift_2_anchor\"><\/ins><\/ins><\/ins><\/p>\n<\/div>\n<\/div>\n<p style=\"text-align: justify;\">Si vous \u00eates en am\u00e9nagement de peine et salari\u00e9, vous n\u2019\u00eates pas concern\u00e9 par les mesures ci-dessus. Puisque vous \u00eates reconnu comme travailleur, vous \u00eates rattach\u00e9 au r\u00e9gime obligatoire de l\u2019assurance maladie, dont d\u00e9pend votre activit\u00e9 professionnelle.<\/p>\n<div class=\"custom\">\n<div class=\"inner-padding\">\n<h1 id=\"allocation-aux-adultes-handicapes-aah\">L&rsquo;allocation aux adultes handicap\u00e9s (AAH)<\/h1>\n<p style=\"text-align: justify;\"><strong>Selon le Guide des droits sociaux accessibles aux personnes plac\u00e9es sous main de justice (2016), les d\u00e9tenus handicap\u00e9s ont droit aux prestations habituellement pr\u00e9vues pour les personnes handicap\u00e9es. \u00c0 savoir la PCH et l&rsquo;AAH.<\/strong><\/p>\n<p style=\"text-align: justify;\">L&rsquo;allocation aux adultes handicap\u00e9es (AAH) est attribu\u00e9e par la CDAPH (Commission des droits et de l&rsquo;autonomie des personnes handicap\u00e9es). Les conditions d&rsquo;octroi et les d\u00e9marches administratives sont identiques \u00e0 l&rsquo;AAEH.<\/p>\n<p>L&rsquo;AAEH permet \u00e0 une personne en situation de handicap de b\u00e9n\u00e9ficier d&rsquo;un minimum de ressources.<\/p>\n<p>Le montant de l\u2019AAH \u00e0 taux plein est de 1 041,59\u20ac en 2026.<\/p>\n<h1 id=\"la-prestation-de-compensation-du-handicap-pch\">La prestation de compensation du handicap (PCH)<\/h1>\n<p>La prestation de compensation du handicap (PCH) s&rsquo;adresse aux personnes handicap\u00e9es vivant \u00e0 domicile ou chez un aidant familial.<\/p>\n<p>Elle est vers\u00e9e par le d\u00e9partement et attribu\u00e9e par le CDAPH, \u00e0 vie sur l&rsquo;\u00e9tat du b\u00e9n\u00e9ficiaire ne s&rsquo;am\u00e9liore pas. La PCH est une aide qui regroupe en r\u00e9alit\u00e9 6 types d&rsquo;aides :<\/p>\n<ul>\n<li>humaine;<\/li>\n<li>technique;<\/li>\n<li>Am\u00e9nagement du logement;<\/li>\n<li>Aide au transport;<\/li>\n<li>Aides sp\u00e9cifiques ou exceptionnelles;<\/li>\n<li>Aide animali\u00e8re.<\/li>\n<\/ul>\n<p>Pour chacune d&rsquo;entre elles, la prise en charge peut \u00eatre effectu\u00e9e \u00e0 taux plein ou \u00e0 taux partiel.<\/p>\n<div class='cta-block'><div class='text'>Simulez toutes vos aides en 2 min.<\/div><a href='https:\/\/www.mes-allocs.fr\/ab-app?origin=guides\/wp-json\/wp\/v2\/posts\/6796' class='app-button fit'>Simulation gratuite<\/a><\/div>\n<\/div>\n<\/div>\n","protected":false},"excerpt":{"rendered":"<p>[Mis \u00e0 jour le 10\/04\/2026] Un accompagnement est mis en place en prison afin de soutenir la r\u00e9insertion sociale et professionnelle du d\u00e9tenu. L&rsquo;aide financi\u00e8re fait partie de ce dispositif. Mes Allocs vous explique. Sortie de prison : vers quels organismes se tourner pour se r\u00e9ins\u00e9rer ? \u00c0 la sortie de prison, le d\u00e9tenu se [&hellip;]<\/p>\n","protected":false},"author":6,"featured_media":7035,"comment_status":"open","ping_status":"open","sticky":false,"template":"","format":"standard","meta":{"amp_status":"","footnotes":""},"categories":[1411],"tags":[],"class_list":["post-6796","post","type-post","status-publish","format-standard","has-post-thumbnail","hentry","category-aides-sociales"],"yoast_head":"<!-- This site is optimized with the Yoast SEO plugin v14.9 - https:\/\/yoast.com\/wordpress\/plugins\/seo\/ -->\n<title>Les aides financi\u00e8res pour un d\u00e9tenu | Mes-Allocs.fr<\/title>\n<meta name=\"description\" content=\"Un accompagnement (dont des aides financi\u00e8res) est mis en place en prison afin de soutenir votre r\u00e9insertion sociale et professionnelle.\" \/>\n<meta name=\"robots\" content=\"index, follow, max-snippet:-1, max-image-preview:large, max-video-preview:-1\" \/>\n<link rel=\"canonical\" href=\"https:\/\/www.mes-allocs.fr\/guides\/aides-sociales\/aide-financiere-pour-detenu\/\" \/>\n<meta property=\"og:locale\" content=\"fr_FR\" \/>\n<meta property=\"og:type\" content=\"article\" \/>\n<meta property=\"og:title\" content=\"Les aides financi\u00e8res pour un d\u00e9tenu | Mes-Allocs.fr\" \/>\n<meta property=\"og:description\" content=\"Un accompagnement (dont des aides financi\u00e8res) est mis en place en prison afin de soutenir votre r\u00e9insertion sociale et professionnelle.\" \/>\n<meta property=\"og:url\" content=\"https:\/\/www.mes-allocs.fr\/guides\/aides-sociales\/aide-financiere-pour-detenu\/\" \/>\n<meta property=\"og:site_name\" content=\"Mes-Allocs.fr\" \/>\n<meta property=\"article:published_time\" content=\"2020-05-22T13:49:08+00:00\" \/>\n<meta property=\"article:modified_time\" content=\"2026-04-10T13:36:42+00:00\" \/>\n<meta property=\"og:image\" content=\"https:\/\/www.mes-allocs.fr\/guides\/wp-content\/uploads\/2020\/05\/Les-aides-financie\u0300res-pour-un-de\u0301tenu-e1589965899754.jpg?wsr\" \/>\n\t<meta property=\"og:image:width\" content=\"1280\" \/>\n\t<meta property=\"og:image:height\" content=\"857\" \/>\n<meta name=\"twitter:card\" content=\"summary_large_image\" \/>\n<script type=\"application\/ld+json\" class=\"yoast-schema-graph\">{\"@context\":\"https:\/\/schema.org\",\"@graph\":[{\"@type\":\"WebSite\",\"@id\":\"https:\/\/www.mes-allocs.fr\/guides\/#website\",\"url\":\"https:\/\/www.mes-allocs.fr\/guides\/\",\"name\":\"Mes-Allocs.fr\",\"description\":\"\",\"potentialAction\":[{\"@type\":\"SearchAction\",\"target\":\"https:\/\/www.mes-allocs.fr\/guides\/?s={search_term_string}\",\"query-input\":\"required name=search_term_string\"}],\"inLanguage\":\"fr-FR\"},{\"@type\":\"ImageObject\",\"@id\":\"https:\/\/www.mes-allocs.fr\/guides\/aides-sociales\/aide-financiere-pour-detenu\/#primaryimage\",\"inLanguage\":\"fr-FR\",\"url\":\"https:\/\/www.mes-allocs.fr\/guides\/wp-content\/uploads\/2020\/05\/Les-aides-financie\\u0300res-pour-un-de\\u0301tenu-e1589965899754.jpg?wsr\",\"width\":1280,\"height\":857,\"caption\":\"Les aides financie\\u0300res pour un de\\u0301tenu e1589965899754\"},{\"@type\":\"WebPage\",\"@id\":\"https:\/\/www.mes-allocs.fr\/guides\/aides-sociales\/aide-financiere-pour-detenu\/#webpage\",\"url\":\"https:\/\/www.mes-allocs.fr\/guides\/aides-sociales\/aide-financiere-pour-detenu\/\",\"name\":\"Les aides financi\\u00e8res pour un d\\u00e9tenu | Mes-Allocs.fr\",\"isPartOf\":{\"@id\":\"https:\/\/www.mes-allocs.fr\/guides\/#website\"},\"primaryImageOfPage\":{\"@id\":\"https:\/\/www.mes-allocs.fr\/guides\/aides-sociales\/aide-financiere-pour-detenu\/#primaryimage\"},\"datePublished\":\"2020-05-22T13:49:08+00:00\",\"dateModified\":\"2026-04-10T13:36:42+00:00\",\"author\":{\"@id\":\"https:\/\/www.mes-allocs.fr\/guides\/#\/schema\/person\/0ecd61a8600573914d00d970a588c024\"},\"description\":\"Un accompagnement (dont des aides financi\\u00e8res) est mis en place en prison afin de soutenir votre r\\u00e9insertion sociale et professionnelle.\",\"inLanguage\":\"fr-FR\"},{\"@type\":\"Person\",\"@id\":\"https:\/\/www.mes-allocs.fr\/guides\/#\/schema\/person\/0ecd61a8600573914d00d970a588c024\",\"name\":\"Jonathan\",\"image\":{\"@type\":\"ImageObject\",\"@id\":\"https:\/\/www.mes-allocs.fr\/guides\/#personlogo\",\"inLanguage\":\"fr-FR\",\"url\":\"https:\/\/www.mes-allocs.fr\/guides\/wp-content\/uploads\/2021\/06\/jonathan-150x150.png\",\"caption\":\"Jonathan\"},\"description\":\"Jonathan est r\\u00e9dacteur au sein de l'\\u00e9quipe Mes Allocs, sp\\u00e9cialis\\u00e9 sur les sujets li\\u00e9s au handicap. Dipl\\u00f4m\\u00e9e de l'UPEM, il rejoint Mes Allocs apr\\u00e8s avoir travaill\\u00e9 \\u00e0 l'association AEDE qui accompagne les adultes en situation de handicap. Quand il n'\\u00e9crit pas, on peut le retrouver sur un terrain de basket.\",\"sameAs\":[\"https:\/\/www.linkedin.com\/in\/jonathan-bambela-8637861b7\"]}]}<\/script>\n<!-- \/ Yoast SEO plugin. -->","amp_validity":null,"acf":{"faq":{"1":{"question":"\ud83e\udd14 Quelles sont les aides pour un d\u00e9tenu ?","answer":"Le d\u00e9tenu peut faire appel au service p\u00e9nitentiaire d\u2019insertion et de probation (SPIP), charg\u00e9 de l'accompagner dans sa r\u00e9insertion. Il doit en outre s'inscrire \u00e0 P\u00f4le Emploi et \u00e0 la CAF. Le RSA, la Garantie Jeunes et le PACEA peuvent lui \u00eatre attribu\u00e9s."},"2":{"question":"\ud83d\udcca Comment obtenir un bulletin d'incarc\u00e9ration ?","answer":"Pour obtenir un bulletin d'incarc\u00e9ration, le d\u00e9tenu doit en faire la demande aupr\u00e8s du greffe de l'\u00e9tablissement p\u00e9nitentiaire."},"3":{"question":"\ud83e\udd1d Comment verser de l'argent \u00e0 un d\u00e9tenu ?","answer":"Vous pouvez verser de l'argent \u00e0 un d\u00e9tenu via mandat-cash. Il doit \u00eatre d\u00e9livr\u00e9 dans un bureau de poste et mentionner le nom, le pr\u00e9nom et le num\u00e9ro d'\u00e9crou du d\u00e9tenu b\u00e9n\u00e9ficiaire. Vous l'envoyez ensuite par courrier normalement affranchi \u00e0 l'\u00e9tablissement p\u00e9nitentiaire."},"4":{"question":"\ud83c\udfc6 Comment retrouver un ancien d\u00e9tenu ?","answer":"Ils vous faut vous diriger vers les Archives d\u00e9partementales, \u00e0 qui les prisons envoient les dossiers de d\u00e9tenus. Ainsi, vous devez contacter:\r\n\r\n-soit le greffe de l\u2019\u00e9tablissement p\u00e9nitentiaire concern\u00e9,\r\n-soit les Archives d\u00e9partementales du ressort du dernier \u00e9tablissement fr\u00e9quent\u00e9 par le d\u00e9tenu,\r\n-soit pour les dossiers les plus r\u00e9cents, les services de la direction interr\u00e9gionale de l\u2019administration p\u00e9nitentiaire concern\u00e9e."},"5":{"question":"\ud83d\udcb0 Quel est le montant de l'aide financi\u00e8re pour un d\u00e9tenu ?","answer":"L'aide financi\u00e8re pour un d\u00e9tenu s'applique aux soins de sant\u00e9 prodigu\u00e9s par l'\u00e9tablissement p\u00e9nitentiaire. Les d\u00e9tenus b\u00e9n\u00e9ficient de l'Assurance maladie. Si vous disposez d'un contrat de travail et \u00eates en am\u00e9nagement de peine, vous \u00eates rattach\u00e9 au r\u00e9gime obligatoire de l\u2019assurance maladie dont d\u00e9pend votre activit\u00e9 professionnelle."},"6":{"question":"\u2753 Comment avoir acc\u00e8s aux archives judiciaires ?","answer":"Les conditions d'acc\u00e8s aux documents\r\n\r\nIl est possible d'acc\u00e9der aux documents produits par le minist\u00e8re sous certaines conditions :\r\nIl vous faut vous diriger vers les archives du Minist\u00e8re de la Justice.\r\n\r\nPour avoir acc\u00e8s \u00e0 certains documents, ceux-ci doivent respecter plusieurs conditions dont celles du r\u00e9gime de communicabilit\u00e9 des diff\u00e9rents types de documents (d\u00e9lai, conditions d'acc\u00e8s). "},"7":{"question":"\ud83e\uddd0 O\u00f9 trouver un jugement ?","answer":"Vous pouvez faire la demande de copie de jugement via le formulaire cerfa n\u00b011808*04 sur internet. Mais vous pouvez aussi vous rendre directement au greffe du tribunal qui a rendu la d\u00e9cision. Dans ce cas, il faut \u00e9galement remplir le formulaire cerfa n\u00b011808*04."},"8":{"question":"\ud83d\udd0e Comment obtenir le num\u00e9ro d'\u00e9crou d'un d\u00e9tenu ?","answer":"Ce sont les services sociaux de l'\u00e9tablissement p\u00e9nitentiaire o\u00f9 est incarc\u00e9r\u00e9 le d\u00e9tenu, qui sont \u00e0 m\u00eame de vous communiquer son num\u00e9ro d'\u00e9crou. Il faut donc les appeler."},"9":{"question":"","answer":""},"10":{"question":"","answer":""},"11":{"question":"","answer":""},"12":{"question":"","answer":""},"13":{"question":"","answer":""},"14":{"question":"","answer":""},"15":{"question":"","answer":""},"16":{"question":"","answer":""}}},"_links":{"self":[{"href":"https:\/\/www.mes-allocs.fr\/guides\/wp-json\/wp\/v2\/posts\/6796","targetHints":{"allow":["GET"]}}],"collection":[{"href":"https:\/\/www.mes-allocs.fr\/guides\/wp-json\/wp\/v2\/posts"}],"about":[{"href":"https:\/\/www.mes-allocs.fr\/guides\/wp-json\/wp\/v2\/types\/post"}],"author":[{"embeddable":true,"href":"https:\/\/www.mes-allocs.fr\/guides\/wp-json\/wp\/v2\/users\/6"}],"replies":[{"embeddable":true,"href":"https:\/\/www.mes-allocs.fr\/guides\/wp-json\/wp\/v2\/comments?post=6796"}],"version-history":[{"count":42,"href":"https:\/\/www.mes-allocs.fr\/guides\/wp-json\/wp\/v2\/posts\/6796\/revisions"}],"predecessor-version":[{"id":111967,"href":"https:\/\/www.mes-allocs.fr\/guides\/wp-json\/wp\/v2\/posts\/6796\/revisions\/111967"}],"wp:featuredmedia":[{"embeddable":true,"href":"https:\/\/www.mes-allocs.fr\/guides\/wp-json\/wp\/v2\/media\/7035"}],"wp:attachment":[{"href":"https:\/\/www.mes-allocs.fr\/guides\/wp-json\/wp\/v2\/media?parent=6796"}],"wp:term":[{"taxonomy":"category","embeddable":true,"href":"https:\/\/www.mes-allocs.fr\/guides\/wp-json\/wp\/v2\/categories?post=6796"},{"taxonomy":"post_tag","embeddable":true,"href":"https:\/\/www.mes-allocs.fr\/guides\/wp-json\/wp\/v2\/tags?post=6796"}],"curies":[{"name":"wp","href":"https:\/\/api.w.org\/{rel}","templated":true}]}}