{"id":6783,"date":"2020-05-25T11:59:20","date_gmt":"2020-05-25T11:59:20","guid":{"rendered":"https:\/\/www.mes-allocs.fr\/guides\/?p=6783"},"modified":"2026-04-09T16:09:40","modified_gmt":"2026-04-09T15:09:40","slug":"aide-temps-partiel","status":"publish","type":"post","link":"https:\/\/www.mes-allocs.fr\/guides\/aides-sociales\/aide-temps-partiel\/","title":{"rendered":"Les aides financi\u00e8res quand on est \u00e0 temps partiel"},"content":{"rendered":"<p style=\"text-align: justify;\"><strong><a href=\"https:\/\/www.mes-allocs.fr\/guides\/wp-content\/uploads\/2020\/05\/temps-partiel-aide-financiere-e1590136598890.jpg\"><img loading=\"lazy\" decoding=\"async\" class=\"aligncenter wp-image-7155 size-full\" src=\"https:\/\/www.mes-allocs.fr\/guides\/wp-content\/uploads\/2020\/05\/temps-partiel-aide-financiere-e1590158115819.jpg\" alt=\"temps-partiel-aide-financiere\" width=\"1280\" height=\"233\" srcset=\"https:\/\/www.mes-allocs.fr\/guides\/wp-content\/uploads\/2020\/05\/temps-partiel-aide-financiere-e1590158115819.jpg 1280w, https:\/\/www.mes-allocs.fr\/guides\/wp-content\/uploads\/2020\/05\/temps-partiel-aide-financiere-e1590158115819-300x55.jpg 300w, https:\/\/www.mes-allocs.fr\/guides\/wp-content\/uploads\/2020\/05\/temps-partiel-aide-financiere-e1590158115819-1024x186.jpg 1024w, https:\/\/www.mes-allocs.fr\/guides\/wp-content\/uploads\/2020\/05\/temps-partiel-aide-financiere-e1590158115819-768x140.jpg 768w, https:\/\/www.mes-allocs.fr\/guides\/wp-content\/uploads\/2020\/05\/temps-partiel-aide-financiere-e1590158115819-600x109.jpg 600w\" sizes=\"auto, (max-width: 1280px) 100vw, 1280px\" \/><\/a><\/strong>[Mis \u00e0 jour le 09\/04\/2026]<strong> De la prime d&rsquo;activit\u00e9 aux allocations ch\u00f4mage, de nombreuses <a href=\"https:\/\/www.mes-allocs.fr\/guides\/aides-sociales\/\">aides financi\u00e8res<\/a> sont accessibles si vous \u00eates \u00e0 temps partiel. Mes Allocs vous en dit plus.<br \/>\n<\/strong><\/p>\n<div class='cta-block'><div class='text'>Simulez toutes vos aides en 2 min.<\/div><a href='https:\/\/www.mes-allocs.fr\/ab-app?origin=guides\/wp-json\/wp\/v2\/posts\/6783' class='app-button fit'>Simulation gratuite<\/a><\/div>\n<h1>La prime d\u2019activit\u00e9<\/h1>\n<p>En vigueur depuis le 1er janvier 2016, la prime d&rsquo;activit\u00e9 est un compl\u00e9ments de revenus. Elle est accord\u00e9e, sous conditions de ressources, aux personnes majeures salari\u00e9es et ind\u00e9pendantes. Mais aussi aux \u00e9tudiants salari\u00e9s et apprentis. Environ 5 millions de Fran\u00e7ais b\u00e9n\u00e9ficient de cette aide aujourd&rsquo;hui.<\/p>\n<h2>Cette aide va-t-elle \u00eatre major\u00e9e ?<\/h2>\n<p>Cette aide a \u00e9t\u00e9 r\u00e9vis\u00e9e en avril 2026 et a vu son montant major\u00e9 de 50\u20ac mensuels maximum. En avril 2026, elle est revaloris\u00e9e de 0,8%<\/p>\n<h2>Quelles sont les d\u00e9marches \u00e0 effectuer ?<\/h2>\n<p style=\"text-align: justify;\">Vous devez faire la demande de prime d&rsquo;activit\u00e9 aupr\u00e8s de la caisse d&rsquo;allocations familiales (CAF) ou la mutualit\u00e9 sociale agricole (MSA), qui vous la verseront si votre dossier est accept\u00e9.<\/p>\n<h2 id=\"La_prime_activit\u00e9_pour_les_personnes_travaillant_\u00e0_temps_partiel\u00a0\u00a0\">La prime activit\u00e9 et le temps partiel<\/h2>\n<p>Cette aide est principalement destin\u00e9e aux personnes touchant entre 0,25 fois et 1,3 fois le Smic. Ainsi, si vous travaillez \u00e0 temps plein, \u00e0 temps partiel ou \u00e0 quart temps, vous \u00eates \u00e9ligible \u00e0 la prime d&rsquo;activit\u00e9.<\/p>\n<p>Cela signifie que <strong>les personnes travaillant \u00e0 temps plein mais \u00e9galement \u00e0 mi-temps voir \u00e0 quart temps peuvent percevoir la prime activit\u00e9<\/strong>.<\/p>\n<p>Avant, la PPE (<span class=\"st\">prime pour l&#8217;emploi) <\/span>et le RSA activit\u00e9 \u00e9taient fusionn\u00e9s. Chaque mois, les personnes travaillant \u00e0 mi-temps pouvaient percevoir un compl\u00e9ment de revenu avec le RSA activit\u00e9. D\u00e9sormais, cela a lieu via <strong> la prime activit\u00e9.<\/strong><\/p>\n<h2 id=\"Travail_\u00e0_temps_partiel_et_montant_de_la_prime_activit\u00e9_2020\">Quel est le montant de la prime activit\u00e9 2026 ?<\/h2>\n<p>Le montant de la prime activit\u00e9 varie en fonction des revenus et de la situation familiale du b\u00e9n\u00e9ficiaire. Pour les mes personnes travaillant \u00e0 temps partiel, le compl\u00e9ment de revenus octroy\u00e9 peut \u00eatre compar\u00e9 au montant du RSA en vigueur en 2026.<\/p>\n<p style=\"text-align: justify;\"><div itemscope itemtype=\"http:\/\/schema.org\/Table\"><p itemprop=\"about\"><strong>les montants de prime d'activit\u00e9 en 2024: <\/strong><\/p><\/p>\n<table style=\"border-collapse: collapse; width: 100.664%; height: 199px;\">\n<tbody>\n<tr style=\"height: 48px;\">\n<td style=\"width: 30.4606%; height: 46px; background-color: #d8e6f2; border: 1px solid black; text-align: center;\"><strong>Exemples de montants de prime d&rsquo;activit\u00e9\u00a0<\/strong><\/td>\n<td style=\"width: 28.183%; height: 46px; background-color: #d8e6f2; border: 1px solid black; text-align: center;\"><strong>Contrats de travail<\/strong><\/td>\n<\/tr>\n<tr style=\"height: 24px;\">\n<td style=\"width: 30.4606%; height: 53px; border: 1px solid black; text-align: center;\">187\u20ac<\/td>\n<td style=\"width: 28.183%; height: 53px; border: 1px solid black; text-align: center;\">quart temps<\/td>\n<\/tr>\n<tr style=\"height: 24px;\">\n<td style=\"width: 30.4606%; border: 1px solid black; text-align: center; height: 50px;\">315\u20ac<\/td>\n<td style=\"width: 28.183%; border: 1px solid black; text-align: center; height: 50px;\">mi-temps<\/td>\n<\/tr>\n<tr style=\"height: 24px;\">\n<td style=\"width: 30.4606%; height: 50px; border: 1px solid black; text-align: center;\">\u00a0210\u20ac<\/td>\n<td style=\"width: 28.183%; height: 50px; border: 1px solid black; text-align: center;\">trois quart temps<\/td>\n<\/tr>\n<\/tbody>\n<\/table>\n<p><span style=\"font-weight: 400;\"><\/div><\/span><\/p>\n<p>Ces montants sont valables pour une personne seule, sans enfant et r\u00e9mun\u00e9r\u00e9e au smic.<\/p>\n<p>\u00c0 noter que les chiffres ci-dessus sont donn\u00e9s \u00e0 titre indicatif. En effet, le montant de la prime d\u00e9pend de nombreux crit\u00e8res.<\/p>\n<div class='cta-block'><div class='text'>Simulez toutes vos aides en 2 min.<\/div><a href='https:\/\/www.mes-allocs.fr\/ab-app?origin=guides\/wp-json\/wp\/v2\/posts\/6783' class='app-button fit'>Simulation gratuite<\/a><\/div>\n<h1>Est-il possible de cumuler ARE et temps partiel ?<\/h1>\n<p>L&rsquo;allocation de retour \u00e0 l&#8217;emploi (ARE) peut vous \u00eatre vers\u00e9e si vous travaillez \u00e0 temps partiel. Mais il faut que vous vous trouviez dans l&rsquo;une de ces trois situations :<\/p>\n<div class=\"wpb_text_column wpb_content_element \">\n<div class=\"wpb_wrapper\">\n<ul>\n<li><strong>Exercice d&rsquo;une activit\u00e9 salari\u00e9e occasionnelle ou r\u00e9duite;<\/strong><\/li>\n<li><strong>Exercice d&rsquo;une activit\u00e9 non salari\u00e9e occasionnelle ou r\u00e9duite;<br \/>\n<\/strong><\/li>\n<li><strong>Statut de micro-entrepreneur ou d\u2019auto-entrepreneur<\/strong>.<\/li>\n<\/ul>\n<h2><strong>Exercice d&rsquo;une activit\u00e9 occasionnelle ou r\u00e9duite salari\u00e9e<\/strong><\/h2>\n<p>Tous les mois, P\u00f4le Emploi calcule l\u2019allocation \u00e0 verser. Elle d\u00e9pend de votre activit\u00e9 salari\u00e9e. Ce calcul fixe en outre le nombre de jours pendant lesquels vos allocations vous seront vers\u00e9es.<\/p>\n<\/div>\n<p>Plus exactement, P\u00f4le Emploi :<\/p>\n<ul>\n<li>d\u00e9duit 7<strong>0 % de votre revenu mensuel brut<\/strong> du montant de votre allocation mensuelle,<\/li>\n<li>puis, divise ce r\u00e9sultat par le montant de votre allocation journali\u00e8re.<\/li>\n<\/ul>\n<p>En somme, ces deux op\u00e9rations fixent le nombre de jours d\u2019allocations \u00e0 percevoir pour le mois en cours. Cela peut \u00eatre r\u00e9sum\u00e9 par la formule suivante :<\/p>\n<div class=\"wpb_wrapper\">\n<p><strong>Nombre de jours d\u2019allocations vers\u00e9es <\/strong>= (Allocation mensuelle \u2013 70 % du revenu mensuel brut) \/ Allocation journali\u00e8re<\/p>\n<p>En outre, votre revenu global <strong>(salaire + indemnit\u00e9s ch\u00f4mage) <\/strong>ne doit pas exc\u00e9der le montant de votre ancien salaire. Le cas \u00e9ch\u00e9ant, le le nombre de jours indemnis\u00e9s est revu \u00e0 la baisse.<\/p>\n<div class=\"simple\">\n<div class=\"inner-padding\"><strong>Attention : si vous souhaitez cumuler ch\u00f4mage et temps partiel, vous ne devez pas retravailler (m\u00eame ponctuellement), chez votre ancien employeur. Le cas \u00e9ch\u00e9ant, vous ne pouvez plus pr\u00e9tendre \u00e0 l\u2019ARE temps partiel.<\/strong><\/div>\n<\/div>\n<h2><strong>Exercice d&rsquo;une activit\u00e9 occasionnelle ou r\u00e9duite non salari\u00e9e<br \/>\n<\/strong><\/h2>\n<p>Dans le cas o\u00f9 vous exercez une activit\u00e9 \u00e0 temps partiel non salari\u00e9e (activit\u00e9 commerciale et agricole, artisans, professions lib\u00e9rales), vous devez remplir les m\u00eames conditions indiqu\u00e9es ci-dessus, sauf pour la limite du nombre d&rsquo;heures.<\/p>\n<ul class=\"list-9\">\n<li>Si vos revenus mensuels sont d\u00e9clar\u00e9s : le nombre de jours non indemnisables est estim\u00e9 sur les r\u00e9mun\u00e9rations d\u00e9clar\u00e9es, au titre des assurances sociales. Puis elles sont divis\u00e9es par le salaire journalier de r\u00e9f\u00e9rence.<\/li>\n<li>Si vos revenus mensuels ne sont pas d\u00e9clar\u00e9s : le nombre de jours non indemnisables est estim\u00e9 sur une base forfaitaire. Celle-ci est ensuite divis\u00e9e par le salaire journalier de r\u00e9f\u00e9rence.<\/li>\n<\/ul>\n<p>Quant \u00e0 la r\u00e9gularisation du \u00ab\u00a0cumul temps partiel et ch\u00f4mage\u00a0\u00bb, elle se fait une fois par an, sur la base des salaires r\u00e9els soumis aux cotisations sociales.<\/p>\n<h2><strong>Statut de micro-entrepreneur ou d\u2019auto-entrepreneur<br \/>\n<\/strong><\/h2>\n<p>Si vous \u00eates micro-entrepreneur ou auto-entrepreneur, sachez que les r\u00e8gles appliqu\u00e9es pour les activit\u00e9s non salari\u00e9es, s&rsquo;appliquent aussi \u00e0 vous.<\/p>\n<p>Toutefois, vous pouvez cumuler ARE et temps partiel sans r\u00e9gularisation. Pour cela, les \u00e9l\u00e9ments suivants sont pris en compte chaque mois :<\/p>\n<ul class=\"list-9\">\n<li><strong>29% du chiffre d\u2019affaires,<\/strong> pour les activit\u00e9s telles que l&rsquo;achat et la revente, la fourniture de logement \u00e9ligibles \u00e0 l\u2019imposition des b\u00e9n\u00e9fices industriels et commerciaux;<\/li>\n<li><strong>50% du chiffre d\u2019affaires<\/strong>, pour les autres cat\u00e9gories d&rsquo;activit\u00e9s, \u00e9ligibles \u00e0 l\u2019imposition des b\u00e9n\u00e9fices industriels et commerciaux;<\/li>\n<li><strong>66% du chiffre d\u2019affaires<\/strong>, pour les activit\u00e9s \u00e9ligibles \u00e0 l\u2019imposition des b\u00e9n\u00e9fices non commerciaux.<\/li>\n<\/ul>\n<p><strong>Lorsque vous cumulez allocation ch\u00f4mage et temps partiel, vous \u00eates consid\u00e9r\u00e9s comme demandeur d\u2019emploi.<\/strong><\/p>\n<\/div>\n<h1>Quelles sont les aides financi\u00e8res possibles en cas de temps partiel pour s&rsquo;occuper de son enfant ?<\/h1>\n<p>Salari\u00e9 ou non, si vous avez cotis\u00e9 au moins 8 trimestres, au titre de l\u2019assurance vieillesse, alors vous pouvez pr\u00e9tendre \u00e0 :<\/p>\n<ul id=\"d73067e23\">\n<li>la prestation partag\u00e9e d&rsquo;\u00e9ducation de l&rsquo;enfant (PreParE), si votre enfant est n\u00e9 \u00e0 compter du 1er janvier 2015 ;<\/li>\n<li>le compl\u00e9ment de libre choix d\u2019activit\u00e9 (Clca), s&rsquo;il est n\u00e9 avant le 1er janvier 2015.<\/li>\n<\/ul>\n<p>Ce sont des aides de la CAF qui vous permettent de solliciter un temps partiel pour vous occuper de votre enfant.<\/p>\n<h2>La prestation partag\u00e9e d&rsquo;\u00e9ducation de l&rsquo;enfant (PreParE)<\/h2>\n<h3>Quelles sont les conditions d\u2019attribution ?<\/h3>\n<ul>\n<li>Remplir les conditions g\u00e9n\u00e9rales d&rsquo;obtention des prestations familiales;<\/li>\n<li>Avoir la charge d&rsquo;un ou plusieurs enfants ;<\/li>\n<li>\u00c9lever un enfant \u00e2g\u00e9 de moins de 3 ans ;<\/li>\n<li>Avoir adopt\u00e9 un enfant \u00e2g\u00e9 de moins de 20 ans ;<\/li>\n<li>Avoir arr\u00eat\u00e9 de travailler ou travailler \u00e0 temps partiel :<\/li>\n<li>Justifier d\u2019au moins 8 trimestres de cotisations vieillesse dans les deux derni\u00e8res ann\u00e9es, si c\u2019est votre premier enfant, quatre derni\u00e8res ann\u00e9es, si vous avez deux enfants ; cinq derni\u00e8res ann\u00e9es, si vous avez plus de deux enfants.<\/li>\n<\/ul>\n<p>Les trimestres de cotisations valid\u00e9s consid\u00e9r\u00e9s sont ceux pris au titre des :<\/p>\n<ul id=\"d12865e73\">\n<li>cong\u00e9s maladie et maternit\u00e9 indemnis\u00e9s ;<\/li>\n<li>formations professionnelles r\u00e9mun\u00e9r\u00e9es ;<\/li>\n<li>p\u00e9riodes indemnis\u00e9es au titre du ch\u00f4mage (sauf pour le premier enfant) ;<\/li>\n<li>p\u00e9riodes ant\u00e9rieures de perception du compl\u00e9ment de libre choix d\u2019activit\u00e9.<\/li>\n<\/ul>\n<p><strong>Attention : si vous exercez une activit\u00e9 non salari\u00e9e temps partiel ou une activit\u00e9 de Vrp (voyageur repr\u00e9sentant placier), vous devez remplir une condition de revenus.<\/strong><\/p>\n<h3>Quel est le montant de l&rsquo;aide ?<\/h3>\n<p>Du 1er avril 2026 au 31 mars 2027, les <a href=\"https:\/\/www.service-public.fr\/particuliers\/vosdroits\/F32485\" target=\"_blank\" rel=\"noopener noreferrer\">montants de la PreParE<\/a> sont les suivants :<\/p>\n<ul id=\"d13332e77\">\n<li>Si vous avez totalement interrompu votre activit\u00e9 :<strong> 459,70 \u20ac par mois ;<\/strong><\/li>\n<li>En cas d\u2019activit\u00e9 \u00e0 taux partiel : 297,17 \u20ac<strong>\u00a0par mois pour une dur\u00e9e de travail inf\u00e9rieure ou \u00e9gale \u00e0 un mi-temps<\/strong>; 171,42 \u20ac<strong>\u00a0par mois pour une dur\u00e9e de travail comprise entre 50 % et 80 %.<\/strong><\/li>\n<\/ul>\n<h3>Est-il possible de cumuler la PreParE avec d&rsquo;autres aides ?<\/h3>\n<p id=\"d395311e221\">La PreParE n\u2019est pas cumulable avec :<\/p>\n<ul>\n<li id=\"d395311e223\">le compl\u00e9ment de libre choix du mode de garde si vous interrompez totalement votre activit\u00e9 professionnelle ;<\/li>\n<li>le compl\u00e9ment familial ;<\/li>\n<li>l\u2019allocation journali\u00e8re de pr\u00e9sence parentale pour le m\u00eame b\u00e9n\u00e9ficiaire ;<\/li>\n<li>les indemnit\u00e9s journali\u00e8res (maladie, maternit\u00e9, etc) ;<\/li>\n<li>la pension d\u2019invalidit\u00e9 ou de retraite.<\/li>\n<\/ul>\n<p><iframe loading=\"lazy\" src=\"\/\/www.youtube.com\/embed\/J5B2ttL9WS8\" width=\"560\" height=\"314\" allowfullscreen=\"allowfullscreen\"><\/iframe><\/p>\n<h2>Le compl\u00e9ment de libre choix d\u2019activit\u00e9 (Clca)<\/h2>\n<h3>Quelles sont les conditions d\u2019attribution ?<\/h3>\n<ul id=\"d12865e46\"><\/ul>\n<p id=\"d4694e30\">Elles sont identiques aux conditions d&rsquo;octroi de la PreParE.<\/p>\n<h3>Quel est le montant de l&rsquo;aide ?<\/h3>\n<p>Du 1er avril 2026 au 31 mars 2027, les montants de la Clca sont similaires \u00e0 ceux de la PreParE.<\/p>\n<h3>Quelle est la dur\u00e9e de versement de l&rsquo;aide ?<\/h3>\n<ul id=\"d4694e47\">\n<li><strong>Si vous avez un enfant \u00e0 charge :<\/strong> elle est vers\u00e9e pendant une p\u00e9riode maximale de 6 mois, d\u00e8s le mois de fin de perception des indemnit\u00e9s journali\u00e8res de maternit\u00e9, de paternit\u00e9, d\u2019adoption ou de maladie, ou, \u00e0 d\u00e9faut, \u00e0 partir de la naissance.<\/li>\n<li><strong>Si vous avez deux enfant \u00e0 charge ou plus :<\/strong> elle est vers\u00e9e jusqu\u2019au mois pr\u00e9c\u00e9dant le 3e anniversaire de l&rsquo;enfant le plus jeune, vous remplissez toujours les conditions d\u2019obtention.\n<ul id=\"d4694e47\"><\/ul>\n<\/li>\n<\/ul>\n<p><strong>Attention : pour une adoption, ces dur\u00e9es sont diff\u00e9rentes.<\/strong><\/p>\n<p><strong>\u00c0 noter que depuis 2014, la prestation partag\u00e9e de l\u2019\u00e9ducation de l\u2019enfant (PreParE) a remplac\u00e9 le Clca. En revanche, si vous avez au moins trois enfants, vous avez toujours la possibilit\u00e9 de b\u00e9n\u00e9ficier du Clca. Et ce, jusqu\u2019au 31 d\u00e9cembre 2020, si les enfants sont n\u00e9s entre le 1er avril 2014 et le 31 d\u00e9cembre 2014.<\/strong><\/p>\n<\/div>\n<ul id=\"d73067e23\"><\/ul>\n","protected":false},"excerpt":{"rendered":"<p>[Mis \u00e0 jour le 09\/04\/2026] De la prime d&rsquo;activit\u00e9 aux allocations ch\u00f4mage, de nombreuses aides financi\u00e8res sont accessibles si vous \u00eates \u00e0 temps partiel. Mes Allocs vous en dit plus. La prime d\u2019activit\u00e9 En vigueur depuis le 1er janvier 2016, la prime d&rsquo;activit\u00e9 est un compl\u00e9ments de revenus. Elle est accord\u00e9e, sous conditions de ressources, [&hellip;]<\/p>\n","protected":false},"author":6,"featured_media":7155,"comment_status":"open","ping_status":"open","sticky":false,"template":"","format":"standard","meta":{"amp_status":"","footnotes":""},"categories":[1411],"tags":[],"class_list":["post-6783","post","type-post","status-publish","format-standard","has-post-thumbnail","hentry","category-aides-sociales"],"yoast_head":"<!-- This site is optimized with the Yoast SEO plugin v14.9 - https:\/\/yoast.com\/wordpress\/plugins\/seo\/ -->\n<title>Les aides financi\u00e8res quand on est \u00e0 temps partiel | Mes-Allocs.fr<\/title>\n<meta name=\"description\" content=\"De la prime d&#039;activit\u00e9 aux allocations ch\u00f4mage, de nombreuses aides financi\u00e8res sont accessibles si vous \u00eates \u00e0 temps partiel. Mes Allocs vous en dit plus.\" \/>\n<meta name=\"robots\" content=\"index, follow, max-snippet:-1, max-image-preview:large, max-video-preview:-1\" \/>\n<link rel=\"canonical\" href=\"https:\/\/www.mes-allocs.fr\/guides\/aides-sociales\/aide-temps-partiel\/\" \/>\n<meta property=\"og:locale\" content=\"fr_FR\" \/>\n<meta property=\"og:type\" content=\"article\" \/>\n<meta property=\"og:title\" content=\"Les aides financi\u00e8res quand on est \u00e0 temps partiel | Mes-Allocs.fr\" \/>\n<meta property=\"og:description\" content=\"De la prime d&#039;activit\u00e9 aux allocations ch\u00f4mage, de nombreuses aides financi\u00e8res sont accessibles si vous \u00eates \u00e0 temps partiel. Mes Allocs vous en dit plus.\" \/>\n<meta property=\"og:url\" content=\"https:\/\/www.mes-allocs.fr\/guides\/aides-sociales\/aide-temps-partiel\/\" \/>\n<meta property=\"og:site_name\" content=\"Mes-Allocs.fr\" \/>\n<meta property=\"article:published_time\" content=\"2020-05-25T11:59:20+00:00\" \/>\n<meta property=\"article:modified_time\" content=\"2026-04-09T15:09:40+00:00\" \/>\n<meta property=\"og:image\" content=\"https:\/\/www.mes-allocs.fr\/guides\/wp-content\/uploads\/2020\/05\/temps-partiel-aide-financiere-e1590158115819.jpg?wsr\" \/>\n\t<meta property=\"og:image:width\" content=\"1280\" \/>\n\t<meta property=\"og:image:height\" content=\"233\" \/>\n<meta name=\"twitter:card\" content=\"summary_large_image\" \/>\n<script type=\"application\/ld+json\" class=\"yoast-schema-graph\">{\"@context\":\"https:\/\/schema.org\",\"@graph\":[{\"@type\":\"WebSite\",\"@id\":\"https:\/\/www.mes-allocs.fr\/guides\/#website\",\"url\":\"https:\/\/www.mes-allocs.fr\/guides\/\",\"name\":\"Mes-Allocs.fr\",\"description\":\"\",\"potentialAction\":[{\"@type\":\"SearchAction\",\"target\":\"https:\/\/www.mes-allocs.fr\/guides\/?s={search_term_string}\",\"query-input\":\"required name=search_term_string\"}],\"inLanguage\":\"fr-FR\"},{\"@type\":\"ImageObject\",\"@id\":\"https:\/\/www.mes-allocs.fr\/guides\/aides-sociales\/aide-temps-partiel\/#primaryimage\",\"inLanguage\":\"fr-FR\",\"url\":\"https:\/\/www.mes-allocs.fr\/guides\/wp-content\/uploads\/2020\/05\/temps-partiel-aide-financiere-e1590158115819.jpg?wsr\",\"width\":1280,\"height\":233,\"caption\":\"temps partiel aide financiere e1590158115819\"},{\"@type\":\"WebPage\",\"@id\":\"https:\/\/www.mes-allocs.fr\/guides\/aides-sociales\/aide-temps-partiel\/#webpage\",\"url\":\"https:\/\/www.mes-allocs.fr\/guides\/aides-sociales\/aide-temps-partiel\/\",\"name\":\"Les aides financi\\u00e8res quand on est \\u00e0 temps partiel | Mes-Allocs.fr\",\"isPartOf\":{\"@id\":\"https:\/\/www.mes-allocs.fr\/guides\/#website\"},\"primaryImageOfPage\":{\"@id\":\"https:\/\/www.mes-allocs.fr\/guides\/aides-sociales\/aide-temps-partiel\/#primaryimage\"},\"datePublished\":\"2020-05-25T11:59:20+00:00\",\"dateModified\":\"2026-04-09T15:09:40+00:00\",\"author\":{\"@id\":\"https:\/\/www.mes-allocs.fr\/guides\/#\/schema\/person\/0ecd61a8600573914d00d970a588c024\"},\"description\":\"De la prime d'activit\\u00e9 aux allocations ch\\u00f4mage, de nombreuses aides financi\\u00e8res sont accessibles si vous \\u00eates \\u00e0 temps partiel. Mes Allocs vous en dit plus.\",\"inLanguage\":\"fr-FR\"},{\"@type\":\"Person\",\"@id\":\"https:\/\/www.mes-allocs.fr\/guides\/#\/schema\/person\/0ecd61a8600573914d00d970a588c024\",\"name\":\"Jonathan\",\"image\":{\"@type\":\"ImageObject\",\"@id\":\"https:\/\/www.mes-allocs.fr\/guides\/#personlogo\",\"inLanguage\":\"fr-FR\",\"url\":\"https:\/\/www.mes-allocs.fr\/guides\/wp-content\/uploads\/2021\/06\/jonathan-150x150.png\",\"caption\":\"Jonathan\"},\"description\":\"Jonathan est r\\u00e9dacteur au sein de l'\\u00e9quipe Mes Allocs, sp\\u00e9cialis\\u00e9 sur les sujets li\\u00e9s au handicap. Dipl\\u00f4m\\u00e9e de l'UPEM, il rejoint Mes Allocs apr\\u00e8s avoir travaill\\u00e9 \\u00e0 l'association AEDE qui accompagne les adultes en situation de handicap. Quand il n'\\u00e9crit pas, on peut le retrouver sur un terrain de basket.\",\"sameAs\":[\"https:\/\/www.linkedin.com\/in\/jonathan-bambela-8637861b7\"]}]}<\/script>\n<!-- \/ Yoast SEO plugin. -->","amp_validity":null,"acf":{"faq":{"1":{"question":"\ud83e\udd14 Quelles sont les conditions pour cumuler temps partiel et ch\u00f4mage ?","answer":"Pour cumuler ch\u00f4mage et temps partiel, il faut que votre le total de vos revenus (salaire + allocation) n'exc\u00e8de pas le salaire mensuel moyen brut ayant servi de r\u00e9f\u00e9rence au calcul des indemnit\u00e9s ch\u00f4mage. "},"2":{"question":"\ud83e\udd37\u200d\u2640\ufe0f Quelles sont les aides vers\u00e9es par la CAF ?","answer":"La CAF verse des prestations familiales (prime de naissance, allocation de rentr\u00e9e scolaire) aux familles modestes ayant \u00e0 charge au moins deux enfants.\r\n\r\nLes autres b\u00e9n\u00e9ficiaires peuvent pr\u00e9tendre aux aides suivantes :\r\n-revenu de solidarit\u00e9 active (Rsa)\r\n-allocation aux adultes handicap\u00e9s (Aah)\r\n-allocation de logement social (Als)\r\n-aide personnalis\u00e9e au logement (Apl)\r\n-prime d\u2019activit\u00e9.\r\n"},"3":{"question":"\ud83e\udd1d Est-ce que P\u00f4le Emploi compl\u00e8te un temps partiel ?","answer":"P\u00f4le Emploi peut compl\u00e9ter un temps partiel si vous \u00eates dans l'un de ces cas :\r\n\r\n-Exercice d'une activit\u00e9 salari\u00e9e occasionnelle ou r\u00e9duite;\r\n-Exercice d'une activit\u00e9 non salari\u00e9e occasionnelle ou r\u00e9duite;\r\n-Statut de micro-entrepreneur ou d\u2019auto-entrepreneur."},"4":{"question":"\ud83e\udd14  Quelles aides pour un temps partiel ?","answer":"Si vous travaillez \u00e0 temps partiel, vous pouvez percevoir la prime d'activit\u00e9, les allocations ch\u00f4mage ou des aides comme la PreParE, pour garder votre enfant."},"5":{"question":"\ud83e\udd37\u200d\u2640\ufe0f Comment est calculer le ch\u00f4mage \u00e0 temps partiel ?","answer":"Le calcul du ch\u00f4mage \u00e0 temps partiel peut \u00eatre r\u00e9sum\u00e9 par la formule suivante : \r\n\r\nNombre de jours d\u2019allocations vers\u00e9es = (Allocation mensuelle \u2013 70 % du revenu mensuel brut) \/ Allocation journali\u00e8re"},"6":{"question":"\ud83e\udd1d  Comment fonctionne le rechargement des droits P\u00f4le emploi ?","answer":"Le rechargement des droits P\u00f4le emploi fonctionne ainsi : plx\u00e9riode de ch\u00f4mage, plus il rallonge la dur\u00e9e de son indemnisation. Par cons\u00e9quent, il obtient de nouveaux droits."},"7":{"question":"\ud83e\udd14 Qui a le droit \u00e0 la CAF ?","answer":"La CAF verse des prestations familiales (prime de naissance, allocation de rentr\u00e9e scolaire) aux familles modestes ayant \u00e0 charge au moins deux enfants. N\u00e9anmoins, les travailleurs et les personnes handicap\u00e9es peuvent aussi pr\u00e9tendre aux aides de la CAF, dont le RSA, la prime d'activit\u00e9, l'allocation aux adultes handicap\u00e9s (Aah), etc."},"8":{"question":"\ud83e\udd37\u200d\u2640\ufe0f Comment demander un temps partiel ?","answer":"Le temps partiel peut \u00eatre obtenu dans le cadre d'un accord collectif, applicable dans l\u2019entreprise o\u00f9 vous travaillez. Ce dernier fixe la proc\u00e9dure \u00e0 suivre pour passer d\u2019un temps complet \u00e0 un temps partiel, ainsi que le d\u00e9lai de r\u00e9ponse de l\u2019employeur."},"9":{"question":"","answer":""},"10":{"question":"","answer":""},"11":{"question":"","answer":""},"12":{"question":"","answer":""},"13":{"question":"","answer":""},"14":{"question":"","answer":""},"15":{"question":"","answer":""},"16":{"question":"","answer":""}}},"_links":{"self":[{"href":"https:\/\/www.mes-allocs.fr\/guides\/wp-json\/wp\/v2\/posts\/6783","targetHints":{"allow":["GET"]}}],"collection":[{"href":"https:\/\/www.mes-allocs.fr\/guides\/wp-json\/wp\/v2\/posts"}],"about":[{"href":"https:\/\/www.mes-allocs.fr\/guides\/wp-json\/wp\/v2\/types\/post"}],"author":[{"embeddable":true,"href":"https:\/\/www.mes-allocs.fr\/guides\/wp-json\/wp\/v2\/users\/6"}],"replies":[{"embeddable":true,"href":"https:\/\/www.mes-allocs.fr\/guides\/wp-json\/wp\/v2\/comments?post=6783"}],"version-history":[{"count":40,"href":"https:\/\/www.mes-allocs.fr\/guides\/wp-json\/wp\/v2\/posts\/6783\/revisions"}],"predecessor-version":[{"id":111876,"href":"https:\/\/www.mes-allocs.fr\/guides\/wp-json\/wp\/v2\/posts\/6783\/revisions\/111876"}],"wp:featuredmedia":[{"embeddable":true,"href":"https:\/\/www.mes-allocs.fr\/guides\/wp-json\/wp\/v2\/media\/7155"}],"wp:attachment":[{"href":"https:\/\/www.mes-allocs.fr\/guides\/wp-json\/wp\/v2\/media?parent=6783"}],"wp:term":[{"taxonomy":"category","embeddable":true,"href":"https:\/\/www.mes-allocs.fr\/guides\/wp-json\/wp\/v2\/categories?post=6783"},{"taxonomy":"post_tag","embeddable":true,"href":"https:\/\/www.mes-allocs.fr\/guides\/wp-json\/wp\/v2\/tags?post=6783"}],"curies":[{"name":"wp","href":"https:\/\/api.w.org\/{rel}","templated":true}]}}