{"id":6778,"date":"2020-05-20T14:51:18","date_gmt":"2020-05-20T14:51:18","guid":{"rendered":"https:\/\/www.mes-allocs.fr\/guides\/?p=6778"},"modified":"2026-04-09T16:04:15","modified_gmt":"2026-04-09T15:04:15","slug":"aide-reprise-etude","status":"publish","type":"post","link":"https:\/\/www.mes-allocs.fr\/guides\/aides-sociales\/aide-reprise-etude\/","title":{"rendered":"Les aides financi\u00e8res pour reprendre ses \u00e9tudes"},"content":{"rendered":"<p style=\"text-align: justify;\"><strong><a href=\"https:\/\/www.mes-allocs.fr\/guides\/wp-content\/uploads\/2020\/05\/Les-aides-financie\u0300res-pour-reprendre-ses-e\u0301tudes-1-e1589898354116.jpg\"><img loading=\"lazy\" decoding=\"async\" class=\"aligncenter wp-image-6994 size-full\" src=\"https:\/\/www.mes-allocs.fr\/guides\/wp-content\/uploads\/2020\/05\/Les-aides-financie\u0300res-pour-reprendre-ses-e\u0301tudes-1-e1589898372424.jpg\" alt=\"Les aides financie\u0300res pour reprendre ses e\u0301tudes2\" width=\"1280\" height=\"262\" srcset=\"https:\/\/www.mes-allocs.fr\/guides\/wp-content\/uploads\/2020\/05\/Les-aides-financie\u0300res-pour-reprendre-ses-e\u0301tudes-1-e1589898372424.jpg 1280w, https:\/\/www.mes-allocs.fr\/guides\/wp-content\/uploads\/2020\/05\/Les-aides-financie\u0300res-pour-reprendre-ses-e\u0301tudes-1-e1589898372424-300x61.jpg 300w, https:\/\/www.mes-allocs.fr\/guides\/wp-content\/uploads\/2020\/05\/Les-aides-financie\u0300res-pour-reprendre-ses-e\u0301tudes-1-e1589898372424-1024x210.jpg 1024w, https:\/\/www.mes-allocs.fr\/guides\/wp-content\/uploads\/2020\/05\/Les-aides-financie\u0300res-pour-reprendre-ses-e\u0301tudes-1-e1589898372424-768x157.jpg 768w, https:\/\/www.mes-allocs.fr\/guides\/wp-content\/uploads\/2020\/05\/Les-aides-financie\u0300res-pour-reprendre-ses-e\u0301tudes-1-e1589898372424-600x123.jpg 600w\" sizes=\"auto, (max-width: 1280px) 100vw, 1280px\" \/><\/a><\/strong>[Mis \u00e0 jour le 09\/04\/2026] <strong>Vous souhaitez reprendre vos \u00e9tudes ? Sachez que de nombreuses <a href=\"https:\/\/www.mes-allocs.fr\/guides\/aides-sociales\/\">aides financi\u00e8res<\/a> peuvent vous accompagner, accord\u00e9es notamment par votre entreprise, P\u00f4le Emploi et le CROUS.<\/strong><\/p>\n<div class='cta-block'><div class='text'>Simulez toutes vos aides en 2 min.<\/div><a href='https:\/\/www.mes-allocs.fr\/ab-app?origin=guides\/wp-json\/wp\/v2\/posts\/6778' class='app-button fit'>Simulation gratuite<\/a><\/div>\n<header id=\"headerPage\">\n<h1 data-test=\"titre-page\">La bourse sur crit\u00e8res sociaux (BCS)<\/h1>\n<h2>Quelles sont les conditions d&rsquo;obtention ?<\/h2>\n<p style=\"text-align: justify;\" data-test=\"titre-page\">La bourse sur crit\u00e8res sociaux est comme son nom l&rsquo;indique, octroy\u00e9e sur crit\u00e8res sociaux. Son montant d\u00e9pend de l&rsquo;\u00e9chelon (<b>0<\/b> <b>bis<\/b> \u00e0 7)\u00a0auquel vous correspondez. Elle est attribu\u00e9e par le Crous (centre r\u00e9gional centre r\u00e9gional des \u0153uvres universitaires et scolaires). Sauf exceptions, vous \u00eates \u00e9ligible jusqu&rsquo;\u00e0 l&rsquo;\u00e2ge de 28 ans.<\/p>\n<p style=\"text-align: justify;\" data-test=\"titre-page\">Pour obtenir la bourse du Crous, vous devez :<\/p>\n<ul>\n<li style=\"text-align: justify;\" data-test=\"titre-page\"><strong>\u00catre inscrit dans un \u00e9tablissement d\u2019enseignement sup\u00e9rieur<\/strong> reconnu par le pays d\u2019accueil,<\/li>\n<li style=\"text-align: justify;\" data-test=\"titre-page\"><strong>Suivre \u00e0 temps plein<\/strong> (deux semestres \u00e0 une ann\u00e9e, en fonction du pays) des \u00e9tudes sup\u00e9rieures ouvrant la voie \u00e0 un dipl\u00f4me national.<\/li>\n<\/ul>\n<h2>Quelles sont les d\u00e9marches \u00e0 effectuer ?<\/h2>\n<p style=\"text-align: justify;\" data-test=\"titre-page\">La demande se fait sur le site du Crous, dans la section \u00ab\u00a0faire une demande de DSE\u00a0\u00bb (dossier social \u00e9tudiant). Apr\u00e8s avoir rempli quelques informations (relatives \u00e0 votre foyer fiscal), vous recevrez un mail du CROUS vous permettant de remplir le DSE.<\/p>\n<p style=\"text-align: justify;\" data-test=\"titre-page\">Vous aurez alors \u00e0 fournir plusieurs justificatifs :<\/p>\n<ul style=\"text-align: justify;\">\n<li data-test=\"titre-page\">avis fiscal de vos parents (ainsi que le v\u00f4tre, en cas de d\u00e9claration s\u00e9par\u00e9e),<\/li>\n<li data-test=\"titre-page\">fiche de situation familiale,<\/li>\n<li data-test=\"titre-page\">relev\u00e9 d&rsquo;identit\u00e9 bancaire,<\/li>\n<li data-test=\"titre-page\">\u00e9ventuellement un ch\u00e8que de 4\u20ac, si vous n&rsquo;avez pas r\u00e9gl\u00e9 les frais de dossier en ligne.<\/li>\n<\/ul>\n<\/header>\n<h2 style=\"text-align: justify;\">Quel est son montant ?<\/h2>\n<header id=\"headerPage\">\n<p style=\"text-align: justify;\" data-test=\"titre-page\">Son montant annuel peut atteindre 6.883 <span class=\"prix\">\u20ac. Il est possible de cumuler cette bourse et <\/span>l&rsquo;aide au m\u00e9rite, l&rsquo;aide \u00e0 la mobilit\u00e9 internationale et l&rsquo;aide d&rsquo;urgence ponctuelle.<\/p>\n<p style=\"text-align: justify;\"><strong>\u00c0 noter que si vous allez \u00e9tudier \u00e0 l&rsquo;\u00e9tranger (dans un pays du Conseil de l\u2019Europe, \u00e0 savoir les 28 \u00c9tats membres de l\u2019UE + 19 autres pays), vous continuerez \u00e0 percevoir votre bourse. Et ce, comme en France, sans avoir \u00e0 remplir de conditions suppl\u00e9mentaires.<\/strong><\/p>\n<h1>Le compte personnel de formation (CPF)<\/h1>\n<p>Si vous disposez d&rsquo;un compte personnel de formation CPF, vous avez alors des droits acquis. En effet, depuis 2019 et la \u00ab\u00a0loi pour la libert\u00e9 de choisir son avenir professionnel\u00a0\u00bb, le CPF est aliment\u00e9 en euros et non plus en heures.<\/p>\n<p>Vous pouvez ainsi utiliser la somme pr\u00e9sente sur votre CPF pour financer vos \u00e9tudes.<\/p>\n<p><strong>Par ailleurs, le CEC (compte d\u2019engagement citoyen) est aliment\u00e9 par vos actions associatives et le CPP (compte professionnel de pr\u00e9vention) est une compensation obtenue par les salari\u00e9s expos\u00e9s \u00e0 des risques professionnels. Le cumul du CPF, CEC et CPP peut \u00eatre employ\u00e9 dans le cadre de la formation continue.<\/strong><\/p>\n<h1>La validation des acquis de l\u2019exp\u00e9rience (VAE)<\/h1>\n<p>Gr\u00e2ce \u00e0 la validation des acquis de l\u2019exp\u00e9rience, vous pouvez faire une formation, que vous n&rsquo;auriez pas pu int\u00e9grer \u00e0 la sortie de vos \u00e9tudes.<\/p>\n<p>Par exemple, si vous \u00eates titulaire d&rsquo;un BTS informatique, vous pouvez faire valoir vos ann\u00e9es d&rsquo;exp\u00e9riences, afin d&rsquo;int\u00e9grer un master du m\u00eame domaine. Votre nouveau dipl\u00f4me pourrait vous faire grimper dans l&rsquo;\u00e9chelon professionnelle de votre domaine.<\/p>\n<\/header>\n<h1><strong>Les formations \u00e0 distance<br \/>\n<\/strong><\/h1>\n<p>Si vous \u00eates salari\u00e9 et manquez de temps pour vous former, sachez que de nombreuses \u00e9coles proposent des cours \u00e0 distance. Elles donnent acc\u00e8s \u00e0 des reconnus par l\u2019Etat. Parmi elles :<\/p>\n<ul>\n<li>Educatel,<\/li>\n<li>Enaco,<\/li>\n<li>CNFDI,<\/li>\n<li>INEAD,<\/li>\n<li>Telelangue,<\/li>\n<li>Ecole chez Soi,<\/li>\n<li>Le Centre Europ\u00e9en de Formation,<\/li>\n<li>etc.<\/li>\n<\/ul>\n<div class='cta-block'><div class='text'>Simulez toutes vos aides en 2 min.<\/div><a href='https:\/\/www.mes-allocs.fr\/ab-app?origin=guides\/wp-json\/wp\/v2\/posts\/6778' class='app-button fit'>Simulation gratuite<\/a><\/div>\n<h1><strong>Les cours du soir <\/strong><\/h1>\n<p>Le CNAM offre des formations le soir et le samedi matin dans le cadre de formations hors temps de travail. Ces formations vont du niveau bac au bac+5 dans domaine tertiaire :<\/p>\n<ul>\n<li>management,<\/li>\n<li>ressources humaines,<\/li>\n<li>gestion,<\/li>\n<li>etc.<\/li>\n<\/ul>\n<p>\u00c0 cela s&rsquo;ajoute des formations techniques et industrielles.<\/p>\n<h1 class=\"h4\">Les aides de P\u00f4le emploi<\/h1>\n<p>Si vous recherchez un emploi, vos frais de formation peuvent \u00eatre rembours\u00e9s dans la limite de vos droits \u00e0 indemnisation. Vous pouvez pr\u00e9tendre \u00e0 l\u2019Aide au retour \u00e0 l\u2019emploi formation (AREF), si votre formation est valid\u00e9e par P\u00f4le Emploi.<\/p>\n<p>Il vous faut alors :<\/p>\n<ul class=\"bullets\">\n<li>choisir une formation indiqu\u00e9e dans la liste officielle ;<\/li>\n<li>pr\u00e9voir vos d\u00e9penses, car l\u2019aide est vers\u00e9e apr\u00e8s le paiement des \u00e9ch\u00e9ances ;<\/li>\n<li>s\u00e9lectionner une formation qui n&rsquo;exc\u00e8de pas votre p\u00e9riode de droits au ch\u00f4mage.<\/li>\n<\/ul>\n<p>Si vous \u00eates dans l&rsquo;impossibilit\u00e9 de remplir cette derni\u00e8re condition, vous pouvez vous tournez vers r\u00e9mun\u00e9ration de fin de formation (RFF) ou une allocation sp\u00e9cifique de solidarit\u00e9 (ASS). Veuillez \u00e0 bien vous renseigner concernant votre \u00e9ligibilit\u00e9 pour ces aides.<\/p>\n<h1><strong>La formation continue<\/strong><\/h1>\n<p>Si vous avez d\u00e9j\u00e0 travaill\u00e9, vous pouvez faire financer la reprise de vos \u00e9tudes via la formation continue. Ce dispositif prend place dans le cadre d\u2019une convention et sous contr\u00f4le d\u2019un employeur ou d\u2019un organisme financeur.<\/p>\n<p>Plus exactement, c&rsquo;est un dispositif mis en place par l&rsquo;\u00e9tablissement d&rsquo;\u00e9tudes. Plusieurs types de formules sont propos\u00e9s : stages, formations courtes, dipl\u00f4mes (Executive Bachelor, Master, MS, MBA\u2026). HEC Paris est notamment r\u00e9put\u00e9 pour ses formations sur-mesure.<\/p>\n<h2>Quels sont les avantages ?<\/h2>\n<ul>\n<li>Vos frais de scolarit\u00e9 sont couverts,<\/li>\n<li>Vous pouvez pr\u00e9tendre \u00e0 une aide \u00e0 la formation si vous \u00eates salari\u00e9 : le DIF (Droit Individuel \u00e0 la Formation), le <strong>*CIF<\/strong> (Cong\u00e9 Individuel de Formation) ou le CFP (cong\u00e9 formation professionnelle).<\/li>\n<\/ul>\n<p>Le CPF permet aux fonctionnaires de se former au cours de leur vie professionnelle. En effet, l&rsquo;administration met \u00e0 leur disposition des <strong>stages de formation. Vous devez, pour en b\u00e9n\u00e9ficier, avoir travaill\u00e9 pendant 3 ans.<\/strong> Au terme de ces formations, vous pourrez changer de statut.<\/p>\n<p>La reprise d&rsquo;\u00e9tudes peut aussi avoir lieu dans le cadre d\u2019un contrat de travail en alternance, en apprentissage ou contrat de professionnalisation.<\/p>\n<p><strong>*D\u00e9sormais appel\u00e9 PTP, il s&rsquo;agit du dispositif le plus adapt\u00e9 \u00e0 une reconversion professionnelle. Attention, avant de se reconvertir, il est recommand\u00e9 d&rsquo;effectuer un bilan de comp\u00e9tences, afin de ne pas se tromper de voie.<br \/>\n<\/strong><\/p>\n<h2>Quelles sont les d\u00e9marches \u00e0 effectuer ?<\/h2>\n<p>Il faut vous tourner vers le service formation continue de l\u2019\u00e9tablissement dans lequel vous souhaitez reprendre vos \u00e9tudes. Un conseiller saura vous orienter vers l&rsquo;aide la plus adapt\u00e9e \u00e0 votre situation.<\/p>\n<p><iframe loading=\"lazy\" src=\"\/\/www.youtube.com\/embed\/weTPOvJJ3bs\" width=\"560\" height=\"314\" allowfullscreen=\"allowfullscreen\"><\/iframe><\/p>\n<h1 class=\"h4\">Les aides r\u00e9gionales<\/h1>\n<p>Les r\u00e9gions peuvent vous venir en aide pour financer formation. Optez pour une demande d\u2019<strong>Aide individuelle r\u00e9gionale vers l\u2019emploi (AIRE). <\/strong>Puis, choisissez une formation qualifiante \u00e9ligible, parmi la liste de cursus propos\u00e9s.<strong><br \/>\n<\/strong><\/p>\n<p>Les aides r\u00e9gionales ciblent en particulier les demandeurs d\u2019emploi ou les salari\u00e9s d\u2019entreprises en difficult\u00e9 dans des secteurs et m\u00e9tiers en tension.<\/p>\n<h1 class=\"h4\">Le fonds national d\u2019aide d\u2019urgence (FNAU)<\/h1>\n<h2>De quoi s&rsquo;agit-il ?<\/h2>\n<p>Destin\u00e9 aux \u00e9tudiants de moins de 35 ans, le FNAU soutient les \u00e9tudiants en situation financi\u00e8re difficile dans la poursuite de leurs \u00e9tudes. Le CROUS est en charge de cette aide, qui peut \u00eatre ponctuelle (vers\u00e9 mensuellement) ou annuelle. Adressez-vous donc \u00e0 l&rsquo;antenne CROUS de l\u2019\u00e9tablissement dans lequel vous comptez poursuivre vos \u00e9tudes.<\/p>\n<p>Ce dispositif remplace l\u2019aide d\u2019urgence et de l\u2019allocation d\u2019\u00e9tudes.<\/p>\n<h2>Quelles sont les conditions \u00e0 remplir ?<\/h2>\n<ul>\n<li>Avoir entre 28 ans et 35 ans;<\/li>\n<li>Ne pas \u00eatre \u00e9ligible aux bourses sur crit\u00e8res sociaux;<\/li>\n<li>Remplir des crit\u00e8res de nationalit\u00e9, dipl\u00f4me et niveaux d\u2019\u00e9tude pr\u00e9vus par la r\u00e9glementation.<\/li>\n<\/ul>\n<p>Le FNAU peut aussi vous accompagner si vous avez quitt\u00e9 le foyer familial et \u00eates en situation d\u2019ind\u00e9pendance (ou de rupture familiale). Dans ce cas, vos revenus (et non ceux de votre famille) seront pris en compte afin de v\u00e9rifier votre \u00e9ligibilit\u00e9.<\/p>\n<h1 class=\"h4\">Les aides sur les frais annexes pour les salari\u00e9s<\/h1>\n<p>Pour les salari\u00e9s qui entreprennent une formation hors temps de travail, l\u2019accord de branche de votre entreprise (ou inclus dans la\u00a0<strong>convention collective),<\/strong> pr\u00e9voit des <strong>compensations financi\u00e8res pour vous aider dans votre vie quotidienne. <\/strong>Parmi lesquelles :<\/p>\n<ul>\n<li>remboursements des frais de d\u00e9placement (ou de logement) li\u00e9s \u00e0 votre formation,<\/li>\n<li>frais de garde d\u2019enfant pendant votre absence.<\/li>\n<\/ul>\n<h1>L&rsquo;allocation pour la diversit\u00e9 dans la fonction publique<\/h1>\n<p>L&rsquo;allocation pour la diversit\u00e9 dans la fonction publique s&rsquo;adresse aux \u00e9tudiants pr\u00e9parant un concours de la fonction publique (IPAG, instituts de pr\u00e9paration \u00e0 l\u2019administration g\u00e9n\u00e9rale et CPAG, centres de pr\u00e9paration \u00e0 l\u2019administration g\u00e9n\u00e9rale). Elles sont cumulables avec la BCS. Il n&rsquo;y pas d&rsquo;\u00e2ge limite pour en b\u00e9n\u00e9ficier. Son montant s&rsquo;\u00e9l\u00e8ve \u00e0 2.000\u20ac par an, vers\u00e9s en deux fois.<\/p>\n<div class='cta-block'><div class='text'>Simulez toutes vos aides en 2 min.<\/div><a href='https:\/\/www.mes-allocs.fr\/ab-app?origin=guides\/wp-json\/wp\/v2\/posts\/6778' class='app-button fit'>Simulation gratuite<\/a><\/div>\n","protected":false},"excerpt":{"rendered":"<p>[Mis \u00e0 jour le 09\/04\/2026] Vous souhaitez reprendre vos \u00e9tudes ? Sachez que de nombreuses aides financi\u00e8res peuvent vous accompagner, accord\u00e9es notamment par votre entreprise, P\u00f4le Emploi et le CROUS. La bourse sur crit\u00e8res sociaux (BCS) Quelles sont les conditions d&rsquo;obtention ? La bourse sur crit\u00e8res sociaux est comme son nom l&rsquo;indique, octroy\u00e9e sur crit\u00e8res [&hellip;]<\/p>\n","protected":false},"author":7,"featured_media":6991,"comment_status":"open","ping_status":"open","sticky":false,"template":"","format":"standard","meta":{"amp_status":"","footnotes":""},"categories":[1411],"tags":[],"class_list":["post-6778","post","type-post","status-publish","format-standard","has-post-thumbnail","hentry","category-aides-sociales"],"yoast_head":"<!-- This site is optimized with the Yoast SEO plugin v14.9 - https:\/\/yoast.com\/wordpress\/plugins\/seo\/ -->\n<title>Les aides financi\u00e8res pour reprendre ses \u00e9tudes| Mes-Allocs.fr<\/title>\n<meta name=\"description\" content=\"De nombreuses aides financi\u00e8res peuvent vous accompagner dans la reprise de vos \u00e9tudes, accord\u00e9es notamment par votre entreprises, P\u00f4le Emploi et le CROUS.\" \/>\n<meta name=\"robots\" content=\"index, follow, max-snippet:-1, max-image-preview:large, max-video-preview:-1\" \/>\n<link rel=\"canonical\" href=\"https:\/\/www.mes-allocs.fr\/guides\/aides-sociales\/aide-reprise-etude\/\" \/>\n<meta property=\"og:locale\" content=\"fr_FR\" \/>\n<meta property=\"og:type\" content=\"article\" \/>\n<meta property=\"og:title\" content=\"Les aides financi\u00e8res pour reprendre ses \u00e9tudes| Mes-Allocs.fr\" \/>\n<meta property=\"og:description\" content=\"De nombreuses aides financi\u00e8res peuvent vous accompagner dans la reprise de vos \u00e9tudes, accord\u00e9es notamment par votre entreprises, P\u00f4le Emploi et le CROUS.\" \/>\n<meta property=\"og:url\" content=\"https:\/\/www.mes-allocs.fr\/guides\/aides-sociales\/aide-reprise-etude\/\" \/>\n<meta property=\"og:site_name\" content=\"Mes-Allocs.fr\" \/>\n<meta property=\"article:published_time\" content=\"2020-05-20T14:51:18+00:00\" \/>\n<meta property=\"article:modified_time\" content=\"2026-04-09T15:04:15+00:00\" \/>\n<meta property=\"og:image\" content=\"https:\/\/www.mes-allocs.fr\/guides\/wp-content\/uploads\/2020\/05\/Les-aides-financie\u0300res-pour-reprendre-ses-e\u0301tudes-e1589898145210.jpg?wsr\" \/>\n\t<meta property=\"og:image:width\" content=\"1280\" \/>\n\t<meta property=\"og:image:height\" content=\"853\" \/>\n<meta name=\"twitter:card\" content=\"summary_large_image\" \/>\n<script type=\"application\/ld+json\" class=\"yoast-schema-graph\">{\"@context\":\"https:\/\/schema.org\",\"@graph\":[{\"@type\":\"WebSite\",\"@id\":\"https:\/\/www.mes-allocs.fr\/guides\/#website\",\"url\":\"https:\/\/www.mes-allocs.fr\/guides\/\",\"name\":\"Mes-Allocs.fr\",\"description\":\"\",\"potentialAction\":[{\"@type\":\"SearchAction\",\"target\":\"https:\/\/www.mes-allocs.fr\/guides\/?s={search_term_string}\",\"query-input\":\"required name=search_term_string\"}],\"inLanguage\":\"fr-FR\"},{\"@type\":\"ImageObject\",\"@id\":\"https:\/\/www.mes-allocs.fr\/guides\/aides-sociales\/aide-reprise-etude\/#primaryimage\",\"inLanguage\":\"fr-FR\",\"url\":\"https:\/\/www.mes-allocs.fr\/guides\/wp-content\/uploads\/2020\/05\/Les-aides-financie\\u0300res-pour-reprendre-ses-e\\u0301tudes-e1589898145210.jpg?wsr\",\"width\":1280,\"height\":853,\"caption\":\"Les aides financie\\u0300res pour reprendre ses e\\u0301tudes e1589898145210\"},{\"@type\":\"WebPage\",\"@id\":\"https:\/\/www.mes-allocs.fr\/guides\/aides-sociales\/aide-reprise-etude\/#webpage\",\"url\":\"https:\/\/www.mes-allocs.fr\/guides\/aides-sociales\/aide-reprise-etude\/\",\"name\":\"Les aides financi\\u00e8res pour reprendre ses \\u00e9tudes| Mes-Allocs.fr\",\"isPartOf\":{\"@id\":\"https:\/\/www.mes-allocs.fr\/guides\/#website\"},\"primaryImageOfPage\":{\"@id\":\"https:\/\/www.mes-allocs.fr\/guides\/aides-sociales\/aide-reprise-etude\/#primaryimage\"},\"datePublished\":\"2020-05-20T14:51:18+00:00\",\"dateModified\":\"2026-04-09T15:04:15+00:00\",\"author\":{\"@id\":\"https:\/\/www.mes-allocs.fr\/guides\/#\/schema\/person\/1c4837d5703727cb02ce84583b5a44aa\"},\"description\":\"De nombreuses aides financi\\u00e8res peuvent vous accompagner dans la reprise de vos \\u00e9tudes, accord\\u00e9es notamment par votre entreprises, P\\u00f4le Emploi et le CROUS.\",\"inLanguage\":\"fr-FR\"},{\"@type\":\"Person\",\"@id\":\"https:\/\/www.mes-allocs.fr\/guides\/#\/schema\/person\/1c4837d5703727cb02ce84583b5a44aa\",\"name\":\"Fabiola\",\"image\":{\"@type\":\"ImageObject\",\"@id\":\"https:\/\/www.mes-allocs.fr\/guides\/#personlogo\",\"inLanguage\":\"fr-FR\",\"url\":\"https:\/\/www.mes-allocs.fr\/guides\/wp-content\/uploads\/2021\/06\/fabiola-150x150.png\",\"caption\":\"Fabiola\"},\"description\":\"Fabiola est r\\u00e9dactrice au sein de l'\\u00e9quipe Mes Allocs, sp\\u00e9cialis\\u00e9e en sciences politiques et affaires publiques. Dipl\\u00f4m\\u00e9e de l'HEIP, elle rejoint Mes Allocs apr\\u00e8s une premi\\u00e8re exp\\u00e9rience \\u00e0 l'Assembl\\u00e9e Nationale.\",\"sameAs\":[\"https:\/\/www.linkedin.com\/in\/cecilia-philippe-b-8a8085195\"]}]}<\/script>\n<!-- \/ Yoast SEO plugin. -->","amp_validity":null,"acf":{"faq":{"1":{"question":"\ud83e\udd14 Comment se faire financer une reprise d'\u00e9tude ?","answer":"Tout d\u00e9pend de votre situation personnelle. Si vous \u00eates salari\u00e9 et que vous n'avez pas beaucoup de temps pour vous former, vous pouvez opter pour une formation \u00e0 distance ou des cours du soir.\r\n\r\n"},"2":{"question":"\ud83e\udd37\u200d\u2640\ufe0f Comment reprendre ses \u00e9tudes \u00e0 30 ans, 40 ans, 50 ans, ou 60 ans ?","answer":"\u00c0 30 ans, 40 ans, 50 ans, ou 60 ans, si la plupart des aides pour reprendre ses \u00e9tudes ne sont plus attribu\u00e9es par des organismes comme le CROUS, vous pouvez vous tourner vers des dispositifs adapt\u00e9s aux salari\u00e9s. Si vous \u00eates fonctionnaire par exemple, un syst\u00e8me assure la prise en charge de vos formations pendant votre carri\u00e8re. Cela peut donner lieu \u00e0 une mont\u00e9e de comp\u00e9tences."},"3":{"question":"\ud83e\udd1d Comment reprendre ses \u00e9tudes a 23 ans ?","answer":"La plupart des aides financi\u00e8res \"classiques\" restent ouvertes si vous reprenez vos \u00e9tudes \u00e0 23 ans. Par exemple, la bourse du CROUS vous est accessible jusqu'\u00e0 28 ans. "},"4":{"question":"\ud83e\udd14  Comment reprendre ses \u00e9tudes sans le bac ?","answer":"\u00c0 l'instar du bac, le DAEU (dipl\u00f4me d'acc\u00e8s aux \u00e9tudes universitaires) vous permet de poursuivre vos \u00e9tudes sup\u00e9rieures. Vous pouvez aussi opter pour la VAE ou faire valoir votre droit de retour \u00e0 la formation si vous avez entre 16 et 25 ans."},"5":{"question":"\ud83e\udd37\u200d\u2640\ufe0f Comment se faire financer une formation quand on est salari\u00e9 ?","answer":"Les conseils r\u00e9gionaux mettent en place la demande d\u2019Aide individuelle r\u00e9gionale vers l\u2019emploi (AIRE). Il s'agit d'une aide pour financer votre formation. Elle est adress\u00e9 aux demandeurs d'emploi et salari\u00e9s en difficult\u00e9."},"6":{"question":"\ud83e\udd1d Comment reprendre le cursus scolaire ?","answer":"Pour reprendre ses \u00e9tudes, il faut alors faire appel au service d'offre de formation continue ou bien int\u00e9grer une formation qualifiante pour adulte. Un choix d'\u00e9tudes qui peut se faire pour enrichir ses acquis professionnels ou pour une reconversion."},"7":{"question":"\ud83e\udd14 Quelles sont les aides financi\u00e8res pour la reprise d'\u00e9tudes ?","answer":"Si vous voulez reprendre vos \u00e9tudes, vous pouvez faire appel aux aides suivantes :\r\n\r\n- validation d'acquis par l'exp\u00e9rience (VAE),\r\n- formation continue,\r\n- les aides de P\u00f4le Emploi,\r\n- les aides attribu\u00e9es par les conseils r\u00e9gionaux,\r\n- etc."},"8":{"question":"\ud83e\udd37\u200d\u2640\ufe0f Est-il trop tard pour reprendre \u00e9tudes ?","answer":"Il n'est jamais trop tard pour reprendre ses \u00e9tudes. De nombreuses aides vous accompagnent pour le faire."},"9":{"question":"","answer":""},"10":{"question":"","answer":""},"11":{"question":"","answer":""},"12":{"question":"","answer":""},"13":{"question":"","answer":""},"14":{"question":"","answer":""},"15":{"question":"","answer":""},"16":{"question":"","answer":""}}},"_links":{"self":[{"href":"https:\/\/www.mes-allocs.fr\/guides\/wp-json\/wp\/v2\/posts\/6778","targetHints":{"allow":["GET"]}}],"collection":[{"href":"https:\/\/www.mes-allocs.fr\/guides\/wp-json\/wp\/v2\/posts"}],"about":[{"href":"https:\/\/www.mes-allocs.fr\/guides\/wp-json\/wp\/v2\/types\/post"}],"author":[{"embeddable":true,"href":"https:\/\/www.mes-allocs.fr\/guides\/wp-json\/wp\/v2\/users\/7"}],"replies":[{"embeddable":true,"href":"https:\/\/www.mes-allocs.fr\/guides\/wp-json\/wp\/v2\/comments?post=6778"}],"version-history":[{"count":46,"href":"https:\/\/www.mes-allocs.fr\/guides\/wp-json\/wp\/v2\/posts\/6778\/revisions"}],"predecessor-version":[{"id":111873,"href":"https:\/\/www.mes-allocs.fr\/guides\/wp-json\/wp\/v2\/posts\/6778\/revisions\/111873"}],"wp:featuredmedia":[{"embeddable":true,"href":"https:\/\/www.mes-allocs.fr\/guides\/wp-json\/wp\/v2\/media\/6991"}],"wp:attachment":[{"href":"https:\/\/www.mes-allocs.fr\/guides\/wp-json\/wp\/v2\/media?parent=6778"}],"wp:term":[{"taxonomy":"category","embeddable":true,"href":"https:\/\/www.mes-allocs.fr\/guides\/wp-json\/wp\/v2\/categories?post=6778"},{"taxonomy":"post_tag","embeddable":true,"href":"https:\/\/www.mes-allocs.fr\/guides\/wp-json\/wp\/v2\/tags?post=6778"}],"curies":[{"name":"wp","href":"https:\/\/api.w.org\/{rel}","templated":true}]}}