{"id":67715,"date":"2023-09-01T16:34:50","date_gmt":"2023-09-01T14:34:50","guid":{"rendered":"https:\/\/www.mes-allocs.fr\/guides\/?p=67715"},"modified":"2025-07-09T18:02:08","modified_gmt":"2025-07-09T16:02:08","slug":"prime-a-la-conversion-et-distance-domicile-travail","status":"publish","type":"post","link":"https:\/\/www.mes-allocs.fr\/guides\/prime-a-la-conversion\/prime-a-la-conversion-et-distance-domicile-travail\/","title":{"rendered":"Prime \u00e0 la conversion et distance domicile-travail"},"content":{"rendered":"<p><img loading=\"lazy\" decoding=\"async\" class=\"alignnone wp-image-67747 \" title=\"prime \u00e0 la conversion distance travail\" src=\"https:\/\/www.mes-allocs.fr\/guides\/wp-content\/uploads\/2023\/09\/prime-a-la-conversion-distance-travail-e1693575206378.jpg\" alt=\"prime \u00e0 la conversion distance travail\" width=\"1553\" height=\"279\" srcset=\"https:\/\/www.mes-allocs.fr\/guides\/wp-content\/uploads\/2023\/09\/prime-a-la-conversion-distance-travail-e1693575206378.jpg 1280w, https:\/\/www.mes-allocs.fr\/guides\/wp-content\/uploads\/2023\/09\/prime-a-la-conversion-distance-travail-e1693575206378-300x54.jpg 300w, https:\/\/www.mes-allocs.fr\/guides\/wp-content\/uploads\/2023\/09\/prime-a-la-conversion-distance-travail-e1693575206378-1024x184.jpg 1024w, https:\/\/www.mes-allocs.fr\/guides\/wp-content\/uploads\/2023\/09\/prime-a-la-conversion-distance-travail-e1693575206378-768x138.jpg 768w, https:\/\/www.mes-allocs.fr\/guides\/wp-content\/uploads\/2023\/09\/prime-a-la-conversion-distance-travail-e1693575206378-600x108.jpg 600w\" sizes=\"auto, (max-width: 1553px) 100vw, 1553px\" \/><\/p>\n<p><strong><span style=\"vertical-align: inherit;\"><span style=\"vertical-align: inherit;\">La <\/span><\/span><a href=\"https:\/\/www.mes-allocs.fr\/guides\/prime-a-la-conversion\/\"><span style=\"vertical-align: inherit;\"><span style=\"vertical-align: inherit;\">prime \u00e0 la conversion<\/span><\/span><\/a><span style=\"vertical-align: inherit;\"><span style=\"vertical-align: inherit;\">, con\u00e7ue pour encourager l&rsquo;adoption de v\u00e9hicules plus respectueux de l&rsquo;environnement, a suscit\u00e9 l&rsquo;int\u00e9r\u00eat de nombreux automobilistes, notamment de ceux qui parcourent de longues distances entre leur domicile et leur lieu de travail. Dans cet article, d\u00e9couvrez comment le montant de votre prime \u00e0 la conversion peut \u00eatre li\u00e9 \u00e0 votre distance domicile-travail.<\/span><\/span><\/strong><\/p>\n<p><span style=\"vertical-align: inherit;\"><span style=\"vertical-align: inherit;\"><div class='cta-block'><div class='text'>Simulez toutes vos aides en 2 min.<\/div><a href='https:\/\/www.mes-allocs.fr\/ab-app?origin=guides\/wp-json\/wp\/v2\/posts\/67715' class='app-button fit'>Simulation gratuite<\/a><\/div><\/span><\/span><\/p>\n<div class='shortcode disclaimer'><div class='title'>Attention<\/div><div class='content'>La prime \u00e0 la conversion n\u2019est plus disponible depuis d\u00e9cembre 2024. Apr\u00e8s cette date, il n\u2019est plus possible d\u2019en b\u00e9n\u00e9ficier, que ce soit pour les particuliers ou les professionnels. <\/div><\/div>\n<h1><strong><span style=\"vertical-align: inherit;\"><span style=\"vertical-align: inherit;\">La prime \u00e0 la conversion : un incitatif \u00e9cologique<\/span><\/span><\/strong><\/h1>\n<h2><strong><span style=\"vertical-align: inherit;\"><span style=\"vertical-align: inherit;\">Qu&rsquo;est-ce que la prime \u00e0 la conversion ?<\/span><\/span><\/strong><\/h2>\n<p><span style=\"vertical-align: inherit;\"><span style=\"vertical-align: inherit;\">La prime \u00e0 la conversion est une <strong>aide financi\u00e8re<\/strong> propos\u00e9e par le Gouvernement pour soutenir le renouvellement du parc automobile en faveur de v\u00e9hicules moins polluants. Elle consiste en une subvention vers\u00e9e aux propri\u00e9taires d&rsquo;un v\u00e9hicule ancien lorsqu&rsquo;ils d\u00e9cident de la mettre \u00e0 la casse et d&rsquo;acheter un v\u00e9hicule plus respectueux de l&rsquo;environnement, comme un v\u00e9hicule \u00e9lectrique, hybride ou \u00e0 faibles \u00e9missions.<\/span><\/span><\/p>\n<p><span style=\"vertical-align: inherit;\"><span style=\"vertical-align: inherit;\">Pour <\/span><\/span><span style=\"vertical-align: inherit;\"><span style=\"vertical-align: inherit;\">b\u00e9n\u00e9ficier de la prime \u00e0 la conversion<\/span><\/span><span style=\"vertical-align: inherit;\"><span style=\"vertical-align: inherit;\">, vous devez respecter certains <a href=\"https:\/\/www.mes-allocs.fr\/guides\/prime-a-la-conversion\/conditions-prime-a-la-conversion\/eligible-prime-a-la-conversion\/\">crit\u00e8res d&rsquo;\u00e9ligibilit\u00e9<\/a>, tels que l&rsquo;\u00e2ge du v\u00e9hicule \u00e0 remplacer, son type et se<span style=\"vertical-align: inherit;\">s \u00e9missions<\/span>. Les montants de la prime varient donc en fonction de ces crit\u00e8res.<\/span><\/span><\/p>\n<h2><strong><span style=\"vertical-align: inherit;\"><span style=\"vertical-align: inherit;\">Objectifs environnementaux de la prime \u00e0 la conversion\u00a0<\/span><\/span><\/strong><\/h2>\n<p><span style=\"vertical-align: inherit;\"><span style=\"vertical-align: inherit;\">Les objectifs environnementaux de la prime \u00e0 la conversion sont multiples :<\/span><\/span><\/p>\n<ul>\n<li><strong><span style=\"vertical-align: inherit;\"><span style=\"vertical-align: inherit;\">R\u00e9duction des \u00e9missions de gaz \u00e0 effet de serre (GES) :<\/span><\/span><\/strong><span style=\"vertical-align: inherit;\"><span style=\"vertical-align: inherit;\"> en rempla\u00e7ant les v\u00e9hicules anciens et polluants par des mod\u00e8les plus propres, la prime \u00e0 la conversion contribue \u00e0 r\u00e9duire les \u00e9missions de GES, notamment le dioxyde de carbone (CO2). Cela s&rsquo;inscrit dans le cadre de la lutte contre le changement climatique en limitant la contribution des transports aux \u00e9missions globales.<\/span><\/span><\/li>\n<li><strong><span style=\"vertical-align: inherit;\"><span style=\"vertical-align: inherit;\">Am\u00e9lioration de la qualit\u00e9 de l&rsquo;air :<\/span><\/span><\/strong><span style=\"vertical-align: inherit;\"><span style=\"vertical-align: inherit;\"> les <\/span><\/span><span style=\"vertical-align: inherit;\"><span style=\"vertical-align: inherit;\">v\u00e9hicules<\/span><\/span><span style=\"vertical-align: inherit;\"><span style=\"vertical-align: inherit;\"> anciens \u00e9mettent des polluants atmosph\u00e9riques n\u00e9fastes pour la sant\u00e9 humaine, tels que les oxydes d&rsquo;azote (NOx) et les particules fines. En favorisant l&rsquo;adoption de v\u00e9hicules plus propres, la prime \u00e0 la conversion contribue \u00e0 r\u00e9duire la pollution de l&rsquo;air, am\u00e9liorant ainsi la qualit\u00e9 de l&rsquo;air dans les zones urbaines.<\/span><\/span><\/li>\n<li><strong><span style=\"vertical-align: inherit;\"><span style=\"vertical-align: inherit;\">Promotion de technologies \u00e9cologiques :<\/span><\/span><\/strong><span style=\"vertical-align: inherit;\"><span style=\"vertical-align: inherit;\"> la prime \u00e0 la conversion encourage le march\u00e9 des v\u00e9hicules \u00e0 faibles \u00e9missions et stimule l&rsquo;innovation dans le secteur automobile. Cela pousse les constructeurs \u00e0 d\u00e9velopper des technologies plus respectueuses de l&rsquo;environnement, telles que les motorisations \u00e9lectriques et hybrides.<\/span><\/span><\/li>\n<li><strong><span style=\"vertical-align: inherit;\"><span style=\"vertical-align: inherit;\">R\u00e9duction de la consommation de carburant :<\/span><\/span><\/strong><span style=\"vertical-align: inherit;\"><span style=\"vertical-align: inherit;\"> les v\u00e9hicules plus r\u00e9cents et plus \u00e9conomes en carburant contribuent \u00e0 r\u00e9duire la consommation de combustibles fossiles, ce qui est b\u00e9n\u00e9fique \u00e0 la fois pour l&rsquo;environnement et pour les finances des automobilistes.<\/span><\/span><\/li>\n<\/ul>\n<h1><strong><span style=\"vertical-align: inherit;\"><span style=\"vertical-align: inherit;\">Distance domicile-travail : un facteur cl\u00e9 de mobilit\u00e9<\/span><\/span><\/strong><\/h1>\n<h2><strong><span style=\"vertical-align: inherit;\"><span style=\"vertical-align: inherit;\">L&rsquo;importance de la distance domicile-travail\u00a0<\/span><\/span><\/strong><\/h2>\n<ul>\n<li><strong><span style=\"vertical-align: inherit;\"><span style=\"vertical-align: inherit;\">Temps et productivit\u00e9 :<\/span><\/span><\/strong><span style=\"vertical-align: inherit;\"><span style=\"vertical-align: inherit;\"> la distance domicile-travail a un impact direct sur la dur\u00e9e du trajet quotidien. Des trajets plus longs signifiant g\u00e9n\u00e9ralement plus de temps pass\u00e9 en d\u00e9placement, ce qui peut r\u00e9duire le temps disponible pour d&rsquo;autres activit\u00e9s importantes, telles que passer du temps en famille, se d\u00e9tendre ou se consacrer \u00e0 des loisirs.<\/span><\/span><\/li>\n<li><strong><span style=\"vertical-align: inherit;\"><span style=\"vertical-align: inherit;\">\u00c9conomie de temps :<\/span><\/span><\/strong><span style=\"vertical-align: inherit;\"><span style=\"vertical-align: inherit;\"> une distance domicile-travail courte permet de gagner du temps, ce qui peut am\u00e9liorer la qualit\u00e9 de vie. Moins de temps pass\u00e9 sur la route signifie plus de temps libre pour d&rsquo;autres activit\u00e9s, ce qui peut contribuer au bien-\u00eatre g\u00e9n\u00e9ral.<\/span><\/span><\/li>\n<li><strong><span style=\"vertical-align: inherit;\"><span style=\"vertical-align: inherit;\">Impact sur la sant\u00e9 :<\/span><\/span><\/strong><span style=\"vertical-align: inherit;\"><span style=\"vertical-align: inherit;\"> les trajets domicile-travail prolong\u00e9s peuvent \u00eatre source de stress, de fatigue et de probl\u00e8mes de sant\u00e9. Les travailleurs passant de nombreuses heures en voiture ou dans les transports en commun peuvent \u00eatre plus susceptibles de ressentir des effets n\u00e9gatifs sur leur bien-\u00eatre physique et mental.<\/span><\/span><\/li>\n<li><strong><span style=\"vertical-align: inherit;\"><span style=\"vertical-align: inherit;\">Co\u00fbts :<\/span><\/span><\/strong><span style=\"vertical-align: inherit;\"><span style=\"vertical-align: inherit;\"> les trajets longs sont souvent associ\u00e9s \u00e0 des co\u00fbts suppl\u00e9mentaires, que ce soit en termes de carburant, de billets de transport en commun ou de frais li\u00e9s au stationnement. R\u00e9duire la distance domicile-travail peut \u00e9galement avoir un impact positif sur le budget personnel.<\/span><\/span><\/li>\n<\/ul>\n<h2><strong><span style=\"vertical-align: inherit;\"><span style=\"vertical-align: inherit;\">L&rsquo;impact des longs trajets sur l&rsquo;environnement et la qualit\u00e9 de vie\u00a0<\/span><\/span><\/strong><\/h2>\n<ul>\n<li style=\"list-style-type: none;\">\n<ul>\n<li><strong><span style=\"vertical-align: inherit;\"><span style=\"vertical-align: inherit;\">Impacts environnementaux :<\/span><\/span><\/strong><span style=\"vertical-align: inherit;\"><span style=\"vertical-align: inherit;\"> les longs trajets domicile-travail contribuent aux \u00e9missions de gaz \u00e0 effet de serre et \u00e0 la pollution de l&rsquo;air, en particulier dans les zones urbaines. Les v\u00e9hicules utilis\u00e9s pour les trajets de longue distance ont tendance \u00e0 consommer plus de carburant, ce qui aggrave l&#8217;empreinte carbone individuelle.<\/span><\/span><\/li>\n<li><strong><span style=\"vertical-align: inherit;\"><span style=\"vertical-align: inherit;\">Qualit\u00e9 de l&rsquo;air :<\/span><\/span><\/strong><span style=\"vertical-align: inherit;\"><span style=\"vertical-align: inherit;\"> dans les r\u00e9gions dens\u00e9ment peupl\u00e9es, les embouteillages r\u00e9sultant de longs trajets peuvent entra\u00eener une pollution de l&rsquo;air accrue. Cela peut avoir des effets sur la sant\u00e9 publique et la qualit\u00e9 de l&rsquo;air.<\/span><\/span><\/li>\n<li><strong><span style=\"vertical-align: inherit;\"><span style=\"vertical-align: inherit;\">Stress et fatigue :<\/span><\/span><\/strong><span style=\"vertical-align: inherit;\"><span style=\"vertical-align: inherit;\"> les longs trajets peuvent \u00eatre stressants et fatigants, ce qui peut avoir un impact n\u00e9gatif sur la qualit\u00e9 de vie des travailleurs. La tension li\u00e9e \u00e0 la circulation et au temps pass\u00e9 sur la route peut influencer la sant\u00e9 mentale et le bien-\u00eatre g\u00e9n\u00e9ral.<\/span><\/span><\/li>\n<\/ul>\n<\/li>\n<\/ul>\n<p><span style=\"vertical-align: inherit;\"><span style=\"vertical-align: inherit;\">En cas de besoin, un expert de l&rsquo;\u00e9quipe Mes Allocs peut <\/span><\/span><a href=\"https:\/\/www.mes-allocs.fr\/souscription\" target=\"_blank\" rel=\"noopener\"><span style=\"vertical-align: inherit;\"><span style=\"vertical-align: inherit;\">vous accompagner<\/span><\/span><\/a><span style=\"vertical-align: inherit;\"><span style=\"vertical-align: inherit;\"> dans vos d\u00e9marches pour vous faire gagner du temps et de l&rsquo;argent.<\/span><\/span><\/p>\n<h1><strong><span style=\"vertical-align: inherit;\"><span style=\"vertical-align: inherit;\">Les avantages de la prime \u00e0 la conversion pour vos d\u00e9placements domicile-travail\u00a0<\/span><\/span><\/strong><\/h1>\n<p><span style=\"vertical-align: inherit;\"><span style=\"vertical-align: inherit;\">Les <strong>d\u00e9placements quotidiens domicile-travail<\/strong> sont souvent co\u00fbteux, polluants et parfois m\u00eame inconfortables selon le v\u00e9hicule utilis\u00e9. La prime \u00e0 la conversion apparait comme une aide financi\u00e8re b\u00e9n\u00e9fique sur le long terme. D\u00e9couvrez ensemble les avantages de cette subvention.\u00a0<\/span><\/span><\/p>\n<ul>\n<li><strong><span style=\"vertical-align: inherit;\"><span style=\"vertical-align: inherit;\">\u00c9conomies financi\u00e8res :<\/span><\/span><\/strong><span style=\"vertical-align: inherit;\"><span style=\"vertical-align: inherit;\"> la prime \u00e0 la conversion vous permet de r\u00e9aliser des \u00e9conomies au moment de l&rsquo;achat de votre nouveau v\u00e9hicule, mais \u00e9galement de r\u00e9duire vos co\u00fbts de carburant et de p\u00e9ages autoroutiers. Sur le long terme, la r\u00e9duction des co\u00fbts de d\u00e9placement est consid\u00e9rable, surtout si vous parcourez de longues distances.\u00a0<\/span><\/span><\/li>\n<li><strong><span style=\"vertical-align: inherit;\"><span style=\"vertical-align: inherit;\">Fiabilit\u00e9 :<\/span><\/span><\/strong><span style=\"vertical-align: inherit;\"><span style=\"vertical-align: inherit;\"> les longs trajets domicile-travail peuvent \u00eatre \u00e9prouvants pour les v\u00e9hicules, ce qui peut entra\u00eener des pannes fr\u00e9quentes et des co\u00fbts de r\u00e9paration \u00e9lev\u00e9s. L&rsquo;acquisition d&rsquo;un v\u00e9hicule plus r\u00e9cent et plus fiable gr\u00e2ce \u00e0 la prime \u00e0 la conversion peut vous offrir une plus grande tranquillit\u00e9 d&rsquo;esprit et r\u00e9duire les probl\u00e8mes m\u00e9caniques auxquels vous pouvez \u00eatre confront\u00e9.<\/span><\/span><\/li>\n<li><strong><span style=\"vertical-align: inherit;\"><span style=\"vertical-align: inherit;\">Meilleur confort et technologie :<\/span><\/span><\/strong><span style=\"vertical-align: inherit;\"><span style=\"vertical-align: inherit;\"> les v\u00e9hicules plus r\u00e9cents offrent souvent un niveau de confort sup\u00e9rieur et des technologies avanc\u00e9es telles que la connectivit\u00e9 Bluetooth, la navigation GPS, et les syst\u00e8mes de s\u00e9curit\u00e9 avanc\u00e9s, ce qui peut rendre les trajets domicile-travail plus agr\u00e9ables et plus s\u00fbrs.\u00a0<\/span><\/span><\/li>\n<li><strong><span style=\"vertical-align: inherit;\"><span style=\"vertical-align: inherit;\">R\u00e9duction des \u00e9missions :<\/span><\/span><\/strong><span style=\"vertical-align: inherit;\"><span style=\"vertical-align: inherit;\"> en choisissant un v\u00e9hicule plus propre, vous contribuez \u00e0 la r\u00e9duction des \u00e9missions polluantes li\u00e9es \u00e0 vos trajets. Cela peut \u00eatre particuli\u00e8rement pertinent dans les zones urbaines o\u00f9 la qualit\u00e9 de l&rsquo;air est souvent affect\u00e9e par la circulation.<\/span><\/span><\/li>\n<\/ul>\n<h1>Prime \u00e0 la conversion gros rouleur<\/h1>\n<p>Si vous \u00eates consid\u00e9r\u00e9 comme \u00e9tant un <strong>gros rouleur <\/strong>&#8211; c&rsquo;est-\u00e0-dire que votre trajet domicile-travail est sup\u00e9rieur \u00e0 30 km ou que vous parcourez plus de 12 000 km \/ an avec votre voiture personnelle dans le cadre de votre activit\u00e9 professionnelle -, vous pourriez \u00eatre \u00e9ligible \u00e0 la prime \u00e0 la conversion. Dans ce cas, il vous sera demand\u00e9 d&rsquo;obtenir et fournir une <strong>attestation employeur<\/strong> justifiant de votre qualit\u00e9 de \u00ab\u00a0gros rouleur\u00a0\u00bb. Vous devez n\u00e9anmoins \u00eatre <strong>non imposable<\/strong>. L&rsquo;<span style=\"vertical-align: inherit;\"><span style=\"vertical-align: inherit;\">\u00e9quipe Mes Allocs vous accompagne pour simuler votre \u00e9ligibilit\u00e9. Faites nous confiance, nous sommes l\u00e0 pour vous aider.\u00a0<\/span><\/span><\/p>\n<p><span style=\"vertical-align: inherit;\"><span style=\"vertical-align: inherit;\"><div class='cta-block'><div class='text'>Simulez toutes vos aides en 2 min.<\/div><a href='https:\/\/www.mes-allocs.fr\/ab-app?origin=guides\/wp-json\/wp\/v2\/posts\/67715' class='app-button fit'>Simulation gratuite<\/a><\/div><\/span><\/span><\/p>\n","protected":false},"excerpt":{"rendered":"<p>La prime \u00e0 la conversion, con\u00e7ue pour encourager l&rsquo;adoption de v\u00e9hicules plus respectueux de l&rsquo;environnement, a suscit\u00e9 l&rsquo;int\u00e9r\u00eat de nombreux automobilistes, notamment de ceux qui parcourent de longues distances entre leur domicile et leur lieu de travail. Dans cet article, d\u00e9couvrez comment le montant de votre prime \u00e0 la conversion peut \u00eatre li\u00e9 \u00e0 votre [&hellip;]<\/p>\n","protected":false},"author":26,"featured_media":67746,"comment_status":"closed","ping_status":"open","sticky":false,"template":"","format":"standard","meta":{"amp_status":"","footnotes":""},"categories":[9930],"tags":[],"class_list":["post-67715","post","type-post","status-publish","format-standard","has-post-thumbnail","hentry","category-prime-a-la-conversion"],"yoast_head":"<!-- This site is optimized with the Yoast SEO plugin v14.9 - https:\/\/yoast.com\/wordpress\/plugins\/seo\/ -->\n<title>Prime \u00e0 la conversion et distance domicile-travail | Mes-Allocs.fr<\/title>\n<meta name=\"description\" content=\"D\u00e9couvrez comment le montant de votre prime \u00e0 la conversion peut \u00eatre li\u00e9 \u00e0 votre distance domicile-travail.\" \/>\n<meta name=\"robots\" content=\"index, follow, max-snippet:-1, max-image-preview:large, max-video-preview:-1\" \/>\n<link rel=\"canonical\" href=\"https:\/\/www.mes-allocs.fr\/guides\/prime-a-la-conversion\/prime-a-la-conversion-et-distance-domicile-travail\/\" \/>\n<meta property=\"og:locale\" content=\"fr_FR\" \/>\n<meta property=\"og:type\" content=\"article\" \/>\n<meta property=\"og:title\" content=\"Prime \u00e0 la conversion et distance domicile-travail | Mes-Allocs.fr\" \/>\n<meta property=\"og:description\" content=\"D\u00e9couvrez comment le montant de votre prime \u00e0 la conversion peut \u00eatre li\u00e9 \u00e0 votre distance domicile-travail.\" \/>\n<meta property=\"og:url\" content=\"https:\/\/www.mes-allocs.fr\/guides\/prime-a-la-conversion\/prime-a-la-conversion-et-distance-domicile-travail\/\" \/>\n<meta property=\"og:site_name\" content=\"Mes-Allocs.fr\" \/>\n<meta property=\"article:published_time\" content=\"2023-09-01T14:34:50+00:00\" \/>\n<meta property=\"article:modified_time\" content=\"2025-07-09T16:02:08+00:00\" \/>\n<meta property=\"og:image\" content=\"https:\/\/www.mes-allocs.fr\/guides\/wp-content\/uploads\/2023\/09\/prime-a-la-conversion-distance-travail-voiture.jpg?wsr\" \/>\n\t<meta property=\"og:image:width\" content=\"739\" \/>\n\t<meta property=\"og:image:height\" content=\"661\" \/>\n<meta name=\"twitter:card\" content=\"summary_large_image\" \/>\n<script type=\"application\/ld+json\" class=\"yoast-schema-graph\">{\"@context\":\"https:\/\/schema.org\",\"@graph\":[{\"@type\":\"WebSite\",\"@id\":\"https:\/\/www.mes-allocs.fr\/guides\/#website\",\"url\":\"https:\/\/www.mes-allocs.fr\/guides\/\",\"name\":\"Mes-Allocs.fr\",\"description\":\"\",\"potentialAction\":[{\"@type\":\"SearchAction\",\"target\":\"https:\/\/www.mes-allocs.fr\/guides\/?s={search_term_string}\",\"query-input\":\"required name=search_term_string\"}],\"inLanguage\":\"fr-FR\"},{\"@type\":\"ImageObject\",\"@id\":\"https:\/\/www.mes-allocs.fr\/guides\/prime-a-la-conversion\/prime-a-la-conversion-et-distance-domicile-travail\/#primaryimage\",\"inLanguage\":\"fr-FR\",\"url\":\"https:\/\/www.mes-allocs.fr\/guides\/wp-content\/uploads\/2023\/09\/prime-a-la-conversion-distance-travail-voiture.jpg?wsr\",\"width\":739,\"height\":661,\"caption\":\"prime a la conversion distance travail voiture\"},{\"@type\":\"WebPage\",\"@id\":\"https:\/\/www.mes-allocs.fr\/guides\/prime-a-la-conversion\/prime-a-la-conversion-et-distance-domicile-travail\/#webpage\",\"url\":\"https:\/\/www.mes-allocs.fr\/guides\/prime-a-la-conversion\/prime-a-la-conversion-et-distance-domicile-travail\/\",\"name\":\"Prime \\u00e0 la conversion et distance domicile-travail | Mes-Allocs.fr\",\"isPartOf\":{\"@id\":\"https:\/\/www.mes-allocs.fr\/guides\/#website\"},\"primaryImageOfPage\":{\"@id\":\"https:\/\/www.mes-allocs.fr\/guides\/prime-a-la-conversion\/prime-a-la-conversion-et-distance-domicile-travail\/#primaryimage\"},\"datePublished\":\"2023-09-01T14:34:50+00:00\",\"dateModified\":\"2025-07-09T16:02:08+00:00\",\"author\":{\"@id\":\"https:\/\/www.mes-allocs.fr\/guides\/#\/schema\/person\/9c38f3be41a0ddcd1e3fde5a3df713bf\"},\"description\":\"D\\u00e9couvrez comment le montant de votre prime \\u00e0 la conversion peut \\u00eatre li\\u00e9 \\u00e0 votre distance domicile-travail.\",\"inLanguage\":\"fr-FR\"},{\"@type\":\"Person\",\"@id\":\"https:\/\/www.mes-allocs.fr\/guides\/#\/schema\/person\/9c38f3be41a0ddcd1e3fde5a3df713bf\",\"name\":\"Sessime Ananou\",\"image\":{\"@type\":\"ImageObject\",\"@id\":\"https:\/\/www.mes-allocs.fr\/guides\/#personlogo\",\"inLanguage\":\"fr-FR\",\"url\":\"https:\/\/www.mes-allocs.fr\/guides\/wp-content\/uploads\/2023\/08\/IMG_8173-150x150.jpg\",\"caption\":\"Sessime Ananou\"},\"description\":\"Sessime est r\\u00e9dactrice chez Mes Allocs, sp\\u00e9cialis\\u00e9e sur le pouvoir d'achat. Elle rejoint l'\\u00e9quipe Mes Allocs en ao\\u00fbt 2023 afin de simplifier l'acc\\u00e8s \\u00e0 l'information sur les aides en g\\u00e9n\\u00e9ral.\"}]}<\/script>\n<!-- \/ Yoast SEO plugin. -->","amp_validity":null,"acf":{"faq":{"1":{"question":"Comment justifier des 30 km pour la prime \u00e0 la conversion ?","answer":"Il revient \u00e0 votre employeur de vous fournir un justificatif attestant que la distance que vous parcourez entre votre domicile et votre lieu de travail est sup\u00e9rieure \u00e0 30km.\r\n"},"2":{"question":"Comment justifier des 12 000 km par an pour la prime \u00e0 la conversion ?","answer":"Votre employeur doit vous fournir une attestation justifiant que vous parcourez plus de 12 000 km \/ an dans le cadre de votre activit\u00e9 professionnelle\r\navec votre v\u00e9hicule personnel."},"3":{"question":"Quelles sont les conditions pour avoir la prime \u00e0 la conversion ?","answer":"Pour b\u00e9n\u00e9ficier de la prime \u00e0 la conversion, vous devez r\u00e9unir plusieurs conditions : \u00eatre majeur, \u00eatre domicili\u00e9 en France, mettre en destruction un v\u00e9hicule ancien, acheter un v\u00e9hicule peu polluant et avoir un revenu fiscal de r\u00e9f\u00e9rence par part inf\u00e9rieur ou \u00e9gal au montant fix\u00e9."},"4":{"question":"Puis-je b\u00e9n\u00e9ficier 2 fois de la prime \u00e0 la conversion ?","answer":"Non, la prime \u00e0 la conversion est attribu\u00e9e une seule fois par personne. "},"5":{"question":"Quelle est la diff\u00e9rence entre la prime \u00e0 la casse et la prime \u00e0 la conversion ?","answer":"Il n'existe aucune diff\u00e9rence entre la prime \u00e0 la casse et la prime \u00e0 la conversion, c'est la m\u00eame chose. Le terme de \"prime \u00e0 la conversion\" est venu remplac\u00e9 celui de \"prime \u00e0 la casse\"."},"6":{"question":"Comment se faire rembourser la prime \u00e0 la conversion ?","answer":"Vous devez en faire la demande dans les 6 mois suivant la date de facturation de votre nouveau v\u00e9hicule."},"7":{"question":"","answer":""},"8":{"question":"","answer":""},"9":{"question":"","answer":""},"10":{"question":"","answer":""},"11":{"question":"","answer":""},"12":{"question":"","answer":""},"13":{"question":"","answer":""},"14":{"question":"","answer":""},"15":{"question":"","answer":""},"16":{"question":"","answer":""}}},"_links":{"self":[{"href":"https:\/\/www.mes-allocs.fr\/guides\/wp-json\/wp\/v2\/posts\/67715","targetHints":{"allow":["GET"]}}],"collection":[{"href":"https:\/\/www.mes-allocs.fr\/guides\/wp-json\/wp\/v2\/posts"}],"about":[{"href":"https:\/\/www.mes-allocs.fr\/guides\/wp-json\/wp\/v2\/types\/post"}],"author":[{"embeddable":true,"href":"https:\/\/www.mes-allocs.fr\/guides\/wp-json\/wp\/v2\/users\/26"}],"replies":[{"embeddable":true,"href":"https:\/\/www.mes-allocs.fr\/guides\/wp-json\/wp\/v2\/comments?post=67715"}],"version-history":[{"count":7,"href":"https:\/\/www.mes-allocs.fr\/guides\/wp-json\/wp\/v2\/posts\/67715\/revisions"}],"predecessor-version":[{"id":101835,"href":"https:\/\/www.mes-allocs.fr\/guides\/wp-json\/wp\/v2\/posts\/67715\/revisions\/101835"}],"wp:featuredmedia":[{"embeddable":true,"href":"https:\/\/www.mes-allocs.fr\/guides\/wp-json\/wp\/v2\/media\/67746"}],"wp:attachment":[{"href":"https:\/\/www.mes-allocs.fr\/guides\/wp-json\/wp\/v2\/media?parent=67715"}],"wp:term":[{"taxonomy":"category","embeddable":true,"href":"https:\/\/www.mes-allocs.fr\/guides\/wp-json\/wp\/v2\/categories?post=67715"},{"taxonomy":"post_tag","embeddable":true,"href":"https:\/\/www.mes-allocs.fr\/guides\/wp-json\/wp\/v2\/tags?post=67715"}],"curies":[{"name":"wp","href":"https:\/\/api.w.org\/{rel}","templated":true}]}}