{"id":67706,"date":"2023-09-01T14:16:30","date_gmt":"2023-09-01T12:16:30","guid":{"rendered":"https:\/\/www.mes-allocs.fr\/guides\/?p=67706"},"modified":"2025-07-09T18:01:11","modified_gmt":"2025-07-09T16:01:11","slug":"fin-prime-conversion","status":"publish","type":"post","link":"https:\/\/www.mes-allocs.fr\/guides\/prime-a-la-conversion\/fin-prime-conversion\/","title":{"rendered":"Fin de la prime \u00e0 la conversion en 2025"},"content":{"rendered":"<p><img loading=\"lazy\" decoding=\"async\" class=\"alignnone wp-image-67738 \" title=\"fin prime a la conversion\" src=\"https:\/\/www.mes-allocs.fr\/guides\/wp-content\/uploads\/2023\/09\/fin-prime-a-la-conversion-e1693568378572.jpg\" alt=\"fin prime a la conversion\" width=\"1484\" height=\"371\" srcset=\"https:\/\/www.mes-allocs.fr\/guides\/wp-content\/uploads\/2023\/09\/fin-prime-a-la-conversion-e1693568378572.jpg 1280w, https:\/\/www.mes-allocs.fr\/guides\/wp-content\/uploads\/2023\/09\/fin-prime-a-la-conversion-e1693568378572-300x75.jpg 300w, https:\/\/www.mes-allocs.fr\/guides\/wp-content\/uploads\/2023\/09\/fin-prime-a-la-conversion-e1693568378572-1024x256.jpg 1024w, https:\/\/www.mes-allocs.fr\/guides\/wp-content\/uploads\/2023\/09\/fin-prime-a-la-conversion-e1693568378572-768x192.jpg 768w, https:\/\/www.mes-allocs.fr\/guides\/wp-content\/uploads\/2023\/09\/fin-prime-a-la-conversion-e1693568378572-600x150.jpg 600w\" sizes=\"auto, (max-width: 1484px) 100vw, 1484px\" \/><\/p>\n<p>La <a href=\"https:\/\/www.mes-allocs.fr\/guides\/prime-a-la-conversion\/\">prime \u00e0 la conversion<\/a> vous permettait de b\u00e9n\u00e9ficier d\u2019une aide pour l\u2019achat d\u2019un v\u00e9hicule moins polluant en \u00e9change de la mise \u00e0 la casse d\u2019une ancienne voiture. La<b> fin de la prime \u00e0 la conversion<\/b> a \u00e9t\u00e9 act\u00e9e le 2 d\u00e9cembre 2024. Cependant, il est encore possible d\u2019en b\u00e9n\u00e9ficier sous certaines conditions. Dans cet article, Mes Allocs fait le point sur les modalit\u00e9s de la suppression de la prime \u00e0 la conversion et ses cons\u00e9quences.<\/p>\n<div class='cta-block'><div class='text'>Simulez toutes vos aides en 2 min.<\/div><a href='https:\/\/www.mes-allocs.fr\/ab-app?origin=guides\/wp-json\/wp\/v2\/posts\/67706' class='app-button fit'>Simulation gratuite<\/a><\/div>\n<h1>La prime \u00e0 la conversion est-elle supprim\u00e9e \u00e0 partir de 2025 ?<\/h1>\n<p>La prime \u00e0 la conversion a \u00e9t\u00e9 supprim\u00e9e le<b> 2 d\u00e9cembre 2024<\/b>. Cette d\u00e9cision a \u00e9t\u00e9 officialis\u00e9e par un d\u00e9cret qui a \u00e9t\u00e9 publi\u00e9 en novembre 2024. Cette d\u00e9cision fait partie des restrictions budg\u00e9taires \u00e9tablies dans le projet de loi de finances pour 2025.<\/p>\n<p>Il existe toutefois des exceptions : si vous avez command\u00e9 une <b>voiture neuve<\/b> ou sign\u00e9 un contrat de location avant le 2 d\u00e9cembre 2024, vous pouvez encore obtenir la prime sous certaines conditions.<\/p>\n<p><b>\u00c0 noter<\/b> : cette possibilit\u00e9 ne concerne que les v\u00e9hicules neufs. Pour les voitures d\u2019occasion, la prime n\u2019est plus accessible.<\/p>\n<h1>Pourquoi la prime \u00e0 la conversion prend-elle fin en 2025 ?<\/h1>\n<h2>R\u00e9orientation des financements publics<\/h2>\n<p>L\u2019arr\u00eat de la prime \u00e0 la conversion permet \u00e0 l\u2019\u00c9tat de r\u00e9orienter son budget vers d\u2019autres mesures pour une mobilit\u00e9 plus \u00e9coresponsable. Le gouvernement pr\u00e9f\u00e8re miser sur le bonus \u00e9cologique et le leasing social qui sont jug\u00e9s comme plus efficaces pour encourager l\u2019achat de v\u00e9hicules propres. L\u2019objectif est donc d\u2019utiliser au mieux l\u2019argent public pour que les Fran\u00e7ais roulent avec des voitures plus propres, plus vite.<\/p>\n<div class='shortcode disclaimer'><div class='title'>Attention<\/div><div class='content'>Depuis juillet 2025, le bonus \u00e9cologique pour les voitures particuli\u00e8res neuves n\u2019est plus disponible. Vous pouvez cependant b\u00e9n\u00e9ficier de l\u2019aide financi\u00e8re pour l\u2019achat ou la location d\u2019une voiture \u00e9lectrique neuve distribu\u00e9e par les certificats d\u2019\u00e9conomies d\u2019\u00e9nergie (CEE), sous conditions.<\/div><\/div>\n<h2>R\u00e9duction du budget allou\u00e9<\/h2>\n<p>La fin de la prime \u00e0 la conversion entra\u00eene une baisse importante du budget total pour les aides \u00e0 l\u2019achat de voitures \u00e9lectriques. En effet, le montant pr\u00e9vu pour ces aides va diminuer de 1,5 milliard d\u2019euros en 2024 \u00e0 1 milliard d\u2019euros en 2025.<\/p>\n<p>Il est important de noter que cette baisse ne concerne pas que la prime \u00e0 la conversion, mais l\u2019ensemble des dispositifs d\u2019aide \u00e0 l\u2019achat de v\u00e9hicules moins polluants.<\/p>\n<p>Par exemple : le bonus \u00e9cologique verra aussi son montant r\u00e9duit de 1000 \u20ac \u00e0 partir du 1er janvier 2025, passant de 4000 \u00e0 3000 \u20ac pour les acqu\u00e9reurs de voitures neuves \u00e9lectriques \u00e9ligibles.<\/p>\n<h1>Comment b\u00e9n\u00e9ficier de la prime \u00e0 la conversion avant sa suppression ?<\/h1>\n<h2>Les crit\u00e8res d\u2019\u00e9ligibilit\u00e9 \u00e0 la prime \u00e0 la conversion en 2025<\/h2>\n<p>Plusieurs <a href=\"https:\/\/www.mes-allocs.fr\/guides\/prime-a-la-conversion\/conditions-prime-a-la-conversion\/\">conditions d&rsquo;\u00e9ligibilit\u00e9 \u00e0 la prime \u00e0 la conversion<\/a> doivent \u00eatre remplies pour en b\u00e9n\u00e9ficier :<\/p>\n<ul>\n<li aria-level=\"1\">\u00catre une personne majeure vivant en France ou une entreprise bas\u00e9e en France.<\/li>\n<li aria-level=\"1\">Avoir un revenu fiscal de r\u00e9f\u00e9rence par part inf\u00e9rieur ou \u00e9gal \u00e0 22 983 euros (selon l\u2019avis d\u2019imp\u00f4t 2023 sur les revenus 2022).<\/li>\n<li aria-level=\"1\">Acheter ou louer un v\u00e9hicule peu polluant qui respecte ces crit\u00e8res :\n<ul>\n<li aria-level=\"2\">\u00catre une voiture de cat\u00e9gorie M.<\/li>\n<li aria-level=\"2\">\u00catre immatricul\u00e9 en France.<\/li>\n<li aria-level=\"2\">Ne pas \u00eatre revendu dans l\u2019ann\u00e9e qui suit l\u2019achat.<\/li>\n<li aria-level=\"2\">Avoir parcouru au moins 6 000 km avant d\u2019\u00eatre revendu.<\/li>\n<\/ul>\n<\/li>\n<li aria-level=\"1\">Mettre \u00e0 la casse un ancien v\u00e9hicule polluant :\n<ul>\n<li aria-level=\"2\">Diesel immatricul\u00e9 avant 2011.<\/li>\n<li aria-level=\"2\">Essence immatricul\u00e9e avant 2006.<\/li>\n<li aria-level=\"2\">Immatricul\u00e9 \u00e0 votre nom depuis au moins un an.<\/li>\n<\/ul>\n<\/li>\n<\/ul>\n<h2>Les d\u00e9lais \u00e0 respecter pour b\u00e9n\u00e9ficier de la prime \u00e0 la conversion en 2025<\/h2>\n<p>La prime \u00e0 la conversion a \u00e9t\u00e9 supprim\u00e9e le 2 d\u00e9cembre 2024. Cependant, des dispositions pour permettre une meilleure transition ont \u00e9t\u00e9 mises en place :<\/p>\n<ul>\n<li aria-level=\"1\">Pour les v\u00e9hicules neufs command\u00e9s ou dont le contrat de location a \u00e9t\u00e9 sign\u00e9 avant le 2 d\u00e9cembre 2024, la prime \u00e0 la conversion reste applicable si la facturation ou le premier loyer est vers\u00e9 au plus tard le 14 f\u00e9vrier 2025.<\/li>\n<li aria-level=\"1\">Les demandes d\u00e9pos\u00e9es avant le 2 d\u00e9cembre 2024 pourront encore b\u00e9n\u00e9ficier de la prime, mais devront \u00eatre valid\u00e9es avant la fin de l\u2019ann\u00e9e 2024.<\/li>\n<li aria-level=\"1\">Pour les v\u00e9hicules d\u2019occasion, la prime n\u2019est plus disponible depuis le 2 d\u00e9cembre 2024, sans p\u00e9riode de transition.<\/li>\n<\/ul>\n<h2>Les montants de la prime \u00e0 la conversion<\/h2>\n<p>Les <a href=\"https:\/\/www.mes-allocs.fr\/guides\/prime-a-la-conversion\/montant-prime-a-la-conversion\/\">montants de la prime \u00e0 la conversion<\/a> varient selon le type de v\u00e9hicule achet\u00e9 et vos revenus. Par exemple :<\/p>\n<ul>\n<li aria-level=\"1\">1500 \u20ac pour les personnes dont le revenu fiscal de r\u00e9f\u00e9rence est compris entre 7 101 \u20ac et 24 900 \u20ac par part.<\/li>\n<li aria-level=\"1\">5000 \u20ac pour les personnes dont le revenu fiscal de r\u00e9f\u00e9rence est \u00e9gal ou inf\u00e9rieur \u00e0 7 100 \u20ac par part.<\/li>\n<li aria-level=\"1\">500 \u20ac pour les personnes dont le revenu fiscal de r\u00e9f\u00e9rence est \u00e9gal ou inf\u00e9rieur \u00e0 15 400 \u20ac par part.<\/li>\n<\/ul>\n<p><b>\u00c0 noter : <\/b>ces montants sont limit\u00e9s \u00e0 80 % du co\u00fbt d\u2019acquisition du v\u00e9hicule.<\/p>\n<div class='cta-block'><div class='text'>Simulez toutes vos aides en 2 min.<\/div><a href='https:\/\/www.mes-allocs.fr\/ab-app?origin=guides\/wp-json\/wp\/v2\/posts\/67706' class='app-button fit'>Simulation gratuite<\/a><\/div>\n<h1>Quels seront les impacts de la suppression de la prime \u00e0 la conversion ?<\/h1>\n<h2>Difficult\u00e9 pour les m\u00e9nages modestes<\/h2>\n<p>La suppression de la prime \u00e0 la conversion risque d\u2019avoir un impact sur les m\u00e9nages modestes. Cette aide financi\u00e8re permettait de r\u00e9duire le co\u00fbt d\u2019achat d\u2019un v\u00e9hicule plus propre. Sans cette prime, de nombreux m\u00e9nages pourraient avoir du mal \u00e0 remplacer leurs v\u00e9hicules anciens et polluants. Cette suppression de cette aide pourrait donc compromettre l\u2019accessibilit\u00e9 aux v\u00e9hicules propres pour une partie importante des Fran\u00e7ais.<\/p>\n<h2>Cons\u00e9quences sur les ventes de v\u00e9hicules \u00e9lectriques<\/h2>\n<p>La fin de la prime \u00e0 la conversion pourrait avoir un impact n\u00e9gatif sur les ventes de v\u00e9hicules \u00e9lectriques et hybrides. En 2023, pr\u00e8s de 30 % des ventes de ces v\u00e9hicules ont b\u00e9n\u00e9fici\u00e9 de cette prime. Les constructeurs automobiles pourraient faire face \u00e0 une baisse de la demande pour les mod\u00e8les \u00e9lectriques. Cette d\u00e9cision pourrait donc freiner la transition vers l\u2019\u00e9lectrique, alors m\u00eame que l\u2019Union europ\u00e9enne vise l\u2019interdiction des ventes de v\u00e9hicules thermiques neufs d\u2019ici 2035.<\/p>\n<h2>Impact sur l&rsquo;environnement<\/h2>\n<p>La suppression de la prime \u00e0 la conversion pourrait avoir des cons\u00e9quences n\u00e9gatives sur l\u2019environnement. Cela pourrait entra\u00eener une augmentation des \u00e9missions de CO2, particuli\u00e8rement dans les zones o\u00f9 il est important de renouveler les voitures pour am\u00e9liorer la qualit\u00e9 de l\u2019air. Le ralentissement dans le changement des vieux v\u00e9hicules pour des mod\u00e8les plus propres pourrait nuire aux objectifs \u00e9cologiques de la France et ralentir le processus de transition vers des voitures plus \u00e9cologiques.<\/p>\n<h1>Conclusion<\/h1>\n<p>En conclusion, la suppression de la prime \u00e0 la conversion le 2 d\u00e9cembre 2024 marque un tournant important dans la politique de transition \u00e9cologique du secteur de l\u2019automobile. M\u00eame si des dispositions transitoires ont \u00e9t\u00e9 mises en place pour les v\u00e9hicules neufs command\u00e9s avant la date de suppression, cette mesure risque d\u2019avoir des r\u00e9percussions.<\/p>\n<p data-amp-original-style=\"text-align: justify;\">Une question ? Un doute sur votre \u00e9ligibilit\u00e9 ou la constitution de votre <a href=\"https:\/\/www.mes-allocs.fr\/guides\/prime-a-la-conversion\/prime-a-la-conversion-dossier\/\">dossier de prime \u00e0 la conversion<\/a> ? Faites-vous accompagner par nos experts.<\/p>\n<div class='cta-block'><div class='text'>Simulez toutes vos aides en 2 min.<\/div><a href='https:\/\/www.mes-allocs.fr\/ab-app?origin=guides\/wp-json\/wp\/v2\/posts\/67706' class='app-button fit'>Simulation gratuite<\/a><\/div>\n","protected":false},"excerpt":{"rendered":"<p>La prime \u00e0 la conversion vous permettait de b\u00e9n\u00e9ficier d\u2019une aide pour l\u2019achat d\u2019un v\u00e9hicule moins polluant en \u00e9change de la mise \u00e0 la casse d\u2019une ancienne voiture. La fin de la prime \u00e0 la conversion a \u00e9t\u00e9 act\u00e9e le 2 d\u00e9cembre 2024. Cependant, il est encore possible d\u2019en b\u00e9n\u00e9ficier sous certaines conditions. Dans cet [&hellip;]<\/p>\n","protected":false},"author":26,"featured_media":87830,"comment_status":"closed","ping_status":"open","sticky":false,"template":"","format":"standard","meta":{"amp_status":"","footnotes":""},"categories":[9930],"tags":[],"class_list":["post-67706","post","type-post","status-publish","format-standard","has-post-thumbnail","hentry","category-prime-a-la-conversion"],"yoast_head":"<!-- This site is optimized with the Yoast SEO plugin v14.9 - https:\/\/yoast.com\/wordpress\/plugins\/seo\/ -->\n<title>Fin de la prime \u00e0 la conversion en 2025 | Mes-Allocs.fr<\/title>\n<meta name=\"description\" content=\"En 2025, est-ce la fin de la prime \u00e0 la conversion ? On vous explique qui peut encore en b\u00e9n\u00e9ficier et pourquoi.\" \/>\n<meta name=\"robots\" content=\"index, follow, max-snippet:-1, max-image-preview:large, max-video-preview:-1\" \/>\n<link rel=\"canonical\" href=\"https:\/\/www.mes-allocs.fr\/guides\/prime-a-la-conversion\/fin-prime-conversion\/\" \/>\n<meta property=\"og:locale\" content=\"fr_FR\" \/>\n<meta property=\"og:type\" content=\"article\" \/>\n<meta property=\"og:title\" content=\"Fin de la prime \u00e0 la conversion en 2025 | Mes-Allocs.fr\" \/>\n<meta property=\"og:description\" content=\"En 2025, est-ce la fin de la prime \u00e0 la conversion ? On vous explique qui peut encore en b\u00e9n\u00e9ficier et pourquoi.\" \/>\n<meta property=\"og:url\" content=\"https:\/\/www.mes-allocs.fr\/guides\/prime-a-la-conversion\/fin-prime-conversion\/\" \/>\n<meta property=\"og:site_name\" content=\"Mes-Allocs.fr\" \/>\n<meta property=\"article:published_time\" content=\"2023-09-01T12:16:30+00:00\" \/>\n<meta property=\"article:modified_time\" content=\"2025-07-09T16:01:11+00:00\" \/>\n<meta property=\"og:image\" content=\"https:\/\/www.mes-allocs.fr\/guides\/wp-content\/uploads\/2023\/09\/fin-prime-conversion.jpg?wsr\" \/>\n\t<meta property=\"og:image:width\" content=\"1280\" \/>\n\t<meta property=\"og:image:height\" content=\"851\" \/>\n<meta name=\"twitter:card\" content=\"summary_large_image\" \/>\n<script type=\"application\/ld+json\" class=\"yoast-schema-graph\">{\"@context\":\"https:\/\/schema.org\",\"@graph\":[{\"@type\":\"WebSite\",\"@id\":\"https:\/\/www.mes-allocs.fr\/guides\/#website\",\"url\":\"https:\/\/www.mes-allocs.fr\/guides\/\",\"name\":\"Mes-Allocs.fr\",\"description\":\"\",\"potentialAction\":[{\"@type\":\"SearchAction\",\"target\":\"https:\/\/www.mes-allocs.fr\/guides\/?s={search_term_string}\",\"query-input\":\"required name=search_term_string\"}],\"inLanguage\":\"fr-FR\"},{\"@type\":\"ImageObject\",\"@id\":\"https:\/\/www.mes-allocs.fr\/guides\/prime-a-la-conversion\/fin-prime-conversion\/#primaryimage\",\"inLanguage\":\"fr-FR\",\"url\":\"https:\/\/www.mes-allocs.fr\/guides\/wp-content\/uploads\/2023\/09\/fin-prime-conversion.jpg?wsr\",\"width\":1280,\"height\":851,\"caption\":\"fin prime conversion\"},{\"@type\":\"WebPage\",\"@id\":\"https:\/\/www.mes-allocs.fr\/guides\/prime-a-la-conversion\/fin-prime-conversion\/#webpage\",\"url\":\"https:\/\/www.mes-allocs.fr\/guides\/prime-a-la-conversion\/fin-prime-conversion\/\",\"name\":\"Fin de la prime \\u00e0 la conversion en 2025 | Mes-Allocs.fr\",\"isPartOf\":{\"@id\":\"https:\/\/www.mes-allocs.fr\/guides\/#website\"},\"primaryImageOfPage\":{\"@id\":\"https:\/\/www.mes-allocs.fr\/guides\/prime-a-la-conversion\/fin-prime-conversion\/#primaryimage\"},\"datePublished\":\"2023-09-01T12:16:30+00:00\",\"dateModified\":\"2025-07-09T16:01:11+00:00\",\"author\":{\"@id\":\"https:\/\/www.mes-allocs.fr\/guides\/#\/schema\/person\/9c38f3be41a0ddcd1e3fde5a3df713bf\"},\"description\":\"En 2025, est-ce la fin de la prime \\u00e0 la conversion ? On vous explique qui peut encore en b\\u00e9n\\u00e9ficier et pourquoi.\",\"inLanguage\":\"fr-FR\"},{\"@type\":\"Person\",\"@id\":\"https:\/\/www.mes-allocs.fr\/guides\/#\/schema\/person\/9c38f3be41a0ddcd1e3fde5a3df713bf\",\"name\":\"Sessime Ananou\",\"image\":{\"@type\":\"ImageObject\",\"@id\":\"https:\/\/www.mes-allocs.fr\/guides\/#personlogo\",\"inLanguage\":\"fr-FR\",\"url\":\"https:\/\/www.mes-allocs.fr\/guides\/wp-content\/uploads\/2023\/08\/IMG_8173-150x150.jpg\",\"caption\":\"Sessime Ananou\"},\"description\":\"Sessime est r\\u00e9dactrice chez Mes Allocs, sp\\u00e9cialis\\u00e9e sur le pouvoir d'achat. Elle rejoint l'\\u00e9quipe Mes Allocs en ao\\u00fbt 2023 afin de simplifier l'acc\\u00e8s \\u00e0 l'information sur les aides en g\\u00e9n\\u00e9ral.\"}]}<\/script>\n<!-- \/ Yoast SEO plugin. -->","amp_validity":null,"acf":{"faq":{"1":{"question":"Quand s'arr\u00eate la prime \u00e0 la conversion ?","answer":"Si la date de facturation du nouveau v\u00e9hicule est le 30 d\u00e9cembre 2024 alors votre demande de prime \u00e0 la conversion rel\u00e8vera du dispositif en vigueur jusqu'au 31 d\u00e9cembre 2024."},"2":{"question":"Est-ce que la prime \u00e0 la conversion est reconduite en 2024 ?","answer":"Le montant de la prime est renforc\u00e9 pour les m\u00e9nages modestes et notamment les \"gros rouleurs\". "},"3":{"question":"Comment b\u00e9n\u00e9ficier de la prime \u00e0 la casse en 2024 ?","answer":"Pour b\u00e9n\u00e9ficier de la prime \u00e0 la casse, vous devez d\u00e9truire un v\u00e9hicule polluant qui vous appartient depuis au moins un an pour le remplacer par un mod\u00e8le \u00e9cologique. "},"4":{"question":"Quel est le montant du bonus \u00e9cologique ?","answer":"Le montant du bonus est de 4 200 \u20ac ou 3 100 \u20ac selon votre situation."},"5":{"question":"Quand sera vers\u00e9e la prime \u00e0 la conversion ?","answer":"L'aide est vers\u00e9e au maximum une fois par personne. "},"6":{"question":"Est-ce payant de mettre une voiture \u00e0 la casse ?","answer":"La mise \u00e0 la casse d'une voiture est gratuite, sauf frais de remorquage \u00e9ventuels."},"7":{"question":"","answer":""},"8":{"question":"","answer":""},"9":{"question":"","answer":""},"10":{"question":"","answer":""},"11":{"question":"","answer":""},"12":{"question":"","answer":""},"13":{"question":"","answer":""},"14":{"question":"","answer":""},"15":{"question":"","answer":""},"16":{"question":"","answer":""}}},"_links":{"self":[{"href":"https:\/\/www.mes-allocs.fr\/guides\/wp-json\/wp\/v2\/posts\/67706","targetHints":{"allow":["GET"]}}],"collection":[{"href":"https:\/\/www.mes-allocs.fr\/guides\/wp-json\/wp\/v2\/posts"}],"about":[{"href":"https:\/\/www.mes-allocs.fr\/guides\/wp-json\/wp\/v2\/types\/post"}],"author":[{"embeddable":true,"href":"https:\/\/www.mes-allocs.fr\/guides\/wp-json\/wp\/v2\/users\/26"}],"replies":[{"embeddable":true,"href":"https:\/\/www.mes-allocs.fr\/guides\/wp-json\/wp\/v2\/comments?post=67706"}],"version-history":[{"count":14,"href":"https:\/\/www.mes-allocs.fr\/guides\/wp-json\/wp\/v2\/posts\/67706\/revisions"}],"predecessor-version":[{"id":101833,"href":"https:\/\/www.mes-allocs.fr\/guides\/wp-json\/wp\/v2\/posts\/67706\/revisions\/101833"}],"wp:featuredmedia":[{"embeddable":true,"href":"https:\/\/www.mes-allocs.fr\/guides\/wp-json\/wp\/v2\/media\/87830"}],"wp:attachment":[{"href":"https:\/\/www.mes-allocs.fr\/guides\/wp-json\/wp\/v2\/media?parent=67706"}],"wp:term":[{"taxonomy":"category","embeddable":true,"href":"https:\/\/www.mes-allocs.fr\/guides\/wp-json\/wp\/v2\/categories?post=67706"},{"taxonomy":"post_tag","embeddable":true,"href":"https:\/\/www.mes-allocs.fr\/guides\/wp-json\/wp\/v2\/tags?post=67706"}],"curies":[{"name":"wp","href":"https:\/\/api.w.org\/{rel}","templated":true}]}}