{"id":6769,"date":"2020-05-25T11:52:26","date_gmt":"2020-05-25T11:52:26","guid":{"rendered":"https:\/\/www.mes-allocs.fr\/guides\/?p=6769"},"modified":"2025-10-23T18:09:24","modified_gmt":"2025-10-23T16:09:24","slug":"bipolaire-aide-financiere","status":"publish","type":"post","link":"https:\/\/www.mes-allocs.fr\/guides\/aide-par-situation\/aide-handicap\/bipolaire-aide-financiere\/","title":{"rendered":"Aides financi\u00e8res pour les personnes \u00e0 troubles bipolaires"},"content":{"rendered":"<p style=\"text-align: justify;\"><strong><a href=\"https:\/\/www.mes-allocs.fr\/guides\/wp-content\/uploads\/2020\/05\/Les-aides-financie\u0300res-pour-les-personnes-atteintes-de-troubles-bipolaires-e1590363610493.jpg\"><img loading=\"lazy\" decoding=\"async\" class=\"aligncenter wp-image-7281 size-full\" src=\"https:\/\/www.mes-allocs.fr\/guides\/wp-content\/uploads\/2020\/05\/Les-aides-financie\u0300res-pour-les-personnes-atteintes-de-troubles-bipolaires-e1590363695222.jpg\" alt=\"Les aides financie\u0300res pour les personnes atteintes de troubles bipolaires\" width=\"1280\" height=\"259\" \/><\/a><\/strong><strong>De l&rsquo;affection longue dur\u00e9e (ALD) aux am\u00e9nagements de l&rsquo;activit\u00e9 professionnelle, des aides financi\u00e8res existent pour les personnes atteintes de troubles bipolaires.\u00a0<\/strong><\/p>\n<div class='cta-block'><div class='text'>Simulez toutes vos aides en 2 min.<\/div><a href='https:\/\/www.mes-allocs.fr\/ab-app?origin=guides\/wp-json\/wp\/v2\/posts\/6769' class='app-button fit'>Simulation gratuite<\/a><\/div>\n<h1>Quels am\u00e9nagements pour le temps de travail peuvent \u00eatre mis en place ?<\/h1>\n<p style=\"text-align: justify;\">Les troubles bipolaires peuvent entra\u00eener des p\u00e9riodes de cessation d\u2019activit\u00e9 professionnelle, dues \u00e0 des hospitalisations fr\u00e9quentes. Ainsi, plusieurs am\u00e9nagements peuvent \u00eatre mis en place :<\/p>\n<ul>\n<li style=\"text-align: justify;\">Un mi-temps th\u00e9rapeutique propos\u00e9 par le m\u00e9decin. Il s&rsquo;agit d&rsquo;une reprise du travail, o\u00f9 en tant que salari\u00e9, vous percevez \u00e9galement des indemnit\u00e9s journali\u00e8res. C\u2019est la s\u00e9curit\u00e9 sociale qui statue sur le mi-temps, le montant et la dur\u00e9e des indemnit\u00e9s journali\u00e8res;<\/li>\n<li style=\"text-align: justify;\">Un cong\u00e9 de longue dur\u00e9e (CLD) vous attribue, dans certains cas, un salaire complet pendant 3 \u00e0 5 ans. Puis un demi-salaire pendant 2 \u00e0 3 ans. Cette disposition concerne certains fonctionnaires.<\/li>\n<li style=\"text-align: justify;\">Une pension d\u2019invalidit\u00e9 mise en place par la s\u00e9curit\u00e9 sociale. En effet, elle vous accorde le statut d&rsquo;invalide lorsque l\u2019arr\u00eat maladie exc\u00e8de 3 ans. Elle vous verse alors une pension calcul\u00e9e en fonction de l\u2019ancien salaire. Vous pouvez toujours retravailler, mais l\u2019addition de la pension et du nouveau salaire ne doit pas d\u00e9passer le montant du salaire de r\u00e9f\u00e9rence.<\/li>\n<\/ul>\n<h1>Comment fonctionne le statut de travailleur handicap\u00e9 ?<\/h1>\n<p>La MDPH Maison d\u00e9partementale des personnes handicap\u00e9es est en charge de l&rsquo;examen de votre dossier. Accompagn\u00e9e des attributions de la COTOREP (Commission technique d\u2019orientation et de reclassement professionnel), <strong>elle fixe la reconnaissance de la qualit\u00e9 de travailleur handicap\u00e9.<\/strong> Ceci, avec le certificat de votre m\u00e9decin traitant.<\/p>\n<p>Par cons\u00e9quent, vous pourrez avoir acc\u00e8s \u00e0 :<\/p>\n<ul>\n<li>plusieurs types de formation;<\/li>\n<li>des emplois prot\u00e9g\u00e9s en milieu ordinaire (un quota obligatoire de <strong>travailleurs handicap\u00e9s<\/strong> existe dans toute entreprise, au-del\u00e0 d\u2019une certaine taille);<\/li>\n<li>l\u2019emploi en milieu prot\u00e9g\u00e9 : ateliers prot\u00e9g\u00e9s, centres d\u2019aide par le travail (CAT).<\/li>\n<\/ul>\n<p>Pour recevoir l&rsquo;AAH (allocation adulte handicap\u00e9), qui compense financi\u00e8rement l\u2019incapacit\u00e9 de travailler, provoqu\u00e9e par la maladie, renseignez-vous aupr\u00e8s de la MDPH. L\u2019AAH est une aide faisant partie des minima sociaux.<\/p>\n<p>Le\u00a0<strong>psychiatre\u00a0<\/strong>traitant peut collaborer avec le <strong>m\u00e9decin du travail<\/strong>, dans l\u2019int\u00e9r\u00eat du patient et en accord avec celui-ci. Ils pourront tous les deux am\u00e9nager vos conditions de travail.<\/p>\n<h1>Troubles bipolaires : aide financi\u00e8re<\/h1>\n<h2 id=\"allocation-aux-adultes-handicapes-aah\">L&rsquo;allocation aux adultes handicap\u00e9s (AAH)<\/h2>\n<p><a href=\"https:\/\/www.service-public.fr\/particuliers\/vosdroits\/F12242\" target=\"_blank\" rel=\"noopener noreferrer\">L&rsquo;allocation aux adultes handicap\u00e9es (AAH)<\/a> est attribu\u00e9e par la CDAPH (Commission des droits et de l&rsquo;autonomie des personnes handicap\u00e9es). Les conditions d&rsquo;octroi et les d\u00e9marches administratives sont identiques \u00e0 l&rsquo;AAEH.<\/p>\n<p>L&rsquo;AAEH permet \u00e0 une personne en situation de handicap de b\u00e9n\u00e9ficier d&rsquo;un revenu minimum.<\/p>\n<p>Le montant de l\u2019AAH \u00e0 taux plein est de <strong>1 033,32 \u20ac<\/strong> euros en 2025.<\/p>\n<p><iframe loading=\"lazy\" title=\"L&#039;AAH\" width=\"500\" height=\"281\" src=\"https:\/\/www.youtube.com\/embed\/iVvQaKt9fcI?feature=oembed\" frameborder=\"0\" allow=\"accelerometer; autoplay; clipboard-write; encrypted-media; gyroscope; picture-in-picture; web-share\" referrerpolicy=\"strict-origin-when-cross-origin\" allowfullscreen><\/iframe><\/p>\n<h2>L&rsquo;aide financi\u00e8re li\u00e9e \u00e0 l&rsquo;affection de longue dur\u00e9e (ALD)<\/h2>\n<p>Le trouble bipolaire est compt\u00e9 par les 30 pathologies per\u00e7ues comme exigeant un traitement prolong\u00e9 et cher. Si vous \u00eates atteint de trouble bipolaire, vous pouvez donc b\u00e9n\u00e9ficier de l\u2019exon\u00e9ration du ticket mod\u00e9rateur. Sur demande du m\u00e9decin traitant, la caisse primaire d\u2019assurance maladie (CPAM) peut vous accorder le droit \u00e0 b\u00e9n\u00e9ficier de l\u2019ALD (affection de longue dur\u00e9e).<\/p>\n<h1>Quel accueil \u00e0 l&rsquo;h\u00f4pital pour les personnes souffrant de troubles bipolaires ?<\/h1>\n<p>Les personnes atteintes de troubles bipolaires peuvent souffrir faire face \u00e0 un \u00e9pisode d\u00e9pressif ou maniaque. Parfois accompagn\u00e9s d&rsquo;id\u00e9es suicidaires et\/ou d\u00e9lirantes.<\/p>\n<p>Ces \u00e9tats exigent souvent une hospitalisation en milieu <strong>psychiatrique<\/strong> permettant de prot\u00e9ger le patient et de commencer un traitement.<\/p>\n<p>La plupart du temps, cela se d\u00e9roule via \u00ab\u00a0l&rsquo;hospitalisation libre\u00a0\u00bb, comme dans tout service de m\u00e9decine ou de chirurgie. Cas plus rare : l&rsquo;hospitalisation sous contrainte. Elle a lieu lorsque le patient est incapable, \u00e0 cause de la maladie, de consentir aux soins dont il a besoin.<\/p>\n<div class='cta-block'><div class='text'>Simulez toutes vos aides en 2 min.<\/div><a href='https:\/\/www.mes-allocs.fr\/ab-app?origin=guides\/wp-json\/wp\/v2\/posts\/6769' class='app-button fit'>Simulation gratuite<\/a><\/div>\n<h1>Quels sont les types d&rsquo;hospitalisation mis en place ?<\/h1>\n<div class=\"row \">\n<div class=\"col-lg-6 col-md-12 col-xs-12 col-sm-12\">\n<p>La loi du 27 juin 1990 pr\u00e9voit trois modes d\u2019hospitalisation en psychiatrie. Ils peuvent s\u2019appliquer au patient qui souffre de trouble bipolaire :<\/p>\n<ul>\n<li><strong>Soin psychiatrique libre<\/strong> ( S.P.L, ex-H.L.),<\/li>\n<li><strong>Soin psychiatrique \u00e0 la demande d\u2019un tiers<\/strong> ( S.P.D.T, ex-H.D.T),<\/li>\n<li><strong>Ou encore soin psychiatrique sur d\u00e9cision d\u2019un repr\u00e9sentant de l\u2019\u00e9tat<\/strong> (S.P.D.R.E, ex-H.O).<\/li>\n<\/ul>\n<\/div>\n<\/div>\n<p>En cas de soin libre, plusieurs \u00e9tablissements peuvent accueillir les patients :<\/p>\n<ul>\n<li>L\u2019h\u00f4pital de secteur,<\/li>\n<li>Les services de psychiatrie g\u00e9n\u00e9rale des centres hospitaliers g\u00e9n\u00e9raux et hospitalo-universitaires qui ne d\u00e9pendent pas des secteurs,<\/li>\n<li>Les cliniques priv\u00e9es.<\/li>\n<\/ul>\n<h1>Quels sont les diff\u00e9rents types de soins psychiatriques ?<\/h1>\n<p><strong>Les soins psychiatriques sous contrainte<\/strong> se d\u00e9roulent habituellement dans l\u2019h\u00f4pital de votre secteur, fix\u00e9e par votre adresse.<\/p>\n<div class=\"row \">\n<div class=\"col-lg-6 col-md-12 col-xs-12 col-sm-12\">\n<h2>Soin psychiatrique libre (SPL)<\/h2>\n<h3>De quoi s&rsquo;agit-il ?<\/h3>\n<p>Il s&rsquo;agit du r\u00e9gime habituel de <strong>soin psychiatrique<\/strong> dans les h\u00f4pitaux g\u00e9n\u00e9raux publics. \u00c0 l&rsquo;inverse, c&rsquo;est le seul r\u00e9gime de soin psychiatrique dans les cliniques priv\u00e9es psychiatriques.<\/p>\n<h3>Comment cela fonctionne-t-il ?<\/h3>\n<p>Ce type de soin a lieu suite \u00e0 votre accord, lorsque votre \u00e9tat n\u00e9cessite des soins en milieu hospitalier. Par la suite, vous sortez sur avis m\u00e9dical ou \u00e0 votre demande.<\/p>\n<p>Si le m\u00e9decin pense que vous courez un risque en sortez contre son indication, m\u00eame si vous le faites en connaissance de cause, il signera alors une d\u00e9charge (\u00ab\u00a0sortie contre avis m\u00e9dical\u00a0\u00bb).<\/p>\n<p>Par ailleurs, les SPL peuvent \u00eatre utiles si vous traversez une phase maniaco d\u00e9pressive ou si vous avez simplement besoin d&rsquo;un ajustement th\u00e9rapeutique.<\/p>\n<\/div>\n<\/div>\n<h2>Soin psychiatrique \u00e0 la demande d\u2019un tiers (SPDT)<\/h2>\n<h3>De quoi s&rsquo;agit-il ?<\/h3>\n<p>Le SPDT fait suite \u00e0 la demande de proche (famille ou entourage). Elle est dot\u00e9e de deux certificats m\u00e9dicaux, qui attestent que les troubles rendent impossible le consentement de la personne et que son \u00e9tat exige des soins imm\u00e9diats. \u00c0 cela s&rsquo;ajoute la mention d\u2019une surveillance constante en milieu hospitalier.<\/p>\n<h3>Comment cela fonctionne-t-il ?<\/h3>\n<p>En outre, ces certificats mentionnent la description des troubles qui justifient le placement en milieu hospitalier. \u00c0 noter que cette d\u00e9cision n&rsquo;est pas prise en raison de l&rsquo;existence de trouble, mais par rapport au danger qu&rsquo;il repr\u00e9sente.<\/p>\n<ul>\n<li>Le 1er certificat est \u00e9tabli par un m\u00e9decin n\u2019ayant aucun lien juridique avec l\u2019\u00e9tablissement d\u2019accueil,<\/li>\n<li>Le 2e certificat, lui, doit \u00eatre fait par autre m\u00e9decin qui peut exercer dans l\u2019\u00e9tablissement d\u2019accueil sans \u00eatre <strong>psychiatre<\/strong>.<\/li>\n<li>Si les deux certificats ne concordent pas, l&rsquo;\u00e9tablissement ne sera pas en mesure de vous accueillir.<\/li>\n<\/ul>\n<h2>Soin psychiatrique sur d\u00e9cision d\u2019un repr\u00e9sentant de l\u2019\u00e9tat (SPDRE)<\/h2>\n<p>\u00c0 travers un arr\u00eat\u00e9, les Pr\u00e9fets de Paris et le Pr\u00e9fet de Police, peuvent d\u00e9cider de l\u2019hospitalisation imm\u00e9diate de personnes compromettant l\u2019ordre public ou la s\u00e9curit\u00e9 des personnes.<\/p>\n<p>\u00c0 l&rsquo;instar des SPDT, les certificats circonstanci\u00e9s d\u00e9crivent l&rsquo;\u00e9tat du patient. Ils doivent \u00eatre \u00e9crits \u00e0 24 heures puis \u00e0 intervalles r\u00e9guliers (15 jours puis 1 mois). Ils se prononcent sur le maintien ou le retrait du SPDRE.<\/p>\n<p>Pour les troubles bipolaires, le SPDRE peut intervenir lors de phases diverses de la maladie. Notamment pendant les phases maniaques.<\/p>\n<h1>Qu&rsquo;est-ce que le service de secteur ?<\/h1>\n<h2>Quand sont-ils apparus ?<\/h2>\n<p>En France, des territoires nomm\u00e9s \u00ab\u00a0secteurs psychiatriques\u00a0\u00bb sont implant\u00e9es dans des zones g\u00e9o-d\u00e9mographiques pr\u00e9cises. Ils sont apparus en m\u00eame temps que les traitements m\u00e9dicamenteux (neuroleptiques, antid\u00e9presseurs<strong>,<\/strong> r\u00e9gulateurs de l\u2019humeur) dans les ann\u00e9es 50 et 60.<\/p>\n<p>Plus tard, avec la \u00ab\u00a0d\u00e9sinstitutionnalisation\u00a0\u00bb, les h\u00f4pitaux n&rsquo;\u00e9taient plus tenus d&rsquo;accueillir les patients. En effet, avec ces nouveaux traitements, ces derniers pouvaient \u00e9voluer en dehors de ces \u00e9tablissements (qui servaient autrefois d&rsquo;asile). Ainsi, ils \u00e9taient pris en charge uniquement en cas de phase aigu\u00eb.<\/p>\n<h2>Comment fonctionne-t-il ?<\/h2>\n<p>De plus, les soins et la pr\u00e9vention des maladies psychiatriques se d\u00e9ploient donc le plus pr\u00e8s possible de votre domicile,<strong> \u00e0 savoir les centres m\u00e9dico-psychologiques (CMP). Ses consultations sont totalement gratuites.<\/strong><\/p>\n<p>\u00c0 cela s&rsquo;ajoute plusieurs autres \u00e9tablissements extra-hospitaliers selon les secteurs, dont les :<\/p>\n<ul>\n<li>h\u00f4pitaux de jour,<\/li>\n<li>centres de crise,<\/li>\n<li>appartements th\u00e9rapeutiques,<\/li>\n<li>consultations sp\u00e9cialis\u00e9es,<\/li>\n<li>etc.<\/li>\n<\/ul>\n<p>Les secteurs <strong>psychiatrique<\/strong>s sont dirig\u00e9s par un m\u00e9decin psychiatre. L&rsquo;\u00e9quipe disciplinaire qui l&rsquo;accompagne compte des :<\/p>\n<ul>\n<li>psychologues,<\/li>\n<li>infirmiers,<\/li>\n<li>assistants sociaux,<\/li>\n<li>\u00e9ducateurs sp\u00e9cialis\u00e9s,<\/li>\n<li>param\u00e9dicaux, comme des ergoth\u00e9rapeutes ou des psychomotriciens,<\/li>\n<li>etc.<\/li>\n<\/ul>\n<p>C&rsquo;est cette \u00e9quipe qui assure les prises en charge intra et extra-hospitali\u00e8res, crit\u00e8re de la continuit\u00e9 des soins. Elle doit aussi organiser une collaboration en r\u00e9seau avec le reste des structures m\u00e9dico-sociales et associatives : h\u00f4pitaux g\u00e9n\u00e9raux, m\u00e9decins g\u00e9n\u00e9ralistes ou sp\u00e9cialistes, services de la mairie, centres de prise en charge de l\u2019alcoolisme, etc.<\/p>\n<h1>Qui peut intervenir en cas de phase aigu\u00eb ?<\/h1>\n<p>Plusieurs intervenants venir en aide aux familles lors d\u2019une phase aigu\u00eb :<\/p>\n<ul>\n<li>le m\u00e9decin psychiatre qui suit le patient;<\/li>\n<li class=\"arrow_list\">le service d\u2019urgences psychiatriques;<em><br \/>\n<\/em><\/li>\n<li>les services sp\u00e9cialis\u00e9s d\u2019urgence psychiatrique (par exemple \u00e0 Paris, le CPOA : centre psychiatrique d\u2019orientation et d\u2019accueil);<\/li>\n<li>le centre m\u00e9dico-psychologique (CMP);<\/li>\n<li>la police, les pompiers ou le SAMU, dans certains cas extr\u00eames et tr\u00e8s rares (agitation intense, agressivit\u00e9 ou complications physiques de la maladie, comme la d\u00e9nutrition grave par exemple);<\/li>\n<li>etc.<\/li>\n<\/ul>\n<p><strong>Si lors de la plupart des phases aigu\u00ebs de la maladie bipolaire, vous \u00eates en mesure de demander de l&rsquo;aide, parfois seule l&rsquo;entourage est en mesure de demander les soins ad\u00e9quats.<\/strong><\/p>\n<div class='cta-block'><div class='text'>Simulez toutes vos aides en 2 min.<\/div><a href='https:\/\/www.mes-allocs.fr\/ab-app?origin=guides\/wp-json\/wp\/v2\/posts\/6769' class='app-button fit'>Simulation gratuite<\/a><\/div>\n","protected":false},"excerpt":{"rendered":"<p>De l&rsquo;affection longue dur\u00e9e (ALD) aux am\u00e9nagements de l&rsquo;activit\u00e9 professionnelle, des aides financi\u00e8res existent pour les personnes atteintes de troubles bipolaires.\u00a0 Quels am\u00e9nagements pour le temps de travail peuvent \u00eatre mis en place ? Les troubles bipolaires peuvent entra\u00eener des p\u00e9riodes de cessation d\u2019activit\u00e9 professionnelle, dues \u00e0 des hospitalisations fr\u00e9quentes. Ainsi, plusieurs am\u00e9nagements peuvent \u00eatre [&hellip;]<\/p>\n","protected":false},"author":6,"featured_media":7281,"comment_status":"open","ping_status":"open","sticky":false,"template":"","format":"standard","meta":{"amp_status":"","footnotes":""},"categories":[35708,14320],"tags":[],"class_list":["post-6769","post","type-post","status-publish","format-standard","has-post-thumbnail","hentry","category-aide-handicap","category-aide-par-situation"],"yoast_head":"<!-- This site is optimized with the Yoast SEO plugin v14.9 - https:\/\/yoast.com\/wordpress\/plugins\/seo\/ -->\n<title>Les aides financi\u00e8res pour les personnes bipolaires | Mes-Allocs.fr<\/title>\n<meta name=\"description\" content=\"De l&#039;ALD aux am\u00e9nagements de l&#039;activit\u00e9 professionnelle, des aides financi\u00e8res existent pour les personnes atteintes de troubles bipolaires.\" \/>\n<meta name=\"robots\" content=\"index, follow, max-snippet:-1, max-image-preview:large, max-video-preview:-1\" \/>\n<link rel=\"canonical\" href=\"https:\/\/www.mes-allocs.fr\/guides\/aide-par-situation\/aide-handicap\/bipolaire-aide-financiere\/\" \/>\n<meta property=\"og:locale\" content=\"fr_FR\" \/>\n<meta property=\"og:type\" content=\"article\" \/>\n<meta property=\"og:title\" content=\"Les aides financi\u00e8res pour les personnes bipolaires | Mes-Allocs.fr\" \/>\n<meta property=\"og:description\" content=\"De l&#039;ALD aux am\u00e9nagements de l&#039;activit\u00e9 professionnelle, des aides financi\u00e8res existent pour les personnes atteintes de troubles bipolaires.\" \/>\n<meta property=\"og:url\" content=\"https:\/\/www.mes-allocs.fr\/guides\/aide-par-situation\/aide-handicap\/bipolaire-aide-financiere\/\" \/>\n<meta property=\"og:site_name\" content=\"Mes-Allocs.fr\" \/>\n<meta property=\"article:published_time\" content=\"2020-05-25T11:52:26+00:00\" \/>\n<meta property=\"article:modified_time\" content=\"2025-10-23T16:09:24+00:00\" \/>\n<meta property=\"og:image\" content=\"https:\/\/www.mes-allocs.fr\/guides\/wp-content\/uploads\/2020\/05\/Les-aides-financie\u0300res-pour-les-personnes-atteintes-de-troubles-bipolaires.jpg?wsr\" \/>\n\t<meta property=\"og:image:width\" content=\"1920\" \/>\n\t<meta property=\"og:image:height\" content=\"1280\" \/>\n<meta name=\"twitter:card\" content=\"summary_large_image\" \/>\n<script type=\"application\/ld+json\" class=\"yoast-schema-graph\">{\"@context\":\"https:\/\/schema.org\",\"@graph\":[{\"@type\":\"WebSite\",\"@id\":\"https:\/\/www.mes-allocs.fr\/guides\/#website\",\"url\":\"https:\/\/www.mes-allocs.fr\/guides\/\",\"name\":\"Mes-Allocs.fr\",\"description\":\"\",\"potentialAction\":[{\"@type\":\"SearchAction\",\"target\":\"https:\/\/www.mes-allocs.fr\/guides\/?s={search_term_string}\",\"query-input\":\"required name=search_term_string\"}],\"inLanguage\":\"fr-FR\"},{\"@type\":\"ImageObject\",\"@id\":\"https:\/\/www.mes-allocs.fr\/guides\/aide-par-situation\/aide-handicap\/bipolaire-aide-financiere\/#primaryimage\",\"inLanguage\":\"fr-FR\",\"url\":\"https:\/\/www.mes-allocs.fr\/guides\/wp-content\/uploads\/2020\/05\/Les-aides-financie\\u0300res-pour-les-personnes-atteintes-de-troubles-bipolaires.jpg?wsr\",\"width\":1920,\"height\":1280,\"caption\":\"Les aides financie\\u0300res pour les personnes atteintes de troubles bipolaires e1590363695222\"},{\"@type\":\"WebPage\",\"@id\":\"https:\/\/www.mes-allocs.fr\/guides\/aide-par-situation\/aide-handicap\/bipolaire-aide-financiere\/#webpage\",\"url\":\"https:\/\/www.mes-allocs.fr\/guides\/aide-par-situation\/aide-handicap\/bipolaire-aide-financiere\/\",\"name\":\"Les aides financi\\u00e8res pour les personnes bipolaires | Mes-Allocs.fr\",\"isPartOf\":{\"@id\":\"https:\/\/www.mes-allocs.fr\/guides\/#website\"},\"primaryImageOfPage\":{\"@id\":\"https:\/\/www.mes-allocs.fr\/guides\/aide-par-situation\/aide-handicap\/bipolaire-aide-financiere\/#primaryimage\"},\"datePublished\":\"2020-05-25T11:52:26+00:00\",\"dateModified\":\"2025-10-23T16:09:24+00:00\",\"author\":{\"@id\":\"https:\/\/www.mes-allocs.fr\/guides\/#\/schema\/person\/0ecd61a8600573914d00d970a588c024\"},\"description\":\"De l'ALD aux am\\u00e9nagements de l'activit\\u00e9 professionnelle, des aides financi\\u00e8res existent pour les personnes atteintes de troubles bipolaires.\",\"inLanguage\":\"fr-FR\"},{\"@type\":\"Person\",\"@id\":\"https:\/\/www.mes-allocs.fr\/guides\/#\/schema\/person\/0ecd61a8600573914d00d970a588c024\",\"name\":\"Jonathan\",\"image\":{\"@type\":\"ImageObject\",\"@id\":\"https:\/\/www.mes-allocs.fr\/guides\/#personlogo\",\"inLanguage\":\"fr-FR\",\"url\":\"https:\/\/www.mes-allocs.fr\/guides\/wp-content\/uploads\/2021\/06\/jonathan-150x150.png\",\"caption\":\"Jonathan\"},\"description\":\"Jonathan est r\\u00e9dacteur au sein de l'\\u00e9quipe Mes Allocs, sp\\u00e9cialis\\u00e9 sur les sujets li\\u00e9s au handicap. Dipl\\u00f4m\\u00e9e de l'UPEM, il rejoint Mes Allocs apr\\u00e8s avoir travaill\\u00e9 \\u00e0 l'association AEDE qui accompagne les adultes en situation de handicap. Quand il n'\\u00e9crit pas, on peut le retrouver sur un terrain de basket.\",\"sameAs\":[\"https:\/\/www.linkedin.com\/in\/jonathan-bambela-8637861b7\"]}]}<\/script>\n<!-- \/ Yoast SEO plugin. -->","amp_validity":null,"acf":{"faq":{"1":{"question":"\ud83e\udd14 Est-ce qu'un bipolaire peut travailler ?","answer":"Oui, bien s\u00fbr, une personne bipolaire peut travailler. Des am\u00e9nagements de travail (mi-temps et autres) peuvent \u00eatre mis en place."},"2":{"question":"\ud83d\udcca Comment savoir si une personne est bipolaire ?","answer":"Une personne bipolaire traverse des \u00e9pisodes maniaques et d\u00e9pressifs. Les premiers sont caract\u00e9ris\u00e9s par une hyperactivit\u00e9, une vie sociale riche, un sentiment d'euphorie. La 2e phase peut durer des semaines jusqu'\u00e0 des mois. Elle se caract\u00e9rise par une perte d'app\u00e9tit et des insomnies."},"3":{"question":"\ud83e\udd1d Quelles sont les aides financi\u00e8res pour les personnes atteintent de bipolarit\u00e9 ?","answer":"Les personnes atteintes de bipolarit\u00e9 peuvent faire appel \u00e0 l'ALD, au statut de travailleur handicap\u00e9 leur permettant d'avoir acc\u00e8s \u00e0 des emplois dits prot\u00e9g\u00e9s, la pension d'invalidit\u00e9 et l'AAH."},"4":{"question":"\ud83c\udfc6 Qui consulter en cas de trouble bipolaire ?","answer":"Le trouble bipolaire est constat\u00e9 par un m\u00e9decin psychiatre, qui \u00e9met un bilan de sant\u00e9 initial."},"5":{"question":"\ud83d\udcb0 Quel est le montant de l'aide financi\u00e8re pour les personnes bipolaires ?","answer":"Tout d\u00e9pend de l'aide attribu\u00e9e, si vous \u00eates en contrat de travail am\u00e9nag\u00e9, alors vos revenus d\u00e9pendent des heures travaill\u00e9es. Si vous \u00eates ainsi concern\u00e9 par le mi-temps th\u00e9rapeutique, il faut vous r\u00e9f\u00e9rer \u00e0 vos indemnit\u00e9s journali\u00e8res.\r\n\r\nSi vous touchez l'AAH, vous b\u00e9n\u00e9ficierez d'une aide financi\u00e8re de 1 016,05 \u20ac si vous \u00eates sans ressouces."},"6":{"question":"\ud83d\udc4d Comment accompagner une personne bipolaire ?","answer":"Afin d'accompagner au mieux une personne bipolaire, il faut mettre en place certains comportements adapt\u00e9s aux diff\u00e9rentes phases de la maladie mentale (phases d\u00e9pressives, \u00e9pisode maniaque, etc).\r\n\r\nDans la phase d\u00e9pressive, il faut communiquer avec votre proche, tentez de le divertir, l'orientez vers les professionnels de sant\u00e9 (son psychiatre, notamment).\r\n\r\nDans la phase maniaque, il faut encourager votre proche \u00e0 ajuster son traitement."},"7":{"question":"\ud83c\udfe0 Quelles sont les aides financi\u00e8res en France ?","answer":"En France, vous pouvez notamment b\u00e9n\u00e9ficier d'aides sociales aux personnes \u00e2g\u00e9es (ASH, aide m\u00e9nag\u00e8re \u00e0 domicile, etc), aux aides de l'allocation familiale (prime de naissance, prime de rentr\u00e9e scolaire) \u00e0 des acc\u00e8s \u00e0 prix r\u00e9duit aux soins (compl\u00e9mentaire sant\u00e9), etc. Des minima sociaux existent \u00e9galement pour les vuln\u00e9rables (handicap\u00e9es, \u00e2g\u00e9es) et\/ou en situation de pr\u00e9carit\u00e9."},"8":{"question":"\ud83d\udcb8 Est-ce que les troubles bipolaires sont reconnus comme une ALD ?","answer":"Oui, les troubles bipolaires font partie des 30 pathologies reconnues par la liste ouvrant les droits \u00e0 l'ALD."},"9":{"question":"","answer":""},"10":{"question":"","answer":""},"11":{"question":"","answer":""},"12":{"question":"","answer":""},"13":{"question":"","answer":""},"14":{"question":"","answer":""},"15":{"question":"","answer":""},"16":{"question":"","answer":""}}},"_links":{"self":[{"href":"https:\/\/www.mes-allocs.fr\/guides\/wp-json\/wp\/v2\/posts\/6769","targetHints":{"allow":["GET"]}}],"collection":[{"href":"https:\/\/www.mes-allocs.fr\/guides\/wp-json\/wp\/v2\/posts"}],"about":[{"href":"https:\/\/www.mes-allocs.fr\/guides\/wp-json\/wp\/v2\/types\/post"}],"author":[{"embeddable":true,"href":"https:\/\/www.mes-allocs.fr\/guides\/wp-json\/wp\/v2\/users\/6"}],"replies":[{"embeddable":true,"href":"https:\/\/www.mes-allocs.fr\/guides\/wp-json\/wp\/v2\/comments?post=6769"}],"version-history":[{"count":40,"href":"https:\/\/www.mes-allocs.fr\/guides\/wp-json\/wp\/v2\/posts\/6769\/revisions"}],"predecessor-version":[{"id":97985,"href":"https:\/\/www.mes-allocs.fr\/guides\/wp-json\/wp\/v2\/posts\/6769\/revisions\/97985"}],"wp:featuredmedia":[{"embeddable":true,"href":"https:\/\/www.mes-allocs.fr\/guides\/wp-json\/wp\/v2\/media\/7281"}],"wp:attachment":[{"href":"https:\/\/www.mes-allocs.fr\/guides\/wp-json\/wp\/v2\/media?parent=6769"}],"wp:term":[{"taxonomy":"category","embeddable":true,"href":"https:\/\/www.mes-allocs.fr\/guides\/wp-json\/wp\/v2\/categories?post=6769"},{"taxonomy":"post_tag","embeddable":true,"href":"https:\/\/www.mes-allocs.fr\/guides\/wp-json\/wp\/v2\/tags?post=6769"}],"curies":[{"name":"wp","href":"https:\/\/api.w.org\/{rel}","templated":true}]}}