{"id":67624,"date":"2023-08-31T16:46:44","date_gmt":"2023-08-31T14:46:44","guid":{"rendered":"https:\/\/www.mes-allocs.fr\/guides\/?p=67624"},"modified":"2025-07-09T15:04:07","modified_gmt":"2025-07-09T13:04:07","slug":"prime-a-la-conversion-gpl","status":"publish","type":"post","link":"https:\/\/www.mes-allocs.fr\/guides\/prime-a-la-conversion\/prime-a-la-conversion-type-de-carburant\/prime-a-la-conversion-gpl\/","title":{"rendered":"Prime \u00e0 la conversion pour les v\u00e9hicules GPL : conditions, montants, d\u00e9marches"},"content":{"rendered":"<p><img loading=\"lazy\" decoding=\"async\" class=\"alignnone wp-image-67628 \" title=\"Prime a la conversion gpl\" src=\"https:\/\/www.mes-allocs.fr\/guides\/wp-content\/uploads\/2023\/08\/Prime-a-la-conversion-gpl-e1693489926377.jpg\" alt=\"Prime a la conversion gpl\" width=\"1434\" height=\"401\" srcset=\"https:\/\/www.mes-allocs.fr\/guides\/wp-content\/uploads\/2023\/08\/Prime-a-la-conversion-gpl-e1693489926377.jpg 1280w, https:\/\/www.mes-allocs.fr\/guides\/wp-content\/uploads\/2023\/08\/Prime-a-la-conversion-gpl-e1693489926377-300x84.jpg 300w, https:\/\/www.mes-allocs.fr\/guides\/wp-content\/uploads\/2023\/08\/Prime-a-la-conversion-gpl-e1693489926377-1024x286.jpg 1024w, https:\/\/www.mes-allocs.fr\/guides\/wp-content\/uploads\/2023\/08\/Prime-a-la-conversion-gpl-e1693489926377-768x215.jpg 768w, https:\/\/www.mes-allocs.fr\/guides\/wp-content\/uploads\/2023\/08\/Prime-a-la-conversion-gpl-e1693489926377-600x168.jpg 600w\" sizes=\"auto, (max-width: 1434px) 100vw, 1434px\" \/><\/p>\n<p><strong>La pr<a href=\"https:\/\/www.mes-allocs.fr\/guides\/prime-a-la-conversion\/\">ime \u00e0 la conversion<\/a> est une aide financi\u00e8re qui amortit le co\u00fbt d\u2019achat de votre nouveau v\u00e9hicule. Mais le montant de cette prime d\u00e9pend du type de carburant du nouveau v\u00e9hicule. Dans cet article, Mes Allocs vous dit tout sur les conditions sp\u00e9cifiques, les montants d\u00e9termin\u00e9s et des d\u00e9marches \u00e0 suivre pour b\u00e9n\u00e9ficier de la prime \u00e0 la conversion pour les v\u00e9hicules au GPL.<\/strong><\/p>\n<div class='cta-block'><div class='text'>Simulez toutes vos aides en 2 min.<\/div><a href='https:\/\/www.mes-allocs.fr\/ab-app?origin=guides\/wp-json\/wp\/v2\/posts\/67624' class='app-button fit'>Simulation gratuite<\/a><\/div>\n<p class=\"p1\"><div class='shortcode disclaimer'><div class='title'>Attention<\/div><div class='content'>La prime \u00e0 la conversion n\u2019est plus disponible depuis d\u00e9cembre 2024. Apr\u00e8s cette date, il n\u2019est plus possible d\u2019en b\u00e9n\u00e9ficier, que ce soit pour les particuliers ou les professionnels. <\/div><\/div><\/p>\n<h1>Quelles sont les conditions d&rsquo;\u00e9ligibilit\u00e9 de la prime \u00e0 la conversion GPL ?<\/h1>\n<p>Pour b\u00e9n\u00e9ficier de la prime \u00e0 la conversion, vous devez pr\u00eater attention au <a href=\"https:\/\/www.mes-allocs.fr\/guides\/prime-a-la-conversion\/type-de-carburant\/\">type de carburant du nouveau v\u00e9hicule<\/a>. Dans le cas des voitures GPL, des conditions particuli\u00e8res s&rsquo;appliquent.<\/p>\n<h2>Pr\u00e9sentation et importance de la prime \u00e0 la conversion GPL<\/h2>\n<p>La prime \u00e0 la conversion GPL est une aide financi\u00e8re mise en place par le gouvernement fran\u00e7ais pour encourager les propri\u00e9taires de v\u00e9hicules anciens et polluants \u00e0 les remplacer par des v\u00e9hicules fonctionnant au GPL (gaz de p\u00e9trole liqu\u00e9fi\u00e9).<\/p>\n<p>Le GPL est consid\u00e9r\u00e9 comme une alternative plus propre aux carburants traditionnels tels que l&rsquo;<a href=\"https:\/\/www.mes-allocs.fr\/guides\/prime-a-la-conversion\/prime-a-la-conversion-type-de-carburant\/prime-a-la-conversion-essence\/\">essence<\/a> ou le diesel, car il \u00e9met moins de particules fines et de gaz \u00e0 effet de serre. En optant pour un v\u00e9hicule fonctionnant au GPL, vous contribuez \u00e0 r\u00e9duire la pollution atmosph\u00e9rique et \u00e0 pr\u00e9server l&rsquo;environnement.<\/p>\n<p>La conversion vers le GPL (Gaz de P\u00e9trole Liqu\u00e9fi\u00e9) peut jouer un r\u00f4le important dans la r\u00e9duction des \u00e9missions polluantes. Voici quelques raisons pour lesquelles la conversion vers le GPL peut \u00eatre b\u00e9n\u00e9fique :<\/p>\n<ul>\n<li><strong>R\u00e9duction des \u00e9missions de CO2<\/strong> : le GPL est consid\u00e9r\u00e9 comme une alternative plus propre aux carburants traditionnels tels que l&rsquo;essence ou le diesel. Lorsqu&rsquo;il est utilis\u00e9 comme carburant, le GPL \u00e9met moins de dioxyde de carbone (CO2), contribuant ainsi \u00e0 la r\u00e9duction des \u00e9missions de gaz \u00e0 effet de serre.<\/li>\n<li><strong>Diminution des \u00e9missions de particules fines<\/strong> : les v\u00e9hicules fonctionnant au GPL \u00e9mettent moins de particules fines par rapport aux <a href=\"https:\/\/www.mes-allocs.fr\/guides\/prime-a-la-conversion\/prime-a-la-conversion-type-de-carburant\/prime-a-la-conversion-diesel\/\">v\u00e9hicules diesel<\/a>. Les particules fines sont connues pour avoir un impact n\u00e9gatif sur la qualit\u00e9 de l&rsquo;air et la sant\u00e9 humaine.<\/li>\n<li><strong>Am\u00e9lioration de la qualit\u00e9 de l&rsquo;air<\/strong> : en r\u00e9duisant les \u00e9missions polluantes, la conversion vers le GPL contribue \u00e0 am\u00e9liorer la qualit\u00e9 de l&rsquo;air dans les zones urbaines et \u00e0 r\u00e9duire les probl\u00e8mes de pollution atmosph\u00e9rique.<\/li>\n<li><strong>Avantages \u00e9conomiques <\/strong>: le GPL est g\u00e9n\u00e9ralement moins cher que l&rsquo;essence ou le diesel, ce qui peut entra\u00eener des \u00e9conomies de carburant pour les propri\u00e9taires de v\u00e9hicules convertis. De plus, certains pays offrent des incitations financi\u00e8res ou des avantages fiscaux pour encourager la conversion vers le GPL.<\/li>\n<\/ul>\n<h2><strong>Quels sont les crit\u00e8res sp\u00e9cifiques pour b\u00e9n\u00e9ficier de la prime \u00e0 la conversion <\/strong>GPL <strong>?<\/strong><\/h2>\n<p>Pour \u00eatre \u00e9ligible \u00e0 la prime \u00e0 la conversion, la date de premi\u00e8re immatriculation du v\u00e9hicule doit \u00eatre ant\u00e9rieure au 1er janvier 2006 pour les v\u00e9hicules essence et ant\u00e9rieure au 1er janvier 2011 pour les v\u00e9hicules diesel. Cela signifie que seuls les v\u00e9hicules immatricul\u00e9s avant ces dates sont \u00e9ligibles \u00e0 la prime.<br \/>\nEn ce qui concerne les v\u00e9hicules GPL (gaz de p\u00e9trole liqu\u00e9fi\u00e9), ils doivent \u00eatre class\u00e9s comme Crit&rsquo;Air 1 ou Crit&rsquo;Air 2 pour \u00eatre \u00e9ligibles \u00e0 la prime \u00e0 la conversion. Les vignettes Crit&rsquo;Air sont d\u00e9livr\u00e9es par le <strong>minist\u00e8re de la Transition \u00e9cologique<\/strong> et solidaire et indiquent le niveau de pollution du v\u00e9hicule en fonction de son moteur et de sa date de premi\u00e8re immatriculation. Assurez-vous que votre v\u00e9hicule GPL est class\u00e9 dans l&rsquo;une de ces cat\u00e9gories pour b\u00e9n\u00e9ficier de la prime.<\/p>\n<p>Vous devez \u00e9galement \u00eatre propri\u00e9taire du v\u00e9hicule depuis au moins un an \u00e0 la date de la demande de prime \u00e0 la conversion. Cela signifie que vous devez avoir poss\u00e9d\u00e9 le v\u00e9hicule pendant au moins un an avant de pouvoir b\u00e9n\u00e9ficier de la prime.<\/p>\n<div class='cta-block'><div class='text'>Simulez toutes vos aides en 2 min.<\/div><a href='https:\/\/www.mes-allocs.fr\/ab-app?origin=guides\/wp-json\/wp\/v2\/posts\/67624' class='app-button fit'>Simulation gratuite<\/a><\/div>\n<h1>Quels sont les montants de la prime \u00e0 la conversion pour les v\u00e9hicules GPL ?<\/h1>\n<h2>Les montants de base de la prime \u00e0 la conversion pour les v\u00e9hicules GPL<\/h2>\n<p>L\u2019achat d\u2019une voiture fonctionnant au GPL, qu\u2019elle soit neuve ou d\u2019occasion, donne \u00e0 une prime \u00e0 la conversion sous r\u00e9serve que ses \u00e9missions de CO2 soient inf\u00e9rieures \u00e0 122 g\/km en cycle WLTP. R\u00e9serv\u00e9 aux particuliers dont le revenu fiscal de r\u00e9f\u00e9rence est inf\u00e9rieur \u00e0 14 089 \u20ac, le montant de la prime est fix\u00e9 \u00e0 1 500 euros et grimpe m\u00eame jusqu\u2019\u00e0 4 000 euros pour les m\u00e9nages non imposables. Si vous r\u00e9sidez dans une ZFE, une majoration de 1 000 \u20ac pourra \u00eatre appliqu\u00e9e.<\/p>\n<h2>Les \u00e9ventuelles majorations en fonction de la situation du demandeur<\/h2>\n<p>En ce qui concerne les majorations possibles, il est important de noter que les crit\u00e8res peuvent varier en fonction des mesures gouvernementales en vigueur. Cependant, voici quelques exemples de situations qui pourraient entra\u00eener une majoration de la prime \u00e0 la conversion :<\/p>\n<p>Les revenus modestes : si vous \u00eates consid\u00e9r\u00e9 comme ayant des revenus modestes, vous pourriez \u00eatre \u00e9ligible \u00e0 une majoration de la prime \u00e0 la conversion. Les montants de cette majoration peuvent varier en fonction de votre situation financi\u00e8re.<\/p>\n<p>La zone g\u00e9ographique : certaines zones g\u00e9ographiques peuvent b\u00e9n\u00e9ficier de majorations sp\u00e9cifiques. Par exemple, si vous habitez dans une zone \u00e0 faibles \u00e9missions (ZFE) ou une zone \u00e0 circulation restreinte (ZCR), vous pourriez \u00eatre \u00e9ligible \u00e0 une majoration de la prime.<\/p>\n<p>Le handicap : les personnes en situation de handicap peuvent \u00e9galement b\u00e9n\u00e9ficier de majorations sp\u00e9cifiques de la prime \u00e0 la conversion.<\/p>\n<h1>Quelles sont les d\u00e9marches \u00e0 suivre pour b\u00e9n\u00e9ficier de la prime \u00e0 la conversion GPL ?<\/h1>\n<h2>La v\u00e9rification de votre \u00e9ligibilit\u00e9<\/h2>\n<p>Pour faire une demande de prime \u00e0 la conversion pour les v\u00e9hicules fonctionnant \u00e0 l&rsquo;\u00e9thanol, voici les \u00e9tapes \u00e0 suivre :<\/p>\n<p>1. Assurez-vous que votre v\u00e9hicule r\u00e9pond aux crit\u00e8res d&rsquo;\u00e9ligibilit\u00e9 mentionn\u00e9s pr\u00e9c\u00e9demment, tels que l&rsquo;\u00e2ge et le niveau de pollution.<\/p>\n<p>2. Consultez les conditions sp\u00e9cifiques li\u00e9es \u00e0 la prime \u00e0 la conversion \u00e9thanol, car elles peuvent varier en fonction des mesures gouvernementales en vigueur.<\/p>\n<p>3. Rassemblez les documents requis pour constituer votre dossier de demande.<\/p>\n<p>4. Compl\u00e9tez le formulaire de demande de prime \u00e0 la conversion \u00e9thanol. Assurez-vous de fournir toutes les informations demand\u00e9es de mani\u00e8re pr\u00e9cise et compl\u00e8te.<\/p>\n<p>5. Envoyez votre dossier de demande complet aux organismes comp\u00e9tents charg\u00e9s de traiter les demandes.<\/p>\n<h2>Les documents n\u00e9cessaires pour constituer le dossier de demande de prime \u00e0 la conversion GPL<\/h2>\n<p>&#8211; Carte grise du v\u00e9hicule<br \/>\n&#8211; Justificatif de domicile<br \/>\n&#8211; Preuve de propri\u00e9t\u00e9 du v\u00e9hicule depuis au moins un an<br \/>\n&#8211; Certificat de conformit\u00e9 du v\u00e9hicule \u00e0 l&rsquo;\u00e9thanol<br \/>\n&#8211; Facture d&rsquo;achat du v\u00e9hicule<br \/>\n&#8211; RIB (Relev\u00e9 d&rsquo;Identit\u00e9 Bancaire) pour le versement de la prime<\/p>\n<p>En cas de besoin, <a href=\"https:\/\/www.mes-allocs.fr\/souscription\">faites appel \u00e0 un expert<\/a> de l&rsquo;\u00e9quipe Mes Allocs pour vous accompagner dans vos d\u00e9marches.<\/p>\n<h1 id=\"-cartes-grises-pour-les-voitures-gpl\">Les cartes grises pour les voitures GPL<\/h1>\n<p>Les v\u00e9hicules GPL\u00a0b\u00e9n\u00e9ficient de la carte grise gratuite dans la plupart des r\u00e9gions qui restent libres de fixer leur tarif. Seules exceptions\u00a0: le Centre Val de Loire qui n\u2019applique aucune exon\u00e9ration et la Bretagne et la Picardie qui se contente d\u2019une r\u00e9duction de 50 %.<\/p>\n<div class='cta-block'><div class='text'>Simulez toutes vos aides en 2 min.<\/div><a href='https:\/\/www.mes-allocs.fr\/ab-app?origin=guides\/wp-json\/wp\/v2\/posts\/67624' class='app-button fit'>Simulation gratuite<\/a><\/div>\n","protected":false},"excerpt":{"rendered":"<p>La prime \u00e0 la conversion est une aide financi\u00e8re qui amortit le co\u00fbt d\u2019achat de votre nouveau v\u00e9hicule. Mais le montant de cette prime d\u00e9pend du type de carburant du nouveau v\u00e9hicule. Dans cet article, Mes Allocs vous dit tout sur les conditions sp\u00e9cifiques, les montants d\u00e9termin\u00e9s et des d\u00e9marches \u00e0 suivre pour b\u00e9n\u00e9ficier de [&hellip;]<\/p>\n","protected":false},"author":26,"featured_media":67627,"comment_status":"closed","ping_status":"open","sticky":false,"template":"","format":"standard","meta":{"amp_status":"","footnotes":""},"categories":[9930,15160],"tags":[],"class_list":["post-67624","post","type-post","status-publish","format-standard","has-post-thumbnail","hentry","category-prime-a-la-conversion","category-prime-a-la-conversion-type-de-carburant"],"yoast_head":"<!-- This site is optimized with the Yoast SEO plugin v14.9 - https:\/\/yoast.com\/wordpress\/plugins\/seo\/ -->\n<title>Prime \u00e0 la conversion v\u00e9hicules GPL : conditions, montants, d\u00e9marches<\/title>\n<meta name=\"description\" content=\"Les voitures fonctionnant au GPL sont \u00e9ligibles \u00e0 l&#039;attribution de la prime \u00e0 la conversion. D\u00e9couvrez les conditions et les d\u00e9marches.\" \/>\n<meta name=\"robots\" content=\"index, follow, max-snippet:-1, max-image-preview:large, max-video-preview:-1\" \/>\n<link rel=\"canonical\" href=\"https:\/\/www.mes-allocs.fr\/guides\/prime-a-la-conversion\/prime-a-la-conversion-type-de-carburant\/prime-a-la-conversion-gpl\/\" \/>\n<meta property=\"og:locale\" content=\"fr_FR\" \/>\n<meta property=\"og:type\" content=\"article\" \/>\n<meta property=\"og:title\" content=\"Prime \u00e0 la conversion v\u00e9hicules GPL : conditions, montants, d\u00e9marches\" \/>\n<meta property=\"og:description\" content=\"Les voitures fonctionnant au GPL sont \u00e9ligibles \u00e0 l&#039;attribution de la prime \u00e0 la conversion. D\u00e9couvrez les conditions et les d\u00e9marches.\" \/>\n<meta property=\"og:url\" content=\"https:\/\/www.mes-allocs.fr\/guides\/prime-a-la-conversion\/prime-a-la-conversion-type-de-carburant\/prime-a-la-conversion-gpl\/\" \/>\n<meta property=\"og:site_name\" content=\"Mes-Allocs.fr\" \/>\n<meta property=\"article:published_time\" content=\"2023-08-31T14:46:44+00:00\" \/>\n<meta property=\"article:modified_time\" content=\"2025-07-09T13:04:07+00:00\" \/>\n<meta property=\"og:image\" content=\"https:\/\/www.mes-allocs.fr\/guides\/wp-content\/uploads\/2023\/08\/Prime-a-la-conversion-voiture-gpl.jpg?wsr\" \/>\n\t<meta property=\"og:image:width\" content=\"582\" \/>\n\t<meta property=\"og:image:height\" content=\"564\" \/>\n<meta name=\"twitter:card\" content=\"summary_large_image\" \/>\n<script type=\"application\/ld+json\" class=\"yoast-schema-graph\">{\"@context\":\"https:\/\/schema.org\",\"@graph\":[{\"@type\":\"WebSite\",\"@id\":\"https:\/\/www.mes-allocs.fr\/guides\/#website\",\"url\":\"https:\/\/www.mes-allocs.fr\/guides\/\",\"name\":\"Mes-Allocs.fr\",\"description\":\"\",\"potentialAction\":[{\"@type\":\"SearchAction\",\"target\":\"https:\/\/www.mes-allocs.fr\/guides\/?s={search_term_string}\",\"query-input\":\"required name=search_term_string\"}],\"inLanguage\":\"fr-FR\"},{\"@type\":\"ImageObject\",\"@id\":\"https:\/\/www.mes-allocs.fr\/guides\/prime-a-la-conversion\/prime-a-la-conversion-type-de-carburant\/prime-a-la-conversion-gpl\/#primaryimage\",\"inLanguage\":\"fr-FR\",\"url\":\"https:\/\/www.mes-allocs.fr\/guides\/wp-content\/uploads\/2023\/08\/Prime-a-la-conversion-voiture-gpl.jpg?wsr\",\"width\":582,\"height\":564,\"caption\":\"Prime a la conversion voiture gpl\"},{\"@type\":\"WebPage\",\"@id\":\"https:\/\/www.mes-allocs.fr\/guides\/prime-a-la-conversion\/prime-a-la-conversion-type-de-carburant\/prime-a-la-conversion-gpl\/#webpage\",\"url\":\"https:\/\/www.mes-allocs.fr\/guides\/prime-a-la-conversion\/prime-a-la-conversion-type-de-carburant\/prime-a-la-conversion-gpl\/\",\"name\":\"Prime \\u00e0 la conversion v\\u00e9hicules GPL : conditions, montants, d\\u00e9marches\",\"isPartOf\":{\"@id\":\"https:\/\/www.mes-allocs.fr\/guides\/#website\"},\"primaryImageOfPage\":{\"@id\":\"https:\/\/www.mes-allocs.fr\/guides\/prime-a-la-conversion\/prime-a-la-conversion-type-de-carburant\/prime-a-la-conversion-gpl\/#primaryimage\"},\"datePublished\":\"2023-08-31T14:46:44+00:00\",\"dateModified\":\"2025-07-09T13:04:07+00:00\",\"author\":{\"@id\":\"https:\/\/www.mes-allocs.fr\/guides\/#\/schema\/person\/9c38f3be41a0ddcd1e3fde5a3df713bf\"},\"description\":\"Les voitures fonctionnant au GPL sont \\u00e9ligibles \\u00e0 l'attribution de la prime \\u00e0 la conversion. D\\u00e9couvrez les conditions et les d\\u00e9marches.\",\"inLanguage\":\"fr-FR\"},{\"@type\":\"Person\",\"@id\":\"https:\/\/www.mes-allocs.fr\/guides\/#\/schema\/person\/9c38f3be41a0ddcd1e3fde5a3df713bf\",\"name\":\"Sessime Ananou\",\"image\":{\"@type\":\"ImageObject\",\"@id\":\"https:\/\/www.mes-allocs.fr\/guides\/#personlogo\",\"inLanguage\":\"fr-FR\",\"url\":\"https:\/\/www.mes-allocs.fr\/guides\/wp-content\/uploads\/2023\/08\/IMG_8173-150x150.jpg\",\"caption\":\"Sessime Ananou\"},\"description\":\"Sessime est r\\u00e9dactrice chez Mes Allocs, sp\\u00e9cialis\\u00e9e sur le pouvoir d'achat. Elle rejoint l'\\u00e9quipe Mes Allocs en ao\\u00fbt 2023 afin de simplifier l'acc\\u00e8s \\u00e0 l'information sur les aides en g\\u00e9n\\u00e9ral.\"}]}<\/script>\n<!-- \/ Yoast SEO plugin. -->","amp_validity":null,"acf":{"faq":{"1":{"question":"Quelle aide pour l'achat d'une voiture GPL ?","answer":"Bonus de 27 % du prix d'acquisition du v\u00e9hicule TTC dans la limite de 5 000 euros, pour les personnes physiques. Ce montant est major\u00e9 de 2 000 \u20ac lorsque le v\u00e9hicule est acquis ou lou\u00e9 par une personne physique dont le revenu fiscal de r\u00e9f\u00e9rence par part est inf\u00e9rieur ou \u00e9gal \u00e0 14 089 \u20ac."},"2":{"question":"Quelle est la dur\u00e9e de vie d'un moteur GPL ?","answer":"Un moteur GPL a une dur\u00e9e de vie de 400 000 km."},"3":{"question":"Pourquoi le GPL est interdit dans les parking ?","answer":"Si l'acc\u00e8s aux parkings souterrains est bel et bien r\u00e9glement\u00e9 pour les v\u00e9hicules roulant au GPL, cela ne concerne en r\u00e9alit\u00e9 que ceux qui ne sont pas \u00e9quip\u00e9s de soupape de s\u00e9curit\u00e9. Dans ce cas, la voiture risque en effet d'exploser en cas de dysfonctionnement, ce qui reste n\u00e9anmoins tr\u00e8s rare."},"4":{"question":"Quelle est la meilleure voiture GPL ?","answer":"La Dacia Sandero III 1.0 Eco-G 100 ch"},"5":{"question":"Comment estimer ses droits \u00e0 la prime \u00e0 la conversion ? ","answer":"Pour cela le plus simple est d'utiliser le simulateur d'aides sociales Mes Allocs. En deux minutes vous aurez une estimation fiable de vos droits \u00e0 la prime. "},"6":{"question":" Comment b\u00e9neficier de la prime \u00e0 la casse en 2024 ?","answer":"Pour b\u00e9n\u00e9ficier de la prime \u00e0 la casse, vous devez d\u00e9truire un v\u00e9hicule polluant qui vous appartient depuis au moins un an pour le remplacer par un mod\u00e8le \u00e9cologique. "},"7":{"question":"","answer":""},"8":{"question":"","answer":""},"9":{"question":"","answer":""},"10":{"question":"","answer":""},"11":{"question":"","answer":""},"12":{"question":"","answer":""},"13":{"question":"","answer":""},"14":{"question":"","answer":""},"15":{"question":"","answer":""},"16":{"question":"","answer":""}}},"_links":{"self":[{"href":"https:\/\/www.mes-allocs.fr\/guides\/wp-json\/wp\/v2\/posts\/67624","targetHints":{"allow":["GET"]}}],"collection":[{"href":"https:\/\/www.mes-allocs.fr\/guides\/wp-json\/wp\/v2\/posts"}],"about":[{"href":"https:\/\/www.mes-allocs.fr\/guides\/wp-json\/wp\/v2\/types\/post"}],"author":[{"embeddable":true,"href":"https:\/\/www.mes-allocs.fr\/guides\/wp-json\/wp\/v2\/users\/26"}],"replies":[{"embeddable":true,"href":"https:\/\/www.mes-allocs.fr\/guides\/wp-json\/wp\/v2\/comments?post=67624"}],"version-history":[{"count":20,"href":"https:\/\/www.mes-allocs.fr\/guides\/wp-json\/wp\/v2\/posts\/67624\/revisions"}],"predecessor-version":[{"id":101806,"href":"https:\/\/www.mes-allocs.fr\/guides\/wp-json\/wp\/v2\/posts\/67624\/revisions\/101806"}],"wp:featuredmedia":[{"embeddable":true,"href":"https:\/\/www.mes-allocs.fr\/guides\/wp-json\/wp\/v2\/media\/67627"}],"wp:attachment":[{"href":"https:\/\/www.mes-allocs.fr\/guides\/wp-json\/wp\/v2\/media?parent=67624"}],"wp:term":[{"taxonomy":"category","embeddable":true,"href":"https:\/\/www.mes-allocs.fr\/guides\/wp-json\/wp\/v2\/categories?post=67624"},{"taxonomy":"post_tag","embeddable":true,"href":"https:\/\/www.mes-allocs.fr\/guides\/wp-json\/wp\/v2\/tags?post=67624"}],"curies":[{"name":"wp","href":"https:\/\/api.w.org\/{rel}","templated":true}]}}