{"id":67571,"date":"2023-08-30T20:04:53","date_gmt":"2023-08-30T18:04:53","guid":{"rendered":"https:\/\/www.mes-allocs.fr\/guides\/?p=67571"},"modified":"2025-07-09T18:02:43","modified_gmt":"2025-07-09T16:02:43","slug":"prime-a-la-conversion-honda","status":"publish","type":"post","link":"https:\/\/www.mes-allocs.fr\/guides\/prime-a-la-conversion\/vehicule-eligible-a-la-prime-a-la-conversion\/prime-a-la-conversion-honda\/","title":{"rendered":"Prime \u00e0 la conversion pour les v\u00e9hicules Honda : conditions, montants, d\u00e9marches"},"content":{"rendered":"<p><img loading=\"lazy\" decoding=\"async\" class=\"alignnone wp-image-67574 size-full\" title=\"prime a la conversion honda\" src=\"https:\/\/www.mes-allocs.fr\/guides\/wp-content\/uploads\/2023\/08\/prime-a-la-conversion-honda-e1693412417931.jpg\" alt=\"prime a la conversion honda\" width=\"1280\" height=\"396\" srcset=\"https:\/\/www.mes-allocs.fr\/guides\/wp-content\/uploads\/2023\/08\/prime-a-la-conversion-honda-e1693412417931.jpg 1280w, https:\/\/www.mes-allocs.fr\/guides\/wp-content\/uploads\/2023\/08\/prime-a-la-conversion-honda-e1693412417931-300x93.jpg 300w, https:\/\/www.mes-allocs.fr\/guides\/wp-content\/uploads\/2023\/08\/prime-a-la-conversion-honda-e1693412417931-1024x317.jpg 1024w, https:\/\/www.mes-allocs.fr\/guides\/wp-content\/uploads\/2023\/08\/prime-a-la-conversion-honda-e1693412417931-768x238.jpg 768w, https:\/\/www.mes-allocs.fr\/guides\/wp-content\/uploads\/2023\/08\/prime-a-la-conversion-honda-e1693412417931-600x186.jpg 600w\" sizes=\"auto, (max-width: 1280px) 100vw, 1280px\" \/><\/p>\n<p><strong>Vous poss\u00e9dez une vieille voiture et vous souhaitez b\u00e9n\u00e9ficier de la <a href=\"https:\/\/www.mes-allocs.fr\/guides\/prime-a-la-conversion\/\">prime \u00e0 la conversion<\/a> ? Dans cet article, nous vous pr\u00e9senterons en d\u00e9tail les conditions, les montants et les d\u00e9marches \u00e0 suivre pour profiter de la prime \u00e0 la conversion sp\u00e9cifique aux v\u00e9hicules Honda.\u00a0<\/strong><\/p>\n<div class='cta-block'><div class='text'>Simulez toutes vos aides en 2 min.<\/div><a href='https:\/\/www.mes-allocs.fr\/ab-app?origin=guides\/wp-json\/wp\/v2\/posts\/67571' class='app-button fit'>Simulation gratuite<\/a><\/div>\n<div class='shortcode disclaimer'><div class='title'>Attention<\/div><div class='content'>La prime \u00e0 la conversion n\u2019est plus disponible depuis d\u00e9cembre 2024. Apr\u00e8s cette date, il n\u2019est plus possible d\u2019en b\u00e9n\u00e9ficier, que ce soit pour les particuliers ou les professionnels. <\/div><\/div>\n<h1>Quelles sont conditions pour b\u00e9n\u00e9ficier de la prime \u00e0 la conversion Honda ?<\/h1>\n<p>Les <a href=\"https:\/\/www.mes-allocs.fr\/guides\/prime-a-la-conversion\/vehicules-eligibles-a-la-prime-a-la-conversion\/\">voitures \u00e9ligibles \u00e0 la prime \u00e0 la conversion<\/a> sont nombreuses mais doivent respecter certaines conditions.<\/p>\n<h2>Qu&rsquo;est-ce que la prime \u00e0 la conversion pour une voiture Honda ?<\/h2>\n<p>La prime \u00e0 la conversion est une aide financi\u00e8re mise en place par le gouvernement fran\u00e7ais pour encourager les propri\u00e9taires de v\u00e9hicules anciens et polluants \u00e0 les remplacer par des v\u00e9hicules plus propres et plus respectueux de l&rsquo;environnement. Dans le cas des v\u00e9hicules Honda, il existe des conditions sp\u00e9cifiques, des montants d\u00e9termin\u00e9s et des d\u00e9marches \u00e0 suivre pour b\u00e9n\u00e9ficier de cette prime.<\/p>\n<h2>Quels sont les crit\u00e8res pour d\u00e9poser une demande de prime \u00e0 la conversion Honda ?<\/h2>\n<p>Pour b\u00e9n\u00e9ficier de la prime \u00e0 la conversion pour un v\u00e9hicule Honda, voici les conditions \u00e0 prendre en compte :<\/p>\n<p>1. L&rsquo;age du v\u00e9hicule : votre v\u00e9hicule Honda doit avoir \u00e9t\u00e9 immatricul\u00e9 pour la premi\u00e8re fois avant le 1er janvier 2006 pour les v\u00e9hicules essence, et avant le 1er janvier 2011 pour les v\u00e9hicules diesel.<\/p>\n<p>2. Le niveau de pollution : \u00a0votre v\u00e9hicule Honda doit \u00eatre class\u00e9 comme <strong>Crit&rsquo;Air 1 ou Crit&rsquo;Air 2.<\/strong> Les vignettes Crit&rsquo;Air sont d\u00e9livr\u00e9es par le minist\u00e8re de la Transition \u00e9cologique et solidaire et indiquent le niveau de pollution du v\u00e9hicule en fonction de son moteur et de sa date de premi\u00e8re immatriculation.<\/p>\n<p>3. La d\u00e9tention du v\u00e9hicule : vous devez \u00eatre propri\u00e9taire du v\u00e9hicule Honda depuis au moins un an \u00e0 la date de la demande de prime \u00e0 la conversion.<\/p>\n<h1>Les montants de la prime \u00e0 la conversion pour une voiture Honda<\/h1>\n<h2>Les montants offerts par Honda en fonction du type de v\u00e9hicule<\/h2>\n<p>Les montants de la prime \u00e0 la conversion offerts par Honda peuvent varier en fonction du type de v\u00e9hicule que vous souhaitez acqu\u00e9rir. Voici quelques exemples de montants sp\u00e9cifiques :<\/p>\n<p>Pour l&rsquo;achat d&rsquo;un v\u00e9hicule<strong> hybride Honda<\/strong> : la prime \u00e0 la conversion peut atteindre jusqu&rsquo;\u00e0 2 500 euros.<\/p>\n<p>Pour l&rsquo;achat d&rsquo;un v\u00e9hicule<strong> \u00e9lectrique Honda<\/strong> : la prime \u00e0 la conversion peut aller jusqu&rsquo;\u00e0 5 000 euros.<\/p>\n<p>Voici un tableau r\u00e9capitulatif des montants de la prime \u00e0 la conversion :<\/p>\n\n<div class=\"wpdt-c row wpDataTableContainerSimpleTable wpDataTables wpDataTablesWrapper\n\"\n    >\n    <table id=\"wpdtSimpleTable-349\"\n           class=\"wpdtSimpleTable wpDataTable\"\n           data-column=\"6\"\n           data-rows=\"7\"\n           data-wpID=\"349\"\n           data-responsive=\"0\"\n           data-has-header=\"1\">\n\n                    <thead>        <tr class=\"wpdt-cell-row \" style=\"height:101px;\">\n                            <th class=\"wpdt-cell wpdt-bc-8FB6D7 wpdt-bold wpdt-align-center\"\n                                    data-cell-id=\"A1\"\n                data-col-index=\"0\"\n                data-row-index=\"0\"\n                style=\" width:16.504854368932%;                padding:10px;\"\n                >\n                                V\u00e9hicules \u00e9ligibles \u00e0 acheter pour b\u00e9n\u00e9ficier de la prime \u00e0 la conversion                <\/th>\n                                            <th class=\"wpdt-cell wpdt-bc-8FB6D7 wpdt-bold wpdt-align-center\"\n                                    data-cell-id=\"B1\"\n                data-col-index=\"1\"\n                data-row-index=\"0\"\n                style=\" width:17.47572815534%;                padding:10px;\"\n                >\n                                Revenu fiscal de r\u00e9f\u00e9rence \u2264 7 100 \u20ac par part ou ceux avec un RFR\/part \u2264 14 089 \u20ac qui sont gros rouleurs (+ 60km\/jour ou +12 000 km\/an)                <\/th>\n                                            <th class=\"wpdt-cell wpdt-bc-8FB6D7 wpdt-bold wpdt-align-center\"\n                                    data-cell-id=\"C1\"\n                data-col-index=\"2\"\n                data-row-index=\"0\"\n                style=\" width:16.504854368932%;                padding:10px;\"\n                >\n                                RFR\/part \u2264 14 089 \u20ac                <\/th>\n                                            <th class=\"wpdt-cell wpdt-bc-8FB6D7 wpdt-bold wpdt-align-center\"\n                                    data-cell-id=\"D1\"\n                data-col-index=\"3\"\n                data-row-index=\"0\"\n                style=\" width:16.504854368932%;                padding:10px;\"\n                >\n                                RFR\/part > 14 089 \u20ac                <\/th>\n                                            <th class=\"wpdt-cell wpdt-bc-8FB6D7 wpdt-bold wpdt-align-center\"\n                                    data-cell-id=\"E1\"\n                data-col-index=\"4\"\n                data-row-index=\"0\"\n                style=\" width:16.504854368932%;                padding:10px;\"\n                >\n                                Personne morale (entreprise)                <\/th>\n                                            <th class=\"wpdt-cell wpdt-bc-8FB6D7 wpdt-bold wpdt-align-center\"\n                                    data-cell-id=\"F1\"\n                data-col-index=\"5\"\n                data-row-index=\"0\"\n                style=\" width:16.504854368932%;                padding:10px;\"\n                >\n                                Bonus \u00e9cologique Max                <\/th>\n                                        <\/tr>\n                    <tbody>        <tr class=\"wpdt-cell-row \" style=\"height:107px;\">\n                            <td class=\"wpdt-cell \"\n                                    data-cell-id=\"A2\"\n                data-col-index=\"0\"\n                data-row-index=\"1\"\n                style=\"                padding:10px;\"\n                >\n                                Diesel Crit'AIR 2\nimmatricul\u00e9\u00a0apr\u00e8s\u00a0le 01\/09\/2019\n(taux d'\u00e9mission CO2 \u2264 137g\/km)                <\/td>\n                                            <td class=\"wpdt-cell \"\n                                    data-cell-id=\"B2\"\n                data-col-index=\"1\"\n                data-row-index=\"1\"\n                style=\"                padding:10px;\"\n                >\n                                3000\u20ac\nlimit\u00e9 \u00e0 80% du prix du v\u00e9hicule                <\/td>\n                                            <td class=\"wpdt-cell \"\n                                    data-cell-id=\"C2\"\n                data-col-index=\"2\"\n                data-row-index=\"1\"\n                style=\"                padding:10px;\"\n                >\n                                1500\u20ac                <\/td>\n                                            <td class=\"wpdt-cell \"\n                                    data-cell-id=\"D2\"\n                data-col-index=\"3\"\n                data-row-index=\"1\"\n                style=\"                padding:10px;\"\n                >\n                                0\u20ac                <\/td>\n                                            <td class=\"wpdt-cell \"\n                                    data-cell-id=\"E2\"\n                data-col-index=\"4\"\n                data-row-index=\"1\"\n                style=\"                padding:10px;\"\n                >\n                                0\u20ac                <\/td>\n                                            <td class=\"wpdt-cell \"\n                                    data-cell-id=\"F2\"\n                data-col-index=\"5\"\n                data-row-index=\"1\"\n                style=\"                padding:10px;\"\n                >\n                                0\u20ac                <\/td>\n                                        <\/tr>\n                            <tr class=\"wpdt-cell-row \" >\n                            <td class=\"wpdt-cell \"\n                                    data-cell-id=\"A3\"\n                data-col-index=\"0\"\n                data-row-index=\"2\"\n                style=\"                padding:10px;\"\n                >\n                                Essence ou Diesel Crit'AIR 2\nimmatricul\u00e9\u00a0avant\u00a0le 01\/09\/2019                <\/td>\n                                            <td class=\"wpdt-cell \"\n                                    data-cell-id=\"B3\"\n                data-col-index=\"1\"\n                data-row-index=\"2\"\n                style=\"                padding:10px;\"\n                >\n                                0\u20ac                <\/td>\n                                            <td class=\"wpdt-cell \"\n                                    data-cell-id=\"C3\"\n                data-col-index=\"2\"\n                data-row-index=\"2\"\n                style=\"                padding:10px;\"\n                >\n                                0\u20ac                <\/td>\n                                            <td class=\"wpdt-cell \"\n                                    data-cell-id=\"D3\"\n                data-col-index=\"3\"\n                data-row-index=\"2\"\n                style=\"                padding:10px;\"\n                >\n                                0\u20ac                <\/td>\n                                            <td class=\"wpdt-cell \"\n                                    data-cell-id=\"E3\"\n                data-col-index=\"4\"\n                data-row-index=\"2\"\n                style=\"                padding:10px;\"\n                >\n                                0\u20ac                <\/td>\n                                            <td class=\"wpdt-cell \"\n                                    data-cell-id=\"F3\"\n                data-col-index=\"5\"\n                data-row-index=\"2\"\n                style=\"                padding:10px;\"\n                >\n                                0\u20ac                <\/td>\n                                        <\/tr>\n                            <tr class=\"wpdt-cell-row \" >\n                            <td class=\"wpdt-cell \"\n                                    data-cell-id=\"A4\"\n                data-col-index=\"0\"\n                data-row-index=\"3\"\n                style=\"                padding:10px;\"\n                >\n                                \u00c9lectrique Crit'AIR 0 neuf ou occasion\n(taux d'\u00e9mission CO2 \u2264 20g\/km)                <\/td>\n                                            <td class=\"wpdt-cell \"\n                                    data-cell-id=\"B4\"\n                data-col-index=\"1\"\n                data-row-index=\"3\"\n                style=\"                padding:10px;\"\n                >\n                                5000\u20ac\nlimit\u00e9 \u00e0 80% du prix du v\u00e9hicule                <\/td>\n                                            <td class=\"wpdt-cell \"\n                                    data-cell-id=\"C4\"\n                data-col-index=\"2\"\n                data-row-index=\"3\"\n                style=\"                padding:10px;\"\n                >\n                                2500\u20ac                <\/td>\n                                            <td class=\"wpdt-cell \"\n                                    data-cell-id=\"D4\"\n                data-col-index=\"3\"\n                data-row-index=\"3\"\n                style=\"                padding:10px;\"\n                >\n                                2500\u20ac                <\/td>\n                                            <td class=\"wpdt-cell \"\n                                    data-cell-id=\"E4\"\n                data-col-index=\"4\"\n                data-row-index=\"3\"\n                style=\"                padding:10px;\"\n                >\n                                2500\u20ac                <\/td>\n                                            <td class=\"wpdt-cell \"\n                                    data-cell-id=\"F4\"\n                data-col-index=\"5\"\n                data-row-index=\"3\"\n                style=\"                padding:10px;\"\n                >\n                                7000\u20ac\n(1000\u20ac pour l'occasion)                <\/td>\n                                        <\/tr>\n                            <tr class=\"wpdt-cell-row \" >\n                            <td class=\"wpdt-cell \"\n                                    data-cell-id=\"A5\"\n                data-col-index=\"0\"\n                data-row-index=\"4\"\n                style=\"                padding:10px;\"\n                >\n                                V\u00e9hicule hybride rechargeable neuf ou occasion Crit'AIR 1\nAutonomie \u00e9lectrique >50km\n(20g\/km < taux d'\u00e9mission CO2 \u2264 50g\/km)                <\/td>\n                                            <td class=\"wpdt-cell \"\n                                    data-cell-id=\"B5\"\n                data-col-index=\"1\"\n                data-row-index=\"4\"\n                style=\"                padding:10px;\"\n                >\n                                5000\u20ac\nlimit\u00e9 \u00e0 80% du prix du v\u00e9hicule                <\/td>\n                                            <td class=\"wpdt-cell \"\n                                    data-cell-id=\"C5\"\n                data-col-index=\"2\"\n                data-row-index=\"4\"\n                style=\"                padding:10px;\"\n                >\n                                2500\u20ac                <\/td>\n                                            <td class=\"wpdt-cell \"\n                                    data-cell-id=\"D5\"\n                data-col-index=\"3\"\n                data-row-index=\"4\"\n                style=\"                padding:10px;\"\n                >\n                                2500\u20ac                <\/td>\n                                            <td class=\"wpdt-cell \"\n                                    data-cell-id=\"E5\"\n                data-col-index=\"4\"\n                data-row-index=\"4\"\n                style=\"                padding:10px;\"\n                >\n                                2500\u20ac                <\/td>\n                                            <td class=\"wpdt-cell \"\n                                    data-cell-id=\"F5\"\n                data-col-index=\"5\"\n                data-row-index=\"4\"\n                style=\"                padding:10px;\"\n                >\n                                2000\u20ac\n(uniquement pour du neuf)                <\/td>\n                                        <\/tr>\n                            <tr class=\"wpdt-cell-row \" style=\"height:107px;\">\n                            <td class=\"wpdt-cell \"\n                                    data-cell-id=\"A6\"\n                data-col-index=\"0\"\n                data-row-index=\"5\"\n                style=\"                padding:10px;\"\n                >\n                                V\u00e9hicule hybride rechargeable neuf ou occasion Crit'AIR 1\nAutonomie \u00e9lectrique <50km\n(20g\/km < taux d'\u00e9mission CO2 \u2264 50g\/km)                <\/td>\n                                            <td class=\"wpdt-cell \"\n                                    data-cell-id=\"B6\"\n                data-col-index=\"1\"\n                data-row-index=\"5\"\n                style=\"                padding:10px;\"\n                >\n                                3000\u20ac\nlimit\u00e9 \u00e0 80% du prix du v\u00e9hicule                <\/td>\n                                            <td class=\"wpdt-cell \"\n                                    data-cell-id=\"C6\"\n                data-col-index=\"2\"\n                data-row-index=\"5\"\n                style=\"                padding:10px;\"\n                >\n                                1500\u20ac                <\/td>\n                                            <td class=\"wpdt-cell \"\n                                    data-cell-id=\"D6\"\n                data-col-index=\"3\"\n                data-row-index=\"5\"\n                style=\"                padding:10px;\"\n                >\n                                1500\u20ac                <\/td>\n                                            <td class=\"wpdt-cell \"\n                                    data-cell-id=\"E6\"\n                data-col-index=\"4\"\n                data-row-index=\"5\"\n                style=\"                padding:10px;\"\n                >\n                                0\u20ac                <\/td>\n                                            <td class=\"wpdt-cell \"\n                                    data-cell-id=\"F6\"\n                data-col-index=\"5\"\n                data-row-index=\"5\"\n                style=\"                padding:10px;\"\n                >\n                                0\u20ac                <\/td>\n                                        <\/tr>\n                            <tr class=\"wpdt-cell-row \" >\n                            <td class=\"wpdt-cell \"\n                                    data-cell-id=\"A7\"\n                data-col-index=\"0\"\n                data-row-index=\"6\"\n                style=\"                padding:10px;\"\n                >\n                                Deux-roues, trois-roues motoris\u00e9 ou quadricycle \u00e9lectrique Crit'AIR 0 neuf                <\/td>\n                                            <td class=\"wpdt-cell \"\n                                    data-cell-id=\"B7\"\n                data-col-index=\"1\"\n                data-row-index=\"6\"\n                style=\"                padding:10px;\"\n                >\n                                1100\u20ac                <\/td>\n                                            <td class=\"wpdt-cell \"\n                                    data-cell-id=\"C7\"\n                data-col-index=\"2\"\n                data-row-index=\"6\"\n                style=\"                padding:10px;\"\n                >\n                                1100\u20ac                <\/td>\n                                            <td class=\"wpdt-cell \"\n                                    data-cell-id=\"D7\"\n                data-col-index=\"3\"\n                data-row-index=\"6\"\n                style=\"                padding:10px;\"\n                >\n                                100\u20ac                <\/td>\n                                            <td class=\"wpdt-cell \"\n                                    data-cell-id=\"E7\"\n                data-col-index=\"4\"\n                data-row-index=\"6\"\n                style=\"                padding:10px;\"\n                >\n                                0\u20ac                <\/td>\n                                            <td class=\"wpdt-cell \"\n                                    data-cell-id=\"F7\"\n                data-col-index=\"5\"\n                data-row-index=\"6\"\n                style=\"                padding:10px;\"\n                >\n                                250\u20ac\/kWh                <\/td>\n                                        <\/tr>\n                    <\/table>\n<\/div><style id='wpdt-custom-style-349'>\ntable#wpdtSimpleTable-349{ table-layout: fixed !important; }\n.wpdt-bc-8FB6D7 { background-color: #8FB6D7 !important;}\n<\/style>\n\n<p>\u00c0 noter : ces montants sont donn\u00e9s \u00e0 titre indicatif et peuvent varier en fonction des caract\u00e9ristiques sp\u00e9cifiques du v\u00e9hicule, tels que le mod\u00e8le, la puissance, l&rsquo;autonomie, etc.<\/p>\n<p>En cas de besoin, <a href=\"https:\/\/www.mes-allocs.fr\/souscription\">faites appel \u00e0 un expert<\/a> de l&rsquo;\u00e9quipe Mes Allocs !<\/p>\n<h2>Les \u00e9ventuelles variations en fonction des caract\u00e9ristiques du v\u00e9hicule<\/h2>\n<p>Voici quelques exemples de variations possibles :<\/p>\n<ul>\n<li><strong>Le type de v\u00e9hicule<\/strong> : certains types de v\u00e9hicules, tels que les deux-roues motoris\u00e9s, les v\u00e9hicules utilitaires l\u00e9gers ou les taxis, peuvent b\u00e9n\u00e9ficier de conditions sp\u00e9cifiques ou de montants de prime diff\u00e9rents.<\/li>\n<li><strong>L&rsquo;\u00e9nergie du v\u00e9hicule<\/strong> : les v\u00e9hicules \u00e9lectriques ou hybrides rechargeables peuvent \u00eatre \u00e9ligibles \u00e0 des montants de prime plus \u00e9lev\u00e9s que les v\u00e9hicules thermiques.<\/li>\n<li><strong>Les crit\u00e8res environnementaux suppl\u00e9mentaires<\/strong> : dans certaines r\u00e9gions ou pour certains programmes sp\u00e9cifiques, des crit\u00e8res environnementaux suppl\u00e9mentaires peuvent \u00eatre pris en compte, tels que les \u00e9missions de CO2 du v\u00e9hicule ou sa consommation de carburant.<\/li>\n<\/ul>\n<h1>Quels mod\u00e8les Honda choisir en 2025 ?<\/h1>\n<p>Apr\u00e8s une ann\u00e9e 2022 fort charg\u00e9e o\u00f9 il a d\u00e9voil\u00e9 notamment ses <strong>HR-V, CR-V,<\/strong> <strong>Pilot <\/strong>et Accord de nouvelle g\u00e9n\u00e9ration en plus de faire revivre l\u2019<strong>Acura Integra<\/strong> au sein de sa marque de luxe, le constructeur japonais Honda nous pr\u00e9pare plusieurs autres nouveaut\u00e9s en 2025.<\/p>\n<ul>\n<li>La <strong>camionnette Ridgeline<\/strong>, dont la derni\u00e8re mise \u00e0 jour remonte \u00e0 2021, proposera une version TrailSport pour 2024<\/li>\n<li>La version motoris\u00e9e hybride de la <strong>Civic 2024<\/strong>, tant la berline que le mod\u00e8le \u00e0 hayon<\/li>\n<li><strong>La Prologue<\/strong>, le premier VUS 100% \u00e9lectrique de Honda<\/li>\n<\/ul>\n<p>Du c\u00f4t\u00e9 de la marque de luxe Acura,<\/p>\n<ul>\n<li>la berline TLX avec la mise \u00e0 jour de mi-mandat,<\/li>\n<li>l\u2019<strong>Integra Type S<\/strong><\/li>\n<\/ul>\n<div class='cta-block'><div class='text'>Simulez toutes vos aides en 2 min.<\/div><a href='https:\/\/www.mes-allocs.fr\/ab-app?origin=guides\/wp-json\/wp\/v2\/posts\/67571' class='app-button fit'>Simulation gratuite<\/a><\/div>\n<h1>Les d\u00e9marches pour b\u00e9n\u00e9ficier de la prime \u00e0 la conversion Honda<\/h1>\n<h2>Les \u00e9tapes \u00e0 suivre pour faire une demande de prime \u00e0 la conversion<\/h2>\n<p>Pour faire une demande de prime \u00e0 la conversion, vous devrez tout d&rsquo;abord vous assurer que votre v\u00e9hicule est \u00e9ligible en v\u00e9rifiant s&rsquo;il r\u00e9pond aux crit\u00e8res d&rsquo;\u00e2ge et de niveau de pollution requis.<\/p>\n<p>Ensuite, vous devrez vous rendre sur le site officiel d\u00e9di\u00e9 \u00e0 la prime \u00e0 la conversion ou contacter l&rsquo;organisme comp\u00e9tent pour obtenir le formulaire de demande. Remplissez soigneusement le formulaire en fournissant toutes les informations demand\u00e9es, telles que vos coordonn\u00e9es, les d\u00e9tails du v\u00e9hicule et les pi\u00e8ces justificatives requises. Une fois le formulaire compl\u00e9t\u00e9, envoyez-le \u00e0 l&rsquo;organisme comp\u00e9tent en respectant les d\u00e9lais indiqu\u00e9s.<\/p>\n<p>Votre demande sera ensuite examin\u00e9e et vous serez inform\u00e9 de la d\u00e9cision. Si votre demande est accept\u00e9e, vous recevrez la prime \u00e0 la conversion selon les modalit\u00e9s pr\u00e9vues. N&rsquo;oubliez pas de consulter r\u00e9guli\u00e8rement les informations officielles pour vous assurer de suivre les proc\u00e9dures les plus r\u00e9centes.<\/p>\n<h2>La proc\u00e9dure de demande en ligne sur le site Honda<\/h2>\n<p>Si vous pr\u00e9f\u00e9rez effectuer votre demande en ligne, suivez ces \u00e9tapes :<\/p>\n<ul>\n<li>rendez-vous sur le site officiel de Honda<\/li>\n<li>cherchez la section d\u00e9di\u00e9e \u00e0 la prime \u00e0 la conversion<\/li>\n<li>remplissez le formulaire de demande en fournissant les informations requises, telles que les d\u00e9tails de votre ancien v\u00e9hicule, le nouveau v\u00e9hicule que vous souhaitez acheter, ainsi que les documents demand\u00e9s.<\/li>\n<\/ul>\n<p>Pensez \u00e0 t\u00e9l\u00e9charger les fichiers n\u00e9cessaires, tels que la copie de la carte grise et le devis du nouveau v\u00e9hicule. Une fois le formulaire soumis, vous recevrez un accus\u00e9 de r\u00e9ception ou une confirmation de votre demande.<\/p>\n<h2>La prise de rendez-vous avec un professionnel agr\u00e9\u00e9 Honda<\/h2>\n<p>Pour prendre rendez-vous avec un professionnel agr\u00e9\u00e9 Honda afin de b\u00e9n\u00e9ficier de la prime \u00e0 la conversion, vous pouvez suivre ces \u00e9tapes :<\/p>\n<ul>\n<li>Recherchez un concessionnaire Honda agr\u00e9\u00e9 pr\u00e8s de chez vous. Vous pouvez consulter le site web officiel de Honda ou utiliser des plateformes en ligne pour trouver les concessionnaires agr\u00e9\u00e9s les plus proches de votre localisation.<\/li>\n<li>Contactez le concessionnaire Honda de votre choix. Vous pouvez les appeler directement ou utiliser leur formulaire de contact en ligne pour prendre rendez-vous. Assurez-vous de mentionner que vous souhaitez b\u00e9n\u00e9ficier de la prime \u00e0 la conversion lors de votre prise de rendez-vous.<\/li>\n<li>Pr\u00e9parez les documents n\u00e9cessaires. Lors de votre rendez-vous, vous devrez fournir certains documents, tels que la carte grise du v\u00e9hicule \u00e0 remplacer, votre pi\u00e8ce d&rsquo;identit\u00e9, un justificatif de domicile, ainsi que tout autre document sp\u00e9cifique requis par le concessionnaire ou les autorit\u00e9s comp\u00e9tentes.<\/li>\n<li>Rendez-vous chez le concessionnaire Honda \u00e0 la date et \u00e0 l&rsquo;heure convenues. Lors de votre visite, discutez avec le professionnel agr\u00e9\u00e9 de votre projet de conversion et de la prime \u00e0 laquelle vous \u00eates \u00e9ligible. Ils pourront vous guider \u00e0 travers les \u00e9tapes n\u00e9cessaires pour b\u00e9n\u00e9ficier de la prime et vous fournir les informations sp\u00e9cifiques \u00e0 Honda.<\/li>\n<\/ul>\n<p><strong>En 2025, la prime \u00e0 la conversion a \u00e9t\u00e9 supprim\u00e9e depuis le 2 d\u00e9cembre 2024, quel que soit le type de voiture, y compris une Honda, hybride ou thermique.<\/strong><\/p>\n<p><strong>Cependant, si vous avez command\u00e9 une Honda (par exemple hybride rechargeable ou \u00e9lectrique) avant le 2 d\u00e9cembre 2024, et que la livraison ou la facturation intervient avant le 14 f\u00e9vrier 2025, vous pourriez b\u00e9n\u00e9ficier de la prime selon les anciennes r\u00e8gles.\u00a0<\/strong><\/p>\n<div class='cta-block'><div class='text'>Simulez toutes vos aides en 2 min.<\/div><a href='https:\/\/www.mes-allocs.fr\/ab-app?origin=guides\/wp-json\/wp\/v2\/posts\/67571' class='app-button fit'>Simulation gratuite<\/a><\/div>\n","protected":false},"excerpt":{"rendered":"<p>Vous poss\u00e9dez une vieille voiture et vous souhaitez b\u00e9n\u00e9ficier de la prime \u00e0 la conversion ? Dans cet article, nous vous pr\u00e9senterons en d\u00e9tail les conditions, les montants et les d\u00e9marches \u00e0 suivre pour profiter de la prime \u00e0 la conversion sp\u00e9cifique aux v\u00e9hicules Honda.\u00a0 Quelles sont conditions pour b\u00e9n\u00e9ficier de la prime \u00e0 la [&hellip;]<\/p>\n","protected":false},"author":26,"featured_media":0,"comment_status":"closed","ping_status":"open","sticky":false,"template":"","format":"standard","meta":{"amp_status":"","footnotes":""},"categories":[9930,10409],"tags":[],"class_list":["post-67571","post","type-post","status-publish","format-standard","hentry","category-prime-a-la-conversion","category-vehicule-eligible-a-la-prime-a-la-conversion"],"yoast_head":"<!-- This site is optimized with the Yoast SEO plugin v14.9 - https:\/\/yoast.com\/wordpress\/plugins\/seo\/ -->\n<title>Prime \u00e0 la conversion v\u00e9hicules Honda : conditions, montants, d\u00e9marches<\/title>\n<meta name=\"description\" content=\"Vous poss\u00e9dez une vieille voiture et vous souhaitez b\u00e9n\u00e9ficier de la prime \u00e0 la conversion ? Les v\u00e9hicules Honda sont \u00e9ligibles !\" \/>\n<meta name=\"robots\" content=\"index, follow, max-snippet:-1, max-image-preview:large, max-video-preview:-1\" \/>\n<link rel=\"canonical\" href=\"https:\/\/www.mes-allocs.fr\/guides\/prime-a-la-conversion\/vehicule-eligible-a-la-prime-a-la-conversion\/prime-a-la-conversion-honda\/\" \/>\n<meta property=\"og:locale\" content=\"fr_FR\" \/>\n<meta property=\"og:type\" content=\"article\" \/>\n<meta property=\"og:title\" content=\"Prime \u00e0 la conversion v\u00e9hicules Honda : conditions, montants, d\u00e9marches\" \/>\n<meta property=\"og:description\" content=\"Vous poss\u00e9dez une vieille voiture et vous souhaitez b\u00e9n\u00e9ficier de la prime \u00e0 la conversion ? Les v\u00e9hicules Honda sont \u00e9ligibles !\" \/>\n<meta property=\"og:url\" content=\"https:\/\/www.mes-allocs.fr\/guides\/prime-a-la-conversion\/vehicule-eligible-a-la-prime-a-la-conversion\/prime-a-la-conversion-honda\/\" \/>\n<meta property=\"og:site_name\" content=\"Mes-Allocs.fr\" \/>\n<meta property=\"article:published_time\" content=\"2023-08-30T18:04:53+00:00\" \/>\n<meta property=\"article:modified_time\" content=\"2025-07-09T16:02:43+00:00\" \/>\n<meta property=\"og:image\" content=\"https:\/\/www.mes-allocs.fr\/guides\/wp-content\/uploads\/2023\/08\/prime-a-la-conversion-honda-e1693412417931.jpg\" \/>\n<meta name=\"twitter:card\" content=\"summary_large_image\" \/>\n<script type=\"application\/ld+json\" class=\"yoast-schema-graph\">{\"@context\":\"https:\/\/schema.org\",\"@graph\":[{\"@type\":\"WebSite\",\"@id\":\"https:\/\/www.mes-allocs.fr\/guides\/#website\",\"url\":\"https:\/\/www.mes-allocs.fr\/guides\/\",\"name\":\"Mes-Allocs.fr\",\"description\":\"\",\"potentialAction\":[{\"@type\":\"SearchAction\",\"target\":\"https:\/\/www.mes-allocs.fr\/guides\/?s={search_term_string}\",\"query-input\":\"required name=search_term_string\"}],\"inLanguage\":\"fr-FR\"},{\"@type\":\"ImageObject\",\"@id\":\"https:\/\/www.mes-allocs.fr\/guides\/prime-a-la-conversion\/vehicule-eligible-a-la-prime-a-la-conversion\/prime-a-la-conversion-honda\/#primaryimage\",\"inLanguage\":\"fr-FR\",\"url\":\"https:\/\/www.mes-allocs.fr\/guides\/wp-content\/uploads\/2023\/08\/prime-a-la-conversion-honda-e1693412417931.jpg?wsr\",\"width\":1280,\"height\":396,\"caption\":\"prime a la conversion honda\"},{\"@type\":\"WebPage\",\"@id\":\"https:\/\/www.mes-allocs.fr\/guides\/prime-a-la-conversion\/vehicule-eligible-a-la-prime-a-la-conversion\/prime-a-la-conversion-honda\/#webpage\",\"url\":\"https:\/\/www.mes-allocs.fr\/guides\/prime-a-la-conversion\/vehicule-eligible-a-la-prime-a-la-conversion\/prime-a-la-conversion-honda\/\",\"name\":\"Prime \\u00e0 la conversion v\\u00e9hicules Honda : conditions, montants, d\\u00e9marches\",\"isPartOf\":{\"@id\":\"https:\/\/www.mes-allocs.fr\/guides\/#website\"},\"primaryImageOfPage\":{\"@id\":\"https:\/\/www.mes-allocs.fr\/guides\/prime-a-la-conversion\/vehicule-eligible-a-la-prime-a-la-conversion\/prime-a-la-conversion-honda\/#primaryimage\"},\"datePublished\":\"2023-08-30T18:04:53+00:00\",\"dateModified\":\"2025-07-09T16:02:43+00:00\",\"author\":{\"@id\":\"https:\/\/www.mes-allocs.fr\/guides\/#\/schema\/person\/9c38f3be41a0ddcd1e3fde5a3df713bf\"},\"description\":\"Vous poss\\u00e9dez une vieille voiture et vous souhaitez b\\u00e9n\\u00e9ficier de la prime \\u00e0 la conversion ? Les v\\u00e9hicules Honda sont \\u00e9ligibles !\",\"inLanguage\":\"fr-FR\"},{\"@type\":\"Person\",\"@id\":\"https:\/\/www.mes-allocs.fr\/guides\/#\/schema\/person\/9c38f3be41a0ddcd1e3fde5a3df713bf\",\"name\":\"Sessime Ananou\",\"image\":{\"@type\":\"ImageObject\",\"@id\":\"https:\/\/www.mes-allocs.fr\/guides\/#personlogo\",\"inLanguage\":\"fr-FR\",\"url\":\"https:\/\/www.mes-allocs.fr\/guides\/wp-content\/uploads\/2023\/08\/IMG_8173-150x150.jpg\",\"caption\":\"Sessime Ananou\"},\"description\":\"Sessime est r\\u00e9dactrice chez Mes Allocs, sp\\u00e9cialis\\u00e9e sur le pouvoir d'achat. Elle rejoint l'\\u00e9quipe Mes Allocs en ao\\u00fbt 2023 afin de simplifier l'acc\\u00e8s \\u00e0 l'information sur les aides en g\\u00e9n\\u00e9ral.\"}]}<\/script>\n<!-- \/ Yoast SEO plugin. -->","amp_validity":null,"acf":{"faq":{"1":{"question":"Quelle est la Honda la plus fiable ?","answer":"La Honda Accord de neuvi\u00e8me g\u00e9n\u00e9ration est la plus fiable ?"},"2":{"question":"Quelle voiture Honda choisir ?","answer":"Honda domine le classement des meilleurs v\u00e9hicules de KBB ...\r\nLa Honda Civic a remport\u00e9 le titre de meilleur achat de sa cat\u00e9gorie pour la 6e ann\u00e9e cons\u00e9cutive tandis que le Honda CR-V, la Honda Accord et la Honda Odyssey ont remport\u00e9 leurs segments respectifs."},"3":{"question":"Quel est la meilleure Honda Civic ?","answer":"Honda Civic Type R."},"4":{"question":"Quelle est la marque de luxe de Honda ?","answer":"Acura est la marque haut de gamme de la firme japonaise Honda."},"5":{"question":"Quelle est la Honda la plus rapide ?","answer":"La Honda CBR1100XX Super Blackbird, 310 km\/h.\r\n"},"6":{"question":"Quelle est la plus petite Honda ?","answer":" La Honda Jazz. "},"7":{"question":"","answer":""},"8":{"question":"","answer":""},"9":{"question":"","answer":""},"10":{"question":"","answer":""},"11":{"question":"","answer":""},"12":{"question":"","answer":""},"13":{"question":"","answer":""},"14":{"question":"","answer":""},"15":{"question":"","answer":""},"16":{"question":"","answer":""}}},"_links":{"self":[{"href":"https:\/\/www.mes-allocs.fr\/guides\/wp-json\/wp\/v2\/posts\/67571","targetHints":{"allow":["GET"]}}],"collection":[{"href":"https:\/\/www.mes-allocs.fr\/guides\/wp-json\/wp\/v2\/posts"}],"about":[{"href":"https:\/\/www.mes-allocs.fr\/guides\/wp-json\/wp\/v2\/types\/post"}],"author":[{"embeddable":true,"href":"https:\/\/www.mes-allocs.fr\/guides\/wp-json\/wp\/v2\/users\/26"}],"replies":[{"embeddable":true,"href":"https:\/\/www.mes-allocs.fr\/guides\/wp-json\/wp\/v2\/comments?post=67571"}],"version-history":[{"count":10,"href":"https:\/\/www.mes-allocs.fr\/guides\/wp-json\/wp\/v2\/posts\/67571\/revisions"}],"predecessor-version":[{"id":101837,"href":"https:\/\/www.mes-allocs.fr\/guides\/wp-json\/wp\/v2\/posts\/67571\/revisions\/101837"}],"wp:attachment":[{"href":"https:\/\/www.mes-allocs.fr\/guides\/wp-json\/wp\/v2\/media?parent=67571"}],"wp:term":[{"taxonomy":"category","embeddable":true,"href":"https:\/\/www.mes-allocs.fr\/guides\/wp-json\/wp\/v2\/categories?post=67571"},{"taxonomy":"post_tag","embeddable":true,"href":"https:\/\/www.mes-allocs.fr\/guides\/wp-json\/wp\/v2\/tags?post=67571"}],"curies":[{"name":"wp","href":"https:\/\/api.w.org\/{rel}","templated":true}]}}