{"id":67543,"date":"2023-08-30T15:05:13","date_gmt":"2023-08-30T13:05:13","guid":{"rendered":"https:\/\/www.mes-allocs.fr\/guides\/?p=67543"},"modified":"2025-07-09T14:41:35","modified_gmt":"2025-07-09T12:41:35","slug":"prime-a-la-conversion-volkswagen","status":"publish","type":"post","link":"https:\/\/www.mes-allocs.fr\/guides\/prime-a-la-conversion\/vehicule-eligible-a-la-prime-a-la-conversion\/prime-a-la-conversion-volkswagen\/","title":{"rendered":"Prime \u00e0 la conversion pour les v\u00e9hicules Volkswagen : conditions, montants, d\u00e9marches"},"content":{"rendered":"<p><img loading=\"lazy\" decoding=\"async\" class=\"alignnone wp-image-67552 \" title=\"prime a la conversion volkswagen\" src=\"https:\/\/www.mes-allocs.fr\/guides\/wp-content\/uploads\/2023\/08\/prime-a-la-conversion-volkswagen-e1693397388603.jpg\" alt=\"prime a la conversion volkswagen\" width=\"1367\" height=\"235\" srcset=\"https:\/\/www.mes-allocs.fr\/guides\/wp-content\/uploads\/2023\/08\/prime-a-la-conversion-volkswagen-e1693397388603.jpg 1280w, https:\/\/www.mes-allocs.fr\/guides\/wp-content\/uploads\/2023\/08\/prime-a-la-conversion-volkswagen-e1693397388603-300x52.jpg 300w, https:\/\/www.mes-allocs.fr\/guides\/wp-content\/uploads\/2023\/08\/prime-a-la-conversion-volkswagen-e1693397388603-1024x176.jpg 1024w, https:\/\/www.mes-allocs.fr\/guides\/wp-content\/uploads\/2023\/08\/prime-a-la-conversion-volkswagen-e1693397388603-768x132.jpg 768w, https:\/\/www.mes-allocs.fr\/guides\/wp-content\/uploads\/2023\/08\/prime-a-la-conversion-volkswagen-e1693397388603-600x103.jpg 600w\" sizes=\"auto, (max-width: 1367px) 100vw, 1367px\" \/><\/p>\n<p><b>La <a href=\"https:\/\/www.mes-allocs.fr\/guides\/prime-a-la-conversion\/\">prime \u00e0 la conversion<\/a> pour une voiture Volkswagen est une incitation financi\u00e8re offerte par le constructeur automobile Volkswagen pour encourager les propri\u00e9taires de v\u00e9hicules anciens et polluants \u00e0 les remplacer par des mod\u00e8les plus propres et respectueux de l&rsquo;environnement. Mes Allocs vous explique tout ce que vous devez savoir sur la prime \u00e0 la conversion volkswagen.<\/b><\/p>\n<div class='cta-block'><div class='text'>Simulez toutes vos aides en 2 min.<\/div><a href='https:\/\/www.mes-allocs.fr\/ab-app?origin=guides\/wp-json\/wp\/v2\/posts\/67543' class='app-button fit'>Simulation gratuite<\/a><\/div>\n<p class=\"p1\"><div class='shortcode disclaimer'><div class='title'>Attention<\/div><div class='content'>La prime \u00e0 la conversion n\u2019est plus disponible depuis d\u00e9cembre 2024. Apr\u00e8s cette date, il n\u2019est plus possible d\u2019en b\u00e9n\u00e9ficier, que ce soit pour les particuliers ou les professionnels. <\/div><\/div><\/p>\n<h1>Quelles sont les conditions d&rsquo;\u00e9ligibilit\u00e9 \u00e0 la prime \u00e0 la conversion pour une voiture Volkswagen ?<\/h1>\n<h2>Quels doivent \u00eatre les crit\u00e8res de votre ancien v\u00e9hicule ?<\/h2>\n<p>Pour profiter de la prime \u00e0 la conversion, vous devez mettre au rebut une voiture ou une camionnette Crit&rsquo;Air 3 ou plus ancienne.<\/p>\n<ul>\n<li>S&rsquo;il s&rsquo;agit d&rsquo;un v\u00e9hicule essence, il doit avoir \u00e9t\u00e9 immatricul\u00e9 pour la premi\u00e8re fois avant 2006.<\/li>\n<li>S&rsquo;il s&rsquo;agit d&rsquo;un v\u00e9hicule diesel, il doit avoir \u00e9t\u00e9 immatricul\u00e9 pour la premi\u00e8re fois avant 2011.<\/li>\n<\/ul>\n<p>Ce v\u00e9hicule doit \u00eatre remis pour destruction \u00e0 la casse dans un centre agr\u00e9\u00e9 VHU (v\u00e9hicules hors d&rsquo;usage).<\/p>\n<p>Vous devez \u00eatre propri\u00e9taire de ce v\u00e9hicule depuis au moins 1 an.<\/p>\n<h2>Quels doivent \u00eatre les crit\u00e8res de votre nouveau v\u00e9hicule <b>Volkswagen<\/b> ?<\/h2>\n<p>Sur le march\u00e9 de l&rsquo;automobile, il existe de nombreux <a href=\"https:\/\/www.mes-allocs.fr\/guides\/prime-a-la-conversion\/vehicules-eligibles-a-la-prime-a-la-conversion\/\">mod\u00e8les de v\u00e9hicules<\/a> \u00e9ligibles \u00e0 la prime \u00e0 la conversion. Mais pour profiter de la prime \u00e0 la conversion, le nouveau v\u00e9hicule que vous achetez doit \u00eatre :<\/p>\n<ul>\n<li>Un v\u00e9hicule \u00e9lectrique ou un v\u00e9hicule hybride rechargeable d&rsquo;une autonomie sup\u00e9rieure \u00e0 50 km en \u00e9lectrique.<\/li>\n<li>Un v\u00e9hicule neuf ou d\u2019occasion.<\/li>\n<li>Son prix doit \u00eatre inf\u00e9rieur ou \u00e9gal \u00e0 60 000 \u20ac.<\/li>\n<\/ul>\n<h1>Quel mod\u00e8le Volkswagen choisir en 2025 ?<\/h1>\n<p>Volkswagen est une marque automobile allemande. Elle propose une large gamme de v\u00e9hicules, allant des voitures compactes aux SUV en passant par les voitures \u00e9lectriques. En termes de mod\u00e8les \u00e9co-friendly, Volkswagen a d\u00e9velopp\u00e9 plusieurs options int\u00e9ressantes. Voici quelques mod\u00e8les \u00e9co que vous pourriez envisager en 2025 :<\/p>\n<p>1.<strong> Volkswagen ID.4<\/strong> : il s&rsquo;agit d&rsquo;un SUV enti\u00e8rement \u00e9lectrique offrant une autonomie g\u00e9n\u00e9reuse et des performances impressionnantes. Il est \u00e9quip\u00e9 de technologies avanc\u00e9es et propose un int\u00e9rieur spacieux et confortable.<\/p>\n<p>2. <strong>Volkswagen Golf GTE<\/strong> : cette version hybride rechargeable de la c\u00e9l\u00e8bre Golf combine un moteur essence et un moteur \u00e9lectrique, offrant ainsi une conduite plus \u00e9conome en carburant et une r\u00e9duction des \u00e9missions de CO2.<\/p>\n<p>3. <strong>Volkswagen ID.3<\/strong> : cette compacte \u00e9lectrique est con\u00e7ue pour \u00eatre enti\u00e8rement \u00e9lectrique d\u00e8s le d\u00e9part. Elle offre une autonomie respectable et un design moderne, tout en \u00e9tant plus respectueuse de l&rsquo;environnement.<\/p>\n<p>4. <strong>Volkswagen Passat GTE<\/strong> : cette berline hybride rechargeable associe un moteur essence \u00e0 un moteur \u00e9lectrique, offrant une conduite plus efficiente et une r\u00e9duction des \u00e9missions. Elle offre \u00e9galement un int\u00e9rieur spacieux et confortable.<\/p>\n<p>5. <strong>Volkswagen Tiguan eHybrid<\/strong> : ce SUV hybride rechargeable combine puissance et efficacit\u00e9 \u00e9nerg\u00e9tique. Il offre une conduite polyvalente et une autonomie \u00e9lectrique pour les trajets du quotidien.<\/p>\n<h1>Quel est le montant de la prime \u00e0 la conversion pour une Volkswagen ?<\/h1>\n<div id=\"1\" class=\"block-content\">\n<div class=\"block-content__text\">\n<div class=\"custom-content\">\n<p>La prime \u00e0 la conversion vise \u00e0 <strong>aider<\/strong> tous les Fran\u00e7ais \u00e0 <strong>acheter un v\u00e9hicule neuf ou d&rsquo;occasion en \u00e9change de la mise au rebut d&rsquo;un ancien v\u00e9hicule<\/strong>. Cette prime est uniquement disponible sous condition de revenus.<\/p>\n<p>Pour une voiture \u00e9lectrique neuve, la prime peut s&rsquo;\u00e9lever jusqu&rsquo;\u00e0 6 000 \u20ac pour les foyers modestes et gros rouleurs.<\/p>\n<p>Pour l&rsquo;achat d&rsquo;une voiture \u00e9lectrique pour les particuliers, les crit\u00e8res sont les suivants :<\/p>\n<ul>\n<li>M\u00e9nages tr\u00e8s modestes et m\u00e9nages \u00ab gros rouleurs \u00bb : 6 000 \u20ac.<\/li>\n<li>Autres m\u00e9nages : 2 500 \u20ac si le revenu fiscal de r\u00e9f\u00e9rence est compris entre 14 089 \u20ac et 24 900 \u20ac.<\/li>\n<\/ul>\n<p>Vous entrez dans la cat\u00e9gorie des m\u00e9nages tr\u00e8s modestes ou des m\u00e9nages \u00ab gros rouleurs \u00bb, si vous r\u00e9pondez \u00e0 l&rsquo;une des conditions suivantes :<\/p>\n<ul>\n<li>votre revenu fiscal de r\u00e9f\u00e9rence par part est inf\u00e9rieur ou \u00e9gal \u00e0 14 089 \u20ac<\/li>\n<li>votre revenu fiscal de r\u00e9f\u00e9rence par part est inf\u00e9rieur ou \u00e9gal \u00e0 14 089 \u20ac et vous effectuez plus de 30 kilom\u00e8tres par jour ou 12 000 kilom\u00e8tres par an dans le cadre de votre activit\u00e9 professionnel avec votre v\u00e9hicule personnel.<\/li>\n<\/ul>\n<p>Dans ce cas, vous profitez d&rsquo;une prime \u00e0 la conversion d&rsquo;un montant de 6 000 \u20ac.<\/p>\n<p>Pour l&rsquo;achat d&rsquo;un v\u00e9hicule \u00e9lectrique d&rsquo;occasion, la prime peut s&rsquo;\u00e9lever jusqu&rsquo;\u00e0 4 000 \u20ac.<\/p>\n<p>Les v\u00e9hicules hybrides rechargeables ne sont plus \u00e9ligibles \u00e0 la prime \u00e0 la conversion qu&rsquo;ils soient neuf ou d&rsquo;occasion.<\/p>\n<\/div>\n<\/div>\n<\/div>\n<div id=\"2\" class=\"block-content\">\n<div class=\"block-content__text\">\n<p>Voici un tableau r\u00e9capitulatif des montants de la prime \u00e0 la conversion :<\/p>\n\n<div class=\"wpdt-c row wpDataTableContainerSimpleTable wpDataTables wpDataTablesWrapper\n\"\n    >\n    <table id=\"wpdtSimpleTable-349\"\n           class=\"wpdtSimpleTable wpDataTable\"\n           data-column=\"6\"\n           data-rows=\"7\"\n           data-wpID=\"349\"\n           data-responsive=\"0\"\n           data-has-header=\"1\">\n\n                    <thead>        <tr class=\"wpdt-cell-row \" style=\"height:101px;\">\n                            <th class=\"wpdt-cell wpdt-bc-8FB6D7 wpdt-bold wpdt-align-center\"\n                                    data-cell-id=\"A1\"\n                data-col-index=\"0\"\n                data-row-index=\"0\"\n                style=\" width:16.504854368932%;                padding:10px;\"\n                >\n                                V\u00e9hicules \u00e9ligibles \u00e0 acheter pour b\u00e9n\u00e9ficier de la prime \u00e0 la conversion                <\/th>\n                                            <th class=\"wpdt-cell wpdt-bc-8FB6D7 wpdt-bold wpdt-align-center\"\n                                    data-cell-id=\"B1\"\n                data-col-index=\"1\"\n                data-row-index=\"0\"\n                style=\" width:17.47572815534%;                padding:10px;\"\n                >\n                                Revenu fiscal de r\u00e9f\u00e9rence \u2264 7 100 \u20ac par part ou ceux avec un RFR\/part \u2264 14 089 \u20ac qui sont gros rouleurs (+ 60km\/jour ou +12 000 km\/an)                <\/th>\n                                            <th class=\"wpdt-cell wpdt-bc-8FB6D7 wpdt-bold wpdt-align-center\"\n                                    data-cell-id=\"C1\"\n                data-col-index=\"2\"\n                data-row-index=\"0\"\n                style=\" width:16.504854368932%;                padding:10px;\"\n                >\n                                RFR\/part \u2264 14 089 \u20ac                <\/th>\n                                            <th class=\"wpdt-cell wpdt-bc-8FB6D7 wpdt-bold wpdt-align-center\"\n                                    data-cell-id=\"D1\"\n                data-col-index=\"3\"\n                data-row-index=\"0\"\n                style=\" width:16.504854368932%;                padding:10px;\"\n                >\n                                RFR\/part > 14 089 \u20ac                <\/th>\n                                            <th class=\"wpdt-cell wpdt-bc-8FB6D7 wpdt-bold wpdt-align-center\"\n                                    data-cell-id=\"E1\"\n                data-col-index=\"4\"\n                data-row-index=\"0\"\n                style=\" width:16.504854368932%;                padding:10px;\"\n                >\n                                Personne morale (entreprise)                <\/th>\n                                            <th class=\"wpdt-cell wpdt-bc-8FB6D7 wpdt-bold wpdt-align-center\"\n                                    data-cell-id=\"F1\"\n                data-col-index=\"5\"\n                data-row-index=\"0\"\n                style=\" width:16.504854368932%;                padding:10px;\"\n                >\n                                Bonus \u00e9cologique Max                <\/th>\n                                        <\/tr>\n                    <tbody>        <tr class=\"wpdt-cell-row \" style=\"height:107px;\">\n                            <td class=\"wpdt-cell \"\n                                    data-cell-id=\"A2\"\n                data-col-index=\"0\"\n                data-row-index=\"1\"\n                style=\"                padding:10px;\"\n                >\n                                Diesel Crit'AIR 2\nimmatricul\u00e9\u00a0apr\u00e8s\u00a0le 01\/09\/2019\n(taux d'\u00e9mission CO2 \u2264 137g\/km)                <\/td>\n                                            <td class=\"wpdt-cell \"\n                                    data-cell-id=\"B2\"\n                data-col-index=\"1\"\n                data-row-index=\"1\"\n                style=\"                padding:10px;\"\n                >\n                                3000\u20ac\nlimit\u00e9 \u00e0 80% du prix du v\u00e9hicule                <\/td>\n                                            <td class=\"wpdt-cell \"\n                                    data-cell-id=\"C2\"\n                data-col-index=\"2\"\n                data-row-index=\"1\"\n                style=\"                padding:10px;\"\n                >\n                                1500\u20ac                <\/td>\n                                            <td class=\"wpdt-cell \"\n                                    data-cell-id=\"D2\"\n                data-col-index=\"3\"\n                data-row-index=\"1\"\n                style=\"                padding:10px;\"\n                >\n                                0\u20ac                <\/td>\n                                            <td class=\"wpdt-cell \"\n                                    data-cell-id=\"E2\"\n                data-col-index=\"4\"\n                data-row-index=\"1\"\n                style=\"                padding:10px;\"\n                >\n                                0\u20ac                <\/td>\n                                            <td class=\"wpdt-cell \"\n                                    data-cell-id=\"F2\"\n                data-col-index=\"5\"\n                data-row-index=\"1\"\n                style=\"                padding:10px;\"\n                >\n                                0\u20ac                <\/td>\n                                        <\/tr>\n                            <tr class=\"wpdt-cell-row \" >\n                            <td class=\"wpdt-cell \"\n                                    data-cell-id=\"A3\"\n                data-col-index=\"0\"\n                data-row-index=\"2\"\n                style=\"                padding:10px;\"\n                >\n                                Essence ou Diesel Crit'AIR 2\nimmatricul\u00e9\u00a0avant\u00a0le 01\/09\/2019                <\/td>\n                                            <td class=\"wpdt-cell \"\n                                    data-cell-id=\"B3\"\n                data-col-index=\"1\"\n                data-row-index=\"2\"\n                style=\"                padding:10px;\"\n                >\n                                0\u20ac                <\/td>\n                                            <td class=\"wpdt-cell \"\n                                    data-cell-id=\"C3\"\n                data-col-index=\"2\"\n                data-row-index=\"2\"\n                style=\"                padding:10px;\"\n                >\n                                0\u20ac                <\/td>\n                                            <td class=\"wpdt-cell \"\n                                    data-cell-id=\"D3\"\n                data-col-index=\"3\"\n                data-row-index=\"2\"\n                style=\"                padding:10px;\"\n                >\n                                0\u20ac                <\/td>\n                                            <td class=\"wpdt-cell \"\n                                    data-cell-id=\"E3\"\n                data-col-index=\"4\"\n                data-row-index=\"2\"\n                style=\"                padding:10px;\"\n                >\n                                0\u20ac                <\/td>\n                                            <td class=\"wpdt-cell \"\n                                    data-cell-id=\"F3\"\n                data-col-index=\"5\"\n                data-row-index=\"2\"\n                style=\"                padding:10px;\"\n                >\n                                0\u20ac                <\/td>\n                                        <\/tr>\n                            <tr class=\"wpdt-cell-row \" >\n                            <td class=\"wpdt-cell \"\n                                    data-cell-id=\"A4\"\n                data-col-index=\"0\"\n                data-row-index=\"3\"\n                style=\"                padding:10px;\"\n                >\n                                \u00c9lectrique Crit'AIR 0 neuf ou occasion\n(taux d'\u00e9mission CO2 \u2264 20g\/km)                <\/td>\n                                            <td class=\"wpdt-cell \"\n                                    data-cell-id=\"B4\"\n                data-col-index=\"1\"\n                data-row-index=\"3\"\n                style=\"                padding:10px;\"\n                >\n                                5000\u20ac\nlimit\u00e9 \u00e0 80% du prix du v\u00e9hicule                <\/td>\n                                            <td class=\"wpdt-cell \"\n                                    data-cell-id=\"C4\"\n                data-col-index=\"2\"\n                data-row-index=\"3\"\n                style=\"                padding:10px;\"\n                >\n                                2500\u20ac                <\/td>\n                                            <td class=\"wpdt-cell \"\n                                    data-cell-id=\"D4\"\n                data-col-index=\"3\"\n                data-row-index=\"3\"\n                style=\"                padding:10px;\"\n                >\n                                2500\u20ac                <\/td>\n                                            <td class=\"wpdt-cell \"\n                                    data-cell-id=\"E4\"\n                data-col-index=\"4\"\n                data-row-index=\"3\"\n                style=\"                padding:10px;\"\n                >\n                                2500\u20ac                <\/td>\n                                            <td class=\"wpdt-cell \"\n                                    data-cell-id=\"F4\"\n                data-col-index=\"5\"\n                data-row-index=\"3\"\n                style=\"                padding:10px;\"\n                >\n                                7000\u20ac\n(1000\u20ac pour l'occasion)                <\/td>\n                                        <\/tr>\n                            <tr class=\"wpdt-cell-row \" >\n                            <td class=\"wpdt-cell \"\n                                    data-cell-id=\"A5\"\n                data-col-index=\"0\"\n                data-row-index=\"4\"\n                style=\"                padding:10px;\"\n                >\n                                V\u00e9hicule hybride rechargeable neuf ou occasion Crit'AIR 1\nAutonomie \u00e9lectrique >50km\n(20g\/km < taux d'\u00e9mission CO2 \u2264 50g\/km)                <\/td>\n                                            <td class=\"wpdt-cell \"\n                                    data-cell-id=\"B5\"\n                data-col-index=\"1\"\n                data-row-index=\"4\"\n                style=\"                padding:10px;\"\n                >\n                                5000\u20ac\nlimit\u00e9 \u00e0 80% du prix du v\u00e9hicule                <\/td>\n                                            <td class=\"wpdt-cell \"\n                                    data-cell-id=\"C5\"\n                data-col-index=\"2\"\n                data-row-index=\"4\"\n                style=\"                padding:10px;\"\n                >\n                                2500\u20ac                <\/td>\n                                            <td class=\"wpdt-cell \"\n                                    data-cell-id=\"D5\"\n                data-col-index=\"3\"\n                data-row-index=\"4\"\n                style=\"                padding:10px;\"\n                >\n                                2500\u20ac                <\/td>\n                                            <td class=\"wpdt-cell \"\n                                    data-cell-id=\"E5\"\n                data-col-index=\"4\"\n                data-row-index=\"4\"\n                style=\"                padding:10px;\"\n                >\n                                2500\u20ac                <\/td>\n                                            <td class=\"wpdt-cell \"\n                                    data-cell-id=\"F5\"\n                data-col-index=\"5\"\n                data-row-index=\"4\"\n                style=\"                padding:10px;\"\n                >\n                                2000\u20ac\n(uniquement pour du neuf)                <\/td>\n                                        <\/tr>\n                            <tr class=\"wpdt-cell-row \" style=\"height:107px;\">\n                            <td class=\"wpdt-cell \"\n                                    data-cell-id=\"A6\"\n                data-col-index=\"0\"\n                data-row-index=\"5\"\n                style=\"                padding:10px;\"\n                >\n                                V\u00e9hicule hybride rechargeable neuf ou occasion Crit'AIR 1\nAutonomie \u00e9lectrique <50km\n(20g\/km < taux d'\u00e9mission CO2 \u2264 50g\/km)                <\/td>\n                                            <td class=\"wpdt-cell \"\n                                    data-cell-id=\"B6\"\n                data-col-index=\"1\"\n                data-row-index=\"5\"\n                style=\"                padding:10px;\"\n                >\n                                3000\u20ac\nlimit\u00e9 \u00e0 80% du prix du v\u00e9hicule                <\/td>\n                                            <td class=\"wpdt-cell \"\n                                    data-cell-id=\"C6\"\n                data-col-index=\"2\"\n                data-row-index=\"5\"\n                style=\"                padding:10px;\"\n                >\n                                1500\u20ac                <\/td>\n                                            <td class=\"wpdt-cell \"\n                                    data-cell-id=\"D6\"\n                data-col-index=\"3\"\n                data-row-index=\"5\"\n                style=\"                padding:10px;\"\n                >\n                                1500\u20ac                <\/td>\n                                            <td class=\"wpdt-cell \"\n                                    data-cell-id=\"E6\"\n                data-col-index=\"4\"\n                data-row-index=\"5\"\n                style=\"                padding:10px;\"\n                >\n                                0\u20ac                <\/td>\n                                            <td class=\"wpdt-cell \"\n                                    data-cell-id=\"F6\"\n                data-col-index=\"5\"\n                data-row-index=\"5\"\n                style=\"                padding:10px;\"\n                >\n                                0\u20ac                <\/td>\n                                        <\/tr>\n                            <tr class=\"wpdt-cell-row \" >\n                            <td class=\"wpdt-cell \"\n                                    data-cell-id=\"A7\"\n                data-col-index=\"0\"\n                data-row-index=\"6\"\n                style=\"                padding:10px;\"\n                >\n                                Deux-roues, trois-roues motoris\u00e9 ou quadricycle \u00e9lectrique Crit'AIR 0 neuf                <\/td>\n                                            <td class=\"wpdt-cell \"\n                                    data-cell-id=\"B7\"\n                data-col-index=\"1\"\n                data-row-index=\"6\"\n                style=\"                padding:10px;\"\n                >\n                                1100\u20ac                <\/td>\n                                            <td class=\"wpdt-cell \"\n                                    data-cell-id=\"C7\"\n                data-col-index=\"2\"\n                data-row-index=\"6\"\n                style=\"                padding:10px;\"\n                >\n                                1100\u20ac                <\/td>\n                                            <td class=\"wpdt-cell \"\n                                    data-cell-id=\"D7\"\n                data-col-index=\"3\"\n                data-row-index=\"6\"\n                style=\"                padding:10px;\"\n                >\n                                100\u20ac                <\/td>\n                                            <td class=\"wpdt-cell \"\n                                    data-cell-id=\"E7\"\n                data-col-index=\"4\"\n                data-row-index=\"6\"\n                style=\"                padding:10px;\"\n                >\n                                0\u20ac                <\/td>\n                                            <td class=\"wpdt-cell \"\n                                    data-cell-id=\"F7\"\n                data-col-index=\"5\"\n                data-row-index=\"6\"\n                style=\"                padding:10px;\"\n                >\n                                250\u20ac\/kWh                <\/td>\n                                        <\/tr>\n                    <\/table>\n<\/div><style id='wpdt-custom-style-349'>\ntable#wpdtSimpleTable-349{ table-layout: fixed !important; }\n.wpdt-bc-8FB6D7 { background-color: #8FB6D7 !important;}\n<\/style>\n\n<\/div>\n<\/div>\n<div class=\"custom-content\">\n<h1>Quelles sont d\u00e9marches \u00e0 effectuer pour profiter de la prime \u00e0 la conversion <b>Volkswagen<\/b> ?<\/h1>\n<h2>Quelles sont les \u00e9tapes \u00e0 suivre pour b\u00e9n\u00e9ficier de la prime \u00e0 la conversion ?<\/h2>\n<p>Pour profiter de la prime \u00e0 la conversion offerte par Volkswagen, vous devrez suivre certaines d\u00e9marches. Voici les \u00e9tapes g\u00e9n\u00e9rales \u00e0 suivre :<\/p>\n<p>1. <strong>V\u00e9rifiez votre \u00e9ligibilit\u00e9<\/strong> : Cela peut inclure des conditions telles que la possession d&rsquo;un v\u00e9hicule ancien et polluant, ainsi que la r\u00e9sidence dans un pays o\u00f9 la prime est propos\u00e9e.<\/p>\n<p>2.<strong> Choisissez votre nouveau v\u00e9hicule Volkswagen<\/strong> : assurez-vous que le mod\u00e8le choisi est admissible \u00e0 la prime \u00e0 la conversion.<\/p>\n<p>3. <strong>Renseignez-vous sur les documents requis<\/strong> : Contactez un concessionnaire Volkswagen ou consultez le site officiel de Volkswagen dans votre pays pour conna\u00eetre les documents n\u00e9cessaires \u00e0 la demande de la prime \u00e0 la conversion. Cela peut inclure des preuves d&rsquo;achat, des documents d&rsquo;immatriculation du v\u00e9hicule \u00e0 remplacer, etc.<\/p>\n<p>4. <strong>Effectuez l&rsquo;achat du nouveau v\u00e9hicule<\/strong> : proc\u00e9dez \u00e0 l&rsquo;achat du v\u00e9hicule Volkswagen \u00e9ligible en respectant les conditions sp\u00e9cifiques de l&rsquo;offre de prime \u00e0 la conversion. Assurez-vous de conserver tous les documents de vente et de paiement.<\/p>\n<p>5. <strong>Remplissez le formulaire de demande<\/strong> : compl\u00e9tez le formulaire de demande de prime \u00e0 la conversion en fournissant toutes les informations requises. Assurez-vous de fournir des informations pr\u00e9cises et de joindre les documents demand\u00e9s.<\/p>\n<p>6. <strong>Soumettez votre demande<\/strong> : envoyez votre demande de prime \u00e0 la conversion \u00e0 l&rsquo;adresse indiqu\u00e9e par Volkswagen. Assurez-vous de respecter les d\u00e9lais de soumission sp\u00e9cifi\u00e9s.<\/p>\n<p>7. <strong>Attendez la confirmation<\/strong> : une fois votre demande soumise, attendez la confirmation de Volkswagen concernant l&rsquo;acceptation de votre demande et le montant de la prime accord\u00e9e.<\/p>\n<h2>O\u00f9 faire sa demande de prime \u00e0 la conversion Volkswagen ?<\/h2>\n<p>La demande de prime \u00e0 la conversion peut se faire soit via un<strong> concessionnaire<\/strong> ou directement sur le site d\u00e9di\u00e9 Prime \u00e0 la conversion.<\/p>\n<div id=\"4\" class=\"block-content\">\n<div class=\"block-content__text\">\n<div class=\"custom-content\">\n<ul>\n<li>Votre Partenaire Volkswagen peut s&rsquo;occuper de toutes les d\u00e9marches pour la prime \u00e0 la conversion. Dans ce cas, il d\u00e9duira le montant de la prime du prix de votre nouveau v\u00e9hicule.<\/li>\n<li>Si votre vendeur ne pratique pas l&rsquo;avance de la prime \u00e0 la conversion, vous devez faire vous-m\u00eame la demande en ligne sur ce lien https:\/\/www.primealaconversion.gouv.fr. La demande de l&rsquo;aide doit \u00eatre formul\u00e9e apr\u00e8s l&rsquo;achat du v\u00e9hicule, au plus tard dans les 6 mois suivant la date de facturation du v\u00e9hicule.<\/li>\n<\/ul>\n<p>La prime \u00e0 la conversion vous sera ensuite rembours\u00e9e directement, dans un d\u00e9lai de 2 mois.<\/p>\n<p>En cas de besoin, un expert de l&rsquo;\u00e9quipe Mes Allocs peut <a href=\"https:\/\/www.mes-allocs.fr\/souscription\" target=\"_blank\" rel=\"noopener\">vous accompagner<\/a> dans vos d\u00e9marches pour conna\u00eetre vos conditions d\u2019\u00e9ligibilit\u00e9.<\/p>\n<\/div>\n<\/div>\n<\/div>\n<div id=\"5\" class=\"block-content\">\n<h1 class=\"block-content__text\">Quels sont les avantages et consid\u00e9rations de la prime \u00e0 la conversion pour une Volkswagen ?<\/h1>\n<h2 class=\"block-content__text\">Quels sont les impacts environnementaux positifs de l&rsquo;achat d&rsquo;une Volkswagen ?<\/h2>\n<p>Le remplacement de v\u00e9hicules anciens et polluants par des mod\u00e8les plus propres et respectueux de l&rsquo;environnement a plusieurs impacts environnementaux positifs. Voici quelques-uns des principaux :<\/p>\n<p>1. <strong>R\u00e9duction des \u00e9missions de gaz \u00e0 effet de serre<\/strong> : les v\u00e9hicules anciens ont tendance \u00e0 \u00e9mettre davantage de CO2 et d&rsquo;autres gaz \u00e0 effet de serre, contribuant ainsi au changement climatique. En optant pour des v\u00e9hicules plus propres, la prime \u00e0 la conversion contribue \u00e0 r\u00e9duire les \u00e9missions de gaz \u00e0 effet de serre, aidant ainsi \u00e0 att\u00e9nuer le r\u00e9chauffement climatique.<\/p>\n<p>2.<strong> Am\u00e9lioration de la qualit\u00e9 de l&rsquo;air<\/strong> : Lles v\u00e9hicules anciens peuvent \u00e9mettre des polluants atmosph\u00e9riques tels que les oxydes d&rsquo;azote (NOx) et les particules fines, qui ont un impact n\u00e9gatif sur la qualit\u00e9 de l&rsquo;air et la sant\u00e9 humaine. En rempla\u00e7ant ces v\u00e9hicules par des mod\u00e8les plus propres, la prime \u00e0 la conversion contribue \u00e0 r\u00e9duire la pollution de l&rsquo;air, am\u00e9liorant ainsi la qualit\u00e9 de l&rsquo;air que nous respirons.<\/p>\n<p>3. <strong>Promotion de la mobilit\u00e9 durable<\/strong> : en encourageant le remplacement des v\u00e9hicules polluants par des mod\u00e8les plus respectueux de l&rsquo;environnement, la prime \u00e0 la conversion favorise la transition vers une mobilit\u00e9 plus durable. Cela peut inclure l&rsquo;adoption de v\u00e9hicules \u00e9lectriques, hybrides ou \u00e0 faibles \u00e9missions, ainsi que le d\u00e9veloppement de technologies plus propres dans l&rsquo;industrie automobile.<\/p>\n<p>4. <strong>Conservation des ressources naturelles<\/strong> : la fabrication de v\u00e9hicules neufs n\u00e9cessite l&rsquo;utilisation de ressources naturelles telles que les m\u00e9taux, les plastiques et l&rsquo;\u00e9nergie. En prolongeant la dur\u00e9e de vie des v\u00e9hicules existants gr\u00e2ce \u00e0 la prime \u00e0 la conversion, on peut r\u00e9duire la demande de nouvelles ressources et contribuer \u00e0 une utilisation plus efficace des mat\u00e9riaux.<\/p>\n<h2>Quels sont les autres avantages li\u00e9s \u00e0 l&rsquo;achat d&rsquo;un v\u00e9hicule Volkswagen ?<\/h2>\n<p>En plus de la prime \u00e0 la conversion, l&rsquo;achat d&rsquo;un v\u00e9hicule Volkswagen pr\u00e9sente plusieurs avantages. Voici quelques-uns d&rsquo;entre eux :<\/p>\n<p><strong>Technologie avanc\u00e9e<\/strong> : les v\u00e9hicules Volkswagen sont r\u00e9put\u00e9s pour leur technologie avanc\u00e9e, offrant des fonctionnalit\u00e9s innovantes telles que des syst\u00e8mes d&rsquo;assistance \u00e0 la conduite, des \u00e9crans tactiles intuitifs, des connexions Bluetooth et bien plus encore.<\/p>\n<p><strong>Confort et qualit\u00e9 de conduite<\/strong> : Volkswagen est connu pour offrir un confort de conduite sup\u00e9rieur gr\u00e2ce \u00e0 des si\u00e8ges ergonomiques, une insonorisation de qualit\u00e9 et une suspension bien r\u00e9gl\u00e9e. Vous pouvez vous attendre \u00e0 une exp\u00e9rience de conduite agr\u00e9able et confortable.<\/p>\n<p><strong>S\u00e9curit\u00e9<\/strong> : la s\u00e9curit\u00e9 est une priorit\u00e9 pour Volkswagen. Les v\u00e9hicules sont \u00e9quip\u00e9s de nombreuses fonctionnalit\u00e9s de s\u00e9curit\u00e9 avanc\u00e9es, telles que des syst\u00e8mes de freinage d&rsquo;urgence, des syst\u00e8mes d&rsquo;assistance au maintien de voie, des airbags et bien d&rsquo;autres dispositifs de s\u00e9curit\u00e9 pour vous prot\u00e9ger et prot\u00e9ger vos passagers.<\/p>\n<p><strong>Durabilit\u00e9 et fiabilit\u00e9<\/strong> : Volkswagen s&rsquo;engage \u00e0 produire des v\u00e9hicules durables et fiables. Leurs moteurs sont r\u00e9put\u00e9s pour leur efficacit\u00e9 \u00e9nerg\u00e9tique et leur long\u00e9vit\u00e9, ce qui peut vous permettre de r\u00e9aliser des \u00e9conomies \u00e0 long terme.<\/p>\n<p><strong>Service client<\/strong> : Volkswagen dispose d&rsquo;un r\u00e9seau \u00e9tendu de concessionnaires et de centres de service apr\u00e8s-vente, offrant un service client de qualit\u00e9 et une assistance professionnelle pour r\u00e9pondre \u00e0 vos besoins.<\/p>\n<p><strong>\u00c0 noter : les avantages sp\u00e9cifiques peuvent varier en fonction du mod\u00e8le de v\u00e9hicule et des offres promotionnelles en cours.\u00a0<\/strong><\/p>\n<div class='cta-block'><div class='text'>Simulez toutes vos aides en 2 min.<\/div><a href='https:\/\/www.mes-allocs.fr\/ab-app?origin=guides\/wp-json\/wp\/v2\/posts\/67543' class='app-button fit'>Simulation gratuite<\/a><\/div>\n<\/div>\n<\/div>\n","protected":false},"excerpt":{"rendered":"<p>La prime \u00e0 la conversion pour une voiture Volkswagen est une incitation financi\u00e8re offerte par le constructeur automobile Volkswagen pour encourager les propri\u00e9taires de v\u00e9hicules anciens et polluants \u00e0 les remplacer par des mod\u00e8les plus propres et respectueux de l&rsquo;environnement. Mes Allocs vous explique tout ce que vous devez savoir sur la prime \u00e0 la [&hellip;]<\/p>\n","protected":false},"author":26,"featured_media":67553,"comment_status":"closed","ping_status":"open","sticky":false,"template":"","format":"standard","meta":{"amp_status":"","footnotes":""},"categories":[9930,10409],"tags":[],"class_list":["post-67543","post","type-post","status-publish","format-standard","has-post-thumbnail","hentry","category-prime-a-la-conversion","category-vehicule-eligible-a-la-prime-a-la-conversion"],"yoast_head":"<!-- This site is optimized with the Yoast SEO plugin v14.9 - https:\/\/yoast.com\/wordpress\/plugins\/seo\/ -->\n<title>Prime \u00e0 la conversion v\u00e9hicules Volkswagen : comment en b\u00e9n\u00e9ficier ?<\/title>\n<meta name=\"description\" content=\"La prime \u00e0 la conversion pour une voiture Volkswagen vous permet de r\u00e9duire le co\u00fbt d&#039;achat de votre nouveau v\u00e9hicule. Profitez-en !\" \/>\n<meta name=\"robots\" content=\"index, follow, max-snippet:-1, max-image-preview:large, max-video-preview:-1\" \/>\n<link rel=\"canonical\" href=\"https:\/\/www.mes-allocs.fr\/guides\/prime-a-la-conversion\/vehicule-eligible-a-la-prime-a-la-conversion\/prime-a-la-conversion-volkswagen\/\" \/>\n<meta property=\"og:locale\" content=\"fr_FR\" \/>\n<meta property=\"og:type\" content=\"article\" \/>\n<meta property=\"og:title\" content=\"Prime \u00e0 la conversion v\u00e9hicules Volkswagen : comment en b\u00e9n\u00e9ficier ?\" \/>\n<meta property=\"og:description\" content=\"La prime \u00e0 la conversion pour une voiture Volkswagen vous permet de r\u00e9duire le co\u00fbt d&#039;achat de votre nouveau v\u00e9hicule. Profitez-en !\" \/>\n<meta property=\"og:url\" content=\"https:\/\/www.mes-allocs.fr\/guides\/prime-a-la-conversion\/vehicule-eligible-a-la-prime-a-la-conversion\/prime-a-la-conversion-volkswagen\/\" \/>\n<meta property=\"og:site_name\" content=\"Mes-Allocs.fr\" \/>\n<meta property=\"article:published_time\" content=\"2023-08-30T13:05:13+00:00\" \/>\n<meta property=\"article:modified_time\" content=\"2025-07-09T12:41:35+00:00\" \/>\n<meta property=\"og:image\" content=\"https:\/\/www.mes-allocs.fr\/guides\/wp-content\/uploads\/2023\/08\/prime-a-la-conversion-voiture-volkswagen.jpg?wsr\" \/>\n\t<meta property=\"og:image:width\" content=\"714\" \/>\n\t<meta property=\"og:image:height\" content=\"710\" \/>\n<meta name=\"twitter:card\" content=\"summary_large_image\" \/>\n<script type=\"application\/ld+json\" class=\"yoast-schema-graph\">{\"@context\":\"https:\/\/schema.org\",\"@graph\":[{\"@type\":\"WebSite\",\"@id\":\"https:\/\/www.mes-allocs.fr\/guides\/#website\",\"url\":\"https:\/\/www.mes-allocs.fr\/guides\/\",\"name\":\"Mes-Allocs.fr\",\"description\":\"\",\"potentialAction\":[{\"@type\":\"SearchAction\",\"target\":\"https:\/\/www.mes-allocs.fr\/guides\/?s={search_term_string}\",\"query-input\":\"required name=search_term_string\"}],\"inLanguage\":\"fr-FR\"},{\"@type\":\"ImageObject\",\"@id\":\"https:\/\/www.mes-allocs.fr\/guides\/prime-a-la-conversion\/vehicule-eligible-a-la-prime-a-la-conversion\/prime-a-la-conversion-volkswagen\/#primaryimage\",\"inLanguage\":\"fr-FR\",\"url\":\"https:\/\/www.mes-allocs.fr\/guides\/wp-content\/uploads\/2023\/08\/prime-a-la-conversion-voiture-volkswagen.jpg?wsr\",\"width\":714,\"height\":710,\"caption\":\"prime a la conversion voiture volkswagen\"},{\"@type\":\"WebPage\",\"@id\":\"https:\/\/www.mes-allocs.fr\/guides\/prime-a-la-conversion\/vehicule-eligible-a-la-prime-a-la-conversion\/prime-a-la-conversion-volkswagen\/#webpage\",\"url\":\"https:\/\/www.mes-allocs.fr\/guides\/prime-a-la-conversion\/vehicule-eligible-a-la-prime-a-la-conversion\/prime-a-la-conversion-volkswagen\/\",\"name\":\"Prime \\u00e0 la conversion v\\u00e9hicules Volkswagen : comment en b\\u00e9n\\u00e9ficier ?\",\"isPartOf\":{\"@id\":\"https:\/\/www.mes-allocs.fr\/guides\/#website\"},\"primaryImageOfPage\":{\"@id\":\"https:\/\/www.mes-allocs.fr\/guides\/prime-a-la-conversion\/vehicule-eligible-a-la-prime-a-la-conversion\/prime-a-la-conversion-volkswagen\/#primaryimage\"},\"datePublished\":\"2023-08-30T13:05:13+00:00\",\"dateModified\":\"2025-07-09T12:41:35+00:00\",\"author\":{\"@id\":\"https:\/\/www.mes-allocs.fr\/guides\/#\/schema\/person\/9c38f3be41a0ddcd1e3fde5a3df713bf\"},\"description\":\"La prime \\u00e0 la conversion pour une voiture Volkswagen vous permet de r\\u00e9duire le co\\u00fbt d'achat de votre nouveau v\\u00e9hicule. Profitez-en !\",\"inLanguage\":\"fr-FR\"},{\"@type\":\"Person\",\"@id\":\"https:\/\/www.mes-allocs.fr\/guides\/#\/schema\/person\/9c38f3be41a0ddcd1e3fde5a3df713bf\",\"name\":\"Sessime Ananou\",\"image\":{\"@type\":\"ImageObject\",\"@id\":\"https:\/\/www.mes-allocs.fr\/guides\/#personlogo\",\"inLanguage\":\"fr-FR\",\"url\":\"https:\/\/www.mes-allocs.fr\/guides\/wp-content\/uploads\/2023\/08\/IMG_8173-150x150.jpg\",\"caption\":\"Sessime Ananou\"},\"description\":\"Sessime est r\\u00e9dactrice chez Mes Allocs, sp\\u00e9cialis\\u00e9e sur le pouvoir d'achat. Elle rejoint l'\\u00e9quipe Mes Allocs en ao\\u00fbt 2023 afin de simplifier l'acc\\u00e8s \\u00e0 l'information sur les aides en g\\u00e9n\\u00e9ral.\"}]}<\/script>\n<!-- \/ Yoast SEO plugin. -->","amp_validity":null,"acf":{"faq":{"1":{"question":"Quels sont les v\u00e9hicules Volkswagen concern\u00e9s par la prime \u00e0 la conversion ?","answer":"VOLKSWAGEN Golf 1.4 eHybrid 245ch GTE DSG6 4, VOLKSWAGEN up!, VOLKSWAGEN T-Cross, VOLKSWAGEN ID. 3. "},"2":{"question":"Quel volkswagen choisir en 2025 ?","answer":"Dans la gamme Volkswagen, le Tiguan est un best-seller. Ce SUV compact a donc droit \u00e0 une nouvelle g\u00e9n\u00e9ration, pr\u00e9sent\u00e9e d\u00e8s la rentr\u00e9e pour une commercialisation au printemps 2024. "},"3":{"question":"Quel avis d'imposition pour la prime \u00e0 la conversion 2024 ?","answer":"Vous devez fournir votre avis d'imposition 2024 sur les revenus de l'ann\u00e9e 2023. "},"4":{"question":"Comment obtenir le bonus \u00e9cologique ?","answer":"Pour demander le bonus \u00e9cologique, vous devez l\u2019acquisition ou la location d\u2019une voiture \u00e9lectrique neuve."},"5":{"question":"Quel volkswagen est le plus confortable ?","answer":"La Volkswagen Touran est la voiture la plus confortable. C'est une voiture dont la plateforme est pareille \u00e0 celle d'une Golf \u00e0 hayon."},"6":{"question":"Quelle est la volkswagen la plus vendue ?","answer":"La Volkswagen Golf, en raison de sa motorisation fiable, son habitacle bien con\u00e7u et la grande vari\u00e9t\u00e9 de mod\u00e8les offerts."},"7":{"question":"","answer":""},"8":{"question":"","answer":""},"9":{"question":"","answer":""},"10":{"question":"","answer":""},"11":{"question":"","answer":""},"12":{"question":"","answer":""},"13":{"question":"","answer":""},"14":{"question":"","answer":""},"15":{"question":"","answer":""},"16":{"question":"","answer":""}}},"_links":{"self":[{"href":"https:\/\/www.mes-allocs.fr\/guides\/wp-json\/wp\/v2\/posts\/67543","targetHints":{"allow":["GET"]}}],"collection":[{"href":"https:\/\/www.mes-allocs.fr\/guides\/wp-json\/wp\/v2\/posts"}],"about":[{"href":"https:\/\/www.mes-allocs.fr\/guides\/wp-json\/wp\/v2\/types\/post"}],"author":[{"embeddable":true,"href":"https:\/\/www.mes-allocs.fr\/guides\/wp-json\/wp\/v2\/users\/26"}],"replies":[{"embeddable":true,"href":"https:\/\/www.mes-allocs.fr\/guides\/wp-json\/wp\/v2\/comments?post=67543"}],"version-history":[{"count":12,"href":"https:\/\/www.mes-allocs.fr\/guides\/wp-json\/wp\/v2\/posts\/67543\/revisions"}],"predecessor-version":[{"id":101782,"href":"https:\/\/www.mes-allocs.fr\/guides\/wp-json\/wp\/v2\/posts\/67543\/revisions\/101782"}],"wp:featuredmedia":[{"embeddable":true,"href":"https:\/\/www.mes-allocs.fr\/guides\/wp-json\/wp\/v2\/media\/67553"}],"wp:attachment":[{"href":"https:\/\/www.mes-allocs.fr\/guides\/wp-json\/wp\/v2\/media?parent=67543"}],"wp:term":[{"taxonomy":"category","embeddable":true,"href":"https:\/\/www.mes-allocs.fr\/guides\/wp-json\/wp\/v2\/categories?post=67543"},{"taxonomy":"post_tag","embeddable":true,"href":"https:\/\/www.mes-allocs.fr\/guides\/wp-json\/wp\/v2\/tags?post=67543"}],"curies":[{"name":"wp","href":"https:\/\/api.w.org\/{rel}","templated":true}]}}