{"id":67523,"date":"2023-08-30T13:24:41","date_gmt":"2023-08-30T11:24:41","guid":{"rendered":"https:\/\/www.mes-allocs.fr\/guides\/?p=67523"},"modified":"2025-07-09T14:38:46","modified_gmt":"2025-07-09T12:38:46","slug":"prime-a-la-conversion-hybride","status":"publish","type":"post","link":"https:\/\/www.mes-allocs.fr\/guides\/prime-a-la-conversion\/vehicule-eligible-a-la-prime-a-la-conversion\/prime-a-la-conversion-hybride\/","title":{"rendered":"Prime \u00e0 la conversion pour les v\u00e9hicules Hybrides : conditions, montants, d\u00e9marches"},"content":{"rendered":"<p><img loading=\"lazy\" decoding=\"async\" class=\"alignnone wp-image-67526 \" title=\"prime a la conversion hybride\" src=\"https:\/\/www.mes-allocs.fr\/guides\/wp-content\/uploads\/2023\/08\/prime-a-la-conversion-hybride--e1693386849969.jpg\" alt=\"prime a la conversion hybride\" width=\"1416\" height=\"407\" srcset=\"https:\/\/www.mes-allocs.fr\/guides\/wp-content\/uploads\/2023\/08\/prime-a-la-conversion-hybride--e1693386849969.jpg 1280w, https:\/\/www.mes-allocs.fr\/guides\/wp-content\/uploads\/2023\/08\/prime-a-la-conversion-hybride--e1693386849969-300x86.jpg 300w, https:\/\/www.mes-allocs.fr\/guides\/wp-content\/uploads\/2023\/08\/prime-a-la-conversion-hybride--e1693386849969-1024x294.jpg 1024w, https:\/\/www.mes-allocs.fr\/guides\/wp-content\/uploads\/2023\/08\/prime-a-la-conversion-hybride--e1693386849969-768x221.jpg 768w, https:\/\/www.mes-allocs.fr\/guides\/wp-content\/uploads\/2023\/08\/prime-a-la-conversion-hybride--e1693386849969-600x173.jpg 600w\" sizes=\"auto, (max-width: 1416px) 100vw, 1416px\" \/><\/p>\n<p><strong>Dans le cadre de la <a href=\"https:\/\/www.mes-allocs.fr\/guides\/prime-a-la-conversion\/\">prime \u00e0 la conversion<\/a>, un large choix de v\u00e9hicules s&rsquo;offre \u00e0 vous. Dans cet article, nous allons aborder les conditions, les montants et les d\u00e9marches n\u00e9cessaires pour profiter de la prime \u00e0 la conversion hybride.<\/strong><\/p>\n<div class='cta-block'><div class='text'>Simulez toutes vos aides en 2 min.<\/div><a href='https:\/\/www.mes-allocs.fr\/ab-app?origin=guides\/wp-json\/wp\/v2\/posts\/67523' class='app-button fit'>Simulation gratuite<\/a><\/div>\n<p class=\"p1\"><div class='shortcode disclaimer'><div class='title'>Attention<\/div><div class='content'>La prime \u00e0 la conversion n\u2019est plus disponible depuis d\u00e9cembre 2024. Apr\u00e8s cette date, il n\u2019est plus possible d\u2019en b\u00e9n\u00e9ficier, que ce soit pour les particuliers ou les professionnels. <\/div><\/div><\/p>\n<h1>Quelles conditions pour b\u00e9n\u00e9ficier de la prime \u00e0 la conversion hybride en 2025 ?<\/h1>\n<h2>Qu&rsquo;est-ce qu&rsquo;une voiture hybride ?<\/h2>\n<p>Une voiture hybride est un type de v\u00e9hicule qui combine un moteur \u00e0 combustion interne traditionnel avec un moteur \u00e9lectrique. Cela permet \u00e0 la voiture de fonctionner \u00e0 la fois avec de l&rsquo;essence ou du diesel et avec de l&rsquo;\u00e9lectricit\u00e9. Les voitures hybrides offrent plusieurs avantages, tels qu&rsquo;une meilleure \u00e9conomie de carburant, des \u00e9missions r\u00e9duites et une conduite plus silencieuse.<\/p>\n<h2>Quelles sont les conditions d&rsquo;\u00e9ligibilit\u00e9 \u00e0 la prime \u00e0 la conversion d&rsquo;une voiture hybride ?<\/h2>\n<p><span id=\"wpaicg-chat-message-11010\" class=\"wpaicg-chat-message\"> Il existe un large choix de <a href=\"https:\/\/www.mes-allocs.fr\/guides\/prime-a-la-conversion\/vehicules-eligibles-a-la-prime-a-la-conversion\/\">v\u00e9hicules \u00e9ligibles<\/a> \u00e0 la prime. En ce qui concerne les conditions d&rsquo;\u00e9ligibilit\u00e9 \u00e0 la prime \u00e0 la conversion pour une voiture hybride, elles peuvent varier en fonction du pays et des r\u00e9glementations sp\u00e9cifiques. Cependant, certaines conditions g\u00e9n\u00e9rales peuvent inclure :<\/span><\/p>\n<p>1. <strong>L&rsquo;\u00e2ge du v\u00e9hicule<\/strong> : la prime \u00e0 la conversion est souvent destin\u00e9e aux propri\u00e9taires de v\u00e9hicules plus anciens, g\u00e9n\u00e9ralement \u00e2g\u00e9s de plus de 10 ans.<\/p>\n<p>2. <strong>Crit\u00e8res environnementaux<\/strong> : les v\u00e9hicules \u00e9ligibles doivent r\u00e9pondre \u00e0 certaines normes d&rsquo;\u00e9missions et de pollution sp\u00e9cifiques.<\/p>\n<p>3. <strong>R\u00e9sidence<\/strong> : dans certains cas, la prime \u00e0 la conversion peut \u00eatre limit\u00e9e aux r\u00e9sidents d&rsquo;une certaine r\u00e9gion ou d&rsquo;un certain pays.<\/p>\n<p>4. <strong>D\u00e9mant\u00e8lement du v\u00e9hicule<\/strong> : dans certains cas, il peut \u00eatre n\u00e9cessaire de mettre hors service le v\u00e9hicule \u00e9ligible \u00e0 la prime.<\/p>\n<h1><span id=\"wpaicg-chat-message-11010\" class=\"wpaicg-chat-message\">Quel est le montant de la prime \u00e0 la conversion d&rsquo;une voiture hybride en 2025 ?\u00a0<\/span><span id=\"wpaicg-chat-message-11010\" class=\"wpaicg-chat-message\"><\/span><\/h1>\n<p>Le montant de la prime \u00e0 la conversion en fonction du type de v\u00e9hicule hybride choisi peut varier. En g\u00e9n\u00e9ral, les v\u00e9hicules hybrides rechargeables b\u00e9n\u00e9ficient de montants de prime plus \u00e9lev\u00e9s que les hybrides non rechargeables. Cela est d\u00fb \u00e0 leur capacit\u00e9 \u00e0 fonctionner en mode enti\u00e8rement \u00e9lectrique, ce qui r\u00e9duit davantage les \u00e9missions de CO2.<\/p>\n<p><em>Exemple<\/em> : Si vous souhaitez acheter une <a href=\"https:\/\/www.mes-allocs.fr\/guides\/prime-a-la-conversion\/vehicules-eligibles-a-la-prime-a-la-conversion\/\">voiture Peugeot<\/a> hybride, la prime \u00e0 la conversion est l\u2019aide principale \u00e0 envisager. Elle vous sera attribu\u00e9e sous plusieurs conditions. Vous devez tout d\u2019abord mettre au rebut votre v\u00e9hicule thermique. Ce dernier peut \u00eatre une voiture diesel mise en circulation avant 2011 ou une essence datant d\u2019avant 2006. Par ailleurs, cette prime pour voiture hybride est uniquement vers\u00e9e aux personnes dont le revenu fiscal de r\u00e9f\u00e9rence par part est inf\u00e9rieur \u00e0 14 090 \u20ac.Enfin, votre Peugeot ou <a href=\"https:\/\/www.mes-allocs.fr\/guides\/prime-a-la-conversion\/prime-a-la-conversion-citroen\/\">Citro\u00ebn<\/a> hybride ne peut peser plus de 2,4 tonnes pour un prix d\u2019achat en dessous de 47 000 \u20ac pour un mod\u00e8le neuf. Il n\u2019y a pas de limite pour l\u2019occasion.<\/p>\n<p>Vous ne savez pas quel v\u00e9hicule hybride choisir pour b\u00e9n\u00e9ficier de la prime \u00e0 la conversion pour voiture hybride rechargeable ? Elle est accord\u00e9e dans deux cas :<\/p>\n<ul>\n<li>\u00c9missions de CO2 maximales de 122 g\/km pour un v\u00e9hicule neuf ou d\u2019occasion dont la date de premi\u00e8re mise en circulation remonte \u00e0 moins de 6 mois par rapport \u00e0 la date de facturation. Avec ses 31 g\/km, le SUV Peugeot 3008 hybride est ainsi \u00e9ligible.<\/li>\n<li>\u00c9missions de CO2 maximales de 132 g\/km pour un v\u00e9hicule d\u2019occasion dont la date de premi\u00e8re mise en circulation remonte \u00e0 plus de 6 mois par rapport \u00e0 la date de facturation. Pour les voitures mises en circulation avant le 1er mars 2020, la valeur de 132 g\/km ob\u00e9issant \u00e0 la norme WLTP est remplac\u00e9e par 104 g NEDC.<\/li>\n<\/ul>\n<p>Vous remplissez ces crit\u00e8res ? Votre prime pour l\u2019achat d\u2019une voiture hybride sera de 1 500 \u20ac. Elle est port\u00e9e \u00e0 4 000 \u20ac si :<\/p>\n<ul>\n<li>\u00a0Votre revenu fiscal de r\u00e9f\u00e9rence par part est en dessous de 6 359 \u20ac.<\/li>\n<li>Votre revenu fiscal de r\u00e9f\u00e9rence par part est inf\u00e9rieur \u00e0 14 090 \u20ac et que vous parcourez plus de 12 000 km par an pour votre travail.<\/li>\n<\/ul>\n<p>Voici un tableau r\u00e9capitulatif des montants de la prime \u00e0 la conversion :<\/p>\n\n<div class=\"wpdt-c row wpDataTableContainerSimpleTable wpDataTables wpDataTablesWrapper\n\"\n    >\n    <table id=\"wpdtSimpleTable-349\"\n           class=\"wpdtSimpleTable wpDataTable\"\n           data-column=\"6\"\n           data-rows=\"7\"\n           data-wpID=\"349\"\n           data-responsive=\"0\"\n           data-has-header=\"1\">\n\n                    <thead>        <tr class=\"wpdt-cell-row \" style=\"height:101px;\">\n                            <th class=\"wpdt-cell wpdt-bc-8FB6D7 wpdt-bold wpdt-align-center\"\n                                    data-cell-id=\"A1\"\n                data-col-index=\"0\"\n                data-row-index=\"0\"\n                style=\" width:16.504854368932%;                padding:10px;\"\n                >\n                                V\u00e9hicules \u00e9ligibles \u00e0 acheter pour b\u00e9n\u00e9ficier de la prime \u00e0 la conversion                <\/th>\n                                            <th class=\"wpdt-cell wpdt-bc-8FB6D7 wpdt-bold wpdt-align-center\"\n                                    data-cell-id=\"B1\"\n                data-col-index=\"1\"\n                data-row-index=\"0\"\n                style=\" width:17.47572815534%;                padding:10px;\"\n                >\n                                Revenu fiscal de r\u00e9f\u00e9rence \u2264 7 100 \u20ac par part ou ceux avec un RFR\/part \u2264 14 089 \u20ac qui sont gros rouleurs (+ 60km\/jour ou +12 000 km\/an)                <\/th>\n                                            <th class=\"wpdt-cell wpdt-bc-8FB6D7 wpdt-bold wpdt-align-center\"\n                                    data-cell-id=\"C1\"\n                data-col-index=\"2\"\n                data-row-index=\"0\"\n                style=\" width:16.504854368932%;                padding:10px;\"\n                >\n                                RFR\/part \u2264 14 089 \u20ac                <\/th>\n                                            <th class=\"wpdt-cell wpdt-bc-8FB6D7 wpdt-bold wpdt-align-center\"\n                                    data-cell-id=\"D1\"\n                data-col-index=\"3\"\n                data-row-index=\"0\"\n                style=\" width:16.504854368932%;                padding:10px;\"\n                >\n                                RFR\/part > 14 089 \u20ac                <\/th>\n                                            <th class=\"wpdt-cell wpdt-bc-8FB6D7 wpdt-bold wpdt-align-center\"\n                                    data-cell-id=\"E1\"\n                data-col-index=\"4\"\n                data-row-index=\"0\"\n                style=\" width:16.504854368932%;                padding:10px;\"\n                >\n                                Personne morale (entreprise)                <\/th>\n                                            <th class=\"wpdt-cell wpdt-bc-8FB6D7 wpdt-bold wpdt-align-center\"\n                                    data-cell-id=\"F1\"\n                data-col-index=\"5\"\n                data-row-index=\"0\"\n                style=\" width:16.504854368932%;                padding:10px;\"\n                >\n                                Bonus \u00e9cologique Max                <\/th>\n                                        <\/tr>\n                    <tbody>        <tr class=\"wpdt-cell-row \" style=\"height:107px;\">\n                            <td class=\"wpdt-cell \"\n                                    data-cell-id=\"A2\"\n                data-col-index=\"0\"\n                data-row-index=\"1\"\n                style=\"                padding:10px;\"\n                >\n                                Diesel Crit'AIR 2\nimmatricul\u00e9\u00a0apr\u00e8s\u00a0le 01\/09\/2019\n(taux d'\u00e9mission CO2 \u2264 137g\/km)                <\/td>\n                                            <td class=\"wpdt-cell \"\n                                    data-cell-id=\"B2\"\n                data-col-index=\"1\"\n                data-row-index=\"1\"\n                style=\"                padding:10px;\"\n                >\n                                3000\u20ac\nlimit\u00e9 \u00e0 80% du prix du v\u00e9hicule                <\/td>\n                                            <td class=\"wpdt-cell \"\n                                    data-cell-id=\"C2\"\n                data-col-index=\"2\"\n                data-row-index=\"1\"\n                style=\"                padding:10px;\"\n                >\n                                1500\u20ac                <\/td>\n                                            <td class=\"wpdt-cell \"\n                                    data-cell-id=\"D2\"\n                data-col-index=\"3\"\n                data-row-index=\"1\"\n                style=\"                padding:10px;\"\n                >\n                                0\u20ac                <\/td>\n                                            <td class=\"wpdt-cell \"\n                                    data-cell-id=\"E2\"\n                data-col-index=\"4\"\n                data-row-index=\"1\"\n                style=\"                padding:10px;\"\n                >\n                                0\u20ac                <\/td>\n                                            <td class=\"wpdt-cell \"\n                                    data-cell-id=\"F2\"\n                data-col-index=\"5\"\n                data-row-index=\"1\"\n                style=\"                padding:10px;\"\n                >\n                                0\u20ac                <\/td>\n                                        <\/tr>\n                            <tr class=\"wpdt-cell-row \" >\n                            <td class=\"wpdt-cell \"\n                                    data-cell-id=\"A3\"\n                data-col-index=\"0\"\n                data-row-index=\"2\"\n                style=\"                padding:10px;\"\n                >\n                                Essence ou Diesel Crit'AIR 2\nimmatricul\u00e9\u00a0avant\u00a0le 01\/09\/2019                <\/td>\n                                            <td class=\"wpdt-cell \"\n                                    data-cell-id=\"B3\"\n                data-col-index=\"1\"\n                data-row-index=\"2\"\n                style=\"                padding:10px;\"\n                >\n                                0\u20ac                <\/td>\n                                            <td class=\"wpdt-cell \"\n                                    data-cell-id=\"C3\"\n                data-col-index=\"2\"\n                data-row-index=\"2\"\n                style=\"                padding:10px;\"\n                >\n                                0\u20ac                <\/td>\n                                            <td class=\"wpdt-cell \"\n                                    data-cell-id=\"D3\"\n                data-col-index=\"3\"\n                data-row-index=\"2\"\n                style=\"                padding:10px;\"\n                >\n                                0\u20ac                <\/td>\n                                            <td class=\"wpdt-cell \"\n                                    data-cell-id=\"E3\"\n                data-col-index=\"4\"\n                data-row-index=\"2\"\n                style=\"                padding:10px;\"\n                >\n                                0\u20ac                <\/td>\n                                            <td class=\"wpdt-cell \"\n                                    data-cell-id=\"F3\"\n                data-col-index=\"5\"\n                data-row-index=\"2\"\n                style=\"                padding:10px;\"\n                >\n                                0\u20ac                <\/td>\n                                        <\/tr>\n                            <tr class=\"wpdt-cell-row \" >\n                            <td class=\"wpdt-cell \"\n                                    data-cell-id=\"A4\"\n                data-col-index=\"0\"\n                data-row-index=\"3\"\n                style=\"                padding:10px;\"\n                >\n                                \u00c9lectrique Crit'AIR 0 neuf ou occasion\n(taux d'\u00e9mission CO2 \u2264 20g\/km)                <\/td>\n                                            <td class=\"wpdt-cell \"\n                                    data-cell-id=\"B4\"\n                data-col-index=\"1\"\n                data-row-index=\"3\"\n                style=\"                padding:10px;\"\n                >\n                                5000\u20ac\nlimit\u00e9 \u00e0 80% du prix du v\u00e9hicule                <\/td>\n                                            <td class=\"wpdt-cell \"\n                                    data-cell-id=\"C4\"\n                data-col-index=\"2\"\n                data-row-index=\"3\"\n                style=\"                padding:10px;\"\n                >\n                                2500\u20ac                <\/td>\n                                            <td class=\"wpdt-cell \"\n                                    data-cell-id=\"D4\"\n                data-col-index=\"3\"\n                data-row-index=\"3\"\n                style=\"                padding:10px;\"\n                >\n                                2500\u20ac                <\/td>\n                                            <td class=\"wpdt-cell \"\n                                    data-cell-id=\"E4\"\n                data-col-index=\"4\"\n                data-row-index=\"3\"\n                style=\"                padding:10px;\"\n                >\n                                2500\u20ac                <\/td>\n                                            <td class=\"wpdt-cell \"\n                                    data-cell-id=\"F4\"\n                data-col-index=\"5\"\n                data-row-index=\"3\"\n                style=\"                padding:10px;\"\n                >\n                                7000\u20ac\n(1000\u20ac pour l'occasion)                <\/td>\n                                        <\/tr>\n                            <tr class=\"wpdt-cell-row \" >\n                            <td class=\"wpdt-cell \"\n                                    data-cell-id=\"A5\"\n                data-col-index=\"0\"\n                data-row-index=\"4\"\n                style=\"                padding:10px;\"\n                >\n                                V\u00e9hicule hybride rechargeable neuf ou occasion Crit'AIR 1\nAutonomie \u00e9lectrique >50km\n(20g\/km < taux d'\u00e9mission CO2 \u2264 50g\/km)                <\/td>\n                                            <td class=\"wpdt-cell \"\n                                    data-cell-id=\"B5\"\n                data-col-index=\"1\"\n                data-row-index=\"4\"\n                style=\"                padding:10px;\"\n                >\n                                5000\u20ac\nlimit\u00e9 \u00e0 80% du prix du v\u00e9hicule                <\/td>\n                                            <td class=\"wpdt-cell \"\n                                    data-cell-id=\"C5\"\n                data-col-index=\"2\"\n                data-row-index=\"4\"\n                style=\"                padding:10px;\"\n                >\n                                2500\u20ac                <\/td>\n                                            <td class=\"wpdt-cell \"\n                                    data-cell-id=\"D5\"\n                data-col-index=\"3\"\n                data-row-index=\"4\"\n                style=\"                padding:10px;\"\n                >\n                                2500\u20ac                <\/td>\n                                            <td class=\"wpdt-cell \"\n                                    data-cell-id=\"E5\"\n                data-col-index=\"4\"\n                data-row-index=\"4\"\n                style=\"                padding:10px;\"\n                >\n                                2500\u20ac                <\/td>\n                                            <td class=\"wpdt-cell \"\n                                    data-cell-id=\"F5\"\n                data-col-index=\"5\"\n                data-row-index=\"4\"\n                style=\"                padding:10px;\"\n                >\n                                2000\u20ac\n(uniquement pour du neuf)                <\/td>\n                                        <\/tr>\n                            <tr class=\"wpdt-cell-row \" style=\"height:107px;\">\n                            <td class=\"wpdt-cell \"\n                                    data-cell-id=\"A6\"\n                data-col-index=\"0\"\n                data-row-index=\"5\"\n                style=\"                padding:10px;\"\n                >\n                                V\u00e9hicule hybride rechargeable neuf ou occasion Crit'AIR 1\nAutonomie \u00e9lectrique <50km\n(20g\/km < taux d'\u00e9mission CO2 \u2264 50g\/km)                <\/td>\n                                            <td class=\"wpdt-cell \"\n                                    data-cell-id=\"B6\"\n                data-col-index=\"1\"\n                data-row-index=\"5\"\n                style=\"                padding:10px;\"\n                >\n                                3000\u20ac\nlimit\u00e9 \u00e0 80% du prix du v\u00e9hicule                <\/td>\n                                            <td class=\"wpdt-cell \"\n                                    data-cell-id=\"C6\"\n                data-col-index=\"2\"\n                data-row-index=\"5\"\n                style=\"                padding:10px;\"\n                >\n                                1500\u20ac                <\/td>\n                                            <td class=\"wpdt-cell \"\n                                    data-cell-id=\"D6\"\n                data-col-index=\"3\"\n                data-row-index=\"5\"\n                style=\"                padding:10px;\"\n                >\n                                1500\u20ac                <\/td>\n                                            <td class=\"wpdt-cell \"\n                                    data-cell-id=\"E6\"\n                data-col-index=\"4\"\n                data-row-index=\"5\"\n                style=\"                padding:10px;\"\n                >\n                                0\u20ac                <\/td>\n                                            <td class=\"wpdt-cell \"\n                                    data-cell-id=\"F6\"\n                data-col-index=\"5\"\n                data-row-index=\"5\"\n                style=\"                padding:10px;\"\n                >\n                                0\u20ac                <\/td>\n                                        <\/tr>\n                            <tr class=\"wpdt-cell-row \" >\n                            <td class=\"wpdt-cell \"\n                                    data-cell-id=\"A7\"\n                data-col-index=\"0\"\n                data-row-index=\"6\"\n                style=\"                padding:10px;\"\n                >\n                                Deux-roues, trois-roues motoris\u00e9 ou quadricycle \u00e9lectrique Crit'AIR 0 neuf                <\/td>\n                                            <td class=\"wpdt-cell \"\n                                    data-cell-id=\"B7\"\n                data-col-index=\"1\"\n                data-row-index=\"6\"\n                style=\"                padding:10px;\"\n                >\n                                1100\u20ac                <\/td>\n                                            <td class=\"wpdt-cell \"\n                                    data-cell-id=\"C7\"\n                data-col-index=\"2\"\n                data-row-index=\"6\"\n                style=\"                padding:10px;\"\n                >\n                                1100\u20ac                <\/td>\n                                            <td class=\"wpdt-cell \"\n                                    data-cell-id=\"D7\"\n                data-col-index=\"3\"\n                data-row-index=\"6\"\n                style=\"                padding:10px;\"\n                >\n                                100\u20ac                <\/td>\n                                            <td class=\"wpdt-cell \"\n                                    data-cell-id=\"E7\"\n                data-col-index=\"4\"\n                data-row-index=\"6\"\n                style=\"                padding:10px;\"\n                >\n                                0\u20ac                <\/td>\n                                            <td class=\"wpdt-cell \"\n                                    data-cell-id=\"F7\"\n                data-col-index=\"5\"\n                data-row-index=\"6\"\n                style=\"                padding:10px;\"\n                >\n                                250\u20ac\/kWh                <\/td>\n                                        <\/tr>\n                    <\/table>\n<\/div><style id='wpdt-custom-style-349'>\ntable#wpdtSimpleTable-349{ table-layout: fixed !important; }\n.wpdt-bc-8FB6D7 { background-color: #8FB6D7 !important;}\n<\/style>\n\n<h1><span id=\"wpaicg-chat-message-11010\" class=\"wpaicg-chat-message\">Profitez du cumul de la prime \u00e0 la conversion avec d&rsquo;autres aides<br \/>\n<\/span><\/h1>\n<p>Il est possible de cumuler la prime \u00e0 la conversion hybride avec d&rsquo;autres aides. Cependant, les conditions de cumul peuvent varier. Il est donc important de se renseigner aupr\u00e8s des autorit\u00e9s comp\u00e9tentes ou des organismes responsables de la prime \u00e0 la conversion pour conna\u00eetre les \u00e9ventuelles aides compl\u00e9mentaires auxquelles vous pourriez avoir droit.<\/p>\n<p>Certaines aides possibles pourraient inclure des subventions pour l&rsquo;achat de v\u00e9hicules propres, des r\u00e9ductions fiscales ou des incitations financi\u00e8res suppl\u00e9mentaires. N&rsquo;h\u00e9sitez pas \u00e0 vous informer aupr\u00e8s des sources officielles pour obtenir les informations les plus pr\u00e9cises et \u00e0 jour concernant les possibilit\u00e9s de cumul de la prime \u00e0 la conversion hybride avec d&rsquo;autres aides.<\/p>\n<p>En cas de besoin, un <a href=\"https:\/\/www.mes-allocs.fr\/souscription\">expert de l&rsquo;\u00e9quipe Mes Allocs<\/a> peut vous accompagner dans vos d\u00e9marches pour vous faire gagner du temps et de l&rsquo;argent.<\/p>\n<h1>Le top 5 des voitures hybrides en 2025<\/h1>\n<div class=\"RqBzHd\">\n<ol class=\"i8Z77e\">\n<li class=\"TrT0Xe\">Acura d\u00e9voile son ZDX <b>2024<\/b><\/li>\n<li class=\"TrT0Xe\">Cadillac Celestiq <b>2024<\/b><\/li>\n<li class=\"TrT0Xe\">Le Lexus RX 450h+ <b>2024<\/b> est le premier RX enfichable.<\/li>\n<li class=\"TrT0Xe\">L&rsquo;Acura ZDX <b>2024<\/b><\/li>\n<li class=\"TrT0Xe\">Kia EV9 <b>2024<\/b><\/li>\n<\/ol>\n<\/div>\n<h1><span id=\"wpaicg-chat-message-11010\" class=\"wpaicg-chat-message\">Quelles sont les d\u00e9marches \u00e0 effectuer \u00a0pour obtenir la prime \u00e0 la conversion d&rsquo;une voiture hybride ?<\/span><\/h1>\n<h2><span id=\"wpaicg-chat-message-11010\" class=\"wpaicg-chat-message\">Quelles sont les modalit\u00e9s et les documents n\u00e9cessaires ?<\/span><\/h2>\n<p>En g\u00e9n\u00e9ral, vous devrez fournir des documents tels que :<\/p>\n<ul>\n<li>votre carte grise,<\/li>\n<li>une preuve de r\u00e9sidence<\/li>\n<li>une preuve d&rsquo;achat du v\u00e9hicule hybride, ainsi que d&rsquo;autres documents sp\u00e9cifiques requis par les autorit\u00e9s comp\u00e9tentes.<\/li>\n<\/ul>\n<p>Il est recommand\u00e9 de consulter les sites web officiels ou de contacter les organismes responsables de la prime \u00e0 la conversion pour obtenir les informations pr\u00e9cises sur les modalit\u00e9s et les documents requis dans votre cas particulier.<\/p>\n<h2><span id=\"wpaicg-chat-message-11010\" class=\"wpaicg-chat-message\">Quels sont les avantages de la prime \u00e0 la conversion hybride ?<br \/>\n<\/span><\/h2>\n<p><span id=\"wpaicg-chat-message-11010\" class=\"wpaicg-chat-message\">Les avantages de la prime \u00e0 la conversion hybride sont multiples. Tout d&rsquo;abord, elle encourage l&rsquo;achat de v\u00e9hicules hybrides, qui sont r\u00e9put\u00e9s pour leur efficacit\u00e9 \u00e9nerg\u00e9tique et leur faible impact environnemental. En optant pour un v\u00e9hicule hybride, vous contribuez \u00e0 r\u00e9duire les \u00e9missions de gaz \u00e0 effet de serre et \u00e0 pr\u00e9server l&rsquo;environnement. De plus, la prime \u00e0 la conversion peut vous permettre de b\u00e9n\u00e9ficier d&rsquo;une aide financi\u00e8re significative, ce qui peut rendre l&rsquo;achat d&rsquo;un v\u00e9hicule hybride plus abordable. <\/span><\/p>\n<p><span id=\"wpaicg-chat-message-11010\" class=\"wpaicg-chat-message\">Enfin, certains pays ou r\u00e9gions offrent \u00e9galement des avantages fiscaux suppl\u00e9mentaires, tels que des r\u00e9ductions d&rsquo;imp\u00f4ts ou des exemptions de p\u00e9ages, pour les propri\u00e9taires de v\u00e9hicules hybrides. Ces avantages combin\u00e9s font de la prime \u00e0 la conversion hybride une incitation attrayante pour les personnes souhaitant adopter une solution de transport plus respectueuse de l&rsquo;environnement.<br \/>\n<\/span><\/p>\n<div class='cta-block'><div class='text'>Simulez toutes vos aides en 2 min.<\/div><a href='https:\/\/www.mes-allocs.fr\/ab-app?origin=guides\/wp-json\/wp\/v2\/posts\/67523' class='app-button fit'>Simulation gratuite<\/a><\/div>\n<h1><\/h1>\n","protected":false},"excerpt":{"rendered":"<p>Dans le cadre de la prime \u00e0 la conversion, un large choix de v\u00e9hicules s&rsquo;offre \u00e0 vous. Dans cet article, nous allons aborder les conditions, les montants et les d\u00e9marches n\u00e9cessaires pour profiter de la prime \u00e0 la conversion hybride. Quelles conditions pour b\u00e9n\u00e9ficier de la prime \u00e0 la conversion hybride en 2025 ? Qu&rsquo;est-ce [&hellip;]<\/p>\n","protected":false},"author":26,"featured_media":67548,"comment_status":"closed","ping_status":"open","sticky":false,"template":"","format":"standard","meta":{"amp_status":"","footnotes":""},"categories":[9930,10409],"tags":[],"class_list":["post-67523","post","type-post","status-publish","format-standard","has-post-thumbnail","hentry","category-prime-a-la-conversion","category-vehicule-eligible-a-la-prime-a-la-conversion"],"yoast_head":"<!-- This site is optimized with the Yoast SEO plugin v14.9 - https:\/\/yoast.com\/wordpress\/plugins\/seo\/ -->\n<title>Prime \u00e0 la conversion v\u00e9hicules Hybrides : comment en b\u00e9n\u00e9ficier ?<\/title>\n<meta name=\"description\" content=\"Vous avez craqu\u00e9 pour une voiture hybride ? D\u00e9couvrez si vous \u00eates \u00e9ligible \u00e0 la prime \u00e0 la conversion hybride !\" \/>\n<meta name=\"robots\" content=\"index, follow, max-snippet:-1, max-image-preview:large, max-video-preview:-1\" \/>\n<link rel=\"canonical\" href=\"https:\/\/www.mes-allocs.fr\/guides\/prime-a-la-conversion\/vehicule-eligible-a-la-prime-a-la-conversion\/prime-a-la-conversion-hybride\/\" \/>\n<meta property=\"og:locale\" content=\"fr_FR\" \/>\n<meta property=\"og:type\" content=\"article\" \/>\n<meta property=\"og:title\" content=\"Prime \u00e0 la conversion v\u00e9hicules Hybrides : comment en b\u00e9n\u00e9ficier ?\" \/>\n<meta property=\"og:description\" content=\"Vous avez craqu\u00e9 pour une voiture hybride ? D\u00e9couvrez si vous \u00eates \u00e9ligible \u00e0 la prime \u00e0 la conversion hybride !\" \/>\n<meta property=\"og:url\" content=\"https:\/\/www.mes-allocs.fr\/guides\/prime-a-la-conversion\/vehicule-eligible-a-la-prime-a-la-conversion\/prime-a-la-conversion-hybride\/\" \/>\n<meta property=\"og:site_name\" content=\"Mes-Allocs.fr\" \/>\n<meta property=\"article:published_time\" content=\"2023-08-30T11:24:41+00:00\" \/>\n<meta property=\"article:modified_time\" content=\"2025-07-09T12:38:46+00:00\" \/>\n<meta property=\"og:image\" content=\"https:\/\/www.mes-allocs.fr\/guides\/wp-content\/uploads\/2023\/08\/prime-a-la-conversion-voiture-hybride.jpg?wsr\" \/>\n\t<meta property=\"og:image:width\" content=\"742\" \/>\n\t<meta property=\"og:image:height\" content=\"634\" \/>\n<meta name=\"twitter:card\" content=\"summary_large_image\" \/>\n<script type=\"application\/ld+json\" class=\"yoast-schema-graph\">{\"@context\":\"https:\/\/schema.org\",\"@graph\":[{\"@type\":\"WebSite\",\"@id\":\"https:\/\/www.mes-allocs.fr\/guides\/#website\",\"url\":\"https:\/\/www.mes-allocs.fr\/guides\/\",\"name\":\"Mes-Allocs.fr\",\"description\":\"\",\"potentialAction\":[{\"@type\":\"SearchAction\",\"target\":\"https:\/\/www.mes-allocs.fr\/guides\/?s={search_term_string}\",\"query-input\":\"required name=search_term_string\"}],\"inLanguage\":\"fr-FR\"},{\"@type\":\"ImageObject\",\"@id\":\"https:\/\/www.mes-allocs.fr\/guides\/prime-a-la-conversion\/vehicule-eligible-a-la-prime-a-la-conversion\/prime-a-la-conversion-hybride\/#primaryimage\",\"inLanguage\":\"fr-FR\",\"url\":\"https:\/\/www.mes-allocs.fr\/guides\/wp-content\/uploads\/2023\/08\/prime-a-la-conversion-voiture-hybride.jpg?wsr\",\"width\":742,\"height\":634,\"caption\":\"prime a la conversion voiture hybride\"},{\"@type\":\"WebPage\",\"@id\":\"https:\/\/www.mes-allocs.fr\/guides\/prime-a-la-conversion\/vehicule-eligible-a-la-prime-a-la-conversion\/prime-a-la-conversion-hybride\/#webpage\",\"url\":\"https:\/\/www.mes-allocs.fr\/guides\/prime-a-la-conversion\/vehicule-eligible-a-la-prime-a-la-conversion\/prime-a-la-conversion-hybride\/\",\"name\":\"Prime \\u00e0 la conversion v\\u00e9hicules Hybrides : comment en b\\u00e9n\\u00e9ficier ?\",\"isPartOf\":{\"@id\":\"https:\/\/www.mes-allocs.fr\/guides\/#website\"},\"primaryImageOfPage\":{\"@id\":\"https:\/\/www.mes-allocs.fr\/guides\/prime-a-la-conversion\/vehicule-eligible-a-la-prime-a-la-conversion\/prime-a-la-conversion-hybride\/#primaryimage\"},\"datePublished\":\"2023-08-30T11:24:41+00:00\",\"dateModified\":\"2025-07-09T12:38:46+00:00\",\"author\":{\"@id\":\"https:\/\/www.mes-allocs.fr\/guides\/#\/schema\/person\/9c38f3be41a0ddcd1e3fde5a3df713bf\"},\"description\":\"Vous avez craqu\\u00e9 pour une voiture hybride ? D\\u00e9couvrez si vous \\u00eates \\u00e9ligible \\u00e0 la prime \\u00e0 la conversion hybride !\",\"inLanguage\":\"fr-FR\"},{\"@type\":\"Person\",\"@id\":\"https:\/\/www.mes-allocs.fr\/guides\/#\/schema\/person\/9c38f3be41a0ddcd1e3fde5a3df713bf\",\"name\":\"Sessime Ananou\",\"image\":{\"@type\":\"ImageObject\",\"@id\":\"https:\/\/www.mes-allocs.fr\/guides\/#personlogo\",\"inLanguage\":\"fr-FR\",\"url\":\"https:\/\/www.mes-allocs.fr\/guides\/wp-content\/uploads\/2023\/08\/IMG_8173-150x150.jpg\",\"caption\":\"Sessime Ananou\"},\"description\":\"Sessime est r\\u00e9dactrice chez Mes Allocs, sp\\u00e9cialis\\u00e9e sur le pouvoir d'achat. Elle rejoint l'\\u00e9quipe Mes Allocs en ao\\u00fbt 2023 afin de simplifier l'acc\\u00e8s \\u00e0 l'information sur les aides en g\\u00e9n\\u00e9ral.\"}]}<\/script>\n<!-- \/ Yoast SEO plugin. -->","amp_validity":null,"acf":{"faq":{"1":{"question":"Comment obtenir la prime pour l'achat d'une voiture hybride ?","answer":"Votre prime pour l'achat d'une voiture hybride sera de 1 500 \u20ac. Elle est port\u00e9e \u00e0 4 000 \u20ac si : Votre revenu fiscal de r\u00e9f\u00e9rence par part est en dessous de 6 359 \u20ac. Votre revenu fiscal de r\u00e9f\u00e9rence par part est inf\u00e9rieur \u00e0 14 090 \u20ac et que vous parcourez plus de 12 000 km par an pour votre travail."},"2":{"question":"Comment financer une voiture hybride ?","answer":"Plusieurs solutions vous permettent de financer l'achat d'un v\u00e9hicule \u00e9lectrique ou hybride : Le cr\u00e9dit \u00e0 la consommation : vous remboursez chaque mois une partie de la somme ayant permis l'achat de votre voiture, somme \u00e0 laquelle s'ajoutent les int\u00e9r\u00eats d'emprunt."},"3":{"question":"Est-ce avantageux d'acheter une voiture hybride ?","answer":"L'achat d'une voiture hybride peut \u00eatre avantageux en raison de sa consommation de carburant r\u00e9duite et de son impact environnemental moindre."},"4":{"question":"Quelle voiture hybride pour 10 000 euros ?","answer":"Pour un budget de 10 000 euros, vous pourriez envisager des mod\u00e8les d'occasion tels que la Toyota Prius, la Honda Insight ou la Ford C-Max Hybrid, qui offrent de bonnes performances hybrides \u00e0 un prix abordable. "},"5":{"question":"Est-ce rentable de rouler en hybride ?","answer":"Oui, rouler en voiture hybride peut \u00eatre rentable \u00e0 long terme. "},"6":{"question":"Quelle est la dur\u00e9e de vie d'une voiture hybride ?","answer":"La dur\u00e9e de vie de batterie d'un v\u00e9hicule \u00e9lectrique ou hybride rechargeable est en moyenne de 8 ans soit \u00e0 peu pr\u00e8s 160 000 km."},"7":{"question":"","answer":""},"8":{"question":"","answer":""},"9":{"question":"","answer":""},"10":{"question":"","answer":""},"11":{"question":"","answer":""},"12":{"question":"","answer":""},"13":{"question":"","answer":""},"14":{"question":"","answer":""},"15":{"question":"","answer":""},"16":{"question":"","answer":""}}},"_links":{"self":[{"href":"https:\/\/www.mes-allocs.fr\/guides\/wp-json\/wp\/v2\/posts\/67523","targetHints":{"allow":["GET"]}}],"collection":[{"href":"https:\/\/www.mes-allocs.fr\/guides\/wp-json\/wp\/v2\/posts"}],"about":[{"href":"https:\/\/www.mes-allocs.fr\/guides\/wp-json\/wp\/v2\/types\/post"}],"author":[{"embeddable":true,"href":"https:\/\/www.mes-allocs.fr\/guides\/wp-json\/wp\/v2\/users\/26"}],"replies":[{"embeddable":true,"href":"https:\/\/www.mes-allocs.fr\/guides\/wp-json\/wp\/v2\/comments?post=67523"}],"version-history":[{"count":13,"href":"https:\/\/www.mes-allocs.fr\/guides\/wp-json\/wp\/v2\/posts\/67523\/revisions"}],"predecessor-version":[{"id":101780,"href":"https:\/\/www.mes-allocs.fr\/guides\/wp-json\/wp\/v2\/posts\/67523\/revisions\/101780"}],"wp:featuredmedia":[{"embeddable":true,"href":"https:\/\/www.mes-allocs.fr\/guides\/wp-json\/wp\/v2\/media\/67548"}],"wp:attachment":[{"href":"https:\/\/www.mes-allocs.fr\/guides\/wp-json\/wp\/v2\/media?parent=67523"}],"wp:term":[{"taxonomy":"category","embeddable":true,"href":"https:\/\/www.mes-allocs.fr\/guides\/wp-json\/wp\/v2\/categories?post=67523"},{"taxonomy":"post_tag","embeddable":true,"href":"https:\/\/www.mes-allocs.fr\/guides\/wp-json\/wp\/v2\/tags?post=67523"}],"curies":[{"name":"wp","href":"https:\/\/api.w.org\/{rel}","templated":true}]}}