{"id":66100,"date":"2023-08-08T18:39:09","date_gmt":"2023-08-08T16:39:09","guid":{"rendered":"https:\/\/www.mes-allocs.fr\/guides\/?p=66100"},"modified":"2025-06-04T09:15:31","modified_gmt":"2025-06-04T07:15:31","slug":"modifier-actualisation-pole-emploi","status":"publish","type":"post","link":"https:\/\/www.mes-allocs.fr\/guides\/chomage\/pole-emploi-actualisation\/modifier-actualisation-pole-emploi\/","title":{"rendered":"Modifier actualisation France Travail : est-ce possible ?"},"content":{"rendered":"<p><img loading=\"lazy\" decoding=\"async\" class=\"alignnone wp-image-52968 size-full\" title=\"Pole Emploi actualisation decembre\" src=\"https:\/\/www.mes-allocs.fr\/guides\/wp-content\/uploads\/2022\/06\/Pole-Emploi-actualisation-decembre-2022-e1655312593725.jpeg\" alt=\"Comment modifier mon actualisation Pole Emploi \" width=\"1560\" height=\"249\" srcset=\"https:\/\/www.mes-allocs.fr\/guides\/wp-content\/uploads\/2022\/06\/Pole-Emploi-actualisation-decembre-2022-e1655312593725.jpeg 1560w, https:\/\/www.mes-allocs.fr\/guides\/wp-content\/uploads\/2022\/06\/Pole-Emploi-actualisation-decembre-2022-e1655312593725-300x48.jpeg 300w, https:\/\/www.mes-allocs.fr\/guides\/wp-content\/uploads\/2022\/06\/Pole-Emploi-actualisation-decembre-2022-e1655312593725-1024x163.jpeg 1024w, https:\/\/www.mes-allocs.fr\/guides\/wp-content\/uploads\/2022\/06\/Pole-Emploi-actualisation-decembre-2022-e1655312593725-768x123.jpeg 768w, https:\/\/www.mes-allocs.fr\/guides\/wp-content\/uploads\/2022\/06\/Pole-Emploi-actualisation-decembre-2022-e1655312593725-1536x245.jpeg 1536w, https:\/\/www.mes-allocs.fr\/guides\/wp-content\/uploads\/2022\/06\/Pole-Emploi-actualisation-decembre-2022-e1655312593725-600x96.jpeg 600w\" sizes=\"auto, (max-width: 1560px) 100vw, 1560px\" \/><\/p>\n<div class=\"c-message_kit__gutter\">\n<div class=\"c-message_kit__gutter__right\" data-qa=\"message_content\">\n<div class=\"c-message_kit__blocks c-message_kit__blocks--rich_text\">\n<div class=\"c-message__message_blocks c-message__message_blocks--rich_text\">\n<div class=\"p-block_kit_renderer\" data-qa=\"block-kit-renderer\">\n<div class=\"p-block_kit_renderer__block_wrapper p-block_kit_renderer__block_wrapper--first\">\n<div class=\"p-rich_text_block\" dir=\"auto\">\n<div>\n<p>Lorsque vous \u00eates inscrit comme demandeur d\u2019emploi, l\u2019actualisation vous permet de continuer \u00e0 percevoir vos allocations <a href=\"https:\/\/www.mes-allocs.fr\/guides\/chomage\/\">ch\u00f4mage<\/a>. La d\u00e9claration permet de confirmer votre statut. Mais si vous faites une erreur, vous devez la modifier. Dans cet article, d\u00e9couvrez s\u2019il est possible de <b>modifier votre actualisation France Travail<\/b>, comment proc\u00e9der en cas d\u2019oubli ou d&rsquo;erreur et quelles peuvent \u00eatre les cons\u00e9quences sur vos droits au ch\u00f4mage.<\/p>\n<p class=\"p1\"><div class='cta-block'><div class='text'>Simulez toutes vos Aides en 2 min.<\/div><a href='https:\/\/www.mes-allocs.fr\/ab-app?origin=guides\/wp-json\/wp\/v2\/posts\/66100' class='app-button fit'>Simulation gratuite<\/a><\/div><\/p>\n<h1>Quand et comment actualiser votre situation aupr\u00e8s de France Travail ?<\/h1>\n<p>L\u2019actualisation de votre situation aupr\u00e8s de France Travail vous permet de<b> continuer \u00e0 percevoir vos droits<\/b>, comme l\u2019allocation ch\u00f4mage. Elle doit \u00eatre faite chaque mois, dans une p\u00e9riode d\u00e9finie entre le 28 du mois pour l\u2019ouverture de l\u2019actualisation et le 15 du mois qui suit pour la fin de cette p\u00e9riode.<\/p>\n<p>Avant de commencer votre actualisation, vous devez avoir avec vous votre num\u00e9ro d\u2019identifiant et votre code personnel qui sont importants pour pouvoir acc\u00e9der \u00e0 votre dossier.<\/p>\n<p>Ensuite, plusieurs moyens sont mis \u00e0 votre disposition pour r\u00e9aliser cette actualisation :<\/p>\n<ul>\n<li aria-level=\"1\">Vous pouvez vous connecter \u00e0 votre <b>espace personnel<\/b> directement sur le site de France Travail.<\/li>\n<li aria-level=\"1\">Vous avez la possibilit\u00e9 d\u2019utiliser<b> l\u2019application mobile \u201cMon espace\u201d<\/b> qui est disponible sur smartphone ou sur tablette.<\/li>\n<li aria-level=\"1\">Vous pouvez appeler le<b> service t\u00e9l\u00e9phonique <\/b>d\u00e9di\u00e9 au 3949.<\/li>\n<li aria-level=\"1\">Vous avez la possibilit\u00e9 de vous rendre <b>en agence<\/b> pour faire votre actualisation directement avec un conseiller.<\/li>\n<\/ul>\n<p>Peu importe le moyen que vous choisissez, vous devez veiller \u00e0 bien d\u00e9clarer tous les changements survenus dans votre situation. Elle concerne ainsi toutes les situations qui peuvent avoir un impact sur votre allocation ou votre recherche d\u2019emploi dont :<\/p>\n<ul>\n<li aria-level=\"1\">Tout<b> changement professionnel.<\/b><\/li>\n<li aria-level=\"1\">Tout <b>changement personnel.<\/b><\/li>\n<\/ul>\n<p>Sur l\u2019application mobile, les informations qui sont d\u00e9j\u00e0 connues de France Travail sont d\u00e9j\u00e0 remplies. Vous n\u2019avez donc plus qu\u2019\u00e0 les v\u00e9rifier et \u00e0 ajouter les \u00e9l\u00e9ments s\u2019il en manque. Enfin, si vous avez plusieurs activit\u00e9s diff\u00e9rentes, celles-ci doivent \u00eatre d\u00e9clar\u00e9es s\u00e9par\u00e9ment.<\/p>\n<p><iframe loading=\"lazy\" title=\"Tout savoir sur le ch\u00f4mage en France !\" width=\"500\" height=\"281\" src=\"https:\/\/www.youtube.com\/embed\/jgv9qS4jh7k?feature=oembed\" frameborder=\"0\" allow=\"accelerometer; autoplay; clipboard-write; encrypted-media; gyroscope; picture-in-picture; web-share\" referrerpolicy=\"strict-origin-when-cross-origin\" allowfullscreen><\/iframe><\/p>\n<p class=\"p1\"><div class='cta-block'><div class='text'>Simulez toutes vos Aides en 2 min.<\/div><a href='https:\/\/www.mes-allocs.fr\/ab-app?origin=guides\/wp-json\/wp\/v2\/posts\/66100' class='app-button fit'>Simulation gratuite<\/a><\/div><\/p>\n<h1>Est-ce possible de modifier votre actualisation France Travail ?<\/h1>\n<p><b>Non<\/b>, vous ne pouvez pas modifier votre actualisation directement en ligne une fois que vous l\u2019avez valid\u00e9e sur le site ou sur l\u2019application France Travail. Une fois que vous avez transmis votre d\u00e9claration, celle-ci est consid\u00e9r\u00e9e comme d\u00e9finitive. Si vous avez fait une erreur ou avez commis un oubli (par exemple : activit\u00e9 non d\u00e9clar\u00e9e, changement de situation, mauvais nombre d\u2019heures travaill\u00e9es), vous devez contacter votre conseiller France Travail.<\/p>\n<h1>Comment modifier votre actualisation France Travail ?<\/h1>\n<p>\u00c9tant donn\u00e9 qu\u2019il n\u2019est pas possible de modifier votre actualisation directement en ligne, vous avez deux possibilit\u00e9s pour demander une correction :<\/p>\n<ul>\n<li aria-level=\"1\">Demander une correction <b>par t\u00e9l\u00e9phone<\/b> en expliquant l\u2019erreur.<\/li>\n<li aria-level=\"1\">Envoyer un <b>message <\/b>\u00e0 votre conseiller \u00e0 partir de votre espace personnel ou par email en pr\u00e9cisant les corrections \u00e0 apporter.<\/li>\n<\/ul>\n<p>Comme pour votre actualisation, lorsque vous contactez France Travail, vous devrez pr\u00e9ciser votre num\u00e9ro d\u2019identifiant, le mois concern\u00e9 par l\u2019actualisation et joindre les justificatifs qui pourraient \u00eatre utiles. Apr\u00e8s votre demande, votre conseiller \u00e9tudiera votre dossier et pourra vous demander des informations compl\u00e9mentaires si n\u00e9cessaire.<\/p>\n<p>La correction sera ensuite prise en compte et le montant de vos allocations sera r\u00e9gularis\u00e9. Vous recevrez une notification ou un message vous informant que la modification a bien \u00e9t\u00e9 prise en compte.<\/p>\n<h1>Erreur dans votre actualisation : quelles cons\u00e9quences ?<\/h1>\n<p>Une erreur dans votre actualisation peut avoir diff\u00e9rentes cons\u00e9quences :<\/p>\n<ul>\n<li aria-level=\"1\">Si l\u2019erreur conduit \u00e0 un versement d\u2019allocations ch\u00f4mage que vous n\u2019auriez pas d\u00fb percevoir, France Travail peut vous demander de rembourser les sommes<b> trop per\u00e7ues.<\/b><\/li>\n<li aria-level=\"1\">Une fausse d\u00e9claration ou un oubli volontaire peut entra\u00eener votre <b>radiation<\/b> sur la liste des demandeurs d\u2019emploi, la suppression d\u2019une partie ou de la totalit\u00e9 de votre allocation et des p\u00e9nalit\u00e9s administratives.<\/li>\n<li aria-level=\"1\">Si vous oubliez de d\u00e9clarer des p\u00e9riodes d\u2019activit\u00e9, elles ne seront <b>pas prises en compte pour le calcul de votre allocation ch\u00f4mage ou en cas de rechargement <\/b>de vos droits.<\/li>\n<\/ul>\n<div class='shortcode summary'><div class='title'>En r\u00e9sum\u00e9 :<\/div><div class='content'><ul><li>L\u2019actualisation mensuelle est obligatoire et elle se fait du 28 au 15 du mois suivant, via le site, l\u2019application, par le t\u00e9l\u00e9phone ou en agence.<\/li><li>Une fois valid\u00e9e, l\u2019actualisation ne peut plus \u00eatre corrig\u00e9e directement.<\/li><li>Vous pouvez contacter votre conseiller pour demander une correction.<\/li><li>Une erreur qui n\u2019est pas corrig\u00e9e peut entra\u00eener un remboursement, une radiation ou une perte des droits \u00e0 l\u2019allocation ch\u00f4mage.<\/li><\/ul><\/div><\/div>\n<p class=\"p1\"><div class='cta-block'><div class='text'>Simulez toutes vos Aides en 2 min.<\/div><a href='https:\/\/www.mes-allocs.fr\/ab-app?origin=guides\/wp-json\/wp\/v2\/posts\/66100' class='app-button fit'>Simulation gratuite<\/a><\/div><\/p>\n<\/div>\n<\/div>\n<\/div>\n<\/div>\n<\/div>\n<\/div>\n<\/div>\n<\/div>\n","protected":false},"excerpt":{"rendered":"<p>Lorsque vous \u00eates inscrit comme demandeur d\u2019emploi, l\u2019actualisation vous permet de continuer \u00e0 percevoir vos allocations ch\u00f4mage. La d\u00e9claration permet de confirmer votre statut. Mais si vous faites une erreur, vous devez la modifier. Dans cet article, d\u00e9couvrez s\u2019il est possible de modifier votre actualisation France Travail, comment proc\u00e9der en cas d\u2019oubli ou d&rsquo;erreur et [&hellip;]<\/p>\n","protected":false},"author":25,"featured_media":99825,"comment_status":"closed","ping_status":"open","sticky":false,"template":"","format":"standard","meta":{"amp_status":"","footnotes":""},"categories":[2989,3007],"tags":[],"class_list":["post-66100","post","type-post","status-publish","format-standard","has-post-thumbnail","hentry","category-chomage","category-pole-emploi-actualisation"],"yoast_head":"<!-- This site is optimized with the Yoast SEO plugin v14.9 - https:\/\/yoast.com\/wordpress\/plugins\/seo\/ -->\n<title>Modifier actualisation France Travail : est-ce possible ? | Mes-Allocs.fr<\/title>\n<meta name=\"description\" content=\"Vous souhaitez modifier votre actualisation France Travail apr\u00e8s une erreur ou un oubli ? D\u00e9couvrez comment proc\u00e9der.\" \/>\n<meta name=\"robots\" content=\"index, follow, max-snippet:-1, max-image-preview:large, max-video-preview:-1\" \/>\n<link rel=\"canonical\" href=\"https:\/\/www.mes-allocs.fr\/guides\/chomage\/pole-emploi-actualisation\/modifier-actualisation-pole-emploi\/\" \/>\n<meta property=\"og:locale\" content=\"fr_FR\" \/>\n<meta property=\"og:type\" content=\"article\" \/>\n<meta property=\"og:title\" content=\"Modifier actualisation France Travail : est-ce possible ? | Mes-Allocs.fr\" \/>\n<meta property=\"og:description\" content=\"Vous souhaitez modifier votre actualisation France Travail apr\u00e8s une erreur ou un oubli ? D\u00e9couvrez comment proc\u00e9der.\" \/>\n<meta property=\"og:url\" content=\"https:\/\/www.mes-allocs.fr\/guides\/chomage\/pole-emploi-actualisation\/modifier-actualisation-pole-emploi\/\" \/>\n<meta property=\"og:site_name\" content=\"Mes-Allocs.fr\" \/>\n<meta property=\"article:published_time\" content=\"2023-08-08T16:39:09+00:00\" \/>\n<meta property=\"article:modified_time\" content=\"2025-06-04T07:15:31+00:00\" \/>\n<meta property=\"og:image\" content=\"https:\/\/www.mes-allocs.fr\/guides\/wp-content\/uploads\/2023\/08\/modifier-actualisation-france-travail.jpg?wsr\" \/>\n\t<meta property=\"og:image:width\" content=\"1280\" \/>\n\t<meta property=\"og:image:height\" content=\"853\" \/>\n<meta name=\"twitter:card\" content=\"summary_large_image\" \/>\n<script type=\"application\/ld+json\" class=\"yoast-schema-graph\">{\"@context\":\"https:\/\/schema.org\",\"@graph\":[{\"@type\":\"WebSite\",\"@id\":\"https:\/\/www.mes-allocs.fr\/guides\/#website\",\"url\":\"https:\/\/www.mes-allocs.fr\/guides\/\",\"name\":\"Mes-Allocs.fr\",\"description\":\"\",\"potentialAction\":[{\"@type\":\"SearchAction\",\"target\":\"https:\/\/www.mes-allocs.fr\/guides\/?s={search_term_string}\",\"query-input\":\"required name=search_term_string\"}],\"inLanguage\":\"fr-FR\"},{\"@type\":\"ImageObject\",\"@id\":\"https:\/\/www.mes-allocs.fr\/guides\/chomage\/pole-emploi-actualisation\/modifier-actualisation-pole-emploi\/#primaryimage\",\"inLanguage\":\"fr-FR\",\"url\":\"https:\/\/www.mes-allocs.fr\/guides\/wp-content\/uploads\/2023\/08\/modifier-actualisation-france-travail.jpg?wsr\",\"width\":1280,\"height\":853,\"caption\":\"modifier actualisation france travail\"},{\"@type\":\"WebPage\",\"@id\":\"https:\/\/www.mes-allocs.fr\/guides\/chomage\/pole-emploi-actualisation\/modifier-actualisation-pole-emploi\/#webpage\",\"url\":\"https:\/\/www.mes-allocs.fr\/guides\/chomage\/pole-emploi-actualisation\/modifier-actualisation-pole-emploi\/\",\"name\":\"Modifier actualisation France Travail : est-ce possible ? | Mes-Allocs.fr\",\"isPartOf\":{\"@id\":\"https:\/\/www.mes-allocs.fr\/guides\/#website\"},\"primaryImageOfPage\":{\"@id\":\"https:\/\/www.mes-allocs.fr\/guides\/chomage\/pole-emploi-actualisation\/modifier-actualisation-pole-emploi\/#primaryimage\"},\"datePublished\":\"2023-08-08T16:39:09+00:00\",\"dateModified\":\"2025-06-04T07:15:31+00:00\",\"author\":{\"@id\":\"https:\/\/www.mes-allocs.fr\/guides\/#\/schema\/person\/52b318867057023c2f6a62512d870cf7\"},\"description\":\"Vous souhaitez modifier votre actualisation France Travail apr\\u00e8s une erreur ou un oubli ? D\\u00e9couvrez comment proc\\u00e9der.\",\"inLanguage\":\"fr-FR\"},{\"@type\":\"Person\",\"@id\":\"https:\/\/www.mes-allocs.fr\/guides\/#\/schema\/person\/52b318867057023c2f6a62512d870cf7\",\"name\":\"Eric Zotoglo\",\"image\":{\"@type\":\"ImageObject\",\"@id\":\"https:\/\/www.mes-allocs.fr\/guides\/#personlogo\",\"inLanguage\":\"fr-FR\",\"url\":\"https:\/\/www.mes-allocs.fr\/guides\/wp-content\/uploads\/2023\/06\/PXL_20230324_080412913.NIGHT2_1-150x150.jpg\",\"caption\":\"Eric Zotoglo\"},\"description\":\"Eric est juriste sp\\u00e9cialis\\u00e9e en droit du num\\u00e9rique et de la protection sociale. Il rejoint Mes Allocs apr\\u00e8s une premi\\u00e8re exp\\u00e9rience dans le secteur du journalisme.\",\"sameAs\":[\"https:\/\/www.linkedin.com\/in\/eric-zotoglo-1a8a9a55\/\"]}]}<\/script>\n<!-- \/ Yoast SEO plugin. -->","amp_validity":null,"acf":{"faq":{"1":{"question":"Qu'est-ce que l'actualisation France Travail ?","answer":"L'actualisation France Travail mensuelle permet la mise \u00e0 jour de sa situation afin d'\u00eatre en mesure de recevoir l'Aide au Retour \u00e0 l'Emploi.\r\n<br> <a href=\"https:\/\/www.mes-allocs.fr\/guides\/chomage\/pole-emploi-actualisation\/\">Lire la suite<\/a>"},"2":{"question":"L'actualisation France Travail est-elle obligatoire ?","answer":"Effectuer une d\u00e9claration mensuelle aupr\u00e8s de France Travail est obligatoire si vous souhaitez b\u00e9n\u00e9ficier de la protection de cet organisme."},"3":{"question":"Comment faire pour s'actualiser \u00e0 France Travail ?","answer":"Pour d\u00e9clarer votre situation chaque mois, vous disposez des moyens suivants :\r\n-Sur le site de France Travail\r\n-Sur l'application mobile \"Mon espace\"\r\n-Par t\u00e9l\u00e9phone en composant le 39 49\r\n-Sur la borne UNIDIALOG dans les locaux de France Travail\r\nhttps:\/\/www.mes-allocs.fr\/guides\/chomage\/pole-emploi-actualisation\/"},"4":{"question":"Quelles sont les cons\u00e9quences d'une erreur d'actualisation France Travail ?","answer":"L'actualisation mensuelle est importante. Si vous faites des erreurs, vous risquez : \r\n-La cessation d'inscription sur la liste des demandeurs d'emploi ;\r\n-L'arr\u00eat du paiement de vos allocations ch\u00f4mage ; "},"5":{"question":"Pourquoi je ne peux pas actualiser ma situation P\u00f4le emploi ?","answer":"Si les raisons pour lesquelles vous n'avez pas pu vous actualiser sont valables, pr\u00e9sentez vous au plus vite dans votre France Travail et expliquez votre situation."},"6":{"question":"Quand commence l'indemnisation France Travail ?","answer":"Le d\u00e9lai d'attente est fix\u00e9 \u00e0 7 jours.\r\n\r\nIl s'applique aux ouvertures de droits (lors d'une premi\u00e8re inscription par exemple), mais \u00e9galement quand le versement d'un ancien droit est repris ou qu'un nouveau droit est ouvert."},"7":{"question":"","answer":""},"8":{"question":"","answer":""},"9":{"question":"","answer":""},"10":{"question":"","answer":""},"11":{"question":"","answer":""},"12":{"question":"","answer":""},"13":{"question":"","answer":""},"14":{"question":"","answer":""},"15":{"question":"","answer":""},"16":{"question":"","answer":""}}},"_links":{"self":[{"href":"https:\/\/www.mes-allocs.fr\/guides\/wp-json\/wp\/v2\/posts\/66100","targetHints":{"allow":["GET"]}}],"collection":[{"href":"https:\/\/www.mes-allocs.fr\/guides\/wp-json\/wp\/v2\/posts"}],"about":[{"href":"https:\/\/www.mes-allocs.fr\/guides\/wp-json\/wp\/v2\/types\/post"}],"author":[{"embeddable":true,"href":"https:\/\/www.mes-allocs.fr\/guides\/wp-json\/wp\/v2\/users\/25"}],"replies":[{"embeddable":true,"href":"https:\/\/www.mes-allocs.fr\/guides\/wp-json\/wp\/v2\/comments?post=66100"}],"version-history":[{"count":8,"href":"https:\/\/www.mes-allocs.fr\/guides\/wp-json\/wp\/v2\/posts\/66100\/revisions"}],"predecessor-version":[{"id":99826,"href":"https:\/\/www.mes-allocs.fr\/guides\/wp-json\/wp\/v2\/posts\/66100\/revisions\/99826"}],"wp:featuredmedia":[{"embeddable":true,"href":"https:\/\/www.mes-allocs.fr\/guides\/wp-json\/wp\/v2\/media\/99825"}],"wp:attachment":[{"href":"https:\/\/www.mes-allocs.fr\/guides\/wp-json\/wp\/v2\/media?parent=66100"}],"wp:term":[{"taxonomy":"category","embeddable":true,"href":"https:\/\/www.mes-allocs.fr\/guides\/wp-json\/wp\/v2\/categories?post=66100"},{"taxonomy":"post_tag","embeddable":true,"href":"https:\/\/www.mes-allocs.fr\/guides\/wp-json\/wp\/v2\/tags?post=66100"}],"curies":[{"name":"wp","href":"https:\/\/api.w.org\/{rel}","templated":true}]}}