{"id":66096,"date":"2023-08-08T17:41:33","date_gmt":"2023-08-08T15:41:33","guid":{"rendered":"https:\/\/www.mes-allocs.fr\/guides\/?p=66096"},"modified":"2025-06-04T09:17:37","modified_gmt":"2025-06-04T07:17:37","slug":"actualisation-pole-emploi-oublie","status":"publish","type":"post","link":"https:\/\/www.mes-allocs.fr\/guides\/chomage\/pole-emploi-actualisation\/comment-actualiser-pole-emploi\/actualisation-pole-emploi-oublie\/","title":{"rendered":"Actualisation France Travail : que faire en cas d\u2019oubli ?"},"content":{"rendered":"<p><img loading=\"lazy\" decoding=\"async\" class=\"alignnone wp-image-62673 size-full\" title=\"assurance auto entrepreneur\" src=\"https:\/\/www.mes-allocs.fr\/guides\/wp-content\/uploads\/2023\/03\/entrepreneur-g385e9a990_1920-e1679995212646.jpg\" alt=\"Actualisation P\u00f4le Emploi oubli\u00e9 ou en retard : que faire ?\" width=\"1920\" height=\"273\" srcset=\"https:\/\/www.mes-allocs.fr\/guides\/wp-content\/uploads\/2023\/03\/entrepreneur-g385e9a990_1920-e1679995212646.jpg 1920w, https:\/\/www.mes-allocs.fr\/guides\/wp-content\/uploads\/2023\/03\/entrepreneur-g385e9a990_1920-e1679995212646-300x43.jpg 300w, https:\/\/www.mes-allocs.fr\/guides\/wp-content\/uploads\/2023\/03\/entrepreneur-g385e9a990_1920-e1679995212646-1024x146.jpg 1024w, https:\/\/www.mes-allocs.fr\/guides\/wp-content\/uploads\/2023\/03\/entrepreneur-g385e9a990_1920-e1679995212646-768x109.jpg 768w, https:\/\/www.mes-allocs.fr\/guides\/wp-content\/uploads\/2023\/03\/entrepreneur-g385e9a990_1920-e1679995212646-1536x218.jpg 1536w, https:\/\/www.mes-allocs.fr\/guides\/wp-content\/uploads\/2023\/03\/entrepreneur-g385e9a990_1920-e1679995212646-600x85.jpg 600w\" sizes=\"auto, (max-width: 1920px) 100vw, 1920px\" \/><\/p>\n<div class=\"c-message_kit__gutter\">\n<div class=\"c-message_kit__gutter__right\" data-qa=\"message_content\">\n<div class=\"c-message_kit__blocks c-message_kit__blocks--rich_text\">\n<div class=\"c-message__message_blocks c-message__message_blocks--rich_text\">\n<div class=\"p-block_kit_renderer\" data-qa=\"block-kit-renderer\">\n<div class=\"p-block_kit_renderer__block_wrapper p-block_kit_renderer__block_wrapper--first\">\n<div class=\"p-rich_text_block\" dir=\"auto\">\n<div>\n<p>Vous avez oubli\u00e9 l\u2019actualisation France Travail ? Cela pourrait avoir un impact sur vos allocations <a href=\"https:\/\/www.mes-allocs.fr\/guides\/chomage\/\">ch\u00f4mage<\/a>. Sans l\u2019actualisation, votre inscription en tant que demandeur d\u2019emploi peut \u00eatre suspendue, ce qui entra\u00eene la coupure de vos indemnit\u00e9s. Dans cet article, d\u00e9couvrez que faire en cas d\u2019<b>oubli d\u2019actualisation France Travail<\/b>, les d\u00e9lais \u00e0 respecter et les d\u00e9marches pour vous r\u00e9inscrire.<\/p>\n<p class=\"p1\"><div class='cta-block'><div class='text'>Simulez toutes vos Aides en 2 min.<\/div><a href='https:\/\/www.mes-allocs.fr\/ab-app?origin=guides\/wp-json\/wp\/v2\/posts\/66096' class='app-button fit'>Simulation gratuite<\/a><\/div><\/p>\n<h1>Qu\u2019est-ce que l\u2019actualisation mensuelle et \u00e0 quoi sert-elle ?<\/h1>\n<p>L\u2019actualisation mensuelle est <b>obligatoire<\/b> et consiste \u00e0 <b>mettre \u00e0 jour votre situation professionnelle et personnelle<\/b> aupr\u00e8s de France Travail ou par t\u00e9l\u00e9phone. Cette actualisation vous permet :<\/p>\n<ul>\n<li aria-level=\"1\">De maintenir vos droits aux allocations ch\u00f4mage.<\/li>\n<li aria-level=\"1\">De conserver le statut de demandeur d\u2019emploi.<\/li>\n<li aria-level=\"1\">D\u2019informer France Travail de votre situation en cas de changement.<\/li>\n<\/ul>\n<p>Le fait de ne pas actualiser votre situation signifie que France Travail ne peut pas \u00e9valuer votre droit aux allocations ch\u00f4mage, ce qui entra\u00eene des cons\u00e9quences.<\/p>\n<h1>Quelles sont les cons\u00e9quences d\u2019un oubli d\u2019actualisation aupr\u00e8s de France Travail ?<\/h1>\n<p>L\u2019oubli de votre actualisation aupr\u00e8s de France Travail peut entra\u00eener diff\u00e9rentes cons\u00e9quences :<\/p>\n<ul>\n<li aria-level=\"1\">Vous n\u2019\u00eate<b>s plus inscrit sur la liste des demandeurs d\u2019emploi<\/b> donc vous perdez votre statut de demandeur d\u2019emploi.<\/li>\n<li aria-level=\"1\">Vous ne percevez<b> plus d\u2019indemnisation <\/b>tant que vous n\u2019\u00eates pas inscrit.<\/li>\n<li aria-level=\"1\">Si vous percevez des allocations ch\u00f4mage \u00e0 tort, France Travail peut<b> demander un remboursement<\/b>.<\/li>\n<li aria-level=\"1\">Si vous avez r\u00e9alis\u00e9 une fausse d\u00e9claration ou une omission volontaire, vous vous exposez \u00e0 des<b> sanctions administratives<\/b>.<\/li>\n<\/ul>\n<h1>Que faire en cas d\u2019oubli d\u2019actualisation France Travail ?<\/h1>\n<h2>Se r\u00e9inscrire \u00e0 France Travail<\/h2>\n<h3>Comment proc\u00e9der ?<\/h3>\n<p>Pour vous r\u00e9inscrire \u00e0 France Travail, vous avez la possibilit\u00e9 d\u2019utiliser diff\u00e9rentes options :<\/p>\n<ul>\n<li aria-level=\"1\"><b>En ligne<\/b> : sur votre espace personnel sur le site de France Travail en cliquant sur le lien \u201cM\u2019inscrire, me r\u00e9inscrire\u201d sur la page d\u2019accueil.<\/li>\n<li aria-level=\"1\"><b>Par t\u00e9l\u00e9phone<\/b> : vous pouvez joindre un conseiller France Travail.<\/li>\n<li aria-level=\"1\"><b>En agence<\/b> : vous pouvez vous rendre en agence pour faire la d\u00e9marche sur des postes en libre acc\u00e8s ou demander de l\u2019aide \u00e0 un conseiller.<\/li>\n<\/ul>\n<h3>Sous quel d\u00e9lai pouvez-vous vous r\u00e9inscrire ?<\/h3>\n<p>Il n\u2019a pas de d\u00e9lai minimum \u00e0 respecter, vous pouvez<b> imm\u00e9diatement <\/b>vous r\u00e9inscrire sur France Travail apr\u00e8s la d\u00e9sinscription ou l\u2019oubli d\u2019actualisation. La d\u00e9marche peut \u00eatre faite en ligne \u00e0 tout moment ou d\u00e8s l\u2019ouverture d\u2019une agence pour une r\u00e9inscription faite sur place. De plus, si la r\u00e9inscription est faite dans un d\u00e9lai de <b>moins de 6 mois<\/b> apr\u00e8s la pr\u00e9c\u00e9dente inscription, la proc\u00e9dure est valid\u00e9e automatiquement sans entretien obligatoire. Vous reprenez automatiquement votre ancien dossier.<\/p>\n<h3>\u00c0 quel moment allez-vous recevoir vos allocations ?<\/h3>\n<p>Apr\u00e8s avoir fait votre actualisation France Travail, le virement de vos allocations sont transmises sous un d\u00e9lai moyen de<b> 3 jours ouvr\u00e9s<\/b> \u00e0 votre banque. Au plus tard cela prendra <b>5 jours ouvr\u00e9s<\/b>, hors week-ends et jours f\u00e9ri\u00e9s. Dans le cas o\u00f9 votre situation n\u2019aurait pas chang\u00e9, le paiement de vos indemnit\u00e9s sera lanc\u00e9 en moins de 48h par France Travail. Dans le cas contraire, si votre situation a chang\u00e9, le paiement peut \u00eatre retard\u00e9 jusqu\u2019\u00e0 la r\u00e9ception et la validation des justificatifs n\u00e9cessaires.<\/p>\n<p class=\"p1\"><div class='cta-block'><div class='text'>Simulez toutes vos Aides en 2 min.<\/div><a href='https:\/\/www.mes-allocs.fr\/ab-app?origin=guides\/wp-json\/wp\/v2\/posts\/66096' class='app-button fit'>Simulation gratuite<\/a><\/div><\/p>\n<h2>Former un recours gracieux pour obtenir une r\u00e9inscription r\u00e9troactive<\/h2>\n<p>Si votre oubli entra\u00eene une radiation ou un refus de r\u00e9inscription, vous avez le droit de demander une r\u00e9inscription r\u00e9troactive via un recours gracieux. Pour demander une r\u00e9inscription r\u00e9troactive \u00e0 France Travail, vous devez :<\/p>\n<ul>\n<li aria-level=\"1\">Adresser une <strong>r\u00e9clamation<\/strong> \u00e9crite \u00e0 votre agence France Travail \u00e0 partir de votre espace personnel, par courrier ou en agence, pour expliquer les raisons pour lesquelles vous demandez une r\u00e9inscription r\u00e9troactive et joindre les justificatifs n\u00e9cessaires.<\/li>\n<li aria-level=\"1\">Respecter les d\u00e9lais de <b>2 mois<\/b> \u00e0 compter de la notification de la d\u00e9cision de radiation ou du refus de r\u00e9inscription.<\/li>\n<li aria-level=\"1\">Saisir le <b>m\u00e9diateur r\u00e9gional <\/b>de France Travail si la r\u00e9ponse de France Travail ne vous convient pas.<\/li>\n<li aria-level=\"1\">Saisir le <b>tribunal administratif<\/b> pour contester la d\u00e9cision si la m\u00e9diation \u00e9choue.<\/li>\n<\/ul>\n<h2>Saisir le m\u00e9diateur de France Travail<\/h2>\n<p>Avant de saisir le m\u00e9diateur, vous devez d\u00e9poser une <b>r\u00e9clamation<\/b> aupr\u00e8s de votre agence. Si la r\u00e9ponse ne r\u00e8gle pas le probl\u00e8me ou si vous n\u2019obtenez pas de r\u00e9ponse, vous pouvez alors saisir le m\u00e9diateur. Cela se fait <b>par \u00e9crit, par email ou par courrier <\/b>mais vous avez aussi la possibilit\u00e9 de le faire \u00e0 partir de votre <b>espace personnel<\/b> sur le site de France Travail.<\/p>\n<p>Dans votre demande, vous devez d\u00e9crire l\u2019objet du litige et joindre les documents qui seront n\u00e9cessaires \u00e0 l\u2019examen de votre dossier. Cela vous aidera \u00e0 trouver une <b>solution amiable <\/b>au litige. De plus, pour certaines d\u00e9cisions, le fait de pr\u00e9alablement saisir le m\u00e9diateur est obligatoire avant de pouvoir saisir le juge administratif si le d\u00e9saccord est toujours pr\u00e9sent apr\u00e8s la m\u00e9diation.<\/p>\n<p><iframe loading=\"lazy\" title=\"Tout savoir sur le ch\u00f4mage en France !\" width=\"500\" height=\"281\" src=\"https:\/\/www.youtube.com\/embed\/jgv9qS4jh7k?feature=oembed\" frameborder=\"0\" allow=\"accelerometer; autoplay; clipboard-write; encrypted-media; gyroscope; picture-in-picture; web-share\" referrerpolicy=\"strict-origin-when-cross-origin\" allowfullscreen><\/iframe><\/p>\n<h1>Quand faut-il s\u2019actualiser aupr\u00e8s de France Travail ?<\/h1>\n<p>Vous devez faire votre actualisation chaque mois aupr\u00e8s de France Travail et cela entre le <b>28 et le 15 du mois suivant<\/b> (ou d\u00e8s le 26 en f\u00e9vrier). Pendant cette p\u00e9riode, vous devez d\u00e9clarer votre situation du mois \u00e9coul\u00e9. Comme pour une r\u00e9inscription, cela peut se faire en ligne, en agence ou par t\u00e9l\u00e9phone. Vous pouvez aussi proc\u00e9der \u00e0 votre actualisation \u00e0 partir de l\u2019application mobile \u201cMon espace\u201d. Enfin, les p\u00e9riodes d&rsquo;actualisation pour chaque mois d\u00e9butent \u00e0 minuit le premier jour et se cl\u00f4turent \u00e0 23h59 le dernier jour.<\/p>\n<h1>Comment ne plus oublier de vous actualiser sur France Travail ?<\/h1>\n<p>Pour ne pas oublier de vous actualiser sur France travail, vous pouvez :<\/p>\n<ul>\n<li aria-level=\"1\">Consulter le <b>calendrier<\/b> que France Travail publie chaque ann\u00e9e et qui indique la p\u00e9riode d\u2019actualisation.<\/li>\n<li aria-level=\"1\">Vous actualiser <b>d\u00e8s le premier<\/b> jour de la p\u00e9riode d\u2019actualisation.<\/li>\n<li aria-level=\"1\">Utiliser l\u2019<b>application mobile<\/b> pour recevoir des notifications sur la p\u00e9riode d\u2019actualisation.<\/li>\n<li aria-level=\"1\">Noter la p\u00e9riode d\u2019actualisation pour ne pas l\u2019oublier.<\/li>\n<\/ul>\n<div class='shortcode summary'><div class='title'>En r\u00e9sum\u00e9 :<\/div><div class='content'><ul><li>Pour conserver vos droits, l\u2019actualisation est obligatoire chaque mois.<\/li><li>Un oubli peut vous amener \u00e0 une radiation et une suspension de vos allocations.<\/li><li>Vous avez la possibilit\u00e9 de proc\u00e9der \u00e0 votre r\u00e9inscription rapidement en ligne, par t\u00e9l\u00e9phone ou en agence<\/li><li> Vous pouvez recourir \u00e0 un recours gracieux en cas de radiation.<\/li><li>Notes les date d\u2019ouverture de l\u2019actualisation (du 28 au 15 du mois suivant).<\/li><\/ul><\/div><\/div>\n<p class=\"p1\"><div class='cta-block'><div class='text'>Simulez toutes vos Aides en 2 min.<\/div><a href='https:\/\/www.mes-allocs.fr\/ab-app?origin=guides\/wp-json\/wp\/v2\/posts\/66096' class='app-button fit'>Simulation gratuite<\/a><\/div><\/p>\n<\/div>\n<\/div>\n<\/div>\n<\/div>\n<\/div>\n<\/div>\n<\/div>\n<\/div>\n","protected":false},"excerpt":{"rendered":"<p>Vous avez oubli\u00e9 l\u2019actualisation France Travail ? Cela pourrait avoir un impact sur vos allocations ch\u00f4mage. Sans l\u2019actualisation, votre inscription en tant que demandeur d\u2019emploi peut \u00eatre suspendue, ce qui entra\u00eene la coupure de vos indemnit\u00e9s. Dans cet article, d\u00e9couvrez que faire en cas d\u2019oubli d\u2019actualisation France Travail, les d\u00e9lais \u00e0 respecter et les d\u00e9marches [&hellip;]<\/p>\n","protected":false},"author":25,"featured_media":66015,"comment_status":"closed","ping_status":"open","sticky":false,"template":"","format":"standard","meta":{"amp_status":"","footnotes":""},"categories":[10066,2989,3007],"tags":[],"class_list":["post-66096","post","type-post","status-publish","format-standard","has-post-thumbnail","hentry","category-comment-actualiser-pole-emploi","category-chomage","category-pole-emploi-actualisation"],"yoast_head":"<!-- This site is optimized with the Yoast SEO plugin v14.9 - https:\/\/yoast.com\/wordpress\/plugins\/seo\/ -->\n<title>Actualisation France Travail oubli\u00e9e : que faire ? | Mes-Allocs.fr<\/title>\n<meta name=\"description\" content=\"Vous avez oubli\u00e9 votre actualisation France Travail ? D\u00e9couvrez les cons\u00e9quences et les mesures \u00e0 prendre pour que cela ne se reproduise plus.\" \/>\n<meta name=\"robots\" content=\"index, follow, max-snippet:-1, max-image-preview:large, max-video-preview:-1\" \/>\n<link rel=\"canonical\" href=\"https:\/\/www.mes-allocs.fr\/guides\/chomage\/pole-emploi-actualisation\/comment-actualiser-pole-emploi\/actualisation-pole-emploi-oublie\/\" \/>\n<meta property=\"og:locale\" content=\"fr_FR\" \/>\n<meta property=\"og:type\" content=\"article\" \/>\n<meta property=\"og:title\" content=\"Actualisation France Travail oubli\u00e9e : que faire ? | Mes-Allocs.fr\" \/>\n<meta property=\"og:description\" content=\"Vous avez oubli\u00e9 votre actualisation France Travail ? D\u00e9couvrez les cons\u00e9quences et les mesures \u00e0 prendre pour que cela ne se reproduise plus.\" \/>\n<meta property=\"og:url\" content=\"https:\/\/www.mes-allocs.fr\/guides\/chomage\/pole-emploi-actualisation\/comment-actualiser-pole-emploi\/actualisation-pole-emploi-oublie\/\" \/>\n<meta property=\"og:site_name\" content=\"Mes-Allocs.fr\" \/>\n<meta property=\"article:published_time\" content=\"2023-08-08T15:41:33+00:00\" \/>\n<meta property=\"article:modified_time\" content=\"2025-06-04T07:17:37+00:00\" \/>\n<meta property=\"og:image\" content=\"https:\/\/www.mes-allocs.fr\/guides\/wp-content\/uploads\/2023\/08\/image_2023-08-04_123344966-e1691145327172.png?wsr\" \/>\n\t<meta property=\"og:image:width\" content=\"1280\" \/>\n\t<meta property=\"og:image:height\" content=\"384\" \/>\n<meta name=\"twitter:card\" content=\"summary_large_image\" \/>\n<script type=\"application\/ld+json\" class=\"yoast-schema-graph\">{\"@context\":\"https:\/\/schema.org\",\"@graph\":[{\"@type\":\"WebSite\",\"@id\":\"https:\/\/www.mes-allocs.fr\/guides\/#website\",\"url\":\"https:\/\/www.mes-allocs.fr\/guides\/\",\"name\":\"Mes-Allocs.fr\",\"description\":\"\",\"potentialAction\":[{\"@type\":\"SearchAction\",\"target\":\"https:\/\/www.mes-allocs.fr\/guides\/?s={search_term_string}\",\"query-input\":\"required name=search_term_string\"}],\"inLanguage\":\"fr-FR\"},{\"@type\":\"ImageObject\",\"@id\":\"https:\/\/www.mes-allocs.fr\/guides\/chomage\/pole-emploi-actualisation\/comment-actualiser-pole-emploi\/actualisation-pole-emploi-oublie\/#primaryimage\",\"inLanguage\":\"fr-FR\",\"url\":\"https:\/\/www.mes-allocs.fr\/guides\/wp-content\/uploads\/2023\/08\/image_2023-08-04_123344966-e1691145327172.png?wsr\",\"width\":1280,\"height\":384,\"caption\":\"faut-il d\\u00e9clarer le brut ou le net ?\"},{\"@type\":\"WebPage\",\"@id\":\"https:\/\/www.mes-allocs.fr\/guides\/chomage\/pole-emploi-actualisation\/comment-actualiser-pole-emploi\/actualisation-pole-emploi-oublie\/#webpage\",\"url\":\"https:\/\/www.mes-allocs.fr\/guides\/chomage\/pole-emploi-actualisation\/comment-actualiser-pole-emploi\/actualisation-pole-emploi-oublie\/\",\"name\":\"Actualisation France Travail oubli\\u00e9e : que faire ? | Mes-Allocs.fr\",\"isPartOf\":{\"@id\":\"https:\/\/www.mes-allocs.fr\/guides\/#website\"},\"primaryImageOfPage\":{\"@id\":\"https:\/\/www.mes-allocs.fr\/guides\/chomage\/pole-emploi-actualisation\/comment-actualiser-pole-emploi\/actualisation-pole-emploi-oublie\/#primaryimage\"},\"datePublished\":\"2023-08-08T15:41:33+00:00\",\"dateModified\":\"2025-06-04T07:17:37+00:00\",\"author\":{\"@id\":\"https:\/\/www.mes-allocs.fr\/guides\/#\/schema\/person\/52b318867057023c2f6a62512d870cf7\"},\"description\":\"Vous avez oubli\\u00e9 votre actualisation France Travail ? D\\u00e9couvrez les cons\\u00e9quences et les mesures \\u00e0 prendre pour que cela ne se reproduise plus.\",\"inLanguage\":\"fr-FR\"},{\"@type\":\"Person\",\"@id\":\"https:\/\/www.mes-allocs.fr\/guides\/#\/schema\/person\/52b318867057023c2f6a62512d870cf7\",\"name\":\"Eric Zotoglo\",\"image\":{\"@type\":\"ImageObject\",\"@id\":\"https:\/\/www.mes-allocs.fr\/guides\/#personlogo\",\"inLanguage\":\"fr-FR\",\"url\":\"https:\/\/www.mes-allocs.fr\/guides\/wp-content\/uploads\/2023\/06\/PXL_20230324_080412913.NIGHT2_1-150x150.jpg\",\"caption\":\"Eric Zotoglo\"},\"description\":\"Eric est juriste sp\\u00e9cialis\\u00e9e en droit du num\\u00e9rique et de la protection sociale. Il rejoint Mes Allocs apr\\u00e8s une premi\\u00e8re exp\\u00e9rience dans le secteur du journalisme.\",\"sameAs\":[\"https:\/\/www.linkedin.com\/in\/eric-zotoglo-1a8a9a55\/\"]}]}<\/script>\n<!-- \/ Yoast SEO plugin. -->","amp_validity":null,"acf":{"faq":{"1":{"question":"Qu'est-ce que l'actualisation France Travail ?","answer":"L'actualisation France Travail mensuelle permet la mise \u00e0 jour de sa situation afin d'\u00eatre en mesure de recevoir l'Aide au Retour \u00e0 l'Emploi.\r\n<br> <a href=\"https:\/\/www.mes-allocs.fr\/guides\/chomage\/pole-emploi-actualisation\/\">Lire la suite<\/a>\r\n"},"2":{"question":"L'actualisation France Travail est-elle obligatoire ?","answer":"Effectuer une d\u00e9claration mensuelle aupr\u00e8s de France Travail est obligatoire si vous souhaitez b\u00e9n\u00e9ficier de la protection de cet organisme."},"3":{"question":"Comment faire pour s'actualiser \u00e0 France Travail ?","answer":"Pour d\u00e9clarer votre situation chaque mois, vous disposez des moyens suivants :\r\n-Par internet \r\n-Sur l'application mobile \"Mon espace\"\r\n-Par t\u00e9l\u00e9phone \r\n-Sur la borne UNIDIALOG dans les locaux de France Travail.\r\nhttps:\/\/www.mes-allocs.fr\/guides\/chomage\/pole-emploi-actualisation\/"},"4":{"question":"Quelles sont les cons\u00e9quences d'une erreur d'actualisation France Travail ?","answer":"L'actualisation mensuelle est importante. Si vous faites des erreurs, vous risquez : \r\n-La cessation d'inscription sur la liste des demandeurs d'emploi ;\r\n-L'arr\u00eat du paiement de vos allocations ch\u00f4mage ; "},"5":{"question":"Pourquoi je ne peux pas actualiser ma situation France Travail ?","answer":"Si les raisons pour lesquelles vous n'avez pas pu vous actualiser sont valables, pr\u00e9sentez vous au plus vite dans votre Travail et expliquez votre situation."},"6":{"question":"Quand commence l'indemnisation France Travail ?","answer":"Le d\u00e9lai d'attente est fix\u00e9 \u00e0 7 jours.\r\n\r\nIl s'applique aux ouvertures de droits (lors d'une premi\u00e8re inscription par exemple), mais \u00e9galement quand le versement d'un ancien droit est repris ou qu'un nouveau droit est ouvert."},"7":{"question":"","answer":""},"8":{"question":"","answer":""},"9":{"question":"","answer":""},"10":{"question":"","answer":""},"11":{"question":"","answer":""},"12":{"question":"","answer":""},"13":{"question":"","answer":""},"14":{"question":"","answer":""},"15":{"question":"","answer":""},"16":{"question":"","answer":""}}},"_links":{"self":[{"href":"https:\/\/www.mes-allocs.fr\/guides\/wp-json\/wp\/v2\/posts\/66096","targetHints":{"allow":["GET"]}}],"collection":[{"href":"https:\/\/www.mes-allocs.fr\/guides\/wp-json\/wp\/v2\/posts"}],"about":[{"href":"https:\/\/www.mes-allocs.fr\/guides\/wp-json\/wp\/v2\/types\/post"}],"author":[{"embeddable":true,"href":"https:\/\/www.mes-allocs.fr\/guides\/wp-json\/wp\/v2\/users\/25"}],"replies":[{"embeddable":true,"href":"https:\/\/www.mes-allocs.fr\/guides\/wp-json\/wp\/v2\/comments?post=66096"}],"version-history":[{"count":9,"href":"https:\/\/www.mes-allocs.fr\/guides\/wp-json\/wp\/v2\/posts\/66096\/revisions"}],"predecessor-version":[{"id":99859,"href":"https:\/\/www.mes-allocs.fr\/guides\/wp-json\/wp\/v2\/posts\/66096\/revisions\/99859"}],"wp:featuredmedia":[{"embeddable":true,"href":"https:\/\/www.mes-allocs.fr\/guides\/wp-json\/wp\/v2\/media\/66015"}],"wp:attachment":[{"href":"https:\/\/www.mes-allocs.fr\/guides\/wp-json\/wp\/v2\/media?parent=66096"}],"wp:term":[{"taxonomy":"category","embeddable":true,"href":"https:\/\/www.mes-allocs.fr\/guides\/wp-json\/wp\/v2\/categories?post=66096"},{"taxonomy":"post_tag","embeddable":true,"href":"https:\/\/www.mes-allocs.fr\/guides\/wp-json\/wp\/v2\/tags?post=66096"}],"curies":[{"name":"wp","href":"https:\/\/api.w.org\/{rel}","templated":true}]}}