{"id":66064,"date":"2023-08-07T18:19:41","date_gmt":"2023-08-07T16:19:41","guid":{"rendered":"https:\/\/www.mes-allocs.fr\/guides\/?p=66064"},"modified":"2025-04-23T09:34:17","modified_gmt":"2025-04-23T07:34:17","slug":"actualisation-pole-emploi-sasu","status":"publish","type":"post","link":"https:\/\/www.mes-allocs.fr\/guides\/chomage\/pole-emploi-actualisation\/comment-actualiser-pole-emploi\/actualisation-pole-emploi-sasu\/","title":{"rendered":"Actualisation France Travail et SASU : comment \u00e7a marche ?"},"content":{"rendered":"<p><img loading=\"lazy\" decoding=\"async\" class=\"alignnone wp-image-66065 size-full\" title=\"image\" src=\"https:\/\/www.mes-allocs.fr\/guides\/wp-content\/uploads\/2023\/08\/image_2023-08-07_122203615-e1691403765712.png\" alt=\"Actualisation P\u00f4le Emploi et SASU : comment \u00e7a marche ?\" width=\"1280\" height=\"300\" srcset=\"https:\/\/www.mes-allocs.fr\/guides\/wp-content\/uploads\/2023\/08\/image_2023-08-07_122203615-e1691403765712.png 1280w, https:\/\/www.mes-allocs.fr\/guides\/wp-content\/uploads\/2023\/08\/image_2023-08-07_122203615-e1691403765712-300x70.png 300w, https:\/\/www.mes-allocs.fr\/guides\/wp-content\/uploads\/2023\/08\/image_2023-08-07_122203615-e1691403765712-1024x240.png 1024w, https:\/\/www.mes-allocs.fr\/guides\/wp-content\/uploads\/2023\/08\/image_2023-08-07_122203615-e1691403765712-768x180.png 768w, https:\/\/www.mes-allocs.fr\/guides\/wp-content\/uploads\/2023\/08\/image_2023-08-07_122203615-e1691403765712-600x141.png 600w\" sizes=\"auto, (max-width: 1280px) 100vw, 1280px\" \/><\/p>\n<p>L&rsquo;actualisation aupr\u00e8s de France Travail est une d\u00e9marche obligatoire. Cette proc\u00e9dure permet non seulement de maintenir son inscription en tant que demandeur d&#8217;emploi, mais aussi de potentiellement b\u00e9n\u00e9ficier des allocations <a href=\"https:\/\/www.mes-allocs.fr\/guides\/chomage\/\">ch\u00f4mage<\/a> (ARE) sous certaines conditions. Dans cet article, d\u00e9couvrez comment fonctionne l\u2019<b>actualisation France Travail pour les dirigeants de SASU<\/b>.<\/p>\n<div class='cta-block'><div class='text'>Simulez toutes vos aides en 2 min.<\/div><a href='https:\/\/www.mes-allocs.fr\/ab-app?origin=guides\/wp-json\/wp\/v2\/posts\/66064' class='app-button fit'>Simulation gratuite<\/a><\/div>\n<h1>Qu\u2019est-ce que l\u2019actualisation France Travail et pourquoi est-elle importante pour les pr\u00e9sidents de SASU ?<\/h1>\n<p>L&rsquo;actualisation aupr\u00e8s de France Travail est obligatoire. Durant cette d\u00e9marche, il faut signaler sa situation professionnelle et personnelle \u00e0 France Travail. Cela permet de <b>rester inscrit comme demandeur d&#8217;emploi<\/b> et de <b>toucher l&rsquo;allocation ch\u00f4mage<\/b> (ARE) si on y a droit. Pour les pr\u00e9sidents de SASU, cette actualisation est importante car elle ajuste le montant des allocations selon la situation r\u00e9elle du dirigeant, surtout en fonction de la r\u00e9mun\u00e9ration qu&rsquo;il re\u00e7oit ou non pour son mandat. Si vous ne faites pas cette actualisation ou si vous d\u00e9clarez des informations fausses, vous risquez de ne plus recevoir les allocations ou de devoir les rembourser, ce qui peut mettre en danger nos droits.<\/p>\n<h1>Peut-on cumuler SASU et allocations ch\u00f4mage ?<\/h1>\n<p>Oui, il est possible de cumuler le statut de pr\u00e9sident de SASU et le b\u00e9n\u00e9fice des allocations ch\u00f4mage, sous certaines conditions. Si le pr\u00e9sident ne se verse aucune r\u00e9mun\u00e9ration, il peut percevoir l\u2019int\u00e9gralit\u00e9 de ses droits \u00e0 l\u2019ARE. En cas de r\u00e9mun\u00e9ration, le montant des allocations est r\u00e9duit selon un calcul pr\u00e9cis\u202f: France Travail d\u00e9duit 70\u202f% de la r\u00e9mun\u00e9ration brute mensuelle du montant de l\u2019ARE normalement per\u00e7ue. Si la r\u00e9mun\u00e9ration devient sup\u00e9rieure ou \u00e9gale \u00e0 l\u2019ancienne r\u00e9mun\u00e9ration ayant servi de base au calcul des droits, l\u2019allocation ch\u00f4mage n\u2019est plus vers\u00e9e.<\/p>\n<h1>Quand faut-il faire sa d\u00e9claration France Travail, en tant que dirigeant de SASU ?<\/h1>\n<p>En tant que dirigeant d&rsquo;une SASU, il est important de proc\u00e9der \u00e0 votre <b>d\u00e9claration de revenus<\/b> de mani\u00e8re r\u00e9guli\u00e8re. Cette actualisation doit \u00eatre effectu\u00e9e <b>entre le 28 du mois en cours et le 15 du mois suivant<\/b>. Il est aussi important de respecter ce d\u00e9lai pour se conformer aux exigences l\u00e9gales et pr\u00e9venir d&rsquo;\u00e9ventuelles sanctions..<\/p>\n<p>En cas de non-respect de cette obligation d\u00e9clarative, des <b>p\u00e9nalit\u00e9s<\/b> peuvent \u00eatre appliqu\u00e9es. Il est donc dans votre int\u00e9r\u00eat de respecter ces d\u00e9lais.<\/p>\n<p><iframe loading=\"lazy\" title=\"Tout savoir sur le ch\u00f4mage en France !\" width=\"500\" height=\"281\" src=\"https:\/\/www.youtube.com\/embed\/jgv9qS4jh7k?feature=oembed\" frameborder=\"0\" allow=\"accelerometer; autoplay; clipboard-write; encrypted-media; gyroscope; picture-in-picture; web-share\" referrerpolicy=\"strict-origin-when-cross-origin\" allowfullscreen><\/iframe><\/p>\n<div class='cta-block'><div class='text'>Simulez toutes vos aides en 2 min.<\/div><a href='https:\/\/www.mes-allocs.fr\/ab-app?origin=guides\/wp-json\/wp\/v2\/posts\/66064' class='app-button fit'>Simulation gratuite<\/a><\/div>\n<h1>Que faut-il d\u00e9clarer lors de l\u2019actualisation France Travail ?<\/h1>\n<p>Lors de l\u2019actualisation mensuelle aupr\u00e8s de France Travail, un dirigeant de SASU doit imp\u00e9rativement d\u00e9clarer\u202f:<\/p>\n<ul>\n<li aria-level=\"1\">Le <b>montant de la r\u00e9mun\u00e9ration<\/b> per\u00e7ue au titre du mandat social, m\u00eame s\u2019il est nul.<\/li>\n<\/ul>\n<ul>\n<li aria-level=\"1\">Le <b>nombre estim\u00e9 d\u2019heures travaill\u00e9es <\/b>au cours du mois.<\/li>\n<\/ul>\n<ul>\n<li aria-level=\"1\">Toute <b>autre activit\u00e9 salari\u00e9e<\/b> exerc\u00e9e en parall\u00e8le, en indiquant le montant des r\u00e9mun\u00e9rations correspondantes.<\/li>\n<li aria-level=\"1\">Un<b> justificatif de la situation<\/b>\u202f: une fiche de paie en cas de r\u00e9mun\u00e9ration, ou un proc\u00e8s-verbal de non-r\u00e9mun\u00e9ration accompagn\u00e9 d\u2019une attestation comptable si aucune r\u00e9mun\u00e9ration n\u2019a \u00e9t\u00e9 per\u00e7ue.<\/li>\n<\/ul>\n<p>\u00c0 noter : en cas d\u2019absence de r\u00e9mun\u00e9ration, le versement de l\u2019allocation n\u2019interviendra qu\u2019apr\u00e8s r\u00e9ception et validation du justificatif attestant de la non-r\u00e9mun\u00e9ration.<\/p>\n<h1>Comment faire son actualisation France Travail, en tant que dirigeant de SASU ?<\/h1>\n<p>L\u2019actualisation mensuelle en tant que dirigeant de SASU se r\u00e9alise en ligne sur le site France Travail, via l\u2019application mobile ou par t\u00e9l\u00e9phone. Chaque mois, entre le 28 et le 15 du mois suivant, vous devez d\u00e9clarer si vous avez travaill\u00e9, indiquer le nombre estim\u00e9 d\u2019heures effectu\u00e9es, et pr\u00e9ciser le montant de votre r\u00e9mun\u00e9ration au titre du mandat social, m\u00eame si celle-ci est nulle.<\/p>\n<p>Apr\u00e8s avoir valid\u00e9 votre actualisation, vous devez transmettre un justificatif\u202f: une fiche de paie si vous \u00eates r\u00e9mun\u00e9r\u00e9 ou un proc\u00e8s-verbal de non-r\u00e9mun\u00e9ration accompagn\u00e9 d\u2019une attestation comptable si vous ne percevez aucune r\u00e9mun\u00e9ration. Ce justificatif peut \u00eatre envoy\u00e9 directement en ligne lors de l\u2019actualisation, via la rubrique \u00ab\u202fMes \u00e9changes avec France Travail\u202f\u00bb de votre espace personnel ou par courrier si besoin.<\/p>\n<p>En cas de r\u00e9mun\u00e9ration, France Travail verse g\u00e9n\u00e9ralement une avance de 80\u202f% du compl\u00e9ment d\u2019allocation, puis r\u00e9gularise le paiement apr\u00e8s r\u00e9ception et v\u00e9rification du justificatif. Si aucune r\u00e9mun\u00e9ration n\u2019est d\u00e9clar\u00e9e, le paiement de l\u2019allocation n\u2019interviendra qu\u2019apr\u00e8s validation du justificatif de non-r\u00e9mun\u00e9ration.<\/p>\n<h1>Quels sont les risques li\u00e9s \u00e0 l\u2019actualisation mensuelle de France Travail en SASU ?<\/h1>\n<p>L\u2019actualisation mensuelle aupr\u00e8s de France Travail en tant que pr\u00e9sident de SASU comporte plusieurs risques en cas d\u2019erreur, d\u2019omission ou de d\u00e9claration inexacte :<\/p>\n<ul>\n<li aria-level=\"1\"><b>Le risque de remboursement des allocations<\/b> : toute erreur ou oubli, notamment la non-d\u00e9claration d\u2019une r\u00e9mun\u00e9ration ou d\u2019un changement de situation, peut entra\u00eener l\u2019obligation de rembourser les allocations ch\u00f4mage que vous n&rsquo;auriez pas d\u00fb recevoir.<\/li>\n<li aria-level=\"1\"><b>La suspension ou la suppression des droits <\/b>: une mauvaise d\u00e9claration ou une absence d\u2019actualisation peut conduire \u00e0 la suspension, voire \u00e0 la suppression d\u00e9finitive du versement des allocations et \u00e0 la tradition de la liste des demandeurs d\u2019emploi.<\/li>\n<li aria-level=\"1\"><b>Les sanctions administratives et p\u00e9nales<\/b> : en cas de fausse d\u00e9claration (par exemple, une fausse attestation de non-r\u00e9mun\u00e9raton), le dirigeant s\u2019expose \u00e0 des sanctions administratives (amendes, p\u00e9nalit\u00e9s financi\u00e8res) et p\u00e9nales pouvant aller jusqu\u2019\u00e0 un an d\u2019emprisonnement et 15 000 \u20ac d\u2019amende, voire plus si la fraude porte pr\u00e9judice au Tr\u00e9sor public.<\/li>\n<li aria-level=\"1\"><b>Le redressement social et fiscal :<\/b> si la r\u00e9mun\u00e9ration est mal d\u00e9clar\u00e9e, la soci\u00e9t\u00e9 peut \u00eatre redevable du paiement des cotisations sociales major\u00e9es de p\u00e9nalit\u00e9s et d\u2019int\u00e9r\u00eats de retard et le pr\u00e9sident peut subir un redressement fiscal en cas de d\u00e9claration inexacte ou incompl\u00e8te.<\/li>\n<\/ul>\n<p><b>Le blocage ou le retard de paiement <\/b>: en l\u2019absence de justificatif de r\u00e9mun\u00e9ration ou de non-r\u00e9mun\u00e9ration, France Travail peut bloquer ou retarder le versement de l\u2019allocation jusqu\u2019\u00e0 la r\u00e9gularisation de la situation.<\/p>\n<div class='cta-block'><div class='text'>Simulez toutes vos aides en 2 min.<\/div><a href='https:\/\/www.mes-allocs.fr\/ab-app?origin=guides\/wp-json\/wp\/v2\/posts\/66064' class='app-button fit'>Simulation gratuite<\/a><\/div>\n","protected":false},"excerpt":{"rendered":"<p>L&rsquo;actualisation aupr\u00e8s de France Travail est une d\u00e9marche obligatoire. Cette proc\u00e9dure permet non seulement de maintenir son inscription en tant que demandeur d&#8217;emploi, mais aussi de potentiellement b\u00e9n\u00e9ficier des allocations ch\u00f4mage (ARE) sous certaines conditions. Dans cet article, d\u00e9couvrez comment fonctionne l\u2019actualisation France Travail pour les dirigeants de SASU. Qu\u2019est-ce que l\u2019actualisation France Travail et [&hellip;]<\/p>\n","protected":false},"author":25,"featured_media":0,"comment_status":"closed","ping_status":"open","sticky":false,"template":"","format":"standard","meta":{"amp_status":"","footnotes":""},"categories":[10066,2989,3007],"tags":[],"class_list":["post-66064","post","type-post","status-publish","format-standard","hentry","category-comment-actualiser-pole-emploi","category-chomage","category-pole-emploi-actualisation"],"yoast_head":"<!-- This site is optimized with the Yoast SEO plugin v14.9 - https:\/\/yoast.com\/wordpress\/plugins\/seo\/ -->\n<title>Actualisation France Travail et SASU : comment \u00e7a marche ?<\/title>\n<meta name=\"description\" content=\"Dirigeant de SASU ? D\u00e9couvrez comment actualiser votre situation chaque mois aupr\u00e8s de France Travail et \u00e9viter les erreurs.\" \/>\n<meta name=\"robots\" content=\"index, follow, max-snippet:-1, max-image-preview:large, max-video-preview:-1\" \/>\n<link rel=\"canonical\" href=\"https:\/\/www.mes-allocs.fr\/guides\/chomage\/pole-emploi-actualisation\/comment-actualiser-pole-emploi\/actualisation-pole-emploi-sasu\/\" \/>\n<meta property=\"og:locale\" content=\"fr_FR\" \/>\n<meta property=\"og:type\" content=\"article\" \/>\n<meta property=\"og:title\" content=\"Actualisation France Travail et SASU : comment \u00e7a marche ?\" \/>\n<meta property=\"og:description\" content=\"Dirigeant de SASU ? D\u00e9couvrez comment actualiser votre situation chaque mois aupr\u00e8s de France Travail et \u00e9viter les erreurs.\" \/>\n<meta property=\"og:url\" content=\"https:\/\/www.mes-allocs.fr\/guides\/chomage\/pole-emploi-actualisation\/comment-actualiser-pole-emploi\/actualisation-pole-emploi-sasu\/\" \/>\n<meta property=\"og:site_name\" content=\"Mes-Allocs.fr\" \/>\n<meta property=\"article:published_time\" content=\"2023-08-07T16:19:41+00:00\" \/>\n<meta property=\"article:modified_time\" content=\"2025-04-23T07:34:17+00:00\" \/>\n<meta property=\"og:image\" content=\"https:\/\/www.mes-allocs.fr\/guides\/wp-content\/uploads\/2023\/08\/image_2023-08-07_122203615-e1691403765712.png\" \/>\n<meta name=\"twitter:card\" content=\"summary_large_image\" \/>\n<script type=\"application\/ld+json\" class=\"yoast-schema-graph\">{\"@context\":\"https:\/\/schema.org\",\"@graph\":[{\"@type\":\"WebSite\",\"@id\":\"https:\/\/www.mes-allocs.fr\/guides\/#website\",\"url\":\"https:\/\/www.mes-allocs.fr\/guides\/\",\"name\":\"Mes-Allocs.fr\",\"description\":\"\",\"potentialAction\":[{\"@type\":\"SearchAction\",\"target\":\"https:\/\/www.mes-allocs.fr\/guides\/?s={search_term_string}\",\"query-input\":\"required name=search_term_string\"}],\"inLanguage\":\"fr-FR\"},{\"@type\":\"ImageObject\",\"@id\":\"https:\/\/www.mes-allocs.fr\/guides\/chomage\/pole-emploi-actualisation\/comment-actualiser-pole-emploi\/actualisation-pole-emploi-sasu\/#primaryimage\",\"inLanguage\":\"fr-FR\",\"url\":\"https:\/\/www.mes-allocs.fr\/guides\/wp-content\/uploads\/2023\/08\/image_2023-08-07_122203615-e1691403765712.png?wsr\",\"width\":1280,\"height\":300,\"caption\":\"image\"},{\"@type\":\"WebPage\",\"@id\":\"https:\/\/www.mes-allocs.fr\/guides\/chomage\/pole-emploi-actualisation\/comment-actualiser-pole-emploi\/actualisation-pole-emploi-sasu\/#webpage\",\"url\":\"https:\/\/www.mes-allocs.fr\/guides\/chomage\/pole-emploi-actualisation\/comment-actualiser-pole-emploi\/actualisation-pole-emploi-sasu\/\",\"name\":\"Actualisation France Travail et SASU : comment \\u00e7a marche ?\",\"isPartOf\":{\"@id\":\"https:\/\/www.mes-allocs.fr\/guides\/#website\"},\"primaryImageOfPage\":{\"@id\":\"https:\/\/www.mes-allocs.fr\/guides\/chomage\/pole-emploi-actualisation\/comment-actualiser-pole-emploi\/actualisation-pole-emploi-sasu\/#primaryimage\"},\"datePublished\":\"2023-08-07T16:19:41+00:00\",\"dateModified\":\"2025-04-23T07:34:17+00:00\",\"author\":{\"@id\":\"https:\/\/www.mes-allocs.fr\/guides\/#\/schema\/person\/52b318867057023c2f6a62512d870cf7\"},\"description\":\"Dirigeant de SASU ? D\\u00e9couvrez comment actualiser votre situation chaque mois aupr\\u00e8s de France Travail et \\u00e9viter les erreurs.\",\"inLanguage\":\"fr-FR\"},{\"@type\":\"Person\",\"@id\":\"https:\/\/www.mes-allocs.fr\/guides\/#\/schema\/person\/52b318867057023c2f6a62512d870cf7\",\"name\":\"Eric Zotoglo\",\"image\":{\"@type\":\"ImageObject\",\"@id\":\"https:\/\/www.mes-allocs.fr\/guides\/#personlogo\",\"inLanguage\":\"fr-FR\",\"url\":\"https:\/\/www.mes-allocs.fr\/guides\/wp-content\/uploads\/2023\/06\/PXL_20230324_080412913.NIGHT2_1-150x150.jpg\",\"caption\":\"Eric Zotoglo\"},\"description\":\"Eric est juriste sp\\u00e9cialis\\u00e9e en droit du num\\u00e9rique et de la protection sociale. Il rejoint Mes Allocs apr\\u00e8s une premi\\u00e8re exp\\u00e9rience dans le secteur du journalisme.\",\"sameAs\":[\"https:\/\/www.linkedin.com\/in\/eric-zotoglo-1a8a9a55\/\"]}]}<\/script>\n<!-- \/ Yoast SEO plugin. -->","amp_validity":null,"acf":{"faq":{"1":{"question":"Qu'est-ce que l'actualisation France Travail ?","answer":"L'actualisation France Traval mensuelle permet la mise \u00e0 jour de sa situation afin d'\u00eatre en mesure de recevoir l'Aide au Retour \u00e0 l'Emploi."},"2":{"question":"Comment pointer \u00e0 France Travail ? ","answer":"Il est possible de pointer \u00e0 France travail via le site, l'application, le t\u00e9l\u00e9phone ou en se rendant directement en agence. Il faut, dans tous les cas, remplir un formulaire. Dans certains cas, des justificatifs sont demand\u00e9s."},"3":{"question":"Puis-je m\u2019actualiser m\u00eame si ma soci\u00e9t\u00e9 n\u2019a pas encore de chiffre d'affaires ?","answer":"Oui, l\u2019absence de chiffre d'affaires n\u2019emp\u00eache pas l\u2019actualisation. Ce qui compte, c\u2019est la r\u00e9mun\u00e9ration per\u00e7ue ou non au titre de votre mandat. Vous devez fournir les justificatifs ad\u00e9quats, m\u00eame si vous n\u2019avez g\u00e9n\u00e9r\u00e9 aucun revenu."},"4":{"question":"Qui a le droit au ch\u00f4mage ?","answer":"L'Assurance ch\u00f4mage prot\u00e8ge les travailleurs salari\u00e9s contre la perte d'un revenu en cas de ch\u00f4mage. Elle leur permet de b\u00e9n\u00e9ficier d'une allocation et de continuer \u00e0 cumuler des points pour la retraite m\u00eame s'ils ont perdu leur emploi."},"5":{"question":"Comment faire pour toucher le ch\u00f4mage apr\u00e8s une d\u00e9mission ?","answer":"La d\u00e9mission l\u00e9gitime n'est pas l'unique cas qui ouvre droit au ch\u00f4mage apr\u00e8s une d\u00e9mission. Lorsque vous effectuez une reconversion professionnelle ou que vous cr\u00e9ez ou reprenez une entreprise, vous pouvez \u00e9galement b\u00e9n\u00e9ficier des allocations ch\u00f4mage"},"6":{"question":"Comment calculer les indemnit\u00e9s de ch\u00f4mage ?","answer":"Le montant de l'allocation d'aide au retour \u00e0 l'emploi (ARE) est calcul\u00e9 \u00e0 partir de votre salaire journalier de r\u00e9f\u00e9rence (SJR). Ce salaire de r\u00e9f\u00e9rence prend en compte tous vos salaires bruts per\u00e7us au cours des 12 derniers mois, primes comprises, mais hors indemnit\u00e9s li\u00e9es \u00e0 la rupture de votre contrat."},"7":{"question":"","answer":""},"8":{"question":"","answer":""},"9":{"question":"","answer":""},"10":{"question":"","answer":""},"11":{"question":"","answer":""},"12":{"question":"","answer":""},"13":{"question":"","answer":""},"14":{"question":"","answer":""},"15":{"question":"","answer":""},"16":{"question":"","answer":""}}},"_links":{"self":[{"href":"https:\/\/www.mes-allocs.fr\/guides\/wp-json\/wp\/v2\/posts\/66064","targetHints":{"allow":["GET"]}}],"collection":[{"href":"https:\/\/www.mes-allocs.fr\/guides\/wp-json\/wp\/v2\/posts"}],"about":[{"href":"https:\/\/www.mes-allocs.fr\/guides\/wp-json\/wp\/v2\/types\/post"}],"author":[{"embeddable":true,"href":"https:\/\/www.mes-allocs.fr\/guides\/wp-json\/wp\/v2\/users\/25"}],"replies":[{"embeddable":true,"href":"https:\/\/www.mes-allocs.fr\/guides\/wp-json\/wp\/v2\/comments?post=66064"}],"version-history":[{"count":8,"href":"https:\/\/www.mes-allocs.fr\/guides\/wp-json\/wp\/v2\/posts\/66064\/revisions"}],"predecessor-version":[{"id":98680,"href":"https:\/\/www.mes-allocs.fr\/guides\/wp-json\/wp\/v2\/posts\/66064\/revisions\/98680"}],"wp:attachment":[{"href":"https:\/\/www.mes-allocs.fr\/guides\/wp-json\/wp\/v2\/media?parent=66064"}],"wp:term":[{"taxonomy":"category","embeddable":true,"href":"https:\/\/www.mes-allocs.fr\/guides\/wp-json\/wp\/v2\/categories?post=66064"},{"taxonomy":"post_tag","embeddable":true,"href":"https:\/\/www.mes-allocs.fr\/guides\/wp-json\/wp\/v2\/tags?post=66064"}],"curies":[{"name":"wp","href":"https:\/\/api.w.org\/{rel}","templated":true}]}}