{"id":65599,"date":"2023-07-27T15:10:41","date_gmt":"2023-07-27T13:10:41","guid":{"rendered":"https:\/\/www.mes-allocs.fr\/guides\/?p=65599"},"modified":"2025-10-07T15:26:44","modified_gmt":"2025-10-07T13:26:44","slug":"combien-annee-travail-chomage","status":"publish","type":"post","link":"https:\/\/www.mes-allocs.fr\/guides\/chomage\/droit-au-chomage\/combien-annee-travail-chomage\/","title":{"rendered":"Comment calculer la dur\u00e9e de l&rsquo;indemnit\u00e9 ch\u00f4mage ?"},"content":{"rendered":"<p>L&rsquo;allocation ch\u00f4mage est un revenu de remplacement que vous pouvez percevoir si vous avez \u00e9t\u00e9 involontairement priv\u00e9 d&#8217;emploi. Le montant per\u00e7u varie selon votre dernier emploi de m\u00eame que la dur\u00e9e de versement. Mes Allocs vous explique comment <a href=\"https:\/\/www.mes-allocs.fr\/guides\/chomage\/calculer-chomage\/\">calculer<\/a> la dur\u00e9e de l&rsquo;indemnit\u00e9 ch\u00f4mage.<\/p>\n<div class='cta-block'><div class='text'>Simulez votre ch\u00f4mage en 2 min.<\/div><a href='https:\/\/www.mes-allocs.fr\/simulation-chomage?origin=guides\/wp-json\/wp\/v2\/posts\/65599' class='app-button fit'>Simulation gratuite<\/a><\/div>\n<h1>Qu&rsquo;est-ce que la dur\u00e9e d&rsquo;indemnit\u00e9 ch\u00f4mage ?<\/h1>\n<h2>La p\u00e9riode d&rsquo;affiliation<\/h2>\n<p>La p\u00e9riode d\u2019affiliation est le <strong>nombre de jours travaill\u00e9s \u00e0 compter du premier jour de la premi\u00e8re p\u00e9riode d\u2019emploi identifi\u00e9e dans la p\u00e9riode de r\u00e9f\u00e9rence (2 ans) jusqu\u2019au terme de cette p\u00e9riode.\u00a0 <\/strong>Le terme de cette p\u00e9riode d&rsquo;affiliation correspond \u00e0 la fin de contrat de travail prise en compte pour l\u2019ouverture de droits.<\/p>\n<p>La p\u00e9riode d&rsquo;affiliation sert \u00e0 d\u00e9compter les jours calendaires d\u00e9terminant la dur\u00e9e d\u2019indemnisation.<\/p>\n<h2>La dur\u00e9e d&rsquo;indemnisation ch\u00f4mage<\/h2>\n<p>La dur\u00e9e de l&rsquo;indemnit\u00e9 ch\u00f4mage est la dur\u00e9e sur laquelle s&rsquo;\u00e9tale les indemnit\u00e9s <a href=\"https:\/\/www.mes-allocs.fr\/guides\/chomage\">ch\u00f4mage<\/a>. Elle correspond au nombre de jours calendaires ou au nombre de mois pendant lesquels vous pouvez toucher l&rsquo;indemnit\u00e9 ch\u00f4mage. Les jours calendaires incluent les jours travaill\u00e9s et les jours non travaill\u00e9s (non couverts par un contrat de travail). Cette dur\u00e9e <strong>varie en fonction de l\u2019\u00e2ge des salari\u00e9s<\/strong> \u00e0 la fin de leur contrat de travail.<\/p>\n<div class='cta-block'><div class='text'>Simulez votre ch\u00f4mage en 2 min.<\/div><a href='https:\/\/www.mes-allocs.fr\/simulation-chomage?origin=guides\/wp-json\/wp\/v2\/posts\/65599' class='app-button fit'>Simulation gratuite<\/a><\/div>\n<h1>Comment conna\u00eetre ma dur\u00e9e d&rsquo;indemnit\u00e9 ?<\/h1>\n<h2>Les conditions pr\u00e9alables<\/h2>\n<p>Pour le calcul de la dur\u00e9e d&rsquo;indemnit\u00e9 ch\u00f4mage, des conditions sont \u00e0 remplir en fonction de votre \u00e2ge.<\/p>\n<ul>\n<li>Si vous avez moins de 53 ans, il faut avoir travaill\u00e9 pendant au moins 6 mois (soit 130 jours travaill\u00e9s) sur les deux ann\u00e9es (24 mois) pr\u00e9c\u00e9dents votre recherche d&#8217;emploi<\/li>\n<li>Si vous avez 53 ans ou plus, il faut avoir travaill\u00e9 pendant au moins 6 mois (soit 130 jours travaill\u00e9s) sur les trois ann\u00e9es (36 mois) pr\u00e9c\u00e9dents votre recherche d&#8217;emploi<\/li>\n<\/ul>\n<h2>Les p\u00e9riodes non prises en comptes dans le calcul<\/h2>\n<p>Certaines p\u00e9riodes non couvertes par un contrat de travail n&rsquo;entrent non plus dans les jours d&rsquo;inactivit\u00e9s pris en compte dans le calcul de la dur\u00e9e d\u2019indemnisation. Sont ainsi soustraits les jours calendaires correspondant aux p\u00e9riodes :<\/p>\n<ul>\n<li>d\u2019arr\u00eat maladie de plus de 15 jours cons\u00e9cutifs,<\/li>\n<li>de cong\u00e9 maternit\u00e9, paternit\u00e9, d\u2019adoption,<\/li>\n<li>d\u2019accident du travail \/ maladie professionnelle,<\/li>\n<li>de formation inscrites dans le PPAE ou non inscrites dans le PPAE mais financ\u00e9e en tout ou partie par le CPF (sauf exceptions)<\/li>\n<li>d&rsquo;activit\u00e9s non d\u00e9clar\u00e9es<\/li>\n<\/ul>\n<h2>Le calcul de la dur\u00e9e d&rsquo;indemnisation<\/h2>\n<p>La dur\u00e9e d\u2019indemnisation se calcule en plusieurs \u00e9tapes. On commence par :<\/p>\n<ul>\n<li>Faire la somme du nombre de jours calendaires d\u00e9compt\u00e9s du premier jour au dernier jour d\u2019emploi identifi\u00e9s sur les deux ann\u00e9es pr\u00e9c\u00e9dentes<\/li>\n<li>D\u00e9duire du nombre de jours calendaires, les jours correspondant \u00e0 certaines p\u00e9riodes hors contrat de travail et non prise en compte (comme \u00e9nonc\u00e9 ci-dessus)<\/li>\n<li>Prendre en compte les jours non travaill\u00e9s (entre le premier jour travaill\u00e9 et le dernier jour travaill\u00e9) dans la limite du plafond de 75% des jours travaill\u00e9s.<\/li>\n<li>Appliquer un coefficient 0,75 \u00e0 la dur\u00e9e d\u2019indemnisation trouv\u00e9e<\/li>\n<\/ul>\n<p>\u00c0 noter : ce coefficient 0,75\u00a0<strong>ne s\u2019applique pas aux demandeurs d\u2019emploi r\u00e9sidant<\/strong>, au moment de l\u2019ouverture de leur droit \u00e0 l\u2019allocation d\u2019assurance ch\u00f4mage,\u00a0<strong>dans les d\u00e9partements et collectivit\u00e9s d\u2019outre-mer<\/strong>.<\/p>\n<p>Toutefois, selon votre tranche d&rsquo;\u00e2ge, une dur\u00e9e maximale d&rsquo;indemnisation vous est fix\u00e9e.<\/p>\n<p>Pour les personnes de moins de 53 ans, nous avons :<\/p>\n\n    <h2 class=\"wpdt-c\"\n        id=\"wdt-table-title-287\">Dur\u00e9e Maximale Versement Ch\u00f4mage -53 ans<\/h2>\n<div class=\"wpdt-c row wpDataTableContainerSimpleTable wpDataTables wpDataTablesWrapper\n\"\n    >\n    <table id=\"wpdtSimpleTable-287\"\n           class=\"wpdtSimpleTable wpDataTable\"\n           data-column=\"2\"\n           data-rows=\"4\"\n           data-wpID=\"287\"\n           data-responsive=\"0\"\n           data-has-header=\"0\">\n\n                    <tbody>        <tr class=\"wpdt-cell-row \" >\n                            <td class=\"wpdt-cell wpdt-bc-00BCD4\"\n                                    data-cell-id=\"A1\"\n                data-col-index=\"0\"\n                data-row-index=\"0\"\n                style=\" width:50%;                padding:10px;\"\n                >\n                                Dur\u00e9e d\u2019emploi (sur les 24 mois pr\u00e9c\u00e9dant la fin de votre contrat)                <\/td>\n                                            <td class=\"wpdt-cell wpdt-bold wpdt-bc-00BCD4\"\n                                    data-cell-id=\"B1\"\n                data-col-index=\"1\"\n                data-row-index=\"0\"\n                style=\" width:50%;                padding:10px;\"\n                >\n                                Dur\u00e9e d\u2019indemnisation maximale                <\/td>\n                                        <\/tr>\n                            <tr class=\"wpdt-cell-row \" >\n                            <td class=\"wpdt-cell \"\n                                    data-cell-id=\"A2\"\n                data-col-index=\"0\"\n                data-row-index=\"1\"\n                style=\"                padding:10px;\"\n                >\n                                Moins de 6 mois                <\/td>\n                                            <td class=\"wpdt-cell \"\n                                    data-cell-id=\"B2\"\n                data-col-index=\"1\"\n                data-row-index=\"1\"\n                style=\"                padding:10px;\"\n                >\n                                Pas d\u2019indemnisation                <\/td>\n                                        <\/tr>\n                            <tr class=\"wpdt-cell-row \" >\n                            <td class=\"wpdt-cell \"\n                                    data-cell-id=\"A3\"\n                data-col-index=\"0\"\n                data-row-index=\"2\"\n                style=\"                padding:10px;\"\n                >\n                                Entre 6 mois et 2 ans                <\/td>\n                                            <td class=\"wpdt-cell \"\n                                    data-cell-id=\"B3\"\n                data-col-index=\"1\"\n                data-row-index=\"2\"\n                style=\"                padding:10px;\"\n                >\n                                Dur\u00e9e d\u2019indemnisation = dur\u00e9e d\u2019emploi                <\/td>\n                                        <\/tr>\n                            <tr class=\"wpdt-cell-row \" >\n                            <td class=\"wpdt-cell \"\n                                    data-cell-id=\"A4\"\n                data-col-index=\"0\"\n                data-row-index=\"3\"\n                style=\"                padding:10px;\"\n                >\n                                Plus de 2 ans                <\/td>\n                                            <td class=\"wpdt-cell \"\n                                    data-cell-id=\"B4\"\n                data-col-index=\"1\"\n                data-row-index=\"3\"\n                style=\"                padding:10px;\"\n                >\n                                2 ans et demi (548 jours calendaires)                <\/td>\n                                        <\/tr>\n                    <\/table>\n<\/div><style id='wpdt-custom-style-287'>\n.wpdt-bc-00BCD4 { background-color: #00BCD4 !important;}\n<\/style>\n\n<p>Pour les personnes de 53 ans \u00e0 54 ans, nous avons :<\/p>\n\n    <h2 class=\"wpdt-c\"\n        id=\"wdt-table-title-288\">Dur\u00e9e Maximale Versement Ch\u00f4mage 53-54 ans<\/h2>\n<div class=\"wpdt-c row wpDataTableContainerSimpleTable wpDataTables wpDataTablesWrapper\n\"\n    >\n    <table id=\"wpdtSimpleTable-288\"\n           class=\"wpdtSimpleTable wpDataTable\"\n           data-column=\"2\"\n           data-rows=\"4\"\n           data-wpID=\"288\"\n           data-responsive=\"0\"\n           data-has-header=\"0\">\n\n                    <tbody>        <tr class=\"wpdt-cell-row \" >\n                            <td class=\"wpdt-cell wpdt-bold wpdt-bc-00BCD4\"\n                                    data-cell-id=\"A1\"\n                data-col-index=\"0\"\n                data-row-index=\"0\"\n                style=\" width:50%;                padding:10px;\"\n                >\n                                Dur\u00e9e d\u2019emploi (sur les 36 mois pr\u00e9c\u00e9dent la fin de votre contrat)                <\/td>\n                                            <td class=\"wpdt-cell wpdt-bold wpdt-bc-00BCD4\"\n                                    data-cell-id=\"B1\"\n                data-col-index=\"1\"\n                data-row-index=\"0\"\n                style=\" width:50%;                padding:10px;\"\n                >\n                                Dur\u00e9e d\u2019indemnisation maximale                <\/td>\n                                        <\/tr>\n                            <tr class=\"wpdt-cell-row \" >\n                            <td class=\"wpdt-cell \"\n                                    data-cell-id=\"A2\"\n                data-col-index=\"0\"\n                data-row-index=\"1\"\n                style=\"                padding:10px;\"\n                >\n                                Moins de 6 mois                <\/td>\n                                            <td class=\"wpdt-cell \"\n                                    data-cell-id=\"B2\"\n                data-col-index=\"1\"\n                data-row-index=\"1\"\n                style=\"                padding:10px;\"\n                >\n                                Pas d\u2019indemnisation                <\/td>\n                                        <\/tr>\n                            <tr class=\"wpdt-cell-row \" >\n                            <td class=\"wpdt-cell \"\n                                    data-cell-id=\"A3\"\n                data-col-index=\"0\"\n                data-row-index=\"2\"\n                style=\"                padding:10px;\"\n                >\n                                Entre 6 mois et 3 ans                <\/td>\n                                            <td class=\"wpdt-cell \"\n                                    data-cell-id=\"B3\"\n                data-col-index=\"1\"\n                data-row-index=\"2\"\n                style=\"                padding:10px;\"\n                >\n                                Dur\u00e9e d\u2019indemnisation = dur\u00e9e d\u2019emploi                <\/td>\n                                        <\/tr>\n                            <tr class=\"wpdt-cell-row \" >\n                            <td class=\"wpdt-cell \"\n                                    data-cell-id=\"A4\"\n                data-col-index=\"0\"\n                data-row-index=\"3\"\n                style=\"                padding:10px;\"\n                >\n                                Plus de 3 ans                <\/td>\n                                            <td class=\"wpdt-cell \"\n                                    data-cell-id=\"B4\"\n                data-col-index=\"1\"\n                data-row-index=\"3\"\n                style=\"                padding:10px;\"\n                >\n                                685 jours calendaires (soit 22 mois et demi)                <\/td>\n                                        <\/tr>\n                    <\/table>\n<\/div><style id='wpdt-custom-style-288'>\n.wpdt-bc-00BCD4 { background-color: #00BCD4 !important;}\n<\/style>\n\n<p>Pour les personnes de 55 ans et plus, nous avons :<\/p>\n\n    <h2 class=\"wpdt-c\"\n        id=\"wdt-table-title-289\">Dur\u00e9e Maximale Versement Ch\u00f4mage 55 ans ou plus<\/h2>\n<div class=\"wpdt-c row wpDataTableContainerSimpleTable wpDataTables wpDataTablesWrapper\n\"\n    >\n    <table id=\"wpdtSimpleTable-289\"\n           class=\"wpdtSimpleTable wpDataTable\"\n           data-column=\"2\"\n           data-rows=\"4\"\n           data-wpID=\"289\"\n           data-responsive=\"0\"\n           data-has-header=\"0\">\n\n                    <tbody>        <tr class=\"wpdt-cell-row \" >\n                            <td class=\"wpdt-cell wpdt-bold wpdt-bc-00BCD4\"\n                                    data-cell-id=\"A1\"\n                data-col-index=\"0\"\n                data-row-index=\"0\"\n                style=\" width:50%;                padding:10px;\"\n                >\n                                Dur\u00e9e d\u2019emploi (sur les 36 mois pr\u00e9c\u00e9dent la fin de votre contrat)                <\/td>\n                                            <td class=\"wpdt-cell wpdt-bold wpdt-bc-00BCD4\"\n                                    data-cell-id=\"B1\"\n                data-col-index=\"1\"\n                data-row-index=\"0\"\n                style=\" width:50%;                padding:10px;\"\n                >\n                                Dur\u00e9e d\u2019indemnisation maximale                <\/td>\n                                        <\/tr>\n                            <tr class=\"wpdt-cell-row \" >\n                            <td class=\"wpdt-cell \"\n                                    data-cell-id=\"A2\"\n                data-col-index=\"0\"\n                data-row-index=\"1\"\n                style=\"                padding:10px;\"\n                >\n                                Moins de 6mois                <\/td>\n                                            <td class=\"wpdt-cell \"\n                                    data-cell-id=\"B2\"\n                data-col-index=\"1\"\n                data-row-index=\"1\"\n                style=\"                padding:10px;\"\n                >\n                                Pas d\u2019indemnisation                <\/td>\n                                        <\/tr>\n                            <tr class=\"wpdt-cell-row \" >\n                            <td class=\"wpdt-cell \"\n                                    data-cell-id=\"A3\"\n                data-col-index=\"0\"\n                data-row-index=\"2\"\n                style=\"                padding:10px;\"\n                >\n                                Entre 6 mois et 3 ans                <\/td>\n                                            <td class=\"wpdt-cell \"\n                                    data-cell-id=\"B3\"\n                data-col-index=\"1\"\n                data-row-index=\"2\"\n                style=\"                padding:10px;\"\n                >\n                                Dur\u00e9e d\u2019indemnisation = dur\u00e9e d\u2019emploi                <\/td>\n                                        <\/tr>\n                            <tr class=\"wpdt-cell-row \" >\n                            <td class=\"wpdt-cell \"\n                                    data-cell-id=\"A4\"\n                data-col-index=\"0\"\n                data-row-index=\"3\"\n                style=\"                padding:10px;\"\n                >\n                                Plus de 3 ans                <\/td>\n                                            <td class=\"wpdt-cell \"\n                                    data-cell-id=\"B4\"\n                data-col-index=\"1\"\n                data-row-index=\"3\"\n                style=\"                padding:10px;\"\n                >\n                                822 jours calendaires (soit 27 mois)                <\/td>\n                                        <\/tr>\n                    <\/table>\n<\/div><style id='wpdt-custom-style-289'>\n.wpdt-bc-00BCD4 { background-color: #00BCD4 !important;}\n<\/style>\n\n<p><iframe loading=\"lazy\" title=\"Tout savoir sur le ch\u00f4mage en France !\" width=\"500\" height=\"281\" src=\"https:\/\/www.youtube.com\/embed\/jgv9qS4jh7k?feature=oembed\" frameborder=\"0\" allow=\"accelerometer; autoplay; clipboard-write; encrypted-media; gyroscope; picture-in-picture; web-share\" referrerpolicy=\"strict-origin-when-cross-origin\" allowfullscreen><\/iframe><\/p>\n<h1>Comment trouver mon montant ch\u00f4mage ?<\/h1>\n<h2>Le salaire journalier de r\u00e9f\u00e9rence (SJR)<\/h2>\n<p><img loading=\"lazy\" decoding=\"async\" class=\"alignright wp-image-36675 size-medium\" title=\"Le salaire journalier de re\u0301fe\u0301rence SJR\" src=\"https:\/\/www.mes-allocs.fr\/guides\/wp-content\/uploads\/2021\/09\/Le-salaire-journalier-de-re\u0301fe\u0301rence-SJR-300x200.jpg\" alt=\"Le salaire journalier de re\u0301fe\u0301rence SJR\" width=\"300\" height=\"200\" srcset=\"https:\/\/www.mes-allocs.fr\/guides\/wp-content\/uploads\/2021\/09\/Le-salaire-journalier-de-re\u0301fe\u0301rence-SJR-300x200.jpg 300w, https:\/\/www.mes-allocs.fr\/guides\/wp-content\/uploads\/2021\/09\/Le-salaire-journalier-de-re\u0301fe\u0301rence-SJR-1024x682.jpg 1024w, https:\/\/www.mes-allocs.fr\/guides\/wp-content\/uploads\/2021\/09\/Le-salaire-journalier-de-re\u0301fe\u0301rence-SJR-768x512.jpg 768w, https:\/\/www.mes-allocs.fr\/guides\/wp-content\/uploads\/2021\/09\/Le-salaire-journalier-de-re\u0301fe\u0301rence-SJR-600x400.jpg 600w, https:\/\/www.mes-allocs.fr\/guides\/wp-content\/uploads\/2021\/09\/Le-salaire-journalier-de-re\u0301fe\u0301rence-SJR.jpg 1280w\" sizes=\"auto, (max-width: 300px) 100vw, 300px\" \/><\/p>\n<p>Le salaire journalier de r\u00e9f\u00e9rence (ou SJR) sert de base de calcul au\u00a0montant de l\u2019allocation de retour \u00e0 l\u2019emploi.\u00a0<strong>Plus il est \u00e9lev\u00e9 et plus le montant de vos indemnit\u00e9s ASSEDIC sera \u00e9lev\u00e9<\/strong>.<\/p>\n<p>Pour calculer le salaire de r\u00e9f\u00e9rence servant de base au calcul du SJR, <strong>P\u00f4le emploi prend en compte les 24 mois qui pr\u00e9c\u00e9dent votre dernier jour travaill\u00e9 et pay\u00e9<\/strong>. Lorsque votre contrat de travail se termine au cours d\u2019un mois (le 15 par exemple), la p\u00e9riode de r\u00e9f\u00e9rence s\u2019arr\u00eatera au mois pr\u00e9c\u00e9dent la fin de votre contrat.<\/p>\n<p id=\"Les_r\u00e9mun\u00e9rations_int\u00e9gr\u00e9es_dans_le_calcul_du_SJR\">Toutes les r\u00e9mun\u00e9rations que vous avez per\u00e7ues durant votre contrat de travail ne sont pas \u00e0 prendre en compte pour calculer le salaire de r\u00e9f\u00e9rence et donc le SJR qui en d\u00e9coule.<\/p>\n<p>En premier lieu, il faut que les r\u00e9mun\u00e9rations per\u00e7ues durant les 24 derniers mois correspondent bien \u00e0 cette p\u00e9riode. <strong>Exemple<\/strong> pour la prime de 13\u00e8me mois que vous avez re\u00e7u seul le montant concernant vos 24 derniers mois sera pris en compte dans le calcul de votre ch\u00f4mage au prorata.<\/p>\n<p><strong>R\u00e9mun\u00e9rations prises en compte dans le calcul du salaire annuel de r\u00e9f\u00e9rence :<\/strong><\/p>\n<ul class=\"list-9\">\n<li>Le salaire mensuel fixe<\/li>\n<li>Le salaire variable (commissions sur ventes\u2026)<\/li>\n<li>Les heures suppl\u00e9mentaires avec un maximum mensuel fix\u00e9<\/li>\n<li>La prime de 13\u00e8me mois au prorata des 12 derniers mois travaill\u00e9s<\/li>\n<li>Les primes de gratification (prime de panier\u2026)<\/li>\n<\/ul>\n<p>Pour calculer le salaire journalier de r\u00e9f\u00e9rence, on fait :<\/p>\n<p>SJR = <strong>Total des r\u00e9mun\u00e9rations brutes per\u00e7ues<\/strong> durant les\u00a0<strong>2 ann\u00e9es<\/strong> pr\u00e9c\u00e9dant la fin de votre dernier contrat de travail <strong>\/<\/strong> <strong>Nombre de\u00a0<\/strong><span class=\"tool-tip\" tabindex=\"0\" title=\"\" data-toggle=\"tooltip\" data-definition=\"R1092\" data-original-title=\"Correspond \u00e0 la totalit\u00e9 des jours du calendrier de l'ann\u00e9e civile, du 1er janvier au 31 d\u00e9cembre, y compris les jours f\u00e9ri\u00e9s ou ch\u00f4m\u00e9s\"><strong>jours calendaires<\/strong> (jours travaill\u00e9s ou non compris entre le 1<sup>er<\/sup> jour du premier contrat et le dernier jour du dernier contrat sur la p\u00e9riode de 2 ans)<\/span><\/p>\n<h2>Le calcul du ch\u00f4mage<\/h2>\n<p>La m\u00e9thode de calcul de votre ch\u00f4mage est la suivante lorsque vous \u00eates en ch\u00f4mage \u00e0 temps plein.<\/p>\n<p>Votre allocation journali\u00e8re est calcul\u00e9e \u00e0 partir de vos anciens salaires mensuels bruts per\u00e7us. Pour calculer le montant de l&rsquo;allocation, P\u00f4le Emploi retient le montant le plus \u00e9lev\u00e9 entre 40,4% du salaire journalier de r\u00e9f\u00e9rence + 13,18 \u20ac ou 57% du salaire journalier de r\u00e9f\u00e9rence (SJR).<\/p>\n<ul>\n<li>Tout d\u2019abord, lorsque vous vous inscrivez en tant que demandeur d&#8217;emploi, P\u00f4le emploi fait la <strong>somme des salaires bruts et des primes des 24 derniers mois<\/strong>.<\/li>\n<li>Puis, l\u2019organisme calcule votre SJR, en rapportant cette somme au nombre de jours couverts par votre ou vos contrats de travail de ces 24 derniers mois.<\/li>\n<\/ul>\n<p>Tout ceci, dans le cadre du calcul de l\u2019allocation d\u2019Aide au retour \u00e0 l\u2019emploi (ARE). Il s\u2019agit de la\u00a0<strong>principale allocation vers\u00e9e par l\u2019Assurance ch\u00f4mage.<\/strong><\/p>\n<div class='cta-block'><div class='text'>Simulez votre ch\u00f4mage en 2 min.<\/div><a href='https:\/\/www.mes-allocs.fr\/simulation-chomage?origin=guides\/wp-json\/wp\/v2\/posts\/65599' class='app-button fit'>Simulation gratuite<\/a><\/div>\n","protected":false},"excerpt":{"rendered":"<p>L&rsquo;allocation ch\u00f4mage est un revenu de remplacement que vous pouvez percevoir si vous avez \u00e9t\u00e9 involontairement priv\u00e9 d&#8217;emploi. Le montant per\u00e7u varie selon votre dernier emploi de m\u00eame que la dur\u00e9e de versement. Mes Allocs vous explique comment calculer la dur\u00e9e de l&rsquo;indemnit\u00e9 ch\u00f4mage. Qu&rsquo;est-ce que la dur\u00e9e d&rsquo;indemnit\u00e9 ch\u00f4mage ? La p\u00e9riode d&rsquo;affiliation La [&hellip;]<\/p>\n","protected":false},"author":25,"featured_media":0,"comment_status":"closed","ping_status":"open","sticky":false,"template":"","format":"standard","meta":{"amp_status":"","footnotes":""},"categories":[2991,2989],"tags":[],"class_list":["post-65599","post","type-post","status-publish","format-standard","hentry","category-droit-au-chomage","category-chomage"],"yoast_head":"<!-- This site is optimized with the Yoast SEO plugin v14.9 - https:\/\/yoast.com\/wordpress\/plugins\/seo\/ -->\n<title>Comment calculer la dur\u00e9e de l&#039;indemnit\u00e9 ch\u00f4mage ? | Mes-Allocs.fr<\/title>\n<meta name=\"description\" content=\"La dur\u00e9e\u00a0 de l&#039;indemnit\u00e9 ch\u00f4mage est la dur\u00e9e sur laquelle s&#039;\u00e9tale les indemnit\u00e9s ch\u00f4mage. Mes Allocs vous expliquent.\" \/>\n<meta name=\"robots\" content=\"index, follow, max-snippet:-1, max-image-preview:large, max-video-preview:-1\" \/>\n<link rel=\"canonical\" href=\"https:\/\/www.mes-allocs.fr\/guides\/chomage\/droit-au-chomage\/combien-annee-travail-chomage\/\" \/>\n<meta property=\"og:locale\" content=\"fr_FR\" \/>\n<meta property=\"og:type\" content=\"article\" \/>\n<meta property=\"og:title\" content=\"Comment calculer la dur\u00e9e de l&#039;indemnit\u00e9 ch\u00f4mage ? | Mes-Allocs.fr\" \/>\n<meta property=\"og:description\" content=\"La dur\u00e9e\u00a0 de l&#039;indemnit\u00e9 ch\u00f4mage est la dur\u00e9e sur laquelle s&#039;\u00e9tale les indemnit\u00e9s ch\u00f4mage. Mes Allocs vous expliquent.\" \/>\n<meta property=\"og:url\" content=\"https:\/\/www.mes-allocs.fr\/guides\/chomage\/droit-au-chomage\/combien-annee-travail-chomage\/\" \/>\n<meta property=\"og:site_name\" content=\"Mes-Allocs.fr\" \/>\n<meta property=\"article:published_time\" content=\"2023-07-27T13:10:41+00:00\" \/>\n<meta property=\"article:modified_time\" content=\"2025-10-07T13:26:44+00:00\" \/>\n<meta property=\"og:image\" content=\"https:\/\/www.mes-allocs.fr\/guides\/wp-content\/uploads\/2021\/09\/Le-salaire-journalier-de-re\u0301fe\u0301rence-SJR-300x200.jpg\" \/>\n<meta name=\"twitter:card\" content=\"summary_large_image\" \/>\n<script type=\"application\/ld+json\" class=\"yoast-schema-graph\">{\"@context\":\"https:\/\/schema.org\",\"@graph\":[{\"@type\":\"WebSite\",\"@id\":\"https:\/\/www.mes-allocs.fr\/guides\/#website\",\"url\":\"https:\/\/www.mes-allocs.fr\/guides\/\",\"name\":\"Mes-Allocs.fr\",\"description\":\"\",\"potentialAction\":[{\"@type\":\"SearchAction\",\"target\":\"https:\/\/www.mes-allocs.fr\/guides\/?s={search_term_string}\",\"query-input\":\"required name=search_term_string\"}],\"inLanguage\":\"fr-FR\"},{\"@type\":\"ImageObject\",\"@id\":\"https:\/\/www.mes-allocs.fr\/guides\/chomage\/droit-au-chomage\/combien-annee-travail-chomage\/#primaryimage\",\"inLanguage\":\"fr-FR\",\"url\":\"https:\/\/www.mes-allocs.fr\/guides\/wp-content\/uploads\/2021\/09\/Le-salaire-journalier-de-re\\u0301fe\\u0301rence-SJR.jpg?wsr\",\"width\":1280,\"height\":853,\"caption\":\"Le salaire journalier de re\\u0301fe\\u0301rence SJR\"},{\"@type\":\"WebPage\",\"@id\":\"https:\/\/www.mes-allocs.fr\/guides\/chomage\/droit-au-chomage\/combien-annee-travail-chomage\/#webpage\",\"url\":\"https:\/\/www.mes-allocs.fr\/guides\/chomage\/droit-au-chomage\/combien-annee-travail-chomage\/\",\"name\":\"Comment calculer la dur\\u00e9e de l'indemnit\\u00e9 ch\\u00f4mage ? | Mes-Allocs.fr\",\"isPartOf\":{\"@id\":\"https:\/\/www.mes-allocs.fr\/guides\/#website\"},\"primaryImageOfPage\":{\"@id\":\"https:\/\/www.mes-allocs.fr\/guides\/chomage\/droit-au-chomage\/combien-annee-travail-chomage\/#primaryimage\"},\"datePublished\":\"2023-07-27T13:10:41+00:00\",\"dateModified\":\"2025-10-07T13:26:44+00:00\",\"author\":{\"@id\":\"https:\/\/www.mes-allocs.fr\/guides\/#\/schema\/person\/52b318867057023c2f6a62512d870cf7\"},\"description\":\"La dur\\u00e9e\\u00a0 de l'indemnit\\u00e9 ch\\u00f4mage est la dur\\u00e9e sur laquelle s'\\u00e9tale les indemnit\\u00e9s ch\\u00f4mage. Mes Allocs vous expliquent.\",\"inLanguage\":\"fr-FR\"},{\"@type\":\"Person\",\"@id\":\"https:\/\/www.mes-allocs.fr\/guides\/#\/schema\/person\/52b318867057023c2f6a62512d870cf7\",\"name\":\"Eric Zotoglo\",\"image\":{\"@type\":\"ImageObject\",\"@id\":\"https:\/\/www.mes-allocs.fr\/guides\/#personlogo\",\"inLanguage\":\"fr-FR\",\"url\":\"https:\/\/www.mes-allocs.fr\/guides\/wp-content\/uploads\/2023\/06\/PXL_20230324_080412913.NIGHT2_1-150x150.jpg\",\"caption\":\"Eric Zotoglo\"},\"description\":\"Eric est juriste sp\\u00e9cialis\\u00e9e en droit du num\\u00e9rique et de la protection sociale. Il rejoint Mes Allocs apr\\u00e8s une premi\\u00e8re exp\\u00e9rience dans le secteur du journalisme.\",\"sameAs\":[\"https:\/\/www.linkedin.com\/in\/eric-zotoglo-1a8a9a55\/\"]}]}<\/script>\n<!-- \/ Yoast SEO plugin. -->","amp_validity":null,"acf":{"faq":{"1":{"question":"Quelles sont les conditions li\u00e9es au Ch\u00f4mage ?","answer":"Vous devez justifier d\u2019une p\u00e9riode minimale de travail de 130 jours \u2013 dite dur\u00e9e d\u2019affiliation \u2013 ou 910 heures, sur la p\u00e9riode des 24 derniers mois pr\u00e9c\u00e9dant la fin du contrat de travail."},"2":{"question":"Qu'est-ce que la p\u00e9riode d'affiliation?","answer":"La p\u00e9riode d\u2019affiliation est le nombre de jours travaill\u00e9s \u00e0 compter du premier jour de la premi\u00e8re p\u00e9riode d\u2019emploi identifi\u00e9e dans la p\u00e9riode de r\u00e9f\u00e9rence (2 ans) jusqu\u2019au terme de cette p\u00e9riode"},"3":{"question":"C'est quoi la dur\u00e9e d'indemnit\u00e9 ch\u00f4mage? ","answer":"La dur\u00e9e\u00a0 de l'indemnit\u00e9 ch\u00f4mage est la dur\u00e9e sur laquelle s'\u00e9tale les indemnit\u00e9s ch\u00f4mage. Elle correspond au nombres de jours calendaires ou au nombre de mois pendant lesquels vous pouvez toucher l'indemnit\u00e9 ch\u00f4mage."},"4":{"question":"Comment calculer le salaire journalier de r\u00e9f\u00e9rence?","answer":"Pour calculer le salaire journalier de r\u00e9f\u00e9rence, on fait :\u00a0\r\n\r\nSJR = Total des r\u00e9mun\u00e9rations brutes per\u00e7ues durant les\u00a02 ann\u00e9es pr\u00e9c\u00e9dant la fin de votre dernier contrat de travail \/ Nombre de\u00a0jours calendaires ( jours travaill\u00e9s ou non compris entre le 1er jour du premier contrat et le dernier jour du dernier contrat sur la p\u00e9riode de 2 ans)"},"5":{"question":"","answer":""},"6":{"question":"","answer":""},"7":{"question":"","answer":""},"8":{"question":"","answer":""},"9":{"question":"","answer":""},"10":{"question":"","answer":""},"11":{"question":"","answer":""},"12":{"question":"","answer":""},"13":{"question":"","answer":""},"14":{"question":"","answer":""},"15":{"question":"","answer":""},"16":{"question":"","answer":""}}},"_links":{"self":[{"href":"https:\/\/www.mes-allocs.fr\/guides\/wp-json\/wp\/v2\/posts\/65599","targetHints":{"allow":["GET"]}}],"collection":[{"href":"https:\/\/www.mes-allocs.fr\/guides\/wp-json\/wp\/v2\/posts"}],"about":[{"href":"https:\/\/www.mes-allocs.fr\/guides\/wp-json\/wp\/v2\/types\/post"}],"author":[{"embeddable":true,"href":"https:\/\/www.mes-allocs.fr\/guides\/wp-json\/wp\/v2\/users\/25"}],"replies":[{"embeddable":true,"href":"https:\/\/www.mes-allocs.fr\/guides\/wp-json\/wp\/v2\/comments?post=65599"}],"version-history":[{"count":10,"href":"https:\/\/www.mes-allocs.fr\/guides\/wp-json\/wp\/v2\/posts\/65599\/revisions"}],"predecessor-version":[{"id":104374,"href":"https:\/\/www.mes-allocs.fr\/guides\/wp-json\/wp\/v2\/posts\/65599\/revisions\/104374"}],"wp:attachment":[{"href":"https:\/\/www.mes-allocs.fr\/guides\/wp-json\/wp\/v2\/media?parent=65599"}],"wp:term":[{"taxonomy":"category","embeddable":true,"href":"https:\/\/www.mes-allocs.fr\/guides\/wp-json\/wp\/v2\/categories?post=65599"},{"taxonomy":"post_tag","embeddable":true,"href":"https:\/\/www.mes-allocs.fr\/guides\/wp-json\/wp\/v2\/tags?post=65599"}],"curies":[{"name":"wp","href":"https:\/\/api.w.org\/{rel}","templated":true}]}}