{"id":65483,"date":"2023-07-24T14:37:24","date_gmt":"2023-07-24T12:37:24","guid":{"rendered":"https:\/\/www.mes-allocs.fr\/guides\/?p=65483"},"modified":"2025-10-06T17:31:55","modified_gmt":"2025-10-06T15:31:55","slug":"cumul-chomage-et-exploitant-agricole","status":"publish","type":"post","link":"https:\/\/www.mes-allocs.fr\/guides\/chomage\/droit-au-chomage\/cumul-chomage-et-exploitant-agricole\/","title":{"rendered":"A-t-on droit au ch\u00f4mage si on est cotisant solidaire MSA ?"},"content":{"rendered":"<p style=\"text-align: justify;\"><a href=\"https:\/\/www.mes-allocs.fr\/guides\/chomage\">Le ch\u00f4mage<\/a> en France est une situation qui peut toucher l&rsquo;un d&rsquo;entre nous de mani\u00e8re assez soudaine. Pour pallier ce manque de revenu, il existe des aides. Dans cet article, nous allons voir si vous avez le <a href=\"https:\/\/www.mes-allocs.fr\/guides\/chomage\/droit-au-chomage\">droit au ch\u00f4mage<\/a> lorsque vous \u00eates cotisant solidaire MSA.<\/p>\n<div class='cta-block'><div class='text'>Simulez votre ch\u00f4mage en 2 min.<\/div><a href='https:\/\/www.mes-allocs.fr\/simulation-chomage?origin=guides\/wp-json\/wp\/v2\/posts\/65483' class='app-button fit'>Simulation gratuite<\/a><\/div>\n<h1 style=\"text-align: justify;\">Qui est cotisant solidaire solidaire MSA?<\/h1>\n<h2>La MSA : qu&rsquo;est-ce que c&rsquo;est?<\/h2>\n<p>La mutualit\u00e9 sociale agricole (MSA) est un organisme unique. La MSA est une institution \u00e0 structure \u00e9lective repr\u00e9sentative de l&rsquo;ensemble de la population agricole (exploitants, salari\u00e9s et leurs ayants droit), dont elle assure la couverture sociale. Elle g\u00e8re \u00e9galement le recouvrement des cotisations sociales et de l&rsquo;assurance ch\u00f4mage.<\/p>\n<p>Outre\u00a0la protection sociale l\u00e9gale, la MSA m\u00e8ne une politique d&rsquo;action sanitaire et sociale dans le champ de la solidarit\u00e9, du handicap et de la d\u00e9pendance. Elle est aussi charg\u00e9e de la pr\u00e9vention des risques professionnels des m\u00e9tiers de l&rsquo;agriculture et de la m\u00e9decine du travail du secteur.<\/p>\n<p>La protection sociale agricole, qui couvre les employ\u00e9s du secteur agricole, est mise en \u0153uvre par la caisse centrale de la mutualit\u00e9 sociale agricole (CCMSA) et les caisses de mutualit\u00e9 sociale agricole, plac\u00e9es sous la tutelle conjointe des minist\u00e8res charg\u00e9s de l&rsquo;agriculture, de l&rsquo;\u00e9conomie, des finances et de la sant\u00e9.<\/p>\n<h2>Qui est couvert par la MSA ?<\/h2>\n<p>L&rsquo;article\u00a0 <a href=\"https:\/\/www.legifrance.gouv.fr\/codes\/article_lc\/LEGIARTI000041394664\/2023-03-06\">L. 722-20 du code rural et de la p\u00eache maritime <\/a>dresse une liste exhaustive des personnes couvertes par le r\u00e9gime des salari\u00e9s agricoles.<\/p>\n<p>Il s&rsquo;agit entre autres des gardes-chasse, gardes-p\u00eache, gardes forestiers, jardiniers, jardiniers gardes de propri\u00e9t\u00e9, des employ\u00e9s de maison au service d&rsquo;un exploitant agricole, des m\u00e9tayers, des personnels enseignants des \u00e9tablissements d&rsquo;enseignement et de formation professionnelle agricoles priv\u00e9s \u2026<\/p>\n<h2>Comment b\u00e9n\u00e9ficier du droit au ch\u00f4mage en MSA ?<\/h2>\n<p>Les salari\u00e9s du r\u00e9gime agricole b\u00e9n\u00e9ficient tout comme les autres salari\u00e9s de l&rsquo;assurance ch\u00f4mage de droit commun.<\/p>\n<h1>Qu&rsquo;est-ce que l&rsquo;allocation ch\u00f4mage ?<\/h1>\n<p><img loading=\"lazy\" decoding=\"async\" class=\"alignright wp-image-40437 size-medium\" title=\"Quest ce que lallocation cho\u0302mage\" src=\"https:\/\/www.mes-allocs.fr\/guides\/wp-content\/uploads\/2021\/11\/Quest-ce-que-lallocation-cho\u0302mage--300x199.jpg\" alt=\"Quest ce que lallocation cho\u0302mage\" width=\"300\" height=\"199\" srcset=\"https:\/\/www.mes-allocs.fr\/guides\/wp-content\/uploads\/2021\/11\/Quest-ce-que-lallocation-cho\u0302mage--300x199.jpg 300w, https:\/\/www.mes-allocs.fr\/guides\/wp-content\/uploads\/2021\/11\/Quest-ce-que-lallocation-cho\u0302mage--1024x678.jpg 1024w, https:\/\/www.mes-allocs.fr\/guides\/wp-content\/uploads\/2021\/11\/Quest-ce-que-lallocation-cho\u0302mage--768x508.jpg 768w, https:\/\/www.mes-allocs.fr\/guides\/wp-content\/uploads\/2021\/11\/Quest-ce-que-lallocation-cho\u0302mage--600x397.jpg 600w, https:\/\/www.mes-allocs.fr\/guides\/wp-content\/uploads\/2021\/11\/Quest-ce-que-lallocation-cho\u0302mage-.jpg 1280w\" sizes=\"auto, (max-width: 300px) 100vw, 300px\" \/><\/p>\n<p class=\"amp-wp-7d27179\" data-amp-original-style=\"text-align: justify;\"><span class=\"amp-wp-fe3f5cc\" data-amp-original-style=\"font-weight: 400;\">Le ch\u00f4mage est la \u00ab situation d\u2019une personne, d\u2019une entreprise, d\u2019un secteur entier de l\u2019activit\u00e9 \u00e9conomique caract\u00e9ris\u00e9e par le manque de travail \u00bb (TLFi). Les causes d\u2019absence d\u2019emploi sont nombreuses : entr\u00e9e dans la vie active, licenciement, d\u00e9mission volontaire ou r\u00e9orientation professionnelle .<\/span><\/p>\n<p class=\"amp-wp-7d27179\" data-amp-original-style=\"text-align: justify;\"><span class=\"amp-wp-fe3f5cc\" data-amp-original-style=\"font-weight: 400;\">Il existe de nombreuses formes de ch\u00f4mage :<\/span><\/p>\n<ul>\n<li class=\"amp-wp-7d27179\" data-amp-original-style=\"text-align: justify;\"><b>Le ch\u00f4mage naturel<\/b><span class=\"amp-wp-fe3f5cc\" data-amp-original-style=\"font-weight: 400;\">\u00a0: c\u2019est le temps de battement quasi-syst\u00e9matique entre le d\u00e9but de la recherche d\u2019emploi et le fait d\u2019en obtenir un.\u00a0<\/span><\/li>\n<li class=\"amp-wp-7d27179\" data-amp-original-style=\"text-align: justify;\"><b>Le ch\u00f4mage conjoncturel<\/b><span class=\"amp-wp-fe3f5cc\" data-amp-original-style=\"font-weight: 400;\">\u00a0: c\u2019est le ch\u00f4mage qui r\u00e9sulte d\u2019un ralentissement de l\u2019activit\u00e9 \u00e9conomique d\u2019un pays, provoquant ainsi un surplus de main d\u2019\u0153uvre. Les entreprises licencient alors pour adapter leur capacit\u00e9 de production \u00e0 la baisse de l\u2019activit\u00e9 \u00e9conomique.<\/span><\/li>\n<li class=\"amp-wp-7d27179\" data-amp-original-style=\"text-align: justify;\"><b>Mais aussi le ch\u00f4mage structurel<\/b><span class=\"amp-wp-fe3f5cc\" data-amp-original-style=\"font-weight: 400;\">\u00a0: il est li\u00e9 aux changements de structures \u00e9conomiques d\u2019un pays, qui r\u00e9sultent d\u2019une inad\u00e9quation qualitative entre l\u2019offre et la demande. Une partie de la population est ainsi inemployable, n\u2019\u00e9tant pas qualifi\u00e9e pour la demande.<\/span><\/li>\n<li class=\"amp-wp-7d27179\" data-amp-original-style=\"text-align: justify;\"><b>Le ch\u00f4mage technique.<\/b><span class=\"amp-wp-fe3f5cc\" data-amp-original-style=\"font-weight: 400;\"> Le ch\u00f4mage d\u00fb \u00e0 l\u2019impossibilit\u00e9 d\u2019autres acteurs \u00e9conomiques de fournir le n\u00e9cessaire \u00e0 une entreprise afin qu\u2019elle poursuive son activit\u00e9.<\/span><\/li>\n<li class=\"amp-wp-7d27179\" data-amp-original-style=\"text-align: justify;\"><b>Le ch\u00f4mage partiel<\/b><span class=\"amp-wp-fe3f5cc\" data-amp-original-style=\"font-weight: 400;\">\u00a0: il est provoqu\u00e9 par une baisse d\u2019activit\u00e9 anormale d\u2019une entreprise qui r\u00e9sulte en la diminution des heures de travail.<\/span><\/li>\n<li class=\"amp-wp-7d27179\" data-amp-original-style=\"text-align: justify;\"><b>Et le ch\u00f4mage saisonnier<\/b><span class=\"amp-wp-fe3f5cc\" data-amp-original-style=\"font-weight: 400;\">\u00a0: il concerne certaines branches professionnelles dont l\u2019activit\u00e9 varie sensiblement selon les p\u00e9riodes de l\u2019ann\u00e9e.<\/span><\/li>\n<\/ul>\n<p><strong>\u00c0 noter : Le cong\u00e9 parental d&rsquo;\u00e9ducation est un droit inscrit dans le Code du travail. Autrement dit, votre employeur ne peut donc pas le refuser&#8230; Le versement des allocations ch\u00f4mage reprend \u00e0 la fin de votre cong\u00e9 parental sans que la dur\u00e9e d&rsquo;indemnisation de votre ch\u00f4mage ne soit impact\u00e9 (ch\u00f4mage partiel ou pas).<\/strong><\/p>\n<h2>Quelles sont les conditions \u00e0 respecter ?<\/h2>\n<p class=\"amp-wp-7d27179\" data-amp-original-style=\"text-align: justify;\"><span class=\"amp-wp-fe3f5cc\" data-amp-original-style=\"font-weight: 400;\">Pour percevoir l\u2019ARE, vous devez tout d\u2019abord \u00eatre inscrit comme demandeur d\u2019emploi au P\u00f4le Emploi, ou accomplir une formation dans votre projet personnalis\u00e9 d\u2019acc\u00e8s \u00e0 l\u2019emploi (PPAE). Vous devez cr\u00e9er un espace personnel sur P\u00f4le emploi.\u00a0<a href=\"https:\/\/www.mes-allocs.fr\/signature\">Mes Allocs prend en charge toutes vos d\u00e9marches !<\/a><\/span><\/p>\n<p class=\"amp-wp-7d27179\" data-amp-original-style=\"text-align: justify;\"><span class=\"amp-wp-fe3f5cc\" data-amp-original-style=\"font-weight: 400;\">Vous devez \u00e9galement justifier d\u2019une\u00a0p\u00e9riode minimale de travail de 88 nombre de jours\u00a0\u2013 dite\u00a0dur\u00e9e d\u2019affiliation \u2013 ou 610 heures, sur la p\u00e9riode des 28 derniers mois pr\u00e9c\u00e9dant la fin du contrat de travail. Si vous \u00eates \u00e2g\u00e9 de plus de 53 ans \u00e0 la fin de votre contrat de travail, l\u2019affiliation est recherch\u00e9e dans les 36 derniers mois pr\u00e9c\u00e9dant la fin du contrat de travail.\u00a0<\/span><\/p>\n<p data-amp-original-style=\"text-align: justify;\">\u00c0 noter : un d\u00e9lai de carence est \u00e0 pr\u00e9voir avant de toucher une indemnit\u00e9. Cela est calcul sur les jours calendaires des anciens salaires suite \u00e0 une indemnit\u00e9 de rupture conventionnelle.<\/p>\n<p data-amp-original-style=\"text-align: justify;\"><div class='cta-block'><div class='text'>Simulez votre ch\u00f4mage en 2 min.<\/div><a href='https:\/\/www.mes-allocs.fr\/simulation-chomage?origin=guides\/wp-json\/wp\/v2\/posts\/65483' class='app-button fit'>Simulation gratuite<\/a><\/div><\/p>\n<h2>Qui peut en b\u00e9n\u00e9ficier ?<\/h2>\n<p class=\"amp-wp-7d27179\" data-amp-original-style=\"text-align: justify;\"><span class=\"amp-wp-fe3f5cc\" data-amp-original-style=\"font-weight: 400;\">Pour percevoir l\u2019Allocation ch\u00f4mage d\u2019aide au retour \u00e0 l\u2019emploi (ARE), et ainsi\u00a0avoir droit au ch\u00f4mage, vous devez \u00eatre priv\u00e9 involontairement d\u2019un emploi. La raison de la cessation de votre contrat doit \u00eatre une des suivantes :<\/span><\/p>\n<ul>\n<li class=\"amp-wp-7d27179\" data-amp-original-style=\"text-align: justify;\"><span class=\"amp-wp-fe3f5cc\" data-amp-original-style=\"font-weight: 400;\">Licenciement pour motif personnel ou \u00e9conomique, ou d\u2019une r\u00e9vocation (sanction disciplinaire dans la fonction publique)<\/span><\/li>\n<li class=\"amp-wp-7d27179\" data-amp-original-style=\"text-align: justify;\"><span class=\"amp-wp-fe3f5cc\" data-amp-original-style=\"font-weight: 400;\">Rupture conventionnelle\u00a0(rupture dans le cadre d\u2019un CDI, qui peut \u00eatre initi\u00e9e par l\u2019employ\u00e9 comme par l\u2019employeur)<\/span><\/li>\n<li class=\"amp-wp-7d27179\" data-amp-original-style=\"text-align: justify;\"><span class=\"amp-wp-fe3f5cc\" data-amp-original-style=\"font-weight: 400;\">Non-renouvellement de votre CDD (Contrat \u00e0 Dur\u00e9e D\u00e9termin\u00e9e)<\/span><\/li>\n<li class=\"amp-wp-7d27179\" data-amp-original-style=\"text-align: justify;\"><span class=\"amp-wp-fe3f5cc\" data-amp-original-style=\"font-weight: 400;\">D\u00e9mission l\u00e9gitime\u00a0(par exemple pour suivre la personne avec qui vous vivez et qui a \u00e9t\u00e9 mut\u00e9e).<\/span><\/li>\n<\/ul>\n<p class=\"amp-wp-7d27179\" data-amp-original-style=\"text-align: justify;\"><span class=\"amp-wp-fe3f5cc\" data-amp-original-style=\"font-weight: 400;\">Vous devez \u00eatre \u00e2g\u00e9 de moins de 62 ans (\u00e2ge minimum l\u00e9gal de d\u00e9part \u00e0 la retraite). Et vous ne devez pas avoir cumul\u00e9 suffisamment de trimestres travaill\u00e9s pour pouvoir b\u00e9n\u00e9ficier d\u2019une retraite \u00e0 taux plein. <\/span><\/p>\n<p class=\"amp-wp-7d27179\" data-amp-original-style=\"text-align: justify;\"><span class=\"amp-wp-fe3f5cc\" data-amp-original-style=\"font-weight: 400;\">Vous \u00eates \u00e2g\u00e9 de plus de 62 ans. Mais que vous n\u2019avez pas atteint votre nombre de trimestres requis pour une retraite \u00e0 taux plein ? L\u2019ARE pourra vous \u00eatre accord\u00e9e jusqu\u2019\u00e0 l\u2019obtention d\u2019une retraite \u00e0 taux plein.\u00a0<\/span><\/p>\n<p><iframe loading=\"lazy\" title=\"Tout savoir sur le ch\u00f4mage en France !\" width=\"500\" height=\"281\" src=\"https:\/\/www.youtube.com\/embed\/jgv9qS4jh7k?feature=oembed\" frameborder=\"0\" allow=\"accelerometer; autoplay; clipboard-write; encrypted-media; gyroscope; picture-in-picture; web-share\" referrerpolicy=\"strict-origin-when-cross-origin\" allowfullscreen><\/iframe><\/p>\n<h1 class=\"nVcaUb\"><span id=\"Droit_au_chomage_combien_de_temps_est-il_valable\"><b>Droit au ch\u00f4mage : \u00e0 combien ai-je droit ?<\/b><\/span><\/h1>\n<h2>Combien de temps puis-je percevoir ?<\/h2>\n<p><img loading=\"lazy\" decoding=\"async\" class=\"alignright wp-image-30310 size-medium\" src=\"https:\/\/www.mes-allocs.fr\/guides\/wp-content\/uploads\/2021\/06\/pexels-anna-nekrashevich-6801648-1-300x200.jpg\" alt=\"A t-on droit au ch\u00f4mage lorsqu'on part en voyage ?\" width=\"300\" height=\"200\" srcset=\"https:\/\/www.mes-allocs.fr\/guides\/wp-content\/uploads\/2021\/06\/pexels-anna-nekrashevich-6801648-1-300x200.jpg 300w, https:\/\/www.mes-allocs.fr\/guides\/wp-content\/uploads\/2021\/06\/pexels-anna-nekrashevich-6801648-1-1024x682.jpg 1024w, https:\/\/www.mes-allocs.fr\/guides\/wp-content\/uploads\/2021\/06\/pexels-anna-nekrashevich-6801648-1-768x512.jpg 768w, https:\/\/www.mes-allocs.fr\/guides\/wp-content\/uploads\/2021\/06\/pexels-anna-nekrashevich-6801648-1-600x400.jpg 600w, https:\/\/www.mes-allocs.fr\/guides\/wp-content\/uploads\/2021\/06\/pexels-anna-nekrashevich-6801648-1.jpg 1280w\" sizes=\"auto, (max-width: 300px) 100vw, 300px\" \/><\/p>\n<ul>\n<li>Vous pouvez \u00eatre indemnis\u00e9 pendant <strong>6\u00a0mois minimum<\/strong> (182 jours calendaires).<\/li>\n<li>La dur\u00e9e de vos allocations ne peut exc\u00e9der : 730 jours (24 mois) si vous avez moins de 53 ans \u00e0 la date de fin de votre contrat de travail ; 913 jours (30 mois) si vous avez 53 ou 54 ans \u00e0 la date de fin de votre contrat de travail ; 1 095 jours (36 mois) si vous avez au moins 55 ans \u00e0 la date de fin de votre contrat de travail.<\/li>\n<\/ul>\n<p>Si vous faites partie des licenci\u00e9s \u00e9conomiques, votre dur\u00e9e d\u2019indemnisation maximale diff\u00e8re si vous adh\u00e9rez au Contrat de s\u00e9curisation professionnelle (CSP).<\/p>\n<p><span class=\"amp-wp-f6bf23d\" data-amp-original-style=\"text-decoration: underline;\"><strong>Exemple :<\/strong><\/span><\/p>\n<ol>\n<li>Vous perdez votre emploi apr\u00e8s une p\u00e9riode de travail de 8 mois : vous b\u00e9n\u00e9ficiez d\u2019une allocation ch\u00f4mage durant 8 mois maximum.<\/li>\n<li>Vous perdez votre emploi apr\u00e8s une p\u00e9riode de travail de 5 ans. Vous b\u00e9n\u00e9ficiez d\u2019une allocation ch\u00f4mage si vous perdez votre emploi apr\u00e8s 5 ans d\u2019activit\u00e9 professionnelle, vous pouvez b\u00e9n\u00e9ficier d\u2019une allocation ch\u00f4mage, et ce :<\/li>\n<\/ol>\n<ul>\n<li>pendant 24 mois si vous avez moins de 53 ans \u00e0 la date de fin de votre dernier contrat de travail ;<\/li>\n<li>pendant 30 mois et demi si vous avez 53 ou 54 ans ;<\/li>\n<\/ul>\n<h2>Comment calculer l&rsquo;allocation ch\u00f4mage ?<\/h2>\n<p>L&rsquo;allocation ch\u00f4mage est calcul\u00e9e \u00e0 partir de vos derniers salaires. Il est calcul\u00e9 \u00e0 partir du <strong>Salaire Journalier de R\u00e9f\u00e9rence.\u00a0<\/strong><span class=\"ILfuVd\"><span class=\"hgKElc\">Le calcul <strong>SJR<\/strong>\u00a0(salaire journalier de r\u00e9f\u00e9rence) est le suivant :<\/span><\/span><\/p>\n<div role=\"heading\" data-attrid=\"wa:\/description\" aria-level=\"3\" data-hveid=\"CAcQAA\"><\/div>\n<div class=\"LGOjhe\" role=\"heading\" data-attrid=\"wa:\/description\" aria-level=\"3\" data-hveid=\"CAcQAA\"><span class=\"ILfuVd\"><span class=\"hgKElc\"><b>SJR<\/b> = salaire de r\u00e9f\u00e9rence des deux derni\u00e8res ann\u00e9es \/ nombre de jours calendaires (jours travaill\u00e9s + jours non travaill\u00e9s compris entre le 1<sup>er<\/sup> jour du premier contrat et le dernier jour du dernier contrat de cette p\u00e9riode de 2 ans)<\/span><\/span><\/div>\n<div role=\"heading\" data-attrid=\"wa:\/description\" aria-level=\"3\" data-hveid=\"CAcQAA\">Exemple : Vous avez per\u00e7u durant les 2 ann\u00e9es pr\u00e9c\u00e9dant votre perte d&#8217;emploi un total de r\u00e9mun\u00e9ration brute de 50<span class=\"sp-prix\">\u00a0000 \u20ac<\/span>. Cette somme est divis\u00e9e par 730 jours calendaires (pour avoir travailler durant les 2 ann\u00e9es). Votre salaire de r\u00e9f\u00e9rence est : 50 000 \/ 730 = <span class=\"sp-prix\">68,49 \u20ac<\/span>.<\/div>\n<div class='cta-block'><div class='text'>Simulez votre ch\u00f4mage en 2 min.<\/div><a href='https:\/\/www.mes-allocs.fr\/simulation-chomage?origin=guides\/wp-json\/wp\/v2\/posts\/65483' class='app-button fit'>Simulation gratuite<\/a><\/div>\n","protected":false},"excerpt":{"rendered":"<p>Le ch\u00f4mage en France est une situation qui peut toucher l&rsquo;un d&rsquo;entre nous de mani\u00e8re assez soudaine. Pour pallier ce manque de revenu, il existe des aides. Dans cet article, nous allons voir si vous avez le droit au ch\u00f4mage lorsque vous \u00eates cotisant solidaire MSA. Qui est cotisant solidaire solidaire MSA? La MSA : [&hellip;]<\/p>\n","protected":false},"author":25,"featured_media":0,"comment_status":"closed","ping_status":"open","sticky":false,"template":"","format":"standard","meta":{"amp_status":"","footnotes":""},"categories":[2991,2989],"tags":[],"class_list":["post-65483","post","type-post","status-publish","format-standard","hentry","category-droit-au-chomage","category-chomage"],"yoast_head":"<!-- This site is optimized with the Yoast SEO plugin v14.9 - https:\/\/yoast.com\/wordpress\/plugins\/seo\/ -->\n<title>A-t-on droit au ch\u00f4mage si on est cotisant solidaire MSA ? | Mes-Allocs.fr<\/title>\n<meta name=\"description\" content=\"L&#039;aide au ch\u00f4mage couvre les employ\u00e9s du secteur agricole qui d\u00e9pendent de la mutualit\u00e9 sociale agricole. On vous en dit plus.\" \/>\n<meta name=\"robots\" content=\"index, follow, max-snippet:-1, max-image-preview:large, max-video-preview:-1\" \/>\n<link rel=\"canonical\" href=\"https:\/\/www.mes-allocs.fr\/guides\/chomage\/droit-au-chomage\/cumul-chomage-et-exploitant-agricole\/\" \/>\n<meta property=\"og:locale\" content=\"fr_FR\" \/>\n<meta property=\"og:type\" content=\"article\" \/>\n<meta property=\"og:title\" content=\"A-t-on droit au ch\u00f4mage si on est cotisant solidaire MSA ? | Mes-Allocs.fr\" \/>\n<meta property=\"og:description\" content=\"L&#039;aide au ch\u00f4mage couvre les employ\u00e9s du secteur agricole qui d\u00e9pendent de la mutualit\u00e9 sociale agricole. On vous en dit plus.\" \/>\n<meta property=\"og:url\" content=\"https:\/\/www.mes-allocs.fr\/guides\/chomage\/droit-au-chomage\/cumul-chomage-et-exploitant-agricole\/\" \/>\n<meta property=\"og:site_name\" content=\"Mes-Allocs.fr\" \/>\n<meta property=\"article:published_time\" content=\"2023-07-24T12:37:24+00:00\" \/>\n<meta property=\"article:modified_time\" content=\"2025-10-06T15:31:55+00:00\" \/>\n<meta property=\"og:image\" content=\"https:\/\/www.mes-allocs.fr\/guides\/wp-content\/uploads\/2021\/11\/Quest-ce-que-lallocation-cho\u0302mage--300x199.jpg\" \/>\n<meta name=\"twitter:card\" content=\"summary_large_image\" \/>\n<script type=\"application\/ld+json\" class=\"yoast-schema-graph\">{\"@context\":\"https:\/\/schema.org\",\"@graph\":[{\"@type\":\"WebSite\",\"@id\":\"https:\/\/www.mes-allocs.fr\/guides\/#website\",\"url\":\"https:\/\/www.mes-allocs.fr\/guides\/\",\"name\":\"Mes-Allocs.fr\",\"description\":\"\",\"potentialAction\":[{\"@type\":\"SearchAction\",\"target\":\"https:\/\/www.mes-allocs.fr\/guides\/?s={search_term_string}\",\"query-input\":\"required name=search_term_string\"}],\"inLanguage\":\"fr-FR\"},{\"@type\":\"ImageObject\",\"@id\":\"https:\/\/www.mes-allocs.fr\/guides\/chomage\/droit-au-chomage\/cumul-chomage-et-exploitant-agricole\/#primaryimage\",\"inLanguage\":\"fr-FR\",\"url\":\"https:\/\/www.mes-allocs.fr\/guides\/wp-content\/uploads\/2021\/11\/Quest-ce-que-lallocation-cho\\u0302mage-.jpg?wsr\",\"width\":1280,\"height\":847,\"caption\":\"Quest ce que lallocation cho\\u0302mage\"},{\"@type\":\"WebPage\",\"@id\":\"https:\/\/www.mes-allocs.fr\/guides\/chomage\/droit-au-chomage\/cumul-chomage-et-exploitant-agricole\/#webpage\",\"url\":\"https:\/\/www.mes-allocs.fr\/guides\/chomage\/droit-au-chomage\/cumul-chomage-et-exploitant-agricole\/\",\"name\":\"A-t-on droit au ch\\u00f4mage si on est cotisant solidaire MSA ? | Mes-Allocs.fr\",\"isPartOf\":{\"@id\":\"https:\/\/www.mes-allocs.fr\/guides\/#website\"},\"primaryImageOfPage\":{\"@id\":\"https:\/\/www.mes-allocs.fr\/guides\/chomage\/droit-au-chomage\/cumul-chomage-et-exploitant-agricole\/#primaryimage\"},\"datePublished\":\"2023-07-24T12:37:24+00:00\",\"dateModified\":\"2025-10-06T15:31:55+00:00\",\"author\":{\"@id\":\"https:\/\/www.mes-allocs.fr\/guides\/#\/schema\/person\/52b318867057023c2f6a62512d870cf7\"},\"description\":\"L'aide au ch\\u00f4mage couvre les employ\\u00e9s du secteur agricole qui d\\u00e9pendent de la mutualit\\u00e9 sociale agricole. On vous en dit plus.\",\"inLanguage\":\"fr-FR\"},{\"@type\":\"Person\",\"@id\":\"https:\/\/www.mes-allocs.fr\/guides\/#\/schema\/person\/52b318867057023c2f6a62512d870cf7\",\"name\":\"Eric Zotoglo\",\"image\":{\"@type\":\"ImageObject\",\"@id\":\"https:\/\/www.mes-allocs.fr\/guides\/#personlogo\",\"inLanguage\":\"fr-FR\",\"url\":\"https:\/\/www.mes-allocs.fr\/guides\/wp-content\/uploads\/2023\/06\/PXL_20230324_080412913.NIGHT2_1-150x150.jpg\",\"caption\":\"Eric Zotoglo\"},\"description\":\"Eric est juriste sp\\u00e9cialis\\u00e9e en droit du num\\u00e9rique et de la protection sociale. Il rejoint Mes Allocs apr\\u00e8s une premi\\u00e8re exp\\u00e9rience dans le secteur du journalisme.\",\"sameAs\":[\"https:\/\/www.linkedin.com\/in\/eric-zotoglo-1a8a9a55\/\"]}]}<\/script>\n<!-- \/ Yoast SEO plugin. -->","amp_validity":null,"acf":{"faq":{"1":{"question":"Qui a le droit au ch\u00f4mage ?","answer":"L'Assurance ch\u00f4mage prot\u00e8ge les travailleurs salari\u00e9s contre la perte d'un revenu en cas de ch\u00f4mage. Elle leur permet de b\u00e9n\u00e9ficier d'une allocation et de continuer \u00e0 cumuler des points pour la retraite m\u00eame s'ils ont perdu leur emploi.  "},"2":{"question":"Comment faire pour toucher le ch\u00f4mage apr\u00e8s une d\u00e9mission ?","answer":"Il faut vous inscrire \u00e0 P\u00f4le Emploi afin de b\u00e9n\u00e9ficier du ch\u00f4mage. Et ce, m\u00eame si vous avez travaill\u00e9 pendant un nombre de mois\/jour\/heures ouvrant droit au ch\u00f4mage (\u00e0 savoir 4 mois, 88 jours, 610 heures)."},"3":{"question":"Qui est couvert par la MSA ? ","answer":"L'article\u00a0 L. 722-20 du code rural et de la p\u00eache maritime dresse une liste exhaustive des personnes couvertes par le r\u00e9gime des salari\u00e9s agricoles.\r\n\r\nIl s'agit entre autres des gardes-chasse, gardes-p\u00eache, gardes forestiers, jardiniers, jardiniers gardes de propri\u00e9t\u00e9, des employ\u00e9s de maison au service d'un exploitant agricole, des m\u00e9tayers, des personnels enseignants des \u00e9tablissements d'enseignement et de formation professionnelle agricoles priv\u00e9s \u2026"},"4":{"question":"Est-ce que je peux b\u00e9n\u00e9ficier du droit au ch\u00f4mage en \u00e9tant affili\u00e9 au MSA ? ","answer":"Les salari\u00e9s du r\u00e9gime agricole b\u00e9n\u00e9ficient tout comme les autres salari\u00e9s de l'assurance ch\u00f4mage de droit commun."},"5":{"question":"Puis-je travailler et toucher le ch\u00f4mage ?","answer":"Oui, et ce, depuis le 1er octobre 2014. Vous pouvez cumuler partiellement l'allocation d'aide au retour \u00e0 l'emploi (ARE) et vos salaires."},"6":{"question":"Comment ne pas perdre ses droits au ch\u00f4mage ?","answer":"Pour ne pas perdre vos droits au ch\u00f4mage, votre fin de contrat ne doit \u00e9maner d'une volont\u00e9 de votre part. Vous ne devez donc pas d\u00e9missionn\u00e9, \u00e0 moins d'invoquer un motif dit l\u00e9gitime lors de votre d\u00e9mission."},"7":{"question":"","answer":""},"8":{"question":"","answer":""},"9":{"question":"","answer":""},"10":{"question":"","answer":""},"11":{"question":"","answer":""},"12":{"question":"","answer":""},"13":{"question":"","answer":""},"14":{"question":"","answer":""},"15":{"question":"","answer":""},"16":{"question":"","answer":""}}},"_links":{"self":[{"href":"https:\/\/www.mes-allocs.fr\/guides\/wp-json\/wp\/v2\/posts\/65483","targetHints":{"allow":["GET"]}}],"collection":[{"href":"https:\/\/www.mes-allocs.fr\/guides\/wp-json\/wp\/v2\/posts"}],"about":[{"href":"https:\/\/www.mes-allocs.fr\/guides\/wp-json\/wp\/v2\/types\/post"}],"author":[{"embeddable":true,"href":"https:\/\/www.mes-allocs.fr\/guides\/wp-json\/wp\/v2\/users\/25"}],"replies":[{"embeddable":true,"href":"https:\/\/www.mes-allocs.fr\/guides\/wp-json\/wp\/v2\/comments?post=65483"}],"version-history":[{"count":9,"href":"https:\/\/www.mes-allocs.fr\/guides\/wp-json\/wp\/v2\/posts\/65483\/revisions"}],"predecessor-version":[{"id":104341,"href":"https:\/\/www.mes-allocs.fr\/guides\/wp-json\/wp\/v2\/posts\/65483\/revisions\/104341"}],"wp:attachment":[{"href":"https:\/\/www.mes-allocs.fr\/guides\/wp-json\/wp\/v2\/media?parent=65483"}],"wp:term":[{"taxonomy":"category","embeddable":true,"href":"https:\/\/www.mes-allocs.fr\/guides\/wp-json\/wp\/v2\/categories?post=65483"},{"taxonomy":"post_tag","embeddable":true,"href":"https:\/\/www.mes-allocs.fr\/guides\/wp-json\/wp\/v2\/tags?post=65483"}],"curies":[{"name":"wp","href":"https:\/\/api.w.org\/{rel}","templated":true}]}}