{"id":6511,"date":"2020-06-03T14:59:16","date_gmt":"2020-06-03T14:59:16","guid":{"rendered":"https:\/\/www.mes-allocs.fr\/guides\/?p=6511"},"modified":"2026-02-18T16:16:55","modified_gmt":"2026-02-18T15:16:55","slug":"aides-sociales-caf","status":"publish","type":"post","link":"https:\/\/www.mes-allocs.fr\/guides\/caisse-allocations-familiales\/aides-sociales-caf\/","title":{"rendered":"Toutes les aides sociales de la CAF !"},"content":{"rendered":"<p><a href=\"https:\/\/www.mes-allocs.fr\/guides\/wp-content\/uploads\/2020\/05\/Toutes-les-aides-sociales-de-la-CAF-2.jpg\"><img loading=\"lazy\" decoding=\"async\" class=\"aligncenter wp-image-7481 size-full\" src=\"https:\/\/www.mes-allocs.fr\/guides\/wp-content\/uploads\/2020\/05\/Toutes-les-aides-sociales-de-la-CAF-2-e1590488486235.jpg\" alt=\"Toutes les aides sociales de la CAF !2\" width=\"1280\" height=\"342\" srcset=\"https:\/\/www.mes-allocs.fr\/guides\/wp-content\/uploads\/2020\/05\/Toutes-les-aides-sociales-de-la-CAF-2-e1590488486235.jpg 1280w, https:\/\/www.mes-allocs.fr\/guides\/wp-content\/uploads\/2020\/05\/Toutes-les-aides-sociales-de-la-CAF-2-e1590488486235-300x80.jpg 300w, https:\/\/www.mes-allocs.fr\/guides\/wp-content\/uploads\/2020\/05\/Toutes-les-aides-sociales-de-la-CAF-2-e1590488486235-1024x274.jpg 1024w, https:\/\/www.mes-allocs.fr\/guides\/wp-content\/uploads\/2020\/05\/Toutes-les-aides-sociales-de-la-CAF-2-e1590488486235-768x205.jpg 768w, https:\/\/www.mes-allocs.fr\/guides\/wp-content\/uploads\/2020\/05\/Toutes-les-aides-sociales-de-la-CAF-2-e1590488486235-600x160.jpg 600w\" sizes=\"auto, (max-width: 1280px) 100vw, 1280px\" \/><\/a><\/p>\n<p style=\"text-align: justify;\">[Mis \u00e0 jour le 18\/02\/2026]<strong> La <a href=\"https:\/\/www.mes-allocs.fr\/guides\/caisse-allocations-familiales\/\">caisse d&rsquo;allocations familiales<\/a> (CAF) met \u00e0 disposition des familles et des actifs un vaste dispositif d&rsquo;aides sociales. Lisez cet article pour en savoir plus.<br \/>\n<\/strong><\/p>\n<div class='cta-block'><div class='text'>Simulez toutes vos aides sociales en 2 min. Gratuit.<\/div><a href='https:\/\/www.mes-allocs.fr\/ab-app?origin=guides\/wp-json\/wp\/v2\/posts\/6511' class='app-button fit'>Simulation gratuite<\/a><\/div>\n<h1>Le revenu de solidarit\u00e9 active (RSA)<\/h1>\n<p>Depuis le 1er septembre 2010, les jeunes de moins de 25 ans (\u00e9tudiant et ch\u00f4meurs) sont \u00e9ligibles au revenu de solidarit\u00e9 active.<\/p>\n<h2>Quelles sont les conditions d&rsquo;obtention ?<\/h2>\n<ul>\n<li>\u00catre de nationalit\u00e9 fran\u00e7aise ou europ\u00e9enne ;<\/li>\n<\/ul>\n<p><strong>ou<\/strong><\/p>\n<ul>\n<li>R\u00e9sider en France depuis au moins 5 ans.<\/li>\n<\/ul>\n<ul>\n<li>Avoir au moins un enfant \u00e0 charge ;<\/li>\n<\/ul>\n<p><strong>ou<\/strong><\/p>\n<ul>\n<li>Avoir travaill\u00e9 pendant au moins 2 ans (en tant que salari\u00e9 ou non), soit un total de 3 214 heures de travail pr\u00e9c\u00e9dant la demande de RSA.<\/li>\n<\/ul>\n<h2>Quelles sont les d\u00e9marches \u00e0 effectuer ?<\/h2>\n<p>Afin d&rsquo;obtenir le RSA, vous devez fournir les pi\u00e8ces justificatives de vos activit\u00e9s professionnelles (sur les deux derni\u00e8res ann\u00e9es), pr\u00e9c\u00e9dant la demande de RSA :<\/p>\n<ul>\n<li>pour les activit\u00e9s salari\u00e9es\u00a0: fiches de paye, attestation employeur, contrats de travail, etc.\u00a0;<\/li>\n<li>pour les activit\u00e9s non salari\u00e9es\u00a0: immatriculation au registre du commerce, documents comptables, etc.\u00a0;<\/li>\n<\/ul>\n<p>\u00c0 noter que si vous b\u00e9n\u00e9ficiez du RSA tout en habitant chez vos parents, leurs allocations logements ou familiales ne seront pas modifi\u00e9es.<\/p>\n<h2>Quel est le montant du RSA ?<\/h2>\n<p>Si vous \u00eates une personne seule, le montant du RSA Jeune est de 646,52 \u20ac par mois en 2026.<\/p>\n<div class='cta-block'><div class='text'>Simulez toutes vos aides sociales en 2 min. Gratuit.<\/div><a href='https:\/\/www.mes-allocs.fr\/ab-app?origin=guides\/wp-json\/wp\/v2\/posts\/6511' class='app-button fit'>Simulation gratuite<\/a><\/div>\n<h1>La prime d\u2019activit\u00e9<\/h1>\n<p>En vigueur depuis le 1er janvier 2016, la prime d&rsquo;activit\u00e9 est un compl\u00e9ments de revenus. Elle est accord\u00e9e, sous conditions de ressources, aux personnes majeures salari\u00e9es et ind\u00e9pendantes. Mais aussi aux \u00e9tudiants salari\u00e9s et apprentis. Environ 5 millions de Fran\u00e7ais b\u00e9n\u00e9ficient de cette aide aujourd&rsquo;hui.<\/p>\n<h2>Quelles sont les d\u00e9marches \u00e0 effectuer ?<\/h2>\n<p>Vous devez faire la demande de prime d&rsquo;activit\u00e9 aupr\u00e8s de la caisse d&rsquo;allocations familiales (CAF) ou la mutualit\u00e9 sociale agricole (MSA), qui vous la verseront si votre dossier est accept\u00e9.<\/p>\n<p><strong>\u00c0 noter que\u00a0l\u2019article 57 de la loi Rebsamen du 17 ao\u00fbt 2015,<\/strong> stipule que les personnes suivantes ne peuvent pas pr\u00e9tendre \u00e0 la prime d&rsquo;activit\u00e9 :<\/p>\n<ul>\n<li>\u00c9l\u00e8ve,<\/li>\n<li>\u00c9tudiant,<\/li>\n<li>Stagiaire,<\/li>\n<li>Apprenti.<\/li>\n<\/ul>\n<p>N\u00e9anmoins, cette condition ne s&rsquo;applique pas \u00e0 ceux qui touchaient au moins 1104,25 \u20ac par mois en 2025. Un stagiaire ou un apprenti est ainsi tout \u00e0 fait \u00e9ligible si ses revenus exc\u00e8de cette limite.<\/p>\n<p><strong>Pour les stagiaires :\u00a0<\/strong>les indemnit\u00e9s de stage font l&rsquo;objet d\u2019une exon\u00e9ration d\u2019imp\u00f4t jusqu\u2019\u00e0 un Smic annuel.<\/p>\n<p><iframe loading=\"lazy\" title=\"Devenez un expert des aides de la CAF !\" width=\"500\" height=\"281\" src=\"https:\/\/www.youtube.com\/embed\/weTPOvJJ3bs?feature=oembed\" frameborder=\"0\" allow=\"accelerometer; autoplay; clipboard-write; encrypted-media; gyroscope; picture-in-picture; web-share\" referrerpolicy=\"strict-origin-when-cross-origin\" allowfullscreen><\/iframe><\/p>\n<h1>L\u2019aide personnalis\u00e9e au logement (APL)<\/h1>\n<p>Cette aide est r\u00e9serv\u00e9e aux logements faisant l\u2019objet d\u2019une convention avec l\u2019\u00c9tat. Son montant d\u00e9pend du montant du loyer, des revenus dont vous disposez (pas ceux de vos parents), du type de logement et de sa localisation. Les conditions varient \u00e9galement en fonction de la r\u00e9gion o\u00f9 vous faites la demande.<\/p>\n<p>D&rsquo;ailleurs, vous devez la faire au moment o\u00f9 vous emm\u00e9nagez, sur le site de la CAF (Caisse d&rsquo;allocations familiales). Veuillez \u00e0 vous munir du bail de location afin de bien remplir le dossier. Le d\u00e9lai d&rsquo;attente avant le premier versement est d&rsquo;environ deux mois.<\/p>\n<p>\u00c0 noter qu&rsquo;une nouvelle r\u00e9forme du mode calcul des allocations est en vigueur depuis le 1er avril 2020.<\/p>\n<div class='cta-block'><div class='text'>Simulez toutes vos aides en 2 min.<\/div><a href='https:\/\/www.mes-allocs.fr\/ab-app?origin=guides\/wp-json\/wp\/v2\/posts\/6511' class='app-button fit'>Simulation gratuite<\/a><\/div>\n<div class=\"content-fiche\">\n<div class=\"tab-content\">\n<div id=\"situation1\" class=\"tab-pane active\">\n<div class=\"fiche-bloc bloc-principal\" data-toggle-scope=\"\">\n<div class=\"fiche-item\">\n<div class=\"fiche-item\">\n<div class=\"fiche-item\">\n<div class=\"fiche-item\">\n<div id=\"fiche-item-6situation1\" class=\"fiche-item-content collapse in\" aria-hidden=\"false\">\n<div class=\"fiche-item\">\n<div id=\"toc_container\" class=\"toc_white no_bullets contracted\">\n<h1 id=\"En_quoi_consistent_les_fonds_de_solidarit\u00e9_logement_CAF_?\">Le fonds de solidarit\u00e9 logement (CAF)<\/h1>\n<p><strong>Le fonds de solidarit\u00e9 logement permet de r\u00e9duire les d\u00e9penses li\u00e9es au logement.<\/strong><\/p>\n<p>Il s&rsquo;adresse aux personnes en difficult\u00e9s financi\u00e8res qui n&rsquo;arrivent \u00e0 se stabiliser face aux d\u00e9penses du logement ou qui peinent \u00e0 y acc\u00e9der (pour diff\u00e9rentes raisons, dont un changement de situation ou autre). L&rsquo;aide FSL est octroy\u00e9, sous conditions de ressources :<\/p>\n<ul>\n<li>pour les logements priv\u00e9s<\/li>\n<li>pour les logements publics, meubl\u00e9s ou non.<\/li>\n<\/ul>\n<p>Son montant varie d&rsquo;un d\u00e9partement \u00e0 l&rsquo;autre. Le FSL couvre des d\u00e9penses comme le paiement de la caution, les frais d&rsquo;agence etc.<\/p>\n<p><strong>Vous pouvez percevoir cette aide, m\u00eame si vous touchez d\u00e9j\u00e0 des allocations logement.<\/strong><\/p>\n<h1>Les allocations logement pour les jeunes et les familles<em><br \/>\n<\/em><\/h1>\n<h2>Quelles sont les conditions d&rsquo;obtention ?<\/h2>\n<p>Jeune ou \u00e9tudiant, vous pouvez percevoir des aides au logement si vous :<\/p>\n<ul>\n<li><strong>\u00eates fran\u00e7ais ou \u00e9tranger avec un titre de s\u00e9jour valable,<\/strong><\/li>\n<li><strong>louez un logement d\u00e9cent,<\/strong><\/li>\n<li><strong>n&rsquo;avez pas de lien de parent\u00e9 avec le propri\u00e9taire du logement lou\u00e9,<\/strong><\/li>\n<li><strong>ne disposez pas de ressources inf\u00e9rieurs \u00e0 certains plafonds (salaire, bourse&#8230;).<\/strong><\/li>\n<\/ul>\n<h2>Quelles aides est-il possible de solliciter ?<\/h2>\n<div class=\"bloc-edito bloc-aNoter\">\n<p class=\"bloc-edito-title\">Selon sa situation, il peut b\u00e9n\u00e9ficier des aides suivantes :<\/p>\n<ul>\n<li>L&rsquo;aide personnalis\u00e9e au logement (APL),\u00a0s&rsquo;il est c\u00e9libataire ou en couple, avec ou sans personne \u00e0 charge et qu&rsquo;il loue un logement conventionn\u00e9<\/li>\n<li>L&rsquo;allocation de logement social (ALS), octroy\u00e9e sous des conditions similaires \u00e0 l&rsquo;APL<\/li>\n<li>L&rsquo;allocation de\u00a0logement familial (ALF), si l&rsquo;\u00e9tudiant est c\u00e9libataire ou en couple avec 1 personne \u00e0 charge et qu&rsquo;il loue un logement non conventionn\u00e9.<\/li>\n<\/ul>\n<\/div>\n<p>Ces allocations sont vers\u00e9es par la CAF.<\/p>\n<h1>Quelles sont les aides de la CAF pour s&rsquo;occuper de son enfant en temps partiel ?<\/h1>\n<p>Salari\u00e9 ou non, si vous avez cotis\u00e9 au moins 8 trimestres, au titre de l\u2019assurance vieillesse, alors vous pouvez pr\u00e9tendre \u00e0 :<\/p>\n<ul id=\"d73067e23\">\n<li>la prestation partag\u00e9e d&rsquo;\u00e9ducation de l&rsquo;enfant (PreParE) ;<\/li>\n<li>le compl\u00e9ment de libre choix d\u2019activit\u00e9 (Clca).<\/li>\n<\/ul>\n<p>Ce sont des aides de la CAF qui vous permettent de solliciter un temps partiel pour vous occuper de votre enfant.<\/p>\n<h2>La prestation partag\u00e9e d&rsquo;\u00e9ducation de l&rsquo;enfant (PreParE)<\/h2>\n<h3>Quelles sont les conditions d\u2019attribution ?<\/h3>\n<ul>\n<li>Remplir les conditions g\u00e9n\u00e9rales d&rsquo;obtention des prestations familiales;<\/li>\n<li>Avoir un ou plusieurs enfants \u00e0 charge ;<\/li>\n<li>\u00c9lever un enfant \u00e2g\u00e9 de moins de 3 ans ;<\/li>\n<li>Avoir adopt\u00e9 un enfant \u00e2g\u00e9 de moins de 20 ans ;<\/li>\n<li>Avoir arr\u00eat\u00e9 de travailler ou travailler \u00e0 temps partiel :<\/li>\n<li>Justifier d\u2019au moins 8 trimestres de cotisations vieillesse dans les deux derni\u00e8res ann\u00e9es, si c\u2019est votre premier enfant, quatre derni\u00e8res ann\u00e9es, si vous avez deux enfants ; cinq derni\u00e8res ann\u00e9es, si vous avez plus de deux enfants.<\/li>\n<\/ul>\n<p>Les trimestres de cotisations valid\u00e9s consid\u00e9r\u00e9s sont ceux pris au titre des :<\/p>\n<ul id=\"d12865e73\">\n<li>cong\u00e9s maladie et maternit\u00e9 indemnis\u00e9s ;<\/li>\n<li>formations professionnelles r\u00e9mun\u00e9r\u00e9es ;<\/li>\n<li>p\u00e9riodes indemnis\u00e9es au titre du ch\u00f4mage (sauf pour le premier enfant) ;<\/li>\n<li>p\u00e9riodes ant\u00e9rieures de perception du compl\u00e9ment de libre choix d\u2019activit\u00e9.<\/li>\n<\/ul>\n<p><strong>Attention : si vous exercez une activit\u00e9 non salari\u00e9e temps partiel ou une activit\u00e9 de Vrp (voyageur repr\u00e9sentant placier), vous devez remplir une condition de revenus.<\/strong><\/p>\n<h3>Quel est le montant de l&rsquo;aide ?<\/h3>\n<p>Du 1er avril 2025 au 31 mars 2026, les <a href=\"https:\/\/www.service-public.fr\/particuliers\/vosdroits\/F32485\" target=\"_blank\" rel=\"noopener noreferrer\">montants de la PreParE<\/a> sont les suivants :<\/p>\n<ul id=\"d13332e77\">\n<li>Si vous avez totalement interrompu votre activit\u00e9 : <strong>456,06 \u20ac par mois ;<\/strong><\/li>\n<li>En cas d\u2019activit\u00e9 \u00e0 taux partiel : <strong>294,82 \u20ac par mois pour une dur\u00e9e de travail inf\u00e9rieure ou \u00e9gale \u00e0 un mi-temps<\/strong>; <strong>170,07 \u20ac par mois pour une dur\u00e9e de travail comprise entre 50 % et 80 %.<\/strong><\/li>\n<\/ul>\n<h3>Est-il possible de cumuler la PreParE avec d&rsquo;autres aides ?<\/h3>\n<p id=\"d395311e221\">La PreParE n\u2019est pas cumulable avec :<\/p>\n<ul>\n<li id=\"d395311e223\">le compl\u00e9ment de libre choix du mode de garde si vous interrompez totalement votre activit\u00e9 professionnelle ;<\/li>\n<li>le compl\u00e9ment familial ;<\/li>\n<li>l\u2019allocation journali\u00e8re de pr\u00e9sence parentale pour le m\u00eame b\u00e9n\u00e9ficiaire ;<\/li>\n<li>les indemnit\u00e9s journali\u00e8res (maladie, maternit\u00e9, etc) ;<\/li>\n<li>la pension d\u2019invalidit\u00e9 ou de retraite.<\/li>\n<\/ul>\n<h2>Le compl\u00e9ment de libre choix d\u2019activit\u00e9 (Clca)<\/h2>\n<h3>Quelles sont les conditions d\u2019attribution ?<\/h3>\n<ul id=\"d12865e46\"><\/ul>\n<p id=\"d4694e30\">Elles sont identiques aux conditions d&rsquo;octroi de la PreParE.<\/p>\n<h3>Quel est le montant de l&rsquo;aide ?<\/h3>\n<p>Du 1er avril 2025 au 31 mars 2026, les montants de la Clca sont similaires \u00e0 ceux de la PreParE.<\/p>\n<h3>Quelle est la dur\u00e9e de versement de l&rsquo;aide ?<\/h3>\n<ul id=\"d4694e47\">\n<li><strong>Si vous avez un enfant \u00e0 charge :<\/strong> elle est vers\u00e9e pendant une p\u00e9riode maximale de 6 mois, d\u00e8s le mois de fin de perception des indemnit\u00e9s journali\u00e8res de maternit\u00e9, de paternit\u00e9, d\u2019adoption ou de maladie, ou, \u00e0 d\u00e9faut, \u00e0 partir de la naissance.<\/li>\n<li><strong>Si vous avez deux enfant \u00e0 charge ou plus :<\/strong> elle est vers\u00e9e jusqu\u2019au mois pr\u00e9c\u00e9dant le 3e anniversaire de l&rsquo;enfant le plus jeune, vous remplissez toujours les conditions d\u2019obtention.\n<ul id=\"d4694e47\"><\/ul>\n<\/li>\n<\/ul>\n<p><strong>Attention : pour une adoption, ces dur\u00e9es sont diff\u00e9rentes.<\/strong><\/p>\n<h1>Les impay\u00e9s de logement (CAF)<\/h1>\n<aside class=\"Principal\">Si vous \u00eates allocataire et propri\u00e9taire et r\u00e9sidez dans les <span class=\"post-meta-key\">Alpes-Maritimes<\/span>, sachez que la caisse d&rsquo;allocations familiales (CAF) de ce d\u00e9partement peut maintenir les aides au logement dont vous b\u00e9n\u00e9ficiez.<\/aside>\n<aside><\/aside>\n<aside><\/aside>\n<aside class=\"Principal\">En effet, si vous \u00eates en situation d\u2019impay\u00e9 d\u2019emprunt, les allocations sont m\u00eame directement vers\u00e9es au pr\u00eateur. Il s&rsquo;agit d&rsquo;un dispositif de la loi Besson.<\/aside>\n<aside><\/aside>\n<aside><div class='cta-block'><div class='text'>Simulez toutes vos aides en 2 min.<\/div><a href='https:\/\/www.mes-allocs.fr\/ab-app?origin=guides\/wp-json\/wp\/v2\/posts\/6511' class='app-button fit'>Simulation gratuite<\/a><\/div><\/aside>\n<\/div>\n<\/div>\n<\/div>\n<\/div>\n<\/div>\n<\/div>\n<\/div>\n<\/div>\n<\/div>\n<\/div>\n<\/div>\n","protected":false},"excerpt":{"rendered":"<p>[Mis \u00e0 jour le 18\/02\/2026] La caisse d&rsquo;allocations familiales (CAF) met \u00e0 disposition des familles et des actifs un vaste dispositif d&rsquo;aides sociales. Lisez cet article pour en savoir plus. Le revenu de solidarit\u00e9 active (RSA) Depuis le 1er septembre 2010, les jeunes de moins de 25 ans (\u00e9tudiant et ch\u00f4meurs) sont \u00e9ligibles au revenu [&hellip;]<\/p>\n","protected":false},"author":6,"featured_media":7479,"comment_status":"open","ping_status":"open","sticky":false,"template":"","format":"standard","meta":{"amp_status":"","footnotes":""},"categories":[6332],"tags":[],"class_list":["post-6511","post","type-post","status-publish","format-standard","has-post-thumbnail","hentry","category-caisse-allocations-familiales"],"yoast_head":"<!-- This site is optimized with the Yoast SEO plugin v14.9 - https:\/\/yoast.com\/wordpress\/plugins\/seo\/ -->\n<title>Toutes les aides sociales de la CAF ! | Mes-Allocs.fr<\/title>\n<meta name=\"description\" content=\"La caisse d&#039;allocations familiales (CAF) met \u00e0 disposition des familles et des actifs un vaste dispositif d&#039;aides sociales.\" \/>\n<meta name=\"robots\" content=\"index, follow, max-snippet:-1, max-image-preview:large, max-video-preview:-1\" \/>\n<link rel=\"canonical\" href=\"https:\/\/www.mes-allocs.fr\/guides\/caisse-allocations-familiales\/aides-sociales-caf\/\" \/>\n<meta property=\"og:locale\" content=\"fr_FR\" \/>\n<meta property=\"og:type\" content=\"article\" \/>\n<meta property=\"og:title\" content=\"Toutes les aides sociales de la CAF ! | Mes-Allocs.fr\" \/>\n<meta property=\"og:description\" content=\"La caisse d&#039;allocations familiales (CAF) met \u00e0 disposition des familles et des actifs un vaste dispositif d&#039;aides sociales.\" \/>\n<meta property=\"og:url\" content=\"https:\/\/www.mes-allocs.fr\/guides\/caisse-allocations-familiales\/aides-sociales-caf\/\" \/>\n<meta property=\"og:site_name\" content=\"Mes-Allocs.fr\" \/>\n<meta property=\"article:published_time\" content=\"2020-06-03T14:59:16+00:00\" \/>\n<meta property=\"article:modified_time\" content=\"2026-02-18T15:16:55+00:00\" \/>\n<meta property=\"og:image\" content=\"https:\/\/www.mes-allocs.fr\/guides\/wp-content\/uploads\/2020\/05\/Toutes-les-aides-sociales-de-la-CAF--e1590488382750.jpg?wsr\" \/>\n\t<meta property=\"og:image:width\" content=\"1280\" \/>\n\t<meta property=\"og:image:height\" content=\"262\" \/>\n<meta name=\"twitter:card\" content=\"summary_large_image\" \/>\n<script type=\"application\/ld+json\" class=\"yoast-schema-graph\">{\"@context\":\"https:\/\/schema.org\",\"@graph\":[{\"@type\":\"WebSite\",\"@id\":\"https:\/\/www.mes-allocs.fr\/guides\/#website\",\"url\":\"https:\/\/www.mes-allocs.fr\/guides\/\",\"name\":\"Mes-Allocs.fr\",\"description\":\"\",\"potentialAction\":[{\"@type\":\"SearchAction\",\"target\":\"https:\/\/www.mes-allocs.fr\/guides\/?s={search_term_string}\",\"query-input\":\"required name=search_term_string\"}],\"inLanguage\":\"fr-FR\"},{\"@type\":\"ImageObject\",\"@id\":\"https:\/\/www.mes-allocs.fr\/guides\/caisse-allocations-familiales\/aides-sociales-caf\/#primaryimage\",\"inLanguage\":\"fr-FR\",\"url\":\"https:\/\/www.mes-allocs.fr\/guides\/wp-content\/uploads\/2020\/05\/Toutes-les-aides-sociales-de-la-CAF--e1590488382750.jpg?wsr\",\"width\":1280,\"height\":262,\"caption\":\"Toutes les aides sociales de la CAF e1590488382750\"},{\"@type\":\"WebPage\",\"@id\":\"https:\/\/www.mes-allocs.fr\/guides\/caisse-allocations-familiales\/aides-sociales-caf\/#webpage\",\"url\":\"https:\/\/www.mes-allocs.fr\/guides\/caisse-allocations-familiales\/aides-sociales-caf\/\",\"name\":\"Toutes les aides sociales de la CAF ! | Mes-Allocs.fr\",\"isPartOf\":{\"@id\":\"https:\/\/www.mes-allocs.fr\/guides\/#website\"},\"primaryImageOfPage\":{\"@id\":\"https:\/\/www.mes-allocs.fr\/guides\/caisse-allocations-familiales\/aides-sociales-caf\/#primaryimage\"},\"datePublished\":\"2020-06-03T14:59:16+00:00\",\"dateModified\":\"2026-02-18T15:16:55+00:00\",\"author\":{\"@id\":\"https:\/\/www.mes-allocs.fr\/guides\/#\/schema\/person\/0ecd61a8600573914d00d970a588c024\"},\"description\":\"La caisse d'allocations familiales (CAF) met \\u00e0 disposition des familles et des actifs un vaste dispositif d'aides sociales.\",\"inLanguage\":\"fr-FR\"},{\"@type\":\"Person\",\"@id\":\"https:\/\/www.mes-allocs.fr\/guides\/#\/schema\/person\/0ecd61a8600573914d00d970a588c024\",\"name\":\"Jonathan\",\"image\":{\"@type\":\"ImageObject\",\"@id\":\"https:\/\/www.mes-allocs.fr\/guides\/#personlogo\",\"inLanguage\":\"fr-FR\",\"url\":\"https:\/\/www.mes-allocs.fr\/guides\/wp-content\/uploads\/2021\/06\/jonathan-150x150.png\",\"caption\":\"Jonathan\"},\"description\":\"Jonathan est r\\u00e9dacteur au sein de l'\\u00e9quipe Mes Allocs, sp\\u00e9cialis\\u00e9 sur les sujets li\\u00e9s au handicap. Dipl\\u00f4m\\u00e9e de l'UPEM, il rejoint Mes Allocs apr\\u00e8s avoir travaill\\u00e9 \\u00e0 l'association AEDE qui accompagne les adultes en situation de handicap. Quand il n'\\u00e9crit pas, on peut le retrouver sur un terrain de basket.\",\"sameAs\":[\"https:\/\/www.linkedin.com\/in\/jonathan-bambela-8637861b7\"]}]}<\/script>\n<!-- \/ Yoast SEO plugin. -->","amp_validity":null,"acf":{"faq":{"1":{"question":"\ud83e\udd14 Quelles aides pour les familles ?","answer":"Les prestations sociales pour les familles \u00e0 la CAF sont sans doute les aides les plus r\u00e9pandues. Parmi elles, il existe l'allocation logement, les allocations familiales caf, la prime de naissance et la prime de rentr\u00e9e scolaire."},"2":{"question":"\ud83d\udcca Qu'est-ce que la CAF ?","answer":"La caisse d'allocations familiales (CAF) est un organisme public d\u00e9di\u00e9 au versement d'aides luttant contre la pauvret\u00e9 (aides au logement, prestations familiales, etc).\r\n\r\nIl existe plusieurs caisses d'allocations familiales dans chaque d\u00e9partement."},"3":{"question":"\ud83e\udd1d Quelles sont les diff\u00e9rentes aides de la CAF ?","answer":"La CAF peut vous attribuer diff\u00e9rentes aides dont l'allocation adulte handicap\u00e9 (AAH) pour les personnes en situation de handicap, le revenu de solidarit\u00e9 active rsa et le pr\u00eat caf."},"4":{"question":"\ud83c\udfc6 Comment demander les diff\u00e9rentes aides de la CAF ?","answer":"Tout d\u00e9pend de l'aide que vous souhaitez demander. En g\u00e9n\u00e9ral, il vous faut remplir un formulaire et fournir certaines pi\u00e8ces justificatives, relatives \u00e0 vos donn\u00e9es personnelles. De plus, Mes Allocs peut vous donner un coup de pouce pour mener \u00e0 bien votre demande d'aide financi\u00e8re, \u00e0 travers nos services en ligne."},"5":{"question":"\ud83d\udcb0 Comment se calcul la CAF ?","answer":"Vous pouvez calculez vos aides CAF en utilisant les simulateurs Mes Allocs.\r\n\r\n<br> <a href=\"https:\/\/www.mes-allocs.fr\/simulation-aides\">Lire la suite<\/a>"},"6":{"question":"","answer":""},"7":{"question":"","answer":""},"8":{"question":"","answer":""},"9":{"question":"","answer":""},"10":{"question":"","answer":""},"11":{"question":"","answer":""},"12":{"question":"","answer":""},"13":{"question":"","answer":""},"14":{"question":"","answer":""},"15":{"question":"","answer":""},"16":{"question":"","answer":""}}},"_links":{"self":[{"href":"https:\/\/www.mes-allocs.fr\/guides\/wp-json\/wp\/v2\/posts\/6511","targetHints":{"allow":["GET"]}}],"collection":[{"href":"https:\/\/www.mes-allocs.fr\/guides\/wp-json\/wp\/v2\/posts"}],"about":[{"href":"https:\/\/www.mes-allocs.fr\/guides\/wp-json\/wp\/v2\/types\/post"}],"author":[{"embeddable":true,"href":"https:\/\/www.mes-allocs.fr\/guides\/wp-json\/wp\/v2\/users\/6"}],"replies":[{"embeddable":true,"href":"https:\/\/www.mes-allocs.fr\/guides\/wp-json\/wp\/v2\/comments?post=6511"}],"version-history":[{"count":34,"href":"https:\/\/www.mes-allocs.fr\/guides\/wp-json\/wp\/v2\/posts\/6511\/revisions"}],"predecessor-version":[{"id":109184,"href":"https:\/\/www.mes-allocs.fr\/guides\/wp-json\/wp\/v2\/posts\/6511\/revisions\/109184"}],"wp:featuredmedia":[{"embeddable":true,"href":"https:\/\/www.mes-allocs.fr\/guides\/wp-json\/wp\/v2\/media\/7479"}],"wp:attachment":[{"href":"https:\/\/www.mes-allocs.fr\/guides\/wp-json\/wp\/v2\/media?parent=6511"}],"wp:term":[{"taxonomy":"category","embeddable":true,"href":"https:\/\/www.mes-allocs.fr\/guides\/wp-json\/wp\/v2\/categories?post=6511"},{"taxonomy":"post_tag","embeddable":true,"href":"https:\/\/www.mes-allocs.fr\/guides\/wp-json\/wp\/v2\/tags?post=6511"}],"curies":[{"name":"wp","href":"https:\/\/api.w.org\/{rel}","templated":true}]}}