{"id":6477,"date":"2020-06-08T12:29:03","date_gmt":"2020-06-08T12:29:03","guid":{"rendered":"https:\/\/www.mes-allocs.fr\/guides\/?p=6477"},"modified":"2026-04-09T15:51:02","modified_gmt":"2026-04-09T14:51:02","slug":"aide-financiere-deces-parent","status":"publish","type":"post","link":"https:\/\/www.mes-allocs.fr\/guides\/aides-sociales\/aide-financiere-deces-parent\/","title":{"rendered":"Les aides financi\u00e8res pr\u00e9vues pour le d\u00e9c\u00e8s d&rsquo;un parent"},"content":{"rendered":"<p style=\"text-align: justify;\"><a href=\"https:\/\/www.mes-allocs.fr\/guides\/wp-content\/uploads\/2020\/06\/Les-aides-financie\u0300res-pre\u0301vues-pour-le-de\u0301ce\u0300s-dun-prochee.jpg\"><img loading=\"lazy\" decoding=\"async\" class=\"aligncenter wp-image-7866 size-full\" src=\"https:\/\/www.mes-allocs.fr\/guides\/wp-content\/uploads\/2020\/06\/Les-aides-financie\u0300res-pre\u0301vues-pour-le-de\u0301ce\u0300s-dun-prochee-e1591301347224.jpg\" alt=\"Les aides financie\u0300res pre\u0301vues pour le de\u0301ce\u0300s d'un prochee\" width=\"1280\" height=\"310\" srcset=\"https:\/\/www.mes-allocs.fr\/guides\/wp-content\/uploads\/2020\/06\/Les-aides-financie\u0300res-pre\u0301vues-pour-le-de\u0301ce\u0300s-dun-prochee-e1591301347224.jpg 1280w, https:\/\/www.mes-allocs.fr\/guides\/wp-content\/uploads\/2020\/06\/Les-aides-financie\u0300res-pre\u0301vues-pour-le-de\u0301ce\u0300s-dun-prochee-e1591301347224-300x73.jpg 300w, https:\/\/www.mes-allocs.fr\/guides\/wp-content\/uploads\/2020\/06\/Les-aides-financie\u0300res-pre\u0301vues-pour-le-de\u0301ce\u0300s-dun-prochee-e1591301347224-1024x248.jpg 1024w, https:\/\/www.mes-allocs.fr\/guides\/wp-content\/uploads\/2020\/06\/Les-aides-financie\u0300res-pre\u0301vues-pour-le-de\u0301ce\u0300s-dun-prochee-e1591301347224-768x186.jpg 768w, https:\/\/www.mes-allocs.fr\/guides\/wp-content\/uploads\/2020\/06\/Les-aides-financie\u0300res-pre\u0301vues-pour-le-de\u0301ce\u0300s-dun-prochee-e1591301347224-600x145.jpg 600w\" sizes=\"auto, (max-width: 1280px) 100vw, 1280px\" \/><\/a>[Mis \u00e0 jour le 09\/04\/2026] <strong>Lors du d\u00e9c\u00e8s d&rsquo;un proche, il peut \u00eatre difficile de faire face aux multiples d\u00e9penses qui accompagnent cet \u00e9v\u00e8nement. Or, des <a href=\"https:\/\/www.mes-allocs.fr\/guides\/aides-sociales\/\" target=\"_blank\" rel=\"noopener noreferrer\">aides financi\u00e8res<\/a> sont pr\u00e9vues pour vous venir en aide. Nombreuses, elles peuvent vous soutenir qu&rsquo;elle que soit votre situation. Les obs\u00e8ques notamment, peuvent \u00eatre pris en charge.<\/strong><\/p>\n<div id=\"1704820938.156969\" class=\"c-virtual_list__item\" tabindex=\"0\" role=\"listitem\" aria-setsize=\"-1\" data-qa=\"virtual-list-item\" data-item-key=\"1704820938.156969\">\n<div class=\"c-message_kit__background c-message_kit__background--hovered p-message_pane_message__message c-message_kit__message\" role=\"presentation\" data-qa=\"message_container\" data-qa-unprocessed=\"false\" data-qa-placeholder=\"false\">\n<div class=\"c-message_kit__hover c-message_kit__hover--hovered\" role=\"document\" aria-roledescription=\"message\" data-qa-hover=\"true\">\n<div class=\"c-message_kit__actions c-message_kit__actions--above\">\n<div class=\"c-message_kit__gutter\">\n<div class=\"c-message_kit__gutter__right\" role=\"presentation\" data-qa=\"message_content\">\n<div class=\"c-message_kit__blocks c-message_kit__blocks--rich_text\">\n<div class=\"c-message__message_blocks c-message__message_blocks--rich_text\" data-qa=\"message-text\">\n<div class=\"p-block_kit_renderer\" data-qa=\"block-kit-renderer\">\n<div class=\"p-block_kit_renderer__block_wrapper p-block_kit_renderer__block_wrapper--first\">\n<div class=\"p-rich_text_block\" dir=\"auto\">\n<div class=\"p-rich_text_section\"><div class='cta-block'><div class='text'>Simulez toutes vos aides en 2 min.<\/div><a href='https:\/\/www.mes-allocs.fr\/ab-app?origin=guides\/wp-json\/wp\/v2\/posts\/6477' class='app-button fit'>Simulation gratuite<\/a><\/div><\/div>\n<\/div>\n<\/div>\n<\/div>\n<\/div>\n<\/div>\n<\/div>\n<\/div>\n<\/div>\n<\/div>\n<\/div>\n<\/div>\n<div class=\"content-fiche\">\n<div class=\"tab-content\">\n<div id=\"situation1\" class=\"tab-pane active\">\n<div class=\"fiche-bloc bloc-principal\" data-toggle-scope=\"\">\n<div class=\"fiche-item\">\n<div class=\"fiche-item\">\n<div class=\"fiche-item\">\n<div class=\"fiche-item\">\n<div id=\"fiche-item-6situation1\" class=\"fiche-item-content collapse in\" aria-hidden=\"false\">\n<div class=\"fiche-item\">\n<h1>Quelle aide financi\u00e8re solliciter suite au d\u00e9c\u00e8s d&rsquo;un parent ?<\/h1>\n<h2>Les diff\u00e9rents aides suite au d\u00e9c\u00e8s d&rsquo;un parent<\/h2>\n<ul>\n<li><a href=\"https:\/\/www.mes-allocs.fr\/guides\/aides-sociales\/aide-sociale-caf\/\" target=\"_blank\" rel=\"noopener noreferrer\">les aides de la CAF<\/a>.<\/li>\n<li>le capital d\u00e9c\u00e8s.<\/li>\n<li>les aides de la CPAM,<\/li>\n<li>etc.<\/li>\n<\/ul>\n<p>Ils constituent une aide financiere deces parent.<\/p>\n<\/div>\n<h2>Quelles sont les aides de la CAF ?<\/h2>\n<p><strong>L&rsquo;aide d\u00e9c\u00e8s de la CAF<\/strong> (caisse d&rsquo;allocations familiales) a pour but de vous accompagner. En effet, apr\u00e8s le d\u00e9c\u00e8s d\u2019un conjoint (ou d\u2019un enfant), vos droits peuvent \u00eatre modifi\u00e9s. Et ceci, pour la simple raison que vos prestations sont estim\u00e9es en fonction :<\/p>\n<ul>\n<li>des ressources,<\/li>\n<li>de la composition de votre foyer.<\/li>\n<\/ul>\n<\/div>\n<\/div>\n<\/div>\n<\/div>\n<\/div>\n<\/div>\n<\/div>\n<\/div>\n<\/div>\n<p>Vous avez effectivement le droit de b\u00e9n\u00e9ficier d&rsquo;une aide sp\u00e9cifique de la CAF en cas de d\u00e9c\u00e8s. Plus pr\u00e9cis\u00e9ment, cette aide est attribu\u00e9e par la CAF de Seine- Saint-Denis.<\/p>\n<h3>Dans quels cas intervient-elle ?<\/h3>\n<p>Vous pouvez pr\u00e9tendre \u00e0 ce financement suite <span lang=\"FR\" xml:lang=\"FR\">au d\u00e9c\u00e8s d&rsquo;un proche, peu importe le lien juridique qui vous unit \u00e0 ce dernier.<\/span><\/p>\n<ul>\n<li><span lang=\"FR\" xml:lang=\"FR\">parents ou recueillant.<\/span><\/li>\n<li><span lang=\"FR\" xml:lang=\"FR\">enfant dont vous avez la charge<\/span>.<\/li>\n<\/ul>\n<h3>Quelles sont les conditions d&rsquo;attribution ?<\/h3>\n<ul>\n<li>A<span lang=\"FR\" xml:lang=\"FR\">voir au moins un enfant \u00e0 charge le mois suivant le d\u00e9c\u00e8s ou le pr\u00e9c\u00e9dent.<br \/>\n<\/span><\/li>\n<li><span lang=\"FR\" xml:lang=\"FR\">Disposer d&rsquo;un familial inf\u00e9rieur ou \u00e9gal \u00e0 <\/span> <span lang=\"FR\" xml:lang=\"FR\">595 \u20ac (au 1er janvier 2026)<\/span><span lang=\"FR\" xml:lang=\"FR\">, un mois avant ou apr\u00e8s le d\u00e9c\u00e8s.<br \/>\n<\/span><\/li>\n<\/ul>\n<p style=\"text-align: justify;\">En cas <span lang=\"FR\" xml:lang=\"FR\">de d\u00e9c\u00e8s du soutien de famille<\/span>, celui qui touche l&rsquo;aide <strong>doit<\/strong> <strong><span lang=\"FR\" xml:lang=\"FR\">participer \u00e0 la charge du ou <\/span><span lang=\"FR\" xml:lang=\"FR\">des<\/span><span lang=\"FR\" xml:lang=\"FR\"> enfants. S\u2019il s\u2019agit d\u2019un jeune majeur isol\u00e9 suite au d\u00e9c\u00e8s du soutien parental, alors il percevra directement l&rsquo;aide. Et d&rsquo;autant plus s&rsquo;il est amen\u00e9 \u00e0 recueillir ses fr\u00e8res et s\u0153urs suite au d\u00e9c\u00e8s.<\/span><\/strong><\/p>\n<h3><strong>Quel est le montant de l&rsquo;aide ?<br \/>\n<\/strong><\/h3>\n<p><span lang=\"FR\" xml:lang=\"FR\">Il peut \u00eatre de 1 000 \u20ac selon vos revenus.<\/span><\/p>\n<p>Le versement de l&rsquo;aide est automatique.<\/p>\n<h2>Les prestations habituelles continuent-elles d&rsquo;\u00eatre vers\u00e9es ?<\/h2>\n<p>Elles peuvent vous \u00eatre vers\u00e9es automatiquement. D&rsquo;autres encore n\u00e9cessitent une proc\u00e9dure de demande.<\/p>\n<h3>Le revenu de solidarit\u00e9 active (RSA)<\/h3>\n<p><a href=\"https:\/\/www.mes-allocs.fr\/guides\/aides-sociales\/aide-financiere-jeune-sans-emploi\/\" target=\"_blank\" rel=\"noopener noreferrer\">Le RSA<\/a> vous assure un montant minimum de ressources et compl\u00e8te celles que vous avez d\u00e9j\u00e0. Les crit\u00e8res suivants sont pris en compte :<\/p>\n<ul>\n<li>montant de vos revenus existants.<\/li>\n<li>composition de votre foyer.<\/li>\n<\/ul>\n<h3>Les aides au logement<\/h3>\n<p>Vous pouvez <a href=\"https:\/\/www.mes-allocs.fr\/guides\/aides-sociales\/laide-au-logement-social\/\" target=\"_blank\" rel=\"noopener noreferrer\">pr\u00e9tendre \u00e0 de telles aides<\/a> si :<\/p>\n<ul>\n<li>vos ressources sont modestes.<\/li>\n<li>si vous payez un loyer ou remboursez un pr\u00eat, pour votre r\u00e9sidence principale.<\/li>\n<\/ul>\n<h3>L&rsquo;allocation de soutien familial (ASF)<\/h3>\n<p>Elle vous est vers\u00e9 si :<\/p>\n<ul>\n<li>vous \u00e9levez un enfant de moins de 20 ans,<\/li>\n<li>priv\u00e9 du soutien de l\u2019un ou de ses deux parents.<\/li>\n<\/ul>\n<h3>La prime d&rsquo;activit\u00e9<\/h3>\n<p>Elle compl\u00e8te vos revenus existants si :<\/p>\n<ul>\n<li>ils sont modestes.<\/li>\n<li>vous exercez une activit\u00e9 professionnelle (salari\u00e9e ou ind\u00e9pendante).<\/li>\n<\/ul>\n<p><iframe loading=\"lazy\" src=\"\/\/www.youtube.com\/embed\/AEHu_brzXHM\" width=\"560\" height=\"314\" allowfullscreen=\"allowfullscreen\"><\/iframe><\/p>\n<div class=\"content-fiche\">\n<div class=\"tab-content\">\n<div id=\"situation1\" class=\"tab-pane active\">\n<div class=\"fiche-bloc bloc-principal\" data-toggle-scope=\"\">\n<div class=\"fiche-item\">\n<div class=\"fiche-item\">\n<div class=\"fiche-item\">\n<div class=\"fiche-item\">\n<div id=\"fiche-item-6situation1\" class=\"fiche-item-content collapse in\" aria-hidden=\"false\">\n<h1>Qu&rsquo;est-ce que le capital d\u00e9c\u00e8s ?<\/h1>\n<h2 id=\"Pour_les_salari\u00e9s_agricoles\u00a0:_le_capital_d\u00e9c\u00e8s_de_la_MSA\">Existe-t-il des aides de la MSA pour les salari\u00e9s agricoles ?<\/h2>\n<p>La Mutualit\u00e9 Sociale Agricole (MSA) peut verser un capital aux salari\u00e9s du monde agricole. Et ce, sous certaines conditions.<\/p>\n<p>Cette attribution distingue :<\/p>\n<ul>\n<li><strong>les b\u00e9n\u00e9ficiaires prioritaire, \u00e0 savoir les ayants droit qui \u00e9taient \u00e0 la charge de l\u2019assur\u00e9 lors du d\u00e9c\u00e8s.<\/strong><\/li>\n<li><strong>et les b\u00e9n\u00e9ficiaires non prioritaires, les ayants droit qui n\u2019\u00e9taient pas ou plus \u00e0 la charge de l\u2019assur\u00e9 lors du d\u00e9c\u00e8s.<\/strong><\/li>\n<\/ul>\n<p>En effet, ce capital est vers\u00e9 en priorit\u00e9 aux b\u00e9n\u00e9ficiaires prioritaires. Ce versement suite un ordre pr\u00e9cis.<\/p>\n<ol>\n<li>conjoint du d\u00e9funt.<\/li>\n<li>enfants du d\u00e9funt.<\/li>\n<li>parents du d\u00e9funt.<\/li>\n<\/ol>\n<p>Si en revanche, il n&rsquo;y a pas de b\u00e9n\u00e9ficiaire prioritaire, la somme vers\u00e9e va aux b\u00e9n\u00e9ficiaires non prioritaires. Et ce, suivant le m\u00eame ordre.<\/p>\n<h2>Quid de la CPAM ?<\/h2>\n<p>Le <strong>capital d\u00e9c\u00e8s d&rsquo;un retrait\u00e9<\/strong> est une aide propos\u00e9e par la <a href=\"https:\/\/www.mes-allocs.fr\/guides\/aides-sociales\/formulaire-demande-aide-financiere-exceptionnelle-cpam\/\" target=\"_blank\" rel=\"noopener noreferrer\">CPAM<\/a> (Caisse primaire d&rsquo;Assurance maladie). Cet organisme fait partie des dispositifs d\u00e9ploy\u00e9s par la S\u00e9curit\u00e9 sociale. N\u00e9anmoins, pour en b\u00e9n\u00e9ficier, il faut respecter certaines conditions. Ainsi, le d\u00e9funt devait :<\/p>\n<ul>\n<li><strong>exercer une activit\u00e9 salariale ou percevoir une indemnisation<\/strong> de P\u00f4le emploi.<\/li>\n<li><strong>\u00eatre titulaire d\u2019une pension d\u2019invalidit\u00e9.<\/strong><\/li>\n<li><strong>percevoir une rente<\/strong> d\u2019accident du travail ou de maladie professionnelle, correspondant \u00e0 une incapacit\u00e9 physique permanente d\u2019au moins 66,66 %.<\/li>\n<\/ul>\n<p>Par ailleurs, cette aide est octroy\u00e9e principalement aux personnes qui \u00e9taient \u00e0 la charge effective du d\u00e9funt. Dans les autres cas, l&rsquo;aide sera :<\/p>\n<ul>\n<li>vers\u00e9e au conjoint survivant.<\/li>\n<li><strong>ou au <\/strong>partenaire de PACS.<\/li>\n<\/ul>\n<p>Sinon, elle sera attribu\u00e9e aux :<\/p>\n<ul>\n<li>descendants,<\/li>\n<li>ou ascendants du d\u00e9funt.<\/li>\n<\/ul>\n<h2>Combien de temps pour toucher le capital d\u00e9c\u00e8s de la CPAM ?<\/h2>\n<p>Sachez que vous avez un d\u00e9lai de 2 ans (\u00e0 partir du d\u00e9c\u00e8s) pour solliciter cette aide.<\/p>\n<div class='cta-block'><div class='text'>Simulez toutes vos aides en 2 min.<\/div><a href='https:\/\/www.mes-allocs.fr\/ab-app?origin=guides\/wp-json\/wp\/v2\/posts\/6477' class='app-button fit'>Simulation gratuite<\/a><\/div>\n<\/div>\n<h1>Vers quels financements se tourner pour payer des obs\u00e8ques ?<\/h1>\n<h2>Peut-on se tourner vers la CNAV ?<\/h2>\n<p>Depuis 2013, vous pouvez demander un <strong>financement au CNAV (Caisse Nationale d\u2019Assurance Vieillesse) afin de r\u00e9gler les frais d\u2019obs\u00e8ques.<\/strong><\/p>\n<p>Plus exactement ce financement est un remboursement. \u00c0 vous donc, d&rsquo;avancer les frais.<\/p>\n<h2>Qu&rsquo;est-ce que l&rsquo;aide du CARSAT (<span class=\"st\">Caisse d&rsquo;Assurance Retraite et de la Sant\u00e9 au Travail) <\/span>?<\/h2>\n<h3>Quelles sont les conditions d&rsquo;attribution ?<\/h3>\n<ul>\n<li>\u00catre veuf(ve) ou conjoint(e) divorc\u00e9(e) d\u2019un(e) assur\u00e9(e) d\u00e9c\u00e9d\u00e9(e) ou disparu(e) depuis plus d\u2019un an.<\/li>\n<li>Votre conjoint d\u00e9pendait de la retraite du r\u00e9gime g\u00e9n\u00e9ral.<\/li>\n<li><strong>Avoir au moins <span class=\"\"> <span class=\"highlight selected\">55 ans<\/span><\/span> \u00e0 compter du point <span class=\"\">de d\u00e9part de la retraite de <\/span>r\u00e9version.<\/strong><\/li>\n<li><strong>Disposer de ressources inf\u00e9rieures \u00e0 un certain plafond.<\/strong><\/li>\n<\/ul>\n<p>Par ailleurs, il faut noter que ces ressources sont examin\u00e9es sur une <strong>p\u00e9riode de 3 mois<\/strong>. Et ce, avant le point de d\u00e9part de la retraite de r\u00e9version. En revanche, vos ressources sont \u00e9tudi\u00e9es sur une <strong>p\u00e9riode de 12 mois<\/strong> avant le point de d\u00e9part de la retraite. Ceci, dans le cas o\u00f9 vous ne respecteriez pas la condition de ressources.<\/p>\n<h3>Quelles sont les d\u00e9marches \u00e0 effectuer ?<em><br \/>\n<\/em><\/h3>\n<p>Il vous faut retirer un formulaire accessible :<\/p>\n<ul>\n<li>aupr\u00e8s des conseillers de l&rsquo;aide.<\/li>\n<li>aux points d&rsquo;accueil ou dans les agences de caisse de retraite.<\/li>\n<\/ul>\n<h3>Qu&rsquo;en est-il de l&rsquo;allocation veuvage ?<\/h3>\n<p><a href=\"https:\/\/www.service-public.fr\/particuliers\/vosdroits\/F744\" target=\"_blank\" rel=\"noopener nofollow noreferrer\">Une allocation veuvage<\/a> est une aide financi\u00e8re pour veuve et veuf.\u00a0 Elle vous est vers\u00e9e si votre \u00e2ge ne remplit pas la <strong>condition de la retraite de r\u00e9version.<\/strong><\/p>\n<p>L&rsquo;allocation veuvage est vers\u00e9e par la S\u00e9curit\u00e9 sociale pendant 2 ans maximum.<\/p>\n<p>Votre allocation est vers\u00e9e :<\/p>\n<ul>\n<li>Au 1<sup>er<\/sup>\u00a0jour du mois au cours duquel s&rsquo;est produit le d\u00e9c\u00e8s si vous faites votre demande\u00a0<strong>dans les 12 mois<\/strong> suivant le d\u00e9c\u00e8s ;<\/li>\n<li>Au 1<sup>er<\/sup>\u00a0jour du mois de votre demande si vous faites votre demande\u00a0<strong>au-del\u00e0 des 12 mois<\/strong> apr\u00e8s le d\u00e9c\u00e8s.<\/li>\n<\/ul>\n<h2 id=\"L\u2019assurance-vie_pour_payer_les_frais_li\u00e9s_\u00e0_l\u2019enterrement\">Est-il possible de recourir \u00e0 l&rsquo;assurance vie ?<em><br \/>\n<\/em><\/h2>\n<p>Une assurance d\u00e9c\u00e8s constitue un outil de pr\u00e9voyance. \u00c0 l&rsquo;inverse, l&rsquo;assurance-vie est un placement. Malgr\u00e9 tout, il vous est possible de la solliciter pour payer des frais d&rsquo;obs\u00e8ques. En effet, l&rsquo;ensemble des contrats disposent d&rsquo;une clause en cas de d\u00e9c\u00e8s.<\/p>\n<p>En outre, pour savoir si une assurance-vie a \u00e9t\u00e9 souscrite, tournez-vous :<\/p>\n<ul>\n<li><strong>vers l&rsquo;AGIRA<\/strong> (Association pour la Gestion des Informations sur le Risque en Assurance). Il suffit de faire une recherche via leur formulaire en ligne.<\/li>\n<li>si c&rsquo;est le cas, vous devez en informer la compagnie d&rsquo;assurance. Elle vous indiquera alors les pi\u00e8ces justificatives \u00e0 envoyer pour r\u00e9cup\u00e9rer l\u2019argent plac\u00e9.<\/li>\n<\/ul>\n<\/div>\n<h2>Existe-il une aide pour les obs\u00e8ques de la CAF ?<\/h2>\n<h3 class=\"nom-caf\">Comment fonctionne l&rsquo;aide de la CAF d&rsquo;Ille-et-Vilaine ?<\/h3>\n<p>La CAF de ce <a href=\"https:\/\/www.mes-allocs.fr\/guides\/aides-sociales\/aide-sociale-departementale\/\" target=\"_blank\" rel=\"noopener noreferrer\">d\u00e9partement<\/a> vous octroie une aide, pour faire face au d\u00e9c\u00e8s d&rsquo;un proche :<\/p>\n<ul>\n<li><strong>d&rsquo;un enfant, <\/strong><\/li>\n<li><strong>ou d&rsquo;un des deux parents.<\/strong><\/li>\n<\/ul>\n<h4>Ce financement peut \u00eatre vers\u00e9 dans les cas suivants :<\/h4>\n<ul>\n<li>Aide aux frais de garde ponctuels, dans le cadre d\u2019un maintien ou d\u2019une reprise d\u2019emploi.<\/li>\n<li>Participation aux frais d&rsquo;obs\u00e8ques.<\/li>\n<li>Aide \u00e0 l&rsquo;entretien du v\u00e9hicule familial.<\/li>\n<li>Participation \u00e0 des frais de consultations psychologiques pour les parents ou la famille.<\/li>\n<li>Aide pour le reste \u00e0 charge lors d\u2019une intervention d\u2019aide \u00e0 domicile.<\/li>\n<\/ul>\n<p>Il est <strong>cumulable<\/strong> avec des prestations comme :<\/p>\n<ul>\n<li><strong>le RSA,<\/strong><\/li>\n<li><strong>la pension de r\u00e9version,<\/strong><\/li>\n<li><strong>le capital d\u00e9c\u00e8s,<\/strong><\/li>\n<li><strong>etc.<\/strong><\/li>\n<\/ul>\n<p>Son montant est <strong>plafonn\u00e9 \u00e0 800\u20ac.<\/strong><\/p>\n<div class=\"fiche-item\">\n<div class=\"col-md-8 visible-md visible-lg\">\n<div class=\"field-item even\">\n<h3 class=\"nom-caf\">Comment fonctionne l&rsquo;aide de la CAF de Tarn-et-Garonne ?<\/h3>\n<p>Vous pouvez obtenir une aide suite au d\u00e9c\u00e8s :<\/p>\n<ul>\n<li>de votre enfant.<\/li>\n<li>de votre conjoint.<\/li>\n<\/ul>\n<p><strong>Son attribution d\u00e9pende de certaines conditions. Quant \u00e0 la demande, elle se fait en ligne. Vous devez \u00e9galement vous munir des pi\u00e8ces justificatives requises.<br \/>\n<\/strong><\/p>\n<\/div>\n<\/div>\n<div id=\"fiche-item-6situation1\" class=\"fiche-item-content collapse in\" aria-hidden=\"false\">\n<h1>Quelles sont les aides du Conseil G\u00e9n\u00e9ral ?<\/h1>\n<h2>Aide du Val-de-Marne<\/h2>\n<p class=\"p1\"><span class=\"s1\">Les d\u00e9partements peuvent vous octroyer des financements pour payer les frais d&rsquo;obs\u00e8ques. C&rsquo;est le cas du Val-de-Marne qui vous accompagne dans certains situations. Renseignez vous aupr\u00e8s de votre d\u00e9partement pour obtenir des d\u00e9tails.<\/span><em><span class=\"s1\"><br \/>\n<\/span><\/em><\/p>\n<p><strong>Cette aide peut aller jusqu&rsquo;\u00e0 1609\u20ac.<\/strong><\/p>\n<h2>Qu&rsquo;est-ce que le contrat obs\u00e8ques du <strong>Pas-de-Calais ?<br \/>\n<\/strong><\/h2>\n<p>Si vous b\u00e9n\u00e9ficiez de l&rsquo;aide sociale et que vous r\u00e9sidez dans le Pas-de-Calais, vous pouvez souscrire un contrat obs\u00e8ques. Son montant ne peut pas \u00eatre sup\u00e9rieur \u00e0 5 000 \u20ac.<\/p>\n<p>Ce contrat doit \u00eatre financ\u00e9 :<\/p>\n<ul>\n<li>en une seule fois par pr\u00e9l\u00e8vement sur des capitaux \u00e9pargn\u00e9s.<\/li>\n<li>Mais aussi, dans la limite de leur montant.<\/li>\n<\/ul>\n<div class='cta-block'><div class='text'>Simulez toutes vos aides en 2 min.<\/div><a href='https:\/\/www.mes-allocs.fr\/ab-app?origin=guides\/wp-json\/wp\/v2\/posts\/6477' class='app-button fit'>Simulation gratuite<\/a><\/div>\n<\/div>\n<\/div>\n<\/div>\n<\/div>\n<\/div>\n<\/div>\n<\/div>\n<\/div>\n<\/div>\n","protected":false},"excerpt":{"rendered":"<p>[Mis \u00e0 jour le 09\/04\/2026] Lors du d\u00e9c\u00e8s d&rsquo;un proche, il peut \u00eatre difficile de faire face aux multiples d\u00e9penses qui accompagnent cet \u00e9v\u00e8nement. Or, des aides financi\u00e8res sont pr\u00e9vues pour vous venir en aide. Nombreuses, elles peuvent vous soutenir qu&rsquo;elle que soit votre situation. Les obs\u00e8ques notamment, peuvent \u00eatre pris en charge. Quelle aide [&hellip;]<\/p>\n","protected":false},"author":9,"featured_media":7865,"comment_status":"open","ping_status":"open","sticky":false,"template":"","format":"standard","meta":{"amp_status":"","footnotes":""},"categories":[1411],"tags":[],"class_list":["post-6477","post","type-post","status-publish","format-standard","has-post-thumbnail","hentry","category-aides-sociales"],"yoast_head":"<!-- This site is optimized with the Yoast SEO plugin v14.9 - https:\/\/yoast.com\/wordpress\/plugins\/seo\/ -->\n<title>Les aides financi\u00e8res pr\u00e9vues pour le d\u00e9c\u00e8s d&#039;un parent | Mes-Allocs.fr<\/title>\n<meta name=\"description\" content=\"Lors du d\u00e9c\u00e8s d&#039;un parent, il peut \u00eatre difficile de faire face aux d\u00e9penses qui accompagnent cet \u00e9v\u00e8nement. Des aides financi\u00e8res existent.\" \/>\n<meta name=\"robots\" content=\"index, follow, max-snippet:-1, max-image-preview:large, max-video-preview:-1\" \/>\n<link rel=\"canonical\" href=\"https:\/\/www.mes-allocs.fr\/guides\/aides-sociales\/aide-financiere-deces-parent\/\" \/>\n<meta property=\"og:locale\" content=\"fr_FR\" \/>\n<meta property=\"og:type\" content=\"article\" \/>\n<meta property=\"og:title\" content=\"Les aides financi\u00e8res pr\u00e9vues pour le d\u00e9c\u00e8s d&#039;un parent | Mes-Allocs.fr\" \/>\n<meta property=\"og:description\" content=\"Lors du d\u00e9c\u00e8s d&#039;un parent, il peut \u00eatre difficile de faire face aux d\u00e9penses qui accompagnent cet \u00e9v\u00e8nement. Des aides financi\u00e8res existent.\" \/>\n<meta property=\"og:url\" content=\"https:\/\/www.mes-allocs.fr\/guides\/aides-sociales\/aide-financiere-deces-parent\/\" \/>\n<meta property=\"og:site_name\" content=\"Mes-Allocs.fr\" \/>\n<meta property=\"article:published_time\" content=\"2020-06-08T12:29:03+00:00\" \/>\n<meta property=\"article:modified_time\" content=\"2026-04-09T14:51:02+00:00\" \/>\n<meta property=\"og:image\" content=\"https:\/\/www.mes-allocs.fr\/guides\/wp-content\/uploads\/2020\/06\/Les-aides-financie\u0300res-pre\u0301vues-pour-le-de\u0301ce\u0300s-dun-proche.jpg?wsr\" \/>\n\t<meta property=\"og:image:width\" content=\"1280\" \/>\n\t<meta property=\"og:image:height\" content=\"960\" \/>\n<meta name=\"twitter:card\" content=\"summary_large_image\" \/>\n<script type=\"application\/ld+json\" class=\"yoast-schema-graph\">{\"@context\":\"https:\/\/schema.org\",\"@graph\":[{\"@type\":\"WebSite\",\"@id\":\"https:\/\/www.mes-allocs.fr\/guides\/#website\",\"url\":\"https:\/\/www.mes-allocs.fr\/guides\/\",\"name\":\"Mes-Allocs.fr\",\"description\":\"\",\"potentialAction\":[{\"@type\":\"SearchAction\",\"target\":\"https:\/\/www.mes-allocs.fr\/guides\/?s={search_term_string}\",\"query-input\":\"required name=search_term_string\"}],\"inLanguage\":\"fr-FR\"},{\"@type\":\"ImageObject\",\"@id\":\"https:\/\/www.mes-allocs.fr\/guides\/aides-sociales\/aide-financiere-deces-parent\/#primaryimage\",\"inLanguage\":\"fr-FR\",\"url\":\"https:\/\/www.mes-allocs.fr\/guides\/wp-content\/uploads\/2020\/06\/Les-aides-financie\\u0300res-pre\\u0301vues-pour-le-de\\u0301ce\\u0300s-dun-proche.jpg?wsr\",\"width\":1280,\"height\":960,\"caption\":\"Les aides financie\\u0300res pre\\u0301vues pour le de\\u0301ce\\u0300s dun proche\"},{\"@type\":\"WebPage\",\"@id\":\"https:\/\/www.mes-allocs.fr\/guides\/aides-sociales\/aide-financiere-deces-parent\/#webpage\",\"url\":\"https:\/\/www.mes-allocs.fr\/guides\/aides-sociales\/aide-financiere-deces-parent\/\",\"name\":\"Les aides financi\\u00e8res pr\\u00e9vues pour le d\\u00e9c\\u00e8s d'un parent | Mes-Allocs.fr\",\"isPartOf\":{\"@id\":\"https:\/\/www.mes-allocs.fr\/guides\/#website\"},\"primaryImageOfPage\":{\"@id\":\"https:\/\/www.mes-allocs.fr\/guides\/aides-sociales\/aide-financiere-deces-parent\/#primaryimage\"},\"datePublished\":\"2020-06-08T12:29:03+00:00\",\"dateModified\":\"2026-04-09T14:51:02+00:00\",\"author\":{\"@id\":\"https:\/\/www.mes-allocs.fr\/guides\/#\/schema\/person\/e4e762c89158b34a332446d26f02fd56\"},\"description\":\"Lors du d\\u00e9c\\u00e8s d'un parent, il peut \\u00eatre difficile de faire face aux d\\u00e9penses qui accompagnent cet \\u00e9v\\u00e8nement. Des aides financi\\u00e8res existent.\",\"inLanguage\":\"fr-FR\"},{\"@type\":\"Person\",\"@id\":\"https:\/\/www.mes-allocs.fr\/guides\/#\/schema\/person\/e4e762c89158b34a332446d26f02fd56\",\"name\":\"Marylou\",\"image\":{\"@type\":\"ImageObject\",\"@id\":\"https:\/\/www.mes-allocs.fr\/guides\/#personlogo\",\"inLanguage\":\"fr-FR\",\"url\":\"https:\/\/www.mes-allocs.fr\/guides\/wp-content\/uploads\/2021\/06\/marylou-150x150.png\",\"caption\":\"Marylou\"},\"description\":\"Marylou est r\\u00e9dactrice au sein de l'\\u00e9quipe Mes Allocs, sp\\u00e9cialiste des sujets de soci\\u00e9t\\u00e9 en g\\u00e9n\\u00e9ral. Dipl\\u00f4m\\u00e9e de l'Institut Sup\\u00e9rieur de Formation au Journalisme, elle rejoint Mes Allocs apr\\u00e8s cr\\u00e9\\u00e9 son premier blog personnel.\",\"sameAs\":[\"https:\/\/www.linkedin.com\/in\/marylou-pr\\u00e9vost\"]}]}<\/script>\n<!-- \/ Yoast SEO plugin. -->","amp_validity":null,"acf":{"faq":{"1":{"question":"Quel organisme rembourse les frais d'obs\u00e8ques ?","answer":"Depuis 2013, vous pouvez demander un financement au CNAV (Caisse Nationale d\u2019Assurance Vieillesse) afin de r\u00e9gler les frais d\u2019obs\u00e8ques. Il s'agit d'un remboursement."},"2":{"question":"Qui touche le capital d\u00e9c\u00e8s de la s\u00e9curit\u00e9 sociale ?","answer":"La capital d\u00e9c\u00e8s est octroy\u00e9 principalement aux personnes qui \u00e9taient \u00e0 la charge effective du d\u00e9funt. "},"3":{"question":"Quelles d\u00e9marches en cas de d\u00e9c\u00e8s d'un parent ?","answer":"Vous devez tout d'abord faire une demande de bulletin de d\u00e9c\u00e8s, avant de le d\u00e9clarer en mairie.\r\nPuis, il faut consulter les derni\u00e8res volont\u00e9s du d\u00e9funt avant de contacter les pompes fun\u00e8bres. En dernier lieu, il est n\u00e9cessaire d'informer l'assurance maladie, la caisse de retraite."},"4":{"question":"Qui a le droit au capital d\u00e9c\u00e8s ?","answer":"Les personnes qui \u00e9taient \u00e0 la charge effective du d\u00e9funt touchent le capital d\u00e9c\u00e8s si ce ce dernier exer\u00e7ait une activit\u00e9 salariale ou percevait une indemnisation de P\u00f4le emploi.\r\n\r\nIl devait aussi \u00eatre titulaire d\u2019une pension d\u2019invalidit\u00e9 et percevoir une rente d\u2019accident du travail ou de maladie professionnelle, correspondant \u00e0 une incapacit\u00e9 physique permanente d\u2019au moins 66,66 %."},"5":{"question":"Quel est le montant du capital d\u00e9c\u00e8s de la CPAM ?","answer":"Son montant forfaitaire est fix\u00e9 par d\u00e9cret. Il est \u00e9galement revaloris\u00e9 chaque ann\u00e9e. Ainsi, depuis le 1er avril 2020, ce montant est de 3 472 \u20ac."},"6":{"question":"Est-ce que le capital d\u00e9c\u00e8s fait partie de la succession ?","answer":"Le capital d\u00e9c\u00e8s est exon\u00e9r\u00e9 de droits de succession. En effet, il n'entre pas dans le calcul du patrimoine du d\u00e9funt. En revanche, il peut \u00eatre int\u00e9gr\u00e9 de figure pr\u00e9voit d'int\u00e9grer dans la succession du d\u00e9funt, si ce dernier n'a pas d\u00e9sign\u00e9 le b\u00e9n\u00e9ficiaire de son assurance d\u00e9c\u00e8s."},"7":{"question":"Qui touche la retraite apr\u00e8s un d\u00e9c\u00e8s ?","answer":"C'est le conjoint survivant qui touche la pension de r\u00e9version de son \u00e9poux ou (ex-\u00e9poux) d\u00e9c\u00e9d\u00e9. Les conditions d\u2019attribution varient en fonction du r\u00e9gime auquel le d\u00e9funt \u00e9tait rattach\u00e9."},"8":{"question":"Est-ce que le capital d\u00e9c\u00e8s est imposable ?","answer":"Cela d\u00e9pend du r\u00e9gime d'imposition auquel il est soumis. Ainsi, pour capital d\u00e9c\u00e8s de la S\u00e9curit\u00e9 sociale n'est pas imposable. En revanche, le capital d\u00e9c\u00e8s d\u2019un assureur pr\u00e9voyance compl\u00e9mentaire l'est."},"9":{"question":"","answer":""},"10":{"question":"","answer":""},"11":{"question":"","answer":""},"12":{"question":"","answer":""},"13":{"question":"","answer":""},"14":{"question":"","answer":""},"15":{"question":"","answer":""},"16":{"question":"","answer":""}}},"_links":{"self":[{"href":"https:\/\/www.mes-allocs.fr\/guides\/wp-json\/wp\/v2\/posts\/6477","targetHints":{"allow":["GET"]}}],"collection":[{"href":"https:\/\/www.mes-allocs.fr\/guides\/wp-json\/wp\/v2\/posts"}],"about":[{"href":"https:\/\/www.mes-allocs.fr\/guides\/wp-json\/wp\/v2\/types\/post"}],"author":[{"embeddable":true,"href":"https:\/\/www.mes-allocs.fr\/guides\/wp-json\/wp\/v2\/users\/9"}],"replies":[{"embeddable":true,"href":"https:\/\/www.mes-allocs.fr\/guides\/wp-json\/wp\/v2\/comments?post=6477"}],"version-history":[{"count":38,"href":"https:\/\/www.mes-allocs.fr\/guides\/wp-json\/wp\/v2\/posts\/6477\/revisions"}],"predecessor-version":[{"id":111864,"href":"https:\/\/www.mes-allocs.fr\/guides\/wp-json\/wp\/v2\/posts\/6477\/revisions\/111864"}],"wp:featuredmedia":[{"embeddable":true,"href":"https:\/\/www.mes-allocs.fr\/guides\/wp-json\/wp\/v2\/media\/7865"}],"wp:attachment":[{"href":"https:\/\/www.mes-allocs.fr\/guides\/wp-json\/wp\/v2\/media?parent=6477"}],"wp:term":[{"taxonomy":"category","embeddable":true,"href":"https:\/\/www.mes-allocs.fr\/guides\/wp-json\/wp\/v2\/categories?post=6477"},{"taxonomy":"post_tag","embeddable":true,"href":"https:\/\/www.mes-allocs.fr\/guides\/wp-json\/wp\/v2\/tags?post=6477"}],"curies":[{"name":"wp","href":"https:\/\/api.w.org\/{rel}","templated":true}]}}