{"id":6472,"date":"2020-06-02T09:05:00","date_gmt":"2020-06-02T09:05:00","guid":{"rendered":"https:\/\/www.mes-allocs.fr\/guides\/?p=6472"},"modified":"2026-04-09T15:49:40","modified_gmt":"2026-04-09T14:49:40","slug":"aide-service-civique","status":"publish","type":"post","link":"https:\/\/www.mes-allocs.fr\/guides\/aides-sociales\/aide-service-civique\/","title":{"rendered":"L&rsquo;aide financi\u00e8re pour le service civique"},"content":{"rendered":"<p style=\"text-align: justify;\"><a href=\"https:\/\/www.mes-allocs.fr\/guides\/wp-content\/uploads\/2020\/05\/aide-financiere-service-civique-1-e1590954857434.jpg\"><img loading=\"lazy\" decoding=\"async\" class=\"aligncenter wp-image-7688 size-full\" src=\"https:\/\/www.mes-allocs.fr\/guides\/wp-content\/uploads\/2020\/05\/aide-financiere-service-civique-1-e1590954995731.jpg\" alt=\"aide financiere service civique\" width=\"1280\" height=\"345\" srcset=\"https:\/\/www.mes-allocs.fr\/guides\/wp-content\/uploads\/2020\/05\/aide-financiere-service-civique-1-e1590954995731.jpg 1280w, https:\/\/www.mes-allocs.fr\/guides\/wp-content\/uploads\/2020\/05\/aide-financiere-service-civique-1-e1590954995731-300x81.jpg 300w, https:\/\/www.mes-allocs.fr\/guides\/wp-content\/uploads\/2020\/05\/aide-financiere-service-civique-1-e1590954995731-1024x276.jpg 1024w, https:\/\/www.mes-allocs.fr\/guides\/wp-content\/uploads\/2020\/05\/aide-financiere-service-civique-1-e1590954995731-768x207.jpg 768w, https:\/\/www.mes-allocs.fr\/guides\/wp-content\/uploads\/2020\/05\/aide-financiere-service-civique-1-e1590954995731-600x162.jpg 600w\" sizes=\"auto, (max-width: 1280px) 100vw, 1280px\" \/><\/a>[Mis \u00e0 jour le 09\/04\/2026] <strong>En 2018, 140.200 volontaires \u00e9taient engag\u00e9s en service civique. L&rsquo;<a href=\"https:\/\/www.mes-allocs.fr\/guides\/aides-sociales\/\" target=\"_blank\" rel=\"noopener noreferrer\">aide financi\u00e8re<\/a> pour le service civique inclut de nombreux dispositifs de r\u00e9mun\u00e9ration : pendant la mission et au terme de celle-ci. Vous pouvez m\u00eame disposer d&rsquo;avantage en tout genre. <\/strong><\/p>\n<div class='cta-block'><div class='text'>Simulez toutes vos aides en 2 min.<\/div><a href='https:\/\/www.mes-allocs.fr\/ab-app?origin=guides\/wp-json\/wp\/v2\/posts\/6472' class='app-button fit'>Simulation gratuite<\/a><\/div>\n<h1>Qu&rsquo;est-ce que le service civique ?<\/h1>\n<h2>D\u00e9finition du service civique<\/h2>\n<p style=\"text-align: justify;\">Il s&rsquo;agit d&rsquo;un engagement volontaire au service de l&rsquo;int\u00e9r\u00eat g\u00e9n\u00e9ral, encadr\u00e9 par des contrats de service civique. Il est ouvert aux personnes suivantes :<\/p>\n<ul>\n<li>jeunes et des volontaires <strong>de 16 \u00e0 25 ans (voire 30 ans pour les jeunes en situation de handicap);<\/strong><\/li>\n<li>aucune condition de ressources n&rsquo;est fix\u00e9e.<\/li>\n<\/ul>\n<p style=\"text-align: justify;\"><strong>Les savoirs-\u00eatre et la motivation sont les seuls\u00a0<\/strong><b>pr\u00e9-requis<\/b>\u00a0pour cette formation civique et citoyenne.<\/p>\n<h2>Dans quels domaines intervient-il ?<\/h2>\n<ul>\n<li>culture et loisirs,<\/li>\n<li>d\u00e9veloppement international et action humanitaire,<\/li>\n<li>\u00e9ducation pour tous,<\/li>\n<li>environnement,<\/li>\n<li>intervention d&rsquo;urgence en cas de crise,<\/li>\n<li>m\u00e9moire et citoyennet\u00e9,<\/li>\n<li>sant\u00e9,<\/li>\n<li>solidarit\u00e9,<\/li>\n<li>sport.<\/li>\n<\/ul>\n<p><iframe loading=\"lazy\" title=\"#LePouvoirDetreUtile\" width=\"500\" height=\"281\" src=\"https:\/\/www.youtube.com\/embed\/jfUpxM-cPp4?start=15&#038;feature=oembed\" frameborder=\"0\" allow=\"accelerometer; autoplay; clipboard-write; encrypted-media; gyroscope; picture-in-picture; web-share\" referrerpolicy=\"strict-origin-when-cross-origin\" allowfullscreen><\/iframe><\/p>\n<div class=\"white-container border-effect3 right-main-content page-static\">\n<h1>Comment fonctionne le service civique ?<\/h1>\n<h2>Cumul du service civique et autres activit\u00e9s<\/h2>\n<p>En parall\u00e8le de votre service civique, vous pouvez :<\/p>\n<ul>\n<li>poursuivre des \u00e9tudes,<\/li>\n<li>avoir un emploi \u00e0 temps partiel.<\/li>\n<\/ul>\n\n<div class=\"wpdt-c row wpDataTableContainerSimpleTable wpDataTables wpDataTablesWrapper\n\"\n    >\n    <table id=\"wpdtSimpleTable-407\"\n           class=\"wpdtSimpleTable wpDataTable\"\n           data-column=\"5\"\n           data-rows=\"2\"\n           data-wpID=\"407\"\n           data-responsive=\"0\"\n           data-has-header=\"1\">\n\n                    <thead>        <tr class=\"wpdt-cell-row \" >\n                            <th class=\"wpdt-cell wpdt-bc-FFFFFF wpdt-bold\"\n                                    data-cell-id=\"A1\"\n                data-col-index=\"0\"\n                data-row-index=\"0\"\n                style=\" width:19.540229885057%;                padding:10px;\"\n                >\n                                Etablissements                <\/th>\n                                            <th class=\"wpdt-cell wpdt-bc-FFFFFF wpdt-bold\"\n                                    data-cell-id=\"B1\"\n                data-col-index=\"1\"\n                data-row-index=\"0\"\n                style=\" width:19.540229885057%;                padding:10px;\"\n                >\n                                Montant                <\/th>\n                                            <th class=\"wpdt-cell wpdt-bc-FFFFFF wpdt-bold\"\n                                    data-cell-id=\"C1\"\n                data-col-index=\"2\"\n                data-row-index=\"0\"\n                style=\" width:19.540229885057%;                padding:10px;\"\n                >\n                                P\u00e9riode                <\/th>\n                                            <th class=\"wpdt-cell wpdt-bc-FFFFFF wpdt-bold\"\n                                    data-cell-id=\"D1\"\n                data-col-index=\"3\"\n                data-row-index=\"0\"\n                style=\" width:20.689655172414%;                padding:10px;\"\n                >\n                                Lieux                <\/th>\n                                            <th class=\"wpdt-cell wpdt-bc-FFFFFF wpdt-bold\"\n                                    data-cell-id=\"E1\"\n                data-col-index=\"4\"\n                data-row-index=\"0\"\n                style=\" width:20.689655172414%;                padding:10px;\"\n                >\n                                Dur\u00e9e hebdomadaire                <\/th>\n                                        <\/tr>\n                    <tbody>        <tr class=\"wpdt-cell-row \" >\n                            <td class=\"wpdt-cell \"\n                                    data-cell-id=\"A2\"\n                data-col-index=\"0\"\n                data-row-index=\"1\"\n                style=\"                padding:10px;\"\n                >\n                                Associations, collectivit\u00e9s territoriales(mairies, d\u00e9partements, r\u00e9gions), \u00e9tablissements publics(coll\u00e8ges, lyc\u00e9es, mus\u00e9e...)                <\/td>\n                                            <td class=\"wpdt-cell \"\n                                    data-cell-id=\"B2\"\n                data-col-index=\"1\"\n                data-row-index=\"1\"\n                style=\"                padding:10px;\"\n                >\n                                580 \u20ac net par mois                <\/td>\n                                            <td class=\"wpdt-cell \"\n                                    data-cell-id=\"C2\"\n                data-col-index=\"2\"\n                data-row-index=\"1\"\n                style=\"                padding:10px;\"\n                >\n                                6 \u00e0 12 mois                <\/td>\n                                            <td class=\"wpdt-cell \"\n                                    data-cell-id=\"D2\"\n                data-col-index=\"3\"\n                data-row-index=\"1\"\n                style=\"                padding:10px;\"\n                >\n                                France ou \u00e9tranger                <\/td>\n                                            <td class=\"wpdt-cell \"\n                                    data-cell-id=\"E2\"\n                data-col-index=\"4\"\n                data-row-index=\"1\"\n                style=\"                padding:10px;\"\n                >\n                                24 H                <\/td>\n                                        <\/tr>\n                    <\/table>\n<\/div><style id='wpdt-custom-style-407'>\ntable#wpdtSimpleTable-407{ table-layout: fixed !important; }\n.wpdt-bc-FFFFFF { background-color: #FFFFFF !important;}\n<\/style>\n\n<\/div>\n<h2>\u00c0 combien s&rsquo;\u00e9l\u00e8ve l&rsquo;indemnit\u00e9 de service civique ?<\/h2>\n<p>L&rsquo;indemnit\u00e9 service civique en 2026 est de 619,83 \u20ac<strong>\u00a0net par mois.<\/strong><\/p>\n<div class=\"advantages-box\">\n<p style=\"text-align: justify;\">Quels sont les avantages du service civique<\/p>\n\n<div class=\"wpdt-c row wpDataTableContainerSimpleTable wpDataTables wpDataTablesWrapper\n\"\n    >\n    <table id=\"wpdtSimpleTable-408\"\n           class=\"wpdtSimpleTable wpDataTable\"\n           data-column=\"2\"\n           data-rows=\"6\"\n           data-wpID=\"408\"\n           data-responsive=\"0\"\n           data-has-header=\"1\">\n\n                    <thead>        <tr class=\"wpdt-cell-row \" >\n                            <th class=\"wpdt-cell wpdt-bc-F3F9FE wpdt-bold\"\n                                    data-cell-id=\"A1\"\n                data-col-index=\"0\"\n                data-row-index=\"0\"\n                style=\" width:55.866900175131%;                padding:10px;\"\n                >\n                                Avantages pour tous                <\/th>\n                                            <th class=\"wpdt-cell wpdt-bc-F3F9FE wpdt-bold\"\n                                    data-cell-id=\"B1\"\n                data-col-index=\"1\"\n                data-row-index=\"0\"\n                style=\" width:44.133099824869%;                padding:10px;\"\n                >\n                                Organismes                <\/th>\n                                        <\/tr>\n                    <tbody>        <tr class=\"wpdt-cell-row \" >\n                            <td class=\"wpdt-cell \"\n                                    data-cell-id=\"A2\"\n                data-col-index=\"0\"\n                data-row-index=\"1\"\n                style=\"                padding:10px;\"\n                >\n                                Offre de 2 mois cotisation offerts sur la 1\u00e8re ann\u00e9e pour une assurance habitation compl\u00e8te                <\/td>\n                                            <td class=\"wpdt-cell \"\n                                    data-cell-id=\"B2\"\n                data-col-index=\"1\"\n                data-row-index=\"1\"\n                style=\"                padding:10px;\"\n                >\n                                GMF                <\/td>\n                                        <\/tr>\n                            <tr class=\"wpdt-cell-row \" >\n                            <td class=\"wpdt-cell \"\n                                    data-cell-id=\"A3\"\n                data-col-index=\"0\"\n                data-row-index=\"2\"\n                style=\"                padding:10px;\"\n                >\n                                D\u00e9part 18:25 : programme d\u2019aide aux vacances, adress\u00e9 aux jeunes de 18 \u00e0 25 ans                <\/td>\n                                            <td class=\"wpdt-cell \"\n                                    data-cell-id=\"B3\"\n                data-col-index=\"1\"\n                data-row-index=\"2\"\n                style=\"                padding:10px;\"\n                >\n                                ANCV                <\/td>\n                                        <\/tr>\n                            <tr class=\"wpdt-cell-row \" >\n                            <td class=\"wpdt-cell \"\n                                    data-cell-id=\"A4\"\n                data-col-index=\"0\"\n                data-row-index=\"3\"\n                style=\"                padding:10px;\"\n                >\n                                Prenez soin de votre sant\u00e9 et b\u00e9n\u00e9ficiez d'une offre sp\u00e9ciale sur votre compl\u00e9mentaire Garantie Sant\u00e9 propos\u00e9e par la Macif : 2 mois                <\/td>\n                                            <td class=\"wpdt-cell \"\n                                    data-cell-id=\"B4\"\n                data-col-index=\"1\"\n                data-row-index=\"3\"\n                style=\"                padding:10px;\"\n                >\n                                MACIF                <\/td>\n                                        <\/tr>\n                            <tr class=\"wpdt-cell-row \" >\n                            <td class=\"wpdt-cell \"\n                                    data-cell-id=\"A5\"\n                data-col-index=\"0\"\n                data-row-index=\"4\"\n                style=\"                padding:10px;\"\n                >\n                                Offre de compl\u00e9mentaire sant\u00e9 sp\u00e9cifiquement adress\u00e9e aux volontaires en Service Civique                <\/td>\n                                            <td class=\"wpdt-cell \"\n                                    data-cell-id=\"B5\"\n                data-col-index=\"1\"\n                data-row-index=\"4\"\n                style=\"                padding:10px;\"\n                >\n                                Malakoff M\u00e9d\u00e9ric                <\/td>\n                                        <\/tr>\n                            <tr class=\"wpdt-cell-row \" >\n                            <td class=\"wpdt-cell \"\n                                    data-cell-id=\"A6\"\n                data-col-index=\"0\"\n                data-row-index=\"5\"\n                style=\"                padding:10px;\"\n                >\n                                Offre d'abonnement de presse                <\/td>\n                                            <td class=\"wpdt-cell \"\n                                    data-cell-id=\"B6\"\n                data-col-index=\"1\"\n                data-row-index=\"5\"\n                style=\"                padding:10px;\"\n                >\n                                Rue des \u00e9tudiants                <\/td>\n                                        <\/tr>\n                    <\/table>\n<\/div><style id='wpdt-custom-style-408'>\ntable#wpdtSimpleTable-408{ table-layout: fixed !important; }\n.wpdt-bc-F3F9FE { background-color: #F3F9FE !important;}\n<\/style>\n\n<div class=\"item-content\">Vous disposez \u00e9galement d&rsquo;<strong>avantages r\u00e9gionaux<\/strong>. Par exemple, la r\u00e9gion lyonnaise vous propose un <strong>abonnement \u00e9tudiant Campus<\/strong>. Il s&rsquo;agit d&rsquo;une offre favorisant la\u00a0mobilit\u00e9.<\/div>\n<\/div>\n<div id=\"toc_container\" class=\"toc_white no_bullets contracted\">\n<div class=\"brs_col\">\n<header>\n<h1>Quelles aides financi\u00e8res apr\u00e8s un service civique ?<\/h1>\n<h2>Qu&rsquo;est-ce que le programme d\u00e9part 18-25 ?<\/h2>\n\n<div class=\"wpdt-c row wpDataTableContainerSimpleTable wpDataTables wpDataTablesWrapper\n\"\n    >\n    <table id=\"wpdtSimpleTable-409table_view=regular\"\n           class=\"wpdtSimpleTable wpDataTable\"\n           data-column=\"4\"\n           data-rows=\"2\"\n           data-wpID=\"409table_view=regular\"\n           data-responsive=\"0\"\n           data-has-header=\"1\">\n\n                    <thead>        <tr class=\"wpdt-cell-row \" >\n                            <th class=\"wpdt-cell wpdt-bc-82A5C1 wpdt-bold\"\n                                    data-cell-id=\"A1\"\n                data-col-index=\"0\"\n                data-row-index=\"0\"\n                style=\" width:25%;                padding:10px;\"\n                >\n                                Nature de l'aide                <\/th>\n                                            <th class=\"wpdt-cell wpdt-bc-82A5C1 wpdt-bold\"\n                                    data-cell-id=\"B1\"\n                data-col-index=\"1\"\n                data-row-index=\"0\"\n                style=\" width:25%;                padding:10px;\"\n                >\n                                Organisme                <\/th>\n                                            <th class=\"wpdt-cell wpdt-bc-82A5C1 wpdt-bold\"\n                                    data-cell-id=\"C1\"\n                data-col-index=\"2\"\n                data-row-index=\"0\"\n                style=\" width:25%;                padding:10px;\"\n                >\n                                Montant                <\/th>\n                                            <th class=\"wpdt-cell wpdt-bc-82A5C1 wpdt-bold\"\n                                    data-cell-id=\"D1\"\n                data-col-index=\"3\"\n                data-row-index=\"0\"\n                style=\" width:25%;                padding:10px;\"\n                >\n                                Dur\u00e9e de l'aide                <\/th>\n                                        <\/tr>\n                    <tbody>        <tr class=\"wpdt-cell-row \" >\n                            <td class=\"wpdt-cell \"\n                                    data-cell-id=\"A2\"\n                data-col-index=\"0\"\n                data-row-index=\"1\"\n                style=\"                padding:10px;\"\n                >\n                                Financement pour aider les jeunes pour aller en vacances                <\/td>\n                                            <td class=\"wpdt-cell \"\n                                    data-cell-id=\"B2\"\n                data-col-index=\"1\"\n                data-row-index=\"1\"\n                style=\"                padding:10px;\"\n                >\n                                L'Agence nationale pour les ch\u00e8ques-vacances (ANCV)                <\/td>\n                                            <td class=\"wpdt-cell \"\n                                    data-cell-id=\"C2\"\n                data-col-index=\"2\"\n                data-row-index=\"1\"\n                style=\"                padding:10px;\"\n                >\n                                250 euros                <\/td>\n                                            <td class=\"wpdt-cell \"\n                                    data-cell-id=\"D2\"\n                data-col-index=\"3\"\n                data-row-index=\"1\"\n                style=\"                padding:10px;\"\n                >\n                                Disponible jusqu'a un an  apr\u00e8s la fin de votre mission                <\/td>\n                                        <\/tr>\n                    <\/table>\n<\/div><style id='wpdt-custom-style-409table_view=regular'>\ntable#wpdtSimpleTable-409table_view=regular{ table-layout: fixed !important; }\n.wpdt-bc-82A5C1 { background-color: #82A5C1 !important;}\n<\/style>\n\n<div class=\"item-content\">\n<p><em>Par exemple, si vous entamez votre mission en octobre 2026, vous pouvez b\u00e9n\u00e9ficier de l&rsquo;offre avant le 31 d\u00e9cembre 2026. Puis une nouvelle fois en 2026, et encore une fois avant le 30 septembre 2028 en tant qu&rsquo;ancien volontaire.<\/em><\/p>\n<h2>L&rsquo;ARPE (<strong>Aide \u00e0 la Recherche du Premier Emploi<\/strong>)<\/h2>\n<\/div>\n<p>Vous terminez ou vous avez termin\u00e9 votre mission de Service Civique et vous recherchez un emploi ? Sachez que votre organisme d\u2019accueil a la responsabilit\u00e9 de vous accompagner en effectuant un<strong> bilan de vos projets<\/strong>, <strong>en partageant des contacts, en vous d\u00e9livrant une attestation.<\/strong> Par ailleurs, les partenaires de l&rsquo;Agence du Service Civique peuvent aussi vous accompagner dans vos recherches.<\/p>\n<div class=\"item-content\">\n<p>Vous pouvez pr\u00e9tendre \u00e0 l&rsquo;ARPE si vous \u00eates :<\/p>\n<ul>\n<li>\u00c2g\u00e9 de moins de 28 ans,<\/li>\n<li>Dipl\u00f4m\u00e9 de l&rsquo;enseignement secondaire ou sup\u00e9rieur.<\/li>\n<\/ul>\n<p>Ainsi, cette aide peut \u00eatre une solution si vous :<\/p>\n<ul>\n<li>avez fini votre service civique,<\/li>\n<li>souhaitez entrer sur le march\u00e9 du travail,<\/li>\n<li>disposiez d\u2019une <a href=\"https:\/\/www.mes-allocs.fr\/guides\/aides-sociales\/aides-financieres-etudiants\/\" target=\"_blank\" rel=\"noopener noreferrer\">bourse<\/a> au cours de la derni\u00e8re ann\u00e9e de pr\u00e9paration de votre dipl\u00f4me.<\/li>\n<\/ul>\n<p>Apr\u00e8s l&rsquo;obtention de votre dipl\u00f4me, vous avez 4 mois pour faire votre demande d&rsquo;ARPE. Cette aide a \u00e9t\u00e9 cr\u00e9\u00e9 \u00e0 la rentr\u00e9e 2016.<\/p>\n<\/div>\n<\/header>\n<\/div>\n<\/div>\n<div class=\"brs_col\">\n<div class=\"mission-rs-box clearfix hidden-print\">\n<div id=\"cms-block-5ed24f58073e1\" class=\"cms-block cms-block-element\">\n<div class=\"g-plusone\" data-size=\"medium\" data-gapiscan=\"true\" data-onload=\"true\" data-gapistub=\"true\">\n<p style=\"text-align: justify;\"><span style=\"text-decoration: underline;\"><strong>D\u00e9roul\u00e9 d&rsquo;une mission de service civique pendant No\u00ebl :<\/strong><\/span><\/p>\n\n<div class=\"wpdt-c row wpDataTableContainerSimpleTable wpDataTables wpDataTablesWrapper\n\"\n    >\n    <table id=\"wpdtSimpleTable-410table_view=regular\"\n           class=\"wpdtSimpleTable wpDataTable\"\n           data-column=\"3\"\n           data-rows=\"2\"\n           data-wpID=\"410table_view=regular\"\n           data-responsive=\"0\"\n           data-has-header=\"1\">\n\n                    <thead>        <tr class=\"wpdt-cell-row \" >\n                            <th class=\"wpdt-cell wpdt-bc-F3F9FE wpdt-bold\"\n                                    data-cell-id=\"A1\"\n                data-col-index=\"0\"\n                data-row-index=\"0\"\n                style=\" width:32.692307692308%;                padding:10px;\"\n                >\n                                Nature du projet                <\/th>\n                                            <th class=\"wpdt-cell wpdt-bc-F3F9FE wpdt-bold\"\n                                    data-cell-id=\"B1\"\n                data-col-index=\"1\"\n                data-row-index=\"0\"\n                style=\" width:34.615384615385%;                padding:10px;\"\n                >\n                                \u00c9quipe                <\/th>\n                                            <th class=\"wpdt-cell wpdt-bc-F3F9FE wpdt-bold\"\n                                    data-cell-id=\"C1\"\n                data-col-index=\"2\"\n                data-row-index=\"0\"\n                style=\" width:32.692307692308%;                padding:10px;\"\n                >\n                                Exemples de t\u00e2ches qui peuvent \u00eatre confi\u00e9es                <\/th>\n                                        <\/tr>\n                    <tbody>        <tr class=\"wpdt-cell-row \" >\n                            <td class=\"wpdt-cell \"\n                                    data-cell-id=\"A2\"\n                data-col-index=\"0\"\n                data-row-index=\"1\"\n                style=\"                padding:10px;\"\n                >\n                                Accompagnement de personnes \u00e2g\u00e9es isol\u00e9es \u00e0 Paris                <\/td>\n                                            <td class=\"wpdt-cell \"\n                                    data-cell-id=\"B2\"\n                data-col-index=\"1\"\n                data-row-index=\"1\"\n                style=\"                padding:10px;\"\n                >\n                                B\u00e9n\u00e9voles et salari\u00e9s coordinateurs de d\u00e9veloppement social                <\/td>\n                                            <td class=\"wpdt-cell \"\n                                    data-cell-id=\"C2\"\n                data-col-index=\"2\"\n                data-row-index=\"1\"\n                style=\"                padding:10px;\"\n                >\n                                Suivi de l\u2019inscription des personnes aux actions, organisation de transports, recrutement de b\u00e9n\u00e9voles, etc.                <\/td>\n                                        <\/tr>\n                    <\/table>\n<\/div><style id='wpdt-custom-style-410table_view=regular'>\ntable#wpdtSimpleTable-410table_view=regular{ table-layout: fixed !important; }\n.wpdt-bc-F3F9FE { background-color: #F3F9FE !important;}\n<\/style>\n\n<\/div>\n<\/div>\n<\/div>\n<\/div>\n<div class=\"brs_col\">\n<div class='cta-block'><div class='text'>Simulez toutes vos aides en 2 min.<\/div><a href='https:\/\/www.mes-allocs.fr\/ab-app?origin=guides\/wp-json\/wp\/v2\/posts\/6472' class='app-button fit'>Simulation gratuite<\/a><\/div>\n<h1>Qu&rsquo;indique une fiche de paie de service civique ?<\/h1>\n<h2>La r\u00e9mun\u00e9ration par mois<\/h2>\n<ul>\n<li>les indemnit\u00e9s de 619,83\u20ac par mois<\/li>\n<li>la majoration d\u2019un montant de 115,16 \u20ac par mois<\/li>\n<li><strong><strong> soit un total de 734,99 euros <\/strong><\/strong><strong>par mois<\/strong><\/li>\n<\/ul>\n<h2>Comment est accord\u00e9e la majoration ?<\/h2>\n<p>Les indemnit\u00e9s sont fix\u00e9es au premier montant et ce, peu importe le volume d&rsquo;heures travaill\u00e9es. Quant \u00e0 la majoration, elle est accord\u00e9e si :<\/p>\n<ul>\n<li>vous ou un membre de votre foyer touchez le RSA,<\/li>\n<li>vous \u00eates titulaire d\u2019une bourse d\u2019\u00e9tudes sup\u00e9rieures au 5\u00e8me, 6\u00e8me ou 7\u00e8me \u00e9chelon durant l\u2019ann\u00e9e en cours.<\/li>\n<\/ul>\n<p>\u00c0 noter que m\u00eame vous b\u00e9n\u00e9ficiez de ces indemnit\u00e9s m\u00eame en cas de\u00a0 :<\/p>\n<ul>\n<li>maladie<\/li>\n<li>grossesse<\/li>\n<li>cong\u00e9 maternit\u00e9<\/li>\n<\/ul>\n<p>Par cons\u00e9quent, aucune indemnit\u00e9 ne sera vers\u00e9e par la S\u00e9curit\u00e9 Sociale.<\/p>\n<h1 id=\"mission-de-service-civique-remuneree-par-l%e2%80%99organisme-d%e2%80%99accueil\">L&rsquo;organisme d&rsquo;accueil verse-t-il une r\u00e9mun\u00e9ration ?<\/h1>\n<p>Une prestation de subsistance est attribu\u00e9e par l&rsquo;organisme qui vous accueille. Elle couvre les frais suivants :<\/p>\n<ul>\n<li>repas<\/li>\n<li>h\u00e9bergement<\/li>\n<li>transport<\/li>\n<li><strong>ou <\/strong>\u00e9quipement<\/li>\n<\/ul>\n<p>Cette prestation est <strong>115,16 \u20ac<\/strong> par mois minimum. En outre, elle peut \u00eatre attribu\u00e9e sous forme de :<\/p>\n<ul>\n<li>tickets restaurants<\/li>\n<li>esp\u00e8ces<\/li>\n<li>note de frais<\/li>\n<\/ul>\n<p>Si votre mission a lieu \u00e0 l&rsquo;\u00e9tranger, vous touchez les m\u00eames sommes que si elle avait lieu en France. En revanche, vous pouvez b\u00e9n\u00e9ficier d&rsquo;avantages suppl\u00e9mentaires. Une augmentation de votre prestation de subsistance peut en \u00eatre un.<\/p>\n<p style=\"text-align: justify;\"><strong><span style=\"text-decoration: underline;\">R\u00e9sum\u00e9 de la fiche de paie service civique :<\/span><\/strong><\/p>\n\n<div class=\"wpdt-c row wpDataTableContainerSimpleTable wpDataTables wpDataTablesWrapper\n\"\n    >\n    <table id=\"wpdtSimpleTable-411table_view=regular\"\n           class=\"wpdtSimpleTable wpDataTable\"\n           data-column=\"3\"\n           data-rows=\"2\"\n           data-wpID=\"411table_view=regular\"\n           data-responsive=\"0\"\n           data-has-header=\"1\">\n\n                    <thead>        <tr class=\"wpdt-cell-row \" >\n                            <th class=\"wpdt-cell wpdt-bc-F3F9FE wpdt-bold\"\n                                    data-cell-id=\"A1\"\n                data-col-index=\"0\"\n                data-row-index=\"0\"\n                style=\" width:32.692307692308%;                padding:10px;\"\n                >\n                                Indemnit\u00e9s                <\/th>\n                                            <th class=\"wpdt-cell wpdt-bc-F3F9FE wpdt-bold\"\n                                    data-cell-id=\"B1\"\n                data-col-index=\"1\"\n                data-row-index=\"0\"\n                style=\" width:34.615384615385%;                padding:10px;\"\n                >\n                                Majoration (en cas de RSA ou une bourse d'\u00e9tudes sup\u00e9rieures)\n                <\/th>\n                                            <th class=\"wpdt-cell wpdt-bc-F3F9FE wpdt-bold\"\n                                    data-cell-id=\"C1\"\n                data-col-index=\"2\"\n                data-row-index=\"0\"\n                style=\" width:32.692307692308%;                padding:10px;\"\n                >\n                                Somme vers\u00e9e par l'organisme d\u2019accueil                <\/th>\n                                        <\/tr>\n                    <tbody>        <tr class=\"wpdt-cell-row \" >\n                            <td class=\"wpdt-cell \"\n                                    data-cell-id=\"A2\"\n                data-col-index=\"0\"\n                data-row-index=\"1\"\n                style=\"                padding:10px;\"\n                >\n                                473,04\u20ac par mois                <\/td>\n                                            <td class=\"wpdt-cell \"\n                                    data-cell-id=\"B2\"\n                data-col-index=\"1\"\n                data-row-index=\"1\"\n                style=\"                padding:10px;\"\n                >\n                                107,68\u20ac par mois                <\/td>\n                                            <td class=\"wpdt-cell \"\n                                    data-cell-id=\"C2\"\n                data-col-index=\"2\"\n                data-row-index=\"1\"\n                style=\"                padding:10px;\"\n                >\n                                107,58 \u20ac par mois minimum                <\/td>\n                                        <\/tr>\n                    <\/table>\n<\/div><style id='wpdt-custom-style-411table_view=regular'>\ntable#wpdtSimpleTable-411table_view=regular{ table-layout: fixed !important; }\n.wpdt-bc-F3F9FE { background-color: #F3F9FE !important;}\n<\/style>\n\n<p>Si vous cumulez les 2, le total est de <strong>734,99<\/strong><strong>\u00a0\u20ac par mois.<\/strong><\/p>\n<header>\n<h2>Est-il possible d&rsquo;effectuer un service civique pendant les vacances de No\u00ebl ?<\/h2>\n<\/header>\n<div class=\"mission-rs-box clearfix hidden-print\">\n<div id=\"cms-block-5ed24f58073e1\" class=\"cms-block cms-block-element\">\n<div id=\"___plusone_0\">\u00c0 Paris, dans le quinzi\u00e8me arrondissement, il est possible de faire un service civique durant les vacances de No\u00ebl. \u00c0 noter que la mission n&rsquo;est pas accessible :<\/div>\n<ul>\n<li>pour les mineurs de 16 ans,<\/li>\n<li>les personnes \u00e0 mobilit\u00e9 r\u00e9duite.<\/li>\n<\/ul>\n<p>En outre, elle est mise en place par l&rsquo;association les\u00a0petits fr\u00e8res des pauvres.<\/p>\n<\/div>\n<\/div>\n<\/div>\n<h2>Peut-on cumuler service civique et allocations P\u00f4le Emploi ?<\/h2>\n<p>Vous pouvez \u00eatre inscrit \u00e0<a href=\"https:\/\/www.mes-allocs.fr\/guides\/aides-sociales\/aide-financiere-pole-emploi\/\" target=\"_blank\" rel=\"noopener noreferrer\"> P\u00f4le Emploi<\/a> durant votre mission de service civique. Dans ce cas, plusieurs modifications interviennent, telles que :<\/p>\n<ul>\n<li>la suspension de vos allocations ch\u00f4mage durant la p\u00e9riode de service civique<\/li>\n<li>le changement de cat\u00e9gorie dans la classification des demandeurs d&#8217;emploi (vous passez en en cat\u00e9gorie 4, qui correspond aux personnes sans emploi, non imm\u00e9diatement disponibles et \u00e0 la recherche d\u2019un emploi)<\/li>\n<li>la suspension de vos d\u00e9clarations mensuelles<\/li>\n<\/ul>\n<p>\u00c0 noter que le service Civique n\u2019est pas un emploi salari\u00e9, il ne vous ouvre donc pas de droit au ch\u00f4mage.<\/p>\n<h2>Est-il possible de percevoir le RSA pendant son service civique ?<\/h2>\n<p>Le RSA est suspendu durant toute la p\u00e9riode de la mission de service civique. Son versement reprend au terme de celle-ci.<\/p>\n<p style=\"text-align: justify;\"><span style=\"text-decoration: underline;\">Versement du RSA en fonction de votre situation personnelle :<\/span><\/p>\n\n<div class=\"wpdt-c row wpDataTableContainerSimpleTable wpDataTables wpDataTablesWrapper\n\"\n    >\n    <table id=\"wpdtSimpleTable-412table_view=regular\"\n           class=\"wpdtSimpleTable wpDataTable\"\n           data-column=\"2\"\n           data-rows=\"2\"\n           data-wpID=\"412table_view=regular\"\n           data-responsive=\"0\"\n           data-has-header=\"1\">\n\n                    <thead>        <tr class=\"wpdt-cell-row \" >\n                            <th class=\"wpdt-cell wpdt-bc-F3F9FE wpdt-bold\"\n                                    data-cell-id=\"A1\"\n                data-col-index=\"0\"\n                data-row-index=\"0\"\n                style=\" width:50%;                padding:10px;\"\n                >\n                                RSA des parents                <\/th>\n                                            <th class=\"wpdt-cell wpdt-bc-F3F9FE wpdt-bold\"\n                                    data-cell-id=\"B1\"\n                data-col-index=\"1\"\n                data-row-index=\"0\"\n                style=\" width:50%;                padding:10px;\"\n                >\n                                RSA couple                <\/th>\n                                        <\/tr>\n                    <tbody>        <tr class=\"wpdt-cell-row \" >\n                            <td class=\"wpdt-cell \"\n                                    data-cell-id=\"A2\"\n                data-col-index=\"0\"\n                data-row-index=\"1\"\n                style=\"                padding:10px;\"\n                >\n                                Nul besoin de d\u00e9clarer l\u2019indemnit\u00e9 de service civique dans votre relev\u00e9 de situation. Elle ne modifie par le montant du RSA.                <\/td>\n                                            <td class=\"wpdt-cell \"\n                                    data-cell-id=\"B2\"\n                data-col-index=\"1\"\n                data-row-index=\"1\"\n                style=\"                padding:10px;\"\n                >\n                                si vous \u00eates en couple et b\u00e9n\u00e9ficiaire du RSA, vous ne touchez plus cette aide, mais votre conjoint, si*.                <\/td>\n                                        <\/tr>\n                    <\/table>\n<\/div><style id='wpdt-custom-style-412table_view=regular'>\ntable#wpdtSimpleTable-412table_view=regular{ table-layout: fixed !important; }\n.wpdt-bc-F3F9FE { background-color: #F3F9FE !important;}\n<\/style>\n\n<p><strong>Attention<\/strong> : dans ce cas, vos ressources ne sont pas prises en compte dans le calcul du RSA. Assurez-vous de contacter la CAF le plus rapidement possible afin de mettre \u00e0 jour votre situation.<\/p>\n<h1>Comment fonctionnent les allocations pour adultes handicap\u00e9s (AAH) durant le service civique ?<\/h1>\n<p>L\u2019indemnit\u00e9 de Service Civique et <a href=\"https:\/\/www.mes-allocs.fr\/guides\/aides-sociales\/aide-financiere-handicape\/\" target=\"_blank\" rel=\"noopener noreferrer\">l\u2019AAH<\/a> sont cumulables. L&rsquo;indemnit\u00e9 de Service Civique n\u2019est pas prise en compte dans le calcul de l\u2019AAH.<\/p>\n<p style=\"text-align: justify;\">Quelles aides est-il possible de cumuler pendant le service civique ?<\/p>\n<p style=\"text-align: justify;\">\n<div class=\"wpdt-c row wpDataTableContainerSimpleTable wpDataTables wpDataTablesWrapper\n\"\n    >\n    <table id=\"wpdtSimpleTable-413table_view=regular\"\n           class=\"wpdtSimpleTable wpDataTable\"\n           data-column=\"2\"\n           data-rows=\"6\"\n           data-wpID=\"413table_view=regular\"\n           data-responsive=\"0\"\n           data-has-header=\"1\">\n\n                    <thead>        <tr class=\"wpdt-cell-row \" >\n                            <th class=\"wpdt-cell wpdt-bc-F3F9FE wpdt-bold\"\n                                    data-cell-id=\"A1\"\n                data-col-index=\"0\"\n                data-row-index=\"0\"\n                style=\" width:51.926605504587%;                padding:10px;\"\n                >\n                                Types d'aides                <\/th>\n                                            <th class=\"wpdt-cell wpdt-bc-F3F9FE wpdt-bold\"\n                                    data-cell-id=\"B1\"\n                data-col-index=\"1\"\n                data-row-index=\"0\"\n                style=\" width:48.073394495413%;                padding:10px;\"\n                >\n                                Modalit\u00e9s                <\/th>\n                                        <\/tr>\n                    <tbody>        <tr class=\"wpdt-cell-row \" >\n                            <td class=\"wpdt-cell \"\n                                    data-cell-id=\"A2\"\n                data-col-index=\"0\"\n                data-row-index=\"1\"\n                style=\"                padding:10px;\"\n                >\n                                Bourse \u00e9tudiante                <\/td>\n                                            <td class=\"wpdt-cell \"\n                                    data-cell-id=\"B2\"\n                data-col-index=\"1\"\n                data-row-index=\"1\"\n                style=\"                padding:10px;\"\n                >\n                                Le versement de la bourse \u00e9tudiante n'est pas pris en compte dans le calcul de vos indemnit\u00e9s de service civique. Si vous n'en avez pas, sachez que vous pouvez donc y pr\u00e9tendre.                <\/td>\n                                        <\/tr>\n                            <tr class=\"wpdt-cell-row \" >\n                            <td class=\"wpdt-cell \"\n                                    data-cell-id=\"A3\"\n                data-col-index=\"0\"\n                data-row-index=\"2\"\n                style=\"                padding:10px;\"\n                >\n                                Garantie jeunes                <\/td>\n                                            <td class=\"wpdt-cell \"\n                                    data-cell-id=\"B3\"\n                data-col-index=\"1\"\n                data-row-index=\"2\"\n                style=\"                padding:10px;\"\n                >\n                                \u00c0 l'instar du RSA, il est suspendu durant la p\u00e9riode de service civique (voir l'article 4 modifi\u00e9 par le d\u00e9cret n\u00b02015-1890 du 30 d\u00e9cembre 2015).\u00a0                <\/td>\n                                        <\/tr>\n                            <tr class=\"wpdt-cell-row \" >\n                            <td class=\"wpdt-cell \"\n                                    data-cell-id=\"A4\"\n                data-col-index=\"0\"\n                data-row-index=\"3\"\n                style=\"                padding:10px;\"\n                >\n                                Assurance retraite                <\/td>\n                                            <td class=\"wpdt-cell \"\n                                    data-cell-id=\"B4\"\n                data-col-index=\"1\"\n                data-row-index=\"3\"\n                style=\"                padding:10px;\"\n                >\n                                Prise en compte de l'ensemble des trimestres de service civique si vous \u00eates affili\u00e9 au r\u00e9gime g\u00e9n\u00e9ral                <\/td>\n                                        <\/tr>\n                            <tr class=\"wpdt-cell-row \" >\n                            <td class=\"wpdt-cell \"\n                                    data-cell-id=\"A5\"\n                data-col-index=\"0\"\n                data-row-index=\"4\"\n                style=\"                padding:10px;\"\n                >\n                                Prime d'activit\u00e9                <\/td>\n                                            <td class=\"wpdt-cell \"\n                                    data-cell-id=\"B5\"\n                data-col-index=\"1\"\n                data-row-index=\"4\"\n                style=\"                padding:10px;\"\n                >\n                                Impossible d'en b\u00e9n\u00e9ficier                <\/td>\n                                        <\/tr>\n                            <tr class=\"wpdt-cell-row \" >\n                            <td class=\"wpdt-cell \"\n                                    data-cell-id=\"A6\"\n                data-col-index=\"0\"\n                data-row-index=\"5\"\n                style=\"                padding:10px;\"\n                >\n                                Allocation Temporaire d\u2019Attente\u00a0(ATA)                <\/td>\n                                            <td class=\"wpdt-cell \"\n                                    data-cell-id=\"B6\"\n                data-col-index=\"1\"\n                data-row-index=\"5\"\n                style=\"                padding:10px;\"\n                >\n                                Aucune loi ne statue sur l'impossibilit\u00e9 de cumuler indemnit\u00e9s de service civique et l'ATA. Contactez le service Mes Allocs pour plus d'information                <\/td>\n                                        <\/tr>\n                    <\/table>\n<\/div><style id='wpdt-custom-style-413table_view=regular'>\ntable#wpdtSimpleTable-413table_view=regular{ table-layout: fixed !important; }\n.wpdt-bc-F3F9FE { background-color: #F3F9FE !important;}\n<\/style>\n<\/p>\n<div class=\"content-fiche\">\n<div class=\"tab-content\">\n<div id=\"situation1\" class=\"tab-pane active\">\n<div class=\"fiche-bloc bloc-principal\" data-toggle-scope=\"\">\n<div class=\"fiche-item\">\n<div class=\"fiche-item\">\n<div class=\"fiche-item\">\n<div class=\"fiche-item\">\n<div id=\"fiche-item-6situation1\" class=\"fiche-item-content collapse in\" aria-hidden=\"false\">\n<div class=\"fiche-item\">\n<div id=\"toc_container\" class=\"toc_white no_bullets contracted\">\n<h2>Comment fonctionne la d\u00e9mission pour un service civique ?<\/h2>\n<div class=\"etape_fp clearfix\">\n<p>La proc\u00e9dure d\u00e9pend du motif pour lequel vous voulez interrompre votre engagement.<\/p>\n<h3>Comment interrompre son service civique pour des raisons li\u00e9es \u00e0 la mission ?<\/h3>\n<p>En tant que jeune, vous souhaitez interrompre votre mission \u00e0 cause :<\/p>\n<ul>\n<li>d&rsquo;une d\u00e9ception,<\/li>\n<li>de difficult\u00e9,<\/li>\n<li>d&rsquo;un d\u00e9saccord,<\/li>\n<li>etc.<\/li>\n<\/ul>\n<p>Dans ces cas, il vous faut avoir une <strong>d\u00e9marche responsable et adopter certains comportements selon les diff\u00e9rents cas. Inutile de s&rsquo;engager en situation de conflit.<br \/>\n<\/strong><\/p>\n<ul>\n<li><strong>Retard de paiement<\/strong> : assurez-vous que votre structure d&rsquo;accueil a bien fait la d\u00e9marche aupr\u00e8s de l&rsquo;agence du service civique. Sinon, demandez-lui de le faire.<\/li>\n<li>Si le litige ne concerne pas le paiement, <strong>mettez en place un entretien avec votre tuteur et\/ou responsable de l&rsquo;organisme d&rsquo;accueil.<\/strong><\/li>\n<li>Au cours de cet entretien, restez calme et poli. Ce n&rsquo;est peut-\u00eatre qu&rsquo;un malentendu. Votre tuteur est l\u00e0 pour vous accompagner.<\/li>\n<li>D\u00e9crivez par des faits objectifs la situation;<\/li>\n<li>Exprimez votre ressenti ;<\/li>\n<li><strong>Proposez des solutions autre que la rupture.<\/strong> Est-il possible de revoir votre mission, de r\u00e9ajuster les t\u00e2ches qui peuvent vous \u00eatre confi\u00e9es, d&rsquo;expliquer votre r\u00f4le \u00e0 votre coll\u00e8gue ou de vous changer d&rsquo;\u00e9quipe ?<\/li>\n<li>Si aucune issue n&rsquo;est possible apr\u00e8s cet entretien, <strong>contactez votre r\u00e9f\u00e9rent service civique.<\/strong> Vous l&rsquo;avez peut-\u00eatre d\u00e9j\u00e0 rencontr\u00e9 lors de la formation. Il peut \u00eatre t\u00e9moin au sein d&rsquo;un nouvelle entretien destin\u00e9 \u00e0 \u00e9claircir la situation.<\/li>\n<\/ul>\n<h2>Comment interrompre son service civique pour des raisons personnelles ?<\/h2>\n<p>Vous pouvez \u00eatre concern\u00e9 par les cas suivants :<\/p>\n<ul>\n<li>obtention d&rsquo;un travail salari\u00e9,<\/li>\n<li>difficult\u00e9s \u00e0 concilier vie \u00e9tudiante et service civique,<\/li>\n<li>etc.<\/li>\n<\/ul>\n<p>Il vous faut alors pr\u00e9venir votre tuteur et\/ou le responsable de l&rsquo;organisme qui vous accueille. Si vous avez trouv\u00e9 un emploi, ne vous inqui\u00e9tez pas, ils ne peuvent qu&rsquo;encourager votre d\u00e9marche d&rsquo;insertion professionnelle.<\/p>\n<p><strong>\u00c0 noter que vous pouvez revenir en tant que b\u00e9n\u00e9vole, une fois votre service civique termin\u00e9. N&rsquo;h\u00e9sitez pas \u00e0 n\u00e9gocier avec votre organisme d&rsquo;accueil.<\/strong><\/p>\n<\/div>\n<div class=\"etape_fp clearfix\">\n<h1>Quelle est la proc\u00e9dure \u00e0 suivre pour une d\u00e9mission de service civique ?<\/h1>\n<h2>La proc\u00e9dure pour une d\u00e9mission de service civique<\/h2>\n<p>Vous pouvez mettre fin de fa\u00e7on anticip\u00e9e \u00e0 votre service civique en respectant les d\u00e9marches suivantes\u00a0:<\/p>\n<ul>\n<li>Respectez le pr\u00e9avis de d\u00e9part d&rsquo;un mois (si vous avez trouv\u00e9 un emploi en CDD d&rsquo;au moins six mois ou un CDI, en cas de force majeure ou en cas de faute grave d\u2019une des parties, aucun pr\u00e9avis ne vous est demand\u00e9).<\/li>\n<li>Informez imm\u00e9diatement l\u2019Agence des services et de paiement (ASP) par \u00e9crit afin qu\u2019elle suspende le paiement de votre indemnit\u00e9.<\/li>\n<li>Envoyez un courrier au responsable de l&rsquo;organisme qui vous accueille afin de l&rsquo;informer de votre d\u00e9cision.<\/li>\n<\/ul>\n<h2>Quelles sont les cons\u00e9quences suite \u00e0 une d\u00e9mission de service civique ?<\/h2>\n<ul>\n<li>Non-d\u00e9livrance d&rsquo;attestation de service civique, si vous arr\u00eatez avant les 6 mois.<\/li>\n<li>Impossibilit\u00e9 de suivre la formation civique et citoyenne et la formation PSC1, apr\u00e8s la rupture de l&rsquo;engagement.<\/li>\n<li>Versement des allocations-ch\u00f4mage suite au contrat civique annul\u00e9.<\/li>\n<li>Perte des avantages procur\u00e9s par la carte du volontaire.<\/li>\n<\/ul>\n<\/div>\n<h2>Peut-on rompre le contrat d&rsquo;engagement d&rsquo;un jeune volontaire ?<\/h2>\n<p>Si vous faites partie de l&rsquo;\u00e9quipe de service civique, vous pouvez \u00eatre amen\u00e9 \u00e0 stopper la mission d&rsquo;un jeune. En revanche, il vous faut respecter certaines d\u00e9marches, pour accompagner votre volontaire au mieux.<\/p>\n<ul>\n<li>Il est conseill\u00e9 de r\u00e9fl\u00e9chir avant de prendre votre d\u00e9cisions. Une <strong>solution<\/strong> peut-elle \u00eatre trouv\u00e9e ? Organisez des entretiens avec le jeune concern\u00e9 pour essayer de discuter du probl\u00e8me. En cas de faute grave ou en cas de force majeure, vous pouvez rompre l&rsquo;engagement d&rsquo;un commun d&rsquo;accord.<\/li>\n<li>Rupture d\u2019un commun accord : vous devez respectez un <strong>pr\u00e9avis de d\u00e9part d&rsquo;un mois<\/strong>. Cas de faute grave ou de force majeure : si le volontaire a trouv\u00e9 un <strong>CDI ou un CDD d\u2019au moins 6 mois , il n&rsquo;y a pas de pr\u00e9avis.<\/strong><\/li>\n<li>Rupture anticip\u00e9e : envoyez un <strong>courrier recommand\u00e9 avec AR au volontaire<\/strong>. Vous pouvez aussi lui remettre en main propre contre d\u00e9charge. Pr\u00e9cisez-y les motifs de la rupture.<\/li>\n<li>Enfin,<strong> informez l&rsquo;ASP<\/strong> pour qu&rsquo;elle arr\u00eate le versement de l&rsquo;indemnit\u00e9. Vous pouvez le faire par le biais de l&rsquo;application <a href=\"https:\/\/elisa.service-civique.gouv.fr\/civiq\/login\" target=\"_blank\" rel=\"noopener nofollow noreferrer\">ELISA.<\/a><\/li>\n<\/ul>\n<div class='cta-block'><div class='text'>Simulez toutes vos aides en 2 min.<\/div><a href='https:\/\/www.mes-allocs.fr\/ab-app?origin=guides\/wp-json\/wp\/v2\/posts\/6472' class='app-button fit'>Simulation gratuite<\/a><\/div>\n<\/div>\n<\/div>\n<\/div>\n<\/div>\n<\/div>\n<\/div>\n<\/div>\n<\/div>\n<\/div>\n<\/div>\n<\/div>\n","protected":false},"excerpt":{"rendered":"<p>[Mis \u00e0 jour le 09\/04\/2026] En 2018, 140.200 volontaires \u00e9taient engag\u00e9s en service civique. L&rsquo;aide financi\u00e8re pour le service civique inclut de nombreux dispositifs de r\u00e9mun\u00e9ration : pendant la mission et au terme de celle-ci. Vous pouvez m\u00eame disposer d&rsquo;avantage en tout genre. Qu&rsquo;est-ce que le service civique ? D\u00e9finition du service civique Il s&rsquo;agit [&hellip;]<\/p>\n","protected":false},"author":6,"featured_media":7686,"comment_status":"open","ping_status":"open","sticky":false,"template":"","format":"standard","meta":{"amp_status":"","footnotes":""},"categories":[1411],"tags":[],"class_list":["post-6472","post","type-post","status-publish","format-standard","has-post-thumbnail","hentry","category-aides-sociales"],"yoast_head":"<!-- This site is optimized with the Yoast SEO plugin v14.9 - https:\/\/yoast.com\/wordpress\/plugins\/seo\/ -->\n<title>L&#039;aide financi\u00e8re pour le service civique | Mes-Allocs.fr<\/title>\n<meta name=\"description\" content=\"L&#039;aide financi\u00e8re pour le service civique inclut de nombreux dispositifs de r\u00e9mun\u00e9ration. Vous pouvez m\u00eame disposer d&#039;avantage en tout genre.\" \/>\n<meta name=\"robots\" content=\"index, follow, max-snippet:-1, max-image-preview:large, max-video-preview:-1\" \/>\n<link rel=\"canonical\" href=\"https:\/\/www.mes-allocs.fr\/guides\/aides-sociales\/aide-service-civique\/\" \/>\n<meta property=\"og:locale\" content=\"fr_FR\" \/>\n<meta property=\"og:type\" content=\"article\" \/>\n<meta property=\"og:title\" content=\"L&#039;aide financi\u00e8re pour le service civique | Mes-Allocs.fr\" \/>\n<meta property=\"og:description\" content=\"L&#039;aide financi\u00e8re pour le service civique inclut de nombreux dispositifs de r\u00e9mun\u00e9ration. Vous pouvez m\u00eame disposer d&#039;avantage en tout genre.\" \/>\n<meta property=\"og:url\" content=\"https:\/\/www.mes-allocs.fr\/guides\/aides-sociales\/aide-service-civique\/\" \/>\n<meta property=\"og:site_name\" content=\"Mes-Allocs.fr\" \/>\n<meta property=\"article:published_time\" content=\"2020-06-02T09:05:00+00:00\" \/>\n<meta property=\"article:modified_time\" content=\"2026-04-09T14:49:40+00:00\" \/>\n<meta property=\"og:image\" content=\"https:\/\/www.mes-allocs.fr\/guides\/wp-content\/uploads\/2020\/05\/aide-financiere-service-civique-scaled-e1716216804878.jpg?wsr\" \/>\n\t<meta property=\"og:image:width\" content=\"1280\" \/>\n\t<meta property=\"og:image:height\" content=\"352\" \/>\n<meta name=\"twitter:card\" content=\"summary_large_image\" \/>\n<script type=\"application\/ld+json\" class=\"yoast-schema-graph\">{\"@context\":\"https:\/\/schema.org\",\"@graph\":[{\"@type\":\"WebSite\",\"@id\":\"https:\/\/www.mes-allocs.fr\/guides\/#website\",\"url\":\"https:\/\/www.mes-allocs.fr\/guides\/\",\"name\":\"Mes-Allocs.fr\",\"description\":\"\",\"potentialAction\":[{\"@type\":\"SearchAction\",\"target\":\"https:\/\/www.mes-allocs.fr\/guides\/?s={search_term_string}\",\"query-input\":\"required name=search_term_string\"}],\"inLanguage\":\"fr-FR\"},{\"@type\":\"ImageObject\",\"@id\":\"https:\/\/www.mes-allocs.fr\/guides\/aides-sociales\/aide-service-civique\/#primaryimage\",\"inLanguage\":\"fr-FR\",\"url\":\"https:\/\/www.mes-allocs.fr\/guides\/wp-content\/uploads\/2020\/05\/aide-financiere-service-civique-scaled-e1716216804878.jpg?wsr\",\"width\":1280,\"height\":352,\"caption\":\"cej et service civique\"},{\"@type\":\"WebPage\",\"@id\":\"https:\/\/www.mes-allocs.fr\/guides\/aides-sociales\/aide-service-civique\/#webpage\",\"url\":\"https:\/\/www.mes-allocs.fr\/guides\/aides-sociales\/aide-service-civique\/\",\"name\":\"L'aide financi\\u00e8re pour le service civique | Mes-Allocs.fr\",\"isPartOf\":{\"@id\":\"https:\/\/www.mes-allocs.fr\/guides\/#website\"},\"primaryImageOfPage\":{\"@id\":\"https:\/\/www.mes-allocs.fr\/guides\/aides-sociales\/aide-service-civique\/#primaryimage\"},\"datePublished\":\"2020-06-02T09:05:00+00:00\",\"dateModified\":\"2026-04-09T14:49:40+00:00\",\"author\":{\"@id\":\"https:\/\/www.mes-allocs.fr\/guides\/#\/schema\/person\/0ecd61a8600573914d00d970a588c024\"},\"description\":\"L'aide financi\\u00e8re pour le service civique inclut de nombreux dispositifs de r\\u00e9mun\\u00e9ration. Vous pouvez m\\u00eame disposer d'avantage en tout genre.\",\"inLanguage\":\"fr-FR\"},{\"@type\":\"Person\",\"@id\":\"https:\/\/www.mes-allocs.fr\/guides\/#\/schema\/person\/0ecd61a8600573914d00d970a588c024\",\"name\":\"Jonathan\",\"image\":{\"@type\":\"ImageObject\",\"@id\":\"https:\/\/www.mes-allocs.fr\/guides\/#personlogo\",\"inLanguage\":\"fr-FR\",\"url\":\"https:\/\/www.mes-allocs.fr\/guides\/wp-content\/uploads\/2021\/06\/jonathan-150x150.png\",\"caption\":\"Jonathan\"},\"description\":\"Jonathan est r\\u00e9dacteur au sein de l'\\u00e9quipe Mes Allocs, sp\\u00e9cialis\\u00e9 sur les sujets li\\u00e9s au handicap. Dipl\\u00f4m\\u00e9e de l'UPEM, il rejoint Mes Allocs apr\\u00e8s avoir travaill\\u00e9 \\u00e0 l'association AEDE qui accompagne les adultes en situation de handicap. Quand il n'\\u00e9crit pas, on peut le retrouver sur un terrain de basket.\",\"sameAs\":[\"https:\/\/www.linkedin.com\/in\/jonathan-bambela-8637861b7\"]}]}<\/script>\n<!-- \/ Yoast SEO plugin. -->","amp_validity":null,"acf":{"faq":{"1":{"question":"Quelle aide pour un service civique ?","answer":"Pour un service civique toutes les ressources li\u00e9es \u00e0 votre engagement vous sont offertes : des aides pour le transport et pour votre repas sous la forme d'une prestation de subsistance, avoisinant les 110 euros."},"2":{"question":"O\u00f9 demander l'aide financi\u00e8re pour le service civique ?","answer":"Si vous \u00eates un adulte handicap\u00e9, vous pouvez solliciter l'allocation aux adultes handicap\u00e9s aupr\u00e8s de la MDPH. Vous pouvez aussi conserver votre bourse \u00e9tudiante ou en demander une au CROUS."},"3":{"question":"Est-il possible de prolonger un service civique ?","answer":"Non. La dur\u00e9e moyenne de la majorit\u00e9 des missions offertes est de 8 mois. Impossible donc de faire plusieurs missions de Service Civique. Par exemple, effectuer 6 mois au sein d'un organisme, puis 6 mois au sein d'un autre."},"4":{"question":"Comment d\u00e9clarer un service civique \u00e0 la CAF ?","answer":"Comme il ne procure pas de revenu, nul besoin de d\u00e9clarer le service civique \u00e0 la CAF."},"5":{"question":"Quel est le salaire d'un service civique ?","answer":"L'indemnit\u00e9 service civique 2026 est de 619,83\u20ac\u20ac net par mois."},"6":{"question":"Quel est le statut pour le service civique ?","answer":"C'est un statut \u00e0 part enti\u00e8re. Vous n'\u00eates ni salari\u00e9, ni stagiaire, ni b\u00e9n\u00e9vole. Vous \u00eates volontaire service civique.\r\n"},"7":{"question":"Qui peut faire le service civique ?","answer":"Vous souhaitez faire un service civique et vous vous demandez quelles sont les conditions pour m'engager ? Sachez qu'il est ouvert \u00e0 tout jeune entre 16 \u00e0 25 ans (voire 30 ans pour les jeunes en situation de handicap)."},"8":{"question":"Comment d\u00e9clarer un service civique \u00e0 P\u00f4le emploi ?","answer":"Le versement des allocations ch\u00f4mage est suspendu pendant votre mission. Vous n'avez pas besoin d'actualiser votre situation aupr\u00e8s de P\u00f4le emploi. "},"9":{"question":"","answer":""},"10":{"question":"","answer":""},"11":{"question":"","answer":""},"12":{"question":"","answer":""},"13":{"question":"","answer":""},"14":{"question":"","answer":""},"15":{"question":"","answer":""},"16":{"question":"","answer":""}}},"_links":{"self":[{"href":"https:\/\/www.mes-allocs.fr\/guides\/wp-json\/wp\/v2\/posts\/6472","targetHints":{"allow":["GET"]}}],"collection":[{"href":"https:\/\/www.mes-allocs.fr\/guides\/wp-json\/wp\/v2\/posts"}],"about":[{"href":"https:\/\/www.mes-allocs.fr\/guides\/wp-json\/wp\/v2\/types\/post"}],"author":[{"embeddable":true,"href":"https:\/\/www.mes-allocs.fr\/guides\/wp-json\/wp\/v2\/users\/6"}],"replies":[{"embeddable":true,"href":"https:\/\/www.mes-allocs.fr\/guides\/wp-json\/wp\/v2\/comments?post=6472"}],"version-history":[{"count":38,"href":"https:\/\/www.mes-allocs.fr\/guides\/wp-json\/wp\/v2\/posts\/6472\/revisions"}],"predecessor-version":[{"id":111862,"href":"https:\/\/www.mes-allocs.fr\/guides\/wp-json\/wp\/v2\/posts\/6472\/revisions\/111862"}],"wp:featuredmedia":[{"embeddable":true,"href":"https:\/\/www.mes-allocs.fr\/guides\/wp-json\/wp\/v2\/media\/7686"}],"wp:attachment":[{"href":"https:\/\/www.mes-allocs.fr\/guides\/wp-json\/wp\/v2\/media?parent=6472"}],"wp:term":[{"taxonomy":"category","embeddable":true,"href":"https:\/\/www.mes-allocs.fr\/guides\/wp-json\/wp\/v2\/categories?post=6472"},{"taxonomy":"post_tag","embeddable":true,"href":"https:\/\/www.mes-allocs.fr\/guides\/wp-json\/wp\/v2\/tags?post=6472"}],"curies":[{"name":"wp","href":"https:\/\/api.w.org\/{rel}","templated":true}]}}