{"id":645,"date":"2019-07-18T10:21:47","date_gmt":"2019-07-18T08:21:47","guid":{"rendered":"https:\/\/www.mes-allocs.fr\/guides\/?p=645"},"modified":"2025-10-07T15:52:11","modified_gmt":"2025-10-07T13:52:11","slug":"calculer-chomage","status":"publish","type":"post","link":"https:\/\/www.mes-allocs.fr\/guides\/chomage\/calculer-chomage\/","title":{"rendered":"Calcul de l&rsquo;allocation ch\u00f4mage : quel montant allez-vous toucher ?"},"content":{"rendered":"<p>En France, vous pouvez percevoir le <a href=\"https:\/\/www.mes-allocs.fr\/guides\/chomage\/\">ch\u00f4mage<\/a> si vous avez \u00e9t\u00e9 priv\u00e9 involontairement d\u2019emploi. Une allocation ch\u00f4mage, ou ARE, vous sera alors vers\u00e9e sous conditions. Cette allocation est une aide pr\u00e9cieuse si vous \u00eates en recherche d\u2019emploi. Voici quelles sont les modalit\u00e9s de <b>calcul du ch\u00f4mage<\/b>.<\/p>\n<div class='cta-block'><div class='text'>Simulez votre ch\u00f4mage en 2 min.<\/div><a href='https:\/\/www.mes-allocs.fr\/simulation-chomage?origin=guides\/wp-json\/wp\/v2\/posts\/645' class='app-button fit'>Simulation gratuite<\/a><\/div>\n<h1><b>Comment calculer votre allocation ch\u00f4mage ?<\/b><\/h1>\n<p>Votre allocation ch\u00f4mage est calcul\u00e9e sur la base de vos <b>derniers salaires<\/b> (ceux des 24 derniers mois, ou 36 derniers mois pour les allocataires de 53 ans et plus). Cette <a href=\"https:\/\/www.mes-allocs.fr\/guides\/aides-sociales\/aide-financiere-pole-emploi\/\">aide de France Travail<\/a> prend en compte \u00e9galement les <b>jours travaill\u00e9s et non travaill\u00e9s<\/b> sur cette p\u00e9riode.<\/p>\n<h2>Quelles sont les p\u00e9riodes prises en compte dans le calcul de l\u2019ARE ?<\/h2>\n<p>Toutes les p\u00e9riodes travaill\u00e9es sur les 24 (ou 36) derniers mois sont prises en compte. Les p\u00e9riodes de <b>suspension du contrat de travail ou de r\u00e9mun\u00e9ration r\u00e9duite<\/b> (par exemple : maladie professionnelle, accident du travail, cong\u00e9 de maternit\u00e9 ou de paternit\u00e9, activit\u00e9 partielle) sont \u00e9galement prises en compte dans le calcul de l\u2019ARE, \u00e0 raison d&rsquo;une journ\u00e9e d&rsquo;affiliation par jour de suspension. Les p\u00e9riodes de suspension du contrat de travail au cours desquelles vous avez exerc\u00e9 une activit\u00e9 professionnelle non salari\u00e9e ne sont <b>pas <\/b>prises en compte sauf pour un cong\u00e9 pour cr\u00e9ation d&rsquo;entreprise, un cong\u00e9 sabbatique, une mobilit\u00e9 volontaire s\u00e9curis\u00e9e.<\/p>\n<h2><b>Le calcul de votre Salaire journalier de r\u00e9f\u00e9rence (SJR)<\/b><\/h2>\n<h3>Comment est calcul\u00e9 le SJR ?<\/h3>\n<p>Il convient tout d\u2019abord de calculer votre Salaire Journalier de R\u00e9f\u00e9rence (SJR). Ce dernier est primordial pour le calcul de votre montant d\u2019ARE. Il est \u00e9tabli ainsi :<\/p>\n<p><b>SJR = salaire de r\u00e9f\u00e9rence \/ (nombre de jours calendaires)<\/b><\/p>\n<ul>\n<li aria-level=\"1\">Le <b>salaire de r\u00e9f\u00e9rence<\/b> est l\u2019ensemble de vos revenus professionnels (bruts) sur une p\u00e9riode s\u00e9lectionn\u00e9e (24 mois ou 36 pour les plus de 53 ans).<\/li>\n<li aria-level=\"1\">Le <b>nombre de jours calendaires<\/b> correspond au nombre de jours travaill\u00e9s et non travaill\u00e9s sur la p\u00e9riode (24 ou 36 mois pour les plus de 53 ans).<\/li>\n<\/ul>\n<p><i>Exemple : si vous avez travaill\u00e9 du 1er janvier 2023 au 31 d\u00e9cembre 2024, \u00e0 savoir 731 jours calendaires, et que vous avez per\u00e7u une r\u00e9mun\u00e9ration de 30 000 \u20ac brute, votre salaire journalier de r\u00e9f\u00e9rence est de 41,03 \u20ac calcul\u00e9 ainsi : SJW = 30 000 \/ 731 = 41,03 \u20ac.<\/i><\/p>\n<h3>Quelles sont les sommes prises en compte dans le calcul du SJR ?<\/h3>\n<p>Le calcul du SJR est effectu\u00e9 \u00e0 partir de vos r\u00e9mun\u00e9rations brutes. Ces r\u00e9mun\u00e9rations comprennent : vos salaires, primes \u00e9ventuelles, avantages en nature, gratifications ou indemnit\u00e9s (comme c\u2019est le cas du 13e mois).<\/p>\n<h3>Quelles sont les sommes non prises en compte dans le calcul du SJR ?<\/h3>\n<p>Ne sont pas prises en compte les indemnit\u00e9s qui d\u00e9coulent de la rupture de votre contrat de travail, comme c\u2019est le cas :<\/p>\n<ul>\n<li aria-level=\"1\">Des indemnit\u00e9s de licenciement, de rupture conventionnelle, ..<\/li>\n<li aria-level=\"1\">Les primes de pr\u00e9carit\u00e9<\/li>\n<li aria-level=\"1\">Les indemnit\u00e9s compensatrices de cong\u00e9s pay\u00e9s<\/li>\n<li aria-level=\"1\">Les indemnit\u00e9s compensatrices en cas de dispense de pr\u00e9avis<\/li>\n<li aria-level=\"1\">L\u2019ensemble des sommes li\u00e9es \u00e0 la rupture du contrat d\u00e9cid\u00e9es par un juge<\/li>\n<\/ul>\n<p>Ne sont pas pris en compte non plus les salaires que vous avez touch\u00e9s et qui n\u2019ont pas de lien avec les contrats de travail des 24 derniers mois (ou 36 derniers mois pour les plus de 53 ans).<\/p>\n<h2><b>Le calcul du montant de votre allocation ch\u00f4mage (ARE)<\/b><\/h2>\n<p>Une fois le calcul du SJR effectu\u00e9, le<b> calcul du montant brut journalier de l&rsquo;ARE<\/b> peut avoir lieu. Deux types de calculs sont alors r\u00e9alis\u00e9s, celui donnant le r\u00e9sultat le plus avantageux pour vous est retenu :<\/p>\n<ul>\n<li aria-level=\"1\">Calcul 1 : <b>40,4% du salaire journalier de r\u00e9f\u00e9rence<\/b> (SJR) + <b>13,18 \u20ac<\/b><\/li>\n<li aria-level=\"1\">Calcul 2 : <b>57% du salaire journalier de r\u00e9f\u00e9rence<\/b> (SJR)<\/li>\n<\/ul>\n<p><i>Exemple : si votre Salaire Journalier de R\u00e9f\u00e9rence (SJR) est de 82,10 \u20ac, votre montant journalier de l\u2019ARE est de 46,80 \u20ac, car :\u00a0<\/i><\/p>\n<ul>\n<li aria-level=\"1\"><i>Calcul 1 : ARE = 40,4% x 82,10 \u20ac + 13,18 \u20ac = 46,34 \u20ac<\/i><\/li>\n<li aria-level=\"1\">Calcul 2 : 57% x 82,10 \u20ac = 46,80 \u20ac<\/li>\n<\/ul>\n<h2>Le calcul du montant de votre ch\u00f4mage mensuel<\/h2>\n<p>Pour calculer le montant mensuel de l\u2019allocation ch\u00f4mage qui vous sera vers\u00e9e, vous devez multiplier votre allocation journali\u00e8re par le nombre de jours dans le mois. De ce fait, plus il y a de jours dans le mois, plus votre ARE sera \u00e9lev\u00e9e. Mais \u00e0 contrario, au mois de f\u00e9vrier par exemple, votre allocation mensuelle pourra \u00eatre calcul\u00e9e sur 28 ou 29 jours.<\/p>\n<p><iframe loading=\"lazy\" title=\"Tout savoir sur le ch\u00f4mage en France !\" width=\"500\" height=\"281\" src=\"https:\/\/www.youtube.com\/embed\/jgv9qS4jh7k?feature=oembed\" frameborder=\"0\" allow=\"accelerometer; autoplay; clipboard-write; encrypted-media; gyroscope; picture-in-picture; web-share\" referrerpolicy=\"strict-origin-when-cross-origin\" allowfullscreen><\/iframe><\/p>\n<div class='cta-block'><div class='text'>Simulez votre ch\u00f4mage en 2 min.<\/div><a href='https:\/\/www.mes-allocs.fr\/simulation-chomage?origin=guides\/wp-json\/wp\/v2\/posts\/645' class='app-button fit'>Simulation gratuite<\/a><\/div>\n<h1>Quels sont les montants minimums et maximums de l&rsquo;ARE ?<\/h1>\n<h2>Le montant minimum de l\u2019ARE<\/h2>\n<p>Le montant net d\u2019ARE que vous percevez ne peut pas \u00eatre inf\u00e9rieur \u00e0 <strong>32,13<\/strong><b>\u00a0\u20ac par jour.<\/b> Toutefois, le montant minimal net de l&rsquo;allocation d&rsquo;Aide au Retour \u00e0 l&rsquo;Emploi Formation (AREF), qui vous est accord\u00e9e si vous suivez une formation prescrite par France Travail, est de 22,61 \u20ac.<\/p>\n<p><b>Attention<\/b> : lorsque votre dur\u00e9e de travail \u00e9tait inf\u00e9rieure \u00e0 la dur\u00e9e l\u00e9gale ou conventionnelle, l&rsquo;allocation minimale est proportionnellement r\u00e9duite.<\/p>\n<h2>Le montant maximum de l\u2019ARE<\/h2>\n<p>Le montant net d\u2019ARE que vous percevez ne peut pas \u00eatre sup\u00e9rieur \u00e0 <b>75% de votre SJR <\/b>(salaire journalier de r\u00e9f\u00e9rence). De ce fait, l\u2019allocation maximale que vous pourriez toucher ne pourrait pas d\u00e9passer 289,64 \u20ac brut \/ jour.<\/p>\n<h1>Quelles sont les retenues pouvant \u00eatre d\u00e9duites du montant de l\u2019ARE ?<\/h1>\n<p>Un pr\u00e9l\u00e8vement \u00e9gal \u00e0 <b>3 % du SJR<\/b>, destin\u00e9 au financement des retraites compl\u00e9mentaires des b\u00e9n\u00e9ficiaires de l&rsquo;assurance ch\u00f4mage, est effectu\u00e9 sur le montant brut de votre allocation journali\u00e8re. Ce pr\u00e9l\u00e8vement ne peut r\u00e9duire le montant de votre allocation journali\u00e8re en dessous du montant net minimal d\u2019ARE, \u00e0 savoir <strong>32,13<\/strong> \u20ac.<\/p>\n<p>L&rsquo;ARE est \u00e9galement soumise \u00e0 la Contribution sociale g\u00e9n\u00e9ralis\u00e9e (CSG) et \u00e0 la Contribution au remboursement de la dette sociale (CRDS). Toutefois, lorsque votre montant brut d\u2019ARE est <b>inf\u00e9rieur au montant du SMIC journalier<\/b>, ou si le pr\u00e9l\u00e8vement de la CSG et de la CRDS conduit \u00e0 diminuer votre montant net d\u2019ARE en dessous du SMIC journalier, vous b\u00e9n\u00e9ficiez d\u2019une <b>exon\u00e9ration ou d\u2019un \u00e9cr\u00eatement<\/b>.<\/p>\n<h1><b>\u00cates-vous concern\u00e9 par les allocations ch\u00f4mage ?<\/b><\/h1>\n<p>Ce qu\u2019on d\u00e9signe commun\u00e9ment par \u00ab ch\u00f4mage \u00bb, ou encore \u00ab allocations ch\u00f4mage \u00bb, c\u2019est l\u2019Aide au Retour \u00e0 l\u2019Emploi (ARE), l\u2019aide principale pour les demandeurs d\u2019emploi. Le ch\u00f4mage en France vous est vers\u00e9 par France Travail (anciennement P\u00f4le Emploi), si vous remplissez les conditions pour en b\u00e9n\u00e9ficier. Avant de calculer votre montant d\u2019ARE, il est donc primordial de savoir vous y \u00eates \u00e9ligible.<\/p>\n<p>Voici un petit tour d\u2019horizon des conditions \u00e0 remplir pour avoir <a href=\"https:\/\/www.mes-allocs.fr\/guides\/chomage\/droit-au-chomage\">droit au ch\u00f4mage<\/a>.<\/p>\n<h2><b>Vous devez \u00eatre involontairement priv\u00e9 d\u2019emploi<\/b><\/h2>\n<p>Pour b\u00e9n\u00e9ficier de l\u2019ARE, vous devez \u00eatre involontairement priv\u00e9 d\u2019emploi. Cette situation est consid\u00e9r\u00e9e dans les cas suivants :<\/p>\n<ul>\n<li aria-level=\"1\">Vous \u00eates licenci\u00e9 pour motif personnel (faute grave), motif \u00e9conomique (l\u2019entreprise ne peut se permettre financi\u00e8rement de vous garder) ou d\u2019une r\u00e9vocation (licenciement pour faute grave dans la fonction publique)<\/li>\n<li aria-level=\"1\">Vous engagez une rupture conventionnelle : une rupture de contrat (CDI) d\u2019un commun accord entre un salari\u00e9 et un employeur<\/li>\n<li aria-level=\"1\">Votre CDD n\u2019est pas renouvel\u00e9<\/li>\n<li aria-level=\"1\">Vous avez d\u00e9missionn\u00e9 et votre d\u00e9mission est consid\u00e9r\u00e9e comme l\u00e9gitime : vous d\u00e9m\u00e9nagez pour suivre votre conjoint, vous commencez une nouvelle activit\u00e9, vous partez en formation, vous n\u2019\u00eates plus pay\u00e9, vous subissez des actes d\u00e9lictueux, vous cr\u00e9ez ou reprenez une entreprise.<\/li>\n<\/ul>\n<p>Si vous \u00eates en arr\u00eat partiel d\u2019activit\u00e9, des conditions suppl\u00e9mentaires s\u2019appliquent.<\/p>\n<p>C\u2019est l\u2019<a href=\"https:\/\/www.mes-allocs.fr\/guides\/chomage\/allocation-de-solidarite-specifique\">Allocation de Solidarit\u00e9 Sp\u00e9cifique<\/a> (ASS) qui prend la suite si vos droits au ch\u00f4mage sont \u00e9puis\u00e9s.<\/p>\n<h2><b>Conditions li\u00e9es \u00e0 votre situation personnelle<\/b><\/h2>\n<p>Pour b\u00e9n\u00e9ficier de l\u2019ARE, vous devez \u00e9galement remplir les crit\u00e8res suivants :<\/p>\n<ul>\n<li aria-level=\"1\">Vous n\u2019avez pas atteint l\u2019<b>\u00e2ge l\u00e9gal de d\u00e9part \u00e0 la retraite<\/b> (64 ans), et vous ne remplissez pas les conditions de trimestres pour b\u00e9n\u00e9ficier d\u2019une retraite \u00e0 taux plein ;<\/li>\n<li aria-level=\"1\">Vous \u00eates physiquement apte \u00e0 exercer une activit\u00e9 professionnelle ;<\/li>\n<li aria-level=\"1\">\u00a0Vous r\u00e9sidez en France.<\/li>\n<\/ul>\n<h2><b>Vous devez \u00eatre inscrit \u00e0 France Travail<\/b><\/h2>\n<p>Pour percevoir l&rsquo;ARE, vous devez remplir les deux conditions suivantes :<\/p>\n<ul>\n<li aria-level=\"1\">Vous \u00eates <b>inscrit comme demandeur d&#8217;emploi<\/b> ou vous suivez une formation inscrite dans votre Projet Personnalis\u00e9 d&rsquo;Acc\u00e8s \u00e0 l&rsquo;Emploi (PPAE). Vous devez proc\u00e9der \u00e0 votre <a href=\"https:\/\/www.mes-allocs.fr\/guides\/chomage\/inscription-pole-emploi\/\">inscription aupr\u00e8s de France Travail<\/a> dans les 12 mois suivant la fin de votre contrat de travail. Cette p\u00e9riode peut \u00eatre prolong\u00e9e en raison de certaines situations (par exemple, si vous \u00eates en cong\u00e9 maladie).<\/li>\n<li aria-level=\"1\">Vous accomplissez des <b>actes positifs et r\u00e9p\u00e9t\u00e9s<\/b> (par exemple, vous consultez de mani\u00e8re quotidienne des offres d&#8217;emploi) en vue de retrouver un emploi ou de cr\u00e9er\/reprendre une entreprise.<\/li>\n<\/ul>\n<h2><b>Vous devez avoir travaill\u00e9 pendant une p\u00e9riode minimale<\/b><\/h2>\n<p>Pour b\u00e9n\u00e9ficier de l\u2019ARE, vous devez avoir travaill\u00e9 une p\u00e9riode minimale, appel\u00e9e dur\u00e9e d\u2019affiliation, qui est de <b>130 jours<\/b> (ou 910 heures) de travail. Celle-ci doit \u00eatre remplie sur <b>les 24 derniers mois pr\u00e9c\u00e9dant votre demande si vous \u00eates \u00e2g\u00e9 de moins de 53 ans.<\/b><\/p>\n<p>Si vous \u00eates \u00e2g\u00e9 de plus 53 ans, la p\u00e9riode prise en compte est de <b>28 mois<\/b> pour la m\u00eame dur\u00e9e d\u2019affiliation.<\/p>\n<p>Votre dernier emploi doit satisfaire cette dur\u00e9e d\u2019affiliation. Si ce n\u2019est pas le cas, France Travail peut prendre en compte un <b>pr\u00e9c\u00e9dent contrat de travail<\/b> et v\u00e9rifier si la condition d&rsquo;affiliation est remplie. Ce contrat de travail ant\u00e9rieur doit avoir pris fin dans les 12 mois pr\u00e9c\u00e9dant votre inscription comme demandeur d&#8217;emploi, et vous ne devez pas avoir per\u00e7u d&rsquo;allocations en relation avec ce contrat.<\/p>\n<p>Les <b>p\u00e9riodes de formation<\/b> peuvent \u00eatre consid\u00e9r\u00e9es comme des heures de travail, et donc \u00eatre comptabilis\u00e9es dans votre dur\u00e9e d\u2019affiliation. Cependant, elles ne peuvent pas repr\u00e9senter plus des<b> 2\/3<\/b> du nombre de jours ou d\u2019heures pris en compte.<\/p>\n<p><i>Exemple : si vous pr\u00e9sentez une p\u00e9riode de 88 jours, soit 610 heures, vous ne pouvez faire valoir plus de 406 heures de formation.<\/i><\/p>\n<p><b>Attention<\/b> : les formations r\u00e9mun\u00e9r\u00e9es par France Travail ne peuvent \u00eatre comptabilis\u00e9es comme p\u00e9riode d\u2019affiliation.<\/p>\n<p>&nbsp;<\/p>\n<h1><b>Modalit\u00e9s et dur\u00e9e de versement de l\u2019allocation ch\u00f4mage<\/b><\/h1>\n<h2>Comment est vers\u00e9e l\u2019allocation ch\u00f4mage ?<\/h2>\n<p>L\u2019ARE vous est vers\u00e9e chaque mois, directement sur votre compte bancaire.<\/p>\n<h2>Dur\u00e9e de versement de l\u2019allocation ch\u00f4mage<\/h2>\n<p>La dur\u00e9e de versement de votre allocation ch\u00f4mage d\u00e9pend de votre dur\u00e9e d\u2019affiliation \u00e9valu\u00e9e sur les 24 derniers mois (ou 36 derniers mois) pr\u00e9c\u00e9dant votre demande.<\/p>\n<p>Si vous \u00eates \u00e2g\u00e9 de moins de 53 ans :<\/p>\n<p>\n    <h2 class=\"wpdt-c\"\n        id=\"wdt-table-title-287\">Dur\u00e9e Maximale Versement Ch\u00f4mage -53 ans<\/h2>\n<div class=\"wpdt-c row wpDataTableContainerSimpleTable wpDataTables wpDataTablesWrapper\n\"\n    >\n    <table id=\"wpdtSimpleTable-287\"\n           class=\"wpdtSimpleTable wpDataTable\"\n           data-column=\"2\"\n           data-rows=\"4\"\n           data-wpID=\"287\"\n           data-responsive=\"0\"\n           data-has-header=\"0\">\n\n                    <tbody>        <tr class=\"wpdt-cell-row \" >\n                            <td class=\"wpdt-cell wpdt-bc-00BCD4\"\n                                    data-cell-id=\"A1\"\n                data-col-index=\"0\"\n                data-row-index=\"0\"\n                style=\" width:50%;                padding:10px;\"\n                >\n                                Dur\u00e9e d\u2019emploi (sur les 24 mois pr\u00e9c\u00e9dant la fin de votre contrat)                <\/td>\n                                            <td class=\"wpdt-cell wpdt-bold wpdt-bc-00BCD4\"\n                                    data-cell-id=\"B1\"\n                data-col-index=\"1\"\n                data-row-index=\"0\"\n                style=\" width:50%;                padding:10px;\"\n                >\n                                Dur\u00e9e d\u2019indemnisation maximale                <\/td>\n                                        <\/tr>\n                            <tr class=\"wpdt-cell-row \" >\n                            <td class=\"wpdt-cell \"\n                                    data-cell-id=\"A2\"\n                data-col-index=\"0\"\n                data-row-index=\"1\"\n                style=\"                padding:10px;\"\n                >\n                                Moins de 6 mois                <\/td>\n                                            <td class=\"wpdt-cell \"\n                                    data-cell-id=\"B2\"\n                data-col-index=\"1\"\n                data-row-index=\"1\"\n                style=\"                padding:10px;\"\n                >\n                                Pas d\u2019indemnisation                <\/td>\n                                        <\/tr>\n                            <tr class=\"wpdt-cell-row \" >\n                            <td class=\"wpdt-cell \"\n                                    data-cell-id=\"A3\"\n                data-col-index=\"0\"\n                data-row-index=\"2\"\n                style=\"                padding:10px;\"\n                >\n                                Entre 6 mois et 2 ans                <\/td>\n                                            <td class=\"wpdt-cell \"\n                                    data-cell-id=\"B3\"\n                data-col-index=\"1\"\n                data-row-index=\"2\"\n                style=\"                padding:10px;\"\n                >\n                                Dur\u00e9e d\u2019indemnisation = dur\u00e9e d\u2019emploi                <\/td>\n                                        <\/tr>\n                            <tr class=\"wpdt-cell-row \" >\n                            <td class=\"wpdt-cell \"\n                                    data-cell-id=\"A4\"\n                data-col-index=\"0\"\n                data-row-index=\"3\"\n                style=\"                padding:10px;\"\n                >\n                                Plus de 2 ans                <\/td>\n                                            <td class=\"wpdt-cell \"\n                                    data-cell-id=\"B4\"\n                data-col-index=\"1\"\n                data-row-index=\"3\"\n                style=\"                padding:10px;\"\n                >\n                                2 ans et demi (548 jours calendaires)                <\/td>\n                                        <\/tr>\n                    <\/table>\n<\/div><style id='wpdt-custom-style-287'>\n.wpdt-bc-00BCD4 { background-color: #00BCD4 !important;}\n<\/style>\n<br \/>\nSi vous \u00eates \u00e2g\u00e9 de 53 ans \u00e0 54 ans :<\/p>\n\n    <h2 class=\"wpdt-c\"\n        id=\"wdt-table-title-288\">Dur\u00e9e Maximale Versement Ch\u00f4mage 53-54 ans<\/h2>\n<div class=\"wpdt-c row wpDataTableContainerSimpleTable wpDataTables wpDataTablesWrapper\n\"\n    >\n    <table id=\"wpdtSimpleTable-288\"\n           class=\"wpdtSimpleTable wpDataTable\"\n           data-column=\"2\"\n           data-rows=\"4\"\n           data-wpID=\"288\"\n           data-responsive=\"0\"\n           data-has-header=\"0\">\n\n                    <tbody>        <tr class=\"wpdt-cell-row \" >\n                            <td class=\"wpdt-cell wpdt-bold wpdt-bc-00BCD4\"\n                                    data-cell-id=\"A1\"\n                data-col-index=\"0\"\n                data-row-index=\"0\"\n                style=\" width:50%;                padding:10px;\"\n                >\n                                Dur\u00e9e d\u2019emploi (sur les 36 mois pr\u00e9c\u00e9dent la fin de votre contrat)                <\/td>\n                                            <td class=\"wpdt-cell wpdt-bold wpdt-bc-00BCD4\"\n                                    data-cell-id=\"B1\"\n                data-col-index=\"1\"\n                data-row-index=\"0\"\n                style=\" width:50%;                padding:10px;\"\n                >\n                                Dur\u00e9e d\u2019indemnisation maximale                <\/td>\n                                        <\/tr>\n                            <tr class=\"wpdt-cell-row \" >\n                            <td class=\"wpdt-cell \"\n                                    data-cell-id=\"A2\"\n                data-col-index=\"0\"\n                data-row-index=\"1\"\n                style=\"                padding:10px;\"\n                >\n                                Moins de 6 mois                <\/td>\n                                            <td class=\"wpdt-cell \"\n                                    data-cell-id=\"B2\"\n                data-col-index=\"1\"\n                data-row-index=\"1\"\n                style=\"                padding:10px;\"\n                >\n                                Pas d\u2019indemnisation                <\/td>\n                                        <\/tr>\n                            <tr class=\"wpdt-cell-row \" >\n                            <td class=\"wpdt-cell \"\n                                    data-cell-id=\"A3\"\n                data-col-index=\"0\"\n                data-row-index=\"2\"\n                style=\"                padding:10px;\"\n                >\n                                Entre 6 mois et 3 ans                <\/td>\n                                            <td class=\"wpdt-cell \"\n                                    data-cell-id=\"B3\"\n                data-col-index=\"1\"\n                data-row-index=\"2\"\n                style=\"                padding:10px;\"\n                >\n                                Dur\u00e9e d\u2019indemnisation = dur\u00e9e d\u2019emploi                <\/td>\n                                        <\/tr>\n                            <tr class=\"wpdt-cell-row \" >\n                            <td class=\"wpdt-cell \"\n                                    data-cell-id=\"A4\"\n                data-col-index=\"0\"\n                data-row-index=\"3\"\n                style=\"                padding:10px;\"\n                >\n                                Plus de 3 ans                <\/td>\n                                            <td class=\"wpdt-cell \"\n                                    data-cell-id=\"B4\"\n                data-col-index=\"1\"\n                data-row-index=\"3\"\n                style=\"                padding:10px;\"\n                >\n                                685 jours calendaires (soit 22 mois et demi)                <\/td>\n                                        <\/tr>\n                    <\/table>\n<\/div><style id='wpdt-custom-style-288'>\n.wpdt-bc-00BCD4 { background-color: #00BCD4 !important;}\n<\/style>\n\n<p>Si vous \u00eates \u00e2g\u00e9 de 55 ans ou plus :<\/p>\n\n    <h2 class=\"wpdt-c\"\n        id=\"wdt-table-title-289\">Dur\u00e9e Maximale Versement Ch\u00f4mage 55 ans ou plus<\/h2>\n<div class=\"wpdt-c row wpDataTableContainerSimpleTable wpDataTables wpDataTablesWrapper\n\"\n    >\n    <table id=\"wpdtSimpleTable-289\"\n           class=\"wpdtSimpleTable wpDataTable\"\n           data-column=\"2\"\n           data-rows=\"4\"\n           data-wpID=\"289\"\n           data-responsive=\"0\"\n           data-has-header=\"0\">\n\n                    <tbody>        <tr class=\"wpdt-cell-row \" >\n                            <td class=\"wpdt-cell wpdt-bold wpdt-bc-00BCD4\"\n                                    data-cell-id=\"A1\"\n                data-col-index=\"0\"\n                data-row-index=\"0\"\n                style=\" width:50%;                padding:10px;\"\n                >\n                                Dur\u00e9e d\u2019emploi (sur les 36 mois pr\u00e9c\u00e9dent la fin de votre contrat)                <\/td>\n                                            <td class=\"wpdt-cell wpdt-bold wpdt-bc-00BCD4\"\n                                    data-cell-id=\"B1\"\n                data-col-index=\"1\"\n                data-row-index=\"0\"\n                style=\" width:50%;                padding:10px;\"\n                >\n                                Dur\u00e9e d\u2019indemnisation maximale                <\/td>\n                                        <\/tr>\n                            <tr class=\"wpdt-cell-row \" >\n                            <td class=\"wpdt-cell \"\n                                    data-cell-id=\"A2\"\n                data-col-index=\"0\"\n                data-row-index=\"1\"\n                style=\"                padding:10px;\"\n                >\n                                Moins de 6mois                <\/td>\n                                            <td class=\"wpdt-cell \"\n                                    data-cell-id=\"B2\"\n                data-col-index=\"1\"\n                data-row-index=\"1\"\n                style=\"                padding:10px;\"\n                >\n                                Pas d\u2019indemnisation                <\/td>\n                                        <\/tr>\n                            <tr class=\"wpdt-cell-row \" >\n                            <td class=\"wpdt-cell \"\n                                    data-cell-id=\"A3\"\n                data-col-index=\"0\"\n                data-row-index=\"2\"\n                style=\"                padding:10px;\"\n                >\n                                Entre 6 mois et 3 ans                <\/td>\n                                            <td class=\"wpdt-cell \"\n                                    data-cell-id=\"B3\"\n                data-col-index=\"1\"\n                data-row-index=\"2\"\n                style=\"                padding:10px;\"\n                >\n                                Dur\u00e9e d\u2019indemnisation = dur\u00e9e d\u2019emploi                <\/td>\n                                        <\/tr>\n                            <tr class=\"wpdt-cell-row \" >\n                            <td class=\"wpdt-cell \"\n                                    data-cell-id=\"A4\"\n                data-col-index=\"0\"\n                data-row-index=\"3\"\n                style=\"                padding:10px;\"\n                >\n                                Plus de 3 ans                <\/td>\n                                            <td class=\"wpdt-cell \"\n                                    data-cell-id=\"B4\"\n                data-col-index=\"1\"\n                data-row-index=\"3\"\n                style=\"                padding:10px;\"\n                >\n                                822 jours calendaires (soit 27 mois)                <\/td>\n                                        <\/tr>\n                    <\/table>\n<\/div><style id='wpdt-custom-style-289'>\n.wpdt-bc-00BCD4 { background-color: #00BCD4 !important;}\n<\/style>\n\n<p>Si vous \u00eates salari\u00e9 du secteur priv\u00e9 en activit\u00e9 partielle (<i>ch\u00f4mage partiel<\/i>), vous pouvez b\u00e9n\u00e9ficier de l&rsquo;indemnit\u00e9 d&rsquo;activit\u00e9 partielle pendant <b>182 jours au maximum<\/b>. Toutefois, si la suspension de l&rsquo;activit\u00e9 de l&rsquo;entreprise est due \u00e0 un sinistre ou une catastrophe naturelle, cette dur\u00e9e peut \u00eatre prolong\u00e9e jusqu&rsquo;\u00e0 \u00e0 sa reprise d&rsquo;activit\u00e9.<\/p>\n<h1><b>Droits rechargeables<\/b><\/h1>\n<p>Si, apr\u00e8s avoir repris une activit\u00e9, vous perdez \u00e0 nouveau votre emploi, vous pouvez b\u00e9n\u00e9ficier de la <b>reprise de vos droits initiaux jusqu&rsquo;\u00e0 leur \u00e9puisement<\/b>. Cette possibilit\u00e9 n&rsquo;est valable que si vous avez repris une activit\u00e9 professionnelle alors que vous n&rsquo;aviez pas \u00e9puis\u00e9 vos droits.<\/p>\n<p><i>Exemple : vous b\u00e9n\u00e9ficiez de l&rsquo;ARE pour 400 jours sur une base de 20 \u20ac par jour. Apr\u00e8s 200 jours, vous reprenez un emploi de 100 jours. Vous continuerez alors \u00e0 \u00eatre indemnis\u00e9 sur une base de 25 \u20ac (m\u00eame montant) par jour pendant 100 jours (reliquat).<\/i><\/p>\n<p>Vous ne b\u00e9n\u00e9ficierez pas de droits rechargeables si vous \u00eates un ancien b\u00e9n\u00e9ficiaire d&rsquo;un contrat d&rsquo;apprentissage indemnis\u00e9 par France Travail au titre de ce contrat.<\/p>\n<p>Si au jour de l&rsquo;\u00e9puisement de vos droits, vous avez travaill\u00e9 au moins <b>455 heures<\/b> (continues ou discontinues), vous b\u00e9n\u00e9ficierez de nouveaux droits assortis d&rsquo;une nouvelle dur\u00e9e d&rsquo;indemnisation.<\/p>\n<p>Vous pouvez b\u00e9n\u00e9ficier d&rsquo;un <b>droit d&rsquo;option<\/b> entre vos anciens et nouveaux droits. Ce dernier vous permet de choisir l&rsquo;allocation qui r\u00e9sulte de votre derni\u00e8re p\u00e9riode d&rsquo;activit\u00e9, sans avoir \u00e0 attendre l&rsquo;\u00e9puisement de vos allocations non utilis\u00e9es qui r\u00e9sultent de votre pr\u00e9c\u00e9dent droit au ch\u00f4mage.<\/p>\n<p>Pour b\u00e9n\u00e9ficier de ce droit d\u2019option, vous devez remplir les deux conditions suivantes :<\/p>\n<ul>\n<li aria-level=\"1\">Vous avez retravaill\u00e9 au moins 6 mois,<\/li>\n<li aria-level=\"1\">Votre allocation journali\u00e8re ne d\u00e9passe pas, ou vous b\u00e9n\u00e9ficiez d&rsquo;une nouvelle allocation journali\u00e8re, en raison de vos derni\u00e8res p\u00e9riodes d&#8217;emploi, qui est sup\u00e9rieure d&rsquo;au moins 30% \u00e0 celle du reliquat.<\/li>\n<\/ul>\n<p>Vous disposez de 21 jours de r\u00e9flexion pour informer par \u00e9crit France Travail. Une fois que vous avez fait votre choix, vous ne pourrez plus revenir sur votre d\u00e9cision.<\/p>\n<p>Si vous exercez votre droit d&rsquo;option, vous percevez votre allocation issue de vos derni\u00e8res p\u00e9riodes d&#8217;emploi \u00e0 partir du jour de votre demande.<\/p>\n<h1><b>Comment faire une demande d\u2019allocation ch\u00f4mage ?<\/b><\/h1>\n<p>Pour demander l\u2019Aide de Retour \u00e0 l\u2019Emploi (ARE), vous devez \u00eatre inscrit \u00e0 France Travail en tant que demandeur d\u2019emploi. La proc\u00e9dure est mise en place de mani\u00e8re automatique, une fois votre inscription effectu\u00e9e. Toutefois, il peut vous \u00eatre demand\u00e9 de fournir de nouvelles pi\u00e8ces justificatives. Vous pouvez alors<a href=\"https:\/\/www.mes-allocs.fr\/signature\">faire appel \u00e0<\/a><a href=\"https:\/\/www.mes-allocs.fr\/souscription\"> Mes Allocs pour toutes ces d\u00e9marches !<\/a><\/p>\n<div class='cta-block'><div class='text'>Simulez votre ch\u00f4mage en 2 min.<\/div><a href='https:\/\/www.mes-allocs.fr\/simulation-chomage?origin=guides\/wp-json\/wp\/v2\/posts\/645' class='app-button fit'>Simulation gratuite<\/a><\/div>\n","protected":false},"excerpt":{"rendered":"<p>En France, vous pouvez percevoir le ch\u00f4mage si vous avez \u00e9t\u00e9 priv\u00e9 involontairement d\u2019emploi. Une allocation ch\u00f4mage, ou ARE, vous sera alors vers\u00e9e sous conditions. Cette allocation est une aide pr\u00e9cieuse si vous \u00eates en recherche d\u2019emploi. Voici quelles sont les modalit\u00e9s de calcul du ch\u00f4mage. Comment calculer votre allocation ch\u00f4mage ? Votre allocation ch\u00f4mage [&hellip;]<\/p>\n","protected":false},"author":7,"featured_media":647,"comment_status":"open","ping_status":"open","sticky":false,"template":"","format":"standard","meta":{"amp_status":"","footnotes":""},"categories":[2989],"tags":[],"class_list":["post-645","post","type-post","status-publish","format-standard","has-post-thumbnail","hentry","category-chomage"],"yoast_head":"<!-- This site is optimized with the Yoast SEO plugin v14.9 - https:\/\/yoast.com\/wordpress\/plugins\/seo\/ -->\n<title>Calcul de l&#039;allocation ch\u00f4mage : quel montant allez-vous toucher ?<\/title>\n<meta name=\"description\" content=\"Vous souhaitez savoir comment est calcul\u00e9e votre allocation ch\u00f4mage ? On vous explique comment faire et quel montant peut vous \u00eatre vers\u00e9.\" \/>\n<meta name=\"robots\" content=\"index, follow, max-snippet:-1, max-image-preview:large, max-video-preview:-1\" \/>\n<link rel=\"canonical\" href=\"https:\/\/www.mes-allocs.fr\/guides\/chomage\/calculer-chomage\/\" \/>\n<meta property=\"og:locale\" content=\"fr_FR\" \/>\n<meta property=\"og:type\" content=\"article\" \/>\n<meta property=\"og:title\" content=\"Calcul de l&#039;allocation ch\u00f4mage : quel montant allez-vous toucher ?\" \/>\n<meta property=\"og:description\" content=\"Vous souhaitez savoir comment est calcul\u00e9e votre allocation ch\u00f4mage ? On vous explique comment faire et quel montant peut vous \u00eatre vers\u00e9.\" \/>\n<meta property=\"og:url\" content=\"https:\/\/www.mes-allocs.fr\/guides\/chomage\/calculer-chomage\/\" \/>\n<meta property=\"og:site_name\" content=\"Mes-Allocs.fr\" \/>\n<meta property=\"article:published_time\" content=\"2019-07-18T08:21:47+00:00\" \/>\n<meta property=\"article:modified_time\" content=\"2025-10-07T13:52:11+00:00\" \/>\n<meta property=\"og:image\" content=\"https:\/\/www.mes-allocs.fr\/guides\/wp-content\/uploads\/2019\/07\/calculus-e1733926177379.jpg?wsr\" \/>\n\t<meta property=\"og:image:width\" content=\"800\" \/>\n\t<meta property=\"og:image:height\" content=\"148\" \/>\n<meta name=\"twitter:card\" content=\"summary_large_image\" \/>\n<script type=\"application\/ld+json\" class=\"yoast-schema-graph\">{\"@context\":\"https:\/\/schema.org\",\"@graph\":[{\"@type\":\"WebSite\",\"@id\":\"https:\/\/www.mes-allocs.fr\/guides\/#website\",\"url\":\"https:\/\/www.mes-allocs.fr\/guides\/\",\"name\":\"Mes-Allocs.fr\",\"description\":\"\",\"potentialAction\":[{\"@type\":\"SearchAction\",\"target\":\"https:\/\/www.mes-allocs.fr\/guides\/?s={search_term_string}\",\"query-input\":\"required name=search_term_string\"}],\"inLanguage\":\"fr-FR\"},{\"@type\":\"ImageObject\",\"@id\":\"https:\/\/www.mes-allocs.fr\/guides\/chomage\/calculer-chomage\/#primaryimage\",\"inLanguage\":\"fr-FR\",\"url\":\"https:\/\/www.mes-allocs.fr\/guides\/wp-content\/uploads\/2019\/07\/calculus-e1733926177379.jpg?wsr\",\"width\":800,\"height\":148,\"caption\":\"calculus e1563547847105\"},{\"@type\":\"WebPage\",\"@id\":\"https:\/\/www.mes-allocs.fr\/guides\/chomage\/calculer-chomage\/#webpage\",\"url\":\"https:\/\/www.mes-allocs.fr\/guides\/chomage\/calculer-chomage\/\",\"name\":\"Calcul de l'allocation ch\\u00f4mage : quel montant allez-vous toucher ?\",\"isPartOf\":{\"@id\":\"https:\/\/www.mes-allocs.fr\/guides\/#website\"},\"primaryImageOfPage\":{\"@id\":\"https:\/\/www.mes-allocs.fr\/guides\/chomage\/calculer-chomage\/#primaryimage\"},\"datePublished\":\"2019-07-18T08:21:47+00:00\",\"dateModified\":\"2025-10-07T13:52:11+00:00\",\"author\":{\"@id\":\"https:\/\/www.mes-allocs.fr\/guides\/#\/schema\/person\/1c4837d5703727cb02ce84583b5a44aa\"},\"description\":\"Vous souhaitez savoir comment est calcul\\u00e9e votre allocation ch\\u00f4mage ? On vous explique comment faire et quel montant peut vous \\u00eatre vers\\u00e9.\",\"inLanguage\":\"fr-FR\"},{\"@type\":\"Person\",\"@id\":\"https:\/\/www.mes-allocs.fr\/guides\/#\/schema\/person\/1c4837d5703727cb02ce84583b5a44aa\",\"name\":\"Fabiola\",\"image\":{\"@type\":\"ImageObject\",\"@id\":\"https:\/\/www.mes-allocs.fr\/guides\/#personlogo\",\"inLanguage\":\"fr-FR\",\"url\":\"https:\/\/www.mes-allocs.fr\/guides\/wp-content\/uploads\/2021\/06\/fabiola-150x150.png\",\"caption\":\"Fabiola\"},\"description\":\"Fabiola est r\\u00e9dactrice au sein de l'\\u00e9quipe Mes Allocs, sp\\u00e9cialis\\u00e9e en sciences politiques et affaires publiques. Dipl\\u00f4m\\u00e9e de l'HEIP, elle rejoint Mes Allocs apr\\u00e8s une premi\\u00e8re exp\\u00e9rience \\u00e0 l'Assembl\\u00e9e Nationale.\",\"sameAs\":[\"https:\/\/www.linkedin.com\/in\/cecilia-philippe-b-8a8085195\"]}]}<\/script>\n<!-- \/ Yoast SEO plugin. -->","amp_validity":null,"acf":{"faq":{"1":{"question":"Qu'est ce que le Ch\u00f4mage ? ","answer":"Le ch\u00f4mage peut \u00eatre d\u00e9fini comme l'\u00e9tat d'une personne souhaitant travailler et qui est \u00e0 la recherche d'un emploi. Cette d\u00e9finition du ch\u00f4mage conna\u00eet de nombreuses variantes et son concept donne toujours lieu \u00e0 des controverses th\u00e9oriques et statistiques."},"2":{"question":"Quelles sont les conditions li\u00e9es au Ch\u00f4mage ? ","answer":"Vous devez justifier d\u2019une p\u00e9riode minimale de travail de 130 jours \u2013 dite dur\u00e9e d\u2019affiliation \u2013 ou 910 heures, sur la p\u00e9riode des 24 derniers mois pr\u00e9c\u00e9dant la fin du contrat de travail. "},"3":{"question":"Comment faire une simulation Ch\u00f4mage ?","answer":"Le plus simple pour savoir si vous \u00eates \u00e9ligible au Ch\u00f4mage en fonction de vos revenus et de votre situation, est de faire <a href=\"https:\/\/www.mes-allocs.fr\/simulation-aides\">la simulation gratuite<\/a> de Mes Allocs."},"4":{"question":"Qui a le droit au ch\u00f4mage ?","answer":"L'Assurance ch\u00f4mage prot\u00e8ge les travailleurs salari\u00e9s contre la perte d'un revenu en cas de ch\u00f4mage. Elle leur permet de b\u00e9n\u00e9ficier d'une allocation et de continuer \u00e0 cumuler des points pour la retraite m\u00eame s'ils ont perdu leur emploi."},"5":{"question":"Quelle est la dur\u00e9e du ch\u00f4mage ?","answer":"Pour une personne de \u2013 de 50 ans : La dur\u00e9e maximum d'indemnisation est de 730 jours, soit 24 mois. Peu importe, si vous avez travaill\u00e9 plus de 2 ans.  "},"6":{"question":"Comment faire pour toucher le ch\u00f4mage apr\u00e8s une d\u00e9mission ?","answer":"La d\u00e9mission l\u00e9gitime n'est pas l'unique cas qui ouvre droit au ch\u00f4mage apr\u00e8s une d\u00e9mission. Lorsque vous effectuez une reconversion professionnelle ou que vous cr\u00e9ez ou reprenez une entreprise, vous pouvez \u00e9galement b\u00e9n\u00e9ficier des allocations ch\u00f4mage"},"7":{"question":"Comment calculer les indemnit\u00e9s de ch\u00f4mage ?","answer":"Le montant de l'allocation d'aide au retour \u00e0 l'emploi (ARE) est calcul\u00e9 \u00e0 partir de votre salaire journalier de r\u00e9f\u00e9rence (SJR). Ce salaire de r\u00e9f\u00e9rence prend en compte tous vos salaires bruts per\u00e7us au cours des 24 derniers mois, primes comprises, mais hors indemnit\u00e9s li\u00e9es \u00e0 la rupture de votre contrat."},"8":{"question":"","answer":""},"9":{"question":"","answer":""},"10":{"question":"","answer":""},"11":{"question":"","answer":""},"12":{"question":"","answer":""},"13":{"question":"","answer":""},"14":{"question":"","answer":""},"15":{"question":"","answer":""},"16":{"question":"","answer":""}}},"_links":{"self":[{"href":"https:\/\/www.mes-allocs.fr\/guides\/wp-json\/wp\/v2\/posts\/645","targetHints":{"allow":["GET"]}}],"collection":[{"href":"https:\/\/www.mes-allocs.fr\/guides\/wp-json\/wp\/v2\/posts"}],"about":[{"href":"https:\/\/www.mes-allocs.fr\/guides\/wp-json\/wp\/v2\/types\/post"}],"author":[{"embeddable":true,"href":"https:\/\/www.mes-allocs.fr\/guides\/wp-json\/wp\/v2\/users\/7"}],"replies":[{"embeddable":true,"href":"https:\/\/www.mes-allocs.fr\/guides\/wp-json\/wp\/v2\/comments?post=645"}],"version-history":[{"count":28,"href":"https:\/\/www.mes-allocs.fr\/guides\/wp-json\/wp\/v2\/posts\/645\/revisions"}],"predecessor-version":[{"id":104397,"href":"https:\/\/www.mes-allocs.fr\/guides\/wp-json\/wp\/v2\/posts\/645\/revisions\/104397"}],"wp:featuredmedia":[{"embeddable":true,"href":"https:\/\/www.mes-allocs.fr\/guides\/wp-json\/wp\/v2\/media\/647"}],"wp:attachment":[{"href":"https:\/\/www.mes-allocs.fr\/guides\/wp-json\/wp\/v2\/media?parent=645"}],"wp:term":[{"taxonomy":"category","embeddable":true,"href":"https:\/\/www.mes-allocs.fr\/guides\/wp-json\/wp\/v2\/categories?post=645"},{"taxonomy":"post_tag","embeddable":true,"href":"https:\/\/www.mes-allocs.fr\/guides\/wp-json\/wp\/v2\/tags?post=645"}],"curies":[{"name":"wp","href":"https:\/\/api.w.org\/{rel}","templated":true}]}}