{"id":6445,"date":"2020-06-03T14:59:35","date_gmt":"2020-06-03T14:59:35","guid":{"rendered":"https:\/\/www.mes-allocs.fr\/guides\/?p=6445"},"modified":"2026-04-09T15:45:00","modified_gmt":"2026-04-09T14:45:00","slug":"aide-sociale-legale","status":"publish","type":"post","link":"https:\/\/www.mes-allocs.fr\/guides\/aides-sociales\/aide-sociale-legale\/","title":{"rendered":"L&rsquo;aide sociale l\u00e9gale : conditions, montants, d\u00e9marches"},"content":{"rendered":"<p style=\"text-align: justify;\"><a href=\"https:\/\/www.mes-allocs.fr\/guides\/wp-content\/uploads\/2020\/05\/Tout-savoir-sur-laide-sociale-le\u0301gale--e1590527527767.jpg\"><img loading=\"lazy\" decoding=\"async\" class=\"aligncenter wp-image-7545 size-full\" src=\"https:\/\/www.mes-allocs.fr\/guides\/wp-content\/uploads\/2020\/05\/Tout-savoir-sur-laide-sociale-le\u0301gale--e1590527610427.jpg\" alt=\"Tout savoir sur l'aide sociale le\u0301gale !\" width=\"1280\" height=\"304\" srcset=\"https:\/\/www.mes-allocs.fr\/guides\/wp-content\/uploads\/2020\/05\/Tout-savoir-sur-laide-sociale-le\u0301gale--e1590527610427.jpg 1280w, https:\/\/www.mes-allocs.fr\/guides\/wp-content\/uploads\/2020\/05\/Tout-savoir-sur-laide-sociale-le\u0301gale--e1590527610427-300x71.jpg 300w, https:\/\/www.mes-allocs.fr\/guides\/wp-content\/uploads\/2020\/05\/Tout-savoir-sur-laide-sociale-le\u0301gale--e1590527610427-1024x243.jpg 1024w, https:\/\/www.mes-allocs.fr\/guides\/wp-content\/uploads\/2020\/05\/Tout-savoir-sur-laide-sociale-le\u0301gale--e1590527610427-768x182.jpg 768w, https:\/\/www.mes-allocs.fr\/guides\/wp-content\/uploads\/2020\/05\/Tout-savoir-sur-laide-sociale-le\u0301gale--e1590527610427-600x143.jpg 600w\" sizes=\"auto, (max-width: 1280px) 100vw, 1280px\" \/><\/a>[Mis \u00e0 jour le 09\/04\/2026]<strong> L&rsquo;<a href=\"https:\/\/www.mes-allocs.fr\/guides\/aides-sociales\/\">aide sociale<\/a> l\u00e9gale regroupe un dispositif \u00e0 destination des plus vuln\u00e9rables : personnes \u00e2g\u00e9es, personnes handicap\u00e9es et enfants. Cette ann\u00e9e, suite \u00e0 la crise sanitaire, elle se dote d&rsquo;un soutien aux petites entreprises, dans le d\u00e9partement du Calvados. Qu&rsquo;est-ce que l&rsquo;aide sociale l\u00e9gale ?<br \/>\n<\/strong><\/p>\n<div class='cta-block'><div class='text'>Simulez toutes vos aides en 2 min.<\/div><a href='https:\/\/www.mes-allocs.fr\/ab-app?origin=guides\/wp-json\/wp\/v2\/posts\/6445' class='app-button fit'>Simulation gratuite<\/a><\/div>\n<div class=\"content-fiche\">\n<div class=\"tab-content\">\n<div id=\"situation1\" class=\"tab-pane active\">\n<div class=\"fiche-bloc bloc-principal\" data-toggle-scope=\"\">\n<div class=\"fiche-item\">\n<div class=\"fiche-item\">\n<div class=\"fiche-item\">\n<div class=\"fiche-item\">\n<div id=\"fiche-item-6situation1\" class=\"fiche-item-content collapse in\" aria-hidden=\"false\">\n<div class=\"fiche-item\">\n<div id=\"toc_container\" class=\"toc_white no_bullets contracted\">\n<h1>Qu&rsquo;est-ce que l&rsquo;aide sociale d\u00e9partementale ?<\/h1>\n<h2>D\u00e9finition de l&rsquo;aide sociale<\/h2>\n<p>La protection sociale en France est impuls\u00e9e par les collectivit\u00e9s locales et le conseil d\u00e9partemental. Le montant total <span class=\"ILfuVd\"><span class=\"e24Kjd\">des prestations d&rsquo;aide sociale (sant\u00e9, retraite, famille, ch\u00f4mage)<\/span><\/span> \u00e9tait en 2018 de <span class=\"ILfuVd\"><span class=\"e24Kjd\">741 milliards d&rsquo;euros, soit 31,5 % du produit int\u00e9rieur brut <b>(PIB)<\/b><\/span><\/span>. Il a augment\u00e9 de <span class=\"ILfuVd\"><span class=\"e24Kjd\"> 1,8 % en un an,<\/span><\/span> selon une \u00e9tude de la DREES, <span class=\"ILfuVd\"><span class=\"e24Kjd\">le service statistique des minist\u00e8res sociau<\/span><\/span>x.<\/p>\n<h2>Les diff\u00e9rents types d&rsquo;aide sociale<\/h2>\n<p style=\"text-align: justify;\"><strong><span style=\"text-decoration: underline;\">Les deux types d&rsquo;aide sociale<\/span> :<\/strong><\/p>\n\n<div class=\"wpdt-c row wpDataTableContainerSimpleTable wpDataTables wpDataTablesWrapper\n\"\n    >\n    <table id=\"wpdtSimpleTable-405table_view=regular\"\n           class=\"wpdtSimpleTable wpDataTable\"\n           data-column=\"2\"\n           data-rows=\"3\"\n           data-wpID=\"405table_view=regular\"\n           data-responsive=\"0\"\n           data-has-header=\"1\">\n\n                    <thead>        <tr class=\"wpdt-cell-row \" >\n                            <th class=\"wpdt-cell wpdt-bc-F3F9FE wpdt-bold\"\n                                    data-cell-id=\"A1\"\n                data-col-index=\"0\"\n                data-row-index=\"0\"\n                style=\" width:48.988764044944%;                padding:10px;\"\n                >\n                                Aide sociale l\u00e9gale                <\/th>\n                                            <th class=\"wpdt-cell wpdt-bc-F3F9FE wpdt-bold\"\n                                    data-cell-id=\"B1\"\n                data-col-index=\"1\"\n                data-row-index=\"0\"\n                style=\" width:51.011235955056%;                padding:10px;\"\n                >\n                                Aide sociale extra-l\u00e9gale                <\/th>\n                                        <\/tr>\n                    <tbody>        <tr class=\"wpdt-cell-row \" >\n                            <td class=\"wpdt-cell \"\n                                    data-cell-id=\"A2\"\n                data-col-index=\"0\"\n                data-row-index=\"1\"\n                style=\"                padding:10px;\"\n                >\n                                Fix\u00e9e par la loi, elle regroupe trois acteurs publics :\u00a0le d\u00e9partement,\u00a0l\u2019\u00c9tat et\u00a0la commune\u00a0                <\/td>\n                                            <td class=\"wpdt-cell \"\n                                    data-cell-id=\"B2\"\n                data-col-index=\"1\"\n                data-row-index=\"1\"\n                style=\"                padding:10px;\"\n                >\n                                Attribue des prestations cr\u00e9\u00e9es par le d\u00e9partement et fixe les dispositifs pr\u00e9vus par la\u00a0\u00a0r\u00e9glementation                <\/td>\n                                        <\/tr>\n                            <tr class=\"wpdt-cell-row \" >\n                            <td class=\"wpdt-cell \"\n                                    data-cell-id=\"A3\"\n                data-col-index=\"0\"\n                data-row-index=\"2\"\n                style=\"                padding:10px;\"\n                >\n                                Accorde des prestations \u00e0 destination des personnes\u00a0\u00e2g\u00e9es, handicap\u00e9es et des enfants                <\/td>\n                                            <td class=\"wpdt-cell \"\n                                    data-cell-id=\"B3\"\n                data-col-index=\"1\"\n                data-row-index=\"2\"\n                style=\"                padding:10px;\"\n                >\n                                Accorde des prestations \u00e0 destination des personnes\u00a0\u00e2g\u00e9es et handicap\u00e9es des enfants                <\/td>\n                                        <\/tr>\n                    <\/table>\n<\/div><style id='wpdt-custom-style-405table_view=regular'>\ntable#wpdtSimpleTable-405table_view=regular{ table-layout: fixed !important; }\n.wpdt-bc-F3F9FE { background-color: #F3F9FE !important;}\n<\/style>\n\n<h1>L\u2019aide-m\u00e9nag\u00e8re \u00e0 domicile<\/h1>\n<div class=\"content-fiche\">\n<div class=\"tab-content\">\n<div id=\"situation1\" class=\"tab-pane active\">\n<div class=\"fiche-bloc bloc-principal\" data-toggle-scope=\"\">\n<div class=\"fiche-item\">\n<div class=\"fiche-item\">\n<div class=\"fiche-item\">\n<div class=\"fiche-item\">\n<div id=\"fiche-item-6situation1\" class=\"fiche-item-content collapse in\" aria-hidden=\"false\">\n<div class=\"fiche-item\">\n<div id=\"toc_container\" class=\"toc_white no_bullets contracted\">\n<h2 id=\"anchor1\">Quelles sont les conditions pour b\u00e9n\u00e9ficier d&rsquo;une aide m\u00e9nag\u00e8re \u00e0 domicile ?<\/h2>\n<ul>\n<li><strong>\u00catre \u00e2g\u00e9 d&rsquo;au moins 65 ans<\/strong> (ou 60 ans pour les personnes reconnues inaptes au travail) ;<\/li>\n<li><strong>Avoir des difficult\u00e9s pour effectuer les principales t\u00e2ches m\u00e9nag\u00e8res ;<\/strong><\/li>\n<li><strong>Ne pas b\u00e9n\u00e9ficier de <\/strong>l&rsquo;APA (allocation personnalis\u00e9e d&rsquo;autonomie) <strong>et<\/strong> ne pas y \u00eatre \u00e9ligible ;<\/li>\n<li><strong>Disposer de ressources mensuelles inf\u00e9rieures \u00e0 868,20 \u20ac <\/strong>pour une personne seule<strong> et 1 347,88 \u20ac <\/strong>pour un couple.<\/li>\n<\/ul>\n<h2 id=\"anchor2\" class=\"\">Quel est le montant de l\u2019aide ?<\/h2>\n<p>Il est estim\u00e9 en fonction des revenus du b\u00e9n\u00e9ficiaire, \u00e0 qui il peut \u00eatre demand\u00e9 de participer financi\u00e8rement au montant de cette aide. C&rsquo;est le conseil d\u00e9partemental qui verse ce financement.<\/p>\n<\/div>\n<div class=\"toc_white no_bullets contracted\">\n<h2 id=\"anchor3\">Quelles sont les d\u00e9marches \u00e0 effectuer ?<\/h2>\n<p>Pour obtenir des informations au sujet des aides m\u00e9nag\u00e8res, il vous faut vous tourner vers votre CCAS (centre communal d\u2019action sociale) ou votre mairie.<\/p>\n<h1 id=\"laide-sociale-a-lhebergement-ash\">L\u2019aide sociale \u00e0 l\u2019h\u00e9bergement (ASH)<\/h1>\n<header id=\"headerPage\">\n<p class=\"date\" data-test=\"date-maj\">L&rsquo;aide sociale \u00e0 l&rsquo;h\u00e9bergement (ASH) correspond \u00e0 la prise en charge d&rsquo;une partie des frais (ou de leur totalit\u00e9) d&rsquo;h\u00e9bergement d&rsquo;une personne \u00e2g\u00e9e, handicap\u00e9e ou non. Elle peut \u00eatre plac\u00e9e en \u00e9tablissement ou b\u00e9n\u00e9ficier d&rsquo;un accueil familial. Elle est vers\u00e9e par le d\u00e9partement.<\/p>\n<h2 data-test=\"date-maj\">Quelles sont les conditions \u00e0 remplir ?<\/h2>\n<\/header>\n<div class=\"content-fiche\">\n<div class=\"tab-content\">\n<div id=\"situation1\" class=\"tab-pane active\">\n<div class=\"fiche-bloc bloc-principal\" data-toggle-scope=\"\">\n<div class=\"fiche-item\">\n<div id=\"fiche-item-2situation1\" class=\"fiche-item-content collapse in\" aria-hidden=\"false\">\n<div class=\"fiche-bloc bloc-principal\" data-toggle-scope=\"\">\n<div class=\"fiche-item\">\n<div id=\"fiche-item-1situation1\" class=\"fiche-item-content collapse in\" aria-hidden=\"false\">\n<ul>\n<li>\u00catre \u00e2g\u00e9 de plus de 65 ans (ou plus de 60 ans, si vous \u00eates reconnu inapte au travail)<\/li>\n<li>R\u00e9sider en France de fa\u00e7on stable et r\u00e9guli\u00e8re : de mani\u00e8re ininterrompue depuis plus de 3 mois (si la personne \u00e2g\u00e9e est \u00e9trang\u00e8re, elle doit avoir un titre de s\u00e9jour en cours de validit\u00e9),<\/li>\n<li>Avoir des ressources inf\u00e9rieures au montant des frais d&rsquo;h\u00e9bergement.<\/li>\n<\/ul>\n<p>Si la personne \u00e2g\u00e9e b\u00e9n\u00e9ficiaire souffre d&rsquo;une perte d&rsquo;autonomie, vous pouvez avoir recours \u00e0 l&rsquo;aide personnalis\u00e9e \u00e0 l&rsquo;autonomie (APA).<\/p>\n<\/div>\n<\/div>\n<\/div>\n<h2>Quelles sont les d\u00e9marches \u00e0 effectuer ?<\/h2>\n<p><strong>Le dossier de demande d&rsquo;ASH peut \u00eatre retir\u00e9 aupr\u00e8s de la mairie ou du centre\u00a0communal d&rsquo;action sociale (CCAS)<\/strong> de la commune o\u00f9 la personne \u00e2g\u00e9e demeure. Vous pouvez avoir acc\u00e8s aux coordonn\u00e9es des CCAS en mairie.<\/p>\n<\/div>\n<\/div>\n<div class=\"fiche-item\">\n<div id=\"fiche-item-3situation1\" class=\"fiche-item-content collapse in\" aria-hidden=\"false\">\n<div id=\"ou-s-adresser-bloc-5803663025738102906\" class=\"perso-geo\" data-ou-s-adresser=\"\">\n<div class=\"autocomplete select-a11y\">\n<form id=\"geoSearchForm58036630257381029061\" class=\"autocomplete-search\" action=\"https:\/\/www.service-public.fr\/geo\/rechercheJson\" method=\"post\" data-persogeo-idform=\"58036630257381029061\" data-application=\"geoSearchForm\">\n<p class=\"geo-perso-item-title\"><strong>Ensuite, la mairie (ou le CCAS) envoie votre dossier aux services du d\u00e9partement.<\/strong> Ces derniers ont 2 mois pour r\u00e9pondre \u00e0 votre courrier.<\/p>\n<p>En cas d&rsquo;attribution, la d\u00e9cision est notifi\u00e9e \u00e0 la personne \u00e2g\u00e9e ou \u00e0 son repr\u00e9sentant l\u00e9gal.<\/p>\n<h2>Quel est le montant de l&rsquo;ASH ?<\/h2>\n<p>L&rsquo;ASH ne correspond pas \u00e0 une somme pr\u00e9cise vers\u00e9e chaque mois. Il s&rsquo;agit d&rsquo;une prise en charge des frais d\u2019h\u00e9bergement non couverts par les revenus du b\u00e9n\u00e9ficiaire.<\/p>\n<p>L&rsquo;ASH fonctionne comme un versement compl\u00e9mentaire \u00e0 la part des revenus du b\u00e9n\u00e9ficiaire, qui sert \u00e0 payer l&rsquo;\u00e9tablissement (90% de ces revenus). Ce sont ces deux \u00e9l\u00e9ments qui forment le prix total de l&rsquo;h\u00e9bergement.<\/p>\n<p><strong>90% des revenus du b\u00e9n\u00e9ficiaire + 10% d&rsquo;aide sociale \u00e0 l&rsquo;h\u00e9bergement = prix total de l&rsquo;h\u00e9bergement<\/strong><\/p>\n<p><iframe loading=\"lazy\" src=\"\/\/www.youtube.com\/embed\/QPEl0tAIlIw\" width=\"560\" height=\"314\" allowfullscreen=\"allowfullscreen\"><\/iframe><\/p>\n<h1>Comment fonctionne l&rsquo;obligation alimentaire ?<\/h1>\n<div class=\"inner inner-article cf cms-content c-green\">\n<section id=\"scroll-1\" class=\"article_follow cf\">\n<h1 id=\"qui-fixe-le-montant-de-la-penson-alimentaire\">Qui fixe le montant de la pension alimentaire ?<\/h1>\n<p>L\u00e9galement, c&rsquo;est le Code civil qui fixe l&rsquo;obligation alimentaire, lorsque l\u2019un des membres de la famille n\u2019est pas en mesure de combler ses propres besoins alimentaires.<\/p>\n<\/section>\n<section id=\"scroll-2\" class=\"article_follow cf\">\n<div class=\"\">\n<p>G\u00e9n\u00e9ralement, c&rsquo;est l&rsquo;aide sociale qui est en charge d&rsquo;estimer le montant de la participation des enfants (et potentiellement des petits enfants), d\u2019apr\u00e8s quatre crit\u00e8res :<\/p>\n<ul>\n<li>situation familiale (nombre de personnes au foyer),<\/li>\n<li>ressources,<\/li>\n<li>charges,<\/li>\n<li>le bar\u00e8me de l\u2019obligation alimentaire.<\/li>\n<\/ul>\n<p>La pension alimentaire d\u00e9pend en outre des besoins du b\u00e9n\u00e9ficiaire et des moyens des oblig\u00e9s alimentaires.<\/p>\n<h2>Qui d\u00e9termine la participation des oblig\u00e9s alimentaires ?<\/h2>\n<p style=\"text-align: justify;\">Par ailleurs, la participation des oblig\u00e9s alimentaires est fix\u00e9e par les d\u00e9partements, dans certains cas. Les proches s&rsquo;acquittant de la pension s&rsquo;organisent eux-m\u00eames pour fixer leur participation. En cas de d\u00e9saccord, le juge est habilit\u00e9 \u00e0 trancher.<\/p>\n<p>Le conseil g\u00e9n\u00e9ral peut d\u00e9terminer le bar\u00e8me de l\u2019obligation alimentaire, ainsi que le taux de participation des diff\u00e9rents oblig\u00e9s alimentaires. Et ce, en fonction du lien de parent\u00e9 :<\/p>\n<ul>\n<li>enfants,<\/li>\n<li>conjoint ou partenaire de PACS,<\/li>\n<li>gendres, belles filles, beaux fils,<\/li>\n<li>petits-enfants.<\/li>\n<\/ul>\n<p><strong>\u00c0 noter que les enfants peuvent \u00eatre dispens\u00e9s du paiement des obligations alimentaires par le juge aux affaires familiales. Ceci, en cas de grave manquement des parents d\u00e9biteurs d\u2019aliments \u00e0 leur \u00e9gard et dans certains cas d\u2019adoption.<\/strong><\/p>\n<div class='cta-block'><div class='text'>Simulez toutes vos aides en 2 min.<\/div><a href='https:\/\/www.mes-allocs.fr\/ab-app?origin=guides\/wp-json\/wp\/v2\/posts\/6445' class='app-button fit'>Simulation gratuite<\/a><\/div>\n<\/div>\n<\/section>\n<\/div>\n<\/form>\n<\/div>\n<\/div>\n<\/div>\n<\/div>\n<\/div>\n<\/div>\n<\/div>\n<\/div>\n<h1>L&rsquo;aide sociale aux petites entreprises<\/h1>\n<h2>Le concept de la crise sanitaire<\/h2>\n<p>Crise sanitaire oblige, certains d\u00e9partements envisagent de verser une aide aux petites entreprises. C&rsquo;est le cas du Calvados qui verse depuis le 25 mai, une aide aux personnes dont l&rsquo;activit\u00e9 a \u00e9t\u00e9 impact\u00e9e par la crise du Covid-19. Sont concern\u00e9s par cette mesure les personnes ci-dessous :<\/p>\n<ul>\n<li><strong>chefs de petites entreprises,<\/strong><\/li>\n<li><strong>ind\u00e9pendants,<\/strong><\/li>\n<li><strong>professions lib\u00e9rales.<\/strong><\/li>\n<\/ul>\n<p>Plus pr\u00e9cis\u00e9ment, elle concerne 44.000 b\u00e9n\u00e9ficiaires dans le Calvados, \u00e0 savoir :<\/p>\n<ul>\n<li>les petites structures r\u00e9alisant moins de <strong>300 000 \u20ac de chiffre d\u2019affaires,<\/strong><\/li>\n<li>dont les <strong>pertes s&rsquo;estiment \u00e0 au moins 40%<\/strong>, par rapport au chiffre d&rsquo;affaire d&rsquo;avril 2019.<\/li>\n<\/ul>\n<h2>Quel est le montant de cette aide ?<\/h2>\n<p>Cette initiative a \u00e9t\u00e9 annonc\u00e9e par le pr\u00e9sident du conseil d\u00e9partemental, Jean-L\u00e9once Dupont, le mardi 12 mai. L&rsquo;aide pr\u00e9vue est de 3 \u00e0 7 millions d&rsquo;euros pour l&rsquo;ensemble des personnes concern\u00e9es.<\/p>\n<p><strong>Il s&rsquo;agit donc d&rsquo;une aide \u00e0 la personne, dont le montant est de 575 \u20ac. Cette aide correspond au montant du Revenu de solidarit\u00e9 active (RSA).<\/strong><\/p>\n<p><strong>En outre, elle ne pourra \u00eatre vers\u00e9 qu&rsquo;une seule fois. Elle est cumulable avec les autres dispositifs mis en place par l&rsquo;\u00c9tat.<\/strong><\/p>\n<div class=\"page\" title=\"Page 3\">\n<div class=\"section\">\n<div class=\"section\">\n<div class=\"layoutArea\">\n<div class=\"column\">\n<h1>Qu&rsquo;est-ce que l&rsquo;aide sociale \u00e0 l&rsquo;enfance ?<\/h1>\n<h2>D\u00e9finition de l&rsquo;aide sociale \u00e0 l&rsquo;enfance<\/h2>\n<\/div>\n<\/div>\n<\/div>\n<\/div>\n<\/div>\n<p style=\"text-align: justify;\">L&rsquo;aide sociale \u00e0 l&rsquo;enfance s&rsquo;expriment par un ensemble de missions cens\u00e9es pr\u00e9venir et soutenir les enfants et les familles en difficult\u00e9s psycho-sociales. Elle prend \u00e9galement en charge les enfants qui ne peuvent plus rester dans leur famille, quelle que soit les raisons.<\/p>\n<p>L&rsquo;aide sociale \u00e0 l&rsquo;enfance (ASE) est d\u00e9finie par les articles L221-1 et suivants\u00a0du code de l\u2019Action sociale et des familles. Elle rel\u00e8ve de la comp\u00e9tence du pr\u00e9sident du conseil g\u00e9n\u00e9ral.<\/p>\n<\/div>\n<div class=\"toc_white no_bullets contracted\">\n<h2>L&rsquo;aide sociale \u00e0 l&rsquo;enfance \u00e0 Paris<\/h2>\n<h3>De quoi s&rsquo;agit-il ?<\/h3>\n<p>Actuellement, \u00e0 Paris, environ 26 000 enfants et leur famille sont suivis au titre de l\u2019Aide sociale \u00e0 l\u2019enfance et de la pr\u00e9vention (soit 10,8 jeunes sur 1000 de moins de 20 ans contre 7,8 sur 1000 au plan national).<\/p>\n<p>\u00c0 cause de la crise \u00e9conomique, les interventions sociales et \u00e9ducatives se multiplient. Elles concernent principalement les publics suivants :<\/p>\n<ul>\n<li>jeunes en situation de rupture familiale;<\/li>\n<li>familles pr\u00e9caires (12% de familles pauvres) ;<\/li>\n<li>familles monoparentale, tr\u00e8s nombreuses \u00e0 Paris (27 % contre 17 % au plan national) ;<\/li>\n<li>mineurs \u00e9trangers isol\u00e9s, sont de plus en plus nombreux dans la capitale.<\/li>\n<\/ul>\n<h3>Comment fonctionne-t-elle ?<\/h3>\n<p>En 2007, Paris a mis en place une <strong>cellule de recueil, de traitement et d\u2019\u00e9valuation des informations pr\u00e9occupantes.\u00a0<\/strong>Il s&rsquo;agit d&rsquo;un outil central \u00e0 mobiliser pour les enfants et les jeunes en situation ou risque de danger, que cela concerne sa sant\u00e9, sa s\u00e9curit\u00e9, sa moralit\u00e9 ou encore son \u00e9ducation.<\/p>\n<p>En effet, les informations sont transmises par le 119 (num\u00e9ro vert enfance en danger) aux services sociaux, m\u00e9dico-sociaux, sanitaires, de police ou scolaires. Depuis 2006, cette initiative prouve son efficacit\u00e9 : on assiste \u00e0<strong> une progression de 81% des signalements d\u2019enfants en difficult\u00e9.<\/strong><\/p>\n<h3>O\u00f9 se situe l&rsquo;ASE Paris ?<\/h3>\n<p>Le service de l&rsquo;aide sociale \u00e0 l&rsquo;enfance de Paris dispose de trois sites : un bureau central et deux bureaux d\u00e9concentr\u00e9s. Vous devez vous adresser au secteur qui correspond \u00e0 l&rsquo;arrondissement de votre r\u00e9sidence.<\/p>\n<p style=\"text-align: justify;\"><strong>Les sites de l&rsquo;ASE Paris :<\/strong><\/p>\n\n<div class=\"wpdt-c row wpDataTableContainerSimpleTable wpDataTables wpDataTablesWrapper\n\"\n    >\n    <table id=\"wpdtSimpleTable-406table_view=regular\"\n           class=\"wpdtSimpleTable wpDataTable\"\n           data-column=\"2\"\n           data-rows=\"7\"\n           data-wpID=\"406table_view=regular\"\n           data-responsive=\"0\"\n           data-has-header=\"1\">\n\n                    <thead>        <tr class=\"wpdt-cell-row \" >\n                            <th class=\"wpdt-cell wpdt-bc-F3F9FE wpdt-bold\"\n                                    data-cell-id=\"A1\"\n                data-col-index=\"0\"\n                data-row-index=\"0\"\n                style=\" width:49.090909090909%;                padding:10px;\"\n                >\n                                Adresses des sites                <\/th>\n                                            <th class=\"wpdt-cell wpdt-bc-F3F9FE wpdt-bold\"\n                                    data-cell-id=\"B1\"\n                data-col-index=\"1\"\n                data-row-index=\"0\"\n                style=\" width:50.909090909091%;                padding:10px;\"\n                >\n                                Arrondissements concern\u00e9s                <\/th>\n                                        <\/tr>\n                    <tbody>        <tr class=\"wpdt-cell-row \" >\n                            <td class=\"wpdt-cell \"\n                                    data-cell-id=\"A2\"\n                data-col-index=\"0\"\n                data-row-index=\"1\"\n                style=\"                padding:10px;\"\n                >\n                                94-96 quai de la Rap\u00e9e 75012 Paris                <\/td>\n                                            <td class=\"wpdt-cell \"\n                                    data-cell-id=\"B2\"\n                data-col-index=\"1\"\n                data-row-index=\"1\"\n                style=\"                padding:10px;\"\n                >\n                                1er, 2e, 3e, 4e, 6e, 7e, 8e, 9e, 10e, 14e, 15e, 16e, 17e arrondissements                <\/td>\n                                        <\/tr>\n                            <tr class=\"wpdt-cell-row \" >\n                            <td class=\"wpdt-cell \"\n                                    data-cell-id=\"A3\"\n                data-col-index=\"0\"\n                data-row-index=\"2\"\n                style=\"                padding:10px;\"\n                >\n                                76-78 rue de Reuilly 75012 Paris                <\/td>\n                                            <td class=\"wpdt-cell \"\n                                    data-cell-id=\"B3\"\n                data-col-index=\"1\"\n                data-row-index=\"2\"\n                style=\"                padding:10px;\"\n                >\n                                11e et 12e arrondissements                <\/td>\n                                        <\/tr>\n                            <tr class=\"wpdt-cell-row \" >\n                            <td class=\"wpdt-cell \"\n                                    data-cell-id=\"A4\"\n                data-col-index=\"0\"\n                data-row-index=\"3\"\n                style=\"                padding:10px;\"\n                >\n                                163 avenue d\u2019Italie 75013 Paris                <\/td>\n                                            <td class=\"wpdt-cell \"\n                                    data-cell-id=\"B4\"\n                data-col-index=\"1\"\n                data-row-index=\"3\"\n                style=\"                padding:10px;\"\n                >\n                                5e et 13e arrondissements                <\/td>\n                                        <\/tr>\n                            <tr class=\"wpdt-cell-row \" >\n                            <td class=\"wpdt-cell \"\n                                    data-cell-id=\"A5\"\n                data-col-index=\"0\"\n                data-row-index=\"4\"\n                style=\"                padding:10px;\"\n                >\n                                183 rue Ordener 75018 Paris                <\/td>\n                                            <td class=\"wpdt-cell \"\n                                    data-cell-id=\"B5\"\n                data-col-index=\"1\"\n                data-row-index=\"4\"\n                style=\"                padding:10px;\"\n                >\n                                18e arrondissement (2 secteurs)                <\/td>\n                                        <\/tr>\n                            <tr class=\"wpdt-cell-row \" >\n                            <td class=\"wpdt-cell \"\n                                    data-cell-id=\"A6\"\n                data-col-index=\"0\"\n                data-row-index=\"5\"\n                style=\"                padding:10px;\"\n                >\n                                4 rue David-d\u2019Angers 75019                <\/td>\n                                            <td class=\"wpdt-cell \"\n                                    data-cell-id=\"B6\"\n                data-col-index=\"1\"\n                data-row-index=\"5\"\n                style=\"                padding:10px;\"\n                >\n                                19e arrondissement (3 secteurs)                <\/td>\n                                        <\/tr>\n                            <tr class=\"wpdt-cell-row \" >\n                            <td class=\"wpdt-cell \"\n                                    data-cell-id=\"A7\"\n                data-col-index=\"0\"\n                data-row-index=\"6\"\n                style=\"                padding:10px;\"\n                >\n                                119 rue de M\u00e9nilmontant 75020 Paris                <\/td>\n                                            <td class=\"wpdt-cell \"\n                                    data-cell-id=\"B7\"\n                data-col-index=\"1\"\n                data-row-index=\"6\"\n                style=\"                padding:10px;\"\n                >\n                                20e arrondissement (2 secteurs)                <\/td>\n                                        <\/tr>\n                    <\/table>\n<\/div><style id='wpdt-custom-style-406table_view=regular'>\ntable#wpdtSimpleTable-406table_view=regular{ table-layout: fixed !important; }\n.wpdt-bc-F3F9FE { background-color: #F3F9FE !important;}\n<\/style>\n\n<div class='cta-block'><div class='text'>Simulez toutes vos aides en 2 min.<\/div><a href='https:\/\/www.mes-allocs.fr\/ab-app?origin=guides\/wp-json\/wp\/v2\/posts\/6445' class='app-button fit'>Simulation gratuite<\/a><\/div>\n<\/div>\n<\/div>\n<\/div>\n<\/div>\n<\/div>\n<\/div>\n<\/div>\n<\/div>\n<\/div>\n<\/div>\n<\/div>\n<\/div>\n<\/div>\n<\/div>\n<\/div>\n<\/div>\n<\/div>\n<\/div>\n<\/div>\n<\/div>\n<\/div>\n<\/div>\n","protected":false},"excerpt":{"rendered":"<p>[Mis \u00e0 jour le 09\/04\/2026] L&rsquo;aide sociale l\u00e9gale regroupe un dispositif \u00e0 destination des plus vuln\u00e9rables : personnes \u00e2g\u00e9es, personnes handicap\u00e9es et enfants. Cette ann\u00e9e, suite \u00e0 la crise sanitaire, elle se dote d&rsquo;un soutien aux petites entreprises, dans le d\u00e9partement du Calvados. Qu&rsquo;est-ce que l&rsquo;aide sociale l\u00e9gale ? Qu&rsquo;est-ce que l&rsquo;aide sociale d\u00e9partementale ? [&hellip;]<\/p>\n","protected":false},"author":9,"featured_media":7619,"comment_status":"open","ping_status":"open","sticky":false,"template":"","format":"standard","meta":{"amp_status":"","footnotes":""},"categories":[1411],"tags":[],"class_list":["post-6445","post","type-post","status-publish","format-standard","has-post-thumbnail","hentry","category-aides-sociales"],"yoast_head":"<!-- This site is optimized with the Yoast SEO plugin v14.9 - https:\/\/yoast.com\/wordpress\/plugins\/seo\/ -->\n<title>Tout savoir sur l&#039;aide sociale l\u00e9gale ! | Mes-Allocs.fr<\/title>\n<meta name=\"description\" content=\"L&#039;aide sociale l\u00e9gale regroupe un dispositif \u00e0 destination des plus vuln\u00e9rables : personnes \u00e2g\u00e9es, personnes handicap\u00e9es et enfants.\" \/>\n<meta name=\"robots\" content=\"index, follow, max-snippet:-1, max-image-preview:large, max-video-preview:-1\" \/>\n<link rel=\"canonical\" href=\"https:\/\/www.mes-allocs.fr\/guides\/aides-sociales\/aide-sociale-legale\/\" \/>\n<meta property=\"og:locale\" content=\"fr_FR\" \/>\n<meta property=\"og:type\" content=\"article\" \/>\n<meta property=\"og:title\" content=\"Tout savoir sur l&#039;aide sociale l\u00e9gale ! | Mes-Allocs.fr\" \/>\n<meta property=\"og:description\" content=\"L&#039;aide sociale l\u00e9gale regroupe un dispositif \u00e0 destination des plus vuln\u00e9rables : personnes \u00e2g\u00e9es, personnes handicap\u00e9es et enfants.\" \/>\n<meta property=\"og:url\" content=\"https:\/\/www.mes-allocs.fr\/guides\/aides-sociales\/aide-sociale-legale\/\" \/>\n<meta property=\"og:site_name\" content=\"Mes-Allocs.fr\" \/>\n<meta property=\"article:published_time\" content=\"2020-06-03T14:59:35+00:00\" \/>\n<meta property=\"article:modified_time\" content=\"2026-04-09T14:45:00+00:00\" \/>\n<meta property=\"og:image\" content=\"https:\/\/www.mes-allocs.fr\/guides\/wp-content\/uploads\/2020\/05\/Tout-savoir-sur-laide-sociale-le\u0301gale-1-1-e1590678990306.jpg?wsr\" \/>\n\t<meta property=\"og:image:width\" content=\"1280\" \/>\n\t<meta property=\"og:image:height\" content=\"853\" \/>\n<meta name=\"twitter:card\" content=\"summary_large_image\" \/>\n<script type=\"application\/ld+json\" class=\"yoast-schema-graph\">{\"@context\":\"https:\/\/schema.org\",\"@graph\":[{\"@type\":\"WebSite\",\"@id\":\"https:\/\/www.mes-allocs.fr\/guides\/#website\",\"url\":\"https:\/\/www.mes-allocs.fr\/guides\/\",\"name\":\"Mes-Allocs.fr\",\"description\":\"\",\"potentialAction\":[{\"@type\":\"SearchAction\",\"target\":\"https:\/\/www.mes-allocs.fr\/guides\/?s={search_term_string}\",\"query-input\":\"required name=search_term_string\"}],\"inLanguage\":\"fr-FR\"},{\"@type\":\"ImageObject\",\"@id\":\"https:\/\/www.mes-allocs.fr\/guides\/aides-sociales\/aide-sociale-legale\/#primaryimage\",\"inLanguage\":\"fr-FR\",\"url\":\"https:\/\/www.mes-allocs.fr\/guides\/wp-content\/uploads\/2020\/05\/Tout-savoir-sur-laide-sociale-le\\u0301gale-1-1-e1590678990306.jpg?wsr\",\"width\":1280,\"height\":853,\"caption\":\"Tout savoir sur laide sociale le\\u0301gale 1 1 e1590678990306\"},{\"@type\":\"WebPage\",\"@id\":\"https:\/\/www.mes-allocs.fr\/guides\/aides-sociales\/aide-sociale-legale\/#webpage\",\"url\":\"https:\/\/www.mes-allocs.fr\/guides\/aides-sociales\/aide-sociale-legale\/\",\"name\":\"Tout savoir sur l'aide sociale l\\u00e9gale ! | Mes-Allocs.fr\",\"isPartOf\":{\"@id\":\"https:\/\/www.mes-allocs.fr\/guides\/#website\"},\"primaryImageOfPage\":{\"@id\":\"https:\/\/www.mes-allocs.fr\/guides\/aides-sociales\/aide-sociale-legale\/#primaryimage\"},\"datePublished\":\"2020-06-03T14:59:35+00:00\",\"dateModified\":\"2026-04-09T14:45:00+00:00\",\"author\":{\"@id\":\"https:\/\/www.mes-allocs.fr\/guides\/#\/schema\/person\/e4e762c89158b34a332446d26f02fd56\"},\"description\":\"L'aide sociale l\\u00e9gale regroupe un dispositif \\u00e0 destination des plus vuln\\u00e9rables : personnes \\u00e2g\\u00e9es, personnes handicap\\u00e9es et enfants.\",\"inLanguage\":\"fr-FR\"},{\"@type\":\"Person\",\"@id\":\"https:\/\/www.mes-allocs.fr\/guides\/#\/schema\/person\/e4e762c89158b34a332446d26f02fd56\",\"name\":\"Marylou\",\"image\":{\"@type\":\"ImageObject\",\"@id\":\"https:\/\/www.mes-allocs.fr\/guides\/#personlogo\",\"inLanguage\":\"fr-FR\",\"url\":\"https:\/\/www.mes-allocs.fr\/guides\/wp-content\/uploads\/2021\/06\/marylou-150x150.png\",\"caption\":\"Marylou\"},\"description\":\"Marylou est r\\u00e9dactrice au sein de l'\\u00e9quipe Mes Allocs, sp\\u00e9cialiste des sujets de soci\\u00e9t\\u00e9 en g\\u00e9n\\u00e9ral. Dipl\\u00f4m\\u00e9e de l'Institut Sup\\u00e9rieur de Formation au Journalisme, elle rejoint Mes Allocs apr\\u00e8s cr\\u00e9\\u00e9 son premier blog personnel.\",\"sameAs\":[\"https:\/\/www.linkedin.com\/in\/marylou-pr\\u00e9vost\"]}]}<\/script>\n<!-- \/ Yoast SEO plugin. -->","amp_validity":null,"acf":{"faq":{"1":{"question":"Comment fonctionne l'aide sociale ?","answer":"L'aide sociale vous attribue des aides financi\u00e8res en fonction de votre situation personnelle (composition du foyer, revenus, \u00e2ge, etc). Ce service d'aide sociale inclut par exemple des prestations comme l'aide \u00e0 domicile, l'aide sociale \u00e0 l'enfance, etc."},"2":{"question":"Qui est responsable de l'aide sociale l\u00e9gale ?","answer":"Les collectivit\u00e9s locales et le conseil d\u00e9partemental sont responsables de l'aide sociale l\u00e9gale."},"3":{"question":"O\u00f9 demander aide sociale ?","answer":"Vous pouvez formuler votre demande d'aides sociales au centre communal d'action sociale ccas, \u00e0 la mairie de votre commune, \u00e0 la CAF ou \u00e0 la MDPH, pour les personnes en situation de handicap."},"4":{"question":"Qui a droit \u00e0 l'aide sociale ?","answer":"L'aide sociale est destin\u00e9e \u00e0 faire face \u00e0 des difficult\u00e9s financi\u00e8res p\u00e9rennes ou temporaires. Ainsi, les personnes \u00e2g\u00e9es, handicap\u00e9es, les familles ou les jeunes sont concern\u00e9s par l'aide sociale."},"5":{"question":"Quel est le montant maximum de l'aide sociale l\u00e9gale ?","answer":"Tout d\u00e9pend de l'aide accord\u00e9e. Ainsi, pour l'aide aux petites entreprises impuls\u00e9e par le d\u00e9partement du Calvados, le montant maximum est de  652,34 \u20ac (soit le montant du RSA)."},"6":{"question":"Qu'est-ce qu'une aide l\u00e9gale ?","answer":"Une aide l\u00e9gale est fix\u00e9e par la loi et regroupe trois acteurs publics :\u00a0le d\u00e9partement,\u00a0l\u2019\u00c9tat et\u00a0la commune. Elle accorde des prestations \u00e0 destination des personnes\u00a0\u00e2g\u00e9es, handicap\u00e9es et des enfants"},"7":{"question":"Quelle sont les aides sociales l\u00e9gales ?","answer":"Les aides sociales l\u00e9gales recouvrent un ensemble de dispositifs tels que l'aide \u00e0 l'enfance, l'ASH ou l'aide \u00e0 domicile."},"8":{"question":"Quels sont les principaux intervenants en mati\u00e8re d'aide sociale ?","answer":"Les assistants sociaux, les CPAS (centre polyvalent d'action sociale) et les CCAS (centre communal d'action sociale) sont les principaux intervenants en mati\u00e8re d'aide sociale."},"9":{"question":"","answer":""},"10":{"question":"","answer":""},"11":{"question":"","answer":""},"12":{"question":"","answer":""},"13":{"question":"","answer":""},"14":{"question":"","answer":""},"15":{"question":"","answer":""},"16":{"question":"","answer":""}}},"_links":{"self":[{"href":"https:\/\/www.mes-allocs.fr\/guides\/wp-json\/wp\/v2\/posts\/6445","targetHints":{"allow":["GET"]}}],"collection":[{"href":"https:\/\/www.mes-allocs.fr\/guides\/wp-json\/wp\/v2\/posts"}],"about":[{"href":"https:\/\/www.mes-allocs.fr\/guides\/wp-json\/wp\/v2\/types\/post"}],"author":[{"embeddable":true,"href":"https:\/\/www.mes-allocs.fr\/guides\/wp-json\/wp\/v2\/users\/9"}],"replies":[{"embeddable":true,"href":"https:\/\/www.mes-allocs.fr\/guides\/wp-json\/wp\/v2\/comments?post=6445"}],"version-history":[{"count":32,"href":"https:\/\/www.mes-allocs.fr\/guides\/wp-json\/wp\/v2\/posts\/6445\/revisions"}],"predecessor-version":[{"id":111860,"href":"https:\/\/www.mes-allocs.fr\/guides\/wp-json\/wp\/v2\/posts\/6445\/revisions\/111860"}],"wp:featuredmedia":[{"embeddable":true,"href":"https:\/\/www.mes-allocs.fr\/guides\/wp-json\/wp\/v2\/media\/7619"}],"wp:attachment":[{"href":"https:\/\/www.mes-allocs.fr\/guides\/wp-json\/wp\/v2\/media?parent=6445"}],"wp:term":[{"taxonomy":"category","embeddable":true,"href":"https:\/\/www.mes-allocs.fr\/guides\/wp-json\/wp\/v2\/categories?post=6445"},{"taxonomy":"post_tag","embeddable":true,"href":"https:\/\/www.mes-allocs.fr\/guides\/wp-json\/wp\/v2\/tags?post=6445"}],"curies":[{"name":"wp","href":"https:\/\/api.w.org\/{rel}","templated":true}]}}