{"id":6431,"date":"2020-06-02T09:03:20","date_gmt":"2020-06-02T09:03:20","guid":{"rendered":"https:\/\/www.mes-allocs.fr\/guides\/?p=6431"},"modified":"2026-03-06T17:23:16","modified_gmt":"2026-03-06T16:23:16","slug":"aide-financiere-exceptionnelle-conseil-general","status":"publish","type":"post","link":"https:\/\/www.mes-allocs.fr\/guides\/aides-sociales\/aides-financieres-conseil-general\/aide-financiere-exceptionnelle-conseil-general\/","title":{"rendered":"Les aides financi\u00e8res exceptionnelles du Conseil G\u00e9n\u00e9ral"},"content":{"rendered":"<p><a href=\"https:\/\/www.mes-allocs.fr\/guides\/wp-content\/uploads\/2020\/05\/Les-aides-financie\u0300res-exceptionnelles-du-Conseil-Ge\u0301ne\u0301rall.jpg\"><img loading=\"lazy\" decoding=\"async\" class=\"aligncenter wp-image-7642 size-full\" src=\"https:\/\/www.mes-allocs.fr\/guides\/wp-content\/uploads\/2020\/05\/Les-aides-financie\u0300res-exceptionnelles-du-Conseil-Ge\u0301ne\u0301rall-e1590762946244.jpg\" alt=\"Les aides financie\u0300res exceptionnelles du Conseil Ge\u0301ne\u0301rall\" width=\"1280\" height=\"304\" srcset=\"https:\/\/www.mes-allocs.fr\/guides\/wp-content\/uploads\/2020\/05\/Les-aides-financie\u0300res-exceptionnelles-du-Conseil-Ge\u0301ne\u0301rall-e1590762946244.jpg 1280w, https:\/\/www.mes-allocs.fr\/guides\/wp-content\/uploads\/2020\/05\/Les-aides-financie\u0300res-exceptionnelles-du-Conseil-Ge\u0301ne\u0301rall-e1590762946244-300x71.jpg 300w, https:\/\/www.mes-allocs.fr\/guides\/wp-content\/uploads\/2020\/05\/Les-aides-financie\u0300res-exceptionnelles-du-Conseil-Ge\u0301ne\u0301rall-e1590762946244-1024x243.jpg 1024w, https:\/\/www.mes-allocs.fr\/guides\/wp-content\/uploads\/2020\/05\/Les-aides-financie\u0300res-exceptionnelles-du-Conseil-Ge\u0301ne\u0301rall-e1590762946244-768x182.jpg 768w, https:\/\/www.mes-allocs.fr\/guides\/wp-content\/uploads\/2020\/05\/Les-aides-financie\u0300res-exceptionnelles-du-Conseil-Ge\u0301ne\u0301rall-e1590762946244-600x143.jpg 600w\" sizes=\"auto, (max-width: 1280px) 100vw, 1280px\" \/><\/a><\/p>\n<p class=\"nVcaUb\" style=\"text-align: justify;\">[Mis \u00e0 jour le 06\/03\/2026]<strong> Les <a href=\"https:\/\/www.mes-allocs.fr\/guides\/aides-sociales\/\" target=\"_blank\" rel=\"noopener noreferrer\">aides sociales<\/a> sont au coeur des collectivit\u00e9s locales et des structures d\u00e9partementales, telles que le Conseil g\u00e9n\u00e9ral. Suite \u00e0 la crise sanitaire, ce dernier a mis en place de nombreux dispositifs. Quelles sont les aides financi\u00e8res exceptionnelles du Conseil G\u00e9n\u00e9ral dont vous pouvez b\u00e9n\u00e9ficier en 2026 ?<\/strong><\/p>\n<div class='cta-block'><div class='text'>Simulez toutes vos aides en 2 min.<\/div><a href='https:\/\/www.mes-allocs.fr\/ab-app?origin=guides\/wp-json\/wp\/v2\/posts\/6431' class='app-button fit'>Simulation gratuite<\/a><\/div>\n<div class=\"brs_col\">\n<div class=\"brs_col\">\n<h1>Qu&rsquo;est-ce que le conseil g\u00e9n\u00e9ral ?<\/h1>\n<h2>Cr\u00e9ation du conseil g\u00e9n\u00e9ral<\/h2>\n<p style=\"text-align: justify;\">Depuis la loi n\u00b0\u00a02013-403 du 17 mai 2013, l\u2019assembl\u00e9e \u00e0 la t\u00eate du d\u00e9partement est d\u00e9sormais baptis\u00e9e <strong>conseil d\u00e9partemental<\/strong> (rempla\u00e7ant la pr\u00e9c\u00e9dente appellation de conseil g\u00e9n\u00e9ral).<\/p>\n<p style=\"text-align: justify;\">Le conseil d\u00e9partemental est\u00a0l\u2019<strong>assembl\u00e9e d\u00e9lib\u00e9rante du d\u00e9partement,<\/strong> \u00e0 savoir la collectivit\u00e9 territoriale. Elle est compos\u00e9e des <strong>conseillers d\u00e9partementaux, \u00e9lus pour 6 ans. En soi, le conseil g\u00e9n\u00e9ral d\u00e9signe la collectivit\u00e9 elle-m\u00eame.<\/strong><\/p>\n<h2>Le pr\u00e9sident du conseil d\u00e9partemental<\/h2>\n<p style=\"text-align: justify;\">Le pr\u00e9sident du conseil d\u00e9partemental\u00a0constitue l\u2019organe ex\u00e9cutif du d\u00e9partement. Il est\u00a0assist\u00e9\u00a0d\u2019une commission permanente, compos\u00e9e des vice-pr\u00e9sidents \u00e9lus.\u00a0La t\u00e2che du pr\u00e9sident, entre autres, est de pr\u00e9parer et ex\u00e9cuter les d\u00e9lib\u00e9rations du conseil.<\/p>\n<p style=\"text-align: justify;\">Ainsi, <a href=\"https:\/\/www.mes-allocs.fr\/guides\/aides-sociales\/aides-financieres-conseil-general\/\" target=\"_blank\" rel=\"noopener noreferrer\">les aides sociales<\/a> accord\u00e9es d\u00e9pendent des divers d\u00e9partements.<\/p>\n<p><iframe loading=\"lazy\" src=\"\/\/www.youtube.com\/embed\/MfDoGweq-e0?pp=0gcJCU8JAYcqIYzv\" width=\"560\" height=\"314\" allowfullscreen=\"allowfullscreen\"><\/iframe><\/p>\n<\/div>\n<h1>L&rsquo;aide sociale \u00e0 l&rsquo;enfance pr\u00e9voit-elle une aide financi\u00e8re exceptionnelle ?<\/h1>\n<h2>De quoi s&rsquo;agit-il ?<\/h2>\n<p style=\"text-align: justify;\">Dans le cadre de <a href=\"https:\/\/www.mes-allocs.fr\/guides\/aides-sociales\/aides-sociales-enfance\/\" target=\"_blank\" rel=\"noopener noreferrer\">l&rsquo;aide sociale \u00e0 l&rsquo;enfance<\/a>, vous pouvez b\u00e9n\u00e9ficier d&rsquo;une<strong> aide financi\u00e8re exceptionnelle du CCAS<\/strong> (Centre Communal d\u2019Action Sociale) ou <strong>du service de l\u2019aide sociale \u00e0 l\u2019enfance de votre d\u00e9partement (Conseil G\u00e9n\u00e9ral).<\/strong><\/p>\n<p style=\"text-align: justify;\">Il s&rsquo;agit d&rsquo;une aide financi\u00e8re vers\u00e9e en cas d&rsquo;expulsion, afin d&rsquo;acc\u00e9der \u00e0 un h\u00e9bergement. Les services sociaux ont notamment la possibilit\u00e9 de fournir une aide financi\u00e8re aux sans-abris. Dans ce cas, les frais d&rsquo;h\u00e9bergement sont pris en charge en partie ou en totalit\u00e9, selon les situations.<\/p>\n<h2>Quelles sont les pi\u00e8ces justificatives \u00e0 fournir ?<\/h2>\n<p>De plus, il faut fournir les justificatifs suivants :<\/p>\n<ul>\n<li style=\"text-align: justify;\">Documents d&rsquo;identit\u00e9 (carte d&rsquo;identit\u00e9, titre de s\u00e9jour sans conditions de r\u00e9gularit\u00e9 en France) ;<\/li>\n<li style=\"text-align: justify;\">Documents attestant de la filiation (livret de famille, acte de naissance&#8230;) ;<\/li>\n<li style=\"text-align: justify;\">Justificatifs des charges (\u00e9lectricit\u00e9, loyer etc), y compris celles \u00e0 prouver la prise en charge des enfants (documents relatifs \u00e0 l&rsquo;\u00e9ducation, sant\u00e9, s\u00e9curit\u00e9 etc) ;<\/li>\n<li style=\"text-align: justify;\">Justificatifs des revenus, \u00e0 savoir les 3 derniers bulletins de salaire, notification des ASSEDIC ou CAF si les demandeurs sont titulaires du revenu de solidarit\u00e9 active (RSA), notifications de prestations familiales etc ;<\/li>\n<li style=\"text-align: justify;\">Proc\u00e8s-verbal d&rsquo;expulsion<\/li>\n<\/ul>\n<\/div>\n<h1>Quelles sont les aides financi\u00e8res disponibles depuis la crise du Covid 19 ?<\/h1>\n<h2>L&rsquo;aide du d\u00e9partement de Loire-Atlantique<\/h2>\n<p>Depuis le lundi 6 avril 2020, une aide financi\u00e8re exceptionnelle est d\u00e9ploy\u00e9e par <strong>la CAF et le D\u00e9partement de Loire-Atlantique<\/strong> pour accompagner les plus vuln\u00e9rables :<\/p>\n<ul>\n<li><strong>les familles,<\/strong><\/li>\n<li><strong>les personnes seules.<\/strong><\/li>\n<\/ul>\n<div class=\"brs_col\">\n<div class=\"clickable-part\">\n<p>Plus pr\u00e9cis\u00e9ment, elle s&rsquo;adresse aux foyers qui font face \u00e0 une situation de difficult\u00e9 financi\u00e8re, due \u00e0 :<\/p>\n<ul>\n<li><strong>une baisse de revenus,<\/strong><\/li>\n<li><strong>et une augmentation des d\u00e9penses<\/strong><\/li>\n<\/ul>\n<h3>Comment fonctionne cette aide ?<\/h3>\n<p>Cette initiative recouvre en r\u00e9alit\u00e9 deux types d&rsquo;aides :<\/p>\n<ul>\n<li><strong>une aide de la CAF<\/strong><\/li>\n<li><strong>une aide du d\u00e9partement<\/strong><\/li>\n<\/ul>\n<\/div>\n<div class=\"level-2\">\n<div class=\"wysiwyg classic\">\n<h3>Quelles sont les conditions d&rsquo;attribution ?<\/h3>\n<p style=\"text-align: justify;\">Pour l&rsquo;aide de la CAF, vous pouvez y pr\u00e9tendre si vous b\u00e9n\u00e9ficiez des allocations familiales et vous situez dans l&rsquo;un des cas suivants :<\/p>\n<ul style=\"text-align: justify;\">\n<li>un ou plusieurs enfants \u00e0 leur charge,<\/li>\n<li>grossesse en cours,<\/li>\n<li>parent s\u00e9par\u00e9 qui n\u2019a pas la garde des enfants.<\/li>\n<\/ul>\n<p style=\"text-align: justify;\">Pour toucher cette aide, il faut avoir des difficult\u00e9s financi\u00e8res vous contraignant \u00e0 assurer vos besoins de premi\u00e8re n\u00e9cessit\u00e9 (loyer, alimentation, etc).<\/p>\n<p>Quant \u00e0 l&rsquo;aide du d\u00e9partement, si vous \u00eates seule ou en couple sans enfant, vous pouvez la solliciter. Vous devez aussi disposer de ressources inf\u00e9rieures \u00e0 :<\/p>\n<ul>\n<li>1.050 euros pour une personne seule ;<\/li>\n<li>1.520 euros pour un couple.<\/li>\n<\/ul>\n<h3>Comment est-elle vers\u00e9e ?<\/h3>\n<p>Ces aides financi\u00e8res exceptionnelles sont vers\u00e9es par virement bancaire, sous d\u00e9lai d\u2019une semaine, sur le compte bancaire du b\u00e9n\u00e9ficiaire.<\/p>\n<\/div>\n<\/div>\n<div class=\"clickable-part\">\n<div class=\"openingIcon\">\n<h2>L&rsquo;aide du d\u00e9partement du Var<\/h2>\n<\/div>\n<\/div>\n<\/div>\n<h3>Quelles sont les conditions d&rsquo;attribution ?<\/h3>\n<p>Cette aide est destin\u00e9e \u00e0 toutes les familles allocataires qui :<\/p>\n<ul>\n<li><strong>ont au moins un enfant \u00e0 charge entre 3 ans et 16 ans<\/strong><\/li>\n<li><strong>un quotient familial inf\u00e9rieur \u00e0 300 euros.<\/strong><\/li>\n<\/ul>\n<div class=\"field field-name-body field-type-text-with-summary field-label-hidden\">\n<div class=\"field-items\">\n<div class=\"field-item even\">\n<p>Si vous \u00eates concern\u00e9, alors une aide forfaitaire vous sera octroy\u00e9e. Son montant est bas\u00e9 sur le nombre d&rsquo;enfants \u00e0 charge et sur le nombre jours d\u2019\u00e9cole supprim\u00e9 :<\/p>\n<ul>\n<li>1,5\u20ac pour les familles mono parentales ou concern\u00e9es par une situation de handicap ;<\/li>\n<li>1\u20ac\u00a0 pour les autres familles.<\/li>\n<\/ul>\n<p>Par ailleurs, une aide compl\u00e9mentaire du d\u00e9partement peut vous \u00eatre vers\u00e9e. Son montant est de 1\u20ac par jour d&rsquo;\u00e9cole suite au confinement. Vous \u00eates \u00e9ligible si vous :<\/p>\n<ul>\n<li><strong>b\u00e9n\u00e9ficiez du revenu de solidarit\u00e9 active (RSA),<\/strong><\/li>\n<li><strong>et avez au moins un enfant \u00e0 charge de 0 \u00e0 16 ans.<\/strong><\/li>\n<\/ul>\n<h3>Quel est le montant de l&rsquo;aide ?<\/h3>\n<\/div>\n\n<div class=\"wpdt-c row wpDataTableContainerSimpleTable wpDataTables wpDataTablesWrapper\n\"\n    >\n    <table id=\"wpdtSimpleTable-404\"\n           class=\"wpdtSimpleTable wpDataTable\"\n           data-column=\"3\"\n           data-rows=\"3\"\n           data-wpID=\"404\"\n           data-responsive=\"0\"\n           data-has-header=\"1\">\n\n                    <thead>        <tr class=\"wpdt-cell-row \" >\n                            <th class=\"wpdt-cell wpdt-bc-F3F9FE wpdt-bold\"\n                                    data-cell-id=\"A1\"\n                data-col-index=\"0\"\n                data-row-index=\"0\"\n                style=\" width:32.692307692308%;                padding:10px;\"\n                >\n                                Situation du foyer\u00a0                <\/th>\n                                            <th class=\"wpdt-cell wpdt-bc-F3F9FE wpdt-bold\"\n                                    data-cell-id=\"B1\"\n                data-col-index=\"1\"\n                data-row-index=\"0\"\n                style=\" width:34.615384615385%;                padding:10px;\"\n                >\n                                Montant attribu\u00e9                <\/th>\n                                            <th class=\"wpdt-cell wpdt-bc-F3F9FE wpdt-bold\"\n                                    data-cell-id=\"C1\"\n                data-col-index=\"2\"\n                data-row-index=\"0\"\n                style=\" width:32.692307692308%;                padding:10px;\"\n                >\n                                Montant attribu\u00e9 pour les b\u00e9n\u00e9ficiaires du RSA                <\/th>\n                                        <\/tr>\n                    <tbody>        <tr class=\"wpdt-cell-row \" >\n                            <td class=\"wpdt-cell \"\n                                    data-cell-id=\"A2\"\n                data-col-index=\"0\"\n                data-row-index=\"1\"\n                style=\"                padding:10px;\"\n                >\n                                3 enfants de 3 \u00e0 16 ans                <\/td>\n                                            <td class=\"wpdt-cell \"\n                                    data-cell-id=\"B2\"\n                data-col-index=\"1\"\n                data-row-index=\"1\"\n                style=\"                padding:10px;\"\n                >\n                                85,5 \u20ac                <\/td>\n                                            <td class=\"wpdt-cell \"\n                                    data-cell-id=\"C2\"\n                data-col-index=\"2\"\n                data-row-index=\"1\"\n                style=\"                padding:10px;\"\n                >\n                                142,5 \u20ac                <\/td>\n                                        <\/tr>\n                            <tr class=\"wpdt-cell-row \" >\n                            <td class=\"wpdt-cell \"\n                                    data-cell-id=\"A3\"\n                data-col-index=\"0\"\n                data-row-index=\"2\"\n                style=\"                padding:10px;\"\n                >\n                                Couple et 2 enfants de 3 \u00e0 16 ans                <\/td>\n                                            <td class=\"wpdt-cell \"\n                                    data-cell-id=\"B3\"\n                data-col-index=\"1\"\n                data-row-index=\"2\"\n                style=\"                padding:10px;\"\n                >\n                                 38 \u20ac                <\/td>\n                                            <td class=\"wpdt-cell \"\n                                    data-cell-id=\"C3\"\n                data-col-index=\"2\"\n                data-row-index=\"2\"\n                style=\"                padding:10px;\"\n                >\n                                76 \u20ac\u00a0                <\/td>\n                                        <\/tr>\n                    <\/table>\n<\/div><style id='wpdt-custom-style-404'>\ntable#wpdtSimpleTable-404{ table-layout: fixed !important; }\n.wpdt-bc-F3F9FE { background-color: #F3F9FE !important;}\n<\/style>\n\n<div class=\"field-item even\">\n<p>Par ailleurs, si vous :<\/p>\n<ul>\n<li>touchez l&rsquo;AAH ou l\u2019AEEH et avez un enfant de 3 \u00e0 16 ans, votre aide est de 28 \u20ac.<\/li>\n<li>avez 2 enfants de moins de 3 ans, votre aide est de 38 \u20ac si vous percevez le RSA.<\/li>\n<\/ul>\n<h3>Quelles sont les d\u00e9marches \u00e0 effectuer ?<\/h3>\n<p><strong>Vous n&rsquo;avez aucune d\u00e9marche \u00e0 effectuer. Cette aide est vers\u00e9 automatiquement apr\u00e8s examen des droits.<\/strong><\/p>\n<div class='cta-block'><div class='text'>Simulez toutes vos aides en 2 min.<\/div><a href='https:\/\/www.mes-allocs.fr\/ab-app?origin=guides\/wp-json\/wp\/v2\/posts\/6431' class='app-button fit'>Simulation gratuite<\/a><\/div>\n<\/div>\n<\/div>\n<\/div>\n<div class=\"content-fiche\">\n<div class=\"tab-content\">\n<div id=\"situation1\" class=\"tab-pane active\">\n<div class=\"fiche-bloc bloc-principal\" data-toggle-scope=\"\">\n<div class=\"fiche-item\">\n<div class=\"fiche-item\">\n<div class=\"fiche-item\">\n<div class=\"fiche-item\">\n<div id=\"fiche-item-6situation1\" class=\"fiche-item-content collapse in\" aria-hidden=\"false\">\n<div class=\"fiche-item\">\n<h1>Existe-il des aides financi\u00e8res exceptionnelles pour le permis ?<\/h1>\n<h2>De quoi s&rsquo;agit-il ?<\/h2>\n<p>Le conseil d\u00e9partemental vous verse une aide si vous \u00eates jeune et\/ou \u00e9tudiant et faites face \u00e0 une situation de difficult\u00e9 financi\u00e8re :<\/p>\n<ul>\n<li><strong>la r\u00e9gion Aquitaine<\/strong> attribue des<a href=\"https:\/\/www.mes-allocs.fr\/guides\/aides-sociales\/aide-financiere-permis\/\" target=\"_blank\" rel=\"noopener noreferrer\"> aides au permis<\/a> B \u00e0 ceux qui en font la demande;<\/li>\n<li><strong>la r\u00e9gion Rh\u00f4ne Alpes<\/strong> attribue une aide au permis de conduire sup\u00e9rieure \u00e0 800\u20ac, \u00e0 travers le Pass\u2019R\u00e9gion, pour les jeunes ayant effectu\u00e9 des missions de volontariat aupr\u00e8s d\u2019associations.<\/li>\n<\/ul>\n<h2>Dans quels cas est-elle vers\u00e9e?<\/h2>\n<ul>\n<li>insuffisance des ressources du foyer,<\/li>\n<li>n\u00e9cessit\u00e9 d&rsquo;assurer les besoins de premi\u00e8re n\u00e9cessit\u00e9,<\/li>\n<li>r\u00e9pondre \u00e0 une situation d&rsquo;urgence financi\u00e8re,<\/li>\n<li>etc.<\/li>\n<\/ul>\n<h2>Combien de temps pour recevoir l&rsquo;aide financi\u00e8re ?<\/h2>\n<p>Il s\u2019agit d\u2019une aide facultative ponctuelle (prestation extra-l\u00e9gale), en principe non renouvelable dans l\u2019ann\u00e9e sauf en cas de circonstances ayant un caract\u00e8re exceptionnel.<\/p>\n<h1>Qu&rsquo;est-ce que le secours d&rsquo;urgence ?<\/h1>\n<h2>En quoi consiste-il ?<\/h2>\n<p>Il s&rsquo;agit d&rsquo;une aide financi\u00e8re pour les personnes en situation pr\u00e9caire. Elle est r\u00e9glement\u00e9e par les articles suivants du <strong>code de l&rsquo;Action sociale et des Familles :<\/strong><\/p>\n<ul>\n<li><a class=\" external_link\" href=\"http:\/\/www.legifrance.gouv.fr\/affichCodeArticle.do;jsessionid=1D4C7F183FBBC58D3D1AFF05E6986183.tpdjo08v_3?idArticle=LEGIARTI000006796794&amp;cidTexte=LEGITEXT000006074069&amp;dateTexte=20120319\" target=\"_self\" rel=\"noopener nofollow noreferrer\"> Article L.222-2 <\/a><\/li>\n<li><a class=\" external_link\" href=\"http:\/\/www.legifrance.gouv.fr\/affichCodeArticle.do;jsessionid=1D4C7F183FBBC58D3D1AFF05E6986183.tpdjo08v_3?idArticle=LEGIARTI000006796796&amp;cidTexte=LEGITEXT000006074069&amp;dateTexte=20120319\" target=\"_self\" rel=\"noopener nofollow noreferrer\"> Article L.222-3 <\/a><\/li>\n<\/ul>\n<p>En outre, les secours d\u2019urgence rel\u00e8vent d\u2019une politique volontariste du Conseil d\u00e9partemental.<\/p>\n<p>Pour en b\u00e9n\u00e9ficier il faut que vous soyez :<\/p>\n<ul>\n<li><strong>majeur<\/strong>,<\/li>\n<li>et que vous disposiez de <strong>ressources inf\u00e9rieures ou \u00e9gales \u00e0 la moyenne \u00e9conomique journali\u00e8re (5.50\u20ac par famille, 8\u20ac pour une personne seule)<\/strong>.<\/li>\n<\/ul>\n<\/div>\n<\/div>\n<div id=\"fiche-item-6situation1\" class=\"fiche-item-content collapse in\" aria-hidden=\"false\">\n<div class=\"fiche-item\">\n<h2>Quelles sont les conditions d&rsquo;attribution ?<\/h2>\n<ul>\n<li>\u00catre de nationalit\u00e9 fran\u00e7aise<\/li>\n<\/ul>\n<p><strong>ou<\/strong><\/p>\n<ul>\n<li>\u00catre en situation de s\u00e9jour r\u00e9gulier sur le territoire national<\/li>\n<\/ul>\n<p><strong>Attention : cette condition n&rsquo;est pas valable si vous \u00eates face \u00e0 un danger qui menace votre vie ou votre int\u00e9grit\u00e9 physique.<\/strong><\/p>\n<\/div>\n<p>De plus, son attribution d\u00e9pend de l&rsquo;\u00e9valuation du travailleur social. Il soumet cet examen \u00e0 l\u2019avis technique du chef de service social local. Cela permet de prendre en compte des crit\u00e8res autres que les crit\u00e8res financiers.<\/p>\n<h2>Dans quels cas intervient le secours d&rsquo;urgence ?<\/h2>\n<\/div>\n<ul>\n<li>droits ouverts non acquis (P\u00f4le Emploi, Caisse d\u2019Allocations Familiales, <abbr title=\"et caetera\">etc<\/abbr>),<\/li>\n<li>rupture des fournitures (\u00e9lectricit\u00e9, gaz, eau,\u00a0<abbr title=\"et caetera\">etc.<\/abbr>),<\/li>\n<li>alimentation,<\/li>\n<li>paiement de cotisations aff\u00e9rentes \u00e0 une mutuelle ou \u00e0 une assurance logement,<\/li>\n<li>achat de mat\u00e9riel indispensable \u00e0 la vie courante.<\/li>\n<\/ul>\n<h2>Quel est le montant de l&rsquo;aide ?<\/h2>\n<\/div>\n<p>Elle ne peut d\u00e9passer :<\/p>\n<ul>\n<li>160\u20ac pour une personne seule,<\/li>\n<li>230\u20ac pour un couple ou une famille.<\/li>\n<\/ul>\n<div class=\"fiche-item\">\n<div id=\"fiche-item-6situation1\" class=\"fiche-item-content collapse in\" aria-hidden=\"false\">\n<div class=\"fiche-item\">\n<h2>Comment l&rsquo;aide est-elle vers\u00e9e ?<\/h2>\n<p>Pour percevoir la somme qui vous est attribu\u00e9e, vous devez vous munir de tout document attestant votre identit\u00e9 :<\/p>\n<ul>\n<li>carte d\u2019identit\u00e9,<\/li>\n<li>permis de conduire,<\/li>\n<li>carte de s\u00e9jour des \u00e9trangers,<\/li>\n<li><abbr title=\"et caetera\">etc.<\/abbr><\/li>\n<\/ul>\n<p>L&rsquo;aide vous est remise :<\/p>\n<\/div>\n<div class=\"fiche-item\">\n<ul>\n<li>En num\u00e9raire dans toutes les tr\u00e9soreries du D\u00e9partement du Pas-de-Calais, sur pr\u00e9sentation de l\u2019arr\u00eat\u00e9 nominatif sign\u00e9 du Pr\u00e9sident du Conseil d\u00e9partemental;<\/li>\n<li>En pr\u00e9sence du travailleur social concern\u00e9, vous devez avoir vos papiers d\u2019identit\u00e9 et votre carte professionnelle.<\/li>\n<\/ul>\n<h2>Qu&rsquo;est-ce que l&rsquo;aide exceptionnelle non remboursable du conseil g\u00e9n\u00e9ral Rh\u00f4ne-Alpes ?<\/h2>\n<p>\u00c0 l&rsquo;instar du dispositif du Pas-de-Calais, le conseil g\u00e9n\u00e9ral Rh\u00f4ne-Alpes pr\u00e9voit aussi une aide financi\u00e8re exceptionnelle. Et ce, dans les cas suivants :<\/p>\n<\/div>\n<ul>\n<li>Catastrophe et accidents (incendie, d\u00e9g\u00e2t des eaux, catastrophes naturelles, attentat, etc);<\/li>\n<li>Difficult\u00e9s financi\u00e8res\u00a0 (d\u00e9couvert bancaire, endettement aupr\u00e8s d&rsquo;autres organismes, etc);<\/li>\n<li>Difficult\u00e9s familiales (d\u00e9c\u00e8s, naissance-adoption; divorce; s\u00e9paration, etc);<\/li>\n<li>Probl\u00e8mes de sant\u00e9 (maladie, handicap, etc).<\/li>\n<\/ul>\n<h1>Comment fonctionne l&rsquo;aide financi\u00e8re exceptionnelle ?<\/h1>\n<h2>Dans quels cas intervient-elle\u00a0 ?<\/h2>\n<ul>\n<li>pour couvrir besoins \u00e9l\u00e9mentaires,<\/li>\n<li>et financer des parcours d\u2019insertion \u00e0 travers la qualification et la formation, ainsi que la mobilit\u00e9.<\/li>\n<\/ul>\n<h2>Quelles sont les conditions d&rsquo;attribution ?<\/h2>\n<ul>\n<li>r\u00e9sider dans le d\u00e9partement de la Somme,<\/li>\n<li>rencontrer une difficult\u00e9 financi\u00e8re exceptionnelle et impr\u00e9vue,<\/li>\n<li>disposer d&rsquo;un quotient social inf\u00e9rieur \u00e0 950 \u20ac,<\/li>\n<li>ne pas b\u00e9n\u00e9ficier du\u00a0RSA,<\/li>\n<li>\u00eatre une personne isol\u00e9e sans enfant,<\/li>\n<li><strong>ou <\/strong>\u00eatre en couple sans enfant.<\/li>\n<\/ul>\n<h2>Quelles sont les d\u00e9marches d&rsquo;attribution ?<\/h2>\n<p>Apr\u00e8s que la <a href=\"https:\/\/www.mes-allocs.fr\/guides\/aides-sociales\/lettre-demande-aide-financiere-gratuite\/\" target=\"_blank\" rel=\"noopener noreferrer\">demande d\u2019aide<\/a> ait \u00e9t\u00e9 remplie par les services du Conseil d\u00e9partemental, vous et le r\u00e9f\u00e9rent devez la signez. Vous devez aussi joindre tous les justificatifs relatifs \u00e0 cette demande.<\/p>\n<p>Ensuite, elle est \u00e9tudi\u00e9e par les services du Conseil d\u00e9partemental. Si votre situation correspond l\u2019impose, une proc\u00e9dure d\u2019urgence peut \u00eatre d\u00e9clench\u00e9e.<\/p>\n<div class='cta-block'><div class='text'>Simulez toutes vos aides en 2 min.<\/div><a href='https:\/\/www.mes-allocs.fr\/ab-app?origin=guides\/wp-json\/wp\/v2\/posts\/6431' class='app-button fit'>Simulation gratuite<\/a><\/div>\n<\/div>\n<\/div>\n<\/div>\n<\/div>\n<\/div>\n<\/div>\n<\/div>\n<\/div>\n<\/div>\n","protected":false},"excerpt":{"rendered":"<p>[Mis \u00e0 jour le 06\/03\/2026] Les aides sociales sont au coeur des collectivit\u00e9s locales et des structures d\u00e9partementales, telles que le Conseil g\u00e9n\u00e9ral. Suite \u00e0 la crise sanitaire, ce dernier a mis en place de nombreux dispositifs. Quelles sont les aides financi\u00e8res exceptionnelles du Conseil G\u00e9n\u00e9ral dont vous pouvez b\u00e9n\u00e9ficier en 2026 ? Qu&rsquo;est-ce que [&hellip;]<\/p>\n","protected":false},"author":6,"featured_media":7641,"comment_status":"open","ping_status":"open","sticky":false,"template":"","format":"standard","meta":{"amp_status":"","footnotes":""},"categories":[35557,1411],"tags":[],"class_list":["post-6431","post","type-post","status-publish","format-standard","has-post-thumbnail","hentry","category-aides-financieres-conseil-general","category-aides-sociales"],"yoast_head":"<!-- This site is optimized with the Yoast SEO plugin v14.9 - https:\/\/yoast.com\/wordpress\/plugins\/seo\/ -->\n<title>Les aides financi\u00e8res exceptionnelles du Conseil G\u00e9n\u00e9ral<\/title>\n<meta name=\"description\" content=\"Suite \u00e0 la crise sanitaire, le Conseil g\u00e9n\u00e9ral a mis en place de nombreux dispositifs. Quelles sont ces aides exceptionnelles en 2026 ?\" \/>\n<meta name=\"robots\" content=\"index, follow, max-snippet:-1, max-image-preview:large, max-video-preview:-1\" \/>\n<link rel=\"canonical\" href=\"https:\/\/www.mes-allocs.fr\/guides\/aides-sociales\/aides-financieres-conseil-general\/aide-financiere-exceptionnelle-conseil-general\/\" \/>\n<meta property=\"og:locale\" content=\"fr_FR\" \/>\n<meta property=\"og:type\" content=\"article\" \/>\n<meta property=\"og:title\" content=\"Les aides financi\u00e8res exceptionnelles du Conseil G\u00e9n\u00e9ral\" \/>\n<meta property=\"og:description\" content=\"Suite \u00e0 la crise sanitaire, le Conseil g\u00e9n\u00e9ral a mis en place de nombreux dispositifs. Quelles sont ces aides exceptionnelles en 2026 ?\" \/>\n<meta property=\"og:url\" content=\"https:\/\/www.mes-allocs.fr\/guides\/aides-sociales\/aides-financieres-conseil-general\/aide-financiere-exceptionnelle-conseil-general\/\" \/>\n<meta property=\"og:site_name\" content=\"Mes-Allocs.fr\" \/>\n<meta property=\"article:published_time\" content=\"2020-06-02T09:03:20+00:00\" \/>\n<meta property=\"article:modified_time\" content=\"2026-03-06T16:23:16+00:00\" \/>\n<meta property=\"og:image\" content=\"https:\/\/www.mes-allocs.fr\/guides\/wp-content\/uploads\/2020\/05\/Les-aides-financie\u0300res-exceptionnelles-du-Conseil-Ge\u0301ne\u0301ral.jpg?wsr\" \/>\n\t<meta property=\"og:image:width\" content=\"1280\" \/>\n\t<meta property=\"og:image:height\" content=\"853\" \/>\n<meta name=\"twitter:card\" content=\"summary_large_image\" \/>\n<script type=\"application\/ld+json\" class=\"yoast-schema-graph\">{\"@context\":\"https:\/\/schema.org\",\"@graph\":[{\"@type\":\"WebSite\",\"@id\":\"https:\/\/www.mes-allocs.fr\/guides\/#website\",\"url\":\"https:\/\/www.mes-allocs.fr\/guides\/\",\"name\":\"Mes-Allocs.fr\",\"description\":\"\",\"potentialAction\":[{\"@type\":\"SearchAction\",\"target\":\"https:\/\/www.mes-allocs.fr\/guides\/?s={search_term_string}\",\"query-input\":\"required name=search_term_string\"}],\"inLanguage\":\"fr-FR\"},{\"@type\":\"ImageObject\",\"@id\":\"https:\/\/www.mes-allocs.fr\/guides\/aides-sociales\/aides-financieres-conseil-general\/aide-financiere-exceptionnelle-conseil-general\/#primaryimage\",\"inLanguage\":\"fr-FR\",\"url\":\"https:\/\/www.mes-allocs.fr\/guides\/wp-content\/uploads\/2020\/05\/Les-aides-financie\\u0300res-exceptionnelles-du-Conseil-Ge\\u0301ne\\u0301ral.jpg?wsr\",\"width\":1280,\"height\":853,\"caption\":\"Les aides financie\\u0300res exceptionnelles du Conseil Ge\\u0301ne\\u0301ral\"},{\"@type\":\"WebPage\",\"@id\":\"https:\/\/www.mes-allocs.fr\/guides\/aides-sociales\/aides-financieres-conseil-general\/aide-financiere-exceptionnelle-conseil-general\/#webpage\",\"url\":\"https:\/\/www.mes-allocs.fr\/guides\/aides-sociales\/aides-financieres-conseil-general\/aide-financiere-exceptionnelle-conseil-general\/\",\"name\":\"Les aides financi\\u00e8res exceptionnelles du Conseil G\\u00e9n\\u00e9ral\",\"isPartOf\":{\"@id\":\"https:\/\/www.mes-allocs.fr\/guides\/#website\"},\"primaryImageOfPage\":{\"@id\":\"https:\/\/www.mes-allocs.fr\/guides\/aides-sociales\/aides-financieres-conseil-general\/aide-financiere-exceptionnelle-conseil-general\/#primaryimage\"},\"datePublished\":\"2020-06-02T09:03:20+00:00\",\"dateModified\":\"2026-03-06T16:23:16+00:00\",\"author\":{\"@id\":\"https:\/\/www.mes-allocs.fr\/guides\/#\/schema\/person\/0ecd61a8600573914d00d970a588c024\"},\"description\":\"Suite \\u00e0 la crise sanitaire, le Conseil g\\u00e9n\\u00e9ral a mis en place de nombreux dispositifs. Quelles sont ces aides exceptionnelles en 2026 ?\",\"inLanguage\":\"fr-FR\"},{\"@type\":\"Person\",\"@id\":\"https:\/\/www.mes-allocs.fr\/guides\/#\/schema\/person\/0ecd61a8600573914d00d970a588c024\",\"name\":\"Jonathan\",\"image\":{\"@type\":\"ImageObject\",\"@id\":\"https:\/\/www.mes-allocs.fr\/guides\/#personlogo\",\"inLanguage\":\"fr-FR\",\"url\":\"https:\/\/www.mes-allocs.fr\/guides\/wp-content\/uploads\/2021\/06\/jonathan-150x150.png\",\"caption\":\"Jonathan\"},\"description\":\"Jonathan est r\\u00e9dacteur au sein de l'\\u00e9quipe Mes Allocs, sp\\u00e9cialis\\u00e9 sur les sujets li\\u00e9s au handicap. Dipl\\u00f4m\\u00e9e de l'UPEM, il rejoint Mes Allocs apr\\u00e8s avoir travaill\\u00e9 \\u00e0 l'association AEDE qui accompagne les adultes en situation de handicap. Quand il n'\\u00e9crit pas, on peut le retrouver sur un terrain de basket.\",\"sameAs\":[\"https:\/\/www.linkedin.com\/in\/jonathan-bambela-8637861b7\"]}]}<\/script>\n<!-- \/ Yoast SEO plugin. -->","amp_validity":null,"acf":{"faq":{"1":{"question":"Quelles sont les aides financi\u00e8re du Conseil G\u00e9n\u00e9ral ?","answer":"Le conseil g\u00e9n\u00e9ral peut proposer des aides pour les jeunes (notamment une aide au permis de conduire) et pour les familles et personnes pr\u00e9caires (les aides d'urgence)."},"2":{"question":"Comment obtenir une aide financi\u00e8re du Conseil G\u00e9n\u00e9ral ?","answer":"Vous devez d'abord remplir certaines conditions d'attribution (qui varient selon l'aide demand\u00e9e), concernant votre situation familiale et professionnelle. Puis votre dossier est examin\u00e9. Si votre demande est rejet\u00e9, pour certaines aides, il existe des voies de recours."},"3":{"question":" Qui peut b\u00e9n\u00e9ficier de l'aide financi\u00e8re du Conseil G\u00e9n\u00e9ral ?","answer":"Le conseil g\u00e9n\u00e9ral (qui d\u00e9signe le conseil d\u00e9partemental) oeuvre pour les personnes les plus vuln\u00e9rables, \u00e0 savoir les enfants, les familles, les personnes \u00e2g\u00e9es et handicap\u00e9es."},"4":{"question":"Qui peut toucher l'aide sociale ?","answer":"L'aide sociale s'adresse aux enfants, aux personnes \u00e2g\u00e9es, handicap\u00e9es et aux jeunes, bien souvent sans emploi."},"5":{"question":"Q'est-ce que l'Arce ?","answer":"L'ARCE est une aide destin\u00e9e aux demandeurs d\u2019emploi (et cr\u00e9ateurs d'entreprise). Elle leur permet de toucher leur allocation ch\u00f4mage, sous la forme de capital. Les demandeurs d\u2019emploi ont aussi la possibilit\u00e9 de conserver leurs allocations pendant une p\u00e9riode d\u00e9finie.\r\n\r\nSi le cr\u00e9ateur d'entreprise opte pour un versement sous forme de capital, il per\u00e7oit alors 45% des droits restants. Ils sont vers\u00e9s en deux fois, en six mois d\u2019intervalle."},"6":{"question":"Comment se calcule un d\u00e9m\u00e9nagement ?","answer":"S'il s'agit du volume de votre d\u00e9m\u00e9nagement, divisez la surface de votre logement actuel par 2, afin d'obtenir le cubage de votre d\u00e9m\u00e9nagement. \r\n\r\nS'il s'agit du co\u00fbt total de l'op\u00e9ration, prenez en compte la taille de votre logement d'origine et d'arriv\u00e9e, et la distance pour rallier les deux."},"7":{"question":"","answer":""},"8":{"question":"","answer":""},"9":{"question":"","answer":""},"10":{"question":"","answer":""},"11":{"question":"","answer":""},"12":{"question":"","answer":""},"13":{"question":"","answer":""},"14":{"question":"","answer":""},"15":{"question":"","answer":""},"16":{"question":"","answer":""}}},"_links":{"self":[{"href":"https:\/\/www.mes-allocs.fr\/guides\/wp-json\/wp\/v2\/posts\/6431","targetHints":{"allow":["GET"]}}],"collection":[{"href":"https:\/\/www.mes-allocs.fr\/guides\/wp-json\/wp\/v2\/posts"}],"about":[{"href":"https:\/\/www.mes-allocs.fr\/guides\/wp-json\/wp\/v2\/types\/post"}],"author":[{"embeddable":true,"href":"https:\/\/www.mes-allocs.fr\/guides\/wp-json\/wp\/v2\/users\/6"}],"replies":[{"embeddable":true,"href":"https:\/\/www.mes-allocs.fr\/guides\/wp-json\/wp\/v2\/comments?post=6431"}],"version-history":[{"count":36,"href":"https:\/\/www.mes-allocs.fr\/guides\/wp-json\/wp\/v2\/posts\/6431\/revisions"}],"predecessor-version":[{"id":110293,"href":"https:\/\/www.mes-allocs.fr\/guides\/wp-json\/wp\/v2\/posts\/6431\/revisions\/110293"}],"wp:featuredmedia":[{"embeddable":true,"href":"https:\/\/www.mes-allocs.fr\/guides\/wp-json\/wp\/v2\/media\/7641"}],"wp:attachment":[{"href":"https:\/\/www.mes-allocs.fr\/guides\/wp-json\/wp\/v2\/media?parent=6431"}],"wp:term":[{"taxonomy":"category","embeddable":true,"href":"https:\/\/www.mes-allocs.fr\/guides\/wp-json\/wp\/v2\/categories?post=6431"},{"taxonomy":"post_tag","embeddable":true,"href":"https:\/\/www.mes-allocs.fr\/guides\/wp-json\/wp\/v2\/tags?post=6431"}],"curies":[{"name":"wp","href":"https:\/\/api.w.org\/{rel}","templated":true}]}}