{"id":637,"date":"2019-07-18T09:52:04","date_gmt":"2019-07-18T07:52:04","guid":{"rendered":"https:\/\/www.mes-allocs.fr\/guides\/?p=637"},"modified":"2025-10-06T17:24:59","modified_gmt":"2025-10-06T15:24:59","slug":"droit-au-chomage","status":"publish","type":"post","link":"https:\/\/www.mes-allocs.fr\/guides\/chomage\/droit-au-chomage\/","title":{"rendered":"Droit au ch\u00f4mage : quelles conditions pour \u00eatre \u00e9ligible ?"},"content":{"rendered":"<p>Le <a href=\"https:\/\/www.mes-allocs.fr\/guides\/chomage\">ch\u00f4mage<\/a> est un droit qui vous permet de limiter les cons\u00e9quences financi\u00e8res d\u2019une perte d\u2019emploi. En France, le droit au ch\u00f4mage offre une indemnisation sous certaines conditions, mais ces conditions ont \u00e9volu\u00e9. Pour avoir <b>droit au ch\u00f4mage<\/b>, plusieurs crit\u00e8res doivent \u00eatre remplis, allant du nombre d\u2019heures travaill\u00e9es \u00e0 l&rsquo;inscription obligatoire aupr\u00e8s de France Travail. Dans cet article, d\u00e9couvrez les conditions, les d\u00e9marches et les obligations.<\/p>\n<p class=\"p1\"><div class='cta-block'><div class='text'>Simulez votre ch\u00f4mage en 2 min.<\/div><a href='https:\/\/www.mes-allocs.fr\/simulation-chomage?origin=guides\/wp-json\/wp\/v2\/posts\/637' class='app-button fit'>Simulation gratuite<\/a><\/div><\/p>\n<h1>Qu\u2019est-ce que le droit au ch\u00f4mage ?<\/h1>\n<p>Le droit au ch\u00f4mage consiste \u00e0 b\u00e9n\u00e9ficier, sous certaines conditions, d\u2019une<b> indemnisation financi\u00e8re<\/b> en cas de perte involontaire de votre emploi. Il s\u2019agit donc de la possibilit\u00e9 de recevoir une allocation vers\u00e9e par France Travail afin de compenser la perte de revenus li\u00e9e au ch\u00f4mage temporaire.<\/p>\n<p>Depuis le 1er avril 2025, les <b>conditions d\u2019affiliation ont chang\u00e9<\/b>, notamment concernant les mois de 55 ans, ceux de 55 ans et plus et les personnes en emploi saisonnier. De plus, certaines r\u00e8gles \u00e9voluent concernant les types de rupture ouvrant droit au ch\u00f4mage et les obligations \u00e0 respecter une fois inscrit pour continuer \u00e0 percevoir l\u2019allocation.<\/p>\n<p><iframe loading=\"lazy\" title=\"Tout savoir sur le ch\u00f4mage en France !\" width=\"500\" height=\"281\" src=\"https:\/\/www.youtube.com\/embed\/jgv9qS4jh7k?feature=oembed\" frameborder=\"0\" allow=\"accelerometer; autoplay; clipboard-write; encrypted-media; gyroscope; picture-in-picture; web-share\" referrerpolicy=\"strict-origin-when-cross-origin\" allowfullscreen><\/iframe><\/p>\n<h1>Quelles sont les conditions pour avoir droit au ch\u00f4mage ?<\/h1>\n<p>Les conditions pour avoir droit au ch\u00f4mage sont les suivantes :<\/p>\n<ul>\n<li aria-level=\"1\">Vous devez avoir travaill\u00e9 <b>au moins 130 jours ou 910 heures au cours des 24 derniers mois<\/b> si vous avez moins de 55 ans. La p\u00e9riode de r\u00e9f\u00e9rence est de<b> 36 mois<\/b> si vous avez 55 ans et plus.<\/li>\n<li aria-level=\"1\">Si vous \u00eates un travailleur saisonnier, il vous suffit d&rsquo;avoir travaill\u00e9 <b>5 mois <\/b>exclusivement dans le cadre de contrats saisonniers<b> sur les 24 derniers mois<\/b>.<\/li>\n<li aria-level=\"1\">Votre<b> perte d\u2019emploi <\/b>doit \u00eatre involontaire.<\/li>\n<li aria-level=\"1\">Vous devez vous inscrire comme<b> demandeur d\u2019emploi aupr\u00e8s de France Travail <\/b>dans un d\u00e9lai de <b>12 mois <\/b>apr\u00e8s la perte de votre travail.<\/li>\n<li aria-level=\"1\">Vous devez \u00eatre en <b>recherche active d\u2019emploi ou en formation<\/b> inscrit dans le cadre d\u2019un projet personnalis\u00e9 d\u2019acc\u00e8s \u00e0 l\u2019emploi (PPAE).<\/li>\n<li aria-level=\"1\">Vous<b> ne devez pas avoir atteint l\u2019\u00e2ge et le nombre de trimestres requis <\/b>pour b\u00e9n\u00e9ficier d\u2019une retraite \u00e0 taux plein ou d\u2019une retraite anticip\u00e9e.<\/li>\n<li aria-level=\"1\">Vous devez \u00eatre <b>physiquement apte<\/b> \u00e0 travailler.<\/li>\n<li aria-level=\"1\">Vous devez <b>r\u00e9sider en France<\/b>.<\/li>\n<li aria-level=\"1\">Vous ne devez pas avoir d\u00e9clin\u00e9 <b>2 offres de CDI au cours des 12 derniers mois <\/b>apr\u00e8s la fin d\u2019un CDD ou d\u2019une mission.<\/li>\n<\/ul>\n<h1>V\u00e9rifiez si vous remplissez les conditions pour avoir droit au ch\u00f4mage<\/h1>\n<h2>\u00c9tape 1 : Respectez les crit\u00e8res d\u2019inscription \u00e0 France Travail pour \u00eatre \u00e9ligible au ch\u00f4mage<\/h2>\n<p>Vous pouvez vous inscrire comme demandeur d\u2019emploi \u00e0 France Travail si vous remplissez les conditions suivantes :<\/p>\n<ul>\n<li aria-level=\"1\">\u00catre en<b> recherche active d\u2019emploi<\/b><\/li>\n<li aria-level=\"1\">Avoir<b> au moins 16 ans<\/b><\/li>\n<li aria-level=\"1\">\u00catre en<b> \u00e2ge de travailler<\/b><\/li>\n<li aria-level=\"1\">R\u00e9sider en <b>France<\/b><\/li>\n<li aria-level=\"1\">Justifier votre <b>identit\u00e9<\/b>.<\/li>\n<\/ul>\n<div class='shortcode read-more'><div class='title'>En savoir plus<\/div><div class='content'>Pour les ressortissants \u00e9trangers, il faut aussi avoir un<b> titre de s\u00e9jour <\/b>autorisant l\u2019exercice d\u2019une activit\u00e9 professionnelle.<\/div><\/div>\n<p>L\u2019inscription se fait en ligne sur le site de France travail et cette inscription est obligatoire, car sans elle vous ne pouvez pas avoir droit au ch\u00f4mage. Comme indiqu\u00e9 pr\u00e9c\u00e9demment, elle doit \u00eatre r\u00e9alis\u00e9e dans les 12 mois qui suivent la perte de votre emploi.<\/p>\n<h2>\u00c9tape 2 : V\u00e9rifiez si la perte de votre emploi ouvre droit au ch\u00f4mage<\/h2>\n<p>Le droit au ch\u00f4mage est ouvert principalement en cas de perte involontaire de votre emploi, dont :<\/p>\n<ul>\n<li aria-level=\"1\">Un<b> licenciement \u00e9conomique ou personnel<\/b><\/li>\n<li aria-level=\"1\">La<b> fin d\u2019un CDD<\/b><\/li>\n<li aria-level=\"1\">Une<b> rupture conventionnelle<\/b><\/li>\n<\/ul>\n<div class='shortcode disclaimer'><div class='title'>Attention<\/div><div class='content'>Les d\u00e9missions ne donnent g\u00e9n\u00e9ralement pas droit au ch\u00f4mage, sauf en cas de d\u00e9mission l\u00e9gitime.<\/div><\/div>\n<p>Assurez-vous \u00e9galement d\u2019avoir accompli la dur\u00e9e minimale de travail requise pour valider vos droits.<\/p>\n<h2>\u00c9tape 3 : Respectez vos obligations de demandeur d\u2019emploi pour avoir droit au ch\u00f4mage<\/h2>\n<p>Une fois que vous \u00eates inscrit, vous devez maintenir une recherche active d\u2019emploi ou suivre un parcours valid\u00e9 par France Travail. Vous devez participer aux <b>entretiens<\/b>, <b>r\u00e9pondre aux convocations <\/b>et<b> actualiser votre situation <\/b>r\u00e9guli\u00e8rement. Le non-respect de ces obligations peut entra\u00eener une suspension ou une radiation de vos droits \u00e0 l\u2019allocation ch\u00f4mage. Vous devez \u00e9galement pouvoir accepter les offres d\u2019emploi et justifier de votre disponibilit\u00e9 pour travailler.<\/p>\n<p class=\"p1\"><div class='cta-block'><div class='text'>Simulez votre ch\u00f4mage en 2 min.<\/div><a href='https:\/\/www.mes-allocs.fr\/simulation-chomage?origin=guides\/wp-json\/wp\/v2\/posts\/637' class='app-button fit'>Simulation gratuite<\/a><\/div><\/p>\n<h1>Qui peut b\u00e9n\u00e9ficier de l\u2019allocation ch\u00f4mage ?<\/h1>\n<h2>Quels sont les crit\u00e8res d\u2019inscription \u00e0 France Travail pour \u00eatre \u00e9ligible au ch\u00f4mage ?<\/h2>\n<p>Vous pouvez b\u00e9n\u00e9ficier du ch\u00f4mage si vous \u00eates :<\/p>\n<ul>\n<li>Inscrit \u00e0 France Travail dans les 12 mois suivant la perte de votre emploi<\/li>\n<li>Physiquement apte \u00e0 travailler<\/li>\n<li>Ne b\u00e9n\u00e9ficier pas d&rsquo;une retraite \u00e0 taux plein ou anticip\u00e9e<\/li>\n<\/ul>\n<h2>\u00a0Quelles situations de perte d\u2019emploi ouvrent droit au ch\u00f4mage ?<\/h2>\n<p>Les situations qui vous donnent droit au ch\u00f4mage sont les suivantes :<\/p>\n<ul>\n<li>Licenciement<\/li>\n<li>Fin de CDD, int\u00e9rim, contrat saisonnier<\/li>\n<li>Rupture conventionnelle ou d\u2019un commun accord<\/li>\n<li>D\u00e9mission l\u00e9gitime<\/li>\n<\/ul>\n<h2>Quelles conditions d\u2019affiliation ou de travail faut-il remplir pour avoir droit au ch\u00f4mage ?<\/h2>\n<h3>Combien de jours ou d\u2019heures faut-il avoir travaill\u00e9 pour ouvrir des droits au ch\u00f4mage ?<\/h3>\n<p>Pour b\u00e9n\u00e9ficier de l\u2019assurance ch\u00f4mage, vous devez avoir travaill\u00e9 au moins 130 jours ou 910 heures (soit environ six mois) sur les 24 derniers mois. Si votre contrat est purement saisonnier, ce seuil est abaiss\u00e9 \u00e0 108 jours ou 758 heures sur la m\u00eame p\u00e9riode.<\/p>\n<h3>Quelle est la dur\u00e9e minimale de travail requise en fonction de l\u2019\u00e2ge ?<\/h3>\n<p>La p\u00e9riode de r\u00e9f\u00e9rence pendant laquelle l\u2019on recherche les jours ou heures travaill\u00e9es varie selon l\u2019\u00e2ge :<\/p>\n<ul>\n<li><strong>Moins de 55 ans<\/strong> : travail sur les 24 derniers mois<\/li>\n<li><strong>55 ans ou plus<\/strong> : travail sur les 36 derniers mois<\/li>\n<\/ul>\n<h3>Comment sont prises en compte les diff\u00e9rentes p\u00e9riodes de travail (contrats multiples, saisonniers) ?<\/h3>\n<p>Vos p\u00e9riodes de travail peuvent \u00eatre discontinues et cumul\u00e9es chez plusieurs employeurs. Tous les types de contrats sont pris en compte, \u00e0 condition de respecter les seuils de jours ou d\u2019heures travaill\u00e9s. Les p\u00e9riodes de formation peuvent \u00eatre assimil\u00e9es \u00e0 des jours travaill\u00e9s.<\/p>\n<h2>Quelles sont les obligations du demandeur d\u2019emploi pour avoir droit au ch\u00f4mage ?<\/h2>\n<p>En tant que demandeur d&#8217;emploi, vos obligations sont :<\/p>\n<ul>\n<li>D&rsquo;actualiser votre situation chaque mois aupr\u00e8s de France Travail<\/li>\n<li>D&rsquo;accomplir des actions de recherche d&#8217;emploi ou suivre une formation pr\u00e9vue au contrat d&rsquo;engagement<\/li>\n<li>De rester disponible et r\u00e9pondre aux convocation de France Travail<\/li>\n<\/ul>\n<h1>Comment se calcule et se verse le droit au ch\u00f4mage ?<\/h1>\n<h2>Quelle est la dur\u00e9e d&rsquo;indemnisation possible ?<\/h2>\n<p>La dur\u00e9e maximale pendant laquelle vous pouvez percevoir votre droit au ch\u00f4mage d\u00e9pend de votre \u00e2ge et de la dur\u00e9e pendant laquelle vous avez cotis\u00e9 :<\/p>\n<ul>\n<li aria-level=\"1\"><b>Si vous avez moins de 55 <\/b><strong>ans<\/strong> : la p\u00e9riode d\u2019indemnisation est g\u00e9n\u00e9ralement comprise entre 6 et 24 mois.<\/li>\n<li aria-level=\"1\"><b>Si vous avez 55 ans et plus<\/b> : la dur\u00e9e d\u2019indemnisation peut \u00eatre prolong\u00e9e jusqu\u2019\u00e0 27 mois.<\/li>\n<\/ul>\n<div class='shortcode read-more'><div class='title'>En savoir plus<\/div><div class='content'>Depuis le 1er avril 2025, les dur\u00e9es sont calcul\u00e9es sur une base mensuelle fix\u00e9e \u00e0 30 jours. Par ailleurs, la d\u00e9gressivit\u00e9 des allocations ne s\u2019applique plus aux personnes de 55 ans et plus.<\/div><\/div>\n<h2>Comment est calcul\u00e9 le montant de l\u2019allocation ch\u00f4mage ?<\/h2>\n<p>Le montant de votre droit au ch\u00f4mage est calcul\u00e9 \u00e0 partir de votre salaire journalier de r\u00e9f\u00e9rence (SJR), qui correspond \u00e0 la moyenne de vos salaires bruts per\u00e7us sur la p\u00e9riode de r\u00e9f\u00e9rence, elle-m\u00eame d\u00e9finie selon votre \u00e2ge. Le montant brut journalier de votre ch\u00f4mage est le plus \u00e9lev\u00e9 des deux calculs qui suivent :<\/p>\n<ul>\n<li aria-level=\"1\"><b>40,4 %<\/b> du salaire journalier de r\u00e9f\u00e9rence + <b>13,18 \u20ac<\/b> (au 1er juillet 2025)<\/li>\n<li aria-level=\"1\"><b>57 %<\/b> de votre SJR.<\/li>\n<\/ul>\n<div class='shortcode read-more'><div class='title'>En savoir plus<\/div><div class='content'>Dans tous les cas, ce montant ne peut en aucun cas d\u00e9passer <b>70 %<\/b> du SJR. Un montant minimum de <b>32,13 \u20ac<\/b> par jour est cependant garanti.<\/div><\/div>\n<h1>Pouvez-vous recharger vos droits au ch\u00f4mage ?<\/h1>\n<p>Il est <b>possible<\/b> de recharger vos droits au ch\u00f4mage si vous reprenez une activit\u00e9 salari\u00e9e pendant ou apr\u00e8s une p\u00e9riode d\u2019indemnisation.<\/p>\n<p>Ainsi, si, avant que vos droits actuels ne soient \u00e9puis\u00e9s, vous avez travaill\u00e9 suffisamment, vous pouvez b\u00e9n\u00e9ficier d\u2019un rechargement de vos droits. Cela signifie que votre p\u00e9riode d\u2019indemnisation sera allong\u00e9e en tenant compte des nouvelles p\u00e9riodes travaill\u00e9es.<\/p>\n<h1>Comment savoir si vous avez droit au ch\u00f4mage ?<\/h1>\n<p>Pour savoir si vous avez droit au ch\u00f4mage, vous pouvez utiliser <b>notre simulateur<\/b>. Il vous permet d\u2019\u00e9valuer vos droits en fonction de votre situation personnelle et professionnelle. Apr\u00e8s avoir renseign\u00e9 vos informations, notre simulateur vous guide vers les aides et les allocations auxquelles vous pouvez pr\u00e9tendre, y compris l\u2019allocation ch\u00f4mage. Il prend aussi en compte les autres aides compl\u00e9mentaires disponibles.<\/p>\n<div class='shortcode summary'><div class='title'>En r\u00e9sum\u00e9 :<\/div><div class='content'><ul><li>Pour b\u00e9n\u00e9ficier du droit au ch\u00f4mage, vous devez remplir plusieurs conditions, notamment concernant la<b> p\u00e9riode travaill\u00e9e<\/b>, les <b>conditions de perte de votre emploi <\/b>et <b>l\u2019inscription<\/b> \u00e0 France Travail dans un d\u00e9lai de <b>1 an<\/b>.<\/li><li>Une fois inscrit, vous devez respecter des <b>obligations<\/b>. Si vous ne les respectez pas, cela peut entra\u00eener la <b>suspension<\/b> de vos droits.<\/li><li>La dur\u00e9e de l&rsquo;indemnisation <b>varie en fonction de votre \u00e2ge et de vos cotisations<\/b>. Le montant est calcul\u00e9 <b>sur la base de votre SJR,<\/b> mais il ne pourra jamais d\u00e9passer un certain pourcentage de ce salaire.<\/li><li>Si vous reprenez une activit\u00e9 salari\u00e9e apr\u00e8s avoir \u00e9puis\u00e9 vos droits, vous pouvez<b> recharger votre indemnisation<\/b> en fonction des nouvelles p\u00e9riodes travaill\u00e9es.<\/li><\/ul><\/div><\/div>\n<p class=\"p1\"><div class='cta-block'><div class='text'>Simulez votre ch\u00f4mage en 2 min.<\/div><a href='https:\/\/www.mes-allocs.fr\/simulation-chomage?origin=guides\/wp-json\/wp\/v2\/posts\/637' class='app-button fit'>Simulation gratuite<\/a><\/div><\/p>\n","protected":false},"excerpt":{"rendered":"<p>Le ch\u00f4mage est un droit qui vous permet de limiter les cons\u00e9quences financi\u00e8res d\u2019une perte d\u2019emploi. En France, le droit au ch\u00f4mage offre une indemnisation sous certaines conditions, mais ces conditions ont \u00e9volu\u00e9. Pour avoir droit au ch\u00f4mage, plusieurs crit\u00e8res doivent \u00eatre remplis, allant du nombre d\u2019heures travaill\u00e9es \u00e0 l&rsquo;inscription obligatoire aupr\u00e8s de France Travail. [&hellip;]<\/p>\n","protected":false},"author":7,"featured_media":641,"comment_status":"open","ping_status":"open","sticky":false,"template":"","format":"standard","meta":{"amp_status":"","footnotes":""},"categories":[2989],"tags":[],"class_list":["post-637","post","type-post","status-publish","format-standard","has-post-thumbnail","hentry","category-chomage"],"yoast_head":"<!-- This site is optimized with the Yoast SEO plugin v14.9 - https:\/\/yoast.com\/wordpress\/plugins\/seo\/ -->\n<title>Droit au ch\u00f4mage : quelles conditions pour \u00eatre \u00e9ligible ?<\/title>\n<meta name=\"description\" content=\"D\u00e9couvrez les conditions pour b\u00e9n\u00e9ficier du droit au ch\u00f4mage en France, les d\u00e9marches \u00e0 suivre et comment votre indemnisation est calcul\u00e9e.\" \/>\n<meta name=\"robots\" content=\"index, follow, max-snippet:-1, max-image-preview:large, max-video-preview:-1\" \/>\n<link rel=\"canonical\" href=\"https:\/\/www.mes-allocs.fr\/guides\/chomage\/droit-au-chomage\/\" \/>\n<meta property=\"og:locale\" content=\"fr_FR\" \/>\n<meta property=\"og:type\" content=\"article\" \/>\n<meta property=\"og:title\" content=\"Droit au ch\u00f4mage : quelles conditions pour \u00eatre \u00e9ligible ?\" \/>\n<meta property=\"og:description\" content=\"D\u00e9couvrez les conditions pour b\u00e9n\u00e9ficier du droit au ch\u00f4mage en France, les d\u00e9marches \u00e0 suivre et comment votre indemnisation est calcul\u00e9e.\" \/>\n<meta property=\"og:url\" content=\"https:\/\/www.mes-allocs.fr\/guides\/chomage\/droit-au-chomage\/\" \/>\n<meta property=\"og:site_name\" content=\"Mes-Allocs.fr\" \/>\n<meta property=\"article:published_time\" content=\"2019-07-18T07:52:04+00:00\" \/>\n<meta property=\"article:modified_time\" content=\"2025-10-06T15:24:59+00:00\" \/>\n<meta property=\"og:image\" content=\"https:\/\/www.mes-allocs.fr\/guides\/wp-content\/uploads\/2019\/07\/B9718096012Z.1_20181231175321_000GIKCMOUNR.1-0-e1563547976220.jpg?wsr\" \/>\n\t<meta property=\"og:image:width\" content=\"1350\" \/>\n\t<meta property=\"og:image:height\" content=\"492\" \/>\n<meta name=\"twitter:card\" content=\"summary_large_image\" \/>\n<script type=\"application\/ld+json\" class=\"yoast-schema-graph\">{\"@context\":\"https:\/\/schema.org\",\"@graph\":[{\"@type\":\"WebSite\",\"@id\":\"https:\/\/www.mes-allocs.fr\/guides\/#website\",\"url\":\"https:\/\/www.mes-allocs.fr\/guides\/\",\"name\":\"Mes-Allocs.fr\",\"description\":\"\",\"potentialAction\":[{\"@type\":\"SearchAction\",\"target\":\"https:\/\/www.mes-allocs.fr\/guides\/?s={search_term_string}\",\"query-input\":\"required name=search_term_string\"}],\"inLanguage\":\"fr-FR\"},{\"@type\":\"ImageObject\",\"@id\":\"https:\/\/www.mes-allocs.fr\/guides\/chomage\/droit-au-chomage\/#primaryimage\",\"inLanguage\":\"fr-FR\",\"url\":\"https:\/\/www.mes-allocs.fr\/guides\/wp-content\/uploads\/2019\/07\/B9718096012Z.1_20181231175321_000GIKCMOUNR.1-0-e1563547976220.jpg?wsr\",\"width\":1350,\"height\":492,\"caption\":\"B9718096012Z.1 20181231175321 000GIKCMOUNR.1 0 e1563547976220\"},{\"@type\":\"WebPage\",\"@id\":\"https:\/\/www.mes-allocs.fr\/guides\/chomage\/droit-au-chomage\/#webpage\",\"url\":\"https:\/\/www.mes-allocs.fr\/guides\/chomage\/droit-au-chomage\/\",\"name\":\"Droit au ch\\u00f4mage : quelles conditions pour \\u00eatre \\u00e9ligible ?\",\"isPartOf\":{\"@id\":\"https:\/\/www.mes-allocs.fr\/guides\/#website\"},\"primaryImageOfPage\":{\"@id\":\"https:\/\/www.mes-allocs.fr\/guides\/chomage\/droit-au-chomage\/#primaryimage\"},\"datePublished\":\"2019-07-18T07:52:04+00:00\",\"dateModified\":\"2025-10-06T15:24:59+00:00\",\"author\":{\"@id\":\"https:\/\/www.mes-allocs.fr\/guides\/#\/schema\/person\/1c4837d5703727cb02ce84583b5a44aa\"},\"description\":\"D\\u00e9couvrez les conditions pour b\\u00e9n\\u00e9ficier du droit au ch\\u00f4mage en France, les d\\u00e9marches \\u00e0 suivre et comment votre indemnisation est calcul\\u00e9e.\",\"inLanguage\":\"fr-FR\"},{\"@type\":\"Person\",\"@id\":\"https:\/\/www.mes-allocs.fr\/guides\/#\/schema\/person\/1c4837d5703727cb02ce84583b5a44aa\",\"name\":\"Fabiola\",\"image\":{\"@type\":\"ImageObject\",\"@id\":\"https:\/\/www.mes-allocs.fr\/guides\/#personlogo\",\"inLanguage\":\"fr-FR\",\"url\":\"https:\/\/www.mes-allocs.fr\/guides\/wp-content\/uploads\/2021\/06\/fabiola-150x150.png\",\"caption\":\"Fabiola\"},\"description\":\"Fabiola est r\\u00e9dactrice au sein de l'\\u00e9quipe Mes Allocs, sp\\u00e9cialis\\u00e9e en sciences politiques et affaires publiques. Dipl\\u00f4m\\u00e9e de l'HEIP, elle rejoint Mes Allocs apr\\u00e8s une premi\\u00e8re exp\\u00e9rience \\u00e0 l'Assembl\\u00e9e Nationale.\",\"sameAs\":[\"https:\/\/www.linkedin.com\/in\/cecilia-philippe-b-8a8085195\"]}]}<\/script>\n<!-- \/ Yoast SEO plugin. -->","amp_validity":null,"acf":{"faq":{"1":{"question":"Quel ch\u00f4mage pour un salaire de 1300 \u20ac ?","answer":"Pour un salaire mensuel de 1300 \u20ac, le montant estim\u00e9 du ch\u00f4mage est d\u2019environ 996 \u20ac net par mois en 2025."},"2":{"question":"Quelles sont les r\u00e8gles pour toucher le ch\u00f4mage ?","answer":"Pour toucher le ch\u00f4mage, il faut avoir perdu son emploi involontairement, avoir travaill\u00e9 au moins 6 mois au cours des 24 derniers mois, \u00eatre inscrit \u00e0 France Travail, chercher activement un emploi et \u00eatre physiquement apte \u00e0 travailler.\r\n\r\n"},"3":{"question":"Quel droit ch\u00f4mage apr\u00e8s 4 mois de travail ?","answer":"Depuis avril 2025, il faut avoir travaill\u00e9 au moins 6 mois pour ouvrir droit au ch\u00f4mage, donc apr\u00e8s 4 mois de travail, le droit au ch\u00f4mage n\u2019est pas encore acquis."},"4":{"question":"Combien de temps faut-il cotiser pour avoir droit au ch\u00f4mage ?","answer":"Pour avoir droit au ch\u00f4mage, il faut avoir cotis\u00e9 au moins 130 jours travaill\u00e9s ou 910 heures (soit environ 6 mois) au cours des 24 derniers mois (ou 36 mois si on a 55 ans ou plus) avant la fin de son contrat de travail."},"5":{"question":"Est-ce que l'arr\u00eat maladie compte pour le ch\u00f4mage ?","answer":"Oui, l'arr\u00eat maladie peut \u00eatre pris en compte pour le ch\u00f4mage s'il intervient avant la fin du contrat, mais le versement des allocations ch\u00f4mage est suspendu pendant l'arr\u00eat et reprend \u00e0 la gu\u00e9rison."},"6":{"question":"","answer":""},"7":{"question":"","answer":""},"8":{"question":"","answer":""},"9":{"question":"","answer":""},"10":{"question":"","answer":""},"11":{"question":"","answer":""},"12":{"question":"","answer":""},"13":{"question":"","answer":""},"14":{"question":"","answer":""},"15":{"question":"","answer":""},"16":{"question":"","answer":""}}},"_links":{"self":[{"href":"https:\/\/www.mes-allocs.fr\/guides\/wp-json\/wp\/v2\/posts\/637","targetHints":{"allow":["GET"]}}],"collection":[{"href":"https:\/\/www.mes-allocs.fr\/guides\/wp-json\/wp\/v2\/posts"}],"about":[{"href":"https:\/\/www.mes-allocs.fr\/guides\/wp-json\/wp\/v2\/types\/post"}],"author":[{"embeddable":true,"href":"https:\/\/www.mes-allocs.fr\/guides\/wp-json\/wp\/v2\/users\/7"}],"replies":[{"embeddable":true,"href":"https:\/\/www.mes-allocs.fr\/guides\/wp-json\/wp\/v2\/comments?post=637"}],"version-history":[{"count":35,"href":"https:\/\/www.mes-allocs.fr\/guides\/wp-json\/wp\/v2\/posts\/637\/revisions"}],"predecessor-version":[{"id":104333,"href":"https:\/\/www.mes-allocs.fr\/guides\/wp-json\/wp\/v2\/posts\/637\/revisions\/104333"}],"wp:featuredmedia":[{"embeddable":true,"href":"https:\/\/www.mes-allocs.fr\/guides\/wp-json\/wp\/v2\/media\/641"}],"wp:attachment":[{"href":"https:\/\/www.mes-allocs.fr\/guides\/wp-json\/wp\/v2\/media?parent=637"}],"wp:term":[{"taxonomy":"category","embeddable":true,"href":"https:\/\/www.mes-allocs.fr\/guides\/wp-json\/wp\/v2\/categories?post=637"},{"taxonomy":"post_tag","embeddable":true,"href":"https:\/\/www.mes-allocs.fr\/guides\/wp-json\/wp\/v2\/tags?post=637"}],"curies":[{"name":"wp","href":"https:\/\/api.w.org\/{rel}","templated":true}]}}