{"id":6362,"date":"2020-05-20T14:13:37","date_gmt":"2020-05-20T14:13:37","guid":{"rendered":"https:\/\/www.mes-allocs.fr\/guides\/?p=6362"},"modified":"2026-01-29T18:24:18","modified_gmt":"2026-01-29T17:24:18","slug":"aides-apprenti-majeur","status":"publish","type":"post","link":"https:\/\/www.mes-allocs.fr\/guides\/aide-par-situation\/aide-apprenti\/aides-apprenti-majeur\/","title":{"rendered":"Les aides financi\u00e8res pour les apprentis majeurs"},"content":{"rendered":"<p style=\"text-align: justify;\"><a href=\"https:\/\/www.mes-allocs.fr\/guides\/wp-content\/uploads\/2020\/05\/Les-aides-financie\u0300res-pour-les-apprentis-majeurs.jpg\"><img loading=\"lazy\" decoding=\"async\" class=\"aligncenter wp-image-6678 size-full\" src=\"https:\/\/www.mes-allocs.fr\/guides\/wp-content\/uploads\/2020\/05\/Les-aides-financie\u0300res-pour-les-apprentis-majeurs-e1589563099730.jpg\" alt=\"Les aides financi\u00e8res pour les apprentis majeurs\" width=\"1280\" height=\"256\" \/><\/a>[Mis \u00e0 jour le 29\/01\/2026] Les apprentis majeurs b\u00e9n\u00e9ficient de plusieurs <a href=\"https:\/\/www.mes-allocs.fr\/guides\/aides-par-situation\/\">aides financi\u00e8res<\/a>, li\u00e9es \u00e0 leur formation d&rsquo;apprenti et parfois attribu\u00e9es par l&rsquo;entreprise. Mes Allocs vous explique.<\/p>\n<div class='cta-block'><div class='text'>Simulez toutes vos aides en 2 min.<\/div><a href='https:\/\/www.mes-allocs.fr\/ab-app?origin=guides\/wp-json\/wp\/v2\/posts\/6362' class='app-button fit'>Simulation gratuite<\/a><\/div>\n<div class=\"main-article__texte texte--editorial crayon article-texte-376110 \">\n<h1 id=\"A-qui-s-adresse-cette-aide\" class=\"spip\">La prime \u00e0 l&rsquo;apprentissage<\/h1>\n<p class=\"spip\" style=\"text-align: justify;\">Lanc\u00e9e sous le gouvernement Hollande, afin d&rsquo;augmenter le nombre d&rsquo;apprentis et r\u00e9duire le ch\u00f4mage, la prime \u00e0 l&rsquo;apprentissage\u00a0 \u00e9tait ouverte aux apprentis de moins de 21 ans. Elle \u00e9tait effective entre 2016 et 2017.<\/p>\n<p style=\"text-align: justify;\">Elle concernait tous les apprentis, d\u00e8s la date de d\u00e9but d\u2019ex\u00e9cution du contrat.<\/p>\n<h2 id=\"Quel-est-le-montant-de-l-aide\" class=\"spip\" style=\"text-align: justify;\">Quel est le montant de l\u2019aide ?<\/h2>\n<p style=\"text-align: justify;\">Le montant de l&rsquo;aide s&rsquo;\u00e9levait \u00e0 335 \u20ac. Elle \u00e9tait vers\u00e9e en une fois \u00e0 l&rsquo;apprenti, par virement bancaire et il etait possible de cumuler d&rsquo;autres aides et prestations sociales.<\/p>\n<p style=\"text-align: justify;\">Cette aide n&rsquo;est pas prise en compte dans le calcul du plafond des ressources du foyer fiscal de rattachement de l\u2019apprenti, pour le versement de prestations sociales.<\/p>\n<h2 id=\"Comment-pouvez-vous-en-beneficier\" class=\"spip\">Quelles sont les d\u00e9marches \u00e0 effectuer pour en b\u00e9n\u00e9ficier ?<\/h2>\n<p>Malheureusement cette aide n&rsquo;est plus disponible.<\/p>\n<p>Pour en b\u00e9n\u00e9ficier, vous allez d&rsquo;abord recevoir un courrier officiel de l\u2019administration vous indiquant la proc\u00e9dure \u00e0 suivre.<\/p>\n<p>Vous y trouverez :<\/p>\n<ul class=\"spip\">\n<li>l\u2019adresse du site internet, afin d&rsquo;acc\u00e9der au formulaire pr\u00e9-rempli ;<\/li>\n<li>l&rsquo;identifiant (num\u00e9ro administratif) vous permettant de valider le formulaire pr\u00e9-rempli sur internet et de communiquer \u00e0 l\u2019administration les informations utiles au versement de l\u2019aide ;<\/li>\n<li>un mode d\u2019emploi.<\/li>\n<\/ul>\n<\/div>\n<p>Pour valider le formulaire pr\u00e9-rempli, vous devez vous munir des documents suivants :<\/p>\n<div class=\"main-article__texte texte--editorial crayon article-texte-376110 \">\n<ul class=\"spip\">\n<li>relev\u00e9 d\u2019identit\u00e9 bancaire (RIB),<\/li>\n<li>votre adresse email.<\/li>\n<\/ul>\n<p>Il faut ensuite envoyer votre dossier \u00e0 l&rsquo;adresse indiqu\u00e9e sur le formulaire de demande. Ce dossier doit comporter une pi\u00e8ce d&rsquo;identit\u00e9 valide et le formulaire imprim\u00e9, mentionn\u00e9 ci-dessus.<\/p>\n<header id=\"headerPage\">\n<h1 data-test=\"titre-page\">L&rsquo;aide unique \u00e0 l&#8217;embauche pour un contrat d&rsquo;apprentissage<\/h1>\n<\/header>\n<\/div>\n<h2>De quoi s&rsquo;agit-il ?<\/h2>\n<div class=\"main-article__texte texte--editorial crayon article-texte-376110 \">\n<header id=\"headerPage\">\n<p class=\"date\" data-test=\"date-maj\">Un contrat d&rsquo;apprentissage est un contrat de travail sign\u00e9 entre un salari\u00e9 et un employeur. Il permet au jeune apprenti de suivre une formation :<\/p>\n<ul>\n<li class=\"date\" data-test=\"date-maj\">en alternance en entreprise<\/li>\n<li class=\"date\" data-test=\"date-maj\"><strong>et<\/strong> au centre de formation des apprentis CFA.<\/li>\n<\/ul>\n<p>Le tout, pour acqu\u00e9rir un dipl\u00f4me ou un titre professionnel.<\/p>\n<\/header>\n<div id=\"intro\" class=\"lead\">\n<p>Par ailleurs, depuis 2019, une aide unique \u00e0 l&#8217;embauche remplace ces 4 dispositifs :<\/p>\n<ul>\n<li>aide TPE jeunes apprentis,<\/li>\n<li>prime r\u00e9gionale \u00e0 l&rsquo;apprentissage pour les TPE,<\/li>\n<li>aide au recrutement d&rsquo;un apprenti suppl\u00e9mentaire,<\/li>\n<li>cr\u00e9dit d&rsquo;imp\u00f4t apprentissage.<\/li>\n<\/ul>\n<p>C&rsquo;est-\u00e0-dire qu&rsquo;au lieu de toucher ces quatre aides, l&rsquo;entreprise ne recevra qu&rsquo;une seule aide.<\/p>\n<p><strong>\u00c0 noter que depuis le 1<sup>er<\/sup> janvier 2019, les entreprises de moins de 250 salari\u00e9s qui emploient un apprenti pr\u00e9parant un dipl\u00f4me (ou un titre professionnel de niveau inf\u00e9rieur ou \u00e9gal au bac) peuvent acc\u00e9der \u00e0 l&rsquo;aide unique \u00e0 l&#8217;embauche.<\/strong><\/p>\n<\/div>\n<div class=\"fiche-item\">\n<div class=\"fiche-item-title\">\n<h2>Quel est le montant maximum de l&rsquo;aide unique \u00e0 l&#8217;embauche ?<\/h2>\n<\/div>\n<\/div>\n<div class=\"fiche-item\">\n<div id=\"fiche-item-2\" class=\"fiche-item-content collapse in\" aria-hidden=\"false\">\n<p>Depuis le 1er janvier 2025, le montant de l&rsquo;aide s&rsquo;\u00e9l\u00e8ve \u00e0 <strong>6 000\u20ac<\/strong>.<\/p>\n<\/div>\n<\/div>\n<div class=\"fiche-item\">\n<div id=\"fiche-item-3\" class=\"fiche-item-content collapse in\" aria-hidden=\"false\">\n<p><strong>En outre, depuis le 1<sup>er<\/sup> janvier 2020,<\/strong> les contrats d&rsquo;apprentissage sont d\u00e9pos\u00e9s aupr\u00e8s des op\u00e9rateurs de comp\u00e9tences (OPCO). Ils assurent le d\u00e9p\u00f4t, l&rsquo;instruction et le financement sur la base d&rsquo;un \u00ab\u00a0co\u00fbt contrat\u00a0\u00bb, fix\u00e9 par les branches professionnelles.<\/p>\n<p>Apr\u00e8s cette \u00e9tape, le contrat est transmis par les services du minist\u00e8re du Travail (DGEFP) \u00e0 l\u2019Agence de services et de paiement (ASP). Celle-ci est en charge du paiement de l\u2019aide.<\/p>\n<p>Cette t\u00e2che peut \u00eatre d\u00e9l\u00e9gu\u00e9e aux chambres consulaires (chambres de commerce et d&rsquo;industrie, chambres de m\u00e9tiers et de l&rsquo;artisanat, chambres d&rsquo;agriculture).<\/p>\n<div class=\"bloc-edito bloc-aSavoir\">\n<p class=\"bloc-edito-title\">De plus, pour les contrats conclus jusqu&rsquo;au 31 d\u00e9cembre 2019, le circuit de d\u00e9p\u00f4t qui existait auparavant reste le m\u00eame.<\/p>\n<\/div>\n<\/div>\n<\/div>\n<p>Une fois les d\u00e9marches r\u00e9alis\u00e9es, le versement de l&rsquo;aide est automatique.<\/p>\n<div class='cta-block'><div class='text'>Simulez toutes vos aides en 2 min.<\/div><a href='https:\/\/www.mes-allocs.fr\/ab-app?origin=guides\/wp-json\/wp\/v2\/posts\/6362' class='app-button fit'>Simulation gratuite<\/a><\/div>\n<\/div>\n<h1>Les allocations logement<\/h1>\n<h2>L\u2019aide personnalis\u00e9e au logement (APL)<\/h2>\n<p>Cette aide est r\u00e9serv\u00e9e aux logements faisant l\u2019objet d\u2019une convention avec l\u2019\u00c9tat. Son montant d\u00e9pend du montant du loyer, des revenus dont vous disposez (pas ceux de vos parents), du type de logement et de sa localisation. Les conditions varient \u00e9galement en fonction de la r\u00e9gion o\u00f9 vous faites la demande.<\/p>\n<p>D&rsquo;ailleurs, vous devez la faire au moment o\u00f9 vous emm\u00e9nagez, sur le site de la CAF (Caisse d&rsquo;allocations familiales). Veuillez \u00e0 vous munir du bail de location afin de bien remplir le dossier. Le d\u00e9lai d&rsquo;attente avant le premier versement est d&rsquo;environ deux mois.<\/p>\n<p>\u00c0 noter qu&rsquo;une nouvelle r\u00e9forme du mode calcul des allocations est en vigueur depuis le 1er avril 2020.<\/p>\n<h2>La garantie Visale<\/h2>\n<p>La garantie Vitale est une caution locative pour jeunes locataires voulant couvrir leurs impay\u00e9s de loyers. Ainsi, Action Logement verse les sommes dues directement au bailleur. Celui-ci va par la suite se faire rembourser par le locataire.<\/p>\n<p>Or, pour les apprentis, la garantie s&rsquo;applique uniquement \u00e0 des loyers plafonn\u00e9s \u00e0 680 \u20ac (hors \u00cele-de-France et agglom\u00e9rations de plus de 100 000 habitants). Au-del\u00e0, le locataire aura un taux d\u2019effort de 50% maximum. Par exemple, pour un loyer impay\u00e9 de 800\u20ac, le locataire devra payer 60 \u20ac maximum.<\/p>\n<p>En effet, (800 \u2013 680)\/2 = 60.<\/p>\n<p>\u00c0 noter que cette aide est \u00e0 demander avant de signer le bail, sur le site d&rsquo;Action Logement.<\/p>\n<h2>Les foyers de jeunes travailleurs<\/h2>\n<p>Ces \u00e9tablissements proposent des logements pour les \u00e9tudiants et les jeunes travailleurs. Il s&rsquo;agit de logements \u00e0 prix r\u00e9duits, situ\u00e9s dans un b\u00e2timent semblable aux r\u00e9sidences \u00e9tudiantes :<\/p>\n<ul>\n<li>chambre privative,<\/li>\n<li>espaces communes,<\/li>\n<li>etc.<\/li>\n<\/ul>\n<p>Afin de trouver un foyer dans votre secteur, rendez-vous au centre communal d&rsquo;action sociale (CCAS) ou en mairie.<\/p>\n<h1>Les aides \u00e0 la mobilit\u00e9<\/h1>\n<h2>L\u2019aide Mobili-Jeune<\/h2>\n<p>L&rsquo;aide Mobili-Jeune est adress\u00e9e aux alternants de moins de 30 ans en contrat d\u2019apprentissage (ou de professionnalisation) qui travaillent dans une entreprise du secteur priv\u00e9. Elle est octroy\u00e9e par Action Logement et a pour but de prendre en charge une partie du loyer acquitt\u00e9 par le jeune.<\/p>\n<p>Elle est vers\u00e9e pendant toute la formation en alternance et pour une dur\u00e9e maximale de 2 ans. Son montant fluctue entre 10 et 100\u20ac par mois. Il est estim\u00e9 en fonction du salaire touch\u00e9 par l&rsquo;alternant.<\/p>\n<p><iframe loading=\"lazy\" title=\"L&#039;aide Mobili jeune\" width=\"500\" height=\"281\" src=\"https:\/\/www.youtube.com\/embed\/tu3qdMGINEM?feature=oembed\" frameborder=\"0\" allow=\"accelerometer; autoplay; clipboard-write; encrypted-media; gyroscope; picture-in-picture; web-share\" referrerpolicy=\"strict-origin-when-cross-origin\" allowfullscreen><\/iframe><\/p>\n<h2>Les aides r\u00e9gionales<\/h2>\n<p>Les aides r\u00e9gionales offrent \u00e9galement des aides aux apprentis. Parmi elles, l&rsquo;aide au transport, \u00e0 l\u2019h\u00e9bergement, \u00e0 la restauration et aussi l&rsquo;aide au premier \u00e9quipement.<\/p>\n<p>\u00c0 cela s&rsquo;ajoute un fond social d\u2019aide aux apprentis, mis en place par les r\u00e9gions, \u00e0 travers le CFA. Il sert \u00e0 soutenir ponctuellement le\u00a0jeune en difficult\u00e9 financi\u00e8re.<\/p>\n<h2>Le permis de conduire<\/h2>\n<p>Depuis le 1er janvier 2019, tout apprenti d&rsquo;au moins 18 ans peut b\u00e9n\u00e9ficier d&rsquo;une aide financi\u00e8re de 500\u20ac afin de passer son permis de conduire. Elle est octroy\u00e9e par les centres de formation des apprentis (CFA).<\/p>\n<div class=\"content-fiche\">\n<div class=\"tab-content\">\n<div id=\"situation1\" class=\"tab-pane active\">\n<div class=\"fiche-bloc bloc-principal\" data-toggle-scope=\"\">\n<div class=\"fiche-item\">\n<div class=\"fiche-item\">\n<div class=\"fiche-item\">\n<div class=\"fiche-item\">\n<div id=\"fiche-item-6situation1\" class=\"fiche-item-content collapse in\" aria-hidden=\"false\">\n<div class=\"fiche-item\">\n<div id=\"toc_container\" class=\"toc_white no_bullets contracted\">\n<h1>Exon\u00e9ration des frais de scolarit\u00e9<\/h1>\n<p>Avantage consid\u00e9rable, en disposant d&rsquo;un contrat d&rsquo;alternance, l&rsquo;apprenti est exon\u00e9r\u00e9 des frais de scolarit\u00e9. Le contrat peut \u00eatre un contrat de professionnalisation ou d&rsquo;un contrat d&rsquo;apprentissage.<\/p>\n<ul>\n<li><strong>Contrat de professionnalisation : c&rsquo;est l&rsquo;Organisme Paritaire Collecteur Agr\u00e9\u00e9 (OPCA) qui prend en charge les frais de formation du jeune.<\/strong><\/li>\n<li><strong>Contrat d&rsquo;apprentissage : la formation de l&rsquo;apprenti est partiellement financ\u00e9e par les entreprises.<br \/>\n<\/strong><\/li>\n<\/ul>\n<p>D&rsquo;autre part, les r\u00e9gions assurent le financement des centres de formation d&rsquo;apprentis (CFA), qui s&rsquo;occupent de payer la formation de l&rsquo;apprenti.<\/p>\n<h1>Les r\u00e9ductions de la carte nationale d&rsquo;apprentis<\/h1>\n<p>Chaque apprenti en alternance dispose d&rsquo;une carte d&rsquo;\u00e9tudiant des m\u00e9tiers. Elle est utilisable dans toute la France. Elle leur permet de b\u00e9n\u00e9ficier de plusieurs avantages, parmi lesquels diverses r\u00e9ductions de tarifs, concernant :<\/p>\n<ul>\n<li>les transports,<\/li>\n<li>les activit\u00e9s sportives et culturelles,<\/li>\n<li>la restauration rapide.<\/li>\n<\/ul>\n<h1>Les avantages procur\u00e9s par l&rsquo;entreprise<\/h1>\n<p>Les apprentis travaillant au sein d&rsquo;une entreprise ayant un comit\u00e9 d&rsquo;entreprise (CE), peuvent acc\u00e9der aux avantages que celle-ci procure. Ceci, au m\u00eame titre que les autres salari\u00e9s.<\/p>\n<ul>\n<li>Ch\u00e8ques-cadeaux,<\/li>\n<li>Ch\u00e8ques vacances,<\/li>\n<li>Tickets restaurants,<\/li>\n<li>Carte de transport.<\/li>\n<\/ul>\n<p>Ces avantages varient en fonction de la taille de l&rsquo;entreprise. Tournez-vous vers votre comit\u00e9, pour plus d&rsquo;informations.<\/p>\n<div class='cta-block'><div class='text'>Simulez toutes vos aides en 2 min.<\/div><a href='https:\/\/www.mes-allocs.fr\/ab-app?origin=guides\/wp-json\/wp\/v2\/posts\/6362' class='app-button fit'>Simulation gratuite<\/a><\/div>\n<\/div>\n<\/div>\n<\/div>\n<\/div>\n<\/div>\n<\/div>\n<\/div>\n<\/div>\n<\/div>\n<\/div>\n<\/div>\n","protected":false},"excerpt":{"rendered":"<p>[Mis \u00e0 jour le 29\/01\/2026] Les apprentis majeurs b\u00e9n\u00e9ficient de plusieurs aides financi\u00e8res, li\u00e9es \u00e0 leur formation d&rsquo;apprenti et parfois attribu\u00e9es par l&rsquo;entreprise. Mes Allocs vous explique. La prime \u00e0 l&rsquo;apprentissage Lanc\u00e9e sous le gouvernement Hollande, afin d&rsquo;augmenter le nombre d&rsquo;apprentis et r\u00e9duire le ch\u00f4mage, la prime \u00e0 l&rsquo;apprentissage\u00a0 \u00e9tait ouverte aux apprentis de moins [&hellip;]<\/p>\n","protected":false},"author":7,"featured_media":6678,"comment_status":"open","ping_status":"open","sticky":false,"template":"","format":"standard","meta":{"amp_status":"","footnotes":""},"categories":[16602,14320],"tags":[],"class_list":["post-6362","post","type-post","status-publish","format-standard","has-post-thumbnail","hentry","category-aide-apprenti","category-aide-par-situation"],"yoast_head":"<!-- This site is optimized with the Yoast SEO plugin v14.9 - https:\/\/yoast.com\/wordpress\/plugins\/seo\/ -->\n<title>Les aides financi\u00e8res pour les apprentis majeurs | Mes-Allocs.fr<\/title>\n<meta name=\"description\" content=\"Les apprentis majeurs b\u00e9n\u00e9ficient de plusieurs aides financi\u00e8res, li\u00e9es \u00e0 leur formation d&#039;apprenti et parfois attribu\u00e9es par l&#039;entreprise.\" \/>\n<meta name=\"robots\" content=\"index, follow, max-snippet:-1, max-image-preview:large, max-video-preview:-1\" \/>\n<link rel=\"canonical\" href=\"https:\/\/www.mes-allocs.fr\/guides\/aide-par-situation\/aide-apprenti\/aides-apprenti-majeur\/\" \/>\n<meta property=\"og:locale\" content=\"fr_FR\" \/>\n<meta property=\"og:type\" content=\"article\" \/>\n<meta property=\"og:title\" content=\"Les aides financi\u00e8res pour les apprentis majeurs | Mes-Allocs.fr\" \/>\n<meta property=\"og:description\" content=\"Les apprentis majeurs b\u00e9n\u00e9ficient de plusieurs aides financi\u00e8res, li\u00e9es \u00e0 leur formation d&#039;apprenti et parfois attribu\u00e9es par l&#039;entreprise.\" \/>\n<meta property=\"og:url\" content=\"https:\/\/www.mes-allocs.fr\/guides\/aide-par-situation\/aide-apprenti\/aides-apprenti-majeur\/\" \/>\n<meta property=\"og:site_name\" content=\"Mes-Allocs.fr\" \/>\n<meta property=\"article:published_time\" content=\"2020-05-20T14:13:37+00:00\" \/>\n<meta property=\"article:modified_time\" content=\"2026-01-29T17:24:18+00:00\" \/>\n<meta property=\"og:image\" content=\"https:\/\/www.mes-allocs.fr\/guides\/wp-content\/uploads\/2020\/05\/Les-aides-financie\u0300res-pour-les-apprentis-majeurs.jpg?wsr\" \/>\n\t<meta property=\"og:image:width\" content=\"1280\" \/>\n\t<meta property=\"og:image:height\" content=\"853\" \/>\n<meta name=\"twitter:card\" content=\"summary_large_image\" \/>\n<script type=\"application\/ld+json\" class=\"yoast-schema-graph\">{\"@context\":\"https:\/\/schema.org\",\"@graph\":[{\"@type\":\"WebSite\",\"@id\":\"https:\/\/www.mes-allocs.fr\/guides\/#website\",\"url\":\"https:\/\/www.mes-allocs.fr\/guides\/\",\"name\":\"Mes-Allocs.fr\",\"description\":\"\",\"potentialAction\":[{\"@type\":\"SearchAction\",\"target\":\"https:\/\/www.mes-allocs.fr\/guides\/?s={search_term_string}\",\"query-input\":\"required name=search_term_string\"}],\"inLanguage\":\"fr-FR\"},{\"@type\":\"ImageObject\",\"@id\":\"https:\/\/www.mes-allocs.fr\/guides\/aide-par-situation\/aide-apprenti\/aides-apprenti-majeur\/#primaryimage\",\"inLanguage\":\"fr-FR\",\"url\":\"https:\/\/www.mes-allocs.fr\/guides\/wp-content\/uploads\/2020\/05\/Les-aides-financie\\u0300res-pour-les-apprentis-majeurs.jpg?wsr\",\"width\":1280,\"height\":853,\"caption\":\"Les aides financie\\u0300res pour les apprentis majeurs e1589563099730\"},{\"@type\":\"WebPage\",\"@id\":\"https:\/\/www.mes-allocs.fr\/guides\/aide-par-situation\/aide-apprenti\/aides-apprenti-majeur\/#webpage\",\"url\":\"https:\/\/www.mes-allocs.fr\/guides\/aide-par-situation\/aide-apprenti\/aides-apprenti-majeur\/\",\"name\":\"Les aides financi\\u00e8res pour les apprentis majeurs | Mes-Allocs.fr\",\"isPartOf\":{\"@id\":\"https:\/\/www.mes-allocs.fr\/guides\/#website\"},\"primaryImageOfPage\":{\"@id\":\"https:\/\/www.mes-allocs.fr\/guides\/aide-par-situation\/aide-apprenti\/aides-apprenti-majeur\/#primaryimage\"},\"datePublished\":\"2020-05-20T14:13:37+00:00\",\"dateModified\":\"2026-01-29T17:24:18+00:00\",\"author\":{\"@id\":\"https:\/\/www.mes-allocs.fr\/guides\/#\/schema\/person\/1c4837d5703727cb02ce84583b5a44aa\"},\"description\":\"Les apprentis majeurs b\\u00e9n\\u00e9ficient de plusieurs aides financi\\u00e8res, li\\u00e9es \\u00e0 leur formation d'apprenti et parfois attribu\\u00e9es par l'entreprise.\",\"inLanguage\":\"fr-FR\"},{\"@type\":\"Person\",\"@id\":\"https:\/\/www.mes-allocs.fr\/guides\/#\/schema\/person\/1c4837d5703727cb02ce84583b5a44aa\",\"name\":\"Fabiola\",\"image\":{\"@type\":\"ImageObject\",\"@id\":\"https:\/\/www.mes-allocs.fr\/guides\/#personlogo\",\"inLanguage\":\"fr-FR\",\"url\":\"https:\/\/www.mes-allocs.fr\/guides\/wp-content\/uploads\/2021\/06\/fabiola-150x150.png\",\"caption\":\"Fabiola\"},\"description\":\"Fabiola est r\\u00e9dactrice au sein de l'\\u00e9quipe Mes Allocs, sp\\u00e9cialis\\u00e9e en sciences politiques et affaires publiques. Dipl\\u00f4m\\u00e9e de l'HEIP, elle rejoint Mes Allocs apr\\u00e8s une premi\\u00e8re exp\\u00e9rience \\u00e0 l'Assembl\\u00e9e Nationale.\",\"sameAs\":[\"https:\/\/www.linkedin.com\/in\/cecilia-philippe-b-8a8085195\"]}]}<\/script>\n<!-- \/ Yoast SEO plugin. -->","amp_validity":null,"acf":{"faq":{"1":{"question":"Quelles aides pour les jeunes de moins de 25 ans ?","answer":"Des aides existent pour les jeunes de moins de 25 ans. Elles favorisent le retour \u00e0 l'emploi et accompagnent les jeunes dans leurs \u00e9tudes. \r\n\r\n- le RSA jeune,\r\n- la garantie jeune,\r\n- l'ARE (l'allocation d'aide au retour \u00e0 l'emploi),\r\n- les allocations-ch\u00f4mage\r\n- prime d'activit\u00e9\r\n- bourse du CROUS\r\n- l'aide d'urgence du CROUS\r\n- l'aide au logement (APL, garantie loca Pass, garantie Visale etc)\r\n\r\n\r\n"},"2":{"question":"Quel salaire d\u00e9clarer \u00e0 la CAF quand on est apprenti ?","answer":"Le salaire \u00e0 d\u00e9clarer \u00e0 la CAF, pour un apprenti, est la partie de revenus qui exc\u00e8de la part exon\u00e9r\u00e9e. Puisque en tant qu'apprenti, vous b\u00e9n\u00e9ficiez d'une exon\u00e9ration.\r\n\r\n"},"3":{"question":"Quand est vers\u00e9 la prime d'apprentissage ?","answer":"La prime d'apprentissage est vers\u00e9e \u00e0 l'employeur, \u00e0 la fin de chaque ann\u00e9e du cycle de formation. Et ce, d\u00e8s r\u00e9ception des relev\u00e9s d'assiduit\u00e9 transmis par les CFA (si le contrat a une dur\u00e9e de 6 mois minimum)."},"4":{"question":"Comment d\u00e9clarer le salaire d'un apprenti ?","answer":"L'apprenti est imposable au m\u00eame titre que le salari\u00e9. Or, ils b\u00e9n\u00e9ficient d'une exon\u00e9ration pr\u00e9vue par la loi : \"exon\u00e9r\u00e9s de l\u2019imp\u00f4t sur le revenu dans la limite du montant annuel du salaire minimum de croissance\".\r\n\r\nAinsi, si le salaire de l'apprenti est inf\u00e9rieur au smic, ses revenus sont non imposables.\r\n\r\nEn revanche, si son salaire annuel exc\u00e8de 21 273 \u20ac, alors seul l\u2019exc\u00e9dent au-del\u00e0 de cette limite doit \u00eatre d\u00e9clar\u00e9.\r\n\r\n"},"5":{"question":"Comment d\u00e9clarer le montant de la participation ?","answer":"Le montant de la participation est g\u00e9n\u00e9ralement pr\u00e9-rempli par le fisc. Il suffit donc de d\u00e9clarer les salaires, dans les cases 1AJ \u00e0 1DJ, en page 3 de la d\u00e9claration de revenus n\u00b02042. Si vous optez pour le service de t\u00e9l\u00e9d\u00e9claration, rendez-vous dans la section \"Revenus d'activit\u00e9 connus\"."},"6":{"question":"Quelles aides sociales pour les jeunes ?","answer":"Les jeunes peuvent solliciter les aides suivantes :\r\n\r\n- Le revenu de solidarit\u00e9 active (RSA),\r\n- L'allocation d'aide au retour \u00e0 l'emploi (ARE)\r\n- L'aide au permis de conduire,\r\n- L'accompagnement intensif des jeunes (AIJ),\r\n- Le fonds d\u00e9partemental d\u2019aide aux jeunes en difficult\u00e9,\r\n- La prime d\u2019activit\u00e9,\r\n- La garantie jeune,\r\n- etc."},"7":{"question":" Quelles sont les conditions pour percevoir la prime d'activit\u00e9 ?","answer":"La prime d'activit\u00e9 est accord\u00e9e, sous conditions de ressources, aux personnes majeures salari\u00e9es et ind\u00e9pendantes, mais aussi aux \u00e9tudiants salari\u00e9s et apprentis.\r\n\r\nLes conditions pour l'obtenir sont les suivantes :\r\n\r\n- Avoir une activit\u00e9 professionnelle (salari\u00e9e ou non),\r\n- Percevoir des revenus modestes,\r\n- R\u00e9sider en France de mani\u00e8re stable et r\u00e9guli\u00e8re,\r\n- Poss\u00e9der une pi\u00e8ce d'identit\u00e9 valide.  "},"8":{"question":" Quels sont les revenus exceptionnels \u00e0 d\u00e9clarer ?","answer":"Les revenus exceptionnels \u00e0 d\u00e9clarer sont les suivants :\r\n\r\n- les indemnit\u00e9s, allocations et primes vers\u00e9es servant \u00e0 d\u00e9dommager le salari\u00e9 de d\u00e9sagr\u00e9ments relatifs \u00e0 son activit\u00e9 ;\r\n- les primes de d\u00e9part volontaire ;\r\n- les fractions imposables de l'indemnit\u00e9 de licenciement ou de l'indemnit\u00e9 de rupture conventionnelle ;\r\n- les gratifications pour services exceptionnels."},"9":{"question":"","answer":""},"10":{"question":"","answer":""},"11":{"question":"","answer":""},"12":{"question":"","answer":""},"13":{"question":"","answer":""},"14":{"question":"","answer":""},"15":{"question":"","answer":""},"16":{"question":"","answer":""}}},"_links":{"self":[{"href":"https:\/\/www.mes-allocs.fr\/guides\/wp-json\/wp\/v2\/posts\/6362","targetHints":{"allow":["GET"]}}],"collection":[{"href":"https:\/\/www.mes-allocs.fr\/guides\/wp-json\/wp\/v2\/posts"}],"about":[{"href":"https:\/\/www.mes-allocs.fr\/guides\/wp-json\/wp\/v2\/types\/post"}],"author":[{"embeddable":true,"href":"https:\/\/www.mes-allocs.fr\/guides\/wp-json\/wp\/v2\/users\/7"}],"replies":[{"embeddable":true,"href":"https:\/\/www.mes-allocs.fr\/guides\/wp-json\/wp\/v2\/comments?post=6362"}],"version-history":[{"count":40,"href":"https:\/\/www.mes-allocs.fr\/guides\/wp-json\/wp\/v2\/posts\/6362\/revisions"}],"predecessor-version":[{"id":108725,"href":"https:\/\/www.mes-allocs.fr\/guides\/wp-json\/wp\/v2\/posts\/6362\/revisions\/108725"}],"wp:featuredmedia":[{"embeddable":true,"href":"https:\/\/www.mes-allocs.fr\/guides\/wp-json\/wp\/v2\/media\/6678"}],"wp:attachment":[{"href":"https:\/\/www.mes-allocs.fr\/guides\/wp-json\/wp\/v2\/media?parent=6362"}],"wp:term":[{"taxonomy":"category","embeddable":true,"href":"https:\/\/www.mes-allocs.fr\/guides\/wp-json\/wp\/v2\/categories?post=6362"},{"taxonomy":"post_tag","embeddable":true,"href":"https:\/\/www.mes-allocs.fr\/guides\/wp-json\/wp\/v2\/tags?post=6362"}],"curies":[{"name":"wp","href":"https:\/\/api.w.org\/{rel}","templated":true}]}}