{"id":6360,"date":"2020-05-20T14:15:39","date_gmt":"2020-05-20T14:15:39","guid":{"rendered":"https:\/\/www.mes-allocs.fr\/guides\/?p=6360"},"modified":"2025-09-29T10:54:06","modified_gmt":"2025-09-29T08:54:06","slug":"aide-creation-entreprise-pole-emploi","status":"publish","type":"post","link":"https:\/\/www.mes-allocs.fr\/guides\/aide-entreprise\/aide-creation-entreprise-pole-emploi\/","title":{"rendered":"Toutes les aides P\u00f4le emploi pour la cr\u00e9ation d&rsquo;entreprise"},"content":{"rendered":"<p><a href=\"https:\/\/www.mes-allocs.fr\/guides\/wp-content\/uploads\/2020\/05\/Toutes-les-aides-Po\u0302le-emploi-pour-la-cre\u0301ation-dentreprise.jpg\"><img loading=\"lazy\" decoding=\"async\" class=\"aligncenter wp-image-6617 \" title=\"Toutes les aides P\u00f4le emploi pour la cr\u00e9ation d'entreprise\" src=\"https:\/\/www.mes-allocs.fr\/guides\/wp-content\/uploads\/2020\/05\/Toutes-les-aides-Po\u0302le-emploi-pour-la-cre\u0301ation-dentreprise-e1589471804418.jpg\" alt=\"Toutes les aides P\u00f4le emploi pour la cr\u00e9ation d'entreprise\" width=\"1585\" height=\"348\" srcset=\"https:\/\/www.mes-allocs.fr\/guides\/wp-content\/uploads\/2020\/05\/Toutes-les-aides-Po\u0302le-emploi-pour-la-cre\u0301ation-dentreprise-e1589471804418.jpg 1280w, https:\/\/www.mes-allocs.fr\/guides\/wp-content\/uploads\/2020\/05\/Toutes-les-aides-Po\u0302le-emploi-pour-la-cre\u0301ation-dentreprise-e1589471804418-300x66.jpg 300w, https:\/\/www.mes-allocs.fr\/guides\/wp-content\/uploads\/2020\/05\/Toutes-les-aides-Po\u0302le-emploi-pour-la-cre\u0301ation-dentreprise-e1589471804418-1024x225.jpg 1024w, https:\/\/www.mes-allocs.fr\/guides\/wp-content\/uploads\/2020\/05\/Toutes-les-aides-Po\u0302le-emploi-pour-la-cre\u0301ation-dentreprise-e1589471804418-768x169.jpg 768w, https:\/\/www.mes-allocs.fr\/guides\/wp-content\/uploads\/2020\/05\/Toutes-les-aides-Po\u0302le-emploi-pour-la-cre\u0301ation-dentreprise-e1589471804418-600x132.jpg 600w\" sizes=\"auto, (max-width: 1585px) 100vw, 1585px\" \/><\/a><\/p>\n<p style=\"text-align: justify;\"><strong>Vous souhaitez devenir micro-entrepreneur ? Le cr\u00e9ateur ou repreneur d\u2019entreprise indemnis\u00e9 par P\u00f4le emploi peut b\u00e9n\u00e9ficier du maintien de ses allocations ch\u00f4mage (ARE). Elles concernent un public large et divers. <\/strong><strong>Mes Allocs vous en dit plus sur l&rsquo; aide financi\u00e8re cr\u00e9ation entreprise ch\u00f4meur.<\/strong><strong> Tout savoir sur les aides aux ch\u00f4meurs cr\u00e9ateurs d&rsquo;entreprise.\u00a0<\/strong><\/p>\n<div class='cta-block'><div class='text'>Simulez toutes vos aides en 2 min.<\/div><a href='https:\/\/www.mes-allocs.fr\/ab-app?origin=guides\/wp-json\/wp\/v2\/posts\/6360' class='app-button fit'>Simulation gratuite<\/a><\/div>\n<div class=\"content-fiche\">\n<div class=\"tab-content\">\n<div id=\"situation1\" class=\"tab-pane active\">\n<div class=\"fiche-bloc bloc-principal\" data-toggle-scope=\"\">\n<div class=\"fiche-item\">\n<div class=\"fiche-item\">\n<div class=\"fiche-item\">\n<div class=\"fiche-item\">\n<div id=\"fiche-item-6situation1\" class=\"fiche-item-content collapse in\" aria-hidden=\"false\">\n<div class=\"fiche-item\">\n<div id=\"toc_container\" class=\"toc_white no_bullets contracted\">\n<h1><b>Comment fonctionnent les aides P\u00f4le Emploi pour cr\u00e9er une entreprise ?<\/b><\/h1>\n<h2><b>Faut-il \u00eatre demandeur d&#8217;emploi pour b\u00e9n\u00e9ficier des aides ?<\/b><\/h2>\n<p style=\"text-align: justify;\">Si vous \u00eates auto entrepreneur, vous pouvez tout \u00e0 fait pr\u00e9tendre aux aides de P\u00f4le Emploi, que vous soyez cr\u00e9ateur d&rsquo; entreprise ou repreneur d&rsquo; entreprise.<\/p>\n<p style=\"text-align: justify;\">Nul besoin d&rsquo;\u00eatre demandeur d&#8217;emploi pour b\u00e9n\u00e9ficier des aides financi\u00e8res mises en place. En remplissant les conditions fix\u00e9es, vous \u00eates \u00e9ligible \u00e0 l&rsquo;aide que vous souhaitez. N&rsquo;h\u00e9sitez donc pas \u00e0 contacter votre conseiller P\u00f4le Emploi : il saura vous orienter.<\/p>\n<p style=\"text-align: justify;\">En outre, si vous \u00eates salari\u00e9 et que votre entreprise compte vous licencier, le contrat de s\u00e9curisation professionnelle (CSP) peut vous accompagner. Il s&rsquo;agit d&rsquo;un dispositif de P\u00f4le Emploi pour vous aider \u00e0 cr\u00e9er votre entreprise.<\/p>\n<h2><b>Quel est le r\u00f4le de P\u00f4le Emploi dans la cr\u00e9ation de l&rsquo;entreprise ?<\/b><\/h2>\n<p style=\"text-align: justify;\">L&rsquo;organisme P\u00f4le Emploi ne vous permet pas directement de cr\u00e9er votre entreprise. En effet, contrairement \u00e0 des incubateurs par exemple, elle ne met pas \u00e0 disposition des demandeurs d&#8217;emploi des services de conseil pour la cr\u00e9ation et gestion d\u2019entreprise.<\/p>\n<p style=\"text-align: justify;\">En revanche, elle propose un ensemble d&rsquo;aides financi\u00e8res aux cr\u00e9ateurs et repreneurs d&rsquo;entreprise. \u00c0 cela s&rsquo;ajoute la liste d&rsquo;organismes priv\u00e9s et publiques, disponible sur le site de P\u00f4le Emploi. Ces structures constituent une aide \u00e0 la cr\u00e9ation non n\u00e9gligeable. Vous pourriez en avoir besoin pour le lancement de votre projet.<\/p>\n<p><iframe loading=\"lazy\" title=\"L&#039;ACRE\" width=\"500\" height=\"281\" src=\"https:\/\/www.youtube.com\/embed\/8bcid53zd-0?feature=oembed\" frameborder=\"0\" allow=\"accelerometer; autoplay; clipboard-write; encrypted-media; gyroscope; picture-in-picture; web-share\" referrerpolicy=\"strict-origin-when-cross-origin\" allowfullscreen><\/iframe><\/p>\n<h1><b>L&rsquo;aide \u00e0 la cr\u00e9ation ou \u00e0 la reprise d&rsquo;entreprise (ACRE)<\/b><\/h1>\n<h2><b>D\u00e9finition de l&rsquo;ACRE\u00a0<\/b><\/h2>\n<p style=\"text-align: justify;\">L&rsquo;ACRE est une allocation d&rsquo; aide \u00e0 la reprise d&rsquo;entreprise ou \u00e0 sa cr\u00e9ation, cr\u00e9\u00e9 en 2017. Elle ouvre la voie \u00e0 une exon\u00e9ration partielle des charges sociales, d\u00e8s le lancement de l\u2019activit\u00e9.<\/p>\n<p style=\"text-align: justify;\">Ce dispositif est dit \u00ab\u00a0exon\u00e9ration de d\u00e9but d&rsquo;activit\u00e9\u00a0\u00bb. En effet, auparavant, les b\u00e9n\u00e9ficiaires de l&rsquo;Acre pouvaient pr\u00e9tendre \u00e0 une exon\u00e9ration allant de 75% pour la premi\u00e8re ann\u00e9e \u00e0 10% pour la troisi\u00e8me.<\/p>\n<p style=\"text-align: justify;\">Depuis le 1er janvier 2020, cette aide a \u00e9t\u00e9 r\u00e9vis\u00e9e. Le taux d\u2019exon\u00e9ration des charges sociales est d\u00e9sormais de 50% pour les b\u00e9n\u00e9ficiaires de l\u2019Acre : pour les quatre premiers trimestres d\u2019activit\u00e9.<\/p>\n<p style=\"text-align: justify;\">Par la suite, ces charges seront pr\u00e9lev\u00e9es au m\u00eame taux que les autres entrepreneurs.<\/p>\n<h2><b>Quelles sont les conditions d&rsquo;attribution ?<\/b><\/h2>\n<p>Les conditions d&rsquo;attribution d\u00e9pendent de votre date de souscription (avant le 1er janvier 2020 ou apr\u00e8s). N\u00e9anmoins, pour b\u00e9n\u00e9ficier de l&rsquo; ACRE il existe des conditions g\u00e9n\u00e9rales, qui s&rsquo;appuient sur votre situation :<\/p>\n<ul>\n<li>Demandeur d&#8217;emploi indemnis\u00e9,<\/li>\n<li>Demandeur d&#8217;emploi non indemnis\u00e9 (inscrit \u00e0 P\u00f4le emploi depuis plus de 6 mois au cours des 18 derniers mois),<\/li>\n<li>B\u00e9n\u00e9ficiaire de l&rsquo;allocation de solidarit\u00e9 sp\u00e9cifique (ASS) ou du revenu de solidarit\u00e9 active (RSA),<\/li>\n<li>Avoir entre 18 ans et moins de 26 ans,<\/li>\n<li>Cr\u00e9er ou reprendre une entreprise implant\u00e9e au sein d&rsquo;un quartier prioritaire de la ville (QPV),<\/li>\n<li>Avoir moins de 30 ans et \u00eatre reconnu handicap\u00e9,<\/li>\n<li>B\u00e9n\u00e9ficier de la prestation partag\u00e9e d&rsquo;\u00e9ducation de l&rsquo;enfant (PreParE),<\/li>\n<li>Avoir conclu un contrat d&rsquo;appui au projet d&rsquo;entreprise (Cape),<\/li>\n<li>\u00catre travailleur ind\u00e9pendant, sans relever du r\u00e9gime micro-social.<\/li>\n<\/ul>\n<p><b>Attention :<\/b> <strong>depu<\/strong><b>is la r\u00e9forme de 2020, les conditions et les d\u00e9marches pour b\u00e9n\u00e9ficier de l&rsquo;ACRE ont \u00e9t\u00e9 profond\u00e9ment modifi\u00e9es. Les jeunes et les demandeurs d\u2019emploi sont sp\u00e9cifiquement \u00e9ligibles \u00e0 ce financement.<\/b><\/p>\n<p><b>En outre, vous devez envoyer un dossier au CFE (centre de formalit\u00e9s) comp\u00e9tent dans les 45 jours qui suivent la cr\u00e9ation de votre entreprise.<\/b><\/p>\n<h2><b>O\u00f9 adresser ma demande d&rsquo;ACRE ?<\/b><\/h2>\n<p>Votre demande doit \u00eatre envoy\u00e9e \u00e0 l&rsquo;Urssaf :<\/p>\n<ul>\n<li>au moment du d\u00e9p\u00f4t de votre dossier de cr\u00e9ation ou de reprise<\/li>\n<\/ul>\n<p><b>ou<\/b><\/p>\n<ul>\n<li>au plus tard dans les 45 jours suivants ce d\u00e9p\u00f4t<\/li>\n<\/ul>\n<h2><b>Comment fonctionne l&rsquo;exon\u00e9ration ?<\/b><\/h2>\n<p><b>Votre exon\u00e9ration varie en fonction de vos revenus d&rsquo;activit\u00e9. La limite est fix\u00e9e \u00e0 47 100\u20ac.<\/b><\/p>\n<ul>\n<li><b>Si vos revenus sont sup\u00e9rieurs \u00e0 ce seuil, l&rsquo;exon\u00e9ration ne s&rsquo;applique pas.<\/b><\/li>\n<li><b><\/b><b>Si vos revenus sont inf\u00e9rieurs \u00e0 75 % du plafond annuel de la S\u00e9curit\u00e9 sociale (PASS), donc inf\u00e9rieur \u00e0 35 325 \u20ac, l&rsquo;exon\u00e9ration est totale. Attention, cela vaut uniquement pour l&rsquo;ann\u00e9e 2025.<\/b><\/li>\n<\/ul>\n<p>Vous b\u00e9n\u00e9ficiez de l&rsquo;ACRE pendant une dur\u00e9e qui correspond \u00e0 des p\u00e9riodes.<\/p>\n<ul>\n<li><b>Une p\u00e9riode = 4 trimestres civils.<\/b><\/li>\n<li><b><\/b><b>La premi\u00e8re p\u00e9riode commence \u00e0 la date de cr\u00e9ation de votre activit\u00e9. Elle va jusqu&rsquo;\u00e0 la fin du troisi\u00e8me trimestre qui suit.<\/b><\/li>\n<li><b><\/b><b>Pendant cette premi\u00e8re p\u00e9riode, l&rsquo;exon\u00e9ration de cotisations sociales s&rsquo;\u00e9l\u00e8ve \u00e0 50%.<\/b><\/li>\n<\/ul>\n<p>Le paiement des cotisations sociales est estim\u00e9 en appliquant au CA g\u00e9n\u00e9r\u00e9 par votre activit\u00e9, un taux variant selon votre secteur. Par cons\u00e9quent, le montant des cotisations est connu \u00e0 l&rsquo;avance.<\/p>\n<ul>\n<li><b><\/b><b>Si vos revenus sont compris entre 35 325 \u20ac et 47 100 \u20ac, alors l&rsquo;exon\u00e9ration est d\u00e9gressive.<\/b><\/li>\n<\/ul>\n<p>Ce montant d\u00e9gressif est calcul\u00e9 ainsi :<\/p>\n<p><b>Montant de l\u2019exon\u00e9ration = (Cotisations dues pour 30\u00a0852\u00a0\u20ac \/ 10\u00a0284\u00a0\u20ac) x (41\u00a0136\u00a0\u20ac &#8211; revenu ou r\u00e9mun\u00e9ration).<\/b><\/p>\n<div class='cta-block'><div class='text'>Simulez toutes vos aides en 2 min.<\/div><a href='https:\/\/www.mes-allocs.fr\/ab-app?origin=guides\/wp-json\/wp\/v2\/posts\/6360' class='app-button fit'>Simulation gratuite<\/a><\/div>\n<h1><b>L&rsquo;aide \u00e0 la reprise et \u00e0 la cr\u00e9ation d\u2019entreprise (ARCE)<\/b><\/h1>\n<h2>\u00c0 quoi sert l&rsquo;ARCE ?<\/h2>\n<p>L&rsquo;ARCE aide les demandeurs d\u2019emploi (et cr\u00e9ateurs d&rsquo;entreprise) \u00e0 toucher leur allocation ch\u00f4mage, sous la forme de capital. Les demandeurs d\u2019emploi ont aussi la possibilit\u00e9 de conserver leurs allocations pendant une p\u00e9riode d\u00e9finie.<\/p>\n<p>Si le cr\u00e9ateur d&rsquo;entreprise opte pour un versement sous forme de capital, il per\u00e7oit alors 60% des droits restants. Ils sont vers\u00e9s en deux fois, en six mois d\u2019intervalle.<\/p>\n<h2>Le cumul de l&rsquo;ARCE et l&rsquo;ARE<\/h2>\n<p>\u00c0 noter que vous ne pouvez pas cumuler l\u2019ARCE et l\u2019ARE. En effet, l\u2019ARCE est une aide vers\u00e9e par P\u00f4le Emploi, sous la forme de 60% de vos allocations ch\u00f4mage en capital, au lieu d\u2019un versement mensuel.<\/p>\n<p>Vous devez donc choisir entre :<\/p>\n<ul>\n<li><b><\/b>un versement mensuel des allocations<b> ou<\/b><\/li>\n<li>un versement \u201cen un coup\u201d.<\/li>\n<\/ul>\n<h1><b>L&rsquo;allocation d\u2019aide au retour \u00e0 l\u2019emploi (ARE)<\/b><\/h1>\n<h2>Pourquoi s&rsquo;inscrire \u00e0 P\u00f4le Emploi ?<\/h2>\n<p>Si vous avez un projet de cr\u00e9ation et que vous \u00eates inscrit \u00e0 P\u00f4le Emploi, vous pouvez conserver vos allocations ch\u00f4mage. Ce syst\u00e8me s&rsquo;adresse aux cr\u00e9ateurs ne souhaitant pas b\u00e9n\u00e9ficier du capital vers\u00e9 dans le cadre de l&rsquo;ARCE.<\/p>\n<p>La continuit\u00e9 des versements est n\u00e9anmoins possibles et se fait en fonction du chiffres d&rsquo;affaires g\u00e9n\u00e9r\u00e9 par la nouvelle entreprise.<\/p>\n<p><b>Plus exactement, vous pouvez opter pour un maintien partiel de vos allocations ch\u00f4mage, si vous percevez une r\u00e9mun\u00e9ration de dirigeant inf\u00e9rieure \u00e0 votre r\u00e9mun\u00e9ration ant\u00e9rieure.<\/b><\/p>\n<p><b>D\u2019autre part, vos allocations peuvent \u00eatre maintenues dans leur totalit\u00e9 si vous n\u2019\u00eates pas r\u00e9mun\u00e9r\u00e9.<span class=\"Apple-converted-space\">\u00a0<\/span><\/b><\/p>\n<h2><b>Pour quelle aide opter : l\u2019ARCE ou l\u2019ARE ?<\/b><\/h2>\n<p style=\"text-align: justify;\"><strong>Comparaisons des aides financi\u00e8res attribu\u00e9es par P\u00f4le Emploi :\u00a0<\/strong><\/p>\n\n<div class=\"wpdt-c row wpDataTableContainerSimpleTable wpDataTables wpDataTablesWrapper\n\"\n    >\n    <table id=\"wpdtSimpleTable-403\"\n           class=\"wpdtSimpleTable wpDataTable\"\n           data-column=\"4\"\n           data-rows=\"4\"\n           data-wpID=\"403\"\n           data-responsive=\"0\"\n           data-has-header=\"1\">\n\n                    <thead>        <tr class=\"wpdt-cell-row \" >\n                            <th class=\"wpdt-cell wpdt-bc-F3F9FE wpdt-bold\"\n                                    data-cell-id=\"A1\"\n                data-col-index=\"0\"\n                data-row-index=\"0\"\n                style=\" width:24.63768115942%;                padding:10px;\"\n                >\n                                Avantages et inconv\u00e9nients                <\/th>\n                                            <th class=\"wpdt-cell wpdt-bc-F3F9FE wpdt-bold\"\n                                    data-cell-id=\"B1\"\n                data-col-index=\"1\"\n                data-row-index=\"0\"\n                style=\" width:26.086956521739%;                padding:10px;\"\n                >\n                                ARCE                <\/th>\n                                            <th class=\"wpdt-cell wpdt-bc-F3F9FE wpdt-bold\"\n                                    data-cell-id=\"C1\"\n                data-col-index=\"2\"\n                data-row-index=\"0\"\n                style=\" width:24.63768115942%;                padding:10px;\"\n                >\n                                ARE                <\/th>\n                                            <th class=\"wpdt-cell wpdt-bc-F3F9FE wpdt-bold\"\n                                    data-cell-id=\"D1\"\n                data-col-index=\"3\"\n                data-row-index=\"0\"\n                style=\" width:24.63768115942%;                padding:10px;\"\n                >\n                                ACRE                <\/th>\n                                        <\/tr>\n                    <tbody>        <tr class=\"wpdt-cell-row \" >\n                            <td class=\"wpdt-cell \"\n                                    data-cell-id=\"A2\"\n                data-col-index=\"0\"\n                data-row-index=\"1\"\n                style=\"                padding:10px;\"\n                >\n                                Statut de demandeur d'emploi                <\/td>\n                                            <td class=\"wpdt-cell \"\n                                    data-cell-id=\"B2\"\n                data-col-index=\"1\"\n                data-row-index=\"1\"\n                style=\"                padding:10px;\"\n                >\n                                \/                <\/td>\n                                            <td class=\"wpdt-cell \"\n                                    data-cell-id=\"C2\"\n                data-col-index=\"2\"\n                data-row-index=\"1\"\n                style=\"                padding:10px;\"\n                >\n                                Statut de demandeur d'emploi conserv\u00e9\u00a0: acc\u00e8s \u00e0 une protection sociale (r\u00e9gime g\u00e9n\u00e9ral de la s\u00e9curit\u00e9 sociale) et validation des trimestres de retraite                <\/td>\n                                            <td class=\"wpdt-cell \"\n                                    data-cell-id=\"D2\"\n                data-col-index=\"3\"\n                data-row-index=\"1\"\n                style=\"                padding:10px;\"\n                >\n                                Perte du statut de demandeur d'emploi : les trimestres de retraite ne sont plus valid\u00e9s, vous\u00a0conservez cependant une couverture sociale pendant 12 mois.                <\/td>\n                                        <\/tr>\n                            <tr class=\"wpdt-cell-row \" >\n                            <td class=\"wpdt-cell \"\n                                    data-cell-id=\"A3\"\n                data-col-index=\"0\"\n                data-row-index=\"2\"\n                style=\"                padding:10px;\"\n                >\n                                Versement des allocations                <\/td>\n                                            <td class=\"wpdt-cell \"\n                                    data-cell-id=\"B3\"\n                data-col-index=\"1\"\n                data-row-index=\"2\"\n                style=\"                padding:10px;\"\n                >\n                                Uniquement 60% de vos allocations ch\u00f4mage per\u00e7us, en deux versements                <\/td>\n                                            <td class=\"wpdt-cell \"\n                                    data-cell-id=\"C3\"\n                data-col-index=\"2\"\n                data-row-index=\"2\"\n                style=\"                padding:10px;\"\n                >\n                                Versement mensuel de vos aides. Vous les percevez jusqu'au terme de vos droits.Attention : si vous projet de cr\u00e9ation d'entreprise n'aboutit pas, vous pouvez demander \u00e0 \u00eatre r\u00e9inscrit sur la liste de demandeurs d'emploi et ainsi, acc\u00e9der \u00e0 l'ARE.                <\/td>\n                                            <td class=\"wpdt-cell \"\n                                    data-cell-id=\"D3\"\n                data-col-index=\"3\"\n                data-row-index=\"2\"\n                style=\"                padding:10px;\"\n                >\n                                \/                <\/td>\n                                        <\/tr>\n                            <tr class=\"wpdt-cell-row \" >\n                            <td class=\"wpdt-cell \"\n                                    data-cell-id=\"A4\"\n                data-col-index=\"0\"\n                data-row-index=\"3\"\n                style=\"                padding:10px;\"\n                >\n                                R\u00e9mun\u00e9ration et\u00a0versement des allocations\u00a0                <\/td>\n                                            <td class=\"wpdt-cell \"\n                                    data-cell-id=\"B4\"\n                data-col-index=\"1\"\n                data-row-index=\"3\"\n                style=\"                padding:10px;\"\n                >\n                                Si vous dirigez une entreprise et que vous \u00eates r\u00e9mun\u00e9r\u00e9, aucune incidence sur vos aides ARCE.                <\/td>\n                                            <td class=\"wpdt-cell \"\n                                    data-cell-id=\"C4\"\n                data-col-index=\"2\"\n                data-row-index=\"3\"\n                style=\"                padding:10px;\"\n                >\n                                Les ARE sont r\u00e9duits voire supprim\u00e9s si vous percevez des revenus \u00e9quivalents ou sup\u00e9rieurs \u00e0 ceux que vous perceviez avant.                <\/td>\n                                            <td class=\"wpdt-cell \"\n                                    data-cell-id=\"D4\"\n                data-col-index=\"3\"\n                data-row-index=\"3\"\n                style=\"                padding:10px;\"\n                >\n                                \u00a0                <\/td>\n                                        <\/tr>\n                    <\/table>\n<\/div><style id='wpdt-custom-style-403'>\ntable#wpdtSimpleTable-403{ table-layout: fixed !important; }\n.wpdt-bc-F3F9FE { background-color: #F3F9FE !important;}\n<\/style>\n\n<p>&nbsp;<\/p>\n<h1><b>Quelles sont les aides (fiscales) accessibles pour cr\u00e9er ou reprendre une entreprise ?<\/b><\/h1>\n<p>Certaines entreprises peuvent b\u00e9n\u00e9ficier de r\u00e9duction ou d\u2019exon\u00e9ration d\u2019imp\u00f4ts, lors de leur cr\u00e9ation.<\/p>\n<h2><b>L&rsquo;exon\u00e9ration d\u2019imp\u00f4ts<\/b><\/h2>\n<p>Vous \u00eates \u00e9ligible \u00e0 l&rsquo;exon\u00e9ration d\u2019imp\u00f4ts, si vous implantez votre entreprise dans les lieux ci-dessous :<\/p>\n<ul>\n<li>Zone d&rsquo;aide \u00e0 finalit\u00e9 r\u00e9gionale (ZAFR),<\/li>\n<li>une zone franche urbaine (ZFU),<\/li>\n<li>une zone de revitalisation rurale (ZRR),<\/li>\n<li>un bassin d\u2019emploi \u00e0 redynamiser,<\/li>\n<li>un quartier prioritaire dans la ville (QPV),<\/li>\n<li>zone de restructuration de la d\u00e9fense (ZRD),<\/li>\n<\/ul>\n<p>Ces avantages fiscaux d\u00e9pendent de la localisation de votre activit\u00e9.<\/p>\n<h2><b>L&rsquo;exon\u00e9ration de cotisation fonci\u00e8re des entreprises (CFE)<\/b><\/h2>\n<p>La CFE est due par l&rsquo;ensemble des entrepreneurs, sans distinction de statut ou de taille d&rsquo;entreprise.<\/p>\n<p>D&rsquo;ailleurs, les nouvelles entreprises sont concern\u00e9es par une exon\u00e9ration totale de CFE pour la premi\u00e8re ann\u00e9e. L&rsquo;ann\u00e9e suivante, la CFE sera r\u00e9duite de 50% de leur base d\u2019imposition.<\/p>\n<p><b>Bon \u00e0 savoir : <\/b>ce dispositif s&rsquo;applique automatiquement. Nul besoin d&rsquo;effectuer de d\u00e9marche sp\u00e9cifique.<\/p>\n<h2><b>Le cr\u00e9dit d&rsquo;imp\u00f4t recherche (CIR)<\/b><\/h2>\n<p>Le CIR est une aide destin\u00e9e aux entreprises innovantes. Elle leur permet de b\u00e9n\u00e9ficier d&rsquo;un apport financier cons\u00e9quent, tout en conservant d&rsquo;autres exon\u00e9rations fiscales (notamment des exon\u00e9rations de charges sociales, accord\u00e9es si l&rsquo;entreprise est bas\u00e9e par exemple en zone aid\u00e9e, dans les DOM etc).<\/p>\n<p>Il est calcul\u00e9 sur les d\u00e9penses de recherche et d\u00e9veloppement de l&rsquo;entreprise, r\u00e9alis\u00e9es au cours de l&rsquo;ann\u00e9e.<\/p>\n<h2><b>Le report d&rsquo;imposition des plus-values d&rsquo;apport de brevets<\/b><\/h2>\n<p>Le report d&rsquo;imposition des plus-values d&rsquo;apport de brevets permet de g\u00e9n\u00e9rer un b\u00e9n\u00e9fice de la protection industrielle, effectu\u00e9e pr\u00e9alablement \u00e0 la cr\u00e9ation de l&rsquo;entreprise. Si le porteur de projet est titulaire d&rsquo;un brevet, il peut l&rsquo;offrir \u00e0 la soci\u00e9t\u00e9, en charge de l&rsquo;exploitation de ce brevet. Par cons\u00e9quent, la plus-value retir\u00e9e de cet apport est imposable, mais elle peut \u00eatre report\u00e9e.<\/p>\n<div class='cta-block'><div class='text'>Simulez toutes vos aides en 2 min.<\/div><a href='https:\/\/www.mes-allocs.fr\/ab-app?origin=guides\/wp-json\/wp\/v2\/posts\/6360' class='app-button fit'>Simulation gratuite<\/a><\/div>\n<\/div>\n<\/div>\n<\/div>\n<\/div>\n<\/div>\n<\/div>\n<\/div>\n<\/div>\n<\/div>\n<\/div>\n<\/div>\n","protected":false},"excerpt":{"rendered":"<p>Vous souhaitez devenir micro-entrepreneur ? Le cr\u00e9ateur ou repreneur d\u2019entreprise indemnis\u00e9 par P\u00f4le emploi peut b\u00e9n\u00e9ficier du maintien de ses allocations ch\u00f4mage (ARE). Elles concernent un public large et divers. Mes Allocs vous en dit plus sur l&rsquo; aide financi\u00e8re cr\u00e9ation entreprise ch\u00f4meur. Tout savoir sur les aides aux ch\u00f4meurs cr\u00e9ateurs d&rsquo;entreprise.\u00a0 Comment fonctionnent les [&hellip;]<\/p>\n","protected":false},"author":7,"featured_media":6617,"comment_status":"open","ping_status":"open","sticky":false,"template":"","format":"standard","meta":{"amp_status":"","footnotes":""},"categories":[35853,1411],"tags":[],"class_list":["post-6360","post","type-post","status-publish","format-standard","has-post-thumbnail","hentry","category-aide-entreprise","category-aides-sociales"],"yoast_head":"<!-- This site is optimized with the Yoast SEO plugin v14.9 - https:\/\/yoast.com\/wordpress\/plugins\/seo\/ -->\n<title>Toutes les aides P\u00f4le emploi pour la cr\u00e9ation d&#039;entreprise | Mes-Allocs.fr<\/title>\n<meta name=\"description\" content=\"Les aides P\u00f4le Emploi pour la cr\u00e9ation d&#039;entreprise ne sont pas uniquement r\u00e9serv\u00e9es aux demandeurs d&#039;emploi. Elles concernent un public large et divers.\" \/>\n<meta name=\"robots\" content=\"index, follow, max-snippet:-1, max-image-preview:large, max-video-preview:-1\" \/>\n<link rel=\"canonical\" href=\"https:\/\/www.mes-allocs.fr\/guides\/aide-entreprise\/aide-creation-entreprise-pole-emploi\/\" \/>\n<meta property=\"og:locale\" content=\"fr_FR\" \/>\n<meta property=\"og:type\" content=\"article\" \/>\n<meta property=\"og:title\" content=\"Toutes les aides P\u00f4le emploi pour la cr\u00e9ation d&#039;entreprise | Mes-Allocs.fr\" \/>\n<meta property=\"og:description\" content=\"Les aides P\u00f4le Emploi pour la cr\u00e9ation d&#039;entreprise ne sont pas uniquement r\u00e9serv\u00e9es aux demandeurs d&#039;emploi. Elles concernent un public large et divers.\" \/>\n<meta property=\"og:url\" content=\"https:\/\/www.mes-allocs.fr\/guides\/aide-entreprise\/aide-creation-entreprise-pole-emploi\/\" \/>\n<meta property=\"og:site_name\" content=\"Mes-Allocs.fr\" \/>\n<meta property=\"article:published_time\" content=\"2020-05-20T14:15:39+00:00\" \/>\n<meta property=\"article:modified_time\" content=\"2025-09-29T08:54:06+00:00\" \/>\n<meta property=\"og:image\" content=\"https:\/\/www.mes-allocs.fr\/guides\/wp-content\/uploads\/2020\/05\/Toutes-les-aides-Po\u0302le-emploi-pour-la-cre\u0301ation-dentreprise-e1589471804418.jpg?wsr\" \/>\n\t<meta property=\"og:image:width\" content=\"1280\" \/>\n\t<meta property=\"og:image:height\" content=\"281\" \/>\n<meta name=\"twitter:card\" content=\"summary_large_image\" \/>\n<script type=\"application\/ld+json\" class=\"yoast-schema-graph\">{\"@context\":\"https:\/\/schema.org\",\"@graph\":[{\"@type\":\"WebSite\",\"@id\":\"https:\/\/www.mes-allocs.fr\/guides\/#website\",\"url\":\"https:\/\/www.mes-allocs.fr\/guides\/\",\"name\":\"Mes-Allocs.fr\",\"description\":\"\",\"potentialAction\":[{\"@type\":\"SearchAction\",\"target\":\"https:\/\/www.mes-allocs.fr\/guides\/?s={search_term_string}\",\"query-input\":\"required name=search_term_string\"}],\"inLanguage\":\"fr-FR\"},{\"@type\":\"ImageObject\",\"@id\":\"https:\/\/www.mes-allocs.fr\/guides\/aide-entreprise\/aide-creation-entreprise-pole-emploi\/#primaryimage\",\"inLanguage\":\"fr-FR\",\"url\":\"https:\/\/www.mes-allocs.fr\/guides\/wp-content\/uploads\/2020\/05\/Toutes-les-aides-Po\\u0302le-emploi-pour-la-cre\\u0301ation-dentreprise-e1589471804418.jpg?wsr\",\"width\":1280,\"height\":281,\"caption\":\"Toutes les aides Po\\u0302le emploi pour la cre\\u0301ation dentreprise e1589471804418\"},{\"@type\":\"WebPage\",\"@id\":\"https:\/\/www.mes-allocs.fr\/guides\/aide-entreprise\/aide-creation-entreprise-pole-emploi\/#webpage\",\"url\":\"https:\/\/www.mes-allocs.fr\/guides\/aide-entreprise\/aide-creation-entreprise-pole-emploi\/\",\"name\":\"Toutes les aides P\\u00f4le emploi pour la cr\\u00e9ation d'entreprise | Mes-Allocs.fr\",\"isPartOf\":{\"@id\":\"https:\/\/www.mes-allocs.fr\/guides\/#website\"},\"primaryImageOfPage\":{\"@id\":\"https:\/\/www.mes-allocs.fr\/guides\/aide-entreprise\/aide-creation-entreprise-pole-emploi\/#primaryimage\"},\"datePublished\":\"2020-05-20T14:15:39+00:00\",\"dateModified\":\"2025-09-29T08:54:06+00:00\",\"author\":{\"@id\":\"https:\/\/www.mes-allocs.fr\/guides\/#\/schema\/person\/1c4837d5703727cb02ce84583b5a44aa\"},\"description\":\"Les aides P\\u00f4le Emploi pour la cr\\u00e9ation d'entreprise ne sont pas uniquement r\\u00e9serv\\u00e9es aux demandeurs d'emploi. Elles concernent un public large et divers.\",\"inLanguage\":\"fr-FR\"},{\"@type\":\"Person\",\"@id\":\"https:\/\/www.mes-allocs.fr\/guides\/#\/schema\/person\/1c4837d5703727cb02ce84583b5a44aa\",\"name\":\"Fabiola\",\"image\":{\"@type\":\"ImageObject\",\"@id\":\"https:\/\/www.mes-allocs.fr\/guides\/#personlogo\",\"inLanguage\":\"fr-FR\",\"url\":\"https:\/\/www.mes-allocs.fr\/guides\/wp-content\/uploads\/2021\/06\/fabiola-150x150.png\",\"caption\":\"Fabiola\"},\"description\":\"Fabiola est r\\u00e9dactrice au sein de l'\\u00e9quipe Mes Allocs, sp\\u00e9cialis\\u00e9e en sciences politiques et affaires publiques. Dipl\\u00f4m\\u00e9e de l'HEIP, elle rejoint Mes Allocs apr\\u00e8s une premi\\u00e8re exp\\u00e9rience \\u00e0 l'Assembl\\u00e9e Nationale.\",\"sameAs\":[\"https:\/\/www.linkedin.com\/in\/cecilia-philippe-b-8a8085195\"]}]}<\/script>\n<!-- \/ Yoast SEO plugin. -->","amp_validity":null,"acf":{"faq":{"1":{"question":"Quelles aides pour les jeunes entrepreneurs ?","answer":"Les moins de 25 ans peuvent pr\u00e9tendre au nouvel accompagnement pour la cr\u00e9ation ou la reprise d'entreprise (NACRE).\r\n\r\nL'aide \u00e0 la cr\u00e9ation ou \u00e0 la reprise d'entreprise (ACRE) est \u00e9galement accessible aux jeunes entrepreneurs. \u00c0 cela s'ajoute l\u2019accompagnement Cr\u00e9a Jeunes et l\u2019accompagnement Cap\u2019Jeunes."},"2":{"question":"Quelles sont les aides \u00e0 la cr\u00e9ation d'entreprise pour les ch\u00f4meurs ?","answer":"Les aides \u00e0 la cr\u00e9ation d'entreprise pour les ch\u00f4meurs inclut :\r\n\r\n- le nouvel accompagnement pour la cr\u00e9ation ou la reprise d'entreprise (NACRE)\r\n- l'aide \u00e0 la cr\u00e9ation ou \u00e0 la reprise d'entreprise (ACRE)\r\n- L'aide \u00e0 la reprise et \u00e0 la cr\u00e9ation d\u2019entreprise (ARCE)\r\n- l'allocation d\u2019aide au retour \u00e0 l\u2019emploi (ARE)"},"3":{"question":"Quelles sont les subventions pour la cr\u00e9ation d'entreprise ?","answer":"Vous souhaitez cr\u00e9er votre entreprise ? Vous pouvez solliciter les aides suivantes :\r\n\r\n- L'aide \u00e0 la reprise et \u00e0 la cr\u00e9ation d\u2019entreprise (ARCE)\r\n- L'aide \u00e0 la cr\u00e9ation ou \u00e0 la reprise d'entreprise (ACRE)\r\n- Le nouvel accompagnement pour la cr\u00e9ation ou la reprise d'entreprise (NACRE)\r\n- Activ\u2019Crea : la formation \u00e0 la cr\u00e9ation d\u2019entreprise de P\u00f4le Emploi"},"4":{"question":"Q'est-ce que l'Arce ?","answer":"L'ARCE est une aide destin\u00e9e aux demandeurs d\u2019emploi (et cr\u00e9ateurs d'entreprise). Elle leur permet de toucher leur allocation ch\u00f4mage, sous la forme de capital. Les demandeurs d\u2019emploi ont aussi la possibilit\u00e9 de conserver leurs allocations pendant une p\u00e9riode d\u00e9finie.\r\n\r\nSi le cr\u00e9ateur d'entreprise opte pour un versement sous forme de capital, il per\u00e7oit alors 60% des droits restants. Ils sont vers\u00e9s en deux fois, en six mois d\u2019intervalle."},"5":{"question":"Comment calculer le montant de l'Arce ?","answer":"Le montant de l'Arce repr\u00e9sente 60 % du montant des droits \u00e0 l'ARE restant, \u00e0 verser lors du d\u00e9but de l'activit\u00e9. Une d\u00e9duction de 3 % sera appliqu\u00e9e sur le montant du capital. Elle sert \u00e0 financer les retraites compl\u00e9mentaires.\r\n\r\nAinsi, supposons qu'un b\u00e9n\u00e9ficiaire touche une aide ARE de 40\u20ac par jour pour une dur\u00e9e de 730 jours. Apr\u00e8s le d\u00e9lai d'attente, il est pris en charge le 1er mars 2025, date \u00e0 laquelle il touche l'ARE (du 1er au 31 mars 2025).\r\n\r\nLe 1er avril 2025, son entreprise est cr\u00e9\u00e9e. \u00c0 cette date, il dispose d'un reste de droits de 700 jours (730 jours - 30 jours). Le montant du capital sera de : [(40 \u20ac x 700 jours) x 0.45] = 12600 \u20ac (avec la d\u00e9duction de 3 % : 12222 \u20ac)."},"6":{"question":" Comment b\u00e9n\u00e9ficier de l'Accre en 2025 ?","answer":"Pour b\u00e9n\u00e9ficier de l\u2019ACRE, il faut remplir une de ces conditions :\r\n\r\n- avoir entre 18 et 25 ans\r\n- \u00eatre b\u00e9n\u00e9ficiaire de l'allocation d'aide au retour \u00e0 l'emploi (ARE) ou l'allocation de s\u00e9curisation professionnelle (ASP)\r\n- \u00eatre demandeur d'emploi non indemnis\u00e9 inscrit depuis plus de 6 mois ces 18 derniers mois\r\n- \u00eatre b\u00e9n\u00e9ficiaire de l'allocation de solidarit\u00e9 sp\u00e9cifique (ASS) ou le Revenu de Solidarit\u00e9 Active (RSA)\r\n- cr\u00e9er une entreprise implant\u00e9e au sein d\u2019une zone urbaine sensible (ZUS)\r\n- \u00eatre reconnu(e) handicap\u00e9(e)\r\n\r\nPar ailleurs, il faut remplir un formulaire et l'envoyer au centre de formalit\u00e9s des entreprises dans les 45 jours suivant la date de cr\u00e9ation de l\u2019entreprise.\r\n"},"7":{"question":"Comment avoir droit \u00e0 la nacre ?","answer":"La NACRE est accessible aux personnes suivantes :\r\n\r\n- demandeurs d'emploi,\r\n- b\u00e9n\u00e9ficiaires du RSA,\r\n- jeunes de moins 25 ans,\r\n- salari\u00e9s d'une entreprise en liquidation judiciaire,\r\n- cr\u00e9ateurs d'entreprise install\u00e9s dans un quartier prioritaire de la politique de la ville.\r\n\r\nPour l'obtenir, il faut se tourner vers un organisme ayant sign\u00e9 une convention avec l'\u00c9tat, tels qu'un organisme d'aide \u00e0 la cr\u00e9ation, association, CCI, expert-comptable etc."},"8":{"question":"Qui peut b\u00e9n\u00e9ficier de l'Acre ?","answer":"Le 1er janvier 2019, la liste des b\u00e9n\u00e9ficiaires de l\u2019ACRE a \u00e9t\u00e9 \u00e9tendue. Ainsi pendant un an, tous les cr\u00e9ateurs et repreneurs d\u2019entreprise ont pu en b\u00e9n\u00e9ficier.\r\n\r\nMais la loi de finance pour 2023 a recentr\u00e9 l'ACRE  sur une liste de b\u00e9n\u00e9ficiaires sp\u00e9cifiques :\r\n\r\n- demandeurs d'emploi \r\n- b\u00e9n\u00e9ficiaires du RSA et de l'ASS\r\n- jeunes entre 18 et 25 ans inclu\r\n- jeunes handicap\u00e9s de moins de 30 ans\r\n- personnes ayant conclu un contrat d'appui au projet d'entreprise\r\n- cr\u00e9ateurs et repreneurs d'une entreprise implant\u00e9e en zone urbaine sensible\r\n- b\u00e9n\u00e9ficiaires de la prestation partag\u00e9e d'\u00e9duction de l'enfant (PreParE)\r\n- conjoints collaborateurs des travailleurs ind\u00e9pendants, ne relevant pas du r\u00e9gime micro-fiscal et b\u00e9n\u00e9ficiant lui m\u00eame de l'ACRE\r\n- personnes salari\u00e9es ou licenci\u00e9es d'une entreprise soumise \u00e0 une proc\u00e9dure de sauvegarde, redressement ou liquidation judiciaire qui reprennent tout ou partie d'une entreprise.\r\n\r\n "},"9":{"question":"","answer":""},"10":{"question":"","answer":""},"11":{"question":"","answer":""},"12":{"question":"","answer":""},"13":{"question":"","answer":""},"14":{"question":"","answer":""},"15":{"question":"","answer":""},"16":{"question":"","answer":""}}},"_links":{"self":[{"href":"https:\/\/www.mes-allocs.fr\/guides\/wp-json\/wp\/v2\/posts\/6360","targetHints":{"allow":["GET"]}}],"collection":[{"href":"https:\/\/www.mes-allocs.fr\/guides\/wp-json\/wp\/v2\/posts"}],"about":[{"href":"https:\/\/www.mes-allocs.fr\/guides\/wp-json\/wp\/v2\/types\/post"}],"author":[{"embeddable":true,"href":"https:\/\/www.mes-allocs.fr\/guides\/wp-json\/wp\/v2\/users\/7"}],"replies":[{"embeddable":true,"href":"https:\/\/www.mes-allocs.fr\/guides\/wp-json\/wp\/v2\/comments?post=6360"}],"version-history":[{"count":41,"href":"https:\/\/www.mes-allocs.fr\/guides\/wp-json\/wp\/v2\/posts\/6360\/revisions"}],"predecessor-version":[{"id":104105,"href":"https:\/\/www.mes-allocs.fr\/guides\/wp-json\/wp\/v2\/posts\/6360\/revisions\/104105"}],"wp:featuredmedia":[{"embeddable":true,"href":"https:\/\/www.mes-allocs.fr\/guides\/wp-json\/wp\/v2\/media\/6617"}],"wp:attachment":[{"href":"https:\/\/www.mes-allocs.fr\/guides\/wp-json\/wp\/v2\/media?parent=6360"}],"wp:term":[{"taxonomy":"category","embeddable":true,"href":"https:\/\/www.mes-allocs.fr\/guides\/wp-json\/wp\/v2\/categories?post=6360"},{"taxonomy":"post_tag","embeddable":true,"href":"https:\/\/www.mes-allocs.fr\/guides\/wp-json\/wp\/v2\/tags?post=6360"}],"curies":[{"name":"wp","href":"https:\/\/api.w.org\/{rel}","templated":true}]}}