{"id":6354,"date":"2020-05-20T15:08:56","date_gmt":"2020-05-20T15:08:56","guid":{"rendered":"https:\/\/www.mes-allocs.fr\/guides\/?p=6354"},"modified":"2025-02-25T12:04:36","modified_gmt":"2025-02-25T10:04:36","slug":"aides-mission-locale","status":"publish","type":"post","link":"https:\/\/www.mes-allocs.fr\/guides\/aide-par-situation\/aide-jeune\/aides-mission-locale\/","title":{"rendered":"Aides Mission Locale : jusqu&rsquo;\u00e0 550 \u20ac par mois !"},"content":{"rendered":"<p style=\"text-align: justify;\"><a href=\"https:\/\/www.mes-allocs.fr\/guides\/wp-content\/uploads\/2020\/05\/Quel-est-le-ro\u0302le-de-la-mission-locale--e1589487003653.jpg\"><img loading=\"lazy\" decoding=\"async\" class=\"aligncenter size-full wp-image-6648\" src=\"https:\/\/www.mes-allocs.fr\/guides\/wp-content\/uploads\/2020\/05\/Quel-est-le-ro\u0302le-de-la-mission-locale--e1589487003653.jpg\" alt=\"Quel est le ro\u0302le de la mission locale ?\" width=\"1280\" height=\"240\" srcset=\"https:\/\/www.mes-allocs.fr\/guides\/wp-content\/uploads\/2020\/05\/Quel-est-le-ro\u0302le-de-la-mission-locale--e1589487003653.jpg 1280w, https:\/\/www.mes-allocs.fr\/guides\/wp-content\/uploads\/2020\/05\/Quel-est-le-ro\u0302le-de-la-mission-locale--e1589487003653-300x56.jpg 300w, https:\/\/www.mes-allocs.fr\/guides\/wp-content\/uploads\/2020\/05\/Quel-est-le-ro\u0302le-de-la-mission-locale--e1589487003653-1024x192.jpg 1024w, https:\/\/www.mes-allocs.fr\/guides\/wp-content\/uploads\/2020\/05\/Quel-est-le-ro\u0302le-de-la-mission-locale--e1589487003653-768x144.jpg 768w, https:\/\/www.mes-allocs.fr\/guides\/wp-content\/uploads\/2020\/05\/Quel-est-le-ro\u0302le-de-la-mission-locale--e1589487003653-600x113.jpg 600w\" sizes=\"auto, (max-width: 1280px) 100vw, 1280px\" \/><\/a>Le r\u00f4le de la mission locale est d&rsquo;accompagner les jeunes de 16 \u00e0 25 ans. Elle favorise leur insertion sociale et professionnelle et leur octroie des <a href=\"https:\/\/www.mes-allocs.fr\/guides\/aides-par-situation\/\">aides par situation<\/a>. Mais quelles sont les aides de la Mission Locale ? Dans cet article, on vous les pr\u00e9sente toutes !<strong><br \/>\n<\/strong><\/p>\n<div class='cta-block'><div class='text'>Simulez toutes vos aides en 2 min.<\/div><a href='https:\/\/www.mes-allocs.fr\/ab-app?origin=guides\/wp-json\/wp\/v2\/posts\/6354' class='app-button fit'>Simulation gratuite<\/a><\/div>\n<div class=\"content-fiche\">\n<div class=\"tab-content\">\n<div id=\"situation1\" class=\"tab-pane active\">\n<div class=\"fiche-bloc bloc-principal\" data-toggle-scope=\"\">\n<div class=\"fiche-item\">\n<div class=\"fiche-item\">\n<div class=\"fiche-item\">\n<div class=\"fiche-item\">\n<div id=\"fiche-item-6situation1\" class=\"fiche-item-content collapse in\" aria-hidden=\"false\">\n<div class=\"fiche-item\">\n<div id=\"toc_container\" class=\"toc_white no_bullets contracted\">\n<h1 id=\"\u00c0_quoi_sert_la_mission_locale_?_Quel_est_son_r\u00f4le_?\">Quel est le r\u00f4le de la mission locale ?<\/h1>\n<h2>Combien y a-t-il de missions locales dans toute France ?<\/h2>\n<p style=\"text-align: justify;\">Il existe actuellement<strong> 436 missions locales<\/strong> dans toute la France et elles sont <strong>pr\u00e9sentes \u00e0 travers 6 800 sites<\/strong>. Ces structures permettent d\u2019offrir un accompagnement personnalis\u00e9 \u00e0 un grand nombre de jeunes en particulier ceux en difficult\u00e9.<\/p>\n<div class=\"main-article__chapo texte--editorial crayon article-chapo-373072 \" style=\"text-align: justify;\">De plus, les missions locales sont \u00e9troitement <strong>li\u00e9es \u00e0 France Travail<\/strong>.<\/div>\n<h2>\u00c0 qui est destin\u00e9 la mission locale ?<\/h2>\n<p style=\"text-align: justify;\">Les missions locales s&rsquo;adressent <strong>aux jeunes de 16 \u00e0 25 ans qui sont en recherche d&#8217;emploi ou en difficult\u00e9 d&rsquo;insertion professionnelle<\/strong>.<\/p>\n<p style=\"text-align: justify;\">Elles leur proposent un accompagnement personnalis\u00e9 pour faciliter leur acc\u00e8s \u00e0 l&#8217;emploi, \u00e0 la formation ou \u00e0 des dispositifs d&rsquo;autonomie.<\/p>\n<p>Par ailleurs, nul besoin de traverser des difficult\u00e9s financi\u00e8res pour faire appel \u00e0 la mission locale. Elle s&rsquo;adresse \u00e0 un large public.<\/p>\n<h2>Comment fonctionne l&rsquo;inscription en mission locale ?<\/h2>\n<p style=\"text-align: justify;\">Si vous \u00eates \u00e2g\u00e9 de 16 \u00e0 25 ans, vous pouvez vous inscrire \u00e0 la mission locale la plus proche de chez vous.<\/p>\n<p style=\"text-align: justify;\">L&rsquo;inscription se fait g\u00e9n\u00e9ralement <strong>sur rendez-vous<\/strong> et il vous sera demand\u00e9 de pr\u00e9senter certaines pi\u00e8ces justificatives. Ces documents sont les suivants :<\/p>\n<ul>\n<li style=\"text-align: justify;\"><strong>Une carte d&rsquo;identit\u00e9<\/strong><\/li>\n<li style=\"text-align: justify;\"><strong>Votre Carte Vitale<\/strong><\/li>\n<li style=\"text-align: justify;\"><strong>Un CV<\/strong><\/li>\n<li style=\"text-align: justify;\"><strong>Une lettre de motivation<\/strong><\/li>\n<\/ul>\n<p>Si vous avez quitt\u00e9 le syst\u00e8me scolaire depuis moins d&rsquo;un an, une proposition d&rsquo;orientation de l&rsquo;\u00c9ducation nationale peut aussi \u00eatre exig\u00e9e.<\/p>\n<h1>Dans quels domaines intervient la mission locale ?<\/h1>\n<h2>La formation<\/h2>\n<p style=\"text-align: justify;\">Les missions locales proposent des aides de la Mission Locale pour vous accompagner dans votre parcours de formation. Un conseiller travaillera avec vous, apr\u00e8s un examen de votre situation et de vos besoins. Il peut vous proposer d&rsquo;int\u00e9grer une formation :<\/p>\n<ul style=\"text-align: justify;\">\n<li><strong>Initiale<\/strong><\/li>\n<li><strong>Continue<\/strong><\/li>\n<li><strong>En alternance<\/strong><\/li>\n<\/ul>\n<p style=\"text-align: justify;\">Il vous guidera aussi vers les formations visant \u00e0 <strong>acqu\u00e9rir de nouvelles comp\u00e9tences ou \u00e0 renforcer celles que vous d\u00e9tenez d\u00e9j\u00e0 (aide au Bafa, etc)<\/strong>. En effet, il met \u00e0 votre disposition un ensemble de partenaires et d&rsquo;organismes locaux avec qui la mission locale entretient des relations privil\u00e9gi\u00e9es.<\/p>\n<h2>L&#8217;emploi<\/h2>\n<p>La recherche d&#8217;emploi est l&rsquo;une des priorit\u00e9s des missions locales. Gr\u00e2ce \u00e0 un r\u00e9seau d&#8217;employeurs partenaires, vous pouvez b\u00e9n\u00e9ficier de nombreuses aides de la Mission Locale. Ces aides peuvent \u00eatre les suivantes :<\/p>\n<ul>\n<li><strong>Des informations sur les m\u00e9tiers et les offres d&#8217;emploi<\/strong><\/li>\n<li><strong>Une aide pour r\u00e9diger votre CV et lettre de motivation<\/strong><\/li>\n<li><strong>Des mises en situation professionnelle en entreprise<\/strong><\/li>\n<li><strong>Un accompagnement personnalis\u00e9 dans votre recherche active<\/strong><\/li>\n<li><strong>Etc.<\/strong><\/li>\n<\/ul>\n<h2>La cr\u00e9ation d&rsquo;activit\u00e9<\/h2>\n<p>Ici encore, le r\u00e9seau de la mission locale peut vous offrir un soutien financier pour vous <strong>accompagner dans votre projet ou encore pour renforcer vos comp\u00e9tences entrepreneuriales.<\/strong><\/p>\n<p>D&rsquo;ailleurs, de nombreuses aides propos\u00e9es par France Travail visent les jeunes et les demandeurs d&#8217;emploi. C&rsquo;est le cas de l&rsquo;ACRE, qui est un dispositif favorisant la cr\u00e9ation et la reprise d&rsquo;entreprise. Elle ouvre la voie \u00e0 une exon\u00e9ration partielle des charges sociales d\u00e8s le lancement de l\u2019activit\u00e9.<\/p>\n<p style=\"text-align: justify;\">Mais attention, depuis le 1er janvier 2020, cette aide a \u00e9t\u00e9 r\u00e9vis\u00e9e. Le taux d\u2019exon\u00e9ration des charges sociales est d\u00e9sormais de 50% pour les b\u00e9n\u00e9ficiaires de l\u2019Acre : pour les quatre premiers trimestres d\u2019activit\u00e9.<\/p>\n<h2>L&rsquo;autonomie<\/h2>\n<p>Les aides de la Mission Locale comprennent aussi des dispositifs pour favoriser l\u2019autonomie des jeunes dans diff\u00e9rents domaines :<\/p>\n<ul>\n<li>Aide \u00e0 la mobilit\u00e9 : ch\u00e8ques de transport, soutien pour l\u2019obtention du permis de conduire<\/li>\n<li>Aide au logement : accompagnement pour trouver un logement et r\u00e9soudre les probl\u00e8mes d&rsquo;un h\u00e9bergement<\/li>\n<li>Acc\u00e8s \u00e0 la sant\u00e9 : aides pour obtenir une couverture sant\u00e9, l&rsquo;acc\u00e8s \u00e0 des soins gratuits ou \u00e0 co\u00fbt r\u00e9duit<\/li>\n<\/ul>\n<div class='cta-block'><div class='text'>Simulez toutes vos aides en 2 min.<\/div><a href='https:\/\/www.mes-allocs.fr\/ab-app?origin=guides\/wp-json\/wp\/v2\/posts\/6354' class='app-button fit'>Simulation gratuite<\/a><\/div>\n<h1>Quelles sont les aides propos\u00e9es par la mission locale ?<\/h1>\n<h2>Le PACEA (Parcours Contractualis\u00e9 d\u2019Accompagnement vers l\u2019Emploi et l\u2019Autonomie)<em><br \/>\n<\/em><\/h2>\n<p>Avant janvier 2017, les jeunes ayant sign\u00e9 <strong>un contrat CIVIS<\/strong> afin de b\u00e9n\u00e9ficier d&rsquo;une allocation mensuelle (sous certaines conditions) peuvent opter pour le PACEA (Parcours Contractualis\u00e9 d\u2019Accompagnement vers l\u2019Emploi et l\u2019Autonomie).<\/p>\n<p>C&rsquo;est un <strong>contrat d\u2019engagements pass\u00e9 entre le jeune et la mission locale<\/strong>, afin de l\u2019accompagner dans son insertion professionnelle. Au terme du dispositif, une \u00e9valuation est mise en place afin d&rsquo;en \u00e9tablir la pertinence.<\/p>\n<p>Le contrat d\u2019engagements doit \u00eatre adapt\u00e9 \u00e0 vos projets. Il comporte plusieurs phases qui ne peuvent exc\u00e9der <strong>24 mois maximum.<\/strong><\/p>\n<p>Dans un tel contrat, le jeune peut percevoir une allocation <strong>qu&rsquo;il ne peut pas cumuler avec une autre allocation ou r\u00e9mun\u00e9ration.<\/strong><\/p>\n<p>Celle-ci est estim\u00e9e en fonction de sa situation et <strong>ne peut exc\u00e9der le montant du RSA<\/strong>.<\/p>\n<h2>Les aides \u00e0 la mobilit\u00e9<\/h2>\n<h3>Les ch\u00e8ques de mobilit\u00e9<\/h3>\n<p><strong>Si vous \u00eates en insertion professionnelle, vous avez acc\u00e8s (sous certaines conditions) aux ch\u00e8ques de mobilit\u00e9<\/strong>. Ces ch\u00e8ques sont aussi adress\u00e9s aux demandeurs d\u2019emploi, \u00e2g\u00e9s de 16 \u00e0 26 ans et habitant en \u00cele-de-France. Il s\u2019obtient avec prescription de la part d\u2019une Mission locale.<\/p>\n<p>Leur co\u00fbt est estim\u00e9 \u00e0 4 ou 8\u20ac et sont destin\u00e9s \u00e0 l&rsquo;achat de billets plein tarif r\u00e9duits. Plus pr\u00e9cis\u00e9ment, ces ch\u00e8ques fonctionnent comme des bons d&rsquo;\u00e9change et ils sont accept\u00e9s aux guichets RATP et Transilien.<\/p>\n<p><strong>Si vous \u00eates en formation, la gratuit\u00e9 de votre titre de transport (pendant la dur\u00e9e de votre formation) est aussi une option possible.<\/strong><\/p>\n<h3>L&rsquo;aide au permis de conduire<\/h3>\n<p>En ce qui concerne le permis de conduire,<strong> les jeunes \u00e2g\u00e9s de 15 \u00e0 25 ans peuvent toucher une aide<\/strong>.<\/p>\n<p>Il s&rsquo;agit d&rsquo;un financement plus connu sous le nom de <strong>\u00ab\u00a0permis \u00e0 un euro par jour\u00a0\u00bb<\/strong>\u00a0car ses mensualit\u00e9s sont limit\u00e9es \u00e0 30\u20ac par jour.<\/p>\n<p>Pour les plus pr\u00e9caires, il est possible d&rsquo;obtenir une<strong> bourse au permis de conduire vers\u00e9e par les collectivit\u00e9s locales<\/strong>.<\/p>\n<p>De plus, France Travail offre aux demandeurs d&#8217;emploi la possibilit\u00e9 de passer le permis de conduire B. Seule condition :<strong> il faut que l&rsquo;absence de permis constitue un obstacle \u00e0 l&#8217;embauche<\/strong>. Ce financement de 1.200\u20ac est vers\u00e9e directement \u00e0 l&rsquo;auto-\u00e9cole du demandeur, en trois fois, via virement. Les justificatifs doivent \u00eatre fournis au plus tard 12 moins suivant l&rsquo;attribution de l&rsquo;aide.<\/p>\n<p><strong>\u00c0 noter que depuis le 1er janvier 2019, tout jeune de 18 ans peut b\u00e9n\u00e9ficier d&rsquo;une aide de 500\u20ac afin de passer son permis de conduire. Elle est octroy\u00e9e par les centres de formation des apprentis (CFA).<\/strong><\/p>\n<p>En outre, les conseillers de la mission locale peuvent vous diriger vers des aides comme :<\/p>\n<ul>\n<li>L&rsquo;aide \u00e0 la mobilit\u00e9 France Travail<\/li>\n<li>Les aides aux transports des conseils d\u00e9partementaux<\/li>\n<\/ul>\n<h2>Le <strong data-start=\"4123\" data-end=\"4160\">CEJ (anciennement Garantie Jeune)<\/strong><\/h2>\n<p>Le CEJ (anciennement Garantie Jeune) est une aide de la mission locale destin\u00e9e aux jeunes en situation de pr\u00e9carit\u00e9.<\/p>\n<p>Ce dispositif a \u00e9t\u00e9 mis en place pour accompagner <strong>les jeunes de 16 \u00e0 25 ans qui n\u2019ont ni emploi ni formation.<\/strong><\/p>\n<p>Il permet de b\u00e9n\u00e9ficier d\u2019un accompagnement renforc\u00e9 <strong>pour trouver un emploi ou une formation avec une aide financi\u00e8re mensuelle maximum de 552,29 \u20ac<\/strong>.<\/p>\n<p>Le CEJ est une aide de la mission locale qui s\u2019int\u00e8gre dans le cadre du PACEA (Parcours Contractualis\u00e9 d\u2019Accompagnement vers l\u2019Emploi et l\u2019Autonomie).<\/p>\n<p>Ce dispositif remplace la Garantie Jeune et il offre un <strong>accompagnement plus personnalis\u00e9 gr\u00e2ce \u00e0 un suivi \u00e9troit par un conseiller et des actions concr\u00e8tes<\/strong> comme des stages, des immersions professionnelles ou des ateliers de pr\u00e9paration \u00e0 l\u2019emploi.<\/p>\n<p><iframe loading=\"lazy\" title=\"Le Contrat d&#039;Engagement Jeune (CEJ)\" width=\"500\" height=\"375\" src=\"https:\/\/www.youtube.com\/embed\/f_Hf5LBMHeQ?feature=oembed\" frameborder=\"0\" allow=\"accelerometer; autoplay; clipboard-write; encrypted-media; gyroscope; picture-in-picture; web-share\" referrerpolicy=\"strict-origin-when-cross-origin\" allowfullscreen><\/iframe><\/p>\n<h2>Le fonds d\u2019aide aux jeunes en difficult\u00e9 (FAJ)<\/h2>\n<p>Cr\u00e9\u00e9 en 1989, le fonds d\u00e9partemental d\u2019aide aux jeunes en difficult\u00e9 est une aide de la Mission Locale. Elle s&rsquo;adresse aux :<\/p>\n<ul>\n<li><strong>Salari\u00e9s de moins de 25 ans ou aux \u00e9tudiants non boursiers, faisant face \u00e0 une situation financi\u00e8re critique<\/strong><\/li>\n<li><strong>Jeunes qui ne vivent plus chez leurs parents<\/strong><\/li>\n<li><strong>Jeunes en situation de rupture familiale<\/strong><em><br \/>\n<\/em><\/li>\n<\/ul>\n<p>Cette structure vous apportent des aides ponctuelles afin de r\u00e9pondre \u00e0 un besoin pr\u00e9cis :<\/p>\n<ul>\n<li>Emploi<\/li>\n<li>H\u00e9bergement<\/li>\n<li>Mobilit\u00e9<\/li>\n<li>Sant\u00e9<\/li>\n<li>Etc.<\/li>\n<\/ul>\n<p>Le montant de ces aides ne peut pas exc\u00e9der 1 000\u20ac.<\/p>\n<div class='cta-block'><div class='text'>Simulez toutes vos aides en 2 min.<\/div><a href='https:\/\/www.mes-allocs.fr\/ab-app?origin=guides\/wp-json\/wp\/v2\/posts\/6354' class='app-button fit'>Simulation gratuite<\/a><\/div>\n<\/div>\n<\/div>\n<\/div>\n<\/div>\n<\/div>\n<\/div>\n<\/div>\n<\/div>\n<\/div>\n<\/div>\n<\/div>\n","protected":false},"excerpt":{"rendered":"<p>Le r\u00f4le de la mission locale est d&rsquo;accompagner les jeunes de 16 \u00e0 25 ans. Elle favorise leur insertion sociale et professionnelle et leur octroie des aides par situation. Mais quelles sont les aides de la Mission Locale ? Dans cet article, on vous les pr\u00e9sente toutes ! Quel est le r\u00f4le de la mission [&hellip;]<\/p>\n","protected":false},"author":9,"featured_media":6648,"comment_status":"open","ping_status":"open","sticky":false,"template":"","format":"standard","meta":{"amp_status":"","footnotes":""},"categories":[17712,14320],"tags":[],"class_list":["post-6354","post","type-post","status-publish","format-standard","has-post-thumbnail","hentry","category-aide-jeune","category-aide-par-situation"],"yoast_head":"<!-- This site is optimized with the Yoast SEO plugin v14.9 - https:\/\/yoast.com\/wordpress\/plugins\/seo\/ -->\n<title>Aides Mission Locale : jusqu&#039;\u00e0 550 \u20ac par mois ! | Mes-Allocs.fr<\/title>\n<meta name=\"description\" content=\"La Mission Locale accompagne les jeunes de 16 \u00e0 25 ans. D\u00e9couvez les aides que proposent la Mission Locale aux jeunes !\" \/>\n<meta name=\"robots\" content=\"index, follow, max-snippet:-1, max-image-preview:large, max-video-preview:-1\" \/>\n<link rel=\"canonical\" href=\"https:\/\/www.mes-allocs.fr\/guides\/aide-par-situation\/aide-jeune\/aides-mission-locale\/\" \/>\n<meta property=\"og:locale\" content=\"fr_FR\" \/>\n<meta property=\"og:type\" content=\"article\" \/>\n<meta property=\"og:title\" content=\"Aides Mission Locale : jusqu&#039;\u00e0 550 \u20ac par mois ! | Mes-Allocs.fr\" \/>\n<meta property=\"og:description\" content=\"La Mission Locale accompagne les jeunes de 16 \u00e0 25 ans. D\u00e9couvez les aides que proposent la Mission Locale aux jeunes !\" \/>\n<meta property=\"og:url\" content=\"https:\/\/www.mes-allocs.fr\/guides\/aide-par-situation\/aide-jeune\/aides-mission-locale\/\" \/>\n<meta property=\"og:site_name\" content=\"Mes-Allocs.fr\" \/>\n<meta property=\"article:published_time\" content=\"2020-05-20T15:08:56+00:00\" \/>\n<meta property=\"article:modified_time\" content=\"2025-02-25T10:04:36+00:00\" \/>\n<meta property=\"og:image\" content=\"https:\/\/www.mes-allocs.fr\/guides\/wp-content\/uploads\/2020\/05\/Quel-est-le-ro\u0302le-de-la-mission-locale--e1589487003653.jpg?wsr\" \/>\n\t<meta property=\"og:image:width\" content=\"1280\" \/>\n\t<meta property=\"og:image:height\" content=\"240\" \/>\n<meta name=\"twitter:card\" content=\"summary_large_image\" \/>\n<script type=\"application\/ld+json\" class=\"yoast-schema-graph\">{\"@context\":\"https:\/\/schema.org\",\"@graph\":[{\"@type\":\"WebSite\",\"@id\":\"https:\/\/www.mes-allocs.fr\/guides\/#website\",\"url\":\"https:\/\/www.mes-allocs.fr\/guides\/\",\"name\":\"Mes-Allocs.fr\",\"description\":\"\",\"potentialAction\":[{\"@type\":\"SearchAction\",\"target\":\"https:\/\/www.mes-allocs.fr\/guides\/?s={search_term_string}\",\"query-input\":\"required name=search_term_string\"}],\"inLanguage\":\"fr-FR\"},{\"@type\":\"ImageObject\",\"@id\":\"https:\/\/www.mes-allocs.fr\/guides\/aide-par-situation\/aide-jeune\/aides-mission-locale\/#primaryimage\",\"inLanguage\":\"fr-FR\",\"url\":\"https:\/\/www.mes-allocs.fr\/guides\/wp-content\/uploads\/2020\/05\/Quel-est-le-ro\\u0302le-de-la-mission-locale--e1589487003653.jpg?wsr\",\"width\":1280,\"height\":240,\"caption\":\"Quel est le ro\\u0302le de la mission locale e1589487003653\"},{\"@type\":\"WebPage\",\"@id\":\"https:\/\/www.mes-allocs.fr\/guides\/aide-par-situation\/aide-jeune\/aides-mission-locale\/#webpage\",\"url\":\"https:\/\/www.mes-allocs.fr\/guides\/aide-par-situation\/aide-jeune\/aides-mission-locale\/\",\"name\":\"Aides Mission Locale : jusqu'\\u00e0 550 \\u20ac par mois ! | Mes-Allocs.fr\",\"isPartOf\":{\"@id\":\"https:\/\/www.mes-allocs.fr\/guides\/#website\"},\"primaryImageOfPage\":{\"@id\":\"https:\/\/www.mes-allocs.fr\/guides\/aide-par-situation\/aide-jeune\/aides-mission-locale\/#primaryimage\"},\"datePublished\":\"2020-05-20T15:08:56+00:00\",\"dateModified\":\"2025-02-25T10:04:36+00:00\",\"author\":{\"@id\":\"https:\/\/www.mes-allocs.fr\/guides\/#\/schema\/person\/e4e762c89158b34a332446d26f02fd56\"},\"description\":\"La Mission Locale accompagne les jeunes de 16 \\u00e0 25 ans. D\\u00e9couvez les aides que proposent la Mission Locale aux jeunes !\",\"inLanguage\":\"fr-FR\"},{\"@type\":\"Person\",\"@id\":\"https:\/\/www.mes-allocs.fr\/guides\/#\/schema\/person\/e4e762c89158b34a332446d26f02fd56\",\"name\":\"Marylou\",\"image\":{\"@type\":\"ImageObject\",\"@id\":\"https:\/\/www.mes-allocs.fr\/guides\/#personlogo\",\"inLanguage\":\"fr-FR\",\"url\":\"https:\/\/www.mes-allocs.fr\/guides\/wp-content\/uploads\/2021\/06\/marylou-150x150.png\",\"caption\":\"Marylou\"},\"description\":\"Marylou est r\\u00e9dactrice au sein de l'\\u00e9quipe Mes Allocs, sp\\u00e9cialiste des sujets de soci\\u00e9t\\u00e9 en g\\u00e9n\\u00e9ral. Dipl\\u00f4m\\u00e9e de l'Institut Sup\\u00e9rieur de Formation au Journalisme, elle rejoint Mes Allocs apr\\u00e8s cr\\u00e9\\u00e9 son premier blog personnel.\",\"sameAs\":[\"https:\/\/www.linkedin.com\/in\/marylou-pr\\u00e9vost\"]}]}<\/script>\n<!-- \/ Yoast SEO plugin. -->","amp_validity":null,"acf":{"faq":{"1":{"question":"Quelles aides financi\u00e8res pour les jeunes de moins de 25 ans ?","answer":"Les jeunes de moins de 25 ans peuvent b\u00e9n\u00e9ficier de diverses aides financi\u00e8res propos\u00e9es par la mission locale selon leur situation. Si vous avez travaill\u00e9 deux ans sur les trois derni\u00e8res, vous pouvez toucher le RSA jeunes actifs. De plus, les femmes enceintes et les parents isol\u00e9s peuvent b\u00e9n\u00e9ficier du RSA sans avoir travaill\u00e9."},"2":{"question":"Qui peut aller \u00e0 la mission locale ?","answer":"Pour aller \u00e0 la mission locale, vous devez \u00eatre \u00e2g\u00e9 de seize \u00e0 vingt-cinq ans, ne plus suivre d'\u00e9tudes ou ne pas avoir d'emploi stable."},"3":{"question":"Qu'est-ce que la garantie jeune ?","answer":"La garantie jeune \u00e9tait une aide financi\u00e8re destin\u00e9e aux personnes en difficult\u00e9 et son but \u00e9tait de favoriser le retour \u00e0 l'emploi. Elle a \u00e9t\u00e9 remplac\u00e9e par le Contrat d'Engagement Jeune."},"4":{"question":"","answer":""},"5":{"question":"Quel est le montant de l'allocation CEJ ?","answer":"Le montant maximal de l'allocation CEJ est de 552.29\u20ac selon votre situation personnelle."},"6":{"question":"En quoi consiste l\u2019accompagnement CEJ ?","answer":"L'accompagnement CEJ est une aide s'adressant aux jeunes en difficult\u00e9s pour favoriser leur retour \u00e0 l'emploi."},"7":{"question":"Comment faire pour s'inscrire \u00e0 la mission locale ?","answer":"Pour vous inscrire \u00e0 la mission locale, vous devez vous rendre volontairement dans l'un des nombreux points d'accueil de France et r\u00e9aliser un entretien avec un conseiller pour cibler vos besoins. Cette inscription est enti\u00e8rement gratuite."},"8":{"question":"Quelle aide pour un jeune de 20 ans sans emploi ?","answer":"En plus des aides de la mission locale, un jeune sans emploi qui a travaill\u00e9 deux ans au cours des trois derni\u00e8res ann\u00e9es peut pr\u00e9tendre au RSA jeunes actifs."},"9":{"question":"","answer":""},"10":{"question":"","answer":""},"11":{"question":"","answer":""},"12":{"question":"","answer":""},"13":{"question":"","answer":""},"14":{"question":"","answer":""},"15":{"question":"","answer":""},"16":{"question":"","answer":""}}},"_links":{"self":[{"href":"https:\/\/www.mes-allocs.fr\/guides\/wp-json\/wp\/v2\/posts\/6354","targetHints":{"allow":["GET"]}}],"collection":[{"href":"https:\/\/www.mes-allocs.fr\/guides\/wp-json\/wp\/v2\/posts"}],"about":[{"href":"https:\/\/www.mes-allocs.fr\/guides\/wp-json\/wp\/v2\/types\/post"}],"author":[{"embeddable":true,"href":"https:\/\/www.mes-allocs.fr\/guides\/wp-json\/wp\/v2\/users\/9"}],"replies":[{"embeddable":true,"href":"https:\/\/www.mes-allocs.fr\/guides\/wp-json\/wp\/v2\/comments?post=6354"}],"version-history":[{"count":34,"href":"https:\/\/www.mes-allocs.fr\/guides\/wp-json\/wp\/v2\/posts\/6354\/revisions"}],"predecessor-version":[{"id":93694,"href":"https:\/\/www.mes-allocs.fr\/guides\/wp-json\/wp\/v2\/posts\/6354\/revisions\/93694"}],"wp:featuredmedia":[{"embeddable":true,"href":"https:\/\/www.mes-allocs.fr\/guides\/wp-json\/wp\/v2\/media\/6648"}],"wp:attachment":[{"href":"https:\/\/www.mes-allocs.fr\/guides\/wp-json\/wp\/v2\/media?parent=6354"}],"wp:term":[{"taxonomy":"category","embeddable":true,"href":"https:\/\/www.mes-allocs.fr\/guides\/wp-json\/wp\/v2\/categories?post=6354"},{"taxonomy":"post_tag","embeddable":true,"href":"https:\/\/www.mes-allocs.fr\/guides\/wp-json\/wp\/v2\/tags?post=6354"}],"curies":[{"name":"wp","href":"https:\/\/api.w.org\/{rel}","templated":true}]}}