{"id":62979,"date":"2023-05-09T15:01:08","date_gmt":"2023-05-09T13:01:08","guid":{"rendered":"https:\/\/www.mes-allocs.fr\/guides\/?p=62979"},"modified":"2026-01-07T17:04:35","modified_gmt":"2026-01-07T16:04:35","slug":"aspa-paris","status":"publish","type":"post","link":"https:\/\/www.mes-allocs.fr\/guides\/aspa\/aspa-par-ville\/aspa-paris\/","title":{"rendered":"Comment faire une demande d&rsquo;ASPA \u00e0 Paris en 2026 ?"},"content":{"rendered":"<p><img loading=\"lazy\" decoding=\"async\" class=\"alignnone wp-image-62981 size-full\" title=\"aspa paris\" src=\"https:\/\/www.mes-allocs.fr\/guides\/wp-content\/uploads\/2023\/05\/eiffel-tower-gb5db6993e_1280-e1683637254606.jpg\" alt=\"aspa paris\" width=\"1280\" height=\"201\" srcset=\"https:\/\/www.mes-allocs.fr\/guides\/wp-content\/uploads\/2023\/05\/eiffel-tower-gb5db6993e_1280-e1683637254606.jpg 1280w, https:\/\/www.mes-allocs.fr\/guides\/wp-content\/uploads\/2023\/05\/eiffel-tower-gb5db6993e_1280-e1683637254606-300x47.jpg 300w, https:\/\/www.mes-allocs.fr\/guides\/wp-content\/uploads\/2023\/05\/eiffel-tower-gb5db6993e_1280-e1683637254606-1024x161.jpg 1024w, https:\/\/www.mes-allocs.fr\/guides\/wp-content\/uploads\/2023\/05\/eiffel-tower-gb5db6993e_1280-e1683637254606-768x121.jpg 768w, https:\/\/www.mes-allocs.fr\/guides\/wp-content\/uploads\/2023\/05\/eiffel-tower-gb5db6993e_1280-e1683637254606-600x94.jpg 600w\" sizes=\"auto, (max-width: 1280px) 100vw, 1280px\" \/><\/p>\n<p>[Mis \u00e0 jour le 07\/01\/2026] L&rsquo;<a href=\"https:\/\/www.mes-allocs.fr\/guides\/aspa\/\">ASPA<\/a> est une aide financi\u00e8re destin\u00e9e aux personnes \u00e2g\u00e9es d&rsquo;au moins 65 ans ayant de faibles ressources (sauf exceptions). A Paris, vous pouvez percevoir cette allocation si vous respectez certaines conditions propres \u00e0 votre situation personnelle, financi\u00e8re et familiale. D\u00e9couvrez dans cet article comment faire une <strong>demande ASPA \u00e0 Paris<\/strong>.<\/p>\n<div class='cta-block'><div class='text'>Simulez toutes vos Aides Sociales en 2 min.<\/div><a href='https:\/\/www.mes-allocs.fr\/ab-app?origin=guides\/wp-json\/wp\/v2\/posts\/62979' class='app-button fit'>Simulation gratuite<\/a><\/div>\n<h1>Comment obtenir l&rsquo;ASPA \u00e0 Paris ?<\/h1>\n<h2>Paris : la capitale de France<\/h2>\n<p>Cette ville embl\u00e9matique se situe au c\u0153ur de l&rsquo;Europe. Capitale de la France, elle est r\u00e9put\u00e9e pour son histoire riche, son architecture remarquable et sa culture vibrante. Paris est l&rsquo;une des destinations touristiques les plus populaires au monde. La ville est travers\u00e9e par la Seine qui divise Paris en deux rives.<\/p>\n<p>La ville de Paris est reconnue pour ses monuments embl\u00e9matiques :<\/p>\n<ul>\n<li>La Tour Eiffel<\/li>\n<li>L&rsquo;Arc de Triomphe<\/li>\n<li>La cath\u00e9drale Notre-Dame<\/li>\n<li>Le mus\u00e9e du Louvre<\/li>\n<li>Le Sacr\u00e9-C\u0153ur<\/li>\n<li>Les Invalides<\/li>\n<li>Le Palais Garnier<\/li>\n<li>Le Panth\u00e9on<\/li>\n<li>Le Centre Pompidou<\/li>\n<li>Le Pont Alexandre III<\/li>\n<\/ul>\n<p>Ces monuments sont autant d&rsquo;ic\u00f4nes qui contribuent au charme et \u00e0 l&rsquo;identit\u00e9 de Paris en tant que <strong>ville culturelle et artistique<\/strong>. En plus de sa beaut\u00e9 architecturale, cette ville est anim\u00e9e m\u00eame la nuit avec des cabarets embl\u00e9matiques comme le Moulin Rouge et les rues de Montmartre. Si vous visitez Paris, voici les endroits \u00e0 ne pas manquer :<\/p>\n<ul>\n<li><strong>Les Champs-Elys\u00e9es<\/strong><\/li>\n<li><strong>Le Jardin des Tuileries<\/strong><\/li>\n<li><strong>Le Marais<\/strong><\/li>\n<li><strong>Le Quartier Saint-Germain-des-Pr\u00e9s<\/strong><\/li>\n<li><strong>Le Quartier Latin<\/strong><\/li>\n<li><strong>Le Palais Garnier<\/strong><\/li>\n<li><strong>La Tour Eiffel<\/strong><\/li>\n<li><strong>La basilique du Sacr\u00e9-C\u0153ur <\/strong><\/li>\n<li><strong>Le Mus\u00e9e du Louvre et le Mus\u00e9e de l&rsquo;Orangerie<\/strong><\/li>\n<\/ul>\n<p>Cette liste ne repr\u00e9sente qu&rsquo;une partie des nombreuses merveilles de Paris. Cette ville regorge de tr\u00e9sors culturels, artistiques et historiques qui en font une destination inoubliable.<\/p>\n<h2>La demande d&rsquo;ASPA \u00e0 Paris<\/h2>\n<p>A Paris, plusieurs organismes peuvent traiter votre demande d&rsquo;ASPA en fonction de votre situation. Voici lesquels :<\/p>\n<ul>\n<li><strong>Le Centre Communal d&rsquo;Action Sociale (CCAS) <\/strong><\/li>\n<li><strong>La CAF<\/strong><\/li>\n<li><strong>La Maison D\u00e9partementale des Personnes Handicap\u00e9es (MDPH)<\/strong><\/li>\n<li><strong>Le Centre d&rsquo;Action Sociale de la Ville de Paris (CASVP)<\/strong><\/li>\n<\/ul>\n<p>Vous pouvez \u00e9galement contacter <strong>un expert de l&rsquo;\u00e9quipe Mes Allocs<\/strong> pour obtenir des informations pr\u00e9cises sur les d\u00e9marches \u00e0 suivre, les documents \u00e0 fournir et les crit\u00e8res d&rsquo;\u00e9ligibilit\u00e9 \u00e0 l&rsquo;ASPA. Il pourra vous guider tout au long du processus et r\u00e9pondre \u00e0 toutes vos questions.<\/p>\n<div class='cta-block'><div class='text'>Simulez toutes vos Aides Sociales en 2 min.<\/div><a href='https:\/\/www.mes-allocs.fr\/ab-app?origin=guides\/wp-json\/wp\/v2\/posts\/62979' class='app-button fit'>Simulation gratuite<\/a><\/div>\n<p><iframe loading=\"lazy\" src=\"\/\/www.youtube.com\/embed\/kojbMo1597o\" width=\"560\" height=\"314\" allowfullscreen=\"allowfullscreen\"><\/iframe><\/p>\n<h1>Quelles sont les conditions d&rsquo;attribution de l&rsquo;ASPA \u00e0 Paris ?<\/h1>\n<h2>Les crit\u00e8res \u00e0 respecter<\/h2>\n<p>Les conditions d&rsquo;attribution de l&rsquo;ASPA \u00e0 Paris sont les m\u00eames que celles appliqu\u00e9es dans toute la France. Voici les crit\u00e8res selon lesquels vous aurez le droit ou non \u00e0 l&rsquo;ASPA :<\/p>\n<ul>\n<li><strong>Votre \u00e2ge<\/strong><\/li>\n<li><strong>Votre lieu de r\u00e9sidence<\/strong><\/li>\n<li><strong>Vos ressources<\/strong><\/li>\n<li><strong>Votre nationalit\u00e9\u00a0<\/strong><\/li>\n<\/ul>\n<p>Si vous avez besoin d&rsquo;\u00eatre accompagn\u00e9(e) dans vos d\u00e9marches administratives, n&rsquo;h\u00e9sitez pas <a href=\"https:\/\/www.mes-allocs.fr\/souscription\">\u00e0 faire appel \u00e0 un de nos experts<\/a>.<\/p>\n<p>Pour vous donner plus de pr\u00e9cision, les conditions d&rsquo;attribution de l&rsquo;ASPA sont les suivantes :<\/p>\n<ul>\n<li><strong>Vous avez au moins 65 ans <\/strong>(sauf exceptions : invalidit\u00e9, handicap, ancien combattant&#8230;)<\/li>\n<li><strong>Vous respectez les plafonds de ressource fix\u00e9s<\/strong><\/li>\n<li><strong>Vous \u00eates affili\u00e9 \u00e0 un r\u00e9gime de la S\u00e9curit\u00e9 sociale <\/strong>(g\u00e9n\u00e9ral, ind\u00e9pendant, agricole\u2026)<\/li>\n<li><strong>Vous habitez en France de mani\u00e8re stable et effective<\/strong><\/li>\n<\/ul>\n<p>Si vous \u00eates de nationalit\u00e9 \u00e9trang\u00e8re, vous pouvez obtenir l&rsquo;ASPA \u00e0 condition d&rsquo;avoir travaill\u00e9 en France pendant au moins 10 ans et avoir un titre de s\u00e9jour en cours de validit\u00e9.<\/p>\n<h2>Les plafonds de ressource<\/h2>\n<p>Les plafonds de ressource de l&rsquo;ASPA sont fix\u00e9s par le gouvernement et varient d&rsquo;une ann\u00e9e \u00e0 l&rsquo;autre. En 2026, les plafonds de ressource pour obtenir l&rsquo;ASPA sont les suivants :<\/p>\n\n<div class=\"wpdt-c row wpDataTableContainerSimpleTable wpDataTables wpDataTablesWrapper\n\"\n    >\n    <table id=\"wpdtSimpleTable-236\"\n           class=\"wpdtSimpleTable wpDataTable\"\n           data-column=\"2\"\n           data-rows=\"3\"\n           data-wpID=\"236\"\n           data-responsive=\"0\"\n           data-has-header=\"1\">\n\n                    <thead>        <tr class=\"wpdt-cell-row \" >\n                            <th class=\"wpdt-cell wpdt-bold wpdt-bc-F3F9FE\"\n                                    data-cell-id=\"A1\"\n                data-col-index=\"0\"\n                data-row-index=\"0\"\n                style=\" width:48.448687350835%;                padding:10px;\"\n                >\n                                Situation familiale                <\/th>\n                                            <th class=\"wpdt-cell wpdt-bold wpdt-bc-F3F9FE\"\n                                    data-cell-id=\"B1\"\n                data-col-index=\"1\"\n                data-row-index=\"0\"\n                style=\" width:51.551312649165%;                padding:10px;\"\n                >\n                                Plafonds de ressources \u00e0 ne pas d\u00e9passer (brut par mois) :                <\/th>\n                                        <\/tr>\n                    <tbody>        <tr class=\"wpdt-cell-row \" >\n                            <td class=\"wpdt-cell \"\n                                    data-cell-id=\"A2\"\n                data-col-index=\"0\"\n                data-row-index=\"1\"\n                style=\"                padding:10px;\"\n                >\n                                Seul                <\/td>\n                                            <td class=\"wpdt-cell \"\n                                    data-cell-id=\"B2\"\n                data-col-index=\"1\"\n                data-row-index=\"1\"\n                style=\"                padding:10px;\"\n                >\n                                1 043,59 \u20ac                <\/td>\n                                        <\/tr>\n                            <tr class=\"wpdt-cell-row \" >\n                            <td class=\"wpdt-cell \"\n                                    data-cell-id=\"A3\"\n                data-col-index=\"0\"\n                data-row-index=\"2\"\n                style=\"                padding:10px;\"\n                >\n                                Couple                <\/td>\n                                            <td class=\"wpdt-cell \"\n                                    data-cell-id=\"B3\"\n                data-col-index=\"1\"\n                data-row-index=\"2\"\n                style=\"                padding:10px;\"\n                >\n                                1 620,18 \u20ac                <\/td>\n                                        <\/tr>\n                    <\/table>\n<\/div><style id='wpdt-custom-style-236'>\ntable#wpdtSimpleTable-236{ table-layout: fixed !important; }\n.wpdt-bc-F3F9FE { background-color: #F3F9FE !important;}\n<\/style>\n\n<p>Pour rappel, le montant de l&rsquo;ASPA qui vous sera attribu\u00e9 va varier selon le montant de vos ressources. En effet, le calcul du montant de cette allocation s&rsquo;effectue de la mani\u00e8re suivante :<\/p>\n<h2>Les d\u00e9lais de traitement du dossier<\/h2>\n<p>Les d\u00e9lais de traitement du dossier ASPA peuvent varier en fonction de diff\u00e9rents facteurs tels que la charge de travail des organismes, la compl\u00e9tude du dossier et la complexit\u00e9 de la situation individuelle. En g\u00e9n\u00e9ral, le d\u00e9lai de traitement est <strong>de 2 mois<\/strong> apr\u00e8s r\u00e9ception de votre dossier.<\/p>\n<p>Il est recommand\u00e9 de demander une attestation de d\u00e9p\u00f4t une fois votre dossier d\u00e9poser aupr\u00e8s de l&rsquo;organisme comp\u00e9tent, afin de prouver que vous avez bien remis les documents n\u00e9cessaires. Ensuite, cet organisme proc\u00e9dera \u00e0 l&rsquo;\u00e9tude de votre dossier. Cela implique l&rsquo;\u00e9valuation de votre \u00e9ligibilit\u00e9 <strong>en v\u00e9rifiant les conditions d&rsquo;\u00e2ge, de r\u00e9sidence, de ressources et de nationalit\u00e9.<\/strong> Ils peuvent \u00e9galement effectuer des v\u00e9rifications compl\u00e9mentaires si n\u00e9cessaire.<\/p>\n<p>Une fois l&rsquo;\u00e9tude du dossier termin\u00e9e, l&rsquo;organisme comp\u00e9tent vous enverra une d\u00e9cision \u00e9crite concernant votre demande d&rsquo;ASPA. Ce courrier vous informera si votre demande a \u00e9t\u00e9 accept\u00e9e ou refus\u00e9e, ainsi que le montant de l&rsquo;allocation accord\u00e9e.<\/p>\n<h1>L&rsquo;importance de faire une demande d&rsquo;ASPA \u00e0 Paris<\/h1>\n<h2>Garantir un soutien financier pour les personnes \u00e2g\u00e9es dans le besoin<\/h2>\n<p>L&rsquo;ASPA fournit un filet de s\u00e9curit\u00e9 financier crucial pour les personnes \u00e2g\u00e9es aux ressources limit\u00e9es \u00e0 Paris. Elle leur permet de subvenir \u00e0 leurs besoins essentiels, tels que l&rsquo;alimentation, le logement et les soins de sant\u00e9.<\/p>\n<h2>Pr\u00e9venir la pr\u00e9carit\u00e9 chez les personnes \u00e2g\u00e9es<\/h2>\n<p>En demandant l&rsquo;ASPA, les personnes \u00e2g\u00e9es \u00e0 Paris peuvent \u00e9viter de tomber dans la pr\u00e9carit\u00e9 financi\u00e8re. Cela contribue \u00e0 maintenir leur dignit\u00e9 et leur autonomie, tout en r\u00e9duisant les risques d&rsquo;exclusion sociale.<\/p>\n<p>En sollicitant cette aide, les b\u00e9n\u00e9ficiaires potentiels peuvent \u00e9viter de tomber dans des situations de pauvret\u00e9, de malnutrition ou d&rsquo;insuffisance de soins m\u00e9dicaux. En somme, la demande d&rsquo;ASPA \u00e0 Paris est une mesure pr\u00e9ventive cruciale pour garantir la dignit\u00e9 et la s\u00e9curit\u00e9 financi\u00e8re des a\u00een\u00e9s de la r\u00e9gion.<\/p>\n<h2>Am\u00e9liorer la qualit\u00e9 de vie des b\u00e9n\u00e9ficiaires<\/h2>\n<p>Faire une demande d&rsquo;ASPA \u00e0 Paris contribue grandement \u00e0 l&rsquo;am\u00e9lioration de la qualit\u00e9 de vie des b\u00e9n\u00e9ficiaires. Cette allocation offre un soutien financier essentiel aux personnes \u00e2g\u00e9es, leur permettant ainsi de couvrir leurs besoins fondamentaux tels que l&rsquo;alimentation, le logement et les d\u00e9penses m\u00e9dicales. En r\u00e9duisant les contraintes financi\u00e8res, l&rsquo;ASPA permet aux b\u00e9n\u00e9ficiaires de vivre de mani\u00e8re plus confortable et sereine durant leurs ann\u00e9es de retraite.<\/p>\n<p>Cela favorise \u00e9galement une meilleure sant\u00e9 et un bien-\u00eatre accru, car les personnes \u00e2g\u00e9es ont acc\u00e8s \u00e0 des soins m\u00e9dicaux et \u00e0 une alimentation ad\u00e9quate. L&rsquo;ASPA \u00e0 Paris repr\u00e9sente donc un pilier essentiel pour garantir une vie digne et \u00e9panouie aux a\u00een\u00e9s de la r\u00e9gion, tout en leur offrant la possibilit\u00e9 de vieillir en toute tranquillit\u00e9.<\/p>\n<div class='cta-block'><div class='text'>Simulez toutes vos Aides Sociales en 2 min.<\/div><a href='https:\/\/www.mes-allocs.fr\/ab-app?origin=guides\/wp-json\/wp\/v2\/posts\/62979' class='app-button fit'>Simulation gratuite<\/a><\/div>\n","protected":false},"excerpt":{"rendered":"<p>[Mis \u00e0 jour le 07\/01\/2026] L&rsquo;ASPA est une aide financi\u00e8re destin\u00e9e aux personnes \u00e2g\u00e9es d&rsquo;au moins 65 ans ayant de faibles ressources (sauf exceptions). A Paris, vous pouvez percevoir cette allocation si vous respectez certaines conditions propres \u00e0 votre situation personnelle, financi\u00e8re et familiale. D\u00e9couvrez dans cet article comment faire une demande ASPA \u00e0 Paris. [&hellip;]<\/p>\n","protected":false},"author":24,"featured_media":62980,"comment_status":"closed","ping_status":"open","sticky":false,"template":"","format":"standard","meta":{"amp_status":"","footnotes":""},"categories":[3649,13284],"tags":[],"class_list":["post-62979","post","type-post","status-publish","format-standard","has-post-thumbnail","hentry","category-aspa","category-aspa-par-ville"],"yoast_head":"<!-- This site is optimized with the Yoast SEO plugin v14.9 - https:\/\/yoast.com\/wordpress\/plugins\/seo\/ -->\n<title>Comment faire une demande d&#039;ASPA \u00e0 Paris en 2026 ? | Mes-Allocs.fr<\/title>\n<meta name=\"description\" content=\"L&#039;ASPA est une allocation vers\u00e9e aux retrait\u00e9s d&#039;au moins 65 ans. D\u00e9couvrez dans cet article comment faire une demande d&#039;ASPA \u00e0 Paris !\" \/>\n<meta name=\"robots\" content=\"index, follow, max-snippet:-1, max-image-preview:large, max-video-preview:-1\" \/>\n<link rel=\"canonical\" href=\"https:\/\/www.mes-allocs.fr\/guides\/aspa\/aspa-par-ville\/aspa-paris\/\" \/>\n<meta property=\"og:locale\" content=\"fr_FR\" \/>\n<meta property=\"og:type\" content=\"article\" \/>\n<meta property=\"og:title\" content=\"Comment faire une demande d&#039;ASPA \u00e0 Paris en 2026 ? | Mes-Allocs.fr\" \/>\n<meta property=\"og:description\" content=\"L&#039;ASPA est une allocation vers\u00e9e aux retrait\u00e9s d&#039;au moins 65 ans. D\u00e9couvrez dans cet article comment faire une demande d&#039;ASPA \u00e0 Paris !\" \/>\n<meta property=\"og:url\" content=\"https:\/\/www.mes-allocs.fr\/guides\/aspa\/aspa-par-ville\/aspa-paris\/\" \/>\n<meta property=\"og:site_name\" content=\"Mes-Allocs.fr\" \/>\n<meta property=\"article:published_time\" content=\"2023-05-09T13:01:08+00:00\" \/>\n<meta property=\"article:modified_time\" content=\"2026-01-07T16:04:35+00:00\" \/>\n<meta property=\"og:image\" content=\"https:\/\/www.mes-allocs.fr\/guides\/wp-content\/uploads\/2023\/05\/notredame-de-paris-gbda828dbc_1280.jpg?wsr\" \/>\n\t<meta property=\"og:image:width\" content=\"1280\" \/>\n\t<meta property=\"og:image:height\" content=\"1280\" \/>\n<meta name=\"twitter:card\" content=\"summary_large_image\" \/>\n<script type=\"application\/ld+json\" class=\"yoast-schema-graph\">{\"@context\":\"https:\/\/schema.org\",\"@graph\":[{\"@type\":\"WebSite\",\"@id\":\"https:\/\/www.mes-allocs.fr\/guides\/#website\",\"url\":\"https:\/\/www.mes-allocs.fr\/guides\/\",\"name\":\"Mes-Allocs.fr\",\"description\":\"\",\"potentialAction\":[{\"@type\":\"SearchAction\",\"target\":\"https:\/\/www.mes-allocs.fr\/guides\/?s={search_term_string}\",\"query-input\":\"required name=search_term_string\"}],\"inLanguage\":\"fr-FR\"},{\"@type\":\"ImageObject\",\"@id\":\"https:\/\/www.mes-allocs.fr\/guides\/aspa\/aspa-par-ville\/aspa-paris\/#primaryimage\",\"inLanguage\":\"fr-FR\",\"url\":\"https:\/\/www.mes-allocs.fr\/guides\/wp-content\/uploads\/2023\/05\/notredame-de-paris-gbda828dbc_1280.jpg?wsr\",\"width\":1280,\"height\":1280,\"caption\":\"aspa paris\"},{\"@type\":\"WebPage\",\"@id\":\"https:\/\/www.mes-allocs.fr\/guides\/aspa\/aspa-par-ville\/aspa-paris\/#webpage\",\"url\":\"https:\/\/www.mes-allocs.fr\/guides\/aspa\/aspa-par-ville\/aspa-paris\/\",\"name\":\"Comment faire une demande d'ASPA \\u00e0 Paris en 2026 ? | Mes-Allocs.fr\",\"isPartOf\":{\"@id\":\"https:\/\/www.mes-allocs.fr\/guides\/#website\"},\"primaryImageOfPage\":{\"@id\":\"https:\/\/www.mes-allocs.fr\/guides\/aspa\/aspa-par-ville\/aspa-paris\/#primaryimage\"},\"datePublished\":\"2023-05-09T13:01:08+00:00\",\"dateModified\":\"2026-01-07T16:04:35+00:00\",\"author\":{\"@id\":\"https:\/\/www.mes-allocs.fr\/guides\/#\/schema\/person\/99515cce9c88676c012398dee5d9e95a\"},\"description\":\"L'ASPA est une allocation vers\\u00e9e aux retrait\\u00e9s d'au moins 65 ans. D\\u00e9couvrez dans cet article comment faire une demande d'ASPA \\u00e0 Paris !\",\"inLanguage\":\"fr-FR\"},{\"@type\":\"Person\",\"@id\":\"https:\/\/www.mes-allocs.fr\/guides\/#\/schema\/person\/99515cce9c88676c012398dee5d9e95a\",\"name\":\"Clo\\u00e9 Giroudi\\u00e8re\",\"image\":{\"@type\":\"ImageObject\",\"@id\":\"https:\/\/www.mes-allocs.fr\/guides\/#personlogo\",\"inLanguage\":\"fr-FR\",\"url\":\"https:\/\/www.mes-allocs.fr\/guides\/wp-content\/uploads\/2023\/01\/245034208_406012077598379_7451500537271173379_n-150x150.jpg\",\"caption\":\"Clo\\u00e9 Giroudi\\u00e8re\"},\"description\":\"Clo\\u00e9 est r\\u00e9dactrice sp\\u00e9cialis\\u00e9 sur les sujets juridiques et sociaux. Elle rejoint Mes Allocs apr\\u00e8s une premi\\u00e8re exp\\u00e9rience en journalisme. Elle est dipl\\u00f4m\\u00e9e de l'ISFJ et d'une licence de droit de l'universit\\u00e9 Lumi\\u00e8re Lyon II.\",\"sameAs\":[\"https:\/\/www.linkedin.com\/in\/clo\\u00e9-giroudi\\u00e8re-461a14244\/\"]}]}<\/script>\n<!-- \/ Yoast SEO plugin. -->","amp_validity":null,"acf":{"faq":{"1":{"question":"Qui contacter pour l'Aspa ?","answer":"Pour obtenir l'ASPA, vous pouvez contacter un des experts de l'\u00e9quipe Mes Allocs qui vous aidera dans vos d\u00e9marches pour b\u00e9n\u00e9ficier de cette allocation !"},"2":{"question":"Quel montant de retraite pour toucher l'Aspa ?","answer":"Depuis le 1er janvier 2026,  les montants de l\u2019allocation de solidarit\u00e9 aux personnes \u00e2g\u00e9es sont les suivants :\r\n\r\nPour une personne seule : 1 043,59 par mois, soit 12 523,14 \u20ac par an.\r\nPour deux personnes : 1 620,18 \u20ac par mois, soit 19 442,21 \u20ac par an.\r\nSi vous percevez une petite retraite, l\u2019ASPA vient compl\u00e9ter celle-ci pour atteindre le montant accord\u00e9 \u00e0 taux plein."},"3":{"question":"Est-ce que l'ASPA est cumulable avec la retraite ?","answer":"L'ASPA est cumulable avec la retraite si le montant des deux aides r\u00e9unies respectent les plafonds de ressource fix\u00e9s."},"4":{"question":"O\u00f9 envoyer la demande d'Aspa ?","answer":"La demande d'ASPA peut \u00eatre envoy\u00e9e \u00e0 la CAF, la CARSAT, la MSA ou encore la CNAV selon votre r\u00e9gime d'affiliation."},"5":{"question":"Quel d\u00e9lai pour un dossier Aspa ?","answer":"Le d\u00e9lai pour un dossier ASPA est fix\u00e9 \u00e0 environ 2 mois apr\u00e8s la r\u00e9ception de votre dossier par l'organisme comp\u00e9tent."},"6":{"question":"Est-ce la CAF qui verse l'Aspa ?","answer":"La CAF peut vers\u00e9e l'ASPA si vous d\u00e9pendez du r\u00e9gime g\u00e9n\u00e9ral de la S\u00e9curit\u00e9 sociale."},"7":{"question":"","answer":""},"8":{"question":"","answer":""},"9":{"question":"","answer":""},"10":{"question":"","answer":""},"11":{"question":"","answer":""},"12":{"question":"","answer":""},"13":{"question":"","answer":""},"14":{"question":"","answer":""},"15":{"question":"","answer":""},"16":{"question":"","answer":""}}},"_links":{"self":[{"href":"https:\/\/www.mes-allocs.fr\/guides\/wp-json\/wp\/v2\/posts\/62979","targetHints":{"allow":["GET"]}}],"collection":[{"href":"https:\/\/www.mes-allocs.fr\/guides\/wp-json\/wp\/v2\/posts"}],"about":[{"href":"https:\/\/www.mes-allocs.fr\/guides\/wp-json\/wp\/v2\/types\/post"}],"author":[{"embeddable":true,"href":"https:\/\/www.mes-allocs.fr\/guides\/wp-json\/wp\/v2\/users\/24"}],"replies":[{"embeddable":true,"href":"https:\/\/www.mes-allocs.fr\/guides\/wp-json\/wp\/v2\/comments?post=62979"}],"version-history":[{"count":10,"href":"https:\/\/www.mes-allocs.fr\/guides\/wp-json\/wp\/v2\/posts\/62979\/revisions"}],"predecessor-version":[{"id":107119,"href":"https:\/\/www.mes-allocs.fr\/guides\/wp-json\/wp\/v2\/posts\/62979\/revisions\/107119"}],"wp:featuredmedia":[{"embeddable":true,"href":"https:\/\/www.mes-allocs.fr\/guides\/wp-json\/wp\/v2\/media\/62980"}],"wp:attachment":[{"href":"https:\/\/www.mes-allocs.fr\/guides\/wp-json\/wp\/v2\/media?parent=62979"}],"wp:term":[{"taxonomy":"category","embeddable":true,"href":"https:\/\/www.mes-allocs.fr\/guides\/wp-json\/wp\/v2\/categories?post=62979"},{"taxonomy":"post_tag","embeddable":true,"href":"https:\/\/www.mes-allocs.fr\/guides\/wp-json\/wp\/v2\/tags?post=62979"}],"curies":[{"name":"wp","href":"https:\/\/api.w.org\/{rel}","templated":true}]}}