{"id":62829,"date":"2023-04-13T15:41:16","date_gmt":"2023-04-13T13:41:16","guid":{"rendered":"https:\/\/www.mes-allocs.fr\/guides\/?p=62829"},"modified":"2025-10-28T16:53:10","modified_gmt":"2025-10-28T15:53:10","slug":"assurance-professionnel-sante","status":"publish","type":"post","link":"https:\/\/www.mes-allocs.fr\/guides\/assurance-sante\/assurance-professionnel-sante\/","title":{"rendered":"Quelle assurance choisir en tant que professionnel de sant\u00e9 ?"},"content":{"rendered":"<p><img loading=\"lazy\" decoding=\"async\" class=\"alignnone wp-image-62722 size-full\" title=\"assurance sant\u00e9 senior\" src=\"https:\/\/www.mes-allocs.fr\/guides\/wp-content\/uploads\/2023\/03\/virus-g4d8ee9d94_1920-e1680278332761.jpg\" alt=\"assurance sant\u00e9 senior\" width=\"1920\" height=\"244\" srcset=\"https:\/\/www.mes-allocs.fr\/guides\/wp-content\/uploads\/2023\/03\/virus-g4d8ee9d94_1920-e1680278332761.jpg 1920w, https:\/\/www.mes-allocs.fr\/guides\/wp-content\/uploads\/2023\/03\/virus-g4d8ee9d94_1920-e1680278332761-300x38.jpg 300w, https:\/\/www.mes-allocs.fr\/guides\/wp-content\/uploads\/2023\/03\/virus-g4d8ee9d94_1920-e1680278332761-1024x130.jpg 1024w, https:\/\/www.mes-allocs.fr\/guides\/wp-content\/uploads\/2023\/03\/virus-g4d8ee9d94_1920-e1680278332761-768x98.jpg 768w, https:\/\/www.mes-allocs.fr\/guides\/wp-content\/uploads\/2023\/03\/virus-g4d8ee9d94_1920-e1680278332761-1536x195.jpg 1536w, https:\/\/www.mes-allocs.fr\/guides\/wp-content\/uploads\/2023\/03\/virus-g4d8ee9d94_1920-e1680278332761-600x76.jpg 600w\" sizes=\"auto, (max-width: 1920px) 100vw, 1920px\" \/><\/p>\n<p><strong>Si vous \u00eates un professionnel de sant\u00e9, vous n&rsquo;\u00e9chappez pas \u00e0 l&rsquo;obligation de souscrire \u00e0 une <a href=\"https:\/\/www.mes-allocs.fr\/guides\/aides-sante\">assurance sant\u00e9<\/a>. Cependant, il existe des assurances qui prot\u00e8gent vous et votre activit\u00e9. Face \u00e0 cette multitude d&rsquo;offres pr\u00e9sentes sur le march\u00e9, il est parfois difficile de savoir laquelle choisir. Mes Allocs vous explique tout sur l&rsquo;assurance professionnel sant\u00e9.<\/strong><\/p>\n<div class='cta-block'><div class='text'>Simulez toutes vos aides en 2 min.<\/div><a href='https:\/\/www.mes-allocs.fr\/ab-app?origin=guides\/wp-json\/wp\/v2\/posts\/62829' class='app-button fit'>Simulation gratuite<\/a><\/div>\n<h1>Professionnel de sant\u00e9 : quelles formules d&rsquo;assurance sant\u00e9 ?<\/h1>\n<h2>Les assurances des professionnels de sant\u00e9<\/h2>\n<p>Si vous \u00eates un professionnel de sant\u00e9 (m\u00e9decin, kin\u00e9sith\u00e9rapeute, ophtalmologue, dentiste\u2026) vous avez acc\u00e8s \u00e0 <strong>diff\u00e9rents types d&rsquo;assurance sant\u00e9<\/strong>. Attention ! chaque formule varie en fonction des compagnies d&rsquo;assurance. Les principales formules d&rsquo;assurance sant\u00e9 sont les suivantes :<\/p>\n<ul>\n<li><strong>L&rsquo;assurance maladie obligatoire<\/strong> : comme tout citoyen, les professionnels de sant\u00e9 sont affili\u00e9s \u00e0 l&rsquo;Assurance Maladie obligatoire, qui couvre les frais m\u00e9dicaux de base<\/li>\n<li><strong>Les mutuelles sant\u00e9<\/strong> : vous pouvez souscrire une mutuelle sant\u00e9 compl\u00e9mentaire, qui couvre les frais m\u00e9dicaux non pris en charge par l&rsquo;Assurance Maladie<\/li>\n<li><strong>Les contrats de pr\u00e9voyance<\/strong> : ces contrats incluent une assurance compl\u00e9mentaire et une couverture sant\u00e9 en cas d&rsquo;arr\u00eat de travail, d&rsquo;invalidit\u00e9 ou de d\u00e9c\u00e8s<\/li>\n<li><strong>Les contrats d&rsquo;assurance groupe<\/strong> : vous pouvez souscrire une assurance sant\u00e9 collective pour vos salari\u00e9s. Les tarifs sont plus avantageux et les cotisations sont prises en charge en partie par l&#8217;employeur.<\/li>\n<\/ul>\n<h2>Les garanties des professionnels de sant\u00e9<\/h2>\n<p>En tant que professionnel de sant\u00e9, votre assurance sant\u00e9 doit comporter des garanties essentielles. Celles-ci permettent de couvrir votre activit\u00e9 ou vous-m\u00eame lorsque vous provoquez un dommage \u00e0 un tiers. Le dommage peut \u00eatre physique, financier ou mat\u00e9riel. Par exemple, vous pouvez commettre par erreur <strong>une erreur de diagnostic envers un patient<\/strong>.<\/p>\n<p>Alors, quel que soit le contrat sant\u00e9 choisi, vous b\u00e9n\u00e9ficiez de garanties essentielles, \u00e0 savoir :<\/p>\n<ul>\n<li><strong>La responsabilit\u00e9 civile m\u00e9dicale<\/strong><\/li>\n<li><strong>Les soins m\u00e9dicaux d&rsquo;urgence<\/strong><\/li>\n<li><strong>Les soins dentaires d&rsquo;urgence<\/strong><\/li>\n<li><strong>Les actes de m\u00e9decine douce et optique<\/strong><\/li>\n<li><strong>Les honoraires m\u00e9dicaux non rembours\u00e9s par la S\u00e9curit\u00e9 sociale<\/strong><\/li>\n<\/ul>\n<p>En principe, les <strong>honoraires m\u00e9dicaux rembours\u00e9s par la S\u00e9curit\u00e9 sociale<\/strong> font partie du tarif conventionnel et sont donc consid\u00e9r\u00e9s comme prix en charge par l&rsquo;Assurance Maladie. Ce sont donc les honoraires m\u00e9dicaux non rembours\u00e9s qui peuvent \u00eatre inclus dans les garanties essentielles d&rsquo;un contrat sant\u00e9. Ces honoraires incluent les d\u00e9passements d&rsquo;honoraires et les actes m\u00e9dicaux qui ne sont pas pris en charge par l&rsquo;Assurance Maladie.<\/p>\n<p>En outre, il est possible d&rsquo;ajouter des <strong>garanties optionnelles<\/strong>. En effet, un professionnel de sant\u00e9 peut faire face \u00e0 d&rsquo;autres incidents, pouvant l&rsquo;impacter lui ou ses locaux. Il en existe plusieurs, \u00e0 savoir :<\/p>\n<ul>\n<li><strong>La garantie \u00ab\u00a0locaux et biens professionnels\u00a0\u00bb<\/strong> : elle permet de prot\u00e9ger votre cabinet, vos appareils et votre mat\u00e9riel informatique. Cette garantie recouvre le vol, le vandalisme, les risques d&rsquo;incendie, le bris de glace, le d\u00e9g\u00e2t des eaux\u2026etc\u2026<\/li>\n<li><strong>La garantie \u00ab\u00a0protection financi\u00e8re\u00a0\u00bb<\/strong> : elle prend en charge les pertes financi\u00e8res subies \u00e0 la suite d&rsquo;un sinistre qui susciterait de stopper l&rsquo;activit\u00e9 professionnelle le temps d&rsquo;effectuer des travaux de r\u00e9paration des locaux<\/li>\n<li><strong>La garantie \u00ab\u00a0protection juridique\u00a0\u00bb <\/strong>: si vous avez un litige avec un patient, un salari\u00e9 ou m\u00eame un fournisseur, cette garantie vous offre une assistance juridique et financi\u00e8re tout au long d&rsquo;une proc\u00e9dure p\u00e9nale<\/li>\n<\/ul>\n<p>Pour vous donner un ordre d&rsquo;id\u00e9e, voici <strong>un tableau explicatif<\/strong> des garanties que vous pouvez retrouver, en tant que professionnel de sant\u00e9, dans un contrat d&rsquo;assurance sant\u00e9 :<\/p>\n\n<div class=\"wpdt-c row wpDataTableContainerSimpleTable wpDataTables wpDataTablesWrapper\n\"\n    >\n    <table id=\"wpdtSimpleTable-232\"\n           class=\"wpdtSimpleTable wpDataTable\"\n           data-column=\"2\"\n           data-rows=\"9\"\n           data-wpID=\"232\"\n           data-responsive=\"0\"\n           data-has-header=\"1\">\n\n                    <thead>        <tr class=\"wpdt-cell-row \" >\n                            <th class=\"wpdt-cell wpdt-bold\"\n                                    data-cell-id=\"A1\"\n                data-col-index=\"0\"\n                data-row-index=\"0\"\n                style=\" width:50.526315789474%;                padding:10px;\"\n                >\n                                Garanties essentielles                <\/th>\n                                            <th class=\"wpdt-cell wpdt-bold\"\n                                    data-cell-id=\"B1\"\n                data-col-index=\"1\"\n                data-row-index=\"0\"\n                style=\" width:49.473684210526%;                padding:10px;\"\n                >\n                                Garanties optionnelles                <\/th>\n                                        <\/tr>\n                    <tbody>        <tr class=\"wpdt-cell-row \" >\n                            <td class=\"wpdt-cell \"\n                                    data-cell-id=\"A2\"\n                data-col-index=\"0\"\n                data-row-index=\"1\"\n                style=\"                padding:10px;\"\n                >\n                                Responsabilit\u00e9 civile professionnelle (RCP)                <\/td>\n                                            <td class=\"wpdt-cell \"\n                                    data-cell-id=\"B2\"\n                data-col-index=\"1\"\n                data-row-index=\"1\"\n                style=\"                padding:10px;\"\n                >\n                                Vol, vandalisme, tentative de vol                <\/td>\n                                        <\/tr>\n                            <tr class=\"wpdt-cell-row \" >\n                            <td class=\"wpdt-cell \"\n                                    data-cell-id=\"A3\"\n                data-col-index=\"0\"\n                data-row-index=\"2\"\n                style=\"                padding:10px;\"\n                >\n                                Soins courants (dentaire, hospitalisation, optique...)                <\/td>\n                                            <td class=\"wpdt-cell \"\n                                    data-cell-id=\"B3\"\n                data-col-index=\"1\"\n                data-row-index=\"2\"\n                style=\"                padding:10px;\"\n                >\n                                Incendie                <\/td>\n                                        <\/tr>\n                            <tr class=\"wpdt-cell-row \" >\n                            <td class=\"wpdt-cell \"\n                                    data-cell-id=\"A4\"\n                data-col-index=\"0\"\n                data-row-index=\"3\"\n                style=\"                padding:10px;\"\n                >\n                                Soins m\u00e9dicaux d'urgence                <\/td>\n                                            <td class=\"wpdt-cell \"\n                                    data-cell-id=\"B4\"\n                data-col-index=\"1\"\n                data-row-index=\"3\"\n                style=\"                padding:10px;\"\n                >\n                                Bris de glace                <\/td>\n                                        <\/tr>\n                            <tr class=\"wpdt-cell-row \" >\n                            <td class=\"wpdt-cell \"\n                                    data-cell-id=\"A5\"\n                data-col-index=\"0\"\n                data-row-index=\"4\"\n                style=\"                padding:10px;\"\n                >\n                                Acte de m\u00e9decine douce                <\/td>\n                                            <td class=\"wpdt-cell \"\n                                    data-cell-id=\"B5\"\n                data-col-index=\"1\"\n                data-row-index=\"4\"\n                style=\"                padding:10px;\"\n                >\n                                D\u00e9g\u00e2ts des eaux                <\/td>\n                                        <\/tr>\n                            <tr class=\"wpdt-cell-row \" >\n                            <td class=\"wpdt-cell \"\n                                    data-cell-id=\"A6\"\n                data-col-index=\"0\"\n                data-row-index=\"5\"\n                style=\"                padding:10px;\"\n                >\n                                Les honoraires m\u00e9dicaux non rembours\u00e9s                <\/td>\n                                            <td class=\"wpdt-cell \"\n                                    data-cell-id=\"B6\"\n                data-col-index=\"1\"\n                data-row-index=\"5\"\n                style=\"                padding:10px;\"\n                >\n                                Catastrophes naturelles                <\/td>\n                                        <\/tr>\n                            <tr class=\"wpdt-cell-row \" >\n                            <td class=\"wpdt-cell \"\n                                    data-cell-id=\"A7\"\n                data-col-index=\"0\"\n                data-row-index=\"6\"\n                style=\"                padding:10px;\"\n                >\n                                x                <\/td>\n                                            <td class=\"wpdt-cell \"\n                                    data-cell-id=\"B7\"\n                data-col-index=\"1\"\n                data-row-index=\"6\"\n                style=\"                padding:10px;\"\n                >\n                                Dommages \u00e9lectriques                <\/td>\n                                        <\/tr>\n                            <tr class=\"wpdt-cell-row \" >\n                            <td class=\"wpdt-cell \"\n                                    data-cell-id=\"A8\"\n                data-col-index=\"0\"\n                data-row-index=\"7\"\n                style=\"                padding:10px;\"\n                >\n                                x                <\/td>\n                                            <td class=\"wpdt-cell \"\n                                    data-cell-id=\"B8\"\n                data-col-index=\"1\"\n                data-row-index=\"7\"\n                style=\"                padding:10px;\"\n                >\n                                Protection financi\u00e8re                <\/td>\n                                        <\/tr>\n                            <tr class=\"wpdt-cell-row \" >\n                            <td class=\"wpdt-cell \"\n                                    data-cell-id=\"A9\"\n                data-col-index=\"0\"\n                data-row-index=\"8\"\n                style=\"                padding:10px;\"\n                >\n                                x                <\/td>\n                                            <td class=\"wpdt-cell \"\n                                    data-cell-id=\"B9\"\n                data-col-index=\"1\"\n                data-row-index=\"8\"\n                style=\"                padding:10px;\"\n                >\n                                Protection juridique                <\/td>\n                                        <\/tr>\n                    <\/table>\n<\/div><style id='wpdt-custom-style-232'>\ntable#wpdtSimpleTable-232{ table-layout: fixed !important; }\n<\/style>\n\n<h2>Les tarifs pour les professionnels de sant\u00e9<\/h2>\n<p><strong>Il n&rsquo;existe pas de prix fixe<\/strong> pour les professionnels de sant\u00e9 comme pour quiconque. Chaque tarif varie en fonction de votre information personnelle et professionnelle. Il est donc important de comparer les offres pour conna\u00eetre le montant adapt\u00e9 \u00e0 vos besoins.<\/p>\n<p>Pour vous aider, nous avons r\u00e9alis\u00e9 plusieurs devis. Concernant une <strong>femme \u00e2g\u00e9e de 43 ans, fonctionnaire hospitalier et habitant \u00e0 Lyon<\/strong>, les tarifs de l&rsquo;assurance sant\u00e9 sont les suivants :<\/p>\n<ul>\n<li><strong>37\u20ac par mois<\/strong> chez UniPH<\/li>\n<li><strong>39\u20ac par mois<\/strong> chez MeilleurtauxSant\u00e9<\/li>\n<li><strong>39\u20ac par mois<\/strong> chez April<\/li>\n<li><strong>40\u20ac par mois<\/strong> chez Selfassurance<\/li>\n<li><strong>41\u20ac par mois<\/strong> chez DirecAssurance<\/li>\n<li><strong>42\u20ac par mois<\/strong> chez Cegema<\/li>\n<li><strong>44\u20ac par mois<\/strong> chez Julia<\/li>\n<\/ul>\n<p>Pour un <strong>homme \u00e2g\u00e9 de 30 ans<\/strong>, fonctionnaire hospitalier et r\u00e9sidant \u00e0 Lyon, les tarifs sont les suivants :<\/p>\n<ul>\n<li><strong>26\u20ac par mois<\/strong> chez UniPH<\/li>\n<li><strong>30\u20ac par mois<\/strong> chez April<\/li>\n<li><strong>31\u20ac par mois<\/strong> chez Lourmel<\/li>\n<li><strong>31\u20ac par mois<\/strong> chez DirectAssurance<\/li>\n<li><strong>32\u20ac par mois<\/strong> chez SelfAssurance<\/li>\n<li><strong>33\u20ac par mois<\/strong> chez Cegema<\/li>\n<li><strong>37\u20ac par mois<\/strong> chez Julia<\/li>\n<\/ul>\n<p>Si vous avez besoin d&rsquo;\u00eatre accompagn\u00e9(e) dans vos d\u00e9marches administratives, n&rsquo;h\u00e9sitez pas <a href=\"https:\/\/www.mes-allocs.fr\/souscription\">\u00e0 faire appel \u00e0 un de nos experts<\/a>.<\/p>\n<h1>Professionnel de sant\u00e9 : quels avantages sur l&rsquo;assurance sant\u00e9 ?<\/h1>\n<h2>Les services d\u00e9di\u00e9s aux professionnels de sant\u00e9<\/h2>\n<p>Certaines compagnies d&rsquo;assurance proposent des avantages suppl\u00e9mentaires dans les contrats sant\u00e9 pour les professionnels de sant\u00e9. Ils peuvent donc varier d&rsquo;une compagnie \u00e0 l&rsquo;autre. Voici quelques exemples des <strong>services d\u00e9di\u00e9s aux professionnels de sant\u00e9 dans un contrat d&rsquo;assurance sant\u00e9<\/strong> :<\/p>\n<ul>\n<li><strong>La garantie \u00ab\u00a0biens portables\u00a0\u00bb <\/strong>suite \u00e0 un bris accidentel pour les professionnels de sant\u00e9 prestataire de services<\/li>\n<li><strong>La prise en charge des frais d&rsquo;image <\/strong>en cas d&rsquo;atteinte \u00e0 l&rsquo;image de votre entreprise<\/li>\n<li><strong>La garantie \u00ab\u00a0accident\u00a0\u00bb <\/strong>pour les m\u00e9decins en cas d&rsquo;accident survenu \u00e0 leurs patients dans leurs locaux<\/li>\n<li><strong>L&rsquo;acc\u00e8s aux r\u00e9seaux de professionnels de sant\u00e9 partenaire<\/strong> afin de b\u00e9n\u00e9ficier de r\u00e9duction<\/li>\n<\/ul>\n<p>Il existe d&rsquo;autres avantages selon les compagnies d&rsquo;assurance. Il est d&rsquo;ailleurs recommand\u00e9 de se renseigner au pr\u00e9alable avant de conclure un contrat d&rsquo;assurance sant\u00e9.<\/p>\n<h2>Les avantages fiscaux pour les professionnels de sant\u00e9<\/h2>\n<p>En tant que professionnel de sant\u00e9, vous pouvez b\u00e9n\u00e9ficier des <strong>avantages fiscaux li\u00e9s \u00e0 la souscription d&rsquo;un contrat d&rsquo;assurance sant\u00e9<\/strong>. Vous l&rsquo;aurez compris, ces avantages d\u00e9pendent de la compagnie d&rsquo;assurance. Voici quelques exemples de ces avantages :<\/p>\n<ul>\n<li><strong>La d\u00e9duction fiscale<\/strong> : lorsque vous avez conclu un contrat sant\u00e9, vous payez des primes d&rsquo;assurance. Gr\u00e2ce \u00e0 la d\u00e9duction fiscale, ces primes peuvent \u00eatre d\u00e9duites de vos imp\u00f4ts sur le revenu<\/li>\n<li><strong>Le cr\u00e9dit d&rsquo;imp\u00f4t pour la pr\u00e9voyance compl\u00e9mentaire<\/strong> : vous pouvez b\u00e9n\u00e9ficier d&rsquo;un cr\u00e9dit d&rsquo;imp\u00f4t pour la souscription d&rsquo;un contrat de pr\u00e9voyance compl\u00e9mentaire, qui inclut une assurance sant\u00e9. Ce cr\u00e9dit d&rsquo;imp\u00f4t correspond \u00e0 25 % des cotisations vers\u00e9es<\/li>\n<li><strong>L&rsquo;exon\u00e9ration des charges sociales<\/strong> : si vous \u00eates employeur et que vous avez souscrit une assurance sant\u00e9 pour vos employ\u00e9s, vous pouvez b\u00e9n\u00e9ficier d&rsquo;une exon\u00e9ration de charges sociales sur les cotisations vers\u00e9es<\/li>\n<\/ul>\n<p><strong>A noter<\/strong> : tous ces avantages fiscaux s&rsquo;appliquent dans la limite d&rsquo;un certain plafond.<\/p>\n<p><iframe loading=\"lazy\" title=\"L&#039;assurance sant\u00e9\" width=\"500\" height=\"281\" src=\"https:\/\/www.youtube.com\/embed\/XJxdfZ3mIIg?feature=oembed\" frameborder=\"0\" allow=\"accelerometer; autoplay; clipboard-write; encrypted-media; gyroscope; picture-in-picture; web-share\" referrerpolicy=\"strict-origin-when-cross-origin\" allowfullscreen><\/iframe><\/p>\n<h1>Professionnel de sant\u00e9 : quelles obligations en assurance sant\u00e9 ?<\/h1>\n<h2>Pour les salari\u00e9s du secteur priv\u00e9<\/h2>\n<p>Si vous \u00eates un salari\u00e9 du secteur priv\u00e9 et que vous exercez une profession de sant\u00e9, vous \u00eates soumis \u00e0 des obligations en mati\u00e8re d&rsquo;assurance sant\u00e9, \u00e0 savoir :<\/p>\n<ul>\n<li><strong>L&rsquo;affiliation \u00e0 l&rsquo;Assurance Maladie obligatoire<\/strong> : vous devez \u00eatre affili\u00e9 au r\u00e9gime l\u00e9gal de l&rsquo;assurance maladie qui couvre les frais m\u00e9dicaux de base<\/li>\n<li><strong>Le respect des obligations l\u00e9gales de l&#8217;employeur<\/strong> : si vous avez souscrit une assurance sant\u00e9 collective pour vos salari\u00e9s, vous devez respecter les obligations l\u00e9gales en mati\u00e8re de garanties, de participation financi\u00e8re et d&rsquo;information des salari\u00e9s sur les modalit\u00e9s de l&rsquo;assurance sant\u00e9<\/li>\n<\/ul>\n<p><strong>A noter<\/strong> : les obligations sont g\u00e9n\u00e9ralement incomb\u00e9es aux employeurs ayant plus de 11 salari\u00e9s.<\/p>\n<h2>Pour les autres professionnels de sant\u00e9<\/h2>\n<p>Si vous exercez une profession li\u00e9e \u00e0 la sant\u00e9 mais autre que salari\u00e9 dans le secteur priv\u00e9, vous \u00eates \u00e9galement soumis \u00e0 des obligations. En voici quelques-unes :<\/p>\n<ul>\n<li>Souscrire une assurance Responsabilit\u00e9 Civile Professionnelle <strong>pour les professionnels de sant\u00e9 lib\u00e9raux<\/strong><\/li>\n<li>Etre affili\u00e9 \u00e0 l&rsquo;Assurance maladie obligatoire <strong>en tant que professionnel de sant\u00e9 salari\u00e9 du secteur public<\/strong><\/li>\n<\/ul>\n<div class='cta-block'><div class='text'>Simulez toutes vos aides en 2 min.<\/div><a href='https:\/\/www.mes-allocs.fr\/ab-app?origin=guides\/wp-json\/wp\/v2\/posts\/62829' class='app-button fit'>Simulation gratuite<\/a><\/div>\n","protected":false},"excerpt":{"rendered":"<p>Si vous \u00eates un professionnel de sant\u00e9, vous n&rsquo;\u00e9chappez pas \u00e0 l&rsquo;obligation de souscrire \u00e0 une assurance sant\u00e9. Cependant, il existe des assurances qui prot\u00e8gent vous et votre activit\u00e9. Face \u00e0 cette multitude d&rsquo;offres pr\u00e9sentes sur le march\u00e9, il est parfois difficile de savoir laquelle choisir. Mes Allocs vous explique tout sur l&rsquo;assurance professionnel sant\u00e9. [&hellip;]<\/p>\n","protected":false},"author":24,"featured_media":62787,"comment_status":"closed","ping_status":"open","sticky":false,"template":"","format":"standard","meta":{"amp_status":"","footnotes":""},"categories":[25866],"tags":[],"class_list":["post-62829","post","type-post","status-publish","format-standard","has-post-thumbnail","hentry","category-assurance-sante"],"yoast_head":"<!-- This site is optimized with the Yoast SEO plugin v14.9 - https:\/\/yoast.com\/wordpress\/plugins\/seo\/ -->\n<title>Quelle assurance choisir en tant que professionnel de sant\u00e9 ?<\/title>\n<meta name=\"description\" content=\"Les professionnels de sant\u00e9 ont l&#039;obligation de souscrire une assurance sant\u00e9. Tarifs, formules, garanties...Mes Allocs vous explique tout !\" \/>\n<meta name=\"robots\" content=\"index, follow, max-snippet:-1, max-image-preview:large, max-video-preview:-1\" \/>\n<link rel=\"canonical\" href=\"https:\/\/www.mes-allocs.fr\/guides\/assurance-sante\/assurance-professionnel-sante\/\" \/>\n<meta property=\"og:locale\" content=\"fr_FR\" \/>\n<meta property=\"og:type\" content=\"article\" \/>\n<meta property=\"og:title\" content=\"Quelle assurance choisir en tant que professionnel de sant\u00e9 ?\" \/>\n<meta property=\"og:description\" content=\"Les professionnels de sant\u00e9 ont l&#039;obligation de souscrire une assurance sant\u00e9. Tarifs, formules, garanties...Mes Allocs vous explique tout !\" \/>\n<meta property=\"og:url\" content=\"https:\/\/www.mes-allocs.fr\/guides\/assurance-sante\/assurance-professionnel-sante\/\" \/>\n<meta property=\"og:site_name\" content=\"Mes-Allocs.fr\" \/>\n<meta property=\"article:published_time\" content=\"2023-04-13T13:41:16+00:00\" \/>\n<meta property=\"article:modified_time\" content=\"2025-10-28T15:53:10+00:00\" \/>\n<meta property=\"og:image\" content=\"https:\/\/www.mes-allocs.fr\/guides\/wp-content\/uploads\/2023\/04\/insurance-g979254ff4_1280.jpg?wsr\" \/>\n\t<meta property=\"og:image:width\" content=\"1280\" \/>\n\t<meta property=\"og:image:height\" content=\"900\" \/>\n<meta name=\"twitter:card\" content=\"summary_large_image\" \/>\n<script type=\"application\/ld+json\" class=\"yoast-schema-graph\">{\"@context\":\"https:\/\/schema.org\",\"@graph\":[{\"@type\":\"WebSite\",\"@id\":\"https:\/\/www.mes-allocs.fr\/guides\/#website\",\"url\":\"https:\/\/www.mes-allocs.fr\/guides\/\",\"name\":\"Mes-Allocs.fr\",\"description\":\"\",\"potentialAction\":[{\"@type\":\"SearchAction\",\"target\":\"https:\/\/www.mes-allocs.fr\/guides\/?s={search_term_string}\",\"query-input\":\"required name=search_term_string\"}],\"inLanguage\":\"fr-FR\"},{\"@type\":\"ImageObject\",\"@id\":\"https:\/\/www.mes-allocs.fr\/guides\/assurance-sante\/assurance-professionnel-sante\/#primaryimage\",\"inLanguage\":\"fr-FR\",\"url\":\"https:\/\/www.mes-allocs.fr\/guides\/wp-content\/uploads\/2023\/04\/insurance-g979254ff4_1280.jpg?wsr\",\"width\":1280,\"height\":900,\"caption\":\"pension invalidit\\u00e9 surdit\\u00e9\"},{\"@type\":\"WebPage\",\"@id\":\"https:\/\/www.mes-allocs.fr\/guides\/assurance-sante\/assurance-professionnel-sante\/#webpage\",\"url\":\"https:\/\/www.mes-allocs.fr\/guides\/assurance-sante\/assurance-professionnel-sante\/\",\"name\":\"Quelle assurance choisir en tant que professionnel de sant\\u00e9 ?\",\"isPartOf\":{\"@id\":\"https:\/\/www.mes-allocs.fr\/guides\/#website\"},\"primaryImageOfPage\":{\"@id\":\"https:\/\/www.mes-allocs.fr\/guides\/assurance-sante\/assurance-professionnel-sante\/#primaryimage\"},\"datePublished\":\"2023-04-13T13:41:16+00:00\",\"dateModified\":\"2025-10-28T15:53:10+00:00\",\"author\":{\"@id\":\"https:\/\/www.mes-allocs.fr\/guides\/#\/schema\/person\/99515cce9c88676c012398dee5d9e95a\"},\"description\":\"Les professionnels de sant\\u00e9 ont l'obligation de souscrire une assurance sant\\u00e9. Tarifs, formules, garanties...Mes Allocs vous explique tout !\",\"inLanguage\":\"fr-FR\"},{\"@type\":\"Person\",\"@id\":\"https:\/\/www.mes-allocs.fr\/guides\/#\/schema\/person\/99515cce9c88676c012398dee5d9e95a\",\"name\":\"Clo\\u00e9 Giroudi\\u00e8re\",\"image\":{\"@type\":\"ImageObject\",\"@id\":\"https:\/\/www.mes-allocs.fr\/guides\/#personlogo\",\"inLanguage\":\"fr-FR\",\"url\":\"https:\/\/www.mes-allocs.fr\/guides\/wp-content\/uploads\/2023\/01\/245034208_406012077598379_7451500537271173379_n-150x150.jpg\",\"caption\":\"Clo\\u00e9 Giroudi\\u00e8re\"},\"description\":\"Clo\\u00e9 est r\\u00e9dactrice sp\\u00e9cialis\\u00e9 sur les sujets juridiques et sociaux. Elle rejoint Mes Allocs apr\\u00e8s une premi\\u00e8re exp\\u00e9rience en journalisme. Elle est dipl\\u00f4m\\u00e9e de l'ISFJ et d'une licence de droit de l'universit\\u00e9 Lumi\\u00e8re Lyon II.\",\"sameAs\":[\"https:\/\/www.linkedin.com\/in\/clo\\u00e9-giroudi\\u00e8re-461a14244\/\"]}]}<\/script>\n<!-- \/ Yoast SEO plugin. -->","amp_validity":null,"acf":{"faq":{"1":{"question":"Comment choisir son assurance de professionnel de sant\u00e9 ?","answer":"Pour choisir son assurance de professionnel de sant\u00e9, il faut prendre en compte diff\u00e9rents crit\u00e8res comme les garanties, les clauses g\u00e9n\u00e9rales du contrat, les avantages sant\u00e9, l'\u00e9tendue de la couverture aux cabinets de sant\u00e9..."},"2":{"question":"Qu'est-ce que couvre la RC Pro ?","answer":"La garantie Responsabilit\u00e9 Civile Professionnelle (RCP) est la garantie minimale que n'importe quel contrat doit contenir. Elle permet de vous prot\u00e9ger en cas de sinistre sur un tiers"},"3":{"question":"Comment fonctionne une RC Pro ?","answer":"La garantie Responsabilit\u00e9 Civile Professionnelle (RCP) permet de rembourser la victime qui a subi un sinistre commis par une faute involontaire de votre part. "},"4":{"question":"Quelle est la diff\u00e9rence entre une assurance sant\u00e9 et une mutuelle ?","answer":"La mutuelle est un groupe d'assurance \u00e0 but non lucratif alors que l'assurance sant\u00e9 est obligatoire et \u00e0 but lucratif."},"5":{"question":"Pourquoi prendre une assurance pro ?","answer":"La garantie Responsabilit\u00e9 Civile Professionnelle (RCP) permet de vous prot\u00e9ger en cas de sinistre sur un tiers ou dans vos locaux."},"6":{"question":"Quels sont les principaux fraudeurs de l'assurance sant\u00e9 ?","answer":"Les principaux fraudeurs de l'assurance sant\u00e9 seraient les infirmiers, estim\u00e9s entre 5 et 7 % des d\u00e9clarations frauduleuses \u00e0 la CNAM."},"7":{"question":"","answer":""},"8":{"question":"","answer":""},"9":{"question":"","answer":""},"10":{"question":"","answer":""},"11":{"question":"","answer":""},"12":{"question":"","answer":""},"13":{"question":"","answer":""},"14":{"question":"","answer":""},"15":{"question":"","answer":""},"16":{"question":"","answer":""}}},"_links":{"self":[{"href":"https:\/\/www.mes-allocs.fr\/guides\/wp-json\/wp\/v2\/posts\/62829","targetHints":{"allow":["GET"]}}],"collection":[{"href":"https:\/\/www.mes-allocs.fr\/guides\/wp-json\/wp\/v2\/posts"}],"about":[{"href":"https:\/\/www.mes-allocs.fr\/guides\/wp-json\/wp\/v2\/types\/post"}],"author":[{"embeddable":true,"href":"https:\/\/www.mes-allocs.fr\/guides\/wp-json\/wp\/v2\/users\/24"}],"replies":[{"embeddable":true,"href":"https:\/\/www.mes-allocs.fr\/guides\/wp-json\/wp\/v2\/comments?post=62829"}],"version-history":[{"count":4,"href":"https:\/\/www.mes-allocs.fr\/guides\/wp-json\/wp\/v2\/posts\/62829\/revisions"}],"predecessor-version":[{"id":105307,"href":"https:\/\/www.mes-allocs.fr\/guides\/wp-json\/wp\/v2\/posts\/62829\/revisions\/105307"}],"wp:featuredmedia":[{"embeddable":true,"href":"https:\/\/www.mes-allocs.fr\/guides\/wp-json\/wp\/v2\/media\/62787"}],"wp:attachment":[{"href":"https:\/\/www.mes-allocs.fr\/guides\/wp-json\/wp\/v2\/media?parent=62829"}],"wp:term":[{"taxonomy":"category","embeddable":true,"href":"https:\/\/www.mes-allocs.fr\/guides\/wp-json\/wp\/v2\/categories?post=62829"},{"taxonomy":"post_tag","embeddable":true,"href":"https:\/\/www.mes-allocs.fr\/guides\/wp-json\/wp\/v2\/tags?post=62829"}],"curies":[{"name":"wp","href":"https:\/\/api.w.org\/{rel}","templated":true}]}}