{"id":62692,"date":"2023-03-29T14:38:07","date_gmt":"2023-03-29T12:38:07","guid":{"rendered":"https:\/\/www.mes-allocs.fr\/guides\/?p=62692"},"modified":"2025-08-26T10:03:12","modified_gmt":"2025-08-26T08:03:12","slug":"aides-protheses-auditives","status":"publish","type":"post","link":"https:\/\/www.mes-allocs.fr\/guides\/aides-sante\/aides-protheses-auditives\/","title":{"rendered":"Aide appareil auditif : conditions, montant, d\u00e9marches"},"content":{"rendered":"<p><img loading=\"lazy\" decoding=\"async\" class=\"alignnone wp-image-62694 size-full\" title=\"aides proth\u00e8ses auditives\" src=\"https:\/\/www.mes-allocs.fr\/guides\/wp-content\/uploads\/2023\/03\/deaf-g5bac40e68_1280-e1680092906779.png\" alt=\"aides proth\u00e8ses auditives\" width=\"1280\" height=\"233\" \/><\/p>\n<p>Les appareils auditifs ont pour but d&rsquo;aider les patients atteints de d\u00e9ficience auditive. Toutefois, ils sont assez co\u00fbteux et peuvent rendre leur acquisition compliqu\u00e9e pour les personnes \u00e0 faibles ou moyens revenus. Fort heureusement, des <a href=\"https:\/\/www.mes-allocs.fr\/guides\/aides-sante\">aides \u00e0 la sant\u00e9<\/a> permettent aux citoyens de couvrir ces frais. D\u00e9couvrez toutes les <strong>aides pour l&rsquo;achat d&rsquo;un appareil auditif<\/strong>.<\/p>\n<div class='cta-block'><div class='text'>Faites votre bilan auditif gratuit et sans engagement.<\/div><a href='https:\/\/clk.tradedoubler.com\/click?p=297760&amp;a=3332014&amp;g=25514068' class='app-button fit'>Je r\u00e9alise mon bilan auditif<\/a><\/div>\n<h1>Qu\u2019est-ce qu\u2019une aide pour appareil auditif ?<\/h1>\n<p>L\u2019<strong>achat d\u2019un appareil auditif<\/strong>, ou ses accessoires, peut \u00eatre co\u00fbteux. C\u2019est pourquoi des <strong>aides financi\u00e8res<\/strong> existent. Attribu\u00e9es par l\u2019Assurance Maladie ou par certains organismes, leur objectif est de vous permettre de b\u00e9n\u00e9ficier de solutions auditives sans vous ruiner.<\/p>\n<h1>100 % Sant\u00e9 : remboursement des appareils auditifs et de leur accessoires par l\u2019Assurance maladie et la mutuelle<\/h1>\n<p>Gr\u00e2ce au <strong>dispositif 100 % Sant\u00e9<\/strong>, vous pouvez b\u00e9n\u00e9ficier d\u2019un r<strong>emboursement complet de vos aides auditives<\/strong>. Ce remboursement prend en compte tous les frais, et aucun reste \u00e0 charge ne vous incombe. Ce sont l\u2019Assurance Maladie et votre compl\u00e9mentaire sant\u00e9 (votre mutuelle) qui se chargent de vous rembourser vos appareils auditifs ou leurs accessoires.<\/p>\n<p>Pour en b\u00e9n\u00e9ficier, vous devez n\u00e9anmoins pr\u00e9senter une prescription m\u00e9dicale qui justifie un d\u00e9ficit auditif, et donc le recours \u00e0 des solutions auditives. Il est donc tout \u00e0 fait possible de b\u00e9n\u00e9ficier d\u2019un <strong>appareil auditif gratuit pour une personne \u00e2g\u00e9e<\/strong> ou encore pour une personne pr\u00e9sentant des d\u00e9ficiences auditives.<\/p>\n<h2>Quels sont les appareils auditifs et accessoires pris en charge par le 100 % Sant\u00e9 ?<\/h2>\n<p>Vous pouvez b\u00e9n\u00e9ficier du <a href=\"https:\/\/www.mes-allocs.fr\/guides\/aides-sante\/aides-protheses-auditives\/appareil-auditif-100-sante-ameli\/\">100% Sant\u00e9 pour l&rsquo;acquisition d\u2019un appareil auditif<\/a>. Pour \u00eatre <strong>rembours\u00e9 int\u00e9gralement<\/strong>, choisissez un <strong>appareil auditif de classe I<\/strong>. \u00c0 l\u2019inverse, les appareils auditifs de classe II sont rembours\u00e9s partiellement : un reste \u00e0 charge s\u2019appliquera donc, pris en charge ou non par votre mutuelle.<\/p>\n<p>Vous pouvez aussi solliciter le 100 % Sant\u00e9 pour l\u2019achat d\u2019accessoires. Ces derniers englobent les <strong>piles<\/strong>, les <strong>\u00e9couteurs<\/strong>, les <strong>coques<\/strong>, et bien d\u2019autres encore. Contrairement \u00e0 l\u2019appareil auditif qui n\u00e9cessite une prescription m\u00e9dicale pour \u00eatre rembours\u00e9 par l\u2019Assurance Maladie, les accessoires peuvent \u00eatre demand\u00e9s avec moins de contraintes. Toutefois, ils doivent figurer sur la <strong>liste des produits et prestations (LPP) remboursables par l&rsquo;Assurance Maladie<\/strong> pour \u00eatre rembours\u00e9s \u00e0 hauteur de <strong>60%<\/strong>.<\/p>\n<p><iframe loading=\"lazy\" src=\"\/\/www.youtube.com\/embed\/pDAq1hv_k-4\" width=\"560\" height=\"314\" allowfullscreen=\"allowfullscreen\" data-mce-fragment=\"1\"><\/iframe><\/p>\n<h2>Quelles sont les conditions d&rsquo;attribution de l\u2019aide 100% sant\u00e9 pour l\u2019achat d\u2019un appareil auditif ?<\/h2>\n<p>Sous <strong>prescription m\u00e9dicale<\/strong>, les aides auditives sont prises en charge par l&rsquo;Assurance Maladie. Pour que l&rsquo;Assurance Maladie prenne en charge votre appareil auditif, plusieurs conditions sont \u00e0 respecter.<\/p>\n<h3>La prescription des appareils auditifs par un m\u00e9decin<\/h3>\n<p>Pour les <strong>patients de plus de 6 ans<\/strong>, la prescription d&rsquo;une aide auditive est r\u00e9serv\u00e9e aux m\u00e9decins oto-rhino-laryngologistes (ORL) ou aux m\u00e9decins g\u00e9n\u00e9ralistes ayant suivi une formation en otologie m\u00e9dicale. Pour les <strong>enfants de moins de 6 ans<\/strong>, la prescription est obligatoirement assur\u00e9e par un ORL dot\u00e9 d\u2019une formation compl\u00e9mentaire sp\u00e9cifique.<\/p>\n<p>La prescription doit consister \u00e0 \u00e9valuer votre g\u00e8ne, vos besoins, votre motivation, vos ant\u00e9c\u00e9dents. De m\u00eame, elle doit permettre d&rsquo;examiner vos conduits auditifs et de r\u00e9aliser diff\u00e9rentes mesures.<\/p>\n<p>Si vous souhaitez b\u00e9n\u00e9ficier du 100% sant\u00e9 dans le cadre d\u2019un <strong>renouvellement de vos appareils auditifs<\/strong>, vous devez attendre <strong>4 ans<\/strong> apr\u00e8s la date de facturation de la pr\u00e9c\u00e9dente aide auditive. Cette demande de renouvellement peut \u00eatre effectu\u00e9e par n\u2019importe quel m\u00e9decin, sauf pour les patients de 6 ans et moins qui doivent toujours se rapprocher d\u2019un ORL.<\/p>\n<h3>Le choix du mod\u00e8le de l&rsquo;appareil auditif<\/h3>\n<p>Pour pouvoir b\u00e9n\u00e9ficier d&rsquo;une prise en charge, le sp\u00e9cialiste est tenu de vous proposer 2 appareils de classe 1. Mais vous pouvez choisir de disposer d&rsquo;un appareil de classe 2.<\/p>\n\n<div class=\"wpdt-c row wpDataTableContainerSimpleTable wpDataTables wpDataTablesWrapper\n\"\n    >\n    <table id=\"wpdtSimpleTable-278\"\n           class=\"wpdtSimpleTable wpDataTable\"\n           data-column=\"2\"\n           data-rows=\"2\"\n           data-wpID=\"278\"\n           data-responsive=\"0\"\n           data-has-header=\"0\">\n\n                    <tbody>        <tr class=\"wpdt-cell-row \" >\n                            <td class=\"wpdt-cell wpdt-bold wpdt-bc-F1F1F1\"\n                                    data-cell-id=\"A1\"\n                data-col-index=\"0\"\n                data-row-index=\"0\"\n                style=\" width:50%;                padding:10px;\"\n                >\n                                Classe I                <\/td>\n                                            <td class=\"wpdt-cell wpdt-bold wpdt-bc-F1F1F1\"\n                                    data-cell-id=\"B1\"\n                data-col-index=\"1\"\n                data-row-index=\"0\"\n                style=\" width:50%;                padding:10px;\"\n                >\n                                Classe II                <\/td>\n                                        <\/tr>\n                            <tr class=\"wpdt-cell-row \" style=\"height:83px;\">\n                            <td class=\"wpdt-cell \"\n                                    data-cell-id=\"A2\"\n                data-col-index=\"0\"\n                data-row-index=\"1\"\n                style=\"                padding:10px;\"\n                >\n                                Offre sans reste \u00e0 charge                <\/td>\n                                            <td class=\"wpdt-cell \"\n                                    data-cell-id=\"B2\"\n                data-col-index=\"1\"\n                data-row-index=\"1\"\n                style=\"                padding:10px;\"\n                >\n                                Prix fix\u00e9 par l'audioproth\u00e9siste, donc avec reste \u00e0 charge                <\/td>\n                                        <\/tr>\n                    <\/table>\n<\/div><style id='wpdt-custom-style-278'>\n.wpdt-bc-F1F1F1 { background-color: #F1F1F1 !important;}\n<\/style>\n\n<h3>L\u2019\u00e9tablissement d\u2019un devis normalis\u00e9<\/h3>\n<p>Le devis r\u00e9alis\u00e9 par l\u2019<strong>audioproth\u00e9siste<\/strong> doit, sans ambigu\u00eft\u00e9, faire appara\u00eetre le prix de l&rsquo;appareil \u00e9lectronique correcteur de surdit\u00e9 propos\u00e9 et le prix des prestations d&rsquo;adaptation. En outre, le prix de chaque option non incluse initialement dans le produit propos\u00e9 \u00e0 la vente doit \u00e9galement \u00eatre indiqu\u00e9.<\/p>\n<p>Ainsi donc, le devis comporte la marque, le mod\u00e8le, la r\u00e9f\u00e9rence commerciale et la classe de l&rsquo;appareil propos\u00e9, sa dur\u00e9e de garantie et son prix incluant tous les accessoires indispensables ou optionnels \u00e0 son fonctionnement, et ce pour chaque appareil en cas d&rsquo;appareillage des deux oreilles. Aussi, on doit retrouver sur le devis, la nature des prestations d&rsquo;adaptation indissociables de l&rsquo;appareil propos\u00e9, n\u00e9cessaires \u00e0 son adaptation initiale et \u00e0 son suivi p\u00e9riodique. Et enfin, le prix total \u00e0 payer et les modalit\u00e9s de prise en charge par l&rsquo;Assurance Maladie.<\/p>\n<p>Toutefois, il faut rappeler que pour b\u00e9n\u00e9ficier de ce dispositif 100% Sant\u00e9 de l\u2019Assurance Maladie, il faut \u00eatre assur\u00e9 au r\u00e9gime g\u00e9n\u00e9ral de l\u2019Assurance Maladie ou dans l\u2019un de ses r\u00e9gimes partenaires (mutuelle, compl\u00e9mentaire sant\u00e9\u2026).<\/p>\n<h3>Les conditions particuli\u00e8res pour b\u00e9n\u00e9ficier de l\u2019aide \u00e0 l\u2019achat d\u2019un appareil auditif<\/h3>\n<p>Pour la <strong>prise en charge par la s\u00e9curit\u00e9 sociale<\/strong>, il est n\u00e9cessaire :<\/p>\n<ul>\n<li>D\u2019\u00eatre affili\u00e9 \u00e0 un r\u00e9gime de s\u00e9curit\u00e9 sociale<\/li>\n<li>D\u2019\u00eatre atteint d\u2019une perte auditive d\u2019au moins 30 d\u00e9cibels pour chaque oreille<\/li>\n<li>D\u2019avoir un \u00e2ge sup\u00e9rieur ou \u00e9gal \u00e0 20 ans, ou entre 6 et 20 ans avec une perte auditive sup\u00e9rieure \u00e0 70 dB<\/li>\n<\/ul>\n<p>Tandis que pour la <strong>prise en charge par la <a href=\"https:\/\/www.mes-allocs.fr\/guides\/aides-sante\/complementaire-sante-solidaire\/\">Compl\u00e9mentaire Sant\u00e9 Solidaire<\/a> (CSS)<\/strong>, il est n\u00e9cessaire :<\/p>\n<ul>\n<li>D\u2019\u00eatre affili\u00e9 \u00e0 la CSS<\/li>\n<li>D\u2019avoir une perte auditive d\u2019au moins 30 dB pour chaque oreille, ou \u00eatre atteint d\u2019une surdit\u00e9 unilat\u00e9rale totale.<\/li>\n<li>D\u2019\u00eatre \u00e2g\u00e9 de plus de 20 ans, ou entre 6 et 20 ans avec une perte auditive sup\u00e9rieure \u00e0 70 dB<\/li>\n<\/ul>\n<h2>Quel est le montant de l&rsquo;aide 100% sant\u00e9 pour un appareil auditif ?<\/h2>\n<p>Le <strong>montant de la prise en charge des appareils auditifs<\/strong> varie selon la tranche d&rsquo;\u00e2ge. Mais dans tous les cas, sachez que des<strong> prix limites de vente<\/strong> (PLV) ont \u00e9t\u00e9 cr\u00e9\u00e9s pour les appareils de classe I. Ce sont ces prix qui offrent la possibilit\u00e9 de b\u00e9n\u00e9ficier d\u2019un remboursement complet. En d\u2019autres termes, si vous choisissez un appareil auditif qui rel\u00e8ve de la classe II, c\u2019est votre mutuelle qui se chargera de vous rembourser le reste \u00e0 charge (ou non).<\/p>\n<h3>Prise en charge de l\u2019appareil auditif pour une personne \u00e2g\u00e9e de 20 ans et plus<\/h3>\n<p>La prise en charge de l&rsquo;aide auditive d\u00e9pend de la classe des aides auditives choisies :<\/p>\n<ul>\n<li><strong>Pour une personne ayant opt\u00e9 pour un appareil auditif de classe I<\/strong>, le plafond fix\u00e9 est de 950 \u20ac pour chaque oreille et un remboursement complet. Le taux de remboursement de l&rsquo;Assurance Maladie est de 60 % sur la base d&rsquo;un tarif fix\u00e9 \u00e0 400 \u20ac pour chaque oreille et votre mutuelle doit prendre en charge tous les frais qui ne sont pas rembours\u00e9s par l&rsquo;Assurance Maladie.<\/li>\n<li><strong>Pour une personne ayant opt\u00e9 pour un appareil auditif de classe II<\/strong>, sur la base d&rsquo;un tarif fix\u00e9 \u00e0 400 \u20ac pour chaque oreille, le taux de remboursement de l\u2019Assurance Maladie restera toujours de 60 %. C\u2019est ensuite votre mutuelle qui peut prendre en charge tout ou une partie des frais qui ne sont pas rembours\u00e9s par l&rsquo;Assurance Maladie.<\/li>\n<\/ul>\n<h3>Prise en charge de l\u2019appareil auditif pour une personne \u00e2g\u00e9e de moins de 20 ans ou souffrant d\u2019un handicap visuel (sans limite d\u2019\u00e2ge)<\/h3>\n<ul>\n<li><strong>Pour une personne ayant un appareil auditif de classe I<\/strong>, le plafond fix\u00e9 est de 1400 \u20ac pour chaque oreille et un remboursement complet. Le taux de remboursement de l&rsquo;Assurance Maladie est de 60 % et c\u2019est ensuite votre mutuelle qui prend en charge le restant.<\/li>\n<li><strong>Pour une personne ayant opt\u00e9 pour un appareil auditif de classe II<\/strong>, sur la base d&rsquo;un tarif fix\u00e9 \u00e0 1400 \u20ac pour chaque oreille, le taux de remboursement de l\u2019Assurance Maladie restera toujours de 60 %. C\u2019est ensuite votre mutuelle qui peut prendre en charge tout ou une partie des frais qui ne sont pas rembours\u00e9s par l&rsquo;Assurance Maladie.<\/li>\n<\/ul>\n<h3>Prise en charge de l\u2019appareil auditif pour un(e) assur\u00e9(e) de la Compl\u00e9mentaire sant\u00e9 solidaire (CSS)<\/h3>\n<p>Pour les personnes b\u00e9n\u00e9ficiant de la compl\u00e9mentaire sant\u00e9 solidaire, voici les montants de l&rsquo;aide pour un appareil auditif :<\/p>\n<ul>\n<li><strong>Assur\u00e9 ayant 20 ans ou plus<\/strong> : le sp\u00e9cialiste doit lui proposer un appareil auditif ne d\u00e9passant pas 800 \u20ac pour chaque oreille. L&rsquo;appareil doit avoir les sp\u00e9cificit\u00e9s d&rsquo;une aide auditive de classe I ou de classe II. Toutefois, si le prix d\u00e9passe les 800 \u20ac, la prise en charge ne sera effective qu&rsquo;\u00e0 hauteur de 800 \u20ac.<\/li>\n<li><strong>Assur\u00e9 de moins de 20 ans ou personnes sourde et aveugle<\/strong> : le sp\u00e9cialiste doit proposer un appareil auditif ne d\u00e9passant pas 1400\u20ac pour chaque oreille quel que soit le mod\u00e8le de l&rsquo;appareil. La prise en charge par l\u2019Assurance Maladie est effectu\u00e9e \u00e0 100%.<br \/>\nDans les deux cas, les sp\u00e9cialistes des aides auditives sont tenus de proposer les piles \u00e0 des prix qui ne d\u00e9passent pas les tarifs de remboursement.<\/li>\n<\/ul>\n<h3>R\u00e9capitulatif du montant des aides auditives<\/h3>\n\n<div class=\"wpdt-c row wpDataTableContainerSimpleTable wpDataTables wpDataTablesWrapper\n\"\n    >\n    <table id=\"wpdtSimpleTable-279\"\n           class=\"wpdtSimpleTable wpDataTable\"\n           data-column=\"3\"\n           data-rows=\"3\"\n           data-wpID=\"279\"\n           data-responsive=\"0\"\n           data-has-header=\"0\">\n\n                    <tbody>        <tr class=\"wpdt-cell-row \" style=\"height:91px;\">\n                            <td class=\"wpdt-cell wpdt-bold wpdt-bc-E6EAEC\"\n                                    data-cell-id=\"A1\"\n                data-col-index=\"0\"\n                data-row-index=\"0\"\n                style=\" width:33.333333333333%;                padding:10px;\"\n                >\n                                - 20 ans ou handicap visuel                <\/td>\n                                            <td class=\"wpdt-cell wpdt-bold wpdt-bc-E6EAEC\"\n                                    data-cell-id=\"B1\"\n                data-col-index=\"1\"\n                data-row-index=\"0\"\n                style=\" width:33.333333333333%;                padding:10px;\"\n                >\n                                20 ans et plus                <\/td>\n                                            <td class=\"wpdt-cell wpdt-bold wpdt-bc-E6EAEC\"\n                                    data-cell-id=\"C1\"\n                data-col-index=\"2\"\n                data-row-index=\"0\"\n                style=\" width:33.333333333333%;                padding:10px;\"\n                >\n                                Assur\u00e9 CSS                <\/td>\n                                        <\/tr>\n                            <tr class=\"wpdt-cell-row \" style=\"height:91px;\">\n                            <td class=\"wpdt-cell wpdt-align-left\"\n                                    data-cell-id=\"A2\"\n                data-col-index=\"0\"\n                data-row-index=\"1\"\n                style=\"                padding:10px;\"\n                >\n                                Classe I\n\n(Plafond 1400\u20ac\/ oreille)                <\/td>\n                                            <td class=\"wpdt-cell \"\n                                    data-cell-id=\"B2\"\n                data-col-index=\"1\"\n                data-row-index=\"1\"\n                style=\"                padding:10px;\"\n                >\n                                Classe I\n  (Plafond 950\u20ac\/ oreille)                <\/td>\n                                            <td class=\"wpdt-cell \"\n                                    data-cell-id=\"C2\"\n                data-col-index=\"2\"\n                data-row-index=\"1\"\n                style=\"                padding:10px;\"\n                >\n                                20 ans ou plus\n(Plafond 800\u20ac\/ oreille)                <\/td>\n                                        <\/tr>\n                            <tr class=\"wpdt-cell-row \" style=\"height:91px;\">\n                            <td class=\"wpdt-cell \"\n                                    data-cell-id=\"A3\"\n                data-col-index=\"0\"\n                data-row-index=\"2\"\n                style=\"                padding:10px;\"\n                >\n                                Classe II\n(Plafond 1400\u20ac\/ oreille)                <\/td>\n                                            <td class=\"wpdt-cell \"\n                                    data-cell-id=\"B3\"\n                data-col-index=\"1\"\n                data-row-index=\"2\"\n                style=\"                padding:10px;\"\n                >\n                                Classe II\n(Plafond 400\u20ac\/ oreille)                <\/td>\n                                            <td class=\"wpdt-cell \"\n                                    data-cell-id=\"C3\"\n                data-col-index=\"2\"\n                data-row-index=\"2\"\n                style=\"                padding:10px;\"\n                >\n                                -20 ans ou sourdes et aveugles\n(Plafond 1400\u20ac\/ oreille)                <\/td>\n                                        <\/tr>\n                    <\/table>\n<\/div><style id='wpdt-custom-style-279'>\n.wpdt-bc-E6EAEC { background-color: #E6EAEC !important;}\n<\/style>\n\n<h2>Comment demander le remboursement des appareils auditifs avec le 100% sant\u00e9 ?<\/h2>\n<p>Pour b\u00e9n\u00e9ficier de l\u2019aide 100 % sant\u00e9 pour l\u2019achat d\u2019un appareil auditif, vous devez vous rapprocher de votre audioproth\u00e9siste. Apr\u00e8s un <strong>d\u00e9lai d\u2019essai de vos appareils de 30 jours minimum<\/strong>, l\u2019audioproth\u00e9siste vous demandera votre Carte Vitale, ce qui vous permettra de b\u00e9n\u00e9ficier du <strong>tiers payant<\/strong>. En d\u2019autres termes, vous n\u2019aurez aucun frais \u00e0 avancer. L\u2019Assurance Maladie se charge de r\u00e9gler le professionnel \u00e0 votre place.<\/p>\n<p>Vous avez oubli\u00e9 ou perdu votre Carte Vitale au moment d\u2019acqu\u00e9rir l\u2019appareil auditif ? Deux options s\u2019offrent \u00e0 vous :<\/p>\n<ul>\n<li>Revenir ult\u00e9rieurement, une fois votre Carte Vitale en votre possession<\/li>\n<li>Prendre en charge les frais puis adresser la feuille de soins \u00e0 votre caisse d\u2019Assurance Maladie pour recevoir ensuite le remboursement<\/li>\n<\/ul>\n<div class='cta-block'><div class='text'>Faites votre bilan auditif gratuit et sans engagement.<\/div><a href='https:\/\/clk.tradedoubler.com\/click?p=297760&amp;a=3332014&amp;g=25514068' class='app-button fit'>Je r\u00e9alise mon bilan auditif<\/a><\/div>\n<h1>Le recours \u00e0 la MDPH pour financer un appareil auditif<\/h1>\n<p>Si vous \u00eates en situation de handicap, il peut vous \u00eatre utile de vous rapprocher de la <strong>Maison D\u00e9partementale des Personnes Handicap\u00e9es<\/strong> (MDPH). La MDPH peut vous attribuer la PCH, <strong>Prestation de Compensation du Handicap<\/strong>, si vous avez moins de 60 ans. Cette aide financi\u00e8re peut vous aider \u00e0 <strong>financer des \u00e9quipements m\u00e9dicaux<\/strong>, comme un appareil auditif, afin de compenser une perte d\u2019autonomie. Des conditions sont \u00e0 respecter pour percevoir la PCH.<\/p>\n<p>Le montant de l\u2019aide financi\u00e8re pour un appareil auditif d\u00e9pendra de vos revenus. En effet, si ces derniers sont inf\u00e9rieurs ou \u00e9gaux \u00e0 30 398,54 \u20ac, la prise en charge s\u2019effectuera \u00e0 <strong>100%<\/strong>. En revanche, si vous d\u00e9passez ces plafonds, le montant de l\u2019aide de la MDPH pour appareil auditif sera fix\u00e9 \u00e0 hauteur de 80%.<\/p>\n<h1>L\u2019aide de la CPAM<\/h1>\n<p>Pour b\u00e9n\u00e9ficier de l&rsquo;aide de la CPAM pour votre appareil auditif, la premi\u00e8re \u00e9tape consiste \u00e0 se rendre chez un audioproth\u00e9siste. C&rsquo;est cette visite qui permet de d\u00e9finir les besoins de la personne. Faire un examen des conduits auditifs mais aussi l\u2019\u00e9valuation de la g\u00eane et la mesure de l\u2019audition, la tol\u00e9rance aux sons forts sont les prestations indispensables pour \u00e9tablir un bilan et surtout un devis. C&rsquo;est avec ce devis du sp\u00e9cialiste qui comporte entre autres les informations pr\u00e9cises avec en particulier le prix de l\u2019appareil \u00e9lectronique adapt\u00e9 et le montant des prestations d\u2019adaptation que la d\u00e9marche se fait.<\/p>\n<p>Il faut se munir de ce devis qui doit \u00eatre envoy\u00e9 \u00e0 la CPAM ainsi qu\u2019\u00e0 la mutuelle sant\u00e9 pour \u00e9valuer le reste \u00e0 payer par l\u2019assur\u00e9. Votre mutuelle sant\u00e9 a la possibilit\u00e9 de prendre en charge tout ou partie des frais qui ne sont pas rembours\u00e9s par l\u2019Assurance Maladie, si le contrat que vous avez souscrit le pr\u00e9voit.<\/p>\n<h1>L\u2019aide proth\u00e8ses auditives de l\u2019Agefiph<\/h1>\n<p>L\u2019<strong>Agefiph<\/strong> est un organisme qui propose une <strong>aide financi\u00e8re \u00e0 destination des personnes handicap\u00e9es en activit\u00e9 professionnelle ou dans un parcours vers l\u2019emploi<\/strong>. Si vous exercez votre profession dans le secteur priv\u00e9, vous devez contacter l\u2019Agefiph. Si vous travaillez dans le secteur public, l\u2019organisme qui d\u00e9livre cette aide est le Fiphfp.<\/p>\n<p>L\u2019aide de l\u2019Agefiph est attribu\u00e9e \u00e0 hauteur de <strong>1 700 \u20ac pour deux proth\u00e8ses<\/strong> ou <strong>850 \u20ac pour une seule proth\u00e8se<\/strong>. Elle peut \u00eatre renouvel\u00e9e apr\u00e8s 4 ans ou en cas de proth\u00e8ses hors d\u2019usage.<\/p>\n<p>Pour faire la demande d\u2019aide financi\u00e8re pour des proth\u00e8ses auditives, vous devez <strong>d\u00e9poser une demande directement sur le site de l\u2019Agefiph<\/strong>. Il vous sera demand\u00e9 de fournir certains justificatifs, tels qu\u2019un titre de b\u00e9n\u00e9ficiaire de l&rsquo;obligation d&#8217;emploi ou d\u2019une demande en cours, un justificatif de situation vis-\u00e0-vis de l\u2019emploi, ou encore une copie du devis de vos proth\u00e8ses. Cette liste est non exhaustive.<\/p>\n<h1>L\u2019aide appareils auditifs de l\u2019OETH<\/h1>\n<p>L\u2019OETH (ou Obligation d\u2019Emploi des Travailleurs Handicap\u00e9s) est une obligation l\u00e9gale impos\u00e9e aux entreprises de plus de 20 salari\u00e9s. Elles doivent employer des travailleurs handicap\u00e9s \u00e0 hauteur de 6 % de leur effectif total.<\/p>\n<p>Tout comme l\u2019Agefiph, l\u2019aide de l\u2019OETH peut couvrir l\u2019achat d\u2019appareils auditifs, dans la limite de <strong>800\u20ac par appareil<\/strong>. L\u2019employeur doit \u00e9galement prendre en charge une partie des co\u00fbts restants, dont le montant varie en fonction de l\u2019effectif de l\u2019entreprise et des accords collectifs en vigueur.<\/p>\n<h1>Le micro-cr\u00e9dit social pour financer des appareils auditifs<\/h1>\n<p>Si pour une raison ou une autre, vous ne pouvez b\u00e9n\u00e9ficier du 100% sant\u00e9 ou de l\u2019une des aides d\u00e9taill\u00e9es ci-dessus pour l\u2019achat d\u2019un appareil auditif, vous pouvez peut-\u00eatre recourir au micro-cr\u00e9dit social.<\/p>\n<p>Le montant du pr\u00eat accord\u00e9 peut aller <strong>de 300 \u00e0 8 000 euros<\/strong>, remboursable en 3 ans et dans une limite maximale de 60 mois. Les taux sont g\u00e9n\u00e9ralement int\u00e9ressants, pour vous permettre d\u2019acc\u00e9der \u00e0 un cr\u00e9dit m\u00eame si votre situation financi\u00e8re est tr\u00e8s pr\u00e9caire et que vous ne relevez pas du <strong>syst\u00e8me bancaire classique<\/strong>.<\/p>\n<h1>L\u2019aide fiscale pour amortir le co\u00fbt d\u2019acquisition d\u2019un appareil auditif<\/h1>\n<p>Vous pouvez b\u00e9n\u00e9ficier d\u2019une <strong>d\u00e9duction fiscale de 50 %<\/strong> du reste \u00e0 charge pour l\u2019achat d\u2019un appareil auditif, dans le cas o\u00f9 l\u2019ensemble des aides ne suffit pas et o\u00f9 vous exercez une activit\u00e9 professionnelle.<\/p>\n<p>Pour en b\u00e9n\u00e9ficier, vous devez d\u00e9montrer que votre appareil auditif est <strong>indispensable \u00e0 l\u2019exercice de votre activit\u00e9 professionnelle<\/strong>.<\/p>\n<h1>Besoin d&rsquo;accompagnement ?<\/h1>\n<p>Si vous avez besoin d&rsquo;aide dans vos d\u00e9marches administratives, n&rsquo;h\u00e9sitez pas \u00e0 <a href=\"https:\/\/www.mes-allocs.fr\/souscription\">vous tourner vers notre \u00e9quipe d&rsquo;experts<\/a> qui saura vous accompagner pour vous faire gagner du temps et de l&rsquo;argent.<\/p>\n<div class='cta-block'><div class='text'>Faites votre bilan auditif gratuit et sans engagement.<\/div><a href='https:\/\/clk.tradedoubler.com\/click?p=297760&amp;a=3332014&amp;g=25514068' class='app-button fit'>Je r\u00e9alise mon bilan auditif<\/a><\/div>\n","protected":false},"excerpt":{"rendered":"<p>Les appareils auditifs ont pour but d&rsquo;aider les patients atteints de d\u00e9ficience auditive. Toutefois, ils sont assez co\u00fbteux et peuvent rendre leur acquisition compliqu\u00e9e pour les personnes \u00e0 faibles ou moyens revenus. Fort heureusement, des aides \u00e0 la sant\u00e9 permettent aux citoyens de couvrir ces frais. D\u00e9couvrez toutes les aides pour l&rsquo;achat d&rsquo;un appareil auditif. [&hellip;]<\/p>\n","protected":false},"author":24,"featured_media":62693,"comment_status":"closed","ping_status":"open","sticky":false,"template":"","format":"standard","meta":{"amp_status":"","footnotes":""},"categories":[24],"tags":[],"class_list":["post-62692","post","type-post","status-publish","format-standard","has-post-thumbnail","hentry","category-aides-sante"],"yoast_head":"<!-- This site is optimized with the Yoast SEO plugin v14.9 - https:\/\/yoast.com\/wordpress\/plugins\/seo\/ -->\n<title>Aide appareil auditif : conditions, montant, d\u00e9marches | Mes-Allocs.fr<\/title>\n<meta name=\"description\" content=\"D\u00e9couvrez les aides mises en place pour l&#039;achat d&#039;un appareil auditif, les conditions d&#039;attribution, leurs montants et les d\u00e9marches.\" \/>\n<meta name=\"robots\" content=\"index, follow, max-snippet:-1, max-image-preview:large, max-video-preview:-1\" \/>\n<link rel=\"canonical\" href=\"https:\/\/www.mes-allocs.fr\/guides\/aides-sante\/aides-protheses-auditives\/\" \/>\n<meta property=\"og:locale\" content=\"fr_FR\" \/>\n<meta property=\"og:type\" content=\"article\" \/>\n<meta property=\"og:title\" content=\"Aide appareil auditif : conditions, montant, d\u00e9marches | Mes-Allocs.fr\" \/>\n<meta property=\"og:description\" content=\"D\u00e9couvrez les aides mises en place pour l&#039;achat d&#039;un appareil auditif, les conditions d&#039;attribution, leurs montants et les d\u00e9marches.\" \/>\n<meta property=\"og:url\" content=\"https:\/\/www.mes-allocs.fr\/guides\/aides-sante\/aides-protheses-auditives\/\" \/>\n<meta property=\"og:site_name\" content=\"Mes-Allocs.fr\" \/>\n<meta property=\"article:published_time\" content=\"2023-03-29T12:38:07+00:00\" \/>\n<meta property=\"article:modified_time\" content=\"2025-08-26T08:03:12+00:00\" \/>\n<meta property=\"og:image\" content=\"https:\/\/www.mes-allocs.fr\/guides\/wp-content\/uploads\/2023\/03\/deaf-ged3ba9422_1280.png?wsr\" \/>\n\t<meta property=\"og:image:width\" content=\"1280\" \/>\n\t<meta property=\"og:image:height\" content=\"1280\" \/>\n<meta name=\"twitter:card\" content=\"summary_large_image\" \/>\n<script type=\"application\/ld+json\" class=\"yoast-schema-graph\">{\"@context\":\"https:\/\/schema.org\",\"@graph\":[{\"@type\":\"WebSite\",\"@id\":\"https:\/\/www.mes-allocs.fr\/guides\/#website\",\"url\":\"https:\/\/www.mes-allocs.fr\/guides\/\",\"name\":\"Mes-Allocs.fr\",\"description\":\"\",\"potentialAction\":[{\"@type\":\"SearchAction\",\"target\":\"https:\/\/www.mes-allocs.fr\/guides\/?s={search_term_string}\",\"query-input\":\"required name=search_term_string\"}],\"inLanguage\":\"fr-FR\"},{\"@type\":\"ImageObject\",\"@id\":\"https:\/\/www.mes-allocs.fr\/guides\/aides-sante\/aides-protheses-auditives\/#primaryimage\",\"inLanguage\":\"fr-FR\",\"url\":\"https:\/\/www.mes-allocs.fr\/guides\/wp-content\/uploads\/2023\/03\/deaf-ged3ba9422_1280.png?wsr\",\"width\":1280,\"height\":1280,\"caption\":\"aides proth\\u00e8ses auditives\"},{\"@type\":\"WebPage\",\"@id\":\"https:\/\/www.mes-allocs.fr\/guides\/aides-sante\/aides-protheses-auditives\/#webpage\",\"url\":\"https:\/\/www.mes-allocs.fr\/guides\/aides-sante\/aides-protheses-auditives\/\",\"name\":\"Aide appareil auditif : conditions, montant, d\\u00e9marches | Mes-Allocs.fr\",\"isPartOf\":{\"@id\":\"https:\/\/www.mes-allocs.fr\/guides\/#website\"},\"primaryImageOfPage\":{\"@id\":\"https:\/\/www.mes-allocs.fr\/guides\/aides-sante\/aides-protheses-auditives\/#primaryimage\"},\"datePublished\":\"2023-03-29T12:38:07+00:00\",\"dateModified\":\"2025-08-26T08:03:12+00:00\",\"author\":{\"@id\":\"https:\/\/www.mes-allocs.fr\/guides\/#\/schema\/person\/99515cce9c88676c012398dee5d9e95a\"},\"description\":\"D\\u00e9couvrez les aides mises en place pour l'achat d'un appareil auditif, les conditions d'attribution, leurs montants et les d\\u00e9marches.\",\"inLanguage\":\"fr-FR\"},{\"@type\":\"Person\",\"@id\":\"https:\/\/www.mes-allocs.fr\/guides\/#\/schema\/person\/99515cce9c88676c012398dee5d9e95a\",\"name\":\"Clo\\u00e9 Giroudi\\u00e8re\",\"image\":{\"@type\":\"ImageObject\",\"@id\":\"https:\/\/www.mes-allocs.fr\/guides\/#personlogo\",\"inLanguage\":\"fr-FR\",\"url\":\"https:\/\/www.mes-allocs.fr\/guides\/wp-content\/uploads\/2023\/01\/245034208_406012077598379_7451500537271173379_n-150x150.jpg\",\"caption\":\"Clo\\u00e9 Giroudi\\u00e8re\"},\"description\":\"Clo\\u00e9 est r\\u00e9dactrice sp\\u00e9cialis\\u00e9 sur les sujets juridiques et sociaux. Elle rejoint Mes Allocs apr\\u00e8s une premi\\u00e8re exp\\u00e9rience en journalisme. Elle est dipl\\u00f4m\\u00e9e de l'ISFJ et d'une licence de droit de l'universit\\u00e9 Lumi\\u00e8re Lyon II.\",\"sameAs\":[\"https:\/\/www.linkedin.com\/in\/clo\\u00e9-giroudi\\u00e8re-461a14244\/\"]}]}<\/script>\n<!-- \/ Yoast SEO plugin. -->","amp_validity":null,"acf":{"faq":{"1":{"question":"Quels sont les appareils auditifs rembours\u00e9s \u00e0 100% ?","answer":"En principe, quelle que soit la marque de vos appareils auditifs, ils sont rembours\u00e9s \u00e0 100 % d\u00e8s lors que vous respectez les conditions d'attribution exig\u00e9es par l'organisme de sant\u00e9."},"2":{"question":"Quelles sont les aides pour un appareil auditif ?","answer":"Les aides pour financer un appareil auditif sont les suivantes : \r\n- La PCH\r\n- L'OETH\r\n- L'Agefiph\r\n- Le dispositif 100 % sant\u00e9\r\n- La prise en charge partielle par l'Assurance Maladie\r\n- L'aide exceptionnelle par l'Assurance Maladie"},"3":{"question":"Qui a droit aux proth\u00e8ses auditives gratuites ?","answer":"Si vous b\u00e9n\u00e9ficiez de revenus modestes, vous pouvez obtenir la prise en charge totale de vos proth\u00e8ses auditives."},"4":{"question":"Quelle est la meilleure marque des aides auditives ?","answer":"Voici les meilleures marques des aides auditives : \r\n- Signia\r\n- Unitron\r\n- Starkey\r\n- Widex\r\n- ..."},"5":{"question":"Quelle diff\u00e9rence entre aide auditive classe 1 et classe 2 ?","answer":"La diff\u00e9rence entre l'aide auditive classe 1 et classe 2 se base sur le prix. Les plafonds de l'aide auditive classe 1 sont moins \u00e9lev\u00e9s que ceux de classe 2."},"6":{"question":"Quels sont les inconv\u00e9nients des appareils auditifs ?","answer":"Voici les principaux inconv\u00e9nients des appareils auditifs : \r\n- Inconfort\r\n- Mauvaise entente\r\n- Bruits parasites"},"7":{"question":"","answer":""},"8":{"question":"","answer":""},"9":{"question":"","answer":""},"10":{"question":"","answer":""},"11":{"question":"","answer":""},"12":{"question":"","answer":""},"13":{"question":"","answer":""},"14":{"question":"","answer":""},"15":{"question":"","answer":""},"16":{"question":"","answer":""}}},"_links":{"self":[{"href":"https:\/\/www.mes-allocs.fr\/guides\/wp-json\/wp\/v2\/posts\/62692","targetHints":{"allow":["GET"]}}],"collection":[{"href":"https:\/\/www.mes-allocs.fr\/guides\/wp-json\/wp\/v2\/posts"}],"about":[{"href":"https:\/\/www.mes-allocs.fr\/guides\/wp-json\/wp\/v2\/types\/post"}],"author":[{"embeddable":true,"href":"https:\/\/www.mes-allocs.fr\/guides\/wp-json\/wp\/v2\/users\/24"}],"replies":[{"embeddable":true,"href":"https:\/\/www.mes-allocs.fr\/guides\/wp-json\/wp\/v2\/comments?post=62692"}],"version-history":[{"count":13,"href":"https:\/\/www.mes-allocs.fr\/guides\/wp-json\/wp\/v2\/posts\/62692\/revisions"}],"predecessor-version":[{"id":103285,"href":"https:\/\/www.mes-allocs.fr\/guides\/wp-json\/wp\/v2\/posts\/62692\/revisions\/103285"}],"wp:featuredmedia":[{"embeddable":true,"href":"https:\/\/www.mes-allocs.fr\/guides\/wp-json\/wp\/v2\/media\/62693"}],"wp:attachment":[{"href":"https:\/\/www.mes-allocs.fr\/guides\/wp-json\/wp\/v2\/media?parent=62692"}],"wp:term":[{"taxonomy":"category","embeddable":true,"href":"https:\/\/www.mes-allocs.fr\/guides\/wp-json\/wp\/v2\/categories?post=62692"},{"taxonomy":"post_tag","embeddable":true,"href":"https:\/\/www.mes-allocs.fr\/guides\/wp-json\/wp\/v2\/tags?post=62692"}],"curies":[{"name":"wp","href":"https:\/\/api.w.org\/{rel}","templated":true}]}}