{"id":62209,"date":"2023-02-28T17:27:56","date_gmt":"2023-02-28T15:27:56","guid":{"rendered":"https:\/\/www.mes-allocs.fr\/guides\/?p=62209"},"modified":"2026-04-14T16:58:05","modified_gmt":"2026-04-14T15:58:05","slug":"demande-complementaire-sante-solidaire","status":"publish","type":"post","link":"https:\/\/www.mes-allocs.fr\/guides\/aides-sante\/complementaire-sante-solidaire\/demande-complementaire-sante-solidaire\/","title":{"rendered":"Demande de C2S : comment l\u2019obtenir ?"},"content":{"rendered":"<p><img loading=\"lazy\" decoding=\"async\" class=\"alignnone wp-image-62213 size-full\" title=\"complementaire sante solidaire demande\" src=\"https:\/\/www.mes-allocs.fr\/guides\/wp-content\/uploads\/2023\/02\/hands-g651226ac1_1920-e1677594492596.jpg\" alt=\"complementaire sante solidaire demande\" width=\"1920\" height=\"360\" srcset=\"https:\/\/www.mes-allocs.fr\/guides\/wp-content\/uploads\/2023\/02\/hands-g651226ac1_1920-e1677594492596.jpg 1920w, https:\/\/www.mes-allocs.fr\/guides\/wp-content\/uploads\/2023\/02\/hands-g651226ac1_1920-e1677594492596-300x56.jpg 300w, https:\/\/www.mes-allocs.fr\/guides\/wp-content\/uploads\/2023\/02\/hands-g651226ac1_1920-e1677594492596-1024x192.jpg 1024w, https:\/\/www.mes-allocs.fr\/guides\/wp-content\/uploads\/2023\/02\/hands-g651226ac1_1920-e1677594492596-768x144.jpg 768w, https:\/\/www.mes-allocs.fr\/guides\/wp-content\/uploads\/2023\/02\/hands-g651226ac1_1920-e1677594492596-1536x288.jpg 1536w, https:\/\/www.mes-allocs.fr\/guides\/wp-content\/uploads\/2023\/02\/hands-g651226ac1_1920-e1677594492596-600x113.jpg 600w\" sizes=\"auto, (max-width: 1920px) 100vw, 1920px\" \/><\/p>\n<p>[Mis \u00e0 jour le 10\/04\/2026] La compl\u00e9mentaire sant\u00e9 solidaire (C2S) est utilis\u00e9e pour couvrir vos d\u00e9penses de sant\u00e9 lorsque vous avez des difficult\u00e9s financi\u00e8res. Elle fait donc partie des <a href=\"https:\/\/www.mes-allocs.fr\/guides\/aides-sante\/\">aides sant\u00e9<\/a>. Comment faire sa <strong>demande de compl\u00e9mentaire sant\u00e9 solidaire<\/strong> (C2S) ? Dans cet article, on vous aide \u00e0 y voir plus clair.<\/p>\n<div class='cta-block'><div class='text'>Simulez toutes vos aides en 2 min. Gratuit.<\/div><a href='https:\/\/www.mes-allocs.fr\/ab-app?origin=guides\/wp-json\/wp\/v2\/posts\/62209' class='app-button fit'>Simulation gratuite<\/a><\/div>\n<h1>Qu&rsquo;est-ce que la demande de compl\u00e9mentaire sant\u00e9 solidaire ?<\/h1>\n<p>La Compl\u00e9mentaire sant\u00e9 solidaire (C2S) est <strong>une aide de l&rsquo;\u00c9tat<\/strong> qui a pour but d&rsquo;<strong>offrir une couverture sant\u00e9 compl\u00e9mentaire aux personnes disposant de ressources modestes<\/strong>.<\/p>\n<p>Elle permet de r\u00e9duire le reste \u00e0 charge sur les d\u00e9penses de sant\u00e9. En faisant cela, <strong>la C2S garantit un acc\u00e8s aux soins sans avance de frais.<\/strong><\/p>\n<p>La demande de C2S est le processus par lequel une personne sollicite ce dispositif pour b\u00e9n\u00e9ficier de ses avantages.<\/p>\n<h1>Pourquoi faire une demande de compl\u00e9mentaire sant\u00e9 solidaire ?<\/h1>\n<p>Faire une demande de C2S permet aux personnes \u00e9ligibles de b\u00e9n\u00e9ficier d&rsquo;<strong>une couverture sant\u00e9 compl\u00e8te<\/strong>.<\/p>\n<p>Cette couverture sant\u00e9 inclut le<strong> remboursement int\u00e9gral des soins m\u00e9dicaux, hospitaliers, dentaires et optiques sans avance de frais.<\/strong><\/p>\n<h1>Comment faire une demande de compl\u00e9mentaire sant\u00e9 solidaire ?<\/h1>\n<h2>Les \u00e9tapes \u00e0 suivre pour effectuer une demande de C2S<\/h2>\n<p>Les premi\u00e8res \u00e9tapes de la demande de CSS consistent \u00e0 t\u00e9l\u00e9charger le <strong>formulaire<\/strong> <strong>Cerfa 12504.<\/strong><\/p>\n<p>Si vous souhaitez demander la Compl\u00e9mentaire sant\u00e9 solidaire \u00e0 votre organisme de s\u00e9curit\u00e9 sociale, il faut remplir le formulaire Cerfa. Il contient 4 pages\u00a0:<\/p>\n<ul>\n<li><strong>La 1<sup>\u00e8re<\/sup> page<\/strong> porte sur votre situation personnelle et administrative ainsi que celle de tous les membres de votre foyer<\/li>\n<li><strong>La 2<sup>\u00e8me<\/sup> page<\/strong> concerne les ressources per\u00e7ues par l\u2019ensemble de votre foyer au cours des 12 derniers mois (salaires nets imposables, allocations ch\u00f4mage, retraite, prestations familiales, gains aux jeux\u2026)<\/li>\n<li><strong>La 3<sup>\u00e8me<\/sup> page<\/strong> vous permet de choisir l\u2019organisme qui va g\u00e9rer votre compl\u00e9mentaire sant\u00e9 solidaire<\/li>\n<li><strong>La 4<sup>\u00e8me<\/sup> page <\/strong>porte sur l\u2019organisme compl\u00e9mentaire choisi<\/li>\n<\/ul>\n<p>Vous pouvez choisir n&rsquo;importe quel organisme quel que soit votre lieu de r\u00e9sidence. Et quel que soit l\u2019organisme choisi, la garantie et les cotisations seront les identiques. Vous avez le choix entre :<\/p>\n<ul>\n<li>La Caisse de S\u00e9curit\u00e9 sociale<\/li>\n<li>Une des mutuelles ayant choisi de participer \u00e0 la compl\u00e9mentaire sant\u00e9 solidaire<\/li>\n<\/ul>\n<p>Attention\u00a0! le formulaire doit \u00eatre rempli\u00a0<strong>au stylo NOIR, en lettres MAJUSCULES.<\/strong><\/p>\n<h4>Le choix de votre caisse comme gestionnaire<\/h4>\n<p>Si vous choisissez votre caisse d\u2019assurance maladie, <strong>voici les \u00e9tapes \u00e0 respecter\u00a0:<\/strong><\/p>\n<ol>\n<li>Votre caisse vous envoie un bulletin d\u2019adh\u00e9sion<\/li>\n<li>Vous le compl\u00e9tez et vous lui renvoyez en y joignant votre moyen de paiement<\/li>\n<li>Vous avez <strong>3 mois maximum<\/strong> pour renvoyer ces documents<\/li>\n<li>Votre droit \u00e0 la CSS est ouvert au 1<sup>er<\/sup> jour du mois qui suit la date de r\u00e9ception de ces \u00e9l\u00e9ments<\/li>\n<\/ol>\n<h4>Le choix d\u2019un organisme compl\u00e9mentaire comme gestionnaire<\/h4>\n<p>Dans le cas o\u00f9 vous avez choisi un organisme compl\u00e9mentaire pour g\u00e9rer votre CSS, les \u00e9tapes \u00e0 suivre sont les suivantes\u00a0:<\/p>\n<ol>\n<li>Votre organisme compl\u00e9mentaire vous envoie un bulletin d\u2019adh\u00e9sion<\/li>\n<li>Vous le compl\u00e9tez et vous lui renvoyez en y joignant votre moyen de paiement<\/li>\n<li>Vous avez 3 mois maximum pour renvoyer ces documents<\/li>\n<li>Votre droit \u00e0 la CSS est ouvert <strong>au 1<sup>er<\/sup> jour du mois qui suit la date de r\u00e9ception<\/strong> de ces \u00e9l\u00e9ments<\/li>\n<\/ol>\n<h2>O\u00f9 et comment remplir la demande de C2S ?<\/h2>\n<p>La demande peut \u00eatre effectu\u00e9e de deux mani\u00e8res :<\/p>\n<ul>\n<li><strong>En ligne<\/strong> : connectez-vous \u00e0 votre compte Ameli sur le site officiel de l&rsquo;Assurance Maladie<\/li>\n<li><strong>Par courrier<\/strong> : retirez le formulaire dans une agence de la CPAM ou t\u00e9l\u00e9chargez-le depuis le site Ameli<\/li>\n<\/ul>\n<h1>Les documents n\u00e9cessaires pour une demande de compl\u00e9mentaire sant\u00e9 solidaire<\/h1>\n<p>Vous devrez donner des pi\u00e8ces justificatives sur les sujets suivants :<\/p>\n<ul>\n<li><strong>Vos revenus<\/strong> : derniers bulletins de salaire (12 derniers mois), avis d&rsquo;imposition, attestation de ressources CAF&#8230;<\/li>\n<li><strong>Votre situation familiale<\/strong> : livret de famille, acte de mariage, jugement de divorce&#8230;<\/li>\n<li><strong>Votre r\u00e9sidence<\/strong> : factures r\u00e9centes (\u00e9lectricit\u00e9, eau), quittances de loyer, avis d&rsquo;imposition fonci\u00e8re&#8230;<\/li>\n<li><strong>Votre situation si vous \u00eates retrait\u00e9 ou en situation de handicap<\/strong> : relev\u00e9s de pension, avis de paiement de retraite, Carte Mobilit\u00e9 Inclusion (CMI), notification de la Maison D\u00e9partementale des Personnes Handicap\u00e9es (MDPH)<\/li>\n<\/ul>\n\n<div class=\"wpdt-c row wpDataTableContainerSimpleTable wpDataTables wpDataTablesWrapper\n\"\n    >\n    <table id=\"wpdtSimpleTable-162\"\n           class=\"wpdtSimpleTable wpDataTable\"\n           data-column=\"2\"\n           data-rows=\"4\"\n           data-wpID=\"162\"\n           data-responsive=\"0\"\n           data-has-header=\"1\">\n\n                    <thead>        <tr class=\"wpdt-cell-row \" >\n                            <th class=\"wpdt-cell wpdt-bold\"\n                                    data-cell-id=\"A1\"\n                data-col-index=\"0\"\n                data-row-index=\"0\"\n                style=\" width:33.781763826607%;                padding:10px;\"\n                >\n                                Votre situation                <\/th>\n                                            <th class=\"wpdt-cell wpdt-bold\"\n                                    data-cell-id=\"B1\"\n                data-col-index=\"1\"\n                data-row-index=\"0\"\n                style=\" width:66.218236173393%;                padding:10px;\"\n                >\n                                Les pi\u00e8ces \u00e0 fournir                <\/th>\n                                        <\/tr>\n                    <tbody>        <tr class=\"wpdt-cell-row \" >\n                            <td class=\"wpdt-cell \"\n                                    data-cell-id=\"A2\"\n                data-col-index=\"0\"\n                data-row-index=\"1\"\n                style=\"                padding:10px;\"\n                >\n                                Votre foyer et ses ressources                <\/td>\n                                            <td class=\"wpdt-cell \"\n                                    data-cell-id=\"B2\"\n                data-col-index=\"1\"\n                data-row-index=\"1\"\n                style=\"                padding:10px;\"\n                >\n                                - Avis d'imposition ou avis de situation d\u00e9clarative \u00e0 l'imp\u00f4t (ASDIR)    \n- Avis de taxe fonci\u00e8re, de taxe locale d'habitation                <\/td>\n                                        <\/tr>\n                            <tr class=\"wpdt-cell-row \" >\n                            <td class=\"wpdt-cell \"\n                                    data-cell-id=\"A3\"\n                data-col-index=\"0\"\n                data-row-index=\"2\"\n                style=\"                padding:10px;\"\n                >\n                                Vous avez r\u00e9sid\u00e9 \u00e0 l'\u00e9tranger au cours des 12 derniers mois pr\u00e9c\u00e9dents la demande                <\/td>\n                                            <td class=\"wpdt-cell \"\n                                    data-cell-id=\"B3\"\n                data-col-index=\"1\"\n                data-row-index=\"2\"\n                style=\"                padding:10px;\"\n                >\n                                Les justificatifs de situation fiscale et sociale du pays concern\u00e9                <\/td>\n                                        <\/tr>\n                            <tr class=\"wpdt-cell-row \" >\n                            <td class=\"wpdt-cell \"\n                                    data-cell-id=\"A4\"\n                data-col-index=\"0\"\n                data-row-index=\"3\"\n                style=\"                padding:10px;\"\n                >\n                                Vous avez demand\u00e9 le RSA (et\/ou un membre de votre foyer \u00e2g\u00e9 entre 18 et 25 ans)                <\/td>\n                                            <td class=\"wpdt-cell \"\n                                    data-cell-id=\"B4\"\n                data-col-index=\"1\"\n                data-row-index=\"3\"\n                style=\"                padding:10px;\"\n                >\n                                Les attestations de ressources pr\u00e9sum\u00e9es inf\u00e9rieures au montant du RSA d\u00e9livr\u00e9e par la CAF ou la MSA (pour le demandeur du RSA uniquement)                <\/td>\n                                        <\/tr>\n                    <\/table>\n<\/div><style id='wpdt-custom-style-162'>\ntable#wpdtSimpleTable-162{ table-layout: fixed !important; }\n<\/style>\n\n<h1>Combien de demandes doit-on faire par personne dans le foyer ?<\/h1>\n<p><strong>Une seule demande de C2S est n\u00e9cessaire par foyer.<\/strong><\/p>\n<p>Les ressources de l&rsquo;ensemble des membres du foyer sont prises en compte pour d\u00e9terminer l&rsquo;\u00e9ligibilit\u00e9. Il est donc important que chaque membre du foyer fournisse les justificatifs requis.<\/p>\n<p><iframe loading=\"lazy\" title=\"La compl\u00e9mentaire sant\u00e9 solidaire\" width=\"500\" height=\"281\" src=\"https:\/\/www.youtube.com\/embed\/lH14Zho-tx4?feature=oembed\" frameborder=\"0\" allow=\"accelerometer; autoplay; clipboard-write; encrypted-media; gyroscope; picture-in-picture; web-share\" referrerpolicy=\"strict-origin-when-cross-origin\" allowfullscreen><\/iframe><\/p>\n<h1>Les conditions de recevabilit\u00e9 de la demande de compl\u00e9mentaire sant\u00e9 solidaire<\/h1>\n<h2>Les crit\u00e8res de ressources pour \u00eatre \u00e9ligible \u00e0 la C2S<\/h2>\n<p>L&rsquo;\u00e9ligibilit\u00e9 est principalement d\u00e9termin\u00e9e par le niveau de ressources.<\/p>\n\n<div class=\"wpdt-c row wpDataTableContainerSimpleTable wpDataTables wpDataTablesWrapper\n wdtscroll\"\n    >\n    <table id=\"wpdtSimpleTable-500\"\n           class=\"wpdtSimpleTable wpDataTable\"\n           data-column=\"3\"\n           data-rows=\"6\"\n           data-wpID=\"500\"\n           data-responsive=\"0\"\n           data-has-header=\"1\">\n\n                    <thead>        <tr class=\"wpdt-cell-row \" >\n                            <th class=\"wpdt-cell wpdt-bold\"\n                                    data-cell-id=\"A1\"\n                data-col-index=\"0\"\n                data-row-index=\"0\"\n                style=\" width:100px;                padding:10px;\"\n                >\n                                Nombre de personnes composant le foyer                <\/th>\n                                            <th class=\"wpdt-cell wpdt-bold\"\n                                    data-cell-id=\"B1\"\n                data-col-index=\"1\"\n                data-row-index=\"0\"\n                style=\" width:142px;                padding:10px;\"\n                >\n                                Plafond annuel de ressources \u00e0 ne pas d\u00e9passer pour b\u00e9n\u00e9ficier de la C2S (ex-CMU-C) gratuitement                <\/th>\n                                            <th class=\"wpdt-cell wpdt-bold\"\n                                    data-cell-id=\"C1\"\n                data-col-index=\"2\"\n                data-row-index=\"0\"\n                style=\" width:163px;                padding:10px;\"\n                >\n                                Plafond annuel de ressources \u00e0 ne pas d\u00e9passer pour b\u00e9n\u00e9ficier de la C2S (ex-CMU-C) avec une participation financi\u00e8re                <\/th>\n                                        <\/tr>\n                    <tbody>        <tr class=\"wpdt-cell-row \" >\n                            <td class=\"wpdt-cell \"\n                                    data-cell-id=\"A2\"\n                data-col-index=\"0\"\n                data-row-index=\"1\"\n                style=\"                padding:10px;\"\n                >\n                                1 personne                <\/td>\n                                            <td class=\"wpdt-cell \"\n                                    data-cell-id=\"B2\"\n                data-col-index=\"1\"\n                data-row-index=\"1\"\n                style=\"                padding:10px;\"\n                >\n                                10\u00a0421\u00a0\u20ac                <\/td>\n                                            <td class=\"wpdt-cell \"\n                                    data-cell-id=\"C2\"\n                data-col-index=\"2\"\n                data-row-index=\"1\"\n                style=\"                padding:10px;\"\n                >\n                                entre 10\u00a0421\u00a0\u20ac et 14\u00a0069\u00a0\u20ac                <\/td>\n                                        <\/tr>\n                            <tr class=\"wpdt-cell-row \" >\n                            <td class=\"wpdt-cell \"\n                                    data-cell-id=\"A3\"\n                data-col-index=\"0\"\n                data-row-index=\"2\"\n                style=\"                padding:10px;\"\n                >\n                                2 personnes                <\/td>\n                                            <td class=\"wpdt-cell \"\n                                    data-cell-id=\"B3\"\n                data-col-index=\"1\"\n                data-row-index=\"2\"\n                style=\"                padding:10px;\"\n                >\n                                15\u00a0632\u00a0\u20ac                <\/td>\n                                            <td class=\"wpdt-cell \"\n                                    data-cell-id=\"C3\"\n                data-col-index=\"2\"\n                data-row-index=\"2\"\n                style=\"                padding:10px;\"\n                >\n                                entre 15\u00a0632\u00a0\u20ac et 21\u00a0103\u00a0\u20ac                <\/td>\n                                        <\/tr>\n                            <tr class=\"wpdt-cell-row \" >\n                            <td class=\"wpdt-cell \"\n                                    data-cell-id=\"A4\"\n                data-col-index=\"0\"\n                data-row-index=\"3\"\n                style=\"                padding:10px;\"\n                >\n                                3 personnes                <\/td>\n                                            <td class=\"wpdt-cell \"\n                                    data-cell-id=\"B4\"\n                data-col-index=\"1\"\n                data-row-index=\"3\"\n                style=\"                padding:10px;\"\n                >\n                                18\u00a0758\u00a0\u20ac                <\/td>\n                                            <td class=\"wpdt-cell \"\n                                    data-cell-id=\"C4\"\n                data-col-index=\"2\"\n                data-row-index=\"3\"\n                style=\"                padding:10px;\"\n                >\n                                entre 18\u00a0758\u00a0\u20ac et 25\u00a0324\u00a0\u20ac                <\/td>\n                                        <\/tr>\n                            <tr class=\"wpdt-cell-row \" >\n                            <td class=\"wpdt-cell \"\n                                    data-cell-id=\"A5\"\n                data-col-index=\"0\"\n                data-row-index=\"4\"\n                style=\"                padding:10px;\"\n                >\n                                4 personnes                <\/td>\n                                            <td class=\"wpdt-cell \"\n                                    data-cell-id=\"B5\"\n                data-col-index=\"1\"\n                data-row-index=\"4\"\n                style=\"                padding:10px;\"\n                >\n                                21\u00a0885\u00a0\u20ac                <\/td>\n                                            <td class=\"wpdt-cell \"\n                                    data-cell-id=\"C5\"\n                data-col-index=\"2\"\n                data-row-index=\"4\"\n                style=\"                padding:10px;\"\n                >\n                                entre 21\u00a0885\u00a0\u20ac et 29\u00a0544\u00a0\u20ac                <\/td>\n                                        <\/tr>\n                            <tr class=\"wpdt-cell-row \" >\n                            <td class=\"wpdt-cell \"\n                                    data-cell-id=\"A6\"\n                data-col-index=\"0\"\n                data-row-index=\"5\"\n                style=\"                padding:10px;\"\n                >\n                                Au-del\u00e0 de 4 personnes                <\/td>\n                                            <td class=\"wpdt-cell \"\n                                    data-cell-id=\"B6\"\n                data-col-index=\"1\"\n                data-row-index=\"5\"\n                style=\"                padding:10px;\"\n                >\n                                21\u00a0885\u00a0\u20ac +\u00a04\u00a0169\u00a0\u20ac pour chaque membre suppl\u00e9mentaire du foyer                <\/td>\n                                            <td class=\"wpdt-cell \"\n                                    data-cell-id=\"C6\"\n                data-col-index=\"2\"\n                data-row-index=\"5\"\n                style=\"                padding:10px;\"\n                >\n                                29\u00a0544\u00a0\u20ac +\u00a05\u00a0628\u00a0\u20ac pour chaque membre suppl\u00e9mentaire du foyer                <\/td>\n                                        <\/tr>\n                    <\/table>\n<\/div><style id='wpdt-custom-style-500'>\n<\/style>\n\n<p><em>Par exemple, en 2026, pour une personne seule, le plafond est de 10 421\u20ac de ressources annuelles.<\/em><\/p>\n<h2>Les erreurs fr\u00e9quentes lors de la demande<\/h2>\n<p>Les erreurs les plus fr\u00e9quentes sont les suivantes :<\/p>\n<ul>\n<li><strong>Une omission de revenus<\/strong><\/li>\n<li><strong>Des documents manquants<\/strong><\/li>\n<li><strong>Des informations incoh\u00e9rentes<\/strong><\/li>\n<\/ul>\n<p>Pour \u00e9viter ces erreurs, nous vous conseillons de relire attentivement votre dossier avant de le soumettre et de vous assurez que tous les documents demand\u00e9s sont inclus.<\/p>\n<h1>Combien de temps prend le traitement de la demande ?<\/h1>\n<p>Le d\u00e9lai de traitement d&rsquo;une demande de C2S est g\u00e9n\u00e9ralement <strong>de 2 mois \u00e0 compter de la r\u00e9ception du dossier complet par la CPAM.<\/strong><\/p>\n<h2>Comment suivre l\u2019\u00e9tat d\u2019avancement de votre demande ?<\/h2>\n<p><strong>Vous pouvez suivre l&rsquo;\u00e9tat de votre demande en vous connectant \u00e0 votre compte Ameli.<\/strong><\/p>\n<p>Dans la rubrique \u00ab\u00a0Mes d\u00e9marches en 2 clics\u00a0\u00bb, vous trouverez les informations relatives au traitement de votre dossier.<\/p>\n<p>En cas de doute, n&rsquo;h\u00e9sitez pas \u00e0 contacter directement votre CPAM pour obtenir des pr\u00e9cisions sur l&rsquo;avancement de votre demande.<\/p>\n<h2>Que faire en cas de demande incompl\u00e8te ?<\/h2>\n<p>Si votre demande est jug\u00e9e incompl\u00e8te, la CPAM vous contactera pour vous indiquer les \u00e9l\u00e9ments manquants.<\/p>\n<p>Dans ce cas, vous devrez fournir les documents ou informations n\u00e9cessaires dans les plus brefs d\u00e9lais pour \u00e9viter des retards suppl\u00e9mentaires.<\/p>\n<p>Nous vous conseillons de <strong>r\u00e9pondre rapidement aux demandes de la CPAM pour ne pas ralentir le processus d&rsquo;\u00e9ligibilit\u00e9.<\/strong><\/p>\n<h1>Que faire si votre demande de compl\u00e9mentaire sant\u00e9 solidaire est accept\u00e9e ?<\/h1>\n<h2>L\u2019acc\u00e8s aux soins pris en charge et aux services associ\u00e9s<\/h2>\n<p><strong>Une fois votre demande accept\u00e9e, vous b\u00e9n\u00e9ficierez de la couverture sant\u00e9 compl\u00e9mentaire assur\u00e9e par la C2S.<\/strong><\/p>\n<p>La C2S couvre une <strong>large gamme de soins<\/strong> (pratiqu\u00e9s par des m\u00e9decins g\u00e9n\u00e9ralistes ou sp\u00e9cialistes, des soins hospitaliers, des soins sp\u00e9cifiques comme les soins de pr\u00e9vention).<\/p>\n<p>Il est aussi possible de b\u00e9n\u00e9ficier de prises en charge pour certaines d\u00e9penses li\u00e9es \u00e0 la sant\u00e9 mentale ou \u00e0 des soins particuliers selon les prescriptions m\u00e9dicales.<\/p>\n<h2>Comment renouveler votre compl\u00e9mentaire sant\u00e9 solidaire ?<\/h2>\n<p><strong>Le renouvellement n\u2019est pas automatique<\/strong>. Chaque ann\u00e9e, il faut constituer une nouvelle demande pour obtenir la C2S. En effet, cette derni\u00e8re n\u2019est valable qu\u2019un an.<\/p>\n<p>De plus, il est important de d\u00e9clarer tout changement de situation (modification des ressources, situation familiale, etc.) \u00e0 votre CPAM.<\/p>\n<p>La demande de renouvellement doit \u00eatre d\u00e9pos\u00e9e <strong>entre quatre et deux mois<\/strong> avant la date d\u2019\u00e9ch\u00e9ance.<\/p>\n<h1>Que faire si votre demande de compl\u00e9mentaire sant\u00e9 solidaire est refus\u00e9e ?<\/h1>\n<h2>Les recours possibles en cas de refus<\/h2>\n<p>Si votre demande est refus\u00e9e, vous avez la possibilit\u00e9 de contester la d\u00e9cision sous 2 mois maximum par :<\/p>\n<ul>\n<li><strong>Recours gracieux aupr\u00e8s du directeur de votre caisse d\u2019assurance maladie<\/strong><\/li>\n<li><strong>Recours contentieux devant la Commission d\u00e9partementale d\u2019aide sociale (CDAS)<\/strong><\/li>\n<\/ul>\n<h2>Comment rectifier une demande rejet\u00e9e ?<\/h2>\n<p>En cas de rejet de votre demande, vous pouvez rectifier les erreurs ou fournir les documents manquants puis soumettre \u00e0 nouveau votre dossier.<\/p>\n<div class='cta-block'><div class='text'>Simulez toutes vos aides en 2 min. Gratuit.<\/div><a href='https:\/\/www.mes-allocs.fr\/ab-app?origin=guides\/wp-json\/wp\/v2\/posts\/62209' class='app-button fit'>Simulation gratuite<\/a><\/div>\n","protected":false},"excerpt":{"rendered":"<p>[Mis \u00e0 jour le 10\/04\/2026] La compl\u00e9mentaire sant\u00e9 solidaire (C2S) est utilis\u00e9e pour couvrir vos d\u00e9penses de sant\u00e9 lorsque vous avez des difficult\u00e9s financi\u00e8res. Elle fait donc partie des aides sant\u00e9. Comment faire sa demande de compl\u00e9mentaire sant\u00e9 solidaire (C2S) ? Dans cet article, on vous aide \u00e0 y voir plus clair. Qu&rsquo;est-ce que la [&hellip;]<\/p>\n","protected":false},"author":24,"featured_media":62212,"comment_status":"closed","ping_status":"open","sticky":false,"template":"","format":"standard","meta":{"amp_status":"","footnotes":""},"categories":[24,28588],"tags":[],"class_list":["post-62209","post","type-post","status-publish","format-standard","has-post-thumbnail","hentry","category-aides-sante","category-complementaire-sante-solidaire"],"yoast_head":"<!-- This site is optimized with the Yoast SEO plugin v14.9 - https:\/\/yoast.com\/wordpress\/plugins\/seo\/ -->\n<title>Demande de Compl\u00e9mentaire Sant\u00e9 Solidaire (ex CMU-C)<\/title>\n<meta name=\"description\" content=\"Vous pouvez obtenir la compl\u00e9mentaire sant\u00e9 solidaire (CSS) en ligne ou par courrier. Mes Allocs vous explique comment faire la demande CSS.\" \/>\n<meta name=\"robots\" content=\"index, follow, max-snippet:-1, max-image-preview:large, max-video-preview:-1\" \/>\n<link rel=\"canonical\" href=\"https:\/\/www.mes-allocs.fr\/guides\/aides-sante\/complementaire-sante-solidaire\/demande-complementaire-sante-solidaire\/\" \/>\n<meta property=\"og:locale\" content=\"fr_FR\" \/>\n<meta property=\"og:type\" content=\"article\" \/>\n<meta property=\"og:title\" content=\"Demande de Compl\u00e9mentaire Sant\u00e9 Solidaire (ex CMU-C)\" \/>\n<meta property=\"og:description\" content=\"Vous pouvez obtenir la compl\u00e9mentaire sant\u00e9 solidaire (CSS) en ligne ou par courrier. Mes Allocs vous explique comment faire la demande CSS.\" \/>\n<meta property=\"og:url\" content=\"https:\/\/www.mes-allocs.fr\/guides\/aides-sante\/complementaire-sante-solidaire\/demande-complementaire-sante-solidaire\/\" \/>\n<meta property=\"og:site_name\" content=\"Mes-Allocs.fr\" \/>\n<meta property=\"article:published_time\" content=\"2023-02-28T15:27:56+00:00\" \/>\n<meta property=\"article:modified_time\" content=\"2026-04-14T15:58:05+00:00\" \/>\n<meta property=\"og:image\" content=\"https:\/\/www.mes-allocs.fr\/guides\/wp-content\/uploads\/2023\/02\/hands-g5404a92fd_1280.jpg?wsr\" \/>\n\t<meta property=\"og:image:width\" content=\"1280\" \/>\n\t<meta property=\"og:image:height\" content=\"853\" \/>\n<meta name=\"twitter:card\" content=\"summary_large_image\" \/>\n<script type=\"application\/ld+json\" class=\"yoast-schema-graph\">{\"@context\":\"https:\/\/schema.org\",\"@graph\":[{\"@type\":\"WebSite\",\"@id\":\"https:\/\/www.mes-allocs.fr\/guides\/#website\",\"url\":\"https:\/\/www.mes-allocs.fr\/guides\/\",\"name\":\"Mes-Allocs.fr\",\"description\":\"\",\"potentialAction\":[{\"@type\":\"SearchAction\",\"target\":\"https:\/\/www.mes-allocs.fr\/guides\/?s={search_term_string}\",\"query-input\":\"required name=search_term_string\"}],\"inLanguage\":\"fr-FR\"},{\"@type\":\"ImageObject\",\"@id\":\"https:\/\/www.mes-allocs.fr\/guides\/aides-sante\/complementaire-sante-solidaire\/demande-complementaire-sante-solidaire\/#primaryimage\",\"inLanguage\":\"fr-FR\",\"url\":\"https:\/\/www.mes-allocs.fr\/guides\/wp-content\/uploads\/2023\/02\/hands-g5404a92fd_1280.jpg?wsr\",\"width\":1280,\"height\":853,\"caption\":\"assurance habitation allianz\"},{\"@type\":\"WebPage\",\"@id\":\"https:\/\/www.mes-allocs.fr\/guides\/aides-sante\/complementaire-sante-solidaire\/demande-complementaire-sante-solidaire\/#webpage\",\"url\":\"https:\/\/www.mes-allocs.fr\/guides\/aides-sante\/complementaire-sante-solidaire\/demande-complementaire-sante-solidaire\/\",\"name\":\"Demande de Compl\\u00e9mentaire Sant\\u00e9 Solidaire (ex CMU-C)\",\"isPartOf\":{\"@id\":\"https:\/\/www.mes-allocs.fr\/guides\/#website\"},\"primaryImageOfPage\":{\"@id\":\"https:\/\/www.mes-allocs.fr\/guides\/aides-sante\/complementaire-sante-solidaire\/demande-complementaire-sante-solidaire\/#primaryimage\"},\"datePublished\":\"2023-02-28T15:27:56+00:00\",\"dateModified\":\"2026-04-14T15:58:05+00:00\",\"author\":{\"@id\":\"https:\/\/www.mes-allocs.fr\/guides\/#\/schema\/person\/99515cce9c88676c012398dee5d9e95a\"},\"description\":\"Vous pouvez obtenir la compl\\u00e9mentaire sant\\u00e9 solidaire (CSS) en ligne ou par courrier. Mes Allocs vous explique comment faire la demande CSS.\",\"inLanguage\":\"fr-FR\"},{\"@type\":\"Person\",\"@id\":\"https:\/\/www.mes-allocs.fr\/guides\/#\/schema\/person\/99515cce9c88676c012398dee5d9e95a\",\"name\":\"Clo\\u00e9 Giroudi\\u00e8re\",\"image\":{\"@type\":\"ImageObject\",\"@id\":\"https:\/\/www.mes-allocs.fr\/guides\/#personlogo\",\"inLanguage\":\"fr-FR\",\"url\":\"https:\/\/www.mes-allocs.fr\/guides\/wp-content\/uploads\/2023\/01\/245034208_406012077598379_7451500537271173379_n-150x150.jpg\",\"caption\":\"Clo\\u00e9 Giroudi\\u00e8re\"},\"description\":\"Clo\\u00e9 est r\\u00e9dactrice sp\\u00e9cialis\\u00e9 sur les sujets juridiques et sociaux. Elle rejoint Mes Allocs apr\\u00e8s une premi\\u00e8re exp\\u00e9rience en journalisme. Elle est dipl\\u00f4m\\u00e9e de l'ISFJ et d'une licence de droit de l'universit\\u00e9 Lumi\\u00e8re Lyon II.\",\"sameAs\":[\"https:\/\/www.linkedin.com\/in\/clo\\u00e9-giroudi\\u00e8re-461a14244\/\"]}]}<\/script>\n<!-- \/ Yoast SEO plugin. -->","amp_validity":null,"acf":{"faq":{"1":{"question":"Comment faire ma demande de Compl\u00e9mentaire sant\u00e9 solidaire ?","answer":"Pour faire une demande de compl\u00e9mentaire sant\u00e9 solidaire, il suffit de t\u00e9l\u00e9charger le formulaire Cerfa en ligne sur votre compte ameli ou de le demander par courrier. "},"2":{"question":"Quels sont les documents \u00e0 fournir pour une demande de Compl\u00e9mentaire sant\u00e9 solidaire ?","answer":"En g\u00e9n\u00e9ral, les documents \u00e0 fournir pour une demande de CSS sont les suivants :\r\n- Votre num\u00e9ro de s\u00e9curit\u00e9 sociale (le v\u00f4tre et celui des b\u00e9n\u00e9ficiaires de votre foyer)\r\n- Votre num\u00e9ro d\u2019allocataire CAF\r\n- Vos revenus des 12 derniers mois pr\u00e9c\u00e9dents la demande\r\n- Un avis d\u2019imposition pour l\u2019ensemble des membres du foyer\r\n- Un avis de taxe fonci\u00e8re et de taxe d\u2019habitation, si vous poss\u00e9dez un bien non lou\u00e9, b\u00e2ti ou non b\u00e2ti\r\n- Les justificatifs de situation fiscale et sociale de votre pays\u00a0: en cas de r\u00e9sidence \u00e0 l\u2019\u00e9tranger au cours des 12 mois pr\u00e9c\u00e9dents la demande\r\n- L\u2019attestation de ressources d\u00e9livr\u00e9e par la CAF ou la MSA\u00a0: en cas de demande de RSA ou de RSA jeune par l\u2019un des membres du foyer"},"3":{"question":"Quelle est la diff\u00e9rence entre la CMU et la Compl\u00e9mentaire sant\u00e9 solidaire ?","answer":"La compl\u00e9mentaire sant\u00e9 solidaire remplace la CMU-C (Couverture maladie universelle compl\u00e9mentaire) depuis le 1er novembre 2019."},"4":{"question":"Quand faire la demande de Compl\u00e9mentaire sant\u00e9 solidaire ?","answer":"Vous pouvez faire votre demande de CSS \u00e0 partir du 13\u00e8me mois jusqu'au 2\u00e8me mois civil qui pr\u00e9c\u00e8de le mois de la demande."},"5":{"question":"Quel est le seuil pour avoir une aide \u00e0 la compl\u00e9mentaire sant\u00e9 ?","answer":"Le seuil \u00e0 ne pas d\u00e9passer pour obtenir la compl\u00e9mentaire sant\u00e9 solidaire est estim\u00e9 \u00e0 10 421 \u20ac par an pour une personne seule."},"6":{"question":"O\u00f9 envoyer le dossier de demande de Compl\u00e9mentaire sant\u00e9 solidaire ?","answer":"Vous pouvez envoyer votre dossier de compl\u00e9mentaire sant\u00e9 solidaire en ligne ou par courrier \u00e0 votre caisse d'assurance maladie."},"7":{"question":"","answer":""},"8":{"question":"","answer":""},"9":{"question":"","answer":""},"10":{"question":"","answer":""},"11":{"question":"","answer":""},"12":{"question":"","answer":""},"13":{"question":"","answer":""},"14":{"question":"","answer":""},"15":{"question":"","answer":""},"16":{"question":"","answer":""}}},"_links":{"self":[{"href":"https:\/\/www.mes-allocs.fr\/guides\/wp-json\/wp\/v2\/posts\/62209","targetHints":{"allow":["GET"]}}],"collection":[{"href":"https:\/\/www.mes-allocs.fr\/guides\/wp-json\/wp\/v2\/posts"}],"about":[{"href":"https:\/\/www.mes-allocs.fr\/guides\/wp-json\/wp\/v2\/types\/post"}],"author":[{"embeddable":true,"href":"https:\/\/www.mes-allocs.fr\/guides\/wp-json\/wp\/v2\/users\/24"}],"replies":[{"embeddable":true,"href":"https:\/\/www.mes-allocs.fr\/guides\/wp-json\/wp\/v2\/comments?post=62209"}],"version-history":[{"count":19,"href":"https:\/\/www.mes-allocs.fr\/guides\/wp-json\/wp\/v2\/posts\/62209\/revisions"}],"predecessor-version":[{"id":112101,"href":"https:\/\/www.mes-allocs.fr\/guides\/wp-json\/wp\/v2\/posts\/62209\/revisions\/112101"}],"wp:featuredmedia":[{"embeddable":true,"href":"https:\/\/www.mes-allocs.fr\/guides\/wp-json\/wp\/v2\/media\/62212"}],"wp:attachment":[{"href":"https:\/\/www.mes-allocs.fr\/guides\/wp-json\/wp\/v2\/media?parent=62209"}],"wp:term":[{"taxonomy":"category","embeddable":true,"href":"https:\/\/www.mes-allocs.fr\/guides\/wp-json\/wp\/v2\/categories?post=62209"},{"taxonomy":"post_tag","embeddable":true,"href":"https:\/\/www.mes-allocs.fr\/guides\/wp-json\/wp\/v2\/tags?post=62209"}],"curies":[{"name":"wp","href":"https:\/\/api.w.org\/{rel}","templated":true}]}}