{"id":62149,"date":"2023-02-28T11:28:04","date_gmt":"2023-02-28T09:28:04","guid":{"rendered":"https:\/\/www.mes-allocs.fr\/guides\/?p=62149"},"modified":"2026-04-14T16:52:17","modified_gmt":"2026-04-14T15:52:17","slug":"complementaire-sante-solidaire-conditions","status":"publish","type":"post","link":"https:\/\/www.mes-allocs.fr\/guides\/aides-sante\/complementaire-sante-solidaire\/complementaire-sante-solidaire-conditions\/","title":{"rendered":"Quelles conditions pour b\u00e9n\u00e9ficier de la Compl\u00e9mentaire sant\u00e9 solidaire (ex-CMU-C) ?"},"content":{"rendered":"<p><img loading=\"lazy\" decoding=\"async\" class=\"alignnone wp-image-62122 size-full\" title=\"complementaire sante solidaire conditions\" src=\"https:\/\/www.mes-allocs.fr\/guides\/wp-content\/uploads\/2023\/02\/surgery-g041e76371_1280-e1677575883156.jpg\" alt=\"complementaire sante solidaire conditions\" width=\"1280\" height=\"211\" srcset=\"https:\/\/www.mes-allocs.fr\/guides\/wp-content\/uploads\/2023\/02\/surgery-g041e76371_1280-e1677575883156.jpg 1280w, https:\/\/www.mes-allocs.fr\/guides\/wp-content\/uploads\/2023\/02\/surgery-g041e76371_1280-e1677575883156-300x49.jpg 300w, https:\/\/www.mes-allocs.fr\/guides\/wp-content\/uploads\/2023\/02\/surgery-g041e76371_1280-e1677575883156-1024x169.jpg 1024w, https:\/\/www.mes-allocs.fr\/guides\/wp-content\/uploads\/2023\/02\/surgery-g041e76371_1280-e1677575883156-768x127.jpg 768w, https:\/\/www.mes-allocs.fr\/guides\/wp-content\/uploads\/2023\/02\/surgery-g041e76371_1280-e1677575883156-600x99.jpg 600w\" sizes=\"auto, (max-width: 1280px) 100vw, 1280px\" \/><\/p>\n<p>[Mis \u00e0 jour le 10\/04\/2026] La compl\u00e9mentaire sant\u00e9 solidaire (ex-CMU-C) est une <a href=\"https:\/\/www.mes-allocs.fr\/guides\/aides-sante\/complementaire-sante-solidaire\/\">aide \u00e0 la sant\u00e9<\/a> pour payer vos d\u00e9penses de sant\u00e9. Elle s\u2019adresse principalement aux personnes ayant des ressources modestes. Mais d\u2019autres conditions sont \u00e0 remplir, notamment relatives \u00e0 votre lieu de r\u00e9sidence. Dans cet article, Mes Allocs vous pr\u00e9sente les <b>conditions d\u2019\u00e9ligibilit\u00e9 \u00e0 la C2S (ex-CMU-C)<\/b>, vous aide \u00e0 savoir si vous pouvez y acc\u00e9der et vous informe sur les conditions pour en b\u00e9n\u00e9ficier gratuitement.<\/p>\n<div class='cta-block'><div class='text'>Simulez toutes vos aides en 2 min. Gratuit.<\/div><a href='https:\/\/www.mes-allocs.fr\/ab-app?origin=guides\/wp-json\/wp\/v2\/posts\/62149' class='app-button fit'>Simulation gratuite<\/a><\/div>\n<h1>Qui peut b\u00e9n\u00e9ficier de la compl\u00e9mentaire sant\u00e9 solidaire (ex-CMU-C) ?<\/h1>\n<p>La C2S (ex-CMU-C) est accessible \u00e0 <b>toute personne r\u00e9sidant en France de mani\u00e8re stable et r\u00e9guli\u00e8re<\/b> sans condition d&rsquo;\u00e2ge. Vous devez donc respecter des crit\u00e8res de :<\/p>\n<p>\u2705 R\u00e9sidence<\/p>\n<p>\u2705 Ressources<\/p>\n<p>Si vous \u00eates \u00e9ligible \u00e0 la compl\u00e9mentaire sant\u00e9 solidaire, tout votre foyer est directement couvert.<\/p>\n<div class='shortcode disclaimer'><div class='title'>Attention<\/div><div class='content'>Depuis le 1er novembre 2019, la <strong>Compl\u00e9mentaire sant\u00e9 solidaire<\/strong> (C2S ou CSS) a d\u00e9finitivement remplac\u00e9 la <strong>Couverture maladie universelle compl\u00e9mentaire<\/strong> (CMU-C).<\/div><\/div>\n<h1>Les conditions de r\u00e9sidence pour avoir droit \u00e0 la C2S (ex-CMU-C)<\/h1>\n<h2>R\u00e9sider en France depuis plus de 3 mois<\/h2>\n<p>Si vous souhaitez b\u00e9n\u00e9ficier de la compl\u00e9mentaire sant\u00e9 solidaire, vous devez r\u00e9sider en France de mani\u00e8re continue depuis plus de 3 mois, et ce, quelle que soit votre nationalit\u00e9 (fran\u00e7aise ou \u00e9trang\u00e8re).<\/p>\n<p>Mais attention, si vous \u00eates <b>\u00e9tranger<\/b>, il vous sera demand\u00e9 de d\u00e9tenir un<b> titre de s\u00e9jour valide<\/b>.<\/p>\n<div class='shortcode important'><div class='title'>Important<\/div><div class='content'>Si vous \u00eates en situation irr\u00e9guli\u00e8re (c&rsquo;est-\u00e0-dire sans papiers ou sans droit de s\u00e9jour en France), vous pouvez faire une demande pour b\u00e9n\u00e9ficier de l&rsquo;<strong>Aide M\u00e9dicale de l&rsquo;\u00c9tat (AME)<\/strong>.<\/div><\/div>\n<h2>Vous ne r\u00e9sidez pas en France de fa\u00e7on continue depuis plus de 3 mois ?<\/h2>\n<p>Dans ce cas, vous devez vous trouver dans l\u2019une des situations suivantes si vous d\u00e9sirez \u00eatre \u00e9ligible \u00e0 la C2S :<\/p>\n<ul>\n<li aria-level=\"1\">Vous \u00eates affili\u00e9 \u00e0 un r\u00e9gime obligatoire de s\u00e9curit\u00e9 sociale en raison d&rsquo;une activit\u00e9 professionnelle en France d&rsquo;une dur\u00e9e sup\u00e9rieure \u00e0 3 mois.<\/li>\n<li aria-level=\"1\">Vous \u00eates inscrit dans un \u00e9tablissement d&rsquo;enseignement en France.<\/li>\n<li aria-level=\"1\">Vous effectuez un stage en France, dans le cadre de partenariats de coop\u00e9ration ou de formation professionnelle, d&rsquo;une dur\u00e9e sup\u00e9rieure \u00e0 3 mois.<\/li>\n<li aria-level=\"1\">Vous percevez certaines prestations sociales (prestations familiales, allocations pour personnes \u00e2g\u00e9es, aides au logement, aide sociale, revenu de remplacement, AAH, etc.).<\/li>\n<li aria-level=\"1\">Vous avez effectu\u00e9 un volontariat international \u00e0 l&rsquo;\u00e9tranger et ne b\u00e9n\u00e9ficiez d&rsquo;aucune autre couverture d&rsquo;assurance maladie<\/li>\n<\/ul>\n<p>Si vous remplissez l\u2019une de ces conditions et que vous ne d\u00e9passez pas les plafonds de ressources, vous \u00eates \u00e9ligible \u00e0 la C2S (ex-CMU-C) !<\/p>\n<div class='shortcode check'><div class='content'>Vous n\u2019avez pas de domicile fixe ? Vous pouvez dans ce cas obtenir une adresse administrative. Rapprochez-vous du CCAS. <\/div><\/div>\n<h1>Les conditions de ressources pour b\u00e9n\u00e9ficier de la compl\u00e9mentaire sant\u00e9 solidaire (ex-CMU-C)<\/h1>\n<h2>Quels sont les revenus pour avoir droit \u00e0 la CMU ?<\/h2>\n<p>Pour avoir droit \u00e0 la C2S, vos ressources ne doivent pas d\u00e9passer un certain montant. Les <a href=\"https:\/\/www.mes-allocs.fr\/guides\/aides-sante\/complementaire-sante-solidaire\/plafond-complementaire-sante-solidaire\/\">plafonds de ressources de la C2S<\/a> ont \u00e9t\u00e9 r\u00e9ajust\u00e9s au <b>1er avril 2026<\/b>.<\/p>\n<p>Non seulement vos ressources sont prises en compte pour d\u00e9terminer votre \u00e9ligibilit\u00e9, mais en plus elles d\u00e9finissent si l\u2019aide peut vous \u00eatre accord\u00e9e gratuitement ou avec des frais de cotisation.<\/p>\n<h3>Les plafonds de ressources en France m\u00e9tropolitaine<\/h3>\n\n<div class=\"wpdt-c row wpDataTableContainerSimpleTable wpDataTables wpDataTablesWrapper\n wdtscroll\"\n    >\n    <table id=\"wpdtSimpleTable-500\"\n           class=\"wpdtSimpleTable wpDataTable\"\n           data-column=\"3\"\n           data-rows=\"6\"\n           data-wpID=\"500\"\n           data-responsive=\"0\"\n           data-has-header=\"1\">\n\n                    <thead>        <tr class=\"wpdt-cell-row \" >\n                            <th class=\"wpdt-cell wpdt-bold\"\n                                    data-cell-id=\"A1\"\n                data-col-index=\"0\"\n                data-row-index=\"0\"\n                style=\" width:100px;                padding:10px;\"\n                >\n                                Nombre de personnes composant le foyer                <\/th>\n                                            <th class=\"wpdt-cell wpdt-bold\"\n                                    data-cell-id=\"B1\"\n                data-col-index=\"1\"\n                data-row-index=\"0\"\n                style=\" width:142px;                padding:10px;\"\n                >\n                                Plafond annuel de ressources \u00e0 ne pas d\u00e9passer pour b\u00e9n\u00e9ficier de la C2S (ex-CMU-C) gratuitement                <\/th>\n                                            <th class=\"wpdt-cell wpdt-bold\"\n                                    data-cell-id=\"C1\"\n                data-col-index=\"2\"\n                data-row-index=\"0\"\n                style=\" width:163px;                padding:10px;\"\n                >\n                                Plafond annuel de ressources \u00e0 ne pas d\u00e9passer pour b\u00e9n\u00e9ficier de la C2S (ex-CMU-C) avec une participation financi\u00e8re                <\/th>\n                                        <\/tr>\n                    <tbody>        <tr class=\"wpdt-cell-row \" >\n                            <td class=\"wpdt-cell \"\n                                    data-cell-id=\"A2\"\n                data-col-index=\"0\"\n                data-row-index=\"1\"\n                style=\"                padding:10px;\"\n                >\n                                1 personne                <\/td>\n                                            <td class=\"wpdt-cell \"\n                                    data-cell-id=\"B2\"\n                data-col-index=\"1\"\n                data-row-index=\"1\"\n                style=\"                padding:10px;\"\n                >\n                                10\u00a0421\u00a0\u20ac                <\/td>\n                                            <td class=\"wpdt-cell \"\n                                    data-cell-id=\"C2\"\n                data-col-index=\"2\"\n                data-row-index=\"1\"\n                style=\"                padding:10px;\"\n                >\n                                entre 10\u00a0421\u00a0\u20ac et 14\u00a0069\u00a0\u20ac                <\/td>\n                                        <\/tr>\n                            <tr class=\"wpdt-cell-row \" >\n                            <td class=\"wpdt-cell \"\n                                    data-cell-id=\"A3\"\n                data-col-index=\"0\"\n                data-row-index=\"2\"\n                style=\"                padding:10px;\"\n                >\n                                2 personnes                <\/td>\n                                            <td class=\"wpdt-cell \"\n                                    data-cell-id=\"B3\"\n                data-col-index=\"1\"\n                data-row-index=\"2\"\n                style=\"                padding:10px;\"\n                >\n                                15\u00a0632\u00a0\u20ac                <\/td>\n                                            <td class=\"wpdt-cell \"\n                                    data-cell-id=\"C3\"\n                data-col-index=\"2\"\n                data-row-index=\"2\"\n                style=\"                padding:10px;\"\n                >\n                                entre 15\u00a0632\u00a0\u20ac et 21\u00a0103\u00a0\u20ac                <\/td>\n                                        <\/tr>\n                            <tr class=\"wpdt-cell-row \" >\n                            <td class=\"wpdt-cell \"\n                                    data-cell-id=\"A4\"\n                data-col-index=\"0\"\n                data-row-index=\"3\"\n                style=\"                padding:10px;\"\n                >\n                                3 personnes                <\/td>\n                                            <td class=\"wpdt-cell \"\n                                    data-cell-id=\"B4\"\n                data-col-index=\"1\"\n                data-row-index=\"3\"\n                style=\"                padding:10px;\"\n                >\n                                18\u00a0758\u00a0\u20ac                <\/td>\n                                            <td class=\"wpdt-cell \"\n                                    data-cell-id=\"C4\"\n                data-col-index=\"2\"\n                data-row-index=\"3\"\n                style=\"                padding:10px;\"\n                >\n                                entre 18\u00a0758\u00a0\u20ac et 25\u00a0324\u00a0\u20ac                <\/td>\n                                        <\/tr>\n                            <tr class=\"wpdt-cell-row \" >\n                            <td class=\"wpdt-cell \"\n                                    data-cell-id=\"A5\"\n                data-col-index=\"0\"\n                data-row-index=\"4\"\n                style=\"                padding:10px;\"\n                >\n                                4 personnes                <\/td>\n                                            <td class=\"wpdt-cell \"\n                                    data-cell-id=\"B5\"\n                data-col-index=\"1\"\n                data-row-index=\"4\"\n                style=\"                padding:10px;\"\n                >\n                                21\u00a0885\u00a0\u20ac                <\/td>\n                                            <td class=\"wpdt-cell \"\n                                    data-cell-id=\"C5\"\n                data-col-index=\"2\"\n                data-row-index=\"4\"\n                style=\"                padding:10px;\"\n                >\n                                entre 21\u00a0885\u00a0\u20ac et 29\u00a0544\u00a0\u20ac                <\/td>\n                                        <\/tr>\n                            <tr class=\"wpdt-cell-row \" >\n                            <td class=\"wpdt-cell \"\n                                    data-cell-id=\"A6\"\n                data-col-index=\"0\"\n                data-row-index=\"5\"\n                style=\"                padding:10px;\"\n                >\n                                Au-del\u00e0 de 4 personnes                <\/td>\n                                            <td class=\"wpdt-cell \"\n                                    data-cell-id=\"B6\"\n                data-col-index=\"1\"\n                data-row-index=\"5\"\n                style=\"                padding:10px;\"\n                >\n                                21\u00a0885\u00a0\u20ac +\u00a04\u00a0169\u00a0\u20ac pour chaque membre suppl\u00e9mentaire du foyer                <\/td>\n                                            <td class=\"wpdt-cell \"\n                                    data-cell-id=\"C6\"\n                data-col-index=\"2\"\n                data-row-index=\"5\"\n                style=\"                padding:10px;\"\n                >\n                                29\u00a0544\u00a0\u20ac +\u00a05\u00a0628\u00a0\u20ac pour chaque membre suppl\u00e9mentaire du foyer                <\/td>\n                                        <\/tr>\n                    <\/table>\n<\/div><style id='wpdt-custom-style-500'>\n<\/style>\n\n<p><i>Ces plafonds sont valables du 1er avril 2026 au 31 mars 2027.<\/i><\/p>\n<h3>Les plafonds de ressources dans les d\u00e9partements d&rsquo;Outre-mer et \u00e0 Mayotte<\/h3>\n<p><i>\n<div class=\"wpdt-c row wpDataTableContainerSimpleTable wpDataTables wpDataTablesWrapper\n wdtscroll\"\n    >\n    <table id=\"wpdtSimpleTable-560\"\n           class=\"wpdtSimpleTable wpDataTable\"\n           data-column=\"5\"\n           data-rows=\"6\"\n           data-wpID=\"560\"\n           data-responsive=\"0\"\n           data-has-header=\"1\">\n\n                    <thead>        <tr class=\"wpdt-cell-row \" >\n                            <th class=\"wpdt-cell wpdt-bold wpdt-bc-F3F9FE\"\n                                    data-cell-id=\"A1\"\n                data-col-index=\"0\"\n                data-row-index=\"0\"\n                style=\" width:178px;                padding:10px;\"\n                >\n                                Nombre de personnes composant le foyer                <\/th>\n                                            <th class=\"wpdt-cell wpdt-bold wpdt-bc-F3F9FE\"\n                                    data-cell-id=\"B1\"\n                data-col-index=\"1\"\n                data-row-index=\"0\"\n                style=\" width:181px;                padding:10px;\"\n                >\n                                CSS gratuite \u2014 annuel                <\/th>\n                                            <th class=\"wpdt-cell wpdt-bold wpdt-bc-F3F9FE\"\n                                    data-cell-id=\"C1\"\n                data-col-index=\"2\"\n                data-row-index=\"0\"\n                style=\" width:179px;                padding:10px;\"\n                >\n                                CSS gratuite (mensuel)                <\/th>\n                                            <th class=\"wpdt-cell wpdt-bold wpdt-bc-F3F9FE\"\n                                    data-cell-id=\"D1\"\n                data-col-index=\"3\"\n                data-row-index=\"0\"\n                style=\" width:179px;                padding:10px;\"\n                >\n                                CSS payante (annuel)                <\/th>\n                                            <th class=\"wpdt-cell wpdt-bold wpdt-bc-F3F9FE\"\n                                    data-cell-id=\"E1\"\n                data-col-index=\"4\"\n                data-row-index=\"0\"\n                style=\" width:179px;                padding:10px;\"\n                >\n                                CSS payante (mensuel)                <\/th>\n                                        <\/tr>\n                    <tbody>        <tr class=\"wpdt-cell-row \" >\n                            <td class=\"wpdt-cell \"\n                                    data-cell-id=\"A2\"\n                data-col-index=\"0\"\n                data-row-index=\"1\"\n                style=\"                padding:10px;\"\n                >\n                                1                <\/td>\n                                            <td class=\"wpdt-cell \"\n                                    data-cell-id=\"B2\"\n                data-col-index=\"1\"\n                data-row-index=\"1\"\n                style=\"                padding:10px;\"\n                >\n                                11 599 euros                <\/td>\n                                            <td class=\"wpdt-cell \"\n                                    data-cell-id=\"C2\"\n                data-col-index=\"2\"\n                data-row-index=\"1\"\n                style=\"                padding:10px;\"\n                >\n                                967 euros                <\/td>\n                                            <td class=\"wpdt-cell \"\n                                    data-cell-id=\"D2\"\n                data-col-index=\"3\"\n                data-row-index=\"1\"\n                style=\"                padding:10px;\"\n                >\n                                15 659 euros                <\/td>\n                                            <td class=\"wpdt-cell \"\n                                    data-cell-id=\"E2\"\n                data-col-index=\"4\"\n                data-row-index=\"1\"\n                style=\"                padding:10px;\"\n                >\n                                1 305 euros                <\/td>\n                                        <\/tr>\n                            <tr class=\"wpdt-cell-row \" >\n                            <td class=\"wpdt-cell \"\n                                    data-cell-id=\"A3\"\n                data-col-index=\"0\"\n                data-row-index=\"2\"\n                style=\"                padding:10px;\"\n                >\n                                2                <\/td>\n                                            <td class=\"wpdt-cell \"\n                                    data-cell-id=\"B3\"\n                data-col-index=\"1\"\n                data-row-index=\"2\"\n                style=\"                padding:10px;\"\n                >\n                                17 398 euros                <\/td>\n                                            <td class=\"wpdt-cell \"\n                                    data-cell-id=\"C3\"\n                data-col-index=\"2\"\n                data-row-index=\"2\"\n                style=\"                padding:10px;\"\n                >\n                                1 450 euros                <\/td>\n                                            <td class=\"wpdt-cell \"\n                                    data-cell-id=\"D3\"\n                data-col-index=\"3\"\n                data-row-index=\"2\"\n                style=\"                padding:10px;\"\n                >\n                                23 488 euros                <\/td>\n                                            <td class=\"wpdt-cell \"\n                                    data-cell-id=\"E3\"\n                data-col-index=\"4\"\n                data-row-index=\"2\"\n                style=\"                padding:10px;\"\n                >\n                                1 957 euros                <\/td>\n                                        <\/tr>\n                            <tr class=\"wpdt-cell-row \" >\n                            <td class=\"wpdt-cell \"\n                                    data-cell-id=\"A4\"\n                data-col-index=\"0\"\n                data-row-index=\"3\"\n                style=\"                padding:10px;\"\n                >\n                                3                <\/td>\n                                            <td class=\"wpdt-cell \"\n                                    data-cell-id=\"B4\"\n                data-col-index=\"1\"\n                data-row-index=\"3\"\n                style=\"                padding:10px;\"\n                >\n                                20 878 euros                <\/td>\n                                            <td class=\"wpdt-cell \"\n                                    data-cell-id=\"C4\"\n                data-col-index=\"2\"\n                data-row-index=\"3\"\n                style=\"                padding:10px;\"\n                >\n                                1 740 euros                <\/td>\n                                            <td class=\"wpdt-cell \"\n                                    data-cell-id=\"D4\"\n                data-col-index=\"3\"\n                data-row-index=\"3\"\n                style=\"                padding:10px;\"\n                >\n                                28 185 euros                <\/td>\n                                            <td class=\"wpdt-cell \"\n                                    data-cell-id=\"E4\"\n                data-col-index=\"4\"\n                data-row-index=\"3\"\n                style=\"                padding:10px;\"\n                >\n                                2 349 euros                <\/td>\n                                        <\/tr>\n                            <tr class=\"wpdt-cell-row \" >\n                            <td class=\"wpdt-cell \"\n                                    data-cell-id=\"A5\"\n                data-col-index=\"0\"\n                data-row-index=\"4\"\n                style=\"                padding:10px;\"\n                >\n                                4                <\/td>\n                                            <td class=\"wpdt-cell \"\n                                    data-cell-id=\"B5\"\n                data-col-index=\"1\"\n                data-row-index=\"4\"\n                style=\"                padding:10px;\"\n                >\n                                24 358 euros                <\/td>\n                                            <td class=\"wpdt-cell \"\n                                    data-cell-id=\"C5\"\n                data-col-index=\"2\"\n                data-row-index=\"4\"\n                style=\"                padding:10px;\"\n                >\n                                2 030 euros                <\/td>\n                                            <td class=\"wpdt-cell \"\n                                    data-cell-id=\"D5\"\n                data-col-index=\"3\"\n                data-row-index=\"4\"\n                style=\"                padding:10px;\"\n                >\n                                32 883 euros                <\/td>\n                                            <td class=\"wpdt-cell \"\n                                    data-cell-id=\"E5\"\n                data-col-index=\"4\"\n                data-row-index=\"4\"\n                style=\"                padding:10px;\"\n                >\n                                2 740 euros                <\/td>\n                                        <\/tr>\n                            <tr class=\"wpdt-cell-row \" >\n                            <td class=\"wpdt-cell \"\n                                    data-cell-id=\"A6\"\n                data-col-index=\"0\"\n                data-row-index=\"5\"\n                style=\"                padding:10px;\"\n                >\n                                Par personne suppl\u00e9mentaire                <\/td>\n                                            <td class=\"wpdt-cell \"\n                                    data-cell-id=\"B6\"\n                data-col-index=\"1\"\n                data-row-index=\"5\"\n                style=\"                padding:10px;\"\n                >\n                                + 4 640 euros                <\/td>\n                                            <td class=\"wpdt-cell \"\n                                    data-cell-id=\"C6\"\n                data-col-index=\"2\"\n                data-row-index=\"5\"\n                style=\"                padding:10px;\"\n                >\n                                + 387 euros                <\/td>\n                                            <td class=\"wpdt-cell \"\n                                    data-cell-id=\"D6\"\n                data-col-index=\"3\"\n                data-row-index=\"5\"\n                style=\"                padding:10px;\"\n                >\n                                + 6 263 euros                <\/td>\n                                            <td class=\"wpdt-cell \"\n                                    data-cell-id=\"E6\"\n                data-col-index=\"4\"\n                data-row-index=\"5\"\n                style=\"                padding:10px;\"\n                >\n                                + 522 euros                <\/td>\n                                        <\/tr>\n                    <\/table>\n<\/div><style id='wpdt-custom-style-560'>\n.wpdt-bc-F3F9FE { background-color: #F3F9FE !important;}\n<\/style>\n<\/i><\/p>\n<p><i>Ces plafonds sont valables du 1er avril 2026 au 31 mars 2027.<\/i><\/p>\n<h2>Quels sont les revenus pris en compte ?<\/h2>\n<p>Ce sont les ressources de l\u2019ensemble de votre foyer per\u00e7ues sur une p\u00e9riode de <strong>12 mois<\/strong>. Plus pr\u00e9cis\u00e9ment, la p\u00e9riode prise en compte s\u2019\u00e9tale du 13e mois jusqu\u2019au 2e mois civil avant la demande de C2S.<\/p>\n<div class='shortcode tips'><div class='title'>Exemple<\/div><div class='content'>Pour une demande de C2S en janvier 2026, la p\u00e9riode retenue sera de d\u00e9cembre 2024 \u00e0 novembre 2025.<\/div><\/div>\n<p>Pour d\u00e9terminer votre \u00e9ligibilit\u00e9 \u00e0 la compl\u00e9mentaire sant\u00e9 solidaire, l&rsquo;Assurance Maladie prend en compte l&rsquo;ensemble des ressources votre foyer. Ces ressources incluent notamment :<\/p>\n<ul>\n<li>Les salaires et tous revenus d&rsquo;activit\u00e9 professionnelle<\/li>\n<li aria-level=\"1\">Les aides financi\u00e8res (y compris les allocations et les dons d\u2019argent)<\/li>\n<li aria-level=\"1\">Les pensions alimentaires<\/li>\n<li aria-level=\"1\">Les ventes d\u2019objets dans un but commercial<\/li>\n<li aria-level=\"1\">Les gains aux jeux<\/li>\n<li aria-level=\"1\">Les allocations ch\u00f4mage<\/li>\n<li aria-level=\"1\">Les pensions de retraite<\/li>\n<li aria-level=\"1\">Les prestations sociales<\/li>\n<li aria-level=\"1\">Les autres revenus : revenus fonciers, revenus du capital, etc.<\/li>\n<\/ul>\n<h3>Le cas particulier des b\u00e9n\u00e9ficiaires de l\u2019APL, l\u2019ALS ou l\u2019ALF<\/h3>\n<p>Si vous \u00eates b\u00e9n\u00e9ficiaire d\u2019une aide au logement (comme l\u2019APL, l\u2019ALS, l\u2019ALF), un <strong>montant forfaitaire<\/strong> est ajout\u00e9 \u00e0 vos ressources pour d\u00e9terminer votre \u00e9ligibilit\u00e9 \u00e0 la C2S :<\/p>\n\n<div class=\"wpdt-c row wpDataTableContainerSimpleTable wpDataTables wpDataTablesWrapper\n\"\n    >\n    <table id=\"wpdtSimpleTable-5\"\n           class=\"wpdtSimpleTable wpDataTable\"\n           data-column=\"2\"\n           data-rows=\"4\"\n           data-wpID=\"5\"\n           data-responsive=\"0\"\n           data-has-header=\"1\">\n\n                    <thead>        <tr class=\"wpdt-cell-row \" >\n                            <th class=\"wpdt-cell wpdt-bc-F3F9FE wpdt-bold\"\n                                    data-cell-id=\"A1\"\n                data-col-index=\"0\"\n                data-row-index=\"0\"\n                style=\" width:48.571428571429%;                padding:10px;\"\n                >\n                                Composition du foyer                <\/th>\n                                            <th class=\"wpdt-cell wpdt-bc-F3F9FE wpdt-bold\"\n                                    data-cell-id=\"B1\"\n                data-col-index=\"1\"\n                data-row-index=\"0\"\n                style=\" width:51.428571428571%;                padding:10px;\"\n                >\n                                Forfait logement \u00e0 d\u00e9duire                <\/th>\n                                        <\/tr>\n                    <tbody>        <tr class=\"wpdt-cell-row \" >\n                            <td class=\"wpdt-cell \"\n                                    data-cell-id=\"A2\"\n                data-col-index=\"0\"\n                data-row-index=\"1\"\n                style=\"                padding:10px;\"\n                >\n                                1 personne                <\/td>\n                                            <td class=\"wpdt-cell \"\n                                    data-cell-id=\"B2\"\n                data-col-index=\"1\"\n                data-row-index=\"1\"\n                style=\"                padding:10px;\"\n                >\n                                78,2 \u20ac                <\/td>\n                                        <\/tr>\n                            <tr class=\"wpdt-cell-row \" >\n                            <td class=\"wpdt-cell \"\n                                    data-cell-id=\"A3\"\n                data-col-index=\"0\"\n                data-row-index=\"2\"\n                style=\"                padding:10px;\"\n                >\n                                2 personnes                <\/td>\n                                            <td class=\"wpdt-cell \"\n                                    data-cell-id=\"B3\"\n                data-col-index=\"1\"\n                data-row-index=\"2\"\n                style=\"                padding:10px;\"\n                >\n                                156,41 \u20ac                <\/td>\n                                        <\/tr>\n                            <tr class=\"wpdt-cell-row \" >\n                            <td class=\"wpdt-cell \"\n                                    data-cell-id=\"A4\"\n                data-col-index=\"0\"\n                data-row-index=\"3\"\n                style=\"                padding:10px;\"\n                >\n                                3 personnes ou plus                <\/td>\n                                            <td class=\"wpdt-cell \"\n                                    data-cell-id=\"B4\"\n                data-col-index=\"1\"\n                data-row-index=\"3\"\n                style=\"                padding:10px;\"\n                >\n                                193,55 \u20ac                <\/td>\n                                        <\/tr>\n                    <\/table>\n<\/div><style id='wpdt-custom-style-5'>\ntable#wpdtSimpleTable-5{ table-layout: fixed !important; }\n.wpdt-bc-F3F9FE { background-color: #F3F9FE !important;}\n<\/style>\n\n<h3>Le cas particulier des personnes h\u00e9berg\u00e9es gratuitement ou propri\u00e9taires de leur logement<\/h3>\n<p>Tout comme pour les b\u00e9n\u00e9ficiaires d\u2019une aide au logement, un montant forfaitaire est ajout\u00e9 \u00e0 vos ressources pour d\u00e9terminer votre \u00e9ligibilit\u00e9.<\/p>\n<h3>Le cas particulier des revenus de placement<\/h3>\n<p>Vous avez des revenus de placement soumis \u00e0 l&rsquo;imp\u00f4t sur le revenu, comme un compte \u00e9pargne, un livret d&rsquo;\u00e9pargne bancaire, un compte \u00e0 terme ou encore un PERP ? Ces revenus sont pris en compte, mais il s\u2019agira de ceux pr\u00e9sents sur votre dernier avis d&rsquo;imposition.<\/p>\n<h2>Quelles sont les ressources non prises en compte ?<\/h2>\n<p>Certaines ressources ne sont pas prises en compte pour la C2S :<\/p>\n<ul>\n<li aria-level=\"1\">Le revenu de solidarit\u00e9 active (RSA) et la prime d\u2019activit\u00e9.<\/li>\n<li aria-level=\"1\">Certaines prestations familiales : l&rsquo;Allocation d\u2019\u00c9ducation de l\u2019Enfant Handicap\u00e9 (AEEH), l&rsquo;allocation de rentr\u00e9e scolaire, l\u2019Allocation de base de la Prestation d\u2019Accueil du Jeune Enfant (APAJ), le compl\u00e9ment de libre choix du mode de garde, ainsi que l\u2019allocation vers\u00e9e en cas de d\u00e9c\u00e8s d\u2019un enfant.<\/li>\n<li aria-level=\"1\">Certaines prestations li\u00e9es \u00e0 la d\u00e9pendance : la Prestation Compl\u00e9mentaire pour Recours \u00e0 une Tierce Personne (PCRTP), les majorations pour tierce personne, la Prestation de Compensation du Handicap (PCH), l\u2019Allocation Compensatrice pour Tierce Personne (ACTP) et l\u2019Allocation Personnalis\u00e9e d\u2019Autonomie (APA).<\/li>\n<li aria-level=\"1\">Certaines prestations relatives \u00e0 la maladie ou \u00e0 la maternit\u00e9 : les indemnit\u00e9s compl\u00e9mentaires et allocations de remplacement pour non-salari\u00e9(e)s, le capital d\u00e9c\u00e8s vers\u00e9 par la s\u00e9curit\u00e9 sociale, ainsi que les sommes vers\u00e9es en cas de d\u00e9c\u00e8s par un r\u00e9gime d\u2019assurance ch\u00f4mage.<\/li>\n<li aria-level=\"1\">Les bourses d\u2019\u00e9tudes soumises \u00e0 conditions de ressources, les aides ponctuelles et secours financiers attribu\u00e9s par des organismes sociaux pour des d\u00e9penses li\u00e9es au logement, aux transports, \u00e0 l\u2019\u00e9ducation ou \u00e0 la formation, ainsi que les indemnit\u00e9s et allocations vers\u00e9es.<\/li>\n<li aria-level=\"1\">Les revenus du capital non imposables, tels que ceux provenant du livret A, du livret jeune ou du livret de d\u00e9veloppement durable.<\/li>\n<\/ul>\n<div class='cta-block'><div class='text'>Simulez toutes vos aides en 2 min. Gratuit.<\/div><a href='https:\/\/www.mes-allocs.fr\/ab-app?origin=guides\/wp-json\/wp\/v2\/posts\/62149' class='app-button fit'>Simulation gratuite<\/a><\/div>\n<h1>\u00c9ligibilit\u00e9 \u00e0 la C2S : quels sont les cas particuliers ?<\/h1>\n<h2>Les conditions pour les salari\u00e9s<\/h2>\n<p>Les salari\u00e9s peuvent b\u00e9n\u00e9ficier de la compl\u00e9mentaire sant\u00e9 solidaire dans les m\u00eames conditions que tout le monde. Ils peuvent m\u00eame demander \u00e0 b\u00e9n\u00e9ficier d\u2019une <b>dispense d\u2019adh\u00e9sion au contrat collectif obligatoire<\/b>, afin de ne pas multiplier les frais de compl\u00e9mentaire.<\/p>\n<h2>Les conditions pour les jeunes de moins de 25 ans<\/h2>\n<p>Les jeunes de moins de 25 ans peuvent b\u00e9n\u00e9ficier de la compl\u00e9mentaire sant\u00e9 solidaire dans les m\u00eames conditions que tout le monde. N\u00e9anmoins, si vos ressources d\u00e9passent les plafonds pour avoir acc\u00e8s \u00e0 la C2S gratuitement, votre cotisation mensuelle ne d\u00e9passera pas <b>8\u20ac \/ mois<\/b>.<\/p>\n<p>Attention, vous \u00eates encore \u00e0 la charge de vos parents, votre \u00e9ligibilit\u00e9 \u00e0 la C2S (ex-CMU-C) s&rsquo;appr\u00e9ciera dans le cadre d&rsquo;une demande familiale et donc au regard du foyer comprenant vos parents.<\/p>\n<h2>Les conditions pour les retrait\u00e9s, personnes \u00e2g\u00e9es et b\u00e9n\u00e9ficiaires de l\u2019ASI<\/h2>\n<p>Les retrait\u00e9s peuvent b\u00e9n\u00e9ficier de la C2S <b>sous r\u00e9serve de respecter les plafonds de ressources mentionn\u00e9s pr\u00e9c\u00e9demment.<\/b><\/p>\n<p>Attention toutefois, pour les b\u00e9n\u00e9ficiaires de l\u2019allocation de solidarit\u00e9 aux personnes \u00e2g\u00e9es (ASPA) ou de l\u2019allocation suppl\u00e9mentaire d\u2019invalidit\u00e9 (ASI), si vous et votre conjoint, concubin ou partenaire de pacte civil de solidarit\u00e9 (Pacs) n\u2019avez pas exerc\u00e9 d\u2019activit\u00e9 professionnelle au cours des 3 mois qui pr\u00e9c\u00e8dent votre demande de C2S, la compl\u00e9mentaire vous sera accord\u00e9e sous condition de r\u00e9gler la participation financi\u00e8re.<\/p>\n<h2>Les conditions pour les b\u00e9n\u00e9ficiaires du RSA<\/h2>\n<p>Les b\u00e9n\u00e9ficiaires du RSA ont syst\u00e9matiquement acc\u00e8s \u00e0 la compl\u00e9mentaire sant\u00e9 solidaire, et ce de mani\u00e8re totalement gratuite. En effet, ce sont les seuls pour qui l\u2019aide est <strong>automatiquement gratuite<\/strong>. Si vous \u00eates b\u00e9n\u00e9ficiaire du RSA et que vous ne disposez pas de la C2S, vous pouvez faire une demande sur le site Ameli, par courrier ou aupr\u00e8s d&rsquo;un conseiller Mes Allocs.<\/p>\n<p><iframe loading=\"lazy\" title=\"La compl\u00e9mentaire sant\u00e9 solidaire\" width=\"500\" height=\"281\" src=\"https:\/\/www.youtube.com\/embed\/lH14Zho-tx4?feature=oembed\" frameborder=\"0\" allow=\"accelerometer; autoplay; clipboard-write; encrypted-media; gyroscope; picture-in-picture; web-share\" referrerpolicy=\"strict-origin-when-cross-origin\" allowfullscreen><\/iframe><\/p>\n<h1>\u00c2ge des b\u00e9n\u00e9ficiaires de la C2S : quel impact sur le montant de la compl\u00e9mentaire ?<\/h1>\n<p>Pour b\u00e9n\u00e9ficiaire de la C2S (ou CSS),<strong> aucune condition d\u2019\u00e2ge n\u2019est requise<\/strong>. L\u2019aide est attribu\u00e9e gratuitement, si les ressources ne d\u00e9passent pas les plafonds. Ou moyennant des frais de cotisations mensuelles, si les ressources d\u00e9passent les plafonds. Dans le cas o\u00f9 la C2S est accord\u00e9e de mani\u00e8re payante, vous devez savoir que l\u2019\u00e2ge des diff\u00e9rents membres de votre foyer impact le montant total de la cotisation \u00e0 payer chaque mois.<\/p>\n<p>Voici un tableau r\u00e9capitulatif du montant de la cotisation mensuelle en fonction de l\u2019\u00e2ge :<\/p>\n\n<div class=\"wpdt-c row wpDataTableContainerSimpleTable wpDataTables wpDataTablesWrapper\n\"\n    >\n    <table id=\"wpdtSimpleTable-159\"\n           class=\"wpdtSimpleTable wpDataTable\"\n           data-column=\"2\"\n           data-rows=\"6\"\n           data-wpID=\"159\"\n           data-responsive=\"0\"\n           data-has-header=\"1\">\n\n                    <thead>        <tr class=\"wpdt-cell-row \" >\n                            <th class=\"wpdt-cell wpdt-bold\"\n                                    data-cell-id=\"A1\"\n                data-col-index=\"0\"\n                data-row-index=\"0\"\n                style=\" width:52.480417754569%;                padding:10px;\"\n                >\n                                \u00c2ge au 1er janvier de l'ann\u00e9e d'attribution de la C2S (ex-CMU-C)                <\/th>\n                                            <th class=\"wpdt-cell wpdt-bold\"\n                                    data-cell-id=\"B1\"\n                data-col-index=\"1\"\n                data-row-index=\"0\"\n                style=\" width:47.519582245431%;                padding:10px;\"\n                >\n                                Montant mensuel de la participation financi\u00e8re                <\/th>\n                                        <\/tr>\n                    <tbody>        <tr class=\"wpdt-cell-row \" >\n                            <td class=\"wpdt-cell wpdt-bold\"\n                                    data-cell-id=\"A2\"\n                data-col-index=\"0\"\n                data-row-index=\"1\"\n                style=\"                padding:10px;\"\n                >\n                                Vous avez 30 ans ou moins ?                <\/td>\n                                            <td class=\"wpdt-cell \"\n                                    data-cell-id=\"B2\"\n                data-col-index=\"1\"\n                data-row-index=\"1\"\n                style=\"                padding:10px;\"\n                >\n                                8 \u20ac                <\/td>\n                                        <\/tr>\n                            <tr class=\"wpdt-cell-row \" >\n                            <td class=\"wpdt-cell wpdt-bold\"\n                                    data-cell-id=\"A3\"\n                data-col-index=\"0\"\n                data-row-index=\"2\"\n                style=\"                padding:10px;\"\n                >\n                                Vous avez entre 30 et 49 ans ?                <\/td>\n                                            <td class=\"wpdt-cell \"\n                                    data-cell-id=\"B3\"\n                data-col-index=\"1\"\n                data-row-index=\"2\"\n                style=\"                padding:10px;\"\n                >\n                                14 \u20ac                <\/td>\n                                        <\/tr>\n                            <tr class=\"wpdt-cell-row \" >\n                            <td class=\"wpdt-cell wpdt-bold\"\n                                    data-cell-id=\"A4\"\n                data-col-index=\"0\"\n                data-row-index=\"3\"\n                style=\"                padding:10px;\"\n                >\n                                Vous avez entre 50 et 59 ans ?                <\/td>\n                                            <td class=\"wpdt-cell \"\n                                    data-cell-id=\"B4\"\n                data-col-index=\"1\"\n                data-row-index=\"3\"\n                style=\"                padding:10px;\"\n                >\n                                21 \u20ac                <\/td>\n                                        <\/tr>\n                            <tr class=\"wpdt-cell-row \" >\n                            <td class=\"wpdt-cell wpdt-bold\"\n                                    data-cell-id=\"A5\"\n                data-col-index=\"0\"\n                data-row-index=\"4\"\n                style=\"                padding:10px;\"\n                >\n                                Assur\u00e9 \u00e2g\u00e9 de 60 et 69 ans ?                <\/td>\n                                            <td class=\"wpdt-cell \"\n                                    data-cell-id=\"B5\"\n                data-col-index=\"1\"\n                data-row-index=\"4\"\n                style=\"                padding:10px;\"\n                >\n                                25 \u20ac                <\/td>\n                                        <\/tr>\n                            <tr class=\"wpdt-cell-row \" >\n                            <td class=\"wpdt-cell wpdt-bold\"\n                                    data-cell-id=\"A6\"\n                data-col-index=\"0\"\n                data-row-index=\"5\"\n                style=\"                padding:10px;\"\n                >\n                                Vous avez 70 ans ou plus ?                <\/td>\n                                            <td class=\"wpdt-cell \"\n                                    data-cell-id=\"B6\"\n                data-col-index=\"1\"\n                data-row-index=\"5\"\n                style=\"                padding:10px;\"\n                >\n                                30 \u20ac                <\/td>\n                                        <\/tr>\n                    <\/table>\n<\/div><style id='wpdt-custom-style-159'>\ntable#wpdtSimpleTable-159{ table-layout: fixed !important; }\n<\/style>\n\n<p>De plus, vous devez savoir que si plusieurs personnes composent votre foyer, \u00e9tant toutes couvertes par la C2S, les cotisations correspondant \u00e0 l\u2019\u00e2ge de chacun seront additionn\u00e9es pour aboutir \u00e0 une cotisation totale.<\/p>\n<h1>Comment savoir si vous pouvez b\u00e9n\u00e9ficier de la compl\u00e9mentaire sant\u00e9 solidaire (ex-CMU-C) ?<\/h1>\n<h2>\u00c9tape 1 : V\u00e9rifiez que vous respecter les conditions d\u2019\u00e9ligibilit\u00e9<\/h2>\n<p>C\u2019est en effet la premi\u00e8re \u00e9tape \u00e0 effectuer. Avant de vous lancer dans des d\u00e9marches de demande d\u2019aide, nous vous conseillons de regarder pr\u00e9cis\u00e9ment quelles conditions vous devez remplir pour \u00eatre \u00e9ligible \u00e0 la C2S. Cela vous \u00e9vitera de perdre du temps dans des d\u00e9marches administratives fastidieuses dans le cas o\u00f9 vous ne feriez pas partie des personnes \u00e9ligibles.<\/p>\n<h2>\u00c9tape 2 : Simulez vos droits \u00e0 la compl\u00e9mentaire sant\u00e9 solidaire<\/h2>\n<p>Une fois que vous avez pris connaissance des crit\u00e8res \u00e0 remplir, nous vous conseillons de faire une <a href=\"https:\/\/www.mes-allocs.fr\/guides\/aides-sante\/complementaire-sante-solidaire\/simulation-complementaire-sante-solidaire\/\">simulation de compl\u00e9mentaire sant\u00e9 solidaire<\/a> directement en ligne. Le simulateur que vous propose <b>Mes Allocs<\/b> vous permet non seulement de savoir si vous \u00eates \u00e9ligible \u00e0 la C2S, mais analyse \u00e9galement vos droits \u00e0 de nombreuses autres aides financi\u00e8res.<\/p>\n<p>\u00c0 la fin de la simulation, vous d\u00e9couvrez si vous remplissez les conditions requises et si vous pouvez b\u00e9n\u00e9ficier de la C2S gratuitement.<\/p>\n<div class='cta-block'><div class='text'>Simulez toutes vos aides en 2 min. Gratuit.<\/div><a href='https:\/\/www.mes-allocs.fr\/ab-app?origin=guides\/wp-json\/wp\/v2\/posts\/62149' class='app-button fit'>Simulation gratuite<\/a><\/div>\n<h2>\u00c9tape 3 : R\u00e9alisez votre demande d\u2019aide<\/h2>\n<p>\u00c0 la fin de la simulation, si le r\u00e9sultat vous indique que vous \u00eates \u00e9ligible, il ne vous reste plus qu\u2019\u00e0 faire votre <a href=\"https:\/\/www.mes-allocs.fr\/guides\/aides-sante\/complementaire-sante-solidaire\/demande-complementaire-sante-solidaire\/\">demande de C2S<\/a>. La d\u00e9marche peut \u00eatre effectu\u00e9e en ligne ou par courrier. En cas de difficult\u00e9 ou par manque de temps, vous pouvez aussi confier la t\u00e2che \u00e0 un conseiller Mes Allocs qui se chargera de vos d\u00e9marches de A \u00e0 Z.<\/p>\n<div class='shortcode summary'><div class='title'>En r\u00e9sum\u00e9 :<\/div><div class='content'><ul><li>Pour \u00eatre \u00e9ligible \u00e0 la compl\u00e9mentaire sant\u00e9 solidaire (ex-CMU-C), vous devez <strong>r\u00e9sider en France depuis plus de 3 mois<\/strong> (sauf cas particuliers) et <strong>ne pas d\u00e9passer les plafonds de revenus<\/strong>.<\/li><li>Les plafonds de revenus ont \u00e9t\u00e9 r\u00e9ajust\u00e9s au <strong>1er avril 2026<\/strong>\u00a0et d\u00e9pendent de votre lieu de r\u00e9sidence : m\u00e9tropole ou Outre-Mer. <\/li><li>Les revenus pris en compte sont ceux sur une p\u00e9riode de 12 mois.<\/li><li>Les <strong>b\u00e9n\u00e9ficiaires du RSA<\/strong> sont automatiquement \u00e9ligibles \u00e0 la C2S gratuite.<\/li><li>Votre \u00e2ge n&rsquo;est pas un crit\u00e8re d\u00e9terminant pour votre \u00e9ligibilit\u00e9 \u00e0 la C2S, mais il impact le montant de vos \u00e9ventuelles cotisations mensuelles. <\/li><li> La <strong>simulation en ligne<\/strong> reste le moyen le plus s\u00fbr pour v\u00e9rifier vos droits \u00e0 la compl\u00e9mentaire sant\u00e9 solidaire.<\/li><\/ul><\/div><\/div>\n","protected":false},"excerpt":{"rendered":"<p>[Mis \u00e0 jour le 10\/04\/2026] La compl\u00e9mentaire sant\u00e9 solidaire (ex-CMU-C) est une aide \u00e0 la sant\u00e9 pour payer vos d\u00e9penses de sant\u00e9. Elle s\u2019adresse principalement aux personnes ayant des ressources modestes. Mais d\u2019autres conditions sont \u00e0 remplir, notamment relatives \u00e0 votre lieu de r\u00e9sidence. Dans cet article, Mes Allocs vous pr\u00e9sente les conditions d\u2019\u00e9ligibilit\u00e9 \u00e0 [&hellip;]<\/p>\n","protected":false},"author":24,"featured_media":62152,"comment_status":"closed","ping_status":"open","sticky":false,"template":"","format":"standard","meta":{"amp_status":"","footnotes":""},"categories":[24,28588],"tags":[],"class_list":["post-62149","post","type-post","status-publish","format-standard","has-post-thumbnail","hentry","category-aides-sante","category-complementaire-sante-solidaire"],"yoast_head":"<!-- This site is optimized with the Yoast SEO plugin v14.9 - https:\/\/yoast.com\/wordpress\/plugins\/seo\/ -->\n<title>Quelles conditions pour b\u00e9n\u00e9ficier de la C2S (ex CMU-C) ? | Mes-Allocs.fr<\/title>\n<meta name=\"description\" content=\"La Compl\u00e9mentaire Sant\u00e9 Solidaire (ex-CMU-C) est une aide pour financer vos d\u00e9penses de sant\u00e9. Des conditions de ressources sont \u00e0 respecter.\" \/>\n<meta name=\"robots\" content=\"index, follow, max-snippet:-1, max-image-preview:large, max-video-preview:-1\" \/>\n<link rel=\"canonical\" href=\"https:\/\/www.mes-allocs.fr\/guides\/aides-sante\/complementaire-sante-solidaire\/complementaire-sante-solidaire-conditions\/\" \/>\n<meta property=\"og:locale\" content=\"fr_FR\" \/>\n<meta property=\"og:type\" content=\"article\" \/>\n<meta property=\"og:title\" content=\"Quelles conditions pour b\u00e9n\u00e9ficier de la C2S (ex CMU-C) ? | Mes-Allocs.fr\" \/>\n<meta property=\"og:description\" content=\"La Compl\u00e9mentaire Sant\u00e9 Solidaire (ex-CMU-C) est une aide pour financer vos d\u00e9penses de sant\u00e9. Des conditions de ressources sont \u00e0 respecter.\" \/>\n<meta property=\"og:url\" content=\"https:\/\/www.mes-allocs.fr\/guides\/aides-sante\/complementaire-sante-solidaire\/complementaire-sante-solidaire-conditions\/\" \/>\n<meta property=\"og:site_name\" content=\"Mes-Allocs.fr\" \/>\n<meta property=\"article:published_time\" content=\"2023-02-28T09:28:04+00:00\" \/>\n<meta property=\"article:modified_time\" content=\"2026-04-14T15:52:17+00:00\" \/>\n<meta property=\"og:image\" content=\"https:\/\/www.mes-allocs.fr\/guides\/wp-content\/uploads\/2023\/02\/doctor-gacfdb0886_1920.jpg?wsr\" \/>\n\t<meta property=\"og:image:width\" content=\"1920\" \/>\n\t<meta property=\"og:image:height\" content=\"1280\" \/>\n<meta name=\"twitter:card\" content=\"summary_large_image\" \/>\n<script type=\"application\/ld+json\" class=\"yoast-schema-graph\">{\"@context\":\"https:\/\/schema.org\",\"@graph\":[{\"@type\":\"WebSite\",\"@id\":\"https:\/\/www.mes-allocs.fr\/guides\/#website\",\"url\":\"https:\/\/www.mes-allocs.fr\/guides\/\",\"name\":\"Mes-Allocs.fr\",\"description\":\"\",\"potentialAction\":[{\"@type\":\"SearchAction\",\"target\":\"https:\/\/www.mes-allocs.fr\/guides\/?s={search_term_string}\",\"query-input\":\"required name=search_term_string\"}],\"inLanguage\":\"fr-FR\"},{\"@type\":\"ImageObject\",\"@id\":\"https:\/\/www.mes-allocs.fr\/guides\/aides-sante\/complementaire-sante-solidaire\/complementaire-sante-solidaire-conditions\/#primaryimage\",\"inLanguage\":\"fr-FR\",\"url\":\"https:\/\/www.mes-allocs.fr\/guides\/wp-content\/uploads\/2023\/02\/doctor-gacfdb0886_1920.jpg?wsr\",\"width\":1920,\"height\":1280,\"caption\":\"complementaire sante solidaire formulaire\"},{\"@type\":\"WebPage\",\"@id\":\"https:\/\/www.mes-allocs.fr\/guides\/aides-sante\/complementaire-sante-solidaire\/complementaire-sante-solidaire-conditions\/#webpage\",\"url\":\"https:\/\/www.mes-allocs.fr\/guides\/aides-sante\/complementaire-sante-solidaire\/complementaire-sante-solidaire-conditions\/\",\"name\":\"Quelles conditions pour b\\u00e9n\\u00e9ficier de la C2S (ex CMU-C) ? | Mes-Allocs.fr\",\"isPartOf\":{\"@id\":\"https:\/\/www.mes-allocs.fr\/guides\/#website\"},\"primaryImageOfPage\":{\"@id\":\"https:\/\/www.mes-allocs.fr\/guides\/aides-sante\/complementaire-sante-solidaire\/complementaire-sante-solidaire-conditions\/#primaryimage\"},\"datePublished\":\"2023-02-28T09:28:04+00:00\",\"dateModified\":\"2026-04-14T15:52:17+00:00\",\"author\":{\"@id\":\"https:\/\/www.mes-allocs.fr\/guides\/#\/schema\/person\/99515cce9c88676c012398dee5d9e95a\"},\"description\":\"La Compl\\u00e9mentaire Sant\\u00e9 Solidaire (ex-CMU-C) est une aide pour financer vos d\\u00e9penses de sant\\u00e9. Des conditions de ressources sont \\u00e0 respecter.\",\"inLanguage\":\"fr-FR\"},{\"@type\":\"Person\",\"@id\":\"https:\/\/www.mes-allocs.fr\/guides\/#\/schema\/person\/99515cce9c88676c012398dee5d9e95a\",\"name\":\"Clo\\u00e9 Giroudi\\u00e8re\",\"image\":{\"@type\":\"ImageObject\",\"@id\":\"https:\/\/www.mes-allocs.fr\/guides\/#personlogo\",\"inLanguage\":\"fr-FR\",\"url\":\"https:\/\/www.mes-allocs.fr\/guides\/wp-content\/uploads\/2023\/01\/245034208_406012077598379_7451500537271173379_n-150x150.jpg\",\"caption\":\"Clo\\u00e9 Giroudi\\u00e8re\"},\"description\":\"Clo\\u00e9 est r\\u00e9dactrice sp\\u00e9cialis\\u00e9 sur les sujets juridiques et sociaux. Elle rejoint Mes Allocs apr\\u00e8s une premi\\u00e8re exp\\u00e9rience en journalisme. Elle est dipl\\u00f4m\\u00e9e de l'ISFJ et d'une licence de droit de l'universit\\u00e9 Lumi\\u00e8re Lyon II.\",\"sameAs\":[\"https:\/\/www.linkedin.com\/in\/clo\\u00e9-giroudi\\u00e8re-461a14244\/\"]}]}<\/script>\n<!-- \/ Yoast SEO plugin. -->","amp_validity":null,"acf":{"faq":{"1":{"question":"Quels sont les crit\u00e8res pour b\u00e9n\u00e9ficier de la CMU ?","answer":"Pour b\u00e9n\u00e9ficier de la compl\u00e9mentaire sant\u00e9 solidaire gratuitement, vos revenus annuels doivent \u00eatre inf\u00e9rieurs \u00e0 10 421\u20ac en 2026 (plafonds pour une personne seule). Vous devez \u00e9galement respecter des conditions de r\u00e9sidence en France. "},"2":{"question":"Qui a le droit de la CMU ?","answer":"Les m\u00e9nages aux ressources modestes et r\u00e9sidant en France depuis plus de 3 mois de mani\u00e8re continue peuvent b\u00e9n\u00e9ficier de la compl\u00e9mentaire sant\u00e9 solidaire (ex-CMU-C). Les plafonds de ressources sont d\u00e9finis selon le nombre de personnes pr\u00e9sentes dans le foyer. "},"3":{"question":"Quels sont les revenus pour avoir droit \u00e0 la CMU 2026 ?","answer":"En 2026, les plafonds de ressources de la CSS (ex-CMU-C) d\u00e9pendent du nombre de personnes dans le foyer. En effet, une personne seule doit gagner moins de 10 421\u20ac par an pour en b\u00e9n\u00e9ficier. Une foyer compos\u00e9 de 2 personnes, 15 632 \u20ac. Un foyer compos\u00e9 de 3 personnes 18 758 \u20ac. Et un foyer compos\u00e9 de 4 personnes 21 885 \u20ac."},"4":{"question":"Comment savoir si on n'a le droit \u00e0 la CMU ?","answer":"Le simulateur Mes Allocs vous permet de savoir en 2 minutes si vous \u00eates \u00e9ligible \u00e0 la C2S (ex-CMU-C). C'est gratuit et sans engagement. "},"5":{"question":"Puis-je avoir la CMU si je travaille ?","answer":"Oui, vous pouvez tout \u00e0 fait cumuler une activit\u00e9 professionnelle avec des droits \u00e0 la compl\u00e9mentaire sant\u00e9 solidaire. "},"6":{"question":"Qui n'a pas le droit \u00e0 la CMU ?","answer":"Les personnes qui ne r\u00e9sident pas en France de mani\u00e8re r\u00e9guli\u00e8re (donc en situation irr\u00e9guli\u00e8re) ne peuvent pas \u00eatre \u00e9ligibles \u00e0 la C2S (ex-CMU-C). "},"7":{"question":"","answer":""},"8":{"question":"","answer":""},"9":{"question":"","answer":""},"10":{"question":"","answer":""},"11":{"question":"","answer":""},"12":{"question":"","answer":""},"13":{"question":"","answer":""},"14":{"question":"","answer":""},"15":{"question":"","answer":""},"16":{"question":"","answer":""}}},"_links":{"self":[{"href":"https:\/\/www.mes-allocs.fr\/guides\/wp-json\/wp\/v2\/posts\/62149","targetHints":{"allow":["GET"]}}],"collection":[{"href":"https:\/\/www.mes-allocs.fr\/guides\/wp-json\/wp\/v2\/posts"}],"about":[{"href":"https:\/\/www.mes-allocs.fr\/guides\/wp-json\/wp\/v2\/types\/post"}],"author":[{"embeddable":true,"href":"https:\/\/www.mes-allocs.fr\/guides\/wp-json\/wp\/v2\/users\/24"}],"replies":[{"embeddable":true,"href":"https:\/\/www.mes-allocs.fr\/guides\/wp-json\/wp\/v2\/comments?post=62149"}],"version-history":[{"count":21,"href":"https:\/\/www.mes-allocs.fr\/guides\/wp-json\/wp\/v2\/posts\/62149\/revisions"}],"predecessor-version":[{"id":112097,"href":"https:\/\/www.mes-allocs.fr\/guides\/wp-json\/wp\/v2\/posts\/62149\/revisions\/112097"}],"wp:featuredmedia":[{"embeddable":true,"href":"https:\/\/www.mes-allocs.fr\/guides\/wp-json\/wp\/v2\/media\/62152"}],"wp:attachment":[{"href":"https:\/\/www.mes-allocs.fr\/guides\/wp-json\/wp\/v2\/media?parent=62149"}],"wp:term":[{"taxonomy":"category","embeddable":true,"href":"https:\/\/www.mes-allocs.fr\/guides\/wp-json\/wp\/v2\/categories?post=62149"},{"taxonomy":"post_tag","embeddable":true,"href":"https:\/\/www.mes-allocs.fr\/guides\/wp-json\/wp\/v2\/tags?post=62149"}],"curies":[{"name":"wp","href":"https:\/\/api.w.org\/{rel}","templated":true}]}}