{"id":62085,"date":"2023-02-27T15:51:54","date_gmt":"2023-02-27T13:51:54","guid":{"rendered":"https:\/\/www.mes-allocs.fr\/guides\/?p=62085"},"modified":"2026-01-12T10:26:24","modified_gmt":"2026-01-12T09:26:24","slug":"aide-au-retour-apres-hospitalisation","status":"publish","type":"post","link":"https:\/\/www.mes-allocs.fr\/guides\/aides-sante\/aide-au-retour-apres-hospitalisation\/","title":{"rendered":"Aide au retour apr\u00e8s hospitalisation (ARDH) : conditions, montant, d\u00e9marches"},"content":{"rendered":"<p><img loading=\"lazy\" decoding=\"async\" class=\"alignnone wp-image-62086 size-full\" title=\"aide au retour apr\u00e8s hospitalisation\" src=\"https:\/\/www.mes-allocs.fr\/guides\/wp-content\/uploads\/2023\/02\/kidney-gdc36fe2a6_1920-e1677504907975.jpg\" alt=\"aide au retour apr\u00e8s hospitalisation\" width=\"1920\" height=\"240\" srcset=\"https:\/\/www.mes-allocs.fr\/guides\/wp-content\/uploads\/2023\/02\/kidney-gdc36fe2a6_1920-e1677504907975.jpg 1920w, https:\/\/www.mes-allocs.fr\/guides\/wp-content\/uploads\/2023\/02\/kidney-gdc36fe2a6_1920-e1677504907975-300x38.jpg 300w, https:\/\/www.mes-allocs.fr\/guides\/wp-content\/uploads\/2023\/02\/kidney-gdc36fe2a6_1920-e1677504907975-1024x128.jpg 1024w, https:\/\/www.mes-allocs.fr\/guides\/wp-content\/uploads\/2023\/02\/kidney-gdc36fe2a6_1920-e1677504907975-768x96.jpg 768w, https:\/\/www.mes-allocs.fr\/guides\/wp-content\/uploads\/2023\/02\/kidney-gdc36fe2a6_1920-e1677504907975-1536x192.jpg 1536w, https:\/\/www.mes-allocs.fr\/guides\/wp-content\/uploads\/2023\/02\/kidney-gdc36fe2a6_1920-e1677504907975-600x75.jpg 600w\" sizes=\"auto, (max-width: 1920px) 100vw, 1920px\" \/><\/p>\n<p><strong>L\u2019ARDH favorise le retour \u00e0 domicile des patients suite \u00e0 une hospitalisation. Cette prestation est financ\u00e9e par l\u2019Etat sous conditions d\u2019\u00e2ge et de ressources. Elle peut \u00eatre b\u00e9n\u00e9fique \u00e0 ceux qui ont besoin <\/strong><strong>d\u2019<a href=\"https:\/\/www.mes-allocs.fr\/guides\/aides-sante\">aides particuli\u00e8res<\/a><\/strong><strong> d\u00e8s la sortie d\u2019h\u00f4pital. Conditions, montant, d\u00e9marches\u2026 Mes Allocs vous explique tout dans cet article. <\/strong><\/p>\n<div class='cta-block'><div class='text'>Simulez toutes vos aides en 2 min.<\/div><a href='https:\/\/www.mes-allocs.fr\/ab-app?origin=guides\/wp-json\/wp\/v2\/posts\/62085' class='app-button fit'>Simulation gratuite<\/a><\/div>\n<h1>Quelles sont les conditions pour b\u00e9n\u00e9ficier de l\u2019ARDH ?<\/h1>\n<p>Pour \u00e9viter une nouvelle hospitalisation ou l\u2019aggravation de l\u2019\u00e9tat de sant\u00e9 en sortant de l\u2019h\u00f4pital,<strong>\u00a0<\/strong><strong>l\u2019ARDH accompagne les personnes le temps qu\u2019elle se r\u00e9adapte progressivement chez elle<\/strong>. Cependant, il faut respecter certaines conditions pour l\u2019obtenir.<\/p>\n<h2>Les conditions li\u00e9es \u00e0 votre situation<\/h2>\n<p>L\u2019Aide au Retour \u00e0 Domicile apr\u00e8s Hospitalisation ARDH <strong>s\u2019adresse aux personnes \u00e2g\u00e9es sortant d\u2019une hospitalisation<\/strong>, en particulier celles ayant b\u00e9n\u00e9fici\u00e9 d\u2019une intervention. Pour en b\u00e9n\u00e9ficier, il faut remplir certaines conditions, \u00e0 savoir\u00a0:<\/p>\n<ul>\n<li>Vous avez <strong>au moins 55 ans<\/strong><\/li>\n<li>Vous avez un niveau d\u2019autonomie GIR 5 ou GIR 6<\/li>\n<li>Vous \u00eates affili\u00e9 au r\u00e9gime g\u00e9n\u00e9ral de la S\u00e9curit\u00e9 sociale ou certains r\u00e9gimes sp\u00e9ciaux tels que :\n<ul>\n<li>Les retrait\u00e9s du secteur priv\u00e9 qui cotisent \u00e0 la <strong style=\"font-style: inherit;\">CNAV<\/strong>\u00a0(Caisse Nationale d\u2019Assurance Vieillesse) et ses caisses r\u00e9gionales, les CAR-SAT (Caisse d\u2019Assurance Retraite et de la Sant\u00e9 Au Travail)<\/li>\n<li>Les retrait\u00e9s du r\u00e9gime g\u00e9n\u00e9ral agricole affili\u00e9s \u00e0 la MSA<\/li>\n<li>La s\u00e9curit\u00e9 sociale des ind\u00e9pendants<\/li>\n<\/ul>\n<\/li>\n<\/ul>\n<p>La loi n\u2019oblige pas d\u2019\u00eatre retrait\u00e9 pour percevoir l\u2019aide. Pour rappel, voici la <strong>grille Aggir<\/strong> qui permet de mesurer le degr\u00e9 de perte d\u2019autonomie\u00a0de chacun :<\/p>\n\n<div class=\"wpdt-c row wpDataTableContainerSimpleTable wpDataTables wpDataTablesWrapper\n\"\n    >\n    <table id=\"wpdtSimpleTable-156\"\n           class=\"wpdtSimpleTable wpDataTable\"\n           data-column=\"2\"\n           data-rows=\"7\"\n           data-wpID=\"156\"\n           data-responsive=\"0\"\n           data-has-header=\"1\">\n\n                    <thead>        <tr class=\"wpdt-cell-row \" >\n                            <th class=\"wpdt-cell wpdt-bold\"\n                                    data-cell-id=\"A1\"\n                data-col-index=\"0\"\n                data-row-index=\"0\"\n                style=\" width:25.839793281654%;                padding:10px;\"\n                >\n                                GIR                <\/th>\n                                            <th class=\"wpdt-cell wpdt-bold\"\n                                    data-cell-id=\"B1\"\n                data-col-index=\"1\"\n                data-row-index=\"0\"\n                style=\" width:74.160206718346%;                padding:10px;\"\n                >\n                                Evaluation de la d\u00e9pendance                <\/th>\n                                        <\/tr>\n                    <tbody>        <tr class=\"wpdt-cell-row \" >\n                            <td class=\"wpdt-cell \"\n                                    data-cell-id=\"A2\"\n                data-col-index=\"0\"\n                data-row-index=\"1\"\n                style=\"                padding:10px;\"\n                >\n                                1                <\/td>\n                                            <td class=\"wpdt-cell \"\n                                    data-cell-id=\"B2\"\n                data-col-index=\"1\"\n                data-row-index=\"1\"\n                style=\"                padding:10px;\"\n                >\n                                Personne alit\u00e9e ou en fauteuil, dont les fonctions mentales sont s\u00e9v\u00e8rement alt\u00e9r\u00e9es et qui n\u00e9cessite une pr\u00e9sence indispensable de personnels\u00a0                <\/td>\n                                        <\/tr>\n                            <tr class=\"wpdt-cell-row \" >\n                            <td class=\"wpdt-cell wpdt-bold\"\n                                    data-cell-id=\"A3\"\n                data-col-index=\"0\"\n                data-row-index=\"2\"\n                style=\"                padding:10px;\"\n                >\n                                2                <\/td>\n                                            <td class=\"wpdt-cell \"\n                                    data-cell-id=\"B3\"\n                data-col-index=\"1\"\n                data-row-index=\"2\"\n                style=\"                padding:10px;\"\n                >\n                                Personne alit\u00e9e ou en fauteuil, dont les fonctions mentales ne sont pas totalement alt\u00e9r\u00e9es mais qui n\u00e9cessite une surveillance permanente                <\/td>\n                                        <\/tr>\n                            <tr class=\"wpdt-cell-row \" >\n                            <td class=\"wpdt-cell wpdt-bold\"\n                                    data-cell-id=\"A4\"\n                data-col-index=\"0\"\n                data-row-index=\"3\"\n                style=\"                padding:10px;\"\n                >\n                                3                <\/td>\n                                            <td class=\"wpdt-cell \"\n                                    data-cell-id=\"B4\"\n                data-col-index=\"1\"\n                data-row-index=\"3\"\n                style=\"                padding:10px;\"\n                >\n                                Personne ayant conserv\u00e9 son autonomie mentale, une partie de son autonomie locomotrice, mais qui a besoin quotidiennement\u00a0 d\u2019une aide pour les soins corporels                <\/td>\n                                        <\/tr>\n                            <tr class=\"wpdt-cell-row \" >\n                            <td class=\"wpdt-cell wpdt-bold\"\n                                    data-cell-id=\"A5\"\n                data-col-index=\"0\"\n                data-row-index=\"4\"\n                style=\"                padding:10px;\"\n                >\n                                4                <\/td>\n                                            <td class=\"wpdt-cell \"\n                                    data-cell-id=\"B5\"\n                data-col-index=\"1\"\n                data-row-index=\"4\"\n                style=\"                padding:10px;\"\n                >\n                                Personne n\u2019assumant pas seule sa motricit\u00e9 et qui doit \u00eatre aid\u00e9e pour les soins corporels et les repas                <\/td>\n                                        <\/tr>\n                            <tr class=\"wpdt-cell-row \" >\n                            <td class=\"wpdt-cell wpdt-bold\"\n                                    data-cell-id=\"A6\"\n                data-col-index=\"0\"\n                data-row-index=\"5\"\n                style=\"                padding:10px;\"\n                >\n                                5                <\/td>\n                                            <td class=\"wpdt-cell \"\n                                    data-cell-id=\"B6\"\n                data-col-index=\"1\"\n                data-row-index=\"5\"\n                style=\"                padding:10px;\"\n                >\n                                Personne ayant besoin d\u2019une aide ponctuelle pour la toilette, la pr\u00e9paration des repas et le m\u00e9nage                <\/td>\n                                        <\/tr>\n                            <tr class=\"wpdt-cell-row \" >\n                            <td class=\"wpdt-cell wpdt-bold\"\n                                    data-cell-id=\"A7\"\n                data-col-index=\"0\"\n                data-row-index=\"6\"\n                style=\"                padding:10px;\"\n                >\n                                6                <\/td>\n                                            <td class=\"wpdt-cell \"\n                                    data-cell-id=\"B7\"\n                data-col-index=\"1\"\n                data-row-index=\"6\"\n                style=\"                padding:10px;\"\n                >\n                                Personne autonome pour les actes essentiels de la vie courante                <\/td>\n                                        <\/tr>\n                    <\/table>\n<\/div><style id='wpdt-custom-style-156'>\ntable#wpdtSimpleTable-156{ table-layout: fixed !important; }\n<\/style>\n\n<h2>Les conditions li\u00e9es \u00e0 vos ressources<\/h2>\n<p>Une \u00e9valuation de vos ressources est faite pour d\u00e9terminer votre \u00e9ligibilit\u00e9 \u00e0 l\u2019ARDH. Si vous vivez en couple, les ressources de votre conjoint seront \u00e9galement comptabilis\u00e9es. Ainsi, vous devez respecter les conditions suivantes\u00a0:<\/p>\n<ul>\n<li>Vous ne b\u00e9n\u00e9ficiez pas <strong>d\u2019une prise en charge<\/strong> par un autre dispositif d\u2019action sociale ou d\u2019une prise en charge de la mutuelle<\/li>\n<li>Vous ne b\u00e9n\u00e9ficiez pas de l\u2019accueil familial et vous ne r\u00e9sidez pas en foyer logement<\/li>\n<li>Vous remplissez les conditions li\u00e9es \u00e0 votre situation personnelle<\/li>\n<\/ul>\n<p>L\u2019ARDH est vers\u00e9e aux b\u00e9n\u00e9ficiaires qui remplissent ces conditions, quelles que soient leurs ressources annuelles. N\u00e9anmoins, il faut disposer de revenus suffisants afin de ne pas percevoir l\u2019aide sociale du d\u00e9partement.<\/p>\n<div class='cta-block'><div class='text'>Simulez toutes vos aides en 2 min.<\/div><a href='https:\/\/www.mes-allocs.fr\/ab-app?origin=guides\/wp-json\/wp\/v2\/posts\/62085' class='app-button fit'>Simulation gratuite<\/a><\/div>\n<h1>Quelles sont les prestations sociales prises en charge par l\u2019ARDH ?<\/h1>\n<h2>Les aides sociales de l&rsquo;ARDH<\/h2>\n<p>L\u2019aide au retour apr\u00e8s hospitalisation facilite votre retour \u00e0 domicile gr\u00e2ce \u00e0 <strong>un ensemble de services socials<\/strong>, tels que\u00a0:<\/p>\n<ul>\n<li>L\u2019aide \u00e0 domicile (pr\u00e9paration des repas, \u00e0 l\u2019entretien du logement, faire les courses\u2026)<\/li>\n<li>Le retour \u00e0 domicile (trajet \u00e9tablissement de sant\u00e9-maison)<\/li>\n<li>Le portage de repas<\/li>\n<li>Un kit pr\u00e9vention (si\u00e8ge de bain, lit \u00e9lectrique, barres d\u2019appui\u2026)<\/li>\n<li>Un s\u00e9jour en accueil ou h\u00e9bergement temporaire dans un \u00e9tablissement sp\u00e9cialis\u00e9<\/li>\n<\/ul>\n<p>La liste est longue et les services <strong>d\u00e9pendent de votre \u00e9tat<\/strong> apr\u00e8s l\u2019hospitalisation. La Caisse de retraite peut m\u00eame prendre en charge des travaux d\u2019am\u00e9nagement au sein de votre logement mais \u00e9galement une partie du co\u00fbt des services suivants\u00a0:<\/p>\n<ul>\n<li>Votre s\u00e9jour dans un \u00e9tablissement de soins<\/li>\n<li>Le passage aux urgences<\/li>\n<li>L\u2019intervention en ambulatoire<\/li>\n<li>Le cadre infirmier<\/li>\n<li>L\u2019hospitalisation \u00e0 domicile<\/li>\n<\/ul>\n<p><iframe loading=\"lazy\" title=\"Tout Savoir sur les Aides Li\u00e9es \u00e0 la Sant\u00e9 !\" width=\"500\" height=\"281\" src=\"https:\/\/www.youtube.com\/embed\/pDAq1hv_k-4?feature=oembed\" frameborder=\"0\" allow=\"accelerometer; autoplay; clipboard-write; encrypted-media; gyroscope; picture-in-picture; web-share\" referrerpolicy=\"strict-origin-when-cross-origin\" allowfullscreen><\/iframe><\/p>\n<h2>Quelles sont les d\u00e9marches pour obtenir l\u2019ARDH ?<\/h2>\n<p>Les d\u00e9marches pour percevoir l\u2019ARDH sont \u00e0 entreprendre avant votre sortie d\u2019h\u00f4pital. A contrario, vous avez <strong>48 heures apr\u00e8s la sortie pour en faire la demande<\/strong>. Il suffit de remplir un formulaire de demande de prise en charge. Dans la plupart des cas, c\u2019est l\u2019\u00e9tablissement de soins qui se charge d\u2019envoyer la demande.<\/p>\n<p>Apr\u00e8s votre hospitalisation, un intervenant vous contacte pour faire le point sur votre situation. Cette \u00e9valuation est indispensable. Elle a pour but d\u2019aider l\u2019intervenant \u00e0 d\u00e9finir vos besoins et lui permettre de vous apporter une r\u00e9ponse adapt\u00e9e :<\/p>\n<ul>\n<li>Il peut vous proposer de mettre en place divers services<\/li>\n<li>Il vous donne des conseils pour bien vivre chez vous<\/li>\n<\/ul>\n<p>Si vous le souhaitez, cette visite peut \u00eatre mise en place en pr\u00e9sence d\u2019un membre de votre famille ou d\u2019un proche. \u00c0 l\u2019issue du rendez-vous, cette structure vous proposera un plan d\u2019action personnalis\u00e9.<\/p>\n<p>Selon le plan personnalis\u00e9 qu\u2019il pr\u00e9conise et soumet \u00e0 la caisse de retraite, celle-ci vous r\u00e9pond quelques semaines plus tard <strong>par courrier<\/strong> pour vous informer de l\u2019acceptation du dossier, ainsi que de la nature et du montant des aides accord\u00e9es.<\/p>\n<p><strong>A noter<\/strong>\u00a0: comme l\u2019aide dure 3 mois seulement, il faut qu\u2019elle soit en ad\u00e9quation avec vos besoins. C\u2019est seulement apr\u00e8s ce rendez-vous que vous recevrez un courrier de la caisse vous indiquant la nature et le montant des aides qui vous seront attribu\u00e9es.<\/p>\n<p>Si vous avez besoin d&rsquo;\u00eatre accompagn\u00e9(e) dans vos d\u00e9marches administratives, n&rsquo;h\u00e9sitez pas <a href=\"https:\/\/www.mes-allocs.fr\/souscription\">\u00e0 faire appel \u00e0 un de nos experts<\/a>.<\/p>\n<h1>Quel est le montant de l\u2019ARDH ?<\/h1>\n<h2>Les crit\u00e8res pris en compte dans le calcul de l\u2019ARDH<\/h2>\n<p>Le montant de l\u2019ARDH est d\u00e9termin\u00e9e en fonction des ressources fix\u00e9es par les bar\u00e8mes CNAV. La prise en charge des services \u00e0 domicile varie entre 27 % et 90 %. Elle d\u00e9pend de vos ressources et de celles de votre foyer (seul, en couple, enfant \u00e0 charge\u2026).<\/p>\n<p>Au terme des 3 mois qui suivent le retour \u00e0 domicile suite \u00e0 l\u2019hospitalisation, l\u2019aide cesse de vous \u00eatre octroy\u00e9e. Si votre \u00e9tat de sant\u00e9 ne vous permet toujours pas de r\u00e9aliser les t\u00e2ches de la vie courante, vous pouvez solliciter <a href=\"https:\/\/www.mes-allocs.fr\/guides\/aides-sante\/apa\/\">l\u2019APA (Allocation Personnalis\u00e9e d\u2019Autonomie<\/a>).<\/p>\n<h2>Le montant moyen de l\u2019ARDH<\/h2>\n<p>En moyenne, le montant de l\u2019ARDH est plafonn\u00e9 \u00e0 <strong>1800\u20ac par an et par personne<\/strong> hospitalis\u00e9e. N\u00e9anmoins, vous pouvez solliciter ce plan d&rsquo; aide \u00e0 chaque sortie d\u2019hospitalisation.<\/p>\n<p>L\u2019ARDH est vers\u00e9e soit par la Caisse d\u2019Assurance Retraite et de Sant\u00e9 au Travail (CARSAT) soit par la Caisse Nationale d\u2019Assurance Vieillesse (CNAV). Elles prennent en compte vos ressources pour \u00e9tablir le montant de l\u2019aide. En g\u00e9n\u00e9ral, la prise en charge pour chaque prestation va<strong> de 10 \u00e0 73 %.<\/strong><\/p>\n<h1>Le cumul de l\u2019ARDH avec d\u2019autres aides<\/h1>\n<p>Il est possible de cumuler l\u2019ARDH avec d\u2019autres aides \u00e0 l\u2019exception de certaines.<\/p>\n<h2>Les aides non-cumulables avec l\u2019ARDH<\/h2>\n<p>Vous ne pouvez pas cumuler l\u2019ARDH et les aides suivantes :<\/p>\n<ul>\n<li>La Prestation Sp\u00e9cifique D\u00e9pendance (PSD)<\/li>\n<li>L\u2019Allocation Personnalis\u00e9e d\u2019Autonomie (APA)<\/li>\n<li>L\u2019Allocation Compensatrice pour Tierce Personne (ACTP)<\/li>\n<li>La Prestation de Compensation du Handicap (PCH)<\/li>\n<li>La Majoration pour Tierce Personne (MTP)<\/li>\n<\/ul>\n<h2>L\u2019ARDH et CSS<\/h2>\n<p>L\u2019ARDH ne peut se substituer \u00e0 une mutuelle. D\u2019abord parce que l\u2019aide est relativement stricte dans ses conditions. Mais aussi parce que son montant est <strong>limit\u00e9 et temporaire<\/strong>. Ainsi, l\u2019ARDH ne peut assurer une protection contre la perte d\u2019autonomie. C\u2019est pourquoi il est n\u00e9cessaire de souscrire une mutuelle. Il est donc primordial que votre compl\u00e9mentaire sant\u00e9 solidaire (CSS) pr\u00e9voit\u00a0:<\/p>\n<ul>\n<li>Les remboursements des soins<\/li>\n<li>Le volet \u00ab\u00a0Assistance\u00a0\u00bb<\/li>\n<li>La prise en charge des services d\u00e8s votre sortie d\u2019h\u00f4pital<\/li>\n<\/ul>\n<p>Il est important de relire les dispositions d\u2019assistance pr\u00e9vues par votre mutuelle sant\u00e9 et ce, m\u00eame si vous b\u00e9n\u00e9ficiez de l\u2019ARDH.<\/p>\n<div class='cta-block'><div class='text'>Simulez toutes vos aides en 2 min.<\/div><a href='https:\/\/www.mes-allocs.fr\/ab-app?origin=guides\/wp-json\/wp\/v2\/posts\/62085' class='app-button fit'>Simulation gratuite<\/a><\/div>\n","protected":false},"excerpt":{"rendered":"<p>L\u2019ARDH favorise le retour \u00e0 domicile des patients suite \u00e0 une hospitalisation. Cette prestation est financ\u00e9e par l\u2019Etat sous conditions d\u2019\u00e2ge et de ressources. Elle peut \u00eatre b\u00e9n\u00e9fique \u00e0 ceux qui ont besoin d\u2019aides particuli\u00e8res d\u00e8s la sortie d\u2019h\u00f4pital. Conditions, montant, d\u00e9marches\u2026 Mes Allocs vous explique tout dans cet article. Quelles sont les conditions pour [&hellip;]<\/p>\n","protected":false},"author":24,"featured_media":62087,"comment_status":"closed","ping_status":"open","sticky":false,"template":"","format":"standard","meta":{"amp_status":"","footnotes":""},"categories":[24],"tags":[],"class_list":["post-62085","post","type-post","status-publish","format-standard","has-post-thumbnail","hentry","category-aides-sante"],"yoast_head":"<!-- This site is optimized with the Yoast SEO plugin v14.9 - https:\/\/yoast.com\/wordpress\/plugins\/seo\/ -->\n<title>Aide au retour apr\u00e8s hospitalisation : conditions, montant, d\u00e9marches<\/title>\n<meta name=\"description\" content=\"L\u2019ARDH favorise le retour \u00e0 domicile suite \u00e0 une hospitalisation. Conditions, montant, d\u00e9marches, Mes Allocs vous explique tout sur l&#039;ARDH.\" \/>\n<meta name=\"robots\" content=\"index, follow, max-snippet:-1, max-image-preview:large, max-video-preview:-1\" \/>\n<link rel=\"canonical\" href=\"https:\/\/www.mes-allocs.fr\/guides\/aides-sante\/aide-au-retour-apres-hospitalisation\/\" \/>\n<meta property=\"og:locale\" content=\"fr_FR\" \/>\n<meta property=\"og:type\" content=\"article\" \/>\n<meta property=\"og:title\" content=\"Aide au retour apr\u00e8s hospitalisation : conditions, montant, d\u00e9marches\" \/>\n<meta property=\"og:description\" content=\"L\u2019ARDH favorise le retour \u00e0 domicile suite \u00e0 une hospitalisation. Conditions, montant, d\u00e9marches, Mes Allocs vous explique tout sur l&#039;ARDH.\" \/>\n<meta property=\"og:url\" content=\"https:\/\/www.mes-allocs.fr\/guides\/aides-sante\/aide-au-retour-apres-hospitalisation\/\" \/>\n<meta property=\"og:site_name\" content=\"Mes-Allocs.fr\" \/>\n<meta property=\"article:published_time\" content=\"2023-02-27T13:51:54+00:00\" \/>\n<meta property=\"article:modified_time\" content=\"2026-01-12T09:26:24+00:00\" \/>\n<meta property=\"og:image\" content=\"https:\/\/www.mes-allocs.fr\/guides\/wp-content\/uploads\/2023\/02\/woman-g842bb11ae_1280.jpg?wsr\" \/>\n\t<meta property=\"og:image:width\" content=\"1280\" \/>\n\t<meta property=\"og:image:height\" content=\"854\" \/>\n<meta name=\"twitter:card\" content=\"summary_large_image\" \/>\n<script type=\"application\/ld+json\" class=\"yoast-schema-graph\">{\"@context\":\"https:\/\/schema.org\",\"@graph\":[{\"@type\":\"WebSite\",\"@id\":\"https:\/\/www.mes-allocs.fr\/guides\/#website\",\"url\":\"https:\/\/www.mes-allocs.fr\/guides\/\",\"name\":\"Mes-Allocs.fr\",\"description\":\"\",\"potentialAction\":[{\"@type\":\"SearchAction\",\"target\":\"https:\/\/www.mes-allocs.fr\/guides\/?s={search_term_string}\",\"query-input\":\"required name=search_term_string\"}],\"inLanguage\":\"fr-FR\"},{\"@type\":\"ImageObject\",\"@id\":\"https:\/\/www.mes-allocs.fr\/guides\/aides-sante\/aide-au-retour-apres-hospitalisation\/#primaryimage\",\"inLanguage\":\"fr-FR\",\"url\":\"https:\/\/www.mes-allocs.fr\/guides\/wp-content\/uploads\/2023\/02\/woman-g842bb11ae_1280.jpg?wsr\",\"width\":1280,\"height\":854,\"caption\":\"aide au retour apr\\u00e8s hospitalisation\"},{\"@type\":\"WebPage\",\"@id\":\"https:\/\/www.mes-allocs.fr\/guides\/aides-sante\/aide-au-retour-apres-hospitalisation\/#webpage\",\"url\":\"https:\/\/www.mes-allocs.fr\/guides\/aides-sante\/aide-au-retour-apres-hospitalisation\/\",\"name\":\"Aide au retour apr\\u00e8s hospitalisation : conditions, montant, d\\u00e9marches\",\"isPartOf\":{\"@id\":\"https:\/\/www.mes-allocs.fr\/guides\/#website\"},\"primaryImageOfPage\":{\"@id\":\"https:\/\/www.mes-allocs.fr\/guides\/aides-sante\/aide-au-retour-apres-hospitalisation\/#primaryimage\"},\"datePublished\":\"2023-02-27T13:51:54+00:00\",\"dateModified\":\"2026-01-12T09:26:24+00:00\",\"author\":{\"@id\":\"https:\/\/www.mes-allocs.fr\/guides\/#\/schema\/person\/99515cce9c88676c012398dee5d9e95a\"},\"description\":\"L\\u2019ARDH favorise le retour \\u00e0 domicile suite \\u00e0 une hospitalisation. Conditions, montant, d\\u00e9marches, Mes Allocs vous explique tout sur l'ARDH.\",\"inLanguage\":\"fr-FR\"},{\"@type\":\"Person\",\"@id\":\"https:\/\/www.mes-allocs.fr\/guides\/#\/schema\/person\/99515cce9c88676c012398dee5d9e95a\",\"name\":\"Clo\\u00e9 Giroudi\\u00e8re\",\"image\":{\"@type\":\"ImageObject\",\"@id\":\"https:\/\/www.mes-allocs.fr\/guides\/#personlogo\",\"inLanguage\":\"fr-FR\",\"url\":\"https:\/\/www.mes-allocs.fr\/guides\/wp-content\/uploads\/2023\/01\/245034208_406012077598379_7451500537271173379_n-150x150.jpg\",\"caption\":\"Clo\\u00e9 Giroudi\\u00e8re\"},\"description\":\"Clo\\u00e9 est r\\u00e9dactrice sp\\u00e9cialis\\u00e9 sur les sujets juridiques et sociaux. Elle rejoint Mes Allocs apr\\u00e8s une premi\\u00e8re exp\\u00e9rience en journalisme. Elle est dipl\\u00f4m\\u00e9e de l'ISFJ et d'une licence de droit de l'universit\\u00e9 Lumi\\u00e8re Lyon II.\",\"sameAs\":[\"https:\/\/www.linkedin.com\/in\/clo\\u00e9-giroudi\\u00e8re-461a14244\/\"]}]}<\/script>\n<!-- \/ Yoast SEO plugin. -->","amp_validity":null,"acf":{"faq":{"1":{"question":"Comment obtenir une aide \u00e0 domicile suite \u00e0 une op\u00e9ration ?","answer":"Vous pouvez demander l'aide au retour apr\u00e8s hospitalisation (ARDH) en remplissant un formulaire puis en l'adressant \u00e0 votre caisse de retraite."},"2":{"question":"Quelle aide apr\u00e8s op\u00e9ration ?","answer":"L\u2019aide au retour apr\u00e8s hospitalisation offre un ensemble de services aux patients, tels que\u00a0:\r\n- L\u2019aide \u00e0 domicile (aide au repas, \u00e0 l\u2019entretien du logement, faire les courses\u2026)\r\n- Le retour \u00e0 domicile (trajet h\u00f4pital-maison)\r\n- Le portage de repas\r\n- Un kit pr\u00e9vention (si\u00e8ge de bain, lit \u00e9lectrique, barres d\u2019appui\u2026)\r\n- Un s\u00e9jour en accueil ou h\u00e9bergement temporaire dans un \u00e9tablissement sp\u00e9cialis\u00e9"},"3":{"question":"Comment obtenir une aide-m\u00e9nag\u00e8re par la CPAM ?","answer":"Vous pouvez contacter le service social de votre caisse primaire d'assurance maladie (CPAM) ou alors vous adresser \u00e0 un des experts de l'\u00e9quipe Mes Allocs."},"4":{"question":"Comment obtenir l'ardh ?","answer":"Pour obtenir l'ARDH, vous devez avoir au moins 55 ans et \u00eatre soumis \u00e0 une hospitalisation."},"5":{"question":"Quel est le tarif pour une aide \u00e0 domicile ?","answer":"L'aide \u00e0 domicile comme l'ARDH est plafonn\u00e9 \u00e0 1800\u20ac par an par personne hospitalis\u00e9e."},"6":{"question":"Quelle est la r\u00e9mun\u00e9ration d'une aide \u00e0 domicile ?","answer":"Les aides \u00e0 domicile sont g\u00e9n\u00e9ralement r\u00e9mun\u00e9r\u00e9es sur la base du SMIC horaire minimum soit 11,88 \u20ac."},"7":{"question":"","answer":""},"8":{"question":"","answer":""},"9":{"question":"","answer":""},"10":{"question":"","answer":""},"11":{"question":"","answer":""},"12":{"question":"","answer":""},"13":{"question":"","answer":""},"14":{"question":"","answer":""},"15":{"question":"","answer":""},"16":{"question":"","answer":""}}},"_links":{"self":[{"href":"https:\/\/www.mes-allocs.fr\/guides\/wp-json\/wp\/v2\/posts\/62085","targetHints":{"allow":["GET"]}}],"collection":[{"href":"https:\/\/www.mes-allocs.fr\/guides\/wp-json\/wp\/v2\/posts"}],"about":[{"href":"https:\/\/www.mes-allocs.fr\/guides\/wp-json\/wp\/v2\/types\/post"}],"author":[{"embeddable":true,"href":"https:\/\/www.mes-allocs.fr\/guides\/wp-json\/wp\/v2\/users\/24"}],"replies":[{"embeddable":true,"href":"https:\/\/www.mes-allocs.fr\/guides\/wp-json\/wp\/v2\/comments?post=62085"}],"version-history":[{"count":5,"href":"https:\/\/www.mes-allocs.fr\/guides\/wp-json\/wp\/v2\/posts\/62085\/revisions"}],"predecessor-version":[{"id":107380,"href":"https:\/\/www.mes-allocs.fr\/guides\/wp-json\/wp\/v2\/posts\/62085\/revisions\/107380"}],"wp:featuredmedia":[{"embeddable":true,"href":"https:\/\/www.mes-allocs.fr\/guides\/wp-json\/wp\/v2\/media\/62087"}],"wp:attachment":[{"href":"https:\/\/www.mes-allocs.fr\/guides\/wp-json\/wp\/v2\/media?parent=62085"}],"wp:term":[{"taxonomy":"category","embeddable":true,"href":"https:\/\/www.mes-allocs.fr\/guides\/wp-json\/wp\/v2\/categories?post=62085"},{"taxonomy":"post_tag","embeddable":true,"href":"https:\/\/www.mes-allocs.fr\/guides\/wp-json\/wp\/v2\/tags?post=62085"}],"curies":[{"name":"wp","href":"https:\/\/api.w.org\/{rel}","templated":true}]}}