{"id":61902,"date":"2023-02-15T18:22:34","date_gmt":"2023-02-15T16:22:34","guid":{"rendered":"https:\/\/www.mes-allocs.fr\/guides\/?p=61902"},"modified":"2025-02-26T12:33:39","modified_gmt":"2025-02-26T10:33:39","slug":"aide-velo-electrique-corse","status":"publish","type":"post","link":"https:\/\/www.mes-allocs.fr\/guides\/aide-velo-electrique\/aide-velo-region\/aide-velo-electrique-corse\/","title":{"rendered":"Aide v\u00e9lo \u00e9lectrique Corse : conditions, montant, d\u00e9marches"},"content":{"rendered":"<p><img loading=\"lazy\" decoding=\"async\" class=\"alignnone wp-image-61912 size-full\" title=\"aide v\u00e9lo \u00e9lectrique Corse\" src=\"https:\/\/www.mes-allocs.fr\/guides\/wp-content\/uploads\/2023\/02\/pexels-pixabay-210117-e1676476789741.jpg\" alt=\"aide v\u00e9lo \u00e9lectrique Corse \" width=\"1267\" height=\"247\" srcset=\"https:\/\/www.mes-allocs.fr\/guides\/wp-content\/uploads\/2023\/02\/pexels-pixabay-210117-e1676476789741.jpg 1267w, https:\/\/www.mes-allocs.fr\/guides\/wp-content\/uploads\/2023\/02\/pexels-pixabay-210117-e1676476789741-300x58.jpg 300w, https:\/\/www.mes-allocs.fr\/guides\/wp-content\/uploads\/2023\/02\/pexels-pixabay-210117-e1676476789741-1024x200.jpg 1024w, https:\/\/www.mes-allocs.fr\/guides\/wp-content\/uploads\/2023\/02\/pexels-pixabay-210117-e1676476789741-768x150.jpg 768w, https:\/\/www.mes-allocs.fr\/guides\/wp-content\/uploads\/2023\/02\/pexels-pixabay-210117-e1676476789741-600x117.jpg 600w\" sizes=\"auto, (max-width: 1267px) 100vw, 1267px\" \/><\/p>\n<p>En France, des <a href=\"https:\/\/www.mes-allocs.fr\/guides\/prime-velo-electrique\/prime-velo-region\/\">aides r\u00e9gionales \u00e0 l&rsquo;achat d&rsquo;un v\u00e9lo<\/a> sont mises en place pour encourager une mobilit\u00e9 plus verte. Mais si vous habitez en Corse, vous avez peut-\u00eatre pour projet l&rsquo;achat d&rsquo;un v\u00e9lo \u00e9lectrique et \u00e7a tombe bien, une prime est accessible. L&rsquo;<strong>aide v\u00e9lo \u00e9lectrique en Corse<\/strong> est tr\u00e8s avantageuse, et \u00e9ligible au plus grand nombre. D\u00e9couvrez-en plus sur ce dispositif.<\/p>\n<div class='cta-block'><div class='text'>Simulez toutes vos aides en 2 min.<\/div><a href='https:\/\/www.mes-allocs.fr\/ab-app?origin=guides\/wp-json\/wp\/v2\/posts\/61902' class='app-button fit'>Simulation gratuite<\/a><\/div>\n<h1>L&rsquo;aide \u00e0 l&rsquo;achat d&rsquo;un v\u00e9lo \u00e9lectrique en Corse<\/h1>\n<p>L\u2019<strong>Agence d&rsquo;Am\u00e9nagement durable, d\u2019Urbanisme et d\u2019Energie<\/strong> de la Corse \u00e0 mis en place une <strong>aide financi\u00e8re \u00e0 l&rsquo;achat de v\u00e9lo \u00e9lectrique<\/strong>. Cette aide a pour objectif de r\u00e9pondre \u00e0 la politique \u00e9nerg\u00e9tique de la r\u00e9gion et d&rsquo;inciter les habitants \u00e0 se tourner vers le v\u00e9lo comme moyen de transport \u00e0 part enti\u00e8re.<\/p>\n<p><iframe loading=\"lazy\" title=\"L&#039;aide au v\u00e9lo \u00e9lectrique\" width=\"500\" height=\"281\" src=\"https:\/\/www.youtube.com\/embed\/QH5GqTFaqwE?feature=oembed\" frameborder=\"0\" allow=\"accelerometer; autoplay; clipboard-write; encrypted-media; gyroscope; picture-in-picture; web-share\" referrerpolicy=\"strict-origin-when-cross-origin\" allowfullscreen><\/iframe><\/p>\n<h1>Conditions d&rsquo;\u00e9ligibilit\u00e9<\/h1>\n<h2>Conditions li\u00e9es au demandeur<\/h2>\n<h3>Pour les particuliers<\/h3>\n<p>Le dispositif concerne les habitants de la collectivit\u00e9 de Corse r\u00e9pondant \u00e0 plusieurs conditions. Vous devez :<\/p>\n<ul>\n<li>habiter en Corse ;<\/li>\n<li>\u00eatre un particulier ;<\/li>\n<li>acheter un v\u00e9lo \u00e9lectrique dans un magasin partenaire de la r\u00e9gion.<img loading=\"lazy\" decoding=\"async\" class=\" wp-image-61910 alignright\" title=\"aide v\u00e9lo \u00e9lectrique Corse\" src=\"https:\/\/www.mes-allocs.fr\/guides\/wp-content\/uploads\/2023\/02\/pexels-daniel-frank-2248713-e1676476688215.jpg\" alt=\"aide v\u00e9lo \u00e9lectrique Corse \" width=\"276\" height=\"249\" srcset=\"https:\/\/www.mes-allocs.fr\/guides\/wp-content\/uploads\/2023\/02\/pexels-daniel-frank-2248713-e1676476688215.jpg 921w, https:\/\/www.mes-allocs.fr\/guides\/wp-content\/uploads\/2023\/02\/pexels-daniel-frank-2248713-e1676476688215-300x271.jpg 300w, https:\/\/www.mes-allocs.fr\/guides\/wp-content\/uploads\/2023\/02\/pexels-daniel-frank-2248713-e1676476688215-768x694.jpg 768w, https:\/\/www.mes-allocs.fr\/guides\/wp-content\/uploads\/2023\/02\/pexels-daniel-frank-2248713-e1676476688215-600x542.jpg 600w\" sizes=\"auto, (max-width: 276px) 100vw, 276px\" \/><\/li>\n<li>ne jamais avoir b\u00e9n\u00e9fici\u00e9 de l&rsquo;aide ;<\/li>\n<li>vous engager \u00e0 ne pas revendre le v\u00e9lo pendant 3 ans ;<\/li>\n<li>utiliser votre v\u00e9lo \u00e9lectrique comme moyen prioritaire de transport sur l&rsquo;usage \u00ab\u00a0de promenade\u00a0\u00bb (favoriser le v\u00e9lo \u00e9lectrique \u00e0 la voiture par exemple).<\/li>\n<\/ul>\n<h3>Pour les personnes morales<\/h3>\n<p>Si la personne morale se trouve dans un <b>secteur non concurrentiel<\/b>, sont \u00e9ligibles :<\/p>\n<ul>\n<li>les collectivit\u00e9s territoriales et locales<\/li>\n<li>les \u00e9tablissement publics<\/li>\n<\/ul>\n<p>L&rsquo;aide pourra \u00eatre accord\u00e9e dans le cas ou l&rsquo;achat a pour objectif de <b>mettre gratuitement \u00e0 disposition<\/b> des v\u00e9los \u00e9lectriques, de les proposer aux salari\u00e9s pour leurs d\u00e9placements domicile-travail.<\/p>\n<p>Si la personne morale est dans un <b>secteur concurrentiel<\/b>, seront \u00e9ligibles :<\/p>\n<ul>\n<li>entreprises et groupements d&rsquo;entreprises<\/li>\n<li>organisations professionnelles<\/li>\n<li>associations<\/li>\n<li>syndicats professionnels<\/li>\n<li>chambres consulaires<\/li>\n<\/ul>\n<p>L&rsquo;aide sera accord\u00e9e uniquement si l&rsquo;objectif est d&rsquo;offrir\u00a0<strong>un service gratuit<\/strong><b> aux clients ou aux salari\u00e9s<\/b>, dans le cadre de leurs d\u00e9placements domicile-travail.<\/p>\n<div class='cta-block'><div class='text'>Simulez toutes vos aides en 2 min.<\/div><a href='https:\/\/www.mes-allocs.fr\/ab-app?origin=guides\/wp-json\/wp\/v2\/posts\/61902' class='app-button fit'>Simulation gratuite<\/a><\/div>\n<h2>Conditions li\u00e9es au v\u00e9lo<\/h2>\n<p>Votre achat de v\u00e9lo peut porter sur tout type de v\u00e9lo \u00e0 assistance \u00e9lectrique \u00e0 <b>l&rsquo;exclusion de :\u00a0<\/b><\/p>\n<ul>\n<li>VTT \u00e9lectrique<\/li>\n<li>v\u00e9lo de course<\/li>\n<li>un v\u00e9lo achet\u00e9 en ligne<\/li>\n<\/ul>\n<p><b>Si vous achetez l&rsquo;un de ces trois types de v\u00e9los, vous ne pouvez pas b\u00e9n\u00e9ficier de l&rsquo;aide. <img loading=\"lazy\" decoding=\"async\" class=\"wp-image-61909 alignright\" title=\"aide v\u00e9lo \u00e9lectrique Corse\" src=\"https:\/\/www.mes-allocs.fr\/guides\/wp-content\/uploads\/2023\/02\/pexels-markus-spiske-145399-e1676476896678.jpg\" alt=\"aide v\u00e9lo \u00e9lectrique Corse \" width=\"244\" height=\"230\" srcset=\"https:\/\/www.mes-allocs.fr\/guides\/wp-content\/uploads\/2023\/02\/pexels-markus-spiske-145399-e1676476896678.jpg 905w, https:\/\/www.mes-allocs.fr\/guides\/wp-content\/uploads\/2023\/02\/pexels-markus-spiske-145399-e1676476896678-300x283.jpg 300w, https:\/\/www.mes-allocs.fr\/guides\/wp-content\/uploads\/2023\/02\/pexels-markus-spiske-145399-e1676476896678-768x725.jpg 768w, https:\/\/www.mes-allocs.fr\/guides\/wp-content\/uploads\/2023\/02\/pexels-markus-spiske-145399-e1676476896678-600x566.jpg 600w\" sizes=\"auto, (max-width: 244px) 100vw, 244px\" \/><\/b><\/p>\n<p><b>\u00c0 noter<\/b> : vous pouvez acheter un v\u00e9lo <b>neuf ou d&rsquo;occasion<\/b>, \u00e0 condition d&rsquo;avoir une facture.<\/p>\n<h1>Montant de l&rsquo;aide<\/h1>\n<h2>Pour les particuliers<\/h2>\n<p>La subvention est accord\u00e9e \u00e0 hauteur de <b>25 % du co\u00fbt d&rsquo;achat du v\u00e9lo<\/b>, <b>plafonn\u00e9e \u00e0 500 \u20ac<\/b>.<\/p>\n<p>Le montant de l&rsquo;aide sera automatiquement <b>d\u00e9duit du prix au passage en caisse<\/b>. Cette proc\u00e9dure est possible gr\u00e2ce aux magasins partenaires. Ainsi, vous ne pouvez pas b\u00e9n\u00e9ficier de l&rsquo;aide si vous achetez votre v\u00e9lo en dehors de ces v\u00e9locistes partenaires.<\/p>\n<h2>Pour les personnes morales<\/h2>\n<p>Dans le cas d&rsquo;une personne morale exer\u00e7ant dans un <b>secteur non concurrentiel<\/b>, l&rsquo;aide \u00e0 l&rsquo;achat des v\u00e9los \u00e9lectriques est fix\u00e9e \u00e0 <b>60 % \u00a0du co\u00fbt global, plafonn\u00e9e \u00e0 100.000 \u20ac.\u00a0<\/b><\/p>\n<p>Dans le cas d&rsquo;un <b>secteur concurrentiel<\/b>, l&rsquo;aide est fix\u00e9e \u00e0 <b>25 % du co\u00fbt d&rsquo;achat et plafonn\u00e9e \u00e0 500 \u20ac<\/b> par v\u00e9lo jusqu&rsquo;\u00e0 3 v\u00e9los \u00e9lectriques. <b>\u00c0 partir de 4 v\u00e9los achet\u00e9s<\/b>, l&rsquo;aide est fix\u00e9e \u00e0 <b>25 % du co\u00fbt d&rsquo;achat mais plafonn\u00e9e \u00e0 1.000 \u20ac par v\u00e9lo.<\/b><\/p>\n<h1>D\u00e9marches \u00e0 effectuer<\/h1>\n<h2>Pour les particuliers<\/h2>\n<p>Pour que le commer\u00e7ant puisse vous <b>d\u00e9duire le montant de l&rsquo;aide directement au moment de l&rsquo;achat<\/b>, vous devez \u00eatre en capacit\u00e9 de lui pr\u00e9senter les <b>pi\u00e8ces justificatives <\/b>demand\u00e9es, soit :<\/p>\n<ul>\n<li>copie de votre pi\u00e8ce d&rsquo;identit\u00e9 ;<\/li>\n<li>copie d&rsquo;un justificatif de domicile attestant votre r\u00e9sidence en Corse ;<img loading=\"lazy\" decoding=\"async\" class=\"wp-image-61911 alignright\" title=\"aide v\u00e9lo \u00e9lectrique Corse\" src=\"https:\/\/www.mes-allocs.fr\/guides\/wp-content\/uploads\/2023\/02\/pexels-rodnae-productions-8292793-e1676476851742.jpg\" alt=\"aide v\u00e9lo \u00e9lectrique Corse \" width=\"259\" height=\"252\" srcset=\"https:\/\/www.mes-allocs.fr\/guides\/wp-content\/uploads\/2023\/02\/pexels-rodnae-productions-8292793-e1676476851742.jpg 832w, https:\/\/www.mes-allocs.fr\/guides\/wp-content\/uploads\/2023\/02\/pexels-rodnae-productions-8292793-e1676476851742-300x293.jpg 300w, https:\/\/www.mes-allocs.fr\/guides\/wp-content\/uploads\/2023\/02\/pexels-rodnae-productions-8292793-e1676476851742-768x750.jpg 768w, https:\/\/www.mes-allocs.fr\/guides\/wp-content\/uploads\/2023\/02\/pexels-rodnae-productions-8292793-e1676476851742-600x586.jpg 600w\" sizes=\"auto, (max-width: 259px) 100vw, 259px\" \/><\/li>\n<li>formulaire d&rsquo;engagement.<\/li>\n<\/ul>\n<h2>Pour les personnes morales<\/h2>\n<p>Pour une personne morale d&rsquo;un <b>secteur non concurrentiel<\/b>, la proc\u00e9dure est la m\u00eame que pour un particulier. L&rsquo;achat peut se faire <b>directement aupr\u00e8s du v\u00e9lociste<\/b>.<\/p>\n<p>Si la personne morale exerce dans un <b>secteur concurrentiel<\/b>, la proc\u00e9dure sera <b>identique \u00e0 celle des particuliers jusqu&rsquo;\u00e0 3 v\u00e9los <\/b>achet\u00e9s, il faudra pr\u00e9senter au magasin :<\/p>\n<ul>\n<li>un extrait KBis de moins de 3 mois ;<\/li>\n<li>une pi\u00e8ce d&rsquo;identit\u00e9 en cours de validit\u00e9 ;<\/li>\n<li>le questionnaire \u00e0 remplir sur place.<\/li>\n<\/ul>\n<p><b>Au del\u00e0 de 3 v\u00e9los<\/b>, il faudra faire une <b>demande de financement aupr\u00e8s de l\u2019Agence d&rsquo;Am\u00e9nagement durable, d\u2019Urbanisme et d\u2019Energie de la Corse.\u00a0 \u00a0\u00a0<\/b><\/p>\n<div class='cta-block'><div class='text'>Simulez toutes vos aides en 2 min.<\/div><a href='https:\/\/www.mes-allocs.fr\/ab-app?origin=guides\/wp-json\/wp\/v2\/posts\/61902' class='app-button fit'>Simulation gratuite<\/a><\/div>\n","protected":false},"excerpt":{"rendered":"<p>En France, des aides r\u00e9gionales \u00e0 l&rsquo;achat d&rsquo;un v\u00e9lo sont mises en place pour encourager une mobilit\u00e9 plus verte. Mais si vous habitez en Corse, vous avez peut-\u00eatre pour projet l&rsquo;achat d&rsquo;un v\u00e9lo \u00e9lectrique et \u00e7a tombe bien, une prime est accessible. L&rsquo;aide v\u00e9lo \u00e9lectrique en Corse est tr\u00e8s avantageuse, et \u00e9ligible au plus grand [&hellip;]<\/p>\n","protected":false},"author":23,"featured_media":61921,"comment_status":"closed","ping_status":"open","sticky":false,"template":"","format":"standard","meta":{"amp_status":"","footnotes":""},"categories":[43598,13817],"tags":[],"class_list":["post-61902","post","type-post","status-publish","format-standard","has-post-thumbnail","hentry","category-aide-velo-electrique","category-aide-velo-region"],"yoast_head":"<!-- This site is optimized with the Yoast SEO plugin v14.9 - https:\/\/yoast.com\/wordpress\/plugins\/seo\/ -->\n<title>Aide v\u00e9lo \u00e9lectrique Corse : conditions, montant, d\u00e9marches | Mes-Allocs.fr<\/title>\n<meta name=\"description\" content=\"La Corse permet \u00e0 ses habitants de b\u00e9n\u00e9ficier d&#039;une aide \u00e0 l&#039;achat pour leur v\u00e9lo \u00e9lectrique. Mes Allocs vous en dit plus sur cette prime.\" \/>\n<meta name=\"robots\" content=\"index, follow, max-snippet:-1, max-image-preview:large, max-video-preview:-1\" \/>\n<link rel=\"canonical\" href=\"https:\/\/www.mes-allocs.fr\/guides\/aide-velo-electrique\/aide-velo-region\/aide-velo-electrique-corse\/\" \/>\n<meta property=\"og:locale\" content=\"fr_FR\" \/>\n<meta property=\"og:type\" content=\"article\" \/>\n<meta property=\"og:title\" content=\"Aide v\u00e9lo \u00e9lectrique Corse : conditions, montant, d\u00e9marches | Mes-Allocs.fr\" \/>\n<meta property=\"og:description\" content=\"La Corse permet \u00e0 ses habitants de b\u00e9n\u00e9ficier d&#039;une aide \u00e0 l&#039;achat pour leur v\u00e9lo \u00e9lectrique. Mes Allocs vous en dit plus sur cette prime.\" \/>\n<meta property=\"og:url\" content=\"https:\/\/www.mes-allocs.fr\/guides\/aide-velo-electrique\/aide-velo-region\/aide-velo-electrique-corse\/\" \/>\n<meta property=\"og:site_name\" content=\"Mes-Allocs.fr\" \/>\n<meta property=\"article:published_time\" content=\"2023-02-15T16:22:34+00:00\" \/>\n<meta property=\"article:modified_time\" content=\"2025-02-26T10:33:39+00:00\" \/>\n<meta property=\"og:image\" content=\"https:\/\/www.mes-allocs.fr\/guides\/wp-content\/uploads\/2023\/02\/germany-g7454afcfa_1920-e1676478070449.jpg?wsr\" \/>\n\t<meta property=\"og:image:width\" content=\"1382\" \/>\n\t<meta property=\"og:image:height\" content=\"1224\" \/>\n<meta name=\"twitter:card\" content=\"summary_large_image\" \/>\n<script type=\"application\/ld+json\" class=\"yoast-schema-graph\">{\"@context\":\"https:\/\/schema.org\",\"@graph\":[{\"@type\":\"WebSite\",\"@id\":\"https:\/\/www.mes-allocs.fr\/guides\/#website\",\"url\":\"https:\/\/www.mes-allocs.fr\/guides\/\",\"name\":\"Mes-Allocs.fr\",\"description\":\"\",\"potentialAction\":[{\"@type\":\"SearchAction\",\"target\":\"https:\/\/www.mes-allocs.fr\/guides\/?s={search_term_string}\",\"query-input\":\"required name=search_term_string\"}],\"inLanguage\":\"fr-FR\"},{\"@type\":\"ImageObject\",\"@id\":\"https:\/\/www.mes-allocs.fr\/guides\/aide-velo-electrique\/aide-velo-region\/aide-velo-electrique-corse\/#primaryimage\",\"inLanguage\":\"fr-FR\",\"url\":\"https:\/\/www.mes-allocs.fr\/guides\/wp-content\/uploads\/2023\/02\/germany-g7454afcfa_1920-e1676478070449.jpg?wsr\",\"width\":1382,\"height\":1224,\"caption\":\"aide v\\u00e9lo \\u00e9lectrique Corse\"},{\"@type\":\"WebPage\",\"@id\":\"https:\/\/www.mes-allocs.fr\/guides\/aide-velo-electrique\/aide-velo-region\/aide-velo-electrique-corse\/#webpage\",\"url\":\"https:\/\/www.mes-allocs.fr\/guides\/aide-velo-electrique\/aide-velo-region\/aide-velo-electrique-corse\/\",\"name\":\"Aide v\\u00e9lo \\u00e9lectrique Corse : conditions, montant, d\\u00e9marches | Mes-Allocs.fr\",\"isPartOf\":{\"@id\":\"https:\/\/www.mes-allocs.fr\/guides\/#website\"},\"primaryImageOfPage\":{\"@id\":\"https:\/\/www.mes-allocs.fr\/guides\/aide-velo-electrique\/aide-velo-region\/aide-velo-electrique-corse\/#primaryimage\"},\"datePublished\":\"2023-02-15T16:22:34+00:00\",\"dateModified\":\"2025-02-26T10:33:39+00:00\",\"author\":{\"@id\":\"https:\/\/www.mes-allocs.fr\/guides\/#\/schema\/person\/c3664ba41f27bc0d9f3683bf3906300c\"},\"description\":\"La Corse permet \\u00e0 ses habitants de b\\u00e9n\\u00e9ficier d'une aide \\u00e0 l'achat pour leur v\\u00e9lo \\u00e9lectrique. Mes Allocs vous en dit plus sur cette prime.\",\"inLanguage\":\"fr-FR\"},{\"@type\":\"Person\",\"@id\":\"https:\/\/www.mes-allocs.fr\/guides\/#\/schema\/person\/c3664ba41f27bc0d9f3683bf3906300c\",\"name\":\"Gabrielle Duchemin\",\"image\":{\"@type\":\"ImageObject\",\"@id\":\"https:\/\/www.mes-allocs.fr\/guides\/#personlogo\",\"inLanguage\":\"fr-FR\",\"url\":\"https:\/\/www.mes-allocs.fr\/guides\/wp-content\/uploads\/2023\/02\/386E5DFE-70F4-4932-B10B-B3E8F5AC454D-e1677586370944-150x150.jpg\",\"caption\":\"Gabrielle Duchemin\"},\"description\":\"Gabrielle est juriste sp\\u00e9cialis\\u00e9e en droit du num\\u00e9rique et de la protection sociale. Elle rejoint Mes Allocs apr\\u00e8s une premi\\u00e8re exp\\u00e9rience dans le secteur bancaire.\",\"sameAs\":[\"https:\/\/www.linkedin.com\/in\/gabrielle-duchemin-b1126214b\/\"]}]}<\/script>\n<!-- \/ Yoast SEO plugin. -->","amp_validity":null,"acf":{"faq":{"1":{"question":"L'aide est-elle cumulable avec le Bonus V\u00e9lo de l'\u00c9tat ? ","answer":"Cette aide a \u00e9t\u00e9 supprim\u00e9e.\r\n"},"2":{"question":"O\u00f9 acheter mon v\u00e9lo \u00e9lectrique? ","answer":"Pour b\u00e9n\u00e9ficier de l'aide de la Corse, vous devez acheter votre v\u00e9lo aupr\u00e8s d'un des v\u00e9locistes partenaires. Vous pouvez trouver la liste de ces partenaires sur le site de la collectivit\u00e9. "},"3":{"question":"Combien de fois peut-on b\u00e9n\u00e9ficier de cette aide ? ","answer":"L'aide n'est accord\u00e9e qu'une seule fois par personne. En revanche, plusieurs membres d'un m\u00eame foyer peuvent la percevoir. "},"4":{"question":"Quel est le montant de l'aide v\u00e9lo \u00e9lectrique corse ? ","answer":"Son montant est fix\u00e9 \u00e0 25 % du prix du v\u00e9lo, mais plafonn\u00e9 \u00e0 500 \u20ac maximum. "},"5":{"question":"","answer":""},"6":{"question":"","answer":""},"7":{"question":"","answer":""},"8":{"question":"","answer":""},"9":{"question":"","answer":""},"10":{"question":"","answer":""},"11":{"question":"","answer":""},"12":{"question":"","answer":""},"13":{"question":"","answer":""},"14":{"question":"","answer":""},"15":{"question":"","answer":""},"16":{"question":"","answer":""}}},"_links":{"self":[{"href":"https:\/\/www.mes-allocs.fr\/guides\/wp-json\/wp\/v2\/posts\/61902","targetHints":{"allow":["GET"]}}],"collection":[{"href":"https:\/\/www.mes-allocs.fr\/guides\/wp-json\/wp\/v2\/posts"}],"about":[{"href":"https:\/\/www.mes-allocs.fr\/guides\/wp-json\/wp\/v2\/types\/post"}],"author":[{"embeddable":true,"href":"https:\/\/www.mes-allocs.fr\/guides\/wp-json\/wp\/v2\/users\/23"}],"replies":[{"embeddable":true,"href":"https:\/\/www.mes-allocs.fr\/guides\/wp-json\/wp\/v2\/comments?post=61902"}],"version-history":[{"count":15,"href":"https:\/\/www.mes-allocs.fr\/guides\/wp-json\/wp\/v2\/posts\/61902\/revisions"}],"predecessor-version":[{"id":91021,"href":"https:\/\/www.mes-allocs.fr\/guides\/wp-json\/wp\/v2\/posts\/61902\/revisions\/91021"}],"wp:featuredmedia":[{"embeddable":true,"href":"https:\/\/www.mes-allocs.fr\/guides\/wp-json\/wp\/v2\/media\/61921"}],"wp:attachment":[{"href":"https:\/\/www.mes-allocs.fr\/guides\/wp-json\/wp\/v2\/media?parent=61902"}],"wp:term":[{"taxonomy":"category","embeddable":true,"href":"https:\/\/www.mes-allocs.fr\/guides\/wp-json\/wp\/v2\/categories?post=61902"},{"taxonomy":"post_tag","embeddable":true,"href":"https:\/\/www.mes-allocs.fr\/guides\/wp-json\/wp\/v2\/tags?post=61902"}],"curies":[{"name":"wp","href":"https:\/\/api.w.org\/{rel}","templated":true}]}}