{"id":6188,"date":"2020-05-13T20:39:45","date_gmt":"2020-05-13T20:39:45","guid":{"rendered":"https:\/\/www.mes-allocs.fr\/guides\/?p=6188"},"modified":"2026-04-09T15:43:12","modified_gmt":"2026-04-09T14:43:12","slug":"aide-sociale-departementale","status":"publish","type":"post","link":"https:\/\/www.mes-allocs.fr\/guides\/aides-sociales\/aide-sociale-departementale\/","title":{"rendered":"L&rsquo;aide sociale d\u00e9partementale : conditions, montants, d\u00e9marches"},"content":{"rendered":"<p style=\"text-align: justify;\"><a href=\"https:\/\/www.mes-allocs.fr\/guides\/wp-content\/uploads\/2020\/05\/Laide-sociale-de\u0301partementale-e1589365608143.jpg\"><img loading=\"lazy\" decoding=\"async\" class=\"aligncenter wp-image-6578 size-full\" src=\"https:\/\/www.mes-allocs.fr\/guides\/wp-content\/uploads\/2020\/05\/Laide-sociale-de\u0301partementale-e1589365608143.jpg\" alt=\"L'aide sociale d\u00e9partementale\" width=\"1280\" height=\"275\" srcset=\"https:\/\/www.mes-allocs.fr\/guides\/wp-content\/uploads\/2020\/05\/Laide-sociale-de\u0301partementale-e1589365608143.jpg 1280w, https:\/\/www.mes-allocs.fr\/guides\/wp-content\/uploads\/2020\/05\/Laide-sociale-de\u0301partementale-e1589365608143-300x64.jpg 300w, https:\/\/www.mes-allocs.fr\/guides\/wp-content\/uploads\/2020\/05\/Laide-sociale-de\u0301partementale-e1589365608143-1024x220.jpg 1024w, https:\/\/www.mes-allocs.fr\/guides\/wp-content\/uploads\/2020\/05\/Laide-sociale-de\u0301partementale-e1589365608143-768x165.jpg 768w, https:\/\/www.mes-allocs.fr\/guides\/wp-content\/uploads\/2020\/05\/Laide-sociale-de\u0301partementale-e1589365608143-600x129.jpg 600w\" sizes=\"auto, (max-width: 1280px) 100vw, 1280px\" \/><\/a>[Mis \u00e0 jour le 09\/04\/2026] <strong>L&rsquo;<a href=\"https:\/\/www.mes-allocs.fr\/guides\/aides-sociales\/\">aide sociale<\/a> est une composante essentielle du d\u00e9partement. Elle permet aux adultes, retrait\u00e9s et enfants (handicap\u00e9s ou non) de b\u00e9n\u00e9ficier d&rsquo;un vaste ensemble de mesures sociales.<\/strong><\/p>\n<div class='cta-block'><div class='text'>Simulez toutes vos aides en 2 min.<\/div><a href='https:\/\/www.mes-allocs.fr\/ab-app?origin=guides\/wp-json\/wp\/v2\/posts\/6188' class='app-button fit'>Simulation gratuite<\/a><\/div>\n<h1>Qu&rsquo;est-ce que l&rsquo;aide sociale d\u00e9partementale ?<\/h1>\n<h2>D\u00e9finition de l&rsquo;aide sociale d\u00e9partementale<\/h2>\n<p>L&rsquo;aide sociale est impuls\u00e9e par les collectivit\u00e9s locales et le conseil d\u00e9partemental. Il y a en r\u00e9alit\u00e9 deux types d&rsquo;aide sociale :<\/p>\n<ul>\n<li>l\u00e9gale<\/li>\n<li>extra-l\u00e9gale<\/li>\n<\/ul>\n<h2>Quelles sont les diff\u00e9rentes types d&rsquo;aides sociales ?<\/h2>\n<h3>L&rsquo;aide sociale l\u00e9gale<\/h3>\n<p>Elle est fix\u00e9e par la loi et regroupe trois acteurs publics :<\/p>\n<ul>\n<li>le d\u00e9partement<\/li>\n<li>l\u2019\u00c9tat<\/li>\n<li>la commune<\/li>\n<\/ul>\n<p>Elle recouvre des prestations comme :<\/p>\n<ul>\n<li>l\u2019aide sociale aux personnes\u00a0\u00e2g\u00e9es et handicap\u00e9es<\/li>\n<li>l\u2019aide sociale \u00e0 l\u2019enfance<\/li>\n<li>le d\u00e9veloppement social<\/li>\n<\/ul>\n<h3>L&rsquo;aide sociale <strong>extra-l\u00e9gale<br \/>\n<\/strong><\/h3>\n<p>Elle inclut :<\/p>\n<ul>\n<li>les prestations cr\u00e9\u00e9es par le d\u00e9partement,<\/li>\n<li>les dispositifs pr\u00e9vus par la\u00a0\u00a0r\u00e9glementation, le d\u00e9partement d\u00e9cide de modalit\u00e9s d\u2019application plus favorables.<\/li>\n<\/ul>\n<p>\u00c0 l&rsquo;instar des prestations d\u2019aide sociale l\u00e9gales, les aides extra-l\u00e9gales concernent :<\/p>\n<ul>\n<li>l\u2019aide sociale aux personnes\u00a0\u00e2g\u00e9es et handicap\u00e9es<\/li>\n<li>l\u2019aide sociale \u00e0 l\u2019enfance<\/li>\n<\/ul>\n<h1 id=\"laide-sociale-a-lhebergement-ash\">L\u2019aide sociale \u00e0 l\u2019h\u00e9bergement (ASH)<\/h1>\n<header id=\"headerPage\">\n<p class=\"date\" data-test=\"date-maj\">L&rsquo;aide sociale \u00e0 l&rsquo;h\u00e9bergement (ASH) correspond \u00e0 la prise en charge d&rsquo;une partie des frais (ou de leur totalit\u00e9) d&rsquo;h\u00e9bergement d&rsquo;une personne \u00e2g\u00e9e, handicap\u00e9e ou non. Elle peut \u00eatre plac\u00e9e en \u00e9tablissement ou b\u00e9n\u00e9ficier d&rsquo;un accueil familial. Elle est vers\u00e9e par le d\u00e9partement.<\/p>\n<h2 data-test=\"date-maj\">Quelles sont les conditions \u00e0 remplir ?<\/h2>\n<\/header>\n<div class=\"content-fiche\">\n<div class=\"tab-content\">\n<div id=\"situation1\" class=\"tab-pane active\">\n<div class=\"fiche-bloc bloc-principal\" data-toggle-scope=\"\">\n<div class=\"fiche-item\">\n<div id=\"fiche-item-2situation1\" class=\"fiche-item-content collapse in\" aria-hidden=\"false\">\n<div class=\"fiche-bloc bloc-principal\" data-toggle-scope=\"\">\n<div class=\"fiche-item\">\n<div id=\"fiche-item-1situation1\" class=\"fiche-item-content collapse in\" aria-hidden=\"false\">\n<ul>\n<li>\u00catre \u00e2g\u00e9 de plus de 65 ans (ou plus de 60 ans, si vous \u00eates reconnu inapte au travail)<\/li>\n<li>R\u00e9sider en France de fa\u00e7on stable et r\u00e9guli\u00e8re : de mani\u00e8re ininterrompue depuis plus de 3 mois (si la personne \u00e2g\u00e9e est \u00e9trang\u00e8re, elle doit avoir un titre de s\u00e9jour en cours de validit\u00e9),<\/li>\n<li>Avoir des ressources inf\u00e9rieures au montant des frais d&rsquo;h\u00e9bergement.<\/li>\n<\/ul>\n<p>Si la personne \u00e2g\u00e9e b\u00e9n\u00e9ficiaire souffre d&rsquo;une perte d&rsquo;autonomie, vous pouvez avoir recours \u00e0 l&rsquo;aide personnalis\u00e9e \u00e0 l&rsquo;autonomie (APA).<\/p>\n<\/div>\n<\/div>\n<\/div>\n<h2>Quelles sont les d\u00e9marches \u00e0 effectuer ?<\/h2>\n<p><strong>Le dossier de demande d&rsquo;ASH peut \u00eatre retir\u00e9 aupr\u00e8s de la mairie ou du centre\u00a0communal d&rsquo;action sociale (CCAS)<\/strong> de la commune o\u00f9 la personne \u00e2g\u00e9e demeure. Vous pouvez avoir acc\u00e8s aux coordonn\u00e9es des CCAS en mairie.<\/p>\n<\/div>\n<\/div>\n<div class=\"fiche-item\">\n<div id=\"fiche-item-3situation1\" class=\"fiche-item-content collapse in\" aria-hidden=\"false\">\n<div id=\"ou-s-adresser-bloc-5803663025738102906\" class=\"perso-geo\" data-ou-s-adresser=\"\">\n<div class=\"autocomplete select-a11y\">\n<form id=\"geoSearchForm58036630257381029061\" class=\"autocomplete-search\" action=\"https:\/\/www.service-public.fr\/geo\/rechercheJson\" method=\"post\" data-persogeo-idform=\"58036630257381029061\" data-application=\"geoSearchForm\">\n<p class=\"geo-perso-item-title\"><strong>Ensuite, la mairie (ou le CCAS) envoie votre dossier aux services du d\u00e9partement.<\/strong> Ces derniers ont 2 mois pour r\u00e9pondre \u00e0 votre courrier.<\/p>\n<p>En cas d&rsquo;attribution, la d\u00e9cision est notifi\u00e9e \u00e0 la personne \u00e2g\u00e9e ou \u00e0 son repr\u00e9sentant l\u00e9gal.<\/p>\n<h2>Quel est le montant de l&rsquo;ASH ?<\/h2>\n<p>L&rsquo;ASH ne correspond pas \u00e0 une somme pr\u00e9cise vers\u00e9e chaque mois. Il s&rsquo;agit d&rsquo;une prise en charge des frais d\u2019h\u00e9bergement non couverts par les revenus du b\u00e9n\u00e9ficiaire.<\/p>\n<p>L&rsquo;ASH fonctionne comme un versement compl\u00e9mentaire \u00e0 la part des revenus du b\u00e9n\u00e9ficiaire, qui sert \u00e0 payer l&rsquo;\u00e9tablissement (90% de ces revenus). Ce sont ces deux \u00e9l\u00e9ments qui forment le prix total de l&rsquo;h\u00e9bergement.<\/p>\n<p><strong>90% des revenus du b\u00e9n\u00e9ficiaire + 10% d&rsquo;aide sociale \u00e0 l&rsquo;h\u00e9bergement = prix total de l&rsquo;h\u00e9bergement.<\/strong><\/p>\n<p><iframe loading=\"lazy\" src=\"\/\/www.youtube.com\/embed\/QPEl0tAIlIw\" width=\"560\" height=\"314\" allowfullscreen=\"allowfullscreen\"><\/iframe><\/p>\n<\/form>\n<\/div>\n<\/div>\n<\/div>\n<\/div>\n<\/div>\n<\/div>\n<\/div>\n<\/div>\n<h1>L\u2019aide-m\u00e9nag\u00e8re \u00e0 domicile<\/h1>\n<div class=\"content-fiche\">\n<div class=\"tab-content\">\n<div id=\"situation1\" class=\"tab-pane active\">\n<div class=\"fiche-bloc bloc-principal\" data-toggle-scope=\"\">\n<div class=\"fiche-item\">\n<div class=\"fiche-item\">\n<div class=\"fiche-item\">\n<div class=\"fiche-item\">\n<div id=\"fiche-item-6situation1\" class=\"fiche-item-content collapse in\" aria-hidden=\"false\">\n<div class=\"fiche-item\">\n<div id=\"toc_container\" class=\"toc_white no_bullets contracted\">\n<h2 id=\"anchor1\">Quelles sont les conditions pour b\u00e9n\u00e9ficier d&rsquo;une aide m\u00e9nag\u00e8re \u00e0 domicile ?<\/h2>\n<ul>\n<li><strong>\u00catre \u00e2g\u00e9 d&rsquo;au moins 65 ans<\/strong> (ou 60 ans pour les personnes reconnues inaptes au travail) ;<\/li>\n<li><strong>Avoir des difficult\u00e9s pour effectuer les principales t\u00e2ches m\u00e9nag\u00e8res ;<\/strong><\/li>\n<li><strong>Ne pas b\u00e9n\u00e9ficier de <\/strong>l&rsquo;APA (allocation personnalis\u00e9e d&rsquo;autonomie) <strong>et<\/strong> ne pas y \u00eatre \u00e9ligible ;<\/li>\n<li><strong>Disposer de ressources mensuelles inf\u00e9rieures \u00e0 868,20 \u20ac <\/strong>pour une personne seule<strong> et 1 347,88 \u20ac <\/strong>pour un couple.<\/li>\n<\/ul>\n<h2 id=\"anchor2\">Quel est le montant de l\u2019aide ?<\/h2>\n<p>Il est estim\u00e9 en fonction des revenus du b\u00e9n\u00e9ficiaire, \u00e0 qui il peut \u00eatre demand\u00e9 de participer financi\u00e8rement au montant de cette aide. C&rsquo;est le conseil d\u00e9partemental qui verse ce financement.<\/p>\n<\/div>\n<div class=\"toc_white no_bullets contracted\">\n<h2 id=\"anchor3\">Quelles sont les d\u00e9marches \u00e0 effectuer ?<\/h2>\n<p>Il vous faut vous tourner vers votre CCAS (centre communal d\u2019action sociale) ou votre mairie.<\/p>\n<h2 id=\"anchor4\">Comment l\u2019aide est-elle vers\u00e9e\u00a0?<\/h2>\n<p>L&rsquo;aide est vers\u00e9e directement au service d&rsquo;aide \u00e0 domicile, choisi par la personne. Ce service \u00e0 domicile doit \u00eatre habilit\u00e9 \u00e0 recevoir l&rsquo;aide social par le conseil d\u00e9partemental.<\/p>\n<p>De plus, une somme d&rsquo;argent peut \u00eatre vers\u00e9e directement \u00e0 la personne dans les cas suivants :<\/p>\n<ul>\n<li>absence de service d\u2019aide \u00e0 domicile dans sa commune,<\/li>\n<li>la personne pr\u00e9f\u00e8re faire appel \u00e0 un salari\u00e9 qu&rsquo;elle emploie elle-m\u00eame.<\/li>\n<\/ul>\n<p>Dans ce dernier cas de figure, la personne doit fournir les justificatifs de d\u00e9pense des montants per\u00e7us.<\/p>\n<h1 id=\"allocation-deducation-de-lenfant-handicape-aeeh\">L&rsquo;allocation d\u2019\u00e9ducation de l\u2019enfant handicap\u00e9 (AEEH)<\/h1>\n<p>L&rsquo;allocation d&rsquo;\u00e9ducation de l&rsquo;enfant handicap\u00e9 (AEEH) sert \u00e0 accompagner financi\u00e8rement les parents en charge d&rsquo;en enfant en situation de handicap. L&rsquo;AEEH compense donc :<\/p>\n<ul>\n<li>les frais d&rsquo;\u00e9ducation<\/li>\n<li>le co\u00fbt des soins m\u00e9dicaux<\/li>\n<\/ul>\n<p>Elle est vers\u00e9 par la Caisse d&rsquo;allocations familiales (CAF) ou la Mutualit\u00e9 Sociale Agricole (MSA), aux personnes qui assument la charge de l&rsquo;enfant.<\/p>\n<h2>Quelles sont les conditions \u00e0 remplir ?<\/h2>\n<ul>\n<li>\u00e2ge de l&rsquo;enfant;<\/li>\n<li>taux d&rsquo;incapacit\u00e9;<\/li>\n<li>r\u00e9sidence en France;<\/li>\n<li>etc.<\/li>\n<\/ul>\n<h2>Quelles sont les d\u00e9marches \u00e0 effectuer ?<\/h2>\n<p>La demande d&rsquo;AEEH doit \u00eatre adress\u00e9e \u00e0 la MDPH (Maison D\u00e9partementale des Personnes Handicap\u00e9es). Il suffit de remplir un formulaire, en joignant les justificatifs suivants :<\/p>\n<ul>\n<li>certificat m\u00e9dical;<\/li>\n<li>copie de la carte d&rsquo;identit\u00e9 du demandeur;<\/li>\n<li>etc.<\/li>\n<\/ul>\n<h2>Quel est le montant de l&rsquo;aide ?<\/h2>\n<p><strong>Le montant de l&rsquo;AEEH est de 142,70 euros par mois. Sachez que des aides compl\u00e9mentaires peuvent \u00eatre accord\u00e9es sous certaines conditions.<\/strong><\/p>\n<div class='cta-block'><div class='text'>Simulez toutes vos aides en 2 min.<\/div><a href='https:\/\/www.mes-allocs.fr\/ab-app?origin=guides\/wp-json\/wp\/v2\/posts\/6188' class='app-button fit'>Simulation gratuite<\/a><\/div>\n<h1 id=\"la-prestation-de-compensation-du-handicap-pch\">La prestation de compensation du handicap (PCH)<\/h1>\n<h2>De quoi s&rsquo;agit-il ?<\/h2>\n<p><strong>La prestation de compensation du handicap (PCH) s&rsquo;adresse aux personnes handicap\u00e9es vivant \u00e0 domicile ou chez un aidant familial.<\/strong><\/p>\n<p>Elle est vers\u00e9e par le d\u00e9partement (plus exactement, par la Maison D\u00e9partementale aux Personnes Handicap\u00e9es, MDPH) et attribu\u00e9e par le CDAPH, \u00e0 vie sur l&rsquo;\u00e9tat du b\u00e9n\u00e9ficiaire ne s&rsquo;am\u00e9liore pas. <strong>La PCH regroupe en r\u00e9alit\u00e9 6 prestations<\/strong> :<\/p>\n<ul>\n<li>L\u2019aide humaine;<\/li>\n<li>L\u2019aide technique;<\/li>\n<li>L\u2019aide \u00e0 l\u2019am\u00e9nagement du logement;<\/li>\n<li>L\u2019aide au transport;<\/li>\n<li>Les aides sp\u00e9cifiques ou exceptionnelles;<\/li>\n<li>L\u2019aide animali\u00e8re<\/li>\n<\/ul>\n<p>Pour chacune d&rsquo;entre elles, la prise en charge peut \u00eatre effectu\u00e9e \u00e0 taux plein ou \u00e0 taux partiel.<\/p>\n<h2>L&rsquo;aide \u00e0 la parentalit\u00e9<\/h2>\n<p>Cette aide constitue une <strong>aide extra-l\u00e9gale (facultative)<\/strong> attribu\u00e9e par le d\u00e9partement d\u2019Ille-et-Vilaine. Elle s\u2019adresse aux parents b\u00e9n\u00e9ficiaires de la PCH qui ont des difficult\u00e9s \u00e0 s&rsquo;occuper de leur enfant, du fait de leur handicap.<\/p>\n<\/div>\n<\/div>\n<\/div>\n<\/div>\n<\/div>\n<\/div>\n<\/div>\n<\/div>\n<\/div>\n<\/div>\n<\/div>\n<h1>Le fonds d\u00e9partemental d\u2019aide aux jeunes en difficult\u00e9<\/h1>\n<p>Le fonds d\u00e9partemental d\u2019aide aux jeunes en difficult\u00e9 s&rsquo;adresse aux :<\/p>\n<ul>\n<li>salari\u00e9s de moins de 25 ans <strong>ou<\/strong> aux \u00e9tudiants non boursiers, faisant face \u00e0 une situation financi\u00e8re critique;<\/li>\n<li>jeunes qui ne vivent plus chez leurs parents;<\/li>\n<li>jeunes en situation de rupture familiale.<em><br \/>\n<\/em><\/li>\n<\/ul>\n<p>Pour en b\u00e9n\u00e9ficier, vous devez vous rendre \u00e0 la mission locale de votre commune.<\/p>\n<h1>L&rsquo;aide sociale aux petites entreprises<\/h1>\n<p>Crise sanitaire oblige, certains d\u00e9partements envisagent de verser une aide aux petites entreprises. C&rsquo;est le cas du Calvados qui souhaite verser d\u00e8s le 25 mai, une aide aux personnes dont l&rsquo;activit\u00e9 a \u00e9t\u00e9 impact\u00e9e par la crise du Covid-19. Sont concern\u00e9s par cette mesure les personnes ci-dessous :<\/p>\n<ul>\n<li><strong>chefs de petites entreprises,<\/strong><\/li>\n<li><strong>ind\u00e9pendants,<\/strong><\/li>\n<li><strong>professions lib\u00e9rales.<\/strong><\/li>\n<\/ul>\n<p>Plus pr\u00e9cis\u00e9ment, elle pourrait concerner 44.000 b\u00e9n\u00e9ficiaires dans le Calvados, \u00e0 savoir :<\/p>\n<ul>\n<li>les petites structures r\u00e9alisant moins de <strong>300 000 \u20ac de chiffre d\u2019affaires,<\/strong><\/li>\n<li>dont les <strong>pertes s&rsquo;estiment \u00e0 au moins 40%<\/strong>, par rapport au chiffre d&rsquo;affaire d&rsquo;avril 2019.<\/li>\n<\/ul>\n<p>Cette initiative a \u00e9t\u00e9 annonc\u00e9e par le pr\u00e9sident du conseil d\u00e9partemental, Jean-L\u00e9once Dupont, le mardi 12 mai. L&rsquo;aide pr\u00e9vue est de 3 \u00e0 7 millions d&rsquo;euros pour l&rsquo;ensemble des personnes concern\u00e9es.<\/p>\n<p><strong>Il s&rsquo;agit donc d&rsquo;une aide \u00e0 la personne, dont le montant est de <b>607,75 euros<\/b>. Cette aide correspond au montant du Revenu de solidarit\u00e9 active (RSA).<\/strong><\/p>\n<p><strong>En outre, elle ne pourra \u00eatre vers\u00e9 qu&rsquo;une seule fois. Elle est cumulable avec les autres dispositifs mis en place par l&rsquo;\u00c9tat.<\/strong><\/p>\n<h1>L\u2019admission en urgence \u00e0 l\u2019aide sociale<\/h1>\n<p>Si une personne \u00e2g\u00e9e ou une personne en situation de handicap se retrouve <strong>priv\u00e9e de l&rsquo;aide de ceux qui l\u2019assistent \u00e0 domicile<\/strong>, elle peut b\u00e9n\u00e9ficier d&rsquo;un coup de pouce. <strong>Il est attribu\u00e9 par le d\u00e9partement du Val-de-Marne.<\/strong><\/p>\n<p>Il s&rsquo;agit d&rsquo;un accueil en \u00e9tablissement ou du recours \u00e0 une aide-m\u00e9nag\u00e8re \u00e0 domicile. Le maire de la commune est en charge de cette d\u00e9marche : il prononce l\u2019admission d\u2019urgence \u00e0 l\u2019aide sociale de la personne concern\u00e9e.<\/p>\n<p>Ensuite, il transmet le dossier au d\u00e9partement. Ce dernier rend sa d\u00e9cision dans un d\u00e9lai d&rsquo;un mois. <strong>S&rsquo;il refuse, les frais engag\u00e9s avant cette d\u00e9cision restent \u00e0 la charge de la personne \u00e2g\u00e9e ou en situation de handicap.<\/strong><\/p>\n<div class='cta-block'><div class='text'>Simulez toutes vos aides en 2 min.<\/div><a href='https:\/\/www.mes-allocs.fr\/ab-app?origin=guides\/wp-json\/wp\/v2\/posts\/6188' class='app-button fit'>Simulation gratuite<\/a><\/div>\n","protected":false},"excerpt":{"rendered":"<p>[Mis \u00e0 jour le 09\/04\/2026] L&rsquo;aide sociale est une composante essentielle du d\u00e9partement. Elle permet aux adultes, retrait\u00e9s et enfants (handicap\u00e9s ou non) de b\u00e9n\u00e9ficier d&rsquo;un vaste ensemble de mesures sociales. Qu&rsquo;est-ce que l&rsquo;aide sociale d\u00e9partementale ? D\u00e9finition de l&rsquo;aide sociale d\u00e9partementale L&rsquo;aide sociale est impuls\u00e9e par les collectivit\u00e9s locales et le conseil d\u00e9partemental. Il [&hellip;]<\/p>\n","protected":false},"author":10,"featured_media":6578,"comment_status":"open","ping_status":"open","sticky":false,"template":"","format":"standard","meta":{"amp_status":"","footnotes":""},"categories":[1411],"tags":[],"class_list":["post-6188","post","type-post","status-publish","format-standard","has-post-thumbnail","hentry","category-aides-sociales"],"yoast_head":"<!-- This site is optimized with the Yoast SEO plugin v14.9 - https:\/\/yoast.com\/wordpress\/plugins\/seo\/ -->\n<title>L&#039;aide sociale d\u00e9partementale | Mes-Allocs.fr<\/title>\n<meta name=\"description\" content=\"L&#039;aide sociale est une composante essentielle du d\u00e9partement. Elle permet aux adultes, retrait\u00e9s et enfants de b\u00e9n\u00e9ficier de mesures sociales.\" \/>\n<meta name=\"robots\" content=\"index, follow, max-snippet:-1, max-image-preview:large, max-video-preview:-1\" \/>\n<link rel=\"canonical\" href=\"https:\/\/www.mes-allocs.fr\/guides\/aides-sociales\/aide-sociale-departementale\/\" \/>\n<meta property=\"og:locale\" content=\"fr_FR\" \/>\n<meta property=\"og:type\" content=\"article\" \/>\n<meta property=\"og:title\" content=\"L&#039;aide sociale d\u00e9partementale | Mes-Allocs.fr\" \/>\n<meta property=\"og:description\" content=\"L&#039;aide sociale est une composante essentielle du d\u00e9partement. Elle permet aux adultes, retrait\u00e9s et enfants de b\u00e9n\u00e9ficier de mesures sociales.\" \/>\n<meta property=\"og:url\" content=\"https:\/\/www.mes-allocs.fr\/guides\/aides-sociales\/aide-sociale-departementale\/\" \/>\n<meta property=\"og:site_name\" content=\"Mes-Allocs.fr\" \/>\n<meta property=\"article:published_time\" content=\"2020-05-13T20:39:45+00:00\" \/>\n<meta property=\"article:modified_time\" content=\"2026-04-09T14:43:12+00:00\" \/>\n<meta property=\"og:image\" content=\"https:\/\/www.mes-allocs.fr\/guides\/wp-content\/uploads\/2020\/05\/Laide-sociale-de\u0301partementale-e1589365608143.jpg?wsr\" \/>\n\t<meta property=\"og:image:width\" content=\"1280\" \/>\n\t<meta property=\"og:image:height\" content=\"275\" \/>\n<meta name=\"twitter:card\" content=\"summary_large_image\" \/>\n<script type=\"application\/ld+json\" class=\"yoast-schema-graph\">{\"@context\":\"https:\/\/schema.org\",\"@graph\":[{\"@type\":\"WebSite\",\"@id\":\"https:\/\/www.mes-allocs.fr\/guides\/#website\",\"url\":\"https:\/\/www.mes-allocs.fr\/guides\/\",\"name\":\"Mes-Allocs.fr\",\"description\":\"\",\"potentialAction\":[{\"@type\":\"SearchAction\",\"target\":\"https:\/\/www.mes-allocs.fr\/guides\/?s={search_term_string}\",\"query-input\":\"required name=search_term_string\"}],\"inLanguage\":\"fr-FR\"},{\"@type\":\"ImageObject\",\"@id\":\"https:\/\/www.mes-allocs.fr\/guides\/aides-sociales\/aide-sociale-departementale\/#primaryimage\",\"inLanguage\":\"fr-FR\",\"url\":\"https:\/\/www.mes-allocs.fr\/guides\/wp-content\/uploads\/2020\/05\/Laide-sociale-de\\u0301partementale-e1589365608143.jpg?wsr\",\"width\":1280,\"height\":275,\"caption\":\"Laide sociale de\\u0301partementale e1589365608143\"},{\"@type\":\"WebPage\",\"@id\":\"https:\/\/www.mes-allocs.fr\/guides\/aides-sociales\/aide-sociale-departementale\/#webpage\",\"url\":\"https:\/\/www.mes-allocs.fr\/guides\/aides-sociales\/aide-sociale-departementale\/\",\"name\":\"L'aide sociale d\\u00e9partementale | Mes-Allocs.fr\",\"isPartOf\":{\"@id\":\"https:\/\/www.mes-allocs.fr\/guides\/#website\"},\"primaryImageOfPage\":{\"@id\":\"https:\/\/www.mes-allocs.fr\/guides\/aides-sociales\/aide-sociale-departementale\/#primaryimage\"},\"datePublished\":\"2020-05-13T20:39:45+00:00\",\"dateModified\":\"2026-04-09T14:43:12+00:00\",\"author\":{\"@id\":\"https:\/\/www.mes-allocs.fr\/guides\/#\/schema\/person\/8d47b912c0ad15f379df96b4e4e33f58\"},\"description\":\"L'aide sociale est une composante essentielle du d\\u00e9partement. Elle permet aux adultes, retrait\\u00e9s et enfants de b\\u00e9n\\u00e9ficier de mesures sociales.\",\"inLanguage\":\"fr-FR\"},{\"@type\":\"Person\",\"@id\":\"https:\/\/www.mes-allocs.fr\/guides\/#\/schema\/person\/8d47b912c0ad15f379df96b4e4e33f58\",\"name\":\"Constance de Cagny\",\"image\":{\"@type\":\"ImageObject\",\"@id\":\"https:\/\/www.mes-allocs.fr\/guides\/#personlogo\",\"inLanguage\":\"fr-FR\",\"url\":\"https:\/\/www.mes-allocs.fr\/guides\/wp-content\/uploads\/2021\/06\/Constance.2e8ee0b.png\",\"caption\":\"Constance de Cagny\"},\"description\":\"Constance est r\\u00e9dactrice au sein de l'\\u00e9quipe Mes Allocs. Elle a l'habitude d'\\u00e9crire sur les sujets conso, bons plans et \\u00e9conomies. Dipl\\u00f4m\\u00e9e de l'ENACO, elle rejoint Mes Allocs apr\\u00e8s une premi\\u00e8re exp\\u00e9rience en cabinet notarial.\",\"sameAs\":[\"https:\/\/www.linkedin.com\/in\/constance-de-cagny-mayeur-bbb414135\"]}]}<\/script>\n<!-- \/ Yoast SEO plugin. -->","amp_validity":null,"acf":{"faq":{"1":{"question":"O\u00f9 demander aide sociale ?","answer":"L'aide sociale d\u00e9pend de la collectivit\u00e9 et du conseil d\u00e9partemental. Elle est parfois soutenue par l'\u00c9tat via la CAF ou la MSA.\r\n\r\nIl existe plusieurs lieux o\u00f9 avoir acc\u00e8s \u00e0 l'aide sociale, qui varient en fonction de l'aide demand\u00e9e.\r\n\r\n- la CCAS (centre communal d\u2019action sociale) ou votre mairie pour l'ASH,\r\n- la mission locale pour le fonds d'aide aux jeunes en difficult\u00e9,\r\n- la MDPH pour les enfants handicap\u00e9s."},"2":{"question":"Comment fonctionne l'aide sociale ?","answer":"L'aide sociale est au coeur du syst\u00e8me d\u00e9partemental.\r\nEn effet, celui-ci fixe un r\u00e8glement d\u00e9partemental qui d\u00e9termine l'ensemble des aides sociales (l\u00e9gales et extra-l\u00e9gales) qu'il compte attribuer.\r\n\r\nDirig\u00e9 par le pr\u00e9sident du conseil g\u00e9n\u00e9ral, le d\u00e9partement travaille en collaboration avec la commune, charg\u00e9e de l'instruction des dossiers de demande d'aide."},"3":{"question":"Qui a droit \u00e0 l'aide sociale ?","answer":"L'aide sociale reposant sur la solidarit\u00e9, elle accompagne les personnes les plus vuln\u00e9rables, \u00e0 savoir les personnes \u00e2g\u00e9es, les jeunes en difficult\u00e9 ainsi que les enfants, \u00e0 travers un ensemble divers de prestations sociales (PCH, ASH, AEEH etc)."},"4":{"question":"Comment obtenir une aide sociale en France ?","answer":"L'aide sociale d\u00e9pend de la collectivit\u00e9 et du conseil d\u00e9partemental. Elle est parfois soutenue par l'\u00c9tat via la CAF ou la MSA.\r\n\r\nIl existe plusieurs lieux o\u00f9 avoir acc\u00e8s \u00e0 l'aide sociale, qui varient en fonction de l'aide demand\u00e9e.\r\n\r\n- la CCAS (centre communal d\u2019action sociale) ou votre mairie pour l'ASH,\r\n- la mission locale pour le fonds d'aide aux jeunes en difficult\u00e9,\r\n- la MDPH pour les enfants handicap\u00e9s."},"5":{"question":"Comment calculer le montant de l'aide sociale ?","answer":"Le montant de l'aide sociale d\u00e9pend de la prestation accord\u00e9e.\r\n\r\nEn effet, s'il s'agit de l'ASH par exemple (l'aide sociale \u00e0 l'h\u00e9bergement), le calcul est le suivant :\r\n\r\n- 90% des revenus du b\u00e9n\u00e9ficiaire + 10% d'aide sociale \u00e0 l'h\u00e9bergement = prix total de l'h\u00e9bergement\r\n\r\nL'ASH permet aux personnes \u00e2g\u00e9es ayant peu de revenus de b\u00e9n\u00e9ficier d'un h\u00e9bergement.\r\n\r\n\u00c0 cela s'ajoute l'obligation alimentaire, dont le bar\u00e8me est fix\u00e9 par le conseil d\u00e9partemental."},"6":{"question":"Quelles sont les diff\u00e9rentes aides sociales ?","answer":"Les diff\u00e9rentes aides sociales d\u00e9pendent du d\u00e9partement dans lequel vous vivez. Or g\u00e9n\u00e9ralement, les aides mises en place sont :\r\n\r\n- l'ASH,\r\n- la PCH,\r\n- l'AEEH,\r\n- le fonds d\u00e9partemental d\u2019aide aux jeunes en difficult\u00e9,\r\n- l'aide-m\u00e9nag\u00e8re \u00e0 domicile."},"7":{"question":"Qu'est-ce que l'aide sociale l\u00e9gale ?","answer":"L'aide sociale l\u00e9gale est fix\u00e9e par la loi et regroupe trois acteurs publics : le d\u00e9partement,\r\nl\u2019\u00c9tat et la commune. Elle recouvre des prestations d'aide sociale comme : l\u2019aide sociale aux personnes\u00a0\u00e2g\u00e9es et handicap\u00e9es, l\u2019aide sociale \u00e0 l\u2019enfance et le d\u00e9veloppement social."},"8":{"question":"Qui est responsable de l'aide sociale l\u00e9gale ?","answer":"L'aide sociale est un syst\u00e8me de solidarit\u00e9 nationale, appuy\u00e9 par l\u2019\u00c9tat, les collectivit\u00e9s territoriales, les organismes de S\u00e9curit\u00e9 sociale et de mutualit\u00e9 agricole."},"9":{"question":"","answer":""},"10":{"question":"","answer":""},"11":{"question":"","answer":""},"12":{"question":"","answer":""},"13":{"question":"","answer":""},"14":{"question":"","answer":""},"15":{"question":"","answer":""},"16":{"question":"","answer":""}}},"_links":{"self":[{"href":"https:\/\/www.mes-allocs.fr\/guides\/wp-json\/wp\/v2\/posts\/6188","targetHints":{"allow":["GET"]}}],"collection":[{"href":"https:\/\/www.mes-allocs.fr\/guides\/wp-json\/wp\/v2\/posts"}],"about":[{"href":"https:\/\/www.mes-allocs.fr\/guides\/wp-json\/wp\/v2\/types\/post"}],"author":[{"embeddable":true,"href":"https:\/\/www.mes-allocs.fr\/guides\/wp-json\/wp\/v2\/users\/10"}],"replies":[{"embeddable":true,"href":"https:\/\/www.mes-allocs.fr\/guides\/wp-json\/wp\/v2\/comments?post=6188"}],"version-history":[{"count":27,"href":"https:\/\/www.mes-allocs.fr\/guides\/wp-json\/wp\/v2\/posts\/6188\/revisions"}],"predecessor-version":[{"id":111858,"href":"https:\/\/www.mes-allocs.fr\/guides\/wp-json\/wp\/v2\/posts\/6188\/revisions\/111858"}],"wp:featuredmedia":[{"embeddable":true,"href":"https:\/\/www.mes-allocs.fr\/guides\/wp-json\/wp\/v2\/media\/6578"}],"wp:attachment":[{"href":"https:\/\/www.mes-allocs.fr\/guides\/wp-json\/wp\/v2\/media?parent=6188"}],"wp:term":[{"taxonomy":"category","embeddable":true,"href":"https:\/\/www.mes-allocs.fr\/guides\/wp-json\/wp\/v2\/categories?post=6188"},{"taxonomy":"post_tag","embeddable":true,"href":"https:\/\/www.mes-allocs.fr\/guides\/wp-json\/wp\/v2\/tags?post=6188"}],"curies":[{"name":"wp","href":"https:\/\/api.w.org\/{rel}","templated":true}]}}