{"id":61878,"date":"2023-02-15T16:44:48","date_gmt":"2023-02-15T14:44:48","guid":{"rendered":"https:\/\/www.mes-allocs.fr\/guides\/?p=61878"},"modified":"2025-02-18T16:33:04","modified_gmt":"2025-02-18T14:33:04","slug":"aide-velo-electrique-rouen","status":"publish","type":"post","link":"https:\/\/www.mes-allocs.fr\/guides\/aide-velo-electrique\/aide-velo-region\/aide-velo-electrique-rouen\/","title":{"rendered":"Prime v\u00e9lo \u00e9lectrique Rouen : conditions, montant, d\u00e9marches"},"content":{"rendered":"<h1><img loading=\"lazy\" decoding=\"async\" class=\"aligncenter wp-image-61888 size-full\" title=\"prime v\u00e9lo \u00e9lectrique Rouen\" src=\"https:\/\/www.mes-allocs.fr\/guides\/wp-content\/uploads\/2023\/02\/pexels-darcy-lawrey-733740-e1676468954785.jpg\" alt=\"prime v\u00e9lo \u00e9lectrique Rouen\" width=\"1280\" height=\"230\" srcset=\"https:\/\/www.mes-allocs.fr\/guides\/wp-content\/uploads\/2023\/02\/pexels-darcy-lawrey-733740-e1676468954785.jpg 1280w, https:\/\/www.mes-allocs.fr\/guides\/wp-content\/uploads\/2023\/02\/pexels-darcy-lawrey-733740-e1676468954785-300x54.jpg 300w, https:\/\/www.mes-allocs.fr\/guides\/wp-content\/uploads\/2023\/02\/pexels-darcy-lawrey-733740-e1676468954785-1024x184.jpg 1024w, https:\/\/www.mes-allocs.fr\/guides\/wp-content\/uploads\/2023\/02\/pexels-darcy-lawrey-733740-e1676468954785-768x138.jpg 768w, https:\/\/www.mes-allocs.fr\/guides\/wp-content\/uploads\/2023\/02\/pexels-darcy-lawrey-733740-e1676468954785-600x108.jpg 600w\" sizes=\"auto, (max-width: 1280px) 100vw, 1280px\" \/><\/h1>\n<p>Profitez des <a href=\"https:\/\/www.mes-allocs.fr\/guides\/prime-velo-electrique\/aide-velo-region\/\">primes r\u00e9gionales pour l&rsquo;achat de votre v\u00e9lo \u00e9lectrique<\/a>. Et si vous habitez Rouen ou l&rsquo;une des communes composant la M\u00e9tropole Rouen Normandie, vous pouvez b\u00e9n\u00e9ficiez d&rsquo;une prime v\u00e9lo \u00e9lectrique.<\/p>\n<div class='cta-block'><div class='text'>Simulez toutes vos aides en 2 min.<\/div><a href='https:\/\/www.mes-allocs.fr\/ab-app?origin=guides\/wp-json\/wp\/v2\/posts\/61878' class='app-button fit'>Simulation gratuite<\/a><\/div>\n<p><iframe loading=\"lazy\" title=\"L&#039;aide au v\u00e9lo \u00e9lectrique\" width=\"500\" height=\"281\" src=\"https:\/\/www.youtube.com\/embed\/QH5GqTFaqwE?feature=oembed\" frameborder=\"0\" allow=\"accelerometer; autoplay; clipboard-write; encrypted-media; gyroscope; picture-in-picture; web-share\" referrerpolicy=\"strict-origin-when-cross-origin\" allowfullscreen><\/iframe><\/p>\n<h1>L&rsquo;aide \u00e0 l&rsquo;achat d&rsquo;un v\u00e9lo \u00e9lectrique par la M\u00e9tropole de Rouen<\/h1>\n<p>Depuis le 29 ao\u00fbt 2022 et jusqu&rsquo;au 31 d\u00e9cembre 2026, la M\u00e9tropole Rouen Normandie propose une <strong>aide \u00e0 l&rsquo;achat d&rsquo;un v\u00e9lo \u00e0 assistance \u00e9lectrique<\/strong> pour les habitants de ses 71 communes. L&rsquo;objectif est de promouvoir des modes de d\u00e9placement actifs et de r\u00e9pondre aux enjeux \u00e9cologiques sur son territoire.<\/p>\n<h2>Conditions d&rsquo;\u00e9ligibilit\u00e9<\/h2>\n<h3>Conditions li\u00e9es au demandeur<\/h3>\n<p>L&rsquo;aide ne s&rsquo;adresse pas \u00e0 tous les habitants de la M\u00e9tropole, elle est uniquement r\u00e9serv\u00e9e aux habitants ayant souscrits un <strong>contrat de location longue dur\u00e9e aupr\u00e8s du service LOVELO<\/strong> au cours des 6 derniers mois. Ce service a \u00e9galement \u00e9t\u00e9 mis en place par la M\u00e9tropole Rouen Normandie.<\/p>\n<p>Pour en b\u00e9n\u00e9ficier, vous devez donc :\u00a0<img loading=\"lazy\" decoding=\"async\" class=\"alignright wp-image-61887\" title=\"prime v\u00e9lo \u00e9lectrique Rouen\" src=\"https:\/\/www.mes-allocs.fr\/guides\/wp-content\/uploads\/2023\/02\/pexels-blue-bird-7243019-e1676468989955.jpg\" alt=\"prime v\u00e9lo \u00e9lectrique Rouen\" width=\"251\" height=\"243\" srcset=\"https:\/\/www.mes-allocs.fr\/guides\/wp-content\/uploads\/2023\/02\/pexels-blue-bird-7243019-e1676468989955.jpg 1118w, https:\/\/www.mes-allocs.fr\/guides\/wp-content\/uploads\/2023\/02\/pexels-blue-bird-7243019-e1676468989955-300x290.jpg 300w, https:\/\/www.mes-allocs.fr\/guides\/wp-content\/uploads\/2023\/02\/pexels-blue-bird-7243019-e1676468989955-1024x989.jpg 1024w, https:\/\/www.mes-allocs.fr\/guides\/wp-content\/uploads\/2023\/02\/pexels-blue-bird-7243019-e1676468989955-768x742.jpg 768w, https:\/\/www.mes-allocs.fr\/guides\/wp-content\/uploads\/2023\/02\/pexels-blue-bird-7243019-e1676468989955-600x580.jpg 600w\" sizes=\"auto, (max-width: 251px) 100vw, 251px\" \/><\/p>\n<ul>\n<li>\u00eatre une personne physique ;<\/li>\n<li>avoir souscrit un contrat de location longue dur\u00e9e LOVELO au cours des 6 derniers moi ;<\/li>\n<li>\u00eatre majeur ;<\/li>\n<li>avoir votre r\u00e9sidence principale dans une des communes de la M\u00e9tropole ;<\/li>\n<li>avoir achet\u00e9 un v\u00e9lo \u00e9lectrique apr\u00e8s le 15 juillet 2022.<\/li>\n<\/ul>\n<p>Vous ne pouvez b\u00e9n\u00e9ficier que d&rsquo;une seule aide par personne pour une dur\u00e9e de 5 ans, vous pourrez donc effectuer une nouvelle demande \u00e0 l&rsquo;issue de ce d\u00e9lai. Vous devez \u00e9galement vous engager \u00e0 ne pas revendre le v\u00e9lo pendant 5 ans.<\/p>\n<h3>Conditions li\u00e9es au v\u00e9lo<\/h3>\n<p>La subvention est accord\u00e9e pour l&rsquo;achat de v\u00e9los \u00e9lectriques, de v\u00e9los pliants ou de v\u00e9los cargos.<\/p>\n<p>Le <b>v\u00e9lo \u00e9lectrique<\/b> doit \u00eatre\u00a0conforme \u00e0 la r\u00e9glementation en vigueur * et\u00a0son<b> co\u00fbt d&rsquo;achat<\/b> doit \u00e9galement \u00eatre<b> inf\u00e9rieur \u00e0 4.000 \u20ac TTC.\u00a0<\/b><\/p>\n<p>Pour les <b>v\u00e9los pliants<\/b>, le cout d&rsquo;achat doit \u00e9galement \u00eatre<b> inf\u00e9rieur \u00e0 4.000 \u20ac TTC.\u00a0<\/b><\/p>\n<p>Concernant l&rsquo;achat d&rsquo;un<b> v\u00e9lo cargo ou familial<\/b>, ce dernier doit \u00eatre un <b>biporteur<\/b>, un <b>triporteur <\/b>ou un <b>v\u00e9lo rallong\u00e9<\/b> (longtail). Leur prix d&rsquo;achat doit \u00eatre <b>inf\u00e9rieur \u00e0 6.000 \u20ac TTC.\u00a0<\/b><\/p>\n<p>* R\u00e9glementation en vigueur au<b>\u00a0sens de la directive europe\u0301enne 2002\/24\/CE du 18 mars 2002 :<\/b>\u00a0cycle a\u0300 pe\u0301dalage assiste\u0301, e\u0301quipe\u0301 d\u2019un moteur auxiliaire e\u0301lectrique d\u2019une puissance nominale continue maximale de 0,25 kilowatt dont l\u2019alimentation est re\u0301duite progressivement et finalement interrompue lorsque le ve\u0301hicule atteint une vitesse de 25 kilome\u0300tres\/heure, ou plus to\u0302t, si le cycliste arre\u0302te de pe\u0301daler.<\/p>\n<h2>Montant de l&rsquo;aide<img loading=\"lazy\" decoding=\"async\" class=\"alignright wp-image-61892\" title=\"prime v\u00e9lo \u00e9lectrique Rouen\" src=\"https:\/\/www.mes-allocs.fr\/guides\/wp-content\/uploads\/2023\/02\/pexels-pixabay-210705-e1676469126332.jpg\" alt=\"prime v\u00e9lo \u00e9lectrique Rouen\" width=\"263\" height=\"226\" srcset=\"https:\/\/www.mes-allocs.fr\/guides\/wp-content\/uploads\/2023\/02\/pexels-pixabay-210705-e1676469126332.jpg 937w, https:\/\/www.mes-allocs.fr\/guides\/wp-content\/uploads\/2023\/02\/pexels-pixabay-210705-e1676469126332-300x258.jpg 300w, https:\/\/www.mes-allocs.fr\/guides\/wp-content\/uploads\/2023\/02\/pexels-pixabay-210705-e1676469126332-768x661.jpg 768w, https:\/\/www.mes-allocs.fr\/guides\/wp-content\/uploads\/2023\/02\/pexels-pixabay-210705-e1676469126332-600x516.jpg 600w\" sizes=\"auto, (max-width: 263px) 100vw, 263px\" \/><\/h2>\n<p>La M\u00e9tropole accorde l&rsquo;aide \u00e0 toute personne \u00e9ligible, mais le montant attribu\u00e9 va varier selon les revenus du b\u00e9n\u00e9ficiaire. Le montant est fix\u00e9 \u00e0 :<\/p>\n<ul>\n<li><b>50 % du prix d&rsquo;achat TTC <\/b>pour les personnes ayant un <b>RFR par part inf\u00e9rieur ou \u00e9gal \u00e0 13.489 \u20ac<\/b><\/li>\n<li>\u00a0<b>30 % du prix d&rsquo;achat TTC<\/b> pour un <b>RFR par part sup\u00e9rieur \u00e0 13.489 \u20ac.<\/b><\/li>\n<\/ul>\n<p>&nbsp;<\/p>\n<p>Les<b> montants attribu\u00e9s <\/b>sont les suivants :<\/p>\n\n<div class=\"wpdt-c row wpDataTableContainerSimpleTable wpDataTables wpDataTablesWrapper\n\"\n    >\n    <table id=\"wpdtSimpleTable-153\"\n           class=\"wpdtSimpleTable wpDataTable\"\n           data-column=\"3\"\n           data-rows=\"4\"\n           data-wpID=\"153\"\n           data-responsive=\"0\"\n           data-has-header=\"0\">\n\n                    <tbody>        <tr class=\"wpdt-cell-row \" >\n                            <td class=\"wpdt-cell wpdt-bold wpdt-bc-EFEFEF wpdt-merged-cell \"\n                 colspan=\"1\"  rowspan=\"2\"                 data-cell-id=\"A1\"\n                data-col-index=\"0\"\n                data-row-index=\"0\"\n                style=\" width:33.333333333333%;                padding:10px;\"\n                >\n                                Quels montants maximum de l'aide ?                <\/td>\n                                            <td class=\"wpdt-cell wpdt-bold wpdt-bc-F1F0F0 wpdt-merged-cell \"\n                 colspan=\"1\"  rowspan=\"2\"                 data-cell-id=\"B1\"\n                data-col-index=\"1\"\n                data-row-index=\"0\"\n                style=\" width:33.333333333333%;                padding:10px;\"\n                >\n                                RFR par part  \u2264 13.489 \u20ac                <\/td>\n                                            <td class=\"wpdt-cell wpdt-bold wpdt-bc-F1F0F0 wpdt-merged-cell \"\n                 colspan=\"1\"  rowspan=\"2\"                 data-cell-id=\"C1\"\n                data-col-index=\"2\"\n                data-row-index=\"0\"\n                style=\" width:33.333333333333%;                padding:10px;\"\n                >\n                                RFR par part > 13.489 \u20ac                <\/td>\n                                        <\/tr>\n                            <tr class=\"wpdt-cell-row \" >\n                                                            <\/tr>\n                            <tr class=\"wpdt-cell-row \" >\n                            <td class=\"wpdt-cell wpdt-bold\"\n                                    data-cell-id=\"A3\"\n                data-col-index=\"0\"\n                data-row-index=\"2\"\n                style=\"                padding:10px;\"\n                >\n                                V\u00e9lo \u00e9lectrique  ou pliant                <\/td>\n                                            <td class=\"wpdt-cell \"\n                                    data-cell-id=\"B3\"\n                data-col-index=\"1\"\n                data-row-index=\"2\"\n                style=\"                padding:10px;\"\n                >\n                                500 \u20ac                <\/td>\n                                            <td class=\"wpdt-cell \"\n                                    data-cell-id=\"C3\"\n                data-col-index=\"2\"\n                data-row-index=\"2\"\n                style=\"                padding:10px;\"\n                >\n                                300 \u20ac                <\/td>\n                                        <\/tr>\n                            <tr class=\"wpdt-cell-row \" >\n                            <td class=\"wpdt-cell wpdt-bold\"\n                                    data-cell-id=\"A4\"\n                data-col-index=\"0\"\n                data-row-index=\"3\"\n                style=\"                padding:10px;\"\n                >\n                                V\u00e9lo cargo ou familial                <\/td>\n                                            <td class=\"wpdt-cell \"\n                                    data-cell-id=\"B4\"\n                data-col-index=\"1\"\n                data-row-index=\"3\"\n                style=\"                padding:10px;\"\n                >\n                                1.000 \u20ac                <\/td>\n                                            <td class=\"wpdt-cell \"\n                                    data-cell-id=\"C4\"\n                data-col-index=\"2\"\n                data-row-index=\"3\"\n                style=\"                padding:10px;\"\n                >\n                                600 \u20ac                <\/td>\n                                        <\/tr>\n                    <\/table>\n<\/div><style id='wpdt-custom-style-153'>\ntable#wpdtSimpleTable-153{ table-layout: fixed !important; }\n.wpdt-bc-EFEFEF { background-color: #EFEFEF !important;}\n.wpdt-bc-F1F0F0 { background-color: #F1F0F0 !important;}\n<\/style>\n\n<h2>D\u00e9marches \u00e0 effectuer<\/h2>\n<p>La d\u00e9marche est <strong>d\u00e9mat\u00e9rialis\u00e9e<\/strong>, vous devez donc faire la demande d&rsquo;aide depuis le site officiel de la M\u00e9tropole. En cas d&rsquo;impossibilit\u00e9, vous pouvez \u00e9galement la transmettre par voie postale.<\/p>\n<p>Vous devez fournir les pi\u00e8ces justificatives suivantes :<\/p>\n<ul>\n<li>copie de votre pi\u00e8ce d&rsquo;identit\u00e9 ;<\/li>\n<li>justificatif de domicile de moins de 3 mois ;<\/li>\n<li>facture acquitt\u00e9e d&rsquo;achat du v\u00e9lo, au nom du demandeur ;<\/li>\n<li>certificat d&rsquo;homologation du v\u00e9lo ;<\/li>\n<li>RIB ;<\/li>\n<li>fiche statistique compl\u00e9t\u00e9e ;<\/li>\n<li>facture justifiant votre location LOVELO ;<img loading=\"lazy\" decoding=\"async\" class=\"alignright wp-image-61890\" title=\"prime v\u00e9lo \u00e9lectrique Rouen\" src=\"https:\/\/www.mes-allocs.fr\/guides\/wp-content\/uploads\/2023\/02\/pexels-nina-14393448-e1676469038842.jpg\" alt=\"prime v\u00e9lo \u00e9lectrique Rouen\" width=\"233\" height=\"184\" srcset=\"https:\/\/www.mes-allocs.fr\/guides\/wp-content\/uploads\/2023\/02\/pexels-nina-14393448-e1676469038842.jpg 1086w, https:\/\/www.mes-allocs.fr\/guides\/wp-content\/uploads\/2023\/02\/pexels-nina-14393448-e1676469038842-300x237.jpg 300w, https:\/\/www.mes-allocs.fr\/guides\/wp-content\/uploads\/2023\/02\/pexels-nina-14393448-e1676469038842-1024x809.jpg 1024w, https:\/\/www.mes-allocs.fr\/guides\/wp-content\/uploads\/2023\/02\/pexels-nina-14393448-e1676469038842-768x607.jpg 768w, https:\/\/www.mes-allocs.fr\/guides\/wp-content\/uploads\/2023\/02\/pexels-nina-14393448-e1676469038842-600x474.jpg 600w\" sizes=\"auto, (max-width: 233px) 100vw, 233px\" \/><\/li>\n<li>votre dernier avis d&rsquo;imposition ;<\/li>\n<li>attestation sur l&rsquo;honneur de ne pas revendre le v\u00e9lo pendant 5 ans.<\/li>\n<\/ul>\n<p>Si la r\u00e9ponse est favorable, l&rsquo;aide sera vers\u00e9e en une seule fois sur votre compte bancaire.<\/p>\n<p>Vous pouvez ensuite faire une demande de <a href=\"https:\/\/www.mes-allocs.fr\/guides\/aide-velo-electrique\/\">Bonus V\u00e9lo<\/a> (aide nationale).<\/p>\n<div class='cta-block'><div class='text'>Simulez toutes vos aides en 2 min.<\/div><a href='https:\/\/www.mes-allocs.fr\/ab-app?origin=guides\/wp-json\/wp\/v2\/posts\/61878' class='app-button fit'>Simulation gratuite<\/a><\/div>\n","protected":false},"excerpt":{"rendered":"<p>Profitez des primes r\u00e9gionales pour l&rsquo;achat de votre v\u00e9lo \u00e9lectrique. Et si vous habitez Rouen ou l&rsquo;une des communes composant la M\u00e9tropole Rouen Normandie, vous pouvez b\u00e9n\u00e9ficiez d&rsquo;une prime v\u00e9lo \u00e9lectrique. L&rsquo;aide \u00e0 l&rsquo;achat d&rsquo;un v\u00e9lo \u00e9lectrique par la M\u00e9tropole de Rouen Depuis le 29 ao\u00fbt 2022 et jusqu&rsquo;au 31 d\u00e9cembre 2026, la M\u00e9tropole Rouen [&hellip;]<\/p>\n","protected":false},"author":23,"featured_media":61897,"comment_status":"closed","ping_status":"open","sticky":false,"template":"","format":"standard","meta":{"amp_status":"","footnotes":""},"categories":[43598,13817],"tags":[],"class_list":["post-61878","post","type-post","status-publish","format-standard","has-post-thumbnail","hentry","category-aide-velo-electrique","category-aide-velo-region"],"yoast_head":"<!-- This site is optimized with the Yoast SEO plugin v14.9 - https:\/\/yoast.com\/wordpress\/plugins\/seo\/ -->\n<title>Prime v\u00e9lo \u00e9lectrique Rouen : conditions, montant, d\u00e9marches<\/title>\n<meta name=\"description\" content=\"La M\u00e9tropole de Rouen permet \u00e0 ses habitants de b\u00e9n\u00e9ficier d&#039;une prime \u00e0 l&#039;achat d&#039;un v\u00e9lo \u00e9lectrique sous plusieurs conditions. Mes Allocs vous explique.\" \/>\n<meta name=\"robots\" content=\"index, follow, max-snippet:-1, max-image-preview:large, max-video-preview:-1\" \/>\n<link rel=\"canonical\" href=\"https:\/\/www.mes-allocs.fr\/guides\/aide-velo-electrique\/aide-velo-region\/aide-velo-electrique-rouen\/\" \/>\n<meta property=\"og:locale\" content=\"fr_FR\" \/>\n<meta property=\"og:type\" content=\"article\" \/>\n<meta property=\"og:title\" content=\"Prime v\u00e9lo \u00e9lectrique Rouen : conditions, montant, d\u00e9marches\" \/>\n<meta property=\"og:description\" content=\"La M\u00e9tropole de Rouen permet \u00e0 ses habitants de b\u00e9n\u00e9ficier d&#039;une prime \u00e0 l&#039;achat d&#039;un v\u00e9lo \u00e9lectrique sous plusieurs conditions. Mes Allocs vous explique.\" \/>\n<meta property=\"og:url\" content=\"https:\/\/www.mes-allocs.fr\/guides\/aide-velo-electrique\/aide-velo-region\/aide-velo-electrique-rouen\/\" \/>\n<meta property=\"og:site_name\" content=\"Mes-Allocs.fr\" \/>\n<meta property=\"article:published_time\" content=\"2023-02-15T14:44:48+00:00\" \/>\n<meta property=\"article:modified_time\" content=\"2025-02-18T14:33:04+00:00\" \/>\n<meta property=\"og:image\" content=\"https:\/\/www.mes-allocs.fr\/guides\/wp-content\/uploads\/2023\/02\/pexels-blue-bird-7243208-e1676470715708.jpg?wsr\" \/>\n\t<meta property=\"og:image:width\" content=\"1281\" \/>\n\t<meta property=\"og:image:height\" content=\"1267\" \/>\n<meta name=\"twitter:card\" content=\"summary_large_image\" \/>\n<script type=\"application\/ld+json\" class=\"yoast-schema-graph\">{\"@context\":\"https:\/\/schema.org\",\"@graph\":[{\"@type\":\"WebSite\",\"@id\":\"https:\/\/www.mes-allocs.fr\/guides\/#website\",\"url\":\"https:\/\/www.mes-allocs.fr\/guides\/\",\"name\":\"Mes-Allocs.fr\",\"description\":\"\",\"potentialAction\":[{\"@type\":\"SearchAction\",\"target\":\"https:\/\/www.mes-allocs.fr\/guides\/?s={search_term_string}\",\"query-input\":\"required name=search_term_string\"}],\"inLanguage\":\"fr-FR\"},{\"@type\":\"ImageObject\",\"@id\":\"https:\/\/www.mes-allocs.fr\/guides\/aide-velo-electrique\/aide-velo-region\/aide-velo-electrique-rouen\/#primaryimage\",\"inLanguage\":\"fr-FR\",\"url\":\"https:\/\/www.mes-allocs.fr\/guides\/wp-content\/uploads\/2023\/02\/pexels-blue-bird-7243208-e1676470715708.jpg?wsr\",\"width\":1281,\"height\":1267,\"caption\":\"prime v\\u00e9lo \\u00e9lectrique Rouen\"},{\"@type\":\"WebPage\",\"@id\":\"https:\/\/www.mes-allocs.fr\/guides\/aide-velo-electrique\/aide-velo-region\/aide-velo-electrique-rouen\/#webpage\",\"url\":\"https:\/\/www.mes-allocs.fr\/guides\/aide-velo-electrique\/aide-velo-region\/aide-velo-electrique-rouen\/\",\"name\":\"Prime v\\u00e9lo \\u00e9lectrique Rouen : conditions, montant, d\\u00e9marches\",\"isPartOf\":{\"@id\":\"https:\/\/www.mes-allocs.fr\/guides\/#website\"},\"primaryImageOfPage\":{\"@id\":\"https:\/\/www.mes-allocs.fr\/guides\/aide-velo-electrique\/aide-velo-region\/aide-velo-electrique-rouen\/#primaryimage\"},\"datePublished\":\"2023-02-15T14:44:48+00:00\",\"dateModified\":\"2025-02-18T14:33:04+00:00\",\"author\":{\"@id\":\"https:\/\/www.mes-allocs.fr\/guides\/#\/schema\/person\/c3664ba41f27bc0d9f3683bf3906300c\"},\"description\":\"La M\\u00e9tropole de Rouen permet \\u00e0 ses habitants de b\\u00e9n\\u00e9ficier d'une prime \\u00e0 l'achat d'un v\\u00e9lo \\u00e9lectrique sous plusieurs conditions. Mes Allocs vous explique.\",\"inLanguage\":\"fr-FR\"},{\"@type\":\"Person\",\"@id\":\"https:\/\/www.mes-allocs.fr\/guides\/#\/schema\/person\/c3664ba41f27bc0d9f3683bf3906300c\",\"name\":\"Gabrielle Duchemin\",\"image\":{\"@type\":\"ImageObject\",\"@id\":\"https:\/\/www.mes-allocs.fr\/guides\/#personlogo\",\"inLanguage\":\"fr-FR\",\"url\":\"https:\/\/www.mes-allocs.fr\/guides\/wp-content\/uploads\/2023\/02\/386E5DFE-70F4-4932-B10B-B3E8F5AC454D-e1677586370944-150x150.jpg\",\"caption\":\"Gabrielle Duchemin\"},\"description\":\"Gabrielle est juriste sp\\u00e9cialis\\u00e9e en droit du num\\u00e9rique et de la protection sociale. Elle rejoint Mes Allocs apr\\u00e8s une premi\\u00e8re exp\\u00e9rience dans le secteur bancaire.\",\"sameAs\":[\"https:\/\/www.linkedin.com\/in\/gabrielle-duchemin-b1126214b\/\"]}]}<\/script>\n<!-- \/ Yoast SEO plugin. -->","amp_validity":null,"acf":{"faq":{"1":{"question":"L'aide est-elle cumulable avec le celle de l'\u00c9tat ? ","answer":"Oui. Vous devez d'abord demander l'aide locale, donc celle de la M\u00e9tropole, puis celle de l'\u00c9tat. "},"2":{"question":"Peut-on avoir l'aide plusieurs fois par foyer ? ","answer":"Oui. L'aide peut \u00eatre attribu\u00e9e \u00e0 plusieurs membres d'un foyer, mais une seule fois par personne. "},"3":{"question":"Comment obtenir le versement de l'aide ? ","answer":"Vous devez faire votre demande d'aide sur le site de la M\u00e9tropole. Si votre demande est valid\u00e9e, vous recevrez l'argent directement sur votre compte bancaire. "},"4":{"question":"Comment choisir mon v\u00e9lo \u00e9lectrique? ","answer":"Tout d\u00e9pend de votre budget, bien qu'en moyenne un v\u00e9lo \u00e9lectrique co\u00fbte 1.500 \u20ac environ. Vous devez prendre en compte le crit\u00e8re d'autonomie, la taille et le poids du v\u00e9lo, ou encore le moteur dont il est \u00e9quip\u00e9. \r\n"},"5":{"question":"Qu'est ce que LOVELO ? ","answer":"LOVELO est un service de location de v\u00e9lo situ\u00e9 \u00e0 Rouen. La souscription \u00e0 une location de ce service vous permet de b\u00e9n\u00e9ficier par la suite d'une aide \u00e0 l'achat d'un v\u00e9lo \u00e9lectrique. "},"6":{"question":"","answer":""},"7":{"question":"","answer":""},"8":{"question":"","answer":""},"9":{"question":"","answer":""},"10":{"question":"","answer":""},"11":{"question":"","answer":""},"12":{"question":"","answer":""},"13":{"question":"","answer":""},"14":{"question":"","answer":""},"15":{"question":"","answer":""},"16":{"question":"","answer":""}}},"_links":{"self":[{"href":"https:\/\/www.mes-allocs.fr\/guides\/wp-json\/wp\/v2\/posts\/61878","targetHints":{"allow":["GET"]}}],"collection":[{"href":"https:\/\/www.mes-allocs.fr\/guides\/wp-json\/wp\/v2\/posts"}],"about":[{"href":"https:\/\/www.mes-allocs.fr\/guides\/wp-json\/wp\/v2\/types\/post"}],"author":[{"embeddable":true,"href":"https:\/\/www.mes-allocs.fr\/guides\/wp-json\/wp\/v2\/users\/23"}],"replies":[{"embeddable":true,"href":"https:\/\/www.mes-allocs.fr\/guides\/wp-json\/wp\/v2\/comments?post=61878"}],"version-history":[{"count":14,"href":"https:\/\/www.mes-allocs.fr\/guides\/wp-json\/wp\/v2\/posts\/61878\/revisions"}],"predecessor-version":[{"id":74734,"href":"https:\/\/www.mes-allocs.fr\/guides\/wp-json\/wp\/v2\/posts\/61878\/revisions\/74734"}],"wp:featuredmedia":[{"embeddable":true,"href":"https:\/\/www.mes-allocs.fr\/guides\/wp-json\/wp\/v2\/media\/61897"}],"wp:attachment":[{"href":"https:\/\/www.mes-allocs.fr\/guides\/wp-json\/wp\/v2\/media?parent=61878"}],"wp:term":[{"taxonomy":"category","embeddable":true,"href":"https:\/\/www.mes-allocs.fr\/guides\/wp-json\/wp\/v2\/categories?post=61878"},{"taxonomy":"post_tag","embeddable":true,"href":"https:\/\/www.mes-allocs.fr\/guides\/wp-json\/wp\/v2\/tags?post=61878"}],"curies":[{"name":"wp","href":"https:\/\/api.w.org\/{rel}","templated":true}]}}