{"id":61858,"date":"2023-02-15T13:04:34","date_gmt":"2023-02-15T11:04:34","guid":{"rendered":"https:\/\/www.mes-allocs.fr\/guides\/?p=61858"},"modified":"2025-02-26T12:30:42","modified_gmt":"2025-02-26T10:30:42","slug":"aide-velo-electrique-paris","status":"publish","type":"post","link":"https:\/\/www.mes-allocs.fr\/guides\/aide-velo-electrique\/aide-velo-region\/aide-velo-electrique-paris\/","title":{"rendered":"Aide v\u00e9lo \u00e9lectrique Paris : conditions, montant, d\u00e9marches"},"content":{"rendered":"<p><img loading=\"lazy\" decoding=\"async\" class=\"wp-image-61864 size-full aligncenter\" title=\"aide v\u00e9lo \u00e9lectrique Paris\" src=\"https:\/\/www.mes-allocs.fr\/guides\/wp-content\/uploads\/2023\/02\/bicycle-g48e81feca_1920-e1676456895217.jpg\" alt=\"aide v\u00e9lo \u00e9lectrique Paris \" width=\"1339\" height=\"254\" srcset=\"https:\/\/www.mes-allocs.fr\/guides\/wp-content\/uploads\/2023\/02\/bicycle-g48e81feca_1920-e1676456895217.jpg 1339w, https:\/\/www.mes-allocs.fr\/guides\/wp-content\/uploads\/2023\/02\/bicycle-g48e81feca_1920-e1676456895217-300x57.jpg 300w, https:\/\/www.mes-allocs.fr\/guides\/wp-content\/uploads\/2023\/02\/bicycle-g48e81feca_1920-e1676456895217-1024x194.jpg 1024w, https:\/\/www.mes-allocs.fr\/guides\/wp-content\/uploads\/2023\/02\/bicycle-g48e81feca_1920-e1676456895217-768x146.jpg 768w, https:\/\/www.mes-allocs.fr\/guides\/wp-content\/uploads\/2023\/02\/bicycle-g48e81feca_1920-e1676456895217-600x114.jpg 600w\" sizes=\"auto, (max-width: 1339px) 100vw, 1339px\" \/><\/p>\n<p>Les r\u00e9gions proposent des <a href=\"https:\/\/www.mes-allocs.fr\/guides\/prime-velo-electrique\/aide-velo-region\/\">subventions pour l&rsquo;achat d&rsquo;un v\u00e9lo \u00e9lectrique<\/a>. Si vous habitez Paris et que vous souhaitez vous d\u00e9placer \u00e0 v\u00e9lo, c&rsquo;est le moment d&rsquo;investir \u00e0 moindres co\u00fbts. En effet, des <strong>aides pour l&rsquo;achat d&rsquo;un v\u00e9lo \u00e9lectrique \u00e0 Paris<\/strong> sont propos\u00e9es aux habitants.<\/p>\n<div class='cta-block'><div class='text'>Simulez toutes vos aides en 2 min.<\/div><a href='https:\/\/www.mes-allocs.fr\/ab-app?origin=guides\/wp-json\/wp\/v2\/posts\/61858' class='app-button fit'>Simulation gratuite<\/a><\/div>\n<p><iframe loading=\"lazy\" title=\"L&#039;aide au v\u00e9lo \u00e9lectrique\" width=\"500\" height=\"281\" src=\"https:\/\/www.youtube.com\/embed\/QH5GqTFaqwE?feature=oembed\" frameborder=\"0\" allow=\"accelerometer; autoplay; clipboard-write; encrypted-media; gyroscope; picture-in-picture; web-share\" referrerpolicy=\"strict-origin-when-cross-origin\" allowfullscreen><\/iframe><\/p>\n<h1>L&rsquo;aide \u00e0 l&rsquo;achat d&rsquo;un v\u00e9lo \u00e9lectrique de la ville de Paris<\/h1>\n<p>Suite au conseil de Paris d&rsquo;octobre 2022, la municipalit\u00e9 a d\u00e9cid\u00e9 de mettre en place des <strong>aides financi\u00e8res \u00e0 l&rsquo;achat de v\u00e9lo \u00e9lectrique<\/strong>, le but \u00e9tant d&rsquo;inciter ses habitants aux revenus les plus modestes \u00e0 utiliser des modes de d\u00e9placements plus doux et plus respectueux de l&rsquo;environnement, comme des v\u00e9los \u00e0 assistance \u00e9lectrique. On vous explique cette aide en d\u00e9tail.<\/p>\n<h2>Conditions de l&rsquo;aide v\u00e9lo \u00e9lectrique Paris<\/h2>\n<p>Il existe des conditions li\u00e9es \u00e0 la personne du demandeur, et des conditions li\u00e9es au v\u00e9lo achet\u00e9.<\/p>\n<h3>Conditions li\u00e9es au demandeur<\/h3>\n<p>L&rsquo;aide s&rsquo;adresse uniquement aux habitants de la ville de Paris, sous conditions de ressources. Pour pr\u00e9tendre \u00e0 cette subvention, vous devez avoir un <b>revenu fiscal de r\u00e9f\u00e9rence par part inf\u00e9rieur ou \u00e9gal \u00e0 6.300 \u20ac.<\/b><\/p>\n<p>En revanche, si vous \u00eates en <b>situation de handicap<\/b> ou un <b>professionnel<\/b>, <b>aucune condition de ressources <\/b>n&rsquo;est exig\u00e9e.<\/p>\n<p><b>\u00c0 noter<\/b> : l&rsquo;attribution de l&rsquo;aide est limit\u00e9e \u00e0 une seule fois par personne.<img loading=\"lazy\" decoding=\"async\" class=\"wp-image-61866 alignright\" title=\"aide v\u00e9lo \u00e9lectrique Paris\" src=\"https:\/\/www.mes-allocs.fr\/guides\/wp-content\/uploads\/2023\/02\/paris-g6c810b737_1280-e1676456930612.jpg\" alt=\"aide v\u00e9lo \u00e9lectrique Paris \" width=\"252\" height=\"237\" srcset=\"https:\/\/www.mes-allocs.fr\/guides\/wp-content\/uploads\/2023\/02\/paris-g6c810b737_1280-e1676456930612.jpg 742w, https:\/\/www.mes-allocs.fr\/guides\/wp-content\/uploads\/2023\/02\/paris-g6c810b737_1280-e1676456930612-300x281.jpg 300w, https:\/\/www.mes-allocs.fr\/guides\/wp-content\/uploads\/2023\/02\/paris-g6c810b737_1280-e1676456930612-600x563.jpg 600w\" sizes=\"auto, (max-width: 252px) 100vw, 252px\" \/><\/p>\n<h3>Conditions li\u00e9es au v\u00e9lo<\/h3>\n<p>La ville de Paris propose cette aide pour l&rsquo;achat, <b>apr\u00e8s le 15 octobre 2022<\/b>, de <b>diff\u00e9rents types de v\u00e9los<\/b> :<\/p>\n<ul>\n<li>v\u00e9lo classique (\u00ab\u00a0m\u00e9canique\u00a0\u00bb)<\/li>\n<li>v\u00e9lo \u00e0 assistance \u00e9lectrique<\/li>\n<li>kit d&rsquo;\u00e9lectrification (pour transformer un v\u00e9lo classique en v\u00e9lo \u00e9lectrique)<\/li>\n<li>v\u00e9lo cargo ou triporteur \u00e0 assistance \u00e9lectrique<\/li>\n<li>v\u00e9lo cargo ou triporteur sans assistance \u00e9lectrique<\/li>\n<li>v\u00e9lo adapt\u00e9 aux personnes \u00e0 mobilit\u00e9 r\u00e9duite<\/li>\n<li>remorque (pour transformer un v\u00e9lo classique en v\u00e9lo cargo)<\/li>\n<\/ul>\n<p>Seuls les<b> v\u00e9los neufs<\/b> sont \u00e9ligibles \u00e0 l&rsquo;aide. Vous ne pouvez donc pas en profiter si vous achetez un v\u00e9lo d&rsquo;occasion.<\/p>\n<div class='cta-block'><div class='text'>Simulez toutes vos aides en 2 min.<\/div><a href='https:\/\/www.mes-allocs.fr\/ab-app?origin=guides\/wp-json\/wp\/v2\/posts\/61858' class='app-button fit'>Simulation gratuite<\/a><\/div>\n<h2>Montant de l&rsquo;aide<\/h2>\n<p>Le montant de cette aide est fix\u00e9 \u00e0 <b>33 % du prix d&rsquo;achat HT<\/b>, sauf pour l&rsquo;achat d&rsquo;un v\u00e9lo classique pour lequel\u00a0l&rsquo;aide est fix\u00e9e \u00e0 100 % du prix d&rsquo;achat HT. Le montant est <b>plafonn\u00e9 selon le type de v\u00e9lo achet\u00e9 <\/b>:<\/p>\n\n<div class=\"wpdt-c row wpDataTableContainerSimpleTable wpDataTables wpDataTablesWrapper\n\"\n    >\n    <table id=\"wpdtSimpleTable-152\"\n           class=\"wpdtSimpleTable wpDataTable\"\n           data-column=\"3\"\n           data-rows=\"9\"\n           data-wpID=\"152\"\n           data-responsive=\"0\"\n           data-has-header=\"0\">\n\n                    <tbody>        <tr class=\"wpdt-cell-row \" >\n                            <td class=\"wpdt-cell wpdt-bold wpdt-bc-EFEFEF wpdt-merged-cell \"\n                 colspan=\"1\"  rowspan=\"2\"                 data-cell-id=\"A1\"\n                data-col-index=\"0\"\n                data-row-index=\"0\"\n                style=\" width:33.333333333333%;                padding:10px;\"\n                >\n                                Quels montants maximum de l'aide ?                <\/td>\n                                            <td class=\"wpdt-cell wpdt-bold wpdt-bc-F1F0F0 wpdt-merged-cell \"\n                 colspan=\"1\"  rowspan=\"2\"                 data-cell-id=\"B1\"\n                data-col-index=\"1\"\n                data-row-index=\"0\"\n                style=\" width:33.333333333333%;                padding:10px;\"\n                >\n                                Particulier                <\/td>\n                                            <td class=\"wpdt-cell wpdt-bold wpdt-bc-F1F0F0 wpdt-merged-cell \"\n                 colspan=\"1\"  rowspan=\"2\"                 data-cell-id=\"C1\"\n                data-col-index=\"2\"\n                data-row-index=\"0\"\n                style=\" width:33.333333333333%;                padding:10px;\"\n                >\n                                Professionnel                <\/td>\n                                        <\/tr>\n                            <tr class=\"wpdt-cell-row \" >\n                                                            <\/tr>\n                            <tr class=\"wpdt-cell-row \" >\n                            <td class=\"wpdt-cell wpdt-bold\"\n                                    data-cell-id=\"A3\"\n                data-col-index=\"0\"\n                data-row-index=\"2\"\n                style=\"                padding:10px;\"\n                >\n                                V\u00e9lo classique ou pliant                <\/td>\n                                            <td class=\"wpdt-cell \"\n                                    data-cell-id=\"B3\"\n                data-col-index=\"1\"\n                data-row-index=\"2\"\n                style=\"                padding:10px;\"\n                >\n                                100 \u20ac                <\/td>\n                                            <td class=\"wpdt-cell \"\n                                    data-cell-id=\"C3\"\n                data-col-index=\"2\"\n                data-row-index=\"2\"\n                style=\"                padding:10px;\"\n                >\n                                pas d'aide                <\/td>\n                                        <\/tr>\n                            <tr class=\"wpdt-cell-row \" >\n                            <td class=\"wpdt-cell wpdt-bold\"\n                                    data-cell-id=\"A4\"\n                data-col-index=\"0\"\n                data-row-index=\"3\"\n                style=\"                padding:10px;\"\n                >\n                                V\u00e9lo \u00e0 assistance \u00e9lectrique                <\/td>\n                                            <td class=\"wpdt-cell \"\n                                    data-cell-id=\"B4\"\n                data-col-index=\"1\"\n                data-row-index=\"3\"\n                style=\"                padding:10px;\"\n                >\n                                400 \u20ac                <\/td>\n                                            <td class=\"wpdt-cell \"\n                                    data-cell-id=\"C4\"\n                data-col-index=\"2\"\n                data-row-index=\"3\"\n                style=\"                padding:10px;\"\n                >\n                                400 \u20ac                <\/td>\n                                        <\/tr>\n                            <tr class=\"wpdt-cell-row \" >\n                            <td class=\"wpdt-cell wpdt-bold\"\n                                    data-cell-id=\"A5\"\n                data-col-index=\"0\"\n                data-row-index=\"4\"\n                style=\"                padding:10px;\"\n                >\n                                V\u00e9lo cargo ou triporteur \u00e0 assistance \u00e9lectrique                <\/td>\n                                            <td class=\"wpdt-cell \"\n                                    data-cell-id=\"B5\"\n                data-col-index=\"1\"\n                data-row-index=\"4\"\n                style=\"                padding:10px;\"\n                >\n                                600 \u20ac                <\/td>\n                                            <td class=\"wpdt-cell \"\n                                    data-cell-id=\"C5\"\n                data-col-index=\"2\"\n                data-row-index=\"4\"\n                style=\"                padding:10px;\"\n                >\n                                1.200 \u20ac                <\/td>\n                                        <\/tr>\n                            <tr class=\"wpdt-cell-row \" >\n                            <td class=\"wpdt-cell wpdt-bold\"\n                                    data-cell-id=\"A6\"\n                data-col-index=\"0\"\n                data-row-index=\"5\"\n                style=\"                padding:10px;\"\n                >\n                                V\u00e9lo cargo ou triporteur sans assistance \u00e9lectrique                <\/td>\n                                            <td class=\"wpdt-cell \"\n                                    data-cell-id=\"B6\"\n                data-col-index=\"1\"\n                data-row-index=\"5\"\n                style=\"                padding:10px;\"\n                >\n                                600 \u20ac                <\/td>\n                                            <td class=\"wpdt-cell \"\n                                    data-cell-id=\"C6\"\n                data-col-index=\"2\"\n                data-row-index=\"5\"\n                style=\"                padding:10px;\"\n                >\n                                1.200 \u20ac                <\/td>\n                                        <\/tr>\n                            <tr class=\"wpdt-cell-row \" >\n                            <td class=\"wpdt-cell wpdt-bold\"\n                                    data-cell-id=\"A7\"\n                data-col-index=\"0\"\n                data-row-index=\"6\"\n                style=\"                padding:10px;\"\n                >\n                                V\u00e9lo adapt\u00e9                <\/td>\n                                            <td class=\"wpdt-cell \"\n                                    data-cell-id=\"B7\"\n                data-col-index=\"1\"\n                data-row-index=\"6\"\n                style=\"                padding:10px;\"\n                >\n                                900 \u20ac                <\/td>\n                                            <td class=\"wpdt-cell \"\n                                    data-cell-id=\"C7\"\n                data-col-index=\"2\"\n                data-row-index=\"6\"\n                style=\"                padding:10px;\"\n                >\n                                pas d'aide                <\/td>\n                                        <\/tr>\n                            <tr class=\"wpdt-cell-row \" >\n                            <td class=\"wpdt-cell wpdt-bold\"\n                                    data-cell-id=\"A8\"\n                data-col-index=\"0\"\n                data-row-index=\"7\"\n                style=\"                padding:10px;\"\n                >\n                                Kit d'\u00e9lectrification                <\/td>\n                                            <td class=\"wpdt-cell \"\n                                    data-cell-id=\"B8\"\n                data-col-index=\"1\"\n                data-row-index=\"7\"\n                style=\"                padding:10px;\"\n                >\n                                400 \u20ac                <\/td>\n                                            <td class=\"wpdt-cell \"\n                                    data-cell-id=\"C8\"\n                data-col-index=\"2\"\n                data-row-index=\"7\"\n                style=\"                padding:10px;\"\n                >\n                                400 \u20ac                <\/td>\n                                        <\/tr>\n                            <tr class=\"wpdt-cell-row \" >\n                            <td class=\"wpdt-cell wpdt-bold\"\n                                    data-cell-id=\"A9\"\n                data-col-index=\"0\"\n                data-row-index=\"8\"\n                style=\"                padding:10px;\"\n                >\n                                Remorque                <\/td>\n                                            <td class=\"wpdt-cell \"\n                                    data-cell-id=\"B9\"\n                data-col-index=\"1\"\n                data-row-index=\"8\"\n                style=\"                padding:10px;\"\n                >\n                                100 \u20ac                <\/td>\n                                            <td class=\"wpdt-cell \"\n                                    data-cell-id=\"C9\"\n                data-col-index=\"2\"\n                data-row-index=\"8\"\n                style=\"                padding:10px;\"\n                >\n                                pas d'aide                <\/td>\n                                        <\/tr>\n                    <\/table>\n<\/div><style id='wpdt-custom-style-152'>\ntable#wpdtSimpleTable-152{ table-layout: fixed !important; }\n.wpdt-bc-EFEFEF { background-color: #EFEFEF !important;}\n.wpdt-bc-F1F0F0 { background-color: #F1F0F0 !important;}\n<\/style>\n\n<h2>D\u00e9marches \u00e0 effectuer<img loading=\"lazy\" decoding=\"async\" class=\"wp-image-61867 alignright\" title=\"aide v\u00e9lo \u00e9lectrique Paris\" src=\"https:\/\/www.mes-allocs.fr\/guides\/wp-content\/uploads\/2023\/02\/pexels-leopold-biget-10282069-e1676457120649.jpg\" alt=\"aide v\u00e9lo \u00e9lectrique Paris \" width=\"250\" height=\"251\" srcset=\"https:\/\/www.mes-allocs.fr\/guides\/wp-content\/uploads\/2023\/02\/pexels-leopold-biget-10282069-e1676457120649.jpg 1063w, https:\/\/www.mes-allocs.fr\/guides\/wp-content\/uploads\/2023\/02\/pexels-leopold-biget-10282069-e1676457120649-300x300.jpg 300w, https:\/\/www.mes-allocs.fr\/guides\/wp-content\/uploads\/2023\/02\/pexels-leopold-biget-10282069-e1676457120649-1021x1024.jpg 1021w, https:\/\/www.mes-allocs.fr\/guides\/wp-content\/uploads\/2023\/02\/pexels-leopold-biget-10282069-e1676457120649-150x150.jpg 150w, https:\/\/www.mes-allocs.fr\/guides\/wp-content\/uploads\/2023\/02\/pexels-leopold-biget-10282069-e1676457120649-768x770.jpg 768w, https:\/\/www.mes-allocs.fr\/guides\/wp-content\/uploads\/2023\/02\/pexels-leopold-biget-10282069-e1676457120649-598x600.jpg 598w\" sizes=\"auto, (max-width: 250px) 100vw, 250px\" \/><\/h2>\n<p>Si vous pensez pouvoir b\u00e9n\u00e9ficier de l&rsquo;aide v\u00e9lo \u00e9lectrique de Paris, vous pouvez effectuer votre d\u00e9marche sur le <b>site de la ville de Paris<\/b> directement.<\/p>\n<p>Vous devrez fournir :<\/p>\n<ul>\n<li>facture d&rsquo;achat du v\u00e9lo ;<\/li>\n<li>justificatif de domicile attestant que vous habitez Paris ;<\/li>\n<li>RIB ;<\/li>\n<li>dernier avis d&rsquo;imposition.<\/li>\n<\/ul>\n<p>Toutes ces pi\u00e8ces justificatives devront \u00eatre au <b>m\u00eame nom, pr\u00e9nom et adresse du demandeur<\/b>.<\/p>\n<p>Vous pouvez ensuite demander <a href=\"https:\/\/www.mes-allocs.fr\/guides\/prime-velo-electrique\/prime-velo-region\/prime-velo-electrique-idf\/\">l&rsquo;aide \u00cele-de-France mobilit\u00e9s<\/a> en compl\u00e9ment, ainsi que le <a href=\"https:\/\/www.mes-allocs.fr\/guides\/aide-velo-electrique\/\">Bonus V\u00e9lo<\/a> accord\u00e9 par l&rsquo;\u00c9tat.<\/p>\n<div class='cta-block'><div class='text'>Simulez toutes vos aides en 2 min.<\/div><a href='https:\/\/www.mes-allocs.fr\/ab-app?origin=guides\/wp-json\/wp\/v2\/posts\/61858' class='app-button fit'>Simulation gratuite<\/a><\/div>\n<h2>Aide pour l&rsquo;achat d&rsquo;accessoires<\/h2>\n<p>En plus de l&rsquo;aide accord\u00e9e pour l&rsquo;achat d&rsquo;un v\u00e9lo, la commune de Paris propose une aide \u00e0 l&rsquo;achat d&rsquo;accessoires comme un <b>casque <\/b>ou un<b> antivol.<\/b><\/p>\n<p>Le montant de cette aide est de <b>33 % du prix d&rsquo;achat HT <\/b>de l&rsquo;accessoire, <b>plafonn\u00e9 \u00e0 50 \u20ac. <\/b><img loading=\"lazy\" decoding=\"async\" class=\"wp-image-61865 alignright\" title=\"aide v\u00e9lo \u00e9lectrique Paris\" src=\"https:\/\/www.mes-allocs.fr\/guides\/wp-content\/uploads\/2023\/02\/helmet-gb54bb1cdc_1280-e1676456991259.jpg\" alt=\"aide v\u00e9lo \u00e9lectrique Paris \" width=\"223\" height=\"222\" srcset=\"https:\/\/www.mes-allocs.fr\/guides\/wp-content\/uploads\/2023\/02\/helmet-gb54bb1cdc_1280-e1676456991259.jpg 790w, https:\/\/www.mes-allocs.fr\/guides\/wp-content\/uploads\/2023\/02\/helmet-gb54bb1cdc_1280-e1676456991259-300x300.jpg 300w, https:\/\/www.mes-allocs.fr\/guides\/wp-content\/uploads\/2023\/02\/helmet-gb54bb1cdc_1280-e1676456991259-150x150.jpg 150w, https:\/\/www.mes-allocs.fr\/guides\/wp-content\/uploads\/2023\/02\/helmet-gb54bb1cdc_1280-e1676456991259-768x765.jpg 768w, https:\/\/www.mes-allocs.fr\/guides\/wp-content\/uploads\/2023\/02\/helmet-gb54bb1cdc_1280-e1676456991259-600x598.jpg 600w\" sizes=\"auto, (max-width: 223px) 100vw, 223px\" \/><\/p>\n<p>L&rsquo;aide ne peut pas \u00eatre accord\u00e9e seule, elle doit \u00eatre demand\u00e9e en compl\u00e9ment de<b> l&rsquo;aide \u00e0 l&rsquo;achat d&rsquo;un v\u00e9lo.<\/b><\/p>\n<p><em>Par exemple<\/em> : vous avez d\u00e9j\u00e0 un v\u00e9lo mais vous achetez un antivol et souhaitez b\u00e9n\u00e9ficier de l&rsquo;aide \u00e0 l&rsquo;achat d&rsquo;accessoires, cela ne sera pas possible. Par contre si vous achetez un v\u00e9lo et un antivol et que vous b\u00e9n\u00e9ficiez de l&rsquo;aide de la commune de Paris pour l&rsquo;achat de votre v\u00e9lo, alors vous pourrez demander l&rsquo;aide \u00e0 l&rsquo;achat d&rsquo;accessoires.<\/p>\n<div class='cta-block'><div class='text'>Simulez toutes vos aides en 2 min.<\/div><a href='https:\/\/www.mes-allocs.fr\/ab-app?origin=guides\/wp-json\/wp\/v2\/posts\/61858' class='app-button fit'>Simulation gratuite<\/a><\/div>\n","protected":false},"excerpt":{"rendered":"<p>Les r\u00e9gions proposent des subventions pour l&rsquo;achat d&rsquo;un v\u00e9lo \u00e9lectrique. Si vous habitez Paris et que vous souhaitez vous d\u00e9placer \u00e0 v\u00e9lo, c&rsquo;est le moment d&rsquo;investir \u00e0 moindres co\u00fbts. En effet, des aides pour l&rsquo;achat d&rsquo;un v\u00e9lo \u00e9lectrique \u00e0 Paris sont propos\u00e9es aux habitants. L&rsquo;aide \u00e0 l&rsquo;achat d&rsquo;un v\u00e9lo \u00e9lectrique de la ville de Paris [&hellip;]<\/p>\n","protected":false},"author":23,"featured_media":61886,"comment_status":"closed","ping_status":"open","sticky":false,"template":"","format":"standard","meta":{"amp_status":"","footnotes":""},"categories":[43598,13817],"tags":[],"class_list":["post-61858","post","type-post","status-publish","format-standard","has-post-thumbnail","hentry","category-aide-velo-electrique","category-aide-velo-region"],"yoast_head":"<!-- This site is optimized with the Yoast SEO plugin v14.9 - https:\/\/yoast.com\/wordpress\/plugins\/seo\/ -->\n<title>Aide v\u00e9lo \u00e9lectrique Paris : conditions, montant, d\u00e9marches | Mes-Allocs.fr<\/title>\n<meta name=\"description\" content=\"La ville de Paris accorde \u00e0 ses habitants une aide financi\u00e8re pour l&#039;achat d&#039;un v\u00e9lo \u00e9lectrique. D\u00e9couvrez si vous \u00eates \u00e9ligible.\" \/>\n<meta name=\"robots\" content=\"index, follow, max-snippet:-1, max-image-preview:large, max-video-preview:-1\" \/>\n<link rel=\"canonical\" href=\"https:\/\/www.mes-allocs.fr\/guides\/aide-velo-electrique\/aide-velo-region\/aide-velo-electrique-paris\/\" \/>\n<meta property=\"og:locale\" content=\"fr_FR\" \/>\n<meta property=\"og:type\" content=\"article\" \/>\n<meta property=\"og:title\" content=\"Aide v\u00e9lo \u00e9lectrique Paris : conditions, montant, d\u00e9marches | Mes-Allocs.fr\" \/>\n<meta property=\"og:description\" content=\"La ville de Paris accorde \u00e0 ses habitants une aide financi\u00e8re pour l&#039;achat d&#039;un v\u00e9lo \u00e9lectrique. D\u00e9couvrez si vous \u00eates \u00e9ligible.\" \/>\n<meta property=\"og:url\" content=\"https:\/\/www.mes-allocs.fr\/guides\/aide-velo-electrique\/aide-velo-region\/aide-velo-electrique-paris\/\" \/>\n<meta property=\"og:site_name\" content=\"Mes-Allocs.fr\" \/>\n<meta property=\"article:published_time\" content=\"2023-02-15T11:04:34+00:00\" \/>\n<meta property=\"article:modified_time\" content=\"2025-02-26T10:30:42+00:00\" \/>\n<meta property=\"og:image\" content=\"https:\/\/www.mes-allocs.fr\/guides\/wp-content\/uploads\/2023\/02\/pexels-travel-blog-7058347-e1676468661468.jpg?wsr\" \/>\n\t<meta property=\"og:image:width\" content=\"1003\" \/>\n\t<meta property=\"og:image:height\" content=\"936\" \/>\n<meta name=\"twitter:card\" content=\"summary_large_image\" \/>\n<script type=\"application\/ld+json\" class=\"yoast-schema-graph\">{\"@context\":\"https:\/\/schema.org\",\"@graph\":[{\"@type\":\"WebSite\",\"@id\":\"https:\/\/www.mes-allocs.fr\/guides\/#website\",\"url\":\"https:\/\/www.mes-allocs.fr\/guides\/\",\"name\":\"Mes-Allocs.fr\",\"description\":\"\",\"potentialAction\":[{\"@type\":\"SearchAction\",\"target\":\"https:\/\/www.mes-allocs.fr\/guides\/?s={search_term_string}\",\"query-input\":\"required name=search_term_string\"}],\"inLanguage\":\"fr-FR\"},{\"@type\":\"ImageObject\",\"@id\":\"https:\/\/www.mes-allocs.fr\/guides\/aide-velo-electrique\/aide-velo-region\/aide-velo-electrique-paris\/#primaryimage\",\"inLanguage\":\"fr-FR\",\"url\":\"https:\/\/www.mes-allocs.fr\/guides\/wp-content\/uploads\/2023\/02\/pexels-travel-blog-7058347-e1676468661468.jpg?wsr\",\"width\":1003,\"height\":936,\"caption\":\"Aide v\\u00e9lo \\u00e9lectrique Paris\"},{\"@type\":\"WebPage\",\"@id\":\"https:\/\/www.mes-allocs.fr\/guides\/aide-velo-electrique\/aide-velo-region\/aide-velo-electrique-paris\/#webpage\",\"url\":\"https:\/\/www.mes-allocs.fr\/guides\/aide-velo-electrique\/aide-velo-region\/aide-velo-electrique-paris\/\",\"name\":\"Aide v\\u00e9lo \\u00e9lectrique Paris : conditions, montant, d\\u00e9marches | Mes-Allocs.fr\",\"isPartOf\":{\"@id\":\"https:\/\/www.mes-allocs.fr\/guides\/#website\"},\"primaryImageOfPage\":{\"@id\":\"https:\/\/www.mes-allocs.fr\/guides\/aide-velo-electrique\/aide-velo-region\/aide-velo-electrique-paris\/#primaryimage\"},\"datePublished\":\"2023-02-15T11:04:34+00:00\",\"dateModified\":\"2025-02-26T10:30:42+00:00\",\"author\":{\"@id\":\"https:\/\/www.mes-allocs.fr\/guides\/#\/schema\/person\/c3664ba41f27bc0d9f3683bf3906300c\"},\"description\":\"La ville de Paris accorde \\u00e0 ses habitants une aide financi\\u00e8re pour l'achat d'un v\\u00e9lo \\u00e9lectrique. D\\u00e9couvrez si vous \\u00eates \\u00e9ligible.\",\"inLanguage\":\"fr-FR\"},{\"@type\":\"Person\",\"@id\":\"https:\/\/www.mes-allocs.fr\/guides\/#\/schema\/person\/c3664ba41f27bc0d9f3683bf3906300c\",\"name\":\"Gabrielle Duchemin\",\"image\":{\"@type\":\"ImageObject\",\"@id\":\"https:\/\/www.mes-allocs.fr\/guides\/#personlogo\",\"inLanguage\":\"fr-FR\",\"url\":\"https:\/\/www.mes-allocs.fr\/guides\/wp-content\/uploads\/2023\/02\/386E5DFE-70F4-4932-B10B-B3E8F5AC454D-e1677586370944-150x150.jpg\",\"caption\":\"Gabrielle Duchemin\"},\"description\":\"Gabrielle est juriste sp\\u00e9cialis\\u00e9e en droit du num\\u00e9rique et de la protection sociale. Elle rejoint Mes Allocs apr\\u00e8s une premi\\u00e8re exp\\u00e9rience dans le secteur bancaire.\",\"sameAs\":[\"https:\/\/www.linkedin.com\/in\/gabrielle-duchemin-b1126214b\/\"]}]}<\/script>\n<!-- \/ Yoast SEO plugin. -->","amp_validity":null,"acf":{"faq":{"1":{"question":"Comment obtenir la prime de v\u00e9lo \u00e9lectrique Paris ? ","answer":"Vous devez acheter votre v\u00e9lo et faire la demande sur le site de la commune en fournissant tous les justificatifs demand\u00e9s. "},"2":{"question":"Cette aide est-elle cumulable avec l'aide de la r\u00e9gion \u00cele-de-France ? ","answer":"Oui. Vous devez d'abord faire la demande aupr\u00e8s de la ville de Paris, puis aupr\u00e8s d'\u00cele-de France-mobilit\u00e9s. L'aide de la r\u00e9gion viendra en compl\u00e9ment de celle accord\u00e9e par votre commune. "},"3":{"question":"Comment obtenir le Bonus v\u00e9lo de l'\u00c9tat ? ","answer":"Vous devez effectuer une demande sur le site du gouvernement. Cette aide est cumulable avec l'aide de la ville de Paris. "},"4":{"question":"Les aides sont elles cumulables entre elles ? ","answer":"Oui, les aides sont cumulables entre elles. Par contre, vous ne pouvez b\u00e9n\u00e9ficier que d'une seule aide \u00e0 l'achat pour votre v\u00e9lo, m\u00eame si vous effectuez plusieurs achats. \r\n\r\nVous pouvez cumuler l'aide \u00e0 l'achat de votre v\u00e9lo et l'aide \u00e0 l'achat d'accessoires. "},"5":{"question":"","answer":""},"6":{"question":"","answer":""},"7":{"question":"","answer":""},"8":{"question":"","answer":""},"9":{"question":"","answer":""},"10":{"question":"","answer":""},"11":{"question":"","answer":""},"12":{"question":"","answer":""},"13":{"question":"","answer":""},"14":{"question":"","answer":""},"15":{"question":"","answer":""},"16":{"question":"","answer":""}}},"_links":{"self":[{"href":"https:\/\/www.mes-allocs.fr\/guides\/wp-json\/wp\/v2\/posts\/61858","targetHints":{"allow":["GET"]}}],"collection":[{"href":"https:\/\/www.mes-allocs.fr\/guides\/wp-json\/wp\/v2\/posts"}],"about":[{"href":"https:\/\/www.mes-allocs.fr\/guides\/wp-json\/wp\/v2\/types\/post"}],"author":[{"embeddable":true,"href":"https:\/\/www.mes-allocs.fr\/guides\/wp-json\/wp\/v2\/users\/23"}],"replies":[{"embeddable":true,"href":"https:\/\/www.mes-allocs.fr\/guides\/wp-json\/wp\/v2\/comments?post=61858"}],"version-history":[{"count":10,"href":"https:\/\/www.mes-allocs.fr\/guides\/wp-json\/wp\/v2\/posts\/61858\/revisions"}],"predecessor-version":[{"id":93872,"href":"https:\/\/www.mes-allocs.fr\/guides\/wp-json\/wp\/v2\/posts\/61858\/revisions\/93872"}],"wp:featuredmedia":[{"embeddable":true,"href":"https:\/\/www.mes-allocs.fr\/guides\/wp-json\/wp\/v2\/media\/61886"}],"wp:attachment":[{"href":"https:\/\/www.mes-allocs.fr\/guides\/wp-json\/wp\/v2\/media?parent=61858"}],"wp:term":[{"taxonomy":"category","embeddable":true,"href":"https:\/\/www.mes-allocs.fr\/guides\/wp-json\/wp\/v2\/categories?post=61858"},{"taxonomy":"post_tag","embeddable":true,"href":"https:\/\/www.mes-allocs.fr\/guides\/wp-json\/wp\/v2\/tags?post=61858"}],"curies":[{"name":"wp","href":"https:\/\/api.w.org\/{rel}","templated":true}]}}